{"id":153634,"date":"2025-06-09T23:27:51","date_gmt":"2025-06-09T21:27:51","guid":{"rendered":"https:\/\/www.familinparis.fr\/la-serenade-royale-galerie-des-glaces-chateau-de-versailles\/"},"modified":"2026-04-30T17:58:33","modified_gmt":"2026-04-30T15:58:33","slug":"la-serenade-royale-galerie-des-glaces-chateau-de-versailles","status":"publish","type":"post","link":"https:\/\/www.familinparis.fr\/en\/la-serenade-royale-galerie-des-glaces-chateau-de-versailles\/","title":{"rendered":"The Royal Serenade in the Hall of Mirrors"},"content":{"rendered":"<div class=\"lazyblock-baseline-Z3zRPF wp-block-lazyblock-baseline\"><div class=\"baseline\">From Saturday 6 June to Saturday 19 September 2026<br>At the Palace of Versailles (78)<\/div><\/div><div class=\"lazyblock-button-Z2dAAmT wp-block-lazyblock-button\"><div class=\"t-center\" data-shop=\"1\">\n  <a href=\"https:\/\/www.awin1.com\/cread.php?awinmid=12494&amp;awinaffid=291657&amp;ued=https%3A%2F%2Fwww.fnacspectacles.com%2Fartist%2Fla-serenade-royale%2F%23calendar-start%3D2026-07\" \n    class=\"buttons__fam buttons__fam-color-red buttons__fam-radius-square\"\n    target=\"_blank\" \n    rel=\"noreferrer noopener nofollow\"\n  >\n    I BOOK MY TICKETS\n  <\/a>\n<\/div><\/div>\n<div style=\"height:30px\" aria-hidden=\"true\" class=\"wp-block-spacer\"><\/div>\n<div class=\"lazyblock-infos-pratiques-24WVB wp-block-lazyblock-infos-pratiques\"><div class=\"read-more go-to\" data-goto=\"infos-sup\">\n  <a href=\"#\">\n    <span class=\"rien\">\n      <i class=\"fa fa-map-marker\"><\/i> See practical information    <\/span>\n  <\/a>\n<\/div><\/div><div class=\"wp-block-image\">\n<figure class=\"aligncenter size-full\"><img decoding=\"async\" src=\"https:\/\/www.familinparis.fr\/wp-content\/uploads\/2025\/06\/affichesserenaderoyale40x601_1737543649.jpg\" alt=\"\" class=\"wp-image-144753\"\/><\/figure>\n<\/div>\n<div style=\"height:30px\" aria-hidden=\"true\" class=\"wp-block-spacer\"><\/div>\n\n<div class=\"wp-block-columns is-layout-flex wp-container-core-columns-is-layout-9d6595d7 wp-block-columns-is-layout-flex\">\n<div class=\"wp-block-column is-layout-flow wp-block-column-is-layout-flow\">\n<section class=\"wp-block-uagb-section uagb-section__wrap uagb-section__background-none uagb-block-0bf105e1\"><div class=\"uagb-section__overlay\"><\/div><div class=\"uagb-section__inner-wrap\">\n<h2 class=\"wp-block-heading has-text-align-center has-large-font-size\">The advantages of this family \ud83d\ude00 visit<\/h2>\n\n\n\n<ul class=\"wp-block-list\">\n<li>This tour immerses children in Versailles at the time of Louis XIV. They discover the most spectacular rooms of the Palace of Versailles in a playful way: the Royal Chapel, the ceremonial rooms and the Hall of Mirrors <\/li>\n\n\n\n<li>Children appreciate the short format (1 hour), the magnificent costumes, the rhythmic show and its immersive aspect<\/li>\n<\/ul>\n<\/div><\/section>\n\n\n\n<div style=\"height:30px\" aria-hidden=\"true\" class=\"wp-block-spacer\"><\/div>\n\n\n\n<section class=\"wp-block-uagb-section uagb-section__wrap uagb-section__background-none uagb-block-fcd9069d\"><div class=\"uagb-section__overlay\"><\/div><div class=\"uagb-section__inner-wrap\">\n<h2 class=\"wp-block-heading has-text-align-center has-large-font-size\">The Royal Serenade in the Hall of Mirrors<\/h2>\n\n\n\n<p class=\"has-text-align-center\"><em>A unique immersion in seventeenth-century Versailles<\/em><\/p>\n\n\n\n<p>Every Saturday evening, just after <a href=\"https:\/\/www.familinparis.fr\/en\/les-grandes-eaux-musicales\/\">the Musical Fountains Shows<\/a> or before the sumptuous <a href=\"https:\/\/www.familinparis.fr\/en\/grandes-eaux-nocturnes-versailles\/\">Night Fountains Shows<\/a>, <strong>the Royal Serenade of the Hall of Mirrors<\/strong> is an immersive show in the footsteps of the Sun King&#8217;s courtiers<\/p>\n\n\n\n<p>From the <strong>Royal Chapel<\/strong> to the <strong>Hall of Mirrors<\/strong>, via the King&#8217;s and Queen&#8217;s <strong>State Apartments<\/strong> , the tour-show is punctuated by baroque music, dance, theatre and &#8230; fencing duels!<\/p>\n\n\n\n<p>A<strong> magical and spectacular event<\/strong><\/p>\n<\/div><\/section>\n\n\n\n<div style=\"height:30px\" aria-hidden=\"true\" class=\"wp-block-spacer\"><\/div>\n<\/div>\n\n\n\n<div class=\"wp-block-column is-layout-flow wp-block-column-is-layout-flow\">\n<section class=\"wp-block-uagb-section uagb-section__wrap uagb-section__background-none uagb-block-52a81eab\"><div class=\"uagb-section__overlay\"><\/div><div class=\"uagb-section__inner-wrap\">\n<h2 class=\"wp-block-heading has-large-font-size\">Practical information<\/h2>\n\n\n\n<ul class=\"wp-block-list\">\n<li><strong>WE LIKE:<\/strong> discovering the Palace of Versailles in the atmosphere of the seventeenth century, in the spectacular Hall of Mirrors<\/li>\n\n\n\n<li><strong>DATES<\/strong> : June 6 to September 19, 2026<\/li>\n\n\n\n<li><strong>WHAT<\/strong> : a unique immersion in seventeenth-century Versailles<\/li>\n\n\n\n<li><strong>WHERE<\/strong> : At the Palace of Versailles &#8211; access to the Hall of Mirrors via the Dufour Pavilion, entrance A.<\/li>\n\n\n\n<li><strong>AGE<\/strong> : For all<\/li>\n\n\n\n<li><strong>DURATION<\/strong> : 50 minutes<\/li>\n\n\n\n<li><strong>WHEN<\/strong> : screenings at 6:30 pm \u2013 6:50 pm \u2013 7:10 pm \u2013 7:30 pm \u2013 7:50 pm<\/li>\n\n\n\n<li><strong>PRICES<\/strong> : from \u20ac29.90<\/li>\n\n\n\n<li><strong>FREE<\/strong>: for children under 3 years old and without reservation<\/li>\n\n\n\n<li><strong>PLEASE NOTE<\/strong> : Minors must be accompanied by an adult<\/li>\n\n\n\n<li><strong>On Saturdays 14 and 21 June<\/strong>, you have the opportunity to come in <strong>baroque-style<\/strong> costume!<\/li>\n<\/ul>\n<\/div><\/section>\n<\/div>\n<\/div>\n\n<div style=\"height:20px\" aria-hidden=\"true\" class=\"wp-block-spacer\"><\/div>\n<div class=\"lazyblock-grids-Z1wTJjd wp-block-lazyblock-grids\"><!--\n<div class=\"row new-grids grids-style-2\">\n    <div class=\"glide grid-carousel\">\n        <div class=\"grid-title grid-carousel--title\">\n            <div>\n                                    <h2>What to do in Versailles with your family?<\/h2>\n                                                    <p>If you are coming to Versailles for half a day or for the day, here are some suggestions for family activities at the Estate of Versailles or in the streets of Versailles<\/p>\n                            <\/div>\n            <div>\n                <div class=\"glide__arrows\" data-glide-el=\"controls\">\n                    <button class=\"glide__arrow glide__arrow--left\" data-glide-dir=\"|&lt;\"><i class=\"fa fa-angle-left\"><\/i><\/button>\n                    <button class=\"glide__arrow glide__arrow--right\" data-glide-dir=\"|&gt;\"><i class=\"fa fa-angle-right\"><\/i><\/button>\n                <\/div>\n            <\/div>\n        <\/div>\n        \n        <div class=\"glide__track\" data-glide-el=\"track\">\n            <ul class=\"glide__slides\">\n                <li class=\"glide__slide\">\n\n<div class=\"grid\">\n\t<a href=\"https:\/\/www.familinparis.fr\/en\/les-grandes-eaux-musicales\/\" target=\"_self\">\n\t    <div class=\"image\" style=\"background-image:url('https:\/\/www.familinparis.fr\/wp-content\/uploads\/Chateaux\/Versailles\/Versailles-fontaines-PLD-564x282.jpg')\">\n\t    \t\t    \t<div class=\"dateOnImg\">Until November 1, 2026<\/div>\n\t    \t\t\t\t\t    <\/div>\n\t    <div class=\"texte\">\n\t        <h5>Palace of Versailles Park (78)<\/h5>\n\t        <h3>The Musical Fountains Show<\/h3>\n\t        <div class=\"tags\">\n\t        \t\t        \t\t<span>Park<\/span>\n\t        \t\t        \t<span>Min 2 hours<\/span>\n\t        <\/div>\n\t        <div class=\"bas\">\n        \t\t<div class=\"prix\">\n        \t\t\t        \t\t<\/div>\n            \t<div class=\"review-stars\" data-productId=\"\">\n            \t<\/div>\n\t        <\/div>\n\t    <\/div>\n\t<\/a>\n<\/div><\/li><li class=\"glide__slide\">\n\n<div class=\"grid\">\n\t<a href=\"https:\/\/www.familinparis.fr\/en\/if-versailles-was-told-to-me-guided-tour\/\" target=\"_self\">\n\t    <div class=\"image\" style=\"background-image:url('https:\/\/www.familinparis.fr\/wp-content\/uploads\/photos-familinparis-2021\/monument\/fontaine-parc-du-chateau-de-versailles-\u00a9FamilinParis-564x282.jpg')\">\n\t    \t\t    \t<div class=\"dateOnImg\">Multiple dates<\/div>\n\t    \t\t\t\t\t    <\/div>\n\t    <div class=\"texte\">\n\t        <h5>At the Palace of Versailles<\/h5>\n\t        <h3>If Versailles was told to me (guided tour)<\/h3>\n\t        <div class=\"tags\">\n\t        \t\t        \t\t<span>  From 7 years old<\/span>\n\t        \t\t        \t<span>1h30<\/span>\n\t        <\/div>\n\t        <div class=\"bas\">\n        \t\t<div class=\"prix\">\n        \t\t\t        \t\t<\/div>\n            \t<div class=\"review-stars\" data-productId=\"286\">\n            \t<\/div>\n\t        <\/div>\n\t    <\/div>\n\t<\/a>\n<\/div><\/li><li class=\"glide__slide\">\n\n<div class=\"grid\">\n\t<a href=\"https:\/\/www.familinparis.fr\/en\/revolution-tour-versailles-guided-tour\/\" target=\"_self\">\n\t    <div class=\"image\" style=\"background-image:url('https:\/\/www.familinparis.fr\/wp-content\/uploads\/Visites-Insolites\/Versailles\/Versailles-Revolution-Tour-2025-564x282.jpg')\">\n\t    \t\t\t\t\t    <\/div>\n\t    <div class=\"texte\">\n\t        <h5><\/h5>\n\t        <h3>Revolution tour Versailles (guided tour)<\/h3>\n\t        <div class=\"tags\">\n\t        \t\t        \t<span><\/span>\n\t        <\/div>\n\t        <div class=\"bas\">\n        \t\t<div class=\"prix\">\n        \t\t\t        \t\t<\/div>\n            \t<div class=\"review-stars\" data-productId=\"155\">\n            \t<\/div>\n\t        <\/div>\n\t    <\/div>\n\t<\/a>\n<\/div><\/li><li class=\"glide__slide\">\n\n<div class=\"grid\">\n\t<a href=\"https:\/\/www.familinparis.fr\/en\/escape-game-in-versailles-2-hours-to-save-the-king\/\" target=\"_self\">\n\t    <div class=\"image\" style=\"background-image:url('https:\/\/www.familinparis.fr\/wp-content\/uploads\/Visites-Insolites\/Versailles\/2h-pour-sauver-le-roi-564x282.jpg')\">\n\t    \t\t    \t<div class=\"dateOnImg\">6 days a week (not Tuesdays)<\/div>\n\t    \t\t\t\t\t    <\/div>\n\t    <div class=\"texte\">\n\t        <h5>In Versailles (78)<\/h5>\n\t        <h3>Escape Game in Versailles: 2 hours to save the King<\/h3>\n\t        <div class=\"tags\">\n\t        \t\t        \t\t<span>Outdoor play<\/span>\n\t        \t\t        \t<span>2 hours<\/span>\n\t        <\/div>\n\t        <div class=\"bas\">\n        \t\t<div class=\"prix\">\n        \t\t\t        \t\t<\/div>\n            \t<div class=\"review-stars\" data-productId=\"129\">\n            \t<\/div>\n\t        <\/div>\n\t    <\/div>\n\t<\/a>\n<\/div><\/li><li class=\"glide__slide\">\n\n<div class=\"grid\">\n\t<a href=\"https:\/\/www.familinparis.fr\/en\/2-hours-in-1789-treasure-hunt\/\" target=\"_self\">\n\t    <div class=\"image\" style=\"background-image:url('https:\/\/www.familinparis.fr\/wp-content\/uploads\/Visites-Insolites\/Versailles\/2-heures-en-1789-Versailles-2025-564x282.jpg')\">\n\t    \t\t    \t<div class=\"dateOnImg\">7 days a week<\/div>\n\t    \t\t\t\t\t    <\/div>\n\t    <div class=\"texte\">\n\t        <h5>In Versailles (78)<\/h5>\n\t        <h3>2 hours in 1789: treasure hunt in Versailles<\/h3>\n\t        <div class=\"tags\">\n\t        \t\t        \t\t<span>Outdoor play<\/span>\n\t        \t\t        \t<span>2 hours<\/span>\n\t        <\/div>\n\t        <div class=\"bas\">\n        \t\t<div class=\"prix\">\n        \t\t\t        \t\t<\/div>\n            \t<div class=\"review-stars\" data-productId=\"156\">\n            \t<\/div>\n\t        <\/div>\n\t    <\/div>\n\t<\/a>\n<\/div><\/li><li class=\"glide__slide\">\n\n<div class=\"grid\">\n\t<a href=\"https:\/\/www.familinparis.fr\/en\/palace-of-versailles\/\" target=\"_self\">\n\t    <div class=\"image\" style=\"background-image:url('https:\/\/www.familinparis.fr\/wp-content\/uploads\/photos-familinparis-2021\/monument\/la-galerie-des-glaces-chateau-de-versailles-\u00a9FamilinParis-564x282.jpg')\">\n\t    \t\t    \t<div class=\"dateOnImg\">All year round<\/div>\n\t    \t\t\t\t\t    <\/div>\n\t    <div class=\"texte\">\n\t        <h5>In the Yvelines (78)<\/h5>\n\t        <h3>Fun activities and outings in Versailles<\/h3>\n\t        <div class=\"tags\">\n\t        \t\t        \t\t<span>All audiences<\/span>\n\t        \t\t        \t<span><\/span>\n\t        <\/div>\n\t        <div class=\"bas\">\n        \t\t<div class=\"prix\">\n        \t\t\t        \t\t<\/div>\n            \t<div class=\"review-stars\" data-productId=\"\">\n            \t<\/div>\n\t        <\/div>\n\t    <\/div>\n\t<\/a>\n<\/div><\/li><li class=\"glide__slide\">\n\n<div class=\"grid\">\n\t<a href=\"https:\/\/www.familinparis.fr\/en\/the-palace-of-versailles-and-its-gardens\/\" target=\"_self\">\n\t    <div class=\"image\" style=\"background-image:url('https:\/\/www.familinparis.fr\/wp-content\/uploads\/2025\/05\/\u00a9-THOMAS-GARNIER_drone-Versailles\u00a9THOMAS-GARNIER_DSC00404-564x282.jpg')\">\n\t    \t\t    \t<div class=\"dateOnImg\">Closed on Mondays<\/div>\n\t    \t\t\t\t\t    <\/div>\n\t    <div class=\"texte\">\n\t        <h5>In the Yvelines (78)<\/h5>\n\t        <h3>The Palace of Versailles and its gardens<\/h3>\n\t        <div class=\"tags\">\n\t        \t\t        \t\t<span>All audiences<\/span>\n\t        \t\t        \t<span><\/span>\n\t        <\/div>\n\t        <div class=\"bas\">\n        \t\t<div class=\"prix\">\n        \t\t\t        \t\t<\/div>\n            \t<div class=\"review-stars\" data-productId=\"\">\n            \t<\/div>\n\t        <\/div>\n\t    <\/div>\n\t<\/a>\n<\/div><\/li><li class=\"glide__slide\">\n\n<div class=\"grid\">\n\t<a href=\"https:\/\/www.familinparis.fr\/en\/the-estate-of-trianon\/\" target=\"_self\">\n\t    <div class=\"image\" style=\"background-image:url('https:\/\/www.familinparis.fr\/wp-content\/uploads\/Chateaux\/Versailles\/le-petit-trianon-a-versailles-78-564x282.jpg')\">\n\t    \t\t\t\t\t    <\/div>\n\t    <div class=\"texte\">\n\t        <h5><\/h5>\n\t        <h3>The Estate of Trianon<\/h3>\n\t        <div class=\"tags\">\n\t        \t\t        \t<span><\/span>\n\t        <\/div>\n\t        <div class=\"bas\">\n        \t\t<div class=\"prix\">\n        \t\t\t        \t\t<\/div>\n            \t<div class=\"review-stars\" data-productId=\"\">\n            \t<\/div>\n\t        <\/div>\n\t    <\/div>\n\t<\/a>\n<\/div><\/li><li class=\"glide__slide\">\n\n<div class=\"grid\">\n\t<a href=\"https:\/\/www.familinparis.fr\/en\/versailles-castle-with-the-bus-from-paris\/\" target=\"_self\">\n\t    <div class=\"image\" style=\"background-image:url('https:\/\/www.familinparis.fr\/wp-content\/uploads\/E-SHOP\/OPENTOUR\/parc-domaine-de-versailles-564x282.jpg')\">\n\t    \t\t    \t<div class=\"dateOnImg\">Every day except Monday<\/div>\n\t    \t\t\t\t\t    <\/div>\n\t    <div class=\"texte\">\n\t        <h5>Paris and Versailles<\/h5>\n\t        <h3>Tootbus: Paris Versailles Bus + Palace Tour<\/h3>\n\t        <div class=\"tags\">\n\t        \t\t        \t\t<span>For everyone<\/span>\n\t        \t\t        \t<span>1\/2 day<\/span>\n\t        <\/div>\n\t        <div class=\"bas\">\n        \t\t<div class=\"prix\">\n        \t\t\t\t        \t\t\t<span>From<\/span>\n\t        \t\t\t<span class=\"chiffre-barre\">65\u20ac<\/span>\n\t        \t\t\t<span class=\"chiffre\">55,25\u20ac<\/span>\t        \t\t        \t\t<\/div>\n            \t<div class=\"review-stars\" data-productId=\"363\">\n            \t<\/div>\n\t        <\/div>\n\t    <\/div>\n\t<\/a>\n<\/div><\/li><li class=\"glide__slide\">\n\n<div class=\"grid\">\n\t<a href=\"https:\/\/www.familinparis.fr\/en\/if-versailles-was-told-to-me-private-tour\/\" target=\"_self\">\n\t    <div class=\"image\" style=\"background-image:url('https:\/\/www.familinparis.fr\/wp-content\/uploads\/2023\/08\/visite-versailles-famille-564x282.jpg')\">\n\t    \t\t\t\t\t    <\/div>\n\t    <div class=\"texte\">\n\t        <h5><\/h5>\n\t        <h3>If Versailles was told to me (private tour)<\/h3>\n\t        <div class=\"tags\">\n\t        \t\t        \t<span><\/span>\n\t        <\/div>\n\t        <div class=\"bas\">\n        \t\t<div class=\"prix\">\n        \t\t\t        \t\t<\/div>\n            \t<div class=\"review-stars\" data-productId=\"186\">\n            \t<\/div>\n\t        <\/div>\n\t    <\/div>\n\t<\/a>\n<\/div><\/li><li class=\"glide__slide\">\n\n<div class=\"grid\">\n\t<a href=\"https:\/\/www.familinparis.fr\/en\/enigma-walk-treasure-hunt-in-versailles-castle-district\/\" target=\"_self\">\n\t    <div class=\"image\" style=\"background-image:url('https:\/\/www.familinparis.fr\/wp-content\/uploads\/photos-familinparis-2021\/monument\/le-grand-canal-chateau-de-versailles-\u00a9FamilinParis-564x282.jpg')\">\n\t    \t\t\t\t\t    <\/div>\n\t    <div class=\"texte\">\n\t        <h5><\/h5>\n\t        <h3>Enigma walk: treasure hunt in Versailles (castle district)<\/h3>\n\t        <div class=\"tags\">\n\t        \t\t        \t<span><\/span>\n\t        <\/div>\n\t        <div class=\"bas\">\n        \t\t<div class=\"prix\">\n        \t\t\t        \t\t<\/div>\n            \t<div class=\"review-stars\" data-productId=\"\">\n            \t<\/div>\n\t        <\/div>\n\t    <\/div>\n\t<\/a>\n<\/div><\/li><li class=\"glide__slide\">\n\n<div class=\"grid\">\n\t<a href=\"https:\/\/www.familinparis.fr\/en\/the-arboretum-of-versailles-chevreloup\/\" target=\"_self\">\n\t    <div class=\"image\" style=\"background-image:url('https:\/\/www.familinparis.fr\/wp-content\/uploads\/parc-et-jardin\/Arboretum-Versailles\/arboretum-de-versailles-chevreloup-564x282.jpg')\">\n\t    \t\t\t\t\t    <\/div>\n\t    <div class=\"texte\">\n\t        <h5><\/h5>\n\t        <h3>The Arboretum of Versailles-Chevreloup<\/h3>\n\t        <div class=\"tags\">\n\t        \t\t        \t<span><\/span>\n\t        <\/div>\n\t        <div class=\"bas\">\n        \t\t<div class=\"prix\">\n        \t\t\t        \t\t<\/div>\n            \t<div class=\"review-stars\" data-productId=\"\">\n            \t<\/div>\n\t        <\/div>\n\t    <\/div>\n\t<\/a>\n<\/div><\/li>            <\/ul>\n        <\/div>\n    <\/div>\n    \n    <\/div>\n-->\n<style type=\"text\/css\">\n    .swiper{\n        width: 100%;\n    }\n    .grid-carousel__arrows {\n        display: flex;\n        gap: 1rem;\n\n    }\n    button.grid-carousel__arrow {\n        background: #008098;\n        border-radius: 50%;\n        height: 50px;\n        width: 50px;\n        border: 2px solid #008098;\n        color: #ffff;\n        padding: 0px;\n        text-align: center;\n    }\n\n    button.grid-carousel__arrow.swiper-button-disabled{\n        opacity: .15;\n    }\n    .grid-carousel .swiper-slide {\n         min-width: 300px;\n    }\n    @media (max-width: 799px) {\n        .grid-carousel__arrows {\n            display: none;\n        }\n        .grid-carousel .swiper-slide {\n            width: 40%;\n        }\n    }\n    @media (max-width: 529px) {\n        .grid-carousel .swiper-slide {\n            width: 75%;\n        }\n    }\n<\/style>\n\n<div class=\"row new-grids grids-style-2\">\n    <div class=\"swiper grid-carousel\">\n        <div class=\"grid-title grid-carousel--title\">\n            <div>\n                                    <h2>What to do in Versailles with your family?<\/h2>\n                                                    <p>If you are coming to Versailles for half a day or for the day, here are some suggestions for family activities at the Estate of Versailles or in the streets of Versailles<\/p>\n                            <\/div>\n            <div>\n                <div class=\"grid-carousel__arrows\">\n                    <button class=\"grid-carousel__arrow grid-carousel__arrow--left\">\n                        <i class=\"fa fa-angle-left\"><\/i>\n                    <\/button>\n                    <button class=\"grid-carousel__arrow grid-carousel__arrow--right\">\n                        <i class=\"fa fa-angle-right\"><\/i>\n                    <\/button>\n                <\/div>\n            <\/div>\n        <\/div>\n        \n        <div class=\"swiper-wrapper\">\n            <div class=\"swiper-slide\">\n\n<div class=\"grid\">\n\t<a href=\"https:\/\/www.familinparis.fr\/en\/les-grandes-eaux-musicales\/\" target=\"_self\">\n\t    <div class=\"image\" style=\"background-image:url('https:\/\/www.familinparis.fr\/wp-content\/uploads\/Chateaux\/Versailles\/Versailles-fontaines-PLD-564x282.jpg')\">\n\t    \t\t    \t<div class=\"dateOnImg\">Until November 1, 2026<\/div>\n\t    \t\t\t\t\t    <\/div>\n\t    <div class=\"texte\">\n\t        <h5>Palace of Versailles Park (78)<\/h5>\n\t        <h3>The Musical Fountains Show<\/h3>\n\t        <div class=\"tags\">\n\t        \t\t        \t\t<span>Park<\/span>\n\t        \t\t        \t<span>Min 2 hours<\/span>\n\t        <\/div>\n\t        <div class=\"bas\">\n        \t\t<div class=\"prix\">\n        \t\t\t        \t\t<\/div>\n            \t<div class=\"review-stars\" data-productId=\"\">\n            \t<\/div>\n\t        <\/div>\n\t    <\/div>\n\t<\/a>\n<\/div><\/div><div class=\"swiper-slide\">\n\n<div class=\"grid\">\n\t<a href=\"https:\/\/www.familinparis.fr\/en\/if-versailles-was-told-to-me-guided-tour\/\" target=\"_self\">\n\t    <div class=\"image\" style=\"background-image:url('https:\/\/www.familinparis.fr\/wp-content\/uploads\/photos-familinparis-2021\/monument\/fontaine-parc-du-chateau-de-versailles-\u00a9FamilinParis-564x282.jpg')\">\n\t    \t\t    \t<div class=\"dateOnImg\">Multiple dates<\/div>\n\t    \t\t\t\t\t    <\/div>\n\t    <div class=\"texte\">\n\t        <h5>At the Palace of Versailles<\/h5>\n\t        <h3>If Versailles was told to me (guided tour)<\/h3>\n\t        <div class=\"tags\">\n\t        \t\t        \t\t<span>  From 7 years old<\/span>\n\t        \t\t        \t<span>1h30<\/span>\n\t        <\/div>\n\t        <div class=\"bas\">\n        \t\t<div class=\"prix\">\n        \t\t\t        \t\t<\/div>\n            \t<div class=\"review-stars\" data-productId=\"286\">\n            \t<\/div>\n\t        <\/div>\n\t    <\/div>\n\t<\/a>\n<\/div><\/div><div class=\"swiper-slide\">\n\n<div class=\"grid\">\n\t<a href=\"https:\/\/www.familinparis.fr\/en\/revolution-tour-versailles-guided-tour\/\" target=\"_self\">\n\t    <div class=\"image\" style=\"background-image:url('https:\/\/www.familinparis.fr\/wp-content\/uploads\/Visites-Insolites\/Versailles\/Versailles-Revolution-Tour-2025-564x282.jpg')\">\n\t    \t\t\t\t\t    <\/div>\n\t    <div class=\"texte\">\n\t        <h5><\/h5>\n\t        <h3>Revolution tour Versailles (guided tour)<\/h3>\n\t        <div class=\"tags\">\n\t        \t\t        \t<span><\/span>\n\t        <\/div>\n\t        <div class=\"bas\">\n        \t\t<div class=\"prix\">\n        \t\t\t        \t\t<\/div>\n            \t<div class=\"review-stars\" data-productId=\"155\">\n            \t<\/div>\n\t        <\/div>\n\t    <\/div>\n\t<\/a>\n<\/div><\/div><div class=\"swiper-slide\">\n\n<div class=\"grid\">\n\t<a href=\"https:\/\/www.familinparis.fr\/en\/escape-game-in-versailles-2-hours-to-save-the-king\/\" target=\"_self\">\n\t    <div class=\"image\" style=\"background-image:url('https:\/\/www.familinparis.fr\/wp-content\/uploads\/Visites-Insolites\/Versailles\/2h-pour-sauver-le-roi-564x282.jpg')\">\n\t    \t\t    \t<div class=\"dateOnImg\">6 days a week (not Tuesdays)<\/div>\n\t    \t\t\t\t\t    <\/div>\n\t    <div class=\"texte\">\n\t        <h5>In Versailles (78)<\/h5>\n\t        <h3>Escape Game in Versailles: 2 hours to save the King<\/h3>\n\t        <div class=\"tags\">\n\t        \t\t        \t\t<span>Outdoor play<\/span>\n\t        \t\t        \t<span>2 hours<\/span>\n\t        <\/div>\n\t        <div class=\"bas\">\n        \t\t<div class=\"prix\">\n        \t\t\t        \t\t<\/div>\n            \t<div class=\"review-stars\" data-productId=\"129\">\n            \t<\/div>\n\t        <\/div>\n\t    <\/div>\n\t<\/a>\n<\/div><\/div><div class=\"swiper-slide\">\n\n<div class=\"grid\">\n\t<a href=\"https:\/\/www.familinparis.fr\/en\/2-hours-in-1789-treasure-hunt\/\" target=\"_self\">\n\t    <div class=\"image\" style=\"background-image:url('https:\/\/www.familinparis.fr\/wp-content\/uploads\/Visites-Insolites\/Versailles\/2-heures-en-1789-Versailles-2025-564x282.jpg')\">\n\t    \t\t    \t<div class=\"dateOnImg\">7 days a week<\/div>\n\t    \t\t\t\t\t    <\/div>\n\t    <div class=\"texte\">\n\t        <h5>In Versailles (78)<\/h5>\n\t        <h3>2 hours in 1789: treasure hunt in Versailles<\/h3>\n\t        <div class=\"tags\">\n\t        \t\t        \t\t<span>Outdoor play<\/span>\n\t        \t\t        \t<span>2 hours<\/span>\n\t        <\/div>\n\t        <div class=\"bas\">\n        \t\t<div class=\"prix\">\n        \t\t\t        \t\t<\/div>\n            \t<div class=\"review-stars\" data-productId=\"156\">\n            \t<\/div>\n\t        <\/div>\n\t    <\/div>\n\t<\/a>\n<\/div><\/div><div class=\"swiper-slide\">\n\n<div class=\"grid\">\n\t<a href=\"https:\/\/www.familinparis.fr\/en\/palace-of-versailles\/\" target=\"_self\">\n\t    <div class=\"image\" style=\"background-image:url('https:\/\/www.familinparis.fr\/wp-content\/uploads\/photos-familinparis-2021\/monument\/la-galerie-des-glaces-chateau-de-versailles-\u00a9FamilinParis-564x282.jpg')\">\n\t    \t\t    \t<div class=\"dateOnImg\">All year round<\/div>\n\t    \t\t\t\t\t    <\/div>\n\t    <div class=\"texte\">\n\t        <h5>In the Yvelines (78)<\/h5>\n\t        <h3>Fun activities and outings in Versailles<\/h3>\n\t        <div class=\"tags\">\n\t        \t\t        \t\t<span>All audiences<\/span>\n\t        \t\t        \t<span><\/span>\n\t        <\/div>\n\t        <div class=\"bas\">\n        \t\t<div class=\"prix\">\n        \t\t\t        \t\t<\/div>\n            \t<div class=\"review-stars\" data-productId=\"\">\n            \t<\/div>\n\t        <\/div>\n\t    <\/div>\n\t<\/a>\n<\/div><\/div><div class=\"swiper-slide\">\n\n<div class=\"grid\">\n\t<a href=\"https:\/\/www.familinparis.fr\/en\/the-palace-of-versailles-and-its-gardens\/\" target=\"_self\">\n\t    <div class=\"image\" style=\"background-image:url('https:\/\/www.familinparis.fr\/wp-content\/uploads\/2025\/05\/\u00a9-THOMAS-GARNIER_drone-Versailles\u00a9THOMAS-GARNIER_DSC00404-564x282.jpg')\">\n\t    \t\t    \t<div class=\"dateOnImg\">Closed on Mondays<\/div>\n\t    \t\t\t\t\t    <\/div>\n\t    <div class=\"texte\">\n\t        <h5>In the Yvelines (78)<\/h5>\n\t        <h3>The Palace of Versailles and its gardens<\/h3>\n\t        <div class=\"tags\">\n\t        \t\t        \t\t<span>All audiences<\/span>\n\t        \t\t        \t<span><\/span>\n\t        <\/div>\n\t        <div class=\"bas\">\n        \t\t<div class=\"prix\">\n        \t\t\t        \t\t<\/div>\n            \t<div class=\"review-stars\" data-productId=\"\">\n            \t<\/div>\n\t        <\/div>\n\t    <\/div>\n\t<\/a>\n<\/div><\/div><div class=\"swiper-slide\">\n\n<div class=\"grid\">\n\t<a href=\"https:\/\/www.familinparis.fr\/en\/the-estate-of-trianon\/\" target=\"_self\">\n\t    <div class=\"image\" style=\"background-image:url('https:\/\/www.familinparis.fr\/wp-content\/uploads\/Chateaux\/Versailles\/le-petit-trianon-a-versailles-78-564x282.jpg')\">\n\t    \t\t\t\t\t    <\/div>\n\t    <div class=\"texte\">\n\t        <h5><\/h5>\n\t        <h3>The Estate of Trianon<\/h3>\n\t        <div class=\"tags\">\n\t        \t\t        \t<span><\/span>\n\t        <\/div>\n\t        <div class=\"bas\">\n        \t\t<div class=\"prix\">\n        \t\t\t        \t\t<\/div>\n            \t<div class=\"review-stars\" data-productId=\"\">\n            \t<\/div>\n\t        <\/div>\n\t    <\/div>\n\t<\/a>\n<\/div><\/div><div class=\"swiper-slide\">\n\n<div class=\"grid\">\n\t<a href=\"https:\/\/www.familinparis.fr\/en\/versailles-castle-with-the-bus-from-paris\/\" target=\"_self\">\n\t    <div class=\"image\" style=\"background-image:url('https:\/\/www.familinparis.fr\/wp-content\/uploads\/E-SHOP\/OPENTOUR\/parc-domaine-de-versailles-564x282.jpg')\">\n\t    \t\t    \t<div class=\"dateOnImg\">Every day except Monday<\/div>\n\t    \t\t\t\t\t    <\/div>\n\t    <div class=\"texte\">\n\t        <h5>Paris and Versailles<\/h5>\n\t        <h3>Tootbus: Paris Versailles Bus + Palace Tour<\/h3>\n\t        <div class=\"tags\">\n\t        \t\t        \t\t<span>For everyone<\/span>\n\t        \t\t        \t<span>1\/2 day<\/span>\n\t        <\/div>\n\t        <div class=\"bas\">\n        \t\t<div class=\"prix\">\n        \t\t\t\t        \t\t\t<span>From<\/span>\n\t        \t\t\t<span class=\"chiffre-barre\">65\u20ac<\/span>\n\t        \t\t\t<span class=\"chiffre\">55,25\u20ac<\/span>\t        \t\t        \t\t<\/div>\n            \t<div class=\"review-stars\" data-productId=\"363\">\n            \t<\/div>\n\t        <\/div>\n\t    <\/div>\n\t<\/a>\n<\/div><\/div><div class=\"swiper-slide\">\n\n<div class=\"grid\">\n\t<a href=\"https:\/\/www.familinparis.fr\/en\/if-versailles-was-told-to-me-private-tour\/\" target=\"_self\">\n\t    <div class=\"image\" style=\"background-image:url('https:\/\/www.familinparis.fr\/wp-content\/uploads\/2023\/08\/visite-versailles-famille-564x282.jpg')\">\n\t    \t\t\t\t\t    <\/div>\n\t    <div class=\"texte\">\n\t        <h5><\/h5>\n\t        <h3>If Versailles was told to me (private tour)<\/h3>\n\t        <div class=\"tags\">\n\t        \t\t        \t<span><\/span>\n\t        <\/div>\n\t        <div class=\"bas\">\n        \t\t<div class=\"prix\">\n        \t\t\t        \t\t<\/div>\n            \t<div class=\"review-stars\" data-productId=\"186\">\n            \t<\/div>\n\t        <\/div>\n\t    <\/div>\n\t<\/a>\n<\/div><\/div><div class=\"swiper-slide\">\n\n<div class=\"grid\">\n\t<a href=\"https:\/\/www.familinparis.fr\/en\/enigma-walk-treasure-hunt-in-versailles-castle-district\/\" target=\"_self\">\n\t    <div class=\"image\" style=\"background-image:url('https:\/\/www.familinparis.fr\/wp-content\/uploads\/photos-familinparis-2021\/monument\/le-grand-canal-chateau-de-versailles-\u00a9FamilinParis-564x282.jpg')\">\n\t    \t\t\t\t\t    <\/div>\n\t    <div class=\"texte\">\n\t        <h5><\/h5>\n\t        <h3>Enigma walk: treasure hunt in Versailles (castle district)<\/h3>\n\t        <div class=\"tags\">\n\t        \t\t        \t<span><\/span>\n\t        <\/div>\n\t        <div class=\"bas\">\n        \t\t<div class=\"prix\">\n        \t\t\t        \t\t<\/div>\n            \t<div class=\"review-stars\" data-productId=\"\">\n            \t<\/div>\n\t        <\/div>\n\t    <\/div>\n\t<\/a>\n<\/div><\/div><div class=\"swiper-slide\">\n\n<div class=\"grid\">\n\t<a href=\"https:\/\/www.familinparis.fr\/en\/the-arboretum-of-versailles-chevreloup\/\" target=\"_self\">\n\t    <div class=\"image\" style=\"background-image:url('https:\/\/www.familinparis.fr\/wp-content\/uploads\/parc-et-jardin\/Arboretum-Versailles\/arboretum-de-versailles-chevreloup-564x282.jpg')\">\n\t    \t\t\t\t\t    <\/div>\n\t    <div class=\"texte\">\n\t        <h5><\/h5>\n\t        <h3>The Arboretum of Versailles-Chevreloup<\/h3>\n\t        <div class=\"tags\">\n\t        \t\t        \t<span><\/span>\n\t        <\/div>\n\t        <div class=\"bas\">\n        \t\t<div class=\"prix\">\n        \t\t\t        \t\t<\/div>\n            \t<div class=\"review-stars\" data-productId=\"\">\n            \t<\/div>\n\t        <\/div>\n\t    <\/div>\n\t<\/a>\n<\/div><\/div>        <\/div>\n    <\/div>\n    \n    <\/div>\n\n<\/div><div class=\"lazyblock-grids-Z29oQHU wp-block-lazyblock-grids\"><!--\n<div class=\"row new-grids grids-style-2\">\n    <div class=\"glide grid-carousel\">\n        <div class=\"grid-title grid-carousel--title\">\n            <div>\n                                    <h2>Ideas for outings in the Yvelines (78)<\/h2>\n                                                    <p>Educational farms, arboretum or treasure hunts in Versailles, discover our suggestions in the 78<\/p>\n                            <\/div>\n            <div>\n                <div class=\"glide__arrows\" data-glide-el=\"controls\">\n                    <button class=\"glide__arrow glide__arrow--left\" data-glide-dir=\"|&lt;\"><i class=\"fa fa-angle-left\"><\/i><\/button>\n                    <button class=\"glide__arrow glide__arrow--right\" data-glide-dir=\"|&gt;\"><i class=\"fa fa-angle-right\"><\/i><\/button>\n                <\/div>\n            <\/div>\n        <\/div>\n        \n        <div class=\"glide__track\" data-glide-el=\"track\">\n            <ul class=\"glide__slides\">\n                <li class=\"glide__slide\">\n\n<div class=\"grid\">\n\t<a href=\"https:\/\/www.familinparis.fr\/en\/ouvert-le-1er-mai\/\" target=\"_self\">\n\t    <div class=\"image\" style=\"background-image:url('https:\/\/www.familinparis.fr\/wp-content\/uploads\/Quartier\/palais-royal-colonne-buren-paris-enfant-SH-564x282.jpg')\">\n\t    \t\t\t\t\t    <\/div>\n\t    <div class=\"texte\">\n\t        <h5>In and around Paris<\/h5>\n\t        <h3>What to do in Paris on May 1, 2026? It's Friday, a long weekend is looming!<\/h3>\n\t        <div class=\"tags\">\n\t        \t\t        \t<span><\/span>\n\t        <\/div>\n\t        <div class=\"bas\">\n        \t\t<div class=\"prix\">\n        \t\t\t        \t\t<\/div>\n            \t<div class=\"review-stars\" data-productId=\"\">\n            \t<\/div>\n\t        <\/div>\n\t    <\/div>\n\t<\/a>\n<\/div><\/li><li class=\"glide__slide\">\n\n<div class=\"grid\">\n\t<a href=\"https:\/\/www.familinparis.fr\/en\/les-grandes-eaux-musicales\/\" target=\"_self\">\n\t    <div class=\"image\" style=\"background-image:url('https:\/\/www.familinparis.fr\/wp-content\/uploads\/Chateaux\/Versailles\/Versailles-fontaines-PLD-564x282.jpg')\">\n\t    \t\t    \t<div class=\"dateOnImg\">Until November 1, 2026<\/div>\n\t    \t\t\t\t\t    <\/div>\n\t    <div class=\"texte\">\n\t        <h5>Palace of Versailles Park (78)<\/h5>\n\t        <h3>The Musical Fountains Show<\/h3>\n\t        <div class=\"tags\">\n\t        \t\t        \t\t<span>Park<\/span>\n\t        \t\t        \t<span>Min 2 hours<\/span>\n\t        <\/div>\n\t        <div class=\"bas\">\n        \t\t<div class=\"prix\">\n        \t\t\t        \t\t<\/div>\n            \t<div class=\"review-stars\" data-productId=\"\">\n            \t<\/div>\n\t        <\/div>\n\t    <\/div>\n\t<\/a>\n<\/div><\/li><li class=\"glide__slide\">\n\n<div class=\"grid\">\n\t<a href=\"https:\/\/www.familinparis.fr\/en\/gathering-farms-around-paris\/\" target=\"_self\">\n\t    <div class=\"image\" style=\"background-image:url('https:\/\/www.familinparis.fr\/wp-content\/uploads\/LOISIRS\/fermes\/ferme-cueillette-paris-564x282.jpg')\">\n\t    \t\t\t\t\t    <\/div>\n\t    <div class=\"texte\">\n\t        <h5><\/h5>\n\t        <h3>Gathering farms around Paris<\/h3>\n\t        <div class=\"tags\">\n\t        \t\t        \t<span><\/span>\n\t        <\/div>\n\t        <div class=\"bas\">\n        \t\t<div class=\"prix\">\n        \t\t\t        \t\t<\/div>\n            \t<div class=\"review-stars\" data-productId=\"\">\n            \t<\/div>\n\t        <\/div>\n\t    <\/div>\n\t<\/a>\n<\/div><\/li><li class=\"glide__slide\">\n\n<div class=\"grid\">\n\t<a href=\"https:\/\/www.familinparis.fr\/en\/if-versailles-was-told-to-me-guided-tour\/\" target=\"_self\">\n\t    <div class=\"image\" style=\"background-image:url('https:\/\/www.familinparis.fr\/wp-content\/uploads\/photos-familinparis-2021\/monument\/fontaine-parc-du-chateau-de-versailles-\u00a9FamilinParis-564x282.jpg')\">\n\t    \t\t    \t<div class=\"dateOnImg\">Multiple dates<\/div>\n\t    \t\t\t\t\t    <\/div>\n\t    <div class=\"texte\">\n\t        <h5>At the Palace of Versailles<\/h5>\n\t        <h3>If Versailles was told to me (guided tour)<\/h3>\n\t        <div class=\"tags\">\n\t        \t\t        \t\t<span>  From 7 years old<\/span>\n\t        \t\t        \t<span>1h30<\/span>\n\t        <\/div>\n\t        <div class=\"bas\">\n        \t\t<div class=\"prix\">\n        \t\t\t        \t\t<\/div>\n            \t<div class=\"review-stars\" data-productId=\"286\">\n            \t<\/div>\n\t        <\/div>\n\t    <\/div>\n\t<\/a>\n<\/div><\/li><li class=\"glide__slide\">\n\n<div class=\"grid\">\n\t<a href=\"https:\/\/www.familinparis.fr\/en\/treasure-hunt-investigation-saint-germain-en-laye-mystery-hunt-78\/\" target=\"_self\">\n\t    <div class=\"image\" style=\"background-image:url('https:\/\/www.familinparis.fr\/wp-content\/uploads\/2026\/01\/Saint-Germain-final2-564x282.jpg')\">\n\t    \t\t\t\t\t\t\t\t<div class=\"rond-blanc-age\"><span>from <span class=\"age-number\">10<\/span> yo<\/span><\/div>\n\t\t\t\t    <\/div>\n\t    <div class=\"texte\">\n\t        <h5>Saint-Germain-en-Laye (78)<\/h5>\n\t        <h3>2 Hours to Belong to the Black Cabinet - Investigation<\/h3>\n\t        <div class=\"tags\">\n\t        \t\t        \t\t<span>JEU DE PISTE - ENQU\u00caTE<\/span>\n\t        \t\t        \t<span>2h<\/span>\n\t        <\/div>\n\t        <div class=\"bas\">\n        \t\t<div class=\"prix\">\n        \t\t\t\t        \t\t\t<span>From<\/span>\n\t        \t\t\t<span class=\"\">25\u20ac \/pers\u20ac<\/span>\n\t        \t\t\t\t        \t\t        \t\t<\/div>\n            \t<div class=\"review-stars\" data-productId=\"\">\n            \t<\/div>\n\t        <\/div>\n\t    <\/div>\n\t<\/a>\n<\/div><\/li><li class=\"glide__slide\">\n\n<div class=\"grid\">\n\t<a href=\"https:\/\/www.familinparis.fr\/en\/revolution-tour-versailles-guided-tour\/\" target=\"_self\">\n\t    <div class=\"image\" style=\"background-image:url('https:\/\/www.familinparis.fr\/wp-content\/uploads\/Visites-Insolites\/Versailles\/Versailles-Revolution-Tour-2025-564x282.jpg')\">\n\t    \t\t\t\t\t    <\/div>\n\t    <div class=\"texte\">\n\t        <h5><\/h5>\n\t        <h3>Revolution tour Versailles (guided tour)<\/h3>\n\t        <div class=\"tags\">\n\t        \t\t        \t<span><\/span>\n\t        <\/div>\n\t        <div class=\"bas\">\n        \t\t<div class=\"prix\">\n        \t\t\t        \t\t<\/div>\n            \t<div class=\"review-stars\" data-productId=\"155\">\n            \t<\/div>\n\t        <\/div>\n\t    <\/div>\n\t<\/a>\n<\/div><\/li><li class=\"glide__slide\">\n\n<div class=\"grid\">\n\t<a href=\"https:\/\/www.familinparis.fr\/en\/2-hours-in-1789-treasure-hunt\/\" target=\"_self\">\n\t    <div class=\"image\" style=\"background-image:url('https:\/\/www.familinparis.fr\/wp-content\/uploads\/Visites-Insolites\/Versailles\/2-heures-en-1789-Versailles-2025-564x282.jpg')\">\n\t    \t\t    \t<div class=\"dateOnImg\">7 days a week<\/div>\n\t    \t\t\t\t\t    <\/div>\n\t    <div class=\"texte\">\n\t        <h5>In Versailles (78)<\/h5>\n\t        <h3>2 hours in 1789: treasure hunt in Versailles<\/h3>\n\t        <div class=\"tags\">\n\t        \t\t        \t\t<span>Outdoor play<\/span>\n\t        \t\t        \t<span>2 hours<\/span>\n\t        <\/div>\n\t        <div class=\"bas\">\n        \t\t<div class=\"prix\">\n        \t\t\t        \t\t<\/div>\n            \t<div class=\"review-stars\" data-productId=\"156\">\n            \t<\/div>\n\t        <\/div>\n\t    <\/div>\n\t<\/a>\n<\/div><\/li><li class=\"glide__slide\">\n\n<div class=\"grid\">\n\t<a href=\"https:\/\/www.familinparis.fr\/en\/palace-of-versailles\/\" target=\"_self\">\n\t    <div class=\"image\" style=\"background-image:url('https:\/\/www.familinparis.fr\/wp-content\/uploads\/photos-familinparis-2021\/monument\/la-galerie-des-glaces-chateau-de-versailles-\u00a9FamilinParis-564x282.jpg')\">\n\t    \t\t    \t<div class=\"dateOnImg\">All year round<\/div>\n\t    \t\t\t\t\t    <\/div>\n\t    <div class=\"texte\">\n\t        <h5>In the Yvelines (78)<\/h5>\n\t        <h3>Fun activities and outings in Versailles<\/h3>\n\t        <div class=\"tags\">\n\t        \t\t        \t\t<span>All audiences<\/span>\n\t        \t\t        \t<span><\/span>\n\t        <\/div>\n\t        <div class=\"bas\">\n        \t\t<div class=\"prix\">\n        \t\t\t        \t\t<\/div>\n            \t<div class=\"review-stars\" data-productId=\"\">\n            \t<\/div>\n\t        <\/div>\n\t    <\/div>\n\t<\/a>\n<\/div><\/li><li class=\"glide__slide\">\n\n<div class=\"grid\">\n\t<a href=\"https:\/\/www.familinparis.fr\/en\/the-estate-of-trianon\/\" target=\"_self\">\n\t    <div class=\"image\" style=\"background-image:url('https:\/\/www.familinparis.fr\/wp-content\/uploads\/Chateaux\/Versailles\/le-petit-trianon-a-versailles-78-564x282.jpg')\">\n\t    \t\t\t\t\t    <\/div>\n\t    <div class=\"texte\">\n\t        <h5><\/h5>\n\t        <h3>The Estate of Trianon<\/h3>\n\t        <div class=\"tags\">\n\t        \t\t        \t<span><\/span>\n\t        <\/div>\n\t        <div class=\"bas\">\n        \t\t<div class=\"prix\">\n        \t\t\t        \t\t<\/div>\n            \t<div class=\"review-stars\" data-productId=\"\">\n            \t<\/div>\n\t        <\/div>\n\t    <\/div>\n\t<\/a>\n<\/div><\/li><li class=\"glide__slide\">\n\n<div class=\"grid\">\n\t<a href=\"https:\/\/www.familinparis.fr\/en\/bread-and-animals-workshop-at-ferme-de-gally-in-sartrouville\/\" target=\"_self\">\n\t    <div class=\"image\" style=\"background-image:url('https:\/\/www.familinparis.fr\/wp-content\/uploads\/2024\/11\/atelier-fabrication-pain-564x282.jpg')\">\n\t    \t\t    \t<div class=\"dateOnImg\">Jusqu'au 30 avril 2025<\/div>\n\t    \t\t\t\t\t    <\/div>\n\t    <div class=\"texte\">\n\t        <h5>Ferme de Gally Sartrouville<\/h5>\n\t        <h3>Bread and animal workshop at the Ferme de Gally in Sartrouville (78)<\/h3>\n\t        <div class=\"tags\">\n\t        \t\t        \t\t<span>de 3 \u00e0 12 ans <\/span>\n\t        \t\t        \t<span>45min<\/span>\n\t        <\/div>\n\t        <div class=\"bas\">\n        \t\t<div class=\"prix\">\n        \t\t\t        \t\t<\/div>\n            \t<div class=\"review-stars\" data-productId=\"\">\n            \t<\/div>\n\t        <\/div>\n\t    <\/div>\n\t<\/a>\n<\/div><\/li><li class=\"glide__slide\">\n\n<div class=\"grid\">\n\t<a href=\"https:\/\/www.familinparis.fr\/en\/educational-farms-around-paris\/\" target=\"_self\">\n\t    <div class=\"image\" style=\"background-image:url('https:\/\/www.familinparis.fr\/wp-content\/uploads\/LOISIRS\/fermes\/ferme-pedagogique-poule-rousse-564x282.jpg')\">\n\t    \t\t\t\t\t    <\/div>\n\t    <div class=\"texte\">\n\t        <h5><\/h5>\n\t        <h3>Educational farms around Paris<\/h3>\n\t        <div class=\"tags\">\n\t        \t\t        \t<span><\/span>\n\t        <\/div>\n\t        <div class=\"bas\">\n        \t\t<div class=\"prix\">\n        \t\t\t        \t\t<\/div>\n            \t<div class=\"review-stars\" data-productId=\"\">\n            \t<\/div>\n\t        <\/div>\n\t    <\/div>\n\t<\/a>\n<\/div><\/li><li class=\"glide__slide\">\n\n<div class=\"grid\">\n\t<a href=\"https:\/\/www.familinparis.fr\/en\/france-miniature-tickets\/\" target=\"_self\">\n\t    <div class=\"image\" style=\"background-image:url('https:\/\/www.familinparis.fr\/wp-content\/uploads\/2023\/02\/france-miniature-kho-lanta-564x282.jpg')\">\n\t    \t\t    \t<div class=\"dateOnImg\">Until November 2, 2025<\/div>\n\t    \t\t\t\t\t    <\/div>\n\t    <div class=\"texte\">\n\t        <h5>In Elancourt (78)<\/h5>\n\t        <h3>France Miniature<\/h3>\n\t        <div class=\"tags\">\n\t        \t\t        \t\t<span>AMUSEMENT PARK<\/span>\n\t        \t\t        \t<span><\/span>\n\t        <\/div>\n\t        <div class=\"bas\">\n        \t\t<div class=\"prix\">\n        \t\t\t        \t\t<\/div>\n            \t<div class=\"review-stars\" data-productId=\"\">\n            \t<\/div>\n\t        <\/div>\n\t    <\/div>\n\t<\/a>\n<\/div><\/li><li class=\"glide__slide\">\n\n<div class=\"grid\">\n\t<a href=\"https:\/\/www.familinparis.fr\/en\/zoo-safari-de-thoiry\/\" target=\"_self\">\n\t    <div class=\"image\" style=\"background-image:url('https:\/\/www.familinparis.fr\/wp-content\/uploads\/LOGOS\/parc-zoologique-de-thoiry-564x282.jpg')\">\n\t    \t\t\t\t\t    <\/div>\n\t    <div class=\"texte\">\n\t        <h5><\/h5>\n\t        <h3>Zoo Safari de Thoiry<\/h3>\n\t        <div class=\"tags\">\n\t        \t\t        \t<span><\/span>\n\t        <\/div>\n\t        <div class=\"bas\">\n        \t\t<div class=\"prix\">\n        \t\t\t        \t\t<\/div>\n            \t<div class=\"review-stars\" data-productId=\"79\">\n            \t<\/div>\n\t        <\/div>\n\t    <\/div>\n\t<\/a>\n<\/div><\/li><li class=\"glide__slide\">\n\n<div class=\"grid\">\n\t<a href=\"https:\/\/www.familinparis.fr\/en\/pumpkin-carving-viltain-farm-78\/\" target=\"_self\">\n\t    <div class=\"image\" style=\"background-image:url('https:\/\/www.familinparis.fr\/wp-content\/uploads\/2024\/10\/2-Ateliers-Potirons-Viltain-potirons.jpg')\">\n\t    \t\t    \t<div class=\"dateOnImg\">October 24-25 and October 28-31, 2024<\/div>\n\t    \t\t\t\t\t    <\/div>\n\t    <div class=\"texte\">\n\t        <h5>Viltain Farm  <\/h5>\n\t        <h3>Pumpkin carving \u2022 Viltain Farm (78)<\/h3>\n\t        <div class=\"tags\">\n\t        \t\t        \t\t<span>from 4 to 14 years old  <\/span>\n\t        \t\t        \t<span>1h<\/span>\n\t        <\/div>\n\t        <div class=\"bas\">\n        \t\t<div class=\"prix\">\n        \t\t\t\t        \t\t\t<span>From<\/span>\n\t        \t\t\t<span class=\"\">8,8\u20ac<\/span>\n\t        \t\t\t\t        \t\t        \t\t<\/div>\n            \t<div class=\"review-stars\" data-productId=\"\">\n            \t<\/div>\n\t        <\/div>\n\t    <\/div>\n\t<\/a>\n<\/div><\/li><li class=\"glide__slide\">\n\n<div class=\"grid\">\n\t<a href=\"https:\/\/www.familinparis.fr\/en\/pumpkin-festival-at-the-gally-farm-in-saint-cyr\/\" target=\"_self\">\n\t    <div class=\"image\" style=\"background-image:url('https:\/\/www.familinparis.fr\/wp-content\/uploads\/2024\/09\/atelier-citruille-halloween-564x282.jpg')\">\n\t    \t\t    \t<div class=\"dateOnImg\">Workshop from Oct 24 to Oct 31, 2024  <\/div>\n\t    \t\t\t\t\t    <\/div>\n\t    <div class=\"texte\">\n\t        <h5>Saint-Cyr-l'\u00c9cole (78)<\/h5>\n\t        <h3>Pumpkin festival at the Gally farm in Saint-Cyr<\/h3>\n\t        <div class=\"tags\">\n\t        \t\t        \t\t<span>From 2 to 12 years old<\/span>\n\t        \t\t        \t<span><\/span>\n\t        <\/div>\n\t        <div class=\"bas\">\n        \t\t<div class=\"prix\">\n        \t\t\t        \t\t<\/div>\n            \t<div class=\"review-stars\" data-productId=\"\">\n            \t<\/div>\n\t        <\/div>\n\t    <\/div>\n\t<\/a>\n<\/div><\/li><li class=\"glide__slide\">\n\n<div class=\"grid\">\n\t<a href=\"https:\/\/www.familinparis.fr\/en\/the-gally-farm-saint-cyr-lecole\/\" target=\"_self\">\n\t    <div class=\"image\" style=\"background-image:url('https:\/\/www.familinparis.fr\/wp-content\/uploads\/LOISIRS\/fermes\/ferme-pedagogique-poussin-564x282.jpg')\">\n\t    \t\t    \t<div class=\"dateOnImg\">Less than 5.50 euros per entry<\/div>\n\t    \t\t\t\t\t    <\/div>\n\t    <div class=\"texte\">\n\t        <h5>In the Yvelines (78)<\/h5>\n\t        <h3>The Gally farm (Saint-Cyr-l'\u00e9cole)<\/h3>\n\t        <div class=\"tags\">\n\t        \t\t        \t<span><\/span>\n\t        <\/div>\n\t        <div class=\"bas\">\n        \t\t<div class=\"prix\">\n        \t\t\t        \t\t<\/div>\n            \t<div class=\"review-stars\" data-productId=\"\">\n            \t<\/div>\n\t        <\/div>\n\t    <\/div>\n\t<\/a>\n<\/div><\/li><li class=\"glide__slide\">\n\n<div class=\"grid\">\n\t<a href=\"https:\/\/www.familinparis.fr\/en\/the-gally-farm-sartrouville\/\" target=\"_self\">\n\t    <div class=\"image\" style=\"background-image:url('https:\/\/www.familinparis.fr\/wp-content\/uploads\/2024\/09\/atelier-citruille-halloween-564x282.jpg')\">\n\t    \t\t    \t<div class=\"dateOnImg\">Less than 6 euros for admission<\/div>\n\t    \t\t\t\t\t    <\/div>\n\t    <div class=\"texte\">\n\t        <h5>In the Yvelines (78)<\/h5>\n\t        <h3>The Gally farm - Sartrouville<\/h3>\n\t        <div class=\"tags\">\n\t        \t\t        \t\t<span>Top with children<\/span>\n\t        \t\t        \t<span><\/span>\n\t        <\/div>\n\t        <div class=\"bas\">\n        \t\t<div class=\"prix\">\n        \t\t\t        \t\t<\/div>\n            \t<div class=\"review-stars\" data-productId=\"\">\n            \t<\/div>\n\t        <\/div>\n\t    <\/div>\n\t<\/a>\n<\/div><\/li><li class=\"glide__slide\">\n\n<div class=\"grid\">\n\t<a href=\"https:\/\/www.familinparis.fr\/en\/the-educational-farm-of-mantes-la-jolie-78\/\" target=\"_self\">\n\t    <div class=\"image\" style=\"background-image:url('https:\/\/www.familinparis.fr\/wp-content\/uploads\/Animaux\/ferme\/ferme-pedagogique-mouton-564x282.jpg')\">\n\t    \t\t\t\t\t    <\/div>\n\t    <div class=\"texte\">\n\t        <h5><\/h5>\n\t        <h3>The educational farm of Mantes-la-Jolie (78)<\/h3>\n\t        <div class=\"tags\">\n\t        \t\t        \t<span><\/span>\n\t        <\/div>\n\t        <div class=\"bas\">\n        \t\t<div class=\"prix\">\n        \t\t\t        \t\t<\/div>\n            \t<div class=\"review-stars\" data-productId=\"\">\n            \t<\/div>\n\t        <\/div>\n\t    <\/div>\n\t<\/a>\n<\/div><\/li><li class=\"glide__slide\">\n\n<div class=\"grid\">\n\t<a href=\"https:\/\/www.familinparis.fr\/en\/versailles-castle-with-the-bus-from-paris\/\" target=\"_self\">\n\t    <div class=\"image\" style=\"background-image:url('https:\/\/www.familinparis.fr\/wp-content\/uploads\/E-SHOP\/OPENTOUR\/parc-domaine-de-versailles-564x282.jpg')\">\n\t    \t\t    \t<div class=\"dateOnImg\">Every day except Monday<\/div>\n\t    \t\t\t\t\t    <\/div>\n\t    <div class=\"texte\">\n\t        <h5>Paris and Versailles<\/h5>\n\t        <h3>Tootbus: Paris Versailles Bus + Palace Tour<\/h3>\n\t        <div class=\"tags\">\n\t        \t\t        \t\t<span>For everyone<\/span>\n\t        \t\t        \t<span>1\/2 day<\/span>\n\t        <\/div>\n\t        <div class=\"bas\">\n        \t\t<div class=\"prix\">\n        \t\t\t\t        \t\t\t<span>From<\/span>\n\t        \t\t\t<span class=\"chiffre-barre\">65\u20ac<\/span>\n\t        \t\t\t<span class=\"chiffre\">55,25\u20ac<\/span>\t        \t\t        \t\t<\/div>\n            \t<div class=\"review-stars\" data-productId=\"363\">\n            \t<\/div>\n\t        <\/div>\n\t    <\/div>\n\t<\/a>\n<\/div><\/li><li class=\"glide__slide\">\n\n<div class=\"grid\">\n\t<a href=\"https:\/\/www.familinparis.fr\/en\/if-versailles-was-told-to-me-private-tour\/\" target=\"_self\">\n\t    <div class=\"image\" style=\"background-image:url('https:\/\/www.familinparis.fr\/wp-content\/uploads\/2023\/08\/visite-versailles-famille-564x282.jpg')\">\n\t    \t\t\t\t\t    <\/div>\n\t    <div class=\"texte\">\n\t        <h5><\/h5>\n\t        <h3>If Versailles was told to me (private tour)<\/h3>\n\t        <div class=\"tags\">\n\t        \t\t        \t<span><\/span>\n\t        <\/div>\n\t        <div class=\"bas\">\n        \t\t<div class=\"prix\">\n        \t\t\t        \t\t<\/div>\n            \t<div class=\"review-stars\" data-productId=\"186\">\n            \t<\/div>\n\t        <\/div>\n\t    <\/div>\n\t<\/a>\n<\/div><\/li><li class=\"glide__slide\">\n\n<div class=\"grid\">\n\t<a href=\"https:\/\/www.familinparis.fr\/en\/the-castle-of-rambouillet\/\" target=\"_self\">\n\t    <div class=\"image\" style=\"background-image:url('https:\/\/www.familinparis.fr\/wp-content\/uploads\/Chateaux\/Rambouillet\/rambouillet-sh_1780208744-564x282.jpg')\">\n\t    \t\t\t\t\t    <\/div>\n\t    <div class=\"texte\">\n\t        <h5><\/h5>\n\t        <h3>The castle of Rambouillet<\/h3>\n\t        <div class=\"tags\">\n\t        \t\t        \t<span><\/span>\n\t        <\/div>\n\t        <div class=\"bas\">\n        \t\t<div class=\"prix\">\n        \t\t\t        \t\t<\/div>\n            \t<div class=\"review-stars\" data-productId=\"\">\n            \t<\/div>\n\t        <\/div>\n\t    <\/div>\n\t<\/a>\n<\/div><\/li><li class=\"glide__slide\">\n\n<div class=\"grid\">\n\t<a href=\"https:\/\/www.familinparis.fr\/en\/the-castle-of-breteuil\/\" target=\"_self\">\n\t    <div class=\"image\" style=\"background-image:url('https:\/\/www.familinparis.fr\/wp-content\/uploads\/Chateaux\/Breteuil\/chateau-de-breteuil-sh_770210689-564x282.jpg')\">\n\t    \t\t\t\t\t    <\/div>\n\t    <div class=\"texte\">\n\t        <h5><\/h5>\n\t        <h3>The castle of Breteuil<\/h3>\n\t        <div class=\"tags\">\n\t        \t\t        \t<span><\/span>\n\t        <\/div>\n\t        <div class=\"bas\">\n        \t\t<div class=\"prix\">\n        \t\t\t        \t\t<\/div>\n            \t<div class=\"review-stars\" data-productId=\"\">\n            \t<\/div>\n\t        <\/div>\n\t    <\/div>\n\t<\/a>\n<\/div><\/li><li class=\"glide__slide\">\n\n<div class=\"grid\">\n\t<a href=\"https:\/\/www.familinparis.fr\/en\/the-toy-museum-of-poissy\/\" target=\"_self\">\n\t    <div class=\"image\" style=\"background-image:url('https:\/\/www.familinparis.fr\/wp-content\/uploads\/Mus\u00e9es\/du-jouet\/musee-du-jouet-poissy-\u00a9RPRIBIERE-564x282.jpg')\">\n\t    \t\t\t\t\t    <\/div>\n\t    <div class=\"texte\">\n\t        <h5><\/h5>\n\t        <h3>The Toy Museum of Poissy<\/h3>\n\t        <div class=\"tags\">\n\t        \t\t        \t<span><\/span>\n\t        <\/div>\n\t        <div class=\"bas\">\n        \t\t<div class=\"prix\">\n        \t\t\t        \t\t<\/div>\n            \t<div class=\"review-stars\" data-productId=\"\">\n            \t<\/div>\n\t        <\/div>\n\t    <\/div>\n\t<\/a>\n<\/div><\/li><li class=\"glide__slide\">\n\n<div class=\"grid\">\n\t<a href=\"https:\/\/www.familinparis.fr\/en\/accrocamp-boucles-de-seine\/\" target=\"_self\">\n\t    <div class=\"image\" style=\"background-image:url('https:\/\/www.familinparis.fr\/wp-content\/uploads\/photos-partenaires\/Partenaires-payant\/accrobranche-accroCamp-boucles-de-seine-78-564x282.jpg')\">\n\t    \t\t\t\t\t    <\/div>\n\t    <div class=\"texte\">\n\t        <h5><\/h5>\n\t        <h3>AccroCamp Boucles de Seine<\/h3>\n\t        <div class=\"tags\">\n\t        \t\t        \t<span><\/span>\n\t        <\/div>\n\t        <div class=\"bas\">\n        \t\t<div class=\"prix\">\n        \t\t\t        \t\t<\/div>\n            \t<div class=\"review-stars\" data-productId=\"\">\n            \t<\/div>\n\t        <\/div>\n\t    <\/div>\n\t<\/a>\n<\/div><\/li><li class=\"glide__slide\">\n\n<div class=\"grid\">\n\t<a href=\"https:\/\/www.familinparis.fr\/en\/accrocamp-saint-germain-en-laye\/\" target=\"_self\">\n\t    <div class=\"image\" style=\"background-image:url('https:\/\/www.familinparis.fr\/wp-content\/uploads\/2021\/10\/ritae-climb-2490783_1280-564x282.jpg')\">\n\t    \t\t\t\t\t    <\/div>\n\t    <div class=\"texte\">\n\t        <h5><\/h5>\n\t        <h3>AccroCamp Saint-Germain-en-Laye<\/h3>\n\t        <div class=\"tags\">\n\t        \t\t        \t<span><\/span>\n\t        <\/div>\n\t        <div class=\"bas\">\n        \t\t<div class=\"prix\">\n        \t\t\t        \t\t<\/div>\n            \t<div class=\"review-stars\" data-productId=\"\">\n            \t<\/div>\n\t        <\/div>\n\t    <\/div>\n\t<\/a>\n<\/div><\/li><li class=\"glide__slide\">\n\n<div class=\"grid\">\n\t<a href=\"https:\/\/www.familinparis.fr\/en\/tsqys-family-shows-78\/\" target=\"_self\">\n\t    <div class=\"image\" style=\"background-image:url('https:\/\/www.familinparis.fr\/wp-content\/uploads\/Spectacles\/theatre-PLD-564x282.jpg')\">\n\t    \t\t\t\t\t    <\/div>\n\t    <div class=\"texte\">\n\t        <h5><\/h5>\n\t        <h3>TSQY's family shows (78)<\/h3>\n\t        <div class=\"tags\">\n\t        \t\t        \t<span><\/span>\n\t        <\/div>\n\t        <div class=\"bas\">\n        \t\t<div class=\"prix\">\n        \t\t\t        \t\t<\/div>\n            \t<div class=\"review-stars\" data-productId=\"\">\n            \t<\/div>\n\t        <\/div>\n\t    <\/div>\n\t<\/a>\n<\/div><\/li>            <\/ul>\n        <\/div>\n    <\/div>\n    \n    <\/div>\n-->\n<style type=\"text\/css\">\n    .swiper{\n        width: 100%;\n    }\n    .grid-carousel__arrows {\n        display: flex;\n        gap: 1rem;\n\n    }\n    button.grid-carousel__arrow {\n        background: #008098;\n        border-radius: 50%;\n        height: 50px;\n        width: 50px;\n        border: 2px solid #008098;\n        color: #ffff;\n        padding: 0px;\n        text-align: center;\n    }\n\n    button.grid-carousel__arrow.swiper-button-disabled{\n        opacity: .15;\n    }\n    .grid-carousel .swiper-slide {\n         min-width: 300px;\n    }\n    @media (max-width: 799px) {\n        .grid-carousel__arrows {\n            display: none;\n        }\n        .grid-carousel .swiper-slide {\n            width: 40%;\n        }\n    }\n    @media (max-width: 529px) {\n        .grid-carousel .swiper-slide {\n            width: 75%;\n        }\n    }\n<\/style>\n\n<div class=\"row new-grids grids-style-2\">\n    <div class=\"swiper grid-carousel\">\n        <div class=\"grid-title grid-carousel--title\">\n            <div>\n                                    <h2>Ideas for outings in the Yvelines (78)<\/h2>\n                                                    <p>Educational farms, arboretum or treasure hunts in Versailles, discover our suggestions in the 78<\/p>\n                            <\/div>\n            <div>\n                <div class=\"grid-carousel__arrows\">\n                    <button class=\"grid-carousel__arrow grid-carousel__arrow--left\">\n                        <i class=\"fa fa-angle-left\"><\/i>\n                    <\/button>\n                    <button class=\"grid-carousel__arrow grid-carousel__arrow--right\">\n                        <i class=\"fa fa-angle-right\"><\/i>\n                    <\/button>\n                <\/div>\n            <\/div>\n        <\/div>\n        \n        <div class=\"swiper-wrapper\">\n            <div class=\"swiper-slide\">\n\n<div class=\"grid\">\n\t<a href=\"https:\/\/www.familinparis.fr\/en\/ouvert-le-1er-mai\/\" target=\"_self\">\n\t    <div class=\"image\" style=\"background-image:url('https:\/\/www.familinparis.fr\/wp-content\/uploads\/Quartier\/palais-royal-colonne-buren-paris-enfant-SH-564x282.jpg')\">\n\t    \t\t\t\t\t    <\/div>\n\t    <div class=\"texte\">\n\t        <h5>In and around Paris<\/h5>\n\t        <h3>What to do in Paris on May 1, 2026? It&#8217;s Friday, a long weekend is looming!<\/h3>\n\t        <div class=\"tags\">\n\t        \t\t        \t<span><\/span>\n\t        <\/div>\n\t        <div class=\"bas\">\n        \t\t<div class=\"prix\">\n        \t\t\t        \t\t<\/div>\n            \t<div class=\"review-stars\" data-productId=\"\">\n            \t<\/div>\n\t        <\/div>\n\t    <\/div>\n\t<\/a>\n<\/div><\/div><div class=\"swiper-slide\">\n\n<div class=\"grid\">\n\t<a href=\"https:\/\/www.familinparis.fr\/en\/les-grandes-eaux-musicales\/\" target=\"_self\">\n\t    <div class=\"image\" style=\"background-image:url('https:\/\/www.familinparis.fr\/wp-content\/uploads\/Chateaux\/Versailles\/Versailles-fontaines-PLD-564x282.jpg')\">\n\t    \t\t    \t<div class=\"dateOnImg\">Until November 1, 2026<\/div>\n\t    \t\t\t\t\t    <\/div>\n\t    <div class=\"texte\">\n\t        <h5>Palace of Versailles Park (78)<\/h5>\n\t        <h3>The Musical Fountains Show<\/h3>\n\t        <div class=\"tags\">\n\t        \t\t        \t\t<span>Park<\/span>\n\t        \t\t        \t<span>Min 2 hours<\/span>\n\t        <\/div>\n\t        <div class=\"bas\">\n        \t\t<div class=\"prix\">\n        \t\t\t        \t\t<\/div>\n            \t<div class=\"review-stars\" data-productId=\"\">\n            \t<\/div>\n\t        <\/div>\n\t    <\/div>\n\t<\/a>\n<\/div><\/div><div class=\"swiper-slide\">\n\n<div class=\"grid\">\n\t<a href=\"https:\/\/www.familinparis.fr\/en\/gathering-farms-around-paris\/\" target=\"_self\">\n\t    <div class=\"image\" style=\"background-image:url('https:\/\/www.familinparis.fr\/wp-content\/uploads\/LOISIRS\/fermes\/ferme-cueillette-paris-564x282.jpg')\">\n\t    \t\t\t\t\t    <\/div>\n\t    <div class=\"texte\">\n\t        <h5><\/h5>\n\t        <h3>Gathering farms around Paris<\/h3>\n\t        <div class=\"tags\">\n\t        \t\t        \t<span><\/span>\n\t        <\/div>\n\t        <div class=\"bas\">\n        \t\t<div class=\"prix\">\n        \t\t\t        \t\t<\/div>\n            \t<div class=\"review-stars\" data-productId=\"\">\n            \t<\/div>\n\t        <\/div>\n\t    <\/div>\n\t<\/a>\n<\/div><\/div><div class=\"swiper-slide\">\n\n<div class=\"grid\">\n\t<a href=\"https:\/\/www.familinparis.fr\/en\/if-versailles-was-told-to-me-guided-tour\/\" target=\"_self\">\n\t    <div class=\"image\" style=\"background-image:url('https:\/\/www.familinparis.fr\/wp-content\/uploads\/photos-familinparis-2021\/monument\/fontaine-parc-du-chateau-de-versailles-\u00a9FamilinParis-564x282.jpg')\">\n\t    \t\t    \t<div class=\"dateOnImg\">Multiple dates<\/div>\n\t    \t\t\t\t\t    <\/div>\n\t    <div class=\"texte\">\n\t        <h5>At the Palace of Versailles<\/h5>\n\t        <h3>If Versailles was told to me (guided tour)<\/h3>\n\t        <div class=\"tags\">\n\t        \t\t        \t\t<span>  From 7 years old<\/span>\n\t        \t\t        \t<span>1h30<\/span>\n\t        <\/div>\n\t        <div class=\"bas\">\n        \t\t<div class=\"prix\">\n        \t\t\t        \t\t<\/div>\n            \t<div class=\"review-stars\" data-productId=\"286\">\n            \t<\/div>\n\t        <\/div>\n\t    <\/div>\n\t<\/a>\n<\/div><\/div><div class=\"swiper-slide\">\n\n<div class=\"grid\">\n\t<a href=\"https:\/\/www.familinparis.fr\/en\/treasure-hunt-investigation-saint-germain-en-laye-mystery-hunt-78\/\" target=\"_self\">\n\t    <div class=\"image\" style=\"background-image:url('https:\/\/www.familinparis.fr\/wp-content\/uploads\/2026\/01\/Saint-Germain-final2-564x282.jpg')\">\n\t    \t\t\t\t\t\t\t\t<div class=\"rond-blanc-age\"><span>from <span class=\"age-number\">10<\/span> yo<\/span><\/div>\n\t\t\t\t    <\/div>\n\t    <div class=\"texte\">\n\t        <h5>Saint-Germain-en-Laye (78)<\/h5>\n\t        <h3>2 Hours to Belong to the Black Cabinet &#8211; Investigation<\/h3>\n\t        <div class=\"tags\">\n\t        \t\t        \t\t<span>JEU DE PISTE &#8211; ENQU\u00caTE<\/span>\n\t        \t\t        \t<span>2h<\/span>\n\t        <\/div>\n\t        <div class=\"bas\">\n        \t\t<div class=\"prix\">\n        \t\t\t\t        \t\t\t<span>From<\/span>\n\t        \t\t\t<span class=\"\">25\u20ac \/pers\u20ac<\/span>\n\t        \t\t\t\t        \t\t        \t\t<\/div>\n            \t<div class=\"review-stars\" data-productId=\"\">\n            \t<\/div>\n\t        <\/div>\n\t    <\/div>\n\t<\/a>\n<\/div><\/div><div class=\"swiper-slide\">\n\n<div class=\"grid\">\n\t<a href=\"https:\/\/www.familinparis.fr\/en\/revolution-tour-versailles-guided-tour\/\" target=\"_self\">\n\t    <div class=\"image\" style=\"background-image:url('https:\/\/www.familinparis.fr\/wp-content\/uploads\/Visites-Insolites\/Versailles\/Versailles-Revolution-Tour-2025-564x282.jpg')\">\n\t    \t\t\t\t\t    <\/div>\n\t    <div class=\"texte\">\n\t        <h5><\/h5>\n\t        <h3>Revolution tour Versailles (guided tour)<\/h3>\n\t        <div class=\"tags\">\n\t        \t\t        \t<span><\/span>\n\t        <\/div>\n\t        <div class=\"bas\">\n        \t\t<div class=\"prix\">\n        \t\t\t        \t\t<\/div>\n            \t<div class=\"review-stars\" data-productId=\"155\">\n            \t<\/div>\n\t        <\/div>\n\t    <\/div>\n\t<\/a>\n<\/div><\/div><div class=\"swiper-slide\">\n\n<div class=\"grid\">\n\t<a href=\"https:\/\/www.familinparis.fr\/en\/2-hours-in-1789-treasure-hunt\/\" target=\"_self\">\n\t    <div class=\"image\" style=\"background-image:url('https:\/\/www.familinparis.fr\/wp-content\/uploads\/Visites-Insolites\/Versailles\/2-heures-en-1789-Versailles-2025-564x282.jpg')\">\n\t    \t\t    \t<div class=\"dateOnImg\">7 days a week<\/div>\n\t    \t\t\t\t\t    <\/div>\n\t    <div class=\"texte\">\n\t        <h5>In Versailles (78)<\/h5>\n\t        <h3>2 hours in 1789: treasure hunt in Versailles<\/h3>\n\t        <div class=\"tags\">\n\t        \t\t        \t\t<span>Outdoor play<\/span>\n\t        \t\t        \t<span>2 hours<\/span>\n\t        <\/div>\n\t        <div class=\"bas\">\n        \t\t<div class=\"prix\">\n        \t\t\t        \t\t<\/div>\n            \t<div class=\"review-stars\" data-productId=\"156\">\n            \t<\/div>\n\t        <\/div>\n\t    <\/div>\n\t<\/a>\n<\/div><\/div><div class=\"swiper-slide\">\n\n<div class=\"grid\">\n\t<a href=\"https:\/\/www.familinparis.fr\/en\/palace-of-versailles\/\" target=\"_self\">\n\t    <div class=\"image\" style=\"background-image:url('https:\/\/www.familinparis.fr\/wp-content\/uploads\/photos-familinparis-2021\/monument\/la-galerie-des-glaces-chateau-de-versailles-\u00a9FamilinParis-564x282.jpg')\">\n\t    \t\t    \t<div class=\"dateOnImg\">All year round<\/div>\n\t    \t\t\t\t\t    <\/div>\n\t    <div class=\"texte\">\n\t        <h5>In the Yvelines (78)<\/h5>\n\t        <h3>Fun activities and outings in Versailles<\/h3>\n\t        <div class=\"tags\">\n\t        \t\t        \t\t<span>All audiences<\/span>\n\t        \t\t        \t<span><\/span>\n\t        <\/div>\n\t        <div class=\"bas\">\n        \t\t<div class=\"prix\">\n        \t\t\t        \t\t<\/div>\n            \t<div class=\"review-stars\" data-productId=\"\">\n            \t<\/div>\n\t        <\/div>\n\t    <\/div>\n\t<\/a>\n<\/div><\/div><div class=\"swiper-slide\">\n\n<div class=\"grid\">\n\t<a href=\"https:\/\/www.familinparis.fr\/en\/the-estate-of-trianon\/\" target=\"_self\">\n\t    <div class=\"image\" style=\"background-image:url('https:\/\/www.familinparis.fr\/wp-content\/uploads\/Chateaux\/Versailles\/le-petit-trianon-a-versailles-78-564x282.jpg')\">\n\t    \t\t\t\t\t    <\/div>\n\t    <div class=\"texte\">\n\t        <h5><\/h5>\n\t        <h3>The Estate of Trianon<\/h3>\n\t        <div class=\"tags\">\n\t        \t\t        \t<span><\/span>\n\t        <\/div>\n\t        <div class=\"bas\">\n        \t\t<div class=\"prix\">\n        \t\t\t        \t\t<\/div>\n            \t<div class=\"review-stars\" data-productId=\"\">\n            \t<\/div>\n\t        <\/div>\n\t    <\/div>\n\t<\/a>\n<\/div><\/div><div class=\"swiper-slide\">\n\n<div class=\"grid\">\n\t<a href=\"https:\/\/www.familinparis.fr\/en\/bread-and-animals-workshop-at-ferme-de-gally-in-sartrouville\/\" target=\"_self\">\n\t    <div class=\"image\" style=\"background-image:url('https:\/\/www.familinparis.fr\/wp-content\/uploads\/2024\/11\/atelier-fabrication-pain-564x282.jpg')\">\n\t    \t\t    \t<div class=\"dateOnImg\">Jusqu&#8217;au 30 avril 2025<\/div>\n\t    \t\t\t\t\t    <\/div>\n\t    <div class=\"texte\">\n\t        <h5>Ferme de Gally Sartrouville<\/h5>\n\t        <h3>Bread and animal workshop at the Ferme de Gally in Sartrouville (78)<\/h3>\n\t        <div class=\"tags\">\n\t        \t\t        \t\t<span>de 3 \u00e0 12 ans <\/span>\n\t        \t\t        \t<span>45min<\/span>\n\t        <\/div>\n\t        <div class=\"bas\">\n        \t\t<div class=\"prix\">\n        \t\t\t        \t\t<\/div>\n            \t<div class=\"review-stars\" data-productId=\"\">\n            \t<\/div>\n\t        <\/div>\n\t    <\/div>\n\t<\/a>\n<\/div><\/div><div class=\"swiper-slide\">\n\n<div class=\"grid\">\n\t<a href=\"https:\/\/www.familinparis.fr\/en\/educational-farms-around-paris\/\" target=\"_self\">\n\t    <div class=\"image\" style=\"background-image:url('https:\/\/www.familinparis.fr\/wp-content\/uploads\/LOISIRS\/fermes\/ferme-pedagogique-poule-rousse-564x282.jpg')\">\n\t    \t\t\t\t\t    <\/div>\n\t    <div class=\"texte\">\n\t        <h5><\/h5>\n\t        <h3>Educational farms around Paris<\/h3>\n\t        <div class=\"tags\">\n\t        \t\t        \t<span><\/span>\n\t        <\/div>\n\t        <div class=\"bas\">\n        \t\t<div class=\"prix\">\n        \t\t\t        \t\t<\/div>\n            \t<div class=\"review-stars\" data-productId=\"\">\n            \t<\/div>\n\t        <\/div>\n\t    <\/div>\n\t<\/a>\n<\/div><\/div><div class=\"swiper-slide\">\n\n<div class=\"grid\">\n\t<a href=\"https:\/\/www.familinparis.fr\/en\/france-miniature-tickets\/\" target=\"_self\">\n\t    <div class=\"image\" style=\"background-image:url('https:\/\/www.familinparis.fr\/wp-content\/uploads\/2023\/02\/france-miniature-kho-lanta-564x282.jpg')\">\n\t    \t\t    \t<div class=\"dateOnImg\">Until November 2, 2025<\/div>\n\t    \t\t\t\t\t    <\/div>\n\t    <div class=\"texte\">\n\t        <h5>In Elancourt (78)<\/h5>\n\t        <h3>France Miniature<\/h3>\n\t        <div class=\"tags\">\n\t        \t\t        \t\t<span>AMUSEMENT PARK<\/span>\n\t        \t\t        \t<span><\/span>\n\t        <\/div>\n\t        <div class=\"bas\">\n        \t\t<div class=\"prix\">\n        \t\t\t        \t\t<\/div>\n            \t<div class=\"review-stars\" data-productId=\"\">\n            \t<\/div>\n\t        <\/div>\n\t    <\/div>\n\t<\/a>\n<\/div><\/div><div class=\"swiper-slide\">\n\n<div class=\"grid\">\n\t<a href=\"https:\/\/www.familinparis.fr\/en\/zoo-safari-de-thoiry\/\" target=\"_self\">\n\t    <div class=\"image\" style=\"background-image:url('https:\/\/www.familinparis.fr\/wp-content\/uploads\/LOGOS\/parc-zoologique-de-thoiry-564x282.jpg')\">\n\t    \t\t\t\t\t    <\/div>\n\t    <div class=\"texte\">\n\t        <h5><\/h5>\n\t        <h3>Zoo Safari de Thoiry<\/h3>\n\t        <div class=\"tags\">\n\t        \t\t        \t<span><\/span>\n\t        <\/div>\n\t        <div class=\"bas\">\n        \t\t<div class=\"prix\">\n        \t\t\t        \t\t<\/div>\n            \t<div class=\"review-stars\" data-productId=\"79\">\n            \t<\/div>\n\t        <\/div>\n\t    <\/div>\n\t<\/a>\n<\/div><\/div><div class=\"swiper-slide\">\n\n<div class=\"grid\">\n\t<a href=\"https:\/\/www.familinparis.fr\/en\/pumpkin-carving-viltain-farm-78\/\" target=\"_self\">\n\t    <div class=\"image\" style=\"background-image:url('https:\/\/www.familinparis.fr\/wp-content\/uploads\/2024\/10\/2-Ateliers-Potirons-Viltain-potirons.jpg')\">\n\t    \t\t    \t<div class=\"dateOnImg\">October 24-25 and October 28-31, 2024<\/div>\n\t    \t\t\t\t\t    <\/div>\n\t    <div class=\"texte\">\n\t        <h5>Viltain Farm  <\/h5>\n\t        <h3>Pumpkin carving \u2022 Viltain Farm (78)<\/h3>\n\t        <div class=\"tags\">\n\t        \t\t        \t\t<span>from 4 to 14 years old  <\/span>\n\t        \t\t        \t<span>1h<\/span>\n\t        <\/div>\n\t        <div class=\"bas\">\n        \t\t<div class=\"prix\">\n        \t\t\t\t        \t\t\t<span>From<\/span>\n\t        \t\t\t<span class=\"\">8,8\u20ac<\/span>\n\t        \t\t\t\t        \t\t        \t\t<\/div>\n            \t<div class=\"review-stars\" data-productId=\"\">\n            \t<\/div>\n\t        <\/div>\n\t    <\/div>\n\t<\/a>\n<\/div><\/div><div class=\"swiper-slide\">\n\n<div class=\"grid\">\n\t<a href=\"https:\/\/www.familinparis.fr\/en\/pumpkin-festival-at-the-gally-farm-in-saint-cyr\/\" target=\"_self\">\n\t    <div class=\"image\" style=\"background-image:url('https:\/\/www.familinparis.fr\/wp-content\/uploads\/2024\/09\/atelier-citruille-halloween-564x282.jpg')\">\n\t    \t\t    \t<div class=\"dateOnImg\">Workshop from Oct 24 to Oct 31, 2024  <\/div>\n\t    \t\t\t\t\t    <\/div>\n\t    <div class=\"texte\">\n\t        <h5>Saint-Cyr-l&#8217;\u00c9cole (78)<\/h5>\n\t        <h3>Pumpkin festival at the Gally farm in Saint-Cyr<\/h3>\n\t        <div class=\"tags\">\n\t        \t\t        \t\t<span>From 2 to 12 years old<\/span>\n\t        \t\t        \t<span><\/span>\n\t        <\/div>\n\t        <div class=\"bas\">\n        \t\t<div class=\"prix\">\n        \t\t\t        \t\t<\/div>\n            \t<div class=\"review-stars\" data-productId=\"\">\n            \t<\/div>\n\t        <\/div>\n\t    <\/div>\n\t<\/a>\n<\/div><\/div><div class=\"swiper-slide\">\n\n<div class=\"grid\">\n\t<a href=\"https:\/\/www.familinparis.fr\/en\/the-gally-farm-saint-cyr-lecole\/\" target=\"_self\">\n\t    <div class=\"image\" style=\"background-image:url('https:\/\/www.familinparis.fr\/wp-content\/uploads\/LOISIRS\/fermes\/ferme-pedagogique-poussin-564x282.jpg')\">\n\t    \t\t    \t<div class=\"dateOnImg\">Less than 5.50 euros per entry<\/div>\n\t    \t\t\t\t\t    <\/div>\n\t    <div class=\"texte\">\n\t        <h5>In the Yvelines (78)<\/h5>\n\t        <h3>The Gally farm (Saint-Cyr-l&#8217;\u00e9cole)<\/h3>\n\t        <div class=\"tags\">\n\t        \t\t        \t<span><\/span>\n\t        <\/div>\n\t        <div class=\"bas\">\n        \t\t<div class=\"prix\">\n        \t\t\t        \t\t<\/div>\n            \t<div class=\"review-stars\" data-productId=\"\">\n            \t<\/div>\n\t        <\/div>\n\t    <\/div>\n\t<\/a>\n<\/div><\/div><div class=\"swiper-slide\">\n\n<div class=\"grid\">\n\t<a href=\"https:\/\/www.familinparis.fr\/en\/the-gally-farm-sartrouville\/\" target=\"_self\">\n\t    <div class=\"image\" style=\"background-image:url('https:\/\/www.familinparis.fr\/wp-content\/uploads\/2024\/09\/atelier-citruille-halloween-564x282.jpg')\">\n\t    \t\t    \t<div class=\"dateOnImg\">Less than 6 euros for admission<\/div>\n\t    \t\t\t\t\t    <\/div>\n\t    <div class=\"texte\">\n\t        <h5>In the Yvelines (78)<\/h5>\n\t        <h3>The Gally farm &#8211; Sartrouville<\/h3>\n\t        <div class=\"tags\">\n\t        \t\t        \t\t<span>Top with children<\/span>\n\t        \t\t        \t<span><\/span>\n\t        <\/div>\n\t        <div class=\"bas\">\n        \t\t<div class=\"prix\">\n        \t\t\t        \t\t<\/div>\n            \t<div class=\"review-stars\" data-productId=\"\">\n            \t<\/div>\n\t        <\/div>\n\t    <\/div>\n\t<\/a>\n<\/div><\/div><div class=\"swiper-slide\">\n\n<div class=\"grid\">\n\t<a href=\"https:\/\/www.familinparis.fr\/en\/the-educational-farm-of-mantes-la-jolie-78\/\" target=\"_self\">\n\t    <div class=\"image\" style=\"background-image:url('https:\/\/www.familinparis.fr\/wp-content\/uploads\/Animaux\/ferme\/ferme-pedagogique-mouton-564x282.jpg')\">\n\t    \t\t\t\t\t    <\/div>\n\t    <div class=\"texte\">\n\t        <h5><\/h5>\n\t        <h3>The educational farm of Mantes-la-Jolie (78)<\/h3>\n\t        <div class=\"tags\">\n\t        \t\t        \t<span><\/span>\n\t        <\/div>\n\t        <div class=\"bas\">\n        \t\t<div class=\"prix\">\n        \t\t\t        \t\t<\/div>\n            \t<div class=\"review-stars\" data-productId=\"\">\n            \t<\/div>\n\t        <\/div>\n\t    <\/div>\n\t<\/a>\n<\/div><\/div><div class=\"swiper-slide\">\n\n<div class=\"grid\">\n\t<a href=\"https:\/\/www.familinparis.fr\/en\/versailles-castle-with-the-bus-from-paris\/\" target=\"_self\">\n\t    <div class=\"image\" style=\"background-image:url('https:\/\/www.familinparis.fr\/wp-content\/uploads\/E-SHOP\/OPENTOUR\/parc-domaine-de-versailles-564x282.jpg')\">\n\t    \t\t    \t<div class=\"dateOnImg\">Every day except Monday<\/div>\n\t    \t\t\t\t\t    <\/div>\n\t    <div class=\"texte\">\n\t        <h5>Paris and Versailles<\/h5>\n\t        <h3>Tootbus: Paris Versailles Bus + Palace Tour<\/h3>\n\t        <div class=\"tags\">\n\t        \t\t        \t\t<span>For everyone<\/span>\n\t        \t\t        \t<span>1\/2 day<\/span>\n\t        <\/div>\n\t        <div class=\"bas\">\n        \t\t<div class=\"prix\">\n        \t\t\t\t        \t\t\t<span>From<\/span>\n\t        \t\t\t<span class=\"chiffre-barre\">65\u20ac<\/span>\n\t        \t\t\t<span class=\"chiffre\">55,25\u20ac<\/span>\t        \t\t        \t\t<\/div>\n            \t<div class=\"review-stars\" data-productId=\"363\">\n            \t<\/div>\n\t        <\/div>\n\t    <\/div>\n\t<\/a>\n<\/div><\/div><div class=\"swiper-slide\">\n\n<div class=\"grid\">\n\t<a href=\"https:\/\/www.familinparis.fr\/en\/if-versailles-was-told-to-me-private-tour\/\" target=\"_self\">\n\t    <div class=\"image\" style=\"background-image:url('https:\/\/www.familinparis.fr\/wp-content\/uploads\/2023\/08\/visite-versailles-famille-564x282.jpg')\">\n\t    \t\t\t\t\t    <\/div>\n\t    <div class=\"texte\">\n\t        <h5><\/h5>\n\t        <h3>If Versailles was told to me (private tour)<\/h3>\n\t        <div class=\"tags\">\n\t        \t\t        \t<span><\/span>\n\t        <\/div>\n\t        <div class=\"bas\">\n        \t\t<div class=\"prix\">\n        \t\t\t        \t\t<\/div>\n            \t<div class=\"review-stars\" data-productId=\"186\">\n            \t<\/div>\n\t        <\/div>\n\t    <\/div>\n\t<\/a>\n<\/div><\/div><div class=\"swiper-slide\">\n\n<div class=\"grid\">\n\t<a href=\"https:\/\/www.familinparis.fr\/en\/the-castle-of-rambouillet\/\" target=\"_self\">\n\t    <div class=\"image\" style=\"background-image:url('https:\/\/www.familinparis.fr\/wp-content\/uploads\/Chateaux\/Rambouillet\/rambouillet-sh_1780208744-564x282.jpg')\">\n\t    \t\t\t\t\t    <\/div>\n\t    <div class=\"texte\">\n\t        <h5><\/h5>\n\t        <h3>The castle of Rambouillet<\/h3>\n\t        <div class=\"tags\">\n\t        \t\t        \t<span><\/span>\n\t        <\/div>\n\t        <div class=\"bas\">\n        \t\t<div class=\"prix\">\n        \t\t\t        \t\t<\/div>\n            \t<div class=\"review-stars\" data-productId=\"\">\n            \t<\/div>\n\t        <\/div>\n\t    <\/div>\n\t<\/a>\n<\/div><\/div><div class=\"swiper-slide\">\n\n<div class=\"grid\">\n\t<a href=\"https:\/\/www.familinparis.fr\/en\/the-castle-of-breteuil\/\" target=\"_self\">\n\t    <div class=\"image\" style=\"background-image:url('https:\/\/www.familinparis.fr\/wp-content\/uploads\/Chateaux\/Breteuil\/chateau-de-breteuil-sh_770210689-564x282.jpg')\">\n\t    \t\t\t\t\t    <\/div>\n\t    <div class=\"texte\">\n\t        <h5><\/h5>\n\t        <h3>The castle of Breteuil<\/h3>\n\t        <div class=\"tags\">\n\t        \t\t        \t<span><\/span>\n\t        <\/div>\n\t        <div class=\"bas\">\n        \t\t<div class=\"prix\">\n        \t\t\t        \t\t<\/div>\n            \t<div class=\"review-stars\" data-productId=\"\">\n            \t<\/div>\n\t        <\/div>\n\t    <\/div>\n\t<\/a>\n<\/div><\/div><div class=\"swiper-slide\">\n\n<div class=\"grid\">\n\t<a href=\"https:\/\/www.familinparis.fr\/en\/the-toy-museum-of-poissy\/\" target=\"_self\">\n\t    <div class=\"image\" style=\"background-image:url('https:\/\/www.familinparis.fr\/wp-content\/uploads\/Mus\u00e9es\/du-jouet\/musee-du-jouet-poissy-\u00a9RPRIBIERE-564x282.jpg')\">\n\t    \t\t\t\t\t    <\/div>\n\t    <div class=\"texte\">\n\t        <h5><\/h5>\n\t        <h3>The Toy Museum of Poissy<\/h3>\n\t        <div class=\"tags\">\n\t        \t\t        \t<span><\/span>\n\t        <\/div>\n\t        <div class=\"bas\">\n        \t\t<div class=\"prix\">\n        \t\t\t        \t\t<\/div>\n            \t<div class=\"review-stars\" data-productId=\"\">\n            \t<\/div>\n\t        <\/div>\n\t    <\/div>\n\t<\/a>\n<\/div><\/div><div class=\"swiper-slide\">\n\n<div class=\"grid\">\n\t<a href=\"https:\/\/www.familinparis.fr\/en\/accrocamp-boucles-de-seine\/\" target=\"_self\">\n\t    <div class=\"image\" style=\"background-image:url('https:\/\/www.familinparis.fr\/wp-content\/uploads\/photos-partenaires\/Partenaires-payant\/accrobranche-accroCamp-boucles-de-seine-78-564x282.jpg')\">\n\t    \t\t\t\t\t    <\/div>\n\t    <div class=\"texte\">\n\t        <h5><\/h5>\n\t        <h3>AccroCamp Boucles de Seine<\/h3>\n\t        <div class=\"tags\">\n\t        \t\t        \t<span><\/span>\n\t        <\/div>\n\t        <div class=\"bas\">\n        \t\t<div class=\"prix\">\n        \t\t\t        \t\t<\/div>\n            \t<div class=\"review-stars\" data-productId=\"\">\n            \t<\/div>\n\t        <\/div>\n\t    <\/div>\n\t<\/a>\n<\/div><\/div><div class=\"swiper-slide\">\n\n<div class=\"grid\">\n\t<a href=\"https:\/\/www.familinparis.fr\/en\/accrocamp-saint-germain-en-laye\/\" target=\"_self\">\n\t    <div class=\"image\" style=\"background-image:url('https:\/\/www.familinparis.fr\/wp-content\/uploads\/2021\/10\/ritae-climb-2490783_1280-564x282.jpg')\">\n\t    \t\t\t\t\t    <\/div>\n\t    <div class=\"texte\">\n\t        <h5><\/h5>\n\t        <h3>AccroCamp Saint-Germain-en-Laye<\/h3>\n\t        <div class=\"tags\">\n\t        \t\t        \t<span><\/span>\n\t        <\/div>\n\t        <div class=\"bas\">\n        \t\t<div class=\"prix\">\n        \t\t\t        \t\t<\/div>\n            \t<div class=\"review-stars\" data-productId=\"\">\n            \t<\/div>\n\t        <\/div>\n\t    <\/div>\n\t<\/a>\n<\/div><\/div><div class=\"swiper-slide\">\n\n<div class=\"grid\">\n\t<a href=\"https:\/\/www.familinparis.fr\/en\/tsqys-family-shows-78\/\" target=\"_self\">\n\t    <div class=\"image\" style=\"background-image:url('https:\/\/www.familinparis.fr\/wp-content\/uploads\/Spectacles\/theatre-PLD-564x282.jpg')\">\n\t    \t\t\t\t\t    <\/div>\n\t    <div class=\"texte\">\n\t        <h5><\/h5>\n\t        <h3>TSQY&#8217;s family shows (78)<\/h3>\n\t        <div class=\"tags\">\n\t        \t\t        \t<span><\/span>\n\t        <\/div>\n\t        <div class=\"bas\">\n        \t\t<div class=\"prix\">\n        \t\t\t        \t\t<\/div>\n            \t<div class=\"review-stars\" data-productId=\"\">\n            \t<\/div>\n\t        <\/div>\n\t    <\/div>\n\t<\/a>\n<\/div><\/div>        <\/div>\n    <\/div>\n    \n    <\/div>\n\n<\/div>\n<div style=\"height:37px\" aria-hidden=\"true\" class=\"wp-block-spacer\"><\/div>\n\n<h2 class=\"wp-block-heading\">Questions<\/h2>\n\n<div class=\"schema-faq wp-block-yoast-faq-block\"><div class=\"schema-faq-section\" id=\"faq-question-1777564323236\"><strong class=\"schema-faq-question\">Where do I access the tour-show &#8220;The Royal Serenade of the Hall of Mirrors&#8221;?<\/strong> <p class=\"schema-faq-answer\">Access to the Royal Serenade in the Hall of Mirrors is through Entrance A, through the Dufour Pavilion<\/p> <\/div> <div class=\"schema-faq-section\" id=\"faq-question-1777564347876\"><strong class=\"schema-faq-question\">Can we sit down for the duration of the show?<\/strong> <p class=\"schema-faq-answer\">No, it is not possible because it is an ambulatory route. There are no seats specifically provided to watch the show <\/p> <\/div> <div class=\"schema-faq-section\" id=\"faq-question-1777564389118\"><strong class=\"schema-faq-question\">Can I leave the castle with my tickets and come back afterwards?<\/strong> <p class=\"schema-faq-answer\">No, any exit is final<\/p> <\/div> <div class=\"schema-faq-section\" id=\"faq-question-1777564422583\"><strong class=\"schema-faq-question\">Can I exchange or get a refund for my ticket?<\/strong> <p class=\"schema-faq-answer\">Tickets are non-exchangeable and non-refundable. But you can take out a &#8220;48-hour reimbursement insurance&#8221; insurance <\/p> <\/div> <div class=\"schema-faq-section\" id=\"faq-question-1777564461363\"><strong class=\"schema-faq-question\">With children of what age can you attend the show?<\/strong> <p class=\"schema-faq-answer\">The show is accessible to children of all ages. However, they must be accompanied by an adult <\/p> <\/div> <div class=\"schema-faq-section\" id=\"faq-question-1777564493645\"><strong class=\"schema-faq-question\">How to get to the Palace of Versailles by car?<\/strong> <p class=\"schema-faq-answer\">You have the possibility to park your vehicle in the Place d&#8217;Armes car park, in front of the castle (subject to availability). This car park is paid during the day and is often saturated. However, parking is available on show nights, but only starting at 7 p.m. As a result, parking hours before 7 p.m. remain chargeable.   <\/p> <\/div> <div class=\"schema-faq-section\" id=\"faq-question-1777564535613\"><strong class=\"schema-faq-question\">How to get to the Palace of Versailles by train?<\/strong> <p class=\"schema-faq-answer\">Coming from Paris, take line N at Gare Montparnasse (Versailles Chantiers stop). From the Saint-Lazare train station, line L, get off at the Versailles &#8211; Rive Droite stop. For these two trips, it takes 20 minutes to walk to the castle  <\/p> <\/div> <div class=\"schema-faq-section\" id=\"faq-question-1777564563396\"><strong class=\"schema-faq-question\">How to get to the Palace of Versailles by RER?<\/strong> <p class=\"schema-faq-answer\">Take line C to Versailles Ch\u00e2teau &#8211; Rive Gauche. You can walk to the castle in 10min <\/p> <\/div> <\/div>\n\n<div style=\"height:26px\" aria-hidden=\"true\" class=\"wp-block-spacer\"><\/div>\n\n<p><\/p>\n","protected":false},"excerpt":{"rendered":"<p>For all until September 13, 2025<\/p>\n","protected":false},"author":12,"featured_media":144754,"comment_status":"open","ping_status":"open","sticky":false,"template":"","format":"standard","meta":{"_uag_custom_page_level_css":"","footnotes":""},"categories":[1332,1358,1339,1310],"tags":[1307,1251,1401,1279,1278,1257,1305,1247],"class_list":{"0":"post-153634","1":"post","2":"type-post","3":"status-publish","4":"format-standard","5":"has-post-thumbnail","7":"category-castles","8":"category-great-shows","9":"category-idf-en","10":"category-shows","11":"tag-august","12":"tag-estate-of-versailles","13":"tag-ile-de-france-en","14":"tag-july","15":"tag-june","16":"tag-rain","17":"tag-september","18":"tag-yvelines-en"},"yoast_head":"<!-- This site is optimized with the Yoast SEO plugin v27.2 - https:\/\/yoast.com\/product\/yoast-seo-wordpress\/ -->\n<title>The Royal Serenade, Hall of Mirrors at Versailles 2026<\/title>\n<meta name=\"description\" content=\"Until September 19, 2026 - The Royal Serenade in the Hall of Mirrors. A visit-show to discover with the family. In Versailles (78)\" \/>\n<meta name=\"robots\" content=\"index, follow, max-snippet:-1, max-image-preview:large, max-video-preview:-1\" \/>\n<link rel=\"canonical\" href=\"https:\/\/www.familinparis.fr\/en\/la-serenade-royale-galerie-des-glaces-chateau-de-versailles\/\" \/>\n<meta property=\"og:locale\" content=\"en_US\" \/>\n<meta property=\"og:type\" content=\"article\" \/>\n<meta property=\"og:title\" content=\"The Royal Serenade, Hall of Mirrors at Versailles 2026\" \/>\n<meta property=\"og:description\" content=\"Until September 19, 2026 - The Royal Serenade in the Hall of Mirrors. A visit-show to discover with the family. In Versailles (78)\" \/>\n<meta property=\"og:url\" content=\"https:\/\/www.familinparis.fr\/en\/la-serenade-royale-galerie-des-glaces-chateau-de-versailles\/\" \/>\n<meta property=\"og:site_name\" content=\"Familin&#039;Paris\" \/>\n<meta property=\"article:published_time\" content=\"2025-06-09T21:27:51+00:00\" \/>\n<meta property=\"article:modified_time\" content=\"2026-04-30T15:58:33+00:00\" \/>\n<meta property=\"og:image\" content=\"https:\/\/www.familinparis.fr\/wp-content\/uploads\/2025\/06\/affichesserenaderoyale40x601_1737543649-e1749220368315.jpg\" \/>\n\t<meta property=\"og:image:width\" content=\"1000\" \/>\n\t<meta property=\"og:image:height\" content=\"1500\" \/>\n\t<meta property=\"og:image:type\" content=\"image\/jpeg\" \/>\n<meta name=\"author\" content=\"Magali\" \/>\n<meta name=\"twitter:card\" content=\"summary_large_image\" \/>\n<meta name=\"twitter:label1\" content=\"Written by\" \/>\n\t<meta name=\"twitter:data1\" content=\"Magali\" \/>\n\t<meta name=\"twitter:label2\" content=\"Est. reading time\" \/>\n\t<meta name=\"twitter:data2\" content=\"3 minutes\" \/>\n<script type=\"application\/ld+json\" class=\"yoast-schema-graph\">{\"@context\":\"https:\/\/schema.org\",\"@graph\":[{\"@type\":\"Article\",\"@id\":\"https:\/\/www.familinparis.fr\/en\/la-serenade-royale-galerie-des-glaces-chateau-de-versailles\/#article\",\"isPartOf\":{\"@id\":\"https:\/\/www.familinparis.fr\/en\/la-serenade-royale-galerie-des-glaces-chateau-de-versailles\/\"},\"author\":{\"name\":\"Magali\",\"@id\":\"https:\/\/www.familinparis.fr\/en\/#\/schema\/person\/76ad1a7946173a69e7244f034bfcbca6\"},\"headline\":\"The Royal Serenade in the Hall of Mirrors\",\"datePublished\":\"2025-06-09T21:27:51+00:00\",\"dateModified\":\"2026-04-30T15:58:33+00:00\",\"mainEntityOfPage\":{\"@id\":\"https:\/\/www.familinparis.fr\/en\/la-serenade-royale-galerie-des-glaces-chateau-de-versailles\/\"},\"wordCount\":531,\"commentCount\":0,\"image\":{\"@id\":\"https:\/\/www.familinparis.fr\/en\/la-serenade-royale-galerie-des-glaces-chateau-de-versailles\/#primaryimage\"},\"thumbnailUrl\":\"https:\/\/www.familinparis.fr\/wp-content\/uploads\/2025\/06\/affichesserenaderoyale40x601_1737543649-e1749220368315.jpg\",\"keywords\":[\"August\",\"Estate of Versailles\",\"Ile de France\",\"July\",\"June\",\"rain\",\"September\",\"Yvelines\"],\"articleSection\":[\"Castles\",\"Great shows\",\"IDF\",\"Shows\"],\"inLanguage\":\"en-US\",\"potentialAction\":[{\"@type\":\"CommentAction\",\"name\":\"Comment\",\"target\":[\"https:\/\/www.familinparis.fr\/en\/la-serenade-royale-galerie-des-glaces-chateau-de-versailles\/#respond\"]}]},{\"@type\":[\"WebPage\",\"FAQPage\"],\"@id\":\"https:\/\/www.familinparis.fr\/en\/la-serenade-royale-galerie-des-glaces-chateau-de-versailles\/\",\"url\":\"https:\/\/www.familinparis.fr\/en\/la-serenade-royale-galerie-des-glaces-chateau-de-versailles\/\",\"name\":\"The Royal Serenade, Hall of Mirrors at Versailles 2026\",\"isPartOf\":{\"@id\":\"https:\/\/www.familinparis.fr\/en\/#website\"},\"primaryImageOfPage\":{\"@id\":\"https:\/\/www.familinparis.fr\/en\/la-serenade-royale-galerie-des-glaces-chateau-de-versailles\/#primaryimage\"},\"image\":{\"@id\":\"https:\/\/www.familinparis.fr\/en\/la-serenade-royale-galerie-des-glaces-chateau-de-versailles\/#primaryimage\"},\"thumbnailUrl\":\"https:\/\/www.familinparis.fr\/wp-content\/uploads\/2025\/06\/affichesserenaderoyale40x601_1737543649-e1749220368315.jpg\",\"datePublished\":\"2025-06-09T21:27:51+00:00\",\"dateModified\":\"2026-04-30T15:58:33+00:00\",\"author\":{\"@id\":\"https:\/\/www.familinparis.fr\/en\/#\/schema\/person\/76ad1a7946173a69e7244f034bfcbca6\"},\"description\":\"Until September 19, 2026 - The Royal Serenade in the Hall of Mirrors. A visit-show to discover with the family. In Versailles (78)\",\"breadcrumb\":{\"@id\":\"https:\/\/www.familinparis.fr\/en\/la-serenade-royale-galerie-des-glaces-chateau-de-versailles\/#breadcrumb\"},\"mainEntity\":[{\"@id\":\"https:\/\/www.familinparis.fr\/en\/la-serenade-royale-galerie-des-glaces-chateau-de-versailles\/#faq-question-1777564323236\"},{\"@id\":\"https:\/\/www.familinparis.fr\/en\/la-serenade-royale-galerie-des-glaces-chateau-de-versailles\/#faq-question-1777564347876\"},{\"@id\":\"https:\/\/www.familinparis.fr\/en\/la-serenade-royale-galerie-des-glaces-chateau-de-versailles\/#faq-question-1777564389118\"},{\"@id\":\"https:\/\/www.familinparis.fr\/en\/la-serenade-royale-galerie-des-glaces-chateau-de-versailles\/#faq-question-1777564422583\"},{\"@id\":\"https:\/\/www.familinparis.fr\/en\/la-serenade-royale-galerie-des-glaces-chateau-de-versailles\/#faq-question-1777564461363\"},{\"@id\":\"https:\/\/www.familinparis.fr\/en\/la-serenade-royale-galerie-des-glaces-chateau-de-versailles\/#faq-question-1777564493645\"},{\"@id\":\"https:\/\/www.familinparis.fr\/en\/la-serenade-royale-galerie-des-glaces-chateau-de-versailles\/#faq-question-1777564535613\"},{\"@id\":\"https:\/\/www.familinparis.fr\/en\/la-serenade-royale-galerie-des-glaces-chateau-de-versailles\/#faq-question-1777564563396\"}],\"inLanguage\":\"en-US\",\"potentialAction\":[{\"@type\":\"ReadAction\",\"target\":[\"https:\/\/www.familinparis.fr\/en\/la-serenade-royale-galerie-des-glaces-chateau-de-versailles\/\"]}]},{\"@type\":\"ImageObject\",\"inLanguage\":\"en-US\",\"@id\":\"https:\/\/www.familinparis.fr\/en\/la-serenade-royale-galerie-des-glaces-chateau-de-versailles\/#primaryimage\",\"url\":\"https:\/\/www.familinparis.fr\/wp-content\/uploads\/2025\/06\/affichesserenaderoyale40x601_1737543649-e1749220368315.jpg\",\"contentUrl\":\"https:\/\/www.familinparis.fr\/wp-content\/uploads\/2025\/06\/affichesserenaderoyale40x601_1737543649-e1749220368315.jpg\",\"width\":1000,\"height\":1500,\"caption\":\"La S\u00e9r\u00e9nade royale au Ch\u00e2teau de Versailles\"},{\"@type\":\"BreadcrumbList\",\"@id\":\"https:\/\/www.familinparis.fr\/en\/la-serenade-royale-galerie-des-glaces-chateau-de-versailles\/#breadcrumb\",\"itemListElement\":[{\"@type\":\"ListItem\",\"position\":1,\"name\":\"Home\",\"item\":\"https:\/\/www.familinparis.fr\/en\/\"},{\"@type\":\"ListItem\",\"position\":2,\"name\":\"Exposition\",\"item\":\"https:\/\/www.familinparis.fr\/en\/categorie\/exposition-en\/\"},{\"@type\":\"ListItem\",\"position\":3,\"name\":\"The Royal Serenade in the Hall of Mirrors\"}]},{\"@type\":\"WebSite\",\"@id\":\"https:\/\/www.familinparis.fr\/en\/#website\",\"url\":\"https:\/\/www.familinparis.fr\/en\/\",\"name\":\"Familin&#039;Paris\",\"description\":\"Visiter le meilleur de Paris avec des enfants : sorties, spectacles, adresses de restaurants, shopping, bons plans...\",\"potentialAction\":[{\"@type\":\"SearchAction\",\"target\":{\"@type\":\"EntryPoint\",\"urlTemplate\":\"https:\/\/www.familinparis.fr\/en\/?s={search_term_string}\"},\"query-input\":{\"@type\":\"PropertyValueSpecification\",\"valueRequired\":true,\"valueName\":\"search_term_string\"}}],\"inLanguage\":\"en-US\"},{\"@type\":\"Person\",\"@id\":\"https:\/\/www.familinparis.fr\/en\/#\/schema\/person\/76ad1a7946173a69e7244f034bfcbca6\",\"name\":\"Magali\",\"image\":{\"@type\":\"ImageObject\",\"inLanguage\":\"en-US\",\"@id\":\"https:\/\/secure.gravatar.com\/avatar\/5784aec9c0ccc7e91e71b0573d0870889e43807ad8b24908c501df25e58fa11a?s=96&d=identicon&r=g\",\"url\":\"https:\/\/secure.gravatar.com\/avatar\/5784aec9c0ccc7e91e71b0573d0870889e43807ad8b24908c501df25e58fa11a?s=96&d=identicon&r=g\",\"contentUrl\":\"https:\/\/secure.gravatar.com\/avatar\/5784aec9c0ccc7e91e71b0573d0870889e43807ad8b24908c501df25e58fa11a?s=96&d=identicon&r=g\",\"caption\":\"Magali\"}},{\"@type\":\"Question\",\"@id\":\"https:\/\/www.familinparis.fr\/en\/la-serenade-royale-galerie-des-glaces-chateau-de-versailles\/#faq-question-1777564323236\",\"position\":1,\"url\":\"https:\/\/www.familinparis.fr\/en\/la-serenade-royale-galerie-des-glaces-chateau-de-versailles\/#faq-question-1777564323236\",\"name\":\"Where do I access the tour-show \\\"The Royal Serenade of the Hall of Mirrors\\\"?\",\"answerCount\":1,\"acceptedAnswer\":{\"@type\":\"Answer\",\"text\":\"Access to the Royal Serenade in the Hall of Mirrors is through Entrance A, through the Dufour Pavilion\",\"inLanguage\":\"en-US\"},\"inLanguage\":\"en-US\"},{\"@type\":\"Question\",\"@id\":\"https:\/\/www.familinparis.fr\/en\/la-serenade-royale-galerie-des-glaces-chateau-de-versailles\/#faq-question-1777564347876\",\"position\":2,\"url\":\"https:\/\/www.familinparis.fr\/en\/la-serenade-royale-galerie-des-glaces-chateau-de-versailles\/#faq-question-1777564347876\",\"name\":\"Can we sit down for the duration of the show?\",\"answerCount\":1,\"acceptedAnswer\":{\"@type\":\"Answer\",\"text\":\"No, it is not possible because it is an ambulatory route. There are no seats specifically provided to watch the show \",\"inLanguage\":\"en-US\"},\"inLanguage\":\"en-US\"},{\"@type\":\"Question\",\"@id\":\"https:\/\/www.familinparis.fr\/en\/la-serenade-royale-galerie-des-glaces-chateau-de-versailles\/#faq-question-1777564389118\",\"position\":3,\"url\":\"https:\/\/www.familinparis.fr\/en\/la-serenade-royale-galerie-des-glaces-chateau-de-versailles\/#faq-question-1777564389118\",\"name\":\"Can I leave the castle with my tickets and come back afterwards?\",\"answerCount\":1,\"acceptedAnswer\":{\"@type\":\"Answer\",\"text\":\"No, any exit is final\",\"inLanguage\":\"en-US\"},\"inLanguage\":\"en-US\"},{\"@type\":\"Question\",\"@id\":\"https:\/\/www.familinparis.fr\/en\/la-serenade-royale-galerie-des-glaces-chateau-de-versailles\/#faq-question-1777564422583\",\"position\":4,\"url\":\"https:\/\/www.familinparis.fr\/en\/la-serenade-royale-galerie-des-glaces-chateau-de-versailles\/#faq-question-1777564422583\",\"name\":\"Can I exchange or get a refund for my ticket?\",\"answerCount\":1,\"acceptedAnswer\":{\"@type\":\"Answer\",\"text\":\"Tickets are non-exchangeable and non-refundable. But you can take out a \\\"48-hour reimbursement insurance\\\" insurance \",\"inLanguage\":\"en-US\"},\"inLanguage\":\"en-US\"},{\"@type\":\"Question\",\"@id\":\"https:\/\/www.familinparis.fr\/en\/la-serenade-royale-galerie-des-glaces-chateau-de-versailles\/#faq-question-1777564461363\",\"position\":5,\"url\":\"https:\/\/www.familinparis.fr\/en\/la-serenade-royale-galerie-des-glaces-chateau-de-versailles\/#faq-question-1777564461363\",\"name\":\"With children of what age can you attend the show?\",\"answerCount\":1,\"acceptedAnswer\":{\"@type\":\"Answer\",\"text\":\"The show is accessible to children of all ages. However, they must be accompanied by an adult \",\"inLanguage\":\"en-US\"},\"inLanguage\":\"en-US\"},{\"@type\":\"Question\",\"@id\":\"https:\/\/www.familinparis.fr\/en\/la-serenade-royale-galerie-des-glaces-chateau-de-versailles\/#faq-question-1777564493645\",\"position\":6,\"url\":\"https:\/\/www.familinparis.fr\/en\/la-serenade-royale-galerie-des-glaces-chateau-de-versailles\/#faq-question-1777564493645\",\"name\":\"How to get to the Palace of Versailles by car?\",\"answerCount\":1,\"acceptedAnswer\":{\"@type\":\"Answer\",\"text\":\"You have the possibility to park your vehicle in the Place d'Armes car park, in front of the castle (subject to availability). This car park is paid during the day and is often saturated. However, parking is available on show nights, but only starting at 7 p.m. As a result, parking hours before 7 p.m. remain chargeable.   \",\"inLanguage\":\"en-US\"},\"inLanguage\":\"en-US\"},{\"@type\":\"Question\",\"@id\":\"https:\/\/www.familinparis.fr\/en\/la-serenade-royale-galerie-des-glaces-chateau-de-versailles\/#faq-question-1777564535613\",\"position\":7,\"url\":\"https:\/\/www.familinparis.fr\/en\/la-serenade-royale-galerie-des-glaces-chateau-de-versailles\/#faq-question-1777564535613\",\"name\":\"How to get to the Palace of Versailles by train?\",\"answerCount\":1,\"acceptedAnswer\":{\"@type\":\"Answer\",\"text\":\"Coming from Paris, take line N at Gare Montparnasse (Versailles Chantiers stop). From the Saint-Lazare train station, line L, get off at the Versailles - Rive Droite stop. For these two trips, it takes 20 minutes to walk to the castle  \",\"inLanguage\":\"en-US\"},\"inLanguage\":\"en-US\"},{\"@type\":\"Question\",\"@id\":\"https:\/\/www.familinparis.fr\/en\/la-serenade-royale-galerie-des-glaces-chateau-de-versailles\/#faq-question-1777564563396\",\"position\":8,\"url\":\"https:\/\/www.familinparis.fr\/en\/la-serenade-royale-galerie-des-glaces-chateau-de-versailles\/#faq-question-1777564563396\",\"name\":\"How to get to the Palace of Versailles by RER?\",\"answerCount\":1,\"acceptedAnswer\":{\"@type\":\"Answer\",\"text\":\"Take line C to Versailles Ch\u00e2teau - Rive Gauche. You can walk to the castle in 10min \",\"inLanguage\":\"en-US\"},\"inLanguage\":\"en-US\"}]}<\/script>\n<!-- \/ Yoast SEO plugin. -->","yoast_head_json":{"title":"The Royal Serenade, Hall of Mirrors at Versailles 2026","description":"Until September 19, 2026 - The Royal Serenade in the Hall of Mirrors. A visit-show to discover with the family. In Versailles (78)","robots":{"index":"index","follow":"follow","max-snippet":"max-snippet:-1","max-image-preview":"max-image-preview:large","max-video-preview":"max-video-preview:-1"},"canonical":"https:\/\/www.familinparis.fr\/en\/la-serenade-royale-galerie-des-glaces-chateau-de-versailles\/","og_locale":"en_US","og_type":"article","og_title":"The Royal Serenade, Hall of Mirrors at Versailles 2026","og_description":"Until September 19, 2026 - The Royal Serenade in the Hall of Mirrors. A visit-show to discover with the family. In Versailles (78)","og_url":"https:\/\/www.familinparis.fr\/en\/la-serenade-royale-galerie-des-glaces-chateau-de-versailles\/","og_site_name":"Familin&#039;Paris","article_published_time":"2025-06-09T21:27:51+00:00","article_modified_time":"2026-04-30T15:58:33+00:00","og_image":[{"width":1000,"height":1500,"url":"https:\/\/www.familinparis.fr\/wp-content\/uploads\/2025\/06\/affichesserenaderoyale40x601_1737543649-e1749220368315.jpg","type":"image\/jpeg"}],"author":"Magali","twitter_card":"summary_large_image","twitter_misc":{"Written by":"Magali","Est. reading time":"3 minutes"},"schema":{"@context":"https:\/\/schema.org","@graph":[{"@type":"Article","@id":"https:\/\/www.familinparis.fr\/en\/la-serenade-royale-galerie-des-glaces-chateau-de-versailles\/#article","isPartOf":{"@id":"https:\/\/www.familinparis.fr\/en\/la-serenade-royale-galerie-des-glaces-chateau-de-versailles\/"},"author":{"name":"Magali","@id":"https:\/\/www.familinparis.fr\/en\/#\/schema\/person\/76ad1a7946173a69e7244f034bfcbca6"},"headline":"The Royal Serenade in the Hall of Mirrors","datePublished":"2025-06-09T21:27:51+00:00","dateModified":"2026-04-30T15:58:33+00:00","mainEntityOfPage":{"@id":"https:\/\/www.familinparis.fr\/en\/la-serenade-royale-galerie-des-glaces-chateau-de-versailles\/"},"wordCount":531,"commentCount":0,"image":{"@id":"https:\/\/www.familinparis.fr\/en\/la-serenade-royale-galerie-des-glaces-chateau-de-versailles\/#primaryimage"},"thumbnailUrl":"https:\/\/www.familinparis.fr\/wp-content\/uploads\/2025\/06\/affichesserenaderoyale40x601_1737543649-e1749220368315.jpg","keywords":["August","Estate of Versailles","Ile de France","July","June","rain","September","Yvelines"],"articleSection":["Castles","Great shows","IDF","Shows"],"inLanguage":"en-US","potentialAction":[{"@type":"CommentAction","name":"Comment","target":["https:\/\/www.familinparis.fr\/en\/la-serenade-royale-galerie-des-glaces-chateau-de-versailles\/#respond"]}]},{"@type":["WebPage","FAQPage"],"@id":"https:\/\/www.familinparis.fr\/en\/la-serenade-royale-galerie-des-glaces-chateau-de-versailles\/","url":"https:\/\/www.familinparis.fr\/en\/la-serenade-royale-galerie-des-glaces-chateau-de-versailles\/","name":"The Royal Serenade, Hall of Mirrors at Versailles 2026","isPartOf":{"@id":"https:\/\/www.familinparis.fr\/en\/#website"},"primaryImageOfPage":{"@id":"https:\/\/www.familinparis.fr\/en\/la-serenade-royale-galerie-des-glaces-chateau-de-versailles\/#primaryimage"},"image":{"@id":"https:\/\/www.familinparis.fr\/en\/la-serenade-royale-galerie-des-glaces-chateau-de-versailles\/#primaryimage"},"thumbnailUrl":"https:\/\/www.familinparis.fr\/wp-content\/uploads\/2025\/06\/affichesserenaderoyale40x601_1737543649-e1749220368315.jpg","datePublished":"2025-06-09T21:27:51+00:00","dateModified":"2026-04-30T15:58:33+00:00","author":{"@id":"https:\/\/www.familinparis.fr\/en\/#\/schema\/person\/76ad1a7946173a69e7244f034bfcbca6"},"description":"Until September 19, 2026 - The Royal Serenade in the Hall of Mirrors. A visit-show to discover with the family. In Versailles (78)","breadcrumb":{"@id":"https:\/\/www.familinparis.fr\/en\/la-serenade-royale-galerie-des-glaces-chateau-de-versailles\/#breadcrumb"},"mainEntity":[{"@id":"https:\/\/www.familinparis.fr\/en\/la-serenade-royale-galerie-des-glaces-chateau-de-versailles\/#faq-question-1777564323236"},{"@id":"https:\/\/www.familinparis.fr\/en\/la-serenade-royale-galerie-des-glaces-chateau-de-versailles\/#faq-question-1777564347876"},{"@id":"https:\/\/www.familinparis.fr\/en\/la-serenade-royale-galerie-des-glaces-chateau-de-versailles\/#faq-question-1777564389118"},{"@id":"https:\/\/www.familinparis.fr\/en\/la-serenade-royale-galerie-des-glaces-chateau-de-versailles\/#faq-question-1777564422583"},{"@id":"https:\/\/www.familinparis.fr\/en\/la-serenade-royale-galerie-des-glaces-chateau-de-versailles\/#faq-question-1777564461363"},{"@id":"https:\/\/www.familinparis.fr\/en\/la-serenade-royale-galerie-des-glaces-chateau-de-versailles\/#faq-question-1777564493645"},{"@id":"https:\/\/www.familinparis.fr\/en\/la-serenade-royale-galerie-des-glaces-chateau-de-versailles\/#faq-question-1777564535613"},{"@id":"https:\/\/www.familinparis.fr\/en\/la-serenade-royale-galerie-des-glaces-chateau-de-versailles\/#faq-question-1777564563396"}],"inLanguage":"en-US","potentialAction":[{"@type":"ReadAction","target":["https:\/\/www.familinparis.fr\/en\/la-serenade-royale-galerie-des-glaces-chateau-de-versailles\/"]}]},{"@type":"ImageObject","inLanguage":"en-US","@id":"https:\/\/www.familinparis.fr\/en\/la-serenade-royale-galerie-des-glaces-chateau-de-versailles\/#primaryimage","url":"https:\/\/www.familinparis.fr\/wp-content\/uploads\/2025\/06\/affichesserenaderoyale40x601_1737543649-e1749220368315.jpg","contentUrl":"https:\/\/www.familinparis.fr\/wp-content\/uploads\/2025\/06\/affichesserenaderoyale40x601_1737543649-e1749220368315.jpg","width":1000,"height":1500,"caption":"La S\u00e9r\u00e9nade royale au Ch\u00e2teau de Versailles"},{"@type":"BreadcrumbList","@id":"https:\/\/www.familinparis.fr\/en\/la-serenade-royale-galerie-des-glaces-chateau-de-versailles\/#breadcrumb","itemListElement":[{"@type":"ListItem","position":1,"name":"Home","item":"https:\/\/www.familinparis.fr\/en\/"},{"@type":"ListItem","position":2,"name":"Exposition","item":"https:\/\/www.familinparis.fr\/en\/categorie\/exposition-en\/"},{"@type":"ListItem","position":3,"name":"The Royal Serenade in the Hall of Mirrors"}]},{"@type":"WebSite","@id":"https:\/\/www.familinparis.fr\/en\/#website","url":"https:\/\/www.familinparis.fr\/en\/","name":"Familin&#039;Paris","description":"Visiter le meilleur de Paris avec des enfants : sorties, spectacles, adresses de restaurants, shopping, bons plans...","potentialAction":[{"@type":"SearchAction","target":{"@type":"EntryPoint","urlTemplate":"https:\/\/www.familinparis.fr\/en\/?s={search_term_string}"},"query-input":{"@type":"PropertyValueSpecification","valueRequired":true,"valueName":"search_term_string"}}],"inLanguage":"en-US"},{"@type":"Person","@id":"https:\/\/www.familinparis.fr\/en\/#\/schema\/person\/76ad1a7946173a69e7244f034bfcbca6","name":"Magali","image":{"@type":"ImageObject","inLanguage":"en-US","@id":"https:\/\/secure.gravatar.com\/avatar\/5784aec9c0ccc7e91e71b0573d0870889e43807ad8b24908c501df25e58fa11a?s=96&d=identicon&r=g","url":"https:\/\/secure.gravatar.com\/avatar\/5784aec9c0ccc7e91e71b0573d0870889e43807ad8b24908c501df25e58fa11a?s=96&d=identicon&r=g","contentUrl":"https:\/\/secure.gravatar.com\/avatar\/5784aec9c0ccc7e91e71b0573d0870889e43807ad8b24908c501df25e58fa11a?s=96&d=identicon&r=g","caption":"Magali"}},{"@type":"Question","@id":"https:\/\/www.familinparis.fr\/en\/la-serenade-royale-galerie-des-glaces-chateau-de-versailles\/#faq-question-1777564323236","position":1,"url":"https:\/\/www.familinparis.fr\/en\/la-serenade-royale-galerie-des-glaces-chateau-de-versailles\/#faq-question-1777564323236","name":"Where do I access the tour-show \"The Royal Serenade of the Hall of Mirrors\"?","answerCount":1,"acceptedAnswer":{"@type":"Answer","text":"Access to the Royal Serenade in the Hall of Mirrors is through Entrance A, through the Dufour Pavilion","inLanguage":"en-US"},"inLanguage":"en-US"},{"@type":"Question","@id":"https:\/\/www.familinparis.fr\/en\/la-serenade-royale-galerie-des-glaces-chateau-de-versailles\/#faq-question-1777564347876","position":2,"url":"https:\/\/www.familinparis.fr\/en\/la-serenade-royale-galerie-des-glaces-chateau-de-versailles\/#faq-question-1777564347876","name":"Can we sit down for the duration of the show?","answerCount":1,"acceptedAnswer":{"@type":"Answer","text":"No, it is not possible because it is an ambulatory route. There are no seats specifically provided to watch the show ","inLanguage":"en-US"},"inLanguage":"en-US"},{"@type":"Question","@id":"https:\/\/www.familinparis.fr\/en\/la-serenade-royale-galerie-des-glaces-chateau-de-versailles\/#faq-question-1777564389118","position":3,"url":"https:\/\/www.familinparis.fr\/en\/la-serenade-royale-galerie-des-glaces-chateau-de-versailles\/#faq-question-1777564389118","name":"Can I leave the castle with my tickets and come back afterwards?","answerCount":1,"acceptedAnswer":{"@type":"Answer","text":"No, any exit is final","inLanguage":"en-US"},"inLanguage":"en-US"},{"@type":"Question","@id":"https:\/\/www.familinparis.fr\/en\/la-serenade-royale-galerie-des-glaces-chateau-de-versailles\/#faq-question-1777564422583","position":4,"url":"https:\/\/www.familinparis.fr\/en\/la-serenade-royale-galerie-des-glaces-chateau-de-versailles\/#faq-question-1777564422583","name":"Can I exchange or get a refund for my ticket?","answerCount":1,"acceptedAnswer":{"@type":"Answer","text":"Tickets are non-exchangeable and non-refundable. But you can take out a \"48-hour reimbursement insurance\" insurance ","inLanguage":"en-US"},"inLanguage":"en-US"},{"@type":"Question","@id":"https:\/\/www.familinparis.fr\/en\/la-serenade-royale-galerie-des-glaces-chateau-de-versailles\/#faq-question-1777564461363","position":5,"url":"https:\/\/www.familinparis.fr\/en\/la-serenade-royale-galerie-des-glaces-chateau-de-versailles\/#faq-question-1777564461363","name":"With children of what age can you attend the show?","answerCount":1,"acceptedAnswer":{"@type":"Answer","text":"The show is accessible to children of all ages. However, they must be accompanied by an adult ","inLanguage":"en-US"},"inLanguage":"en-US"},{"@type":"Question","@id":"https:\/\/www.familinparis.fr\/en\/la-serenade-royale-galerie-des-glaces-chateau-de-versailles\/#faq-question-1777564493645","position":6,"url":"https:\/\/www.familinparis.fr\/en\/la-serenade-royale-galerie-des-glaces-chateau-de-versailles\/#faq-question-1777564493645","name":"How to get to the Palace of Versailles by car?","answerCount":1,"acceptedAnswer":{"@type":"Answer","text":"You have the possibility to park your vehicle in the Place d'Armes car park, in front of the castle (subject to availability). This car park is paid during the day and is often saturated. However, parking is available on show nights, but only starting at 7 p.m. As a result, parking hours before 7 p.m. remain chargeable.   ","inLanguage":"en-US"},"inLanguage":"en-US"},{"@type":"Question","@id":"https:\/\/www.familinparis.fr\/en\/la-serenade-royale-galerie-des-glaces-chateau-de-versailles\/#faq-question-1777564535613","position":7,"url":"https:\/\/www.familinparis.fr\/en\/la-serenade-royale-galerie-des-glaces-chateau-de-versailles\/#faq-question-1777564535613","name":"How to get to the Palace of Versailles by train?","answerCount":1,"acceptedAnswer":{"@type":"Answer","text":"Coming from Paris, take line N at Gare Montparnasse (Versailles Chantiers stop). From the Saint-Lazare train station, line L, get off at the Versailles - Rive Droite stop. For these two trips, it takes 20 minutes to walk to the castle  ","inLanguage":"en-US"},"inLanguage":"en-US"},{"@type":"Question","@id":"https:\/\/www.familinparis.fr\/en\/la-serenade-royale-galerie-des-glaces-chateau-de-versailles\/#faq-question-1777564563396","position":8,"url":"https:\/\/www.familinparis.fr\/en\/la-serenade-royale-galerie-des-glaces-chateau-de-versailles\/#faq-question-1777564563396","name":"How to get to the Palace of Versailles by RER?","answerCount":1,"acceptedAnswer":{"@type":"Answer","text":"Take line C to Versailles Ch\u00e2teau - Rive Gauche. You can walk to the castle in 10min ","inLanguage":"en-US"},"inLanguage":"en-US"}]}},"uagb_featured_image_src":{"full":["https:\/\/www.familinparis.fr\/wp-content\/uploads\/2025\/06\/affichesserenaderoyale40x601_1737543649-e1749220368315.jpg",1000,1500,false],"thumbnail":["https:\/\/www.familinparis.fr\/wp-content\/uploads\/2025\/06\/affichesserenaderoyale40x601_1737543649-150x150.jpg",150,150,true],"medium":["https:\/\/www.familinparis.fr\/wp-content\/uploads\/2025\/06\/affichesserenaderoyale40x601_1737543649-200x300.jpg",200,300,true],"medium_large":["https:\/\/www.familinparis.fr\/wp-content\/uploads\/2025\/06\/affichesserenaderoyale40x601_1737543649-768x1152.jpg",768,1152,true],"large":["https:\/\/www.familinparis.fr\/wp-content\/uploads\/2025\/06\/affichesserenaderoyale40x601_1737543649-683x1024.jpg",683,1024,true],"1536x1536":["https:\/\/www.familinparis.fr\/wp-content\/uploads\/2025\/06\/affichesserenaderoyale40x601_1737543649-e1749220368315.jpg",1000,1500,false],"2048x2048":["https:\/\/www.familinparis.fr\/wp-content\/uploads\/2025\/06\/affichesserenaderoyale40x601_1737543649-e1749220368315.jpg",1000,1500,false],"home-thumb":["https:\/\/www.familinparis.fr\/wp-content\/uploads\/2025\/06\/affichesserenaderoyale40x601_1737543649-487x730.jpg",487,730,true],"home-slider":["https:\/\/www.familinparis.fr\/wp-content\/uploads\/2025\/06\/affichesserenaderoyale40x601_1737543649-800x600.jpg",800,600,true],"lightbox-slider-size":["https:\/\/www.familinparis.fr\/wp-content\/uploads\/2025\/06\/affichesserenaderoyale40x601_1737543649-564x282.jpg",564,282,true],"post-thumbnail":["https:\/\/www.familinparis.fr\/wp-content\/uploads\/2025\/06\/affichesserenaderoyale40x601_1737543649-270x180.jpg",270,180,true],"cheerup-main":["https:\/\/www.familinparis.fr\/wp-content\/uploads\/2025\/06\/affichesserenaderoyale40x601_1737543649-770x400.jpg",770,400,true],"cheerup-main-full":["https:\/\/www.familinparis.fr\/wp-content\/uploads\/2025\/06\/affichesserenaderoyale40x601_1737543649-1000x508.jpg",1000,508,true],"cheerup-slider-alt":["https:\/\/www.familinparis.fr\/wp-content\/uploads\/2025\/06\/affichesserenaderoyale40x601_1737543649-1000x508.jpg",1000,508,true],"cheerup-slider-trendy":["https:\/\/www.familinparis.fr\/wp-content\/uploads\/2025\/06\/affichesserenaderoyale40x601_1737543649-960x508.jpg",960,508,true],"cheerup-slider-stylish":["https:\/\/www.familinparis.fr\/wp-content\/uploads\/2025\/06\/affichesserenaderoyale40x601_1737543649-900x515.jpg",900,515,true],"cheerup-slider-grid":["https:\/\/www.familinparis.fr\/wp-content\/uploads\/2025\/06\/affichesserenaderoyale40x601_1737543649-870x600.jpg",870,600,true],"cheerup-slider-grid-sm":["https:\/\/www.familinparis.fr\/wp-content\/uploads\/2025\/06\/affichesserenaderoyale40x601_1737543649-300x300.jpg",300,300,true],"cheerup-slider-carousel":["https:\/\/www.familinparis.fr\/wp-content\/uploads\/2025\/06\/affichesserenaderoyale40x601_1737543649-370x370.jpg",370,370,true],"cheerup-slider-grid-b":["https:\/\/www.familinparis.fr\/wp-content\/uploads\/2025\/06\/affichesserenaderoyale40x601_1737543649-554x466.jpg",554,466,true],"cheerup-slider-grid-b-sm":["https:\/\/www.familinparis.fr\/wp-content\/uploads\/2025\/06\/affichesserenaderoyale40x601_1737543649-306x466.jpg",306,466,true],"cheerup-slider-bold-sm":["https:\/\/www.familinparis.fr\/wp-content\/uploads\/2025\/06\/affichesserenaderoyale40x601_1737543649-150x150.jpg",150,150,true],"cheerup-grid":["https:\/\/www.familinparis.fr\/wp-content\/uploads\/2025\/06\/affichesserenaderoyale40x601_1737543649-370x285.jpg",370,285,true],"cheerup-carousel":["https:\/\/www.familinparis.fr\/wp-content\/uploads\/2025\/06\/affichesserenaderoyale40x601_1737543649-270x180.jpg",270,180,true],"cheerup-carousel-b":["https:\/\/www.familinparis.fr\/wp-content\/uploads\/2025\/06\/affichesserenaderoyale40x601_1737543649-370x285.jpg",370,285,true],"cheerup-list":["https:\/\/www.familinparis.fr\/wp-content\/uploads\/2025\/06\/affichesserenaderoyale40x601_1737543649-260x200.jpg",260,200,true],"cheerup-list-b":["https:\/\/www.familinparis.fr\/wp-content\/uploads\/2025\/06\/affichesserenaderoyale40x601_1737543649-370x305.jpg",370,305,true],"cheerup-thumb":["https:\/\/www.familinparis.fr\/wp-content\/uploads\/2025\/06\/affichesserenaderoyale40x601_1737543649-87x67.jpg",87,67,true],"cheerup-thumb-alt":["https:\/\/www.familinparis.fr\/wp-content\/uploads\/2025\/06\/affichesserenaderoyale40x601_1737543649-150x150.jpg",150,150,true]},"uagb_author_info":{"display_name":"Magali","author_link":"https:\/\/www.familinparis.fr\/en\/author\/tapuscrit\/"},"uagb_comment_info":0,"uagb_excerpt":"For all until September 13, 2025","_links":{"self":[{"href":"https:\/\/www.familinparis.fr\/en\/wp-json\/wp\/v2\/posts\/153634","targetHints":{"allow":["GET"]}}],"collection":[{"href":"https:\/\/www.familinparis.fr\/en\/wp-json\/wp\/v2\/posts"}],"about":[{"href":"https:\/\/www.familinparis.fr\/en\/wp-json\/wp\/v2\/types\/post"}],"author":[{"embeddable":true,"href":"https:\/\/www.familinparis.fr\/en\/wp-json\/wp\/v2\/users\/12"}],"replies":[{"embeddable":true,"href":"https:\/\/www.familinparis.fr\/en\/wp-json\/wp\/v2\/comments?post=153634"}],"version-history":[{"count":0,"href":"https:\/\/www.familinparis.fr\/en\/wp-json\/wp\/v2\/posts\/153634\/revisions"}],"wp:featuredmedia":[{"embeddable":true,"href":"https:\/\/www.familinparis.fr\/en\/wp-json\/wp\/v2\/media\/144754"}],"wp:attachment":[{"href":"https:\/\/www.familinparis.fr\/en\/wp-json\/wp\/v2\/media?parent=153634"}],"wp:term":[{"taxonomy":"category","embeddable":true,"href":"https:\/\/www.familinparis.fr\/en\/wp-json\/wp\/v2\/categories?post=153634"},{"taxonomy":"post_tag","embeddable":true,"href":"https:\/\/www.familinparis.fr\/en\/wp-json\/wp\/v2\/tags?post=153634"}],"curies":[{"name":"wp","href":"https:\/\/api.w.org\/{rel}","templated":true}]}}