{"id":150851,"date":"2026-01-13T17:58:10","date_gmt":"2026-01-13T15:58:10","guid":{"rendered":"https:\/\/www.familinparis.fr\/idees-d-activite-pour-les-vacances-de-fevrier-avec-un-enfant\/"},"modified":"2026-02-01T21:17:09","modified_gmt":"2026-02-01T19:17:09","slug":"idees-d-activite-pour-les-vacances-de-fevrier-avec-un-enfant","status":"publish","type":"post","link":"https:\/\/www.familinparis.fr\/en\/idees-d-activite-pour-les-vacances-de-fevrier-avec-un-enfant\/","title":{"rendered":"Les vacances de f\u00e9vrier avec les 0-6 ans \u00e0 Paris"},"content":{"rendered":"<div class=\"lazyblock-baseline-20jgly wp-block-lazyblock-baseline\"><div class=\"baseline\">From 7 February 2026 to 9 March 2026<br>\ud83d\udc49 Discover our suggestions with a young child in Paris and outside Paris during the winter holidays. Don&#8217;t wait to book, some activities have few scheduled dates <\/div><\/div>\n<div class=\"wp-block-columns is-layout-flex wp-container-core-columns-is-layout-9d6595d7 wp-block-columns-is-layout-flex\">\n<div class=\"wp-block-column is-layout-flow wp-block-column-is-layout-flow\"><div class=\"lazyblock-section-Z2mrRVG wp-block-lazyblock-section\">\n  <div class=\"uagb-section__overlay\"><\/div>\n\t<div class=\"lazyblock-inner-blocks\">\n\n<h2 class=\"wp-block-heading has-text-align-center has-large-font-size\">Must-sees with a young child during the holidays<\/h2>\n\n\n<div class=\"lazyblock-etiquettes-2sHjcf wp-block-lazyblock-etiquettes\"><div class=\"labels__fam\">\n        <a href=\"https:\/\/www.familinparis.fr\/en\/spectacle-enfant-3-6-ans-paris\/\" class=\"labels__fam-color-lightBlue labels__fam-radius-rounded\">\n        AN OUTING TO THE THEATRE      <\/a>\n        <a href=\"https:\/\/www.familinparis.fr\/en\/expo-enfants\/\" class=\"labels__fam-color-lightBlue labels__fam-radius-rounded\">\n        AN EXHIBITION      <\/a>\n        <a href=\"https:\/\/www.familinparis.fr\/en\/chateau-ile-de-france\/\" class=\"labels__fam-color-lightBlue labels__fam-radius-rounded\">\n        A CASTLE AROUND PARIS      <\/a>\n  <\/div><\/div>\n<\/div>\n<\/div><\/div>\n\n\n\n<div class=\"wp-block-column is-layout-flow wp-block-column-is-layout-flow\"><div class=\"lazyblock-section-2huSsB wp-block-lazyblock-section\">\n  <div class=\"uagb-section__overlay\"><\/div>\n\t<div class=\"lazyblock-inner-blocks\">\n\n<h2 class=\"wp-block-heading has-text-align-center has-large-font-size\">It should appeal to 0-6 year olds!<\/h2>\n\n\n\n<ol class=\"wp-block-list\">\n<li><strong>Concert<\/strong> &#8211; <a href=\"https:\/\/www.familinparis.fr\/en\/jazz-and-afternoon-tea-at-sunset-sunside\/\">Jazz and Afternoon Tea at the Sunset Sunside<\/a><\/li>\n\n\n\n<li><strong>Music<\/strong> &#8211; <a href=\"https:\/\/www.familinparis.fr\/en\/the-childrens-philharmonic\/\">The Children&#8217;s Philharmonic<\/a><\/li>\n\n\n\n<li><strong>News<\/strong> &#8211; <a href=\"https:\/\/www.familinparis.fr\/en\/the-2025-agricultural-show\/\">The Agricultural Show<\/a><\/li>\n\n\n\n<li><strong>Cinema<\/strong> &#8211; <a href=\"https:\/\/www.familinparis.fr\/en\/toddler-cinema-festival\/\">Very small cinema<\/a><\/li>\n\n\n\n<li><strong>A must-see<\/strong> &#8211; <a href=\"https:\/\/www.familinparis.fr\/en\/the-acclimatization-garden\/\">The Jardin d&#8217;Acclimatation<\/a><\/li>\n\n\n\n<li><strong>Unusual visit<\/strong> &#8211; <a href=\"https:\/\/www.familinparis.fr\/en\/paris-in-cartoons-guided-tour\/\">Paris in cartoons<\/a><\/li>\n\n\n\n<li><strong>Show<\/strong> &#8211; <a href=\"https:\/\/www.familinparis.fr\/theatre-le-lucernaire-spectacle-enfant-la-grande-cuisine-du-petit-leon\/\">Little L\u00e9on&#8217;s Big Kitchen<\/a><\/li>\n\n\n\n<li><strong>Magical<\/strong> &#8211; <a href=\"https:\/\/www.familinparis.fr\/en\/japan-in-lights-at-the-jardin-d-acclimatation\/\">The &#8220;Japan in Lights&#8221; light trail<\/a><\/li>\n\n\n\n<li><strong>Timeless <\/strong>&#8211; <a href=\"https:\/\/www.familinparis.fr\/tempo-cirque-bouglione\/\">Tempo, The Bouglione Circus <\/a> <\/li>\n<\/ol>\n\n<\/div>\n<\/div><\/div>\n<\/div>\n<div class=\"lazyblock-etiquettes-Z2uJ2Hv wp-block-lazyblock-etiquettes\"><div class=\"labels__fam\">\n        <a href=\"#ANIMAUX\/\" class=\"labels__fam-color-green labels__fam-radius-rounded\">\n        ANIMALS      <\/a>\n        <a href=\"#CULTUREL\/\" class=\"labels__fam-color-orange labels__fam-radius-rounded\">\n        MUSEUMS AND EXHIBITIONS      <\/a>\n        <a href=\"#STAGE\/\" class=\"labels__fam-color-pink labels__fam-radius-rounded\">\n        COURSES AND WORKSHOPS      <\/a>\n        <a href=\"#PARCS-LOISIRS\/\" class=\"labels__fam-color-lightBlue labels__fam-radius-rounded\">\n        AMUSEMENT PARKS      <\/a>\n        <a href=\"#TOURISTE\/\" class=\"labels__fam-color-blue labels__fam-radius-rounded\">\n        TOURIST ACTIVITIES      <\/a>\n  <\/div><\/div>\n<div class=\"wp-block-getwid-anchor\" id=\"ANIMAUX\"\/>\n\n<div style=\"height:30px\" aria-hidden=\"true\" class=\"wp-block-spacer\"><\/div>\n<div class=\"lazyblock-grids-19QsE wp-block-lazyblock-grids\"><!--\n<div class=\"row new-grids grids-style-2\">\n    <div class=\"glide grid-carousel\">\n        <div class=\"grid-title grid-carousel--title\">\n            <div>\n                                    <h2>Animals: zoological parks and aquariums<\/h2>\n                                            <\/div>\n            <div>\n                <div class=\"glide__arrows\" data-glide-el=\"controls\">\n                    <button class=\"glide__arrow glide__arrow--left\" data-glide-dir=\"|&lt;\"><i class=\"fa fa-angle-left\"><\/i><\/button>\n                    <button class=\"glide__arrow glide__arrow--right\" data-glide-dir=\"|&gt;\"><i class=\"fa fa-angle-right\"><\/i><\/button>\n                <\/div>\n            <\/div>\n        <\/div>\n        \n        <div class=\"glide__track\" data-glide-el=\"track\">\n            <ul class=\"glide__slides\">\n                <li class=\"glide__slide\">\n\n<div class=\"grid\">\n\t<a href=\"https:\/\/www.familinparis.fr\/en\/aquarium-of-paris-price\/\" target=\"_self\">\n\t    <div class=\"image\" style=\"background-image:url('https:\/\/www.familinparis.fr\/wp-content\/uploads\/photos-familinparis-2021\/animaux\/l-aquarium-de-paris-enfant-\u00a9Estelle-Hirrien-564x282.jpg')\">\n\t    \t\t    \t<div class=\"dateOnImg\">7 days a week<\/div>\n\t    \t\t\t\t\t    <\/div>\n\t    <div class=\"texte\">\n\t        <h5>Trocadero Garden<\/h5>\n\t        <h3>Aquarium of Paris<\/h3>\n\t        <div class=\"tags\">\n\t        \t\t        \t\t<span>PROMO on duo tickets<\/span>\n\t        \t\t        \t<span>About 1 hour<\/span>\n\t        <\/div>\n\t        <div class=\"bas\">\n        \t\t<div class=\"prix\">\n        \t\t\t\t        \t\t\t<span>From<\/span>\n\t        \t\t\t<span class=\"chiffre-barre\">48\u20ac<\/span>\n\t        \t\t\t<span class=\"chiffre\">36\u20ac<\/span>\t        \t\t        \t\t<\/div>\n            \t<div class=\"review-stars\" data-productId=\"25\">\n            \t<\/div>\n\t        <\/div>\n\t    <\/div>\n\t<\/a>\n<\/div><\/li><li class=\"glide__slide\">\n\n<div class=\"grid\">\n\t<a href=\"https:\/\/www.familinparis.fr\/en\/the-bois-dattilly-zoo\/\" target=\"_self\">\n\t    <div class=\"image\" style=\"background-image:url('https:\/\/www.familinparis.fr\/wp-content\/uploads\/photos-partenaires\/animaux\/zoo-du-jardin-des-plantes-tarif-75005-564x282.jpg')\">\n\t    \t\t\t\t\t    <\/div>\n\t    <div class=\"texte\">\n\t        <h5><\/h5>\n\t        <h3>The Bois d'Attilly Zoo<\/h3>\n\t        <div class=\"tags\">\n\t        \t\t        \t<span><\/span>\n\t        <\/div>\n\t        <div class=\"bas\">\n        \t\t<div class=\"prix\">\n        \t\t\t\t        \t\t\t<span>From<\/span>\n\t        \t\t\t<span class=\"chiffre-barre\">21\u20ac<\/span>\n\t        \t\t\t<span class=\"chiffre\">19\u20ac<\/span>\t        \t\t        \t\t<\/div>\n            \t<div class=\"review-stars\" data-productId=\"\">\n            \t<\/div>\n\t        <\/div>\n\t    <\/div>\n\t<\/a>\n<\/div><\/li><li class=\"glide__slide\">\n\n<div class=\"grid\">\n\t<a href=\"https:\/\/www.familinparis.fr\/en\/educational-farm-in-paris-noahs-world-for-children\/\" target=\"_self\">\n\t    <div class=\"image\" style=\"background-image:url('https:\/\/www.familinparis.fr\/wp-content\/uploads\/Animaux\/Monde-de-Noe\/Monde-de-noe--564x282.jpg')\">\n\t    \t\t    \t<div class=\"dateOnImg\">7j\/7<\/div>\n\t    \t\t\t\t\t\t\t\t<div class=\"rond-blanc-age\"><span>from <span class=\"age-number\">1<\/span> yo<\/span><\/div>\n\t\t\t\t    <\/div>\n\t    <div class=\"texte\">\n\t        <h5>Dans le 14\u00e8me et le 16\u00e8me <\/h5>\n\t        <h3>Finding Noah, the immersive experience on the animal world<\/h3>\n\t        <div class=\"tags\">\n\t        \t\t        \t\t<span>Ferme p\u00e9dadogique<\/span>\n\t        \t\t        \t<span>1h environ<\/span>\n\t        <\/div>\n\t        <div class=\"bas\">\n        \t\t<div class=\"prix\">\n        \t\t\t        \t\t<\/div>\n            \t<div class=\"review-stars\" data-productId=\"\">\n            \t<\/div>\n\t        <\/div>\n\t    <\/div>\n\t<\/a>\n<\/div><\/li><li class=\"glide__slide\">\n\n<div class=\"grid\">\n\t<a href=\"https:\/\/www.familinparis.fr\/en\/the-paris-zoological-park\/\" target=\"_self\">\n\t    <div class=\"image\" style=\"background-image:url('https:\/\/www.familinparis.fr\/wp-content\/uploads\/2024\/03\/visite-du-parc-zoologique-de-paris-564x282.jpg')\">\n\t    \t\t    \t<div class=\"dateOnImg\">5% OFF<\/div>\n\t    \t\t\t\t\t    <\/div>\n\t    <div class=\"texte\">\n\t        <h5>In the 12th arrondissement<\/h5>\n\t        <h3>The Paris Zoological Park<\/h3>\n\t        <div class=\"tags\">\n\t        \t\t        \t\t<span>All audiences<\/span>\n\t        \t\t        \t<span><\/span>\n\t        <\/div>\n\t        <div class=\"bas\">\n        \t\t<div class=\"prix\">\n        \t\t\t        \t\t<\/div>\n            \t<div class=\"review-stars\" data-productId=\"\">\n            \t<\/div>\n\t        <\/div>\n\t    <\/div>\n\t<\/a>\n<\/div><\/li><li class=\"glide__slide\">\n\n<div class=\"grid\">\n\t<a href=\"https:\/\/www.familinparis.fr\/en\/the-menagerie-of-the-jardin-des-plantes\/\" target=\"_self\">\n\t    <div class=\"image\" style=\"background-image:url('https:\/\/www.familinparis.fr\/wp-content\/uploads\/Animaux\/la-menagerie\/la-menagerie-du-jardin-des-plantes-564x282.jpg')\">\n\t    \t\t\t\t\t    <\/div>\n\t    <div class=\"texte\">\n\t        <h5><\/h5>\n\t        <h3>The Menagerie of the Jardin des Plantes<\/h3>\n\t        <div class=\"tags\">\n\t        \t\t        \t<span><\/span>\n\t        <\/div>\n\t        <div class=\"bas\">\n        \t\t<div class=\"prix\">\n        \t\t\t        \t\t<\/div>\n            \t<div class=\"review-stars\" data-productId=\"\">\n            \t<\/div>\n\t        <\/div>\n\t    <\/div>\n\t<\/a>\n<\/div><\/li><li class=\"glide__slide\">\n\n<div class=\"grid\">\n\t<a href=\"https:\/\/www.familinparis.fr\/en\/the-grande-galerie-de-l-evolution-in-paris\/\" target=\"_self\">\n\t    <div class=\"image\" style=\"background-image:url('https:\/\/www.familinparis.fr\/wp-content\/uploads\/photos-familinparis-2021\/mus\u00e9e\/la-grande-galerie-de-l-evolution\/galerie-de-l-evolution-jardin-des-plantes-\u00a9FamilinParis-828x399-1-564x282.jpg')\">\n\t    \t\t    \t<div class=\"dateOnImg\">5% de r\u00e9duction<\/div>\n\t    \t\t\t\t\t    <\/div>\n\t    <div class=\"texte\">\n\t        <h5>Dans le jardin des Plants (5\u00e8me)<\/h5>\n\t        <h3>The Grande Galerie de l'\u00c9volution<\/h3>\n\t        <div class=\"tags\">\n\t        \t\t        \t\t<span>Tout public<\/span>\n\t        \t\t        \t<span><\/span>\n\t        <\/div>\n\t        <div class=\"bas\">\n        \t\t<div class=\"prix\">\n        \t\t\t        \t\t<\/div>\n            \t<div class=\"review-stars\" data-productId=\"\">\n            \t<\/div>\n\t        <\/div>\n\t    <\/div>\n\t<\/a>\n<\/div><\/li><li class=\"glide__slide\">\n\n<div class=\"grid\">\n\t<a href=\"https:\/\/www.familinparis.fr\/en\/zoo-safari-de-thoiry\/\" target=\"_self\">\n\t    <div class=\"image\" style=\"background-image:url('https:\/\/www.familinparis.fr\/wp-content\/uploads\/LOGOS\/parc-zoologique-de-thoiry-564x282.jpg')\">\n\t    \t\t\t\t\t    <\/div>\n\t    <div class=\"texte\">\n\t        <h5><\/h5>\n\t        <h3>Zoo Safari de Thoiry<\/h3>\n\t        <div class=\"tags\">\n\t        \t\t        \t<span><\/span>\n\t        <\/div>\n\t        <div class=\"bas\">\n        \t\t<div class=\"prix\">\n        \t\t\t        \t\t<\/div>\n            \t<div class=\"review-stars\" data-productId=\"79\">\n            \t<\/div>\n\t        <\/div>\n\t    <\/div>\n\t<\/a>\n<\/div><\/li><li class=\"glide__slide\">\n\n<div class=\"grid\">\n\t<a href=\"https:\/\/www.familinparis.fr\/en\/the-sea-life-aquarium\/\" target=\"_self\">\n\t    <div class=\"image\" style=\"background-image:url('https:\/\/www.familinparis.fr\/wp-content\/uploads\/Animaux\/aquarium\/aquarium-sea-life-vallee-village-\u00a9SEA-LIFE-Paris-564x282.jpg')\">\n\t    \t\t    \t<div class=\"dateOnImg\">Tous les jours<\/div>\n\t    \t\t\t\t\t    <\/div>\n\t    <div class=\"texte\">\n\t        <h5>Gratuit pour les - 3 ans<\/h5>\n\t        <h3>The SEA LIFE aquarium<\/h3>\n\t        <div class=\"tags\">\n\t        \t\t        \t\t<span>A c\u00f4t\u00e9 de la Vall\u00e9e Village (Val d'Europe)<\/span>\n\t        \t\t        \t<span><\/span>\n\t        <\/div>\n\t        <div class=\"bas\">\n        \t\t<div class=\"prix\">\n        \t\t\t        \t\t<\/div>\n            \t<div class=\"review-stars\" data-productId=\"47\">\n            \t<\/div>\n\t        <\/div>\n\t    <\/div>\n\t<\/a>\n<\/div><\/li><li class=\"glide__slide\">\n\n<div class=\"grid\">\n\t<a href=\"https:\/\/www.familinparis.fr\/en\/parrot-world-the-world-of-parrots\/\" target=\"_self\">\n\t    <div class=\"image\" style=\"background-image:url('https:\/\/www.familinparis.fr\/wp-content\/uploads\/Animaux\/parrot-world\/parrot-world-parc-zoologique-77-564x282.jpg')\">\n\t    \t\t\t\t\t    <\/div>\n\t    <div class=\"texte\">\n\t        <h5><\/h5>\n\t        <h3>Parrot World, the world of parrots<\/h3>\n\t        <div class=\"tags\">\n\t        \t\t        \t<span><\/span>\n\t        <\/div>\n\t        <div class=\"bas\">\n        \t\t<div class=\"prix\">\n        \t\t\t        \t\t<\/div>\n            \t<div class=\"review-stars\" data-productId=\"\">\n            \t<\/div>\n\t        <\/div>\n\t    <\/div>\n\t<\/a>\n<\/div><\/li><li class=\"glide__slide\">\n\n<div class=\"grid\">\n\t<a href=\"https:\/\/www.familinparis.fr\/en\/the-tropical-aquarium-of-the-golden-gate\/\" target=\"_self\">\n\t    <div class=\"image\" style=\"background-image:url('https:\/\/www.familinparis.fr\/wp-content\/uploads\/LOISIRS\/aquarium\/aquarium-paris-PLD-564x282.jpg')\">\n\t    \t\t\t\t\t    <\/div>\n\t    <div class=\"texte\">\n\t        <h5><\/h5>\n\t        <h3>The Tropical Aquarium of the Golden Gate<\/h3>\n\t        <div class=\"tags\">\n\t        \t\t        \t<span><\/span>\n\t        <\/div>\n\t        <div class=\"bas\">\n        \t\t<div class=\"prix\">\n        \t\t\t        \t\t<\/div>\n            \t<div class=\"review-stars\" data-productId=\"\">\n            \t<\/div>\n\t        <\/div>\n\t    <\/div>\n\t<\/a>\n<\/div><\/li>            <\/ul>\n        <\/div>\n    <\/div>\n    \n    <\/div>\n-->\n<style type=\"text\/css\">\n    .swiper{\n        width: 100%;\n    }\n    .grid-carousel__arrows {\n        display: flex;\n        gap: 1rem;\n\n    }\n    button.grid-carousel__arrow {\n        background: #008098;\n        border-radius: 50%;\n        height: 50px;\n        width: 50px;\n        border: 2px solid #008098;\n        color: #ffff;\n        padding: 0px;\n        text-align: center;\n    }\n\n    button.grid-carousel__arrow.swiper-button-disabled{\n        opacity: .15;\n    }\n    .grid-carousel .swiper-slide {\n         min-width: 300px;\n    }\n    @media (max-width: 799px) {\n        .grid-carousel__arrows {\n            display: none;\n        }\n        .grid-carousel .swiper-slide {\n            width: 40%;\n        }\n    }\n    @media (max-width: 529px) {\n        .grid-carousel .swiper-slide {\n            width: 75%;\n        }\n    }\n<\/style>\n\n<div class=\"row new-grids grids-style-2\">\n    <div class=\"swiper grid-carousel\">\n        <div class=\"grid-title grid-carousel--title\">\n            <div>\n                                    <h2>Animals: zoological parks and aquariums<\/h2>\n                                            <\/div>\n            <div>\n                <div class=\"grid-carousel__arrows\">\n                    <button class=\"grid-carousel__arrow grid-carousel__arrow--left\">\n                        <i class=\"fa fa-angle-left\"><\/i>\n                    <\/button>\n                    <button class=\"grid-carousel__arrow grid-carousel__arrow--right\">\n                        <i class=\"fa fa-angle-right\"><\/i>\n                    <\/button>\n                <\/div>\n            <\/div>\n        <\/div>\n        \n        <div class=\"swiper-wrapper\">\n            <div class=\"swiper-slide\">\n\n<div class=\"grid\">\n\t<a href=\"https:\/\/www.familinparis.fr\/en\/aquarium-of-paris-price\/\" target=\"_self\">\n\t    <div class=\"image\" style=\"background-image:url('https:\/\/www.familinparis.fr\/wp-content\/uploads\/photos-familinparis-2021\/animaux\/l-aquarium-de-paris-enfant-\u00a9Estelle-Hirrien-564x282.jpg')\">\n\t    \t\t    \t<div class=\"dateOnImg\">7 days a week<\/div>\n\t    \t\t\t\t\t    <\/div>\n\t    <div class=\"texte\">\n\t        <h5>Trocadero Garden<\/h5>\n\t        <h3>Aquarium of Paris<\/h3>\n\t        <div class=\"tags\">\n\t        \t\t        \t\t<span>PROMO on duo tickets<\/span>\n\t        \t\t        \t<span>About 1 hour<\/span>\n\t        <\/div>\n\t        <div class=\"bas\">\n        \t\t<div class=\"prix\">\n        \t\t\t\t        \t\t\t<span>From<\/span>\n\t        \t\t\t<span class=\"chiffre-barre\">48\u20ac<\/span>\n\t        \t\t\t<span class=\"chiffre\">36\u20ac<\/span>\t        \t\t        \t\t<\/div>\n            \t<div class=\"review-stars\" data-productId=\"25\">\n            \t<\/div>\n\t        <\/div>\n\t    <\/div>\n\t<\/a>\n<\/div><\/div><div class=\"swiper-slide\">\n\n<div class=\"grid\">\n\t<a href=\"https:\/\/www.familinparis.fr\/en\/the-bois-dattilly-zoo\/\" target=\"_self\">\n\t    <div class=\"image\" style=\"background-image:url('https:\/\/www.familinparis.fr\/wp-content\/uploads\/photos-partenaires\/animaux\/zoo-du-jardin-des-plantes-tarif-75005-564x282.jpg')\">\n\t    \t\t\t\t\t    <\/div>\n\t    <div class=\"texte\">\n\t        <h5><\/h5>\n\t        <h3>The Bois d&#8217;Attilly Zoo<\/h3>\n\t        <div class=\"tags\">\n\t        \t\t        \t<span><\/span>\n\t        <\/div>\n\t        <div class=\"bas\">\n        \t\t<div class=\"prix\">\n        \t\t\t\t        \t\t\t<span>From<\/span>\n\t        \t\t\t<span class=\"chiffre-barre\">21\u20ac<\/span>\n\t        \t\t\t<span class=\"chiffre\">19\u20ac<\/span>\t        \t\t        \t\t<\/div>\n            \t<div class=\"review-stars\" data-productId=\"\">\n            \t<\/div>\n\t        <\/div>\n\t    <\/div>\n\t<\/a>\n<\/div><\/div><div class=\"swiper-slide\">\n\n<div class=\"grid\">\n\t<a href=\"https:\/\/www.familinparis.fr\/en\/educational-farm-in-paris-noahs-world-for-children\/\" target=\"_self\">\n\t    <div class=\"image\" style=\"background-image:url('https:\/\/www.familinparis.fr\/wp-content\/uploads\/Animaux\/Monde-de-Noe\/Monde-de-noe--564x282.jpg')\">\n\t    \t\t    \t<div class=\"dateOnImg\">7j\/7<\/div>\n\t    \t\t\t\t\t\t\t\t<div class=\"rond-blanc-age\"><span>from <span class=\"age-number\">1<\/span> yo<\/span><\/div>\n\t\t\t\t    <\/div>\n\t    <div class=\"texte\">\n\t        <h5>Dans le 14\u00e8me et le 16\u00e8me <\/h5>\n\t        <h3>Finding Noah, the immersive experience on the animal world<\/h3>\n\t        <div class=\"tags\">\n\t        \t\t        \t\t<span>Ferme p\u00e9dadogique<\/span>\n\t        \t\t        \t<span>1h environ<\/span>\n\t        <\/div>\n\t        <div class=\"bas\">\n        \t\t<div class=\"prix\">\n        \t\t\t        \t\t<\/div>\n            \t<div class=\"review-stars\" data-productId=\"\">\n            \t<\/div>\n\t        <\/div>\n\t    <\/div>\n\t<\/a>\n<\/div><\/div><div class=\"swiper-slide\">\n\n<div class=\"grid\">\n\t<a href=\"https:\/\/www.familinparis.fr\/en\/the-paris-zoological-park\/\" target=\"_self\">\n\t    <div class=\"image\" style=\"background-image:url('https:\/\/www.familinparis.fr\/wp-content\/uploads\/2024\/03\/visite-du-parc-zoologique-de-paris-564x282.jpg')\">\n\t    \t\t    \t<div class=\"dateOnImg\">5% OFF<\/div>\n\t    \t\t\t\t\t    <\/div>\n\t    <div class=\"texte\">\n\t        <h5>In the 12th arrondissement<\/h5>\n\t        <h3>The Paris Zoological Park<\/h3>\n\t        <div class=\"tags\">\n\t        \t\t        \t\t<span>All audiences<\/span>\n\t        \t\t        \t<span><\/span>\n\t        <\/div>\n\t        <div class=\"bas\">\n        \t\t<div class=\"prix\">\n        \t\t\t        \t\t<\/div>\n            \t<div class=\"review-stars\" data-productId=\"\">\n            \t<\/div>\n\t        <\/div>\n\t    <\/div>\n\t<\/a>\n<\/div><\/div><div class=\"swiper-slide\">\n\n<div class=\"grid\">\n\t<a href=\"https:\/\/www.familinparis.fr\/en\/the-menagerie-of-the-jardin-des-plantes\/\" target=\"_self\">\n\t    <div class=\"image\" style=\"background-image:url('https:\/\/www.familinparis.fr\/wp-content\/uploads\/Animaux\/la-menagerie\/la-menagerie-du-jardin-des-plantes-564x282.jpg')\">\n\t    \t\t\t\t\t    <\/div>\n\t    <div class=\"texte\">\n\t        <h5><\/h5>\n\t        <h3>The Menagerie of the Jardin des Plantes<\/h3>\n\t        <div class=\"tags\">\n\t        \t\t        \t<span><\/span>\n\t        <\/div>\n\t        <div class=\"bas\">\n        \t\t<div class=\"prix\">\n        \t\t\t        \t\t<\/div>\n            \t<div class=\"review-stars\" data-productId=\"\">\n            \t<\/div>\n\t        <\/div>\n\t    <\/div>\n\t<\/a>\n<\/div><\/div><div class=\"swiper-slide\">\n\n<div class=\"grid\">\n\t<a href=\"https:\/\/www.familinparis.fr\/en\/the-grande-galerie-de-l-evolution-in-paris\/\" target=\"_self\">\n\t    <div class=\"image\" style=\"background-image:url('https:\/\/www.familinparis.fr\/wp-content\/uploads\/photos-familinparis-2021\/mus\u00e9e\/la-grande-galerie-de-l-evolution\/galerie-de-l-evolution-jardin-des-plantes-\u00a9FamilinParis-828x399-1-564x282.jpg')\">\n\t    \t\t    \t<div class=\"dateOnImg\">5% de r\u00e9duction<\/div>\n\t    \t\t\t\t\t    <\/div>\n\t    <div class=\"texte\">\n\t        <h5>Dans le jardin des Plants (5\u00e8me)<\/h5>\n\t        <h3>The Grande Galerie de l&#8217;\u00c9volution<\/h3>\n\t        <div class=\"tags\">\n\t        \t\t        \t\t<span>Tout public<\/span>\n\t        \t\t        \t<span><\/span>\n\t        <\/div>\n\t        <div class=\"bas\">\n        \t\t<div class=\"prix\">\n        \t\t\t        \t\t<\/div>\n            \t<div class=\"review-stars\" data-productId=\"\">\n            \t<\/div>\n\t        <\/div>\n\t    <\/div>\n\t<\/a>\n<\/div><\/div><div class=\"swiper-slide\">\n\n<div class=\"grid\">\n\t<a href=\"https:\/\/www.familinparis.fr\/en\/zoo-safari-de-thoiry\/\" target=\"_self\">\n\t    <div class=\"image\" style=\"background-image:url('https:\/\/www.familinparis.fr\/wp-content\/uploads\/LOGOS\/parc-zoologique-de-thoiry-564x282.jpg')\">\n\t    \t\t\t\t\t    <\/div>\n\t    <div class=\"texte\">\n\t        <h5><\/h5>\n\t        <h3>Zoo Safari de Thoiry<\/h3>\n\t        <div class=\"tags\">\n\t        \t\t        \t<span><\/span>\n\t        <\/div>\n\t        <div class=\"bas\">\n        \t\t<div class=\"prix\">\n        \t\t\t        \t\t<\/div>\n            \t<div class=\"review-stars\" data-productId=\"79\">\n            \t<\/div>\n\t        <\/div>\n\t    <\/div>\n\t<\/a>\n<\/div><\/div><div class=\"swiper-slide\">\n\n<div class=\"grid\">\n\t<a href=\"https:\/\/www.familinparis.fr\/en\/the-sea-life-aquarium\/\" target=\"_self\">\n\t    <div class=\"image\" style=\"background-image:url('https:\/\/www.familinparis.fr\/wp-content\/uploads\/Animaux\/aquarium\/aquarium-sea-life-vallee-village-\u00a9SEA-LIFE-Paris-564x282.jpg')\">\n\t    \t\t    \t<div class=\"dateOnImg\">Tous les jours<\/div>\n\t    \t\t\t\t\t    <\/div>\n\t    <div class=\"texte\">\n\t        <h5>Gratuit pour les &#8211; 3 ans<\/h5>\n\t        <h3>The SEA LIFE aquarium<\/h3>\n\t        <div class=\"tags\">\n\t        \t\t        \t\t<span>A c\u00f4t\u00e9 de la Vall\u00e9e Village (Val d&#8217;Europe)<\/span>\n\t        \t\t        \t<span><\/span>\n\t        <\/div>\n\t        <div class=\"bas\">\n        \t\t<div class=\"prix\">\n        \t\t\t        \t\t<\/div>\n            \t<div class=\"review-stars\" data-productId=\"47\">\n            \t<\/div>\n\t        <\/div>\n\t    <\/div>\n\t<\/a>\n<\/div><\/div><div class=\"swiper-slide\">\n\n<div class=\"grid\">\n\t<a href=\"https:\/\/www.familinparis.fr\/en\/parrot-world-the-world-of-parrots\/\" target=\"_self\">\n\t    <div class=\"image\" style=\"background-image:url('https:\/\/www.familinparis.fr\/wp-content\/uploads\/Animaux\/parrot-world\/parrot-world-parc-zoologique-77-564x282.jpg')\">\n\t    \t\t\t\t\t    <\/div>\n\t    <div class=\"texte\">\n\t        <h5><\/h5>\n\t        <h3>Parrot World, the world of parrots<\/h3>\n\t        <div class=\"tags\">\n\t        \t\t        \t<span><\/span>\n\t        <\/div>\n\t        <div class=\"bas\">\n        \t\t<div class=\"prix\">\n        \t\t\t        \t\t<\/div>\n            \t<div class=\"review-stars\" data-productId=\"\">\n            \t<\/div>\n\t        <\/div>\n\t    <\/div>\n\t<\/a>\n<\/div><\/div><div class=\"swiper-slide\">\n\n<div class=\"grid\">\n\t<a href=\"https:\/\/www.familinparis.fr\/en\/the-tropical-aquarium-of-the-golden-gate\/\" target=\"_self\">\n\t    <div class=\"image\" style=\"background-image:url('https:\/\/www.familinparis.fr\/wp-content\/uploads\/LOISIRS\/aquarium\/aquarium-paris-PLD-564x282.jpg')\">\n\t    \t\t\t\t\t    <\/div>\n\t    <div class=\"texte\">\n\t        <h5><\/h5>\n\t        <h3>The Tropical Aquarium of the Golden Gate<\/h3>\n\t        <div class=\"tags\">\n\t        \t\t        \t<span><\/span>\n\t        <\/div>\n\t        <div class=\"bas\">\n        \t\t<div class=\"prix\">\n        \t\t\t        \t\t<\/div>\n            \t<div class=\"review-stars\" data-productId=\"\">\n            \t<\/div>\n\t        <\/div>\n\t    <\/div>\n\t<\/a>\n<\/div><\/div>        <\/div>\n    <\/div>\n    \n    <\/div>\n\n<\/div><div class=\"lazyblock-grids-KY8KJ wp-block-lazyblock-grids\"><!--\n<div class=\"row new-grids grids-style-2\">\n    <div class=\"glide grid-carousel\">\n        <div class=\"grid-title grid-carousel--title\">\n            <div>\n                                    <h2>Animals: educational farms<\/h2>\n                                            <\/div>\n            <div>\n                <div class=\"glide__arrows\" data-glide-el=\"controls\">\n                    <button class=\"glide__arrow glide__arrow--left\" data-glide-dir=\"|&lt;\"><i class=\"fa fa-angle-left\"><\/i><\/button>\n                    <button class=\"glide__arrow glide__arrow--right\" data-glide-dir=\"|&gt;\"><i class=\"fa fa-angle-right\"><\/i><\/button>\n                <\/div>\n            <\/div>\n        <\/div>\n        \n        <div class=\"glide__track\" data-glide-el=\"track\">\n            <ul class=\"glide__slides\">\n                <li class=\"glide__slide\">\n\n<div class=\"grid\">\n\t<a href=\"https:\/\/www.familinparis.fr\/en\/atelier-pain-et-visite-ferme-de-gally-saint-cyr-78\/\" target=\"_self\">\n\t    <div class=\"image\" style=\"background-image:url('https:\/\/www.familinparis.fr\/wp-content\/uploads\/Animaux\/poules-sh_24331018-564x282.jpg')\">\n\t    \t\t    \t<div class=\"dateOnImg\">Jusqu'au 30 avril 2025<\/div>\n\t    \t\t\t\t\t    <\/div>\n\t    <div class=\"texte\">\n\t        <h5>Ferme ouverte de Saint-Cyr-l'Ecole<\/h5>\n\t        <h3>Bread and animal workshop, at the Ferme de Gally Saint-Cyr (78)<\/h3>\n\t        <div class=\"tags\">\n\t        \t\t        \t\t<span>de 3 \u00e0 12 ans <\/span>\n\t        \t\t        \t<span>45 min<\/span>\n\t        <\/div>\n\t        <div class=\"bas\">\n        \t\t<div class=\"prix\">\n        \t\t\t        \t\t<\/div>\n            \t<div class=\"review-stars\" data-productId=\"\">\n            \t<\/div>\n\t        <\/div>\n\t    <\/div>\n\t<\/a>\n<\/div><\/li><li class=\"glide__slide\">\n\n<div class=\"grid\">\n\t<a href=\"https:\/\/www.familinparis.fr\/en\/the-gally-farm-saint-cyr-lecole\/\" target=\"_self\">\n\t    <div class=\"image\" style=\"background-image:url('https:\/\/www.familinparis.fr\/wp-content\/uploads\/LOISIRS\/fermes\/ferme-pedagogique-poussin-564x282.jpg')\">\n\t    \t\t    \t<div class=\"dateOnImg\">Less than 5.50 euros per entry<\/div>\n\t    \t\t\t\t\t    <\/div>\n\t    <div class=\"texte\">\n\t        <h5>In the Yvelines (78)<\/h5>\n\t        <h3>The Gally farm (Saint-Cyr-l'\u00e9cole)<\/h3>\n\t        <div class=\"tags\">\n\t        \t\t        \t<span><\/span>\n\t        <\/div>\n\t        <div class=\"bas\">\n        \t\t<div class=\"prix\">\n        \t\t\t        \t\t<\/div>\n            \t<div class=\"review-stars\" data-productId=\"\">\n            \t<\/div>\n\t        <\/div>\n\t    <\/div>\n\t<\/a>\n<\/div><\/li><li class=\"glide__slide\">\n\n<div class=\"grid\">\n\t<a href=\"https:\/\/www.familinparis.fr\/en\/the-national-sheepfold-of-rambouillet\/\" target=\"_self\">\n\t    <div class=\"image\" style=\"background-image:url('https:\/\/www.familinparis.fr\/wp-content\/uploads\/LOISIRS\/fermes\/ferme-pedagogique-mouton-564x282.jpg')\">\n\t    \t\t    \t<div class=\"dateOnImg\">Less than 9 euros for admission<\/div>\n\t    \t\t\t\t\t    <\/div>\n\t    <div class=\"texte\">\n\t        <h5>In Rambouillet in the Yvelines (78)<\/h5>\n\t        <h3>The national sheepfold of Rambouillet<\/h3>\n\t        <div class=\"tags\">\n\t        \t\t        \t<span><\/span>\n\t        <\/div>\n\t        <div class=\"bas\">\n        \t\t<div class=\"prix\">\n        \t\t\t        \t\t<\/div>\n            \t<div class=\"review-stars\" data-productId=\"\">\n            \t<\/div>\n\t        <\/div>\n\t    <\/div>\n\t<\/a>\n<\/div><\/li><li class=\"glide__slide\">\n\n<div class=\"grid\">\n\t<a href=\"https:\/\/www.familinparis.fr\/en\/the-gally-farm-sartrouville\/\" target=\"_self\">\n\t    <div class=\"image\" style=\"background-image:url('https:\/\/www.familinparis.fr\/wp-content\/uploads\/2024\/09\/atelier-citruille-halloween-564x282.jpg')\">\n\t    \t\t    \t<div class=\"dateOnImg\">Less than 6 euros for admission<\/div>\n\t    \t\t\t\t\t    <\/div>\n\t    <div class=\"texte\">\n\t        <h5>In the Yvelines (78)<\/h5>\n\t        <h3>The Gally farm - Sartrouville<\/h3>\n\t        <div class=\"tags\">\n\t        \t\t        \t\t<span>Top with children<\/span>\n\t        \t\t        \t<span><\/span>\n\t        <\/div>\n\t        <div class=\"bas\">\n        \t\t<div class=\"prix\">\n        \t\t\t        \t\t<\/div>\n            \t<div class=\"review-stars\" data-productId=\"\">\n            \t<\/div>\n\t        <\/div>\n\t    <\/div>\n\t<\/a>\n<\/div><\/li><li class=\"glide__slide\">\n\n<div class=\"grid\">\n\t<a href=\"https:\/\/www.familinparis.fr\/en\/the-paris-farm\/\" target=\"_self\">\n\t    <div class=\"image\" style=\"background-image:url('https:\/\/www.familinparis.fr\/wp-content\/uploads\/photos-familinparis-2021\/animaux\/ferme-de-paris\/la-ferme-de-paris-mouton-\u00a9FamilinParis-1280x743-1-564x282.jpg')\">\n\t    \t\t\t\t\t    <\/div>\n\t    <div class=\"texte\">\n\t        <h5><\/h5>\n\t        <h3>The Paris Farm<\/h3>\n\t        <div class=\"tags\">\n\t        \t\t        \t<span><\/span>\n\t        <\/div>\n\t        <div class=\"bas\">\n        \t\t<div class=\"prix\">\n        \t\t\t        \t\t<\/div>\n            \t<div class=\"review-stars\" data-productId=\"\">\n            \t<\/div>\n\t        <\/div>\n\t    <\/div>\n\t<\/a>\n<\/div><\/li><li class=\"glide__slide\">\n\n<div class=\"grid\">\n\t<a href=\"https:\/\/www.familinparis.fr\/en\/the-educational-farm-of-mantes-la-jolie-78\/\" target=\"_self\">\n\t    <div class=\"image\" style=\"background-image:url('https:\/\/www.familinparis.fr\/wp-content\/uploads\/Animaux\/ferme\/ferme-pedagogique-mouton-564x282.jpg')\">\n\t    \t\t\t\t\t    <\/div>\n\t    <div class=\"texte\">\n\t        <h5><\/h5>\n\t        <h3>The educational farm of Mantes-la-Jolie (78)<\/h3>\n\t        <div class=\"tags\">\n\t        \t\t        \t<span><\/span>\n\t        <\/div>\n\t        <div class=\"bas\">\n        \t\t<div class=\"prix\">\n        \t\t\t        \t\t<\/div>\n            \t<div class=\"review-stars\" data-productId=\"\">\n            \t<\/div>\n\t        <\/div>\n\t    <\/div>\n\t<\/a>\n<\/div><\/li><li class=\"glide__slide\">\n\n<div class=\"grid\">\n\t<a href=\"https:\/\/www.familinparis.fr\/en\/the-parc-de-la-villette-educational-farm\/\" target=\"_self\">\n\t    <div class=\"image\" style=\"background-image:url('https:\/\/www.familinparis.fr\/wp-content\/uploads\/2023\/06\/Ferme-pedagogique-la-villette-2023-1.jpg-1-308x282.jpg')\">\n\t    \t\t    \t<div class=\"dateOnImg\">Until November 25, 2024<\/div>\n\t    \t\t\t\t\t    <\/div>\n\t    <div class=\"texte\">\n\t        <h5>La Villette<\/h5>\n\t        <h3>The Parc de La Villette educational farm<\/h3>\n\t        <div class=\"tags\">\n\t        \t\t        \t\t<span>All audiences<\/span>\n\t        \t\t        \t<span><\/span>\n\t        <\/div>\n\t        <div class=\"bas\">\n        \t\t<div class=\"prix\">\n        \t\t\t        \t\t<\/div>\n            \t<div class=\"review-stars\" data-productId=\"\">\n            \t<\/div>\n\t        <\/div>\n\t    <\/div>\n\t<\/a>\n<\/div><\/li>            <\/ul>\n        <\/div>\n    <\/div>\n    \n    <\/div>\n-->\n<style type=\"text\/css\">\n    .swiper{\n        width: 100%;\n    }\n    .grid-carousel__arrows {\n        display: flex;\n        gap: 1rem;\n\n    }\n    button.grid-carousel__arrow {\n        background: #008098;\n        border-radius: 50%;\n        height: 50px;\n        width: 50px;\n        border: 2px solid #008098;\n        color: #ffff;\n        padding: 0px;\n        text-align: center;\n    }\n\n    button.grid-carousel__arrow.swiper-button-disabled{\n        opacity: .15;\n    }\n    .grid-carousel .swiper-slide {\n         min-width: 300px;\n    }\n    @media (max-width: 799px) {\n        .grid-carousel__arrows {\n            display: none;\n        }\n        .grid-carousel .swiper-slide {\n            width: 40%;\n        }\n    }\n    @media (max-width: 529px) {\n        .grid-carousel .swiper-slide {\n            width: 75%;\n        }\n    }\n<\/style>\n\n<div class=\"row new-grids grids-style-2\">\n    <div class=\"swiper grid-carousel\">\n        <div class=\"grid-title grid-carousel--title\">\n            <div>\n                                    <h2>Animals: educational farms<\/h2>\n                                            <\/div>\n            <div>\n                <div class=\"grid-carousel__arrows\">\n                    <button class=\"grid-carousel__arrow grid-carousel__arrow--left\">\n                        <i class=\"fa fa-angle-left\"><\/i>\n                    <\/button>\n                    <button class=\"grid-carousel__arrow grid-carousel__arrow--right\">\n                        <i class=\"fa fa-angle-right\"><\/i>\n                    <\/button>\n                <\/div>\n            <\/div>\n        <\/div>\n        \n        <div class=\"swiper-wrapper\">\n            <div class=\"swiper-slide\">\n\n<div class=\"grid\">\n\t<a href=\"https:\/\/www.familinparis.fr\/en\/atelier-pain-et-visite-ferme-de-gally-saint-cyr-78\/\" target=\"_self\">\n\t    <div class=\"image\" style=\"background-image:url('https:\/\/www.familinparis.fr\/wp-content\/uploads\/Animaux\/poules-sh_24331018-564x282.jpg')\">\n\t    \t\t    \t<div class=\"dateOnImg\">Jusqu&#8217;au 30 avril 2025<\/div>\n\t    \t\t\t\t\t    <\/div>\n\t    <div class=\"texte\">\n\t        <h5>Ferme ouverte de Saint-Cyr-l&#8217;Ecole<\/h5>\n\t        <h3>Bread and animal workshop, at the Ferme de Gally Saint-Cyr (78)<\/h3>\n\t        <div class=\"tags\">\n\t        \t\t        \t\t<span>de 3 \u00e0 12 ans <\/span>\n\t        \t\t        \t<span>45 min<\/span>\n\t        <\/div>\n\t        <div class=\"bas\">\n        \t\t<div class=\"prix\">\n        \t\t\t        \t\t<\/div>\n            \t<div class=\"review-stars\" data-productId=\"\">\n            \t<\/div>\n\t        <\/div>\n\t    <\/div>\n\t<\/a>\n<\/div><\/div><div class=\"swiper-slide\">\n\n<div class=\"grid\">\n\t<a href=\"https:\/\/www.familinparis.fr\/en\/the-gally-farm-saint-cyr-lecole\/\" target=\"_self\">\n\t    <div class=\"image\" style=\"background-image:url('https:\/\/www.familinparis.fr\/wp-content\/uploads\/LOISIRS\/fermes\/ferme-pedagogique-poussin-564x282.jpg')\">\n\t    \t\t    \t<div class=\"dateOnImg\">Less than 5.50 euros per entry<\/div>\n\t    \t\t\t\t\t    <\/div>\n\t    <div class=\"texte\">\n\t        <h5>In the Yvelines (78)<\/h5>\n\t        <h3>The Gally farm (Saint-Cyr-l&#8217;\u00e9cole)<\/h3>\n\t        <div class=\"tags\">\n\t        \t\t        \t<span><\/span>\n\t        <\/div>\n\t        <div class=\"bas\">\n        \t\t<div class=\"prix\">\n        \t\t\t        \t\t<\/div>\n            \t<div class=\"review-stars\" data-productId=\"\">\n            \t<\/div>\n\t        <\/div>\n\t    <\/div>\n\t<\/a>\n<\/div><\/div><div class=\"swiper-slide\">\n\n<div class=\"grid\">\n\t<a href=\"https:\/\/www.familinparis.fr\/en\/the-national-sheepfold-of-rambouillet\/\" target=\"_self\">\n\t    <div class=\"image\" style=\"background-image:url('https:\/\/www.familinparis.fr\/wp-content\/uploads\/LOISIRS\/fermes\/ferme-pedagogique-mouton-564x282.jpg')\">\n\t    \t\t    \t<div class=\"dateOnImg\">Less than 9 euros for admission<\/div>\n\t    \t\t\t\t\t    <\/div>\n\t    <div class=\"texte\">\n\t        <h5>In Rambouillet in the Yvelines (78)<\/h5>\n\t        <h3>The national sheepfold of Rambouillet<\/h3>\n\t        <div class=\"tags\">\n\t        \t\t        \t<span><\/span>\n\t        <\/div>\n\t        <div class=\"bas\">\n        \t\t<div class=\"prix\">\n        \t\t\t        \t\t<\/div>\n            \t<div class=\"review-stars\" data-productId=\"\">\n            \t<\/div>\n\t        <\/div>\n\t    <\/div>\n\t<\/a>\n<\/div><\/div><div class=\"swiper-slide\">\n\n<div class=\"grid\">\n\t<a href=\"https:\/\/www.familinparis.fr\/en\/the-gally-farm-sartrouville\/\" target=\"_self\">\n\t    <div class=\"image\" style=\"background-image:url('https:\/\/www.familinparis.fr\/wp-content\/uploads\/2024\/09\/atelier-citruille-halloween-564x282.jpg')\">\n\t    \t\t    \t<div class=\"dateOnImg\">Less than 6 euros for admission<\/div>\n\t    \t\t\t\t\t    <\/div>\n\t    <div class=\"texte\">\n\t        <h5>In the Yvelines (78)<\/h5>\n\t        <h3>The Gally farm &#8211; Sartrouville<\/h3>\n\t        <div class=\"tags\">\n\t        \t\t        \t\t<span>Top with children<\/span>\n\t        \t\t        \t<span><\/span>\n\t        <\/div>\n\t        <div class=\"bas\">\n        \t\t<div class=\"prix\">\n        \t\t\t        \t\t<\/div>\n            \t<div class=\"review-stars\" data-productId=\"\">\n            \t<\/div>\n\t        <\/div>\n\t    <\/div>\n\t<\/a>\n<\/div><\/div><div class=\"swiper-slide\">\n\n<div class=\"grid\">\n\t<a href=\"https:\/\/www.familinparis.fr\/en\/the-paris-farm\/\" target=\"_self\">\n\t    <div class=\"image\" style=\"background-image:url('https:\/\/www.familinparis.fr\/wp-content\/uploads\/photos-familinparis-2021\/animaux\/ferme-de-paris\/la-ferme-de-paris-mouton-\u00a9FamilinParis-1280x743-1-564x282.jpg')\">\n\t    \t\t\t\t\t    <\/div>\n\t    <div class=\"texte\">\n\t        <h5><\/h5>\n\t        <h3>The Paris Farm<\/h3>\n\t        <div class=\"tags\">\n\t        \t\t        \t<span><\/span>\n\t        <\/div>\n\t        <div class=\"bas\">\n        \t\t<div class=\"prix\">\n        \t\t\t        \t\t<\/div>\n            \t<div class=\"review-stars\" data-productId=\"\">\n            \t<\/div>\n\t        <\/div>\n\t    <\/div>\n\t<\/a>\n<\/div><\/div><div class=\"swiper-slide\">\n\n<div class=\"grid\">\n\t<a href=\"https:\/\/www.familinparis.fr\/en\/the-educational-farm-of-mantes-la-jolie-78\/\" target=\"_self\">\n\t    <div class=\"image\" style=\"background-image:url('https:\/\/www.familinparis.fr\/wp-content\/uploads\/Animaux\/ferme\/ferme-pedagogique-mouton-564x282.jpg')\">\n\t    \t\t\t\t\t    <\/div>\n\t    <div class=\"texte\">\n\t        <h5><\/h5>\n\t        <h3>The educational farm of Mantes-la-Jolie (78)<\/h3>\n\t        <div class=\"tags\">\n\t        \t\t        \t<span><\/span>\n\t        <\/div>\n\t        <div class=\"bas\">\n        \t\t<div class=\"prix\">\n        \t\t\t        \t\t<\/div>\n            \t<div class=\"review-stars\" data-productId=\"\">\n            \t<\/div>\n\t        <\/div>\n\t    <\/div>\n\t<\/a>\n<\/div><\/div><div class=\"swiper-slide\">\n\n<div class=\"grid\">\n\t<a href=\"https:\/\/www.familinparis.fr\/en\/the-parc-de-la-villette-educational-farm\/\" target=\"_self\">\n\t    <div class=\"image\" style=\"background-image:url('https:\/\/www.familinparis.fr\/wp-content\/uploads\/2023\/06\/Ferme-pedagogique-la-villette-2023-1.jpg-1-308x282.jpg')\">\n\t    \t\t    \t<div class=\"dateOnImg\">Until November 25, 2024<\/div>\n\t    \t\t\t\t\t    <\/div>\n\t    <div class=\"texte\">\n\t        <h5>La Villette<\/h5>\n\t        <h3>The Parc de La Villette educational farm<\/h3>\n\t        <div class=\"tags\">\n\t        \t\t        \t\t<span>All audiences<\/span>\n\t        \t\t        \t<span><\/span>\n\t        <\/div>\n\t        <div class=\"bas\">\n        \t\t<div class=\"prix\">\n        \t\t\t        \t\t<\/div>\n            \t<div class=\"review-stars\" data-productId=\"\">\n            \t<\/div>\n\t        <\/div>\n\t    <\/div>\n\t<\/a>\n<\/div><\/div>        <\/div>\n    <\/div>\n    \n    <\/div>\n\n<\/div>\n<div class=\"wp-block-getwid-anchor\" id=\"CULTUREL\"\/>\n\n<div style=\"height:30px\" aria-hidden=\"true\" class=\"wp-block-spacer\"><\/div>\n<div class=\"lazyblock-grids-Z2l58ui wp-block-lazyblock-grids\"><!--\n<div class=\"row new-grids grids-style-2\">\n    <div class=\"glide grid-carousel\">\n        <div class=\"grid-title grid-carousel--title\">\n            <div>\n                                    <h2>Cultural: visits for a little one in a museum  <\/h2>\n                                            <\/div>\n            <div>\n                <div class=\"glide__arrows\" data-glide-el=\"controls\">\n                    <button class=\"glide__arrow glide__arrow--left\" data-glide-dir=\"|&lt;\"><i class=\"fa fa-angle-left\"><\/i><\/button>\n                    <button class=\"glide__arrow glide__arrow--right\" data-glide-dir=\"|&gt;\"><i class=\"fa fa-angle-right\"><\/i><\/button>\n                <\/div>\n            <\/div>\n        <\/div>\n        \n        <div class=\"glide__track\" data-glide-el=\"track\">\n            <ul class=\"glide__slides\">\n                            <\/ul>\n        <\/div>\n    <\/div>\n    \n    <\/div>\n-->\n<style type=\"text\/css\">\n    .swiper{\n        width: 100%;\n    }\n    .grid-carousel__arrows {\n        display: flex;\n        gap: 1rem;\n\n    }\n    button.grid-carousel__arrow {\n        background: #008098;\n        border-radius: 50%;\n        height: 50px;\n        width: 50px;\n        border: 2px solid #008098;\n        color: #ffff;\n        padding: 0px;\n        text-align: center;\n    }\n\n    button.grid-carousel__arrow.swiper-button-disabled{\n        opacity: .15;\n    }\n    .grid-carousel .swiper-slide {\n         min-width: 300px;\n    }\n    @media (max-width: 799px) {\n        .grid-carousel__arrows {\n            display: none;\n        }\n        .grid-carousel .swiper-slide {\n            width: 40%;\n        }\n    }\n    @media (max-width: 529px) {\n        .grid-carousel .swiper-slide {\n            width: 75%;\n        }\n    }\n<\/style>\n\n<div class=\"row new-grids grids-style-2\">\n    <div class=\"swiper grid-carousel\">\n        <div class=\"grid-title grid-carousel--title\">\n            <div>\n                                    <h2>Cultural: visits for a little one in a museum  <\/h2>\n                                            <\/div>\n            <div>\n                <div class=\"grid-carousel__arrows\">\n                    <button class=\"grid-carousel__arrow grid-carousel__arrow--left\">\n                        <i class=\"fa fa-angle-left\"><\/i>\n                    <\/button>\n                    <button class=\"grid-carousel__arrow grid-carousel__arrow--right\">\n                        <i class=\"fa fa-angle-right\"><\/i>\n                    <\/button>\n                <\/div>\n            <\/div>\n        <\/div>\n        \n        <div class=\"swiper-wrapper\">\n                    <\/div>\n    <\/div>\n    \n    <\/div>\n\n<\/div><div class=\"lazyblock-grids-Z1Y7VUk wp-block-lazyblock-grids\"><!--\n<div class=\"row new-grids grids-style-2\">\n    <div class=\"glide grid-carousel\">\n        <div class=\"grid-title grid-carousel--title\">\n            <div>\n                                    <h2>Exhibitions: exhibitions adapted to the youngest<\/h2>\n                                            <\/div>\n            <div>\n                <div class=\"glide__arrows\" data-glide-el=\"controls\">\n                    <button class=\"glide__arrow glide__arrow--left\" data-glide-dir=\"|&lt;\"><i class=\"fa fa-angle-left\"><\/i><\/button>\n                    <button class=\"glide__arrow glide__arrow--right\" data-glide-dir=\"|&gt;\"><i class=\"fa fa-angle-right\"><\/i><\/button>\n                <\/div>\n            <\/div>\n        <\/div>\n        \n        <div class=\"glide__track\" data-glide-el=\"track\">\n            <ul class=\"glide__slides\">\n                <li class=\"glide__slide\">\n\n<div class=\"grid\">\n\t<a href=\"https:\/\/www.familinparis.fr\/en\/dance\/\" target=\"_self\">\n\t    <div class=\"image\" style=\"background-image:url('https:\/\/www.familinparis.fr\/wp-content\/uploads\/2024\/06\/Danser-expo-2024-la-villette-564x282.jpg')\">\n\t    \t\t    \t<div class=\"dateOnImg\">Until June 28, 2026<\/div>\n\t    \t\t\t\t\t    <\/div>\n\t    <div class=\"texte\">\n\t        <h5>At the Cit\u00e9 des Sciences (Paris 19th)<\/h5>\n\t        <h3>Dance<\/h3>\n\t        <div class=\"tags\">\n\t        \t\t        \t\t<span>For 4 - 8 year olds<\/span>\n\t        \t\t        \t<span>1 hour<\/span>\n\t        <\/div>\n\t        <div class=\"bas\">\n        \t\t<div class=\"prix\">\n        \t\t\t        \t\t<\/div>\n            \t<div class=\"review-stars\" data-productId=\"\">\n            \t<\/div>\n\t        <\/div>\n\t    <\/div>\n\t<\/a>\n<\/div><\/li>            <\/ul>\n        <\/div>\n    <\/div>\n    \n    <\/div>\n-->\n<style type=\"text\/css\">\n    .swiper{\n        width: 100%;\n    }\n    .grid-carousel__arrows {\n        display: flex;\n        gap: 1rem;\n\n    }\n    button.grid-carousel__arrow {\n        background: #008098;\n        border-radius: 50%;\n        height: 50px;\n        width: 50px;\n        border: 2px solid #008098;\n        color: #ffff;\n        padding: 0px;\n        text-align: center;\n    }\n\n    button.grid-carousel__arrow.swiper-button-disabled{\n        opacity: .15;\n    }\n    .grid-carousel .swiper-slide {\n         min-width: 300px;\n    }\n    @media (max-width: 799px) {\n        .grid-carousel__arrows {\n            display: none;\n        }\n        .grid-carousel .swiper-slide {\n            width: 40%;\n        }\n    }\n    @media (max-width: 529px) {\n        .grid-carousel .swiper-slide {\n            width: 75%;\n        }\n    }\n<\/style>\n\n<div class=\"row new-grids grids-style-2\">\n    <div class=\"swiper grid-carousel\">\n        <div class=\"grid-title grid-carousel--title\">\n            <div>\n                                    <h2>Exhibitions: exhibitions adapted to the youngest<\/h2>\n                                            <\/div>\n            <div>\n                <div class=\"grid-carousel__arrows\">\n                    <button class=\"grid-carousel__arrow grid-carousel__arrow--left\">\n                        <i class=\"fa fa-angle-left\"><\/i>\n                    <\/button>\n                    <button class=\"grid-carousel__arrow grid-carousel__arrow--right\">\n                        <i class=\"fa fa-angle-right\"><\/i>\n                    <\/button>\n                <\/div>\n            <\/div>\n        <\/div>\n        \n        <div class=\"swiper-wrapper\">\n            <div class=\"swiper-slide\">\n\n<div class=\"grid\">\n\t<a href=\"https:\/\/www.familinparis.fr\/en\/dance\/\" target=\"_self\">\n\t    <div class=\"image\" style=\"background-image:url('https:\/\/www.familinparis.fr\/wp-content\/uploads\/2024\/06\/Danser-expo-2024-la-villette-564x282.jpg')\">\n\t    \t\t    \t<div class=\"dateOnImg\">Until June 28, 2026<\/div>\n\t    \t\t\t\t\t    <\/div>\n\t    <div class=\"texte\">\n\t        <h5>At the Cit\u00e9 des Sciences (Paris 19th)<\/h5>\n\t        <h3>Dance<\/h3>\n\t        <div class=\"tags\">\n\t        \t\t        \t\t<span>For 4 &#8211; 8 year olds<\/span>\n\t        \t\t        \t<span>1 hour<\/span>\n\t        <\/div>\n\t        <div class=\"bas\">\n        \t\t<div class=\"prix\">\n        \t\t\t        \t\t<\/div>\n            \t<div class=\"review-stars\" data-productId=\"\">\n            \t<\/div>\n\t        <\/div>\n\t    <\/div>\n\t<\/a>\n<\/div><\/div>        <\/div>\n    <\/div>\n    \n    <\/div>\n\n<\/div><div class=\"lazyblock-grids-A9u7S wp-block-lazyblock-grids\"><!--\n<div class=\"row new-grids grids-style-2\">\n    <div class=\"glide grid-carousel\">\n        <div class=\"grid-title grid-carousel--title\">\n            <div>\n                                    <h2>Museums: museums that should please them<\/h2>\n                                            <\/div>\n            <div>\n                <div class=\"glide__arrows\" data-glide-el=\"controls\">\n                    <button class=\"glide__arrow glide__arrow--left\" data-glide-dir=\"|&lt;\"><i class=\"fa fa-angle-left\"><\/i><\/button>\n                    <button class=\"glide__arrow glide__arrow--right\" data-glide-dir=\"|&gt;\"><i class=\"fa fa-angle-right\"><\/i><\/button>\n                <\/div>\n            <\/div>\n        <\/div>\n        \n        <div class=\"glide__track\" data-glide-el=\"track\">\n            <ul class=\"glide__slides\">\n                <li class=\"glide__slide\">\n\n<div class=\"grid\">\n\t<a href=\"https:\/\/www.familinparis.fr\/en\/the-grande-galerie-de-l-evolution-in-paris\/\" target=\"_self\">\n\t    <div class=\"image\" style=\"background-image:url('https:\/\/www.familinparis.fr\/wp-content\/uploads\/photos-familinparis-2021\/mus\u00e9e\/la-grande-galerie-de-l-evolution\/galerie-de-l-evolution-jardin-des-plantes-\u00a9FamilinParis-828x399-1-564x282.jpg')\">\n\t    \t\t    \t<div class=\"dateOnImg\">5% de r\u00e9duction<\/div>\n\t    \t\t\t\t\t    <\/div>\n\t    <div class=\"texte\">\n\t        <h5>Dans le jardin des Plants (5\u00e8me)<\/h5>\n\t        <h3>The Grande Galerie de l'\u00c9volution<\/h3>\n\t        <div class=\"tags\">\n\t        \t\t        \t\t<span>Tout public<\/span>\n\t        \t\t        \t<span><\/span>\n\t        <\/div>\n\t        <div class=\"bas\">\n        \t\t<div class=\"prix\">\n        \t\t\t        \t\t<\/div>\n            \t<div class=\"review-stars\" data-productId=\"\">\n            \t<\/div>\n\t        <\/div>\n\t    <\/div>\n\t<\/a>\n<\/div><\/li>            <\/ul>\n        <\/div>\n    <\/div>\n    \n    <\/div>\n-->\n<style type=\"text\/css\">\n    .swiper{\n        width: 100%;\n    }\n    .grid-carousel__arrows {\n        display: flex;\n        gap: 1rem;\n\n    }\n    button.grid-carousel__arrow {\n        background: #008098;\n        border-radius: 50%;\n        height: 50px;\n        width: 50px;\n        border: 2px solid #008098;\n        color: #ffff;\n        padding: 0px;\n        text-align: center;\n    }\n\n    button.grid-carousel__arrow.swiper-button-disabled{\n        opacity: .15;\n    }\n    .grid-carousel .swiper-slide {\n         min-width: 300px;\n    }\n    @media (max-width: 799px) {\n        .grid-carousel__arrows {\n            display: none;\n        }\n        .grid-carousel .swiper-slide {\n            width: 40%;\n        }\n    }\n    @media (max-width: 529px) {\n        .grid-carousel .swiper-slide {\n            width: 75%;\n        }\n    }\n<\/style>\n\n<div class=\"row new-grids grids-style-2\">\n    <div class=\"swiper grid-carousel\">\n        <div class=\"grid-title grid-carousel--title\">\n            <div>\n                                    <h2>Museums: museums that should please them<\/h2>\n                                            <\/div>\n            <div>\n                <div class=\"grid-carousel__arrows\">\n                    <button class=\"grid-carousel__arrow grid-carousel__arrow--left\">\n                        <i class=\"fa fa-angle-left\"><\/i>\n                    <\/button>\n                    <button class=\"grid-carousel__arrow grid-carousel__arrow--right\">\n                        <i class=\"fa fa-angle-right\"><\/i>\n                    <\/button>\n                <\/div>\n            <\/div>\n        <\/div>\n        \n        <div class=\"swiper-wrapper\">\n            <div class=\"swiper-slide\">\n\n<div class=\"grid\">\n\t<a href=\"https:\/\/www.familinparis.fr\/en\/the-grande-galerie-de-l-evolution-in-paris\/\" target=\"_self\">\n\t    <div class=\"image\" style=\"background-image:url('https:\/\/www.familinparis.fr\/wp-content\/uploads\/photos-familinparis-2021\/mus\u00e9e\/la-grande-galerie-de-l-evolution\/galerie-de-l-evolution-jardin-des-plantes-\u00a9FamilinParis-828x399-1-564x282.jpg')\">\n\t    \t\t    \t<div class=\"dateOnImg\">5% de r\u00e9duction<\/div>\n\t    \t\t\t\t\t    <\/div>\n\t    <div class=\"texte\">\n\t        <h5>Dans le jardin des Plants (5\u00e8me)<\/h5>\n\t        <h3>The Grande Galerie de l&#8217;\u00c9volution<\/h3>\n\t        <div class=\"tags\">\n\t        \t\t        \t\t<span>Tout public<\/span>\n\t        \t\t        \t<span><\/span>\n\t        <\/div>\n\t        <div class=\"bas\">\n        \t\t<div class=\"prix\">\n        \t\t\t        \t\t<\/div>\n            \t<div class=\"review-stars\" data-productId=\"\">\n            \t<\/div>\n\t        <\/div>\n\t    <\/div>\n\t<\/a>\n<\/div><\/div>        <\/div>\n    <\/div>\n    \n    <\/div>\n\n<\/div>\n<div class=\"wp-block-getwid-anchor\" id=\"STAGE\"\/>\n\n<div style=\"height:30px\" aria-hidden=\"true\" class=\"wp-block-spacer\"><\/div>\n<div class=\"lazyblock-grids-2pIyTE wp-block-lazyblock-grids\"><!--\n<div class=\"row new-grids grids-style-2\">\n    <div class=\"glide grid-carousel\">\n        <div class=\"grid-title grid-carousel--title\">\n            <div>\n                                    <h2>Workshops: to keep them busy during the holidays<\/h2>\n                                            <\/div>\n            <div>\n                <div class=\"glide__arrows\" data-glide-el=\"controls\">\n                    <button class=\"glide__arrow glide__arrow--left\" data-glide-dir=\"|&lt;\"><i class=\"fa fa-angle-left\"><\/i><\/button>\n                    <button class=\"glide__arrow glide__arrow--right\" data-glide-dir=\"|&gt;\"><i class=\"fa fa-angle-right\"><\/i><\/button>\n                <\/div>\n            <\/div>\n        <\/div>\n        \n        <div class=\"glide__track\" data-glide-el=\"track\">\n            <ul class=\"glide__slides\">\n                <li class=\"glide__slide\">\n\n<div class=\"grid\">\n\t<a href=\"https:\/\/www.familinparis.fr\/en\/magic-workshop-for-6-8-year-olds\/\" target=\"_self\">\n\t    <div class=\"image\" style=\"background-image:url('https:\/\/www.familinparis.fr\/wp-content\/uploads\/photos-partenaires\/musee-de-la-magie-paris-564x282.jpg')\">\n\t    \t\t    \t<div class=\"dateOnImg\">School holidays + public holidays<\/div>\n\t    \t\t\t\t\t    <\/div>\n\t    <div class=\"texte\">\n\t        <h5>Museum of Magic and Automata (Paris 4th)<\/h5>\n\t        <h3>Magic Workshop for 6-8 year olds<\/h3>\n\t        <div class=\"tags\">\n\t        \t\t        \t\t<span>6 - 8 years old<\/span>\n\t        \t\t        \t<span>2h30<\/span>\n\t        <\/div>\n\t        <div class=\"bas\">\n        \t\t<div class=\"prix\">\n        \t\t\t        \t\t<\/div>\n            \t<div class=\"review-stars\" data-productId=\"67\">\n            \t<\/div>\n\t        <\/div>\n\t    <\/div>\n\t<\/a>\n<\/div><\/li><li class=\"glide__slide\">\n\n<div class=\"grid\">\n\t<a href=\"https:\/\/www.familinparis.fr\/en\/bread-and-animals-workshop-at-ferme-de-gally-in-sartrouville\/\" target=\"_self\">\n\t    <div class=\"image\" style=\"background-image:url('https:\/\/www.familinparis.fr\/wp-content\/uploads\/2024\/11\/atelier-fabrication-pain-564x282.jpg')\">\n\t    \t\t    \t<div class=\"dateOnImg\">Jusqu'au 30 avril 2025<\/div>\n\t    \t\t\t\t\t    <\/div>\n\t    <div class=\"texte\">\n\t        <h5>Ferme de Gally Sartrouville<\/h5>\n\t        <h3>Bread and animal workshop at the Ferme de Gally in Sartrouville (78)<\/h3>\n\t        <div class=\"tags\">\n\t        \t\t        \t\t<span>de 3 \u00e0 12 ans <\/span>\n\t        \t\t        \t<span>45min<\/span>\n\t        <\/div>\n\t        <div class=\"bas\">\n        \t\t<div class=\"prix\">\n        \t\t\t        \t\t<\/div>\n            \t<div class=\"review-stars\" data-productId=\"\">\n            \t<\/div>\n\t        <\/div>\n\t    <\/div>\n\t<\/a>\n<\/div><\/li><li class=\"glide__slide\">\n\n<div class=\"grid\">\n\t<a href=\"https:\/\/www.familinparis.fr\/en\/bread-and-animal-workshop-at-the-saint-denis-farm\/\" target=\"_self\">\n\t    <div class=\"image\" style=\"background-image:url('https:\/\/www.familinparis.fr\/wp-content\/uploads\/Animaux\/ferme\/ferme-pedagogique-mouton-564x282.jpg')\">\n\t    \t\t    \t<div class=\"dateOnImg\">Jusqu'au 13 avril 2025<\/div>\n\t    \t\t\t\t\t    <\/div>\n\t    <div class=\"texte\">\n\t        <h5>La Ferme ouverte de de saint-Denis<\/h5>\n\t        <h3>Bread and Animals Workshop, at the Open Farm of Saint-Denis<\/h3>\n\t        <div class=\"tags\">\n\t        \t\t        \t\t<span>de 3 \u00e0 12 ans <\/span>\n\t        \t\t        \t<span>atelier de 45min <\/span>\n\t        <\/div>\n\t        <div class=\"bas\">\n        \t\t<div class=\"prix\">\n        \t\t\t        \t\t<\/div>\n            \t<div class=\"review-stars\" data-productId=\"\">\n            \t<\/div>\n\t        <\/div>\n\t    <\/div>\n\t<\/a>\n<\/div><\/li><li class=\"glide__slide\">\n\n<div class=\"grid\">\n\t<a href=\"https:\/\/www.familinparis.fr\/en\/malowe-nature-the-educational-farm\/\" target=\"_self\">\n\t    <div class=\"image\" style=\"background-image:url('https:\/\/www.familinparis.fr\/wp-content\/uploads\/Animaux\/Malowe-Nature\/enfants-564x282.jpg')\">\n\t    \t\t\t\t\t    <\/div>\n\t    <div class=\"texte\">\n\t        <h5><\/h5>\n\t        <h3>Malowe Nature, the educational farm<\/h3>\n\t        <div class=\"tags\">\n\t        \t\t        \t<span><\/span>\n\t        <\/div>\n\t        <div class=\"bas\">\n        \t\t<div class=\"prix\">\n        \t\t\t        \t\t<\/div>\n            \t<div class=\"review-stars\" data-productId=\"\">\n            \t<\/div>\n\t        <\/div>\n\t    <\/div>\n\t<\/a>\n<\/div><\/li>            <\/ul>\n        <\/div>\n    <\/div>\n    \n    <\/div>\n-->\n<style type=\"text\/css\">\n    .swiper{\n        width: 100%;\n    }\n    .grid-carousel__arrows {\n        display: flex;\n        gap: 1rem;\n\n    }\n    button.grid-carousel__arrow {\n        background: #008098;\n        border-radius: 50%;\n        height: 50px;\n        width: 50px;\n        border: 2px solid #008098;\n        color: #ffff;\n        padding: 0px;\n        text-align: center;\n    }\n\n    button.grid-carousel__arrow.swiper-button-disabled{\n        opacity: .15;\n    }\n    .grid-carousel .swiper-slide {\n         min-width: 300px;\n    }\n    @media (max-width: 799px) {\n        .grid-carousel__arrows {\n            display: none;\n        }\n        .grid-carousel .swiper-slide {\n            width: 40%;\n        }\n    }\n    @media (max-width: 529px) {\n        .grid-carousel .swiper-slide {\n            width: 75%;\n        }\n    }\n<\/style>\n\n<div class=\"row new-grids grids-style-2\">\n    <div class=\"swiper grid-carousel\">\n        <div class=\"grid-title grid-carousel--title\">\n            <div>\n                                    <h2>Workshops: to keep them busy during the holidays<\/h2>\n                                            <\/div>\n            <div>\n                <div class=\"grid-carousel__arrows\">\n                    <button class=\"grid-carousel__arrow grid-carousel__arrow--left\">\n                        <i class=\"fa fa-angle-left\"><\/i>\n                    <\/button>\n                    <button class=\"grid-carousel__arrow grid-carousel__arrow--right\">\n                        <i class=\"fa fa-angle-right\"><\/i>\n                    <\/button>\n                <\/div>\n            <\/div>\n        <\/div>\n        \n        <div class=\"swiper-wrapper\">\n            <div class=\"swiper-slide\">\n\n<div class=\"grid\">\n\t<a href=\"https:\/\/www.familinparis.fr\/en\/magic-workshop-for-6-8-year-olds\/\" target=\"_self\">\n\t    <div class=\"image\" style=\"background-image:url('https:\/\/www.familinparis.fr\/wp-content\/uploads\/photos-partenaires\/musee-de-la-magie-paris-564x282.jpg')\">\n\t    \t\t    \t<div class=\"dateOnImg\">School holidays + public holidays<\/div>\n\t    \t\t\t\t\t    <\/div>\n\t    <div class=\"texte\">\n\t        <h5>Museum of Magic and Automata (Paris 4th)<\/h5>\n\t        <h3>Magic Workshop for 6-8 year olds<\/h3>\n\t        <div class=\"tags\">\n\t        \t\t        \t\t<span>6 &#8211; 8 years old<\/span>\n\t        \t\t        \t<span>2h30<\/span>\n\t        <\/div>\n\t        <div class=\"bas\">\n        \t\t<div class=\"prix\">\n        \t\t\t        \t\t<\/div>\n            \t<div class=\"review-stars\" data-productId=\"67\">\n            \t<\/div>\n\t        <\/div>\n\t    <\/div>\n\t<\/a>\n<\/div><\/div><div class=\"swiper-slide\">\n\n<div class=\"grid\">\n\t<a href=\"https:\/\/www.familinparis.fr\/en\/bread-and-animals-workshop-at-ferme-de-gally-in-sartrouville\/\" target=\"_self\">\n\t    <div class=\"image\" style=\"background-image:url('https:\/\/www.familinparis.fr\/wp-content\/uploads\/2024\/11\/atelier-fabrication-pain-564x282.jpg')\">\n\t    \t\t    \t<div class=\"dateOnImg\">Jusqu&#8217;au 30 avril 2025<\/div>\n\t    \t\t\t\t\t    <\/div>\n\t    <div class=\"texte\">\n\t        <h5>Ferme de Gally Sartrouville<\/h5>\n\t        <h3>Bread and animal workshop at the Ferme de Gally in Sartrouville (78)<\/h3>\n\t        <div class=\"tags\">\n\t        \t\t        \t\t<span>de 3 \u00e0 12 ans <\/span>\n\t        \t\t        \t<span>45min<\/span>\n\t        <\/div>\n\t        <div class=\"bas\">\n        \t\t<div class=\"prix\">\n        \t\t\t        \t\t<\/div>\n            \t<div class=\"review-stars\" data-productId=\"\">\n            \t<\/div>\n\t        <\/div>\n\t    <\/div>\n\t<\/a>\n<\/div><\/div><div class=\"swiper-slide\">\n\n<div class=\"grid\">\n\t<a href=\"https:\/\/www.familinparis.fr\/en\/bread-and-animal-workshop-at-the-saint-denis-farm\/\" target=\"_self\">\n\t    <div class=\"image\" style=\"background-image:url('https:\/\/www.familinparis.fr\/wp-content\/uploads\/Animaux\/ferme\/ferme-pedagogique-mouton-564x282.jpg')\">\n\t    \t\t    \t<div class=\"dateOnImg\">Jusqu&#8217;au 13 avril 2025<\/div>\n\t    \t\t\t\t\t    <\/div>\n\t    <div class=\"texte\">\n\t        <h5>La Ferme ouverte de de saint-Denis<\/h5>\n\t        <h3>Bread and Animals Workshop, at the Open Farm of Saint-Denis<\/h3>\n\t        <div class=\"tags\">\n\t        \t\t        \t\t<span>de 3 \u00e0 12 ans <\/span>\n\t        \t\t        \t<span>atelier de 45min <\/span>\n\t        <\/div>\n\t        <div class=\"bas\">\n        \t\t<div class=\"prix\">\n        \t\t\t        \t\t<\/div>\n            \t<div class=\"review-stars\" data-productId=\"\">\n            \t<\/div>\n\t        <\/div>\n\t    <\/div>\n\t<\/a>\n<\/div><\/div><div class=\"swiper-slide\">\n\n<div class=\"grid\">\n\t<a href=\"https:\/\/www.familinparis.fr\/en\/malowe-nature-the-educational-farm\/\" target=\"_self\">\n\t    <div class=\"image\" style=\"background-image:url('https:\/\/www.familinparis.fr\/wp-content\/uploads\/Animaux\/Malowe-Nature\/enfants-564x282.jpg')\">\n\t    \t\t\t\t\t    <\/div>\n\t    <div class=\"texte\">\n\t        <h5><\/h5>\n\t        <h3>Malowe Nature, the educational farm<\/h3>\n\t        <div class=\"tags\">\n\t        \t\t        \t<span><\/span>\n\t        <\/div>\n\t        <div class=\"bas\">\n        \t\t<div class=\"prix\">\n        \t\t\t        \t\t<\/div>\n            \t<div class=\"review-stars\" data-productId=\"\">\n            \t<\/div>\n\t        <\/div>\n\t    <\/div>\n\t<\/a>\n<\/div><\/div>        <\/div>\n    <\/div>\n    \n    <\/div>\n\n<\/div>\n<div class=\"wp-block-getwid-anchor\" id=\"PARCS-LOISIRS\"\/>\n\n<div style=\"height:30px\" aria-hidden=\"true\" class=\"wp-block-spacer\"><\/div>\n<div class=\"lazyblock-grids-1xlzpu wp-block-lazyblock-grids\"><!--\n<div class=\"row new-grids grids-style-2\">\n    <div class=\"glide grid-carousel\">\n        <div class=\"grid-title grid-carousel--title\">\n            <div>\n                                    <h2>Leisure parks: a must with little ones<\/h2>\n                                            <\/div>\n            <div>\n                <div class=\"glide__arrows\" data-glide-el=\"controls\">\n                    <button class=\"glide__arrow glide__arrow--left\" data-glide-dir=\"|&lt;\"><i class=\"fa fa-angle-left\"><\/i><\/button>\n                    <button class=\"glide__arrow glide__arrow--right\" data-glide-dir=\"|&gt;\"><i class=\"fa fa-angle-right\"><\/i><\/button>\n                <\/div>\n            <\/div>\n        <\/div>\n        \n        <div class=\"glide__track\" data-glide-el=\"track\">\n            <ul class=\"glide__slides\">\n                            <\/ul>\n        <\/div>\n    <\/div>\n    \n    <\/div>\n-->\n<style type=\"text\/css\">\n    .swiper{\n        width: 100%;\n    }\n    .grid-carousel__arrows {\n        display: flex;\n        gap: 1rem;\n\n    }\n    button.grid-carousel__arrow {\n        background: #008098;\n        border-radius: 50%;\n        height: 50px;\n        width: 50px;\n        border: 2px solid #008098;\n        color: #ffff;\n        padding: 0px;\n        text-align: center;\n    }\n\n    button.grid-carousel__arrow.swiper-button-disabled{\n        opacity: .15;\n    }\n    .grid-carousel .swiper-slide {\n         min-width: 300px;\n    }\n    @media (max-width: 799px) {\n        .grid-carousel__arrows {\n            display: none;\n        }\n        .grid-carousel .swiper-slide {\n            width: 40%;\n        }\n    }\n    @media (max-width: 529px) {\n        .grid-carousel .swiper-slide {\n            width: 75%;\n        }\n    }\n<\/style>\n\n<div class=\"row new-grids grids-style-2\">\n    <div class=\"swiper grid-carousel\">\n        <div class=\"grid-title grid-carousel--title\">\n            <div>\n                                    <h2>Leisure parks: a must with little ones<\/h2>\n                                            <\/div>\n            <div>\n                <div class=\"grid-carousel__arrows\">\n                    <button class=\"grid-carousel__arrow grid-carousel__arrow--left\">\n                        <i class=\"fa fa-angle-left\"><\/i>\n                    <\/button>\n                    <button class=\"grid-carousel__arrow grid-carousel__arrow--right\">\n                        <i class=\"fa fa-angle-right\"><\/i>\n                    <\/button>\n                <\/div>\n            <\/div>\n        <\/div>\n        \n        <div class=\"swiper-wrapper\">\n                    <\/div>\n    <\/div>\n    \n    <\/div>\n\n<\/div>\n<div class=\"wp-block-getwid-anchor\" id=\"TOURISTE\"\/>\n\n<div style=\"height:30px\" aria-hidden=\"true\" class=\"wp-block-spacer\"><\/div>\n<div class=\"lazyblock-grids-ZFLHJO wp-block-lazyblock-grids\"><!--\n<div class=\"row new-grids grids-style-2\">\n    <div class=\"glide grid-carousel\">\n        <div class=\"grid-title grid-carousel--title\">\n            <div>\n                                    <h2>Touristy: nice ideas to help your child discover Paris<\/h2>\n                                            <\/div>\n            <div>\n                <div class=\"glide__arrows\" data-glide-el=\"controls\">\n                    <button class=\"glide__arrow glide__arrow--left\" data-glide-dir=\"|&lt;\"><i class=\"fa fa-angle-left\"><\/i><\/button>\n                    <button class=\"glide__arrow glide__arrow--right\" data-glide-dir=\"|&gt;\"><i class=\"fa fa-angle-right\"><\/i><\/button>\n                <\/div>\n            <\/div>\n        <\/div>\n        \n        <div class=\"glide__track\" data-glide-el=\"track\">\n            <ul class=\"glide__slides\">\n                <li class=\"glide__slide\">\n\n<div class=\"grid\">\n\t<a href=\"https:\/\/www.familinparis.fr\/en\/amphibious-bus-tour-of-paris-on-the-seine\/\" target=\"_self\">\n\t    <div class=\"image\" style=\"background-image:url('https:\/\/www.familinparis.fr\/wp-content\/uploads\/2025\/06\/\u00a9Les-Carnards-de-la-Seine-1-564x282.jpg')\">\n\t    \t\t    \t<div class=\"dateOnImg\">Every day (except WE)<\/div>\n\t    \t\t\t\t\t    <\/div>\n\t    <div class=\"texte\">\n\t        <h5>Paris and Haut-de-Seine<\/h5>\n\t        <h3>Paris amphibious bus tour on the Seine<\/h3>\n\t        <div class=\"tags\">\n\t        \t\t        \t\t<span>Original<\/span>\n\t        \t\t        \t<span>2 hours<\/span>\n\t        <\/div>\n\t        <div class=\"bas\">\n        \t\t<div class=\"prix\">\n        \t\t\t        \t\t<\/div>\n            \t<div class=\"review-stars\" data-productId=\"\">\n            \t<\/div>\n\t        <\/div>\n\t    <\/div>\n\t<\/a>\n<\/div><\/li><li class=\"glide__slide\">\n\n<div class=\"grid\">\n\t<a href=\"https:\/\/www.familinparis.fr\/en\/the-cruise-in-a-bateau-mouches\/\" target=\"_self\">\n\t    <div class=\"image\" style=\"background-image:url('https:\/\/www.familinparis.fr\/wp-content\/uploads\/Seine\/bateau-mouche\/bateau-mouche-enfant-564x282.jpg')\">\n\t    \t\t    \t<div class=\"dateOnImg\">7 days a week<\/div>\n\t    \t\t\t\t\t    <\/div>\n\t    <div class=\"texte\">\n\t        <h5>Departure from Pont de l'Alma<\/h5>\n\t        <h3>Fancy a Bateau-Mouche cruise in Paris with your family?<\/h3>\n\t        <div class=\"tags\">\n\t        \t\t        \t\t<span>INESCAPABLE<\/span>\n\t        \t\t        \t<span>1h10<\/span>\n\t        <\/div>\n\t        <div class=\"bas\">\n        \t\t<div class=\"prix\">\n        \t\t\t\t        \t\t\t<span>From<\/span>\n\t        \t\t\t<span class=\"chiffre-barre\">10\u20ac<\/span>\n\t        \t\t\t<span class=\"chiffre\">9\u20ac<\/span>\t        \t\t        \t\t<\/div>\n            \t<div class=\"review-stars\" data-productId=\"1\">\n            \t<\/div>\n\t        <\/div>\n\t    <\/div>\n\t<\/a>\n<\/div><\/li><li class=\"glide__slide\">\n\n<div class=\"grid\">\n\t<a href=\"https:\/\/www.familinparis.fr\/en\/hot-air-balloon-flight-in-paris-the-generali-balloon\/\" target=\"_self\">\n\t    <div class=\"image\" style=\"background-image:url('https:\/\/www.familinparis.fr\/wp-content\/uploads\/photos-partenaires\/ballon-generali-montgolfiere-parc-andre-citroen-564x282.jpg')\">\n\t    \t\t    \t<div class=\"dateOnImg\">7 days a week<\/div>\n\t    \t\t\t\t\t    <\/div>\n\t    <div class=\"texte\">\n\t        <h5>At the Parc Andr\u00e9 Citroen (in the 15th arrondissement)<\/h5>\n\t        <h3>Hot air balloon flight in Paris - The Generali balloon<\/h3>\n\t        <div class=\"tags\">\n\t        \t\t        \t\t<span>Promo: -10%<\/span>\n\t        \t\t        \t<span>10 to 12mn  <\/span>\n\t        <\/div>\n\t        <div class=\"bas\">\n        \t\t<div class=\"prix\">\n        \t\t\t\t        \t\t\t<span>From<\/span>\n\t        \t\t\t<span class=\"chiffre-barre\">15\u20ac<\/span>\n\t        \t\t\t<span class=\"chiffre\">14\u20ac<\/span>\t        \t\t        \t\t<\/div>\n            \t<div class=\"review-stars\" data-productId=\"78\">\n            \t<\/div>\n\t        <\/div>\n\t    <\/div>\n\t<\/a>\n<\/div><\/li>            <\/ul>\n        <\/div>\n    <\/div>\n    \n    <\/div>\n-->\n<style type=\"text\/css\">\n    .swiper{\n        width: 100%;\n    }\n    .grid-carousel__arrows {\n        display: flex;\n        gap: 1rem;\n\n    }\n    button.grid-carousel__arrow {\n        background: #008098;\n        border-radius: 50%;\n        height: 50px;\n        width: 50px;\n        border: 2px solid #008098;\n        color: #ffff;\n        padding: 0px;\n        text-align: center;\n    }\n\n    button.grid-carousel__arrow.swiper-button-disabled{\n        opacity: .15;\n    }\n    .grid-carousel .swiper-slide {\n         min-width: 300px;\n    }\n    @media (max-width: 799px) {\n        .grid-carousel__arrows {\n            display: none;\n        }\n        .grid-carousel .swiper-slide {\n            width: 40%;\n        }\n    }\n    @media (max-width: 529px) {\n        .grid-carousel .swiper-slide {\n            width: 75%;\n        }\n    }\n<\/style>\n\n<div class=\"row new-grids grids-style-2\">\n    <div class=\"swiper grid-carousel\">\n        <div class=\"grid-title grid-carousel--title\">\n            <div>\n                                    <h2>Touristy: nice ideas to help your child discover Paris<\/h2>\n                                            <\/div>\n            <div>\n                <div class=\"grid-carousel__arrows\">\n                    <button class=\"grid-carousel__arrow grid-carousel__arrow--left\">\n                        <i class=\"fa fa-angle-left\"><\/i>\n                    <\/button>\n                    <button class=\"grid-carousel__arrow grid-carousel__arrow--right\">\n                        <i class=\"fa fa-angle-right\"><\/i>\n                    <\/button>\n                <\/div>\n            <\/div>\n        <\/div>\n        \n        <div class=\"swiper-wrapper\">\n            <div class=\"swiper-slide\">\n\n<div class=\"grid\">\n\t<a href=\"https:\/\/www.familinparis.fr\/en\/amphibious-bus-tour-of-paris-on-the-seine\/\" target=\"_self\">\n\t    <div class=\"image\" style=\"background-image:url('https:\/\/www.familinparis.fr\/wp-content\/uploads\/2025\/06\/\u00a9Les-Carnards-de-la-Seine-1-564x282.jpg')\">\n\t    \t\t    \t<div class=\"dateOnImg\">Every day (except WE)<\/div>\n\t    \t\t\t\t\t    <\/div>\n\t    <div class=\"texte\">\n\t        <h5>Paris and Haut-de-Seine<\/h5>\n\t        <h3>Paris amphibious bus tour on the Seine<\/h3>\n\t        <div class=\"tags\">\n\t        \t\t        \t\t<span>Original<\/span>\n\t        \t\t        \t<span>2 hours<\/span>\n\t        <\/div>\n\t        <div class=\"bas\">\n        \t\t<div class=\"prix\">\n        \t\t\t        \t\t<\/div>\n            \t<div class=\"review-stars\" data-productId=\"\">\n            \t<\/div>\n\t        <\/div>\n\t    <\/div>\n\t<\/a>\n<\/div><\/div><div class=\"swiper-slide\">\n\n<div class=\"grid\">\n\t<a href=\"https:\/\/www.familinparis.fr\/en\/the-cruise-in-a-bateau-mouches\/\" target=\"_self\">\n\t    <div class=\"image\" style=\"background-image:url('https:\/\/www.familinparis.fr\/wp-content\/uploads\/Seine\/bateau-mouche\/bateau-mouche-enfant-564x282.jpg')\">\n\t    \t\t    \t<div class=\"dateOnImg\">7 days a week<\/div>\n\t    \t\t\t\t\t    <\/div>\n\t    <div class=\"texte\">\n\t        <h5>Departure from Pont de l&#8217;Alma<\/h5>\n\t        <h3>Fancy a Bateau-Mouche cruise in Paris with your family?<\/h3>\n\t        <div class=\"tags\">\n\t        \t\t        \t\t<span>INESCAPABLE<\/span>\n\t        \t\t        \t<span>1h10<\/span>\n\t        <\/div>\n\t        <div class=\"bas\">\n        \t\t<div class=\"prix\">\n        \t\t\t\t        \t\t\t<span>From<\/span>\n\t        \t\t\t<span class=\"chiffre-barre\">10\u20ac<\/span>\n\t        \t\t\t<span class=\"chiffre\">9\u20ac<\/span>\t        \t\t        \t\t<\/div>\n            \t<div class=\"review-stars\" data-productId=\"1\">\n            \t<\/div>\n\t        <\/div>\n\t    <\/div>\n\t<\/a>\n<\/div><\/div><div class=\"swiper-slide\">\n\n<div class=\"grid\">\n\t<a href=\"https:\/\/www.familinparis.fr\/en\/hot-air-balloon-flight-in-paris-the-generali-balloon\/\" target=\"_self\">\n\t    <div class=\"image\" style=\"background-image:url('https:\/\/www.familinparis.fr\/wp-content\/uploads\/photos-partenaires\/ballon-generali-montgolfiere-parc-andre-citroen-564x282.jpg')\">\n\t    \t\t    \t<div class=\"dateOnImg\">7 days a week<\/div>\n\t    \t\t\t\t\t    <\/div>\n\t    <div class=\"texte\">\n\t        <h5>At the Parc Andr\u00e9 Citroen (in the 15th arrondissement)<\/h5>\n\t        <h3>Hot air balloon flight in Paris &#8211; The Generali balloon<\/h3>\n\t        <div class=\"tags\">\n\t        \t\t        \t\t<span>Promo: -10%<\/span>\n\t        \t\t        \t<span>10 to 12mn  <\/span>\n\t        <\/div>\n\t        <div class=\"bas\">\n        \t\t<div class=\"prix\">\n        \t\t\t\t        \t\t\t<span>From<\/span>\n\t        \t\t\t<span class=\"chiffre-barre\">15\u20ac<\/span>\n\t        \t\t\t<span class=\"chiffre\">14\u20ac<\/span>\t        \t\t        \t\t<\/div>\n            \t<div class=\"review-stars\" data-productId=\"78\">\n            \t<\/div>\n\t        <\/div>\n\t    <\/div>\n\t<\/a>\n<\/div><\/div>        <\/div>\n    <\/div>\n    \n    <\/div>\n\n<\/div>\n<h2 class=\"wp-block-heading\">Questions<\/h2>\n\n<div class=\"schema-faq wp-block-yoast-faq-block\"><div class=\"schema-faq-section\" id=\"faq-question-1769708382244\"><strong class=\"schema-faq-question\">What to do in Paris with your family if it rains?<\/strong> <p class=\"schema-faq-answer\">All indoor activities with of course <a href=\"https:\/\/www.familinparis.fr\/en\/must-see-museum-in-paris\/\">museums <\/a>and their temporary or permanent <a href=\"https:\/\/www.familinparis.fr\/en\/must-see-family-exhibitions-in-paris\/\">exhibitions<\/a> . Go and drink a hot chocolate in one of the many emblematic caf\u00e9s of the capital (<a href=\"https:\/\/www.familinparis.fr\/en\/the-mythical-angelina-tea-room\/\">Chez Angelina<\/a>, Chez Carette, Caf\u00e9 de Flore or Deux Magots). Get tickets for one of <a href=\"https:\/\/www.familinparis.fr\/en\/show-for-children-aged-3-6-years-paris\/\">the many shows for the little ones<\/a>. Sessions usually take place in the afternoon.  <\/p> <\/div> <div class=\"schema-faq-section\" id=\"faq-question-1769708410269\"><strong class=\"schema-faq-question\">What are the free activities in February?<\/strong> <p class=\"schema-faq-answer\">Many <a href=\"https:\/\/www.familinparis.fr\/en\/free-museums-in-paris\/\">museums are free<\/a> all year round, including <a href=\"https:\/\/www.familinparis.fr\/en\/what-to-do-in-paris-in-february\/\">in February<\/a>. There are very nice <a href=\"https:\/\/www.familinparis.fr\/en\/the-best-playgrounds-in-paris\/\">playgrounds<\/a> for the youngest. <a href=\"https:\/\/www.familinparis.fr\/en\/the-paris-farm\/\">The Ferme de Paris<\/a> (in the Bois de Vincennes) is free for all and all year round And then stroll through the streets of Paris or on the banks of the Seine (it&#8217;s magnificent), stroll with your nose in the air in search of Invaders&#8230; Try to get tickets for <a href=\"https:\/\/www.familinparis.fr\/en\/visit-notre-dame-de-paris\/\">the visit of Notre-Dame<\/a>, absolutely splendid. And also the <a href=\"https:\/\/www.familinparis.fr\/en\/lunar-new-year-celebrate-the-year-of-the-dragon-at-the-guimet-museum\/\">Chinese New Year celebrations at the Guimet Museum<\/a> and the <a href=\"https:\/\/www.familinparis.fr\/en\/chinese-new-year-at-the-cernuschi-museum\/\">family weekend at the Cernuschi Museum<\/a><\/p> <\/div> <div class=\"schema-faq-section\" id=\"faq-question-1769708559876\"><strong class=\"schema-faq-question\">How to dress to visit Paris in February?<\/strong> <p class=\"schema-faq-answer\">Having good shoes is essential because, as in all big cities, you walk a lot in Paris. In February, it can still be cold so hat, gloves and warm clothes are recommended. And don&#8217;t forget your umbrella!  <\/p> <\/div> <div class=\"schema-faq-section\" id=\"faq-question-1769708584382\"><strong class=\"schema-faq-question\">What are the February 2026 holiday dates for zone A?<\/strong> <p class=\"schema-faq-answer\">The winter holidays take place from Saturday 7 February to Monday 23 February 2026 for zone A<\/p> <\/div> <div class=\"schema-faq-section\" id=\"faq-question-1769708609520\"><strong class=\"schema-faq-question\">What are the February 2026 holiday dates for zone B?<\/strong> <p class=\"schema-faq-answer\">The winter holidays take place from Saturday 14 February to Monday 2 March 2026 for zone B<\/p> <\/div> <div class=\"schema-faq-section\" id=\"faq-question-1769708634653\"><strong class=\"schema-faq-question\">What are the February 2026 holiday dates for zone C?<\/strong> <p class=\"schema-faq-answer\">The winter holidays take place from Saturday 21 February to Monday 9 March 2026 for zone C<\/p> <\/div> <\/div>\n","protected":false},"excerpt":{"rendered":"<p>Questions<\/p>\n","protected":false},"author":6,"featured_media":132115,"comment_status":"open","ping_status":"open","sticky":false,"template":"","format":"standard","meta":{"_uag_custom_page_level_css":"","footnotes":""},"categories":[1200],"tags":[1220,1208,1272,1209,1373,1257],"class_list":{"0":"post-150851","1":"post","2":"type-post","3":"status-publish","4":"format-standard","5":"has-post-thumbnail","7":"category-news","8":"tag-february","9":"tag-for-3-6-year-olds","10":"tag-for-babies","11":"tag-good-looking","12":"tag-march","13":"tag-rain"},"yoast_head":"<!-- This site is optimized with the Yoast SEO plugin v27.2 - https:\/\/yoast.com\/product\/yoast-seo-wordpress\/ -->\n<title>What to do during the February holidays with 0-6 year olds?<\/title>\n<meta name=\"description\" content=\"Ideas for outings and activities for the February holidays with a toddler or a child of 2, 3, 4, 5 or 6 years old.\" \/>\n<meta name=\"robots\" content=\"index, follow, max-snippet:-1, max-image-preview:large, max-video-preview:-1\" \/>\n<link rel=\"canonical\" href=\"https:\/\/www.familinparis.fr\/en\/idees-d-activite-pour-les-vacances-de-fevrier-avec-un-enfant\/\" \/>\n<meta property=\"og:locale\" content=\"en_US\" \/>\n<meta property=\"og:type\" content=\"article\" \/>\n<meta property=\"og:title\" content=\"What to do during the February holidays with 0-6 year olds?\" \/>\n<meta property=\"og:description\" content=\"Ideas for outings and activities for the February holidays with a toddler or a child of 2, 3, 4, 5 or 6 years old.\" \/>\n<meta property=\"og:url\" content=\"https:\/\/www.familinparis.fr\/en\/idees-d-activite-pour-les-vacances-de-fevrier-avec-un-enfant\/\" \/>\n<meta property=\"og:site_name\" content=\"Familin&#039;Paris\" \/>\n<meta property=\"article:published_time\" content=\"2026-01-13T15:58:10+00:00\" \/>\n<meta property=\"article:modified_time\" content=\"2026-02-01T19:17:09+00:00\" \/>\n<meta property=\"og:image\" content=\"https:\/\/www.familinparis.fr\/wp-content\/uploads\/Seine\/bateau-mouche\/bateau-mouche-enfant.jpg\" \/>\n\t<meta property=\"og:image:width\" content=\"1385\" \/>\n\t<meta property=\"og:image:height\" content=\"1920\" \/>\n\t<meta property=\"og:image:type\" content=\"image\/jpeg\" \/>\n<meta name=\"author\" content=\"Agn\u00e8s\" \/>\n<meta name=\"twitter:card\" content=\"summary_large_image\" \/>\n<meta name=\"twitter:label1\" content=\"Written by\" \/>\n\t<meta name=\"twitter:data1\" content=\"Agn\u00e8s\" \/>\n\t<meta name=\"twitter:label2\" content=\"Est. reading time\" \/>\n\t<meta name=\"twitter:data2\" content=\"2 minutes\" \/>\n<script type=\"application\/ld+json\" class=\"yoast-schema-graph\">{\"@context\":\"https:\/\/schema.org\",\"@graph\":[{\"@type\":\"Article\",\"@id\":\"https:\/\/www.familinparis.fr\/en\/idees-d-activite-pour-les-vacances-de-fevrier-avec-un-enfant\/#article\",\"isPartOf\":{\"@id\":\"https:\/\/www.familinparis.fr\/en\/idees-d-activite-pour-les-vacances-de-fevrier-avec-un-enfant\/\"},\"author\":{\"name\":\"Agn\u00e8s\",\"@id\":\"https:\/\/www.familinparis.fr\/en\/#\/schema\/person\/20deb9130cb58f76b535d316fe0aa31f\"},\"headline\":\"Les vacances de f\u00e9vrier avec les 0-6 ans \u00e0 Paris\",\"datePublished\":\"2026-01-13T15:58:10+00:00\",\"dateModified\":\"2026-02-01T19:17:09+00:00\",\"mainEntityOfPage\":{\"@id\":\"https:\/\/www.familinparis.fr\/en\/idees-d-activite-pour-les-vacances-de-fevrier-avec-un-enfant\/\"},\"wordCount\":373,\"commentCount\":0,\"image\":{\"@id\":\"https:\/\/www.familinparis.fr\/en\/idees-d-activite-pour-les-vacances-de-fevrier-avec-un-enfant\/#primaryimage\"},\"thumbnailUrl\":\"https:\/\/www.familinparis.fr\/wp-content\/uploads\/Seine\/bateau-mouche\/bateau-mouche-enfant.jpg\",\"keywords\":[\"February\",\"For 3-6 year olds\",\"For babies\",\"Good looking\",\"March\",\"rain\"],\"articleSection\":[\"News\"],\"inLanguage\":\"en-US\",\"potentialAction\":[{\"@type\":\"CommentAction\",\"name\":\"Comment\",\"target\":[\"https:\/\/www.familinparis.fr\/en\/idees-d-activite-pour-les-vacances-de-fevrier-avec-un-enfant\/#respond\"]}]},{\"@type\":[\"WebPage\",\"FAQPage\"],\"@id\":\"https:\/\/www.familinparis.fr\/en\/idees-d-activite-pour-les-vacances-de-fevrier-avec-un-enfant\/\",\"url\":\"https:\/\/www.familinparis.fr\/en\/idees-d-activite-pour-les-vacances-de-fevrier-avec-un-enfant\/\",\"name\":\"What to do during the February holidays with 0-6 year olds?\",\"isPartOf\":{\"@id\":\"https:\/\/www.familinparis.fr\/en\/#website\"},\"primaryImageOfPage\":{\"@id\":\"https:\/\/www.familinparis.fr\/en\/idees-d-activite-pour-les-vacances-de-fevrier-avec-un-enfant\/#primaryimage\"},\"image\":{\"@id\":\"https:\/\/www.familinparis.fr\/en\/idees-d-activite-pour-les-vacances-de-fevrier-avec-un-enfant\/#primaryimage\"},\"thumbnailUrl\":\"https:\/\/www.familinparis.fr\/wp-content\/uploads\/Seine\/bateau-mouche\/bateau-mouche-enfant.jpg\",\"datePublished\":\"2026-01-13T15:58:10+00:00\",\"dateModified\":\"2026-02-01T19:17:09+00:00\",\"author\":{\"@id\":\"https:\/\/www.familinparis.fr\/en\/#\/schema\/person\/20deb9130cb58f76b535d316fe0aa31f\"},\"description\":\"Ideas for outings and activities for the February holidays with a toddler or a child of 2, 3, 4, 5 or 6 years old.\",\"breadcrumb\":{\"@id\":\"https:\/\/www.familinparis.fr\/en\/idees-d-activite-pour-les-vacances-de-fevrier-avec-un-enfant\/#breadcrumb\"},\"mainEntity\":[{\"@id\":\"https:\/\/www.familinparis.fr\/en\/idees-d-activite-pour-les-vacances-de-fevrier-avec-un-enfant\/#faq-question-1769708382244\"},{\"@id\":\"https:\/\/www.familinparis.fr\/en\/idees-d-activite-pour-les-vacances-de-fevrier-avec-un-enfant\/#faq-question-1769708410269\"},{\"@id\":\"https:\/\/www.familinparis.fr\/en\/idees-d-activite-pour-les-vacances-de-fevrier-avec-un-enfant\/#faq-question-1769708559876\"},{\"@id\":\"https:\/\/www.familinparis.fr\/en\/idees-d-activite-pour-les-vacances-de-fevrier-avec-un-enfant\/#faq-question-1769708584382\"},{\"@id\":\"https:\/\/www.familinparis.fr\/en\/idees-d-activite-pour-les-vacances-de-fevrier-avec-un-enfant\/#faq-question-1769708609520\"},{\"@id\":\"https:\/\/www.familinparis.fr\/en\/idees-d-activite-pour-les-vacances-de-fevrier-avec-un-enfant\/#faq-question-1769708634653\"}],\"inLanguage\":\"en-US\",\"potentialAction\":[{\"@type\":\"ReadAction\",\"target\":[\"https:\/\/www.familinparis.fr\/en\/idees-d-activite-pour-les-vacances-de-fevrier-avec-un-enfant\/\"]}]},{\"@type\":\"ImageObject\",\"inLanguage\":\"en-US\",\"@id\":\"https:\/\/www.familinparis.fr\/en\/idees-d-activite-pour-les-vacances-de-fevrier-avec-un-enfant\/#primaryimage\",\"url\":\"https:\/\/www.familinparis.fr\/wp-content\/uploads\/Seine\/bateau-mouche\/bateau-mouche-enfant.jpg\",\"contentUrl\":\"https:\/\/www.familinparis.fr\/wp-content\/uploads\/Seine\/bateau-mouche\/bateau-mouche-enfant.jpg\",\"width\":1385,\"height\":1920},{\"@type\":\"BreadcrumbList\",\"@id\":\"https:\/\/www.familinparis.fr\/en\/idees-d-activite-pour-les-vacances-de-fevrier-avec-un-enfant\/#breadcrumb\",\"itemListElement\":[{\"@type\":\"ListItem\",\"position\":1,\"name\":\"Home\",\"item\":\"https:\/\/www.familinparis.fr\/en\/\"},{\"@type\":\"ListItem\",\"position\":2,\"name\":\"News\",\"item\":\"https:\/\/www.familinparis.fr\/en\/categorie\/news\/\"},{\"@type\":\"ListItem\",\"position\":3,\"name\":\"Les vacances de f\u00e9vrier avec les 0-6 ans \u00e0 Paris\"}]},{\"@type\":\"WebSite\",\"@id\":\"https:\/\/www.familinparis.fr\/en\/#website\",\"url\":\"https:\/\/www.familinparis.fr\/en\/\",\"name\":\"Familin&#039;Paris\",\"description\":\"Visiter le meilleur de Paris avec des enfants : sorties, spectacles, adresses de restaurants, shopping, bons plans...\",\"potentialAction\":[{\"@type\":\"SearchAction\",\"target\":{\"@type\":\"EntryPoint\",\"urlTemplate\":\"https:\/\/www.familinparis.fr\/en\/?s={search_term_string}\"},\"query-input\":{\"@type\":\"PropertyValueSpecification\",\"valueRequired\":true,\"valueName\":\"search_term_string\"}}],\"inLanguage\":\"en-US\"},{\"@type\":\"Person\",\"@id\":\"https:\/\/www.familinparis.fr\/en\/#\/schema\/person\/20deb9130cb58f76b535d316fe0aa31f\",\"name\":\"Agn\u00e8s\",\"image\":{\"@type\":\"ImageObject\",\"inLanguage\":\"en-US\",\"@id\":\"https:\/\/secure.gravatar.com\/avatar\/0ff338e2776ca662585d438b3bc140cbe7b54659207d3329065be97ffb37fa5a?s=96&d=identicon&r=g\",\"url\":\"https:\/\/secure.gravatar.com\/avatar\/0ff338e2776ca662585d438b3bc140cbe7b54659207d3329065be97ffb37fa5a?s=96&d=identicon&r=g\",\"contentUrl\":\"https:\/\/secure.gravatar.com\/avatar\/0ff338e2776ca662585d438b3bc140cbe7b54659207d3329065be97ffb37fa5a?s=96&d=identicon&r=g\",\"caption\":\"Agn\u00e8s\"}},{\"@type\":\"Question\",\"@id\":\"https:\/\/www.familinparis.fr\/en\/idees-d-activite-pour-les-vacances-de-fevrier-avec-un-enfant\/#faq-question-1769708382244\",\"position\":1,\"url\":\"https:\/\/www.familinparis.fr\/en\/idees-d-activite-pour-les-vacances-de-fevrier-avec-un-enfant\/#faq-question-1769708382244\",\"name\":\"What to do in Paris with your family if it rains?\",\"answerCount\":1,\"acceptedAnswer\":{\"@type\":\"Answer\",\"text\":\"All indoor activities with of course <a href=\\\"https:\/\/www.familinparis.fr\/en\/must-see-museum-in-paris\/\\\">museums <\/a>and their temporary or permanent <a href=\\\"https:\/\/www.familinparis.fr\/en\/must-see-family-exhibitions-in-paris\/\\\">exhibitions<\/a> . Go and drink a hot chocolate in one of the many emblematic caf\u00e9s of the capital (<a href=\\\"https:\/\/www.familinparis.fr\/en\/the-mythical-angelina-tea-room\/\\\">Chez Angelina<\/a>, Chez Carette, Caf\u00e9 de Flore or Deux Magots). Get tickets for one of <a href=\\\"https:\/\/www.familinparis.fr\/en\/show-for-children-aged-3-6-years-paris\/\\\">the many shows for the little ones<\/a>. Sessions usually take place in the afternoon.  \",\"inLanguage\":\"en-US\"},\"inLanguage\":\"en-US\"},{\"@type\":\"Question\",\"@id\":\"https:\/\/www.familinparis.fr\/en\/idees-d-activite-pour-les-vacances-de-fevrier-avec-un-enfant\/#faq-question-1769708410269\",\"position\":2,\"url\":\"https:\/\/www.familinparis.fr\/en\/idees-d-activite-pour-les-vacances-de-fevrier-avec-un-enfant\/#faq-question-1769708410269\",\"name\":\"What are the free activities in February?\",\"answerCount\":1,\"acceptedAnswer\":{\"@type\":\"Answer\",\"text\":\"Many <a href=\\\"https:\/\/www.familinparis.fr\/en\/free-museums-in-paris\/\\\">museums are free<\/a> all year round, including <a href=\\\"https:\/\/www.familinparis.fr\/en\/what-to-do-in-paris-in-february\/\\\">in February<\/a>. There are very nice <a href=\\\"https:\/\/www.familinparis.fr\/en\/the-best-playgrounds-in-paris\/\\\">playgrounds<\/a> for the youngest. <a href=\\\"https:\/\/www.familinparis.fr\/en\/the-paris-farm\/\\\">The Ferme de Paris<\/a> (in the Bois de Vincennes) is free for all and all year round And then stroll through the streets of Paris or on the banks of the Seine (it's magnificent), stroll with your nose in the air in search of Invaders... Try to get tickets for <a href=\\\"https:\/\/www.familinparis.fr\/en\/visit-notre-dame-de-paris\/\\\">the visit of Notre-Dame<\/a>, absolutely splendid. And also the <a href=\\\"https:\/\/www.familinparis.fr\/en\/lunar-new-year-celebrate-the-year-of-the-dragon-at-the-guimet-museum\/\\\">Chinese New Year celebrations at the Guimet Museum<\/a> and the <a href=\\\"https:\/\/www.familinparis.fr\/en\/chinese-new-year-at-the-cernuschi-museum\/\\\">family weekend at the Cernuschi Museum<\/a>\",\"inLanguage\":\"en-US\"},\"inLanguage\":\"en-US\"},{\"@type\":\"Question\",\"@id\":\"https:\/\/www.familinparis.fr\/en\/idees-d-activite-pour-les-vacances-de-fevrier-avec-un-enfant\/#faq-question-1769708559876\",\"position\":3,\"url\":\"https:\/\/www.familinparis.fr\/en\/idees-d-activite-pour-les-vacances-de-fevrier-avec-un-enfant\/#faq-question-1769708559876\",\"name\":\"How to dress to visit Paris in February?\",\"answerCount\":1,\"acceptedAnswer\":{\"@type\":\"Answer\",\"text\":\"Having good shoes is essential because, as in all big cities, you walk a lot in Paris. In February, it can still be cold so hat, gloves and warm clothes are recommended. And don't forget your umbrella!  \",\"inLanguage\":\"en-US\"},\"inLanguage\":\"en-US\"},{\"@type\":\"Question\",\"@id\":\"https:\/\/www.familinparis.fr\/en\/idees-d-activite-pour-les-vacances-de-fevrier-avec-un-enfant\/#faq-question-1769708584382\",\"position\":4,\"url\":\"https:\/\/www.familinparis.fr\/en\/idees-d-activite-pour-les-vacances-de-fevrier-avec-un-enfant\/#faq-question-1769708584382\",\"name\":\"What are the February 2026 holiday dates for zone A?\",\"answerCount\":1,\"acceptedAnswer\":{\"@type\":\"Answer\",\"text\":\"The winter holidays take place from Saturday 7 February to Monday 23 February 2026 for zone A\",\"inLanguage\":\"en-US\"},\"inLanguage\":\"en-US\"},{\"@type\":\"Question\",\"@id\":\"https:\/\/www.familinparis.fr\/en\/idees-d-activite-pour-les-vacances-de-fevrier-avec-un-enfant\/#faq-question-1769708609520\",\"position\":5,\"url\":\"https:\/\/www.familinparis.fr\/en\/idees-d-activite-pour-les-vacances-de-fevrier-avec-un-enfant\/#faq-question-1769708609520\",\"name\":\"What are the February 2026 holiday dates for zone B?\",\"answerCount\":1,\"acceptedAnswer\":{\"@type\":\"Answer\",\"text\":\"The winter holidays take place from Saturday 14 February to Monday 2 March 2026 for zone B\",\"inLanguage\":\"en-US\"},\"inLanguage\":\"en-US\"},{\"@type\":\"Question\",\"@id\":\"https:\/\/www.familinparis.fr\/en\/idees-d-activite-pour-les-vacances-de-fevrier-avec-un-enfant\/#faq-question-1769708634653\",\"position\":6,\"url\":\"https:\/\/www.familinparis.fr\/en\/idees-d-activite-pour-les-vacances-de-fevrier-avec-un-enfant\/#faq-question-1769708634653\",\"name\":\"What are the February 2026 holiday dates for zone C?\",\"answerCount\":1,\"acceptedAnswer\":{\"@type\":\"Answer\",\"text\":\"The winter holidays take place from Saturday 21 February to Monday 9 March 2026 for zone C\",\"inLanguage\":\"en-US\"},\"inLanguage\":\"en-US\"}]}<\/script>\n<!-- \/ Yoast SEO plugin. -->","yoast_head_json":{"title":"What to do during the February holidays with 0-6 year olds?","description":"Ideas for outings and activities for the February holidays with a toddler or a child of 2, 3, 4, 5 or 6 years old.","robots":{"index":"index","follow":"follow","max-snippet":"max-snippet:-1","max-image-preview":"max-image-preview:large","max-video-preview":"max-video-preview:-1"},"canonical":"https:\/\/www.familinparis.fr\/en\/idees-d-activite-pour-les-vacances-de-fevrier-avec-un-enfant\/","og_locale":"en_US","og_type":"article","og_title":"What to do during the February holidays with 0-6 year olds?","og_description":"Ideas for outings and activities for the February holidays with a toddler or a child of 2, 3, 4, 5 or 6 years old.","og_url":"https:\/\/www.familinparis.fr\/en\/idees-d-activite-pour-les-vacances-de-fevrier-avec-un-enfant\/","og_site_name":"Familin&#039;Paris","article_published_time":"2026-01-13T15:58:10+00:00","article_modified_time":"2026-02-01T19:17:09+00:00","og_image":[{"width":1385,"height":1920,"url":"https:\/\/www.familinparis.fr\/wp-content\/uploads\/Seine\/bateau-mouche\/bateau-mouche-enfant.jpg","type":"image\/jpeg"}],"author":"Agn\u00e8s","twitter_card":"summary_large_image","twitter_misc":{"Written by":"Agn\u00e8s","Est. reading time":"2 minutes"},"schema":{"@context":"https:\/\/schema.org","@graph":[{"@type":"Article","@id":"https:\/\/www.familinparis.fr\/en\/idees-d-activite-pour-les-vacances-de-fevrier-avec-un-enfant\/#article","isPartOf":{"@id":"https:\/\/www.familinparis.fr\/en\/idees-d-activite-pour-les-vacances-de-fevrier-avec-un-enfant\/"},"author":{"name":"Agn\u00e8s","@id":"https:\/\/www.familinparis.fr\/en\/#\/schema\/person\/20deb9130cb58f76b535d316fe0aa31f"},"headline":"Les vacances de f\u00e9vrier avec les 0-6 ans \u00e0 Paris","datePublished":"2026-01-13T15:58:10+00:00","dateModified":"2026-02-01T19:17:09+00:00","mainEntityOfPage":{"@id":"https:\/\/www.familinparis.fr\/en\/idees-d-activite-pour-les-vacances-de-fevrier-avec-un-enfant\/"},"wordCount":373,"commentCount":0,"image":{"@id":"https:\/\/www.familinparis.fr\/en\/idees-d-activite-pour-les-vacances-de-fevrier-avec-un-enfant\/#primaryimage"},"thumbnailUrl":"https:\/\/www.familinparis.fr\/wp-content\/uploads\/Seine\/bateau-mouche\/bateau-mouche-enfant.jpg","keywords":["February","For 3-6 year olds","For babies","Good looking","March","rain"],"articleSection":["News"],"inLanguage":"en-US","potentialAction":[{"@type":"CommentAction","name":"Comment","target":["https:\/\/www.familinparis.fr\/en\/idees-d-activite-pour-les-vacances-de-fevrier-avec-un-enfant\/#respond"]}]},{"@type":["WebPage","FAQPage"],"@id":"https:\/\/www.familinparis.fr\/en\/idees-d-activite-pour-les-vacances-de-fevrier-avec-un-enfant\/","url":"https:\/\/www.familinparis.fr\/en\/idees-d-activite-pour-les-vacances-de-fevrier-avec-un-enfant\/","name":"What to do during the February holidays with 0-6 year olds?","isPartOf":{"@id":"https:\/\/www.familinparis.fr\/en\/#website"},"primaryImageOfPage":{"@id":"https:\/\/www.familinparis.fr\/en\/idees-d-activite-pour-les-vacances-de-fevrier-avec-un-enfant\/#primaryimage"},"image":{"@id":"https:\/\/www.familinparis.fr\/en\/idees-d-activite-pour-les-vacances-de-fevrier-avec-un-enfant\/#primaryimage"},"thumbnailUrl":"https:\/\/www.familinparis.fr\/wp-content\/uploads\/Seine\/bateau-mouche\/bateau-mouche-enfant.jpg","datePublished":"2026-01-13T15:58:10+00:00","dateModified":"2026-02-01T19:17:09+00:00","author":{"@id":"https:\/\/www.familinparis.fr\/en\/#\/schema\/person\/20deb9130cb58f76b535d316fe0aa31f"},"description":"Ideas for outings and activities for the February holidays with a toddler or a child of 2, 3, 4, 5 or 6 years old.","breadcrumb":{"@id":"https:\/\/www.familinparis.fr\/en\/idees-d-activite-pour-les-vacances-de-fevrier-avec-un-enfant\/#breadcrumb"},"mainEntity":[{"@id":"https:\/\/www.familinparis.fr\/en\/idees-d-activite-pour-les-vacances-de-fevrier-avec-un-enfant\/#faq-question-1769708382244"},{"@id":"https:\/\/www.familinparis.fr\/en\/idees-d-activite-pour-les-vacances-de-fevrier-avec-un-enfant\/#faq-question-1769708410269"},{"@id":"https:\/\/www.familinparis.fr\/en\/idees-d-activite-pour-les-vacances-de-fevrier-avec-un-enfant\/#faq-question-1769708559876"},{"@id":"https:\/\/www.familinparis.fr\/en\/idees-d-activite-pour-les-vacances-de-fevrier-avec-un-enfant\/#faq-question-1769708584382"},{"@id":"https:\/\/www.familinparis.fr\/en\/idees-d-activite-pour-les-vacances-de-fevrier-avec-un-enfant\/#faq-question-1769708609520"},{"@id":"https:\/\/www.familinparis.fr\/en\/idees-d-activite-pour-les-vacances-de-fevrier-avec-un-enfant\/#faq-question-1769708634653"}],"inLanguage":"en-US","potentialAction":[{"@type":"ReadAction","target":["https:\/\/www.familinparis.fr\/en\/idees-d-activite-pour-les-vacances-de-fevrier-avec-un-enfant\/"]}]},{"@type":"ImageObject","inLanguage":"en-US","@id":"https:\/\/www.familinparis.fr\/en\/idees-d-activite-pour-les-vacances-de-fevrier-avec-un-enfant\/#primaryimage","url":"https:\/\/www.familinparis.fr\/wp-content\/uploads\/Seine\/bateau-mouche\/bateau-mouche-enfant.jpg","contentUrl":"https:\/\/www.familinparis.fr\/wp-content\/uploads\/Seine\/bateau-mouche\/bateau-mouche-enfant.jpg","width":1385,"height":1920},{"@type":"BreadcrumbList","@id":"https:\/\/www.familinparis.fr\/en\/idees-d-activite-pour-les-vacances-de-fevrier-avec-un-enfant\/#breadcrumb","itemListElement":[{"@type":"ListItem","position":1,"name":"Home","item":"https:\/\/www.familinparis.fr\/en\/"},{"@type":"ListItem","position":2,"name":"News","item":"https:\/\/www.familinparis.fr\/en\/categorie\/news\/"},{"@type":"ListItem","position":3,"name":"Les vacances de f\u00e9vrier avec les 0-6 ans \u00e0 Paris"}]},{"@type":"WebSite","@id":"https:\/\/www.familinparis.fr\/en\/#website","url":"https:\/\/www.familinparis.fr\/en\/","name":"Familin&#039;Paris","description":"Visiter le meilleur de Paris avec des enfants : sorties, spectacles, adresses de restaurants, shopping, bons plans...","potentialAction":[{"@type":"SearchAction","target":{"@type":"EntryPoint","urlTemplate":"https:\/\/www.familinparis.fr\/en\/?s={search_term_string}"},"query-input":{"@type":"PropertyValueSpecification","valueRequired":true,"valueName":"search_term_string"}}],"inLanguage":"en-US"},{"@type":"Person","@id":"https:\/\/www.familinparis.fr\/en\/#\/schema\/person\/20deb9130cb58f76b535d316fe0aa31f","name":"Agn\u00e8s","image":{"@type":"ImageObject","inLanguage":"en-US","@id":"https:\/\/secure.gravatar.com\/avatar\/0ff338e2776ca662585d438b3bc140cbe7b54659207d3329065be97ffb37fa5a?s=96&d=identicon&r=g","url":"https:\/\/secure.gravatar.com\/avatar\/0ff338e2776ca662585d438b3bc140cbe7b54659207d3329065be97ffb37fa5a?s=96&d=identicon&r=g","contentUrl":"https:\/\/secure.gravatar.com\/avatar\/0ff338e2776ca662585d438b3bc140cbe7b54659207d3329065be97ffb37fa5a?s=96&d=identicon&r=g","caption":"Agn\u00e8s"}},{"@type":"Question","@id":"https:\/\/www.familinparis.fr\/en\/idees-d-activite-pour-les-vacances-de-fevrier-avec-un-enfant\/#faq-question-1769708382244","position":1,"url":"https:\/\/www.familinparis.fr\/en\/idees-d-activite-pour-les-vacances-de-fevrier-avec-un-enfant\/#faq-question-1769708382244","name":"What to do in Paris with your family if it rains?","answerCount":1,"acceptedAnswer":{"@type":"Answer","text":"All indoor activities with of course <a href=\"https:\/\/www.familinparis.fr\/en\/must-see-museum-in-paris\/\">museums <\/a>and their temporary or permanent <a href=\"https:\/\/www.familinparis.fr\/en\/must-see-family-exhibitions-in-paris\/\">exhibitions<\/a> . Go and drink a hot chocolate in one of the many emblematic caf\u00e9s of the capital (<a href=\"https:\/\/www.familinparis.fr\/en\/the-mythical-angelina-tea-room\/\">Chez Angelina<\/a>, Chez Carette, Caf\u00e9 de Flore or Deux Magots). Get tickets for one of <a href=\"https:\/\/www.familinparis.fr\/en\/show-for-children-aged-3-6-years-paris\/\">the many shows for the little ones<\/a>. Sessions usually take place in the afternoon.  ","inLanguage":"en-US"},"inLanguage":"en-US"},{"@type":"Question","@id":"https:\/\/www.familinparis.fr\/en\/idees-d-activite-pour-les-vacances-de-fevrier-avec-un-enfant\/#faq-question-1769708410269","position":2,"url":"https:\/\/www.familinparis.fr\/en\/idees-d-activite-pour-les-vacances-de-fevrier-avec-un-enfant\/#faq-question-1769708410269","name":"What are the free activities in February?","answerCount":1,"acceptedAnswer":{"@type":"Answer","text":"Many <a href=\"https:\/\/www.familinparis.fr\/en\/free-museums-in-paris\/\">museums are free<\/a> all year round, including <a href=\"https:\/\/www.familinparis.fr\/en\/what-to-do-in-paris-in-february\/\">in February<\/a>. There are very nice <a href=\"https:\/\/www.familinparis.fr\/en\/the-best-playgrounds-in-paris\/\">playgrounds<\/a> for the youngest. <a href=\"https:\/\/www.familinparis.fr\/en\/the-paris-farm\/\">The Ferme de Paris<\/a> (in the Bois de Vincennes) is free for all and all year round And then stroll through the streets of Paris or on the banks of the Seine (it's magnificent), stroll with your nose in the air in search of Invaders... Try to get tickets for <a href=\"https:\/\/www.familinparis.fr\/en\/visit-notre-dame-de-paris\/\">the visit of Notre-Dame<\/a>, absolutely splendid. And also the <a href=\"https:\/\/www.familinparis.fr\/en\/lunar-new-year-celebrate-the-year-of-the-dragon-at-the-guimet-museum\/\">Chinese New Year celebrations at the Guimet Museum<\/a> and the <a href=\"https:\/\/www.familinparis.fr\/en\/chinese-new-year-at-the-cernuschi-museum\/\">family weekend at the Cernuschi Museum<\/a>","inLanguage":"en-US"},"inLanguage":"en-US"},{"@type":"Question","@id":"https:\/\/www.familinparis.fr\/en\/idees-d-activite-pour-les-vacances-de-fevrier-avec-un-enfant\/#faq-question-1769708559876","position":3,"url":"https:\/\/www.familinparis.fr\/en\/idees-d-activite-pour-les-vacances-de-fevrier-avec-un-enfant\/#faq-question-1769708559876","name":"How to dress to visit Paris in February?","answerCount":1,"acceptedAnswer":{"@type":"Answer","text":"Having good shoes is essential because, as in all big cities, you walk a lot in Paris. In February, it can still be cold so hat, gloves and warm clothes are recommended. And don't forget your umbrella!  ","inLanguage":"en-US"},"inLanguage":"en-US"},{"@type":"Question","@id":"https:\/\/www.familinparis.fr\/en\/idees-d-activite-pour-les-vacances-de-fevrier-avec-un-enfant\/#faq-question-1769708584382","position":4,"url":"https:\/\/www.familinparis.fr\/en\/idees-d-activite-pour-les-vacances-de-fevrier-avec-un-enfant\/#faq-question-1769708584382","name":"What are the February 2026 holiday dates for zone A?","answerCount":1,"acceptedAnswer":{"@type":"Answer","text":"The winter holidays take place from Saturday 7 February to Monday 23 February 2026 for zone A","inLanguage":"en-US"},"inLanguage":"en-US"},{"@type":"Question","@id":"https:\/\/www.familinparis.fr\/en\/idees-d-activite-pour-les-vacances-de-fevrier-avec-un-enfant\/#faq-question-1769708609520","position":5,"url":"https:\/\/www.familinparis.fr\/en\/idees-d-activite-pour-les-vacances-de-fevrier-avec-un-enfant\/#faq-question-1769708609520","name":"What are the February 2026 holiday dates for zone B?","answerCount":1,"acceptedAnswer":{"@type":"Answer","text":"The winter holidays take place from Saturday 14 February to Monday 2 March 2026 for zone B","inLanguage":"en-US"},"inLanguage":"en-US"},{"@type":"Question","@id":"https:\/\/www.familinparis.fr\/en\/idees-d-activite-pour-les-vacances-de-fevrier-avec-un-enfant\/#faq-question-1769708634653","position":6,"url":"https:\/\/www.familinparis.fr\/en\/idees-d-activite-pour-les-vacances-de-fevrier-avec-un-enfant\/#faq-question-1769708634653","name":"What are the February 2026 holiday dates for zone C?","answerCount":1,"acceptedAnswer":{"@type":"Answer","text":"The winter holidays take place from Saturday 21 February to Monday 9 March 2026 for zone C","inLanguage":"en-US"},"inLanguage":"en-US"}]}},"uagb_featured_image_src":{"full":["https:\/\/www.familinparis.fr\/wp-content\/uploads\/Seine\/bateau-mouche\/bateau-mouche-enfant.jpg",1385,1920,false],"thumbnail":["https:\/\/www.familinparis.fr\/wp-content\/uploads\/Seine\/bateau-mouche\/bateau-mouche-enfant-150x150.jpg",150,150,true],"medium":["https:\/\/www.familinparis.fr\/wp-content\/uploads\/Seine\/bateau-mouche\/bateau-mouche-enfant-216x300.jpg",216,300,true],"medium_large":["https:\/\/www.familinparis.fr\/wp-content\/uploads\/Seine\/bateau-mouche\/bateau-mouche-enfant-768x1065.jpg",768,1065,true],"large":["https:\/\/www.familinparis.fr\/wp-content\/uploads\/Seine\/bateau-mouche\/bateau-mouche-enfant-739x1024.jpg",739,1024,true],"1536x1536":["https:\/\/www.familinparis.fr\/wp-content\/uploads\/Seine\/bateau-mouche\/bateau-mouche-enfant-1108x1536.jpg",1108,1536,true],"2048x2048":["https:\/\/www.familinparis.fr\/wp-content\/uploads\/Seine\/bateau-mouche\/bateau-mouche-enfant.jpg",1385,1920,false],"home-thumb":["https:\/\/www.familinparis.fr\/wp-content\/uploads\/Seine\/bateau-mouche\/bateau-mouche-enfant-527x730.jpg",527,730,true],"home-slider":["https:\/\/www.familinparis.fr\/wp-content\/uploads\/Seine\/bateau-mouche\/bateau-mouche-enfant-800x600.jpg",800,600,true],"lightbox-slider-size":["https:\/\/www.familinparis.fr\/wp-content\/uploads\/Seine\/bateau-mouche\/bateau-mouche-enfant-564x282.jpg",564,282,true],"post-thumbnail":["https:\/\/www.familinparis.fr\/wp-content\/uploads\/Seine\/bateau-mouche\/bateau-mouche-enfant-270x180.jpg",270,180,true],"cheerup-main":["https:\/\/www.familinparis.fr\/wp-content\/uploads\/Seine\/bateau-mouche\/bateau-mouche-enfant-770x400.jpg",770,400,true],"cheerup-main-full":["https:\/\/www.familinparis.fr\/wp-content\/uploads\/Seine\/bateau-mouche\/bateau-mouche-enfant-1170x508.jpg",1170,508,true],"cheerup-slider-alt":["https:\/\/www.familinparis.fr\/wp-content\/uploads\/Seine\/bateau-mouche\/bateau-mouche-enfant-1170x508.jpg",1170,508,true],"cheerup-slider-trendy":["https:\/\/www.familinparis.fr\/wp-content\/uploads\/Seine\/bateau-mouche\/bateau-mouche-enfant-960x508.jpg",960,508,true],"cheerup-slider-stylish":["https:\/\/www.familinparis.fr\/wp-content\/uploads\/Seine\/bateau-mouche\/bateau-mouche-enfant-900x515.jpg",900,515,true],"cheerup-slider-grid":["https:\/\/www.familinparis.fr\/wp-content\/uploads\/Seine\/bateau-mouche\/bateau-mouche-enfant-870x600.jpg",870,600,true],"cheerup-slider-grid-sm":["https:\/\/www.familinparis.fr\/wp-content\/uploads\/Seine\/bateau-mouche\/bateau-mouche-enfant-300x300.jpg",300,300,true],"cheerup-slider-carousel":["https:\/\/www.familinparis.fr\/wp-content\/uploads\/Seine\/bateau-mouche\/bateau-mouche-enfant-370x370.jpg",370,370,true],"cheerup-slider-grid-b":["https:\/\/www.familinparis.fr\/wp-content\/uploads\/Seine\/bateau-mouche\/bateau-mouche-enfant-554x466.jpg",554,466,true],"cheerup-slider-grid-b-sm":["https:\/\/www.familinparis.fr\/wp-content\/uploads\/Seine\/bateau-mouche\/bateau-mouche-enfant-306x466.jpg",306,466,true],"cheerup-slider-bold-sm":["https:\/\/www.familinparis.fr\/wp-content\/uploads\/Seine\/bateau-mouche\/bateau-mouche-enfant-150x150.jpg",150,150,true],"cheerup-grid":["https:\/\/www.familinparis.fr\/wp-content\/uploads\/Seine\/bateau-mouche\/bateau-mouche-enfant-370x285.jpg",370,285,true],"cheerup-carousel":["https:\/\/www.familinparis.fr\/wp-content\/uploads\/Seine\/bateau-mouche\/bateau-mouche-enfant-270x180.jpg",270,180,true],"cheerup-carousel-b":["https:\/\/www.familinparis.fr\/wp-content\/uploads\/Seine\/bateau-mouche\/bateau-mouche-enfant-370x285.jpg",370,285,true],"cheerup-list":["https:\/\/www.familinparis.fr\/wp-content\/uploads\/Seine\/bateau-mouche\/bateau-mouche-enfant-260x200.jpg",260,200,true],"cheerup-list-b":["https:\/\/www.familinparis.fr\/wp-content\/uploads\/Seine\/bateau-mouche\/bateau-mouche-enfant-370x305.jpg",370,305,true],"cheerup-thumb":["https:\/\/www.familinparis.fr\/wp-content\/uploads\/Seine\/bateau-mouche\/bateau-mouche-enfant-87x67.jpg",87,67,true],"cheerup-thumb-alt":["https:\/\/www.familinparis.fr\/wp-content\/uploads\/Seine\/bateau-mouche\/bateau-mouche-enfant-150x150.jpg",150,150,true]},"uagb_author_info":{"display_name":"Agn\u00e8s","author_link":"https:\/\/www.familinparis.fr\/en\/author\/agnes\/"},"uagb_comment_info":0,"uagb_excerpt":"Questions","_links":{"self":[{"href":"https:\/\/www.familinparis.fr\/en\/wp-json\/wp\/v2\/posts\/150851","targetHints":{"allow":["GET"]}}],"collection":[{"href":"https:\/\/www.familinparis.fr\/en\/wp-json\/wp\/v2\/posts"}],"about":[{"href":"https:\/\/www.familinparis.fr\/en\/wp-json\/wp\/v2\/types\/post"}],"author":[{"embeddable":true,"href":"https:\/\/www.familinparis.fr\/en\/wp-json\/wp\/v2\/users\/6"}],"replies":[{"embeddable":true,"href":"https:\/\/www.familinparis.fr\/en\/wp-json\/wp\/v2\/comments?post=150851"}],"version-history":[{"count":0,"href":"https:\/\/www.familinparis.fr\/en\/wp-json\/wp\/v2\/posts\/150851\/revisions"}],"wp:featuredmedia":[{"embeddable":true,"href":"https:\/\/www.familinparis.fr\/en\/wp-json\/wp\/v2\/media\/132115"}],"wp:attachment":[{"href":"https:\/\/www.familinparis.fr\/en\/wp-json\/wp\/v2\/media?parent=150851"}],"wp:term":[{"taxonomy":"category","embeddable":true,"href":"https:\/\/www.familinparis.fr\/en\/wp-json\/wp\/v2\/categories?post=150851"},{"taxonomy":"post_tag","embeddable":true,"href":"https:\/\/www.familinparis.fr\/en\/wp-json\/wp\/v2\/tags?post=150851"}],"curies":[{"name":"wp","href":"https:\/\/api.w.org\/{rel}","templated":true}]}}