{"id":142601,"date":"2025-11-13T10:37:00","date_gmt":"2025-11-13T08:37:00","guid":{"rendered":"https:\/\/www.familinparis.fr\/skating-parc-andre-citroen\/"},"modified":"2026-02-12T14:37:46","modified_gmt":"2026-02-12T12:37:46","slug":"skating-parc-andre-citroen","status":"publish","type":"post","link":"https:\/\/www.familinparis.fr\/en\/skating-parc-andre-citroen\/","title":{"rendered":"Skates in Madness at Parc Andr\u00e9 Citro\u00ebn"},"content":{"rendered":"<div class=\"lazyblock-baseline-1WSUt7 wp-block-lazyblock-baseline\"><div class=\"baseline\">\u00c9V\u00c8NEMENT TERMIN\u00c9<br \/>Pour que les vacances de No\u00ebl soient plus folles !<br \/>Du 22 novembre 2025 au 4 janvier 2026<br \/>Attention : gros succ\u00e8s l&#8217;ann\u00e9e derni\u00e8re !<\/div><\/div>\n<div style=\"height:20px\" aria-hidden=\"true\" class=\"wp-block-spacer\"><\/div>\n<div class=\"wp-block-image\">\n<figure class=\"aligncenter size-large\"><img decoding=\"async\" width=\"825\" height=\"1024\" src=\"https:\/\/www.familinparis.fr\/wp-content\/uploads\/2025\/02\/patins-en-folie-2025-825x1024.jpg\" alt=\"\" class=\"wp-image-148662\" srcset=\"https:\/\/www.familinparis.fr\/wp-content\/uploads\/2025\/02\/patins-en-folie-2025-825x1024.jpg 825w, https:\/\/www.familinparis.fr\/wp-content\/uploads\/2025\/02\/patins-en-folie-2025-242x300.jpg 242w, https:\/\/www.familinparis.fr\/wp-content\/uploads\/2025\/02\/patins-en-folie-2025-768x953.jpg 768w, https:\/\/www.familinparis.fr\/wp-content\/uploads\/2025\/02\/patins-en-folie-2025-588x730.jpg 588w, https:\/\/www.familinparis.fr\/wp-content\/uploads\/2025\/02\/patins-en-folie-2025.jpg 1031w\" sizes=\"(max-width: 825px) 100vw, 825px\" \/><\/figure>\n<\/div>\n<div style=\"height:28px\" aria-hidden=\"true\" class=\"wp-block-spacer\"><\/div>\n\n<div class=\"wp-block-columns is-layout-flex wp-container-core-columns-is-layout-9d6595d7 wp-block-columns-is-layout-flex\">\n<div class=\"wp-block-column is-layout-flow wp-block-column-is-layout-flow\"><div class=\"lazyblock-section-1yMDF4 wp-block-lazyblock-section\">\n  <div class=\"uagb-section__overlay\"><\/div>\n\t<div class=\"lazyblock-inner-blocks\">\n\n<h2 class=\"wp-block-heading has-text-align-center has-x-large-font-size\">Skates in Madness, back at Parc Andr\u00e9 Citro\u00ebn<\/h2>\n\n\n\n<p>The <strong>largest open-air ice rink in Paris<\/strong> returns to the Parc Andr\u00e9 Citro\u00ebn with an expanded and gourmet edition.  <\/p>\n\n\n\n<p><strong>From November 22, 2025 to January 4, 2026<\/strong>, young and old alike are invited to live a <strong>unique magical experience<\/strong>, between skating, Christmas atmosphere, winter delights and unforgettable evenings.  <\/p>\n\n\n\n<p>This year, <strong>Skates is<\/strong> thinking even bigger:<\/p>\n\n\n\n<ul class=\"wp-block-list\">\n<li><strong>600m2 de glace v\u00e9ritable<\/strong> pour patiner sous les \u00e9toiles<\/li>\n\n\n\n<li><strong>Un espace de 100m2 d\u00e9di\u00e9 aux enfants<\/strong>, id\u00e9al pour les plus jeunes patineurs<\/li>\n\n\n\n<li><strong>A gourmet village to warm hearts<\/strong> : pancakes, waffles, churros, hot chocolates&#8230; and even a raclette area and chip bar<\/li>\n<\/ul>\n\n\n\n<p>Beyond the ice rink, <strong>Patins en Folie<\/strong> offers a real immersion in the magic of winter:<\/p>\n\n\n\n<ul class=\"wp-block-list\">\n<li>A gourmet village<\/li>\n\n\n\n<li>Enchanting Christmas decorations<\/li>\n\n\n\n<li>DJ nights to dance to the greatest disco hits and Christmas classics for a magical moment on the ice<\/li>\n\n\n\n<li>The famous hot air balloon in the Andr\u00e9 Citro\u00ebn park<\/li>\n<\/ul>\n\n<\/div>\n<\/div>\n\n\n<div style=\"height:29px\" aria-hidden=\"true\" class=\"wp-block-spacer\"><\/div>\n<\/div>\n\n\n\n<div class=\"wp-block-column is-layout-flow wp-block-column-is-layout-flow\">\n<section class=\"wp-block-uagb-section uagb-section__wrap uagb-section__background-none uagb-block-2b0b05e3\"><div class=\"uagb-section__overlay\"><\/div><div class=\"uagb-section__inner-wrap\">\n<h2 class=\"wp-block-heading has-text-align-center has-x-large-font-size\">The largest open-air ice rink in Paris<\/h2>\n\n\n\n<ul class=\"wp-block-list\">\n<li><strong>WE LIKE<\/strong> : A special moment with the kids having a blast on the ice<\/li>\n\n\n\n<li><strong>AGE: <\/strong>for all<\/li>\n\n\n\n<li><strong>DATES: <\/strong>November 22, 2025 to January 4, 2026<\/li>\n\n\n\n<li><strong>TIMETABLES:<\/strong> \n<ul class=\"wp-block-list\">\n<li><strong>Monday<\/strong> &#8211; open during school holidays<\/li>\n\n\n\n<li><strong>Tuesday<\/strong> : 11 am &#8211; 7 pm  <\/li>\n\n\n\n<li><strong>Wednesday<\/strong> : 10am &#8211; 7pm<\/li>\n\n\n\n<li><strong>Thursday<\/strong> &#8211; Friday: 11am-10pm<\/li>\n\n\n\n<li><strong>Saturday<\/strong> : 10am-10pm<\/li>\n\n\n\n<li><strong>Sunday<\/strong> : 10am-7pm<\/li>\n\n\n\n<li><strong>Special evenings<\/strong> : 8pm-2am<\/li>\n<\/ul>\n<\/li>\n\n\n\n<li><strong>PLACE: <\/strong>At the Parc Andr\u00e9 Citro\u00ebn<\/li>\n\n\n\n<li><strong>PRICES<\/strong> : \u20ac12 adult \/ \u20ac9 child under 8 years old (small supplement to be provided at night)<\/li>\n\n\n\n<li><strong>DURATION<\/strong> : 45 &#8211; 60 min<\/li>\n\n\n\n<li><strong>FREE<\/strong> : For children under 3 years old  <\/li>\n\n\n\n<li><strong>PLEASE NOTE<\/strong> : Entry to the Park is free.<\/li>\n\n\n\n<li>The price includes the rental of ice skates (sizes available for children). It is also possible to bring your own skates <\/li>\n\n\n\n<li><strong>Gloves required<\/strong><\/li>\n\n\n\n<li><strong><em>After 5 p.m., the entrance is at 13 rue de la Montagne de la Fage, 75015 Paris<\/em><\/strong><\/li>\n<\/ul>\n<\/div><\/section>\n<\/div>\n<\/div>\n\n<div style=\"height:30px\" aria-hidden=\"true\" class=\"wp-block-spacer\"><\/div>\n\n<section class=\"wp-block-uagb-section uagb-section__wrap uagb-section__background-none uagb-block-2d0eb82f\"><div class=\"uagb-section__overlay\"><\/div><div class=\"uagb-section__inner-wrap\">\n<h2 class=\"wp-block-heading has-text-align-center has-x-large-font-size\">On the program of the Skates in Crazy Winter 2025\/2026<\/h2>\n\n\n\n<p>On the program, for <a href=\"https:\/\/www.familinparis.fr\/en\/paris-with-a-small-child\/\">the little ones<\/a> : lessons accompanied by real pros for an introduction to skating; <strong>During the day<\/strong> and in the <strong>evening<\/strong> : it&#8217;s time to celebrate for <a href=\"https:\/\/www.familinparis.fr\/en\/what-to-do-in-paris-with-a-teenager\/\">young people <\/a>and adults! With music, decoration and crazy light effects, the ice rink is transformed into a dancefloor, to slide and have fun in complete freedom. And to warm up and eat, <strong>a gourmet village<\/strong> allows small breaks for hot chocolate, waffles, and seasonal dishes between two rounds of disco on the track!<\/p>\n\n\n\n<h3 class=\"wp-block-heading\"><strong>Program and atmosphere<\/strong><\/h3>\n\n\n\n<ul class=\"wp-block-list\">\n<li><strong>Mornings <\/strong> : Ideal for beginners and families, with a dedicated area for the little ones. Initiation and lessons with pros <\/li>\n\n\n\n<li><strong>Day and evening <\/strong> : A convivial moment where all levels can enjoy the ice under the natural light or the spots of the night! Selfies at the rendezvous <\/li>\n\n\n\n<li><strong>Gourmet village<\/strong>, decoration and illuminations  <\/li>\n\n\n\n<li><strong>A stone&#8217;s throw <\/strong>away&#8230; <a href=\"\/vol-en-montgolfiere-ballon-generali-paris\/\">The Generali Balloon <\/a>to admire Paris and <a href=\"https:\/\/www.familinparis.fr\/en\/the-most-beautiful-christmas-lights\/\">its illuminations<\/a> !<\/li>\n<\/ul>\n\n\n\n<h4 class=\"wp-block-heading\">A little reminder  <\/h4>\n\n\n\n<ul class=\"wp-block-list\">\n<li>Children under 13 must be accompanied by their parents for the day and children under 16 for late openings from 7 p.m.<\/li>\n\n\n\n<li>Gloves are mandatory (if not, you can buy them on site)<\/li>\n<\/ul>\n<\/div><\/section>\n\n<div style=\"height:30px\" aria-hidden=\"true\" class=\"wp-block-spacer\"><\/div>\n\n<section class=\"wp-block-uagb-section uagb-section__wrap uagb-section__background-color uagb-block-4bf24f9c\"><div class=\"uagb-section__overlay\"><\/div><div class=\"uagb-section__inner-wrap\">\n<h2 class=\"wp-block-heading has-text-align-center\">Les patinoires en plein air de cet hiver 2025-2026<\/h2>\n\n\n<div class=\"wp-block-image\">\n<figure class=\"aligncenter size-full is-resized\"><img decoding=\"async\" width=\"300\" height=\"400\" src=\"https:\/\/www.familinparis.fr\/wp-content\/uploads\/Dessins\/PATIN\/patin.jpg\" alt=\"Christmas ice rinks in Paris\" class=\"wp-image-28018\" style=\"width:133px;height:auto\" srcset=\"https:\/\/www.familinparis.fr\/wp-content\/uploads\/Dessins\/PATIN\/patin.jpg 300w, https:\/\/www.familinparis.fr\/wp-content\/uploads\/Dessins\/PATIN\/patin-225x300.jpg 225w\" sizes=\"(max-width: 300px) 100vw, 300px\" \/><\/figure>\n<\/div>\n\n\n<ul class=\"wp-block-list\">\n<li><a href=\"https:\/\/www.familinparis.fr\/la-patinoire-du-grand-palais-paris\/\"><strong>La patinoire du Grand Palais<\/strong> <\/a>2025 &#8211; 14 d\u00e9cembre 2025 au 7 janvier 2026<\/li>\n\n\n\n<li><strong><a href=\"https:\/\/www.familinparis.fr\/en\/the-tuileries-christmas-market-in-paris-2024\/\">The Tuileries Garden Christmas Market Ice Rink<\/a> <\/strong>&#8211; From Nov 15, 2025 to Jan 4, 2026 <\/li>\n<\/ul>\n\n\n\n<p>Last year, you could skate there:<\/p>\n\n\n\n<ul class=\"wp-block-list\">\n<li><strong>The Ice Rink in the <a href=\"https:\/\/www.familinparis.fr\/en\/the-acclimatization-garden\/\">Jardin d&#8217;Acclimatation Ephemeral Village<\/a><\/strong> &#8211; From November 23, 2024 to January 5, 2025<\/li>\n\n\n\n<li><strong>The huge ice rink at the La D\u00e9fense Christmas market<\/strong> &#8211; November 21, 2024 to January 5, 2025<\/li>\n\n\n\n<li><strong>A family and eco-responsible ice rink in the Christmas Market in the <a href=\"https:\/\/www.familinparis.fr\/en\/from-the-canal-saint-martin-to-the-bassin-de-la-villette\/\">La Villette district<\/a><\/strong> &#8211; from November 23 to December 29<\/li>\n\n\n\n<li><strong>The magical ice rink of the Domaine du <a href=\"https:\/\/www.familinparis.fr\/en\/the-castle-of-vaux-le-vicomte\/\">Ch\u00e2teau de Vaux-le-Vicomte<\/a><\/strong> &#8211; from 16 November 2024 to 5 January 2025<\/li>\n\n\n\n<li><strong>A huge sliding village at <a href=\"https:\/\/www.familinparis.fr\/en\/parc-asterix-tickets-and-timetables\/\">Parc Ast\u00e9rix<\/a><\/strong> &#8211; from December 21, 2024 to January 5, 2025<\/li>\n\n\n\n<li><strong>The ice rink at the Vincennes Christmas market &#8211;<\/strong> From December 6 to December 24, 2024<\/li>\n<\/ul>\n<\/div><\/section>\n<div class=\"lazyblock-grids-Z2uwbVN wp-block-lazyblock-grids\"><!--\n<div class=\"row new-grids grids-style-2\">\n    <div class=\"glide grid-carousel\">\n        <div class=\"grid-title grid-carousel--title\">\n            <div>\n                                    <h2>What to do at Christmas with your family?<\/h2>\n                                            <\/div>\n            <div>\n                <div class=\"glide__arrows\" data-glide-el=\"controls\">\n                    <button class=\"glide__arrow glide__arrow--left\" data-glide-dir=\"|&lt;\"><i class=\"fa fa-angle-left\"><\/i><\/button>\n                    <button class=\"glide__arrow glide__arrow--right\" data-glide-dir=\"|&gt;\"><i class=\"fa fa-angle-right\"><\/i><\/button>\n                <\/div>\n            <\/div>\n        <\/div>\n        \n        <div class=\"glide__track\" data-glide-el=\"track\">\n            <ul class=\"glide__slides\">\n                <li class=\"glide__slide\">\n\n<div class=\"grid\">\n\t<a href=\"https:\/\/www.familinparis.fr\/en\/magic-course-for-8-12-year-olds\/\" target=\"_self\">\n\t    <div class=\"image\" style=\"background-image:url('https:\/\/www.familinparis.fr\/wp-content\/uploads\/2023\/01\/museedesautomates-\u00a9museedelamagie-564x282.jpg')\">\n\t    \t\t    \t<div class=\"dateOnImg\">School holidays - Afternoon<\/div>\n\t    \t\t\t\t\t    <\/div>\n\t    <div class=\"texte\">\n\t        <h5>At the Museum of Magic and Automata<\/h5>\n\t        <h3>Magic course for 8-12 year olds<\/h3>\n\t        <div class=\"tags\">\n\t        \t\t        \t\t<span>  8 - 12 years old<\/span>\n\t        \t\t        \t<span>3 hours<\/span>\n\t        <\/div>\n\t        <div class=\"bas\">\n        \t\t<div class=\"prix\">\n        \t\t\t        \t\t<\/div>\n            \t<div class=\"review-stars\" data-productId=\"103\">\n            \t<\/div>\n\t        <\/div>\n\t    <\/div>\n\t<\/a>\n<\/div><\/li><li class=\"glide__slide\">\n\n<div class=\"grid\">\n\t<a href=\"https:\/\/www.familinparis.fr\/en\/amphibious-bus-tour-of-paris-on-the-seine\/\" target=\"_self\">\n\t    <div class=\"image\" style=\"background-image:url('https:\/\/www.familinparis.fr\/wp-content\/uploads\/2025\/06\/\u00a9Les-Carnards-de-la-Seine-1-564x282.jpg')\">\n\t    \t\t    \t<div class=\"dateOnImg\">Every day (except WE)<\/div>\n\t    \t\t\t\t\t    <\/div>\n\t    <div class=\"texte\">\n\t        <h5>Paris and Haut-de-Seine<\/h5>\n\t        <h3>Paris amphibious bus tour on the Seine<\/h3>\n\t        <div class=\"tags\">\n\t        \t\t        \t\t<span>Original<\/span>\n\t        \t\t        \t<span>2 hours<\/span>\n\t        <\/div>\n\t        <div class=\"bas\">\n        \t\t<div class=\"prix\">\n        \t\t\t        \t\t<\/div>\n            \t<div class=\"review-stars\" data-productId=\"\">\n            \t<\/div>\n\t        <\/div>\n\t    <\/div>\n\t<\/a>\n<\/div><\/li><li class=\"glide__slide\">\n\n<div class=\"grid\">\n\t<a href=\"https:\/\/www.familinparis.fr\/en\/magic-courses-at-the-museum-of-magic\/\" target=\"_self\">\n\t    <div class=\"image\" style=\"background-image:url('https:\/\/www.familinparis.fr\/wp-content\/uploads\/E-SHOP\/Musee-de-la-magie\/Stage-de-magie-de-scene-564x282.jpg')\">\n\t    \t\t    \t<div class=\"dateOnImg\">All year round<\/div>\n\t    \t\t\t\t\t    <\/div>\n\t    <div class=\"texte\">\n\t        <h5>Museum of Magic and Automata (Paris 4th)<\/h5>\n\t        <h3>Magic Courses at the Museum of Magic<\/h3>\n\t        <div class=\"tags\">\n\t        \t\t        \t\t<span>For everyone from 6 years old<\/span>\n\t        \t\t        \t<span>2h30 or 3h<\/span>\n\t        <\/div>\n\t        <div class=\"bas\">\n        \t\t<div class=\"prix\">\n        \t\t\t        \t\t<\/div>\n            \t<div class=\"review-stars\" data-productId=\"67\">\n            \t<\/div>\n\t        <\/div>\n\t    <\/div>\n\t<\/a>\n<\/div><\/li><li class=\"glide__slide\">\n\n<div class=\"grid\">\n\t<a href=\"https:\/\/www.familinparis.fr\/en\/tour-show-the-eternal-spirit-of-montmartre\/\" target=\"_self\">\n\t    <div class=\"image\" style=\"background-image:url('https:\/\/www.familinparis.fr\/wp-content\/uploads\/2024\/05\/Visite-insolite-Montmartre-564x282.jpg')\">\n\t    \t\t\t\t\t    <\/div>\n\t    <div class=\"texte\">\n\t        <h5>In Montmartre<\/h5>\n\t        <h3>Tour Show - \"The Eternal Spirit of Montmartre\"<\/h3>\n\t        <div class=\"tags\">\n\t        \t\t        \t\t<span>From 6 years old<\/span>\n\t        \t\t        \t<span>1h30<\/span>\n\t        <\/div>\n\t        <div class=\"bas\">\n        \t\t<div class=\"prix\">\n        \t\t\t        \t\t<\/div>\n            \t<div class=\"review-stars\" data-productId=\"\">\n            \t<\/div>\n\t        <\/div>\n\t    <\/div>\n\t<\/a>\n<\/div><\/li><li class=\"glide__slide\">\n\n<div class=\"grid\">\n\t<a href=\"https:\/\/www.familinparis.fr\/en\/guided-electric-scooter-ride\/\" target=\"_self\">\n\t    <div class=\"image\" style=\"background-image:url('https:\/\/www.familinparis.fr\/wp-content\/uploads\/2025\/05\/trottinette-electrqiue-tour-dans-paris-564x282.jpg')\">\n\t    \t\t    \t<div class=\"dateOnImg\">EVERY DAY<\/div>\n\t    \t\t\t\t\t    <\/div>\n\t    <div class=\"texte\">\n\t        <h5>Paris, 8th<\/h5>\n\t        <h3>Electric scooter: a fun and touristic ride<\/h3>\n\t        <div class=\"tags\">\n\t        \t\t        \t\t<span>Guided tour<\/span>\n\t        \t\t        \t<span>2 hours<\/span>\n\t        <\/div>\n\t        <div class=\"bas\">\n        \t\t<div class=\"prix\">\n        \t\t\t\t        \t\t\t<span>From<\/span>\n\t        \t\t\t<span class=\"chiffre-barre\">45\u20ac<\/span>\n\t        \t\t\t<span class=\"chiffre\">42\u20ac<\/span>\t        \t\t        \t\t<\/div>\n            \t<div class=\"review-stars\" data-productId=\"16\">\n            \t<\/div>\n\t        <\/div>\n\t    <\/div>\n\t<\/a>\n<\/div><\/li><li class=\"glide__slide\">\n\n<div class=\"grid\">\n\t<a href=\"https:\/\/www.familinparis.fr\/en\/the-childrens-philharmonic\/\" target=\"_self\">\n\t    <div class=\"image\" style=\"background-image:url('https:\/\/www.familinparis.fr\/wp-content\/uploads\/Mus\u00e9es\/Philharmonie-des-enfants\/PDE-explore-la-musique-564x282.jpg')\">\n\t    \t\t    \t<div class=\"dateOnImg\">Reopening on September 21<\/div>\n\t    \t\t\t\t\t    <\/div>\n\t    <div class=\"texte\">\n\t        <h5>Philharmonie de Paris (Paris 19th)<\/h5>\n\t        <h3>The Children's Philharmonic<\/h3>\n\t        <div class=\"tags\">\n\t        \t\t        \t\t<span>4 to 10 years<\/span>\n\t        \t\t        \t<span>1h15<\/span>\n\t        <\/div>\n\t        <div class=\"bas\">\n        \t\t<div class=\"prix\">\n        \t\t\t        \t\t<\/div>\n            \t<div class=\"review-stars\" data-productId=\"\">\n            \t<\/div>\n\t        <\/div>\n\t    <\/div>\n\t<\/a>\n<\/div><\/li><li class=\"glide__slide\">\n\n<div class=\"grid\">\n\t<a href=\"https:\/\/www.familinparis.fr\/en\/christmas-illuminations-bus-tour-paris\/\" target=\"_self\">\n\t    <div class=\"image\" style=\"background-image:url('https:\/\/www.familinparis.fr\/wp-content\/uploads\/photos-partenaires\/Tootbus\/paris-by-night-en-bus-panoramique-tootbus-564x282.jpg')\">\n\t    \t\t    \t<div class=\"dateOnImg\">Resumption in November 2026<\/div>\n\t    \t\t\t\t\t    <\/div>\n\t    <div class=\"texte\">\n\t        <h5>Departure Auber<\/h5>\n\t        <h3>The Christmas lights tour by panoramic bus<\/h3>\n\t        <div class=\"tags\">\n\t        \t\t        \t\t<span>Christmas Magic<\/span>\n\t        \t\t        \t<span>1h30<\/span>\n\t        <\/div>\n\t        <div class=\"bas\">\n        \t\t<div class=\"prix\">\n        \t\t\t\t        \t\t\t<span>From<\/span>\n\t        \t\t\t<span class=\"\">29\u20ac<\/span>\n\t        \t\t\t\t        \t\t        \t\t<\/div>\n            \t<div class=\"review-stars\" data-productId=\"54\">\n            \t<\/div>\n\t        <\/div>\n\t    <\/div>\n\t<\/a>\n<\/div><\/li>            <\/ul>\n        <\/div>\n    <\/div>\n    \n            <div class=\"col-12 t-center m-b-20\">\n            <div class=\"labels__fam\">\n                                    <a href=\"\/vacances-de-noel\/\" class=\"labels__fam-color-secondary labels__fam-radius-rounded\">\n                        Christmas holidays                      <\/a>\n                                    <a href=\"\/vacances-fevrier-paris\/\" class=\"labels__fam-color-secondary labels__fam-radius-rounded\">\n                        February holidays                    <\/a>\n                                    <a href=\"\/bons-plans\/\" class=\"labels__fam-color-secondary labels__fam-radius-rounded\">\n                        Good deals                    <\/a>\n                                    <a href=\"\/top-10-des-plus-belles-vues\/\" class=\"labels__fam-color-secondary labels__fam-radius-rounded\">\n                        The most beautiful views of Paris                    <\/a>\n                            <\/div>\n        <\/div>\n    <\/div>\n-->\n<style type=\"text\/css\">\n    .swiper{\n        width: 100%;\n    }\n    .grid-carousel__arrows {\n        display: flex;\n        gap: 1rem;\n\n    }\n    button.grid-carousel__arrow {\n        background: #008098;\n        border-radius: 50%;\n        height: 50px;\n        width: 50px;\n        border: 2px solid #008098;\n        color: #ffff;\n        padding: 0px;\n        text-align: center;\n    }\n\n    button.grid-carousel__arrow.swiper-button-disabled{\n        opacity: .15;\n    }\n    .grid-carousel .swiper-slide {\n         min-width: 300px;\n    }\n    @media (max-width: 799px) {\n        .grid-carousel__arrows {\n            display: none;\n        }\n        .grid-carousel .swiper-slide {\n            width: 40%;\n        }\n    }\n    @media (max-width: 529px) {\n        .grid-carousel .swiper-slide {\n            width: 75%;\n        }\n    }\n<\/style>\n\n<div class=\"row new-grids grids-style-2\">\n    <div class=\"swiper grid-carousel\">\n        <div class=\"grid-title grid-carousel--title\">\n            <div>\n                                    <h2>What to do at Christmas with your family?<\/h2>\n                                            <\/div>\n            <div>\n                <div class=\"grid-carousel__arrows\">\n                    <button class=\"grid-carousel__arrow grid-carousel__arrow--left\">\n                        <i class=\"fa fa-angle-left\"><\/i>\n                    <\/button>\n                    <button class=\"grid-carousel__arrow grid-carousel__arrow--right\">\n                        <i class=\"fa fa-angle-right\"><\/i>\n                    <\/button>\n                <\/div>\n            <\/div>\n        <\/div>\n        \n        <div class=\"swiper-wrapper\">\n            <div class=\"swiper-slide\">\n\n<div class=\"grid\">\n\t<a href=\"https:\/\/www.familinparis.fr\/en\/magic-course-for-8-12-year-olds\/\" target=\"_self\">\n\t    <div class=\"image\" style=\"background-image:url('https:\/\/www.familinparis.fr\/wp-content\/uploads\/2023\/01\/museedesautomates-\u00a9museedelamagie-564x282.jpg')\">\n\t    \t\t    \t<div class=\"dateOnImg\">School holidays &#8211; Afternoon<\/div>\n\t    \t\t\t\t\t    <\/div>\n\t    <div class=\"texte\">\n\t        <h5>At the Museum of Magic and Automata<\/h5>\n\t        <h3>Magic course for 8-12 year olds<\/h3>\n\t        <div class=\"tags\">\n\t        \t\t        \t\t<span>  8 &#8211; 12 years old<\/span>\n\t        \t\t        \t<span>3 hours<\/span>\n\t        <\/div>\n\t        <div class=\"bas\">\n        \t\t<div class=\"prix\">\n        \t\t\t        \t\t<\/div>\n            \t<div class=\"review-stars\" data-productId=\"103\">\n            \t<\/div>\n\t        <\/div>\n\t    <\/div>\n\t<\/a>\n<\/div><\/div><div class=\"swiper-slide\">\n\n<div class=\"grid\">\n\t<a href=\"https:\/\/www.familinparis.fr\/en\/amphibious-bus-tour-of-paris-on-the-seine\/\" target=\"_self\">\n\t    <div class=\"image\" style=\"background-image:url('https:\/\/www.familinparis.fr\/wp-content\/uploads\/2025\/06\/\u00a9Les-Carnards-de-la-Seine-1-564x282.jpg')\">\n\t    \t\t    \t<div class=\"dateOnImg\">Every day (except WE)<\/div>\n\t    \t\t\t\t\t    <\/div>\n\t    <div class=\"texte\">\n\t        <h5>Paris and Haut-de-Seine<\/h5>\n\t        <h3>Paris amphibious bus tour on the Seine<\/h3>\n\t        <div class=\"tags\">\n\t        \t\t        \t\t<span>Original<\/span>\n\t        \t\t        \t<span>2 hours<\/span>\n\t        <\/div>\n\t        <div class=\"bas\">\n        \t\t<div class=\"prix\">\n        \t\t\t        \t\t<\/div>\n            \t<div class=\"review-stars\" data-productId=\"\">\n            \t<\/div>\n\t        <\/div>\n\t    <\/div>\n\t<\/a>\n<\/div><\/div><div class=\"swiper-slide\">\n\n<div class=\"grid\">\n\t<a href=\"https:\/\/www.familinparis.fr\/en\/magic-courses-at-the-museum-of-magic\/\" target=\"_self\">\n\t    <div class=\"image\" style=\"background-image:url('https:\/\/www.familinparis.fr\/wp-content\/uploads\/E-SHOP\/Musee-de-la-magie\/Stage-de-magie-de-scene-564x282.jpg')\">\n\t    \t\t    \t<div class=\"dateOnImg\">All year round<\/div>\n\t    \t\t\t\t\t    <\/div>\n\t    <div class=\"texte\">\n\t        <h5>Museum of Magic and Automata (Paris 4th)<\/h5>\n\t        <h3>Magic Courses at the Museum of Magic<\/h3>\n\t        <div class=\"tags\">\n\t        \t\t        \t\t<span>For everyone from 6 years old<\/span>\n\t        \t\t        \t<span>2h30 or 3h<\/span>\n\t        <\/div>\n\t        <div class=\"bas\">\n        \t\t<div class=\"prix\">\n        \t\t\t        \t\t<\/div>\n            \t<div class=\"review-stars\" data-productId=\"67\">\n            \t<\/div>\n\t        <\/div>\n\t    <\/div>\n\t<\/a>\n<\/div><\/div><div class=\"swiper-slide\">\n\n<div class=\"grid\">\n\t<a href=\"https:\/\/www.familinparis.fr\/en\/tour-show-the-eternal-spirit-of-montmartre\/\" target=\"_self\">\n\t    <div class=\"image\" style=\"background-image:url('https:\/\/www.familinparis.fr\/wp-content\/uploads\/2024\/05\/Visite-insolite-Montmartre-564x282.jpg')\">\n\t    \t\t\t\t\t    <\/div>\n\t    <div class=\"texte\">\n\t        <h5>In Montmartre<\/h5>\n\t        <h3>Tour Show &#8211; &#8220;The Eternal Spirit of Montmartre&#8221;<\/h3>\n\t        <div class=\"tags\">\n\t        \t\t        \t\t<span>From 6 years old<\/span>\n\t        \t\t        \t<span>1h30<\/span>\n\t        <\/div>\n\t        <div class=\"bas\">\n        \t\t<div class=\"prix\">\n        \t\t\t        \t\t<\/div>\n            \t<div class=\"review-stars\" data-productId=\"\">\n            \t<\/div>\n\t        <\/div>\n\t    <\/div>\n\t<\/a>\n<\/div><\/div><div class=\"swiper-slide\">\n\n<div class=\"grid\">\n\t<a href=\"https:\/\/www.familinparis.fr\/en\/guided-electric-scooter-ride\/\" target=\"_self\">\n\t    <div class=\"image\" style=\"background-image:url('https:\/\/www.familinparis.fr\/wp-content\/uploads\/2025\/05\/trottinette-electrqiue-tour-dans-paris-564x282.jpg')\">\n\t    \t\t    \t<div class=\"dateOnImg\">EVERY DAY<\/div>\n\t    \t\t\t\t\t    <\/div>\n\t    <div class=\"texte\">\n\t        <h5>Paris, 8th<\/h5>\n\t        <h3>Electric scooter: a fun and touristic ride<\/h3>\n\t        <div class=\"tags\">\n\t        \t\t        \t\t<span>Guided tour<\/span>\n\t        \t\t        \t<span>2 hours<\/span>\n\t        <\/div>\n\t        <div class=\"bas\">\n        \t\t<div class=\"prix\">\n        \t\t\t\t        \t\t\t<span>From<\/span>\n\t        \t\t\t<span class=\"chiffre-barre\">45\u20ac<\/span>\n\t        \t\t\t<span class=\"chiffre\">42\u20ac<\/span>\t        \t\t        \t\t<\/div>\n            \t<div class=\"review-stars\" data-productId=\"16\">\n            \t<\/div>\n\t        <\/div>\n\t    <\/div>\n\t<\/a>\n<\/div><\/div><div class=\"swiper-slide\">\n\n<div class=\"grid\">\n\t<a href=\"https:\/\/www.familinparis.fr\/en\/the-childrens-philharmonic\/\" target=\"_self\">\n\t    <div class=\"image\" style=\"background-image:url('https:\/\/www.familinparis.fr\/wp-content\/uploads\/Mus\u00e9es\/Philharmonie-des-enfants\/PDE-explore-la-musique-564x282.jpg')\">\n\t    \t\t    \t<div class=\"dateOnImg\">Reopening on September 21<\/div>\n\t    \t\t\t\t\t    <\/div>\n\t    <div class=\"texte\">\n\t        <h5>Philharmonie de Paris (Paris 19th)<\/h5>\n\t        <h3>The Children&#8217;s Philharmonic<\/h3>\n\t        <div class=\"tags\">\n\t        \t\t        \t\t<span>4 to 10 years<\/span>\n\t        \t\t        \t<span>1h15<\/span>\n\t        <\/div>\n\t        <div class=\"bas\">\n        \t\t<div class=\"prix\">\n        \t\t\t        \t\t<\/div>\n            \t<div class=\"review-stars\" data-productId=\"\">\n            \t<\/div>\n\t        <\/div>\n\t    <\/div>\n\t<\/a>\n<\/div><\/div><div class=\"swiper-slide\">\n\n<div class=\"grid\">\n\t<a href=\"https:\/\/www.familinparis.fr\/en\/christmas-illuminations-bus-tour-paris\/\" target=\"_self\">\n\t    <div class=\"image\" style=\"background-image:url('https:\/\/www.familinparis.fr\/wp-content\/uploads\/photos-partenaires\/Tootbus\/paris-by-night-en-bus-panoramique-tootbus-564x282.jpg')\">\n\t    \t\t    \t<div class=\"dateOnImg\">Resumption in November 2026<\/div>\n\t    \t\t\t\t\t    <\/div>\n\t    <div class=\"texte\">\n\t        <h5>Departure Auber<\/h5>\n\t        <h3>The Christmas lights tour by panoramic bus<\/h3>\n\t        <div class=\"tags\">\n\t        \t\t        \t\t<span>Christmas Magic<\/span>\n\t        \t\t        \t<span>1h30<\/span>\n\t        <\/div>\n\t        <div class=\"bas\">\n        \t\t<div class=\"prix\">\n        \t\t\t\t        \t\t\t<span>From<\/span>\n\t        \t\t\t<span class=\"\">29\u20ac<\/span>\n\t        \t\t\t\t        \t\t        \t\t<\/div>\n            \t<div class=\"review-stars\" data-productId=\"54\">\n            \t<\/div>\n\t        <\/div>\n\t    <\/div>\n\t<\/a>\n<\/div><\/div>        <\/div>\n    <\/div>\n    \n            <div class=\"col-12 t-center m-b-20\">\n            <div class=\"labels__fam\">\n                                    <a href=\"\/vacances-de-noel\/\" class=\"labels__fam-color-secondary labels__fam-radius-rounded\">\n                        Christmas holidays                      <\/a>\n                                    <a href=\"\/vacances-fevrier-paris\/\" class=\"labels__fam-color-secondary labels__fam-radius-rounded\">\n                        February holidays                    <\/a>\n                                    <a href=\"\/bons-plans\/\" class=\"labels__fam-color-secondary labels__fam-radius-rounded\">\n                        Good deals                    <\/a>\n                                    <a href=\"\/top-10-des-plus-belles-vues\/\" class=\"labels__fam-color-secondary labels__fam-radius-rounded\">\n                        The most beautiful views of Paris                    <\/a>\n                            <\/div>\n        <\/div>\n    <\/div>\n\n<\/div>\n<h2 class=\"wp-block-heading\">Frequently Asked Questions<\/h2>\n<div class=\"wp-block-uagb-faq uagb-faq__outer-wrap uagb-block-7ebebe3b uagb-faq-icon-row uagb-faq-layout-accordion uagb-faq-expand-first-false uagb-faq-inactive-other-true uagb-faq__wrap uagb-buttons-layout-wrap uagb-faq-equal-height     \" data-faqtoggle=\"true\" role=\"tablist\"><div class=\"wp-block-uagb-faq-child uagb-faq-child__outer-wrap uagb-faq-item uagb-block-97eb0e2d \" role=\"tab\" tabindex=\"0\"><div class=\"uagb-faq-questions-button uagb-faq-questions\">\t\t\t<span class=\"uagb-icon uagb-faq-icon-wrap\">\n\t\t\t\t\t\t\t\t<svg xmlns=\"https:\/\/www.w3.org\/2000\/svg\" viewBox= \"0 0 448 512\"><path d=\"M432 256c0 17.69-14.33 32.01-32 32.01H256v144c0 17.69-14.33 31.99-32 31.99s-32-14.3-32-31.99v-144H48c-17.67 0-32-14.32-32-32.01s14.33-31.99 32-31.99H192v-144c0-17.69 14.33-32.01 32-32.01s32 14.32 32 32.01v144h144C417.7 224 432 238.3 432 256z\"><\/path><\/svg>\n\t\t\t\t\t\t\t<\/span>\n\t\t\t\t\t\t<span class=\"uagb-icon-active uagb-faq-icon-wrap\">\n\t\t\t\t\t\t\t\t<svg xmlns=\"https:\/\/www.w3.org\/2000\/svg\" viewBox= \"0 0 448 512\"><path d=\"M400 288h-352c-17.69 0-32-14.32-32-32.01s14.31-31.99 32-31.99h352c17.69 0 32 14.3 32 31.99S417.7 288 400 288z\"><\/path><\/svg>\n\t\t\t\t\t\t\t<\/span>\n\t\t\t<span class=\"uagb-question\">What should I wear?<\/span><\/div><div class=\"uagb-faq-content\"><p>I always skate with gloves on. For skates, you can bring your own equipment, otherwise skates of all sizes are loaned free of charge   <\/p><\/div><\/div><div class=\"wp-block-uagb-faq-child uagb-faq-child__outer-wrap uagb-faq-item uagb-block-9407530d \" role=\"tab\" tabindex=\"0\"><div class=\"uagb-faq-questions-button uagb-faq-questions\">\t\t\t<span class=\"uagb-icon uagb-faq-icon-wrap\">\n\t\t\t\t\t\t\t\t<svg xmlns=\"https:\/\/www.w3.org\/2000\/svg\" viewBox= \"0 0 448 512\"><path d=\"M432 256c0 17.69-14.33 32.01-32 32.01H256v144c0 17.69-14.33 31.99-32 31.99s-32-14.3-32-31.99v-144H48c-17.67 0-32-14.32-32-32.01s14.33-31.99 32-31.99H192v-144c0-17.69 14.33-32.01 32-32.01s32 14.32 32 32.01v144h144C417.7 224 432 238.3 432 256z\"><\/path><\/svg>\n\t\t\t\t\t\t\t<\/span>\n\t\t\t\t\t\t<span class=\"uagb-icon-active uagb-faq-icon-wrap\">\n\t\t\t\t\t\t\t\t<svg xmlns=\"https:\/\/www.w3.org\/2000\/svg\" viewBox= \"0 0 448 512\"><path d=\"M400 288h-352c-17.69 0-32-14.32-32-32.01s14.31-31.99 32-31.99h352c17.69 0 32 14.3 32 31.99S417.7 288 400 288z\"><\/path><\/svg>\n\t\t\t\t\t\t\t<\/span>\n\t\t\t<span class=\"uagb-question\">Is the ice rink supervised?<\/span><\/div><div class=\"uagb-faq-content\"><p>The ice rink is unsupervised, children remain under the full responsibility of their accompanying person.<\/p><\/div><\/div><div class=\"wp-block-uagb-faq-child uagb-faq-child__outer-wrap uagb-faq-item uagb-block-36462c04 \" role=\"tab\" tabindex=\"0\"><div class=\"uagb-faq-questions-button uagb-faq-questions\">\t\t\t<span class=\"uagb-icon uagb-faq-icon-wrap\">\n\t\t\t\t\t\t\t\t<svg xmlns=\"https:\/\/www.w3.org\/2000\/svg\" viewBox= \"0 0 448 512\"><path d=\"M432 256c0 17.69-14.33 32.01-32 32.01H256v144c0 17.69-14.33 31.99-32 31.99s-32-14.3-32-31.99v-144H48c-17.67 0-32-14.32-32-32.01s14.33-31.99 32-31.99H192v-144c0-17.69 14.33-32.01 32-32.01s32 14.32 32 32.01v144h144C417.7 224 432 238.3 432 256z\"><\/path><\/svg>\n\t\t\t\t\t\t\t<\/span>\n\t\t\t\t\t\t<span class=\"uagb-icon-active uagb-faq-icon-wrap\">\n\t\t\t\t\t\t\t\t<svg xmlns=\"https:\/\/www.w3.org\/2000\/svg\" viewBox= \"0 0 448 512\"><path d=\"M400 288h-352c-17.69 0-32-14.32-32-32.01s14.31-31.99 32-31.99h352c17.69 0 32 14.3 32 31.99S417.7 288 400 288z\"><\/path><\/svg>\n\t\t\t\t\t\t\t<\/span>\n\t\t\t<span class=\"uagb-question\">Will there be food and drinks for sale on site?  <\/span><\/div><div class=\"uagb-faq-content\"><p>Yes! Everything is provided for eating and warming up all day and in the evening. But be careful, food and drinks are not allowed on the track    <\/p><\/div><\/div><div class=\"wp-block-uagb-faq-child uagb-faq-child__outer-wrap uagb-faq-item uagb-block-5d0d9e72 \" role=\"tab\" tabindex=\"0\"><div class=\"uagb-faq-questions-button uagb-faq-questions\">\t\t\t<span class=\"uagb-icon uagb-faq-icon-wrap\">\n\t\t\t\t\t\t\t\t<svg xmlns=\"https:\/\/www.w3.org\/2000\/svg\" viewBox= \"0 0 448 512\"><path d=\"M432 256c0 17.69-14.33 32.01-32 32.01H256v144c0 17.69-14.33 31.99-32 31.99s-32-14.3-32-31.99v-144H48c-17.67 0-32-14.32-32-32.01s14.33-31.99 32-31.99H192v-144c0-17.69 14.33-32.01 32-32.01s32 14.32 32 32.01v144h144C417.7 224 432 238.3 432 256z\"><\/path><\/svg>\n\t\t\t\t\t\t\t<\/span>\n\t\t\t\t\t\t<span class=\"uagb-icon-active uagb-faq-icon-wrap\">\n\t\t\t\t\t\t\t\t<svg xmlns=\"https:\/\/www.w3.org\/2000\/svg\" viewBox= \"0 0 448 512\"><path d=\"M400 288h-352c-17.69 0-32-14.32-32-32.01s14.31-31.99 32-31.99h352c17.69 0 32 14.3 32 31.99S417.7 288 400 288z\"><\/path><\/svg>\n\t\t\t\t\t\t\t<\/span>\n\t\t\t<span class=\"uagb-question\">Is there a cloakroom?<\/span><\/div><div class=\"uagb-faq-content\"><p>Lorem ipsum dolor sit amet, consectetur adipiscing elit, sed do eiusmod tempor incididunt ut labore et dolore magna aliqua. Ut enim ad minim veniam, quis nostrud exercitation ullamco laboris nisi ut aliquip ex ea commodo consequat.<\/p><\/div><\/div><div class=\"wp-block-uagb-faq-child uagb-faq-child__outer-wrap uagb-faq-item uagb-block-da11498d \" role=\"tab\" tabindex=\"0\"><div class=\"uagb-faq-questions-button uagb-faq-questions\">\t\t\t<span class=\"uagb-icon uagb-faq-icon-wrap\">\n\t\t\t\t\t\t\t\t<svg xmlns=\"https:\/\/www.w3.org\/2000\/svg\" viewBox= \"0 0 448 512\"><path d=\"M432 256c0 17.69-14.33 32.01-32 32.01H256v144c0 17.69-14.33 31.99-32 31.99s-32-14.3-32-31.99v-144H48c-17.67 0-32-14.32-32-32.01s14.33-31.99 32-31.99H192v-144c0-17.69 14.33-32.01 32-32.01s32 14.32 32 32.01v144h144C417.7 224 432 238.3 432 256z\"><\/path><\/svg>\n\t\t\t\t\t\t\t<\/span>\n\t\t\t\t\t\t<span class=\"uagb-icon-active uagb-faq-icon-wrap\">\n\t\t\t\t\t\t\t\t<svg xmlns=\"https:\/\/www.w3.org\/2000\/svg\" viewBox= \"0 0 448 512\"><path d=\"M400 288h-352c-17.69 0-32-14.32-32-32.01s14.31-31.99 32-31.99h352c17.69 0 32 14.3 32 31.99S417.7 288 400 288z\"><\/path><\/svg>\n\t\t\t\t\t\t\t<\/span>\n\t\t\t<span class=\"uagb-question\">Are there toilets on site?<\/span><\/div><div class=\"uagb-faq-content\"><p>Yes, inquire on site<\/p><\/div><\/div><div class=\"wp-block-uagb-faq-child uagb-faq-child__outer-wrap uagb-faq-item uagb-block-06a14a41 \" role=\"tab\" tabindex=\"0\"><div class=\"uagb-faq-questions-button uagb-faq-questions\">\t\t\t<span class=\"uagb-icon uagb-faq-icon-wrap\">\n\t\t\t\t\t\t\t\t<svg xmlns=\"https:\/\/www.w3.org\/2000\/svg\" viewBox= \"0 0 448 512\"><path d=\"M432 256c0 17.69-14.33 32.01-32 32.01H256v144c0 17.69-14.33 31.99-32 31.99s-32-14.3-32-31.99v-144H48c-17.67 0-32-14.32-32-32.01s14.33-31.99 32-31.99H192v-144c0-17.69 14.33-32.01 32-32.01s32 14.32 32 32.01v144h144C417.7 224 432 238.3 432 256z\"><\/path><\/svg>\n\t\t\t\t\t\t\t<\/span>\n\t\t\t\t\t\t<span class=\"uagb-icon-active uagb-faq-icon-wrap\">\n\t\t\t\t\t\t\t\t<svg xmlns=\"https:\/\/www.w3.org\/2000\/svg\" viewBox= \"0 0 448 512\"><path d=\"M400 288h-352c-17.69 0-32-14.32-32-32.01s14.31-31.99 32-31.99h352c17.69 0 32 14.3 32 31.99S417.7 288 400 288z\"><\/path><\/svg>\n\t\t\t\t\t\t\t<\/span>\n\t\t\t<span class=\"uagb-question\">Are pets allowed?<\/span><\/div><div class=\"uagb-faq-content\"><p>No, unfortunately our four-legged friends are not allowed<\/p><\/div><\/div><\/div>\n<div style=\"height:16px\" aria-hidden=\"true\" class=\"wp-block-spacer\"><\/div>\n<div class=\"lazyblock-etiquettes-XxWSw wp-block-lazyblock-etiquettes\"><div class=\"labels__fam\">\n        <a href=\"\/paris-pour-les-petits\/\" class=\"labels__fam-color-blue labels__fam-radius-rounded\">\n        PARIS WITH 3-6 YEAR OLDS      <\/a>\n        <a href=\"\/sortie-enfant-paris\/\" class=\"labels__fam-color-red labels__fam-radius-rounded\">\n        PARIS WITH 7-12 YEAR OLDS      <\/a>\n        <a href=\"\/paris-avec-des-ados\/\" class=\"labels__fam-color-yellow labels__fam-radius-rounded\">\n        PARIS WITH TEENAGERS      <\/a>\n        <a href=\"\/quoi-faire-quand-il-pleut\/\" class=\"labels__fam-color-purple labels__fam-radius-rounded\">\n        PARIS WHEN IT RAINS      <\/a>\n  <\/div><\/div>","protected":false},"excerpt":{"rendered":"<p>Until 02 March 2025  <\/p>\n","protected":false},"author":12,"featured_media":148663,"comment_status":"open","ping_status":"open","sticky":false,"template":"","format":"standard","meta":{"_uag_custom_page_level_css":"","footnotes":""},"categories":[1252],"tags":[1444,1448,1442],"class_list":{"0":"post-142601","1":"post","2":"type-post","3":"status-publish","4":"format-standard","5":"has-post-thumbnail","7":"category-archives-en","8":"tag-christmas-archive","9":"tag-december-archive","10":"tag-january-archive"},"yoast_head":"<!-- This site is optimized with the Yoast SEO plugin v27.2 - https:\/\/yoast.com\/product\/yoast-seo-wordpress\/ -->\n<title>Skates in Madness at Parc Andr\u00e9 Citro\u00ebn - Until January 4, 2025<\/title>\n<meta name=\"description\" content=\"Open-air ice rink in Paris: the largest outdoor ice rink in Paris, in the 15th arrondissement at the Parc Andr\u00e9 Citro\u00ebn - Until January 4, 2026\" \/>\n<meta name=\"robots\" content=\"index, follow, max-snippet:-1, max-image-preview:large, max-video-preview:-1\" \/>\n<link rel=\"canonical\" href=\"https:\/\/www.familinparis.fr\/en\/skating-parc-andre-citroen\/\" \/>\n<meta property=\"og:locale\" content=\"en_US\" \/>\n<meta property=\"og:type\" content=\"article\" \/>\n<meta property=\"og:title\" content=\"Skates in Madness at Parc Andr\u00e9 Citro\u00ebn - Until January 4, 2025\" \/>\n<meta property=\"og:description\" content=\"Open-air ice rink in Paris: the largest outdoor ice rink in Paris, in the 15th arrondissement at the Parc Andr\u00e9 Citro\u00ebn - Until January 4, 2026\" \/>\n<meta property=\"og:url\" content=\"https:\/\/www.familinparis.fr\/en\/skating-parc-andre-citroen\/\" \/>\n<meta property=\"og:site_name\" content=\"Familin&#039;Paris\" \/>\n<meta property=\"article:published_time\" content=\"2025-11-13T08:37:00+00:00\" \/>\n<meta property=\"article:modified_time\" content=\"2026-02-12T12:37:46+00:00\" \/>\n<meta property=\"og:image\" content=\"https:\/\/www.familinparis.fr\/wp-content\/uploads\/2025\/02\/patins-en-folie-2025.jpg\" \/>\n\t<meta property=\"og:image:width\" content=\"1031\" \/>\n\t<meta property=\"og:image:height\" content=\"1280\" \/>\n\t<meta property=\"og:image:type\" content=\"image\/jpeg\" \/>\n<meta name=\"author\" content=\"Magali\" \/>\n<meta name=\"twitter:card\" content=\"summary_large_image\" \/>\n<meta name=\"twitter:label1\" content=\"Written by\" \/>\n\t<meta name=\"twitter:data1\" content=\"Magali\" \/>\n\t<meta name=\"twitter:label2\" content=\"Est. reading time\" \/>\n\t<meta name=\"twitter:data2\" content=\"3 minutes\" \/>\n<script type=\"application\/ld+json\" class=\"yoast-schema-graph\">{\"@context\":\"https:\/\/schema.org\",\"@graph\":[{\"@type\":\"Article\",\"@id\":\"https:\/\/www.familinparis.fr\/en\/skating-parc-andre-citroen\/#article\",\"isPartOf\":{\"@id\":\"https:\/\/www.familinparis.fr\/en\/skating-parc-andre-citroen\/\"},\"author\":{\"name\":\"Magali\",\"@id\":\"https:\/\/www.familinparis.fr\/en\/#\/schema\/person\/76ad1a7946173a69e7244f034bfcbca6\"},\"headline\":\"Skates in Madness at Parc Andr\u00e9 Citro\u00ebn\",\"datePublished\":\"2025-11-13T08:37:00+00:00\",\"dateModified\":\"2026-02-12T12:37:46+00:00\",\"mainEntityOfPage\":{\"@id\":\"https:\/\/www.familinparis.fr\/en\/skating-parc-andre-citroen\/\"},\"wordCount\":626,\"commentCount\":0,\"image\":{\"@id\":\"https:\/\/www.familinparis.fr\/en\/skating-parc-andre-citroen\/#primaryimage\"},\"thumbnailUrl\":\"https:\/\/www.familinparis.fr\/wp-content\/uploads\/2025\/02\/patins-en-folie-2025.jpg\",\"keywords\":[\"Christmas Archive\",\"December Archive\",\"January Archive\"],\"articleSection\":[\"Archives\"],\"inLanguage\":\"en-US\",\"potentialAction\":[{\"@type\":\"CommentAction\",\"name\":\"Comment\",\"target\":[\"https:\/\/www.familinparis.fr\/en\/skating-parc-andre-citroen\/#respond\"]}]},{\"@type\":\"WebPage\",\"@id\":\"https:\/\/www.familinparis.fr\/en\/skating-parc-andre-citroen\/\",\"url\":\"https:\/\/www.familinparis.fr\/en\/skating-parc-andre-citroen\/\",\"name\":\"Skates in Madness at Parc Andr\u00e9 Citro\u00ebn - Until January 4, 2025\",\"isPartOf\":{\"@id\":\"https:\/\/www.familinparis.fr\/en\/#website\"},\"primaryImageOfPage\":{\"@id\":\"https:\/\/www.familinparis.fr\/en\/skating-parc-andre-citroen\/#primaryimage\"},\"image\":{\"@id\":\"https:\/\/www.familinparis.fr\/en\/skating-parc-andre-citroen\/#primaryimage\"},\"thumbnailUrl\":\"https:\/\/www.familinparis.fr\/wp-content\/uploads\/2025\/02\/patins-en-folie-2025.jpg\",\"datePublished\":\"2025-11-13T08:37:00+00:00\",\"dateModified\":\"2026-02-12T12:37:46+00:00\",\"author\":{\"@id\":\"https:\/\/www.familinparis.fr\/en\/#\/schema\/person\/76ad1a7946173a69e7244f034bfcbca6\"},\"description\":\"Open-air ice rink in Paris: the largest outdoor ice rink in Paris, in the 15th arrondissement at the Parc Andr\u00e9 Citro\u00ebn - Until January 4, 2026\",\"breadcrumb\":{\"@id\":\"https:\/\/www.familinparis.fr\/en\/skating-parc-andre-citroen\/#breadcrumb\"},\"inLanguage\":\"en-US\",\"potentialAction\":[{\"@type\":\"ReadAction\",\"target\":[\"https:\/\/www.familinparis.fr\/en\/skating-parc-andre-citroen\/\"]}]},{\"@type\":\"ImageObject\",\"inLanguage\":\"en-US\",\"@id\":\"https:\/\/www.familinparis.fr\/en\/skating-parc-andre-citroen\/#primaryimage\",\"url\":\"https:\/\/www.familinparis.fr\/wp-content\/uploads\/2025\/02\/patins-en-folie-2025.jpg\",\"contentUrl\":\"https:\/\/www.familinparis.fr\/wp-content\/uploads\/2025\/02\/patins-en-folie-2025.jpg\",\"width\":1031,\"height\":1280,\"caption\":\"patin en folies la patinoire du parc Andr\u00e9 citroen\"},{\"@type\":\"BreadcrumbList\",\"@id\":\"https:\/\/www.familinparis.fr\/en\/skating-parc-andre-citroen\/#breadcrumb\",\"itemListElement\":[{\"@type\":\"ListItem\",\"position\":1,\"name\":\"Home\",\"item\":\"https:\/\/www.familinparis.fr\/en\/\"},{\"@type\":\"ListItem\",\"position\":2,\"name\":\"Archives\",\"item\":\"https:\/\/www.familinparis.fr\/en\/categorie\/archives-en\/\"},{\"@type\":\"ListItem\",\"position\":3,\"name\":\"Skates in Madness at Parc Andr\u00e9 Citro\u00ebn\"}]},{\"@type\":\"WebSite\",\"@id\":\"https:\/\/www.familinparis.fr\/en\/#website\",\"url\":\"https:\/\/www.familinparis.fr\/en\/\",\"name\":\"Familin&#039;Paris\",\"description\":\"Visiter le meilleur de Paris avec des enfants : sorties, spectacles, adresses de restaurants, shopping, bons plans...\",\"potentialAction\":[{\"@type\":\"SearchAction\",\"target\":{\"@type\":\"EntryPoint\",\"urlTemplate\":\"https:\/\/www.familinparis.fr\/en\/?s={search_term_string}\"},\"query-input\":{\"@type\":\"PropertyValueSpecification\",\"valueRequired\":true,\"valueName\":\"search_term_string\"}}],\"inLanguage\":\"en-US\"},{\"@type\":\"Person\",\"@id\":\"https:\/\/www.familinparis.fr\/en\/#\/schema\/person\/76ad1a7946173a69e7244f034bfcbca6\",\"name\":\"Magali\",\"image\":{\"@type\":\"ImageObject\",\"inLanguage\":\"en-US\",\"@id\":\"https:\/\/secure.gravatar.com\/avatar\/5784aec9c0ccc7e91e71b0573d0870889e43807ad8b24908c501df25e58fa11a?s=96&d=identicon&r=g\",\"url\":\"https:\/\/secure.gravatar.com\/avatar\/5784aec9c0ccc7e91e71b0573d0870889e43807ad8b24908c501df25e58fa11a?s=96&d=identicon&r=g\",\"contentUrl\":\"https:\/\/secure.gravatar.com\/avatar\/5784aec9c0ccc7e91e71b0573d0870889e43807ad8b24908c501df25e58fa11a?s=96&d=identicon&r=g\",\"caption\":\"Magali\"}}]}<\/script>\n<!-- \/ Yoast SEO plugin. -->","yoast_head_json":{"title":"Skates in Madness at Parc Andr\u00e9 Citro\u00ebn - Until January 4, 2025","description":"Open-air ice rink in Paris: the largest outdoor ice rink in Paris, in the 15th arrondissement at the Parc Andr\u00e9 Citro\u00ebn - Until January 4, 2026","robots":{"index":"index","follow":"follow","max-snippet":"max-snippet:-1","max-image-preview":"max-image-preview:large","max-video-preview":"max-video-preview:-1"},"canonical":"https:\/\/www.familinparis.fr\/en\/skating-parc-andre-citroen\/","og_locale":"en_US","og_type":"article","og_title":"Skates in Madness at Parc Andr\u00e9 Citro\u00ebn - Until January 4, 2025","og_description":"Open-air ice rink in Paris: the largest outdoor ice rink in Paris, in the 15th arrondissement at the Parc Andr\u00e9 Citro\u00ebn - Until January 4, 2026","og_url":"https:\/\/www.familinparis.fr\/en\/skating-parc-andre-citroen\/","og_site_name":"Familin&#039;Paris","article_published_time":"2025-11-13T08:37:00+00:00","article_modified_time":"2026-02-12T12:37:46+00:00","og_image":[{"width":1031,"height":1280,"url":"https:\/\/www.familinparis.fr\/wp-content\/uploads\/2025\/02\/patins-en-folie-2025.jpg","type":"image\/jpeg"}],"author":"Magali","twitter_card":"summary_large_image","twitter_misc":{"Written by":"Magali","Est. reading time":"3 minutes"},"schema":{"@context":"https:\/\/schema.org","@graph":[{"@type":"Article","@id":"https:\/\/www.familinparis.fr\/en\/skating-parc-andre-citroen\/#article","isPartOf":{"@id":"https:\/\/www.familinparis.fr\/en\/skating-parc-andre-citroen\/"},"author":{"name":"Magali","@id":"https:\/\/www.familinparis.fr\/en\/#\/schema\/person\/76ad1a7946173a69e7244f034bfcbca6"},"headline":"Skates in Madness at Parc Andr\u00e9 Citro\u00ebn","datePublished":"2025-11-13T08:37:00+00:00","dateModified":"2026-02-12T12:37:46+00:00","mainEntityOfPage":{"@id":"https:\/\/www.familinparis.fr\/en\/skating-parc-andre-citroen\/"},"wordCount":626,"commentCount":0,"image":{"@id":"https:\/\/www.familinparis.fr\/en\/skating-parc-andre-citroen\/#primaryimage"},"thumbnailUrl":"https:\/\/www.familinparis.fr\/wp-content\/uploads\/2025\/02\/patins-en-folie-2025.jpg","keywords":["Christmas Archive","December Archive","January Archive"],"articleSection":["Archives"],"inLanguage":"en-US","potentialAction":[{"@type":"CommentAction","name":"Comment","target":["https:\/\/www.familinparis.fr\/en\/skating-parc-andre-citroen\/#respond"]}]},{"@type":"WebPage","@id":"https:\/\/www.familinparis.fr\/en\/skating-parc-andre-citroen\/","url":"https:\/\/www.familinparis.fr\/en\/skating-parc-andre-citroen\/","name":"Skates in Madness at Parc Andr\u00e9 Citro\u00ebn - Until January 4, 2025","isPartOf":{"@id":"https:\/\/www.familinparis.fr\/en\/#website"},"primaryImageOfPage":{"@id":"https:\/\/www.familinparis.fr\/en\/skating-parc-andre-citroen\/#primaryimage"},"image":{"@id":"https:\/\/www.familinparis.fr\/en\/skating-parc-andre-citroen\/#primaryimage"},"thumbnailUrl":"https:\/\/www.familinparis.fr\/wp-content\/uploads\/2025\/02\/patins-en-folie-2025.jpg","datePublished":"2025-11-13T08:37:00+00:00","dateModified":"2026-02-12T12:37:46+00:00","author":{"@id":"https:\/\/www.familinparis.fr\/en\/#\/schema\/person\/76ad1a7946173a69e7244f034bfcbca6"},"description":"Open-air ice rink in Paris: the largest outdoor ice rink in Paris, in the 15th arrondissement at the Parc Andr\u00e9 Citro\u00ebn - Until January 4, 2026","breadcrumb":{"@id":"https:\/\/www.familinparis.fr\/en\/skating-parc-andre-citroen\/#breadcrumb"},"inLanguage":"en-US","potentialAction":[{"@type":"ReadAction","target":["https:\/\/www.familinparis.fr\/en\/skating-parc-andre-citroen\/"]}]},{"@type":"ImageObject","inLanguage":"en-US","@id":"https:\/\/www.familinparis.fr\/en\/skating-parc-andre-citroen\/#primaryimage","url":"https:\/\/www.familinparis.fr\/wp-content\/uploads\/2025\/02\/patins-en-folie-2025.jpg","contentUrl":"https:\/\/www.familinparis.fr\/wp-content\/uploads\/2025\/02\/patins-en-folie-2025.jpg","width":1031,"height":1280,"caption":"patin en folies la patinoire du parc Andr\u00e9 citroen"},{"@type":"BreadcrumbList","@id":"https:\/\/www.familinparis.fr\/en\/skating-parc-andre-citroen\/#breadcrumb","itemListElement":[{"@type":"ListItem","position":1,"name":"Home","item":"https:\/\/www.familinparis.fr\/en\/"},{"@type":"ListItem","position":2,"name":"Archives","item":"https:\/\/www.familinparis.fr\/en\/categorie\/archives-en\/"},{"@type":"ListItem","position":3,"name":"Skates in Madness at Parc Andr\u00e9 Citro\u00ebn"}]},{"@type":"WebSite","@id":"https:\/\/www.familinparis.fr\/en\/#website","url":"https:\/\/www.familinparis.fr\/en\/","name":"Familin&#039;Paris","description":"Visiter le meilleur de Paris avec des enfants : sorties, spectacles, adresses de restaurants, shopping, bons plans...","potentialAction":[{"@type":"SearchAction","target":{"@type":"EntryPoint","urlTemplate":"https:\/\/www.familinparis.fr\/en\/?s={search_term_string}"},"query-input":{"@type":"PropertyValueSpecification","valueRequired":true,"valueName":"search_term_string"}}],"inLanguage":"en-US"},{"@type":"Person","@id":"https:\/\/www.familinparis.fr\/en\/#\/schema\/person\/76ad1a7946173a69e7244f034bfcbca6","name":"Magali","image":{"@type":"ImageObject","inLanguage":"en-US","@id":"https:\/\/secure.gravatar.com\/avatar\/5784aec9c0ccc7e91e71b0573d0870889e43807ad8b24908c501df25e58fa11a?s=96&d=identicon&r=g","url":"https:\/\/secure.gravatar.com\/avatar\/5784aec9c0ccc7e91e71b0573d0870889e43807ad8b24908c501df25e58fa11a?s=96&d=identicon&r=g","contentUrl":"https:\/\/secure.gravatar.com\/avatar\/5784aec9c0ccc7e91e71b0573d0870889e43807ad8b24908c501df25e58fa11a?s=96&d=identicon&r=g","caption":"Magali"}}]}},"uagb_featured_image_src":{"full":["https:\/\/www.familinparis.fr\/wp-content\/uploads\/2025\/02\/patins-en-folie-2025.jpg",1031,1280,false],"thumbnail":["https:\/\/www.familinparis.fr\/wp-content\/uploads\/2025\/02\/patins-en-folie-2025-150x150.jpg",150,150,true],"medium":["https:\/\/www.familinparis.fr\/wp-content\/uploads\/2025\/02\/patins-en-folie-2025-242x300.jpg",242,300,true],"medium_large":["https:\/\/www.familinparis.fr\/wp-content\/uploads\/2025\/02\/patins-en-folie-2025-768x953.jpg",768,953,true],"large":["https:\/\/www.familinparis.fr\/wp-content\/uploads\/2025\/02\/patins-en-folie-2025-825x1024.jpg",770,956,true],"1536x1536":["https:\/\/www.familinparis.fr\/wp-content\/uploads\/2025\/02\/patins-en-folie-2025.jpg",1031,1280,false],"2048x2048":["https:\/\/www.familinparis.fr\/wp-content\/uploads\/2025\/02\/patins-en-folie-2025.jpg",1031,1280,false],"home-thumb":["https:\/\/www.familinparis.fr\/wp-content\/uploads\/2025\/02\/patins-en-folie-2025-588x730.jpg",588,730,true],"home-slider":["https:\/\/www.familinparis.fr\/wp-content\/uploads\/2025\/02\/patins-en-folie-2025-800x600.jpg",800,600,true],"lightbox-slider-size":["https:\/\/www.familinparis.fr\/wp-content\/uploads\/2025\/02\/patins-en-folie-2025-564x282.jpg",564,282,true],"post-thumbnail":["https:\/\/www.familinparis.fr\/wp-content\/uploads\/2025\/02\/patins-en-folie-2025-270x180.jpg",270,180,true],"cheerup-main":["https:\/\/www.familinparis.fr\/wp-content\/uploads\/2025\/02\/patins-en-folie-2025-770x400.jpg",770,400,true],"cheerup-main-full":["https:\/\/www.familinparis.fr\/wp-content\/uploads\/2025\/02\/patins-en-folie-2025-1031x508.jpg",1031,508,true],"cheerup-slider-alt":["https:\/\/www.familinparis.fr\/wp-content\/uploads\/2025\/02\/patins-en-folie-2025-1031x508.jpg",1031,508,true],"cheerup-slider-trendy":["https:\/\/www.familinparis.fr\/wp-content\/uploads\/2025\/02\/patins-en-folie-2025-960x508.jpg",960,508,true],"cheerup-slider-stylish":["https:\/\/www.familinparis.fr\/wp-content\/uploads\/2025\/02\/patins-en-folie-2025-900x515.jpg",900,515,true],"cheerup-slider-grid":["https:\/\/www.familinparis.fr\/wp-content\/uploads\/2025\/02\/patins-en-folie-2025-870x600.jpg",870,600,true],"cheerup-slider-grid-sm":["https:\/\/www.familinparis.fr\/wp-content\/uploads\/2025\/02\/patins-en-folie-2025-300x300.jpg",300,300,true],"cheerup-slider-carousel":["https:\/\/www.familinparis.fr\/wp-content\/uploads\/2025\/02\/patins-en-folie-2025-370x370.jpg",370,370,true],"cheerup-slider-grid-b":["https:\/\/www.familinparis.fr\/wp-content\/uploads\/2025\/02\/patins-en-folie-2025-554x466.jpg",554,466,true],"cheerup-slider-grid-b-sm":["https:\/\/www.familinparis.fr\/wp-content\/uploads\/2025\/02\/patins-en-folie-2025-306x466.jpg",306,466,true],"cheerup-slider-bold-sm":["https:\/\/www.familinparis.fr\/wp-content\/uploads\/2025\/02\/patins-en-folie-2025-150x150.jpg",150,150,true],"cheerup-grid":["https:\/\/www.familinparis.fr\/wp-content\/uploads\/2025\/02\/patins-en-folie-2025-370x285.jpg",370,285,true],"cheerup-carousel":["https:\/\/www.familinparis.fr\/wp-content\/uploads\/2025\/02\/patins-en-folie-2025-270x180.jpg",270,180,true],"cheerup-carousel-b":["https:\/\/www.familinparis.fr\/wp-content\/uploads\/2025\/02\/patins-en-folie-2025-370x285.jpg",370,285,true],"cheerup-list":["https:\/\/www.familinparis.fr\/wp-content\/uploads\/2025\/02\/patins-en-folie-2025-260x200.jpg",260,200,true],"cheerup-list-b":["https:\/\/www.familinparis.fr\/wp-content\/uploads\/2025\/02\/patins-en-folie-2025-370x305.jpg",370,305,true],"cheerup-thumb":["https:\/\/www.familinparis.fr\/wp-content\/uploads\/2025\/02\/patins-en-folie-2025-87x67.jpg",87,67,true],"cheerup-thumb-alt":["https:\/\/www.familinparis.fr\/wp-content\/uploads\/2025\/02\/patins-en-folie-2025-150x150.jpg",150,150,true]},"uagb_author_info":{"display_name":"Magali","author_link":"https:\/\/www.familinparis.fr\/en\/author\/tapuscrit\/"},"uagb_comment_info":0,"uagb_excerpt":"Until 02 March 2025","_links":{"self":[{"href":"https:\/\/www.familinparis.fr\/en\/wp-json\/wp\/v2\/posts\/142601","targetHints":{"allow":["GET"]}}],"collection":[{"href":"https:\/\/www.familinparis.fr\/en\/wp-json\/wp\/v2\/posts"}],"about":[{"href":"https:\/\/www.familinparis.fr\/en\/wp-json\/wp\/v2\/types\/post"}],"author":[{"embeddable":true,"href":"https:\/\/www.familinparis.fr\/en\/wp-json\/wp\/v2\/users\/12"}],"replies":[{"embeddable":true,"href":"https:\/\/www.familinparis.fr\/en\/wp-json\/wp\/v2\/comments?post=142601"}],"version-history":[{"count":0,"href":"https:\/\/www.familinparis.fr\/en\/wp-json\/wp\/v2\/posts\/142601\/revisions"}],"wp:featuredmedia":[{"embeddable":true,"href":"https:\/\/www.familinparis.fr\/en\/wp-json\/wp\/v2\/media\/148663"}],"wp:attachment":[{"href":"https:\/\/www.familinparis.fr\/en\/wp-json\/wp\/v2\/media?parent=142601"}],"wp:term":[{"taxonomy":"category","embeddable":true,"href":"https:\/\/www.familinparis.fr\/en\/wp-json\/wp\/v2\/categories?post=142601"},{"taxonomy":"post_tag","embeddable":true,"href":"https:\/\/www.familinparis.fr\/en\/wp-json\/wp\/v2\/tags?post=142601"}],"curies":[{"name":"wp","href":"https:\/\/api.w.org\/{rel}","templated":true}]}}