{"id":141455,"date":"2025-01-18T23:31:23","date_gmt":"2025-01-18T21:31:23","guid":{"rendered":"https:\/\/www.familinparis.fr\/vendee-globe-exhibition-musee-de-la-marine\/"},"modified":"2026-01-29T17:22:47","modified_gmt":"2026-01-29T15:22:47","slug":"vendee-globe-exhibition-musee-de-la-marine","status":"publish","type":"post","link":"https:\/\/www.familinparis.fr\/en\/vendee-globe-exhibition-musee-de-la-marine\/","title":{"rendered":"Solo around the world, at the Mus\u00e9e de la Marine"},"content":{"rendered":"<div class=\"lazyblock-baseline-f4zlj wp-block-lazyblock-baseline\"><div class=\"baseline\">\u00c9V\u00c8NEMENT TERMIN\u00c9<\/div><\/div><div class=\"lazyblock-grids-Z2kFizj wp-block-lazyblock-grids\"><div class=\"row new-grids grids-style-2\">\n        <div class=\"col-12 grid-title\">\n        <h2 class=\"c-blue\">Exhibitions currently in Paris<\/h2>\n\n            <\/div>\n        \n    <div class=\"col-12 grids columns-4\">\n        \n\n<div class=\"grid\">\n\t<a href=\"https:\/\/www.familinparis.fr\/en\/exposition-calder-fondation-louis-vuitton-billet\/\" target=\"_self\">\n\t    <div class=\"image\" style=\"background-image:url('https:\/\/www.familinparis.fr\/wp-content\/uploads\/2026\/04\/exposition-calder-fondation-louis-vuitton-564x282.jpg')\">\n\t    \t\t    \t<div class=\"dateOnImg\">jusqu&#8217;au 16 ao\u00fbt 2026<\/div>\n\t    \t\t\t\t\t    <\/div>\n\t    <div class=\"texte\">\n\t        <h5>Fondation Louis Vuitton<\/h5>\n\t        <h3>Calder. Dreaming in balance<\/h3>\n\t        <div class=\"tags\">\n\t        \t\t        \t\t<span>EXPOSITION<\/span>\n\t        \t\t        \t<span>1h30<\/span>\n\t        <\/div>\n\t        <div class=\"bas\">\n        \t\t<div class=\"prix\">\n        \t\t\t        \t\t<\/div>\n            \t<div class=\"review-stars\" data-productId=\"\">\n            \t<\/div>\n\t        <\/div>\n\t    <\/div>\n\t<\/a>\n<\/div>\n\n<div class=\"grid\">\n\t<a href=\"https:\/\/www.familinparis.fr\/en\/titanic-immersive-exhibition-grande-halle-de-la-villette-75019\/\" target=\"_self\">\n\t    <div class=\"image\" style=\"background-image:url('https:\/\/www.familinparis.fr\/wp-content\/uploads\/2026\/04\/La-Legende-Du-Titanic-exposition-ultime-exposition-immersive-grande-halle-la-villette-2026-564x282.jpg')\">\n\t    \t\t    \t<div class=\"dateOnImg\">jusqu&#8217;au 31 ao\u00fbt 2026<\/div>\n\t    \t\t\t\t\t\t\t\t<div class=\"rond-blanc-age\"><span>For all<\/span><\/div>\n\t\t\t\t    <\/div>\n\t    <div class=\"texte\">\n\t        <h5>La Grande Halle de La Villette <\/h5>\n\t        <h3>The Legend of the Titanic: The Ultimate Exhibition<\/h3>\n\t        <div class=\"tags\">\n\t        \t\t        \t\t<span>exposition immersive<\/span>\n\t        \t\t        \t<span>1h30<\/span>\n\t        <\/div>\n\t        <div class=\"bas\">\n        \t\t<div class=\"prix\">\n        \t\t\t        \t\t<\/div>\n            \t<div class=\"review-stars\" data-productId=\"\">\n            \t<\/div>\n\t        <\/div>\n\t    <\/div>\n\t<\/a>\n<\/div>\n\n<div class=\"grid\">\n\t<a href=\"https:\/\/www.familinparis.fr\/en\/unicorn-exhibition-at-the-cluny-museum-75005\/\" target=\"_self\">\n\t    <div class=\"image\" style=\"background-image:url('https:\/\/www.familinparis.fr\/wp-content\/uploads\/2026\/03\/licornes-expo-musee-cluny-2026-456x282.jpg')\">\n\t    \t\t    \t<div class=\"dateOnImg\">jusqu&#8217;au 12 juillet 2026<\/div>\n\t    \t\t\t\t\t\t\t\t<div class=\"rond-blanc-age\"><span>from <span class=\"age-number\">6<\/span> yo<\/span><\/div>\n\t\t\t\t    <\/div>\n\t    <div class=\"texte\">\n\t        <h5>Mus\u00e9e de Cluny &#8211; Paris 5\u00e8me<\/h5>\n\t        <h3>Unicorns! At the Museum of Cluny<\/h3>\n\t        <div class=\"tags\">\n\t        \t\t        \t\t<span>exposition<\/span>\n\t        \t\t        \t<span>1h<\/span>\n\t        <\/div>\n\t        <div class=\"bas\">\n        \t\t<div class=\"prix\">\n        \t\t\t        \t\t<\/div>\n            \t<div class=\"review-stars\" data-productId=\"\">\n            \t<\/div>\n\t        <\/div>\n\t    <\/div>\n\t<\/a>\n<\/div>\n\n<div class=\"grid\">\n\t<a href=\"https:\/\/www.familinparis.fr\/en\/renaissance-la-nouvelle-experience-immersive-a-l-atelier-des-lumieres\/\" target=\"_self\">\n\t    <div class=\"image\" style=\"background-image:url('https:\/\/www.familinparis.fr\/wp-content\/uploads\/Expos\/2026\/Renaissance-affiche-500x282.jpg')\">\n\t    \t\t    \t<div class=\"dateOnImg\">Until June 28, 2026<\/div>\n\t    \t\t\t\t\t    <\/div>\n\t    <div class=\"texte\">\n\t        <h5>The Atelier des Lumi\u00e8res (Paris 11th)<\/h5>\n\t        <h3>Renaissance at the Atelier des Lumi\u00e8res<\/h3>\n\t        <div class=\"tags\">\n\t        \t\t        \t\t<span>Immersive Exhibition<\/span>\n\t        \t\t        \t<span>50 minutes<\/span>\n\t        <\/div>\n\t        <div class=\"bas\">\n        \t\t<div class=\"prix\">\n        \t\t\t        \t\t<\/div>\n            \t<div class=\"review-stars\" data-productId=\"\">\n            \t<\/div>\n\t        <\/div>\n\t    <\/div>\n\t<\/a>\n<\/div>    <\/div>\n\n            <div class=\"col-12 t-center m-b-20\">\n            <div class=\"labels__fam\">\n                                    <a href=\"\/expo-enfants\/\" class=\"labels__fam-color-secondary labels__fam-radius-rounded\">\n                        See all exhibitions                    <\/a>\n                                    <a href=\"\/musee-incontournable-paris\/\" class=\"labels__fam-color-secondary labels__fam-radius-rounded\">\n                        Museums with the family                    <\/a>\n                                    <a href=\"\/lieux-endroit-activite-visite-insolite-paris\/\" class=\"labels__fam-color-secondary labels__fam-radius-rounded\">\n                        Unusual visits in Paris                    <\/a>\n                                    <a href=\"\/paris-avec-des-ados\/\" class=\"labels__fam-color-secondary labels__fam-radius-rounded\">\n                        Paris with teenagers                    <\/a>\n                            <\/div>\n        <\/div>\n    \n    \n\n<\/div>\n<\/div>\n<div class=\"wp-block-buttons is-content-justification-center is-layout-flex wp-container-core-buttons-is-layout-16018d1d wp-block-buttons-is-layout-flex\">\n<div class=\"wp-block-button has-custom-font-size has-medium-font-size\"><a class=\"wp-block-button__link has-white-color has-text-color has-background wp-element-button\" href=\"https:\/\/www.tiqets.com\/fr\/activites-attractions-paris-c66746\/billets-pour-paris-musee-national-de-la-marine-p1082113\/?partner=familinparis&amp;tq_campaign=bouton-expo-autour-du-mon\" style=\"border-radius:10px;background-color:#db384b\" target=\"_blank\" rel=\"noreferrer noopener nofollow\">I BOOK MY TICKETS<\/a><\/div>\n<\/div>\n\n<p class=\"has-text-align-center has-luminous-vivid-orange-color has-text-color has-link-color wp-elements-69c489782f92f1839cd1b7b18a44b42c\"><em>FREE &#8211; 18 years old and 26 years old residents of countries of the European Economic Area<\/em><\/p>\n<div class=\"wp-block-image\">\n<figure class=\"aligncenter size-full\"><img decoding=\"async\" width=\"624\" height=\"870\" src=\"https:\/\/www.familinparis.fr\/wp-content\/uploads\/2025\/01\/Exposition-en-solitaire-autour-du-monde-musee-de-la-marine-2024-2025.jpeg\" alt=\"\" class=\"wp-image-141292\" srcset=\"https:\/\/www.familinparis.fr\/wp-content\/uploads\/2025\/01\/Exposition-en-solitaire-autour-du-monde-musee-de-la-marine-2024-2025.jpeg 624w, https:\/\/www.familinparis.fr\/wp-content\/uploads\/2025\/01\/Exposition-en-solitaire-autour-du-monde-musee-de-la-marine-2024-2025-215x300.jpeg 215w, https:\/\/www.familinparis.fr\/wp-content\/uploads\/2025\/01\/Exposition-en-solitaire-autour-du-monde-musee-de-la-marine-2024-2025-524x730.jpeg 524w\" sizes=\"(max-width: 624px) 100vw, 624px\" \/><\/figure>\n<\/div>\n<div style=\"height:29px\" aria-hidden=\"true\" class=\"wp-block-spacer\"><\/div>\n\n<div class=\"wp-block-columns is-layout-flex wp-container-core-columns-is-layout-9d6595d7 wp-block-columns-is-layout-flex\">\n<div class=\"wp-block-column is-layout-flow wp-block-column-is-layout-flow\" style=\"flex-basis:66.66%\">\n<section class=\"wp-block-uagb-section uagb-section__wrap uagb-section__background-none uagb-block-fa5171aa\"><div class=\"uagb-section__overlay\"><\/div><div class=\"uagb-section__inner-wrap\">\n<h2 class=\"wp-block-heading\">Solo around the world<\/h2>\n\n\n\n<ul class=\"wp-block-list\">\n<li><strong>We like <\/strong>: this great exhibition immersed in the Vend\u00e9e Globe race<\/li>\n\n\n\n<li><strong>Location <\/strong>: National Maritime Museum (Paris 16th)<\/li>\n\n\n\n<li><strong>Age:<\/strong> for all, from 6 years old<\/li>\n\n\n\n<li><strong>Date<\/strong> : until March 2, 2025<\/li>\n\n\n\n<li><strong>When<\/strong> : Open every day, except Tuesdays<\/li>\n\n\n\n<li><strong>Opening hours<\/strong> : from 11am to 7pm<\/li>\n\n\n\n<li><strong>Late opening <\/strong>: Thursdays until 10 p.m.  <\/li>\n\n\n\n<li><strong>Fermeture<\/strong> : le mardi<\/li>\n\n\n\n<li><strong>Tarif : 17\u20ac<\/strong> (Expo et Collection Permanente)<\/li>\n\n\n\n<li><strong>Free<\/strong> : -18 years old (-26 years old if a citizen of the E.U.)<\/li>\n\n\n\n<li><strong>Namely:<\/strong>\n<ul class=\"wp-block-list\">\n<li>The ticket gives access to the museum&#8217;s permanent collections<\/li>\n\n\n\n<li>Take advantage of the breakthroughs to discover the <a href=\"https:\/\/www.familinparis.fr\/en\/the-most-beautiful-views-of-paris\/\">breathtaking view of Paris<\/a><\/li>\n<\/ul>\n<\/li>\n<\/ul>\n<\/div><\/section>\n<\/div>\n\n\n\n<div class=\"wp-block-column is-layout-flow wp-block-column-is-layout-flow\" style=\"flex-basis:33.33%\">\n<div data-tiqets-widget=\"availability\" data-layout=\"full\" data-orientation=\"vertical\" data-product-id=\"1082113\" data-partner=\"familinparis\" data-tq-campaign=\"dispo-expo-tour-du monde\"><\/div>\n<\/div>\n<\/div>\n\n<div style=\"height:39px\" aria-hidden=\"true\" class=\"wp-block-spacer\"><\/div>\n\n<div class=\"wp-block-columns is-layout-flex wp-container-core-columns-is-layout-9d6595d7 wp-block-columns-is-layout-flex\">\n<div class=\"wp-block-column is-layout-flow wp-block-column-is-layout-flow\" style=\"flex-basis:50%\">\n<section class=\"wp-block-uagb-section uagb-section__wrap uagb-section__background-none uagb-block-dad2199d border-green\"><div class=\"uagb-section__overlay\"><\/div><div class=\"uagb-section__inner-wrap\">\n<h2 class=\"wp-block-heading has-text-align-center\">&#8220;Solo around the world&#8221;, the epic of the Vend\u00e9e Globe skippers<\/h2>\n\n\n\n<p class=\"has-text-align-center\"><em>Cast off, let&#8217;s set sail at the Mus\u00e9e de la Marine for this great sporting and human challenge on the oceans!  <\/em><\/p>\n\n\n\n<ul class=\"wp-block-list\">\n<li>Situ\u00e9 place du <a href=\"\/le-quartier-du-trocadero-75016\/\">Trocad\u00e9ro<\/a> le <a href=\"\/le-musee-de-la-marine-paris\/\">Mus\u00e9e National de la Marine<\/a> retrace l\u2019aventure en 12 \u00e9tapes de la plus mythique des courses \u00e0 la voile en solitaire, sans escale ni assistance<\/li>\n\n\n\n<li>Plus qu&#8217;une exposition, c&#8217;est une v\u00e9ritable <a href=\"\/experience-immersive-paris\/\">exp\u00e9rience immersive<\/a> <\/li>\n\n\n\n<li><strong>270 pi\u00e8ces sont expos\u00e9es :<\/strong> des tenues port\u00e9es par les skippers, des maquettes, ou encore des ouvrages et des objets de navigation<\/li>\n\n\n\n<li><strong>Gr\u00e2ce aux installations interactives<\/strong> comme des <strong>simulateurs<\/strong> et des enregistrements vid\u00e9o, on se glisse dans la peau des marins en situation, et on revit une aventure humaine et maritime hors du commun<\/li>\n\n\n\n<li>Du Golfe de Gascogne, on remonte  l\u2019Atlantique, en passant par les <strong>40e rugissants, les 50e hurlants <\/strong>et les caps de Bonne Esp\u00e9rance, Leeuwin et Horn pour arriver au port des Sables d\u2019Olonne, en Vend\u00e9e !<\/li>\n\n\n\n<li><strong>&#8220;Solo Around the World&#8221; is a vibrant <\/strong>and passionate exhibition that takes us into the history of ocean racing from the pioneers to the creation of the Vend\u00e9e Globe<\/li>\n<\/ul>\n\n\n\n<p>Cette expo passionnante touche toutes les g\u00e9n\u00e9rations d<a href=\"\/sortie-enfant-paris\/\">es plus jeunes<\/a> aux <a href=\"\/paris-avec-des-ados\/\">ados <\/a> qui y trouvent une multitude d&#8217;accroches rythm\u00e9es d&#8217;instants ludiques. Ils pourront aussi appr\u00e9cier, au calme, la vue imprenable sur Paris, la <a href=\"\/visite-tour-eiffel\/\">Tour Eiffel<\/a> et la Seine et parcourir les collections du mus\u00e9e. Un moment <a href=\"\/vacances-fevrier-paris\/\">Id\u00e9al  \u00e0 partager pendant les vacances de f\u00e9vrier !<\/a><\/p>\n<\/div><\/section>\n<\/div>\n\n\n\n<div class=\"wp-block-column is-layout-flow wp-block-column-is-layout-flow\" style=\"flex-basis:50%\">\n<section class=\"wp-block-uagb-section uagb-section__wrap uagb-section__background-none uagb-block-2b566362\"><div class=\"uagb-section__overlay\"><\/div><div class=\"uagb-section__inner-wrap\">\n<h2 class=\"wp-block-heading\">The 12 stages of a challenge on the sea: the exhibition route<\/h2>\n\n\n\n<ul class=\"wp-block-list\">\n<li><strong>Les Sables-d&#8217;Olonne<\/strong> : the start and finish point of the race, the skippers leave the port and set off on an adventure<\/li>\n\n\n\n<li><strong>Le golfe de Gascogne<\/strong> : premi\u00e8re \u00e9preuve avec une m\u00e9t\u00e9o souvent difficile et premier test pour les skippers<\/li>\n\n\n\n<li><strong>The equator and the Doldrums:<\/strong> sudden calm or thunderstorm, vigilance must be constant<\/li>\n\n\n\n<li><strong>Le cap de Bonne-Esp\u00e9rance :<\/strong> \u00e0 la pointe sud de l&#8217;Afrique, c&#8217;est le premier grand cap qui marque l&#8217;entr\u00e9e dans les mers du Sud<\/li>\n\n\n\n<li><strong>Les mers australes<\/strong> : les conditions de navigations sont extr\u00eames. Les coureurs affrontent les 40e rugissants et 50e hurlants, des vents forts et des vagues d\u00e9mentes<\/li>\n\n\n\n<li><strong>Cape Leeuwin<\/strong> : southwest of Australia, it is the 2nd cape, between the Indian Ocean and the Pacific<\/li>\n\n\n\n<li><strong>South Pacific<\/strong> : the most isolated area, the challenges are extreme and the loneliness is total&#8230;<\/li>\n\n\n\n<li><strong>Cap Horn<\/strong> : dernier des grands caps. Il est connu pour ses temp\u00eates redoutables et marque le retour<\/li>\n\n\n\n<li><strong>Remont\u00e9e de l&#8217;Atlantique Sud<\/strong> : d\u00e9fi strat\u00e9gique, il faut choisir les bons vents et surveiller ses concurrents<\/li>\n\n\n\n<li><strong>Saint Helena High<\/strong> : a very dreaded moment for its calm&#8230; His position in the race is decisive<\/li>\n\n\n\n<li><strong>Deuxi\u00e8me passage du Pot au Noir<\/strong> : retour dans une zone instable avant d&#8217;aborder l\u2019h\u00e9misph\u00e8re nord<\/li>\n\n\n\n<li><strong>Arriv\u00e9e aux Sables-d&#8217;Olonne<\/strong> : la joie de retourner au port apr\u00e8s une aventure hors norme<\/li>\n<\/ul>\n<\/div><\/section>\n<\/div>\n<\/div>\n\n<div style=\"height:20px\" aria-hidden=\"true\" class=\"wp-block-spacer\"><\/div>\n<div class=\"wp-block-image\">\n<figure class=\"aligncenter size-full is-resized\"><img decoding=\"async\" width=\"435\" height=\"500\" src=\"https:\/\/www.familinparis.fr\/wp-content\/uploads\/Dessins\/bateaux\/marin4.jpg\" alt=\"\" class=\"wp-image-28074\" style=\"width:122px\" srcset=\"https:\/\/www.familinparis.fr\/wp-content\/uploads\/Dessins\/bateaux\/marin4.jpg 435w, https:\/\/www.familinparis.fr\/wp-content\/uploads\/Dessins\/bateaux\/marin4-261x300.jpg 261w\" sizes=\"(max-width: 435px) 100vw, 435px\" \/><\/figure>\n<\/div>\n<div style=\"height:30px\" aria-hidden=\"true\" class=\"wp-block-spacer\"><\/div>\n\n<div class=\"wp-block-columns is-layout-flex wp-container-core-columns-is-layout-9d6595d7 wp-block-columns-is-layout-flex\">\n<div class=\"wp-block-column is-layout-flow wp-block-column-is-layout-flow\" style=\"flex-basis:50%\">\n<section class=\"wp-block-uagb-section uagb-section__wrap uagb-section__background-color uagb-block-ab39ba4d\"><div class=\"uagb-section__overlay\"><\/div><div class=\"uagb-section__inner-wrap\">\n<h2 class=\"wp-block-heading has-text-align-center\">Family at the Maritime Museum<\/h2>\n\n\n\n<p>Around the exhibition:<\/p>\n\n\n\n<ul class=\"wp-block-list\">\n<li><strong>6-12 years old \u2013 Duration: 2 hours<\/strong> &#8211; Guided family tour: on the road to the Vend\u00e9e Globe<\/li>\n\n\n\n<li><strong>From 15 years old \u2013 Duration: 1h30<\/strong> &#8211; Guided tour of the exhibition  <\/li>\n\n\n\n<li><strong>The Compass <\/strong>: Mobile application for everyone &#8211; several possible routes to the exhibition and the permanent collections<\/li>\n<\/ul>\n\n\n\n<p>In the permanent collections<\/p>\n\n\n\n<ul class=\"wp-block-list\">\n<li><strong>Pour les &#8211; 3 ans &#8211;<\/strong> <strong>dur\u00e9e 45 min <\/strong>: Visite cont\u00e9e \u00ab\u00a0Le voyage de bulle\u00a0\u00bb<\/li>\n\n\n\n<li><strong>Pour les 3-5 ans &#8211;<\/strong> <strong>dur\u00e9e 1h &#8211; 1h30<\/strong> : Visite cont\u00e9e \u00ab\u00a0Zoo \u00e0 bord\u00a0\u00bb &#8211; Visite guid\u00e9e \u00ab\u00a0Bateaux sur l\u2019eau\u00a0\u00bb\u00a0&#8211; Visite-atelier\u00a0\u00ab\u00a0Bouille de marin\u00a0\u00bb<\/li>\n\n\n\n<li><strong>Pour les 3-12 ans &#8211;<\/strong> <strong>dur\u00e9e 1h-2h<\/strong>: Visite guid\u00e9e \u00ab\u00a0La cache des pirates\u00a0\u00bb, Visite-atelier \u00ab\u00a0Toutes voiles dehors\u00a0\u00bb\u00a0<\/li>\n\n\n\n<li><strong>Pour les 6-12 ans <\/strong>&#8211; <strong>dur\u00e9e 1h, 1h30, 2h<\/strong> : Visite cont\u00e9e \u00ab\u00a0\u00c0 l\u2019abordage\u00a0<strong>\u00bb<\/strong>, Visite guid\u00e9e \u00ab\u00a0Les secrets de l\u2019Oc\u00e9an\u00a0\u00bb, Visite-atelier \u00ab\u00a0Envoyez les couleurs\u00a0\u00bb<\/li>\n<\/ul>\n<\/div><\/section>\n<\/div>\n\n\n\n<div class=\"wp-block-column is-layout-flow wp-block-column-is-layout-flow\" style=\"flex-basis:50%\">\n<section class=\"wp-block-uagb-section uagb-section__wrap uagb-section__background-color uagb-block-80e3c9b6\"><div class=\"uagb-section__overlay\"><\/div><div class=\"uagb-section__inner-wrap\">\n<h2 class=\"wp-block-heading has-text-align-center\">Things to see and do in the Trocadero district<\/h2>\n\n\n\n<ul class=\"wp-block-list\">\n<li><a href=\"https:\/\/www.tiqets.com\/fr\/activites-attractions-paris-c66746\/billets-pour-tour-eiffel-acces-au-2e-etage-audioguide-p977283\/?partner=Familinparis&amp;tq_campaign=bouton-tour-eiffel\" target=\"_blank\" rel=\"noreferrer noopener sponsored nofollow\">The Eiffel Tower<\/a><\/li>\n\n\n\n<li>Madame Brasserie: <a href=\"https:\/\/www.tiqets.com\/fr\/activites-attractions-paris-c66746\/billets-pour-tour-eiffel-dejeuner-a-la-brasserie-madame-p1059466\/?partner=familinparis&amp;tq_campaign=bouton-madame-brasserie\" target=\"_blank\" rel=\"noreferrer noopener sponsored nofollow\">Lunch at the Eiffel Tower<\/a><\/li>\n\n\n\n<li>Madame Brasserie: <a href=\"https:\/\/www.tiqets.com\/fr\/activites-attractions-paris-c66746\/billets-pour-tour-eiffel-diner-a-la-brasserie-madame-p1059467\/?partner=familinparis&amp;tq_campaign=bouton-madame-brasserie\" target=\"_blank\" rel=\"noreferrer noopener sponsored nofollow\">Dinner at the Eiffel Tower<\/a><\/li>\n\n\n\n<li>Mus\u00e9e de l&#8217;Homme &#8211; <a href=\"https:\/\/www.tiqets.com\/widgets\/booking_engine\/checkout\/976405\/booking_details\/?partner=familinparis&amp;tq_campaign=bouton-migration-musee-de-l-homme&amp;return_url=%2Fwidgets%2Fbooking_engine%2Fcheckout%2Fwidget_basket_status%2F\" target=\"_blank\" rel=\"noreferrer noopener sponsored nofollow\">Exhibition &#8220;Migrations<\/a>&#8221;  <\/li>\n\n\n\n<li>Mus\u00e9e de <a href=\"https:\/\/www.tiqets.com\/fr\/activites-attractions-paris-c66746\/billets-pour-musee-de-lhomme-billet-coupe-file-p976405\/?partner=familinparis&amp;tq_campaign=bouton-musee-de-l-homme\" target=\"_blank\" rel=\"noreferrer noopener sponsored nofollow\">l&#8217;Homme &#8211; permanent collections<\/a><\/li>\n\n\n\n<li><a href=\"https:\/\/billetterie.guimet.fr\/fr-FR\/accueil\" target=\"_blank\" rel=\"noreferrer noopener sponsored nofollow\">Guimet Museum<\/a><\/li>\n\n\n\n<li><a href=\"https:\/\/www.tiqets.com\/fr\/activites-attractions-paris-c66746\/billets-pour-cite-de-l-architecture-et-du-patrimoine-billet-coupe-file-p1008993\/?partner=familinparis&amp;tq_campaign=bouton-cite-de-l-architecture\">The City of Architecture and Heritage<\/a><\/li>\n\n\n\n<li><a href=\"https:\/\/www.tiqets.com\/fr\/activites-attractions-paris-c66746\/billets-pour-musee-yves-saint-laurent-paris-billet-d-entree-p975272\/?partner=Familinparis&amp;tq_campaign=bouton-gold-yves-saint-laurent\" target=\"_blank\" rel=\"noreferrer noopener sponsored nofollow\">Yves Saint-Laurent Museum<\/a><\/li>\n\n\n\n<li><a href=\"https:\/\/www.tiqets.com\/fr\/activites-attractions-paris-c66746\/billets-pour-cite-de-l-architecture-et-du-patrimoine-billet-coupe-file-p1008993\/?partner=familinparis&amp;tq_campaign=bouton-cite-de-l-architecture\"><\/a>Paris by night: <a href=\"https:\/\/www.familinparis.fr\/en\/paris-by-night-a-cruise-on-the-seine-with-the-bateaux-parisiens\/\">a cruise on the Seine<\/a> with the Bateaux Parisiens  <\/li>\n<\/ul>\n<\/div><\/section>\n\n\n\n<div style=\"height:19px\" aria-hidden=\"true\" class=\"wp-block-spacer\"><\/div>\n\n\n<div class=\"lazyblock-etiquettes-2sDt8T wp-block-lazyblock-etiquettes\"><div class=\"labels__fam\">\n        <a href=\"\/theatre-enfant\/\" class=\"labels__fam-color-yellow labels__fam-radius-rounded\">\n        The theatre      <\/a>\n        <a href=\"\/experience-immersive-paris\/\" class=\"labels__fam-color-lightBlue labels__fam-radius-rounded\">\n        Immersive experiences      <\/a>\n        <a href=\"\/spectacle-magie-enfant\/\" class=\"labels__fam-color-green labels__fam-radius-rounded\">\n        The magic      <\/a>\n  <\/div><\/div><\/div>\n<\/div>\n\n<div style=\"height:25px\" aria-hidden=\"true\" class=\"wp-block-spacer\"><\/div>\n\n<figure class=\"wp-block-embed is-type-video is-provider-youtube wp-block-embed-youtube wp-embed-aspect-16-9 wp-has-aspect-ratio\"><div class=\"wp-block-embed__wrapper\"> \n<iframe title=\"En solitaire autour du monde\" width=\"770\" height=\"433\" src=\"https:\/\/www.youtube.com\/embed\/SLtbU0ydGmU?feature=oembed\" frameborder=\"0\" allow=\"accelerometer; autoplay; clipboard-write; encrypted-media; gyroscope; picture-in-picture; web-share\" referrerpolicy=\"strict-origin-when-cross-origin\" allowfullscreen><\/iframe>\n <\/div><figcaption class=\"wp-element-caption\">Exhibition &#8220;Solo Around the World&#8221; &#8211; Mus\u00e9e de la Marine &#8211; Paris<\/figcaption><\/figure>\n\n<div style=\"height:20px\" aria-hidden=\"true\" class=\"wp-block-spacer\"><\/div>\n<div class=\"lazyblock-grids-Z1YRSvF wp-block-lazyblock-grids\"><div class=\"row new-grids grids-style-2\">\n        <div class=\"col-12 grid-title\">\n        <h2 class=\"c-blue\">February holidays<\/h2>\n\n            <\/div>\n        \n    <div class=\"col-12 grids columns-4\">\n        \n\n<div class=\"grid\">\n\t<a href=\"https:\/\/www.familinparis.fr\/en\/the-paris-sewer-museum\/\" target=\"_self\">\n\t    <div class=\"image\" style=\"background-image:url('https:\/\/www.familinparis.fr\/wp-content\/uploads\/Mus\u00e9es\/Musee-des-egouts\/musee-des-egouts-paris@Olivier.Placet-564x282.jpg')\">\n\t    \t\t    \t<div class=\"dateOnImg\">Du mardi au dimanche<\/div>\n\t    \t\t\t\t\t    <\/div>\n\t    <div class=\"texte\">\n\t        <h5>Pont de l\u2019Alma (Paris 7\u00e8me)<\/h5>\n\t        <h3>The Sewer Museum<\/h3>\n\t        <div class=\"tags\">\n\t        \t\t        \t\t<span>D\u00e8s 7-8 ans<\/span>\n\t        \t\t        \t<span>1h<\/span>\n\t        <\/div>\n\t        <div class=\"bas\">\n        \t\t<div class=\"prix\">\n        \t\t\t\t        \t\t\t<span>From<\/span>\n\t        \t\t\t<span class=\"\">9\u20ac<\/span>\n\t        \t\t\t\t        \t\t        \t\t<\/div>\n            \t<div class=\"review-stars\" data-productId=\"\">\n            \t<\/div>\n\t        <\/div>\n\t    <\/div>\n\t<\/a>\n<\/div>\n\n<div class=\"grid\">\n\t<a href=\"https:\/\/www.familinparis.fr\/en\/the-masterpieces-of-the-louvre-explained-to-children\/\" target=\"_self\">\n\t    <div class=\"image\" style=\"background-image:url('https:\/\/www.familinparis.fr\/wp-content\/uploads\/photos-partenaires\/jeu-de-piste\/mission-anniversaire-grece-au-louvre-1500x676-1-564x282.jpg')\">\n\t    \t\t    \t<div class=\"dateOnImg\">French tour only<\/div>\n\t    \t\t\t\t\t    <\/div>\n\t    <div class=\"texte\">\n\t        <h5>At the Louvre Museum<\/h5>\n\t        <h3>The masterpieces of the Louvre explained to children<\/h3>\n\t        <div class=\"tags\">\n\t        \t\t        \t\t<span>From 7 years old<\/span>\n\t        \t\t        \t<span>1h30<\/span>\n\t        <\/div>\n\t        <div class=\"bas\">\n        \t\t<div class=\"prix\">\n        \t\t\t        \t\t<\/div>\n            \t<div class=\"review-stars\" data-productId=\"143\">\n            \t<\/div>\n\t        <\/div>\n\t    <\/div>\n\t<\/a>\n<\/div>\n\n<div class=\"grid\">\n\t<a href=\"https:\/\/www.familinparis.fr\/en\/the-heroes-of-mythology-at-the-tuileries-visit-treasure-hunt\/\" target=\"_self\">\n\t    <div class=\"image\" style=\"background-image:url('https:\/\/www.familinparis.fr\/wp-content\/uploads\/photos-partenaires\/visite-guidee\/heros-de-la-mythologie-tuileries-ludo-et-sophie-564x282.jpg')\">\n\t    \t\t    \t<div class=\"dateOnImg\">Multiple dates<\/div>\n\t    \t\t\t\t\t    <\/div>\n\t    <div class=\"texte\">\n\t        <h5>At the Tuileries (Paris 1st)<\/h5>\n\t        <h3>The heroes of Mythology at the Tuileries (visit-treasure hunt)<\/h3>\n\t        <div class=\"tags\">\n\t        \t\t        \t\t<span>6-12 years old<\/span>\n\t        \t\t        \t<span>1h30<\/span>\n\t        <\/div>\n\t        <div class=\"bas\">\n        \t\t<div class=\"prix\">\n        \t\t\t\t        \t\t\t<span>From<\/span>\n\t        \t\t\t<span class=\"\">18\u20ac<\/span>\n\t        \t\t\t\t        \t\t        \t\t<\/div>\n            \t<div class=\"review-stars\" data-productId=\"158\">\n            \t<\/div>\n\t        <\/div>\n\t    <\/div>\n\t<\/a>\n<\/div>\n\n<div class=\"grid\">\n\t<a href=\"https:\/\/www.familinparis.fr\/en\/chantilly-cooking-class\/\" target=\"_self\">\n\t    <div class=\"image\" style=\"background-image:url('https:\/\/www.familinparis.fr\/wp-content\/uploads\/2025\/01\/\u00a9atelierdelachantilly2025-9-564x282.jpg')\">\n\t    \t\t    \t<div class=\"dateOnImg\">du mardi au samedi<\/div>\n\t    \t\t\t\t\t    <\/div>\n\t    <div class=\"texte\">\n\t        <h5>L&#8217;Atelier de la Chantilly<\/h5>\n\t        <h3>Chantilly workshop: the musical battle<\/h3>\n\t        <div class=\"tags\">\n\t        \t\t        \t\t<span>Pour tous d\u00e8s 7 ans <\/span>\n\t        \t\t        \t<span>de 45 min \u00e0 1h30<\/span>\n\t        <\/div>\n\t        <div class=\"bas\">\n        \t\t<div class=\"prix\">\n        \t\t\t        \t\t<\/div>\n            \t<div class=\"review-stars\" data-productId=\"238\">\n            \t<\/div>\n\t        <\/div>\n\t    <\/div>\n\t<\/a>\n<\/div>    <\/div>\n\n            <div class=\"col-12 t-center m-b-20\">\n            <div class=\"labels__fam\">\n                                    <a href=\"\/visite-paris-en-deux-jours\/\" class=\"labels__fam-color-secondary labels__fam-radius-rounded\">\n                        Paris in 2 days                    <\/a>\n                                    <a href=\"\/visite-paris-en-3-jours\/\" class=\"labels__fam-color-secondary labels__fam-radius-rounded\">\n                        Paris in 3 days                    <\/a>\n                                    <a href=\"\/visite-paris-5-ou-6-jours\/\" class=\"labels__fam-color-secondary labels__fam-radius-rounded\">\n                        Paris in 5 days                    <\/a>\n                            <\/div>\n        <\/div>\n    \n    \n\n<\/div>\n<\/div>\n<div style=\"height:23px\" aria-hidden=\"true\" class=\"wp-block-spacer\"><\/div>\n\n<div class=\"wp-block-buttons m-b-20 is-content-justification-center is-layout-flex wp-container-core-buttons-is-layout-16018d1d wp-block-buttons-is-layout-flex\">\n<div class=\"wp-block-button\"><a class=\"wp-block-button__link has-white-color has-text-color has-background wp-element-button\" href=\"https:\/\/www.familinparis.fr\/en\/reduced-price-family-offer\/\" style=\"background-color:#00809b\">Paris at a reduced rate: all our good deals<\/a><\/div>\n<\/div>\n\n<div style=\"height:22px\" aria-hidden=\"true\" class=\"wp-block-spacer\"><\/div>\n","protected":false},"excerpt":{"rendered":"<p>Extended until March 2, 2025<\/p>\n","protected":false},"author":12,"featured_media":141293,"comment_status":"open","ping_status":"open","sticky":false,"template":"","format":"standard","meta":{"_uag_custom_page_level_css":"","footnotes":""},"categories":[1035],"tags":[1408],"class_list":{"0":"post-141455","1":"post","2":"type-post","3":"status-publish","4":"format-standard","5":"has-post-thumbnail","7":"category-archives","8":"tag-exhibition-archives"},"yoast_head":"<!-- This site is optimized with the Yoast SEO plugin v27.2 - https:\/\/yoast.com\/product\/yoast-seo-wordpress\/ -->\n<title>Solo Around the World at the Maritime Museum | EXPO<\/title>\n<meta name=\"description\" content=\"From 6 years old. &quot;En solitaire autour du monde&quot; an exhibition on the Vend\u00e9e Globe, the mythical solo sailing race. With the family, (Paris 16th)\" \/>\n<meta name=\"robots\" content=\"index, follow, max-snippet:-1, max-image-preview:large, max-video-preview:-1\" \/>\n<link rel=\"canonical\" href=\"https:\/\/www.familinparis.fr\/en\/vendee-globe-exhibition-musee-de-la-marine\/\" \/>\n<meta property=\"og:locale\" content=\"en_US\" \/>\n<meta property=\"og:type\" content=\"article\" \/>\n<meta property=\"og:title\" content=\"Solo Around the World at the Maritime Museum | EXPO\" \/>\n<meta property=\"og:description\" content=\"From 6 years old. &quot;En solitaire autour du monde&quot; an exhibition on the Vend\u00e9e Globe, the mythical solo sailing race. With the family, (Paris 16th)\" \/>\n<meta property=\"og:url\" content=\"https:\/\/www.familinparis.fr\/en\/vendee-globe-exhibition-musee-de-la-marine\/\" \/>\n<meta property=\"og:site_name\" content=\"Familin&#039;Paris\" \/>\n<meta property=\"article:published_time\" content=\"2025-01-18T21:31:23+00:00\" \/>\n<meta property=\"article:modified_time\" content=\"2026-01-29T15:22:47+00:00\" \/>\n<meta property=\"og:image\" content=\"https:\/\/www.familinparis.fr\/wp-content\/uploads\/2025\/01\/Exposition-en-solitaire-autour-du-monde-musee-de-la-marine-2024-2025.jpeg\" \/>\n\t<meta property=\"og:image:width\" content=\"624\" \/>\n\t<meta property=\"og:image:height\" content=\"870\" \/>\n\t<meta property=\"og:image:type\" content=\"image\/jpeg\" \/>\n<meta name=\"author\" content=\"Magali\" \/>\n<meta name=\"twitter:card\" content=\"summary_large_image\" \/>\n<meta name=\"twitter:label1\" content=\"Written by\" \/>\n\t<meta name=\"twitter:data1\" content=\"Magali\" \/>\n\t<meta name=\"twitter:label2\" content=\"Est. reading time\" \/>\n\t<meta name=\"twitter:data2\" content=\"4 minutes\" \/>\n<script type=\"application\/ld+json\" class=\"yoast-schema-graph\">{\"@context\":\"https:\/\/schema.org\",\"@graph\":[{\"@type\":\"Article\",\"@id\":\"https:\/\/www.familinparis.fr\/en\/vendee-globe-exhibition-musee-de-la-marine\/#article\",\"isPartOf\":{\"@id\":\"https:\/\/www.familinparis.fr\/en\/vendee-globe-exhibition-musee-de-la-marine\/\"},\"author\":{\"name\":\"Magali\",\"@id\":\"https:\/\/www.familinparis.fr\/en\/#\/schema\/person\/76ad1a7946173a69e7244f034bfcbca6\"},\"headline\":\"Solo around the world, at the Mus\u00e9e de la Marine\",\"datePublished\":\"2025-01-18T21:31:23+00:00\",\"dateModified\":\"2026-01-29T15:22:47+00:00\",\"mainEntityOfPage\":{\"@id\":\"https:\/\/www.familinparis.fr\/en\/vendee-globe-exhibition-musee-de-la-marine\/\"},\"wordCount\":873,\"commentCount\":0,\"image\":{\"@id\":\"https:\/\/www.familinparis.fr\/en\/vendee-globe-exhibition-musee-de-la-marine\/#primaryimage\"},\"thumbnailUrl\":\"https:\/\/www.familinparis.fr\/wp-content\/uploads\/2025\/01\/Exposition-en-solitaire-autour-du-monde-musee-de-la-marine-2024-2025.jpeg\",\"keywords\":[\"Exhibition archives\"],\"articleSection\":[\"Archives\"],\"inLanguage\":\"en-US\",\"potentialAction\":[{\"@type\":\"CommentAction\",\"name\":\"Comment\",\"target\":[\"https:\/\/www.familinparis.fr\/en\/vendee-globe-exhibition-musee-de-la-marine\/#respond\"]}]},{\"@type\":\"WebPage\",\"@id\":\"https:\/\/www.familinparis.fr\/en\/vendee-globe-exhibition-musee-de-la-marine\/\",\"url\":\"https:\/\/www.familinparis.fr\/en\/vendee-globe-exhibition-musee-de-la-marine\/\",\"name\":\"Solo Around the World at the Maritime Museum | EXPO\",\"isPartOf\":{\"@id\":\"https:\/\/www.familinparis.fr\/en\/#website\"},\"primaryImageOfPage\":{\"@id\":\"https:\/\/www.familinparis.fr\/en\/vendee-globe-exhibition-musee-de-la-marine\/#primaryimage\"},\"image\":{\"@id\":\"https:\/\/www.familinparis.fr\/en\/vendee-globe-exhibition-musee-de-la-marine\/#primaryimage\"},\"thumbnailUrl\":\"https:\/\/www.familinparis.fr\/wp-content\/uploads\/2025\/01\/Exposition-en-solitaire-autour-du-monde-musee-de-la-marine-2024-2025.jpeg\",\"datePublished\":\"2025-01-18T21:31:23+00:00\",\"dateModified\":\"2026-01-29T15:22:47+00:00\",\"author\":{\"@id\":\"https:\/\/www.familinparis.fr\/en\/#\/schema\/person\/76ad1a7946173a69e7244f034bfcbca6\"},\"description\":\"From 6 years old. \\\"En solitaire autour du monde\\\" an exhibition on the Vend\u00e9e Globe, the mythical solo sailing race. With the family, (Paris 16th)\",\"breadcrumb\":{\"@id\":\"https:\/\/www.familinparis.fr\/en\/vendee-globe-exhibition-musee-de-la-marine\/#breadcrumb\"},\"inLanguage\":\"en-US\",\"potentialAction\":[{\"@type\":\"ReadAction\",\"target\":[\"https:\/\/www.familinparis.fr\/en\/vendee-globe-exhibition-musee-de-la-marine\/\"]}]},{\"@type\":\"ImageObject\",\"inLanguage\":\"en-US\",\"@id\":\"https:\/\/www.familinparis.fr\/en\/vendee-globe-exhibition-musee-de-la-marine\/#primaryimage\",\"url\":\"https:\/\/www.familinparis.fr\/wp-content\/uploads\/2025\/01\/Exposition-en-solitaire-autour-du-monde-musee-de-la-marine-2024-2025.jpeg\",\"contentUrl\":\"https:\/\/www.familinparis.fr\/wp-content\/uploads\/2025\/01\/Exposition-en-solitaire-autour-du-monde-musee-de-la-marine-2024-2025.jpeg\",\"width\":624,\"height\":870,\"caption\":\"Exposition \\\"En solitaire autour du monde\\\" au Mus\u00e9e de la Marine 2024-2025\"},{\"@type\":\"BreadcrumbList\",\"@id\":\"https:\/\/www.familinparis.fr\/en\/vendee-globe-exhibition-musee-de-la-marine\/#breadcrumb\",\"itemListElement\":[{\"@type\":\"ListItem\",\"position\":1,\"name\":\"Home\",\"item\":\"https:\/\/www.familinparis.fr\/en\/\"},{\"@type\":\"ListItem\",\"position\":2,\"name\":\"Archives\",\"item\":\"https:\/\/www.familinparis.fr\/en\/categorie\/archives-en\/\"},{\"@type\":\"ListItem\",\"position\":3,\"name\":\"Solo around the world, at the Mus\u00e9e de la Marine\"}]},{\"@type\":\"WebSite\",\"@id\":\"https:\/\/www.familinparis.fr\/en\/#website\",\"url\":\"https:\/\/www.familinparis.fr\/en\/\",\"name\":\"Familin&#039;Paris\",\"description\":\"Visiter le meilleur de Paris avec des enfants : sorties, spectacles, adresses de restaurants, shopping, bons plans...\",\"potentialAction\":[{\"@type\":\"SearchAction\",\"target\":{\"@type\":\"EntryPoint\",\"urlTemplate\":\"https:\/\/www.familinparis.fr\/en\/?s={search_term_string}\"},\"query-input\":{\"@type\":\"PropertyValueSpecification\",\"valueRequired\":true,\"valueName\":\"search_term_string\"}}],\"inLanguage\":\"en-US\"},{\"@type\":\"Person\",\"@id\":\"https:\/\/www.familinparis.fr\/en\/#\/schema\/person\/76ad1a7946173a69e7244f034bfcbca6\",\"name\":\"Magali\",\"image\":{\"@type\":\"ImageObject\",\"inLanguage\":\"en-US\",\"@id\":\"https:\/\/secure.gravatar.com\/avatar\/5784aec9c0ccc7e91e71b0573d0870889e43807ad8b24908c501df25e58fa11a?s=96&d=identicon&r=g\",\"url\":\"https:\/\/secure.gravatar.com\/avatar\/5784aec9c0ccc7e91e71b0573d0870889e43807ad8b24908c501df25e58fa11a?s=96&d=identicon&r=g\",\"contentUrl\":\"https:\/\/secure.gravatar.com\/avatar\/5784aec9c0ccc7e91e71b0573d0870889e43807ad8b24908c501df25e58fa11a?s=96&d=identicon&r=g\",\"caption\":\"Magali\"}}]}<\/script>\n<!-- \/ Yoast SEO plugin. -->","yoast_head_json":{"title":"Solo Around the World at the Maritime Museum | EXPO","description":"From 6 years old. \"En solitaire autour du monde\" an exhibition on the Vend\u00e9e Globe, the mythical solo sailing race. With the family, (Paris 16th)","robots":{"index":"index","follow":"follow","max-snippet":"max-snippet:-1","max-image-preview":"max-image-preview:large","max-video-preview":"max-video-preview:-1"},"canonical":"https:\/\/www.familinparis.fr\/en\/vendee-globe-exhibition-musee-de-la-marine\/","og_locale":"en_US","og_type":"article","og_title":"Solo Around the World at the Maritime Museum | EXPO","og_description":"From 6 years old. \"En solitaire autour du monde\" an exhibition on the Vend\u00e9e Globe, the mythical solo sailing race. With the family, (Paris 16th)","og_url":"https:\/\/www.familinparis.fr\/en\/vendee-globe-exhibition-musee-de-la-marine\/","og_site_name":"Familin&#039;Paris","article_published_time":"2025-01-18T21:31:23+00:00","article_modified_time":"2026-01-29T15:22:47+00:00","og_image":[{"width":624,"height":870,"url":"https:\/\/www.familinparis.fr\/wp-content\/uploads\/2025\/01\/Exposition-en-solitaire-autour-du-monde-musee-de-la-marine-2024-2025.jpeg","type":"image\/jpeg"}],"author":"Magali","twitter_card":"summary_large_image","twitter_misc":{"Written by":"Magali","Est. reading time":"4 minutes"},"schema":{"@context":"https:\/\/schema.org","@graph":[{"@type":"Article","@id":"https:\/\/www.familinparis.fr\/en\/vendee-globe-exhibition-musee-de-la-marine\/#article","isPartOf":{"@id":"https:\/\/www.familinparis.fr\/en\/vendee-globe-exhibition-musee-de-la-marine\/"},"author":{"name":"Magali","@id":"https:\/\/www.familinparis.fr\/en\/#\/schema\/person\/76ad1a7946173a69e7244f034bfcbca6"},"headline":"Solo around the world, at the Mus\u00e9e de la Marine","datePublished":"2025-01-18T21:31:23+00:00","dateModified":"2026-01-29T15:22:47+00:00","mainEntityOfPage":{"@id":"https:\/\/www.familinparis.fr\/en\/vendee-globe-exhibition-musee-de-la-marine\/"},"wordCount":873,"commentCount":0,"image":{"@id":"https:\/\/www.familinparis.fr\/en\/vendee-globe-exhibition-musee-de-la-marine\/#primaryimage"},"thumbnailUrl":"https:\/\/www.familinparis.fr\/wp-content\/uploads\/2025\/01\/Exposition-en-solitaire-autour-du-monde-musee-de-la-marine-2024-2025.jpeg","keywords":["Exhibition archives"],"articleSection":["Archives"],"inLanguage":"en-US","potentialAction":[{"@type":"CommentAction","name":"Comment","target":["https:\/\/www.familinparis.fr\/en\/vendee-globe-exhibition-musee-de-la-marine\/#respond"]}]},{"@type":"WebPage","@id":"https:\/\/www.familinparis.fr\/en\/vendee-globe-exhibition-musee-de-la-marine\/","url":"https:\/\/www.familinparis.fr\/en\/vendee-globe-exhibition-musee-de-la-marine\/","name":"Solo Around the World at the Maritime Museum | EXPO","isPartOf":{"@id":"https:\/\/www.familinparis.fr\/en\/#website"},"primaryImageOfPage":{"@id":"https:\/\/www.familinparis.fr\/en\/vendee-globe-exhibition-musee-de-la-marine\/#primaryimage"},"image":{"@id":"https:\/\/www.familinparis.fr\/en\/vendee-globe-exhibition-musee-de-la-marine\/#primaryimage"},"thumbnailUrl":"https:\/\/www.familinparis.fr\/wp-content\/uploads\/2025\/01\/Exposition-en-solitaire-autour-du-monde-musee-de-la-marine-2024-2025.jpeg","datePublished":"2025-01-18T21:31:23+00:00","dateModified":"2026-01-29T15:22:47+00:00","author":{"@id":"https:\/\/www.familinparis.fr\/en\/#\/schema\/person\/76ad1a7946173a69e7244f034bfcbca6"},"description":"From 6 years old. \"En solitaire autour du monde\" an exhibition on the Vend\u00e9e Globe, the mythical solo sailing race. With the family, (Paris 16th)","breadcrumb":{"@id":"https:\/\/www.familinparis.fr\/en\/vendee-globe-exhibition-musee-de-la-marine\/#breadcrumb"},"inLanguage":"en-US","potentialAction":[{"@type":"ReadAction","target":["https:\/\/www.familinparis.fr\/en\/vendee-globe-exhibition-musee-de-la-marine\/"]}]},{"@type":"ImageObject","inLanguage":"en-US","@id":"https:\/\/www.familinparis.fr\/en\/vendee-globe-exhibition-musee-de-la-marine\/#primaryimage","url":"https:\/\/www.familinparis.fr\/wp-content\/uploads\/2025\/01\/Exposition-en-solitaire-autour-du-monde-musee-de-la-marine-2024-2025.jpeg","contentUrl":"https:\/\/www.familinparis.fr\/wp-content\/uploads\/2025\/01\/Exposition-en-solitaire-autour-du-monde-musee-de-la-marine-2024-2025.jpeg","width":624,"height":870,"caption":"Exposition \"En solitaire autour du monde\" au Mus\u00e9e de la Marine 2024-2025"},{"@type":"BreadcrumbList","@id":"https:\/\/www.familinparis.fr\/en\/vendee-globe-exhibition-musee-de-la-marine\/#breadcrumb","itemListElement":[{"@type":"ListItem","position":1,"name":"Home","item":"https:\/\/www.familinparis.fr\/en\/"},{"@type":"ListItem","position":2,"name":"Archives","item":"https:\/\/www.familinparis.fr\/en\/categorie\/archives-en\/"},{"@type":"ListItem","position":3,"name":"Solo around the world, at the Mus\u00e9e de la Marine"}]},{"@type":"WebSite","@id":"https:\/\/www.familinparis.fr\/en\/#website","url":"https:\/\/www.familinparis.fr\/en\/","name":"Familin&#039;Paris","description":"Visiter le meilleur de Paris avec des enfants : sorties, spectacles, adresses de restaurants, shopping, bons plans...","potentialAction":[{"@type":"SearchAction","target":{"@type":"EntryPoint","urlTemplate":"https:\/\/www.familinparis.fr\/en\/?s={search_term_string}"},"query-input":{"@type":"PropertyValueSpecification","valueRequired":true,"valueName":"search_term_string"}}],"inLanguage":"en-US"},{"@type":"Person","@id":"https:\/\/www.familinparis.fr\/en\/#\/schema\/person\/76ad1a7946173a69e7244f034bfcbca6","name":"Magali","image":{"@type":"ImageObject","inLanguage":"en-US","@id":"https:\/\/secure.gravatar.com\/avatar\/5784aec9c0ccc7e91e71b0573d0870889e43807ad8b24908c501df25e58fa11a?s=96&d=identicon&r=g","url":"https:\/\/secure.gravatar.com\/avatar\/5784aec9c0ccc7e91e71b0573d0870889e43807ad8b24908c501df25e58fa11a?s=96&d=identicon&r=g","contentUrl":"https:\/\/secure.gravatar.com\/avatar\/5784aec9c0ccc7e91e71b0573d0870889e43807ad8b24908c501df25e58fa11a?s=96&d=identicon&r=g","caption":"Magali"}}]}},"uagb_featured_image_src":{"full":["https:\/\/www.familinparis.fr\/wp-content\/uploads\/2025\/01\/Exposition-en-solitaire-autour-du-monde-musee-de-la-marine-2024-2025.jpeg",624,870,false],"thumbnail":["https:\/\/www.familinparis.fr\/wp-content\/uploads\/2025\/01\/Exposition-en-solitaire-autour-du-monde-musee-de-la-marine-2024-2025-150x150.jpeg",150,150,true],"medium":["https:\/\/www.familinparis.fr\/wp-content\/uploads\/2025\/01\/Exposition-en-solitaire-autour-du-monde-musee-de-la-marine-2024-2025-215x300.jpeg",215,300,true],"medium_large":["https:\/\/www.familinparis.fr\/wp-content\/uploads\/2025\/01\/Exposition-en-solitaire-autour-du-monde-musee-de-la-marine-2024-2025.jpeg",624,870,false],"large":["https:\/\/www.familinparis.fr\/wp-content\/uploads\/2025\/01\/Exposition-en-solitaire-autour-du-monde-musee-de-la-marine-2024-2025.jpeg",624,870,false],"1536x1536":["https:\/\/www.familinparis.fr\/wp-content\/uploads\/2025\/01\/Exposition-en-solitaire-autour-du-monde-musee-de-la-marine-2024-2025.jpeg",624,870,false],"2048x2048":["https:\/\/www.familinparis.fr\/wp-content\/uploads\/2025\/01\/Exposition-en-solitaire-autour-du-monde-musee-de-la-marine-2024-2025.jpeg",624,870,false],"home-thumb":["https:\/\/www.familinparis.fr\/wp-content\/uploads\/2025\/01\/Exposition-en-solitaire-autour-du-monde-musee-de-la-marine-2024-2025-524x730.jpeg",524,730,true],"home-slider":["https:\/\/www.familinparis.fr\/wp-content\/uploads\/2025\/01\/Exposition-en-solitaire-autour-du-monde-musee-de-la-marine-2024-2025-624x600.jpeg",624,600,true],"lightbox-slider-size":["https:\/\/www.familinparis.fr\/wp-content\/uploads\/2025\/01\/Exposition-en-solitaire-autour-du-monde-musee-de-la-marine-2024-2025-564x282.jpeg",564,282,true],"post-thumbnail":["https:\/\/www.familinparis.fr\/wp-content\/uploads\/2025\/01\/Exposition-en-solitaire-autour-du-monde-musee-de-la-marine-2024-2025-270x180.jpeg",270,180,true],"cheerup-main":["https:\/\/www.familinparis.fr\/wp-content\/uploads\/2025\/01\/Exposition-en-solitaire-autour-du-monde-musee-de-la-marine-2024-2025-624x400.jpeg",624,400,true],"cheerup-main-full":["https:\/\/www.familinparis.fr\/wp-content\/uploads\/2025\/01\/Exposition-en-solitaire-autour-du-monde-musee-de-la-marine-2024-2025-624x508.jpeg",624,508,true],"cheerup-slider-alt":["https:\/\/www.familinparis.fr\/wp-content\/uploads\/2025\/01\/Exposition-en-solitaire-autour-du-monde-musee-de-la-marine-2024-2025-624x508.jpeg",624,508,true],"cheerup-slider-trendy":["https:\/\/www.familinparis.fr\/wp-content\/uploads\/2025\/01\/Exposition-en-solitaire-autour-du-monde-musee-de-la-marine-2024-2025-624x508.jpeg",624,508,true],"cheerup-slider-stylish":["https:\/\/www.familinparis.fr\/wp-content\/uploads\/2025\/01\/Exposition-en-solitaire-autour-du-monde-musee-de-la-marine-2024-2025-624x515.jpeg",624,515,true],"cheerup-slider-grid":["https:\/\/www.familinparis.fr\/wp-content\/uploads\/2025\/01\/Exposition-en-solitaire-autour-du-monde-musee-de-la-marine-2024-2025-624x600.jpeg",624,600,true],"cheerup-slider-grid-sm":["https:\/\/www.familinparis.fr\/wp-content\/uploads\/2025\/01\/Exposition-en-solitaire-autour-du-monde-musee-de-la-marine-2024-2025-300x300.jpeg",300,300,true],"cheerup-slider-carousel":["https:\/\/www.familinparis.fr\/wp-content\/uploads\/2025\/01\/Exposition-en-solitaire-autour-du-monde-musee-de-la-marine-2024-2025-370x370.jpeg",370,370,true],"cheerup-slider-grid-b":["https:\/\/www.familinparis.fr\/wp-content\/uploads\/2025\/01\/Exposition-en-solitaire-autour-du-monde-musee-de-la-marine-2024-2025-554x466.jpeg",554,466,true],"cheerup-slider-grid-b-sm":["https:\/\/www.familinparis.fr\/wp-content\/uploads\/2025\/01\/Exposition-en-solitaire-autour-du-monde-musee-de-la-marine-2024-2025-306x466.jpeg",306,466,true],"cheerup-slider-bold-sm":["https:\/\/www.familinparis.fr\/wp-content\/uploads\/2025\/01\/Exposition-en-solitaire-autour-du-monde-musee-de-la-marine-2024-2025-150x150.jpeg",150,150,true],"cheerup-grid":["https:\/\/www.familinparis.fr\/wp-content\/uploads\/2025\/01\/Exposition-en-solitaire-autour-du-monde-musee-de-la-marine-2024-2025-370x285.jpeg",370,285,true],"cheerup-carousel":["https:\/\/www.familinparis.fr\/wp-content\/uploads\/2025\/01\/Exposition-en-solitaire-autour-du-monde-musee-de-la-marine-2024-2025-270x180.jpeg",270,180,true],"cheerup-carousel-b":["https:\/\/www.familinparis.fr\/wp-content\/uploads\/2025\/01\/Exposition-en-solitaire-autour-du-monde-musee-de-la-marine-2024-2025-370x285.jpeg",370,285,true],"cheerup-list":["https:\/\/www.familinparis.fr\/wp-content\/uploads\/2025\/01\/Exposition-en-solitaire-autour-du-monde-musee-de-la-marine-2024-2025-260x200.jpeg",260,200,true],"cheerup-list-b":["https:\/\/www.familinparis.fr\/wp-content\/uploads\/2025\/01\/Exposition-en-solitaire-autour-du-monde-musee-de-la-marine-2024-2025-370x305.jpeg",370,305,true],"cheerup-thumb":["https:\/\/www.familinparis.fr\/wp-content\/uploads\/2025\/01\/Exposition-en-solitaire-autour-du-monde-musee-de-la-marine-2024-2025-87x67.jpeg",87,67,true],"cheerup-thumb-alt":["https:\/\/www.familinparis.fr\/wp-content\/uploads\/2025\/01\/Exposition-en-solitaire-autour-du-monde-musee-de-la-marine-2024-2025-150x150.jpeg",150,150,true]},"uagb_author_info":{"display_name":"Magali","author_link":"https:\/\/www.familinparis.fr\/en\/author\/tapuscrit\/"},"uagb_comment_info":0,"uagb_excerpt":"Extended until March 2, 2025","_links":{"self":[{"href":"https:\/\/www.familinparis.fr\/en\/wp-json\/wp\/v2\/posts\/141455","targetHints":{"allow":["GET"]}}],"collection":[{"href":"https:\/\/www.familinparis.fr\/en\/wp-json\/wp\/v2\/posts"}],"about":[{"href":"https:\/\/www.familinparis.fr\/en\/wp-json\/wp\/v2\/types\/post"}],"author":[{"embeddable":true,"href":"https:\/\/www.familinparis.fr\/en\/wp-json\/wp\/v2\/users\/12"}],"replies":[{"embeddable":true,"href":"https:\/\/www.familinparis.fr\/en\/wp-json\/wp\/v2\/comments?post=141455"}],"version-history":[{"count":0,"href":"https:\/\/www.familinparis.fr\/en\/wp-json\/wp\/v2\/posts\/141455\/revisions"}],"wp:featuredmedia":[{"embeddable":true,"href":"https:\/\/www.familinparis.fr\/en\/wp-json\/wp\/v2\/media\/141293"}],"wp:attachment":[{"href":"https:\/\/www.familinparis.fr\/en\/wp-json\/wp\/v2\/media?parent=141455"}],"wp:term":[{"taxonomy":"category","embeddable":true,"href":"https:\/\/www.familinparis.fr\/en\/wp-json\/wp\/v2\/categories?post=141455"},{"taxonomy":"post_tag","embeddable":true,"href":"https:\/\/www.familinparis.fr\/en\/wp-json\/wp\/v2\/tags?post=141455"}],"curies":[{"name":"wp","href":"https:\/\/api.w.org\/{rel}","templated":true}]}}