{"id":136947,"date":"2020-01-22T17:05:00","date_gmt":"2020-01-22T15:05:00","guid":{"rendered":"https:\/\/www.familinparis.fr\/the-alana-collection\/"},"modified":"2024-11-16T17:35:34","modified_gmt":"2024-11-16T15:35:34","slug":"the-alana-collection","status":"publish","type":"post","link":"https:\/\/www.familinparis.fr\/en\/the-alana-collection\/","title":{"rendered":"The Alana Collection"},"content":{"rendered":"<div class=\"lazyblock-baseline-1WSUt7 wp-block-lazyblock-baseline\"><div class=\"baseline\">  Masterpieces of Italian painting<\/div><\/div><div class=\"lazyblock-infos-pratiques-Z1sDlVf wp-block-lazyblock-infos-pratiques\"><div class=\"read-more go-to\" data-goto=\"infos-sup\">\n  <a href=\"#\">\n    <span class=\"rien\">\n      <i class=\"fa fa-map-marker\"><\/i> See practical information    <\/span>\n  <\/a>\n<\/div><\/div>\n<section class=\"wp-block-uagb-section uagb-section__wrap uagb-section__background-color uagb-block-9abdc941\"><div class=\"uagb-section__overlay\"><\/div><div class=\"uagb-section__inner-wrap\">\n<div class=\"wp-block-columns is-layout-flex wp-container-core-columns-is-layout-9d6595d7 wp-block-columns-is-layout-flex\">\n<div class=\"wp-block-column is-layout-flow wp-block-column-is-layout-flow\" style=\"flex-basis:66.66%\">\n<h2 class=\"has-text-align-center wp-block-heading\">THE EXHIBITION &#8220;The Alana Collection&#8221;<\/h2>\n\n\n\n<ul class=\"wp-block-list\">\n<li><strong>WE LIKE:<\/strong> a magnificent exhibition that is completely accessible to children<\/li>\n\n\n\n<li><strong>AGE:<\/strong> from 7 years old<\/li>\n\n\n\n<li><strong>DATE:<\/strong> until January 20, 2020<\/li>\n\n\n\n<li><strong>PLACE:<\/strong> Mus\u00e9e Jacquemart Andr\u00e9 (Paris 8th)<\/li>\n<\/ul>\n<\/div>\n\n\n\n<div class=\"wp-block-column is-layout-flow wp-block-column-is-layout-flow\" style=\"flex-basis:33.33%\">\n<figure class=\"wp-block-image size-large\"><img decoding=\"async\" width=\"600\" height=\"781\" src=\"\/wp-content\/uploads\/Expos\/2019\/Divers\/collection-alana-jacquemart-andre.jpg\" alt=\"Alana Collection at the Jacquemart Andr&#xE9; Museum\" class=\"wp-image-21212\" srcset=\"https:\/\/www.familinparis.fr\/wp-content\/uploads\/Expos\/2019\/Divers\/collection-alana-jacquemart-andre.jpg 600w, https:\/\/www.familinparis.fr\/wp-content\/uploads\/Expos\/2019\/Divers\/collection-alana-jacquemart-andre-230x300.jpg 230w, https:\/\/www.familinparis.fr\/wp-content\/uploads\/Expos\/2019\/Divers\/collection-alana-jacquemart-andre-561x730.jpg 561w\" sizes=\"(max-width: 600px) 100vw, 600px\" \/><\/figure>\n<\/div>\n<\/div>\n<\/div><\/section>\n\n<div style=\"height:50px\" aria-hidden=\"true\" class=\"wp-block-spacer\"><\/div>\n<div class=\"lazyblock-bodered-box-Z68asY wp-block-lazyblock-bodered-box\"><div class=\"bordered-box ts-row cf\">\n    <h2 class=\"box-title\">La collection Alana: une merveille !<\/h2>\n    <div>\n        \n\n<div style=\"height:60px\" aria-hidden=\"true\" class=\"wp-block-spacer\"><\/div>\n\n\n\n<ul class=\"wp-block-list\">\n<li><strong>The Alana Collection<\/strong> is one of the most valuable and secret private collections <strong>of Italian Renaissance art<\/strong> in the world, currently housed in the United States.<\/li>\n\n\n\n<li> <a href=\"https:\/\/www.familinparis.fr\/en\/the-jacquemart-andre-museum\/\">The Jacquemart Andr\u00e9 Museum<\/a><strong> presents more than 75 masterpieces<\/strong> <strong>by the greatest Italian masters<\/strong> such as Lorenzo Monaco, Fra Angelico, Uccello, Lippi, Bellini, Carpaccio, Tintoretto, Veronese, Bronzino or Gentileschi.<\/li>\n\n\n\n<li><strong>The works on display are absolutely beautiful and tell stories that children can fully appreciate.<\/strong><\/li>\n\n\n\n<li>Of course, the exhibition &#8220;The Alana Collection&#8221; was not designed for children, and unfortunately there are no &#8220;young audience&#8221; visits.<\/li>\n\n\n\n<li>Nevertheless, some paintings can be reminiscent of comic strips and are, <strong>in our opinion, this exhibition is quite accessible to young audiences.<\/strong><\/li>\n\n\n\n<li>The paintings depict stories (biblical or battle) with a wealth of detail that will interest children. They brought the Italian Renaissance to life. <\/li>\n\n\n\n<li>In our opinion, it is not because there are no visits for young audiences that we should deprive ourselves of seeing this beautiful exhibition with children.<\/li>\n<\/ul>\n\n\n    <\/div>\n    <p><\/p>\n<\/div><\/div>\n<div style=\"height:49px\" aria-hidden=\"true\" class=\"wp-block-spacer\"><\/div>\n\n<h2 class=\"has-text-align-center p-b-10 p-t-10 has-background wp-block-heading\" style=\"background-color:#fa395f\">The TOP EXHIBITIONS of the moment<\/h2>\n\n\t\t\t<div class=\"wp-block-uagb-post-grid uagb-post-grid  uagb-post__image-position-top uagb-post__image-enabled uagb-block-44249d72     uagb-post__items uagb-post__columns-3 is-grid uagb-post__columns-tablet-2 uagb-post__columns-mobile-1 uagb-post__equal-height\" data-total=\"2\" style=\"\">\n\n\t\t\t\t\t\t\t\t\t\t\t\t<article class=\"uagb-post__inner-wrap\">\t\t\t\t\t\t\t\t<div class='uagb-post__image'>\n\t\t\t\t\t\t\t\t\t<a href=\"https:\/\/www.familinparis.fr\/en\/exposition-calder-fondation-louis-vuitton-billet\/\" target=\"_self\" rel=\"bookmark noopener noreferrer\" class='uagb-image-ratio-inherit'><img decoding=\"async\" width=\"270\" height=\"180\" src=\"https:\/\/www.familinparis.fr\/wp-content\/uploads\/2026\/04\/exposition-calder-fondation-louis-vuitton-270x180.jpg\" class=\"attachment-post-thumbnail size-post-thumbnail\" alt=\"affiche de l&#039;exposition &quot;Calder. R\u00eaver en \u00e9quilibre&quot;, \u00e0 la Fondation Louis Vuitton- Jusqu&#039;au 16 ao\u00fbt 2026\" \/>\t\t\t\t\t<\/a>\n\t\t\t\t\t\t\t<\/div>\n\t\t\t\t\t\t<h4 class=\"uagb-post__title uagb-post__text\">\n\t\t\t\t<a href=\"https:\/\/www.familinparis.fr\/en\/exposition-calder-fondation-louis-vuitton-billet\/\" target=\"_self\" rel=\"bookmark noopener noreferrer\">Calder. Dreaming in balance<\/a>\n\t\t\t<\/h4>\n\t\t\t\t\t\t<div class='uagb-post__text uagb-post-grid-byline'>\n\t\t\t\t\t\t\t<\/div>\n\t\t\t\n\t\t\t\t\t\t\t\t\t<\/article>\n\t\t\t\t\t\t\t\t\t\t\t\t\t\t\t\t<article class=\"uagb-post__inner-wrap\">\t\t\t\t\t\t\t\t<div class='uagb-post__image'>\n\t\t\t\t\t\t\t\t\t<a href=\"https:\/\/www.familinparis.fr\/en\/titanic-immersive-exhibition-grande-halle-de-la-villette-75019\/\" target=\"_self\" rel=\"bookmark noopener noreferrer\" class='uagb-image-ratio-inherit'><img decoding=\"async\" width=\"270\" height=\"180\" src=\"https:\/\/www.familinparis.fr\/wp-content\/uploads\/2026\/04\/La-Legende-Du-Titanic-exposition-ultime-exposition-immersive-grande-halle-la-villette-2026-270x180.jpg\" class=\"attachment-post-thumbnail size-post-thumbnail\" alt=\"Affiche de La L\u00e9gende du Titanic. L&#039;exposition ultime- Exposition immersive \u00e0 la Grande Halle de La Villette - 2026\" \/>\t\t\t\t\t<\/a>\n\t\t\t\t\t\t\t<\/div>\n\t\t\t\t\t\t<h4 class=\"uagb-post__title uagb-post__text\">\n\t\t\t\t<a href=\"https:\/\/www.familinparis.fr\/en\/titanic-immersive-exhibition-grande-halle-de-la-villette-75019\/\" target=\"_self\" rel=\"bookmark noopener noreferrer\">The Legend of the Titanic: The Ultimate Exhibition<\/a>\n\t\t\t<\/h4>\n\t\t\t\t\t\t<div class='uagb-post__text uagb-post-grid-byline'>\n\t\t\t\t\t\t\t<\/div>\n\t\t\t\n\t\t\t\t\t\t\t\t\t<\/article>\n\t\t\t\t\t\t\t\t\t\t\t\t\t\t\t\t<article class=\"uagb-post__inner-wrap\">\t\t\t\t\t\t\t\t<div class='uagb-post__image'>\n\t\t\t\t\t\t\t\t\t<a href=\"https:\/\/www.familinparis.fr\/en\/unicorn-exhibition-at-the-cluny-museum-75005\/\" target=\"_self\" rel=\"bookmark noopener noreferrer\" class='uagb-image-ratio-inherit'><img decoding=\"async\" width=\"270\" height=\"180\" src=\"https:\/\/www.familinparis.fr\/wp-content\/uploads\/2026\/03\/licornes-expo-musee-cluny-2026-270x180.jpg\" class=\"attachment-post-thumbnail size-post-thumbnail\" alt=\"Affiche exposition &quot;Licornes !&quot; au Mus\u00e9e de Cluny\" \/>\t\t\t\t\t<\/a>\n\t\t\t\t\t\t\t<\/div>\n\t\t\t\t\t\t<h4 class=\"uagb-post__title uagb-post__text\">\n\t\t\t\t<a href=\"https:\/\/www.familinparis.fr\/en\/unicorn-exhibition-at-the-cluny-museum-75005\/\" target=\"_self\" rel=\"bookmark noopener noreferrer\">Unicorns! At the Museum of Cluny<\/a>\n\t\t\t<\/h4>\n\t\t\t\t\t\t<div class='uagb-post__text uagb-post-grid-byline'>\n\t\t\t\t\t\t\t<\/div>\n\t\t\t\n\t\t\t\t\t\t\t\t\t<\/article>\n\t\t\t\t\t\t\t\t\t\t\t\t\t\t\t\t<article class=\"uagb-post__inner-wrap\">\t\t\t\t\t\t\t\t<div class='uagb-post__image'>\n\t\t\t\t\t\t\t\t\t<a href=\"https:\/\/www.familinparis.fr\/en\/renaissance-la-nouvelle-experience-immersive-a-l-atelier-des-lumieres\/\" target=\"_self\" rel=\"bookmark noopener noreferrer\" class='uagb-image-ratio-inherit'><img decoding=\"async\" width=\"270\" height=\"180\" src=\"https:\/\/www.familinparis.fr\/wp-content\/uploads\/Expos\/2026\/Renaissance-affiche-270x180.jpg\" class=\"attachment-post-thumbnail size-post-thumbnail\" alt=\"\" \/>\t\t\t\t\t<\/a>\n\t\t\t\t\t\t\t<\/div>\n\t\t\t\t\t\t<h4 class=\"uagb-post__title uagb-post__text\">\n\t\t\t\t<a href=\"https:\/\/www.familinparis.fr\/en\/renaissance-la-nouvelle-experience-immersive-a-l-atelier-des-lumieres\/\" target=\"_self\" rel=\"bookmark noopener noreferrer\">Renaissance at the Atelier des Lumi\u00e8res<\/a>\n\t\t\t<\/h4>\n\t\t\t\t\t\t<div class='uagb-post__text uagb-post-grid-byline'>\n\t\t\t\t\t\t\t<\/div>\n\t\t\t\n\t\t\t\t\t\t\t\t\t<\/article>\n\t\t\t\t\t\t\t\t\t\t\t\t\t\t\t\t<article class=\"uagb-post__inner-wrap\">\t\t\t\t\t\t\t\t<div class='uagb-post__image'>\n\t\t\t\t\t\t\t\t\t<a href=\"https:\/\/www.familinparis.fr\/en\/mummies-exhibition-at-the-musee-de-l-homme\/\" target=\"_self\" rel=\"bookmark noopener noreferrer\" class='uagb-image-ratio-inherit'><img decoding=\"async\" width=\"270\" height=\"180\" src=\"https:\/\/www.familinparis.fr\/wp-content\/uploads\/2025\/11\/AFFICHE-MH_MOMIES_40x32-270x180.jpg\" class=\"attachment-post-thumbnail size-post-thumbnail\" alt=\"Affiche de l&#039;expsoition &quot;Momies&quot; au Mus\u00e9e de l&#039;Homme - nov. 2025\" \/>\t\t\t\t\t<\/a>\n\t\t\t\t\t\t\t<\/div>\n\t\t\t\t\t\t<h4 class=\"uagb-post__title uagb-post__text\">\n\t\t\t\t<a href=\"https:\/\/www.familinparis.fr\/en\/mummies-exhibition-at-the-musee-de-l-homme\/\" target=\"_self\" rel=\"bookmark noopener noreferrer\">MOMIES \u2022 At the Mus\u00e9e de l&#8217;Homme<\/a>\n\t\t\t<\/h4>\n\t\t\t\t\t\t<div class='uagb-post__text uagb-post-grid-byline'>\n\t\t\t\t\t\t\t<\/div>\n\t\t\t\n\t\t\t\t\t\t\t\t\t<\/article>\n\t\t\t\t\t\t\t\t\t\t\t\t\t\t\t\t<article class=\"uagb-post__inner-wrap\">\t\t\t\t\t\t\t\t<div class='uagb-post__image'>\n\t\t\t\t\t\t\t\t\t<a href=\"https:\/\/www.familinparis.fr\/en\/the-world-of-banksy\/\" target=\"_self\" rel=\"bookmark noopener noreferrer\" class='uagb-image-ratio-inherit'><img decoding=\"async\" width=\"270\" height=\"180\" src=\"https:\/\/www.familinparis.fr\/wp-content\/uploads\/Expos\/2019\/Divers\/banksy-a-paris-270x180.jpg\" class=\"attachment-post-thumbnail size-post-thumbnail\" alt=\"\" \/>\t\t\t\t\t<\/a>\n\t\t\t\t\t\t\t<\/div>\n\t\t\t\t\t\t<h4 class=\"uagb-post__title uagb-post__text\">\n\t\t\t\t<a href=\"https:\/\/www.familinparis.fr\/en\/the-world-of-banksy\/\" target=\"_self\" rel=\"bookmark noopener noreferrer\">The World of Banksy<\/a>\n\t\t\t<\/h4>\n\t\t\t\t\t\t<div class='uagb-post__text uagb-post-grid-byline'>\n\t\t\t\t\t\t\t<\/div>\n\t\t\t\n\t\t\t\t\t\t\t\t\t<\/article>\n\t\t\t\t\t\t\t\t\t\t\t\t\t\t\t\t<article class=\"uagb-post__inner-wrap\">\t\t\t\t\t\t\t\t<div class='uagb-post__image'>\n\t\t\t\t\t\t\t\t\t<a href=\"https:\/\/www.familinparis.fr\/en\/dogs-and-cats-exhibition-cite-des-sciences\/\" target=\"_self\" rel=\"bookmark noopener noreferrer\" class='uagb-image-ratio-inherit'><img decoding=\"async\" width=\"270\" height=\"180\" src=\"https:\/\/www.familinparis.fr\/wp-content\/uploads\/2025\/01\/chiens-et-chats-expo-cite-des-sciences-la-villette-2025-2026-270x180.jpg\" class=\"attachment-post-thumbnail size-post-thumbnail\" alt=\"Exposition &quot;Chiens et chats&quot; \u00e0 La Cit\u00e9 des Sciences et de l&#039;industrie 2025-2026\" srcset=\"https:\/\/www.familinparis.fr\/wp-content\/uploads\/2025\/01\/chiens-et-chats-expo-cite-des-sciences-la-villette-2025-2026-270x180.jpg 270w, https:\/\/www.familinparis.fr\/wp-content\/uploads\/2025\/01\/chiens-et-chats-expo-cite-des-sciences-la-villette-2025-2026-300x200.jpg 300w, https:\/\/www.familinparis.fr\/wp-content\/uploads\/2025\/01\/chiens-et-chats-expo-cite-des-sciences-la-villette-2025-2026-768x512.jpg 768w, https:\/\/www.familinparis.fr\/wp-content\/uploads\/2025\/01\/chiens-et-chats-expo-cite-des-sciences-la-villette-2025-2026-730x486.jpg 730w, https:\/\/www.familinparis.fr\/wp-content\/uploads\/2025\/01\/chiens-et-chats-expo-cite-des-sciences-la-villette-2025-2026.jpg 800w\" sizes=\"(max-width: 270px) 100vw, 270px\" \/>\t\t\t\t\t<\/a>\n\t\t\t\t\t\t\t<\/div>\n\t\t\t\t\t\t<h4 class=\"uagb-post__title uagb-post__text\">\n\t\t\t\t<a href=\"https:\/\/www.familinparis.fr\/en\/dogs-and-cats-exhibition-cite-des-sciences\/\" target=\"_self\" rel=\"bookmark noopener noreferrer\">Dogs and cats, at the Cit\u00e9 des Sciences<\/a>\n\t\t\t<\/h4>\n\t\t\t\t\t\t<div class='uagb-post__text uagb-post-grid-byline'>\n\t\t\t\t\t\t\t<\/div>\n\t\t\t\n\t\t\t\t\t\t\t\t\t<\/article>\n\t\t\t\t\t\t\t\t\t\t\t\t\t\t\t\t<article class=\"uagb-post__inner-wrap\">\t\t\t\t\t\t\t\t<div class='uagb-post__image'>\n\t\t\t\t\t\t\t\t\t<a href=\"https:\/\/www.familinparis.fr\/en\/dance\/\" target=\"_self\" rel=\"bookmark noopener noreferrer\" class='uagb-image-ratio-inherit'><img decoding=\"async\" width=\"270\" height=\"180\" src=\"https:\/\/www.familinparis.fr\/wp-content\/uploads\/2024\/06\/Danser-expo-2024-la-villette-270x180.jpg\" class=\"attachment-post-thumbnail size-post-thumbnail\" alt=\"\" \/>\t\t\t\t\t<\/a>\n\t\t\t\t\t\t\t<\/div>\n\t\t\t\t\t\t<h4 class=\"uagb-post__title uagb-post__text\">\n\t\t\t\t<a href=\"https:\/\/www.familinparis.fr\/en\/dance\/\" target=\"_self\" rel=\"bookmark noopener noreferrer\">Dance<\/a>\n\t\t\t<\/h4>\n\t\t\t\t\t\t<div class='uagb-post__text uagb-post-grid-byline'>\n\t\t\t\t\t\t\t<\/div>\n\t\t\t\n\t\t\t\t\t\t\t\t\t<\/article>\n\t\t\t\t\t\t\t\t\t\t\t\t\t\t\t\t<article class=\"uagb-post__inner-wrap\">\t\t\t\t\t\t\t\t<div class='uagb-post__image'>\n\t\t\t\t\t\t\t\t\t<a href=\"https:\/\/www.familinparis.fr\/en\/space-mission\/\" target=\"_self\" rel=\"bookmark noopener noreferrer\" class='uagb-image-ratio-inherit'><img decoding=\"async\" width=\"270\" height=\"180\" src=\"https:\/\/www.familinparis.fr\/wp-content\/uploads\/2023\/11\/mission-spatiale-cite-des-sciences-expo2023.jpeg-1-270x180.jpg\" class=\"attachment-post-thumbnail size-post-thumbnail\" alt=\"\" \/>\t\t\t\t\t<\/a>\n\t\t\t\t\t\t\t<\/div>\n\t\t\t\t\t\t<h4 class=\"uagb-post__title uagb-post__text\">\n\t\t\t\t<a href=\"https:\/\/www.familinparis.fr\/en\/space-mission\/\" target=\"_self\" rel=\"bookmark noopener noreferrer\">Space Mission<\/a>\n\t\t\t<\/h4>\n\t\t\t\t\t\t<div class='uagb-post__text uagb-post-grid-byline'>\n\t\t\t\t\t\t\t<\/div>\n\t\t\t\n\t\t\t\t\t\t\t\t\t<\/article>\n\t\t\t\t\t\t\t\t\t\t\t<\/div>\n\t\t\t\n<div style=\"height:100px\" aria-hidden=\"true\" class=\"wp-block-spacer\"><\/div>\n\n<div class=\"wp-block-buttons is-horizontal is-content-justification-center is-layout-flex wp-container-core-buttons-is-layout-499968f5 wp-block-buttons-is-layout-flex\">\n<div class=\"wp-block-button\"><a class=\"wp-block-button__link has-black-color has-text-color has-background wp-element-button\" href=\"https:\/\/www.familinparis.fr\/en\/shows-for-children-and-teenagers-in-paris\/\" style=\"border-radius:1px;background-color:#73c6b6\">THE BEST SHOWS OF 2022<\/a><\/div>\n\n\n\n<div class=\"wp-block-button\"><a class=\"wp-block-button__link has-black-color has-text-color has-background wp-element-button\" href=\"https:\/\/www.familinparis.fr\/en\/museums-our-guided-family-tours\/\" style=\"border-radius:1px;background-color:#73c6b6\">FAMILY GUIDED TOURS<\/a><\/div>\n<\/div>\n\n<p><\/p>\n","protected":false},"excerpt":{"rendered":"<p>The TOP EXHIBITIONS of the moment<\/p>\n","protected":false},"author":5,"featured_media":129160,"comment_status":"open","ping_status":"open","sticky":false,"template":"","format":"standard","meta":{"_uag_custom_page_level_css":"","footnotes":""},"categories":[1253],"tags":[],"class_list":{"0":"post-136947","1":"post","2":"type-post","3":"status-publish","4":"format-standard","5":"has-post-thumbnail","7":"category-past-events"},"yoast_head":"<!-- This site is optimized with the Yoast SEO plugin v27.2 - https:\/\/yoast.com\/product\/yoast-seo-wordpress\/ -->\n<title>Alana Collection at the Jacquemart Andr\u00e9 Museum - Ideal from 7 years old<\/title>\n<meta name=\"description\" content=\"An exhibition of paintings from the Italian Renaissance \u2014 Until January 20, 2020. The Alana collection is beautiful\" \/>\n<meta name=\"robots\" content=\"index, follow, max-snippet:-1, max-image-preview:large, max-video-preview:-1\" \/>\n<link rel=\"canonical\" href=\"https:\/\/www.familinparis.fr\/en\/the-alana-collection\/\" \/>\n<meta property=\"og:locale\" content=\"en_US\" \/>\n<meta property=\"og:type\" content=\"article\" \/>\n<meta property=\"og:title\" content=\"Alana Collection at the Jacquemart Andr\u00e9 Museum - Ideal from 7 years old\" \/>\n<meta property=\"og:description\" content=\"An exhibition of paintings from the Italian Renaissance \u2014 Until January 20, 2020. The Alana collection is beautiful\" \/>\n<meta property=\"og:url\" content=\"https:\/\/www.familinparis.fr\/en\/the-alana-collection\/\" \/>\n<meta property=\"og:site_name\" content=\"Familin&#039;Paris\" \/>\n<meta property=\"article:published_time\" content=\"2020-01-22T15:05:00+00:00\" \/>\n<meta property=\"article:modified_time\" content=\"2024-11-16T15:35:34+00:00\" \/>\n<meta property=\"og:image\" content=\"https:\/\/www.familinparis.fr\/wp-content\/uploads\/Expos\/2019\/Divers\/collection-alana-jacquemart-andre.jpg\" \/>\n\t<meta property=\"og:image:width\" content=\"600\" \/>\n\t<meta property=\"og:image:height\" content=\"781\" \/>\n\t<meta property=\"og:image:type\" content=\"image\/jpeg\" \/>\n<meta name=\"author\" content=\"olivia\" \/>\n<meta name=\"twitter:card\" content=\"summary_large_image\" \/>\n<meta name=\"twitter:label1\" content=\"Written by\" \/>\n\t<meta name=\"twitter:data1\" content=\"olivia\" \/>\n\t<meta name=\"twitter:label2\" content=\"Est. reading time\" \/>\n\t<meta name=\"twitter:data2\" content=\"1 minute\" \/>\n<script type=\"application\/ld+json\" class=\"yoast-schema-graph\">{\"@context\":\"https:\/\/schema.org\",\"@graph\":[{\"@type\":\"Article\",\"@id\":\"https:\/\/www.familinparis.fr\/en\/the-alana-collection\/#article\",\"isPartOf\":{\"@id\":\"https:\/\/www.familinparis.fr\/en\/the-alana-collection\/\"},\"author\":{\"name\":\"olivia\",\"@id\":\"https:\/\/www.familinparis.fr\/en\/#\/schema\/person\/a87467bb417cd0c77d0a7bb5d1d78ac5\"},\"headline\":\"The Alana Collection\",\"datePublished\":\"2020-01-22T15:05:00+00:00\",\"dateModified\":\"2024-11-16T15:35:34+00:00\",\"mainEntityOfPage\":{\"@id\":\"https:\/\/www.familinparis.fr\/en\/the-alana-collection\/\"},\"wordCount\":206,\"commentCount\":0,\"image\":{\"@id\":\"https:\/\/www.familinparis.fr\/en\/the-alana-collection\/#primaryimage\"},\"thumbnailUrl\":\"https:\/\/www.familinparis.fr\/wp-content\/uploads\/Expos\/2019\/Divers\/collection-alana-jacquemart-andre.jpg\",\"articleSection\":[\"Past events\"],\"inLanguage\":\"en-US\",\"potentialAction\":[{\"@type\":\"CommentAction\",\"name\":\"Comment\",\"target\":[\"https:\/\/www.familinparis.fr\/en\/the-alana-collection\/#respond\"]}]},{\"@type\":\"WebPage\",\"@id\":\"https:\/\/www.familinparis.fr\/en\/the-alana-collection\/\",\"url\":\"https:\/\/www.familinparis.fr\/en\/the-alana-collection\/\",\"name\":\"Alana Collection at the Jacquemart Andr\u00e9 Museum - Ideal from 7 years old\",\"isPartOf\":{\"@id\":\"https:\/\/www.familinparis.fr\/en\/#website\"},\"primaryImageOfPage\":{\"@id\":\"https:\/\/www.familinparis.fr\/en\/the-alana-collection\/#primaryimage\"},\"image\":{\"@id\":\"https:\/\/www.familinparis.fr\/en\/the-alana-collection\/#primaryimage\"},\"thumbnailUrl\":\"https:\/\/www.familinparis.fr\/wp-content\/uploads\/Expos\/2019\/Divers\/collection-alana-jacquemart-andre.jpg\",\"datePublished\":\"2020-01-22T15:05:00+00:00\",\"dateModified\":\"2024-11-16T15:35:34+00:00\",\"author\":{\"@id\":\"https:\/\/www.familinparis.fr\/en\/#\/schema\/person\/a87467bb417cd0c77d0a7bb5d1d78ac5\"},\"description\":\"An exhibition of paintings from the Italian Renaissance \u2014 Until January 20, 2020. The Alana collection is beautiful\",\"breadcrumb\":{\"@id\":\"https:\/\/www.familinparis.fr\/en\/the-alana-collection\/#breadcrumb\"},\"inLanguage\":\"en-US\",\"potentialAction\":[{\"@type\":\"ReadAction\",\"target\":[\"https:\/\/www.familinparis.fr\/en\/the-alana-collection\/\"]}]},{\"@type\":\"ImageObject\",\"inLanguage\":\"en-US\",\"@id\":\"https:\/\/www.familinparis.fr\/en\/the-alana-collection\/#primaryimage\",\"url\":\"https:\/\/www.familinparis.fr\/wp-content\/uploads\/Expos\/2019\/Divers\/collection-alana-jacquemart-andre.jpg\",\"contentUrl\":\"https:\/\/www.familinparis.fr\/wp-content\/uploads\/Expos\/2019\/Divers\/collection-alana-jacquemart-andre.jpg\",\"width\":600,\"height\":781},{\"@type\":\"BreadcrumbList\",\"@id\":\"https:\/\/www.familinparis.fr\/en\/the-alana-collection\/#breadcrumb\",\"itemListElement\":[{\"@type\":\"ListItem\",\"position\":1,\"name\":\"Home\",\"item\":\"https:\/\/www.familinparis.fr\/en\/\"},{\"@type\":\"ListItem\",\"position\":2,\"name\":\"Exposition\",\"item\":\"https:\/\/www.familinparis.fr\/en\/categorie\/exposition-en\/\"},{\"@type\":\"ListItem\",\"position\":3,\"name\":\"The Alana Collection\"}]},{\"@type\":\"WebSite\",\"@id\":\"https:\/\/www.familinparis.fr\/en\/#website\",\"url\":\"https:\/\/www.familinparis.fr\/en\/\",\"name\":\"Familin&#039;Paris\",\"description\":\"Visiter le meilleur de Paris avec des enfants : sorties, spectacles, adresses de restaurants, shopping, bons plans...\",\"potentialAction\":[{\"@type\":\"SearchAction\",\"target\":{\"@type\":\"EntryPoint\",\"urlTemplate\":\"https:\/\/www.familinparis.fr\/en\/?s={search_term_string}\"},\"query-input\":{\"@type\":\"PropertyValueSpecification\",\"valueRequired\":true,\"valueName\":\"search_term_string\"}}],\"inLanguage\":\"en-US\"},{\"@type\":\"Person\",\"@id\":\"https:\/\/www.familinparis.fr\/en\/#\/schema\/person\/a87467bb417cd0c77d0a7bb5d1d78ac5\",\"name\":\"olivia\",\"image\":{\"@type\":\"ImageObject\",\"inLanguage\":\"en-US\",\"@id\":\"https:\/\/secure.gravatar.com\/avatar\/cbca07f1dfea20f457a666a1b84ed5cf1364773d1378c6f10fd36c354eef1ef8?s=96&d=identicon&r=g\",\"url\":\"https:\/\/secure.gravatar.com\/avatar\/cbca07f1dfea20f457a666a1b84ed5cf1364773d1378c6f10fd36c354eef1ef8?s=96&d=identicon&r=g\",\"contentUrl\":\"https:\/\/secure.gravatar.com\/avatar\/cbca07f1dfea20f457a666a1b84ed5cf1364773d1378c6f10fd36c354eef1ef8?s=96&d=identicon&r=g\",\"caption\":\"olivia\"}}]}<\/script>\n<!-- \/ Yoast SEO plugin. -->","yoast_head_json":{"title":"Alana Collection at the Jacquemart Andr\u00e9 Museum - Ideal from 7 years old","description":"An exhibition of paintings from the Italian Renaissance \u2014 Until January 20, 2020. The Alana collection is beautiful","robots":{"index":"index","follow":"follow","max-snippet":"max-snippet:-1","max-image-preview":"max-image-preview:large","max-video-preview":"max-video-preview:-1"},"canonical":"https:\/\/www.familinparis.fr\/en\/the-alana-collection\/","og_locale":"en_US","og_type":"article","og_title":"Alana Collection at the Jacquemart Andr\u00e9 Museum - Ideal from 7 years old","og_description":"An exhibition of paintings from the Italian Renaissance \u2014 Until January 20, 2020. The Alana collection is beautiful","og_url":"https:\/\/www.familinparis.fr\/en\/the-alana-collection\/","og_site_name":"Familin&#039;Paris","article_published_time":"2020-01-22T15:05:00+00:00","article_modified_time":"2024-11-16T15:35:34+00:00","og_image":[{"width":600,"height":781,"url":"https:\/\/www.familinparis.fr\/wp-content\/uploads\/Expos\/2019\/Divers\/collection-alana-jacquemart-andre.jpg","type":"image\/jpeg"}],"author":"olivia","twitter_card":"summary_large_image","twitter_misc":{"Written by":"olivia","Est. reading time":"1 minute"},"schema":{"@context":"https:\/\/schema.org","@graph":[{"@type":"Article","@id":"https:\/\/www.familinparis.fr\/en\/the-alana-collection\/#article","isPartOf":{"@id":"https:\/\/www.familinparis.fr\/en\/the-alana-collection\/"},"author":{"name":"olivia","@id":"https:\/\/www.familinparis.fr\/en\/#\/schema\/person\/a87467bb417cd0c77d0a7bb5d1d78ac5"},"headline":"The Alana Collection","datePublished":"2020-01-22T15:05:00+00:00","dateModified":"2024-11-16T15:35:34+00:00","mainEntityOfPage":{"@id":"https:\/\/www.familinparis.fr\/en\/the-alana-collection\/"},"wordCount":206,"commentCount":0,"image":{"@id":"https:\/\/www.familinparis.fr\/en\/the-alana-collection\/#primaryimage"},"thumbnailUrl":"https:\/\/www.familinparis.fr\/wp-content\/uploads\/Expos\/2019\/Divers\/collection-alana-jacquemart-andre.jpg","articleSection":["Past events"],"inLanguage":"en-US","potentialAction":[{"@type":"CommentAction","name":"Comment","target":["https:\/\/www.familinparis.fr\/en\/the-alana-collection\/#respond"]}]},{"@type":"WebPage","@id":"https:\/\/www.familinparis.fr\/en\/the-alana-collection\/","url":"https:\/\/www.familinparis.fr\/en\/the-alana-collection\/","name":"Alana Collection at the Jacquemart Andr\u00e9 Museum - Ideal from 7 years old","isPartOf":{"@id":"https:\/\/www.familinparis.fr\/en\/#website"},"primaryImageOfPage":{"@id":"https:\/\/www.familinparis.fr\/en\/the-alana-collection\/#primaryimage"},"image":{"@id":"https:\/\/www.familinparis.fr\/en\/the-alana-collection\/#primaryimage"},"thumbnailUrl":"https:\/\/www.familinparis.fr\/wp-content\/uploads\/Expos\/2019\/Divers\/collection-alana-jacquemart-andre.jpg","datePublished":"2020-01-22T15:05:00+00:00","dateModified":"2024-11-16T15:35:34+00:00","author":{"@id":"https:\/\/www.familinparis.fr\/en\/#\/schema\/person\/a87467bb417cd0c77d0a7bb5d1d78ac5"},"description":"An exhibition of paintings from the Italian Renaissance \u2014 Until January 20, 2020. The Alana collection is beautiful","breadcrumb":{"@id":"https:\/\/www.familinparis.fr\/en\/the-alana-collection\/#breadcrumb"},"inLanguage":"en-US","potentialAction":[{"@type":"ReadAction","target":["https:\/\/www.familinparis.fr\/en\/the-alana-collection\/"]}]},{"@type":"ImageObject","inLanguage":"en-US","@id":"https:\/\/www.familinparis.fr\/en\/the-alana-collection\/#primaryimage","url":"https:\/\/www.familinparis.fr\/wp-content\/uploads\/Expos\/2019\/Divers\/collection-alana-jacquemart-andre.jpg","contentUrl":"https:\/\/www.familinparis.fr\/wp-content\/uploads\/Expos\/2019\/Divers\/collection-alana-jacquemart-andre.jpg","width":600,"height":781},{"@type":"BreadcrumbList","@id":"https:\/\/www.familinparis.fr\/en\/the-alana-collection\/#breadcrumb","itemListElement":[{"@type":"ListItem","position":1,"name":"Home","item":"https:\/\/www.familinparis.fr\/en\/"},{"@type":"ListItem","position":2,"name":"Exposition","item":"https:\/\/www.familinparis.fr\/en\/categorie\/exposition-en\/"},{"@type":"ListItem","position":3,"name":"The Alana Collection"}]},{"@type":"WebSite","@id":"https:\/\/www.familinparis.fr\/en\/#website","url":"https:\/\/www.familinparis.fr\/en\/","name":"Familin&#039;Paris","description":"Visiter le meilleur de Paris avec des enfants : sorties, spectacles, adresses de restaurants, shopping, bons plans...","potentialAction":[{"@type":"SearchAction","target":{"@type":"EntryPoint","urlTemplate":"https:\/\/www.familinparis.fr\/en\/?s={search_term_string}"},"query-input":{"@type":"PropertyValueSpecification","valueRequired":true,"valueName":"search_term_string"}}],"inLanguage":"en-US"},{"@type":"Person","@id":"https:\/\/www.familinparis.fr\/en\/#\/schema\/person\/a87467bb417cd0c77d0a7bb5d1d78ac5","name":"olivia","image":{"@type":"ImageObject","inLanguage":"en-US","@id":"https:\/\/secure.gravatar.com\/avatar\/cbca07f1dfea20f457a666a1b84ed5cf1364773d1378c6f10fd36c354eef1ef8?s=96&d=identicon&r=g","url":"https:\/\/secure.gravatar.com\/avatar\/cbca07f1dfea20f457a666a1b84ed5cf1364773d1378c6f10fd36c354eef1ef8?s=96&d=identicon&r=g","contentUrl":"https:\/\/secure.gravatar.com\/avatar\/cbca07f1dfea20f457a666a1b84ed5cf1364773d1378c6f10fd36c354eef1ef8?s=96&d=identicon&r=g","caption":"olivia"}}]}},"uagb_featured_image_src":{"full":["https:\/\/www.familinparis.fr\/wp-content\/uploads\/Expos\/2019\/Divers\/collection-alana-jacquemart-andre.jpg",600,781,false],"thumbnail":["https:\/\/www.familinparis.fr\/wp-content\/uploads\/Expos\/2019\/Divers\/collection-alana-jacquemart-andre-150x150.jpg",150,150,true],"medium":["https:\/\/www.familinparis.fr\/wp-content\/uploads\/Expos\/2019\/Divers\/collection-alana-jacquemart-andre-230x300.jpg",230,300,true],"medium_large":["https:\/\/www.familinparis.fr\/wp-content\/uploads\/Expos\/2019\/Divers\/collection-alana-jacquemart-andre.jpg",600,781,false],"large":["https:\/\/www.familinparis.fr\/wp-content\/uploads\/Expos\/2019\/Divers\/collection-alana-jacquemart-andre.jpg",600,781,false],"1536x1536":["https:\/\/www.familinparis.fr\/wp-content\/uploads\/Expos\/2019\/Divers\/collection-alana-jacquemart-andre.jpg",600,781,false],"2048x2048":["https:\/\/www.familinparis.fr\/wp-content\/uploads\/Expos\/2019\/Divers\/collection-alana-jacquemart-andre.jpg",600,781,false],"home-thumb":["https:\/\/www.familinparis.fr\/wp-content\/uploads\/Expos\/2019\/Divers\/collection-alana-jacquemart-andre-561x730.jpg",561,730,true],"home-slider":["https:\/\/www.familinparis.fr\/wp-content\/uploads\/Expos\/2019\/Divers\/collection-alana-jacquemart-andre-600x600.jpg",600,600,true],"lightbox-slider-size":["https:\/\/www.familinparis.fr\/wp-content\/uploads\/Expos\/2019\/Divers\/collection-alana-jacquemart-andre-564x282.jpg",564,282,true],"post-thumbnail":["https:\/\/www.familinparis.fr\/wp-content\/uploads\/Expos\/2019\/Divers\/collection-alana-jacquemart-andre-270x180.jpg",270,180,true],"cheerup-main":["https:\/\/www.familinparis.fr\/wp-content\/uploads\/Expos\/2019\/Divers\/collection-alana-jacquemart-andre-600x400.jpg",600,400,true],"cheerup-main-full":["https:\/\/www.familinparis.fr\/wp-content\/uploads\/Expos\/2019\/Divers\/collection-alana-jacquemart-andre-600x508.jpg",600,508,true],"cheerup-slider-alt":["https:\/\/www.familinparis.fr\/wp-content\/uploads\/Expos\/2019\/Divers\/collection-alana-jacquemart-andre-600x508.jpg",600,508,true],"cheerup-slider-trendy":["https:\/\/www.familinparis.fr\/wp-content\/uploads\/Expos\/2019\/Divers\/collection-alana-jacquemart-andre-600x508.jpg",600,508,true],"cheerup-slider-stylish":["https:\/\/www.familinparis.fr\/wp-content\/uploads\/Expos\/2019\/Divers\/collection-alana-jacquemart-andre-600x515.jpg",600,515,true],"cheerup-slider-grid":["https:\/\/www.familinparis.fr\/wp-content\/uploads\/Expos\/2019\/Divers\/collection-alana-jacquemart-andre-600x600.jpg",600,600,true],"cheerup-slider-grid-sm":["https:\/\/www.familinparis.fr\/wp-content\/uploads\/Expos\/2019\/Divers\/collection-alana-jacquemart-andre-300x300.jpg",300,300,true],"cheerup-slider-carousel":["https:\/\/www.familinparis.fr\/wp-content\/uploads\/Expos\/2019\/Divers\/collection-alana-jacquemart-andre-370x370.jpg",370,370,true],"cheerup-slider-grid-b":["https:\/\/www.familinparis.fr\/wp-content\/uploads\/Expos\/2019\/Divers\/collection-alana-jacquemart-andre-554x466.jpg",554,466,true],"cheerup-slider-grid-b-sm":["https:\/\/www.familinparis.fr\/wp-content\/uploads\/Expos\/2019\/Divers\/collection-alana-jacquemart-andre-306x466.jpg",306,466,true],"cheerup-slider-bold-sm":["https:\/\/www.familinparis.fr\/wp-content\/uploads\/Expos\/2019\/Divers\/collection-alana-jacquemart-andre-150x150.jpg",150,150,true],"cheerup-grid":["https:\/\/www.familinparis.fr\/wp-content\/uploads\/Expos\/2019\/Divers\/collection-alana-jacquemart-andre-370x285.jpg",370,285,true],"cheerup-carousel":["https:\/\/www.familinparis.fr\/wp-content\/uploads\/Expos\/2019\/Divers\/collection-alana-jacquemart-andre-270x180.jpg",270,180,true],"cheerup-carousel-b":["https:\/\/www.familinparis.fr\/wp-content\/uploads\/Expos\/2019\/Divers\/collection-alana-jacquemart-andre-370x285.jpg",370,285,true],"cheerup-list":["https:\/\/www.familinparis.fr\/wp-content\/uploads\/Expos\/2019\/Divers\/collection-alana-jacquemart-andre-260x200.jpg",260,200,true],"cheerup-list-b":["https:\/\/www.familinparis.fr\/wp-content\/uploads\/Expos\/2019\/Divers\/collection-alana-jacquemart-andre-370x305.jpg",370,305,true],"cheerup-thumb":["https:\/\/www.familinparis.fr\/wp-content\/uploads\/Expos\/2019\/Divers\/collection-alana-jacquemart-andre-87x67.jpg",87,67,true],"cheerup-thumb-alt":["https:\/\/www.familinparis.fr\/wp-content\/uploads\/Expos\/2019\/Divers\/collection-alana-jacquemart-andre-150x150.jpg",150,150,true]},"uagb_author_info":{"display_name":"olivia","author_link":"https:\/\/www.familinparis.fr\/en\/author\/olivia\/"},"uagb_comment_info":0,"uagb_excerpt":"The TOP EXHIBITIONS of the moment","_links":{"self":[{"href":"https:\/\/www.familinparis.fr\/en\/wp-json\/wp\/v2\/posts\/136947","targetHints":{"allow":["GET"]}}],"collection":[{"href":"https:\/\/www.familinparis.fr\/en\/wp-json\/wp\/v2\/posts"}],"about":[{"href":"https:\/\/www.familinparis.fr\/en\/wp-json\/wp\/v2\/types\/post"}],"author":[{"embeddable":true,"href":"https:\/\/www.familinparis.fr\/en\/wp-json\/wp\/v2\/users\/5"}],"replies":[{"embeddable":true,"href":"https:\/\/www.familinparis.fr\/en\/wp-json\/wp\/v2\/comments?post=136947"}],"version-history":[{"count":0,"href":"https:\/\/www.familinparis.fr\/en\/wp-json\/wp\/v2\/posts\/136947\/revisions"}],"wp:featuredmedia":[{"embeddable":true,"href":"https:\/\/www.familinparis.fr\/en\/wp-json\/wp\/v2\/media\/129160"}],"wp:attachment":[{"href":"https:\/\/www.familinparis.fr\/en\/wp-json\/wp\/v2\/media?parent=136947"}],"wp:term":[{"taxonomy":"category","embeddable":true,"href":"https:\/\/www.familinparis.fr\/en\/wp-json\/wp\/v2\/categories?post=136947"},{"taxonomy":"post_tag","embeddable":true,"href":"https:\/\/www.familinparis.fr\/en\/wp-json\/wp\/v2\/tags?post=136947"}],"curies":[{"name":"wp","href":"https:\/\/api.w.org\/{rel}","templated":true}]}}