{"id":136892,"date":"2019-06-07T13:43:09","date_gmt":"2019-06-07T11:43:09","guid":{"rendered":"https:\/\/www.familinparis.fr\/a-sky-of-colourful-balloons-at-the-village-de-bercy\/"},"modified":"2024-11-16T17:35:17","modified_gmt":"2024-11-16T15:35:17","slug":"a-sky-of-colourful-balloons-at-the-village-de-bercy","status":"publish","type":"post","link":"https:\/\/www.familinparis.fr\/en\/a-sky-of-colourful-balloons-at-the-village-de-bercy\/","title":{"rendered":"A sky of colourful balloons at the Village de Bercy"},"content":{"rendered":"<div class=\"lazyblock-baseline-vrCPTn wp-block-lazyblock-baseline\"><div class=\"baseline\">From June 8 to August 31 &#8211; FREE<\/div><\/div>\n<h2 class=\"wp-block-heading\">A BALLOON SKY IN THE VILLAGE OF BERCY<\/h2>\n\n<ul class=\"wp-block-list\">\n<li>It is <strong>the work of the artist Patricia Cunha<\/strong>.<\/li>\n\n\n\n<li>There are <strong>3200 balloons<\/strong> that will float above the Cours Saint-Emilien. A real cloud of\n balloons between Heaven and Earth. \n    <\/li>\n\n\n\n<li><strong>Poetic, colourful and a bit regressive<\/strong>, this staging will bring pep and good humour.\n        <strong>A wind of gaiety <\/strong>will blow over the Village of Bercy.\n    <\/li>\n\n\n\n<li><strong>The benches of the Cours Saint-Emilion<\/strong> will not be forgotten and they will invite young and old to\n sit down to admire this moving and colorful spectacle above their heads!\n    <\/li>\n\n\n\n<li>For photos, selfies, head to <strong>the &#8220;Bubble Pool&#8221;<\/strong> children (and their parents) will be able\n to dive in the middle of the balloons.\n    <\/li>\n<\/ul>\n\n<figure class=\"wp-block-image size-large\"><img decoding=\"async\" src=\"\/wp-content\/uploads\/actualites\/juin\/ciel-de-ballon-bercy.jpg\" alt=\"animation in the village of Bercy: a sky of colorful balloons\"\/><\/figure>\n\n<h2 class=\"wp-block-heading\">THINGS TO DO IN THE VILLAGE OF BERCY<\/h2>\n\n<ul class=\"wp-block-list\">\n<li>A film session at the <strong>UGC Cin\u00e9 Bercy<\/strong><\/li>\n\n\n\n<li>A shopping spree (<strong>the shops are open on Sundays<\/strong>)<\/li>\n\n\n\n<li><strong>The terraces are open to you<\/strong> for lunch or dinner outside. The atmosphere is\n very nice \n    <\/li>\n<\/ul>\n\n<h2 class=\"wp-block-heading\">THINGS TO DO IN THE NEIGHBORHOOD<\/h2>\n\n<ul class=\"wp-block-list\">\n<li>The <a href=\"https:\/\/www.familinparis.fr\/en\/the-museum-of-fairground-arts\/\"><strong>Museum of Fairground Arts<\/strong><\/a><\/li>\n\n\n\n<li><strong>The Cin\u00e9math\u00e8que fran\u00e7aise<\/strong><\/li>\n\n\n\n<li><strong>The <a href=\"https:\/\/www.familinparis.fr\/en\/the-ice-rink-at-the-accorhotels-arena\/\">ice rink<\/a><\/strong> at the AccorHotels Arena<\/li>\n<\/ul>\n","protected":false},"excerpt":{"rendered":"<p>A BALLOON SKY IN THE VILLAGE OF BERCY THINGS TO DO IN THE VILLAGE OF BERCY THINGS TO DO IN THE NEIGHBORHOOD<\/p>\n","protected":false},"author":6,"featured_media":131009,"comment_status":"open","ping_status":"open","sticky":false,"template":"","format":"standard","meta":{"_uag_custom_page_level_css":"","footnotes":""},"categories":[1253],"tags":[],"class_list":{"0":"post-136892","1":"post","2":"type-post","3":"status-publish","4":"format-standard","5":"has-post-thumbnail","7":"category-past-events"},"yoast_head":"<!-- This site is optimized with the Yoast SEO plugin v27.2 - https:\/\/yoast.com\/product\/yoast-seo-wordpress\/ -->\n<title>A balloon sky at the Village de Bercy - Free<\/title>\n<meta name=\"description\" content=\"After the umbrellas of the Royal Village, it is the turn of the Village de Bercy to welcome a work by the artist Patricia Cunha. Until August 2019 (free)\" \/>\n<meta name=\"robots\" content=\"index, follow, max-snippet:-1, max-image-preview:large, max-video-preview:-1\" \/>\n<link rel=\"canonical\" href=\"https:\/\/www.familinparis.fr\/en\/a-sky-of-colourful-balloons-at-the-village-de-bercy\/\" \/>\n<meta property=\"og:locale\" content=\"en_US\" \/>\n<meta property=\"og:type\" content=\"article\" \/>\n<meta property=\"og:title\" content=\"A balloon sky at the Village de Bercy - Free\" \/>\n<meta property=\"og:description\" content=\"After the umbrellas of the Royal Village, it is the turn of the Village de Bercy to welcome a work by the artist Patricia Cunha. Until August 2019 (free)\" \/>\n<meta property=\"og:url\" content=\"https:\/\/www.familinparis.fr\/en\/a-sky-of-colourful-balloons-at-the-village-de-bercy\/\" \/>\n<meta property=\"og:site_name\" content=\"Familin&#039;Paris\" \/>\n<meta property=\"article:published_time\" content=\"2019-06-07T11:43:09+00:00\" \/>\n<meta property=\"article:modified_time\" content=\"2024-11-16T15:35:17+00:00\" \/>\n<meta property=\"og:image\" content=\"https:\/\/www.familinparis.fr\/wp-content\/uploads\/pont-de-paris\/le-pont-notre-dame-quai-de-la-corse-FP.jpg\" \/>\n\t<meta property=\"og:image:width\" content=\"1920\" \/>\n\t<meta property=\"og:image:height\" content=\"1440\" \/>\n\t<meta property=\"og:image:type\" content=\"image\/jpeg\" \/>\n<meta name=\"author\" content=\"Agn\u00e8s\" \/>\n<meta name=\"twitter:card\" content=\"summary_large_image\" \/>\n<meta name=\"twitter:label1\" content=\"Written by\" \/>\n\t<meta name=\"twitter:data1\" content=\"Agn\u00e8s\" \/>\n\t<meta name=\"twitter:label2\" content=\"Est. reading time\" \/>\n\t<meta name=\"twitter:data2\" content=\"1 minute\" \/>\n<script type=\"application\/ld+json\" class=\"yoast-schema-graph\">{\"@context\":\"https:\/\/schema.org\",\"@graph\":[{\"@type\":\"Article\",\"@id\":\"https:\/\/www.familinparis.fr\/en\/a-sky-of-colourful-balloons-at-the-village-de-bercy\/#article\",\"isPartOf\":{\"@id\":\"https:\/\/www.familinparis.fr\/en\/a-sky-of-colourful-balloons-at-the-village-de-bercy\/\"},\"author\":{\"name\":\"Agn\u00e8s\",\"@id\":\"https:\/\/www.familinparis.fr\/en\/#\/schema\/person\/20deb9130cb58f76b535d316fe0aa31f\"},\"headline\":\"A sky of colourful balloons at the Village de Bercy\",\"datePublished\":\"2019-06-07T11:43:09+00:00\",\"dateModified\":\"2024-11-16T15:35:17+00:00\",\"mainEntityOfPage\":{\"@id\":\"https:\/\/www.familinparis.fr\/en\/a-sky-of-colourful-balloons-at-the-village-de-bercy\/\"},\"wordCount\":189,\"commentCount\":0,\"image\":{\"@id\":\"https:\/\/www.familinparis.fr\/en\/a-sky-of-colourful-balloons-at-the-village-de-bercy\/#primaryimage\"},\"thumbnailUrl\":\"https:\/\/www.familinparis.fr\/wp-content\/uploads\/pont-de-paris\/le-pont-notre-dame-quai-de-la-corse-FP.jpg\",\"articleSection\":[\"Past events\"],\"inLanguage\":\"en-US\",\"potentialAction\":[{\"@type\":\"CommentAction\",\"name\":\"Comment\",\"target\":[\"https:\/\/www.familinparis.fr\/en\/a-sky-of-colourful-balloons-at-the-village-de-bercy\/#respond\"]}]},{\"@type\":\"WebPage\",\"@id\":\"https:\/\/www.familinparis.fr\/en\/a-sky-of-colourful-balloons-at-the-village-de-bercy\/\",\"url\":\"https:\/\/www.familinparis.fr\/en\/a-sky-of-colourful-balloons-at-the-village-de-bercy\/\",\"name\":\"A balloon sky at the Village de Bercy - Free\",\"isPartOf\":{\"@id\":\"https:\/\/www.familinparis.fr\/en\/#website\"},\"primaryImageOfPage\":{\"@id\":\"https:\/\/www.familinparis.fr\/en\/a-sky-of-colourful-balloons-at-the-village-de-bercy\/#primaryimage\"},\"image\":{\"@id\":\"https:\/\/www.familinparis.fr\/en\/a-sky-of-colourful-balloons-at-the-village-de-bercy\/#primaryimage\"},\"thumbnailUrl\":\"https:\/\/www.familinparis.fr\/wp-content\/uploads\/pont-de-paris\/le-pont-notre-dame-quai-de-la-corse-FP.jpg\",\"datePublished\":\"2019-06-07T11:43:09+00:00\",\"dateModified\":\"2024-11-16T15:35:17+00:00\",\"author\":{\"@id\":\"https:\/\/www.familinparis.fr\/en\/#\/schema\/person\/20deb9130cb58f76b535d316fe0aa31f\"},\"description\":\"After the umbrellas of the Royal Village, it is the turn of the Village de Bercy to welcome a work by the artist Patricia Cunha. Until August 2019 (free)\",\"breadcrumb\":{\"@id\":\"https:\/\/www.familinparis.fr\/en\/a-sky-of-colourful-balloons-at-the-village-de-bercy\/#breadcrumb\"},\"inLanguage\":\"en-US\",\"potentialAction\":[{\"@type\":\"ReadAction\",\"target\":[\"https:\/\/www.familinparis.fr\/en\/a-sky-of-colourful-balloons-at-the-village-de-bercy\/\"]}]},{\"@type\":\"ImageObject\",\"inLanguage\":\"en-US\",\"@id\":\"https:\/\/www.familinparis.fr\/en\/a-sky-of-colourful-balloons-at-the-village-de-bercy\/#primaryimage\",\"url\":\"https:\/\/www.familinparis.fr\/wp-content\/uploads\/pont-de-paris\/le-pont-notre-dame-quai-de-la-corse-FP.jpg\",\"contentUrl\":\"https:\/\/www.familinparis.fr\/wp-content\/uploads\/pont-de-paris\/le-pont-notre-dame-quai-de-la-corse-FP.jpg\",\"width\":1920,\"height\":1440,\"caption\":\"Le pont Notre-Dame\"},{\"@type\":\"BreadcrumbList\",\"@id\":\"https:\/\/www.familinparis.fr\/en\/a-sky-of-colourful-balloons-at-the-village-de-bercy\/#breadcrumb\",\"itemListElement\":[{\"@type\":\"ListItem\",\"position\":1,\"name\":\"Home\",\"item\":\"https:\/\/www.familinparis.fr\/en\/\"},{\"@type\":\"ListItem\",\"position\":2,\"name\":\"Exposition\",\"item\":\"https:\/\/www.familinparis.fr\/en\/categorie\/exposition-en\/\"},{\"@type\":\"ListItem\",\"position\":3,\"name\":\"A sky of colourful balloons at the Village de Bercy\"}]},{\"@type\":\"WebSite\",\"@id\":\"https:\/\/www.familinparis.fr\/en\/#website\",\"url\":\"https:\/\/www.familinparis.fr\/en\/\",\"name\":\"Familin&#039;Paris\",\"description\":\"Visiter le meilleur de Paris avec des enfants : sorties, spectacles, adresses de restaurants, shopping, bons plans...\",\"potentialAction\":[{\"@type\":\"SearchAction\",\"target\":{\"@type\":\"EntryPoint\",\"urlTemplate\":\"https:\/\/www.familinparis.fr\/en\/?s={search_term_string}\"},\"query-input\":{\"@type\":\"PropertyValueSpecification\",\"valueRequired\":true,\"valueName\":\"search_term_string\"}}],\"inLanguage\":\"en-US\"},{\"@type\":\"Person\",\"@id\":\"https:\/\/www.familinparis.fr\/en\/#\/schema\/person\/20deb9130cb58f76b535d316fe0aa31f\",\"name\":\"Agn\u00e8s\",\"image\":{\"@type\":\"ImageObject\",\"inLanguage\":\"en-US\",\"@id\":\"https:\/\/secure.gravatar.com\/avatar\/0ff338e2776ca662585d438b3bc140cbe7b54659207d3329065be97ffb37fa5a?s=96&d=identicon&r=g\",\"url\":\"https:\/\/secure.gravatar.com\/avatar\/0ff338e2776ca662585d438b3bc140cbe7b54659207d3329065be97ffb37fa5a?s=96&d=identicon&r=g\",\"contentUrl\":\"https:\/\/secure.gravatar.com\/avatar\/0ff338e2776ca662585d438b3bc140cbe7b54659207d3329065be97ffb37fa5a?s=96&d=identicon&r=g\",\"caption\":\"Agn\u00e8s\"}}]}<\/script>\n<!-- \/ Yoast SEO plugin. -->","yoast_head_json":{"title":"A balloon sky at the Village de Bercy - Free","description":"After the umbrellas of the Royal Village, it is the turn of the Village de Bercy to welcome a work by the artist Patricia Cunha. Until August 2019 (free)","robots":{"index":"index","follow":"follow","max-snippet":"max-snippet:-1","max-image-preview":"max-image-preview:large","max-video-preview":"max-video-preview:-1"},"canonical":"https:\/\/www.familinparis.fr\/en\/a-sky-of-colourful-balloons-at-the-village-de-bercy\/","og_locale":"en_US","og_type":"article","og_title":"A balloon sky at the Village de Bercy - Free","og_description":"After the umbrellas of the Royal Village, it is the turn of the Village de Bercy to welcome a work by the artist Patricia Cunha. Until August 2019 (free)","og_url":"https:\/\/www.familinparis.fr\/en\/a-sky-of-colourful-balloons-at-the-village-de-bercy\/","og_site_name":"Familin&#039;Paris","article_published_time":"2019-06-07T11:43:09+00:00","article_modified_time":"2024-11-16T15:35:17+00:00","og_image":[{"width":1920,"height":1440,"url":"https:\/\/www.familinparis.fr\/wp-content\/uploads\/pont-de-paris\/le-pont-notre-dame-quai-de-la-corse-FP.jpg","type":"image\/jpeg"}],"author":"Agn\u00e8s","twitter_card":"summary_large_image","twitter_misc":{"Written by":"Agn\u00e8s","Est. reading time":"1 minute"},"schema":{"@context":"https:\/\/schema.org","@graph":[{"@type":"Article","@id":"https:\/\/www.familinparis.fr\/en\/a-sky-of-colourful-balloons-at-the-village-de-bercy\/#article","isPartOf":{"@id":"https:\/\/www.familinparis.fr\/en\/a-sky-of-colourful-balloons-at-the-village-de-bercy\/"},"author":{"name":"Agn\u00e8s","@id":"https:\/\/www.familinparis.fr\/en\/#\/schema\/person\/20deb9130cb58f76b535d316fe0aa31f"},"headline":"A sky of colourful balloons at the Village de Bercy","datePublished":"2019-06-07T11:43:09+00:00","dateModified":"2024-11-16T15:35:17+00:00","mainEntityOfPage":{"@id":"https:\/\/www.familinparis.fr\/en\/a-sky-of-colourful-balloons-at-the-village-de-bercy\/"},"wordCount":189,"commentCount":0,"image":{"@id":"https:\/\/www.familinparis.fr\/en\/a-sky-of-colourful-balloons-at-the-village-de-bercy\/#primaryimage"},"thumbnailUrl":"https:\/\/www.familinparis.fr\/wp-content\/uploads\/pont-de-paris\/le-pont-notre-dame-quai-de-la-corse-FP.jpg","articleSection":["Past events"],"inLanguage":"en-US","potentialAction":[{"@type":"CommentAction","name":"Comment","target":["https:\/\/www.familinparis.fr\/en\/a-sky-of-colourful-balloons-at-the-village-de-bercy\/#respond"]}]},{"@type":"WebPage","@id":"https:\/\/www.familinparis.fr\/en\/a-sky-of-colourful-balloons-at-the-village-de-bercy\/","url":"https:\/\/www.familinparis.fr\/en\/a-sky-of-colourful-balloons-at-the-village-de-bercy\/","name":"A balloon sky at the Village de Bercy - Free","isPartOf":{"@id":"https:\/\/www.familinparis.fr\/en\/#website"},"primaryImageOfPage":{"@id":"https:\/\/www.familinparis.fr\/en\/a-sky-of-colourful-balloons-at-the-village-de-bercy\/#primaryimage"},"image":{"@id":"https:\/\/www.familinparis.fr\/en\/a-sky-of-colourful-balloons-at-the-village-de-bercy\/#primaryimage"},"thumbnailUrl":"https:\/\/www.familinparis.fr\/wp-content\/uploads\/pont-de-paris\/le-pont-notre-dame-quai-de-la-corse-FP.jpg","datePublished":"2019-06-07T11:43:09+00:00","dateModified":"2024-11-16T15:35:17+00:00","author":{"@id":"https:\/\/www.familinparis.fr\/en\/#\/schema\/person\/20deb9130cb58f76b535d316fe0aa31f"},"description":"After the umbrellas of the Royal Village, it is the turn of the Village de Bercy to welcome a work by the artist Patricia Cunha. Until August 2019 (free)","breadcrumb":{"@id":"https:\/\/www.familinparis.fr\/en\/a-sky-of-colourful-balloons-at-the-village-de-bercy\/#breadcrumb"},"inLanguage":"en-US","potentialAction":[{"@type":"ReadAction","target":["https:\/\/www.familinparis.fr\/en\/a-sky-of-colourful-balloons-at-the-village-de-bercy\/"]}]},{"@type":"ImageObject","inLanguage":"en-US","@id":"https:\/\/www.familinparis.fr\/en\/a-sky-of-colourful-balloons-at-the-village-de-bercy\/#primaryimage","url":"https:\/\/www.familinparis.fr\/wp-content\/uploads\/pont-de-paris\/le-pont-notre-dame-quai-de-la-corse-FP.jpg","contentUrl":"https:\/\/www.familinparis.fr\/wp-content\/uploads\/pont-de-paris\/le-pont-notre-dame-quai-de-la-corse-FP.jpg","width":1920,"height":1440,"caption":"Le pont Notre-Dame"},{"@type":"BreadcrumbList","@id":"https:\/\/www.familinparis.fr\/en\/a-sky-of-colourful-balloons-at-the-village-de-bercy\/#breadcrumb","itemListElement":[{"@type":"ListItem","position":1,"name":"Home","item":"https:\/\/www.familinparis.fr\/en\/"},{"@type":"ListItem","position":2,"name":"Exposition","item":"https:\/\/www.familinparis.fr\/en\/categorie\/exposition-en\/"},{"@type":"ListItem","position":3,"name":"A sky of colourful balloons at the Village de Bercy"}]},{"@type":"WebSite","@id":"https:\/\/www.familinparis.fr\/en\/#website","url":"https:\/\/www.familinparis.fr\/en\/","name":"Familin&#039;Paris","description":"Visiter le meilleur de Paris avec des enfants : sorties, spectacles, adresses de restaurants, shopping, bons plans...","potentialAction":[{"@type":"SearchAction","target":{"@type":"EntryPoint","urlTemplate":"https:\/\/www.familinparis.fr\/en\/?s={search_term_string}"},"query-input":{"@type":"PropertyValueSpecification","valueRequired":true,"valueName":"search_term_string"}}],"inLanguage":"en-US"},{"@type":"Person","@id":"https:\/\/www.familinparis.fr\/en\/#\/schema\/person\/20deb9130cb58f76b535d316fe0aa31f","name":"Agn\u00e8s","image":{"@type":"ImageObject","inLanguage":"en-US","@id":"https:\/\/secure.gravatar.com\/avatar\/0ff338e2776ca662585d438b3bc140cbe7b54659207d3329065be97ffb37fa5a?s=96&d=identicon&r=g","url":"https:\/\/secure.gravatar.com\/avatar\/0ff338e2776ca662585d438b3bc140cbe7b54659207d3329065be97ffb37fa5a?s=96&d=identicon&r=g","contentUrl":"https:\/\/secure.gravatar.com\/avatar\/0ff338e2776ca662585d438b3bc140cbe7b54659207d3329065be97ffb37fa5a?s=96&d=identicon&r=g","caption":"Agn\u00e8s"}}]}},"uagb_featured_image_src":{"full":["https:\/\/www.familinparis.fr\/wp-content\/uploads\/pont-de-paris\/le-pont-notre-dame-quai-de-la-corse-FP.jpg",1920,1440,false],"thumbnail":["https:\/\/www.familinparis.fr\/wp-content\/uploads\/pont-de-paris\/le-pont-notre-dame-quai-de-la-corse-FP-150x150.jpg",150,150,true],"medium":["https:\/\/www.familinparis.fr\/wp-content\/uploads\/pont-de-paris\/le-pont-notre-dame-quai-de-la-corse-FP-300x225.jpg",300,225,true],"medium_large":["https:\/\/www.familinparis.fr\/wp-content\/uploads\/pont-de-paris\/le-pont-notre-dame-quai-de-la-corse-FP-768x576.jpg",768,576,true],"large":["https:\/\/www.familinparis.fr\/wp-content\/uploads\/pont-de-paris\/le-pont-notre-dame-quai-de-la-corse-FP-1024x768.jpg",770,578,true],"1536x1536":["https:\/\/www.familinparis.fr\/wp-content\/uploads\/pont-de-paris\/le-pont-notre-dame-quai-de-la-corse-FP-1536x1152.jpg",1536,1152,true],"2048x2048":["https:\/\/www.familinparis.fr\/wp-content\/uploads\/pont-de-paris\/le-pont-notre-dame-quai-de-la-corse-FP.jpg",1920,1440,false],"home-thumb":["https:\/\/www.familinparis.fr\/wp-content\/uploads\/pont-de-paris\/le-pont-notre-dame-quai-de-la-corse-FP-730x548.jpg",730,548,true],"home-slider":["https:\/\/www.familinparis.fr\/wp-content\/uploads\/pont-de-paris\/le-pont-notre-dame-quai-de-la-corse-FP-800x600.jpg",800,600,true],"lightbox-slider-size":["https:\/\/www.familinparis.fr\/wp-content\/uploads\/pont-de-paris\/le-pont-notre-dame-quai-de-la-corse-FP-564x282.jpg",564,282,true],"post-thumbnail":["https:\/\/www.familinparis.fr\/wp-content\/uploads\/pont-de-paris\/le-pont-notre-dame-quai-de-la-corse-FP-270x180.jpg",270,180,true],"cheerup-main":["https:\/\/www.familinparis.fr\/wp-content\/uploads\/pont-de-paris\/le-pont-notre-dame-quai-de-la-corse-FP-770x400.jpg",770,400,true],"cheerup-main-full":["https:\/\/www.familinparis.fr\/wp-content\/uploads\/pont-de-paris\/le-pont-notre-dame-quai-de-la-corse-FP-1170x508.jpg",1170,508,true],"cheerup-slider-alt":["https:\/\/www.familinparis.fr\/wp-content\/uploads\/pont-de-paris\/le-pont-notre-dame-quai-de-la-corse-FP-1170x508.jpg",1170,508,true],"cheerup-slider-trendy":["https:\/\/www.familinparis.fr\/wp-content\/uploads\/pont-de-paris\/le-pont-notre-dame-quai-de-la-corse-FP-960x508.jpg",960,508,true],"cheerup-slider-stylish":["https:\/\/www.familinparis.fr\/wp-content\/uploads\/pont-de-paris\/le-pont-notre-dame-quai-de-la-corse-FP-900x515.jpg",900,515,true],"cheerup-slider-grid":["https:\/\/www.familinparis.fr\/wp-content\/uploads\/pont-de-paris\/le-pont-notre-dame-quai-de-la-corse-FP-870x600.jpg",870,600,true],"cheerup-slider-grid-sm":["https:\/\/www.familinparis.fr\/wp-content\/uploads\/pont-de-paris\/le-pont-notre-dame-quai-de-la-corse-FP-300x300.jpg",300,300,true],"cheerup-slider-carousel":["https:\/\/www.familinparis.fr\/wp-content\/uploads\/pont-de-paris\/le-pont-notre-dame-quai-de-la-corse-FP-370x370.jpg",370,370,true],"cheerup-slider-grid-b":["https:\/\/www.familinparis.fr\/wp-content\/uploads\/pont-de-paris\/le-pont-notre-dame-quai-de-la-corse-FP-554x466.jpg",554,466,true],"cheerup-slider-grid-b-sm":["https:\/\/www.familinparis.fr\/wp-content\/uploads\/pont-de-paris\/le-pont-notre-dame-quai-de-la-corse-FP-306x466.jpg",306,466,true],"cheerup-slider-bold-sm":["https:\/\/www.familinparis.fr\/wp-content\/uploads\/pont-de-paris\/le-pont-notre-dame-quai-de-la-corse-FP-150x150.jpg",150,150,true],"cheerup-grid":["https:\/\/www.familinparis.fr\/wp-content\/uploads\/pont-de-paris\/le-pont-notre-dame-quai-de-la-corse-FP-370x285.jpg",370,285,true],"cheerup-carousel":["https:\/\/www.familinparis.fr\/wp-content\/uploads\/pont-de-paris\/le-pont-notre-dame-quai-de-la-corse-FP-270x180.jpg",270,180,true],"cheerup-carousel-b":["https:\/\/www.familinparis.fr\/wp-content\/uploads\/pont-de-paris\/le-pont-notre-dame-quai-de-la-corse-FP-370x285.jpg",370,285,true],"cheerup-list":["https:\/\/www.familinparis.fr\/wp-content\/uploads\/pont-de-paris\/le-pont-notre-dame-quai-de-la-corse-FP-260x200.jpg",260,200,true],"cheerup-list-b":["https:\/\/www.familinparis.fr\/wp-content\/uploads\/pont-de-paris\/le-pont-notre-dame-quai-de-la-corse-FP-370x305.jpg",370,305,true],"cheerup-thumb":["https:\/\/www.familinparis.fr\/wp-content\/uploads\/pont-de-paris\/le-pont-notre-dame-quai-de-la-corse-FP-87x67.jpg",87,67,true],"cheerup-thumb-alt":["https:\/\/www.familinparis.fr\/wp-content\/uploads\/pont-de-paris\/le-pont-notre-dame-quai-de-la-corse-FP-150x150.jpg",150,150,true]},"uagb_author_info":{"display_name":"Agn\u00e8s","author_link":"https:\/\/www.familinparis.fr\/en\/author\/agnes\/"},"uagb_comment_info":0,"uagb_excerpt":"A BALLOON SKY IN THE VILLAGE OF BERCY THINGS TO DO IN THE VILLAGE OF BERCY THINGS TO DO IN THE NEIGHBORHOOD","_links":{"self":[{"href":"https:\/\/www.familinparis.fr\/en\/wp-json\/wp\/v2\/posts\/136892","targetHints":{"allow":["GET"]}}],"collection":[{"href":"https:\/\/www.familinparis.fr\/en\/wp-json\/wp\/v2\/posts"}],"about":[{"href":"https:\/\/www.familinparis.fr\/en\/wp-json\/wp\/v2\/types\/post"}],"author":[{"embeddable":true,"href":"https:\/\/www.familinparis.fr\/en\/wp-json\/wp\/v2\/users\/6"}],"replies":[{"embeddable":true,"href":"https:\/\/www.familinparis.fr\/en\/wp-json\/wp\/v2\/comments?post=136892"}],"version-history":[{"count":0,"href":"https:\/\/www.familinparis.fr\/en\/wp-json\/wp\/v2\/posts\/136892\/revisions"}],"wp:featuredmedia":[{"embeddable":true,"href":"https:\/\/www.familinparis.fr\/en\/wp-json\/wp\/v2\/media\/131009"}],"wp:attachment":[{"href":"https:\/\/www.familinparis.fr\/en\/wp-json\/wp\/v2\/media?parent=136892"}],"wp:term":[{"taxonomy":"category","embeddable":true,"href":"https:\/\/www.familinparis.fr\/en\/wp-json\/wp\/v2\/categories?post=136892"},{"taxonomy":"post_tag","embeddable":true,"href":"https:\/\/www.familinparis.fr\/en\/wp-json\/wp\/v2\/tags?post=136892"}],"curies":[{"name":"wp","href":"https:\/\/api.w.org\/{rel}","templated":true}]}}