{"id":136825,"date":"2024-06-10T19:19:07","date_gmt":"2024-06-10T17:19:07","guid":{"rendered":"https:\/\/www.familinparis.fr\/rainbow-urban-farm\/"},"modified":"2024-11-16T17:34:50","modified_gmt":"2024-11-16T15:34:50","slug":"rainbow-urban-farm","status":"publish","type":"post","link":"https:\/\/www.familinparis.fr\/en\/rainbow-urban-farm\/","title":{"rendered":"Rainbow Urban Farm"},"content":{"rendered":"<div class=\"lazyblock-baseline-1QRYPW wp-block-lazyblock-baseline\"><div class=\"baseline\">Goats, ducks, pigs, sheep&#8230;<\/div><\/div><div class=\"wp-block-image\">\n<figure class=\"aligncenter size-large is-resized\"><img decoding=\"async\" width=\"800\" height=\"593\" src=\"\/wp-content\/uploads\/Animaux\/dessins\/fille-mouton-1.jpg\" alt=\"Gally farm hours\" class=\"wp-image-18666\" style=\"width:200px;height:148px\" srcset=\"https:\/\/www.familinparis.fr\/wp-content\/uploads\/Animaux\/dessins\/fille-mouton-1.jpg 800w, https:\/\/www.familinparis.fr\/wp-content\/uploads\/Animaux\/dessins\/fille-mouton-1-300x222.jpg 300w, https:\/\/www.familinparis.fr\/wp-content\/uploads\/Animaux\/dessins\/fille-mouton-1-768x569.jpg 768w, https:\/\/www.familinparis.fr\/wp-content\/uploads\/Animaux\/dessins\/fille-mouton-1-730x541.jpg 730w\" sizes=\"(max-width: 800px) 100vw, 800px\" \/><\/figure>\n<\/div>\n<div style=\"height:30px\" aria-hidden=\"true\" class=\"wp-block-spacer\"><\/div>\n\n<div class=\"wp-block-columns is-layout-flex wp-container-core-columns-is-layout-9d6595d7 wp-block-columns-is-layout-flex\">\n<div class=\"wp-block-column is-layout-flow wp-block-column-is-layout-flow\">\n<section class=\"wp-block-uagb-section uagb-section__wrap uagb-section__background-color uagb-block-60750752\"><div class=\"uagb-section__overlay\"><\/div><div class=\"uagb-section__inner-wrap\">\n<h2 class=\"wp-block-heading\">Rainbow Urban Farm<\/h2>\n\n\n\n<p>It is an eco-participatory urban farm that celebrated its 1st anniversary in September 2020. Like <a href=\"https:\/\/www.familinparis.fr\/en\/the-paris-farm\/\">the Ferme de Paris<\/a>, this farm educates in particular in terms of ecology, respect for nature, sustainable development and recycling. It is an educational &#8220;support&#8221; for children living in urban areas, a little corner of nature for urban families. It is located about 25 km from the centre of Paris and is served by the RER E.     <\/p>\n\n\n\n<p>Pedagogy, ecology, respect for nature are values that the Rainbow farm would like to pass on to the younger generations. Raising awareness among children and adults alike by putting nature back at the heart of the city   <\/p>\n\n\n\n<p><strong>A nice initiative!<\/strong><\/p>\n\n\n\n<p>The Rainbow farm offered the inhabitants to drop off their Christmas trees to feed the goats (the trees are full of good vitamins). The success was immediate! The trees were recycled and the goats, who are very fond of the foliage, enjoyed themselves  <\/p>\n\n\n\n<div class=\"wp-block-buttons is-horizontal is-content-justification-center is-layout-flex wp-container-core-buttons-is-layout-499968f5 wp-block-buttons-is-layout-flex\">\n<div class=\"wp-block-button\"><a class=\"wp-block-button__link has-white-color has-text-color has-background wp-element-button\" href=\"https:\/\/www.fermerainbow.com\/billetterie\/\" style=\"background-color:#db384b\" target=\"_blank\" rel=\"noreferrer noopener nofollow\">Urban Farm Tickets<\/a><\/div>\n<\/div>\n<\/div><\/section>\n<\/div>\n\n\n\n<div class=\"wp-block-column is-layout-flow wp-block-column-is-layout-flow\">\n<section class=\"wp-block-uagb-section uagb-section__wrap uagb-section__background-color uagb-block-c50da6e7\"><div class=\"uagb-section__overlay\"><\/div><div class=\"uagb-section__inner-wrap\">\n<h2 class=\"wp-block-heading\">Useful information<\/h2>\n\n\n\n<ul class=\"wp-block-list\">\n<li><strong>Outside school holidays<\/strong> : from 10 am to 6 pm on Wednesday, Friday, Saturday (until 7 pm and closed from 12 pm to 2 pm) and Sunday  <\/li>\n\n\n\n<li><strong>School holidays<\/strong> : from 10 am to 6 pm on Monday, Wednesday, Thursday, Saturday (closed from 12 pm to 2 pm) and Sunday<\/li>\n<\/ul>\n\n\n\n<h2 class=\"wp-block-heading\"><strong>Prices for the farm visit<\/strong><\/h2>\n\n\n\n<ul class=\"wp-block-list\">\n<li><strong>Child\/adult rate<\/strong> : from \u20ac4 per person (several price lists)<\/li>\n\n\n\n<li>Preferential rates for the inhabitants of Noisy-le-Grand  <\/li>\n\n\n\n<li><span style=\"background-color:rgba(0, 0, 0, 0)\" class=\"has-inline-color has-vivid-red-color\">Free for children under 2 years old<\/span><\/li>\n<\/ul>\n<\/div><\/section>\n<\/div>\n<\/div>\n<div class=\"lazyblock-grids-1hKrxg wp-block-lazyblock-grids\"><div class=\"row new-grids grids-style-2\">\n        <div class=\"col-12 grid-title\">\n        <h2 class=\"c-blue\">Educational farms around Paris<\/h2>\n\n            <\/div>\n        \n    <div class=\"col-12 grids columns-4\">\n        \n\n<div class=\"grid\">\n\t<a href=\"https:\/\/www.familinparis.fr\/en\/atelier-pain-et-visite-ferme-de-gally-saint-cyr-78\/\" target=\"_self\">\n\t    <div class=\"image\" style=\"background-image:url('https:\/\/www.familinparis.fr\/wp-content\/uploads\/Animaux\/poules-sh_24331018-564x282.jpg')\">\n\t    \t\t    \t<div class=\"dateOnImg\">Jusqu&#8217;au 30 avril 2025<\/div>\n\t    \t\t\t\t\t    <\/div>\n\t    <div class=\"texte\">\n\t        <h5>Ferme ouverte de Saint-Cyr-l&#8217;Ecole<\/h5>\n\t        <h3>Bread and animal workshop, at the Ferme de Gally Saint-Cyr (78)<\/h3>\n\t        <div class=\"tags\">\n\t        \t\t        \t\t<span>de 3 \u00e0 12 ans <\/span>\n\t        \t\t        \t<span>45 min<\/span>\n\t        <\/div>\n\t        <div class=\"bas\">\n        \t\t<div class=\"prix\">\n        \t\t\t        \t\t<\/div>\n            \t<div class=\"review-stars\" data-productId=\"\">\n            \t<\/div>\n\t        <\/div>\n\t    <\/div>\n\t<\/a>\n<\/div>\n\n<div class=\"grid\">\n\t<a href=\"https:\/\/www.familinparis.fr\/en\/educational-farm-in-paris-noahs-world-for-children\/\" target=\"_self\">\n\t    <div class=\"image\" style=\"background-image:url('https:\/\/www.familinparis.fr\/wp-content\/uploads\/Animaux\/Monde-de-Noe\/Monde-de-noe--564x282.jpg')\">\n\t    \t\t    \t<div class=\"dateOnImg\">7j\/7<\/div>\n\t    \t\t\t\t\t\t\t\t<div class=\"rond-blanc-age\"><span>from <span class=\"age-number\">1<\/span> yo<\/span><\/div>\n\t\t\t\t    <\/div>\n\t    <div class=\"texte\">\n\t        <h5>Dans le 14\u00e8me et le 16\u00e8me <\/h5>\n\t        <h3>Finding Noah, the immersive experience on the animal world<\/h3>\n\t        <div class=\"tags\">\n\t        \t\t        \t\t<span>Ferme p\u00e9dadogique<\/span>\n\t        \t\t        \t<span>1h environ<\/span>\n\t        <\/div>\n\t        <div class=\"bas\">\n        \t\t<div class=\"prix\">\n        \t\t\t        \t\t<\/div>\n            \t<div class=\"review-stars\" data-productId=\"\">\n            \t<\/div>\n\t        <\/div>\n\t    <\/div>\n\t<\/a>\n<\/div>\n\n<div class=\"grid\">\n\t<a href=\"https:\/\/www.familinparis.fr\/en\/bread-and-animals-workshop-at-ferme-de-gally-in-sartrouville\/\" target=\"_self\">\n\t    <div class=\"image\" style=\"background-image:url('https:\/\/www.familinparis.fr\/wp-content\/uploads\/2024\/11\/atelier-fabrication-pain-564x282.jpg')\">\n\t    \t\t    \t<div class=\"dateOnImg\">Jusqu&#8217;au 30 avril 2025<\/div>\n\t    \t\t\t\t\t    <\/div>\n\t    <div class=\"texte\">\n\t        <h5>Ferme de Gally Sartrouville<\/h5>\n\t        <h3>Bread and animal workshop at the Ferme de Gally in Sartrouville (78)<\/h3>\n\t        <div class=\"tags\">\n\t        \t\t        \t\t<span>de 3 \u00e0 12 ans <\/span>\n\t        \t\t        \t<span>45min<\/span>\n\t        <\/div>\n\t        <div class=\"bas\">\n        \t\t<div class=\"prix\">\n        \t\t\t        \t\t<\/div>\n            \t<div class=\"review-stars\" data-productId=\"\">\n            \t<\/div>\n\t        <\/div>\n\t    <\/div>\n\t<\/a>\n<\/div>\n\n<div class=\"grid\">\n\t<a href=\"https:\/\/www.familinparis.fr\/en\/bread-and-animal-workshop-at-the-saint-denis-farm\/\" target=\"_self\">\n\t    <div class=\"image\" style=\"background-image:url('https:\/\/www.familinparis.fr\/wp-content\/uploads\/Animaux\/ferme\/ferme-pedagogique-mouton-564x282.jpg')\">\n\t    \t\t    \t<div class=\"dateOnImg\">Jusqu&#8217;au 13 avril 2025<\/div>\n\t    \t\t\t\t\t    <\/div>\n\t    <div class=\"texte\">\n\t        <h5>La Ferme ouverte de de saint-Denis<\/h5>\n\t        <h3>Bread and Animals Workshop, at the Open Farm of Saint-Denis<\/h3>\n\t        <div class=\"tags\">\n\t        \t\t        \t\t<span>de 3 \u00e0 12 ans <\/span>\n\t        \t\t        \t<span>atelier de 45min <\/span>\n\t        <\/div>\n\t        <div class=\"bas\">\n        \t\t<div class=\"prix\">\n        \t\t\t        \t\t<\/div>\n            \t<div class=\"review-stars\" data-productId=\"\">\n            \t<\/div>\n\t        <\/div>\n\t    <\/div>\n\t<\/a>\n<\/div>    <\/div>\n\n            <div class=\"col-12 t-center m-b-20\">\n            <div class=\"labels__fam\">\n                                    <a href=\"\/ferme-pedagogique-ile-de-france\/\" class=\"labels__fam-color-secondary labels__fam-radius-rounded\">\n                        See all educational farms                    <\/a>\n                            <\/div>\n        <\/div>\n    \n    \n\n<\/div>\n<\/div>\n<div style=\"height:39px\" aria-hidden=\"true\" class=\"wp-block-spacer\"><\/div>\n<div class=\"lazyblock-grids-YC950 wp-block-lazyblock-grids\"><div class=\"row new-grids grids-style-2\">\n        <div class=\"col-12 grid-title\">\n        <h2 class=\"c-blue\">What to do in the east of Paris?<\/h2>\n\n            <\/div>\n        \n    <div class=\"col-12 grids columns-4\">\n        \n\n<div class=\"grid\">\n\t<a href=\"https:\/\/www.familinparis.fr\/en\/ouvert-le-1er-mai\/\" target=\"_self\">\n\t    <div class=\"image\" style=\"background-image:url('https:\/\/www.familinparis.fr\/wp-content\/uploads\/Quartier\/palais-royal-colonne-buren-paris-enfant-SH-564x282.jpg')\">\n\t    \t\t\t\t\t    <\/div>\n\t    <div class=\"texte\">\n\t        <h5>In and around Paris<\/h5>\n\t        <h3>What to do in Paris on May 1, 2026? It&#8217;s Friday, a long weekend is looming!<\/h3>\n\t        <div class=\"tags\">\n\t        \t\t        \t<span><\/span>\n\t        <\/div>\n\t        <div class=\"bas\">\n        \t\t<div class=\"prix\">\n        \t\t\t        \t\t<\/div>\n            \t<div class=\"review-stars\" data-productId=\"\">\n            \t<\/div>\n\t        <\/div>\n\t    <\/div>\n\t<\/a>\n<\/div>\n\n<div class=\"grid\">\n\t<a href=\"https:\/\/www.familinparis.fr\/en\/gathering-farms-around-paris\/\" target=\"_self\">\n\t    <div class=\"image\" style=\"background-image:url('https:\/\/www.familinparis.fr\/wp-content\/uploads\/LOISIRS\/fermes\/ferme-cueillette-paris-564x282.jpg')\">\n\t    \t\t\t\t\t    <\/div>\n\t    <div class=\"texte\">\n\t        <h5><\/h5>\n\t        <h3>Gathering farms around Paris<\/h3>\n\t        <div class=\"tags\">\n\t        \t\t        \t<span><\/span>\n\t        <\/div>\n\t        <div class=\"bas\">\n        \t\t<div class=\"prix\">\n        \t\t\t        \t\t<\/div>\n            \t<div class=\"review-stars\" data-productId=\"\">\n            \t<\/div>\n\t        <\/div>\n\t    <\/div>\n\t<\/a>\n<\/div>\n\n<div class=\"grid\">\n\t<a href=\"https:\/\/www.familinparis.fr\/en\/gulli-park-bry-sur-marne-val-de-marne-94\/\" target=\"_self\">\n\t    <div class=\"image\" style=\"background-image:url('https:\/\/www.familinparis.fr\/wp-content\/uploads\/2025\/12\/SPJ_7991-564x282.jpg')\">\n\t    \t\t    \t<div class=\"dateOnImg\">Toute l&#8217;ann\u00e9e<\/div>\n\t    \t\t\t\t\t\t\t\t<div class=\"rond-blanc-age\"><span>from <span class=\"age-number\">12<\/span> mo to <span class=\"age-number\">12<\/span> yo<\/span><\/div>\n\t\t\t\t    <\/div>\n\t    <div class=\"texte\">\n\t        <h5>Gulli Parc de Bry-sur-Marne (77)<\/h5>\n\t        <h3>Gulli Parc in Bry-sur-Marne (94)<\/h3>\n\t        <div class=\"tags\">\n\t        \t\t        \t\t<span>Parc de loisirs<\/span>\n\t        \t\t        \t<span>Toute la journ\u00e9e<\/span>\n\t        <\/div>\n\t        <div class=\"bas\">\n        \t\t<div class=\"prix\">\n        \t\t\t\t        \t\t\t<span>From<\/span>\n\t        \t\t\t<span class=\"\">9,50\u20ac<\/span>\n\t        \t\t\t\t        \t\t        \t\t<\/div>\n            \t<div class=\"review-stars\" data-productId=\"\">\n            \t<\/div>\n\t        <\/div>\n\t    <\/div>\n\t<\/a>\n<\/div>\n\n<div class=\"grid\">\n\t<a href=\"https:\/\/www.familinparis.fr\/en\/educational-farms-around-paris\/\" target=\"_self\">\n\t    <div class=\"image\" style=\"background-image:url('https:\/\/www.familinparis.fr\/wp-content\/uploads\/LOISIRS\/fermes\/ferme-pedagogique-poule-rousse-564x282.jpg')\">\n\t    \t\t\t\t\t    <\/div>\n\t    <div class=\"texte\">\n\t        <h5><\/h5>\n\t        <h3>Educational farms around Paris<\/h3>\n\t        <div class=\"tags\">\n\t        \t\t        \t<span><\/span>\n\t        <\/div>\n\t        <div class=\"bas\">\n        \t\t<div class=\"prix\">\n        \t\t\t        \t\t<\/div>\n            \t<div class=\"review-stars\" data-productId=\"\">\n            \t<\/div>\n\t        <\/div>\n\t    <\/div>\n\t<\/a>\n<\/div>    <\/div>\n\n            <div class=\"col-12 t-center m-b-20\">\n            <div class=\"labels__fam\">\n                                    <a href=\"\/activite-et-sortie-en-famille-94-77\/\" class=\"labels__fam-color-secondary labels__fam-radius-rounded\">\n                        Outings in the Val-de-Marne                    <\/a>\n                            <\/div>\n        <\/div>\n    \n    \n\n<\/div>\n<\/div>\n<div style=\"height:50px\" aria-hidden=\"true\" class=\"wp-block-spacer\"><\/div>\n","protected":false},"excerpt":{"rendered":"<p>goats from the Rainbow urban farm in Noisy-le-Grand<\/p>\n","protected":false},"author":6,"featured_media":129995,"comment_status":"open","ping_status":"open","sticky":false,"template":"","format":"standard","meta":{"_uag_custom_page_level_css":"","footnotes":""},"categories":[1242,1337],"tags":[1317,1386,1375,1208,1226,1209,1183,1404,1424,1512,1077],"class_list":{"0":"post-136825","1":"post","2":"type-post","3":"status-publish","4":"format-standard","5":"has-post-thumbnail","7":"category-animals","8":"category-farm","9":"tag-east","10":"tag-easter-holidays","11":"tag-february-holidays","12":"tag-for-3-6-year-olds","13":"tag-for-7-12-year-olds","14":"tag-good-looking","15":"tag-ile-de-france","16":"tag-less-than-10-euros","17":"tag-seine-saint-denis-en","18":"tag-vacances-d-ete","19":"tag-vacances-de-paques"},"yoast_head":"<!-- This site is optimized with the Yoast SEO plugin v27.2 - https:\/\/yoast.com\/product\/yoast-seo-wordpress\/ -->\n<title>The Rainbow urban farm in Noisy-le-Grand<\/title>\n<meta name=\"description\" content=\"It is located in Noisy-le-Grand in the 93. A farm to raise awareness among families about ecology, recycling and sustainable development.\" \/>\n<meta name=\"robots\" content=\"index, follow, max-snippet:-1, max-image-preview:large, max-video-preview:-1\" \/>\n<link rel=\"canonical\" href=\"https:\/\/www.familinparis.fr\/en\/rainbow-urban-farm\/\" \/>\n<meta property=\"og:locale\" content=\"en_US\" \/>\n<meta property=\"og:type\" content=\"article\" \/>\n<meta property=\"og:title\" content=\"The Rainbow urban farm in Noisy-le-Grand\" \/>\n<meta property=\"og:description\" content=\"It is located in Noisy-le-Grand in the 93. A farm to raise awareness among families about ecology, recycling and sustainable development.\" \/>\n<meta property=\"og:url\" content=\"https:\/\/www.familinparis.fr\/en\/rainbow-urban-farm\/\" \/>\n<meta property=\"og:site_name\" content=\"Familin&#039;Paris\" \/>\n<meta property=\"article:published_time\" content=\"2024-06-10T17:19:07+00:00\" \/>\n<meta property=\"article:modified_time\" content=\"2024-11-16T15:34:50+00:00\" \/>\n<meta property=\"og:image\" content=\"https:\/\/www.familinparis.fr\/wp-content\/uploads\/LOISIRS\/fermes\/chevres-ferme-urbaine.jpg\" \/>\n\t<meta property=\"og:image:width\" content=\"1200\" \/>\n\t<meta property=\"og:image:height\" content=\"771\" \/>\n\t<meta property=\"og:image:type\" content=\"image\/jpeg\" \/>\n<meta name=\"author\" content=\"Agn\u00e8s\" \/>\n<meta name=\"twitter:card\" content=\"summary_large_image\" \/>\n<meta name=\"twitter:label1\" content=\"Written by\" \/>\n\t<meta name=\"twitter:data1\" content=\"Agn\u00e8s\" \/>\n\t<meta name=\"twitter:label2\" content=\"Est. reading time\" \/>\n\t<meta name=\"twitter:data2\" content=\"1 minute\" \/>\n<script type=\"application\/ld+json\" class=\"yoast-schema-graph\">{\"@context\":\"https:\/\/schema.org\",\"@graph\":[{\"@type\":\"Article\",\"@id\":\"https:\/\/www.familinparis.fr\/en\/rainbow-urban-farm\/#article\",\"isPartOf\":{\"@id\":\"https:\/\/www.familinparis.fr\/en\/rainbow-urban-farm\/\"},\"author\":{\"name\":\"Agn\u00e8s\",\"@id\":\"https:\/\/www.familinparis.fr\/en\/#\/schema\/person\/20deb9130cb58f76b535d316fe0aa31f\"},\"headline\":\"Rainbow Urban Farm\",\"datePublished\":\"2024-06-10T17:19:07+00:00\",\"dateModified\":\"2024-11-16T15:34:50+00:00\",\"mainEntityOfPage\":{\"@id\":\"https:\/\/www.familinparis.fr\/en\/rainbow-urban-farm\/\"},\"wordCount\":230,\"commentCount\":0,\"image\":{\"@id\":\"https:\/\/www.familinparis.fr\/en\/rainbow-urban-farm\/#primaryimage\"},\"thumbnailUrl\":\"https:\/\/www.familinparis.fr\/wp-content\/uploads\/LOISIRS\/fermes\/chevres-ferme-urbaine.jpg\",\"keywords\":[\"east\",\"Easter holidays\",\"February holidays\",\"For 3-6 year olds\",\"For 7-12 year olds\",\"Good looking\",\"Ile de France\",\"Less than 10 euros\",\"Seine-Saint-Denis\",\"Vacances d'\u00e9t\u00e9\",\"Vacances de P\u00e2ques\"],\"articleSection\":[\"Animals\",\"Farm\"],\"inLanguage\":\"en-US\",\"potentialAction\":[{\"@type\":\"CommentAction\",\"name\":\"Comment\",\"target\":[\"https:\/\/www.familinparis.fr\/en\/rainbow-urban-farm\/#respond\"]}]},{\"@type\":\"WebPage\",\"@id\":\"https:\/\/www.familinparis.fr\/en\/rainbow-urban-farm\/\",\"url\":\"https:\/\/www.familinparis.fr\/en\/rainbow-urban-farm\/\",\"name\":\"The Rainbow urban farm in Noisy-le-Grand\",\"isPartOf\":{\"@id\":\"https:\/\/www.familinparis.fr\/en\/#website\"},\"primaryImageOfPage\":{\"@id\":\"https:\/\/www.familinparis.fr\/en\/rainbow-urban-farm\/#primaryimage\"},\"image\":{\"@id\":\"https:\/\/www.familinparis.fr\/en\/rainbow-urban-farm\/#primaryimage\"},\"thumbnailUrl\":\"https:\/\/www.familinparis.fr\/wp-content\/uploads\/LOISIRS\/fermes\/chevres-ferme-urbaine.jpg\",\"datePublished\":\"2024-06-10T17:19:07+00:00\",\"dateModified\":\"2024-11-16T15:34:50+00:00\",\"author\":{\"@id\":\"https:\/\/www.familinparis.fr\/en\/#\/schema\/person\/20deb9130cb58f76b535d316fe0aa31f\"},\"description\":\"It is located in Noisy-le-Grand in the 93. A farm to raise awareness among families about ecology, recycling and sustainable development.\",\"breadcrumb\":{\"@id\":\"https:\/\/www.familinparis.fr\/en\/rainbow-urban-farm\/#breadcrumb\"},\"inLanguage\":\"en-US\",\"potentialAction\":[{\"@type\":\"ReadAction\",\"target\":[\"https:\/\/www.familinparis.fr\/en\/rainbow-urban-farm\/\"]}]},{\"@type\":\"ImageObject\",\"inLanguage\":\"en-US\",\"@id\":\"https:\/\/www.familinparis.fr\/en\/rainbow-urban-farm\/#primaryimage\",\"url\":\"https:\/\/www.familinparis.fr\/wp-content\/uploads\/LOISIRS\/fermes\/chevres-ferme-urbaine.jpg\",\"contentUrl\":\"https:\/\/www.familinparis.fr\/wp-content\/uploads\/LOISIRS\/fermes\/chevres-ferme-urbaine.jpg\",\"width\":1200,\"height\":771},{\"@type\":\"BreadcrumbList\",\"@id\":\"https:\/\/www.familinparis.fr\/en\/rainbow-urban-farm\/#breadcrumb\",\"itemListElement\":[{\"@type\":\"ListItem\",\"position\":1,\"name\":\"Home\",\"item\":\"https:\/\/www.familinparis.fr\/en\/\"},{\"@type\":\"ListItem\",\"position\":2,\"name\":\"Exposition\",\"item\":\"https:\/\/www.familinparis.fr\/en\/categorie\/exposition-en\/\"},{\"@type\":\"ListItem\",\"position\":3,\"name\":\"Rainbow Urban Farm\"}]},{\"@type\":\"WebSite\",\"@id\":\"https:\/\/www.familinparis.fr\/en\/#website\",\"url\":\"https:\/\/www.familinparis.fr\/en\/\",\"name\":\"Familin&#039;Paris\",\"description\":\"Visiter le meilleur de Paris avec des enfants : sorties, spectacles, adresses de restaurants, shopping, bons plans...\",\"potentialAction\":[{\"@type\":\"SearchAction\",\"target\":{\"@type\":\"EntryPoint\",\"urlTemplate\":\"https:\/\/www.familinparis.fr\/en\/?s={search_term_string}\"},\"query-input\":{\"@type\":\"PropertyValueSpecification\",\"valueRequired\":true,\"valueName\":\"search_term_string\"}}],\"inLanguage\":\"en-US\"},{\"@type\":\"Person\",\"@id\":\"https:\/\/www.familinparis.fr\/en\/#\/schema\/person\/20deb9130cb58f76b535d316fe0aa31f\",\"name\":\"Agn\u00e8s\",\"image\":{\"@type\":\"ImageObject\",\"inLanguage\":\"en-US\",\"@id\":\"https:\/\/secure.gravatar.com\/avatar\/0ff338e2776ca662585d438b3bc140cbe7b54659207d3329065be97ffb37fa5a?s=96&d=identicon&r=g\",\"url\":\"https:\/\/secure.gravatar.com\/avatar\/0ff338e2776ca662585d438b3bc140cbe7b54659207d3329065be97ffb37fa5a?s=96&d=identicon&r=g\",\"contentUrl\":\"https:\/\/secure.gravatar.com\/avatar\/0ff338e2776ca662585d438b3bc140cbe7b54659207d3329065be97ffb37fa5a?s=96&d=identicon&r=g\",\"caption\":\"Agn\u00e8s\"}}]}<\/script>\n<!-- \/ Yoast SEO plugin. -->","yoast_head_json":{"title":"The Rainbow urban farm in Noisy-le-Grand","description":"It is located in Noisy-le-Grand in the 93. A farm to raise awareness among families about ecology, recycling and sustainable development.","robots":{"index":"index","follow":"follow","max-snippet":"max-snippet:-1","max-image-preview":"max-image-preview:large","max-video-preview":"max-video-preview:-1"},"canonical":"https:\/\/www.familinparis.fr\/en\/rainbow-urban-farm\/","og_locale":"en_US","og_type":"article","og_title":"The Rainbow urban farm in Noisy-le-Grand","og_description":"It is located in Noisy-le-Grand in the 93. A farm to raise awareness among families about ecology, recycling and sustainable development.","og_url":"https:\/\/www.familinparis.fr\/en\/rainbow-urban-farm\/","og_site_name":"Familin&#039;Paris","article_published_time":"2024-06-10T17:19:07+00:00","article_modified_time":"2024-11-16T15:34:50+00:00","og_image":[{"width":1200,"height":771,"url":"https:\/\/www.familinparis.fr\/wp-content\/uploads\/LOISIRS\/fermes\/chevres-ferme-urbaine.jpg","type":"image\/jpeg"}],"author":"Agn\u00e8s","twitter_card":"summary_large_image","twitter_misc":{"Written by":"Agn\u00e8s","Est. reading time":"1 minute"},"schema":{"@context":"https:\/\/schema.org","@graph":[{"@type":"Article","@id":"https:\/\/www.familinparis.fr\/en\/rainbow-urban-farm\/#article","isPartOf":{"@id":"https:\/\/www.familinparis.fr\/en\/rainbow-urban-farm\/"},"author":{"name":"Agn\u00e8s","@id":"https:\/\/www.familinparis.fr\/en\/#\/schema\/person\/20deb9130cb58f76b535d316fe0aa31f"},"headline":"Rainbow Urban Farm","datePublished":"2024-06-10T17:19:07+00:00","dateModified":"2024-11-16T15:34:50+00:00","mainEntityOfPage":{"@id":"https:\/\/www.familinparis.fr\/en\/rainbow-urban-farm\/"},"wordCount":230,"commentCount":0,"image":{"@id":"https:\/\/www.familinparis.fr\/en\/rainbow-urban-farm\/#primaryimage"},"thumbnailUrl":"https:\/\/www.familinparis.fr\/wp-content\/uploads\/LOISIRS\/fermes\/chevres-ferme-urbaine.jpg","keywords":["east","Easter holidays","February holidays","For 3-6 year olds","For 7-12 year olds","Good looking","Ile de France","Less than 10 euros","Seine-Saint-Denis","Vacances d'\u00e9t\u00e9","Vacances de P\u00e2ques"],"articleSection":["Animals","Farm"],"inLanguage":"en-US","potentialAction":[{"@type":"CommentAction","name":"Comment","target":["https:\/\/www.familinparis.fr\/en\/rainbow-urban-farm\/#respond"]}]},{"@type":"WebPage","@id":"https:\/\/www.familinparis.fr\/en\/rainbow-urban-farm\/","url":"https:\/\/www.familinparis.fr\/en\/rainbow-urban-farm\/","name":"The Rainbow urban farm in Noisy-le-Grand","isPartOf":{"@id":"https:\/\/www.familinparis.fr\/en\/#website"},"primaryImageOfPage":{"@id":"https:\/\/www.familinparis.fr\/en\/rainbow-urban-farm\/#primaryimage"},"image":{"@id":"https:\/\/www.familinparis.fr\/en\/rainbow-urban-farm\/#primaryimage"},"thumbnailUrl":"https:\/\/www.familinparis.fr\/wp-content\/uploads\/LOISIRS\/fermes\/chevres-ferme-urbaine.jpg","datePublished":"2024-06-10T17:19:07+00:00","dateModified":"2024-11-16T15:34:50+00:00","author":{"@id":"https:\/\/www.familinparis.fr\/en\/#\/schema\/person\/20deb9130cb58f76b535d316fe0aa31f"},"description":"It is located in Noisy-le-Grand in the 93. A farm to raise awareness among families about ecology, recycling and sustainable development.","breadcrumb":{"@id":"https:\/\/www.familinparis.fr\/en\/rainbow-urban-farm\/#breadcrumb"},"inLanguage":"en-US","potentialAction":[{"@type":"ReadAction","target":["https:\/\/www.familinparis.fr\/en\/rainbow-urban-farm\/"]}]},{"@type":"ImageObject","inLanguage":"en-US","@id":"https:\/\/www.familinparis.fr\/en\/rainbow-urban-farm\/#primaryimage","url":"https:\/\/www.familinparis.fr\/wp-content\/uploads\/LOISIRS\/fermes\/chevres-ferme-urbaine.jpg","contentUrl":"https:\/\/www.familinparis.fr\/wp-content\/uploads\/LOISIRS\/fermes\/chevres-ferme-urbaine.jpg","width":1200,"height":771},{"@type":"BreadcrumbList","@id":"https:\/\/www.familinparis.fr\/en\/rainbow-urban-farm\/#breadcrumb","itemListElement":[{"@type":"ListItem","position":1,"name":"Home","item":"https:\/\/www.familinparis.fr\/en\/"},{"@type":"ListItem","position":2,"name":"Exposition","item":"https:\/\/www.familinparis.fr\/en\/categorie\/exposition-en\/"},{"@type":"ListItem","position":3,"name":"Rainbow Urban Farm"}]},{"@type":"WebSite","@id":"https:\/\/www.familinparis.fr\/en\/#website","url":"https:\/\/www.familinparis.fr\/en\/","name":"Familin&#039;Paris","description":"Visiter le meilleur de Paris avec des enfants : sorties, spectacles, adresses de restaurants, shopping, bons plans...","potentialAction":[{"@type":"SearchAction","target":{"@type":"EntryPoint","urlTemplate":"https:\/\/www.familinparis.fr\/en\/?s={search_term_string}"},"query-input":{"@type":"PropertyValueSpecification","valueRequired":true,"valueName":"search_term_string"}}],"inLanguage":"en-US"},{"@type":"Person","@id":"https:\/\/www.familinparis.fr\/en\/#\/schema\/person\/20deb9130cb58f76b535d316fe0aa31f","name":"Agn\u00e8s","image":{"@type":"ImageObject","inLanguage":"en-US","@id":"https:\/\/secure.gravatar.com\/avatar\/0ff338e2776ca662585d438b3bc140cbe7b54659207d3329065be97ffb37fa5a?s=96&d=identicon&r=g","url":"https:\/\/secure.gravatar.com\/avatar\/0ff338e2776ca662585d438b3bc140cbe7b54659207d3329065be97ffb37fa5a?s=96&d=identicon&r=g","contentUrl":"https:\/\/secure.gravatar.com\/avatar\/0ff338e2776ca662585d438b3bc140cbe7b54659207d3329065be97ffb37fa5a?s=96&d=identicon&r=g","caption":"Agn\u00e8s"}}]}},"uagb_featured_image_src":{"full":["https:\/\/www.familinparis.fr\/wp-content\/uploads\/LOISIRS\/fermes\/chevres-ferme-urbaine.jpg",1200,771,false],"thumbnail":["https:\/\/www.familinparis.fr\/wp-content\/uploads\/LOISIRS\/fermes\/chevres-ferme-urbaine-150x150.jpg",150,150,true],"medium":["https:\/\/www.familinparis.fr\/wp-content\/uploads\/LOISIRS\/fermes\/chevres-ferme-urbaine-300x193.jpg",300,193,true],"medium_large":["https:\/\/www.familinparis.fr\/wp-content\/uploads\/LOISIRS\/fermes\/chevres-ferme-urbaine.jpg",768,493,false],"large":["https:\/\/www.familinparis.fr\/wp-content\/uploads\/LOISIRS\/fermes\/chevres-ferme-urbaine-1024x658.jpg",770,495,true],"1536x1536":["https:\/\/www.familinparis.fr\/wp-content\/uploads\/LOISIRS\/fermes\/chevres-ferme-urbaine.jpg",1200,771,false],"2048x2048":["https:\/\/www.familinparis.fr\/wp-content\/uploads\/LOISIRS\/fermes\/chevres-ferme-urbaine.jpg",1200,771,false],"home-thumb":["https:\/\/www.familinparis.fr\/wp-content\/uploads\/LOISIRS\/fermes\/chevres-ferme-urbaine-730x469.jpg",730,469,true],"home-slider":["https:\/\/www.familinparis.fr\/wp-content\/uploads\/LOISIRS\/fermes\/chevres-ferme-urbaine-800x600.jpg",800,600,true],"lightbox-slider-size":["https:\/\/www.familinparis.fr\/wp-content\/uploads\/LOISIRS\/fermes\/chevres-ferme-urbaine-564x282.jpg",564,282,true],"post-thumbnail":["https:\/\/www.familinparis.fr\/wp-content\/uploads\/LOISIRS\/fermes\/chevres-ferme-urbaine-270x180.jpg",270,180,true],"cheerup-main":["https:\/\/www.familinparis.fr\/wp-content\/uploads\/LOISIRS\/fermes\/chevres-ferme-urbaine-770x400.jpg",770,400,true],"cheerup-main-full":["https:\/\/www.familinparis.fr\/wp-content\/uploads\/LOISIRS\/fermes\/chevres-ferme-urbaine-1170x508.jpg",1170,508,true],"cheerup-slider-alt":["https:\/\/www.familinparis.fr\/wp-content\/uploads\/LOISIRS\/fermes\/chevres-ferme-urbaine-1170x508.jpg",1170,508,true],"cheerup-slider-trendy":["https:\/\/www.familinparis.fr\/wp-content\/uploads\/LOISIRS\/fermes\/chevres-ferme-urbaine-960x508.jpg",960,508,true],"cheerup-slider-stylish":["https:\/\/www.familinparis.fr\/wp-content\/uploads\/LOISIRS\/fermes\/chevres-ferme-urbaine-900x515.jpg",900,515,true],"cheerup-slider-grid":["https:\/\/www.familinparis.fr\/wp-content\/uploads\/LOISIRS\/fermes\/chevres-ferme-urbaine-870x600.jpg",870,600,true],"cheerup-slider-grid-sm":["https:\/\/www.familinparis.fr\/wp-content\/uploads\/LOISIRS\/fermes\/chevres-ferme-urbaine-300x300.jpg",300,300,true],"cheerup-slider-carousel":["https:\/\/www.familinparis.fr\/wp-content\/uploads\/LOISIRS\/fermes\/chevres-ferme-urbaine-370x370.jpg",370,370,true],"cheerup-slider-grid-b":["https:\/\/www.familinparis.fr\/wp-content\/uploads\/LOISIRS\/fermes\/chevres-ferme-urbaine-554x466.jpg",554,466,true],"cheerup-slider-grid-b-sm":["https:\/\/www.familinparis.fr\/wp-content\/uploads\/LOISIRS\/fermes\/chevres-ferme-urbaine-306x466.jpg",306,466,true],"cheerup-slider-bold-sm":["https:\/\/www.familinparis.fr\/wp-content\/uploads\/LOISIRS\/fermes\/chevres-ferme-urbaine-150x150.jpg",150,150,true],"cheerup-grid":["https:\/\/www.familinparis.fr\/wp-content\/uploads\/LOISIRS\/fermes\/chevres-ferme-urbaine-370x285.jpg",370,285,true],"cheerup-carousel":["https:\/\/www.familinparis.fr\/wp-content\/uploads\/LOISIRS\/fermes\/chevres-ferme-urbaine-270x180.jpg",270,180,true],"cheerup-carousel-b":["https:\/\/www.familinparis.fr\/wp-content\/uploads\/LOISIRS\/fermes\/chevres-ferme-urbaine-370x285.jpg",370,285,true],"cheerup-list":["https:\/\/www.familinparis.fr\/wp-content\/uploads\/LOISIRS\/fermes\/chevres-ferme-urbaine-260x200.jpg",260,200,true],"cheerup-list-b":["https:\/\/www.familinparis.fr\/wp-content\/uploads\/LOISIRS\/fermes\/chevres-ferme-urbaine-370x305.jpg",370,305,true],"cheerup-thumb":["https:\/\/www.familinparis.fr\/wp-content\/uploads\/LOISIRS\/fermes\/chevres-ferme-urbaine-87x67.jpg",87,67,true],"cheerup-thumb-alt":["https:\/\/www.familinparis.fr\/wp-content\/uploads\/LOISIRS\/fermes\/chevres-ferme-urbaine-150x150.jpg",150,150,true]},"uagb_author_info":{"display_name":"Agn\u00e8s","author_link":"https:\/\/www.familinparis.fr\/en\/author\/agnes\/"},"uagb_comment_info":0,"uagb_excerpt":"goats from the Rainbow urban farm in Noisy-le-Grand","_links":{"self":[{"href":"https:\/\/www.familinparis.fr\/en\/wp-json\/wp\/v2\/posts\/136825","targetHints":{"allow":["GET"]}}],"collection":[{"href":"https:\/\/www.familinparis.fr\/en\/wp-json\/wp\/v2\/posts"}],"about":[{"href":"https:\/\/www.familinparis.fr\/en\/wp-json\/wp\/v2\/types\/post"}],"author":[{"embeddable":true,"href":"https:\/\/www.familinparis.fr\/en\/wp-json\/wp\/v2\/users\/6"}],"replies":[{"embeddable":true,"href":"https:\/\/www.familinparis.fr\/en\/wp-json\/wp\/v2\/comments?post=136825"}],"version-history":[{"count":0,"href":"https:\/\/www.familinparis.fr\/en\/wp-json\/wp\/v2\/posts\/136825\/revisions"}],"wp:featuredmedia":[{"embeddable":true,"href":"https:\/\/www.familinparis.fr\/en\/wp-json\/wp\/v2\/media\/129995"}],"wp:attachment":[{"href":"https:\/\/www.familinparis.fr\/en\/wp-json\/wp\/v2\/media?parent=136825"}],"wp:term":[{"taxonomy":"category","embeddable":true,"href":"https:\/\/www.familinparis.fr\/en\/wp-json\/wp\/v2\/categories?post=136825"},{"taxonomy":"post_tag","embeddable":true,"href":"https:\/\/www.familinparis.fr\/en\/wp-json\/wp\/v2\/tags?post=136825"}],"curies":[{"name":"wp","href":"https:\/\/api.w.org\/{rel}","templated":true}]}}