{"id":136766,"date":"2019-01-31T23:10:00","date_gmt":"2019-01-31T21:10:00","guid":{"rendered":"https:\/\/www.familinparis.fr\/the-little-prince-dance\/"},"modified":"2024-11-16T17:34:27","modified_gmt":"2024-11-16T15:34:27","slug":"the-little-prince-dance","status":"publish","type":"post","link":"https:\/\/www.familinparis.fr\/en\/the-little-prince-dance\/","title":{"rendered":"The Little Prince (dance)"},"content":{"rendered":"<div class=\"lazyblock-baseline-1WSUt7 wp-block-lazyblock-baseline\"><div class=\"baseline\">Dance show<\/div><\/div><div class=\"lazyblock-infos-pratiques-Z1sDlVf wp-block-lazyblock-infos-pratiques\"><div class=\"read-more go-to\" data-goto=\"infos-sup\">\n  <a href=\"#\">\n    <span class=\"rien\">\n      <i class=\"fa fa-map-marker\"><\/i> See practical information    <\/span>\n  <\/a>\n<\/div><\/div>\n<section class=\"wp-block-uagb-section uagb-section__wrap uagb-section__background-color uagb-block-25138b68\"><div class=\"uagb-section__overlay\"><\/div><div class=\"uagb-section__inner-wrap\">\n<div class=\"wp-block-columns is-layout-flex wp-container-core-columns-is-layout-9d6595d7 wp-block-columns-is-layout-flex\">\n<div class=\"wp-block-column is-layout-flow wp-block-column-is-layout-flow\" style=\"flex-basis:66.66%\">\n<h2 class=\"has-text-align-center wp-block-heading\">The Little Prince<\/h2>\n\n\n\n<ul class=\"wp-block-list\"><li><strong>We like: an original and poetic show<\/strong><\/li><li><strong>Age: for all, from 6 years old<\/strong><\/li><li><strong>DATES: September 13 to 28<\/strong><\/li><li><strong>Location: Folies Berg\u00e8re (Paris 9th)<\/strong><\/li><\/ul>\n\n\n\n<div class=\"wp-block-buttons is-horizontal is-content-justification-center is-layout-flex wp-container-core-buttons-is-layout-499968f5 wp-block-buttons-is-layout-flex\">\n<div class=\"wp-block-button m-b-30\"><a class=\"wp-block-button__link has-white-color has-text-color has-background\" style=\"border-radius:1px;background-color:#fa395f\">SHOW OVER<\/a><\/div>\n<\/div>\n<\/div>\n\n\n\n<div class=\"wp-block-column is-layout-flow wp-block-column-is-layout-flow\" style=\"flex-basis:33.33%\">\n<figure class=\"wp-block-image size-large\"><img decoding=\"async\" width=\"400\" height=\"601\" src=\"\/wp-content\/uploads\/Spectacles\/Cirque\/le-petit-prince-folies-bergere.jpg\" alt=\"\" class=\"wp-image-20013\" srcset=\"https:\/\/www.familinparis.fr\/wp-content\/uploads\/Spectacles\/Cirque\/le-petit-prince-folies-bergere.jpg 400w, https:\/\/www.familinparis.fr\/wp-content\/uploads\/Spectacles\/Cirque\/le-petit-prince-folies-bergere-200x300.jpg 200w\" sizes=\"(max-width: 400px) 100vw, 400px\" \/><\/figure>\n<\/div>\n<\/div>\n<\/div><\/section>\n\n<div style=\"height:70px\" aria-hidden=\"true\" class=\"wp-block-spacer\"><\/div>\n<div class=\"lazyblock-bodered-box-Z68asY wp-block-lazyblock-bodered-box\"><div class=\"bordered-box ts-row cf\">\n    <h2 class=\"box-title\">Le Petit Prince dans une version originale et po\u00e9tique<\/h2>\n    <div>\n        \n\n<div style=\"height:60px\" aria-hidden=\"true\" class=\"wp-block-spacer\"><\/div>\n\n\n\n<ul class=\"wp-block-list\"><li>The Little Prince, inspired by the work of Saint-Exup\u00e9ry, is presented here in the form of a contemporary dance and aerial acrobatics show<\/li><li>Critics called the show poetic, tender, inventive and magical<\/li><li>An almost wordless show, for everyone from 6 years old, lasting 1 hour and 20 minutes<\/li><\/ul>\n\n\n    <\/div>\n    <p><\/p>\n<\/div><\/div>\n<div style=\"height:49px\" aria-hidden=\"true\" class=\"wp-block-spacer\"><\/div>\n\n<figure class=\"wp-block-embed is-type-video is-provider-youtube wp-block-embed-youtube wp-embed-aspect-16-9 wp-has-aspect-ratio\"><div class=\"wp-block-embed__wrapper\">\n<iframe title=\"Le Petit Prince aux Folies Berg\u00e8re\" width=\"770\" height=\"433\" src=\"https:\/\/www.youtube.com\/embed\/kctJWxFhjKY?feature=oembed\" frameborder=\"0\" allow=\"accelerometer; autoplay; clipboard-write; encrypted-media; gyroscope; picture-in-picture; web-share\" referrerpolicy=\"strict-origin-when-cross-origin\" allowfullscreen><\/iframe>\n<\/div><\/figure>\n\n<div style=\"height:49px\" aria-hidden=\"true\" class=\"wp-block-spacer\"><\/div>\n\n<h2 class=\"has-text-align-center p-b-10 p-t-10 has-background wp-block-heading\" style=\"background-color:#fa395f\">IDEAS FOR LEISURE IN PARIS:<\/h2>\n\n\t\t\t<div class=\"wp-block-uagb-post-grid uagb-post-grid  uagb-post__image-position-top uagb-post__image-enabled uagb-block-3d3a7dfa     uagb-post__items uagb-post__columns-3 is-grid uagb-post__columns-tablet-2 uagb-post__columns-mobile-1 uagb-post__equal-height\" data-total=\"7\" style=\"\">\n\n\t\t\t\t\t\t\t\t\t\t\t\t<article class=\"uagb-post__inner-wrap\">\t\t\t\t\t\t\t\t<div class='uagb-post__image'>\n\t\t\t\t\t\t\t\t\t<a href=\"https:\/\/www.familinparis.fr\/en\/the-city-of-children-cite-des-sciences-in-paris\/\" target=\"_self\" rel=\"bookmark noopener noreferrer\" class='uagb-image-ratio-inherit'><img decoding=\"async\" width=\"270\" height=\"180\" src=\"https:\/\/www.familinparis.fr\/wp-content\/uploads\/2022\/08\/la-cite-des-enfants-600x300-1-270x180.png\" class=\"attachment-post-thumbnail size-post-thumbnail\" alt=\"Affiche de La Cit\u00e9 des enfant 5-10 ans -2025\" srcset=\"https:\/\/www.familinparis.fr\/wp-content\/uploads\/2022\/08\/la-cite-des-enfants-600x300-1-270x180.png 270w, https:\/\/www.familinparis.fr\/wp-content\/uploads\/2022\/08\/la-cite-des-enfants-600x300-1-300x199.png 300w, https:\/\/www.familinparis.fr\/wp-content\/uploads\/2022\/08\/la-cite-des-enfants-600x300-1.png 452w\" sizes=\"(max-width: 270px) 100vw, 270px\" \/>\t\t\t\t\t<\/a>\n\t\t\t\t\t\t\t<\/div>\n\t\t\t\t\t\t<h4 class=\"uagb-post__title uagb-post__text\">\n\t\t\t\t<a href=\"https:\/\/www.familinparis.fr\/en\/the-city-of-children-cite-des-sciences-in-paris\/\" target=\"_self\" rel=\"bookmark noopener noreferrer\">The City of Children: Cit\u00e9 des Sciences in Paris<\/a>\n\t\t\t<\/h4>\n\t\t\t\t\t\t<div class='uagb-post__text uagb-post-grid-byline'>\n\t\t\t\t\t\t\t<\/div>\n\t\t\t\n\t\t\t\t\t\t\t\t\t<\/article>\n\t\t\t\t\t\t\t\t\t\t\t\t\t\t\t\t<article class=\"uagb-post__inner-wrap\">\t\t\t\t\t\t\t\t<div class='uagb-post__image'>\n\t\t\t\t\t\t\t\t\t<a href=\"https:\/\/www.familinparis.fr\/en\/virtual-reality-guided-tour-of-the-eiffel-tower-district-the-symbol-of-paris\/\" target=\"_self\" rel=\"bookmark noopener noreferrer\" class='uagb-image-ratio-inherit'><img decoding=\"async\" width=\"270\" height=\"180\" src=\"https:\/\/www.familinparis.fr\/wp-content\/uploads\/2026\/04\/experience_VR_le_symbole_de_paris-270x180.png\" class=\"attachment-post-thumbnail size-post-thumbnail\" alt=\"Le Symbole de Paris, exp\u00e9rience en VR\" \/>\t\t\t\t\t<\/a>\n\t\t\t\t\t\t\t<\/div>\n\t\t\t\t\t\t<h4 class=\"uagb-post__title uagb-post__text\">\n\t\t\t\t<a href=\"https:\/\/www.familinparis.fr\/en\/virtual-reality-guided-tour-of-the-eiffel-tower-district-the-symbol-of-paris\/\" target=\"_self\" rel=\"bookmark noopener noreferrer\">The Symbol of Paris &#8211; VR Experience<\/a>\n\t\t\t<\/h4>\n\t\t\t\t\t\t<div class='uagb-post__text uagb-post-grid-byline'>\n\t\t\t\t\t\t\t<\/div>\n\t\t\t\n\t\t\t\t\t\t\t\t\t<\/article>\n\t\t\t\t\t\t\t\t\t\t\t\t\t\t\t\t<article class=\"uagb-post__inner-wrap\">\t\t\t\t\t\t\t\t<div class='uagb-post__image'>\n\t\t\t\t\t\t\t\t\t<a href=\"https:\/\/www.familinparis.fr\/en\/ouvert-le-1er-mai\/\" target=\"_self\" rel=\"bookmark noopener noreferrer\" class='uagb-image-ratio-inherit'><img decoding=\"async\" width=\"270\" height=\"180\" src=\"https:\/\/www.familinparis.fr\/wp-content\/uploads\/Quartier\/palais-royal-colonne-buren-paris-enfant-SH-270x180.jpg\" class=\"attachment-post-thumbnail size-post-thumbnail\" alt=\"\" srcset=\"https:\/\/www.familinparis.fr\/wp-content\/uploads\/Quartier\/palais-royal-colonne-buren-paris-enfant-SH-270x180.jpg 270w, https:\/\/www.familinparis.fr\/wp-content\/uploads\/Quartier\/palais-royal-colonne-buren-paris-enfant-SH-18x12.jpg 18w\" sizes=\"(max-width: 270px) 100vw, 270px\" \/>\t\t\t\t\t<\/a>\n\t\t\t\t\t\t\t<\/div>\n\t\t\t\t\t\t<h4 class=\"uagb-post__title uagb-post__text\">\n\t\t\t\t<a href=\"https:\/\/www.familinparis.fr\/en\/ouvert-le-1er-mai\/\" target=\"_self\" rel=\"bookmark noopener noreferrer\">What to do in Paris on May 1, 2026? It&#8217;s Friday, a long weekend is looming!<\/a>\n\t\t\t<\/h4>\n\t\t\t\t\t\t<div class='uagb-post__text uagb-post-grid-byline'>\n\t\t\t\t\t\t\t<\/div>\n\t\t\t\n\t\t\t\t\t\t\t\t\t<\/article>\n\t\t\t\t\t\t\t\t\t\t\t\t\t\t\t\t<article class=\"uagb-post__inner-wrap\">\t\t\t\t\t\t\t\t<div class='uagb-post__image'>\n\t\t\t\t\t\t\t\t\t<a href=\"https:\/\/www.familinparis.fr\/en\/dinosaure\/\" target=\"_self\" rel=\"bookmark noopener noreferrer\" class='uagb-image-ratio-inherit'><img decoding=\"async\" width=\"270\" height=\"180\" src=\"https:\/\/www.familinparis.fr\/wp-content\/uploads\/2025\/11\/Capture-decran-2025-11-27-a-16.38.34-270x180.png\" class=\"attachment-post-thumbnail size-post-thumbnail\" alt=\"Plan\u00e8te pr\u00e9historique : Dinosaures, l&#039;Exp\u00e9rience immersive \u00e0 l\u2019Atelier des Lumi\u00e8res 2025\" \/>\t\t\t\t\t<\/a>\n\t\t\t\t\t\t\t<\/div>\n\t\t\t\t\t\t<h4 class=\"uagb-post__title uagb-post__text\">\n\t\t\t\t<a href=\"https:\/\/www.familinparis.fr\/en\/dinosaure\/\" target=\"_self\" rel=\"bookmark noopener noreferrer\">Prehistoric Planet: Dinosaurs<\/a>\n\t\t\t<\/h4>\n\t\t\t\t\t\t<div class='uagb-post__text uagb-post-grid-byline'>\n\t\t\t\t\t\t\t<\/div>\n\t\t\t\n\t\t\t\t\t\t\t\t\t<\/article>\n\t\t\t\t\t\t\t\t\t\t\t\t\t\t\t\t<article class=\"uagb-post__inner-wrap\">\t\t\t\t\t\t\t\t<div class='uagb-post__image'>\n\t\t\t\t\t\t\t\t\t<a href=\"https:\/\/www.familinparis.fr\/en\/titanic-immersive-exhibition-grande-halle-de-la-villette-75019\/\" target=\"_self\" rel=\"bookmark noopener noreferrer\" class='uagb-image-ratio-inherit'><img decoding=\"async\" width=\"270\" height=\"180\" src=\"https:\/\/www.familinparis.fr\/wp-content\/uploads\/2026\/04\/La-Legende-Du-Titanic-exposition-ultime-exposition-immersive-grande-halle-la-villette-2026-270x180.jpg\" class=\"attachment-post-thumbnail size-post-thumbnail\" alt=\"Affiche de La L\u00e9gende du Titanic. L&#039;exposition ultime- Exposition immersive \u00e0 la Grande Halle de La Villette - 2026\" \/>\t\t\t\t\t<\/a>\n\t\t\t\t\t\t\t<\/div>\n\t\t\t\t\t\t<h4 class=\"uagb-post__title uagb-post__text\">\n\t\t\t\t<a href=\"https:\/\/www.familinparis.fr\/en\/titanic-immersive-exhibition-grande-halle-de-la-villette-75019\/\" target=\"_self\" rel=\"bookmark noopener noreferrer\">The Legend of the Titanic: The Ultimate Exhibition<\/a>\n\t\t\t<\/h4>\n\t\t\t\t\t\t<div class='uagb-post__text uagb-post-grid-byline'>\n\t\t\t\t\t\t\t<\/div>\n\t\t\t\n\t\t\t\t\t\t\t\t\t<\/article>\n\t\t\t\t\t\t\t\t\t\t\t\t\t\t\t\t<article class=\"uagb-post__inner-wrap\">\t\t\t\t\t\t\t\t<div class='uagb-post__image'>\n\t\t\t\t\t\t\t\t\t<a href=\"https:\/\/www.familinparis.fr\/en\/tree-climbing-around-paris\/\" target=\"_self\" rel=\"bookmark noopener noreferrer\" class='uagb-image-ratio-inherit'><img decoding=\"async\" width=\"270\" height=\"180\" src=\"https:\/\/www.familinparis.fr\/wp-content\/uploads\/LOISIRS\/accrobranche\/accrobranche-a-paris-et-environ-de-paris-270x180.jpg\" class=\"attachment-post-thumbnail size-post-thumbnail\" alt=\"\" srcset=\"https:\/\/www.familinparis.fr\/wp-content\/uploads\/LOISIRS\/accrobranche\/accrobranche-a-paris-et-environ-de-paris-270x180.jpg 270w, https:\/\/www.familinparis.fr\/wp-content\/uploads\/LOISIRS\/accrobranche\/accrobranche-a-paris-et-environ-de-paris-300x200.jpg 300w, https:\/\/www.familinparis.fr\/wp-content\/uploads\/LOISIRS\/accrobranche\/accrobranche-a-paris-et-environ-de-paris-1024x683.jpg 1024w, https:\/\/www.familinparis.fr\/wp-content\/uploads\/LOISIRS\/accrobranche\/accrobranche-a-paris-et-environ-de-paris-16x12.jpg 16w, https:\/\/www.familinparis.fr\/wp-content\/uploads\/LOISIRS\/accrobranche\/accrobranche-a-paris-et-environ-de-paris-730x487.jpg 730w, https:\/\/www.familinparis.fr\/wp-content\/uploads\/LOISIRS\/accrobranche\/accrobranche-a-paris-et-environ-de-paris.jpg 1500w\" sizes=\"(max-width: 270px) 100vw, 270px\" \/>\t\t\t\t\t<\/a>\n\t\t\t\t\t\t\t<\/div>\n\t\t\t\t\t\t<h4 class=\"uagb-post__title uagb-post__text\">\n\t\t\t\t<a href=\"https:\/\/www.familinparis.fr\/en\/tree-climbing-around-paris\/\" target=\"_self\" rel=\"bookmark noopener noreferrer\">Tree climbing around Paris<\/a>\n\t\t\t<\/h4>\n\t\t\t\t\t\t<div class='uagb-post__text uagb-post-grid-byline'>\n\t\t\t\t\t\t\t<\/div>\n\t\t\t\n\t\t\t\t\t\t\t\t\t<\/article>\n\t\t\t\t\t\t\t\t\t\t\t\t\t\t\t\t<article class=\"uagb-post__inner-wrap\">\t\t\t\t\t\t\t\t<div class='uagb-post__image'>\n\t\t\t\t\t\t\t\t\t<a href=\"https:\/\/www.familinparis.fr\/en\/escape-game-arsene-lupins-last-secret\/\" target=\"_self\" rel=\"bookmark noopener noreferrer\" class='uagb-image-ratio-inherit'><img decoding=\"async\" width=\"270\" height=\"180\" src=\"https:\/\/www.familinparis.fr\/wp-content\/uploads\/Visites-Insolites\/Arsene-lupin\/le-secret-d-arsene-lupin-270x180.jpg\" class=\"attachment-post-thumbnail size-post-thumbnail\" alt=\"\" srcset=\"https:\/\/www.familinparis.fr\/wp-content\/uploads\/Visites-Insolites\/Arsene-lupin\/le-secret-d-arsene-lupin-270x180.jpg 270w, https:\/\/www.familinparis.fr\/wp-content\/uploads\/Visites-Insolites\/Arsene-lupin\/le-secret-d-arsene-lupin-18x12.jpg 18w\" sizes=\"(max-width: 270px) 100vw, 270px\" \/>\t\t\t\t\t<\/a>\n\t\t\t\t\t\t\t<\/div>\n\t\t\t\t\t\t<h4 class=\"uagb-post__title uagb-post__text\">\n\t\t\t\t<a href=\"https:\/\/www.familinparis.fr\/en\/escape-game-arsene-lupins-last-secret\/\" target=\"_self\" rel=\"bookmark noopener noreferrer\">Ars\u00e8ne Lupin&#8217;s Last Secret, escape game<\/a>\n\t\t\t<\/h4>\n\t\t\t\t\t\t<div class='uagb-post__text uagb-post-grid-byline'>\n\t\t\t\t\t\t\t<\/div>\n\t\t\t\n\t\t\t\t\t\t\t\t\t<\/article>\n\t\t\t\t\t\t\t\t\t\t\t\t\t\t\t\t<article class=\"uagb-post__inner-wrap\">\t\t\t\t\t\t\t\t<div class='uagb-post__image'>\n\t\t\t\t\t\t\t\t\t<a href=\"https:\/\/www.familinparis.fr\/en\/renaissance-la-nouvelle-experience-immersive-a-l-atelier-des-lumieres\/\" target=\"_self\" rel=\"bookmark noopener noreferrer\" class='uagb-image-ratio-inherit'><img decoding=\"async\" width=\"270\" height=\"180\" src=\"https:\/\/www.familinparis.fr\/wp-content\/uploads\/Expos\/2026\/Renaissance-affiche-270x180.jpg\" class=\"attachment-post-thumbnail size-post-thumbnail\" alt=\"\" \/>\t\t\t\t\t<\/a>\n\t\t\t\t\t\t\t<\/div>\n\t\t\t\t\t\t<h4 class=\"uagb-post__title uagb-post__text\">\n\t\t\t\t<a href=\"https:\/\/www.familinparis.fr\/en\/renaissance-la-nouvelle-experience-immersive-a-l-atelier-des-lumieres\/\" target=\"_self\" rel=\"bookmark noopener noreferrer\">Renaissance at the Atelier des Lumi\u00e8res<\/a>\n\t\t\t<\/h4>\n\t\t\t\t\t\t<div class='uagb-post__text uagb-post-grid-byline'>\n\t\t\t\t\t\t\t<\/div>\n\t\t\t\n\t\t\t\t\t\t\t\t\t<\/article>\n\t\t\t\t\t\t\t\t\t\t\t\t\t\t\t\t<article class=\"uagb-post__inner-wrap\">\t\t\t\t\t\t\t\t<div class='uagb-post__image'>\n\t\t\t\t\t\t\t\t\t<a href=\"https:\/\/www.familinparis.fr\/en\/gathering-farms-around-paris\/\" target=\"_self\" rel=\"bookmark noopener noreferrer\" class='uagb-image-ratio-inherit'><img decoding=\"async\" width=\"270\" height=\"180\" src=\"https:\/\/www.familinparis.fr\/wp-content\/uploads\/LOISIRS\/fermes\/ferme-cueillette-paris-270x180.jpg\" class=\"attachment-post-thumbnail size-post-thumbnail\" alt=\"\" srcset=\"https:\/\/www.familinparis.fr\/wp-content\/uploads\/LOISIRS\/fermes\/ferme-cueillette-paris-270x180.jpg 270w, https:\/\/www.familinparis.fr\/wp-content\/uploads\/LOISIRS\/fermes\/ferme-cueillette-paris-300x199.jpg 300w, https:\/\/www.familinparis.fr\/wp-content\/uploads\/LOISIRS\/fermes\/ferme-cueillette-paris-1024x678.jpg 1024w, https:\/\/www.familinparis.fr\/wp-content\/uploads\/LOISIRS\/fermes\/ferme-cueillette-paris-16x12.jpg 16w, https:\/\/www.familinparis.fr\/wp-content\/uploads\/LOISIRS\/fermes\/ferme-cueillette-paris-730x483.jpg 730w, https:\/\/www.familinparis.fr\/wp-content\/uploads\/LOISIRS\/fermes\/ferme-cueillette-paris.jpg 1200w\" sizes=\"(max-width: 270px) 100vw, 270px\" \/>\t\t\t\t\t<\/a>\n\t\t\t\t\t\t\t<\/div>\n\t\t\t\t\t\t<h4 class=\"uagb-post__title uagb-post__text\">\n\t\t\t\t<a href=\"https:\/\/www.familinparis.fr\/en\/gathering-farms-around-paris\/\" target=\"_self\" rel=\"bookmark noopener noreferrer\">Gathering farms around Paris<\/a>\n\t\t\t<\/h4>\n\t\t\t\t\t\t<div class='uagb-post__text uagb-post-grid-byline'>\n\t\t\t\t\t\t\t<\/div>\n\t\t\t\n\t\t\t\t\t\t\t\t\t<\/article>\n\t\t\t\t\t\t\t\t\t\t\t\t\t\t\t\t<article class=\"uagb-post__inner-wrap\">\t\t\t\t\t\t\t\t<div class='uagb-post__image'>\n\t\t\t\t\t\t\t\t\t<a href=\"https:\/\/www.familinparis.fr\/en\/atelier-pain-et-visite-ferme-de-gally-saint-cyr-78\/\" target=\"_self\" rel=\"bookmark noopener noreferrer\" class='uagb-image-ratio-inherit'><img decoding=\"async\" width=\"270\" height=\"180\" src=\"https:\/\/www.familinparis.fr\/wp-content\/uploads\/Animaux\/poules-sh_24331018-270x180.jpg\" class=\"attachment-post-thumbnail size-post-thumbnail\" alt=\"\" srcset=\"https:\/\/www.familinparis.fr\/wp-content\/uploads\/Animaux\/poules-sh_24331018-270x180.jpg 270w, https:\/\/www.familinparis.fr\/wp-content\/uploads\/Animaux\/poules-sh_24331018-300x200.jpg 300w, https:\/\/www.familinparis.fr\/wp-content\/uploads\/Animaux\/poules-sh_24331018-768x512.jpg 768w, https:\/\/www.familinparis.fr\/wp-content\/uploads\/Animaux\/poules-sh_24331018-18x12.jpg 18w, https:\/\/www.familinparis.fr\/wp-content\/uploads\/Animaux\/poules-sh_24331018-730x487.jpg 730w, https:\/\/www.familinparis.fr\/wp-content\/uploads\/Animaux\/poules-sh_24331018.jpg 1000w\" sizes=\"(max-width: 270px) 100vw, 270px\" \/>\t\t\t\t\t<\/a>\n\t\t\t\t\t\t\t<\/div>\n\t\t\t\t\t\t<h4 class=\"uagb-post__title uagb-post__text\">\n\t\t\t\t<a href=\"https:\/\/www.familinparis.fr\/en\/atelier-pain-et-visite-ferme-de-gally-saint-cyr-78\/\" target=\"_self\" rel=\"bookmark noopener noreferrer\">Bread and animal workshop, at the Ferme de Gally Saint-Cyr (78)<\/a>\n\t\t\t<\/h4>\n\t\t\t\t\t\t<div class='uagb-post__text uagb-post-grid-byline'>\n\t\t\t\t\t\t\t<\/div>\n\t\t\t\n\t\t\t\t\t\t\t\t\t<\/article>\n\t\t\t\t\t\t\t\t\t\t\t\t\t\t\t\t<article class=\"uagb-post__inner-wrap\">\t\t\t\t\t\t\t\t<div class='uagb-post__image'>\n\t\t\t\t\t\t\t\t\t<a href=\"https:\/\/www.familinparis.fr\/en\/magic-courses-at-the-museum-of-magic\/\" target=\"_self\" rel=\"bookmark noopener noreferrer\" class='uagb-image-ratio-inherit'><img decoding=\"async\" width=\"270\" height=\"180\" src=\"https:\/\/www.familinparis.fr\/wp-content\/uploads\/E-SHOP\/Musee-de-la-magie\/Stage-de-magie-de-scene-270x180.jpg\" class=\"attachment-post-thumbnail size-post-thumbnail\" alt=\"\" \/>\t\t\t\t\t<\/a>\n\t\t\t\t\t\t\t<\/div>\n\t\t\t\t\t\t<h4 class=\"uagb-post__title uagb-post__text\">\n\t\t\t\t<a href=\"https:\/\/www.familinparis.fr\/en\/magic-courses-at-the-museum-of-magic\/\" target=\"_self\" rel=\"bookmark noopener noreferrer\">Magic Courses at the Museum of Magic<\/a>\n\t\t\t<\/h4>\n\t\t\t\t\t\t<div class='uagb-post__text uagb-post-grid-byline'>\n\t\t\t\t\t\t\t<\/div>\n\t\t\t\n\t\t\t\t\t\t\t\t\t<\/article>\n\t\t\t\t\t\t\t\t\t\t\t\t\t\t\t\t<article class=\"uagb-post__inner-wrap\">\t\t\t\t\t\t\t\t<div class='uagb-post__image'>\n\t\t\t\t\t\t\t\t\t<a href=\"https:\/\/www.familinparis.fr\/en\/science-experiences-at-bercy-village\/\" target=\"_self\" rel=\"bookmark noopener noreferrer\" class='uagb-image-ratio-inherit'><img decoding=\"async\" width=\"270\" height=\"180\" src=\"https:\/\/www.familinparis.fr\/wp-content\/uploads\/photos-partenaires\/Science-experiences\/Volcan-1-270x180.jpg\" class=\"attachment-post-thumbnail size-post-thumbnail\" alt=\"\" \/>\t\t\t\t\t<\/a>\n\t\t\t\t\t\t\t<\/div>\n\t\t\t\t\t\t<h4 class=\"uagb-post__title uagb-post__text\">\n\t\t\t\t<a href=\"https:\/\/www.familinparis.fr\/en\/science-experiences-at-bercy-village\/\" target=\"_self\" rel=\"bookmark noopener noreferrer\">Science Experiences at Bercy Village<\/a>\n\t\t\t<\/h4>\n\t\t\t\t\t\t<div class='uagb-post__text uagb-post-grid-byline'>\n\t\t\t\t\t\t\t<\/div>\n\t\t\t\n\t\t\t\t\t\t\t\t\t<\/article>\n\t\t\t\t\t\t\t\t\t\t\t\t\t\t\t\t<article class=\"uagb-post__inner-wrap\">\t\t\t\t\t\t\t\t<div class='uagb-post__image'>\n\t\t\t\t\t\t\t\t\t<a href=\"https:\/\/www.familinparis.fr\/en\/the-2025-agricultural-show\/\" target=\"_self\" rel=\"bookmark noopener noreferrer\" class='uagb-image-ratio-inherit'><img decoding=\"async\" width=\"270\" height=\"180\" src=\"https:\/\/www.familinparis.fr\/wp-content\/uploads\/2022\/12\/Salon-Agriculture-2023-270x180.jpg\" class=\"attachment-post-thumbnail size-post-thumbnail\" alt=\"\" \/>\t\t\t\t\t<\/a>\n\t\t\t\t\t\t\t<\/div>\n\t\t\t\t\t\t<h4 class=\"uagb-post__title uagb-post__text\">\n\t\t\t\t<a href=\"https:\/\/www.familinparis.fr\/en\/the-2025-agricultural-show\/\" target=\"_self\" rel=\"bookmark noopener noreferrer\">The 2025 Agricultural Show<\/a>\n\t\t\t<\/h4>\n\t\t\t\t\t\t<div class='uagb-post__text uagb-post-grid-byline'>\n\t\t\t\t\t\t\t<\/div>\n\t\t\t\n\t\t\t\t\t\t\t\t\t<\/article>\n\t\t\t\t\t\t\t\t\t\t\t\t\t\t\t\t<article class=\"uagb-post__inner-wrap\">\t\t\t\t\t\t\t\t<div class='uagb-post__image'>\n\t\t\t\t\t\t\t\t\t<a href=\"https:\/\/www.familinparis.fr\/en\/keepers-of-the-tales-escape-game\/\" target=\"_self\" rel=\"bookmark noopener noreferrer\" class='uagb-image-ratio-inherit'><img decoding=\"async\" width=\"270\" height=\"180\" src=\"https:\/\/www.familinparis.fr\/wp-content\/uploads\/LOISIRS\/escape-game\/gardiens-des-contes-escape-game-270x180.jpg\" class=\"attachment-post-thumbnail size-post-thumbnail\" alt=\"\" srcset=\"https:\/\/www.familinparis.fr\/wp-content\/uploads\/LOISIRS\/escape-game\/gardiens-des-contes-escape-game-270x180.jpg 270w, https:\/\/www.familinparis.fr\/wp-content\/uploads\/LOISIRS\/escape-game\/gardiens-des-contes-escape-game-300x200.jpg 300w, https:\/\/www.familinparis.fr\/wp-content\/uploads\/LOISIRS\/escape-game\/gardiens-des-contes-escape-game-768x512.jpg 768w, https:\/\/www.familinparis.fr\/wp-content\/uploads\/LOISIRS\/escape-game\/gardiens-des-contes-escape-game-18x12.jpg 18w, https:\/\/www.familinparis.fr\/wp-content\/uploads\/LOISIRS\/escape-game\/gardiens-des-contes-escape-game-730x487.jpg 730w, https:\/\/www.familinparis.fr\/wp-content\/uploads\/LOISIRS\/escape-game\/gardiens-des-contes-escape-game.jpg 900w\" sizes=\"(max-width: 270px) 100vw, 270px\" \/>\t\t\t\t\t<\/a>\n\t\t\t\t\t\t\t<\/div>\n\t\t\t\t\t\t<h4 class=\"uagb-post__title uagb-post__text\">\n\t\t\t\t<a href=\"https:\/\/www.familinparis.fr\/en\/keepers-of-the-tales-escape-game\/\" target=\"_self\" rel=\"bookmark noopener noreferrer\">Keepers of the Tales \u2022 Escape Game<\/a>\n\t\t\t<\/h4>\n\t\t\t\t\t\t<div class='uagb-post__text uagb-post-grid-byline'>\n\t\t\t\t\t\t\t<\/div>\n\t\t\t\n\t\t\t\t\t\t\t\t\t<\/article>\n\t\t\t\t\t\t\t\t\t\t\t\t\t\t\t\t<article class=\"uagb-post__inner-wrap\">\t\t\t\t\t\t\t\t<div class='uagb-post__image'>\n\t\t\t\t\t\t\t\t\t<a href=\"https:\/\/www.familinparis.fr\/en\/treasure-hunt-for-children-louvre-museum\/\" target=\"_self\" rel=\"bookmark noopener noreferrer\" class='uagb-image-ratio-inherit'><img decoding=\"async\" width=\"270\" height=\"180\" src=\"https:\/\/www.familinparis.fr\/wp-content\/uploads\/photos-partenaires\/escape-game\/chasse_tresor_enfant-louvre-270x180.jpg\" class=\"attachment-post-thumbnail size-post-thumbnail\" alt=\"\" srcset=\"https:\/\/www.familinparis.fr\/wp-content\/uploads\/photos-partenaires\/escape-game\/chasse_tresor_enfant-louvre-270x180.jpg 270w, https:\/\/www.familinparis.fr\/wp-content\/uploads\/photos-partenaires\/escape-game\/chasse_tresor_enfant-louvre-16x12.jpg 16w\" sizes=\"(max-width: 270px) 100vw, 270px\" \/>\t\t\t\t\t<\/a>\n\t\t\t\t\t\t\t<\/div>\n\t\t\t\t\t\t<h4 class=\"uagb-post__title uagb-post__text\">\n\t\t\t\t<a href=\"https:\/\/www.familinparis.fr\/en\/treasure-hunt-for-children-louvre-museum\/\" target=\"_self\" rel=\"bookmark noopener noreferrer\">Treasure hunt at the Louvre Museum<\/a>\n\t\t\t<\/h4>\n\t\t\t\t\t\t<div class='uagb-post__text uagb-post-grid-byline'>\n\t\t\t\t\t\t\t<\/div>\n\t\t\t\n\t\t\t\t\t\t\t\t\t<\/article>\n\t\t\t\t\t\t\t\t\t\t\t\t\t\t\t\t<article class=\"uagb-post__inner-wrap\">\t\t\t\t\t\t\t\t<div class='uagb-post__image'>\n\t\t\t\t\t\t\t\t\t<a href=\"https:\/\/www.familinparis.fr\/en\/ideas-for-this-wednesday-in-paris\/\" target=\"_self\" rel=\"bookmark noopener noreferrer\" class='uagb-image-ratio-inherit'><img decoding=\"async\" width=\"270\" height=\"180\" src=\"https:\/\/www.familinparis.fr\/wp-content\/uploads\/photos-libres-de-droits\/carousel-mange-enfant-paris-PLD-270x180.jpg\" class=\"attachment-post-thumbnail size-post-thumbnail\" alt=\"\" srcset=\"https:\/\/www.familinparis.fr\/wp-content\/uploads\/photos-libres-de-droits\/carousel-mange-enfant-paris-PLD-270x180.jpg 270w, https:\/\/www.familinparis.fr\/wp-content\/uploads\/photos-libres-de-droits\/carousel-mange-enfant-paris-PLD-300x200.jpg 300w, https:\/\/www.familinparis.fr\/wp-content\/uploads\/photos-libres-de-droits\/carousel-mange-enfant-paris-PLD-1024x684.jpg 1024w, https:\/\/www.familinparis.fr\/wp-content\/uploads\/photos-libres-de-droits\/carousel-mange-enfant-paris-PLD-768x513.jpg 768w, https:\/\/www.familinparis.fr\/wp-content\/uploads\/photos-libres-de-droits\/carousel-mange-enfant-paris-PLD-1536x1026.jpg 1536w, https:\/\/www.familinparis.fr\/wp-content\/uploads\/photos-libres-de-droits\/carousel-mange-enfant-paris-PLD-18x12.jpg 18w, https:\/\/www.familinparis.fr\/wp-content\/uploads\/photos-libres-de-droits\/carousel-mange-enfant-paris-PLD-730x487.jpg 730w\" sizes=\"(max-width: 270px) 100vw, 270px\" \/>\t\t\t\t\t<\/a>\n\t\t\t\t\t\t\t<\/div>\n\t\t\t\t\t\t<h4 class=\"uagb-post__title uagb-post__text\">\n\t\t\t\t<a href=\"https:\/\/www.familinparis.fr\/en\/ideas-for-this-wednesday-in-paris\/\" target=\"_self\" rel=\"bookmark noopener noreferrer\">Ideas for this Wednesday in Paris<\/a>\n\t\t\t<\/h4>\n\t\t\t\t\t\t<div class='uagb-post__text uagb-post-grid-byline'>\n\t\t\t\t\t\t\t<\/div>\n\t\t\t\n\t\t\t\t\t\t\t\t\t<\/article>\n\t\t\t\t\t\t\t\t\t\t\t\t\t\t\t\t<article class=\"uagb-post__inner-wrap\">\t\t\t\t\t\t\t\t<div class='uagb-post__image'>\n\t\t\t\t\t\t\t\t\t<a href=\"https:\/\/www.familinparis.fr\/en\/treasure-hunt-investigation-saint-germain-en-laye-mystery-hunt-78\/\" target=\"_self\" rel=\"bookmark noopener noreferrer\" class='uagb-image-ratio-inherit'><img decoding=\"async\" width=\"270\" height=\"180\" src=\"https:\/\/www.familinparis.fr\/wp-content\/uploads\/2026\/01\/Saint-Germain-final2-270x180.jpg\" class=\"attachment-post-thumbnail size-post-thumbnail\" alt=\"Le Cabinet noir. Escape game et jeu de piste ext\u00e9rieur \u00e0 saint-en-Laye (78)\" srcset=\"https:\/\/www.familinparis.fr\/wp-content\/uploads\/2026\/01\/Saint-Germain-final2-270x180.jpg 270w, https:\/\/www.familinparis.fr\/wp-content\/uploads\/2026\/01\/Saint-Germain-final2-300x199.jpg 300w, https:\/\/www.familinparis.fr\/wp-content\/uploads\/2026\/01\/Saint-Germain-final2-768x510.jpg 768w, https:\/\/www.familinparis.fr\/wp-content\/uploads\/2026\/01\/Saint-Germain-final2-730x485.jpg 730w, https:\/\/www.familinparis.fr\/wp-content\/uploads\/2026\/01\/Saint-Germain-final2.jpg 900w\" sizes=\"(max-width: 270px) 100vw, 270px\" \/>\t\t\t\t\t<\/a>\n\t\t\t\t\t\t\t<\/div>\n\t\t\t\t\t\t<h4 class=\"uagb-post__title uagb-post__text\">\n\t\t\t\t<a href=\"https:\/\/www.familinparis.fr\/en\/treasure-hunt-investigation-saint-germain-en-laye-mystery-hunt-78\/\" target=\"_self\" rel=\"bookmark noopener noreferrer\">2 Hours to Belong to the Black Cabinet &#8211; Investigation<\/a>\n\t\t\t<\/h4>\n\t\t\t\t\t\t<div class='uagb-post__text uagb-post-grid-byline'>\n\t\t\t\t\t\t\t<\/div>\n\t\t\t\n\t\t\t\t\t\t\t\t\t<\/article>\n\t\t\t\t\t\t\t\t\t\t\t\t\t\t\t\t<article class=\"uagb-post__inner-wrap\">\t\t\t\t\t\t\t\t<div class='uagb-post__image'>\n\t\t\t\t\t\t\t\t\t<a href=\"https:\/\/www.familinparis.fr\/en\/educational-farm-in-paris-noahs-world-for-children\/\" target=\"_self\" rel=\"bookmark noopener noreferrer\" class='uagb-image-ratio-inherit'><img decoding=\"async\" width=\"270\" height=\"180\" src=\"https:\/\/www.familinparis.fr\/wp-content\/uploads\/Animaux\/Monde-de-Noe\/Monde-de-noe--270x180.jpg\" class=\"attachment-post-thumbnail size-post-thumbnail\" alt=\"Le monde de No\u00e9\" \/>\t\t\t\t\t<\/a>\n\t\t\t\t\t\t\t<\/div>\n\t\t\t\t\t\t<h4 class=\"uagb-post__title uagb-post__text\">\n\t\t\t\t<a href=\"https:\/\/www.familinparis.fr\/en\/educational-farm-in-paris-noahs-world-for-children\/\" target=\"_self\" rel=\"bookmark noopener noreferrer\">Finding Noah, the immersive experience on the animal world<\/a>\n\t\t\t<\/h4>\n\t\t\t\t\t\t<div class='uagb-post__text uagb-post-grid-byline'>\n\t\t\t\t\t\t\t<\/div>\n\t\t\t\n\t\t\t\t\t\t\t\t\t<\/article>\n\t\t\t\t\t\t\t\t\t\t\t\t\t\t\t\t<article class=\"uagb-post__inner-wrap\">\t\t\t\t\t\t\t\t<div class='uagb-post__image'>\n\t\t\t\t\t\t\t\t\t<a href=\"https:\/\/www.familinparis.fr\/en\/hors-control-la-boum-pour-enfant-gratuit\/\" target=\"_self\" rel=\"bookmark noopener noreferrer\" class='uagb-image-ratio-inherit'><img decoding=\"async\" width=\"270\" height=\"180\" src=\"https:\/\/www.familinparis.fr\/wp-content\/uploads\/2024\/10\/Capture-decran-2025-08-06-171103-270x180.jpg\" class=\"attachment-post-thumbnail size-post-thumbnail\" alt=\"La boum des enfants Hors Control 2025\" \/>\t\t\t\t\t<\/a>\n\t\t\t\t\t\t\t<\/div>\n\t\t\t\t\t\t<h4 class=\"uagb-post__title uagb-post__text\">\n\t\t\t\t<a href=\"https:\/\/www.familinparis.fr\/en\/hors-control-la-boum-pour-enfant-gratuit\/\" target=\"_self\" rel=\"bookmark noopener noreferrer\">Hors Control, the children&#8217;s party<\/a>\n\t\t\t<\/h4>\n\t\t\t\t\t\t<div class='uagb-post__text uagb-post-grid-byline'>\n\t\t\t\t\t\t\t<\/div>\n\t\t\t\n\t\t\t\t\t\t\t\t\t<\/article>\n\t\t\t\t\t\t\t\t\t\t\t\t\t\t\t\t<article class=\"uagb-post__inner-wrap\">\t\t\t\t\t\t\t\t<div class='uagb-post__image'>\n\t\t\t\t\t\t\t\t\t<a href=\"https:\/\/www.familinparis.fr\/en\/gulli-parc-meaux-seine-et-marne-77\/\" target=\"_self\" rel=\"bookmark noopener noreferrer\" class='uagb-image-ratio-inherit'><img decoding=\"async\" width=\"270\" height=\"180\" src=\"https:\/\/www.familinparis.fr\/wp-content\/uploads\/2025\/12\/SPJ_8388-270x180.jpg\" class=\"attachment-post-thumbnail size-post-thumbnail\" alt=\"Gulli parc - parc d&#039;attraction\" srcset=\"https:\/\/www.familinparis.fr\/wp-content\/uploads\/2025\/12\/SPJ_8388-270x180.jpg 270w, https:\/\/www.familinparis.fr\/wp-content\/uploads\/2025\/12\/SPJ_8388-300x200.jpg 300w, https:\/\/www.familinparis.fr\/wp-content\/uploads\/2025\/12\/SPJ_8388-768x511.jpg 768w, https:\/\/www.familinparis.fr\/wp-content\/uploads\/2025\/12\/SPJ_8388-730x486.jpg 730w, https:\/\/www.familinparis.fr\/wp-content\/uploads\/2025\/12\/SPJ_8388.jpg 900w\" sizes=\"(max-width: 270px) 100vw, 270px\" \/>\t\t\t\t\t<\/a>\n\t\t\t\t\t\t\t<\/div>\n\t\t\t\t\t\t<h4 class=\"uagb-post__title uagb-post__text\">\n\t\t\t\t<a href=\"https:\/\/www.familinparis.fr\/en\/gulli-parc-meaux-seine-et-marne-77\/\" target=\"_self\" rel=\"bookmark noopener noreferrer\">Gulli Parc de Meaux (77)<\/a>\n\t\t\t<\/h4>\n\t\t\t\t\t\t<div class='uagb-post__text uagb-post-grid-byline'>\n\t\t\t\t\t\t\t<\/div>\n\t\t\t\n\t\t\t\t\t\t\t\t\t<\/article>\n\t\t\t\t\t\t\t\t\t\t\t\t\t\t\t\t<article class=\"uagb-post__inner-wrap\">\t\t\t\t\t\t\t\t<div class='uagb-post__image'>\n\t\t\t\t\t\t\t\t\t<a href=\"https:\/\/www.familinparis.fr\/en\/gulli-park-bry-sur-marne-val-de-marne-94\/\" target=\"_self\" rel=\"bookmark noopener noreferrer\" class='uagb-image-ratio-inherit'><img decoding=\"async\" width=\"270\" height=\"180\" src=\"https:\/\/www.familinparis.fr\/wp-content\/uploads\/2025\/12\/SPJ_7991-270x180.jpg\" class=\"attachment-post-thumbnail size-post-thumbnail\" alt=\"Gulli parc - parc d&#039;attraction\" srcset=\"https:\/\/www.familinparis.fr\/wp-content\/uploads\/2025\/12\/SPJ_7991-270x180.jpg 270w, https:\/\/www.familinparis.fr\/wp-content\/uploads\/2025\/12\/SPJ_7991-300x200.jpg 300w, https:\/\/www.familinparis.fr\/wp-content\/uploads\/2025\/12\/SPJ_7991-768x511.jpg 768w, https:\/\/www.familinparis.fr\/wp-content\/uploads\/2025\/12\/SPJ_7991-730x486.jpg 730w, https:\/\/www.familinparis.fr\/wp-content\/uploads\/2025\/12\/SPJ_7991.jpg 900w\" sizes=\"(max-width: 270px) 100vw, 270px\" \/>\t\t\t\t\t<\/a>\n\t\t\t\t\t\t\t<\/div>\n\t\t\t\t\t\t<h4 class=\"uagb-post__title uagb-post__text\">\n\t\t\t\t<a href=\"https:\/\/www.familinparis.fr\/en\/gulli-park-bry-sur-marne-val-de-marne-94\/\" target=\"_self\" rel=\"bookmark noopener noreferrer\">Gulli Parc in Bry-sur-Marne (94)<\/a>\n\t\t\t<\/h4>\n\t\t\t\t\t\t<div class='uagb-post__text uagb-post-grid-byline'>\n\t\t\t\t\t\t\t<\/div>\n\t\t\t\n\t\t\t\t\t\t\t\t\t<\/article>\n\t\t\t\t\t\t\t\t\t\t\t\t\t\t\t\t<article class=\"uagb-post__inner-wrap\">\t\t\t\t\t\t\t\t<div class='uagb-post__image'>\n\t\t\t\t\t\t\t\t\t<a href=\"https:\/\/www.familinparis.fr\/en\/escape-game-in-versailles-2-hours-to-save-the-king\/\" target=\"_self\" rel=\"bookmark noopener noreferrer\" class='uagb-image-ratio-inherit'><img decoding=\"async\" width=\"270\" height=\"180\" src=\"https:\/\/www.familinparis.fr\/wp-content\/uploads\/Visites-Insolites\/Versailles\/2h-pour-sauver-le-roi-270x180.jpg\" class=\"attachment-post-thumbnail size-post-thumbnail\" alt=\"\" \/>\t\t\t\t\t<\/a>\n\t\t\t\t\t\t\t<\/div>\n\t\t\t\t\t\t<h4 class=\"uagb-post__title uagb-post__text\">\n\t\t\t\t<a href=\"https:\/\/www.familinparis.fr\/en\/escape-game-in-versailles-2-hours-to-save-the-king\/\" target=\"_self\" rel=\"bookmark noopener noreferrer\">Escape Game in Versailles: 2 hours to save the King<\/a>\n\t\t\t<\/h4>\n\t\t\t\t\t\t<div class='uagb-post__text uagb-post-grid-byline'>\n\t\t\t\t\t\t\t<\/div>\n\t\t\t\n\t\t\t\t\t\t\t\t\t<\/article>\n\t\t\t\t\t\t\t\t\t\t\t\t\t\t\t\t<article class=\"uagb-post__inner-wrap\">\t\t\t\t\t\t\t\t<div class='uagb-post__image'>\n\t\t\t\t\t\t\t\t\t<a href=\"https:\/\/www.familinparis.fr\/en\/visite-guidee-stade-de-france\/\" target=\"_self\" rel=\"bookmark noopener noreferrer\" class='uagb-image-ratio-inherit'><img decoding=\"async\" width=\"270\" height=\"180\" src=\"https:\/\/www.familinparis.fr\/wp-content\/uploads\/photos-partenaires\/stade-de-france-Macary-Zublenaet-Regembal-Costantini-Architectes-ADAGP-Paris\u20132016-F-Aguilhon-C-Jamet-270x180.jpg\" class=\"attachment-post-thumbnail size-post-thumbnail\" alt=\"\" srcset=\"https:\/\/www.familinparis.fr\/wp-content\/uploads\/photos-partenaires\/stade-de-france-Macary-Zublenaet-Regembal-Costantini-Architectes-ADAGP-Paris\u20132016-F-Aguilhon-C-Jamet-270x180.jpg 270w, https:\/\/www.familinparis.fr\/wp-content\/uploads\/photos-partenaires\/stade-de-france-Macary-Zublenaet-Regembal-Costantini-Architectes-ADAGP-Paris\u20132016-F-Aguilhon-C-Jamet-18x12.jpg 18w\" sizes=\"(max-width: 270px) 100vw, 270px\" \/>\t\t\t\t\t<\/a>\n\t\t\t\t\t\t\t<\/div>\n\t\t\t\t\t\t<h4 class=\"uagb-post__title uagb-post__text\">\n\t\t\t\t<a href=\"https:\/\/www.familinparis.fr\/en\/visite-guidee-stade-de-france\/\" target=\"_self\" rel=\"bookmark noopener noreferrer\">Behind-the-scenes tour of the Stade de France<\/a>\n\t\t\t<\/h4>\n\t\t\t\t\t\t<div class='uagb-post__text uagb-post-grid-byline'>\n\t\t\t\t\t\t\t<\/div>\n\t\t\t\n\t\t\t\t\t\t\t\t\t<\/article>\n\t\t\t\t\t\t\t\t\t\t\t\t\t\t\t\t<article class=\"uagb-post__inner-wrap\">\t\t\t\t\t\t\t\t<div class='uagb-post__image'>\n\t\t\t\t\t\t\t\t\t<a href=\"https:\/\/www.familinparis.fr\/en\/festival-of-the-marvelous-museum-of-fairground-art\/\" target=\"_self\" rel=\"bookmark noopener noreferrer\" class='uagb-image-ratio-inherit'><img decoding=\"async\" width=\"270\" height=\"180\" src=\"https:\/\/www.familinparis.fr\/wp-content\/uploads\/2020\/02\/3c3faae0f29efe0a588414da1302f65d-270x180.jpg\" class=\"attachment-post-thumbnail size-post-thumbnail\" alt=\"Le festival du merveilleux au Mus\u00e9e des arts forains 2024-2025\" srcset=\"https:\/\/www.familinparis.fr\/wp-content\/uploads\/2020\/02\/3c3faae0f29efe0a588414da1302f65d-270x180.jpg 270w, https:\/\/www.familinparis.fr\/wp-content\/uploads\/2020\/02\/3c3faae0f29efe0a588414da1302f65d-600x400.jpg 600w\" sizes=\"(max-width: 270px) 100vw, 270px\" \/>\t\t\t\t\t<\/a>\n\t\t\t\t\t\t\t<\/div>\n\t\t\t\t\t\t<h4 class=\"uagb-post__title uagb-post__text\">\n\t\t\t\t<a href=\"https:\/\/www.familinparis.fr\/en\/festival-of-the-marvelous-museum-of-fairground-art\/\" target=\"_self\" rel=\"bookmark noopener noreferrer\">The Festival of Wonders at the Museum of Fairground Arts<\/a>\n\t\t\t<\/h4>\n\t\t\t\t\t\t<div class='uagb-post__text uagb-post-grid-byline'>\n\t\t\t\t\t\t\t<\/div>\n\t\t\t\n\t\t\t\t\t\t\t\t\t<\/article>\n\t\t\t\t\t\t\t\t\t\t\t<\/div>\n\t\t\t\n<div style=\"height:100px\" aria-hidden=\"true\" class=\"wp-block-spacer\"><\/div>\n\n<div class=\"wp-block-buttons is-horizontal is-content-justification-center is-layout-flex wp-container-core-buttons-is-layout-499968f5 wp-block-buttons-is-layout-flex\">\n<div class=\"wp-block-button\"><a class=\"wp-block-button__link has-white-color has-text-color has-background\" href=\"https:\/\/www.familinparis.fr\/en\/shows-for-children-and-teenagers-in-paris\/\" style=\"border-radius:1px;background-color:#73c6b6\">THE BEST SHOWS OF 2022<\/a><\/div>\n\n\n\n<div class=\"wp-block-button\"><a class=\"wp-block-button__link has-white-color has-text-color has-background\" href=\"https:\/\/www.familinparis.fr\/en\/must-see-family-exhibitions-in-paris\/\" style=\"border-radius:1px;background-color:#73c6b6\">THE BEST EXHIBITIONS 2022<\/a><\/div>\n<\/div>\n","protected":false},"excerpt":{"rendered":"<p>IDEAS FOR LEISURE IN PARIS:<\/p>\n","protected":false},"author":5,"featured_media":129069,"comment_status":"open","ping_status":"open","sticky":false,"template":"","format":"standard","meta":{"_uag_custom_page_level_css":"","footnotes":""},"categories":[1253],"tags":[],"class_list":{"0":"post-136766","1":"post","2":"type-post","3":"status-publish","4":"format-standard","5":"has-post-thumbnail","7":"category-past-events"},"yoast_head":"<!-- This site is optimized with the Yoast SEO plugin v27.2 - https:\/\/yoast.com\/product\/yoast-seo-wordpress\/ -->\n<title>The Little Prince dance and circus show \u2014 Ideal from 6 years old.<\/title>\n<meta name=\"description\" content=\"From September 13 to 28 at the Folies Berg\u00e8re (Paris 9th). Saint-Exup\u00e9ry&#039;s cult tale in the form of dance and circus \u2014 A magnificent show\" \/>\n<meta name=\"robots\" content=\"index, follow, max-snippet:-1, max-image-preview:large, max-video-preview:-1\" \/>\n<link rel=\"canonical\" href=\"https:\/\/www.familinparis.fr\/en\/the-little-prince-dance\/\" \/>\n<meta property=\"og:locale\" content=\"en_US\" \/>\n<meta property=\"og:type\" content=\"article\" \/>\n<meta property=\"og:title\" content=\"The Little Prince dance and circus show \u2014 Ideal from 6 years old.\" \/>\n<meta property=\"og:description\" content=\"From September 13 to 28 at the Folies Berg\u00e8re (Paris 9th). Saint-Exup\u00e9ry&#039;s cult tale in the form of dance and circus \u2014 A magnificent show\" \/>\n<meta property=\"og:url\" content=\"https:\/\/www.familinparis.fr\/en\/the-little-prince-dance\/\" \/>\n<meta property=\"og:site_name\" content=\"Familin&#039;Paris\" \/>\n<meta property=\"article:published_time\" content=\"2019-01-31T21:10:00+00:00\" \/>\n<meta property=\"article:modified_time\" content=\"2024-11-16T15:34:27+00:00\" \/>\n<meta property=\"og:image\" content=\"https:\/\/www.familinparis.fr\/wp-content\/uploads\/Spectacles\/Cirque\/le-petit-prince-folies-bergere.jpg\" \/>\n\t<meta property=\"og:image:width\" content=\"400\" \/>\n\t<meta property=\"og:image:height\" content=\"601\" \/>\n\t<meta property=\"og:image:type\" content=\"image\/jpeg\" \/>\n<meta name=\"author\" content=\"olivia\" \/>\n<meta name=\"twitter:card\" content=\"summary_large_image\" \/>\n<meta name=\"twitter:label1\" content=\"Written by\" \/>\n\t<meta name=\"twitter:data1\" content=\"olivia\" \/>\n<script type=\"application\/ld+json\" class=\"yoast-schema-graph\">{\"@context\":\"https:\/\/schema.org\",\"@graph\":[{\"@type\":\"Article\",\"@id\":\"https:\/\/www.familinparis.fr\/en\/the-little-prince-dance\/#article\",\"isPartOf\":{\"@id\":\"https:\/\/www.familinparis.fr\/en\/the-little-prince-dance\/\"},\"author\":{\"name\":\"olivia\",\"@id\":\"https:\/\/www.familinparis.fr\/en\/#\/schema\/person\/a87467bb417cd0c77d0a7bb5d1d78ac5\"},\"headline\":\"The Little Prince (dance)\",\"datePublished\":\"2019-01-31T21:10:00+00:00\",\"dateModified\":\"2024-11-16T15:34:27+00:00\",\"mainEntityOfPage\":{\"@id\":\"https:\/\/www.familinparis.fr\/en\/the-little-prince-dance\/\"},\"wordCount\":100,\"commentCount\":0,\"image\":{\"@id\":\"https:\/\/www.familinparis.fr\/en\/the-little-prince-dance\/#primaryimage\"},\"thumbnailUrl\":\"https:\/\/www.familinparis.fr\/wp-content\/uploads\/Spectacles\/Cirque\/le-petit-prince-folies-bergere.jpg\",\"articleSection\":[\"Past events\"],\"inLanguage\":\"en-US\",\"potentialAction\":[{\"@type\":\"CommentAction\",\"name\":\"Comment\",\"target\":[\"https:\/\/www.familinparis.fr\/en\/the-little-prince-dance\/#respond\"]}]},{\"@type\":\"WebPage\",\"@id\":\"https:\/\/www.familinparis.fr\/en\/the-little-prince-dance\/\",\"url\":\"https:\/\/www.familinparis.fr\/en\/the-little-prince-dance\/\",\"name\":\"The Little Prince dance and circus show \u2014 Ideal from 6 years old.\",\"isPartOf\":{\"@id\":\"https:\/\/www.familinparis.fr\/en\/#website\"},\"primaryImageOfPage\":{\"@id\":\"https:\/\/www.familinparis.fr\/en\/the-little-prince-dance\/#primaryimage\"},\"image\":{\"@id\":\"https:\/\/www.familinparis.fr\/en\/the-little-prince-dance\/#primaryimage\"},\"thumbnailUrl\":\"https:\/\/www.familinparis.fr\/wp-content\/uploads\/Spectacles\/Cirque\/le-petit-prince-folies-bergere.jpg\",\"datePublished\":\"2019-01-31T21:10:00+00:00\",\"dateModified\":\"2024-11-16T15:34:27+00:00\",\"author\":{\"@id\":\"https:\/\/www.familinparis.fr\/en\/#\/schema\/person\/a87467bb417cd0c77d0a7bb5d1d78ac5\"},\"description\":\"From September 13 to 28 at the Folies Berg\u00e8re (Paris 9th). Saint-Exup\u00e9ry's cult tale in the form of dance and circus \u2014 A magnificent show\",\"breadcrumb\":{\"@id\":\"https:\/\/www.familinparis.fr\/en\/the-little-prince-dance\/#breadcrumb\"},\"inLanguage\":\"en-US\",\"potentialAction\":[{\"@type\":\"ReadAction\",\"target\":[\"https:\/\/www.familinparis.fr\/en\/the-little-prince-dance\/\"]}]},{\"@type\":\"ImageObject\",\"inLanguage\":\"en-US\",\"@id\":\"https:\/\/www.familinparis.fr\/en\/the-little-prince-dance\/#primaryimage\",\"url\":\"https:\/\/www.familinparis.fr\/wp-content\/uploads\/Spectacles\/Cirque\/le-petit-prince-folies-bergere.jpg\",\"contentUrl\":\"https:\/\/www.familinparis.fr\/wp-content\/uploads\/Spectacles\/Cirque\/le-petit-prince-folies-bergere.jpg\",\"width\":400,\"height\":601},{\"@type\":\"BreadcrumbList\",\"@id\":\"https:\/\/www.familinparis.fr\/en\/the-little-prince-dance\/#breadcrumb\",\"itemListElement\":[{\"@type\":\"ListItem\",\"position\":1,\"name\":\"Home\",\"item\":\"https:\/\/www.familinparis.fr\/en\/\"},{\"@type\":\"ListItem\",\"position\":2,\"name\":\"Exposition\",\"item\":\"https:\/\/www.familinparis.fr\/en\/categorie\/exposition-en\/\"},{\"@type\":\"ListItem\",\"position\":3,\"name\":\"The Little Prince (dance)\"}]},{\"@type\":\"WebSite\",\"@id\":\"https:\/\/www.familinparis.fr\/en\/#website\",\"url\":\"https:\/\/www.familinparis.fr\/en\/\",\"name\":\"Familin&#039;Paris\",\"description\":\"Visiter le meilleur de Paris avec des enfants : sorties, spectacles, adresses de restaurants, shopping, bons plans...\",\"potentialAction\":[{\"@type\":\"SearchAction\",\"target\":{\"@type\":\"EntryPoint\",\"urlTemplate\":\"https:\/\/www.familinparis.fr\/en\/?s={search_term_string}\"},\"query-input\":{\"@type\":\"PropertyValueSpecification\",\"valueRequired\":true,\"valueName\":\"search_term_string\"}}],\"inLanguage\":\"en-US\"},{\"@type\":\"Person\",\"@id\":\"https:\/\/www.familinparis.fr\/en\/#\/schema\/person\/a87467bb417cd0c77d0a7bb5d1d78ac5\",\"name\":\"olivia\",\"image\":{\"@type\":\"ImageObject\",\"inLanguage\":\"en-US\",\"@id\":\"https:\/\/secure.gravatar.com\/avatar\/cbca07f1dfea20f457a666a1b84ed5cf1364773d1378c6f10fd36c354eef1ef8?s=96&d=identicon&r=g\",\"url\":\"https:\/\/secure.gravatar.com\/avatar\/cbca07f1dfea20f457a666a1b84ed5cf1364773d1378c6f10fd36c354eef1ef8?s=96&d=identicon&r=g\",\"contentUrl\":\"https:\/\/secure.gravatar.com\/avatar\/cbca07f1dfea20f457a666a1b84ed5cf1364773d1378c6f10fd36c354eef1ef8?s=96&d=identicon&r=g\",\"caption\":\"olivia\"}}]}<\/script>\n<!-- \/ Yoast SEO plugin. -->","yoast_head_json":{"title":"The Little Prince dance and circus show \u2014 Ideal from 6 years old.","description":"From September 13 to 28 at the Folies Berg\u00e8re (Paris 9th). Saint-Exup\u00e9ry's cult tale in the form of dance and circus \u2014 A magnificent show","robots":{"index":"index","follow":"follow","max-snippet":"max-snippet:-1","max-image-preview":"max-image-preview:large","max-video-preview":"max-video-preview:-1"},"canonical":"https:\/\/www.familinparis.fr\/en\/the-little-prince-dance\/","og_locale":"en_US","og_type":"article","og_title":"The Little Prince dance and circus show \u2014 Ideal from 6 years old.","og_description":"From September 13 to 28 at the Folies Berg\u00e8re (Paris 9th). Saint-Exup\u00e9ry's cult tale in the form of dance and circus \u2014 A magnificent show","og_url":"https:\/\/www.familinparis.fr\/en\/the-little-prince-dance\/","og_site_name":"Familin&#039;Paris","article_published_time":"2019-01-31T21:10:00+00:00","article_modified_time":"2024-11-16T15:34:27+00:00","og_image":[{"width":400,"height":601,"url":"https:\/\/www.familinparis.fr\/wp-content\/uploads\/Spectacles\/Cirque\/le-petit-prince-folies-bergere.jpg","type":"image\/jpeg"}],"author":"olivia","twitter_card":"summary_large_image","twitter_misc":{"Written by":"olivia"},"schema":{"@context":"https:\/\/schema.org","@graph":[{"@type":"Article","@id":"https:\/\/www.familinparis.fr\/en\/the-little-prince-dance\/#article","isPartOf":{"@id":"https:\/\/www.familinparis.fr\/en\/the-little-prince-dance\/"},"author":{"name":"olivia","@id":"https:\/\/www.familinparis.fr\/en\/#\/schema\/person\/a87467bb417cd0c77d0a7bb5d1d78ac5"},"headline":"The Little Prince (dance)","datePublished":"2019-01-31T21:10:00+00:00","dateModified":"2024-11-16T15:34:27+00:00","mainEntityOfPage":{"@id":"https:\/\/www.familinparis.fr\/en\/the-little-prince-dance\/"},"wordCount":100,"commentCount":0,"image":{"@id":"https:\/\/www.familinparis.fr\/en\/the-little-prince-dance\/#primaryimage"},"thumbnailUrl":"https:\/\/www.familinparis.fr\/wp-content\/uploads\/Spectacles\/Cirque\/le-petit-prince-folies-bergere.jpg","articleSection":["Past events"],"inLanguage":"en-US","potentialAction":[{"@type":"CommentAction","name":"Comment","target":["https:\/\/www.familinparis.fr\/en\/the-little-prince-dance\/#respond"]}]},{"@type":"WebPage","@id":"https:\/\/www.familinparis.fr\/en\/the-little-prince-dance\/","url":"https:\/\/www.familinparis.fr\/en\/the-little-prince-dance\/","name":"The Little Prince dance and circus show \u2014 Ideal from 6 years old.","isPartOf":{"@id":"https:\/\/www.familinparis.fr\/en\/#website"},"primaryImageOfPage":{"@id":"https:\/\/www.familinparis.fr\/en\/the-little-prince-dance\/#primaryimage"},"image":{"@id":"https:\/\/www.familinparis.fr\/en\/the-little-prince-dance\/#primaryimage"},"thumbnailUrl":"https:\/\/www.familinparis.fr\/wp-content\/uploads\/Spectacles\/Cirque\/le-petit-prince-folies-bergere.jpg","datePublished":"2019-01-31T21:10:00+00:00","dateModified":"2024-11-16T15:34:27+00:00","author":{"@id":"https:\/\/www.familinparis.fr\/en\/#\/schema\/person\/a87467bb417cd0c77d0a7bb5d1d78ac5"},"description":"From September 13 to 28 at the Folies Berg\u00e8re (Paris 9th). Saint-Exup\u00e9ry's cult tale in the form of dance and circus \u2014 A magnificent show","breadcrumb":{"@id":"https:\/\/www.familinparis.fr\/en\/the-little-prince-dance\/#breadcrumb"},"inLanguage":"en-US","potentialAction":[{"@type":"ReadAction","target":["https:\/\/www.familinparis.fr\/en\/the-little-prince-dance\/"]}]},{"@type":"ImageObject","inLanguage":"en-US","@id":"https:\/\/www.familinparis.fr\/en\/the-little-prince-dance\/#primaryimage","url":"https:\/\/www.familinparis.fr\/wp-content\/uploads\/Spectacles\/Cirque\/le-petit-prince-folies-bergere.jpg","contentUrl":"https:\/\/www.familinparis.fr\/wp-content\/uploads\/Spectacles\/Cirque\/le-petit-prince-folies-bergere.jpg","width":400,"height":601},{"@type":"BreadcrumbList","@id":"https:\/\/www.familinparis.fr\/en\/the-little-prince-dance\/#breadcrumb","itemListElement":[{"@type":"ListItem","position":1,"name":"Home","item":"https:\/\/www.familinparis.fr\/en\/"},{"@type":"ListItem","position":2,"name":"Exposition","item":"https:\/\/www.familinparis.fr\/en\/categorie\/exposition-en\/"},{"@type":"ListItem","position":3,"name":"The Little Prince (dance)"}]},{"@type":"WebSite","@id":"https:\/\/www.familinparis.fr\/en\/#website","url":"https:\/\/www.familinparis.fr\/en\/","name":"Familin&#039;Paris","description":"Visiter le meilleur de Paris avec des enfants : sorties, spectacles, adresses de restaurants, shopping, bons plans...","potentialAction":[{"@type":"SearchAction","target":{"@type":"EntryPoint","urlTemplate":"https:\/\/www.familinparis.fr\/en\/?s={search_term_string}"},"query-input":{"@type":"PropertyValueSpecification","valueRequired":true,"valueName":"search_term_string"}}],"inLanguage":"en-US"},{"@type":"Person","@id":"https:\/\/www.familinparis.fr\/en\/#\/schema\/person\/a87467bb417cd0c77d0a7bb5d1d78ac5","name":"olivia","image":{"@type":"ImageObject","inLanguage":"en-US","@id":"https:\/\/secure.gravatar.com\/avatar\/cbca07f1dfea20f457a666a1b84ed5cf1364773d1378c6f10fd36c354eef1ef8?s=96&d=identicon&r=g","url":"https:\/\/secure.gravatar.com\/avatar\/cbca07f1dfea20f457a666a1b84ed5cf1364773d1378c6f10fd36c354eef1ef8?s=96&d=identicon&r=g","contentUrl":"https:\/\/secure.gravatar.com\/avatar\/cbca07f1dfea20f457a666a1b84ed5cf1364773d1378c6f10fd36c354eef1ef8?s=96&d=identicon&r=g","caption":"olivia"}}]}},"uagb_featured_image_src":{"full":["https:\/\/www.familinparis.fr\/wp-content\/uploads\/Spectacles\/Cirque\/le-petit-prince-folies-bergere.jpg",400,601,false],"thumbnail":["https:\/\/www.familinparis.fr\/wp-content\/uploads\/Spectacles\/Cirque\/le-petit-prince-folies-bergere-150x150.jpg",150,150,true],"medium":["https:\/\/www.familinparis.fr\/wp-content\/uploads\/Spectacles\/Cirque\/le-petit-prince-folies-bergere-200x300.jpg",200,300,true],"medium_large":["https:\/\/www.familinparis.fr\/wp-content\/uploads\/Spectacles\/Cirque\/le-petit-prince-folies-bergere.jpg",400,601,false],"large":["https:\/\/www.familinparis.fr\/wp-content\/uploads\/Spectacles\/Cirque\/le-petit-prince-folies-bergere.jpg",400,601,false],"1536x1536":["https:\/\/www.familinparis.fr\/wp-content\/uploads\/Spectacles\/Cirque\/le-petit-prince-folies-bergere.jpg",400,601,false],"2048x2048":["https:\/\/www.familinparis.fr\/wp-content\/uploads\/Spectacles\/Cirque\/le-petit-prince-folies-bergere.jpg",400,601,false],"home-thumb":["https:\/\/www.familinparis.fr\/wp-content\/uploads\/Spectacles\/Cirque\/le-petit-prince-folies-bergere.jpg",400,601,false],"home-slider":["https:\/\/www.familinparis.fr\/wp-content\/uploads\/Spectacles\/Cirque\/le-petit-prince-folies-bergere-400x600.jpg",400,600,true],"lightbox-slider-size":["https:\/\/www.familinparis.fr\/wp-content\/uploads\/Spectacles\/Cirque\/le-petit-prince-folies-bergere-400x282.jpg",400,282,true],"post-thumbnail":["https:\/\/www.familinparis.fr\/wp-content\/uploads\/Spectacles\/Cirque\/le-petit-prince-folies-bergere-270x180.jpg",270,180,true],"cheerup-main":["https:\/\/www.familinparis.fr\/wp-content\/uploads\/Spectacles\/Cirque\/le-petit-prince-folies-bergere-400x400.jpg",400,400,true],"cheerup-main-full":["https:\/\/www.familinparis.fr\/wp-content\/uploads\/Spectacles\/Cirque\/le-petit-prince-folies-bergere-400x508.jpg",400,508,true],"cheerup-slider-alt":["https:\/\/www.familinparis.fr\/wp-content\/uploads\/Spectacles\/Cirque\/le-petit-prince-folies-bergere-400x508.jpg",400,508,true],"cheerup-slider-trendy":["https:\/\/www.familinparis.fr\/wp-content\/uploads\/Spectacles\/Cirque\/le-petit-prince-folies-bergere-400x508.jpg",400,508,true],"cheerup-slider-stylish":["https:\/\/www.familinparis.fr\/wp-content\/uploads\/Spectacles\/Cirque\/le-petit-prince-folies-bergere-400x515.jpg",400,515,true],"cheerup-slider-grid":["https:\/\/www.familinparis.fr\/wp-content\/uploads\/Spectacles\/Cirque\/le-petit-prince-folies-bergere-400x600.jpg",400,600,true],"cheerup-slider-grid-sm":["https:\/\/www.familinparis.fr\/wp-content\/uploads\/Spectacles\/Cirque\/le-petit-prince-folies-bergere-300x300.jpg",300,300,true],"cheerup-slider-carousel":["https:\/\/www.familinparis.fr\/wp-content\/uploads\/Spectacles\/Cirque\/le-petit-prince-folies-bergere-370x370.jpg",370,370,true],"cheerup-slider-grid-b":["https:\/\/www.familinparis.fr\/wp-content\/uploads\/Spectacles\/Cirque\/le-petit-prince-folies-bergere-400x466.jpg",400,466,true],"cheerup-slider-grid-b-sm":["https:\/\/www.familinparis.fr\/wp-content\/uploads\/Spectacles\/Cirque\/le-petit-prince-folies-bergere-306x466.jpg",306,466,true],"cheerup-slider-bold-sm":["https:\/\/www.familinparis.fr\/wp-content\/uploads\/Spectacles\/Cirque\/le-petit-prince-folies-bergere-150x150.jpg",150,150,true],"cheerup-grid":["https:\/\/www.familinparis.fr\/wp-content\/uploads\/Spectacles\/Cirque\/le-petit-prince-folies-bergere-370x285.jpg",370,285,true],"cheerup-carousel":["https:\/\/www.familinparis.fr\/wp-content\/uploads\/Spectacles\/Cirque\/le-petit-prince-folies-bergere-270x180.jpg",270,180,true],"cheerup-carousel-b":["https:\/\/www.familinparis.fr\/wp-content\/uploads\/Spectacles\/Cirque\/le-petit-prince-folies-bergere-370x285.jpg",370,285,true],"cheerup-list":["https:\/\/www.familinparis.fr\/wp-content\/uploads\/Spectacles\/Cirque\/le-petit-prince-folies-bergere-260x200.jpg",260,200,true],"cheerup-list-b":["https:\/\/www.familinparis.fr\/wp-content\/uploads\/Spectacles\/Cirque\/le-petit-prince-folies-bergere-370x305.jpg",370,305,true],"cheerup-thumb":["https:\/\/www.familinparis.fr\/wp-content\/uploads\/Spectacles\/Cirque\/le-petit-prince-folies-bergere-87x67.jpg",87,67,true],"cheerup-thumb-alt":["https:\/\/www.familinparis.fr\/wp-content\/uploads\/Spectacles\/Cirque\/le-petit-prince-folies-bergere-150x150.jpg",150,150,true]},"uagb_author_info":{"display_name":"olivia","author_link":"https:\/\/www.familinparis.fr\/en\/author\/olivia\/"},"uagb_comment_info":0,"uagb_excerpt":"IDEAS FOR LEISURE IN PARIS:","_links":{"self":[{"href":"https:\/\/www.familinparis.fr\/en\/wp-json\/wp\/v2\/posts\/136766","targetHints":{"allow":["GET"]}}],"collection":[{"href":"https:\/\/www.familinparis.fr\/en\/wp-json\/wp\/v2\/posts"}],"about":[{"href":"https:\/\/www.familinparis.fr\/en\/wp-json\/wp\/v2\/types\/post"}],"author":[{"embeddable":true,"href":"https:\/\/www.familinparis.fr\/en\/wp-json\/wp\/v2\/users\/5"}],"replies":[{"embeddable":true,"href":"https:\/\/www.familinparis.fr\/en\/wp-json\/wp\/v2\/comments?post=136766"}],"version-history":[{"count":0,"href":"https:\/\/www.familinparis.fr\/en\/wp-json\/wp\/v2\/posts\/136766\/revisions"}],"wp:featuredmedia":[{"embeddable":true,"href":"https:\/\/www.familinparis.fr\/en\/wp-json\/wp\/v2\/media\/129069"}],"wp:attachment":[{"href":"https:\/\/www.familinparis.fr\/en\/wp-json\/wp\/v2\/media?parent=136766"}],"wp:term":[{"taxonomy":"category","embeddable":true,"href":"https:\/\/www.familinparis.fr\/en\/wp-json\/wp\/v2\/categories?post=136766"},{"taxonomy":"post_tag","embeddable":true,"href":"https:\/\/www.familinparis.fr\/en\/wp-json\/wp\/v2\/tags?post=136766"}],"curies":[{"name":"wp","href":"https:\/\/api.w.org\/{rel}","templated":true}]}}