{"id":136521,"date":"2017-01-31T02:25:00","date_gmt":"2017-01-31T00:25:00","guid":{"rendered":"https:\/\/www.familinparis.fr\/coronavirus-info-whats-open-and-closed-in-paris\/"},"modified":"2024-11-16T17:32:26","modified_gmt":"2024-11-16T15:32:26","slug":"coronavirus-info-whats-open-and-closed-in-paris","status":"publish","type":"post","link":"https:\/\/www.familinparis.fr\/en\/coronavirus-info-whats-open-and-closed-in-paris\/","title":{"rendered":"Coronavirus info: what&#8217;s open and closed in Paris"},"content":{"rendered":"\n<p>(updated on March 14, 2020 at 12:00 p.m.)<strong> COVID-19 INFORMATION:<\/strong> We try as far as possible to inform you about <strong>cultural establishments open and closed<\/strong> to the public <strong>during the Coronavirus crisis<\/strong>, based on the information we receive from our partners on a daily basis. We will update this page daily according to the information collected. We also indicate <strong>cancelled events<\/strong> and <strong>postponed events<\/strong> .  <\/p>\n\n<h2 class=\"wp-block-heading\">Places that remain open (until further notice)<\/h2>\n\n<ul class=\"wp-block-list\"><li>Monuments: the Pantheon and the Arc de Triomphe<\/li><li>The Jacquemart Andr\u00e9 Museum: access to the temporary exhibition rooms is limited to visitors who have booked their ticket online<\/li><li>The Marmottan Monet Museum<\/li><li>The Atelier des Lumi\u00e8res (in the 10th arrondissement): number of entries being limited to 100 people, your entry to the Atelier des Lumi\u00e8res is no longer guaranteed (refund for those who have a ticket)<\/li><\/ul>\n\n<h2 class=\"wp-block-heading\">Activities and outings maintained<\/h2>\n\n<ul class=\"wp-block-list\"><li>Our unusual guided tours in Paris outdoors<\/li><li>Our outdoor Escape Games<\/li><li>Guided tours of Paris by electric quad bike and electric scooter by day and electric scooter tours by night<\/li><li>The guided hoverboard ride and the free electric scooter ride<\/li><li>Cruises on the Seine with the <strong>Vedettes de Paris, <\/strong>with Pizza sur Seine<\/li><li>A visit to the Op\u00e9ra Garnier<\/li><li>The daytime tour of Paris by tourist bus  <\/li><li>Zoos: the Parc Zoologique de Paris, the Menagerie of the Jardin des Plantes<\/li><li>The Aquarium de Paris: please note that attendance is limited to 100 people at the same time.  <strong>Only visitors with tickets purchased online will be accepted.<\/strong><\/li><\/ul>\n\n<h2 class=\"wp-block-heading\">Places closed in Paris (until further notice)<\/h2>\n\n<ul class=\"wp-block-list\"><li><strong>Museums<\/strong> : the Louvre Museum, the Eug\u00e8ne Delacroix Museum, the Mus\u00e9e d&#8217;Orsay, the Mus\u00e9e de l&#8217;Orangerie, the Guimet Museum, the Institut du Monde Arable, the Quai Branly Museum, the Centre Pompidou, the Palais de la D\u00e9couverte<\/li><li><strong>The monuments<\/strong> : the Eiffel Tower (until further notice)<\/li><li>The Cit\u00e9 des sciences et de l&#8217;industrie: closed from 14 March 2020 and until further notice (Tickets purchased will remain valid and may be postponed until 31 December 2020, subject to availability)<\/li><li>Amusement parks: DisneyLand Paris (closed until the end of March)<\/li><li><strong>The Jardin des Plantes<\/strong> : the Galerie de l&#8217;Evolution and the Galerie des Enfants (no reopening date)<\/li><li>The visit of the Rex Studio<\/li><li>The visit of Paris by night Open Tour<\/li><li>The Cinematheque<\/li><\/ul>\n\n<h2 class=\"wp-block-heading\">Events in Paris and Ile-de-France postponed<\/h2>\n\n<ul class=\"wp-block-list\"><li><strong>The Martial Arts Festival<\/strong> : postponed to June 27, 2020<\/li><li><strong>At the Mus\u00e9e de l&#8217;Homme<\/strong> : the exhibition &#8220;Last Meal in Pompeii&#8221; is postponed to a later date<\/li><li><strong>At the Mus\u00e9e de l&#8217;Arm\u00e9e<\/strong> : the exhibition &#8220;The Napoleonic Epic in Figurines&#8221;, (initially scheduled from 28 March) postponed to November 2020<\/li><li><strong>At the Grand Palais<\/strong> : the exhibition &#8220;Pompeii&#8221; (initially scheduled for March 25) postponed without an announced date<\/li><li><strong>In Giverny<\/strong> (Impressionist Museum): the exhibition &#8220;Plein air. From Corot to Monet&#8221; is postponed to April 27, 2020<\/li><\/ul>\n\n<h2 class=\"wp-block-heading\">Shows (theatres, concerts, etc.) cancelled<\/h2>\n\n<ul class=\"wp-block-list\"><li>Les Fourberies de Scapin at the Th\u00e9\u00e2tre de Libre (in the 10th arrondissement)<\/li><li>Family concerts at the Th\u00e9\u00e2tre des Champs-Elys\u00e9es<\/li><\/ul>\n\n<h2 class=\"wp-block-heading\">Cancelled events<\/h2>\n\n<ul class=\"wp-block-list\"><li>The Book Fair (scheduled from 20 to 23 March)<\/li><li>All performances at the Op\u00e9ra Garnier and the Op\u00e9ra Bastille<\/li><\/ul>\n","protected":false},"excerpt":{"rendered":"<p>(updated on March 14, 2020 at 12:00 p.m.) COVID-19 INFORMATION: We try as far as possible to inform you about cultural establishments open and closed to the public during the Coronavirus crisis, based on the information we receive from our partners on a daily basis. We will update this page daily according to the information<\/p>\n","protected":false},"author":5,"featured_media":131376,"comment_status":"open","ping_status":"open","sticky":false,"template":"","format":"standard","meta":{"_uag_custom_page_level_css":"","footnotes":""},"categories":[1253],"tags":[],"class_list":{"0":"post-136521","1":"post","2":"type-post","3":"status-publish","4":"format-standard","5":"has-post-thumbnail","7":"category-past-events"},"yoast_head":"<!-- This site is optimized with the Yoast SEO plugin v27.2 - https:\/\/yoast.com\/product\/yoast-seo-wordpress\/ -->\n<title>Coronavirus info: what&#039;s open and closed in Paris and Ile-de-France<\/title>\n<meta name=\"description\" content=\"What is open or closed during the Coronavirus crisis? Which events have been cancelled or postponed due to Covid-19?\" \/>\n<meta name=\"robots\" content=\"index, follow, max-snippet:-1, max-image-preview:large, max-video-preview:-1\" \/>\n<link rel=\"canonical\" href=\"https:\/\/www.familinparis.fr\/en\/coronavirus-info-whats-open-and-closed-in-paris\/\" \/>\n<meta property=\"og:locale\" content=\"en_US\" \/>\n<meta property=\"og:type\" content=\"article\" \/>\n<meta property=\"og:title\" content=\"Coronavirus info: what&#039;s open and closed in Paris and Ile-de-France\" \/>\n<meta property=\"og:description\" content=\"What is open or closed during the Coronavirus crisis? Which events have been cancelled or postponed due to Covid-19?\" \/>\n<meta property=\"og:url\" content=\"https:\/\/www.familinparis.fr\/en\/coronavirus-info-whats-open-and-closed-in-paris\/\" \/>\n<meta property=\"og:site_name\" content=\"Familin&#039;Paris\" \/>\n<meta property=\"article:published_time\" content=\"2017-01-31T00:25:00+00:00\" \/>\n<meta property=\"article:modified_time\" content=\"2024-11-16T15:32:26+00:00\" \/>\n<meta property=\"og:image\" content=\"https:\/\/www.familinparis.fr\/wp-content\/uploads\/pont-de-paris\/Pont-des-arts-hiver-sh_9487480.jpg\" \/>\n\t<meta property=\"og:image:width\" content=\"1000\" \/>\n\t<meta property=\"og:image:height\" content=\"750\" \/>\n\t<meta property=\"og:image:type\" content=\"image\/jpeg\" \/>\n<meta name=\"author\" content=\"olivia\" \/>\n<meta name=\"twitter:card\" content=\"summary_large_image\" \/>\n<meta name=\"twitter:label1\" content=\"Written by\" \/>\n\t<meta name=\"twitter:data1\" content=\"olivia\" \/>\n\t<meta name=\"twitter:label2\" content=\"Est. reading time\" \/>\n\t<meta name=\"twitter:data2\" content=\"2 minutes\" \/>\n<script type=\"application\/ld+json\" class=\"yoast-schema-graph\">{\"@context\":\"https:\/\/schema.org\",\"@graph\":[{\"@type\":\"Article\",\"@id\":\"https:\/\/www.familinparis.fr\/en\/coronavirus-info-whats-open-and-closed-in-paris\/#article\",\"isPartOf\":{\"@id\":\"https:\/\/www.familinparis.fr\/en\/coronavirus-info-whats-open-and-closed-in-paris\/\"},\"author\":{\"name\":\"olivia\",\"@id\":\"https:\/\/www.familinparis.fr\/en\/#\/schema\/person\/a87467bb417cd0c77d0a7bb5d1d78ac5\"},\"headline\":\"Coronavirus info: what&#8217;s open and closed in Paris\",\"datePublished\":\"2017-01-31T00:25:00+00:00\",\"dateModified\":\"2024-11-16T15:32:26+00:00\",\"mainEntityOfPage\":{\"@id\":\"https:\/\/www.familinparis.fr\/en\/coronavirus-info-whats-open-and-closed-in-paris\/\"},\"wordCount\":518,\"commentCount\":0,\"image\":{\"@id\":\"https:\/\/www.familinparis.fr\/en\/coronavirus-info-whats-open-and-closed-in-paris\/#primaryimage\"},\"thumbnailUrl\":\"https:\/\/www.familinparis.fr\/wp-content\/uploads\/pont-de-paris\/Pont-des-arts-hiver-sh_9487480.jpg\",\"articleSection\":[\"Past events\"],\"inLanguage\":\"en-US\",\"potentialAction\":[{\"@type\":\"CommentAction\",\"name\":\"Comment\",\"target\":[\"https:\/\/www.familinparis.fr\/en\/coronavirus-info-whats-open-and-closed-in-paris\/#respond\"]}]},{\"@type\":\"WebPage\",\"@id\":\"https:\/\/www.familinparis.fr\/en\/coronavirus-info-whats-open-and-closed-in-paris\/\",\"url\":\"https:\/\/www.familinparis.fr\/en\/coronavirus-info-whats-open-and-closed-in-paris\/\",\"name\":\"Coronavirus info: what's open and closed in Paris and Ile-de-France\",\"isPartOf\":{\"@id\":\"https:\/\/www.familinparis.fr\/en\/#website\"},\"primaryImageOfPage\":{\"@id\":\"https:\/\/www.familinparis.fr\/en\/coronavirus-info-whats-open-and-closed-in-paris\/#primaryimage\"},\"image\":{\"@id\":\"https:\/\/www.familinparis.fr\/en\/coronavirus-info-whats-open-and-closed-in-paris\/#primaryimage\"},\"thumbnailUrl\":\"https:\/\/www.familinparis.fr\/wp-content\/uploads\/pont-de-paris\/Pont-des-arts-hiver-sh_9487480.jpg\",\"datePublished\":\"2017-01-31T00:25:00+00:00\",\"dateModified\":\"2024-11-16T15:32:26+00:00\",\"author\":{\"@id\":\"https:\/\/www.familinparis.fr\/en\/#\/schema\/person\/a87467bb417cd0c77d0a7bb5d1d78ac5\"},\"description\":\"What is open or closed during the Coronavirus crisis? Which events have been cancelled or postponed due to Covid-19?\",\"breadcrumb\":{\"@id\":\"https:\/\/www.familinparis.fr\/en\/coronavirus-info-whats-open-and-closed-in-paris\/#breadcrumb\"},\"inLanguage\":\"en-US\",\"potentialAction\":[{\"@type\":\"ReadAction\",\"target\":[\"https:\/\/www.familinparis.fr\/en\/coronavirus-info-whats-open-and-closed-in-paris\/\"]}]},{\"@type\":\"ImageObject\",\"inLanguage\":\"en-US\",\"@id\":\"https:\/\/www.familinparis.fr\/en\/coronavirus-info-whats-open-and-closed-in-paris\/#primaryimage\",\"url\":\"https:\/\/www.familinparis.fr\/wp-content\/uploads\/pont-de-paris\/Pont-des-arts-hiver-sh_9487480.jpg\",\"contentUrl\":\"https:\/\/www.familinparis.fr\/wp-content\/uploads\/pont-de-paris\/Pont-des-arts-hiver-sh_9487480.jpg\",\"width\":1000,\"height\":750,\"caption\":\"Le pont des Arts\"},{\"@type\":\"BreadcrumbList\",\"@id\":\"https:\/\/www.familinparis.fr\/en\/coronavirus-info-whats-open-and-closed-in-paris\/#breadcrumb\",\"itemListElement\":[{\"@type\":\"ListItem\",\"position\":1,\"name\":\"Home\",\"item\":\"https:\/\/www.familinparis.fr\/en\/\"},{\"@type\":\"ListItem\",\"position\":2,\"name\":\"Exposition\",\"item\":\"https:\/\/www.familinparis.fr\/en\/categorie\/exposition-en\/\"},{\"@type\":\"ListItem\",\"position\":3,\"name\":\"Coronavirus info: what&#8217;s open and closed in Paris\"}]},{\"@type\":\"WebSite\",\"@id\":\"https:\/\/www.familinparis.fr\/en\/#website\",\"url\":\"https:\/\/www.familinparis.fr\/en\/\",\"name\":\"Familin&#039;Paris\",\"description\":\"Visiter le meilleur de Paris avec des enfants : sorties, spectacles, adresses de restaurants, shopping, bons plans...\",\"potentialAction\":[{\"@type\":\"SearchAction\",\"target\":{\"@type\":\"EntryPoint\",\"urlTemplate\":\"https:\/\/www.familinparis.fr\/en\/?s={search_term_string}\"},\"query-input\":{\"@type\":\"PropertyValueSpecification\",\"valueRequired\":true,\"valueName\":\"search_term_string\"}}],\"inLanguage\":\"en-US\"},{\"@type\":\"Person\",\"@id\":\"https:\/\/www.familinparis.fr\/en\/#\/schema\/person\/a87467bb417cd0c77d0a7bb5d1d78ac5\",\"name\":\"olivia\",\"image\":{\"@type\":\"ImageObject\",\"inLanguage\":\"en-US\",\"@id\":\"https:\/\/secure.gravatar.com\/avatar\/cbca07f1dfea20f457a666a1b84ed5cf1364773d1378c6f10fd36c354eef1ef8?s=96&d=identicon&r=g\",\"url\":\"https:\/\/secure.gravatar.com\/avatar\/cbca07f1dfea20f457a666a1b84ed5cf1364773d1378c6f10fd36c354eef1ef8?s=96&d=identicon&r=g\",\"contentUrl\":\"https:\/\/secure.gravatar.com\/avatar\/cbca07f1dfea20f457a666a1b84ed5cf1364773d1378c6f10fd36c354eef1ef8?s=96&d=identicon&r=g\",\"caption\":\"olivia\"}}]}<\/script>\n<!-- \/ Yoast SEO plugin. -->","yoast_head_json":{"title":"Coronavirus info: what's open and closed in Paris and Ile-de-France","description":"What is open or closed during the Coronavirus crisis? Which events have been cancelled or postponed due to Covid-19?","robots":{"index":"index","follow":"follow","max-snippet":"max-snippet:-1","max-image-preview":"max-image-preview:large","max-video-preview":"max-video-preview:-1"},"canonical":"https:\/\/www.familinparis.fr\/en\/coronavirus-info-whats-open-and-closed-in-paris\/","og_locale":"en_US","og_type":"article","og_title":"Coronavirus info: what's open and closed in Paris and Ile-de-France","og_description":"What is open or closed during the Coronavirus crisis? Which events have been cancelled or postponed due to Covid-19?","og_url":"https:\/\/www.familinparis.fr\/en\/coronavirus-info-whats-open-and-closed-in-paris\/","og_site_name":"Familin&#039;Paris","article_published_time":"2017-01-31T00:25:00+00:00","article_modified_time":"2024-11-16T15:32:26+00:00","og_image":[{"width":1000,"height":750,"url":"https:\/\/www.familinparis.fr\/wp-content\/uploads\/pont-de-paris\/Pont-des-arts-hiver-sh_9487480.jpg","type":"image\/jpeg"}],"author":"olivia","twitter_card":"summary_large_image","twitter_misc":{"Written by":"olivia","Est. reading time":"2 minutes"},"schema":{"@context":"https:\/\/schema.org","@graph":[{"@type":"Article","@id":"https:\/\/www.familinparis.fr\/en\/coronavirus-info-whats-open-and-closed-in-paris\/#article","isPartOf":{"@id":"https:\/\/www.familinparis.fr\/en\/coronavirus-info-whats-open-and-closed-in-paris\/"},"author":{"name":"olivia","@id":"https:\/\/www.familinparis.fr\/en\/#\/schema\/person\/a87467bb417cd0c77d0a7bb5d1d78ac5"},"headline":"Coronavirus info: what&#8217;s open and closed in Paris","datePublished":"2017-01-31T00:25:00+00:00","dateModified":"2024-11-16T15:32:26+00:00","mainEntityOfPage":{"@id":"https:\/\/www.familinparis.fr\/en\/coronavirus-info-whats-open-and-closed-in-paris\/"},"wordCount":518,"commentCount":0,"image":{"@id":"https:\/\/www.familinparis.fr\/en\/coronavirus-info-whats-open-and-closed-in-paris\/#primaryimage"},"thumbnailUrl":"https:\/\/www.familinparis.fr\/wp-content\/uploads\/pont-de-paris\/Pont-des-arts-hiver-sh_9487480.jpg","articleSection":["Past events"],"inLanguage":"en-US","potentialAction":[{"@type":"CommentAction","name":"Comment","target":["https:\/\/www.familinparis.fr\/en\/coronavirus-info-whats-open-and-closed-in-paris\/#respond"]}]},{"@type":"WebPage","@id":"https:\/\/www.familinparis.fr\/en\/coronavirus-info-whats-open-and-closed-in-paris\/","url":"https:\/\/www.familinparis.fr\/en\/coronavirus-info-whats-open-and-closed-in-paris\/","name":"Coronavirus info: what's open and closed in Paris and Ile-de-France","isPartOf":{"@id":"https:\/\/www.familinparis.fr\/en\/#website"},"primaryImageOfPage":{"@id":"https:\/\/www.familinparis.fr\/en\/coronavirus-info-whats-open-and-closed-in-paris\/#primaryimage"},"image":{"@id":"https:\/\/www.familinparis.fr\/en\/coronavirus-info-whats-open-and-closed-in-paris\/#primaryimage"},"thumbnailUrl":"https:\/\/www.familinparis.fr\/wp-content\/uploads\/pont-de-paris\/Pont-des-arts-hiver-sh_9487480.jpg","datePublished":"2017-01-31T00:25:00+00:00","dateModified":"2024-11-16T15:32:26+00:00","author":{"@id":"https:\/\/www.familinparis.fr\/en\/#\/schema\/person\/a87467bb417cd0c77d0a7bb5d1d78ac5"},"description":"What is open or closed during the Coronavirus crisis? Which events have been cancelled or postponed due to Covid-19?","breadcrumb":{"@id":"https:\/\/www.familinparis.fr\/en\/coronavirus-info-whats-open-and-closed-in-paris\/#breadcrumb"},"inLanguage":"en-US","potentialAction":[{"@type":"ReadAction","target":["https:\/\/www.familinparis.fr\/en\/coronavirus-info-whats-open-and-closed-in-paris\/"]}]},{"@type":"ImageObject","inLanguage":"en-US","@id":"https:\/\/www.familinparis.fr\/en\/coronavirus-info-whats-open-and-closed-in-paris\/#primaryimage","url":"https:\/\/www.familinparis.fr\/wp-content\/uploads\/pont-de-paris\/Pont-des-arts-hiver-sh_9487480.jpg","contentUrl":"https:\/\/www.familinparis.fr\/wp-content\/uploads\/pont-de-paris\/Pont-des-arts-hiver-sh_9487480.jpg","width":1000,"height":750,"caption":"Le pont des Arts"},{"@type":"BreadcrumbList","@id":"https:\/\/www.familinparis.fr\/en\/coronavirus-info-whats-open-and-closed-in-paris\/#breadcrumb","itemListElement":[{"@type":"ListItem","position":1,"name":"Home","item":"https:\/\/www.familinparis.fr\/en\/"},{"@type":"ListItem","position":2,"name":"Exposition","item":"https:\/\/www.familinparis.fr\/en\/categorie\/exposition-en\/"},{"@type":"ListItem","position":3,"name":"Coronavirus info: what&#8217;s open and closed in Paris"}]},{"@type":"WebSite","@id":"https:\/\/www.familinparis.fr\/en\/#website","url":"https:\/\/www.familinparis.fr\/en\/","name":"Familin&#039;Paris","description":"Visiter le meilleur de Paris avec des enfants : sorties, spectacles, adresses de restaurants, shopping, bons plans...","potentialAction":[{"@type":"SearchAction","target":{"@type":"EntryPoint","urlTemplate":"https:\/\/www.familinparis.fr\/en\/?s={search_term_string}"},"query-input":{"@type":"PropertyValueSpecification","valueRequired":true,"valueName":"search_term_string"}}],"inLanguage":"en-US"},{"@type":"Person","@id":"https:\/\/www.familinparis.fr\/en\/#\/schema\/person\/a87467bb417cd0c77d0a7bb5d1d78ac5","name":"olivia","image":{"@type":"ImageObject","inLanguage":"en-US","@id":"https:\/\/secure.gravatar.com\/avatar\/cbca07f1dfea20f457a666a1b84ed5cf1364773d1378c6f10fd36c354eef1ef8?s=96&d=identicon&r=g","url":"https:\/\/secure.gravatar.com\/avatar\/cbca07f1dfea20f457a666a1b84ed5cf1364773d1378c6f10fd36c354eef1ef8?s=96&d=identicon&r=g","contentUrl":"https:\/\/secure.gravatar.com\/avatar\/cbca07f1dfea20f457a666a1b84ed5cf1364773d1378c6f10fd36c354eef1ef8?s=96&d=identicon&r=g","caption":"olivia"}}]}},"uagb_featured_image_src":{"full":["https:\/\/www.familinparis.fr\/wp-content\/uploads\/pont-de-paris\/Pont-des-arts-hiver-sh_9487480.jpg",1000,750,false],"thumbnail":["https:\/\/www.familinparis.fr\/wp-content\/uploads\/pont-de-paris\/Pont-des-arts-hiver-sh_9487480-150x150.jpg",150,150,true],"medium":["https:\/\/www.familinparis.fr\/wp-content\/uploads\/pont-de-paris\/Pont-des-arts-hiver-sh_9487480-300x225.jpg",300,225,true],"medium_large":["https:\/\/www.familinparis.fr\/wp-content\/uploads\/pont-de-paris\/Pont-des-arts-hiver-sh_9487480-768x576.jpg",768,576,true],"large":["https:\/\/www.familinparis.fr\/wp-content\/uploads\/pont-de-paris\/Pont-des-arts-hiver-sh_9487480.jpg",770,578,false],"1536x1536":["https:\/\/www.familinparis.fr\/wp-content\/uploads\/pont-de-paris\/Pont-des-arts-hiver-sh_9487480.jpg",1000,750,false],"2048x2048":["https:\/\/www.familinparis.fr\/wp-content\/uploads\/pont-de-paris\/Pont-des-arts-hiver-sh_9487480.jpg",1000,750,false],"home-thumb":["https:\/\/www.familinparis.fr\/wp-content\/uploads\/pont-de-paris\/Pont-des-arts-hiver-sh_9487480-730x548.jpg",730,548,true],"home-slider":["https:\/\/www.familinparis.fr\/wp-content\/uploads\/pont-de-paris\/Pont-des-arts-hiver-sh_9487480-800x600.jpg",800,600,true],"lightbox-slider-size":["https:\/\/www.familinparis.fr\/wp-content\/uploads\/pont-de-paris\/Pont-des-arts-hiver-sh_9487480-564x282.jpg",564,282,true],"post-thumbnail":["https:\/\/www.familinparis.fr\/wp-content\/uploads\/pont-de-paris\/Pont-des-arts-hiver-sh_9487480-270x180.jpg",270,180,true],"cheerup-main":["https:\/\/www.familinparis.fr\/wp-content\/uploads\/pont-de-paris\/Pont-des-arts-hiver-sh_9487480-770x400.jpg",770,400,true],"cheerup-main-full":["https:\/\/www.familinparis.fr\/wp-content\/uploads\/pont-de-paris\/Pont-des-arts-hiver-sh_9487480-1000x508.jpg",1000,508,true],"cheerup-slider-alt":["https:\/\/www.familinparis.fr\/wp-content\/uploads\/pont-de-paris\/Pont-des-arts-hiver-sh_9487480-1000x508.jpg",1000,508,true],"cheerup-slider-trendy":["https:\/\/www.familinparis.fr\/wp-content\/uploads\/pont-de-paris\/Pont-des-arts-hiver-sh_9487480-960x508.jpg",960,508,true],"cheerup-slider-stylish":["https:\/\/www.familinparis.fr\/wp-content\/uploads\/pont-de-paris\/Pont-des-arts-hiver-sh_9487480-900x515.jpg",900,515,true],"cheerup-slider-grid":["https:\/\/www.familinparis.fr\/wp-content\/uploads\/pont-de-paris\/Pont-des-arts-hiver-sh_9487480-870x600.jpg",870,600,true],"cheerup-slider-grid-sm":["https:\/\/www.familinparis.fr\/wp-content\/uploads\/pont-de-paris\/Pont-des-arts-hiver-sh_9487480-300x300.jpg",300,300,true],"cheerup-slider-carousel":["https:\/\/www.familinparis.fr\/wp-content\/uploads\/pont-de-paris\/Pont-des-arts-hiver-sh_9487480-370x370.jpg",370,370,true],"cheerup-slider-grid-b":["https:\/\/www.familinparis.fr\/wp-content\/uploads\/pont-de-paris\/Pont-des-arts-hiver-sh_9487480-554x466.jpg",554,466,true],"cheerup-slider-grid-b-sm":["https:\/\/www.familinparis.fr\/wp-content\/uploads\/pont-de-paris\/Pont-des-arts-hiver-sh_9487480-306x466.jpg",306,466,true],"cheerup-slider-bold-sm":["https:\/\/www.familinparis.fr\/wp-content\/uploads\/pont-de-paris\/Pont-des-arts-hiver-sh_9487480-150x150.jpg",150,150,true],"cheerup-grid":["https:\/\/www.familinparis.fr\/wp-content\/uploads\/pont-de-paris\/Pont-des-arts-hiver-sh_9487480-370x285.jpg",370,285,true],"cheerup-carousel":["https:\/\/www.familinparis.fr\/wp-content\/uploads\/pont-de-paris\/Pont-des-arts-hiver-sh_9487480-270x180.jpg",270,180,true],"cheerup-carousel-b":["https:\/\/www.familinparis.fr\/wp-content\/uploads\/pont-de-paris\/Pont-des-arts-hiver-sh_9487480-370x285.jpg",370,285,true],"cheerup-list":["https:\/\/www.familinparis.fr\/wp-content\/uploads\/pont-de-paris\/Pont-des-arts-hiver-sh_9487480-260x200.jpg",260,200,true],"cheerup-list-b":["https:\/\/www.familinparis.fr\/wp-content\/uploads\/pont-de-paris\/Pont-des-arts-hiver-sh_9487480-370x305.jpg",370,305,true],"cheerup-thumb":["https:\/\/www.familinparis.fr\/wp-content\/uploads\/pont-de-paris\/Pont-des-arts-hiver-sh_9487480-87x67.jpg",87,67,true],"cheerup-thumb-alt":["https:\/\/www.familinparis.fr\/wp-content\/uploads\/pont-de-paris\/Pont-des-arts-hiver-sh_9487480-150x150.jpg",150,150,true]},"uagb_author_info":{"display_name":"olivia","author_link":"https:\/\/www.familinparis.fr\/en\/author\/olivia\/"},"uagb_comment_info":0,"uagb_excerpt":"(updated on March 14, 2020 at 12:00 p.m.) COVID-19 INFORMATION: We try as far as possible to inform you about cultural establishments open and closed to the public during the Coronavirus crisis, based on the information we receive from our partners on a daily basis. We will update this page daily according to the information","_links":{"self":[{"href":"https:\/\/www.familinparis.fr\/en\/wp-json\/wp\/v2\/posts\/136521","targetHints":{"allow":["GET"]}}],"collection":[{"href":"https:\/\/www.familinparis.fr\/en\/wp-json\/wp\/v2\/posts"}],"about":[{"href":"https:\/\/www.familinparis.fr\/en\/wp-json\/wp\/v2\/types\/post"}],"author":[{"embeddable":true,"href":"https:\/\/www.familinparis.fr\/en\/wp-json\/wp\/v2\/users\/5"}],"replies":[{"embeddable":true,"href":"https:\/\/www.familinparis.fr\/en\/wp-json\/wp\/v2\/comments?post=136521"}],"version-history":[{"count":0,"href":"https:\/\/www.familinparis.fr\/en\/wp-json\/wp\/v2\/posts\/136521\/revisions"}],"wp:featuredmedia":[{"embeddable":true,"href":"https:\/\/www.familinparis.fr\/en\/wp-json\/wp\/v2\/media\/131376"}],"wp:attachment":[{"href":"https:\/\/www.familinparis.fr\/en\/wp-json\/wp\/v2\/media?parent=136521"}],"wp:term":[{"taxonomy":"category","embeddable":true,"href":"https:\/\/www.familinparis.fr\/en\/wp-json\/wp\/v2\/categories?post=136521"},{"taxonomy":"post_tag","embeddable":true,"href":"https:\/\/www.familinparis.fr\/en\/wp-json\/wp\/v2\/tags?post=136521"}],"curies":[{"name":"wp","href":"https:\/\/api.w.org\/{rel}","templated":true}]}}