{"id":136438,"date":"2021-05-10T21:34:00","date_gmt":"2021-05-10T19:34:00","guid":{"rendered":"https:\/\/www.familinparis.fr\/the-fun-visit-head-in-the-clouds-contemporary-art-rally\/"},"modified":"2024-11-16T17:27:37","modified_gmt":"2024-11-16T15:27:37","slug":"the-fun-visit-head-in-the-clouds-contemporary-art-rally","status":"publish","type":"post","link":"https:\/\/www.familinparis.fr\/en\/the-fun-visit-head-in-the-clouds-contemporary-art-rally\/","title":{"rendered":"The fun visit &#8220;Head in the clouds&#8221; (Contemporary Art Rally)"},"content":{"rendered":"<div class=\"lazyblock-baseline-Z29cctv wp-block-lazyblock-baseline\"><div class=\"baseline\">In the district of La D\u00e9fense<\/div><\/div>\n<div style=\"height:30px\" aria-hidden=\"true\" class=\"wp-block-spacer\"><\/div>\n\n<div class=\"wp-block-columns is-layout-flex wp-container-core-columns-is-layout-9d6595d7 wp-block-columns-is-layout-flex\">\n<div class=\"wp-block-column is-layout-flow wp-block-column-is-layout-flow\">\n<section class=\"wp-block-uagb-section uagb-section__wrap uagb-section__background-color uagb-block-3b15ba87\"><div class=\"uagb-section__overlay\"><\/div><div class=\"uagb-section__inner-wrap\">\n<h2 class=\"wp-block-heading has-text-align-center h2-orange\">The fun visit &#8220;Head in the clouds&#8221; (Contemporary Art rally)<\/h2>\n\n\n\n<p class=\"has-text-align-center\" id=\"red-logo\"><strong>From 10 years old<\/strong><\/p>\n\n\n\n<p>Here, Art has always been present in all its forms. <strong>About fifty works are present in this Parisian business hotspot, <\/strong>which is also a place to live (and yes, there are inhabitants in La D\u00e9fense, not just offices!!)<\/p>\n\n\n\n<p>From the exit of the Esplanade de la D\u00e9fense metro station to the Grande Arche, <strong>our lecturer <\/strong>takes you to discover this real open-air museum: <strong>giant spider<\/strong>, <strong>sleepwalkers<\/strong>, <strong>strange dancers<\/strong>, <strong>oversized bench&#8230;<\/strong> We will talk about art, sculptures, architecture, and even the <strong>history of the Paris Defense<\/strong>&#8230; You start to see the connection with the name of this district??? \ud83d\ude09<\/p>\n\n\n\n<p><strong>A fun and airy visit<\/strong> to the permanent collections of Paris la D\u00e9fense in the company of <strong>great contemporary artists<\/strong> such as <strong>Calder<\/strong>, <strong>Takis<\/strong>, <strong>Selinger<\/strong>, <strong>Morellet<\/strong>, <strong>C\u00e9sar<\/strong> and even a <strong>fragment of the Berlin Wall! <\/strong> <\/p>\n<\/div><\/section>\n<\/div>\n\n\n\n<div class=\"wp-block-column is-layout-flow wp-block-column-is-layout-flow\">\n<section class=\"wp-block-uagb-section uagb-section__wrap uagb-section__background-color uagb-block-9314a4cf\"><div class=\"uagb-section__overlay\"><\/div><div class=\"uagb-section__inner-wrap\">\n<h2 class=\"wp-block-heading has-text-align-center h2-orange\">For groups&#8230;<\/h2>\n\n\n\n<ul class=\"wp-block-list\">\n<li><strong>Privatization<\/strong> : 260 euros for the group  <\/li>\n\n\n\n<li>10% increase on public holidays and Sundays  <\/li>\n\n\n\n<li><strong>Age<\/strong> : from 10 years old<\/li>\n\n\n\n<li><strong>Number<\/strong> : about twenty participants max.  <\/li>\n\n\n\n<li><strong>Duration<\/strong> : 1h30<\/li>\n\n\n\n<li><strong>Language<\/strong> : visit in French<\/li>\n\n\n\n<li><strong>School:<\/strong> end of primary and middle school<\/li>\n\n\n\n<li>Led by tour guides<\/li>\n<\/ul>\n\n\n\n<div class=\"wp-block-buttons is-horizontal is-content-justification-center is-layout-flex wp-container-core-buttons-is-layout-499968f5 wp-block-buttons-is-layout-flex\">\n<div class=\"wp-block-button\"><a class=\"wp-block-button__link has-black-color has-text-color has-background wp-element-button\" href=\"https:\/\/www.familinparis.fr\/en\/contact-us\/\" style=\"background-color:#73c6b6\" target=\"_blank\" rel=\"noreferrer noopener\">Request a quote<\/a><\/div>\n<\/div>\n<\/div><\/section>\n<\/div>\n<\/div>\n\n<h2 class=\"wp-block-heading has-text-align-center\" style=\"font-size:35px\">What to do in the Hauts-de-Seine with your family?<\/h2>\n\n\t\t\t<div class=\"wp-block-uagb-post-grid uagb-post-grid  uagb-post__image-position-top uagb-post__image-enabled uagb-block-2fceac6f     uagb-post__items uagb-post__columns-5 is-grid uagb-post__columns-tablet-2 uagb-post__columns-mobile-1 uagb-post__equal-height\" data-total=\"1\" style=\"\">\n\n\t\t\t\t\t\t\t\t\t\t\t\t<article class=\"uagb-post__inner-wrap\">\t\t\t\t\t\t\t\t<div class='uagb-post__image'>\n\t\t\t\t\t\t\t\t\t<a href=\"https:\/\/www.familinparis.fr\/en\/ouvert-le-1er-mai\/\" target=\"_self\" rel=\"bookmark noopener noreferrer\" class='uagb-image-ratio-inherit'><img decoding=\"async\" width=\"370\" height=\"305\" src=\"https:\/\/www.familinparis.fr\/wp-content\/uploads\/Quartier\/palais-royal-colonne-buren-paris-enfant-SH-370x305.jpg\" class=\"attachment-cheerup-list-b size-cheerup-list-b\" alt=\"\" \/>\t\t\t\t\t<\/a>\n\t\t\t\t\t\t\t<\/div>\n\t\t\t\t\t\t<h4 class=\"uagb-post__title uagb-post__text\">\n\t\t\t\t<a href=\"https:\/\/www.familinparis.fr\/en\/ouvert-le-1er-mai\/\" target=\"_self\" rel=\"bookmark noopener noreferrer\">What to do in Paris on May 1, 2026? It&#8217;s Friday, a long weekend is looming!<\/a>\n\t\t\t<\/h4>\n\t\t\t\t\t\t<div class='uagb-post__text uagb-post-grid-byline'>\n\t\t\t\t\t\t\t<\/div>\n\t\t\t\n\t\t\t\t\t\t\t\t\t<\/article>\n\t\t\t\t\t\t\t\t\t\t\t\t\t\t\t\t<article class=\"uagb-post__inner-wrap\">\t\t\t\t\t\t\t\t<div class='uagb-post__image'>\n\t\t\t\t\t\t\t\t\t<a href=\"https:\/\/www.familinparis.fr\/en\/amphibious-bus-tour-of-paris-on-the-seine\/\" target=\"_self\" rel=\"bookmark noopener noreferrer\" class='uagb-image-ratio-inherit'><img decoding=\"async\" width=\"370\" height=\"305\" src=\"https:\/\/www.familinparis.fr\/wp-content\/uploads\/2025\/06\/\u00a9Les-Carnards-de-la-Seine-1-370x305.jpg\" class=\"attachment-cheerup-list-b size-cheerup-list-b\" alt=\"Visite guid\u00e9e en bus amphibie 2025\" \/>\t\t\t\t\t<\/a>\n\t\t\t\t\t\t\t<\/div>\n\t\t\t\t\t\t<h4 class=\"uagb-post__title uagb-post__text\">\n\t\t\t\t<a href=\"https:\/\/www.familinparis.fr\/en\/amphibious-bus-tour-of-paris-on-the-seine\/\" target=\"_self\" rel=\"bookmark noopener noreferrer\">Paris amphibious bus tour on the Seine<\/a>\n\t\t\t<\/h4>\n\t\t\t\t\t\t<div class='uagb-post__text uagb-post-grid-byline'>\n\t\t\t\t\t\t\t<\/div>\n\t\t\t\n\t\t\t\t\t\t\t\t\t<\/article>\n\t\t\t\t\t\t\t\t\t\t\t\t\t\t\t\t<article class=\"uagb-post__inner-wrap\">\t\t\t\t\t\t\t\t<div class='uagb-post__image'>\n\t\t\t\t\t\t\t\t\t<a href=\"https:\/\/www.familinparis.fr\/en\/trampoline-park-in-gennevilliers\/\" target=\"_self\" rel=\"bookmark noopener noreferrer\" class='uagb-image-ratio-inherit'><img decoding=\"async\" width=\"370\" height=\"305\" src=\"https:\/\/www.familinparis.fr\/wp-content\/uploads\/2025\/02\/trampoline-pixabay-370x305.jpg\" class=\"attachment-cheerup-list-b size-cheerup-list-b\" alt=\"FAIRE DU TRAMPOLINE A PARIS\" \/>\t\t\t\t\t<\/a>\n\t\t\t\t\t\t\t<\/div>\n\t\t\t\t\t\t<h4 class=\"uagb-post__title uagb-post__text\">\n\t\t\t\t<a href=\"https:\/\/www.familinparis.fr\/en\/trampoline-park-in-gennevilliers\/\" target=\"_self\" rel=\"bookmark noopener noreferrer\">Trampoline Park in Gennevilliers (92)<\/a>\n\t\t\t<\/h4>\n\t\t\t\t\t\t<div class='uagb-post__text uagb-post-grid-byline'>\n\t\t\t\t\t\t\t<\/div>\n\t\t\t\n\t\t\t\t\t\t\t\t\t<\/article>\n\t\t\t\t\t\t\t\t\t\t\t\t\t\t\t\t<article class=\"uagb-post__inner-wrap\">\t\t\t\t\t\t\t\t<div class='uagb-post__image'>\n\t\t\t\t\t\t\t\t\t<a href=\"https:\/\/www.familinparis.fr\/en\/palomano-city-in-clichy-price-and-information\/\" target=\"_self\" rel=\"bookmark noopener noreferrer\" class='uagb-image-ratio-inherit'><img decoding=\"async\" width=\"370\" height=\"305\" src=\"https:\/\/www.familinparis.fr\/wp-content\/uploads\/2024\/11\/Palomano-370x305.png\" class=\"attachment-cheerup-list-b size-cheerup-list-b\" alt=\"\" \/>\t\t\t\t\t<\/a>\n\t\t\t\t\t\t\t<\/div>\n\t\t\t\t\t\t<h4 class=\"uagb-post__title uagb-post__text\">\n\t\t\t\t<a href=\"https:\/\/www.familinparis.fr\/en\/palomano-city-in-clichy-price-and-information\/\" target=\"_self\" rel=\"bookmark noopener noreferrer\">Palomano City in Clichy: price and information<\/a>\n\t\t\t<\/h4>\n\t\t\t\t\t\t<div class='uagb-post__text uagb-post-grid-byline'>\n\t\t\t\t\t\t\t<\/div>\n\t\t\t\n\t\t\t\t\t\t\t\t\t<\/article>\n\t\t\t\t\t\t\t\t\t\t\t\t\t\t\t\t<article class=\"uagb-post__inner-wrap\">\t\t\t\t\t\t\t\t<div class='uagb-post__image'>\n\t\t\t\t\t\t\t\t\t<a href=\"https:\/\/www.familinparis.fr\/en\/guignol-and-puppet-shows\/\" target=\"_self\" rel=\"bookmark noopener noreferrer\" class='uagb-image-ratio-inherit'><img decoding=\"async\" width=\"370\" height=\"305\" src=\"https:\/\/www.familinparis.fr\/wp-content\/uploads\/photos-libres-de-droits\/theatre-de-guignol-et-de-marionnettes-370x305.jpg\" class=\"attachment-cheerup-list-b size-cheerup-list-b\" alt=\"\" \/>\t\t\t\t\t<\/a>\n\t\t\t\t\t\t\t<\/div>\n\t\t\t\t\t\t<h4 class=\"uagb-post__title uagb-post__text\">\n\t\t\t\t<a href=\"https:\/\/www.familinparis.fr\/en\/guignol-and-puppet-shows\/\" target=\"_self\" rel=\"bookmark noopener noreferrer\">Guignol and puppet shows<\/a>\n\t\t\t<\/h4>\n\t\t\t\t\t\t<div class='uagb-post__text uagb-post-grid-byline'>\n\t\t\t\t\t\t\t<\/div>\n\t\t\t\n\t\t\t\t\t\t\t\t\t<\/article>\n\t\t\t\t\t\t\t\t\t\t\t\t\t\t\t\t<article class=\"uagb-post__inner-wrap\">\t\t\t\t\t\t\t\t<div class='uagb-post__image'>\n\t\t\t\t\t\t\t\t\t<a href=\"https:\/\/www.familinparis.fr\/en\/the-castle-of-malmaison-and-bois-preau\/\" target=\"_self\" rel=\"bookmark noopener noreferrer\" class='uagb-image-ratio-inherit'><img decoding=\"async\" width=\"370\" height=\"305\" src=\"https:\/\/www.familinparis.fr\/wp-content\/uploads\/Chateaux\/Malmaison\/chateau-de-malmaison-FLD-370x305.jpg\" class=\"attachment-cheerup-list-b size-cheerup-list-b\" alt=\"\" \/>\t\t\t\t\t<\/a>\n\t\t\t\t\t\t\t<\/div>\n\t\t\t\t\t\t<h4 class=\"uagb-post__title uagb-post__text\">\n\t\t\t\t<a href=\"https:\/\/www.familinparis.fr\/en\/the-castle-of-malmaison-and-bois-preau\/\" target=\"_self\" rel=\"bookmark noopener noreferrer\">The castle of Malmaison and Bois-Pr\u00e9au<\/a>\n\t\t\t<\/h4>\n\t\t\t\t\t\t<div class='uagb-post__text uagb-post-grid-byline'>\n\t\t\t\t\t\t\t<\/div>\n\t\t\t\n\t\t\t\t\t\t\t\t\t<\/article>\n\t\t\t\t\t\t\t\t\t\t\t\t\t\t\t\t<article class=\"uagb-post__inner-wrap\">\t\t\t\t\t\t\t\t<div class='uagb-post__image'>\n\t\t\t\t\t\t\t\t\t<a href=\"https:\/\/www.familinparis.fr\/en\/accrocamp-rueil-malmaison-92\/\" target=\"_self\" rel=\"bookmark noopener noreferrer\" class='uagb-image-ratio-inherit'><img decoding=\"async\" width=\"370\" height=\"305\" src=\"https:\/\/www.familinparis.fr\/wp-content\/uploads\/2021\/10\/AccroCamp-accrobranche-rueil-2-370x305.jpg\" class=\"attachment-cheerup-list-b size-cheerup-list-b\" alt=\"accrocamp-accrobranche-rueil\" \/>\t\t\t\t\t<\/a>\n\t\t\t\t\t\t\t<\/div>\n\t\t\t\t\t\t<h4 class=\"uagb-post__title uagb-post__text\">\n\t\t\t\t<a href=\"https:\/\/www.familinparis.fr\/en\/accrocamp-rueil-malmaison-92\/\" target=\"_self\" rel=\"bookmark noopener noreferrer\">AccroCamp Rueil-Malmaison (92)<\/a>\n\t\t\t<\/h4>\n\t\t\t\t\t\t<div class='uagb-post__text uagb-post-grid-byline'>\n\t\t\t\t\t\t\t<\/div>\n\t\t\t\n\t\t\t\t\t\t\t\t\t<\/article>\n\t\t\t\t\t\t\t\t\t\t\t\t\t\t\t\t<article class=\"uagb-post__inner-wrap\">\t\t\t\t\t\t\t\t<div class='uagb-post__image'>\n\t\t\t\t\t\t\t\t\t<a href=\"https:\/\/www.familinparis.fr\/en\/pony-rides-for-the-little-ones\/\" target=\"_self\" rel=\"bookmark noopener noreferrer\" class='uagb-image-ratio-inherit'><img decoding=\"async\" width=\"370\" height=\"305\" src=\"https:\/\/www.familinparis.fr\/wp-content\/uploads\/parc-et-jardin\/tuileries\/poneys-tuileries-sh_40555507-370x305.jpg\" class=\"attachment-cheerup-list-b size-cheerup-list-b\" alt=\"\" srcset=\"https:\/\/www.familinparis.fr\/wp-content\/uploads\/parc-et-jardin\/tuileries\/poneys-tuileries-sh_40555507-370x305.jpg 370w, https:\/\/www.familinparis.fr\/wp-content\/uploads\/parc-et-jardin\/tuileries\/poneys-tuileries-sh_40555507-16x12.jpg 16w\" sizes=\"(max-width: 370px) 100vw, 370px\" \/>\t\t\t\t\t<\/a>\n\t\t\t\t\t\t\t<\/div>\n\t\t\t\t\t\t<h4 class=\"uagb-post__title uagb-post__text\">\n\t\t\t\t<a href=\"https:\/\/www.familinparis.fr\/en\/pony-rides-for-the-little-ones\/\" target=\"_self\" rel=\"bookmark noopener noreferrer\">Pony rides for the little ones<\/a>\n\t\t\t<\/h4>\n\t\t\t\t\t\t<div class='uagb-post__text uagb-post-grid-byline'>\n\t\t\t\t\t\t\t<\/div>\n\t\t\t\n\t\t\t\t\t\t\t\t\t<\/article>\n\t\t\t\t\t\t\t\t\t\t\t\t\t\t\t\t<article class=\"uagb-post__inner-wrap\">\t\t\t\t\t\t\t\t<div class='uagb-post__image'>\n\t\t\t\t\t\t\t\t\t<a href=\"https:\/\/www.familinparis.fr\/en\/outdoor-guignol\/\" target=\"_self\" rel=\"bookmark noopener noreferrer\" class='uagb-image-ratio-inherit'><img decoding=\"async\" width=\"370\" height=\"305\" src=\"https:\/\/www.familinparis.fr\/wp-content\/uploads\/THEATRE\/theatre-de-marionnette-guignol-PLD-370x305.jpg\" class=\"attachment-cheerup-list-b size-cheerup-list-b\" alt=\"\" \/>\t\t\t\t\t<\/a>\n\t\t\t\t\t\t\t<\/div>\n\t\t\t\t\t\t<h4 class=\"uagb-post__title uagb-post__text\">\n\t\t\t\t<a href=\"https:\/\/www.familinparis.fr\/en\/outdoor-guignol\/\" target=\"_self\" rel=\"bookmark noopener noreferrer\">Outdoor Guignol<\/a>\n\t\t\t<\/h4>\n\t\t\t\t\t\t<div class='uagb-post__text uagb-post-grid-byline'>\n\t\t\t\t\t\t\t<\/div>\n\t\t\t\n\t\t\t\t\t\t\t\t\t<\/article>\n\t\t\t\t\t\t\t\t\t\t\t<\/div>\n\t\t\t\n<div style=\"height:64px\" aria-hidden=\"true\" class=\"wp-block-spacer\"><\/div>\n\n<h2 class=\"wp-block-heading has-text-align-center\" style=\"font-size:35px\">Guided tours with the family<\/h2>\n\n\t\t\t<div class=\"wp-block-uagb-post-grid uagb-post-grid  uagb-post__image-position-top uagb-post__image-enabled uagb-block-bb9a0540     uagb-post__items uagb-post__columns-5 is-grid uagb-post__columns-tablet-2 uagb-post__columns-mobile-1 uagb-post__equal-height\" data-total=\"2\" style=\"\">\n\n\t\t\t\t\t\t\t\t\t\t\t\t<article class=\"uagb-post__inner-wrap\">\t\t\t\t\t\t\t\t<div class='uagb-post__image'>\n\t\t\t\t\t\t\t\t\t<a href=\"https:\/\/www.familinparis.fr\/en\/in-napoleons-boots-family-visit\/\" target=\"_self\" rel=\"bookmark noopener noreferrer\" class='uagb-image-ratio-inherit'><img decoding=\"async\" width=\"370\" height=\"305\" src=\"https:\/\/www.familinparis.fr\/wp-content\/uploads\/photos-partenaires\/visite-guidee\/Napoleon-aux-invalides-ludo-et-sophie-370x305.jpg\" class=\"attachment-cheerup-list-b size-cheerup-list-b\" alt=\"\" \/>\t\t\t\t\t<\/a>\n\t\t\t\t\t\t\t<\/div>\n\t\t\t\t\t\t<h4 class=\"uagb-post__title uagb-post__text\">\n\t\t\t\t<a href=\"https:\/\/www.familinparis.fr\/en\/in-napoleons-boots-family-visit\/\" target=\"_self\" rel=\"bookmark noopener noreferrer\">&#8220;In Napoleon&#8217;s boots&#8221; (family visit)<\/a>\n\t\t\t<\/h4>\n\t\t\t\t\t\t<div class='uagb-post__text uagb-post-grid-byline'>\n\t\t\t\t\t\t\t<\/div>\n\t\t\t\n\t\t\t\t\t\t\t\t\t<\/article>\n\t\t\t\t\t\t\t\t\t\t\t\t\t\t\t\t<article class=\"uagb-post__inner-wrap\">\t\t\t\t\t\t\t\t<div class='uagb-post__image'>\n\t\t\t\t\t\t\t\t\t<a href=\"https:\/\/www.familinparis.fr\/en\/the-masterpieces-of-the-louvre-children-vip-visit\/\" target=\"_self\" rel=\"bookmark noopener noreferrer\" class='uagb-image-ratio-inherit'><img decoding=\"async\" width=\"370\" height=\"281\" src=\"https:\/\/www.familinparis.fr\/wp-content\/uploads\/Visite-guidee-musee\/chefs-d-oeuvre-louvre-enfants-370x281.jpg\" class=\"attachment-cheerup-list-b size-cheerup-list-b\" alt=\"\" srcset=\"https:\/\/www.familinparis.fr\/wp-content\/uploads\/Visite-guidee-musee\/chefs-d-oeuvre-louvre-enfants-370x281.jpg 370w, https:\/\/www.familinparis.fr\/wp-content\/uploads\/Visite-guidee-musee\/chefs-d-oeuvre-louvre-enfants-87x67.jpg 87w\" sizes=\"(max-width: 370px) 100vw, 370px\" \/>\t\t\t\t\t<\/a>\n\t\t\t\t\t\t\t<\/div>\n\t\t\t\t\t\t<h4 class=\"uagb-post__title uagb-post__text\">\n\t\t\t\t<a href=\"https:\/\/www.familinparis.fr\/en\/the-masterpieces-of-the-louvre-children-vip-visit\/\" target=\"_self\" rel=\"bookmark noopener noreferrer\">The masterpieces of the Louvre &#8211; Children (VIP)<\/a>\n\t\t\t<\/h4>\n\t\t\t\t\t\t<div class='uagb-post__text uagb-post-grid-byline'>\n\t\t\t\t\t\t\t<\/div>\n\t\t\t\n\t\t\t\t\t\t\t\t\t<\/article>\n\t\t\t\t\t\t\t\t\t\t\t\t\t\t\t\t<article class=\"uagb-post__inner-wrap\">\t\t\t\t\t\t\t\t<div class='uagb-post__image'>\n\t\t\t\t\t\t\t\t\t<a href=\"https:\/\/www.familinparis.fr\/en\/magical-journey-to-the-land-of-the-elephant-god-ganesh-storytelling-tour\/\" target=\"_self\" rel=\"bookmark noopener noreferrer\" class='uagb-image-ratio-inherit'><img decoding=\"async\" width=\"370\" height=\"305\" src=\"https:\/\/www.familinparis.fr\/wp-content\/uploads\/photos-partenaires\/visite-guidee\/visite-enfant-famille-scolaire-musee-guimet-370x305.jpg\" class=\"attachment-cheerup-list-b size-cheerup-list-b\" alt=\"\" \/>\t\t\t\t\t<\/a>\n\t\t\t\t\t\t\t<\/div>\n\t\t\t\t\t\t<h4 class=\"uagb-post__title uagb-post__text\">\n\t\t\t\t<a href=\"https:\/\/www.familinparis.fr\/en\/magical-journey-to-the-land-of-the-elephant-god-ganesh-storytelling-tour\/\" target=\"_self\" rel=\"bookmark noopener noreferrer\">Magical Journey to the Land of the Elephant God Ganesh (Storytelling Tour)<\/a>\n\t\t\t<\/h4>\n\t\t\t\t\t\t<div class='uagb-post__text uagb-post-grid-byline'>\n\t\t\t\t\t\t\t<\/div>\n\t\t\t\n\t\t\t\t\t\t\t\t\t<\/article>\n\t\t\t\t\t\t\t\t\t\t\t\t\t\t\t\t<article class=\"uagb-post__inner-wrap\">\t\t\t\t\t\t\t\t<div class='uagb-post__image'>\n\t\t\t\t\t\t\t\t\t<a href=\"https:\/\/www.familinparis.fr\/en\/when-i-grow-up-i-will-be-pantheonized-family-visit\/\" target=\"_self\" rel=\"bookmark noopener noreferrer\" class='uagb-image-ratio-inherit'><img decoding=\"async\" width=\"370\" height=\"305\" src=\"https:\/\/www.familinparis.fr\/wp-content\/uploads\/photos-partenaires\/visite-guidee\/visite-famille-pantheon-ludo-et-sophie-370x305.jpg\" class=\"attachment-cheerup-list-b size-cheerup-list-b\" alt=\"\" \/>\t\t\t\t\t<\/a>\n\t\t\t\t\t\t\t<\/div>\n\t\t\t\t\t\t<h4 class=\"uagb-post__title uagb-post__text\">\n\t\t\t\t<a href=\"https:\/\/www.familinparis.fr\/en\/when-i-grow-up-i-will-be-pantheonized-family-visit\/\" target=\"_self\" rel=\"bookmark noopener noreferrer\">When I grow up, I will be pantheonized (family visit)<\/a>\n\t\t\t<\/h4>\n\t\t\t\t\t\t<div class='uagb-post__text uagb-post-grid-byline'>\n\t\t\t\t\t\t\t<\/div>\n\t\t\t\n\t\t\t\t\t\t\t\t\t<\/article>\n\t\t\t\t\t\t\t\t\t\t\t\t\t\t\t\t<article class=\"uagb-post__inner-wrap\">\t\t\t\t\t\t\t\t<div class='uagb-post__image'>\n\t\t\t\t\t\t\t\t\t<a href=\"https:\/\/www.familinparis.fr\/en\/the-masterpieces-of-the-louvre-explained-to-children\/\" target=\"_self\" rel=\"bookmark noopener noreferrer\" class='uagb-image-ratio-inherit'><img decoding=\"async\" width=\"370\" height=\"305\" src=\"https:\/\/www.familinparis.fr\/wp-content\/uploads\/photos-partenaires\/jeu-de-piste\/mission-anniversaire-grece-au-louvre-1500x676-1-370x305.jpg\" class=\"attachment-cheerup-list-b size-cheerup-list-b\" alt=\"\" \/>\t\t\t\t\t<\/a>\n\t\t\t\t\t\t\t<\/div>\n\t\t\t\t\t\t<h4 class=\"uagb-post__title uagb-post__text\">\n\t\t\t\t<a href=\"https:\/\/www.familinparis.fr\/en\/the-masterpieces-of-the-louvre-explained-to-children\/\" target=\"_self\" rel=\"bookmark noopener noreferrer\">The masterpieces of the Louvre explained to children<\/a>\n\t\t\t<\/h4>\n\t\t\t\t\t\t<div class='uagb-post__text uagb-post-grid-byline'>\n\t\t\t\t\t\t\t<\/div>\n\t\t\t\n\t\t\t\t\t\t\t\t\t<\/article>\n\t\t\t\t\t\t\t\t\t\t\t\t\t\t\t\t<article class=\"uagb-post__inner-wrap\">\t\t\t\t\t\t\t\t<div class='uagb-post__image'>\n\t\t\t\t\t\t\t\t\t<a href=\"https:\/\/www.familinparis.fr\/en\/fun-guided-tour-of-the-opera-garnier\/\" target=\"_self\" rel=\"bookmark noopener noreferrer\" class='uagb-image-ratio-inherit'><img decoding=\"async\" width=\"370\" height=\"305\" src=\"https:\/\/www.familinparis.fr\/wp-content\/uploads\/photos-partenaires\/visite-guidee\/visite-ludique-opera-de-paris-ludo-et-sophie-370x305.jpg\" class=\"attachment-cheerup-list-b size-cheerup-list-b\" alt=\"\" \/>\t\t\t\t\t<\/a>\n\t\t\t\t\t\t\t<\/div>\n\t\t\t\t\t\t<h4 class=\"uagb-post__title uagb-post__text\">\n\t\t\t\t<a href=\"https:\/\/www.familinparis.fr\/en\/fun-guided-tour-of-the-opera-garnier\/\" target=\"_self\" rel=\"bookmark noopener noreferrer\">Fun tour of the Op\u00e9ra Garnier<\/a>\n\t\t\t<\/h4>\n\t\t\t\t\t\t<div class='uagb-post__text uagb-post-grid-byline'>\n\t\t\t\t\t\t\t<\/div>\n\t\t\t\n\t\t\t\t\t\t\t\t\t<\/article>\n\t\t\t\t\t\t\t\t\t\t\t\t\t\t\t\t<article class=\"uagb-post__inner-wrap\">\t\t\t\t\t\t\t\t<div class='uagb-post__image'>\n\t\t\t\t\t\t\t\t\t<a href=\"https:\/\/www.familinparis.fr\/en\/orsay-museum-family-guided-tour\/\" target=\"_self\" rel=\"bookmark noopener noreferrer\" class='uagb-image-ratio-inherit'><img decoding=\"async\" width=\"370\" height=\"305\" src=\"https:\/\/www.familinparis.fr\/wp-content\/uploads\/photos-familinparis-2021\/mus\u00e9e\/musee-d-orsay\/periode-nabis-musee-orsay-\u00a9FamilinParis-1249x960-1-370x305.jpg\" class=\"attachment-cheerup-list-b size-cheerup-list-b\" alt=\"\" srcset=\"https:\/\/www.familinparis.fr\/wp-content\/uploads\/photos-familinparis-2021\/mus\u00e9e\/musee-d-orsay\/periode-nabis-musee-orsay-\u00a9FamilinParis-1249x960-1-370x305.jpg 370w, https:\/\/www.familinparis.fr\/wp-content\/uploads\/photos-familinparis-2021\/mus\u00e9e\/musee-d-orsay\/periode-nabis-musee-orsay-\u00a9FamilinParis-1249x960-1-16x12.jpg 16w\" sizes=\"(max-width: 370px) 100vw, 370px\" \/>\t\t\t\t\t<\/a>\n\t\t\t\t\t\t\t<\/div>\n\t\t\t\t\t\t<h4 class=\"uagb-post__title uagb-post__text\">\n\t\t\t\t<a href=\"https:\/\/www.familinparis.fr\/en\/orsay-museum-family-guided-tour\/\" target=\"_self\" rel=\"bookmark noopener noreferrer\">Orsay&#8217;s masterpieces explained to children<\/a>\n\t\t\t<\/h4>\n\t\t\t\t\t\t<div class='uagb-post__text uagb-post-grid-byline'>\n\t\t\t\t\t\t\t<\/div>\n\t\t\t\n\t\t\t\t\t\t\t\t\t<\/article>\n\t\t\t\t\t\t\t\t\t\t\t\t\t\t\t\t<article class=\"uagb-post__inner-wrap\">\t\t\t\t\t\t\t\t<div class='uagb-post__image'>\n\t\t\t\t\t\t\t\t\t<a href=\"https:\/\/www.familinparis.fr\/en\/who-benefits-from-the-crime-survey-visit\/\" target=\"_self\" rel=\"bookmark noopener noreferrer\" class='uagb-image-ratio-inherit'><img decoding=\"async\" width=\"370\" height=\"305\" src=\"https:\/\/www.familinparis.fr\/wp-content\/uploads\/2026\/04\/Histoire-des-grands-criminels.-musee-de-la-police-370x305.jpg\" class=\"attachment-cheerup-list-b size-cheerup-list-b\" alt=\"visite guid\u00e9e au mus\u00e9e de la police \u00e0 paris\" \/>\t\t\t\t\t<\/a>\n\t\t\t\t\t\t\t<\/div>\n\t\t\t\t\t\t<h4 class=\"uagb-post__title uagb-post__text\">\n\t\t\t\t<a href=\"https:\/\/www.familinparis.fr\/en\/who-benefits-from-the-crime-survey-visit\/\" target=\"_self\" rel=\"bookmark noopener noreferrer\">Who benefits from the crime? (survey visit)<\/a>\n\t\t\t<\/h4>\n\t\t\t\t\t\t<div class='uagb-post__text uagb-post-grid-byline'>\n\t\t\t\t\t\t\t<\/div>\n\t\t\t\n\t\t\t\t\t\t\t\t\t<\/article>\n\t\t\t\t\t\t\t\t\t\t\t\t\t\t\t\t<article class=\"uagb-post__inner-wrap\">\t\t\t\t\t\t\t\t<div class='uagb-post__image'>\n\t\t\t\t\t\t\t\t\t<a href=\"https:\/\/www.familinparis.fr\/en\/if-versailles-was-told-to-me-guided-tour\/\" target=\"_self\" rel=\"bookmark noopener noreferrer\" class='uagb-image-ratio-inherit'><img decoding=\"async\" width=\"370\" height=\"305\" src=\"https:\/\/www.familinparis.fr\/wp-content\/uploads\/photos-familinparis-2021\/monument\/fontaine-parc-du-chateau-de-versailles-\u00a9FamilinParis-370x305.jpg\" class=\"attachment-cheerup-list-b size-cheerup-list-b\" alt=\"\" \/>\t\t\t\t\t<\/a>\n\t\t\t\t\t\t\t<\/div>\n\t\t\t\t\t\t<h4 class=\"uagb-post__title uagb-post__text\">\n\t\t\t\t<a href=\"https:\/\/www.familinparis.fr\/en\/if-versailles-was-told-to-me-guided-tour\/\" target=\"_self\" rel=\"bookmark noopener noreferrer\">If Versailles was told to me (guided tour)<\/a>\n\t\t\t<\/h4>\n\t\t\t\t\t\t<div class='uagb-post__text uagb-post-grid-byline'>\n\t\t\t\t\t\t\t<\/div>\n\t\t\t\n\t\t\t\t\t\t\t\t\t<\/article>\n\t\t\t\t\t\t\t\t\t\t\t\t\t\t\t\t<article class=\"uagb-post__inner-wrap\">\t\t\t\t\t\t\t\t<div class='uagb-post__image'>\n\t\t\t\t\t\t\t\t\t<a href=\"https:\/\/www.familinparis.fr\/en\/modern-art-explained-to-children-mam\/\" target=\"_self\" rel=\"bookmark noopener noreferrer\" class='uagb-image-ratio-inherit'><img decoding=\"async\" width=\"370\" height=\"305\" src=\"https:\/\/www.familinparis.fr\/wp-content\/uploads\/2024\/01\/Art-Moderne-au-MAM-ludo-sophie-2024-370x305.jpeg\" class=\"attachment-cheerup-list-b size-cheerup-list-b\" alt=\"\" \/>\t\t\t\t\t<\/a>\n\t\t\t\t\t\t\t<\/div>\n\t\t\t\t\t\t<h4 class=\"uagb-post__title uagb-post__text\">\n\t\t\t\t<a href=\"https:\/\/www.familinparis.fr\/en\/modern-art-explained-to-children-mam\/\" target=\"_self\" rel=\"bookmark noopener noreferrer\">Modern Art Explained to Children (MAM)<\/a>\n\t\t\t<\/h4>\n\t\t\t\t\t\t<div class='uagb-post__text uagb-post-grid-byline'>\n\t\t\t\t\t\t\t<\/div>\n\t\t\t\n\t\t\t\t\t\t\t\t\t<\/article>\n\t\t\t\t\t\t\t\t\t\t\t<\/div>\n\t\t\t\n<div style=\"height:62px\" aria-hidden=\"true\" class=\"wp-block-spacer\"><\/div>\n\n<p><\/p>\n","protected":false},"excerpt":{"rendered":"<p>What to do in the Hauts-de-Seine with your family? Guided tours with the family<\/p>\n","protected":false},"author":6,"featured_media":0,"comment_status":"open","ping_status":"open","sticky":false,"template":"","format":"standard","meta":{"_uag_custom_page_level_css":"","footnotes":""},"categories":[1235],"tags":[1237,1226,1206,1402,1210,1207],"class_list":{"0":"post-136438","1":"post","2":"type-post","3":"status-publish","4":"format-standard","6":"category-guided-tours","7":"tag-college-en","8":"tag-for-7-12-year-olds","9":"tag-for-teens","10":"tag-hauts-de-seine-en","11":"tag-less-than-15-euros","12":"tag-promo-en"},"yoast_head":"<!-- This site is optimized with the Yoast SEO plugin v27.2 - https:\/\/yoast.com\/product\/yoast-seo-wordpress\/ -->\n<title>Fun visit &quot;Head in the clouds&quot; at La D\u00e9fense<\/title>\n<meta name=\"description\" content=\"From 10 years old \u2022 A visit to Contemporary Art at La D\u00e9fense, a real open-air museum. Family, group or school\" \/>\n<meta name=\"robots\" content=\"index, follow, max-snippet:-1, max-image-preview:large, max-video-preview:-1\" \/>\n<link rel=\"canonical\" href=\"https:\/\/www.familinparis.fr\/en\/the-fun-visit-head-in-the-clouds-contemporary-art-rally\/\" \/>\n<meta property=\"og:locale\" content=\"en_US\" \/>\n<meta property=\"og:type\" content=\"article\" \/>\n<meta property=\"og:title\" content=\"Fun visit &quot;Head in the clouds&quot; at La D\u00e9fense\" \/>\n<meta property=\"og:description\" content=\"From 10 years old \u2022 A visit to Contemporary Art at La D\u00e9fense, a real open-air museum. Family, group or school\" \/>\n<meta property=\"og:url\" content=\"https:\/\/www.familinparis.fr\/en\/the-fun-visit-head-in-the-clouds-contemporary-art-rally\/\" \/>\n<meta property=\"og:site_name\" content=\"Familin&#039;Paris\" \/>\n<meta property=\"article:published_time\" content=\"2021-05-10T19:34:00+00:00\" \/>\n<meta property=\"article:modified_time\" content=\"2024-11-16T15:27:37+00:00\" \/>\n<meta name=\"author\" content=\"Agn\u00e8s\" \/>\n<meta name=\"twitter:card\" content=\"summary_large_image\" \/>\n<meta name=\"twitter:label1\" content=\"Written by\" \/>\n\t<meta name=\"twitter:data1\" content=\"Agn\u00e8s\" \/>\n\t<meta name=\"twitter:label2\" content=\"Est. reading time\" \/>\n\t<meta name=\"twitter:data2\" content=\"1 minute\" \/>\n<script type=\"application\/ld+json\" class=\"yoast-schema-graph\">{\"@context\":\"https:\/\/schema.org\",\"@graph\":[{\"@type\":\"Article\",\"@id\":\"https:\/\/www.familinparis.fr\/en\/the-fun-visit-head-in-the-clouds-contemporary-art-rally\/#article\",\"isPartOf\":{\"@id\":\"https:\/\/www.familinparis.fr\/en\/the-fun-visit-head-in-the-clouds-contemporary-art-rally\/\"},\"author\":{\"name\":\"Agn\u00e8s\",\"@id\":\"https:\/\/www.familinparis.fr\/en\/#\/schema\/person\/20deb9130cb58f76b535d316fe0aa31f\"},\"headline\":\"The fun visit &#8220;Head in the clouds&#8221; (Contemporary Art Rally)\",\"datePublished\":\"2021-05-10T19:34:00+00:00\",\"dateModified\":\"2024-11-16T15:27:37+00:00\",\"mainEntityOfPage\":{\"@id\":\"https:\/\/www.familinparis.fr\/en\/the-fun-visit-head-in-the-clouds-contemporary-art-rally\/\"},\"wordCount\":216,\"commentCount\":0,\"keywords\":[\"college\",\"For 7-12 year olds\",\"For teens\",\"Hauts-de-Seine\",\"Less than 15 euros\",\"promo\"],\"articleSection\":[\"Guided tours\"],\"inLanguage\":\"en-US\",\"potentialAction\":[{\"@type\":\"CommentAction\",\"name\":\"Comment\",\"target\":[\"https:\/\/www.familinparis.fr\/en\/the-fun-visit-head-in-the-clouds-contemporary-art-rally\/#respond\"]}]},{\"@type\":\"WebPage\",\"@id\":\"https:\/\/www.familinparis.fr\/en\/the-fun-visit-head-in-the-clouds-contemporary-art-rally\/\",\"url\":\"https:\/\/www.familinparis.fr\/en\/the-fun-visit-head-in-the-clouds-contemporary-art-rally\/\",\"name\":\"Fun visit \\\"Head in the clouds\\\" at La D\u00e9fense\",\"isPartOf\":{\"@id\":\"https:\/\/www.familinparis.fr\/en\/#website\"},\"datePublished\":\"2021-05-10T19:34:00+00:00\",\"dateModified\":\"2024-11-16T15:27:37+00:00\",\"author\":{\"@id\":\"https:\/\/www.familinparis.fr\/en\/#\/schema\/person\/20deb9130cb58f76b535d316fe0aa31f\"},\"description\":\"From 10 years old \u2022 A visit to Contemporary Art at La D\u00e9fense, a real open-air museum. Family, group or school\",\"breadcrumb\":{\"@id\":\"https:\/\/www.familinparis.fr\/en\/the-fun-visit-head-in-the-clouds-contemporary-art-rally\/#breadcrumb\"},\"inLanguage\":\"en-US\",\"potentialAction\":[{\"@type\":\"ReadAction\",\"target\":[\"https:\/\/www.familinparis.fr\/en\/the-fun-visit-head-in-the-clouds-contemporary-art-rally\/\"]}]},{\"@type\":\"BreadcrumbList\",\"@id\":\"https:\/\/www.familinparis.fr\/en\/the-fun-visit-head-in-the-clouds-contemporary-art-rally\/#breadcrumb\",\"itemListElement\":[{\"@type\":\"ListItem\",\"position\":1,\"name\":\"Home\",\"item\":\"https:\/\/www.familinparis.fr\/en\/\"},{\"@type\":\"ListItem\",\"position\":2,\"name\":\"Exposition\",\"item\":\"https:\/\/www.familinparis.fr\/en\/categorie\/exposition-en\/\"},{\"@type\":\"ListItem\",\"position\":3,\"name\":\"The fun visit &#8220;Head in the clouds&#8221; (Contemporary Art Rally)\"}]},{\"@type\":\"WebSite\",\"@id\":\"https:\/\/www.familinparis.fr\/en\/#website\",\"url\":\"https:\/\/www.familinparis.fr\/en\/\",\"name\":\"Familin&#039;Paris\",\"description\":\"Visiter le meilleur de Paris avec des enfants : sorties, spectacles, adresses de restaurants, shopping, bons plans...\",\"potentialAction\":[{\"@type\":\"SearchAction\",\"target\":{\"@type\":\"EntryPoint\",\"urlTemplate\":\"https:\/\/www.familinparis.fr\/en\/?s={search_term_string}\"},\"query-input\":{\"@type\":\"PropertyValueSpecification\",\"valueRequired\":true,\"valueName\":\"search_term_string\"}}],\"inLanguage\":\"en-US\"},{\"@type\":\"Person\",\"@id\":\"https:\/\/www.familinparis.fr\/en\/#\/schema\/person\/20deb9130cb58f76b535d316fe0aa31f\",\"name\":\"Agn\u00e8s\",\"image\":{\"@type\":\"ImageObject\",\"inLanguage\":\"en-US\",\"@id\":\"https:\/\/secure.gravatar.com\/avatar\/0ff338e2776ca662585d438b3bc140cbe7b54659207d3329065be97ffb37fa5a?s=96&d=identicon&r=g\",\"url\":\"https:\/\/secure.gravatar.com\/avatar\/0ff338e2776ca662585d438b3bc140cbe7b54659207d3329065be97ffb37fa5a?s=96&d=identicon&r=g\",\"contentUrl\":\"https:\/\/secure.gravatar.com\/avatar\/0ff338e2776ca662585d438b3bc140cbe7b54659207d3329065be97ffb37fa5a?s=96&d=identicon&r=g\",\"caption\":\"Agn\u00e8s\"}}]}<\/script>\n<!-- \/ Yoast SEO plugin. -->","yoast_head_json":{"title":"Fun visit \"Head in the clouds\" at La D\u00e9fense","description":"From 10 years old \u2022 A visit to Contemporary Art at La D\u00e9fense, a real open-air museum. Family, group or school","robots":{"index":"index","follow":"follow","max-snippet":"max-snippet:-1","max-image-preview":"max-image-preview:large","max-video-preview":"max-video-preview:-1"},"canonical":"https:\/\/www.familinparis.fr\/en\/the-fun-visit-head-in-the-clouds-contemporary-art-rally\/","og_locale":"en_US","og_type":"article","og_title":"Fun visit \"Head in the clouds\" at La D\u00e9fense","og_description":"From 10 years old \u2022 A visit to Contemporary Art at La D\u00e9fense, a real open-air museum. Family, group or school","og_url":"https:\/\/www.familinparis.fr\/en\/the-fun-visit-head-in-the-clouds-contemporary-art-rally\/","og_site_name":"Familin&#039;Paris","article_published_time":"2021-05-10T19:34:00+00:00","article_modified_time":"2024-11-16T15:27:37+00:00","author":"Agn\u00e8s","twitter_card":"summary_large_image","twitter_misc":{"Written by":"Agn\u00e8s","Est. reading time":"1 minute"},"schema":{"@context":"https:\/\/schema.org","@graph":[{"@type":"Article","@id":"https:\/\/www.familinparis.fr\/en\/the-fun-visit-head-in-the-clouds-contemporary-art-rally\/#article","isPartOf":{"@id":"https:\/\/www.familinparis.fr\/en\/the-fun-visit-head-in-the-clouds-contemporary-art-rally\/"},"author":{"name":"Agn\u00e8s","@id":"https:\/\/www.familinparis.fr\/en\/#\/schema\/person\/20deb9130cb58f76b535d316fe0aa31f"},"headline":"The fun visit &#8220;Head in the clouds&#8221; (Contemporary Art Rally)","datePublished":"2021-05-10T19:34:00+00:00","dateModified":"2024-11-16T15:27:37+00:00","mainEntityOfPage":{"@id":"https:\/\/www.familinparis.fr\/en\/the-fun-visit-head-in-the-clouds-contemporary-art-rally\/"},"wordCount":216,"commentCount":0,"keywords":["college","For 7-12 year olds","For teens","Hauts-de-Seine","Less than 15 euros","promo"],"articleSection":["Guided tours"],"inLanguage":"en-US","potentialAction":[{"@type":"CommentAction","name":"Comment","target":["https:\/\/www.familinparis.fr\/en\/the-fun-visit-head-in-the-clouds-contemporary-art-rally\/#respond"]}]},{"@type":"WebPage","@id":"https:\/\/www.familinparis.fr\/en\/the-fun-visit-head-in-the-clouds-contemporary-art-rally\/","url":"https:\/\/www.familinparis.fr\/en\/the-fun-visit-head-in-the-clouds-contemporary-art-rally\/","name":"Fun visit \"Head in the clouds\" at La D\u00e9fense","isPartOf":{"@id":"https:\/\/www.familinparis.fr\/en\/#website"},"datePublished":"2021-05-10T19:34:00+00:00","dateModified":"2024-11-16T15:27:37+00:00","author":{"@id":"https:\/\/www.familinparis.fr\/en\/#\/schema\/person\/20deb9130cb58f76b535d316fe0aa31f"},"description":"From 10 years old \u2022 A visit to Contemporary Art at La D\u00e9fense, a real open-air museum. Family, group or school","breadcrumb":{"@id":"https:\/\/www.familinparis.fr\/en\/the-fun-visit-head-in-the-clouds-contemporary-art-rally\/#breadcrumb"},"inLanguage":"en-US","potentialAction":[{"@type":"ReadAction","target":["https:\/\/www.familinparis.fr\/en\/the-fun-visit-head-in-the-clouds-contemporary-art-rally\/"]}]},{"@type":"BreadcrumbList","@id":"https:\/\/www.familinparis.fr\/en\/the-fun-visit-head-in-the-clouds-contemporary-art-rally\/#breadcrumb","itemListElement":[{"@type":"ListItem","position":1,"name":"Home","item":"https:\/\/www.familinparis.fr\/en\/"},{"@type":"ListItem","position":2,"name":"Exposition","item":"https:\/\/www.familinparis.fr\/en\/categorie\/exposition-en\/"},{"@type":"ListItem","position":3,"name":"The fun visit &#8220;Head in the clouds&#8221; (Contemporary Art Rally)"}]},{"@type":"WebSite","@id":"https:\/\/www.familinparis.fr\/en\/#website","url":"https:\/\/www.familinparis.fr\/en\/","name":"Familin&#039;Paris","description":"Visiter le meilleur de Paris avec des enfants : sorties, spectacles, adresses de restaurants, shopping, bons plans...","potentialAction":[{"@type":"SearchAction","target":{"@type":"EntryPoint","urlTemplate":"https:\/\/www.familinparis.fr\/en\/?s={search_term_string}"},"query-input":{"@type":"PropertyValueSpecification","valueRequired":true,"valueName":"search_term_string"}}],"inLanguage":"en-US"},{"@type":"Person","@id":"https:\/\/www.familinparis.fr\/en\/#\/schema\/person\/20deb9130cb58f76b535d316fe0aa31f","name":"Agn\u00e8s","image":{"@type":"ImageObject","inLanguage":"en-US","@id":"https:\/\/secure.gravatar.com\/avatar\/0ff338e2776ca662585d438b3bc140cbe7b54659207d3329065be97ffb37fa5a?s=96&d=identicon&r=g","url":"https:\/\/secure.gravatar.com\/avatar\/0ff338e2776ca662585d438b3bc140cbe7b54659207d3329065be97ffb37fa5a?s=96&d=identicon&r=g","contentUrl":"https:\/\/secure.gravatar.com\/avatar\/0ff338e2776ca662585d438b3bc140cbe7b54659207d3329065be97ffb37fa5a?s=96&d=identicon&r=g","caption":"Agn\u00e8s"}}]}},"uagb_featured_image_src":{"full":false,"thumbnail":false,"medium":false,"medium_large":false,"large":false,"1536x1536":false,"2048x2048":false,"home-thumb":false,"home-slider":false,"lightbox-slider-size":false,"post-thumbnail":false,"cheerup-main":false,"cheerup-main-full":false,"cheerup-slider-alt":false,"cheerup-slider-trendy":false,"cheerup-slider-stylish":false,"cheerup-slider-grid":false,"cheerup-slider-grid-sm":false,"cheerup-slider-carousel":false,"cheerup-slider-grid-b":false,"cheerup-slider-grid-b-sm":false,"cheerup-slider-bold-sm":false,"cheerup-grid":false,"cheerup-carousel":false,"cheerup-carousel-b":false,"cheerup-list":false,"cheerup-list-b":false,"cheerup-thumb":false,"cheerup-thumb-alt":false},"uagb_author_info":{"display_name":"Agn\u00e8s","author_link":"https:\/\/www.familinparis.fr\/en\/author\/agnes\/"},"uagb_comment_info":0,"uagb_excerpt":"What to do in the Hauts-de-Seine with your family? Guided tours with the family","_links":{"self":[{"href":"https:\/\/www.familinparis.fr\/en\/wp-json\/wp\/v2\/posts\/136438","targetHints":{"allow":["GET"]}}],"collection":[{"href":"https:\/\/www.familinparis.fr\/en\/wp-json\/wp\/v2\/posts"}],"about":[{"href":"https:\/\/www.familinparis.fr\/en\/wp-json\/wp\/v2\/types\/post"}],"author":[{"embeddable":true,"href":"https:\/\/www.familinparis.fr\/en\/wp-json\/wp\/v2\/users\/6"}],"replies":[{"embeddable":true,"href":"https:\/\/www.familinparis.fr\/en\/wp-json\/wp\/v2\/comments?post=136438"}],"version-history":[{"count":0,"href":"https:\/\/www.familinparis.fr\/en\/wp-json\/wp\/v2\/posts\/136438\/revisions"}],"wp:attachment":[{"href":"https:\/\/www.familinparis.fr\/en\/wp-json\/wp\/v2\/media?parent=136438"}],"wp:term":[{"taxonomy":"category","embeddable":true,"href":"https:\/\/www.familinparis.fr\/en\/wp-json\/wp\/v2\/categories?post=136438"},{"taxonomy":"post_tag","embeddable":true,"href":"https:\/\/www.familinparis.fr\/en\/wp-json\/wp\/v2\/tags?post=136438"}],"curies":[{"name":"wp","href":"https:\/\/api.w.org\/{rel}","templated":true}]}}