{"id":136349,"date":"2021-02-18T13:41:00","date_gmt":"2021-02-18T11:41:00","guid":{"rendered":"https:\/\/www.familinparis.fr\/the-cafezoid\/"},"modified":"2024-11-16T17:26:46","modified_gmt":"2024-11-16T15:26:46","slug":"the-cafezoid","status":"publish","type":"post","link":"https:\/\/www.familinparis.fr\/en\/the-cafezoid\/","title":{"rendered":"The Cafezoid"},"content":{"rendered":"<div class=\"lazyblock-baseline-1qC9Bp wp-block-lazyblock-baseline\"><div class=\"baseline\">The children&#8217;s caf\u00e9<\/div><\/div><div class=\"lazyblock-infos-pratiques-Z3fc9k wp-block-lazyblock-infos-pratiques\"><div class=\"read-more go-to\" data-goto=\"infos-sup\">\n  <a href=\"#\">\n    <span class=\"rien\">\n      <i class=\"fa fa-map-marker\"><\/i> See practical information    <\/span>\n  <\/a>\n<\/div><\/div>\n<p><\/p>\n\n<p><\/p>\n\n<section class=\"wp-block-uagb-section uagb-section__wrap uagb-section__background-color uagb-block-17eec4a0\"><div class=\"uagb-section__overlay\"><\/div><div class=\"uagb-section__inner-wrap\">\n<ul class=\"wp-block-list\"><li><strong>WE LIKE<\/strong> : the atmosphere, the principle, the encounters<\/li><li><strong>ATMOSPHERE: <\/strong>playing and exchanging<\/li><li><strong>LOCATION<\/strong> : 92 bis, Quai de la Loire (Paris 19th)<\/li><\/ul>\n<\/div><\/section>\n\n<div style=\"height:60px\" aria-hidden=\"true\" class=\"wp-block-spacer\"><\/div>\n<div class=\"lazyblock-bodered-box-2e0PIN wp-block-lazyblock-bodered-box\"><div class=\"bordered-box ts-row cf\">\n    <h2 class=\"box-title\">Le Caf\u00e9zo\u00efde est bien plus qu&#8217;un caf\u00e9<\/h2>\n    <div>\n        \n\n<div style=\"height:60px\" aria-hidden=\"true\" class=\"wp-block-spacer\"><\/div>\n\n\n\n<ul class=\"wp-block-list\"><li>It is a friendly and family place to spend good time with children<\/li><li>It&#8217;s <strong>a unique place in Paris<\/strong>, a caf\u00e9 certainly, but above all <strong>a place for games and meetings<\/strong>, with a militant spirit<\/li><li>It is a real indoor children&#8217;s playground with the added bonus of various workshops for children, teenagers and adults<\/li><li>The Caf\u00e9zo\u00efde is a friendly space where children play and create and where parents share their experiences<\/li><li>There&#8217;s a nice mess at the Caf\u00e9zo\u00efde! Forest of strollers, children running, playing in all directions, toys abandoned on the floor or on the tables&#8230; <\/li><li>You can have a drink or eat well, but also make music or even devote yourself to art and learn about computers, and many other things<\/li><li><strong>People come here mainly to play and share a good time with their family<\/strong><\/li><\/ul>\n\n\n    <\/div>\n    <p><\/p>\n<\/div><\/div><div class=\"wp-block-image\">\n<figure class=\"aligncenter size-large\"><img decoding=\"async\" width=\"250\" height=\"150\" src=\"\/wp-content\/uploads\/Dessins\/Food\/dessert-bonbon\/kidscake-250x150-1.jpg\" alt=\"Easy recipes to make with the family\" class=\"wp-image-39418\" srcset=\"https:\/\/www.familinparis.fr\/wp-content\/uploads\/Dessins\/Food\/dessert-bonbon\/kidscake-250x150-1.jpg 250w, https:\/\/www.familinparis.fr\/wp-content\/uploads\/Dessins\/Food\/dessert-bonbon\/kidscake-250x150-1-16x10.jpg 16w\" sizes=\"(max-width: 250px) 100vw, 250px\" \/><\/figure>\n<\/div><div class=\"lazyblock-bodered-box-12JswC wp-block-lazyblock-bodered-box\"><div class=\"bordered-box ts-row cf\">\n    <h2 class=\"box-title\">Des consommations \u00e0 prix tout doux au Caf\u00e9zo\u00efde<\/h2>\n    <div>\n        \n\n<div style=\"height:60px\" aria-hidden=\"true\" class=\"wp-block-spacer\"><\/div>\n\n\n\n<ul class=\"wp-block-list\"><li>Unique dish, with organic and fair trade products.<\/li><li>House specialties: vegetarian couscous, daal (an Indian dish made with lentils) and Lebanese mezze.<\/li><li><strong>Main course: \u20ac2.50 to \u20ac6, desserts: \u20ac1.50, drinks: \u20ac1.50, mint tea: \u20ac1<\/strong><\/li><\/ul>\n\n\n    <\/div>\n    <p><\/p>\n<\/div><\/div><div class=\"wp-block-image\">\n<figure class=\"aligncenter size-large is-resized\"><img decoding=\"async\" src=\"\/wp-content\/uploads\/Dessins\/Food\/Chef\/chef-689x1024.png\" alt=\"Traditional restaurant in Paris\" class=\"wp-image-27776\" width=\"172\" height=\"256\" srcset=\"https:\/\/www.familinparis.fr\/wp-content\/uploads\/Dessins\/Food\/Chef\/chef-689x1024.png 689w, https:\/\/www.familinparis.fr\/wp-content\/uploads\/Dessins\/Food\/Chef\/chef-202x300.png 202w, https:\/\/www.familinparis.fr\/wp-content\/uploads\/Dessins\/Food\/Chef\/chef-491x730.png 491w, https:\/\/www.familinparis.fr\/wp-content\/uploads\/Dessins\/Food\/Chef\/chef.png 922w\" sizes=\"(max-width: 172px) 100vw, 172px\" \/><\/figure>\n<\/div>\n<h2 class=\"wp-block-heading\">ALSO TO DO IN THE NEIGHBORHOOD, NEXT TO THE CAF\u00c9ZO\u00cfDE:<\/h2>\n\n\t\t\t<div class=\"wp-block-uagb-post-grid uagb-post-grid  uagb-post__image-position-top uagb-post__image-enabled uagb-block-ce4b3ba2     uagb-post__items uagb-post__columns-3 is-grid uagb-post__columns-tablet-2 uagb-post__columns-mobile-1 uagb-post__equal-height\" data-total=\"2\" style=\"\">\n\n\t\t\t\t\t\t\t\t\t\t\t\t<article class=\"uagb-post__inner-wrap\">\t\t\t\t\t\t\t\t<div class='uagb-post__image'>\n\t\t\t\t\t\t\t\t\t<a href=\"https:\/\/www.familinparis.fr\/en\/the-city-of-children-cite-des-sciences-in-paris\/\" target=\"_self\" rel=\"bookmark noopener noreferrer\" class='uagb-image-ratio-inherit'><img decoding=\"async\" width=\"270\" height=\"180\" src=\"https:\/\/www.familinparis.fr\/wp-content\/uploads\/2022\/08\/la-cite-des-enfants-600x300-1-270x180.png\" class=\"attachment-post-thumbnail size-post-thumbnail\" alt=\"Affiche de La Cit\u00e9 des enfant 5-10 ans -2025\" srcset=\"https:\/\/www.familinparis.fr\/wp-content\/uploads\/2022\/08\/la-cite-des-enfants-600x300-1-270x180.png 270w, https:\/\/www.familinparis.fr\/wp-content\/uploads\/2022\/08\/la-cite-des-enfants-600x300-1-300x199.png 300w, https:\/\/www.familinparis.fr\/wp-content\/uploads\/2022\/08\/la-cite-des-enfants-600x300-1.png 452w\" sizes=\"(max-width: 270px) 100vw, 270px\" \/>\t\t\t\t\t<\/a>\n\t\t\t\t\t\t\t<\/div>\n\t\t\t\t\t\t<h4 class=\"uagb-post__title uagb-post__text\">\n\t\t\t\t<a href=\"https:\/\/www.familinparis.fr\/en\/the-city-of-children-cite-des-sciences-in-paris\/\" target=\"_self\" rel=\"bookmark noopener noreferrer\">The City of Children: Cit\u00e9 des Sciences in Paris<\/a>\n\t\t\t<\/h4>\n\t\t\t\t\t\t<div class='uagb-post__text uagb-post-grid-byline'>\n\t\t\t\t\t\t\t<\/div>\n\t\t\t\t\t\t\t<div class='uagb-post__text uagb-post__excerpt'>\n\t\t\t\t\tA space for 2\/7 year olds and for 5\/12 year olds \u2014 At the Cit\u00e9&#8230;\t\t\t\t<\/div>\n\t\t\t\n\t\t\t\t\t\t\t\t\t<\/article>\n\t\t\t\t\t\t\t\t\t\t\t\t\t\t\t\t<article class=\"uagb-post__inner-wrap\">\t\t\t\t\t\t\t\t<div class='uagb-post__image'>\n\t\t\t\t\t\t\t\t\t<a href=\"https:\/\/www.familinparis.fr\/en\/titanic-immersive-exhibition-grande-halle-de-la-villette-75019\/\" target=\"_self\" rel=\"bookmark noopener noreferrer\" class='uagb-image-ratio-inherit'><img decoding=\"async\" width=\"270\" height=\"180\" src=\"https:\/\/www.familinparis.fr\/wp-content\/uploads\/2026\/04\/La-Legende-Du-Titanic-exposition-ultime-exposition-immersive-grande-halle-la-villette-2026-270x180.jpg\" class=\"attachment-post-thumbnail size-post-thumbnail\" alt=\"Affiche de La L\u00e9gende du Titanic. L&#039;exposition ultime- Exposition immersive \u00e0 la Grande Halle de La Villette - 2026\" \/>\t\t\t\t\t<\/a>\n\t\t\t\t\t\t\t<\/div>\n\t\t\t\t\t\t<h4 class=\"uagb-post__title uagb-post__text\">\n\t\t\t\t<a href=\"https:\/\/www.familinparis.fr\/en\/titanic-immersive-exhibition-grande-halle-de-la-villette-75019\/\" target=\"_self\" rel=\"bookmark noopener noreferrer\">The Legend of the Titanic: The Ultimate Exhibition<\/a>\n\t\t\t<\/h4>\n\t\t\t\t\t\t<div class='uagb-post__text uagb-post-grid-byline'>\n\t\t\t\t\t\t\t<\/div>\n\t\t\t\t\t\t\t<div class='uagb-post__text uagb-post__excerpt'>\n\t\t\t\t\tThe Legend of the Titanic &#8211; The Ultimate Exhibition &#8211; immersive exhibition at La Grande&#8230;\t\t\t\t<\/div>\n\t\t\t\n\t\t\t\t\t\t\t\t\t<\/article>\n\t\t\t\t\t\t\t\t\t\t\t\t\t\t\t\t<article class=\"uagb-post__inner-wrap\">\t\t\t\t\t\t\t\t<div class='uagb-post__image'>\n\t\t\t\t\t\t\t\t\t<a href=\"https:\/\/www.familinparis.fr\/en\/the-childrens-philharmonic\/\" target=\"_self\" rel=\"bookmark noopener noreferrer\" class='uagb-image-ratio-inherit'><img decoding=\"async\" width=\"270\" height=\"180\" src=\"https:\/\/www.familinparis.fr\/wp-content\/uploads\/Mus\u00e9es\/Philharmonie-des-enfants\/PDE-explore-la-musique-270x180.jpg\" class=\"attachment-post-thumbnail size-post-thumbnail\" alt=\"\" \/>\t\t\t\t\t<\/a>\n\t\t\t\t\t\t\t<\/div>\n\t\t\t\t\t\t<h4 class=\"uagb-post__title uagb-post__text\">\n\t\t\t\t<a href=\"https:\/\/www.familinparis.fr\/en\/the-childrens-philharmonic\/\" target=\"_self\" rel=\"bookmark noopener noreferrer\">The Children&#8217;s Philharmonic<\/a>\n\t\t\t<\/h4>\n\t\t\t\t\t\t<div class='uagb-post__text uagb-post-grid-byline'>\n\t\t\t\t\t\t\t<\/div>\n\t\t\t\t\t\t\t<div class='uagb-post__text uagb-post__excerpt'>\n\t\t\t\t\t<p>The Children&#8217;s Philharmonic &#8230; Music at a child&#8217;s level The Children&#8217;s Philharmonic is a space&#8230;\t\t\t\t<\/div>\n\t\t\t\n\t\t\t\t\t\t\t\t\t<\/article>\n\t\t\t\t\t\t\t\t\t\t\t\t\t\t\t\t<article class=\"uagb-post__inner-wrap\">\t\t\t\t\t\t\t\t<div class='uagb-post__image'>\n\t\t\t\t\t\t\t\t\t<a href=\"https:\/\/www.familinparis.fr\/en\/the-philharmonie-de-paris-with-the-family\/\" target=\"_self\" rel=\"bookmark noopener noreferrer\" class='uagb-image-ratio-inherit'><img decoding=\"async\" width=\"270\" height=\"180\" src=\"https:\/\/www.familinparis.fr\/wp-content\/uploads\/Spectacles\/concerts\/la-philharmonie-de-paris-270x180.jpg\" class=\"attachment-post-thumbnail size-post-thumbnail\" alt=\"\" \/>\t\t\t\t\t<\/a>\n\t\t\t\t\t\t\t<\/div>\n\t\t\t\t\t\t<h4 class=\"uagb-post__title uagb-post__text\">\n\t\t\t\t<a href=\"https:\/\/www.familinparis.fr\/en\/the-philharmonie-de-paris-with-the-family\/\" target=\"_self\" rel=\"bookmark noopener noreferrer\">The Philharmonie de Paris with the family<\/a>\n\t\t\t<\/h4>\n\t\t\t\t\t\t<div class='uagb-post__text uagb-post-grid-byline'>\n\t\t\t\t\t\t\t<\/div>\n\t\t\t\t\t\t\t<div class='uagb-post__text uagb-post__excerpt'>\n\t\t\t\t\tA very varied program. For all ages\t\t\t\t<\/div>\n\t\t\t\n\t\t\t\t\t\t\t\t\t<\/article>\n\t\t\t\t\t\t\t\t\t\t\t\t\t\t\t\t<article class=\"uagb-post__inner-wrap\">\t\t\t\t\t\t\t\t<div class='uagb-post__image'>\n\t\t\t\t\t\t\t\t\t<a href=\"https:\/\/www.familinparis.fr\/en\/batman-escape-game-paris\/\" target=\"_self\" rel=\"bookmark noopener noreferrer\" class='uagb-image-ratio-inherit'><img decoding=\"async\" width=\"270\" height=\"180\" src=\"https:\/\/www.familinparis.fr\/wp-content\/uploads\/2024\/07\/batman-escape-game-paris-la-villette-270x180.jpg\" class=\"attachment-post-thumbnail size-post-thumbnail\" alt=\"\" \/>\t\t\t\t\t<\/a>\n\t\t\t\t\t\t\t<\/div>\n\t\t\t\t\t\t<h4 class=\"uagb-post__title uagb-post__text\">\n\t\t\t\t<a href=\"https:\/\/www.familinparis.fr\/en\/batman-escape-game-paris\/\" target=\"_self\" rel=\"bookmark noopener noreferrer\">Batman Escape Game Paris<\/a>\n\t\t\t<\/h4>\n\t\t\t\t\t\t<div class='uagb-post__text uagb-post-grid-byline'>\n\t\t\t\t\t\t\t<\/div>\n\t\t\t\t\t\t\t<div class='uagb-post__text uagb-post__excerpt'>\n\t\t\t\t\t<p>\u00a9Batman-Escape-Game We like : a new concept on 3000m2 at La Villette with the presence&#8230;\t\t\t\t<\/div>\n\t\t\t\n\t\t\t\t\t\t\t\t\t<\/article>\n\t\t\t\t\t\t\t\t\t\t\t\t\t\t\t\t<article class=\"uagb-post__inner-wrap\">\t\t\t\t\t\t\t\t<div class='uagb-post__image'>\n\t\t\t\t\t\t\t\t\t<a href=\"https:\/\/www.familinparis.fr\/en\/dogs-and-cats-exhibition-cite-des-sciences\/\" target=\"_self\" rel=\"bookmark noopener noreferrer\" class='uagb-image-ratio-inherit'><img decoding=\"async\" width=\"270\" height=\"180\" src=\"https:\/\/www.familinparis.fr\/wp-content\/uploads\/2025\/01\/chiens-et-chats-expo-cite-des-sciences-la-villette-2025-2026-270x180.jpg\" class=\"attachment-post-thumbnail size-post-thumbnail\" alt=\"Exposition &quot;Chiens et chats&quot; \u00e0 La Cit\u00e9 des Sciences et de l&#039;industrie 2025-2026\" srcset=\"https:\/\/www.familinparis.fr\/wp-content\/uploads\/2025\/01\/chiens-et-chats-expo-cite-des-sciences-la-villette-2025-2026-270x180.jpg 270w, https:\/\/www.familinparis.fr\/wp-content\/uploads\/2025\/01\/chiens-et-chats-expo-cite-des-sciences-la-villette-2025-2026-300x200.jpg 300w, https:\/\/www.familinparis.fr\/wp-content\/uploads\/2025\/01\/chiens-et-chats-expo-cite-des-sciences-la-villette-2025-2026-768x512.jpg 768w, https:\/\/www.familinparis.fr\/wp-content\/uploads\/2025\/01\/chiens-et-chats-expo-cite-des-sciences-la-villette-2025-2026-730x486.jpg 730w, https:\/\/www.familinparis.fr\/wp-content\/uploads\/2025\/01\/chiens-et-chats-expo-cite-des-sciences-la-villette-2025-2026.jpg 800w\" sizes=\"(max-width: 270px) 100vw, 270px\" \/>\t\t\t\t\t<\/a>\n\t\t\t\t\t\t\t<\/div>\n\t\t\t\t\t\t<h4 class=\"uagb-post__title uagb-post__text\">\n\t\t\t\t<a href=\"https:\/\/www.familinparis.fr\/en\/dogs-and-cats-exhibition-cite-des-sciences\/\" target=\"_self\" rel=\"bookmark noopener noreferrer\">Dogs and cats, at the Cit\u00e9 des Sciences<\/a>\n\t\t\t<\/h4>\n\t\t\t\t\t\t<div class='uagb-post__text uagb-post-grid-byline'>\n\t\t\t\t\t\t\t<\/div>\n\t\t\t\t\t\t\t<div class='uagb-post__text uagb-post__excerpt'>\n\t\t\t\t\tfrom 18 February 2025 to 28 June 2026\t\t\t\t<\/div>\n\t\t\t\n\t\t\t\t\t\t\t\t\t<\/article>\n\t\t\t\t\t\t\t\t\t\t\t\t\t\t\t\t<article class=\"uagb-post__inner-wrap\">\t\t\t\t\t\t\t\t<div class='uagb-post__image'>\n\t\t\t\t\t\t\t\t\t<a href=\"https:\/\/www.familinparis.fr\/en\/the-cite-des-bebe-lab\/\" target=\"_self\" rel=\"bookmark noopener noreferrer\" class='uagb-image-ratio-inherit'><img decoding=\"async\" width=\"270\" height=\"180\" src=\"https:\/\/www.familinparis.fr\/wp-content\/uploads\/2022\/02\/la-cite-des-bebes-270x180.png\" class=\"attachment-post-thumbnail size-post-thumbnail\" alt=\"La cit\u00e9 des b\u00e9b\u00e9s\" \/>\t\t\t\t\t<\/a>\n\t\t\t\t\t\t\t<\/div>\n\t\t\t\t\t\t<h4 class=\"uagb-post__title uagb-post__text\">\n\t\t\t\t<a href=\"https:\/\/www.familinparis.fr\/en\/the-cite-des-bebe-lab\/\" target=\"_self\" rel=\"bookmark noopener noreferrer\">The Cit\u00e9 des B\u00e9b\u00e9 Lab<\/a>\n\t\t\t<\/h4>\n\t\t\t\t\t\t<div class='uagb-post__text uagb-post-grid-byline'>\n\t\t\t\t\t\t\t<\/div>\n\t\t\t\t\t\t\t<div class='uagb-post__text uagb-post__excerpt'>\n\t\t\t\t\tThe new and original space for babies \u2014 Free on reservation\t\t\t\t<\/div>\n\t\t\t\n\t\t\t\t\t\t\t\t\t<\/article>\n\t\t\t\t\t\t\t\t\t\t\t\t\t\t\t\t<article class=\"uagb-post__inner-wrap\">\t\t\t\t\t\t\t\t<div class='uagb-post__image'>\n\t\t\t\t\t\t\t\t\t<a href=\"https:\/\/www.familinparis.fr\/en\/ifly-paris-free-fall-wind-tunnel-simulator\/\" target=\"_self\" rel=\"bookmark noopener noreferrer\" class='uagb-image-ratio-inherit'><img decoding=\"async\" width=\"270\" height=\"180\" src=\"https:\/\/www.familinparis.fr\/wp-content\/uploads\/2024\/11\/ifly_paris-270x180.jpg\" class=\"attachment-post-thumbnail size-post-thumbnail\" alt=\"\" \/>\t\t\t\t\t<\/a>\n\t\t\t\t\t\t\t<\/div>\n\t\t\t\t\t\t<h4 class=\"uagb-post__title uagb-post__text\">\n\t\t\t\t<a href=\"https:\/\/www.familinparis.fr\/en\/ifly-paris-free-fall-wind-tunnel-simulator\/\" target=\"_self\" rel=\"bookmark noopener noreferrer\">iFly Paris: Free Fall Simulator in the Wind Tunnel<\/a>\n\t\t\t<\/h4>\n\t\t\t\t\t\t<div class='uagb-post__text uagb-post-grid-byline'>\n\t\t\t\t\t\t\t<\/div>\n\t\t\t\t\t\t\t<div class='uagb-post__text uagb-post__excerpt'>\n\t\t\t\t\t<p>I BOOK A JUMP Please note: this activity is not recommended for pregnant women \u00a2iFly-Paris-France.com&#8230;\t\t\t\t<\/div>\n\t\t\t\n\t\t\t\t\t\t\t\t\t<\/article>\n\t\t\t\t\t\t\t\t\t\t\t\t\t\t\t\t<article class=\"uagb-post__inner-wrap\">\t\t\t\t\t\t\t\t<div class='uagb-post__image'>\n\t\t\t\t\t\t\t\t\t<a href=\"https:\/\/www.familinparis.fr\/en\/batman-escape-game-the-joker\/\" target=\"_self\" rel=\"bookmark noopener noreferrer\" class='uagb-image-ratio-inherit'><img decoding=\"async\" width=\"270\" height=\"180\" src=\"https:\/\/www.familinparis.fr\/wp-content\/uploads\/2024\/07\/batman-escape-game-the-joker-2-270x180.jpg\" class=\"attachment-post-thumbnail size-post-thumbnail\" alt=\"\" \/>\t\t\t\t\t<\/a>\n\t\t\t\t\t\t\t<\/div>\n\t\t\t\t\t\t<h4 class=\"uagb-post__title uagb-post__text\">\n\t\t\t\t<a href=\"https:\/\/www.familinparis.fr\/en\/batman-escape-game-the-joker\/\" target=\"_self\" rel=\"bookmark noopener noreferrer\">Batman Escape Game \u2022 The Joker<\/a>\n\t\t\t<\/h4>\n\t\t\t\t\t\t<div class='uagb-post__text uagb-post-grid-byline'>\n\t\t\t\t\t\t\t<\/div>\n\t\t\t\t\t\t\t<div class='uagb-post__text uagb-post__excerpt'>\n\t\t\t\t\t<p>\u00a9Batman-Escape-Game We like : an Escape Game on 400m2 (which is very big!) with the&#8230;\t\t\t\t<\/div>\n\t\t\t\n\t\t\t\t\t\t\t\t\t<\/article>\n\t\t\t\t\t\t\t\t\t\t\t\t\t\t\t\t<article class=\"uagb-post__inner-wrap\">\t\t\t\t\t\t\t\t<div class='uagb-post__image'>\n\t\t\t\t\t\t\t\t\t<a href=\"https:\/\/www.familinparis.fr\/en\/batman-escape-game-the-batcave\/\" target=\"_self\" rel=\"bookmark noopener noreferrer\" class='uagb-image-ratio-inherit'><img decoding=\"async\" width=\"270\" height=\"180\" src=\"https:\/\/www.familinparis.fr\/wp-content\/uploads\/2024\/07\/batman-escape-game-the-batcave-a-la-villette-270x180.jpg\" class=\"attachment-post-thumbnail size-post-thumbnail\" alt=\"\" \/>\t\t\t\t\t<\/a>\n\t\t\t\t\t\t\t<\/div>\n\t\t\t\t\t\t<h4 class=\"uagb-post__title uagb-post__text\">\n\t\t\t\t<a href=\"https:\/\/www.familinparis.fr\/en\/batman-escape-game-the-batcave\/\" target=\"_self\" rel=\"bookmark noopener noreferrer\">Batman Escape Game \u2022 The Batcave<\/a>\n\t\t\t<\/h4>\n\t\t\t\t\t\t<div class='uagb-post__text uagb-post-grid-byline'>\n\t\t\t\t\t\t\t<\/div>\n\t\t\t\t\t\t\t<div class='uagb-post__text uagb-post__excerpt'>\n\t\t\t\t\t<p>\u00a9Batman-Escape-Game We like : two possible scenarios, so choose your side. On the side of&#8230;\t\t\t\t<\/div>\n\t\t\t\n\t\t\t\t\t\t\t\t\t<\/article>\n\t\t\t\t\t\t\t\t\t\t\t\t\t\t\t\t<article class=\"uagb-post__inner-wrap\">\t\t\t\t\t\t\t\t<div class='uagb-post__image'>\n\t\t\t\t\t\t\t\t\t<a href=\"https:\/\/www.familinparis.fr\/en\/batman-escape-game-the-riddler\/\" target=\"_self\" rel=\"bookmark noopener noreferrer\" class='uagb-image-ratio-inherit'><img decoding=\"async\" width=\"270\" height=\"180\" src=\"https:\/\/www.familinparis.fr\/wp-content\/uploads\/photos-partenaires\/batman-escape-game-the-riddler-villette-270x180.jpg\" class=\"attachment-post-thumbnail size-post-thumbnail\" alt=\"\" \/>\t\t\t\t\t<\/a>\n\t\t\t\t\t\t\t<\/div>\n\t\t\t\t\t\t<h4 class=\"uagb-post__title uagb-post__text\">\n\t\t\t\t<a href=\"https:\/\/www.familinparis.fr\/en\/batman-escape-game-the-riddler\/\" target=\"_self\" rel=\"bookmark noopener noreferrer\">Batman Escape Game \u2022 The Riddler<\/a>\n\t\t\t<\/h4>\n\t\t\t\t\t\t<div class='uagb-post__text uagb-post-grid-byline'>\n\t\t\t\t\t\t\t<\/div>\n\t\t\t\t\t\t\t<div class='uagb-post__text uagb-post__excerpt'>\n\t\t\t\t\t<p>\u00a9Batman-Escape-Game We like : an Escape Game on 400m2 (the largest in France) with the&#8230;\t\t\t\t<\/div>\n\t\t\t\n\t\t\t\t\t\t\t\t\t<\/article>\n\t\t\t\t\t\t\t\t\t\t\t\t\t\t\t\t<article class=\"uagb-post__inner-wrap\">\t\t\t\t\t\t\t\t<div class='uagb-post__image'>\n\t\t\t\t\t\t\t\t\t<a href=\"https:\/\/www.familinparis.fr\/en\/the-best-playgrounds-in-paris\/\" target=\"_self\" rel=\"bookmark noopener noreferrer\" class='uagb-image-ratio-inherit'><img decoding=\"async\" width=\"270\" height=\"180\" src=\"https:\/\/www.familinparis.fr\/wp-content\/uploads\/parc-et-jardin\/jeux-sh_44165362-270x180.jpg\" class=\"attachment-post-thumbnail size-post-thumbnail\" alt=\"\" srcset=\"https:\/\/www.familinparis.fr\/wp-content\/uploads\/parc-et-jardin\/jeux-sh_44165362-270x180.jpg 270w, https:\/\/www.familinparis.fr\/wp-content\/uploads\/parc-et-jardin\/jeux-sh_44165362-600x400.jpg 600w\" sizes=\"(max-width: 270px) 100vw, 270px\" \/>\t\t\t\t\t<\/a>\n\t\t\t\t\t\t\t<\/div>\n\t\t\t\t\t\t<h4 class=\"uagb-post__title uagb-post__text\">\n\t\t\t\t<a href=\"https:\/\/www.familinparis.fr\/en\/the-best-playgrounds-in-paris\/\" target=\"_self\" rel=\"bookmark noopener noreferrer\">The best playgrounds in Paris<\/a>\n\t\t\t<\/h4>\n\t\t\t\t\t\t<div class='uagb-post__text uagb-post-grid-byline'>\n\t\t\t\t\t\t\t<\/div>\n\t\t\t\t\t\t\t<div class='uagb-post__text uagb-post__excerpt'>\n\t\t\t\t\tThe best playgrounds for children in Paris\t\t\t\t<\/div>\n\t\t\t\n\t\t\t\t\t\t\t\t\t<\/article>\n\t\t\t\t\t\t\t\t\t\t\t\t\t\t\t\t<article class=\"uagb-post__inner-wrap\">\t\t\t\t\t\t\t\t<div class='uagb-post__image'>\n\t\t\t\t\t\t\t\t\t<a href=\"https:\/\/www.familinparis.fr\/en\/dance\/\" target=\"_self\" rel=\"bookmark noopener noreferrer\" class='uagb-image-ratio-inherit'><img decoding=\"async\" width=\"270\" height=\"180\" src=\"https:\/\/www.familinparis.fr\/wp-content\/uploads\/2024\/06\/Danser-expo-2024-la-villette-270x180.jpg\" class=\"attachment-post-thumbnail size-post-thumbnail\" alt=\"\" \/>\t\t\t\t\t<\/a>\n\t\t\t\t\t\t\t<\/div>\n\t\t\t\t\t\t<h4 class=\"uagb-post__title uagb-post__text\">\n\t\t\t\t<a href=\"https:\/\/www.familinparis.fr\/en\/dance\/\" target=\"_self\" rel=\"bookmark noopener noreferrer\">Dance<\/a>\n\t\t\t<\/h4>\n\t\t\t\t\t\t<div class='uagb-post__text uagb-post-grid-byline'>\n\t\t\t\t\t\t\t<\/div>\n\t\t\t\t\t\t\t<div class='uagb-post__text uagb-post__excerpt'>\n\t\t\t\t\tFrom 2 July 2024 to 28 June 2026\t\t\t\t<\/div>\n\t\t\t\n\t\t\t\t\t\t\t\t\t<\/article>\n\t\t\t\t\t\t\t\t\t\t\t\t\t\t\t\t<article class=\"uagb-post__inner-wrap\">\t\t\t\t\t\t\t\t<div class='uagb-post__image'>\n\t\t\t\t\t\t\t\t\t<a href=\"https:\/\/www.familinparis.fr\/en\/street-art-in-belleville-guided-tour\/\" target=\"_self\" rel=\"bookmark noopener noreferrer\" class='uagb-image-ratio-inherit'><img decoding=\"async\" width=\"270\" height=\"180\" src=\"https:\/\/www.familinparis.fr\/wp-content\/uploads\/photos-familinparis-2021\/street-art\/artiste-street-art-belleville-270x180.jpg\" class=\"attachment-post-thumbnail size-post-thumbnail\" alt=\"\" srcset=\"https:\/\/www.familinparis.fr\/wp-content\/uploads\/photos-familinparis-2021\/street-art\/artiste-street-art-belleville-270x180.jpg 270w, https:\/\/www.familinparis.fr\/wp-content\/uploads\/photos-familinparis-2021\/street-art\/artiste-street-art-belleville-16x12.jpg 16w\" sizes=\"(max-width: 270px) 100vw, 270px\" \/>\t\t\t\t\t<\/a>\n\t\t\t\t\t\t\t<\/div>\n\t\t\t\t\t\t<h4 class=\"uagb-post__title uagb-post__text\">\n\t\t\t\t<a href=\"https:\/\/www.familinparis.fr\/en\/street-art-in-belleville-guided-tour\/\" target=\"_self\" rel=\"bookmark noopener noreferrer\">Street Art in Belleville (guided tour)<\/a>\n\t\t\t<\/h4>\n\t\t\t\t\t\t<div class='uagb-post__text uagb-post-grid-byline'>\n\t\t\t\t\t\t\t<\/div>\n\t\t\t\t\t\t\t<div class='uagb-post__text uagb-post__excerpt'>\n\t\t\t\t\t<p>-10% with the code FAMILINPROMO RESERVE It is a very popular area located in the&#8230;\t\t\t\t<\/div>\n\t\t\t\n\t\t\t\t\t\t\t\t\t<\/article>\n\t\t\t\t\t\t\t\t\t\t\t\t\t\t\t\t<article class=\"uagb-post__inner-wrap\">\t\t\t\t\t\t\t\t<div class='uagb-post__image'>\n\t\t\t\t\t\t\t\t\t<a href=\"https:\/\/www.familinparis.fr\/en\/space-mission\/\" target=\"_self\" rel=\"bookmark noopener noreferrer\" class='uagb-image-ratio-inherit'><img decoding=\"async\" width=\"270\" height=\"180\" src=\"https:\/\/www.familinparis.fr\/wp-content\/uploads\/2023\/11\/mission-spatiale-cite-des-sciences-expo2023.jpeg-1-270x180.jpg\" class=\"attachment-post-thumbnail size-post-thumbnail\" alt=\"\" \/>\t\t\t\t\t<\/a>\n\t\t\t\t\t\t\t<\/div>\n\t\t\t\t\t\t<h4 class=\"uagb-post__title uagb-post__text\">\n\t\t\t\t<a href=\"https:\/\/www.familinparis.fr\/en\/space-mission\/\" target=\"_self\" rel=\"bookmark noopener noreferrer\">Space Mission<\/a>\n\t\t\t<\/h4>\n\t\t\t\t\t\t<div class='uagb-post__text uagb-post-grid-byline'>\n\t\t\t\t\t\t\t<\/div>\n\t\t\t\t\t\t\t<div class='uagb-post__text uagb-post__excerpt'>\n\t\t\t\t\tUntil December 31, 2025\t\t\t\t<\/div>\n\t\t\t\n\t\t\t\t\t\t\t\t\t<\/article>\n\t\t\t\t\t\t\t\t\t\t\t<\/div>\n\t\t\t\n<div style=\"height:70px\" aria-hidden=\"true\" class=\"wp-block-spacer\"><\/div>\n\n<div class=\"wp-block-buttons is-horizontal is-content-justification-center is-layout-flex wp-container-core-buttons-is-layout-499968f5 wp-block-buttons-is-layout-flex\">\n<div class=\"wp-block-button\"><a class=\"wp-block-button__link has-white-color has-text-color has-background\" href=\"https:\/\/www.familinparis.fr\/en\/what-to-do-in-paris-this-weekend\/\" style=\"border-radius:1px;background-color:#73c6b6\">IDEAS FOR THE WEEKEND<\/a><\/div>\n\n\n\n<div class=\"wp-block-button\"><a class=\"wp-block-button__link has-white-color has-text-color has-background\" href=\"https:\/\/www.familinparis.fr\/en\/3-days-to-visit-paris\/\" style=\"border-radius:1px;background-color:#73c6b6\">PARIS IN 3 DAYS<\/a><\/div>\n<\/div>\n\n<div style=\"height:70px\" aria-hidden=\"true\" class=\"wp-block-spacer\"><\/div>\n","protected":false},"excerpt":{"rendered":"<p>A unique place to spend quality time with children<\/p>\n","protected":false},"author":5,"featured_media":131462,"comment_status":"open","ping_status":"open","sticky":false,"template":"","format":"standard","meta":{"_uag_custom_page_level_css":"","footnotes":""},"categories":[1365,1349],"tags":[1272,1369],"class_list":{"0":"post-136349","1":"post","2":"type-post","3":"status-publish","4":"format-standard","5":"has-post-thumbnail","7":"category-kids-friendly-cafe","8":"category-restaurant-en","9":"tag-for-babies","10":"tag-the-villette-district-and-canal-saint-martin"},"yoast_head":"<!-- This site is optimized with the Yoast SEO plugin v27.2 - https:\/\/yoast.com\/product\/yoast-seo-wordpress\/ -->\n<title>The Caf\u00e9zo\u00efde, a unique place to spend quality time with children<\/title>\n<meta name=\"description\" content=\"The Caf\u00e9zo\u00efde, a friendly place to spend good time with children. Unique concept in Paris (19th) - Super kid friendly.\" \/>\n<meta name=\"robots\" content=\"index, follow, max-snippet:-1, max-image-preview:large, max-video-preview:-1\" \/>\n<link rel=\"canonical\" href=\"https:\/\/www.familinparis.fr\/en\/the-cafezoid\/\" \/>\n<meta property=\"og:locale\" content=\"en_US\" \/>\n<meta property=\"og:type\" content=\"article\" \/>\n<meta property=\"og:title\" content=\"The Caf\u00e9zo\u00efde, a unique place to spend quality time with children\" \/>\n<meta property=\"og:description\" content=\"The Caf\u00e9zo\u00efde, a friendly place to spend good time with children. Unique concept in Paris (19th) - Super kid friendly.\" \/>\n<meta property=\"og:url\" content=\"https:\/\/www.familinparis.fr\/en\/the-cafezoid\/\" \/>\n<meta property=\"og:site_name\" content=\"Familin&#039;Paris\" \/>\n<meta property=\"article:published_time\" content=\"2021-02-18T11:41:00+00:00\" \/>\n<meta property=\"article:modified_time\" content=\"2024-11-16T15:26:46+00:00\" \/>\n<meta property=\"og:image\" content=\"https:\/\/www.familinparis.fr\/wp-content\/uploads\/Mois-saisons\/Paris-pluie-sh_128770649.jpg\" \/>\n\t<meta property=\"og:image:width\" content=\"1000\" \/>\n\t<meta property=\"og:image:height\" content=\"670\" \/>\n\t<meta property=\"og:image:type\" content=\"image\/jpeg\" \/>\n<meta name=\"author\" content=\"olivia\" \/>\n<meta name=\"twitter:card\" content=\"summary_large_image\" \/>\n<meta name=\"twitter:label1\" content=\"Written by\" \/>\n\t<meta name=\"twitter:data1\" content=\"olivia\" \/>\n\t<meta name=\"twitter:label2\" content=\"Est. reading time\" \/>\n\t<meta name=\"twitter:data2\" content=\"1 minute\" \/>\n<script type=\"application\/ld+json\" class=\"yoast-schema-graph\">{\"@context\":\"https:\/\/schema.org\",\"@graph\":[{\"@type\":\"Article\",\"@id\":\"https:\/\/www.familinparis.fr\/en\/the-cafezoid\/#article\",\"isPartOf\":{\"@id\":\"https:\/\/www.familinparis.fr\/en\/the-cafezoid\/\"},\"author\":{\"name\":\"olivia\",\"@id\":\"https:\/\/www.familinparis.fr\/en\/#\/schema\/person\/a87467bb417cd0c77d0a7bb5d1d78ac5\"},\"headline\":\"The Cafezoid\",\"datePublished\":\"2021-02-18T11:41:00+00:00\",\"dateModified\":\"2024-11-16T15:26:46+00:00\",\"mainEntityOfPage\":{\"@id\":\"https:\/\/www.familinparis.fr\/en\/the-cafezoid\/\"},\"wordCount\":213,\"commentCount\":0,\"image\":{\"@id\":\"https:\/\/www.familinparis.fr\/en\/the-cafezoid\/#primaryimage\"},\"thumbnailUrl\":\"https:\/\/www.familinparis.fr\/wp-content\/uploads\/Mois-saisons\/Paris-pluie-sh_128770649.jpg\",\"keywords\":[\"For babies\",\"The Villette district (and Canal-Saint-Martin)\"],\"articleSection\":[\"Kids-Friendly Caf\u00e9\",\"Restaurant\"],\"inLanguage\":\"en-US\",\"potentialAction\":[{\"@type\":\"CommentAction\",\"name\":\"Comment\",\"target\":[\"https:\/\/www.familinparis.fr\/en\/the-cafezoid\/#respond\"]}]},{\"@type\":\"WebPage\",\"@id\":\"https:\/\/www.familinparis.fr\/en\/the-cafezoid\/\",\"url\":\"https:\/\/www.familinparis.fr\/en\/the-cafezoid\/\",\"name\":\"The Caf\u00e9zo\u00efde, a unique place to spend quality time with children\",\"isPartOf\":{\"@id\":\"https:\/\/www.familinparis.fr\/en\/#website\"},\"primaryImageOfPage\":{\"@id\":\"https:\/\/www.familinparis.fr\/en\/the-cafezoid\/#primaryimage\"},\"image\":{\"@id\":\"https:\/\/www.familinparis.fr\/en\/the-cafezoid\/#primaryimage\"},\"thumbnailUrl\":\"https:\/\/www.familinparis.fr\/wp-content\/uploads\/Mois-saisons\/Paris-pluie-sh_128770649.jpg\",\"datePublished\":\"2021-02-18T11:41:00+00:00\",\"dateModified\":\"2024-11-16T15:26:46+00:00\",\"author\":{\"@id\":\"https:\/\/www.familinparis.fr\/en\/#\/schema\/person\/a87467bb417cd0c77d0a7bb5d1d78ac5\"},\"description\":\"The Caf\u00e9zo\u00efde, a friendly place to spend good time with children. Unique concept in Paris (19th) - Super kid friendly.\",\"breadcrumb\":{\"@id\":\"https:\/\/www.familinparis.fr\/en\/the-cafezoid\/#breadcrumb\"},\"inLanguage\":\"en-US\",\"potentialAction\":[{\"@type\":\"ReadAction\",\"target\":[\"https:\/\/www.familinparis.fr\/en\/the-cafezoid\/\"]}]},{\"@type\":\"ImageObject\",\"inLanguage\":\"en-US\",\"@id\":\"https:\/\/www.familinparis.fr\/en\/the-cafezoid\/#primaryimage\",\"url\":\"https:\/\/www.familinparis.fr\/wp-content\/uploads\/Mois-saisons\/Paris-pluie-sh_128770649.jpg\",\"contentUrl\":\"https:\/\/www.familinparis.fr\/wp-content\/uploads\/Mois-saisons\/Paris-pluie-sh_128770649.jpg\",\"width\":1000,\"height\":670},{\"@type\":\"BreadcrumbList\",\"@id\":\"https:\/\/www.familinparis.fr\/en\/the-cafezoid\/#breadcrumb\",\"itemListElement\":[{\"@type\":\"ListItem\",\"position\":1,\"name\":\"Home\",\"item\":\"https:\/\/www.familinparis.fr\/en\/\"},{\"@type\":\"ListItem\",\"position\":2,\"name\":\"Exposition\",\"item\":\"https:\/\/www.familinparis.fr\/en\/categorie\/exposition-en\/\"},{\"@type\":\"ListItem\",\"position\":3,\"name\":\"The Cafezoid\"}]},{\"@type\":\"WebSite\",\"@id\":\"https:\/\/www.familinparis.fr\/en\/#website\",\"url\":\"https:\/\/www.familinparis.fr\/en\/\",\"name\":\"Familin&#039;Paris\",\"description\":\"Visiter le meilleur de Paris avec des enfants : sorties, spectacles, adresses de restaurants, shopping, bons plans...\",\"potentialAction\":[{\"@type\":\"SearchAction\",\"target\":{\"@type\":\"EntryPoint\",\"urlTemplate\":\"https:\/\/www.familinparis.fr\/en\/?s={search_term_string}\"},\"query-input\":{\"@type\":\"PropertyValueSpecification\",\"valueRequired\":true,\"valueName\":\"search_term_string\"}}],\"inLanguage\":\"en-US\"},{\"@type\":\"Person\",\"@id\":\"https:\/\/www.familinparis.fr\/en\/#\/schema\/person\/a87467bb417cd0c77d0a7bb5d1d78ac5\",\"name\":\"olivia\",\"image\":{\"@type\":\"ImageObject\",\"inLanguage\":\"en-US\",\"@id\":\"https:\/\/secure.gravatar.com\/avatar\/cbca07f1dfea20f457a666a1b84ed5cf1364773d1378c6f10fd36c354eef1ef8?s=96&d=identicon&r=g\",\"url\":\"https:\/\/secure.gravatar.com\/avatar\/cbca07f1dfea20f457a666a1b84ed5cf1364773d1378c6f10fd36c354eef1ef8?s=96&d=identicon&r=g\",\"contentUrl\":\"https:\/\/secure.gravatar.com\/avatar\/cbca07f1dfea20f457a666a1b84ed5cf1364773d1378c6f10fd36c354eef1ef8?s=96&d=identicon&r=g\",\"caption\":\"olivia\"}}]}<\/script>\n<!-- \/ Yoast SEO plugin. -->","yoast_head_json":{"title":"The Caf\u00e9zo\u00efde, a unique place to spend quality time with children","description":"The Caf\u00e9zo\u00efde, a friendly place to spend good time with children. Unique concept in Paris (19th) - Super kid friendly.","robots":{"index":"index","follow":"follow","max-snippet":"max-snippet:-1","max-image-preview":"max-image-preview:large","max-video-preview":"max-video-preview:-1"},"canonical":"https:\/\/www.familinparis.fr\/en\/the-cafezoid\/","og_locale":"en_US","og_type":"article","og_title":"The Caf\u00e9zo\u00efde, a unique place to spend quality time with children","og_description":"The Caf\u00e9zo\u00efde, a friendly place to spend good time with children. Unique concept in Paris (19th) - Super kid friendly.","og_url":"https:\/\/www.familinparis.fr\/en\/the-cafezoid\/","og_site_name":"Familin&#039;Paris","article_published_time":"2021-02-18T11:41:00+00:00","article_modified_time":"2024-11-16T15:26:46+00:00","og_image":[{"width":1000,"height":670,"url":"https:\/\/www.familinparis.fr\/wp-content\/uploads\/Mois-saisons\/Paris-pluie-sh_128770649.jpg","type":"image\/jpeg"}],"author":"olivia","twitter_card":"summary_large_image","twitter_misc":{"Written by":"olivia","Est. reading time":"1 minute"},"schema":{"@context":"https:\/\/schema.org","@graph":[{"@type":"Article","@id":"https:\/\/www.familinparis.fr\/en\/the-cafezoid\/#article","isPartOf":{"@id":"https:\/\/www.familinparis.fr\/en\/the-cafezoid\/"},"author":{"name":"olivia","@id":"https:\/\/www.familinparis.fr\/en\/#\/schema\/person\/a87467bb417cd0c77d0a7bb5d1d78ac5"},"headline":"The Cafezoid","datePublished":"2021-02-18T11:41:00+00:00","dateModified":"2024-11-16T15:26:46+00:00","mainEntityOfPage":{"@id":"https:\/\/www.familinparis.fr\/en\/the-cafezoid\/"},"wordCount":213,"commentCount":0,"image":{"@id":"https:\/\/www.familinparis.fr\/en\/the-cafezoid\/#primaryimage"},"thumbnailUrl":"https:\/\/www.familinparis.fr\/wp-content\/uploads\/Mois-saisons\/Paris-pluie-sh_128770649.jpg","keywords":["For babies","The Villette district (and Canal-Saint-Martin)"],"articleSection":["Kids-Friendly Caf\u00e9","Restaurant"],"inLanguage":"en-US","potentialAction":[{"@type":"CommentAction","name":"Comment","target":["https:\/\/www.familinparis.fr\/en\/the-cafezoid\/#respond"]}]},{"@type":"WebPage","@id":"https:\/\/www.familinparis.fr\/en\/the-cafezoid\/","url":"https:\/\/www.familinparis.fr\/en\/the-cafezoid\/","name":"The Caf\u00e9zo\u00efde, a unique place to spend quality time with children","isPartOf":{"@id":"https:\/\/www.familinparis.fr\/en\/#website"},"primaryImageOfPage":{"@id":"https:\/\/www.familinparis.fr\/en\/the-cafezoid\/#primaryimage"},"image":{"@id":"https:\/\/www.familinparis.fr\/en\/the-cafezoid\/#primaryimage"},"thumbnailUrl":"https:\/\/www.familinparis.fr\/wp-content\/uploads\/Mois-saisons\/Paris-pluie-sh_128770649.jpg","datePublished":"2021-02-18T11:41:00+00:00","dateModified":"2024-11-16T15:26:46+00:00","author":{"@id":"https:\/\/www.familinparis.fr\/en\/#\/schema\/person\/a87467bb417cd0c77d0a7bb5d1d78ac5"},"description":"The Caf\u00e9zo\u00efde, a friendly place to spend good time with children. Unique concept in Paris (19th) - Super kid friendly.","breadcrumb":{"@id":"https:\/\/www.familinparis.fr\/en\/the-cafezoid\/#breadcrumb"},"inLanguage":"en-US","potentialAction":[{"@type":"ReadAction","target":["https:\/\/www.familinparis.fr\/en\/the-cafezoid\/"]}]},{"@type":"ImageObject","inLanguage":"en-US","@id":"https:\/\/www.familinparis.fr\/en\/the-cafezoid\/#primaryimage","url":"https:\/\/www.familinparis.fr\/wp-content\/uploads\/Mois-saisons\/Paris-pluie-sh_128770649.jpg","contentUrl":"https:\/\/www.familinparis.fr\/wp-content\/uploads\/Mois-saisons\/Paris-pluie-sh_128770649.jpg","width":1000,"height":670},{"@type":"BreadcrumbList","@id":"https:\/\/www.familinparis.fr\/en\/the-cafezoid\/#breadcrumb","itemListElement":[{"@type":"ListItem","position":1,"name":"Home","item":"https:\/\/www.familinparis.fr\/en\/"},{"@type":"ListItem","position":2,"name":"Exposition","item":"https:\/\/www.familinparis.fr\/en\/categorie\/exposition-en\/"},{"@type":"ListItem","position":3,"name":"The Cafezoid"}]},{"@type":"WebSite","@id":"https:\/\/www.familinparis.fr\/en\/#website","url":"https:\/\/www.familinparis.fr\/en\/","name":"Familin&#039;Paris","description":"Visiter le meilleur de Paris avec des enfants : sorties, spectacles, adresses de restaurants, shopping, bons plans...","potentialAction":[{"@type":"SearchAction","target":{"@type":"EntryPoint","urlTemplate":"https:\/\/www.familinparis.fr\/en\/?s={search_term_string}"},"query-input":{"@type":"PropertyValueSpecification","valueRequired":true,"valueName":"search_term_string"}}],"inLanguage":"en-US"},{"@type":"Person","@id":"https:\/\/www.familinparis.fr\/en\/#\/schema\/person\/a87467bb417cd0c77d0a7bb5d1d78ac5","name":"olivia","image":{"@type":"ImageObject","inLanguage":"en-US","@id":"https:\/\/secure.gravatar.com\/avatar\/cbca07f1dfea20f457a666a1b84ed5cf1364773d1378c6f10fd36c354eef1ef8?s=96&d=identicon&r=g","url":"https:\/\/secure.gravatar.com\/avatar\/cbca07f1dfea20f457a666a1b84ed5cf1364773d1378c6f10fd36c354eef1ef8?s=96&d=identicon&r=g","contentUrl":"https:\/\/secure.gravatar.com\/avatar\/cbca07f1dfea20f457a666a1b84ed5cf1364773d1378c6f10fd36c354eef1ef8?s=96&d=identicon&r=g","caption":"olivia"}}]}},"uagb_featured_image_src":{"full":["https:\/\/www.familinparis.fr\/wp-content\/uploads\/Mois-saisons\/Paris-pluie-sh_128770649.jpg",1000,670,false],"thumbnail":["https:\/\/www.familinparis.fr\/wp-content\/uploads\/Mois-saisons\/Paris-pluie-sh_128770649-150x150.jpg",150,150,true],"medium":["https:\/\/www.familinparis.fr\/wp-content\/uploads\/Mois-saisons\/Paris-pluie-sh_128770649-300x201.jpg",300,201,true],"medium_large":["https:\/\/www.familinparis.fr\/wp-content\/uploads\/Mois-saisons\/Paris-pluie-sh_128770649-768x515.jpg",768,515,true],"large":["https:\/\/www.familinparis.fr\/wp-content\/uploads\/Mois-saisons\/Paris-pluie-sh_128770649.jpg",770,516,false],"1536x1536":["https:\/\/www.familinparis.fr\/wp-content\/uploads\/Mois-saisons\/Paris-pluie-sh_128770649.jpg",1000,670,false],"2048x2048":["https:\/\/www.familinparis.fr\/wp-content\/uploads\/Mois-saisons\/Paris-pluie-sh_128770649.jpg",1000,670,false],"home-thumb":["https:\/\/www.familinparis.fr\/wp-content\/uploads\/Mois-saisons\/Paris-pluie-sh_128770649-730x489.jpg",730,489,true],"home-slider":["https:\/\/www.familinparis.fr\/wp-content\/uploads\/Mois-saisons\/Paris-pluie-sh_128770649-800x600.jpg",800,600,true],"lightbox-slider-size":["https:\/\/www.familinparis.fr\/wp-content\/uploads\/Mois-saisons\/Paris-pluie-sh_128770649-564x282.jpg",564,282,true],"post-thumbnail":["https:\/\/www.familinparis.fr\/wp-content\/uploads\/Mois-saisons\/Paris-pluie-sh_128770649-270x180.jpg",270,180,true],"cheerup-main":["https:\/\/www.familinparis.fr\/wp-content\/uploads\/Mois-saisons\/Paris-pluie-sh_128770649-770x400.jpg",770,400,true],"cheerup-main-full":["https:\/\/www.familinparis.fr\/wp-content\/uploads\/Mois-saisons\/Paris-pluie-sh_128770649-1000x508.jpg",1000,508,true],"cheerup-slider-alt":["https:\/\/www.familinparis.fr\/wp-content\/uploads\/Mois-saisons\/Paris-pluie-sh_128770649-1000x508.jpg",1000,508,true],"cheerup-slider-trendy":["https:\/\/www.familinparis.fr\/wp-content\/uploads\/Mois-saisons\/Paris-pluie-sh_128770649-960x508.jpg",960,508,true],"cheerup-slider-stylish":["https:\/\/www.familinparis.fr\/wp-content\/uploads\/Mois-saisons\/Paris-pluie-sh_128770649-900x515.jpg",900,515,true],"cheerup-slider-grid":["https:\/\/www.familinparis.fr\/wp-content\/uploads\/Mois-saisons\/Paris-pluie-sh_128770649-870x600.jpg",870,600,true],"cheerup-slider-grid-sm":["https:\/\/www.familinparis.fr\/wp-content\/uploads\/Mois-saisons\/Paris-pluie-sh_128770649-300x300.jpg",300,300,true],"cheerup-slider-carousel":["https:\/\/www.familinparis.fr\/wp-content\/uploads\/Mois-saisons\/Paris-pluie-sh_128770649-370x370.jpg",370,370,true],"cheerup-slider-grid-b":["https:\/\/www.familinparis.fr\/wp-content\/uploads\/Mois-saisons\/Paris-pluie-sh_128770649-554x466.jpg",554,466,true],"cheerup-slider-grid-b-sm":["https:\/\/www.familinparis.fr\/wp-content\/uploads\/Mois-saisons\/Paris-pluie-sh_128770649-306x466.jpg",306,466,true],"cheerup-slider-bold-sm":["https:\/\/www.familinparis.fr\/wp-content\/uploads\/Mois-saisons\/Paris-pluie-sh_128770649-150x150.jpg",150,150,true],"cheerup-grid":["https:\/\/www.familinparis.fr\/wp-content\/uploads\/Mois-saisons\/Paris-pluie-sh_128770649-370x285.jpg",370,285,true],"cheerup-carousel":["https:\/\/www.familinparis.fr\/wp-content\/uploads\/Mois-saisons\/Paris-pluie-sh_128770649-270x180.jpg",270,180,true],"cheerup-carousel-b":["https:\/\/www.familinparis.fr\/wp-content\/uploads\/Mois-saisons\/Paris-pluie-sh_128770649-370x285.jpg",370,285,true],"cheerup-list":["https:\/\/www.familinparis.fr\/wp-content\/uploads\/Mois-saisons\/Paris-pluie-sh_128770649-260x200.jpg",260,200,true],"cheerup-list-b":["https:\/\/www.familinparis.fr\/wp-content\/uploads\/Mois-saisons\/Paris-pluie-sh_128770649-370x305.jpg",370,305,true],"cheerup-thumb":["https:\/\/www.familinparis.fr\/wp-content\/uploads\/Mois-saisons\/Paris-pluie-sh_128770649-87x67.jpg",87,67,true],"cheerup-thumb-alt":["https:\/\/www.familinparis.fr\/wp-content\/uploads\/Mois-saisons\/Paris-pluie-sh_128770649-150x150.jpg",150,150,true]},"uagb_author_info":{"display_name":"olivia","author_link":"https:\/\/www.familinparis.fr\/en\/author\/olivia\/"},"uagb_comment_info":0,"uagb_excerpt":"A unique place to spend quality time with children","_links":{"self":[{"href":"https:\/\/www.familinparis.fr\/en\/wp-json\/wp\/v2\/posts\/136349","targetHints":{"allow":["GET"]}}],"collection":[{"href":"https:\/\/www.familinparis.fr\/en\/wp-json\/wp\/v2\/posts"}],"about":[{"href":"https:\/\/www.familinparis.fr\/en\/wp-json\/wp\/v2\/types\/post"}],"author":[{"embeddable":true,"href":"https:\/\/www.familinparis.fr\/en\/wp-json\/wp\/v2\/users\/5"}],"replies":[{"embeddable":true,"href":"https:\/\/www.familinparis.fr\/en\/wp-json\/wp\/v2\/comments?post=136349"}],"version-history":[{"count":0,"href":"https:\/\/www.familinparis.fr\/en\/wp-json\/wp\/v2\/posts\/136349\/revisions"}],"wp:featuredmedia":[{"embeddable":true,"href":"https:\/\/www.familinparis.fr\/en\/wp-json\/wp\/v2\/media\/131462"}],"wp:attachment":[{"href":"https:\/\/www.familinparis.fr\/en\/wp-json\/wp\/v2\/media?parent=136349"}],"wp:term":[{"taxonomy":"category","embeddable":true,"href":"https:\/\/www.familinparis.fr\/en\/wp-json\/wp\/v2\/categories?post=136349"},{"taxonomy":"post_tag","embeddable":true,"href":"https:\/\/www.familinparis.fr\/en\/wp-json\/wp\/v2\/tags?post=136349"}],"curies":[{"name":"wp","href":"https:\/\/api.w.org\/{rel}","templated":true}]}}