{"id":136301,"date":"2021-02-13T00:55:00","date_gmt":"2021-02-12T22:55:00","guid":{"rendered":"https:\/\/www.familinparis.fr\/the-14th-of-july-balls-in-paris\/"},"modified":"2026-01-22T12:27:40","modified_gmt":"2026-01-22T10:27:40","slug":"the-14th-of-july-balls-in-paris","status":"publish","type":"post","link":"https:\/\/www.familinparis.fr\/en\/the-14th-of-july-balls-in-paris\/","title":{"rendered":"The 14th of July Balls in Paris"},"content":{"rendered":"<div class=\"lazyblock-baseline-WdRDr wp-block-lazyblock-baseline\"><div class=\"baseline\">No 14th of July without the traditional firemen&#8217;s balls!<\/div><\/div>\n<div style=\"height:30px\" aria-hidden=\"true\" class=\"wp-block-spacer\"><\/div>\n\n<div class=\"wp-block-columns is-layout-flex wp-container-core-columns-is-layout-9d6595d7 wp-block-columns-is-layout-flex\">\n<div class=\"wp-block-column is-layout-flow wp-block-column-is-layout-flow\">\n<section class=\"wp-block-uagb-section uagb-section__wrap uagb-section__background-none uagb-block-e9c7060b\"><div class=\"uagb-section__overlay\"><\/div><div class=\"uagb-section__inner-wrap\">\n<h2 class=\"wp-block-heading has-x-large-font-size\">Le bal du 14 juillet<\/h2>\n\n\n\n<p><strong>Les bals du <a href=\"\/ouvert-le-14-juillet\/\">14 juillet \u00e0 Paris<\/a><\/strong>, comme dans toute la France, c&#8217;est <strong>une tradition ind\u00e9modable<\/strong>, pour le plus grand bonheur de tous. Ces bals ont lieu soit le 13 juillet, soit le 14 juillet.<\/p>\n\n\n\n<p>Les bals du 14 juillet\u00a0 ( et aussi du 13 juillet !) sont nombreux.\u00a0 Il y a les bals des pompiers et les bals populaires. Chaque arrondissement parisien organise son bal. Si certains sont <a href=\"\/sortie-gratuite\/\">gratuits<\/a>, les bals de pompiers sont en g\u00e9n\u00e9ral payants ou sinon des tonneaux sont install\u00e9s pour recevoir vos dons. De toute fa\u00e7on, il s&#8217;agit d&#8217;<a href=\"\/bons-plans\/\">une sortie \u00e0 petit prix<\/a>.<\/p>\n<\/div><\/section>\n\n\n\n<div style=\"height:20px\" aria-hidden=\"true\" class=\"wp-block-spacer\"><\/div>\n\n\n\n<section class=\"wp-block-uagb-section uagb-section__wrap uagb-section__background-none uagb-block-4a26869e\"><div class=\"uagb-section__overlay\"><\/div><div class=\"uagb-section__inner-wrap\">\n<h2 class=\"wp-block-heading has-x-large-font-size\">Le bal des pompiers : la nuit du 13 juillet, \u00e0 partir de 21h<\/h2>\n\n\n\n<ul class=\"wp-block-list\">\n<li>1st: Rousseau (21, rue du Jour)<\/li>\n\n\n\n<li>4th: S\u00e9vign\u00e9 (07-09, rue de S\u00e9vign\u00e9)<\/li>\n\n\n\n<li>6th: La Monnaie (11, quai de Conti)<\/li>\n\n\n\n<li>6th: Colombier (11, rue du Vieux Colombier)<\/li>\n\n\n\n<li>9th: Blanche (28, rue Blanche)<\/li>\n\n\n\n<li>12th: Chaligny (26 rue Chaligny)<\/li>\n\n\n\n<li>13th: Port-Royal (53-55 Port-Royal Boulevard)<\/li>\n\n\n\n<li>13th: Massena (37, boulevard Mass\u00e9na)<\/li>\n\n\n\n<li>15th: Grenelle (6, Place Violet)<\/li>\n\n\n\n<li>17th: Boursault (27, rue Boursault)<\/li>\n\n\n\n<li>18th: Montmartre (12, rue Carpeaux)<\/li>\n\n\n\n<li>19th: Bitche (2, place de Bitche)<\/li>\n\n\n\n<li>20th: Menilmontant (47, rue Saint-Fargeau)<\/li>\n<\/ul>\n<\/div><\/section>\n<\/div>\n\n\n\n<div class=\"wp-block-column is-layout-flow wp-block-column-is-layout-flow\">\n<section class=\"wp-block-uagb-section uagb-section__wrap uagb-section__background-none uagb-block-8f894408\"><div class=\"uagb-section__overlay\"><\/div><div class=\"uagb-section__inner-wrap\">\n<h2 class=\"wp-block-heading has-text-align-center has-x-large-font-size\">Les autres festivit\u00e9s du 14 juillet<\/h2>\n\n\n\n<ol class=\"wp-block-list\">\n<li><strong>LE D\u00c9FIL\u00c9 MILITAIRE DU 14 JUILLET<\/strong> &#8211; Le d\u00e9fil\u00e9 du 14-Juillet sur les Champs-\u00c9lys\u00e9es, cette ann\u00e9e, aura pour but de &#8220;d\u00e9montrer la cr\u00e9dibilit\u00e9&#8221; de\u00a0l&#8217;arm\u00e9e fran\u00e7aise, dans un contexte de multiplication des menaces. La nation invit\u00e9 en 2025 est l&#8217;Indon\u00e9sie. La patrouille de France sera compos\u00e9e de huit appareils.<\/li>\n\n\n\n<li><strong>LE FEU D&#8217;ARTIFICE <\/strong>&#8211; Il sera tir\u00e9 de la Tour Eiffel \u00e0 partir de 23h. Avec pour th\u00e8me, l&#8217;inspiration br\u00e9silienne. Vous pourrez l&#8217;admirer depuis le Champs-de-Mars.<\/li>\n\n\n\n<li><a href=\"https:\/\/www.familinparis.fr\/concert-lyrique-du-14-juillet\/\">LE CONCERT SYMPHONIQUE DE L&#8217;ORCHESTRE NATIONAL DE FRANCE, LE COEUR ET LA MA\u00ceTRISE DE RADIO FRANCE<\/a> &#8211;  Il aura lieu sur les pelouses du Champs de Mars, face \u00e0 la Tour Eiffel \u00e0 partir de 21h. Acc\u00e8s libre et gratuit <\/li>\n<\/ol>\n<\/div><\/section>\n\n\n\n<div style=\"height:25px\" aria-hidden=\"true\" class=\"wp-block-spacer\"><\/div>\n<\/div>\n<\/div>\n\n<div style=\"height:50px\" aria-hidden=\"true\" class=\"wp-block-spacer\"><\/div>\n\n<div class=\"wp-block-buttons m-b-20 is-content-justification-center is-layout-flex wp-container-core-buttons-is-layout-16018d1d wp-block-buttons-is-layout-flex\">\n<div class=\"wp-block-button\"><a class=\"wp-block-button__link has-white-color has-text-color has-background wp-element-button\" href=\"https:\/\/www.familinparis.fr\/en\/what-to-do-in-paris-on-july-14th\/\" style=\"background-color:#db384b\">Our special article on July 14<\/a><\/div>\n<\/div>\n\n<div style=\"height:50px\" aria-hidden=\"true\" class=\"wp-block-spacer\"><\/div>\n<div class=\"wp-block-image\">\n<figure class=\"aligncenter size-large\"><img decoding=\"async\" width=\"624\" height=\"416\" src=\"\/wp-content\/uploads\/actualites\/juillet\/bal-du-13-juillet-2019-a-la-mairie-du-3eme-arrondissement-a-paris.jpg\" alt=\"free ball to celebrate July 14 in Paris\" class=\"wp-image-17886\" srcset=\"https:\/\/www.familinparis.fr\/wp-content\/uploads\/actualites\/juillet\/bal-du-13-juillet-2019-a-la-mairie-du-3eme-arrondissement-a-paris.jpg 624w, https:\/\/www.familinparis.fr\/wp-content\/uploads\/actualites\/juillet\/bal-du-13-juillet-2019-a-la-mairie-du-3eme-arrondissement-a-paris-300x200.jpg 300w, https:\/\/www.familinparis.fr\/wp-content\/uploads\/actualites\/juillet\/bal-du-13-juillet-2019-a-la-mairie-du-3eme-arrondissement-a-paris-270x180.jpg 270w\" sizes=\"(max-width: 624px) 100vw, 624px\" \/><\/figure>\n<\/div>\n<div style=\"height:40px\" aria-hidden=\"true\" class=\"wp-block-spacer\"><\/div>\n<div class=\"lazyblock-grids-12kl20 wp-block-lazyblock-grids\"><div class=\"row new-grids grids-style-2\">\n        <div class=\"col-12 grid-title\">\n        <h2 class=\"c-blue\">What to do in Paris in July?<\/h2>\n\n            <\/div>\n        \n    <div class=\"col-12 grids columns-4\">\n        \n\n<div class=\"grid\">\n\t<a href=\"https:\/\/www.familinparis.fr\/en\/the-city-of-children-cite-des-sciences-in-paris\/\" target=\"_self\">\n\t    <div class=\"image\" style=\"background-image:url('https:\/\/www.familinparis.fr\/wp-content\/uploads\/2022\/08\/la-cite-des-enfants-600x300-1-452x282.png')\">\n\t    \t\t\t\t\t    <\/div>\n\t    <div class=\"texte\">\n\t        <h5><\/h5>\n\t        <h3>The City of Children: Cit\u00e9 des Sciences in Paris<\/h3>\n\t        <div class=\"tags\">\n\t        \t\t        \t<span><\/span>\n\t        <\/div>\n\t        <div class=\"bas\">\n        \t\t<div class=\"prix\">\n        \t\t\t        \t\t<\/div>\n            \t<div class=\"review-stars\" data-productId=\"\">\n            \t<\/div>\n\t        <\/div>\n\t    <\/div>\n\t<\/a>\n<\/div>\n\n<div class=\"grid\">\n\t<a href=\"https:\/\/www.familinparis.fr\/en\/the-masterpieces-of-the-louvre-children-vip-visit\/\" target=\"_self\">\n\t    <div class=\"image\" style=\"background-image:url('https:\/\/www.familinparis.fr\/wp-content\/uploads\/Visite-guidee-musee\/chefs-d-oeuvre-louvre-enfants.jpg')\">\n\t    \t\t\t\t\t    <\/div>\n\t    <div class=\"texte\">\n\t        <h5>At the Louvre Museum<\/h5>\n\t        <h3>The masterpieces of the Louvre &#8211; Children (VIP)<\/h3>\n\t        <div class=\"tags\">\n\t        \t\t        \t\t<span>From 7 years old<\/span>\n\t        \t\t        \t<span>1h30<\/span>\n\t        <\/div>\n\t        <div class=\"bas\">\n        \t\t<div class=\"prix\">\n        \t\t\t        \t\t<\/div>\n            \t<div class=\"review-stars\" data-productId=\"172\">\n            \t<\/div>\n\t        <\/div>\n\t    <\/div>\n\t<\/a>\n<\/div>\n\n<div class=\"grid\">\n\t<a href=\"https:\/\/www.familinparis.fr\/en\/les-grandes-eaux-musicales\/\" target=\"_self\">\n\t    <div class=\"image\" style=\"background-image:url('https:\/\/www.familinparis.fr\/wp-content\/uploads\/Chateaux\/Versailles\/Versailles-fontaines-PLD-564x282.jpg')\">\n\t    \t\t    \t<div class=\"dateOnImg\">Until November 1, 2026<\/div>\n\t    \t\t\t\t\t    <\/div>\n\t    <div class=\"texte\">\n\t        <h5>Palace of Versailles Park (78)<\/h5>\n\t        <h3>The Musical Fountains Show<\/h3>\n\t        <div class=\"tags\">\n\t        \t\t        \t\t<span>Park<\/span>\n\t        \t\t        \t<span>Min 2 hours<\/span>\n\t        <\/div>\n\t        <div class=\"bas\">\n        \t\t<div class=\"prix\">\n        \t\t\t        \t\t<\/div>\n            \t<div class=\"review-stars\" data-productId=\"\">\n            \t<\/div>\n\t        <\/div>\n\t    <\/div>\n\t<\/a>\n<\/div>\n\n<div class=\"grid\">\n\t<a href=\"https:\/\/www.familinparis.fr\/en\/tree-climbing-around-paris\/\" target=\"_self\">\n\t    <div class=\"image\" style=\"background-image:url('https:\/\/www.familinparis.fr\/wp-content\/uploads\/LOISIRS\/accrobranche\/accrobranche-a-paris-et-environ-de-paris-564x282.jpg')\">\n\t    \t\t\t\t\t    <\/div>\n\t    <div class=\"texte\">\n\t        <h5><\/h5>\n\t        <h3>Tree climbing around Paris<\/h3>\n\t        <div class=\"tags\">\n\t        \t\t        \t<span><\/span>\n\t        <\/div>\n\t        <div class=\"bas\">\n        \t\t<div class=\"prix\">\n        \t\t\t        \t\t<\/div>\n            \t<div class=\"review-stars\" data-productId=\"\">\n            \t<\/div>\n\t        <\/div>\n\t    <\/div>\n\t<\/a>\n<\/div>    <\/div>\n\n            <div class=\"col-12 t-center m-b-20\">\n            <div class=\"labels__fam\">\n                                    <a href=\"\/quoi-faire-en-juillet\/\" class=\"labels__fam-color-secondary labels__fam-radius-rounded\">\n                        The full programme in July                    <\/a>\n                            <\/div>\n        <\/div>\n    \n    \n\n<\/div>\n<\/div>\n<div style=\"height:38px\" aria-hidden=\"true\" class=\"wp-block-spacer\"><\/div>\n\n<div class=\"wp-block-buttons is-content-justification-center is-layout-flex wp-container-core-buttons-is-layout-16018d1d wp-block-buttons-is-layout-flex\">\n<div class=\"wp-block-button is-style-outline is-style-outline--2\"><a class=\"wp-block-button__link has-white-color has-text-color has-background wp-element-button\" href=\"\/vol-en-montgolfiere-ballon-generali-paris\/\" style=\"background-color:#00809b\"><strong>A hot air balloon flight<\/strong><\/a><\/div>\n\n\n\n<div class=\"wp-block-button is-style-outline is-style-outline--3\"><a class=\"wp-block-button__link has-white-color has-text-color has-background wp-element-button\" href=\"https:\/\/www.familinparis.fr\/en\/shows-surveys-or-storytelling-tours\/\" style=\"background-color:#00809b\"><strong>A visit to the show<\/strong><\/a><\/div>\n\n\n\n<div class=\"wp-block-button is-style-outline is-style-outline--4\"><a class=\"wp-block-button__link has-white-color has-text-color has-background wp-element-button\" href=\"https:\/\/www.familinparis.fr\/en\/6-guided-tours-to-see-street-art-in-paris\/\" style=\"background-color:#00809b\"><strong>A Street Art Tour<\/strong><\/a><\/div>\n\n\n\n<div class=\"wp-block-button is-style-outline is-style-outline--5\"><a class=\"wp-block-button__link has-white-color has-text-color has-background wp-element-button\" href=\"https:\/\/www.familinparis.fr\/en\/escape-game-exterieur-paris\/\" style=\"background-color:#00809b\"><strong>An outdoor Escape Game<\/strong><\/a><\/div>\n\n\n\n<div class=\"wp-block-button is-style-outline is-style-outline--6\"><a class=\"wp-block-button__link has-white-color has-text-color has-background wp-element-button\" href=\"https:\/\/www.familinparis.fr\/en\/visite-guidee-insolite-originale\/\" style=\"background-color:#00809b\"><strong>An unusual guided tour<\/strong><\/a><\/div>\n\n\n\n<div class=\"wp-block-button is-style-outline is-style-outline--7\"><a class=\"wp-block-button__link has-white-color has-text-color has-background wp-element-button\" href=\"https:\/\/www.familinparis.fr\/en\/cruises-on-the-seine\/\" style=\"background-color:#00809b\"><strong>A cruise on the Seine<\/strong><\/a><\/div>\n\n\n\n<div class=\"wp-block-button is-style-outline is-style-outline--8\"><a class=\"wp-block-button__link has-white-color has-text-color has-background wp-element-button\" href=\"https:\/\/www.familinparis.fr\/en\/riddle-walks-in-the-streets-of-paris\/\" style=\"background-color:#00809b\"><strong>An enigma walk<\/strong><\/a><\/div>\n\n\n\n<div class=\"wp-block-button is-style-outline is-style-outline--9\"><a class=\"wp-block-button__link has-white-color has-text-color has-background wp-element-button\" href=\"https:\/\/www.familinparis.fr\/en\/escape-game-exterieur-paris\/#jeux-de-piste\" style=\"background-color:#00809b\"><strong>Treasure hunts &#8211; Investigation<\/strong><\/a><\/div>\n\n\n\n<div class=\"wp-block-button is-style-outline is-style-outline--10\"><a class=\"wp-block-button__link has-white-color has-text-color has-background wp-element-button\" href=\"https:\/\/www.familinparis.fr\/en\/where-to-see-animals-in-paris-and-ile-de-france\/\" style=\"background-color:#00809b\"><strong>Zoological parks<\/strong><\/a><\/div>\n\n\n\n<div class=\"wp-block-button is-style-outline is-style-outline--11\"><a class=\"wp-block-button__link has-white-color has-text-color has-background wp-element-button\" href=\"https:\/\/www.familinparis.fr\/en\/castles-around-paris\/\" style=\"background-color:#00809b\"><strong>The castles<\/strong><\/a><\/div>\n<\/div>\n\n<div style=\"height:38px\" aria-hidden=\"true\" class=\"wp-block-spacer\"><\/div>\n\n<div style=\"height:50px\" aria-hidden=\"true\" class=\"wp-block-spacer\"><\/div>\n","protected":false},"excerpt":{"rendered":"","protected":false},"author":5,"featured_media":128906,"comment_status":"open","ping_status":"open","sticky":false,"template":"","format":"standard","meta":{"_uag_custom_page_level_css":"","footnotes":""},"categories":[1253],"tags":[1279,1239,1422],"class_list":{"0":"post-136301","1":"post","2":"type-post","3":"status-publish","4":"format-standard","5":"has-post-thumbnail","7":"category-past-events","8":"tag-july","9":"tag-july-14","10":"tag-summer-event"},"yoast_head":"<!-- This site is optimized with the Yoast SEO plugin v27.2 - https:\/\/yoast.com\/product\/yoast-seo-wordpress\/ -->\n<title>14 July Balls in Paris \u2014 Popular Balls and Firemen&#039;s Balls<\/title>\n<meta name=\"description\" content=\"Balls in all the arrondissements. Free for some. Discover the entire program of the 2023 balls.\" \/>\n<meta name=\"robots\" content=\"index, follow, max-snippet:-1, max-image-preview:large, max-video-preview:-1\" \/>\n<link rel=\"canonical\" href=\"https:\/\/www.familinparis.fr\/en\/the-14th-of-july-balls-in-paris\/\" \/>\n<meta property=\"og:locale\" content=\"en_US\" \/>\n<meta property=\"og:type\" content=\"article\" \/>\n<meta property=\"og:title\" content=\"14 July Balls in Paris \u2014 Popular Balls and Firemen&#039;s Balls\" \/>\n<meta property=\"og:description\" content=\"Balls in all the arrondissements. Free for some. Discover the entire program of the 2023 balls.\" \/>\n<meta property=\"og:url\" content=\"https:\/\/www.familinparis.fr\/en\/the-14th-of-july-balls-in-paris\/\" \/>\n<meta property=\"og:site_name\" content=\"Familin&#039;Paris\" \/>\n<meta property=\"article:published_time\" content=\"2021-02-12T22:55:00+00:00\" \/>\n<meta property=\"article:modified_time\" content=\"2026-01-22T10:27:40+00:00\" \/>\n<meta property=\"og:image\" content=\"https:\/\/www.familinparis.fr\/wp-content\/uploads\/actualites\/juillet\/bal-du-13-juillet-2019-a-la-mairie-du-3eme-arrondissement-a-paris.jpg\" \/>\n\t<meta property=\"og:image:width\" content=\"624\" \/>\n\t<meta property=\"og:image:height\" content=\"416\" \/>\n\t<meta property=\"og:image:type\" content=\"image\/jpeg\" \/>\n<meta name=\"author\" content=\"olivia\" \/>\n<meta name=\"twitter:card\" content=\"summary_large_image\" \/>\n<meta name=\"twitter:label1\" content=\"Written by\" \/>\n\t<meta name=\"twitter:data1\" content=\"olivia\" \/>\n\t<meta name=\"twitter:label2\" content=\"Est. reading time\" \/>\n\t<meta name=\"twitter:data2\" content=\"2 minutes\" \/>\n<script type=\"application\/ld+json\" class=\"yoast-schema-graph\">{\"@context\":\"https:\/\/schema.org\",\"@graph\":[{\"@type\":\"Article\",\"@id\":\"https:\/\/www.familinparis.fr\/en\/the-14th-of-july-balls-in-paris\/#article\",\"isPartOf\":{\"@id\":\"https:\/\/www.familinparis.fr\/en\/the-14th-of-july-balls-in-paris\/\"},\"author\":{\"name\":\"olivia\",\"@id\":\"https:\/\/www.familinparis.fr\/en\/#\/schema\/person\/a87467bb417cd0c77d0a7bb5d1d78ac5\"},\"headline\":\"The 14th of July Balls in Paris\",\"datePublished\":\"2021-02-12T22:55:00+00:00\",\"dateModified\":\"2026-01-22T10:27:40+00:00\",\"mainEntityOfPage\":{\"@id\":\"https:\/\/www.familinparis.fr\/en\/the-14th-of-july-balls-in-paris\/\"},\"wordCount\":363,\"commentCount\":0,\"image\":{\"@id\":\"https:\/\/www.familinparis.fr\/en\/the-14th-of-july-balls-in-paris\/#primaryimage\"},\"thumbnailUrl\":\"https:\/\/www.familinparis.fr\/wp-content\/uploads\/actualites\/juillet\/bal-du-13-juillet-2019-a-la-mairie-du-3eme-arrondissement-a-paris.jpg\",\"keywords\":[\"July\",\"July 14\",\"Summer event\"],\"articleSection\":[\"Past events\"],\"inLanguage\":\"en-US\",\"potentialAction\":[{\"@type\":\"CommentAction\",\"name\":\"Comment\",\"target\":[\"https:\/\/www.familinparis.fr\/en\/the-14th-of-july-balls-in-paris\/#respond\"]}]},{\"@type\":\"WebPage\",\"@id\":\"https:\/\/www.familinparis.fr\/en\/the-14th-of-july-balls-in-paris\/\",\"url\":\"https:\/\/www.familinparis.fr\/en\/the-14th-of-july-balls-in-paris\/\",\"name\":\"14 July Balls in Paris \u2014 Popular Balls and Firemen's Balls\",\"isPartOf\":{\"@id\":\"https:\/\/www.familinparis.fr\/en\/#website\"},\"primaryImageOfPage\":{\"@id\":\"https:\/\/www.familinparis.fr\/en\/the-14th-of-july-balls-in-paris\/#primaryimage\"},\"image\":{\"@id\":\"https:\/\/www.familinparis.fr\/en\/the-14th-of-july-balls-in-paris\/#primaryimage\"},\"thumbnailUrl\":\"https:\/\/www.familinparis.fr\/wp-content\/uploads\/actualites\/juillet\/bal-du-13-juillet-2019-a-la-mairie-du-3eme-arrondissement-a-paris.jpg\",\"datePublished\":\"2021-02-12T22:55:00+00:00\",\"dateModified\":\"2026-01-22T10:27:40+00:00\",\"author\":{\"@id\":\"https:\/\/www.familinparis.fr\/en\/#\/schema\/person\/a87467bb417cd0c77d0a7bb5d1d78ac5\"},\"description\":\"Balls in all the arrondissements. Free for some. Discover the entire program of the 2023 balls.\",\"breadcrumb\":{\"@id\":\"https:\/\/www.familinparis.fr\/en\/the-14th-of-july-balls-in-paris\/#breadcrumb\"},\"inLanguage\":\"en-US\",\"potentialAction\":[{\"@type\":\"ReadAction\",\"target\":[\"https:\/\/www.familinparis.fr\/en\/the-14th-of-july-balls-in-paris\/\"]}]},{\"@type\":\"ImageObject\",\"inLanguage\":\"en-US\",\"@id\":\"https:\/\/www.familinparis.fr\/en\/the-14th-of-july-balls-in-paris\/#primaryimage\",\"url\":\"https:\/\/www.familinparis.fr\/wp-content\/uploads\/actualites\/juillet\/bal-du-13-juillet-2019-a-la-mairie-du-3eme-arrondissement-a-paris.jpg\",\"contentUrl\":\"https:\/\/www.familinparis.fr\/wp-content\/uploads\/actualites\/juillet\/bal-du-13-juillet-2019-a-la-mairie-du-3eme-arrondissement-a-paris.jpg\",\"width\":624,\"height\":416},{\"@type\":\"BreadcrumbList\",\"@id\":\"https:\/\/www.familinparis.fr\/en\/the-14th-of-july-balls-in-paris\/#breadcrumb\",\"itemListElement\":[{\"@type\":\"ListItem\",\"position\":1,\"name\":\"Home\",\"item\":\"https:\/\/www.familinparis.fr\/en\/\"},{\"@type\":\"ListItem\",\"position\":2,\"name\":\"Past events\",\"item\":\"https:\/\/www.familinparis.fr\/en\/categorie\/past-events\/\"},{\"@type\":\"ListItem\",\"position\":3,\"name\":\"The 14th of July Balls in Paris\"}]},{\"@type\":\"WebSite\",\"@id\":\"https:\/\/www.familinparis.fr\/en\/#website\",\"url\":\"https:\/\/www.familinparis.fr\/en\/\",\"name\":\"Familin&#039;Paris\",\"description\":\"Visiter le meilleur de Paris avec des enfants : sorties, spectacles, adresses de restaurants, shopping, bons plans...\",\"potentialAction\":[{\"@type\":\"SearchAction\",\"target\":{\"@type\":\"EntryPoint\",\"urlTemplate\":\"https:\/\/www.familinparis.fr\/en\/?s={search_term_string}\"},\"query-input\":{\"@type\":\"PropertyValueSpecification\",\"valueRequired\":true,\"valueName\":\"search_term_string\"}}],\"inLanguage\":\"en-US\"},{\"@type\":\"Person\",\"@id\":\"https:\/\/www.familinparis.fr\/en\/#\/schema\/person\/a87467bb417cd0c77d0a7bb5d1d78ac5\",\"name\":\"olivia\",\"image\":{\"@type\":\"ImageObject\",\"inLanguage\":\"en-US\",\"@id\":\"https:\/\/secure.gravatar.com\/avatar\/cbca07f1dfea20f457a666a1b84ed5cf1364773d1378c6f10fd36c354eef1ef8?s=96&d=identicon&r=g\",\"url\":\"https:\/\/secure.gravatar.com\/avatar\/cbca07f1dfea20f457a666a1b84ed5cf1364773d1378c6f10fd36c354eef1ef8?s=96&d=identicon&r=g\",\"contentUrl\":\"https:\/\/secure.gravatar.com\/avatar\/cbca07f1dfea20f457a666a1b84ed5cf1364773d1378c6f10fd36c354eef1ef8?s=96&d=identicon&r=g\",\"caption\":\"olivia\"}}]}<\/script>\n<!-- \/ Yoast SEO plugin. -->","yoast_head_json":{"title":"14 July Balls in Paris \u2014 Popular Balls and Firemen's Balls","description":"Balls in all the arrondissements. Free for some. Discover the entire program of the 2023 balls.","robots":{"index":"index","follow":"follow","max-snippet":"max-snippet:-1","max-image-preview":"max-image-preview:large","max-video-preview":"max-video-preview:-1"},"canonical":"https:\/\/www.familinparis.fr\/en\/the-14th-of-july-balls-in-paris\/","og_locale":"en_US","og_type":"article","og_title":"14 July Balls in Paris \u2014 Popular Balls and Firemen's Balls","og_description":"Balls in all the arrondissements. Free for some. Discover the entire program of the 2023 balls.","og_url":"https:\/\/www.familinparis.fr\/en\/the-14th-of-july-balls-in-paris\/","og_site_name":"Familin&#039;Paris","article_published_time":"2021-02-12T22:55:00+00:00","article_modified_time":"2026-01-22T10:27:40+00:00","og_image":[{"width":624,"height":416,"url":"https:\/\/www.familinparis.fr\/wp-content\/uploads\/actualites\/juillet\/bal-du-13-juillet-2019-a-la-mairie-du-3eme-arrondissement-a-paris.jpg","type":"image\/jpeg"}],"author":"olivia","twitter_card":"summary_large_image","twitter_misc":{"Written by":"olivia","Est. reading time":"2 minutes"},"schema":{"@context":"https:\/\/schema.org","@graph":[{"@type":"Article","@id":"https:\/\/www.familinparis.fr\/en\/the-14th-of-july-balls-in-paris\/#article","isPartOf":{"@id":"https:\/\/www.familinparis.fr\/en\/the-14th-of-july-balls-in-paris\/"},"author":{"name":"olivia","@id":"https:\/\/www.familinparis.fr\/en\/#\/schema\/person\/a87467bb417cd0c77d0a7bb5d1d78ac5"},"headline":"The 14th of July Balls in Paris","datePublished":"2021-02-12T22:55:00+00:00","dateModified":"2026-01-22T10:27:40+00:00","mainEntityOfPage":{"@id":"https:\/\/www.familinparis.fr\/en\/the-14th-of-july-balls-in-paris\/"},"wordCount":363,"commentCount":0,"image":{"@id":"https:\/\/www.familinparis.fr\/en\/the-14th-of-july-balls-in-paris\/#primaryimage"},"thumbnailUrl":"https:\/\/www.familinparis.fr\/wp-content\/uploads\/actualites\/juillet\/bal-du-13-juillet-2019-a-la-mairie-du-3eme-arrondissement-a-paris.jpg","keywords":["July","July 14","Summer event"],"articleSection":["Past events"],"inLanguage":"en-US","potentialAction":[{"@type":"CommentAction","name":"Comment","target":["https:\/\/www.familinparis.fr\/en\/the-14th-of-july-balls-in-paris\/#respond"]}]},{"@type":"WebPage","@id":"https:\/\/www.familinparis.fr\/en\/the-14th-of-july-balls-in-paris\/","url":"https:\/\/www.familinparis.fr\/en\/the-14th-of-july-balls-in-paris\/","name":"14 July Balls in Paris \u2014 Popular Balls and Firemen's Balls","isPartOf":{"@id":"https:\/\/www.familinparis.fr\/en\/#website"},"primaryImageOfPage":{"@id":"https:\/\/www.familinparis.fr\/en\/the-14th-of-july-balls-in-paris\/#primaryimage"},"image":{"@id":"https:\/\/www.familinparis.fr\/en\/the-14th-of-july-balls-in-paris\/#primaryimage"},"thumbnailUrl":"https:\/\/www.familinparis.fr\/wp-content\/uploads\/actualites\/juillet\/bal-du-13-juillet-2019-a-la-mairie-du-3eme-arrondissement-a-paris.jpg","datePublished":"2021-02-12T22:55:00+00:00","dateModified":"2026-01-22T10:27:40+00:00","author":{"@id":"https:\/\/www.familinparis.fr\/en\/#\/schema\/person\/a87467bb417cd0c77d0a7bb5d1d78ac5"},"description":"Balls in all the arrondissements. Free for some. Discover the entire program of the 2023 balls.","breadcrumb":{"@id":"https:\/\/www.familinparis.fr\/en\/the-14th-of-july-balls-in-paris\/#breadcrumb"},"inLanguage":"en-US","potentialAction":[{"@type":"ReadAction","target":["https:\/\/www.familinparis.fr\/en\/the-14th-of-july-balls-in-paris\/"]}]},{"@type":"ImageObject","inLanguage":"en-US","@id":"https:\/\/www.familinparis.fr\/en\/the-14th-of-july-balls-in-paris\/#primaryimage","url":"https:\/\/www.familinparis.fr\/wp-content\/uploads\/actualites\/juillet\/bal-du-13-juillet-2019-a-la-mairie-du-3eme-arrondissement-a-paris.jpg","contentUrl":"https:\/\/www.familinparis.fr\/wp-content\/uploads\/actualites\/juillet\/bal-du-13-juillet-2019-a-la-mairie-du-3eme-arrondissement-a-paris.jpg","width":624,"height":416},{"@type":"BreadcrumbList","@id":"https:\/\/www.familinparis.fr\/en\/the-14th-of-july-balls-in-paris\/#breadcrumb","itemListElement":[{"@type":"ListItem","position":1,"name":"Home","item":"https:\/\/www.familinparis.fr\/en\/"},{"@type":"ListItem","position":2,"name":"Past events","item":"https:\/\/www.familinparis.fr\/en\/categorie\/past-events\/"},{"@type":"ListItem","position":3,"name":"The 14th of July Balls in Paris"}]},{"@type":"WebSite","@id":"https:\/\/www.familinparis.fr\/en\/#website","url":"https:\/\/www.familinparis.fr\/en\/","name":"Familin&#039;Paris","description":"Visiter le meilleur de Paris avec des enfants : sorties, spectacles, adresses de restaurants, shopping, bons plans...","potentialAction":[{"@type":"SearchAction","target":{"@type":"EntryPoint","urlTemplate":"https:\/\/www.familinparis.fr\/en\/?s={search_term_string}"},"query-input":{"@type":"PropertyValueSpecification","valueRequired":true,"valueName":"search_term_string"}}],"inLanguage":"en-US"},{"@type":"Person","@id":"https:\/\/www.familinparis.fr\/en\/#\/schema\/person\/a87467bb417cd0c77d0a7bb5d1d78ac5","name":"olivia","image":{"@type":"ImageObject","inLanguage":"en-US","@id":"https:\/\/secure.gravatar.com\/avatar\/cbca07f1dfea20f457a666a1b84ed5cf1364773d1378c6f10fd36c354eef1ef8?s=96&d=identicon&r=g","url":"https:\/\/secure.gravatar.com\/avatar\/cbca07f1dfea20f457a666a1b84ed5cf1364773d1378c6f10fd36c354eef1ef8?s=96&d=identicon&r=g","contentUrl":"https:\/\/secure.gravatar.com\/avatar\/cbca07f1dfea20f457a666a1b84ed5cf1364773d1378c6f10fd36c354eef1ef8?s=96&d=identicon&r=g","caption":"olivia"}}]}},"uagb_featured_image_src":{"full":["https:\/\/www.familinparis.fr\/wp-content\/uploads\/actualites\/juillet\/bal-du-13-juillet-2019-a-la-mairie-du-3eme-arrondissement-a-paris.jpg",624,416,false],"thumbnail":["https:\/\/www.familinparis.fr\/wp-content\/uploads\/actualites\/juillet\/bal-du-13-juillet-2019-a-la-mairie-du-3eme-arrondissement-a-paris-150x150.jpg",150,150,true],"medium":["https:\/\/www.familinparis.fr\/wp-content\/uploads\/actualites\/juillet\/bal-du-13-juillet-2019-a-la-mairie-du-3eme-arrondissement-a-paris-300x200.jpg",300,200,true],"medium_large":["https:\/\/www.familinparis.fr\/wp-content\/uploads\/actualites\/juillet\/bal-du-13-juillet-2019-a-la-mairie-du-3eme-arrondissement-a-paris.jpg",624,416,false],"large":["https:\/\/www.familinparis.fr\/wp-content\/uploads\/actualites\/juillet\/bal-du-13-juillet-2019-a-la-mairie-du-3eme-arrondissement-a-paris.jpg",624,416,false],"1536x1536":["https:\/\/www.familinparis.fr\/wp-content\/uploads\/actualites\/juillet\/bal-du-13-juillet-2019-a-la-mairie-du-3eme-arrondissement-a-paris.jpg",624,416,false],"2048x2048":["https:\/\/www.familinparis.fr\/wp-content\/uploads\/actualites\/juillet\/bal-du-13-juillet-2019-a-la-mairie-du-3eme-arrondissement-a-paris.jpg",624,416,false],"home-thumb":["https:\/\/www.familinparis.fr\/wp-content\/uploads\/actualites\/juillet\/bal-du-13-juillet-2019-a-la-mairie-du-3eme-arrondissement-a-paris.jpg",624,416,false],"home-slider":["https:\/\/www.familinparis.fr\/wp-content\/uploads\/actualites\/juillet\/bal-du-13-juillet-2019-a-la-mairie-du-3eme-arrondissement-a-paris.jpg",624,416,false],"lightbox-slider-size":["https:\/\/www.familinparis.fr\/wp-content\/uploads\/actualites\/juillet\/bal-du-13-juillet-2019-a-la-mairie-du-3eme-arrondissement-a-paris-564x282.jpg",564,282,true],"post-thumbnail":["https:\/\/www.familinparis.fr\/wp-content\/uploads\/actualites\/juillet\/bal-du-13-juillet-2019-a-la-mairie-du-3eme-arrondissement-a-paris-270x180.jpg",270,180,true],"cheerup-main":["https:\/\/www.familinparis.fr\/wp-content\/uploads\/actualites\/juillet\/bal-du-13-juillet-2019-a-la-mairie-du-3eme-arrondissement-a-paris-624x400.jpg",624,400,true],"cheerup-main-full":["https:\/\/www.familinparis.fr\/wp-content\/uploads\/actualites\/juillet\/bal-du-13-juillet-2019-a-la-mairie-du-3eme-arrondissement-a-paris.jpg",624,416,false],"cheerup-slider-alt":["https:\/\/www.familinparis.fr\/wp-content\/uploads\/actualites\/juillet\/bal-du-13-juillet-2019-a-la-mairie-du-3eme-arrondissement-a-paris.jpg",624,416,false],"cheerup-slider-trendy":["https:\/\/www.familinparis.fr\/wp-content\/uploads\/actualites\/juillet\/bal-du-13-juillet-2019-a-la-mairie-du-3eme-arrondissement-a-paris.jpg",624,416,false],"cheerup-slider-stylish":["https:\/\/www.familinparis.fr\/wp-content\/uploads\/actualites\/juillet\/bal-du-13-juillet-2019-a-la-mairie-du-3eme-arrondissement-a-paris.jpg",624,416,false],"cheerup-slider-grid":["https:\/\/www.familinparis.fr\/wp-content\/uploads\/actualites\/juillet\/bal-du-13-juillet-2019-a-la-mairie-du-3eme-arrondissement-a-paris.jpg",624,416,false],"cheerup-slider-grid-sm":["https:\/\/www.familinparis.fr\/wp-content\/uploads\/actualites\/juillet\/bal-du-13-juillet-2019-a-la-mairie-du-3eme-arrondissement-a-paris-300x300.jpg",300,300,true],"cheerup-slider-carousel":["https:\/\/www.familinparis.fr\/wp-content\/uploads\/actualites\/juillet\/bal-du-13-juillet-2019-a-la-mairie-du-3eme-arrondissement-a-paris-370x370.jpg",370,370,true],"cheerup-slider-grid-b":["https:\/\/www.familinparis.fr\/wp-content\/uploads\/actualites\/juillet\/bal-du-13-juillet-2019-a-la-mairie-du-3eme-arrondissement-a-paris-554x416.jpg",554,416,true],"cheerup-slider-grid-b-sm":["https:\/\/www.familinparis.fr\/wp-content\/uploads\/actualites\/juillet\/bal-du-13-juillet-2019-a-la-mairie-du-3eme-arrondissement-a-paris-306x416.jpg",306,416,true],"cheerup-slider-bold-sm":["https:\/\/www.familinparis.fr\/wp-content\/uploads\/actualites\/juillet\/bal-du-13-juillet-2019-a-la-mairie-du-3eme-arrondissement-a-paris-150x150.jpg",150,150,true],"cheerup-grid":["https:\/\/www.familinparis.fr\/wp-content\/uploads\/actualites\/juillet\/bal-du-13-juillet-2019-a-la-mairie-du-3eme-arrondissement-a-paris-370x285.jpg",370,285,true],"cheerup-carousel":["https:\/\/www.familinparis.fr\/wp-content\/uploads\/actualites\/juillet\/bal-du-13-juillet-2019-a-la-mairie-du-3eme-arrondissement-a-paris-270x180.jpg",270,180,true],"cheerup-carousel-b":["https:\/\/www.familinparis.fr\/wp-content\/uploads\/actualites\/juillet\/bal-du-13-juillet-2019-a-la-mairie-du-3eme-arrondissement-a-paris-370x285.jpg",370,285,true],"cheerup-list":["https:\/\/www.familinparis.fr\/wp-content\/uploads\/actualites\/juillet\/bal-du-13-juillet-2019-a-la-mairie-du-3eme-arrondissement-a-paris-260x200.jpg",260,200,true],"cheerup-list-b":["https:\/\/www.familinparis.fr\/wp-content\/uploads\/actualites\/juillet\/bal-du-13-juillet-2019-a-la-mairie-du-3eme-arrondissement-a-paris-370x305.jpg",370,305,true],"cheerup-thumb":["https:\/\/www.familinparis.fr\/wp-content\/uploads\/actualites\/juillet\/bal-du-13-juillet-2019-a-la-mairie-du-3eme-arrondissement-a-paris-87x67.jpg",87,67,true],"cheerup-thumb-alt":["https:\/\/www.familinparis.fr\/wp-content\/uploads\/actualites\/juillet\/bal-du-13-juillet-2019-a-la-mairie-du-3eme-arrondissement-a-paris-150x150.jpg",150,150,true]},"uagb_author_info":{"display_name":"olivia","author_link":"https:\/\/www.familinparis.fr\/en\/author\/olivia\/"},"uagb_comment_info":0,"uagb_excerpt":null,"_links":{"self":[{"href":"https:\/\/www.familinparis.fr\/en\/wp-json\/wp\/v2\/posts\/136301","targetHints":{"allow":["GET"]}}],"collection":[{"href":"https:\/\/www.familinparis.fr\/en\/wp-json\/wp\/v2\/posts"}],"about":[{"href":"https:\/\/www.familinparis.fr\/en\/wp-json\/wp\/v2\/types\/post"}],"author":[{"embeddable":true,"href":"https:\/\/www.familinparis.fr\/en\/wp-json\/wp\/v2\/users\/5"}],"replies":[{"embeddable":true,"href":"https:\/\/www.familinparis.fr\/en\/wp-json\/wp\/v2\/comments?post=136301"}],"version-history":[{"count":0,"href":"https:\/\/www.familinparis.fr\/en\/wp-json\/wp\/v2\/posts\/136301\/revisions"}],"wp:featuredmedia":[{"embeddable":true,"href":"https:\/\/www.familinparis.fr\/en\/wp-json\/wp\/v2\/media\/128906"}],"wp:attachment":[{"href":"https:\/\/www.familinparis.fr\/en\/wp-json\/wp\/v2\/media?parent=136301"}],"wp:term":[{"taxonomy":"category","embeddable":true,"href":"https:\/\/www.familinparis.fr\/en\/wp-json\/wp\/v2\/categories?post=136301"},{"taxonomy":"post_tag","embeddable":true,"href":"https:\/\/www.familinparis.fr\/en\/wp-json\/wp\/v2\/tags?post=136301"}],"curies":[{"name":"wp","href":"https:\/\/api.w.org\/{rel}","templated":true}]}}