{"id":136181,"date":"2025-10-13T08:32:00","date_gmt":"2025-10-13T06:32:00","guid":{"rendered":"https:\/\/www.familinparis.fr\/the-tuileries-christmas-market-in-paris-2024\/"},"modified":"2026-02-12T14:37:19","modified_gmt":"2026-02-12T12:37:19","slug":"the-tuileries-christmas-market-in-paris-2024","status":"publish","type":"post","link":"https:\/\/www.familinparis.fr\/en\/the-tuileries-christmas-market-in-paris-2024\/","title":{"rendered":"The Tuileries Christmas Market in Paris 2024"},"content":{"rendered":"<div class=\"lazyblock-baseline-1jBBbP wp-block-lazyblock-baseline\"><div class=\"baseline\">Du 15 novembre 2025 au 4 janvier 2026 &#8211; Le grand rendez-vous de No\u00ebl pour toute la famille<\/div><\/div>\n<div style=\"height:50px\" aria-hidden=\"true\" class=\"wp-block-spacer\"><\/div>\n<div class=\"wp-block-image\">\n<figure class=\"aligncenter\"><a href=\"https:\/\/www.awin1.com\/cread.php?awinmid=12494&amp;awinaffid=291657&amp;ued=https%3A%2F%2Fwww.fnacspectacles.com%2Fcampaign%2Fnoel%3Fint%3Danimation%7Chome%7Cbandeau%7Cnoel\" target=\"_blank\" rel=\" noreferrer noopener nofollow\"><img decoding=\"async\" src=\"https:\/\/www.awin1.com\/cshow.php?s=4617021&amp;v=12494&amp;q=341361&amp;r=291657\" alt=\"\" \/><\/a><\/figure>\n<\/div>\n<div style=\"height:50px\" aria-hidden=\"true\" class=\"wp-block-spacer\"><\/div>\n<div class=\"lazyblock-infos-pratiques-dJvHC wp-block-lazyblock-infos-pratiques\"><div class=\"read-more go-to\" data-goto=\"infos-sup\">\n  <a href=\"#\">\n    <span class=\"rien\">\n      <i class=\"fa fa-map-marker\"><\/i> See practical information    <\/span>\n  <\/a>\n<\/div><\/div>\n<div style=\"height:20px\" aria-hidden=\"true\" class=\"wp-block-spacer\"><\/div>\n\n<div class=\"wp-block-columns is-layout-flex wp-container-core-columns-is-layout-9d6595d7 wp-block-columns-is-layout-flex\">\n<div class=\"wp-block-column is-layout-flow wp-block-column-is-layout-flow\">\n<section class=\"wp-block-uagb-section uagb-section__wrap uagb-section__background-none uagb-block-78072cb7\"><div class=\"uagb-section__overlay\"><\/div><div class=\"uagb-section__inner-wrap\">\n<h2 class=\"wp-block-heading has-x-large-font-size\">Informations pratiques<\/h2>\n\n\n\n<ul class=\"wp-block-list\">\n<li><strong>On aime<\/strong> : une\u00a0f\u00eate foraine f\u00e9erique en plein c\u0153ur de Paris, dans l&#8217;<a href=\"\/parc-et-jardin-parisien\/\">un des plus beaux jardins de Paris<\/a><\/li>\n\n\n\n<li><strong>Must-sees<\/strong> : ice rink, merry-go-rounds, candy apples, waffles and cotton candy<\/li>\n\n\n\n<li><strong>Prices <\/strong>: admission is free but the attractions are paid<\/li>\n\n\n\n<li><strong>Dates <\/strong>: Du 15 novembre 2025 au 4 janvier 2026<\/li>\n\n\n\n<li><strong>Lieu<\/strong> : dans le parc des Tuileries (Paris 1er)<\/li>\n\n\n\n<li><strong>Horaires du march\u00e9 de Noel des Tuileries :<\/strong> de 11h00 \u00e0 23h45 tous les jours<\/li>\n\n\n\n<li><strong>Jours f\u00e9ri\u00e9s<\/strong> : <a href=\"https:\/\/www.familinparis.fr\/ouvert-le-25-decembre\/\">Ouvert le 25 d\u00e9cembre<\/a>\u00a0et\u00a0<a href=\"https:\/\/www.familinparis.fr\/ouvert-le-1er-janvier\/\">le 1er janvier<\/a>\u00a0<\/li>\n\n\n\n<li>Fermeture avanc\u00e9e \u00e0 19h30 : le 24 et 31\u00a0d\u00e9cembre\u00a0<\/li>\n<\/ul>\n<\/div><\/section>\n\n\n\n<div style=\"height:20px\" aria-hidden=\"true\" class=\"wp-block-spacer\"><\/div>\n\n\n\n<section class=\"wp-block-uagb-section uagb-section__wrap uagb-section__background-none uagb-block-8c9f1ea0\"><div class=\"uagb-section__overlay\"><\/div><div class=\"uagb-section__inner-wrap\">\n<h2 class=\"wp-block-heading has-x-large-font-size\">La f\u00eate de No\u00ebl aux jardins des Tuileries<\/h2>\n\n\n\n<p><a href=\"\/vacances-de-noel\/\">Les activit\u00e9s de No\u00ebl<\/a> : une trentaine de<strong>\u00a0man\u00e8ges<\/strong> pour petits et grands comme les chaises volantes<\/p>\n\n\n\n<p>Des grands classiques comme les <strong>auto tamponneuses<\/strong> ou les <strong>trains fant\u00f4mes<\/strong><\/p>\n\n\n\n<p><a href=\"\/paris-pour-les-petits\/\">Pour les plus petits\u00a0<\/a> : de vieux man\u00e8ges de chevaux de Bois, des p\u00eaches \u00e0 la ligne, des toboggans&#8230; <strong>Et un toboggan g\u00e9ant.<\/strong><\/p>\n\n\n\n<p><a href=\"\/sortie-enfant-paris\/\">Pour les plus grands<\/a> :\u00a0 du Tir au but, des montagnes russes revisit\u00e9es qui font tr\u00e8s peur<\/p>\n<\/div><\/section>\n<\/div>\n\n\n\n<div class=\"wp-block-column is-layout-flow wp-block-column-is-layout-flow\">\n<section class=\"wp-block-uagb-section uagb-section__wrap uagb-section__background-none uagb-block-7fc51daa\"><div class=\"uagb-section__overlay\"><\/div><div class=\"uagb-section__inner-wrap\">\n<h2 class=\"wp-block-heading has-x-large-font-size\">The Christmas market in the Tuileries Park<\/h2>\n\n\n\n<p>Il remplace le march\u00e9 qui avait traditionnellement lieu sur les Champs-\u00c9lys\u00e9es. 80 chalets qui vendent des produits artisanaux des r\u00e9gions fran\u00e7aises (80% de stands fran\u00e7ais). <a href=\"\/patinoire-ephemere-plein-air-paris\/\">Une patinoire<\/a> de 250m2 au c\u0153ur du march\u00e9.<\/p>\n<\/div><\/section>\n\n\n\n<div style=\"height:20px\" aria-hidden=\"true\" class=\"wp-block-spacer\"><\/div>\n\n\n\n<section class=\"wp-block-uagb-section uagb-section__wrap uagb-section__background-none uagb-block-e0d36b5f\"><div class=\"uagb-section__overlay\"><\/div><div class=\"uagb-section__inner-wrap\">\n<h2 class=\"wp-block-heading has-x-large-font-size\">The ice rink in the Tuileries Garden  <\/h2>\n\n\n\n<p>250 m2 de <a href=\"\/patinoire-ephemere-plein-air-paris\/\">patinoire en ext\u00e9rieur<\/a>. Elle est situ\u00e9e c\u00f4t\u00e9 Rivoli-Concorde<\/p>\n<\/div><\/section>\n\n\n\n<div style=\"height:20px\" aria-hidden=\"true\" class=\"wp-block-spacer\"><\/div>\n\n\n\n<section class=\"wp-block-uagb-section uagb-section__wrap uagb-section__background-none uagb-block-553d39c6 border-red\"><div class=\"uagb-section__overlay\"><\/div><div class=\"uagb-section__inner-wrap\">\n<h2 class=\"wp-block-heading has-text-align-center\">Les sorties incontournables en famille \u00e0 la No\u00ebl<\/h2>\n\n\n<div class=\"lazyblock-etiquettes-Z2dx5Fv wp-block-lazyblock-etiquettes\"><div class=\"labels__fam\">\n        <a href=\"https:\/\/www.familinparis.fr\/en\/spectacle-enfant\/\" class=\"labels__fam-color-lightBlue labels__fam-radius-rounded\">\n        SPECTACLES      <\/a>\n        <a href=\"https:\/\/www.familinparis.fr\/en\/expo-enfants\/\" class=\"labels__fam-color-green labels__fam-radius-rounded\">\n        EXPOSITIONS      <\/a>\n        <a href=\"https:\/\/www.familinparis.fr\/en\/spectacle-noel-pour-les-enfants\/\" class=\"labels__fam-color-pink labels__fam-radius-rounded\">\n        LES SPECTACLES DE NO\u00cbL      <\/a>\n        <a href=\"https:\/\/www.familinparis.fr\/en\/aquarium-de-paris-et-autour\/\" class=\"labels__fam-color-blue labels__fam-radius-rounded\">\n        AQUARIUMS      <\/a>\n        <a href=\"https:\/\/www.familinparis.fr\/en\/chateau-ile-de-france\/\" class=\"labels__fam-color-orange labels__fam-radius-rounded\">\n        CH\u00c2TEAUX      <\/a>\n        <a href=\"https:\/\/www.familinparis.fr\/en\/le-tour-des-illuminations-de-noel\/\" class=\"labels__fam-color-purple labels__fam-radius-rounded\">\n        LES ILLUMINATIONS DE NO\u00cbL EN BUS      <\/a>\n  <\/div><\/div><\/div><\/section>\n<\/div>\n<\/div>\n\n<div style=\"height:26px\" aria-hidden=\"true\" class=\"wp-block-spacer\"><\/div>\n\n<figure class=\"wp-block-embed is-type-video is-provider-youtube wp-block-embed-youtube wp-embed-aspect-16-9 wp-has-aspect-ratio\"><div class=\"wp-block-embed__wrapper\">\n<iframe title=\"March\u00e9 de No\u00ebl du Jardin des Tuileries\" width=\"770\" height=\"433\" src=\"https:\/\/www.youtube.com\/embed\/nCOnck5u0GQ?feature=oembed\" frameborder=\"0\" allow=\"accelerometer; autoplay; clipboard-write; encrypted-media; gyroscope; picture-in-picture; web-share\" referrerpolicy=\"strict-origin-when-cross-origin\" allowfullscreen><\/iframe>\n<\/div><\/figure>\n\n<div style=\"height:40px\" aria-hidden=\"true\" class=\"wp-block-spacer\"><\/div>\n\n<div class=\"wp-block-buttons m-b-20 is-content-justification-center is-layout-flex wp-container-core-buttons-is-layout-16018d1d wp-block-buttons-is-layout-flex\">\n<div class=\"wp-block-button\"><a class=\"wp-block-button__link has-white-color has-text-color has-background wp-element-button\" href=\"https:\/\/www.familinparis.fr\/en\/what-to-do-in-paris-in-december-with-your-family\/\" style=\"background-color:#00809b\">Paris in December<\/a><\/div>\n\n\n\n<div class=\"wp-block-button\"><a class=\"wp-block-button__link has-white-color has-text-color has-background wp-element-button\" href=\"https:\/\/www.familinparis.fr\/en\/the-most-beautiful-christmas-lights\/\" style=\"background-color:#00809b\">Luminous strolls in December<\/a><\/div>\n\n\n\n<div class=\"wp-block-button\"><a class=\"wp-block-button__link has-white-color has-text-color has-background wp-element-button\" href=\"https:\/\/www.familinparis.fr\/en\/plays-for-children-and-teenagers-in-paris\/\" style=\"background-color:#00809b\">Our selection of shows  <\/a><\/div>\n<\/div>\n\n<h2 class=\"wp-block-heading\">FAQ<\/h2>\n\n<div class=\"schema-faq wp-block-yoast-faq-block\"><div class=\"schema-faq-section\" id=\"faq-question-1763534335703\"><strong class=\"schema-faq-question\">Quand ouvre et quand se termine le March\u00e9 de No\u00ebl des Tuileries 2025\u00a0?<\/strong> <p class=\"schema-faq-answer\">Les stands du march\u00e9 de No\u00ebl seront install\u00e9s \u00e0 partir du 15 novembre 2025 dans le jardin de Tuileries. Cette ann\u00e9e, le march\u00e9 de No\u00ebl se terminera le 4 janvier 2026<\/p> <\/div> <div class=\"schema-faq-section\" id=\"faq-question-1763534398997\"><strong class=\"schema-faq-question\">Le march\u00e9 de No\u00ebl est-il ouvert les jours f\u00e9ri\u00e9s (No\u00ebl et Jour de l\u2019An)\u00a0?<\/strong> <p class=\"schema-faq-answer\">Le march\u00e9 de No\u00ebl est ouverts les 25 d\u00e9cembre (jour de no\u00ebl) et 1er janvier (jour de l&#8217;an)<\/p> <\/div> <div class=\"schema-faq-section\" id=\"faq-question-1763534468325\"><strong class=\"schema-faq-question\">Quelles attractions au march\u00e9 de No\u00ebl pour les tout-petits ?<\/strong> <p class=\"schema-faq-answer\">Parmi les attractions propos\u00e9es aux tout-petits, on pourra trouver les incontournables p\u00eaches \u00e0 la ligne, des man\u00e8ges et carrousel ou encore des toboggans. <\/p> <\/div> <div class=\"schema-faq-section\" id=\"faq-question-1763534573378\"><strong class=\"schema-faq-question\">Y a-t-il le P\u00e8re No\u00ebl sur place au march\u00e9 de No\u00ebl\u00a0des Tuileries\u00a0?<\/strong> <p class=\"schema-faq-answer\">Oui, bien s\u00fbr ! Les enfants pourront croiser le p\u00e8re No\u00ebl au march\u00e9 des no\u00ebl des Tuileries<\/p> <\/div> <div class=\"schema-faq-section\" id=\"faq-question-1763534769478\"><strong class=\"schema-faq-question\">Comment se rendre au march\u00e9 de No\u00ebl\u00a0des Tuileries\u00a0?<\/strong> <p class=\"schema-faq-answer\">En m\u00e9tro avec la ligne 1 (station Tuileries), la ligne 7 (station Palais-Royal &#8211; Mus\u00e9e du Louvre), la ligne 14 (station Pyramides) &#8211; En bus avec les lignes\u00a0<strong>69, 68, 42, 87<\/strong>\u00a0et\u00a0<strong>63<\/strong><\/p> <\/div> <\/div>\n\n<div style=\"height:20px\" aria-hidden=\"true\" class=\"wp-block-spacer\"><\/div>\n<div class=\"lazyblock-grids-ZPPFbW wp-block-lazyblock-grids\"><!--\n<div class=\"row new-grids grids-style-2\">\n    <div class=\"glide grid-carousel\">\n        <div class=\"grid-title grid-carousel--title\">\n            <div>\n                                    <h2>What to do at Christmas with your family?<\/h2>\n                                            <\/div>\n            <div>\n                <div class=\"glide__arrows\" data-glide-el=\"controls\">\n                    <button class=\"glide__arrow glide__arrow--left\" data-glide-dir=\"|&lt;\"><i class=\"fa fa-angle-left\"><\/i><\/button>\n                    <button class=\"glide__arrow glide__arrow--right\" data-glide-dir=\"|&gt;\"><i class=\"fa fa-angle-right\"><\/i><\/button>\n                <\/div>\n            <\/div>\n        <\/div>\n        \n        <div class=\"glide__track\" data-glide-el=\"track\">\n            <ul class=\"glide__slides\">\n                <li class=\"glide__slide\">\n\n<div class=\"grid\">\n\t<a href=\"https:\/\/www.familinparis.fr\/en\/magic-workshop-for-6-8-year-olds\/\" target=\"_self\">\n\t    <div class=\"image\" style=\"background-image:url('https:\/\/www.familinparis.fr\/wp-content\/uploads\/photos-partenaires\/musee-de-la-magie-paris-564x282.jpg')\">\n\t    \t\t    \t<div class=\"dateOnImg\">School holidays + public holidays<\/div>\n\t    \t\t\t\t\t    <\/div>\n\t    <div class=\"texte\">\n\t        <h5>Museum of Magic and Automata (Paris 4th)<\/h5>\n\t        <h3>Magic Workshop for 6-8 year olds<\/h3>\n\t        <div class=\"tags\">\n\t        \t\t        \t\t<span>6 - 8 years old<\/span>\n\t        \t\t        \t<span>2h30<\/span>\n\t        <\/div>\n\t        <div class=\"bas\">\n        \t\t<div class=\"prix\">\n        \t\t\t        \t\t<\/div>\n            \t<div class=\"review-stars\" data-productId=\"67\">\n            \t<\/div>\n\t        <\/div>\n\t    <\/div>\n\t<\/a>\n<\/div><\/li><li class=\"glide__slide\">\n\n<div class=\"grid\">\n\t<a href=\"https:\/\/www.familinparis.fr\/en\/magic-course-for-8-12-year-olds\/\" target=\"_self\">\n\t    <div class=\"image\" style=\"background-image:url('https:\/\/www.familinparis.fr\/wp-content\/uploads\/2023\/01\/museedesautomates-\u00a9museedelamagie-564x282.jpg')\">\n\t    \t\t    \t<div class=\"dateOnImg\">School holidays - Afternoon<\/div>\n\t    \t\t\t\t\t    <\/div>\n\t    <div class=\"texte\">\n\t        <h5>At the Museum of Magic and Automata<\/h5>\n\t        <h3>Magic course for 8-12 year olds<\/h3>\n\t        <div class=\"tags\">\n\t        \t\t        \t\t<span>  8 - 12 years old<\/span>\n\t        \t\t        \t<span>3 hours<\/span>\n\t        <\/div>\n\t        <div class=\"bas\">\n        \t\t<div class=\"prix\">\n        \t\t\t        \t\t<\/div>\n            \t<div class=\"review-stars\" data-productId=\"103\">\n            \t<\/div>\n\t        <\/div>\n\t    <\/div>\n\t<\/a>\n<\/div><\/li><li class=\"glide__slide\">\n\n<div class=\"grid\">\n\t<a href=\"https:\/\/www.familinparis.fr\/en\/chantilly-cooking-class\/\" target=\"_self\">\n\t    <div class=\"image\" style=\"background-image:url('https:\/\/www.familinparis.fr\/wp-content\/uploads\/2025\/01\/\u00a9atelierdelachantilly2025-9-564x282.jpg')\">\n\t    \t\t    \t<div class=\"dateOnImg\">du mardi au samedi<\/div>\n\t    \t\t\t\t\t    <\/div>\n\t    <div class=\"texte\">\n\t        <h5>L'Atelier de la Chantilly<\/h5>\n\t        <h3>Chantilly workshop: the musical battle<\/h3>\n\t        <div class=\"tags\">\n\t        \t\t        \t\t<span>Pour tous d\u00e8s 7 ans <\/span>\n\t        \t\t        \t<span>de 45 min \u00e0 1h30<\/span>\n\t        <\/div>\n\t        <div class=\"bas\">\n        \t\t<div class=\"prix\">\n        \t\t\t        \t\t<\/div>\n            \t<div class=\"review-stars\" data-productId=\"238\">\n            \t<\/div>\n\t        <\/div>\n\t    <\/div>\n\t<\/a>\n<\/div><\/li><li class=\"glide__slide\">\n\n<div class=\"grid\">\n\t<a href=\"https:\/\/www.familinparis.fr\/en\/amphibious-bus-tour-of-paris-on-the-seine\/\" target=\"_self\">\n\t    <div class=\"image\" style=\"background-image:url('https:\/\/www.familinparis.fr\/wp-content\/uploads\/2025\/06\/\u00a9Les-Carnards-de-la-Seine-1-564x282.jpg')\">\n\t    \t\t    \t<div class=\"dateOnImg\">Every day (except WE)<\/div>\n\t    \t\t\t\t\t    <\/div>\n\t    <div class=\"texte\">\n\t        <h5>Paris and Haut-de-Seine<\/h5>\n\t        <h3>Paris amphibious bus tour on the Seine<\/h3>\n\t        <div class=\"tags\">\n\t        \t\t        \t\t<span>Original<\/span>\n\t        \t\t        \t<span>2 hours<\/span>\n\t        <\/div>\n\t        <div class=\"bas\">\n        \t\t<div class=\"prix\">\n        \t\t\t        \t\t<\/div>\n            \t<div class=\"review-stars\" data-productId=\"\">\n            \t<\/div>\n\t        <\/div>\n\t    <\/div>\n\t<\/a>\n<\/div><\/li><li class=\"glide__slide\">\n\n<div class=\"grid\">\n\t<a href=\"https:\/\/www.familinparis.fr\/en\/magic-courses-at-the-museum-of-magic\/\" target=\"_self\">\n\t    <div class=\"image\" style=\"background-image:url('https:\/\/www.familinparis.fr\/wp-content\/uploads\/E-SHOP\/Musee-de-la-magie\/Stage-de-magie-de-scene-564x282.jpg')\">\n\t    \t\t    \t<div class=\"dateOnImg\">All year round<\/div>\n\t    \t\t\t\t\t    <\/div>\n\t    <div class=\"texte\">\n\t        <h5>Museum of Magic and Automata (Paris 4th)<\/h5>\n\t        <h3>Magic Courses at the Museum of Magic<\/h3>\n\t        <div class=\"tags\">\n\t        \t\t        \t\t<span>For everyone from 6 years old<\/span>\n\t        \t\t        \t<span>2h30 or 3h<\/span>\n\t        <\/div>\n\t        <div class=\"bas\">\n        \t\t<div class=\"prix\">\n        \t\t\t        \t\t<\/div>\n            \t<div class=\"review-stars\" data-productId=\"67\">\n            \t<\/div>\n\t        <\/div>\n\t    <\/div>\n\t<\/a>\n<\/div><\/li><li class=\"glide__slide\">\n\n<div class=\"grid\">\n\t<a href=\"https:\/\/www.familinparis.fr\/en\/the-bois-dattilly-zoo\/\" target=\"_self\">\n\t    <div class=\"image\" style=\"background-image:url('https:\/\/www.familinparis.fr\/wp-content\/uploads\/photos-partenaires\/animaux\/zoo-du-jardin-des-plantes-tarif-75005-564x282.jpg')\">\n\t    \t\t\t\t\t    <\/div>\n\t    <div class=\"texte\">\n\t        <h5><\/h5>\n\t        <h3>The Bois d'Attilly Zoo<\/h3>\n\t        <div class=\"tags\">\n\t        \t\t        \t<span><\/span>\n\t        <\/div>\n\t        <div class=\"bas\">\n        \t\t<div class=\"prix\">\n        \t\t\t\t        \t\t\t<span>From<\/span>\n\t        \t\t\t<span class=\"chiffre-barre\">21\u20ac<\/span>\n\t        \t\t\t<span class=\"chiffre\">19\u20ac<\/span>\t        \t\t        \t\t<\/div>\n            \t<div class=\"review-stars\" data-productId=\"\">\n            \t<\/div>\n\t        <\/div>\n\t    <\/div>\n\t<\/a>\n<\/div><\/li><li class=\"glide__slide\">\n\n<div class=\"grid\">\n\t<a href=\"https:\/\/www.familinparis.fr\/en\/mummies-exhibition-at-the-musee-de-l-homme\/\" target=\"_self\">\n\t    <div class=\"image\" style=\"background-image:url('https:\/\/www.familinparis.fr\/wp-content\/uploads\/2025\/11\/AFFICHE-MH_MOMIES_40x32-564x282.jpg')\">\n\t    \t\t    \t<div class=\"dateOnImg\">Jusqu'au 25 mai 2026<\/div>\n\t    \t\t\t\t\t\t\t\t<div class=\"rond-blanc-age\"><span>from <span class=\"age-number\">8<\/span> yo<\/span><\/div>\n\t\t\t\t    <\/div>\n\t    <div class=\"texte\">\n\t        <h5>Mus\u00e9e de l'Homme (Paris 16\u00e8me)<\/h5>\n\t        <h3>MOMIES \u2022 At the Mus\u00e9e de l'Homme<\/h3>\n\t        <div class=\"tags\">\n\t        \t\t        \t\t<span>exposition<\/span>\n\t        \t\t        \t<span>1h<\/span>\n\t        <\/div>\n\t        <div class=\"bas\">\n        \t\t<div class=\"prix\">\n        \t\t\t        \t\t<\/div>\n            \t<div class=\"review-stars\" data-productId=\"\">\n            \t<\/div>\n\t        <\/div>\n\t    <\/div>\n\t<\/a>\n<\/div><\/li><li class=\"glide__slide\">\n\n<div class=\"grid\">\n\t<a href=\"https:\/\/www.familinparis.fr\/en\/street-art-at-the-butte-aux-cailles-guided-tour\/\" target=\"_self\">\n\t    <div class=\"image\" style=\"background-image:url('https:\/\/www.familinparis.fr\/wp-content\/uploads\/photos-familinparis-2021\/quartier\/rue-des-cinq-diamants-street-art-butte-aux-cailles-\u00a9FamilinParis-564x282.jpg')\">\n\t    \t\t\t\t\t    <\/div>\n\t    <div class=\"texte\">\n\t        <h5><\/h5>\n\t        <h3>Street Art at the Butte aux Cailles (guided tour)<\/h3>\n\t        <div class=\"tags\">\n\t        \t\t        \t<span><\/span>\n\t        <\/div>\n\t        <div class=\"bas\">\n        \t\t<div class=\"prix\">\n        \t\t\t        \t\t<\/div>\n            \t<div class=\"review-stars\" data-productId=\"266\">\n            \t<\/div>\n\t        <\/div>\n\t    <\/div>\n\t<\/a>\n<\/div><\/li><li class=\"glide__slide\">\n\n<div class=\"grid\">\n\t<a href=\"https:\/\/www.familinparis.fr\/en\/revolution-tour-versailles-guided-tour\/\" target=\"_self\">\n\t    <div class=\"image\" style=\"background-image:url('https:\/\/www.familinparis.fr\/wp-content\/uploads\/Visites-Insolites\/Versailles\/Versailles-Revolution-Tour-2025-564x282.jpg')\">\n\t    \t\t\t\t\t    <\/div>\n\t    <div class=\"texte\">\n\t        <h5><\/h5>\n\t        <h3>Revolution tour Versailles (guided tour)<\/h3>\n\t        <div class=\"tags\">\n\t        \t\t        \t<span><\/span>\n\t        <\/div>\n\t        <div class=\"bas\">\n        \t\t<div class=\"prix\">\n        \t\t\t        \t\t<\/div>\n            \t<div class=\"review-stars\" data-productId=\"155\">\n            \t<\/div>\n\t        <\/div>\n\t    <\/div>\n\t<\/a>\n<\/div><\/li><li class=\"glide__slide\">\n\n<div class=\"grid\">\n\t<a href=\"https:\/\/www.familinparis.fr\/en\/teens\/\" target=\"_self\">\n\t    <div class=\"image\" style=\"background-image:url('https:\/\/www.familinparis.fr\/wp-content\/uploads\/THEATRE\/Ados\/piece-de-theatre-ados-paris-490x282.jpg')\">\n\t    \t\t\t\t\t    <\/div>\n\t    <div class=\"texte\">\n\t        <h5><\/h5>\n\t        <h3>Teens<\/h3>\n\t        <div class=\"tags\">\n\t        \t\t        \t<span><\/span>\n\t        <\/div>\n\t        <div class=\"bas\">\n        \t\t<div class=\"prix\">\n        \t\t\t        \t\t<\/div>\n            \t<div class=\"review-stars\" data-productId=\"\">\n            \t<\/div>\n\t        <\/div>\n\t    <\/div>\n\t<\/a>\n<\/div><\/li><li class=\"glide__slide\">\n\n<div class=\"grid\">\n\t<a href=\"https:\/\/www.familinparis.fr\/en\/gallic-christmas-at-parc-asterix\/\" target=\"_self\">\n\t    <div class=\"image\" style=\"background-image:url('https:\/\/www.familinparis.fr\/wp-content\/uploads\/2024\/08\/NoelGaulois2025-564x282.jpg')\">\n\t    \t\t    \t<div class=\"dateOnImg\">Du 20 d\u00e9cembre 2025 au 4 janvier 2026<\/div>\n\t    \t\t\t\t\t\t\t\t<div class=\"rond-blanc-age\"><span>For all<\/span><\/div>\n\t\t\t\t    <\/div>\n\t    <div class=\"texte\">\n\t        <h5>Au Parc Ast\u00e9rix (60)<\/h5>\n\t        <h3>Gallic Christmas at Parc Ast\u00e9rix<\/h3>\n\t        <div class=\"tags\">\n\t        \t\t        \t\t<span>No\u00ebl 2025<\/span>\n\t        \t\t        \t<span><\/span>\n\t        <\/div>\n\t        <div class=\"bas\">\n        \t\t<div class=\"prix\">\n        \t\t\t        \t\t<\/div>\n            \t<div class=\"review-stars\" data-productId=\"\">\n            \t<\/div>\n\t        <\/div>\n\t    <\/div>\n\t<\/a>\n<\/div><\/li><li class=\"glide__slide\">\n\n<div class=\"grid\">\n\t<a href=\"https:\/\/www.familinparis.fr\/en\/the-most-beautiful-christmas-lights\/\" target=\"_self\">\n\t    <div class=\"image\" style=\"background-image:url('https:\/\/www.familinparis.fr\/wp-content\/uploads\/2025\/11\/christmas-4669635_1280-564x282.jpg')\">\n\t    \t\t    \t<div class=\"dateOnImg\">Jusqu'\u00e0 d\u00e9but janvier 2026<\/div>\n\t    \t\t\t\t\t\t\t\t<div class=\"rond-blanc-age\"><span>For all<\/span><\/div>\n\t\t\t\t    <\/div>\n\t    <div class=\"texte\">\n\t        <h5>A Paris et autour<\/h5>\n\t        <h3>The most beautiful Christmas lights in Paris<\/h3>\n\t        <div class=\"tags\">\n\t        \t\t        \t\t<span>FEERIE DE NO\u00cbL<\/span>\n\t        \t\t        \t<span><\/span>\n\t        <\/div>\n\t        <div class=\"bas\">\n        \t\t<div class=\"prix\">\n        \t\t\t        \t\t<\/div>\n            \t<div class=\"review-stars\" data-productId=\"\">\n            \t<\/div>\n\t        <\/div>\n\t    <\/div>\n\t<\/a>\n<\/div><\/li><li class=\"glide__slide\">\n\n<div class=\"grid\">\n\t<a href=\"https:\/\/www.familinparis.fr\/en\/christmas-shows-for-children\/\" target=\"_self\">\n\t    <div class=\"image\" style=\"background-image:url('https:\/\/www.familinparis.fr\/wp-content\/uploads\/actualites\/noel\/spectacles\/bonnet-de-noel-theatre-564x282.jpg')\">\n\t    \t\t\t\t\t    <\/div>\n\t    <div class=\"texte\">\n\t        <h5><\/h5>\n\t        <h3>Christmas shows for children<\/h3>\n\t        <div class=\"tags\">\n\t        \t\t        \t<span><\/span>\n\t        <\/div>\n\t        <div class=\"bas\">\n        \t\t<div class=\"prix\">\n        \t\t\t        \t\t<\/div>\n            \t<div class=\"review-stars\" data-productId=\"\">\n            \t<\/div>\n\t        <\/div>\n\t    <\/div>\n\t<\/a>\n<\/div><\/li><li class=\"glide__slide\">\n\n<div class=\"grid\">\n\t<a href=\"https:\/\/www.familinparis.fr\/en\/festival-of-the-marvelous-museum-of-fairground-art\/\" target=\"_self\">\n\t    <div class=\"image\" style=\"background-image:url('https:\/\/www.familinparis.fr\/wp-content\/uploads\/2020\/02\/3c3faae0f29efe0a588414da1302f65d-564x282.jpg')\">\n\t    \t\t    \t<div class=\"dateOnImg\">Du 26 d\u00e9c. 2025 au 4 janvier 2026<\/div>\n\t    \t\t\t\t\t\t\t\t<div class=\"rond-blanc-age\"><span>from <span class=\"age-number\">3<\/span> yo<\/span><\/div>\n\t\t\t\t    <\/div>\n\t    <div class=\"texte\">\n\t        <h5>Au mus\u00e9e des Arts Forains (Paris 12e)<\/h5>\n\t        <h3>The Festival of Wonders at the Museum of Fairground Arts<\/h3>\n\t        <div class=\"tags\">\n\t        \t\t        \t\t<span>F\u00c9ERIE DE NO\u00cbL<\/span>\n\t        \t\t        \t<span>Tous les jours<\/span>\n\t        <\/div>\n\t        <div class=\"bas\">\n        \t\t<div class=\"prix\">\n        \t\t\t        \t\t<\/div>\n            \t<div class=\"review-stars\" data-productId=\"\">\n            \t<\/div>\n\t        <\/div>\n\t    <\/div>\n\t<\/a>\n<\/div><\/li><li class=\"glide__slide\">\n\n<div class=\"grid\">\n\t<a href=\"https:\/\/www.familinparis.fr\/en\/tour-show-the-eternal-spirit-of-montmartre\/\" target=\"_self\">\n\t    <div class=\"image\" style=\"background-image:url('https:\/\/www.familinparis.fr\/wp-content\/uploads\/2024\/05\/Visite-insolite-Montmartre-564x282.jpg')\">\n\t    \t\t\t\t\t    <\/div>\n\t    <div class=\"texte\">\n\t        <h5>In Montmartre<\/h5>\n\t        <h3>Tour Show - \"The Eternal Spirit of Montmartre\"<\/h3>\n\t        <div class=\"tags\">\n\t        \t\t        \t\t<span>From 6 years old<\/span>\n\t        \t\t        \t<span>1h30<\/span>\n\t        <\/div>\n\t        <div class=\"bas\">\n        \t\t<div class=\"prix\">\n        \t\t\t        \t\t<\/div>\n            \t<div class=\"review-stars\" data-productId=\"\">\n            \t<\/div>\n\t        <\/div>\n\t    <\/div>\n\t<\/a>\n<\/div><\/li><li class=\"glide__slide\">\n\n<div class=\"grid\">\n\t<a href=\"https:\/\/www.familinparis.fr\/en\/guided-electric-scooter-ride\/\" target=\"_self\">\n\t    <div class=\"image\" style=\"background-image:url('https:\/\/www.familinparis.fr\/wp-content\/uploads\/2025\/05\/trottinette-electrqiue-tour-dans-paris-564x282.jpg')\">\n\t    \t\t    \t<div class=\"dateOnImg\">EVERY DAY<\/div>\n\t    \t\t\t\t\t    <\/div>\n\t    <div class=\"texte\">\n\t        <h5>Paris, 8th<\/h5>\n\t        <h3>Electric scooter: a fun and touristic ride<\/h3>\n\t        <div class=\"tags\">\n\t        \t\t        \t\t<span>Guided tour<\/span>\n\t        \t\t        \t<span>2 hours<\/span>\n\t        <\/div>\n\t        <div class=\"bas\">\n        \t\t<div class=\"prix\">\n        \t\t\t\t        \t\t\t<span>From<\/span>\n\t        \t\t\t<span class=\"chiffre-barre\">45\u20ac<\/span>\n\t        \t\t\t<span class=\"chiffre\">42\u20ac<\/span>\t        \t\t        \t\t<\/div>\n            \t<div class=\"review-stars\" data-productId=\"16\">\n            \t<\/div>\n\t        <\/div>\n\t    <\/div>\n\t<\/a>\n<\/div><\/li>            <\/ul>\n        <\/div>\n    <\/div>\n    \n            <div class=\"col-12 t-center m-b-20\">\n            <div class=\"labels__fam\">\n                                    <a href=\"\/vacances-de-noel\/\" class=\"labels__fam-color-secondary labels__fam-radius-rounded\">\n                        Our special \"Christmas holidays\" section                    <\/a>\n                            <\/div>\n        <\/div>\n    <\/div>\n-->\n<style type=\"text\/css\">\n    .swiper{\n        width: 100%;\n    }\n    .grid-carousel__arrows {\n        display: flex;\n        gap: 1rem;\n\n    }\n    button.grid-carousel__arrow {\n        background: #008098;\n        border-radius: 50%;\n        height: 50px;\n        width: 50px;\n        border: 2px solid #008098;\n        color: #ffff;\n        padding: 0px;\n        text-align: center;\n    }\n\n    button.grid-carousel__arrow.swiper-button-disabled{\n        opacity: .15;\n    }\n    .grid-carousel .swiper-slide {\n         min-width: 300px;\n    }\n    @media (max-width: 799px) {\n        .grid-carousel__arrows {\n            display: none;\n        }\n        .grid-carousel .swiper-slide {\n            width: 40%;\n        }\n    }\n    @media (max-width: 529px) {\n        .grid-carousel .swiper-slide {\n            width: 75%;\n        }\n    }\n<\/style>\n\n<div class=\"row new-grids grids-style-2\">\n    <div class=\"swiper grid-carousel\">\n        <div class=\"grid-title grid-carousel--title\">\n            <div>\n                                    <h2>What to do at Christmas with your family?<\/h2>\n                                            <\/div>\n            <div>\n                <div class=\"grid-carousel__arrows\">\n                    <button class=\"grid-carousel__arrow grid-carousel__arrow--left\">\n                        <i class=\"fa fa-angle-left\"><\/i>\n                    <\/button>\n                    <button class=\"grid-carousel__arrow grid-carousel__arrow--right\">\n                        <i class=\"fa fa-angle-right\"><\/i>\n                    <\/button>\n                <\/div>\n            <\/div>\n        <\/div>\n        \n        <div class=\"swiper-wrapper\">\n            <div class=\"swiper-slide\">\n\n<div class=\"grid\">\n\t<a href=\"https:\/\/www.familinparis.fr\/en\/magic-workshop-for-6-8-year-olds\/\" target=\"_self\">\n\t    <div class=\"image\" style=\"background-image:url('https:\/\/www.familinparis.fr\/wp-content\/uploads\/photos-partenaires\/musee-de-la-magie-paris-564x282.jpg')\">\n\t    \t\t    \t<div class=\"dateOnImg\">School holidays + public holidays<\/div>\n\t    \t\t\t\t\t    <\/div>\n\t    <div class=\"texte\">\n\t        <h5>Museum of Magic and Automata (Paris 4th)<\/h5>\n\t        <h3>Magic Workshop for 6-8 year olds<\/h3>\n\t        <div class=\"tags\">\n\t        \t\t        \t\t<span>6 &#8211; 8 years old<\/span>\n\t        \t\t        \t<span>2h30<\/span>\n\t        <\/div>\n\t        <div class=\"bas\">\n        \t\t<div class=\"prix\">\n        \t\t\t        \t\t<\/div>\n            \t<div class=\"review-stars\" data-productId=\"67\">\n            \t<\/div>\n\t        <\/div>\n\t    <\/div>\n\t<\/a>\n<\/div><\/div><div class=\"swiper-slide\">\n\n<div class=\"grid\">\n\t<a href=\"https:\/\/www.familinparis.fr\/en\/magic-course-for-8-12-year-olds\/\" target=\"_self\">\n\t    <div class=\"image\" style=\"background-image:url('https:\/\/www.familinparis.fr\/wp-content\/uploads\/2023\/01\/museedesautomates-\u00a9museedelamagie-564x282.jpg')\">\n\t    \t\t    \t<div class=\"dateOnImg\">School holidays &#8211; Afternoon<\/div>\n\t    \t\t\t\t\t    <\/div>\n\t    <div class=\"texte\">\n\t        <h5>At the Museum of Magic and Automata<\/h5>\n\t        <h3>Magic course for 8-12 year olds<\/h3>\n\t        <div class=\"tags\">\n\t        \t\t        \t\t<span>  8 &#8211; 12 years old<\/span>\n\t        \t\t        \t<span>3 hours<\/span>\n\t        <\/div>\n\t        <div class=\"bas\">\n        \t\t<div class=\"prix\">\n        \t\t\t        \t\t<\/div>\n            \t<div class=\"review-stars\" data-productId=\"103\">\n            \t<\/div>\n\t        <\/div>\n\t    <\/div>\n\t<\/a>\n<\/div><\/div><div class=\"swiper-slide\">\n\n<div class=\"grid\">\n\t<a href=\"https:\/\/www.familinparis.fr\/en\/chantilly-cooking-class\/\" target=\"_self\">\n\t    <div class=\"image\" style=\"background-image:url('https:\/\/www.familinparis.fr\/wp-content\/uploads\/2025\/01\/\u00a9atelierdelachantilly2025-9-564x282.jpg')\">\n\t    \t\t    \t<div class=\"dateOnImg\">du mardi au samedi<\/div>\n\t    \t\t\t\t\t    <\/div>\n\t    <div class=\"texte\">\n\t        <h5>L&#8217;Atelier de la Chantilly<\/h5>\n\t        <h3>Chantilly workshop: the musical battle<\/h3>\n\t        <div class=\"tags\">\n\t        \t\t        \t\t<span>Pour tous d\u00e8s 7 ans <\/span>\n\t        \t\t        \t<span>de 45 min \u00e0 1h30<\/span>\n\t        <\/div>\n\t        <div class=\"bas\">\n        \t\t<div class=\"prix\">\n        \t\t\t        \t\t<\/div>\n            \t<div class=\"review-stars\" data-productId=\"238\">\n            \t<\/div>\n\t        <\/div>\n\t    <\/div>\n\t<\/a>\n<\/div><\/div><div class=\"swiper-slide\">\n\n<div class=\"grid\">\n\t<a href=\"https:\/\/www.familinparis.fr\/en\/amphibious-bus-tour-of-paris-on-the-seine\/\" target=\"_self\">\n\t    <div class=\"image\" style=\"background-image:url('https:\/\/www.familinparis.fr\/wp-content\/uploads\/2025\/06\/\u00a9Les-Carnards-de-la-Seine-1-564x282.jpg')\">\n\t    \t\t    \t<div class=\"dateOnImg\">Every day (except WE)<\/div>\n\t    \t\t\t\t\t    <\/div>\n\t    <div class=\"texte\">\n\t        <h5>Paris and Haut-de-Seine<\/h5>\n\t        <h3>Paris amphibious bus tour on the Seine<\/h3>\n\t        <div class=\"tags\">\n\t        \t\t        \t\t<span>Original<\/span>\n\t        \t\t        \t<span>2 hours<\/span>\n\t        <\/div>\n\t        <div class=\"bas\">\n        \t\t<div class=\"prix\">\n        \t\t\t        \t\t<\/div>\n            \t<div class=\"review-stars\" data-productId=\"\">\n            \t<\/div>\n\t        <\/div>\n\t    <\/div>\n\t<\/a>\n<\/div><\/div><div class=\"swiper-slide\">\n\n<div class=\"grid\">\n\t<a href=\"https:\/\/www.familinparis.fr\/en\/magic-courses-at-the-museum-of-magic\/\" target=\"_self\">\n\t    <div class=\"image\" style=\"background-image:url('https:\/\/www.familinparis.fr\/wp-content\/uploads\/E-SHOP\/Musee-de-la-magie\/Stage-de-magie-de-scene-564x282.jpg')\">\n\t    \t\t    \t<div class=\"dateOnImg\">All year round<\/div>\n\t    \t\t\t\t\t    <\/div>\n\t    <div class=\"texte\">\n\t        <h5>Museum of Magic and Automata (Paris 4th)<\/h5>\n\t        <h3>Magic Courses at the Museum of Magic<\/h3>\n\t        <div class=\"tags\">\n\t        \t\t        \t\t<span>For everyone from 6 years old<\/span>\n\t        \t\t        \t<span>2h30 or 3h<\/span>\n\t        <\/div>\n\t        <div class=\"bas\">\n        \t\t<div class=\"prix\">\n        \t\t\t        \t\t<\/div>\n            \t<div class=\"review-stars\" data-productId=\"67\">\n            \t<\/div>\n\t        <\/div>\n\t    <\/div>\n\t<\/a>\n<\/div><\/div><div class=\"swiper-slide\">\n\n<div class=\"grid\">\n\t<a href=\"https:\/\/www.familinparis.fr\/en\/the-bois-dattilly-zoo\/\" target=\"_self\">\n\t    <div class=\"image\" style=\"background-image:url('https:\/\/www.familinparis.fr\/wp-content\/uploads\/photos-partenaires\/animaux\/zoo-du-jardin-des-plantes-tarif-75005-564x282.jpg')\">\n\t    \t\t\t\t\t    <\/div>\n\t    <div class=\"texte\">\n\t        <h5><\/h5>\n\t        <h3>The Bois d&#8217;Attilly Zoo<\/h3>\n\t        <div class=\"tags\">\n\t        \t\t        \t<span><\/span>\n\t        <\/div>\n\t        <div class=\"bas\">\n        \t\t<div class=\"prix\">\n        \t\t\t\t        \t\t\t<span>From<\/span>\n\t        \t\t\t<span class=\"chiffre-barre\">21\u20ac<\/span>\n\t        \t\t\t<span class=\"chiffre\">19\u20ac<\/span>\t        \t\t        \t\t<\/div>\n            \t<div class=\"review-stars\" data-productId=\"\">\n            \t<\/div>\n\t        <\/div>\n\t    <\/div>\n\t<\/a>\n<\/div><\/div><div class=\"swiper-slide\">\n\n<div class=\"grid\">\n\t<a href=\"https:\/\/www.familinparis.fr\/en\/mummies-exhibition-at-the-musee-de-l-homme\/\" target=\"_self\">\n\t    <div class=\"image\" style=\"background-image:url('https:\/\/www.familinparis.fr\/wp-content\/uploads\/2025\/11\/AFFICHE-MH_MOMIES_40x32-564x282.jpg')\">\n\t    \t\t    \t<div class=\"dateOnImg\">Jusqu&#8217;au 25 mai 2026<\/div>\n\t    \t\t\t\t\t\t\t\t<div class=\"rond-blanc-age\"><span>from <span class=\"age-number\">8<\/span> yo<\/span><\/div>\n\t\t\t\t    <\/div>\n\t    <div class=\"texte\">\n\t        <h5>Mus\u00e9e de l&#8217;Homme (Paris 16\u00e8me)<\/h5>\n\t        <h3>MOMIES \u2022 At the Mus\u00e9e de l&#8217;Homme<\/h3>\n\t        <div class=\"tags\">\n\t        \t\t        \t\t<span>exposition<\/span>\n\t        \t\t        \t<span>1h<\/span>\n\t        <\/div>\n\t        <div class=\"bas\">\n        \t\t<div class=\"prix\">\n        \t\t\t        \t\t<\/div>\n            \t<div class=\"review-stars\" data-productId=\"\">\n            \t<\/div>\n\t        <\/div>\n\t    <\/div>\n\t<\/a>\n<\/div><\/div><div class=\"swiper-slide\">\n\n<div class=\"grid\">\n\t<a href=\"https:\/\/www.familinparis.fr\/en\/street-art-at-the-butte-aux-cailles-guided-tour\/\" target=\"_self\">\n\t    <div class=\"image\" style=\"background-image:url('https:\/\/www.familinparis.fr\/wp-content\/uploads\/photos-familinparis-2021\/quartier\/rue-des-cinq-diamants-street-art-butte-aux-cailles-\u00a9FamilinParis-564x282.jpg')\">\n\t    \t\t\t\t\t    <\/div>\n\t    <div class=\"texte\">\n\t        <h5><\/h5>\n\t        <h3>Street Art at the Butte aux Cailles (guided tour)<\/h3>\n\t        <div class=\"tags\">\n\t        \t\t        \t<span><\/span>\n\t        <\/div>\n\t        <div class=\"bas\">\n        \t\t<div class=\"prix\">\n        \t\t\t        \t\t<\/div>\n            \t<div class=\"review-stars\" data-productId=\"266\">\n            \t<\/div>\n\t        <\/div>\n\t    <\/div>\n\t<\/a>\n<\/div><\/div><div class=\"swiper-slide\">\n\n<div class=\"grid\">\n\t<a href=\"https:\/\/www.familinparis.fr\/en\/revolution-tour-versailles-guided-tour\/\" target=\"_self\">\n\t    <div class=\"image\" style=\"background-image:url('https:\/\/www.familinparis.fr\/wp-content\/uploads\/Visites-Insolites\/Versailles\/Versailles-Revolution-Tour-2025-564x282.jpg')\">\n\t    \t\t\t\t\t    <\/div>\n\t    <div class=\"texte\">\n\t        <h5><\/h5>\n\t        <h3>Revolution tour Versailles (guided tour)<\/h3>\n\t        <div class=\"tags\">\n\t        \t\t        \t<span><\/span>\n\t        <\/div>\n\t        <div class=\"bas\">\n        \t\t<div class=\"prix\">\n        \t\t\t        \t\t<\/div>\n            \t<div class=\"review-stars\" data-productId=\"155\">\n            \t<\/div>\n\t        <\/div>\n\t    <\/div>\n\t<\/a>\n<\/div><\/div><div class=\"swiper-slide\">\n\n<div class=\"grid\">\n\t<a href=\"https:\/\/www.familinparis.fr\/en\/teens\/\" target=\"_self\">\n\t    <div class=\"image\" style=\"background-image:url('https:\/\/www.familinparis.fr\/wp-content\/uploads\/THEATRE\/Ados\/piece-de-theatre-ados-paris-490x282.jpg')\">\n\t    \t\t\t\t\t    <\/div>\n\t    <div class=\"texte\">\n\t        <h5><\/h5>\n\t        <h3>Teens<\/h3>\n\t        <div class=\"tags\">\n\t        \t\t        \t<span><\/span>\n\t        <\/div>\n\t        <div class=\"bas\">\n        \t\t<div class=\"prix\">\n        \t\t\t        \t\t<\/div>\n            \t<div class=\"review-stars\" data-productId=\"\">\n            \t<\/div>\n\t        <\/div>\n\t    <\/div>\n\t<\/a>\n<\/div><\/div><div class=\"swiper-slide\">\n\n<div class=\"grid\">\n\t<a href=\"https:\/\/www.familinparis.fr\/en\/gallic-christmas-at-parc-asterix\/\" target=\"_self\">\n\t    <div class=\"image\" style=\"background-image:url('https:\/\/www.familinparis.fr\/wp-content\/uploads\/2024\/08\/NoelGaulois2025-564x282.jpg')\">\n\t    \t\t    \t<div class=\"dateOnImg\">Du 20 d\u00e9cembre 2025 au 4 janvier 2026<\/div>\n\t    \t\t\t\t\t\t\t\t<div class=\"rond-blanc-age\"><span>For all<\/span><\/div>\n\t\t\t\t    <\/div>\n\t    <div class=\"texte\">\n\t        <h5>Au Parc Ast\u00e9rix (60)<\/h5>\n\t        <h3>Gallic Christmas at Parc Ast\u00e9rix<\/h3>\n\t        <div class=\"tags\">\n\t        \t\t        \t\t<span>No\u00ebl 2025<\/span>\n\t        \t\t        \t<span><\/span>\n\t        <\/div>\n\t        <div class=\"bas\">\n        \t\t<div class=\"prix\">\n        \t\t\t        \t\t<\/div>\n            \t<div class=\"review-stars\" data-productId=\"\">\n            \t<\/div>\n\t        <\/div>\n\t    <\/div>\n\t<\/a>\n<\/div><\/div><div class=\"swiper-slide\">\n\n<div class=\"grid\">\n\t<a href=\"https:\/\/www.familinparis.fr\/en\/the-most-beautiful-christmas-lights\/\" target=\"_self\">\n\t    <div class=\"image\" style=\"background-image:url('https:\/\/www.familinparis.fr\/wp-content\/uploads\/2025\/11\/christmas-4669635_1280-564x282.jpg')\">\n\t    \t\t    \t<div class=\"dateOnImg\">Jusqu&#8217;\u00e0 d\u00e9but janvier 2026<\/div>\n\t    \t\t\t\t\t\t\t\t<div class=\"rond-blanc-age\"><span>For all<\/span><\/div>\n\t\t\t\t    <\/div>\n\t    <div class=\"texte\">\n\t        <h5>A Paris et autour<\/h5>\n\t        <h3>The most beautiful Christmas lights in Paris<\/h3>\n\t        <div class=\"tags\">\n\t        \t\t        \t\t<span>FEERIE DE NO\u00cbL<\/span>\n\t        \t\t        \t<span><\/span>\n\t        <\/div>\n\t        <div class=\"bas\">\n        \t\t<div class=\"prix\">\n        \t\t\t        \t\t<\/div>\n            \t<div class=\"review-stars\" data-productId=\"\">\n            \t<\/div>\n\t        <\/div>\n\t    <\/div>\n\t<\/a>\n<\/div><\/div><div class=\"swiper-slide\">\n\n<div class=\"grid\">\n\t<a href=\"https:\/\/www.familinparis.fr\/en\/christmas-shows-for-children\/\" target=\"_self\">\n\t    <div class=\"image\" style=\"background-image:url('https:\/\/www.familinparis.fr\/wp-content\/uploads\/actualites\/noel\/spectacles\/bonnet-de-noel-theatre-564x282.jpg')\">\n\t    \t\t\t\t\t    <\/div>\n\t    <div class=\"texte\">\n\t        <h5><\/h5>\n\t        <h3>Christmas shows for children<\/h3>\n\t        <div class=\"tags\">\n\t        \t\t        \t<span><\/span>\n\t        <\/div>\n\t        <div class=\"bas\">\n        \t\t<div class=\"prix\">\n        \t\t\t        \t\t<\/div>\n            \t<div class=\"review-stars\" data-productId=\"\">\n            \t<\/div>\n\t        <\/div>\n\t    <\/div>\n\t<\/a>\n<\/div><\/div><div class=\"swiper-slide\">\n\n<div class=\"grid\">\n\t<a href=\"https:\/\/www.familinparis.fr\/en\/festival-of-the-marvelous-museum-of-fairground-art\/\" target=\"_self\">\n\t    <div class=\"image\" style=\"background-image:url('https:\/\/www.familinparis.fr\/wp-content\/uploads\/2020\/02\/3c3faae0f29efe0a588414da1302f65d-564x282.jpg')\">\n\t    \t\t    \t<div class=\"dateOnImg\">Du 26 d\u00e9c. 2025 au 4 janvier 2026<\/div>\n\t    \t\t\t\t\t\t\t\t<div class=\"rond-blanc-age\"><span>from <span class=\"age-number\">3<\/span> yo<\/span><\/div>\n\t\t\t\t    <\/div>\n\t    <div class=\"texte\">\n\t        <h5>Au mus\u00e9e des Arts Forains (Paris 12e)<\/h5>\n\t        <h3>The Festival of Wonders at the Museum of Fairground Arts<\/h3>\n\t        <div class=\"tags\">\n\t        \t\t        \t\t<span>F\u00c9ERIE DE NO\u00cbL<\/span>\n\t        \t\t        \t<span>Tous les jours<\/span>\n\t        <\/div>\n\t        <div class=\"bas\">\n        \t\t<div class=\"prix\">\n        \t\t\t        \t\t<\/div>\n            \t<div class=\"review-stars\" data-productId=\"\">\n            \t<\/div>\n\t        <\/div>\n\t    <\/div>\n\t<\/a>\n<\/div><\/div><div class=\"swiper-slide\">\n\n<div class=\"grid\">\n\t<a href=\"https:\/\/www.familinparis.fr\/en\/tour-show-the-eternal-spirit-of-montmartre\/\" target=\"_self\">\n\t    <div class=\"image\" style=\"background-image:url('https:\/\/www.familinparis.fr\/wp-content\/uploads\/2024\/05\/Visite-insolite-Montmartre-564x282.jpg')\">\n\t    \t\t\t\t\t    <\/div>\n\t    <div class=\"texte\">\n\t        <h5>In Montmartre<\/h5>\n\t        <h3>Tour Show &#8211; &#8220;The Eternal Spirit of Montmartre&#8221;<\/h3>\n\t        <div class=\"tags\">\n\t        \t\t        \t\t<span>From 6 years old<\/span>\n\t        \t\t        \t<span>1h30<\/span>\n\t        <\/div>\n\t        <div class=\"bas\">\n        \t\t<div class=\"prix\">\n        \t\t\t        \t\t<\/div>\n            \t<div class=\"review-stars\" data-productId=\"\">\n            \t<\/div>\n\t        <\/div>\n\t    <\/div>\n\t<\/a>\n<\/div><\/div><div class=\"swiper-slide\">\n\n<div class=\"grid\">\n\t<a href=\"https:\/\/www.familinparis.fr\/en\/guided-electric-scooter-ride\/\" target=\"_self\">\n\t    <div class=\"image\" style=\"background-image:url('https:\/\/www.familinparis.fr\/wp-content\/uploads\/2025\/05\/trottinette-electrqiue-tour-dans-paris-564x282.jpg')\">\n\t    \t\t    \t<div class=\"dateOnImg\">EVERY DAY<\/div>\n\t    \t\t\t\t\t    <\/div>\n\t    <div class=\"texte\">\n\t        <h5>Paris, 8th<\/h5>\n\t        <h3>Electric scooter: a fun and touristic ride<\/h3>\n\t        <div class=\"tags\">\n\t        \t\t        \t\t<span>Guided tour<\/span>\n\t        \t\t        \t<span>2 hours<\/span>\n\t        <\/div>\n\t        <div class=\"bas\">\n        \t\t<div class=\"prix\">\n        \t\t\t\t        \t\t\t<span>From<\/span>\n\t        \t\t\t<span class=\"chiffre-barre\">45\u20ac<\/span>\n\t        \t\t\t<span class=\"chiffre\">42\u20ac<\/span>\t        \t\t        \t\t<\/div>\n            \t<div class=\"review-stars\" data-productId=\"16\">\n            \t<\/div>\n\t        <\/div>\n\t    <\/div>\n\t<\/a>\n<\/div><\/div>        <\/div>\n    <\/div>\n    \n            <div class=\"col-12 t-center m-b-20\">\n            <div class=\"labels__fam\">\n                                    <a href=\"\/vacances-de-noel\/\" class=\"labels__fam-color-secondary labels__fam-radius-rounded\">\n                        Our special &#8220;Christmas holidays&#8221; section                    <\/a>\n                            <\/div>\n        <\/div>\n    <\/div>\n\n<\/div>\n<p><\/p>\n","protected":false},"excerpt":{"rendered":"<p>Funfair and Christmas market at the Tuileries for the end of year celebrations<\/p>\n","protected":false},"author":5,"featured_media":132500,"comment_status":"open","ping_status":"open","sticky":false,"template":"","format":"standard","meta":{"_uag_custom_page_level_css":"","footnotes":""},"categories":[85,1035,1344,1346],"tags":[1186,1298,1296,1218,1211,1297],"class_list":{"0":"post-136181","1":"post","2":"type-post","3":"status-publish","4":"format-standard","5":"has-post-thumbnail","7":"category-actualites","8":"category-archives","9":"category-ice-skating","10":"category-parks-and-gardens","11":"tag-archive-noel","12":"tag-christmas","13":"tag-december","14":"tag-december-25","15":"tag-january-1","16":"tag-november"},"yoast_head":"<!-- This site is optimized with the Yoast SEO plugin v27.2 - https:\/\/yoast.com\/product\/yoast-seo-wordpress\/ -->\n<title>The Tuileries Christmas Market<\/title>\n<meta name=\"description\" content=\"From Nov 16, 2024 to Jan 1, 2025 \u2022 Funfair and Christmas market in the Tuileries \ud83e\uddd1 \ud83c\udf84 Garden \u2022 A must for the end of year celebrations\" \/>\n<meta name=\"robots\" content=\"index, follow, max-snippet:-1, max-image-preview:large, max-video-preview:-1\" \/>\n<link rel=\"canonical\" href=\"https:\/\/www.familinparis.fr\/en\/the-tuileries-christmas-market-in-paris-2024\/\" \/>\n<meta property=\"og:locale\" content=\"en_US\" \/>\n<meta property=\"og:type\" content=\"article\" \/>\n<meta property=\"og:title\" content=\"The Tuileries Christmas Market\" \/>\n<meta property=\"og:description\" content=\"From Nov 16, 2024 to Jan 1, 2025 \u2022 Funfair and Christmas market in the Tuileries \ud83e\uddd1 \ud83c\udf84 Garden \u2022 A must for the end of year celebrations\" \/>\n<meta property=\"og:url\" content=\"https:\/\/www.familinparis.fr\/en\/the-tuileries-christmas-market-in-paris-2024\/\" \/>\n<meta property=\"og:site_name\" content=\"Familin&#039;Paris\" \/>\n<meta property=\"article:published_time\" content=\"2025-10-13T06:32:00+00:00\" \/>\n<meta property=\"article:modified_time\" content=\"2026-02-12T12:37:19+00:00\" \/>\n<meta property=\"og:image\" content=\"https:\/\/www.familinparis.fr\/wp-content\/uploads\/2023\/11\/jardin-des-tuileries-marche-de-noel.jpg\" \/>\n\t<meta property=\"og:image:width\" content=\"1920\" \/>\n\t<meta property=\"og:image:height\" content=\"1440\" \/>\n\t<meta property=\"og:image:type\" content=\"image\/jpeg\" \/>\n<meta name=\"author\" content=\"olivia\" \/>\n<meta name=\"twitter:card\" content=\"summary_large_image\" \/>\n<meta name=\"twitter:label1\" content=\"Written by\" \/>\n\t<meta name=\"twitter:data1\" content=\"olivia\" \/>\n\t<meta name=\"twitter:label2\" content=\"Est. reading time\" \/>\n\t<meta name=\"twitter:data2\" content=\"2 minutes\" \/>\n<script type=\"application\/ld+json\" class=\"yoast-schema-graph\">{\"@context\":\"https:\/\/schema.org\",\"@graph\":[{\"@type\":\"Article\",\"@id\":\"https:\/\/www.familinparis.fr\/en\/the-tuileries-christmas-market-in-paris-2024\/#article\",\"isPartOf\":{\"@id\":\"https:\/\/www.familinparis.fr\/en\/the-tuileries-christmas-market-in-paris-2024\/\"},\"author\":{\"name\":\"olivia\",\"@id\":\"https:\/\/www.familinparis.fr\/en\/#\/schema\/person\/a87467bb417cd0c77d0a7bb5d1d78ac5\"},\"headline\":\"The Tuileries Christmas Market in Paris 2024\",\"datePublished\":\"2025-10-13T06:32:00+00:00\",\"dateModified\":\"2026-02-12T12:37:19+00:00\",\"mainEntityOfPage\":{\"@id\":\"https:\/\/www.familinparis.fr\/en\/the-tuileries-christmas-market-in-paris-2024\/\"},\"wordCount\":464,\"commentCount\":0,\"image\":{\"@id\":\"https:\/\/www.familinparis.fr\/en\/the-tuileries-christmas-market-in-paris-2024\/#primaryimage\"},\"thumbnailUrl\":\"https:\/\/www.familinparis.fr\/wp-content\/uploads\/2023\/11\/jardin-des-tuileries-marche-de-noel.jpg\",\"keywords\":[\"Archive No\u00ebl\",\"Christmas\",\"December\",\"December 25\",\"January 1\",\"November\"],\"articleSection\":[\"Actualit\u00e9s\",\"Archives\",\"Ice skating\",\"Parks and gardens\"],\"inLanguage\":\"en-US\",\"potentialAction\":[{\"@type\":\"CommentAction\",\"name\":\"Comment\",\"target\":[\"https:\/\/www.familinparis.fr\/en\/the-tuileries-christmas-market-in-paris-2024\/#respond\"]}]},{\"@type\":[\"WebPage\",\"FAQPage\"],\"@id\":\"https:\/\/www.familinparis.fr\/en\/the-tuileries-christmas-market-in-paris-2024\/\",\"url\":\"https:\/\/www.familinparis.fr\/en\/the-tuileries-christmas-market-in-paris-2024\/\",\"name\":\"The Tuileries Christmas Market\",\"isPartOf\":{\"@id\":\"https:\/\/www.familinparis.fr\/en\/#website\"},\"primaryImageOfPage\":{\"@id\":\"https:\/\/www.familinparis.fr\/en\/the-tuileries-christmas-market-in-paris-2024\/#primaryimage\"},\"image\":{\"@id\":\"https:\/\/www.familinparis.fr\/en\/the-tuileries-christmas-market-in-paris-2024\/#primaryimage\"},\"thumbnailUrl\":\"https:\/\/www.familinparis.fr\/wp-content\/uploads\/2023\/11\/jardin-des-tuileries-marche-de-noel.jpg\",\"datePublished\":\"2025-10-13T06:32:00+00:00\",\"dateModified\":\"2026-02-12T12:37:19+00:00\",\"author\":{\"@id\":\"https:\/\/www.familinparis.fr\/en\/#\/schema\/person\/a87467bb417cd0c77d0a7bb5d1d78ac5\"},\"description\":\"From Nov 16, 2024 to Jan 1, 2025 \u2022 Funfair and Christmas market in the Tuileries \ud83e\uddd1 \ud83c\udf84 Garden \u2022 A must for the end of year celebrations\",\"breadcrumb\":{\"@id\":\"https:\/\/www.familinparis.fr\/en\/the-tuileries-christmas-market-in-paris-2024\/#breadcrumb\"},\"mainEntity\":[{\"@id\":\"https:\/\/www.familinparis.fr\/en\/the-tuileries-christmas-market-in-paris-2024\/#faq-question-1763534335703\"},{\"@id\":\"https:\/\/www.familinparis.fr\/en\/the-tuileries-christmas-market-in-paris-2024\/#faq-question-1763534398997\"},{\"@id\":\"https:\/\/www.familinparis.fr\/en\/the-tuileries-christmas-market-in-paris-2024\/#faq-question-1763534468325\"},{\"@id\":\"https:\/\/www.familinparis.fr\/en\/the-tuileries-christmas-market-in-paris-2024\/#faq-question-1763534573378\"},{\"@id\":\"https:\/\/www.familinparis.fr\/en\/the-tuileries-christmas-market-in-paris-2024\/#faq-question-1763534769478\"}],\"inLanguage\":\"en-US\",\"potentialAction\":[{\"@type\":\"ReadAction\",\"target\":[\"https:\/\/www.familinparis.fr\/en\/the-tuileries-christmas-market-in-paris-2024\/\"]}]},{\"@type\":\"ImageObject\",\"inLanguage\":\"en-US\",\"@id\":\"https:\/\/www.familinparis.fr\/en\/the-tuileries-christmas-market-in-paris-2024\/#primaryimage\",\"url\":\"https:\/\/www.familinparis.fr\/wp-content\/uploads\/2023\/11\/jardin-des-tuileries-marche-de-noel.jpg\",\"contentUrl\":\"https:\/\/www.familinparis.fr\/wp-content\/uploads\/2023\/11\/jardin-des-tuileries-marche-de-noel.jpg\",\"width\":1920,\"height\":1440},{\"@type\":\"BreadcrumbList\",\"@id\":\"https:\/\/www.familinparis.fr\/en\/the-tuileries-christmas-market-in-paris-2024\/#breadcrumb\",\"itemListElement\":[{\"@type\":\"ListItem\",\"position\":1,\"name\":\"Home\",\"item\":\"https:\/\/www.familinparis.fr\/en\/\"},{\"@type\":\"ListItem\",\"position\":2,\"name\":\"Leisure\",\"item\":\"https:\/\/www.familinparis.fr\/en\/categorie\/leisure-en\/\"},{\"@type\":\"ListItem\",\"position\":3,\"name\":\"Ice skating\",\"item\":\"https:\/\/www.familinparis.fr\/en\/categorie\/leisure-en\/ice-skating\/\"},{\"@type\":\"ListItem\",\"position\":4,\"name\":\"The Tuileries Christmas Market in Paris 2024\"}]},{\"@type\":\"WebSite\",\"@id\":\"https:\/\/www.familinparis.fr\/en\/#website\",\"url\":\"https:\/\/www.familinparis.fr\/en\/\",\"name\":\"Familin&#039;Paris\",\"description\":\"Visiter le meilleur de Paris avec des enfants : sorties, spectacles, adresses de restaurants, shopping, bons plans...\",\"potentialAction\":[{\"@type\":\"SearchAction\",\"target\":{\"@type\":\"EntryPoint\",\"urlTemplate\":\"https:\/\/www.familinparis.fr\/en\/?s={search_term_string}\"},\"query-input\":{\"@type\":\"PropertyValueSpecification\",\"valueRequired\":true,\"valueName\":\"search_term_string\"}}],\"inLanguage\":\"en-US\"},{\"@type\":\"Person\",\"@id\":\"https:\/\/www.familinparis.fr\/en\/#\/schema\/person\/a87467bb417cd0c77d0a7bb5d1d78ac5\",\"name\":\"olivia\",\"image\":{\"@type\":\"ImageObject\",\"inLanguage\":\"en-US\",\"@id\":\"https:\/\/secure.gravatar.com\/avatar\/cbca07f1dfea20f457a666a1b84ed5cf1364773d1378c6f10fd36c354eef1ef8?s=96&d=identicon&r=g\",\"url\":\"https:\/\/secure.gravatar.com\/avatar\/cbca07f1dfea20f457a666a1b84ed5cf1364773d1378c6f10fd36c354eef1ef8?s=96&d=identicon&r=g\",\"contentUrl\":\"https:\/\/secure.gravatar.com\/avatar\/cbca07f1dfea20f457a666a1b84ed5cf1364773d1378c6f10fd36c354eef1ef8?s=96&d=identicon&r=g\",\"caption\":\"olivia\"}},{\"@type\":\"Question\",\"@id\":\"https:\/\/www.familinparis.fr\/en\/the-tuileries-christmas-market-in-paris-2024\/#faq-question-1763534335703\",\"position\":1,\"url\":\"https:\/\/www.familinparis.fr\/en\/the-tuileries-christmas-market-in-paris-2024\/#faq-question-1763534335703\",\"name\":\"Quand ouvre et quand se termine le March\u00e9 de No\u00ebl des Tuileries 2025\u00a0?\",\"answerCount\":1,\"acceptedAnswer\":{\"@type\":\"Answer\",\"text\":\"Les stands du march\u00e9 de No\u00ebl seront install\u00e9s \u00e0 partir du 15 novembre 2025 dans le jardin de Tuileries. Cette ann\u00e9e, le march\u00e9 de No\u00ebl se terminera le 4 janvier 2026\",\"inLanguage\":\"en-US\"},\"inLanguage\":\"en-US\"},{\"@type\":\"Question\",\"@id\":\"https:\/\/www.familinparis.fr\/en\/the-tuileries-christmas-market-in-paris-2024\/#faq-question-1763534398997\",\"position\":2,\"url\":\"https:\/\/www.familinparis.fr\/en\/the-tuileries-christmas-market-in-paris-2024\/#faq-question-1763534398997\",\"name\":\"Le march\u00e9 de No\u00ebl est-il ouvert les jours f\u00e9ri\u00e9s (No\u00ebl et Jour de l\u2019An)\u00a0?\",\"answerCount\":1,\"acceptedAnswer\":{\"@type\":\"Answer\",\"text\":\"Le march\u00e9 de No\u00ebl est ouverts les 25 d\u00e9cembre (jour de no\u00ebl) et 1er janvier (jour de l'an)\",\"inLanguage\":\"en-US\"},\"inLanguage\":\"en-US\"},{\"@type\":\"Question\",\"@id\":\"https:\/\/www.familinparis.fr\/en\/the-tuileries-christmas-market-in-paris-2024\/#faq-question-1763534468325\",\"position\":3,\"url\":\"https:\/\/www.familinparis.fr\/en\/the-tuileries-christmas-market-in-paris-2024\/#faq-question-1763534468325\",\"name\":\"Quelles attractions au march\u00e9 de No\u00ebl pour les tout-petits ?\",\"answerCount\":1,\"acceptedAnswer\":{\"@type\":\"Answer\",\"text\":\"Parmi les attractions propos\u00e9es aux tout-petits, on pourra trouver les incontournables p\u00eaches \u00e0 la ligne, des man\u00e8ges et carrousel ou encore des toboggans. \",\"inLanguage\":\"en-US\"},\"inLanguage\":\"en-US\"},{\"@type\":\"Question\",\"@id\":\"https:\/\/www.familinparis.fr\/en\/the-tuileries-christmas-market-in-paris-2024\/#faq-question-1763534573378\",\"position\":4,\"url\":\"https:\/\/www.familinparis.fr\/en\/the-tuileries-christmas-market-in-paris-2024\/#faq-question-1763534573378\",\"name\":\"Y a-t-il le P\u00e8re No\u00ebl sur place au march\u00e9 de No\u00ebl\u00a0des Tuileries\u00a0?\",\"answerCount\":1,\"acceptedAnswer\":{\"@type\":\"Answer\",\"text\":\"Oui, bien s\u00fbr ! Les enfants pourront croiser le p\u00e8re No\u00ebl au march\u00e9 des no\u00ebl des Tuileries\",\"inLanguage\":\"en-US\"},\"inLanguage\":\"en-US\"},{\"@type\":\"Question\",\"@id\":\"https:\/\/www.familinparis.fr\/en\/the-tuileries-christmas-market-in-paris-2024\/#faq-question-1763534769478\",\"position\":5,\"url\":\"https:\/\/www.familinparis.fr\/en\/the-tuileries-christmas-market-in-paris-2024\/#faq-question-1763534769478\",\"name\":\"Comment se rendre au march\u00e9 de No\u00ebl\u00a0des Tuileries\u00a0?\",\"answerCount\":1,\"acceptedAnswer\":{\"@type\":\"Answer\",\"text\":\"En m\u00e9tro avec la ligne 1 (station Tuileries), la ligne 7 (station Palais-Royal - Mus\u00e9e du Louvre), la ligne 14 (station Pyramides) - En bus avec les lignes\u00a0<strong>69, 68, 42, 87<\/strong>\u00a0et\u00a0<strong>63<\/strong>\",\"inLanguage\":\"en-US\"},\"inLanguage\":\"en-US\"}]}<\/script>\n<!-- \/ Yoast SEO plugin. -->","yoast_head_json":{"title":"The Tuileries Christmas Market","description":"From Nov 16, 2024 to Jan 1, 2025 \u2022 Funfair and Christmas market in the Tuileries \ud83e\uddd1 \ud83c\udf84 Garden \u2022 A must for the end of year celebrations","robots":{"index":"index","follow":"follow","max-snippet":"max-snippet:-1","max-image-preview":"max-image-preview:large","max-video-preview":"max-video-preview:-1"},"canonical":"https:\/\/www.familinparis.fr\/en\/the-tuileries-christmas-market-in-paris-2024\/","og_locale":"en_US","og_type":"article","og_title":"The Tuileries Christmas Market","og_description":"From Nov 16, 2024 to Jan 1, 2025 \u2022 Funfair and Christmas market in the Tuileries \ud83e\uddd1 \ud83c\udf84 Garden \u2022 A must for the end of year celebrations","og_url":"https:\/\/www.familinparis.fr\/en\/the-tuileries-christmas-market-in-paris-2024\/","og_site_name":"Familin&#039;Paris","article_published_time":"2025-10-13T06:32:00+00:00","article_modified_time":"2026-02-12T12:37:19+00:00","og_image":[{"width":1920,"height":1440,"url":"https:\/\/www.familinparis.fr\/wp-content\/uploads\/2023\/11\/jardin-des-tuileries-marche-de-noel.jpg","type":"image\/jpeg"}],"author":"olivia","twitter_card":"summary_large_image","twitter_misc":{"Written by":"olivia","Est. reading time":"2 minutes"},"schema":{"@context":"https:\/\/schema.org","@graph":[{"@type":"Article","@id":"https:\/\/www.familinparis.fr\/en\/the-tuileries-christmas-market-in-paris-2024\/#article","isPartOf":{"@id":"https:\/\/www.familinparis.fr\/en\/the-tuileries-christmas-market-in-paris-2024\/"},"author":{"name":"olivia","@id":"https:\/\/www.familinparis.fr\/en\/#\/schema\/person\/a87467bb417cd0c77d0a7bb5d1d78ac5"},"headline":"The Tuileries Christmas Market in Paris 2024","datePublished":"2025-10-13T06:32:00+00:00","dateModified":"2026-02-12T12:37:19+00:00","mainEntityOfPage":{"@id":"https:\/\/www.familinparis.fr\/en\/the-tuileries-christmas-market-in-paris-2024\/"},"wordCount":464,"commentCount":0,"image":{"@id":"https:\/\/www.familinparis.fr\/en\/the-tuileries-christmas-market-in-paris-2024\/#primaryimage"},"thumbnailUrl":"https:\/\/www.familinparis.fr\/wp-content\/uploads\/2023\/11\/jardin-des-tuileries-marche-de-noel.jpg","keywords":["Archive No\u00ebl","Christmas","December","December 25","January 1","November"],"articleSection":["Actualit\u00e9s","Archives","Ice skating","Parks and gardens"],"inLanguage":"en-US","potentialAction":[{"@type":"CommentAction","name":"Comment","target":["https:\/\/www.familinparis.fr\/en\/the-tuileries-christmas-market-in-paris-2024\/#respond"]}]},{"@type":["WebPage","FAQPage"],"@id":"https:\/\/www.familinparis.fr\/en\/the-tuileries-christmas-market-in-paris-2024\/","url":"https:\/\/www.familinparis.fr\/en\/the-tuileries-christmas-market-in-paris-2024\/","name":"The Tuileries Christmas Market","isPartOf":{"@id":"https:\/\/www.familinparis.fr\/en\/#website"},"primaryImageOfPage":{"@id":"https:\/\/www.familinparis.fr\/en\/the-tuileries-christmas-market-in-paris-2024\/#primaryimage"},"image":{"@id":"https:\/\/www.familinparis.fr\/en\/the-tuileries-christmas-market-in-paris-2024\/#primaryimage"},"thumbnailUrl":"https:\/\/www.familinparis.fr\/wp-content\/uploads\/2023\/11\/jardin-des-tuileries-marche-de-noel.jpg","datePublished":"2025-10-13T06:32:00+00:00","dateModified":"2026-02-12T12:37:19+00:00","author":{"@id":"https:\/\/www.familinparis.fr\/en\/#\/schema\/person\/a87467bb417cd0c77d0a7bb5d1d78ac5"},"description":"From Nov 16, 2024 to Jan 1, 2025 \u2022 Funfair and Christmas market in the Tuileries \ud83e\uddd1 \ud83c\udf84 Garden \u2022 A must for the end of year celebrations","breadcrumb":{"@id":"https:\/\/www.familinparis.fr\/en\/the-tuileries-christmas-market-in-paris-2024\/#breadcrumb"},"mainEntity":[{"@id":"https:\/\/www.familinparis.fr\/en\/the-tuileries-christmas-market-in-paris-2024\/#faq-question-1763534335703"},{"@id":"https:\/\/www.familinparis.fr\/en\/the-tuileries-christmas-market-in-paris-2024\/#faq-question-1763534398997"},{"@id":"https:\/\/www.familinparis.fr\/en\/the-tuileries-christmas-market-in-paris-2024\/#faq-question-1763534468325"},{"@id":"https:\/\/www.familinparis.fr\/en\/the-tuileries-christmas-market-in-paris-2024\/#faq-question-1763534573378"},{"@id":"https:\/\/www.familinparis.fr\/en\/the-tuileries-christmas-market-in-paris-2024\/#faq-question-1763534769478"}],"inLanguage":"en-US","potentialAction":[{"@type":"ReadAction","target":["https:\/\/www.familinparis.fr\/en\/the-tuileries-christmas-market-in-paris-2024\/"]}]},{"@type":"ImageObject","inLanguage":"en-US","@id":"https:\/\/www.familinparis.fr\/en\/the-tuileries-christmas-market-in-paris-2024\/#primaryimage","url":"https:\/\/www.familinparis.fr\/wp-content\/uploads\/2023\/11\/jardin-des-tuileries-marche-de-noel.jpg","contentUrl":"https:\/\/www.familinparis.fr\/wp-content\/uploads\/2023\/11\/jardin-des-tuileries-marche-de-noel.jpg","width":1920,"height":1440},{"@type":"BreadcrumbList","@id":"https:\/\/www.familinparis.fr\/en\/the-tuileries-christmas-market-in-paris-2024\/#breadcrumb","itemListElement":[{"@type":"ListItem","position":1,"name":"Home","item":"https:\/\/www.familinparis.fr\/en\/"},{"@type":"ListItem","position":2,"name":"Leisure","item":"https:\/\/www.familinparis.fr\/en\/categorie\/leisure-en\/"},{"@type":"ListItem","position":3,"name":"Ice skating","item":"https:\/\/www.familinparis.fr\/en\/categorie\/leisure-en\/ice-skating\/"},{"@type":"ListItem","position":4,"name":"The Tuileries Christmas Market in Paris 2024"}]},{"@type":"WebSite","@id":"https:\/\/www.familinparis.fr\/en\/#website","url":"https:\/\/www.familinparis.fr\/en\/","name":"Familin&#039;Paris","description":"Visiter le meilleur de Paris avec des enfants : sorties, spectacles, adresses de restaurants, shopping, bons plans...","potentialAction":[{"@type":"SearchAction","target":{"@type":"EntryPoint","urlTemplate":"https:\/\/www.familinparis.fr\/en\/?s={search_term_string}"},"query-input":{"@type":"PropertyValueSpecification","valueRequired":true,"valueName":"search_term_string"}}],"inLanguage":"en-US"},{"@type":"Person","@id":"https:\/\/www.familinparis.fr\/en\/#\/schema\/person\/a87467bb417cd0c77d0a7bb5d1d78ac5","name":"olivia","image":{"@type":"ImageObject","inLanguage":"en-US","@id":"https:\/\/secure.gravatar.com\/avatar\/cbca07f1dfea20f457a666a1b84ed5cf1364773d1378c6f10fd36c354eef1ef8?s=96&d=identicon&r=g","url":"https:\/\/secure.gravatar.com\/avatar\/cbca07f1dfea20f457a666a1b84ed5cf1364773d1378c6f10fd36c354eef1ef8?s=96&d=identicon&r=g","contentUrl":"https:\/\/secure.gravatar.com\/avatar\/cbca07f1dfea20f457a666a1b84ed5cf1364773d1378c6f10fd36c354eef1ef8?s=96&d=identicon&r=g","caption":"olivia"}},{"@type":"Question","@id":"https:\/\/www.familinparis.fr\/en\/the-tuileries-christmas-market-in-paris-2024\/#faq-question-1763534335703","position":1,"url":"https:\/\/www.familinparis.fr\/en\/the-tuileries-christmas-market-in-paris-2024\/#faq-question-1763534335703","name":"Quand ouvre et quand se termine le March\u00e9 de No\u00ebl des Tuileries 2025\u00a0?","answerCount":1,"acceptedAnswer":{"@type":"Answer","text":"Les stands du march\u00e9 de No\u00ebl seront install\u00e9s \u00e0 partir du 15 novembre 2025 dans le jardin de Tuileries. Cette ann\u00e9e, le march\u00e9 de No\u00ebl se terminera le 4 janvier 2026","inLanguage":"en-US"},"inLanguage":"en-US"},{"@type":"Question","@id":"https:\/\/www.familinparis.fr\/en\/the-tuileries-christmas-market-in-paris-2024\/#faq-question-1763534398997","position":2,"url":"https:\/\/www.familinparis.fr\/en\/the-tuileries-christmas-market-in-paris-2024\/#faq-question-1763534398997","name":"Le march\u00e9 de No\u00ebl est-il ouvert les jours f\u00e9ri\u00e9s (No\u00ebl et Jour de l\u2019An)\u00a0?","answerCount":1,"acceptedAnswer":{"@type":"Answer","text":"Le march\u00e9 de No\u00ebl est ouverts les 25 d\u00e9cembre (jour de no\u00ebl) et 1er janvier (jour de l'an)","inLanguage":"en-US"},"inLanguage":"en-US"},{"@type":"Question","@id":"https:\/\/www.familinparis.fr\/en\/the-tuileries-christmas-market-in-paris-2024\/#faq-question-1763534468325","position":3,"url":"https:\/\/www.familinparis.fr\/en\/the-tuileries-christmas-market-in-paris-2024\/#faq-question-1763534468325","name":"Quelles attractions au march\u00e9 de No\u00ebl pour les tout-petits ?","answerCount":1,"acceptedAnswer":{"@type":"Answer","text":"Parmi les attractions propos\u00e9es aux tout-petits, on pourra trouver les incontournables p\u00eaches \u00e0 la ligne, des man\u00e8ges et carrousel ou encore des toboggans. ","inLanguage":"en-US"},"inLanguage":"en-US"},{"@type":"Question","@id":"https:\/\/www.familinparis.fr\/en\/the-tuileries-christmas-market-in-paris-2024\/#faq-question-1763534573378","position":4,"url":"https:\/\/www.familinparis.fr\/en\/the-tuileries-christmas-market-in-paris-2024\/#faq-question-1763534573378","name":"Y a-t-il le P\u00e8re No\u00ebl sur place au march\u00e9 de No\u00ebl\u00a0des Tuileries\u00a0?","answerCount":1,"acceptedAnswer":{"@type":"Answer","text":"Oui, bien s\u00fbr ! Les enfants pourront croiser le p\u00e8re No\u00ebl au march\u00e9 des no\u00ebl des Tuileries","inLanguage":"en-US"},"inLanguage":"en-US"},{"@type":"Question","@id":"https:\/\/www.familinparis.fr\/en\/the-tuileries-christmas-market-in-paris-2024\/#faq-question-1763534769478","position":5,"url":"https:\/\/www.familinparis.fr\/en\/the-tuileries-christmas-market-in-paris-2024\/#faq-question-1763534769478","name":"Comment se rendre au march\u00e9 de No\u00ebl\u00a0des Tuileries\u00a0?","answerCount":1,"acceptedAnswer":{"@type":"Answer","text":"En m\u00e9tro avec la ligne 1 (station Tuileries), la ligne 7 (station Palais-Royal - Mus\u00e9e du Louvre), la ligne 14 (station Pyramides) - En bus avec les lignes\u00a0<strong>69, 68, 42, 87<\/strong>\u00a0et\u00a0<strong>63<\/strong>","inLanguage":"en-US"},"inLanguage":"en-US"}]}},"uagb_featured_image_src":{"full":["https:\/\/www.familinparis.fr\/wp-content\/uploads\/2023\/11\/jardin-des-tuileries-marche-de-noel.jpg",1920,1440,false],"thumbnail":["https:\/\/www.familinparis.fr\/wp-content\/uploads\/2023\/11\/jardin-des-tuileries-marche-de-noel-150x150.jpg",150,150,true],"medium":["https:\/\/www.familinparis.fr\/wp-content\/uploads\/2023\/11\/jardin-des-tuileries-marche-de-noel-300x225.jpg",300,225,true],"medium_large":["https:\/\/www.familinparis.fr\/wp-content\/uploads\/2023\/11\/jardin-des-tuileries-marche-de-noel-768x576.jpg",768,576,true],"large":["https:\/\/www.familinparis.fr\/wp-content\/uploads\/2023\/11\/jardin-des-tuileries-marche-de-noel-1024x768.jpg",770,578,true],"1536x1536":["https:\/\/www.familinparis.fr\/wp-content\/uploads\/2023\/11\/jardin-des-tuileries-marche-de-noel-1536x1152.jpg",1536,1152,true],"2048x2048":["https:\/\/www.familinparis.fr\/wp-content\/uploads\/2023\/11\/jardin-des-tuileries-marche-de-noel.jpg",1920,1440,false],"home-thumb":["https:\/\/www.familinparis.fr\/wp-content\/uploads\/2023\/11\/jardin-des-tuileries-marche-de-noel-730x548.jpg",730,548,true],"home-slider":["https:\/\/www.familinparis.fr\/wp-content\/uploads\/2023\/11\/jardin-des-tuileries-marche-de-noel-800x600.jpg",800,600,true],"lightbox-slider-size":["https:\/\/www.familinparis.fr\/wp-content\/uploads\/2023\/11\/jardin-des-tuileries-marche-de-noel-564x282.jpg",564,282,true],"post-thumbnail":["https:\/\/www.familinparis.fr\/wp-content\/uploads\/2023\/11\/jardin-des-tuileries-marche-de-noel-270x180.jpg",270,180,true],"cheerup-main":["https:\/\/www.familinparis.fr\/wp-content\/uploads\/2023\/11\/jardin-des-tuileries-marche-de-noel-770x400.jpg",770,400,true],"cheerup-main-full":["https:\/\/www.familinparis.fr\/wp-content\/uploads\/2023\/11\/jardin-des-tuileries-marche-de-noel-1170x508.jpg",1170,508,true],"cheerup-slider-alt":["https:\/\/www.familinparis.fr\/wp-content\/uploads\/2023\/11\/jardin-des-tuileries-marche-de-noel-1170x508.jpg",1170,508,true],"cheerup-slider-trendy":["https:\/\/www.familinparis.fr\/wp-content\/uploads\/2023\/11\/jardin-des-tuileries-marche-de-noel-960x508.jpg",960,508,true],"cheerup-slider-stylish":["https:\/\/www.familinparis.fr\/wp-content\/uploads\/2023\/11\/jardin-des-tuileries-marche-de-noel-900x515.jpg",900,515,true],"cheerup-slider-grid":["https:\/\/www.familinparis.fr\/wp-content\/uploads\/2023\/11\/jardin-des-tuileries-marche-de-noel-870x600.jpg",870,600,true],"cheerup-slider-grid-sm":["https:\/\/www.familinparis.fr\/wp-content\/uploads\/2023\/11\/jardin-des-tuileries-marche-de-noel-300x300.jpg",300,300,true],"cheerup-slider-carousel":["https:\/\/www.familinparis.fr\/wp-content\/uploads\/2023\/11\/jardin-des-tuileries-marche-de-noel-370x370.jpg",370,370,true],"cheerup-slider-grid-b":["https:\/\/www.familinparis.fr\/wp-content\/uploads\/2023\/11\/jardin-des-tuileries-marche-de-noel-554x466.jpg",554,466,true],"cheerup-slider-grid-b-sm":["https:\/\/www.familinparis.fr\/wp-content\/uploads\/2023\/11\/jardin-des-tuileries-marche-de-noel-306x466.jpg",306,466,true],"cheerup-slider-bold-sm":["https:\/\/www.familinparis.fr\/wp-content\/uploads\/2023\/11\/jardin-des-tuileries-marche-de-noel-150x150.jpg",150,150,true],"cheerup-grid":["https:\/\/www.familinparis.fr\/wp-content\/uploads\/2023\/11\/jardin-des-tuileries-marche-de-noel-370x285.jpg",370,285,true],"cheerup-carousel":["https:\/\/www.familinparis.fr\/wp-content\/uploads\/2023\/11\/jardin-des-tuileries-marche-de-noel-270x180.jpg",270,180,true],"cheerup-carousel-b":["https:\/\/www.familinparis.fr\/wp-content\/uploads\/2023\/11\/jardin-des-tuileries-marche-de-noel-370x285.jpg",370,285,true],"cheerup-list":["https:\/\/www.familinparis.fr\/wp-content\/uploads\/2023\/11\/jardin-des-tuileries-marche-de-noel-260x200.jpg",260,200,true],"cheerup-list-b":["https:\/\/www.familinparis.fr\/wp-content\/uploads\/2023\/11\/jardin-des-tuileries-marche-de-noel-370x305.jpg",370,305,true],"cheerup-thumb":["https:\/\/www.familinparis.fr\/wp-content\/uploads\/2023\/11\/jardin-des-tuileries-marche-de-noel-87x67.jpg",87,67,true],"cheerup-thumb-alt":["https:\/\/www.familinparis.fr\/wp-content\/uploads\/2023\/11\/jardin-des-tuileries-marche-de-noel-150x150.jpg",150,150,true]},"uagb_author_info":{"display_name":"olivia","author_link":"https:\/\/www.familinparis.fr\/en\/author\/olivia\/"},"uagb_comment_info":0,"uagb_excerpt":"Funfair and Christmas market at the Tuileries for the end of year celebrations","_links":{"self":[{"href":"https:\/\/www.familinparis.fr\/en\/wp-json\/wp\/v2\/posts\/136181","targetHints":{"allow":["GET"]}}],"collection":[{"href":"https:\/\/www.familinparis.fr\/en\/wp-json\/wp\/v2\/posts"}],"about":[{"href":"https:\/\/www.familinparis.fr\/en\/wp-json\/wp\/v2\/types\/post"}],"author":[{"embeddable":true,"href":"https:\/\/www.familinparis.fr\/en\/wp-json\/wp\/v2\/users\/5"}],"replies":[{"embeddable":true,"href":"https:\/\/www.familinparis.fr\/en\/wp-json\/wp\/v2\/comments?post=136181"}],"version-history":[{"count":0,"href":"https:\/\/www.familinparis.fr\/en\/wp-json\/wp\/v2\/posts\/136181\/revisions"}],"wp:featuredmedia":[{"embeddable":true,"href":"https:\/\/www.familinparis.fr\/en\/wp-json\/wp\/v2\/media\/132500"}],"wp:attachment":[{"href":"https:\/\/www.familinparis.fr\/en\/wp-json\/wp\/v2\/media?parent=136181"}],"wp:term":[{"taxonomy":"category","embeddable":true,"href":"https:\/\/www.familinparis.fr\/en\/wp-json\/wp\/v2\/categories?post=136181"},{"taxonomy":"post_tag","embeddable":true,"href":"https:\/\/www.familinparis.fr\/en\/wp-json\/wp\/v2\/tags?post=136181"}],"curies":[{"name":"wp","href":"https:\/\/api.w.org\/{rel}","templated":true}]}}