{"id":136055,"date":"2020-02-01T07:46:00","date_gmt":"2020-02-01T05:46:00","guid":{"rendered":"https:\/\/www.familinparis.fr\/the-sock-fairy-celebrates-christmas\/"},"modified":"2024-11-16T17:24:49","modified_gmt":"2024-11-16T15:24:49","slug":"the-sock-fairy-celebrates-christmas","status":"publish","type":"post","link":"https:\/\/www.familinparis.fr\/en\/the-sock-fairy-celebrates-christmas\/","title":{"rendered":"The Sock Fairy Celebrates Christmas"},"content":{"rendered":"<div class=\"lazyblock-baseline-Z3zRPF wp-block-lazyblock-baseline\"><div class=\"baseline\">Musical <br>-Christmas show, ideal for 2 &#8211; 6 year olds<\/div><\/div><div class=\"lazyblock-infos-pratiques-24WVB wp-block-lazyblock-infos-pratiques\"><div class=\"read-more go-to\" data-goto=\"infos-sup\">\n  <a href=\"#\">\n    <span class=\"rien\">\n      <i class=\"fa fa-map-marker\"><\/i> See practical information    <\/span>\n  <\/a>\n<\/div><\/div>\n<div class=\"wp-block-columns has-background is-layout-flex wp-container-core-columns-is-layout-9d6595d7 wp-block-columns-is-layout-flex\" style=\"background-color:#d0ece7\">\n<div class=\"wp-block-column is-layout-flow wp-block-column-is-layout-flow\" style=\"flex-basis:66.66%\">\n<h2 class=\"wp-block-heading\">The Sock Fairy Celebrates Christmas<\/h2>\n\n\n\n<ul class=\"wp-block-list\">\n<li><strong>WE LIKE:<\/strong> the funny and endearing world of the Firefly Fairy and her wacky socks<\/li>\n\n\n\n<li><strong>AGE: <\/strong>for 2 &#8211; 8 years old<\/li>\n\n\n\n<li><strong>DATE: <\/strong>December 3 to December 31, 2022<\/li>\n\n\n\n<li><strong>LOCATION:<\/strong> at the Th\u00e9\u00e2tre du Marais<\/li>\n<\/ul>\n\n\n\n<div class=\"wp-block-buttons is-horizontal is-content-justification-center is-layout-flex wp-container-core-buttons-is-layout-499968f5 wp-block-buttons-is-layout-flex\">\n<div class=\"wp-block-button\"><a class=\"wp-block-button__link has-white-color has-luminous-vivid-orange-background-color has-text-color has-background wp-element-button\" href=\"https:\/\/tracking.publicidees.com\/clic.php?progid=2986&amp;partid=39280&amp;dpl=https%3A%2F%2Fwww.ticketac.com%2Fspectacles%2Fla-fee-des-chaussettes-2noel.htm\" target=\"_blank\" rel=\"noreferrer noopener\">FINISHED<\/a><\/div>\n<\/div>\n<\/div>\n\n\n\n<div class=\"wp-block-column is-layout-flow wp-block-column-is-layout-flow\" style=\"flex-basis:33.33%\">\n<figure class=\"wp-block-image size-large\"><img decoding=\"async\" width=\"683\" height=\"1024\" src=\"https:\/\/www.familinparis.fr\/wp-content\/uploads\/Spectacles\/la-fee-des-chaussettes-theatre-marais-683x1024.jpg\" alt=\"\" class=\"wp-image-82249\" srcset=\"https:\/\/www.familinparis.fr\/wp-content\/uploads\/Spectacles\/la-fee-des-chaussettes-theatre-marais-683x1024.jpg 683w, https:\/\/www.familinparis.fr\/wp-content\/uploads\/Spectacles\/la-fee-des-chaussettes-theatre-marais-200x300.jpg 200w, https:\/\/www.familinparis.fr\/wp-content\/uploads\/Spectacles\/la-fee-des-chaussettes-theatre-marais-768x1152.jpg 768w, https:\/\/www.familinparis.fr\/wp-content\/uploads\/Spectacles\/la-fee-des-chaussettes-theatre-marais-8x12.jpg 8w, https:\/\/www.familinparis.fr\/wp-content\/uploads\/Spectacles\/la-fee-des-chaussettes-theatre-marais-487x730.jpg 487w, https:\/\/www.familinparis.fr\/wp-content\/uploads\/Spectacles\/la-fee-des-chaussettes-theatre-marais.jpg 800w\" sizes=\"(max-width: 683px) 100vw, 683px\" \/><\/figure>\n<\/div>\n<\/div>\n\n<div style=\"height:100px\" aria-hidden=\"true\" class=\"wp-block-spacer\"><\/div>\n<div class=\"lazyblock-bodered-box-2e0Md wp-block-lazyblock-bodered-box\"><div class=\"bordered-box ts-row cf\">\n    <h2 class=\"box-title\">La f\u00e9e Chaussette f\u00eate No\u00ebl : un spectacle autour de No\u00ebl mais aussi sur la gestion des col\u00e8res<\/h2>\n    <div>\n        \n\n<div style=\"height:30px\" aria-hidden=\"true\" class=\"wp-block-spacer\"><\/div>\n\n\n\n<ul class=\"wp-block-list\">\n<li>Repeat of last year&#8217;s success.<\/li>\n\n\n\n<li>A show for toddlers with 2 actors<\/li>\n\n\n\n<li>Will the presents be ready for Christmas? Luckily, Santa Claus is here to put this mess in order! <\/li>\n\n\n\n<li>Let&#8217;s enter Santa&#8217;s workshop where two playful and clownish elves are struggling to finish wrapping the presents. They play with the toys, break them, trip through the wrapping paper&#8230; <\/li>\n\n\n\n<li>Duration of the show: 30 minutes<\/li>\n\n\n\n<li>Show every morning at 10:30 or 11 a.m., during the Christmas holidays (except January 25)<\/li>\n<\/ul>\n\n\n    <\/div>\n    <p><\/p>\n<\/div><\/div>\n<div style=\"height:100px\" aria-hidden=\"true\" class=\"wp-block-spacer\"><\/div>\n\n<div style=\"height:100px\" aria-hidden=\"true\" class=\"wp-block-spacer\"><\/div>\n","protected":false},"excerpt":{"rendered":"<p>From 03\/12\/2022 to 31\/12\/2022<\/p>\n","protected":false},"author":5,"featured_media":149536,"comment_status":"open","ping_status":"open","sticky":false,"template":"","format":"standard","meta":{"_uag_custom_page_level_css":"","footnotes":""},"categories":[1361,1310,1356],"tags":[1327,1208,1226,1258],"class_list":{"0":"post-136055","1":"post","2":"type-post","3":"status-publish","4":"format-standard","5":"has-post-thumbnail","7":"category-musical","8":"category-shows","9":"category-theater","10":"tag-christmas-show","11":"tag-for-3-6-year-olds","12":"tag-for-7-12-year-olds","13":"tag-the-marais-district"},"yoast_head":"<!-- This site is optimized with the Yoast SEO plugin v27.2 - https:\/\/yoast.com\/product\/yoast-seo-wordpress\/ -->\n<title>The Sock Fairy celebrates Christmas \u2014 a very successful show for 2-6 year olds<\/title>\n<meta name=\"description\" content=\"At the Th\u00e9\u00e2tre du Marais \u2014 Merry musical show for Christmas \u2014 Book your seats.\" \/>\n<meta name=\"robots\" content=\"index, follow, max-snippet:-1, max-image-preview:large, max-video-preview:-1\" \/>\n<link rel=\"canonical\" href=\"https:\/\/www.familinparis.fr\/en\/the-sock-fairy-celebrates-christmas\/\" \/>\n<meta property=\"og:locale\" content=\"en_US\" \/>\n<meta property=\"og:type\" content=\"article\" \/>\n<meta property=\"og:title\" content=\"The Sock Fairy celebrates Christmas \u2014 a very successful show for 2-6 year olds\" \/>\n<meta property=\"og:description\" content=\"At the Th\u00e9\u00e2tre du Marais \u2014 Merry musical show for Christmas \u2014 Book your seats.\" \/>\n<meta property=\"og:url\" content=\"https:\/\/www.familinparis.fr\/en\/the-sock-fairy-celebrates-christmas\/\" \/>\n<meta property=\"og:site_name\" content=\"Familin&#039;Paris\" \/>\n<meta property=\"article:published_time\" content=\"2020-02-01T05:46:00+00:00\" \/>\n<meta property=\"article:modified_time\" content=\"2024-11-16T15:24:49+00:00\" \/>\n<meta property=\"og:image\" content=\"https:\/\/www.familinparis.fr\/wp-content\/uploads\/Spectacles\/la-fee-des-chaussettes-theatre-marais.jpg\" \/>\n\t<meta property=\"og:image:width\" content=\"800\" \/>\n\t<meta property=\"og:image:height\" content=\"1200\" \/>\n\t<meta property=\"og:image:type\" content=\"image\/jpeg\" \/>\n<meta name=\"author\" content=\"olivia\" \/>\n<meta name=\"twitter:card\" content=\"summary_large_image\" \/>\n<meta name=\"twitter:label1\" content=\"Written by\" \/>\n\t<meta name=\"twitter:data1\" content=\"olivia\" \/>\n\t<meta name=\"twitter:label2\" content=\"Est. reading time\" \/>\n\t<meta name=\"twitter:data2\" content=\"1 minute\" \/>\n<script type=\"application\/ld+json\" class=\"yoast-schema-graph\">{\"@context\":\"https:\/\/schema.org\",\"@graph\":[{\"@type\":\"Article\",\"@id\":\"https:\/\/www.familinparis.fr\/en\/the-sock-fairy-celebrates-christmas\/#article\",\"isPartOf\":{\"@id\":\"https:\/\/www.familinparis.fr\/en\/the-sock-fairy-celebrates-christmas\/\"},\"author\":{\"name\":\"olivia\",\"@id\":\"https:\/\/www.familinparis.fr\/en\/#\/schema\/person\/a87467bb417cd0c77d0a7bb5d1d78ac5\"},\"headline\":\"The Sock Fairy Celebrates Christmas\",\"datePublished\":\"2020-02-01T05:46:00+00:00\",\"dateModified\":\"2024-11-16T15:24:49+00:00\",\"mainEntityOfPage\":{\"@id\":\"https:\/\/www.familinparis.fr\/en\/the-sock-fairy-celebrates-christmas\/\"},\"wordCount\":121,\"commentCount\":0,\"image\":{\"@id\":\"https:\/\/www.familinparis.fr\/en\/the-sock-fairy-celebrates-christmas\/#primaryimage\"},\"thumbnailUrl\":\"https:\/\/www.familinparis.fr\/wp-content\/uploads\/2020\/02\/la_fee_des_chaussettes-spectacle-de-noel.jpg\",\"keywords\":[\"Christmas-show\",\"For 3-6 year olds\",\"For 7-12 year olds\",\"the Marais district\"],\"articleSection\":[\"Musical\",\"Shows\",\"Theater\"],\"inLanguage\":\"en-US\",\"potentialAction\":[{\"@type\":\"CommentAction\",\"name\":\"Comment\",\"target\":[\"https:\/\/www.familinparis.fr\/en\/the-sock-fairy-celebrates-christmas\/#respond\"]}]},{\"@type\":\"WebPage\",\"@id\":\"https:\/\/www.familinparis.fr\/en\/the-sock-fairy-celebrates-christmas\/\",\"url\":\"https:\/\/www.familinparis.fr\/en\/the-sock-fairy-celebrates-christmas\/\",\"name\":\"The Sock Fairy celebrates Christmas \u2014 a very successful show for 2-6 year olds\",\"isPartOf\":{\"@id\":\"https:\/\/www.familinparis.fr\/en\/#website\"},\"primaryImageOfPage\":{\"@id\":\"https:\/\/www.familinparis.fr\/en\/the-sock-fairy-celebrates-christmas\/#primaryimage\"},\"image\":{\"@id\":\"https:\/\/www.familinparis.fr\/en\/the-sock-fairy-celebrates-christmas\/#primaryimage\"},\"thumbnailUrl\":\"https:\/\/www.familinparis.fr\/wp-content\/uploads\/2020\/02\/la_fee_des_chaussettes-spectacle-de-noel.jpg\",\"datePublished\":\"2020-02-01T05:46:00+00:00\",\"dateModified\":\"2024-11-16T15:24:49+00:00\",\"author\":{\"@id\":\"https:\/\/www.familinparis.fr\/en\/#\/schema\/person\/a87467bb417cd0c77d0a7bb5d1d78ac5\"},\"description\":\"At the Th\u00e9\u00e2tre du Marais \u2014 Merry musical show for Christmas \u2014 Book your seats.\",\"breadcrumb\":{\"@id\":\"https:\/\/www.familinparis.fr\/en\/the-sock-fairy-celebrates-christmas\/#breadcrumb\"},\"inLanguage\":\"en-US\",\"potentialAction\":[{\"@type\":\"ReadAction\",\"target\":[\"https:\/\/www.familinparis.fr\/en\/the-sock-fairy-celebrates-christmas\/\"]}]},{\"@type\":\"ImageObject\",\"inLanguage\":\"en-US\",\"@id\":\"https:\/\/www.familinparis.fr\/en\/the-sock-fairy-celebrates-christmas\/#primaryimage\",\"url\":\"https:\/\/www.familinparis.fr\/wp-content\/uploads\/2020\/02\/la_fee_des_chaussettes-spectacle-de-noel.jpg\",\"contentUrl\":\"https:\/\/www.familinparis.fr\/wp-content\/uploads\/2020\/02\/la_fee_des_chaussettes-spectacle-de-noel.jpg\",\"width\":640,\"height\":960},{\"@type\":\"BreadcrumbList\",\"@id\":\"https:\/\/www.familinparis.fr\/en\/the-sock-fairy-celebrates-christmas\/#breadcrumb\",\"itemListElement\":[{\"@type\":\"ListItem\",\"position\":1,\"name\":\"Home\",\"item\":\"https:\/\/www.familinparis.fr\/en\/\"},{\"@type\":\"ListItem\",\"position\":2,\"name\":\"Shows\",\"item\":\"https:\/\/www.familinparis.fr\/en\/categorie\/shows\/\"},{\"@type\":\"ListItem\",\"position\":3,\"name\":\"Theater\",\"item\":\"https:\/\/www.familinparis.fr\/en\/categorie\/shows\/theater\/\"},{\"@type\":\"ListItem\",\"position\":4,\"name\":\"The Sock Fairy Celebrates Christmas\"}]},{\"@type\":\"WebSite\",\"@id\":\"https:\/\/www.familinparis.fr\/en\/#website\",\"url\":\"https:\/\/www.familinparis.fr\/en\/\",\"name\":\"Familin&#039;Paris\",\"description\":\"Visiter le meilleur de Paris avec des enfants : sorties, spectacles, adresses de restaurants, shopping, bons plans...\",\"potentialAction\":[{\"@type\":\"SearchAction\",\"target\":{\"@type\":\"EntryPoint\",\"urlTemplate\":\"https:\/\/www.familinparis.fr\/en\/?s={search_term_string}\"},\"query-input\":{\"@type\":\"PropertyValueSpecification\",\"valueRequired\":true,\"valueName\":\"search_term_string\"}}],\"inLanguage\":\"en-US\"},{\"@type\":\"Person\",\"@id\":\"https:\/\/www.familinparis.fr\/en\/#\/schema\/person\/a87467bb417cd0c77d0a7bb5d1d78ac5\",\"name\":\"olivia\",\"image\":{\"@type\":\"ImageObject\",\"inLanguage\":\"en-US\",\"@id\":\"https:\/\/secure.gravatar.com\/avatar\/cbca07f1dfea20f457a666a1b84ed5cf1364773d1378c6f10fd36c354eef1ef8?s=96&d=identicon&r=g\",\"url\":\"https:\/\/secure.gravatar.com\/avatar\/cbca07f1dfea20f457a666a1b84ed5cf1364773d1378c6f10fd36c354eef1ef8?s=96&d=identicon&r=g\",\"contentUrl\":\"https:\/\/secure.gravatar.com\/avatar\/cbca07f1dfea20f457a666a1b84ed5cf1364773d1378c6f10fd36c354eef1ef8?s=96&d=identicon&r=g\",\"caption\":\"olivia\"}}]}<\/script>\n<!-- \/ Yoast SEO plugin. -->","yoast_head_json":{"title":"The Sock Fairy celebrates Christmas \u2014 a very successful show for 2-6 year olds","description":"At the Th\u00e9\u00e2tre du Marais \u2014 Merry musical show for Christmas \u2014 Book your seats.","robots":{"index":"index","follow":"follow","max-snippet":"max-snippet:-1","max-image-preview":"max-image-preview:large","max-video-preview":"max-video-preview:-1"},"canonical":"https:\/\/www.familinparis.fr\/en\/the-sock-fairy-celebrates-christmas\/","og_locale":"en_US","og_type":"article","og_title":"The Sock Fairy celebrates Christmas \u2014 a very successful show for 2-6 year olds","og_description":"At the Th\u00e9\u00e2tre du Marais \u2014 Merry musical show for Christmas \u2014 Book your seats.","og_url":"https:\/\/www.familinparis.fr\/en\/the-sock-fairy-celebrates-christmas\/","og_site_name":"Familin&#039;Paris","article_published_time":"2020-02-01T05:46:00+00:00","article_modified_time":"2024-11-16T15:24:49+00:00","og_image":[{"width":800,"height":1200,"url":"https:\/\/www.familinparis.fr\/wp-content\/uploads\/Spectacles\/la-fee-des-chaussettes-theatre-marais.jpg","type":"image\/jpeg"}],"author":"olivia","twitter_card":"summary_large_image","twitter_misc":{"Written by":"olivia","Est. reading time":"1 minute"},"schema":{"@context":"https:\/\/schema.org","@graph":[{"@type":"Article","@id":"https:\/\/www.familinparis.fr\/en\/the-sock-fairy-celebrates-christmas\/#article","isPartOf":{"@id":"https:\/\/www.familinparis.fr\/en\/the-sock-fairy-celebrates-christmas\/"},"author":{"name":"olivia","@id":"https:\/\/www.familinparis.fr\/en\/#\/schema\/person\/a87467bb417cd0c77d0a7bb5d1d78ac5"},"headline":"The Sock Fairy Celebrates Christmas","datePublished":"2020-02-01T05:46:00+00:00","dateModified":"2024-11-16T15:24:49+00:00","mainEntityOfPage":{"@id":"https:\/\/www.familinparis.fr\/en\/the-sock-fairy-celebrates-christmas\/"},"wordCount":121,"commentCount":0,"image":{"@id":"https:\/\/www.familinparis.fr\/en\/the-sock-fairy-celebrates-christmas\/#primaryimage"},"thumbnailUrl":"https:\/\/www.familinparis.fr\/wp-content\/uploads\/2020\/02\/la_fee_des_chaussettes-spectacle-de-noel.jpg","keywords":["Christmas-show","For 3-6 year olds","For 7-12 year olds","the Marais district"],"articleSection":["Musical","Shows","Theater"],"inLanguage":"en-US","potentialAction":[{"@type":"CommentAction","name":"Comment","target":["https:\/\/www.familinparis.fr\/en\/the-sock-fairy-celebrates-christmas\/#respond"]}]},{"@type":"WebPage","@id":"https:\/\/www.familinparis.fr\/en\/the-sock-fairy-celebrates-christmas\/","url":"https:\/\/www.familinparis.fr\/en\/the-sock-fairy-celebrates-christmas\/","name":"The Sock Fairy celebrates Christmas \u2014 a very successful show for 2-6 year olds","isPartOf":{"@id":"https:\/\/www.familinparis.fr\/en\/#website"},"primaryImageOfPage":{"@id":"https:\/\/www.familinparis.fr\/en\/the-sock-fairy-celebrates-christmas\/#primaryimage"},"image":{"@id":"https:\/\/www.familinparis.fr\/en\/the-sock-fairy-celebrates-christmas\/#primaryimage"},"thumbnailUrl":"https:\/\/www.familinparis.fr\/wp-content\/uploads\/2020\/02\/la_fee_des_chaussettes-spectacle-de-noel.jpg","datePublished":"2020-02-01T05:46:00+00:00","dateModified":"2024-11-16T15:24:49+00:00","author":{"@id":"https:\/\/www.familinparis.fr\/en\/#\/schema\/person\/a87467bb417cd0c77d0a7bb5d1d78ac5"},"description":"At the Th\u00e9\u00e2tre du Marais \u2014 Merry musical show for Christmas \u2014 Book your seats.","breadcrumb":{"@id":"https:\/\/www.familinparis.fr\/en\/the-sock-fairy-celebrates-christmas\/#breadcrumb"},"inLanguage":"en-US","potentialAction":[{"@type":"ReadAction","target":["https:\/\/www.familinparis.fr\/en\/the-sock-fairy-celebrates-christmas\/"]}]},{"@type":"ImageObject","inLanguage":"en-US","@id":"https:\/\/www.familinparis.fr\/en\/the-sock-fairy-celebrates-christmas\/#primaryimage","url":"https:\/\/www.familinparis.fr\/wp-content\/uploads\/2020\/02\/la_fee_des_chaussettes-spectacle-de-noel.jpg","contentUrl":"https:\/\/www.familinparis.fr\/wp-content\/uploads\/2020\/02\/la_fee_des_chaussettes-spectacle-de-noel.jpg","width":640,"height":960},{"@type":"BreadcrumbList","@id":"https:\/\/www.familinparis.fr\/en\/the-sock-fairy-celebrates-christmas\/#breadcrumb","itemListElement":[{"@type":"ListItem","position":1,"name":"Home","item":"https:\/\/www.familinparis.fr\/en\/"},{"@type":"ListItem","position":2,"name":"Shows","item":"https:\/\/www.familinparis.fr\/en\/categorie\/shows\/"},{"@type":"ListItem","position":3,"name":"Theater","item":"https:\/\/www.familinparis.fr\/en\/categorie\/shows\/theater\/"},{"@type":"ListItem","position":4,"name":"The Sock Fairy Celebrates Christmas"}]},{"@type":"WebSite","@id":"https:\/\/www.familinparis.fr\/en\/#website","url":"https:\/\/www.familinparis.fr\/en\/","name":"Familin&#039;Paris","description":"Visiter le meilleur de Paris avec des enfants : sorties, spectacles, adresses de restaurants, shopping, bons plans...","potentialAction":[{"@type":"SearchAction","target":{"@type":"EntryPoint","urlTemplate":"https:\/\/www.familinparis.fr\/en\/?s={search_term_string}"},"query-input":{"@type":"PropertyValueSpecification","valueRequired":true,"valueName":"search_term_string"}}],"inLanguage":"en-US"},{"@type":"Person","@id":"https:\/\/www.familinparis.fr\/en\/#\/schema\/person\/a87467bb417cd0c77d0a7bb5d1d78ac5","name":"olivia","image":{"@type":"ImageObject","inLanguage":"en-US","@id":"https:\/\/secure.gravatar.com\/avatar\/cbca07f1dfea20f457a666a1b84ed5cf1364773d1378c6f10fd36c354eef1ef8?s=96&d=identicon&r=g","url":"https:\/\/secure.gravatar.com\/avatar\/cbca07f1dfea20f457a666a1b84ed5cf1364773d1378c6f10fd36c354eef1ef8?s=96&d=identicon&r=g","contentUrl":"https:\/\/secure.gravatar.com\/avatar\/cbca07f1dfea20f457a666a1b84ed5cf1364773d1378c6f10fd36c354eef1ef8?s=96&d=identicon&r=g","caption":"olivia"}}]}},"uagb_featured_image_src":{"full":["https:\/\/www.familinparis.fr\/wp-content\/uploads\/2020\/02\/la_fee_des_chaussettes-spectacle-de-noel.jpg",640,960,false],"thumbnail":["https:\/\/www.familinparis.fr\/wp-content\/uploads\/2020\/02\/la_fee_des_chaussettes-spectacle-de-noel-150x150.jpg",150,150,true],"medium":["https:\/\/www.familinparis.fr\/wp-content\/uploads\/2020\/02\/la_fee_des_chaussettes-spectacle-de-noel-200x300.jpg",200,300,true],"medium_large":["https:\/\/www.familinparis.fr\/wp-content\/uploads\/2020\/02\/la_fee_des_chaussettes-spectacle-de-noel.jpg",640,960,false],"large":["https:\/\/www.familinparis.fr\/wp-content\/uploads\/2020\/02\/la_fee_des_chaussettes-spectacle-de-noel.jpg",640,960,false],"1536x1536":["https:\/\/www.familinparis.fr\/wp-content\/uploads\/2020\/02\/la_fee_des_chaussettes-spectacle-de-noel.jpg",640,960,false],"2048x2048":["https:\/\/www.familinparis.fr\/wp-content\/uploads\/2020\/02\/la_fee_des_chaussettes-spectacle-de-noel.jpg",640,960,false],"home-thumb":["https:\/\/www.familinparis.fr\/wp-content\/uploads\/2020\/02\/la_fee_des_chaussettes-spectacle-de-noel-487x730.jpg",487,730,true],"home-slider":["https:\/\/www.familinparis.fr\/wp-content\/uploads\/2020\/02\/la_fee_des_chaussettes-spectacle-de-noel-640x600.jpg",640,600,true],"lightbox-slider-size":["https:\/\/www.familinparis.fr\/wp-content\/uploads\/2020\/02\/la_fee_des_chaussettes-spectacle-de-noel-564x282.jpg",564,282,true],"post-thumbnail":["https:\/\/www.familinparis.fr\/wp-content\/uploads\/2020\/02\/la_fee_des_chaussettes-spectacle-de-noel-270x180.jpg",270,180,true],"cheerup-main":["https:\/\/www.familinparis.fr\/wp-content\/uploads\/2020\/02\/la_fee_des_chaussettes-spectacle-de-noel-640x400.jpg",640,400,true],"cheerup-main-full":["https:\/\/www.familinparis.fr\/wp-content\/uploads\/2020\/02\/la_fee_des_chaussettes-spectacle-de-noel-640x508.jpg",640,508,true],"cheerup-slider-alt":["https:\/\/www.familinparis.fr\/wp-content\/uploads\/2020\/02\/la_fee_des_chaussettes-spectacle-de-noel-640x508.jpg",640,508,true],"cheerup-slider-trendy":["https:\/\/www.familinparis.fr\/wp-content\/uploads\/2020\/02\/la_fee_des_chaussettes-spectacle-de-noel-640x508.jpg",640,508,true],"cheerup-slider-stylish":["https:\/\/www.familinparis.fr\/wp-content\/uploads\/2020\/02\/la_fee_des_chaussettes-spectacle-de-noel-640x515.jpg",640,515,true],"cheerup-slider-grid":["https:\/\/www.familinparis.fr\/wp-content\/uploads\/2020\/02\/la_fee_des_chaussettes-spectacle-de-noel-640x600.jpg",640,600,true],"cheerup-slider-grid-sm":["https:\/\/www.familinparis.fr\/wp-content\/uploads\/2020\/02\/la_fee_des_chaussettes-spectacle-de-noel-300x300.jpg",300,300,true],"cheerup-slider-carousel":["https:\/\/www.familinparis.fr\/wp-content\/uploads\/2020\/02\/la_fee_des_chaussettes-spectacle-de-noel-370x370.jpg",370,370,true],"cheerup-slider-grid-b":["https:\/\/www.familinparis.fr\/wp-content\/uploads\/2020\/02\/la_fee_des_chaussettes-spectacle-de-noel-554x466.jpg",554,466,true],"cheerup-slider-grid-b-sm":["https:\/\/www.familinparis.fr\/wp-content\/uploads\/2020\/02\/la_fee_des_chaussettes-spectacle-de-noel-306x466.jpg",306,466,true],"cheerup-slider-bold-sm":["https:\/\/www.familinparis.fr\/wp-content\/uploads\/2020\/02\/la_fee_des_chaussettes-spectacle-de-noel-150x150.jpg",150,150,true],"cheerup-grid":["https:\/\/www.familinparis.fr\/wp-content\/uploads\/2020\/02\/la_fee_des_chaussettes-spectacle-de-noel-370x285.jpg",370,285,true],"cheerup-carousel":["https:\/\/www.familinparis.fr\/wp-content\/uploads\/2020\/02\/la_fee_des_chaussettes-spectacle-de-noel-270x180.jpg",270,180,true],"cheerup-carousel-b":["https:\/\/www.familinparis.fr\/wp-content\/uploads\/2020\/02\/la_fee_des_chaussettes-spectacle-de-noel-370x285.jpg",370,285,true],"cheerup-list":["https:\/\/www.familinparis.fr\/wp-content\/uploads\/2020\/02\/la_fee_des_chaussettes-spectacle-de-noel-260x200.jpg",260,200,true],"cheerup-list-b":["https:\/\/www.familinparis.fr\/wp-content\/uploads\/2020\/02\/la_fee_des_chaussettes-spectacle-de-noel-370x305.jpg",370,305,true],"cheerup-thumb":["https:\/\/www.familinparis.fr\/wp-content\/uploads\/2020\/02\/la_fee_des_chaussettes-spectacle-de-noel-87x67.jpg",87,67,true],"cheerup-thumb-alt":["https:\/\/www.familinparis.fr\/wp-content\/uploads\/2020\/02\/la_fee_des_chaussettes-spectacle-de-noel-150x150.jpg",150,150,true]},"uagb_author_info":{"display_name":"olivia","author_link":"https:\/\/www.familinparis.fr\/en\/author\/olivia\/"},"uagb_comment_info":0,"uagb_excerpt":"From 03\/12\/2022 to 31\/12\/2022","_links":{"self":[{"href":"https:\/\/www.familinparis.fr\/en\/wp-json\/wp\/v2\/posts\/136055","targetHints":{"allow":["GET"]}}],"collection":[{"href":"https:\/\/www.familinparis.fr\/en\/wp-json\/wp\/v2\/posts"}],"about":[{"href":"https:\/\/www.familinparis.fr\/en\/wp-json\/wp\/v2\/types\/post"}],"author":[{"embeddable":true,"href":"https:\/\/www.familinparis.fr\/en\/wp-json\/wp\/v2\/users\/5"}],"replies":[{"embeddable":true,"href":"https:\/\/www.familinparis.fr\/en\/wp-json\/wp\/v2\/comments?post=136055"}],"version-history":[{"count":0,"href":"https:\/\/www.familinparis.fr\/en\/wp-json\/wp\/v2\/posts\/136055\/revisions"}],"wp:featuredmedia":[{"embeddable":true,"href":"https:\/\/www.familinparis.fr\/en\/wp-json\/wp\/v2\/media\/149536"}],"wp:attachment":[{"href":"https:\/\/www.familinparis.fr\/en\/wp-json\/wp\/v2\/media?parent=136055"}],"wp:term":[{"taxonomy":"category","embeddable":true,"href":"https:\/\/www.familinparis.fr\/en\/wp-json\/wp\/v2\/categories?post=136055"},{"taxonomy":"post_tag","embeddable":true,"href":"https:\/\/www.familinparis.fr\/en\/wp-json\/wp\/v2\/tags?post=136055"}],"curies":[{"name":"wp","href":"https:\/\/api.w.org\/{rel}","templated":true}]}}