{"id":136034,"date":"2020-01-28T18:56:00","date_gmt":"2020-01-28T16:56:00","guid":{"rendered":"https:\/\/www.familinparis.fr\/walk-the-line-with-latlas\/"},"modified":"2026-02-12T14:37:26","modified_gmt":"2026-02-12T12:37:26","slug":"walk-the-line-with-latlas","status":"publish","type":"post","link":"https:\/\/www.familinparis.fr\/en\/walk-the-line-with-latlas\/","title":{"rendered":"Walk the Line with L&#8217;ATLAS"},"content":{"rendered":"<div class=\"lazyblock-baseline-1WSUt7 wp-block-lazyblock-baseline\"><div class=\"baseline\">From archaeology to graffiti<\/div><\/div><div class=\"lazyblock-infos-pratiques-Z1sDlVf wp-block-lazyblock-infos-pratiques\"><div class=\"read-more go-to\" data-goto=\"infos-sup\">\n  <a href=\"#\">\n    <span class=\"rien\">\n      <i class=\"fa fa-map-marker\"><\/i> See practical information    <\/span>\n  <\/a>\n<\/div><\/div>\n<section class=\"wp-block-uagb-section uagb-section__wrap uagb-section__background-color uagb-block-7b930e57\"><div class=\"uagb-section__overlay\"><\/div><div class=\"uagb-section__inner-wrap\">\n<div class=\"wp-block-columns is-layout-flex wp-container-core-columns-is-layout-9d6595d7 wp-block-columns-is-layout-flex\">\n<div class=\"wp-block-column is-layout-flow wp-block-column-is-layout-flow\" style=\"flex-basis:66.66%\">\n<h2 class=\"wp-block-heading has-text-align-center\">THE EXPO &#8220;Walk the Line with THE ATLAS&#8221;<\/h2>\n\n\n\n<ul class=\"wp-block-list\">\n<li><strong>On aime : une exposition tr\u00e8s ludique entre graffiti, calligraphie et art optique<\/strong><\/li>\n\n\n\n<li><strong>\u00c2ge :\u00a0 pour pour tous, d\u00e8s 3 ans<\/strong><\/li>\n\n\n\n<li><strong>Dur\u00e9e :\u00a0 jusqu&#8217;au 22 mars 2020<\/strong><\/li>\n\n\n\n<li><strong>Lieu :\u00a0 \u00a0Mus\u00e9e en Herbe (Paris 1er)<\/strong><\/li>\n<\/ul>\n<\/div>\n\n\n\n<div class=\"wp-block-column is-layout-flow wp-block-column-is-layout-flow\" style=\"flex-basis:33.33%\">\n<figure class=\"wp-block-image size-large\"><img decoding=\"async\" width=\"400\" height=\"557\" src=\"\/wp-content\/uploads\/Expos\/2019\/Mus&#xE9;e-en-Herbe\/walk-the-line-enfant.jpg\" alt=\"exhibition for the little ones at the Mus&#xE9;e en Herbe\" class=\"wp-image-20700\" \/><\/figure>\n<\/div>\n<\/div>\n<\/div><\/section>\n\n<div style=\"height:50px\" aria-hidden=\"true\" class=\"wp-block-spacer\"><\/div>\n<div class=\"lazyblock-bodered-box-Z68asY wp-block-lazyblock-bodered-box\"><div class=\"bordered-box ts-row cf\">\n    <h2 class=\"box-title\">Exposition Walk the Line with L&#8217;ATLAS au mus\u00e9e en Herbe<\/h2>\n    <div>\n        \n\n<div style=\"height:60px\" aria-hidden=\"true\" class=\"wp-block-spacer\"><\/div>\n\n\n\n<ul class=\"wp-block-list\">\n<li><strong>Une petite exposition tr\u00e8s gaie, tr\u00e8s ludique qui va plaire aux enfants, c&#8217;est garanti !<\/strong><\/li>\n\n\n\n<li><a href=\"\/exposition-musee-en-herbe\/\" target=\"_blank\" rel=\"noreferrer noopener\">Le Mus\u00e9e en Herbe<\/a> organise un parcours interactif autour du travail de l\u2019artiste L\u2019 Atlas.<\/li>\n\n\n\n<li><strong>Walk the line, parce que c&#8217;est plein de lignes<\/strong>\u00a0 avec des oeuvres s&#8217;inspirant de la calligraphie et de l&#8217; art optique .<\/li>\n\n\n\n<li><strong>with l&#8217;Atlas,<\/strong> parce que c&#8217;est le nom de l&#8217;artiste.<\/li>\n\n\n\n<li>D\u00e8s les ann\u00e9es 90, l&#8217;Atlas s&#8217;int\u00e9resse \u00e0 la culture du graffiti et s\u2019initie \u00e0 la calligraphie arabe et chinoise. Il marque les sols et les murs des villes avec d\u2019immenses boussoles graphiques faites de lignes blanches sur le bitume gris. <strong>Son \u0153uvre se situe \u00e0 la crois\u00e9e du graffiti, de la calligraphie, de l\u2019abstraction g\u00e9om\u00e9trique et de l\u2019art optique.<\/strong><\/li>\n\n\n\n<li>Les oeuvres pr\u00e9sent\u00e9es sont joyeuses et l&#8217;exposition est tr\u00e8s ludique.<\/li>\n\n\n\n<li><strong>Les enfants<\/strong> se transforment en petits explorateurs et <strong>munis de boussoles partent sur les traces des diff\u00e9rents courants artistiques qui ont inspir\u00e9 L\u2019 Atlas.<\/strong><\/li>\n\n\n\n<li>Ils sont incit\u00e9s \u00e0 r\u00e9aliser leur propre fouille arch\u00e9ologique, \u00e0 cr\u00e9er leur blaze sur un panneau de signalisation, \u00e0 tourner le sens d&#8217;accrochage des tableaux&#8230;<\/li>\n\n\n\n<li>Comme chaque fois au Mus\u00e9e en Herbe, <strong>la sc\u00e9nographie est adapt\u00e9e aux diff\u00e9rents publics, de 3 \u00e0 103 ans.<\/strong><\/li>\n\n\n\n<li>Le parcours d&#8217;exploration est tr\u00e8s bien fait, et convient aux <a href=\"\/paris-pour-les-petits\/\" target=\"_blank\" rel=\"noreferrer noopener\">enfants m\u00eame tout-petits.<\/a><\/li>\n\n\n\n<li>Compter entre 1\/2 heure et 1 heure pour la visite de l&#8217;exposition.<\/li>\n<\/ul>\n\n\n    <\/div>\n    <p><\/p>\n<\/div><\/div>\n<div style=\"height:49px\" aria-hidden=\"true\" class=\"wp-block-spacer\"><\/div>\n<div class=\"lazyblock-bodered-box-ZQtcVg wp-block-lazyblock-bodered-box\"><div class=\"bordered-box ts-row cf\">\n    <h2 class=\"box-title\">Les visites et ateliers pour les enfants<\/h2>\n    <div>\n        \n\n<div style=\"height:60px\" aria-hidden=\"true\" class=\"wp-block-spacer\"><\/div>\n\n\n\n<p>For children, even very young children, and their parents, the Mus\u00e9e en Herbe organises many activities: guided tours, free family visits, workshops and birthday parties<\/p>\n\n\n\n<ul class=\"wp-block-list\">\n<li><strong>Visites anim\u00e9es pour les enfants de 2 ans 1\/2 \u00e0 4 ans 1\/2<\/strong> :\n<ul class=\"wp-block-list\">\n<li>visite de 30 minutes pour les tout-petits accompagn\u00e9s de leur(s) parent(s).<\/li>\n\n\n\n<li>\u00e0 10h30 et 13h30 tous les mercredis, samedis et dimanches, pendant les jours f\u00e9ri\u00e9s et tous les jours pendant les vacances scolaires.<\/li>\n<\/ul>\n<\/li>\n\n\n\n<li><strong>Visites pour les 5-12 ans :<\/strong>\n<ul class=\"wp-block-list\">\n<li>Visite d\u20191 heure pour les plus grands accompagn\u00e9s de leurs parents<\/li>\n\n\n\n<li>\u00e0 11h, 14h30, 16h et 17h tous les mercredi, samedi et dimanche, pendant les jours f\u00e9ri\u00e9s et tous les jours pendant les vacances scolaires<\/li>\n<\/ul>\n<\/li>\n\n\n\n<li><strong>Ateliers pour les enfants de 2 ans 1\/2 \u00e0 4 ans 1\/2\u00a0<\/strong>.\n<ul class=\"wp-block-list\">\n<li>\u00c0 11H : BABY \u00c0 4 MAINS (1 heure)<\/li>\n\n\n\n<li>\u00c0 14H : BABY ATELIER (1 heure)<\/li>\n<\/ul>\n<\/li>\n\n\n\n<li><strong>Ateliers pour les 5-12 ans\u00a0<\/strong>\n<ul class=\"wp-block-list\">\n<li>\u00c0 15H30 ET 17H : MAXI ATELIER (1 heure)<\/li>\n\n\n\n<li>\u00c0 15H30 ET 17H, LE 1ER DIMANCHE DU MOIS : ATELIER 4 MAINS (1 heure)<\/li>\n<\/ul>\n<\/li>\n<\/ul>\n\n\n    <\/div>\n    <p><\/p>\n<\/div><\/div>\n<div style=\"height:49px\" aria-hidden=\"true\" class=\"wp-block-spacer\"><\/div>\n\n<h2 class=\"wp-block-heading has-text-align-center p-b-10 p-t-10 has-background\" style=\"background-color:#fa395f\">The TOP EXHIBITIONS of the moment<\/h2>\n\n\t\t\t<div class=\"wp-block-uagb-post-grid uagb-post-grid  uagb-post__image-position-top uagb-post__image-enabled uagb-block-b0120d80     uagb-post__items uagb-post__columns-5 is-grid uagb-post__columns-tablet-2 uagb-post__columns-mobile-1 uagb-post__equal-height\" data-total=\"2\" style=\"\">\n\n\t\t\t\t\t\t\t\t\t\t\t\t<article class=\"uagb-post__inner-wrap\">\t\t\t\t\t\t\t\t<div class='uagb-post__image'>\n\t\t\t\t\t\t\t\t\t<a href=\"https:\/\/www.familinparis.fr\/en\/exposition-calder-fondation-louis-vuitton-billet\/\" target=\"_self\" rel=\"bookmark noopener noreferrer\" class='uagb-image-ratio-inherit'><img decoding=\"async\" width=\"270\" height=\"180\" src=\"https:\/\/www.familinparis.fr\/wp-content\/uploads\/2026\/04\/exposition-calder-fondation-louis-vuitton-270x180.jpg\" class=\"attachment-post-thumbnail size-post-thumbnail\" alt=\"affiche de l&#039;exposition &quot;Calder. R\u00eaver en \u00e9quilibre&quot;, \u00e0 la Fondation Louis Vuitton- Jusqu&#039;au 16 ao\u00fbt 2026\" \/>\t\t\t\t\t<\/a>\n\t\t\t\t\t\t\t<\/div>\n\t\t\t\t\t\t<h4 class=\"uagb-post__title uagb-post__text\">\n\t\t\t\t<a href=\"https:\/\/www.familinparis.fr\/en\/exposition-calder-fondation-louis-vuitton-billet\/\" target=\"_self\" rel=\"bookmark noopener noreferrer\">Calder. Dreaming in balance<\/a>\n\t\t\t<\/h4>\n\t\t\t\t\t\t<div class='uagb-post__text uagb-post-grid-byline'>\n\t\t\t\t\t\t\t<\/div>\n\t\t\t\n\t\t\t\t\t\t\t\t\t<\/article>\n\t\t\t\t\t\t\t\t\t\t\t\t\t\t\t\t<article class=\"uagb-post__inner-wrap\">\t\t\t\t\t\t\t\t<div class='uagb-post__image'>\n\t\t\t\t\t\t\t\t\t<a href=\"https:\/\/www.familinparis.fr\/en\/titanic-immersive-exhibition-grande-halle-de-la-villette-75019\/\" target=\"_self\" rel=\"bookmark noopener noreferrer\" class='uagb-image-ratio-inherit'><img decoding=\"async\" width=\"270\" height=\"180\" src=\"https:\/\/www.familinparis.fr\/wp-content\/uploads\/2026\/04\/La-Legende-Du-Titanic-exposition-ultime-exposition-immersive-grande-halle-la-villette-2026-270x180.jpg\" class=\"attachment-post-thumbnail size-post-thumbnail\" alt=\"Affiche de La L\u00e9gende du Titanic. L&#039;exposition ultime- Exposition immersive \u00e0 la Grande Halle de La Villette - 2026\" \/>\t\t\t\t\t<\/a>\n\t\t\t\t\t\t\t<\/div>\n\t\t\t\t\t\t<h4 class=\"uagb-post__title uagb-post__text\">\n\t\t\t\t<a href=\"https:\/\/www.familinparis.fr\/en\/titanic-immersive-exhibition-grande-halle-de-la-villette-75019\/\" target=\"_self\" rel=\"bookmark noopener noreferrer\">The Legend of the Titanic: The Ultimate Exhibition<\/a>\n\t\t\t<\/h4>\n\t\t\t\t\t\t<div class='uagb-post__text uagb-post-grid-byline'>\n\t\t\t\t\t\t\t<\/div>\n\t\t\t\n\t\t\t\t\t\t\t\t\t<\/article>\n\t\t\t\t\t\t\t\t\t\t\t\t\t\t\t\t<article class=\"uagb-post__inner-wrap\">\t\t\t\t\t\t\t\t<div class='uagb-post__image'>\n\t\t\t\t\t\t\t\t\t<a href=\"https:\/\/www.familinparis.fr\/en\/unicorn-exhibition-at-the-cluny-museum-75005\/\" target=\"_self\" rel=\"bookmark noopener noreferrer\" class='uagb-image-ratio-inherit'><img decoding=\"async\" width=\"270\" height=\"180\" src=\"https:\/\/www.familinparis.fr\/wp-content\/uploads\/2026\/03\/licornes-expo-musee-cluny-2026-270x180.jpg\" class=\"attachment-post-thumbnail size-post-thumbnail\" alt=\"Affiche exposition &quot;Licornes !&quot; au Mus\u00e9e de Cluny\" \/>\t\t\t\t\t<\/a>\n\t\t\t\t\t\t\t<\/div>\n\t\t\t\t\t\t<h4 class=\"uagb-post__title uagb-post__text\">\n\t\t\t\t<a href=\"https:\/\/www.familinparis.fr\/en\/unicorn-exhibition-at-the-cluny-museum-75005\/\" target=\"_self\" rel=\"bookmark noopener noreferrer\">Unicorns! At the Museum of Cluny<\/a>\n\t\t\t<\/h4>\n\t\t\t\t\t\t<div class='uagb-post__text uagb-post-grid-byline'>\n\t\t\t\t\t\t\t<\/div>\n\t\t\t\n\t\t\t\t\t\t\t\t\t<\/article>\n\t\t\t\t\t\t\t\t\t\t\t\t\t\t\t\t<article class=\"uagb-post__inner-wrap\">\t\t\t\t\t\t\t\t<div class='uagb-post__image'>\n\t\t\t\t\t\t\t\t\t<a href=\"https:\/\/www.familinparis.fr\/en\/renaissance-la-nouvelle-experience-immersive-a-l-atelier-des-lumieres\/\" target=\"_self\" rel=\"bookmark noopener noreferrer\" class='uagb-image-ratio-inherit'><img decoding=\"async\" width=\"270\" height=\"180\" src=\"https:\/\/www.familinparis.fr\/wp-content\/uploads\/Expos\/2026\/Renaissance-affiche-270x180.jpg\" class=\"attachment-post-thumbnail size-post-thumbnail\" alt=\"\" \/>\t\t\t\t\t<\/a>\n\t\t\t\t\t\t\t<\/div>\n\t\t\t\t\t\t<h4 class=\"uagb-post__title uagb-post__text\">\n\t\t\t\t<a href=\"https:\/\/www.familinparis.fr\/en\/renaissance-la-nouvelle-experience-immersive-a-l-atelier-des-lumieres\/\" target=\"_self\" rel=\"bookmark noopener noreferrer\">Renaissance at the Atelier des Lumi\u00e8res<\/a>\n\t\t\t<\/h4>\n\t\t\t\t\t\t<div class='uagb-post__text uagb-post-grid-byline'>\n\t\t\t\t\t\t\t<\/div>\n\t\t\t\n\t\t\t\t\t\t\t\t\t<\/article>\n\t\t\t\t\t\t\t\t\t\t\t\t\t\t\t\t<article class=\"uagb-post__inner-wrap\">\t\t\t\t\t\t\t\t<div class='uagb-post__image'>\n\t\t\t\t\t\t\t\t\t<a href=\"https:\/\/www.familinparis.fr\/en\/mummies-exhibition-at-the-musee-de-l-homme\/\" target=\"_self\" rel=\"bookmark noopener noreferrer\" class='uagb-image-ratio-inherit'><img decoding=\"async\" width=\"270\" height=\"180\" src=\"https:\/\/www.familinparis.fr\/wp-content\/uploads\/2025\/11\/AFFICHE-MH_MOMIES_40x32-270x180.jpg\" class=\"attachment-post-thumbnail size-post-thumbnail\" alt=\"Affiche de l&#039;expsoition &quot;Momies&quot; au Mus\u00e9e de l&#039;Homme - nov. 2025\" \/>\t\t\t\t\t<\/a>\n\t\t\t\t\t\t\t<\/div>\n\t\t\t\t\t\t<h4 class=\"uagb-post__title uagb-post__text\">\n\t\t\t\t<a href=\"https:\/\/www.familinparis.fr\/en\/mummies-exhibition-at-the-musee-de-l-homme\/\" target=\"_self\" rel=\"bookmark noopener noreferrer\">MOMIES \u2022 At the Mus\u00e9e de l&#8217;Homme<\/a>\n\t\t\t<\/h4>\n\t\t\t\t\t\t<div class='uagb-post__text uagb-post-grid-byline'>\n\t\t\t\t\t\t\t<\/div>\n\t\t\t\n\t\t\t\t\t\t\t\t\t<\/article>\n\t\t\t\t\t\t\t\t\t\t\t\t\t\t\t\t<article class=\"uagb-post__inner-wrap\">\t\t\t\t\t\t\t\t<div class='uagb-post__image'>\n\t\t\t\t\t\t\t\t\t<a href=\"https:\/\/www.familinparis.fr\/en\/the-world-of-banksy\/\" target=\"_self\" rel=\"bookmark noopener noreferrer\" class='uagb-image-ratio-inherit'><img decoding=\"async\" width=\"270\" height=\"180\" src=\"https:\/\/www.familinparis.fr\/wp-content\/uploads\/Expos\/2019\/Divers\/banksy-a-paris-270x180.jpg\" class=\"attachment-post-thumbnail size-post-thumbnail\" alt=\"\" \/>\t\t\t\t\t<\/a>\n\t\t\t\t\t\t\t<\/div>\n\t\t\t\t\t\t<h4 class=\"uagb-post__title uagb-post__text\">\n\t\t\t\t<a href=\"https:\/\/www.familinparis.fr\/en\/the-world-of-banksy\/\" target=\"_self\" rel=\"bookmark noopener noreferrer\">The World of Banksy<\/a>\n\t\t\t<\/h4>\n\t\t\t\t\t\t<div class='uagb-post__text uagb-post-grid-byline'>\n\t\t\t\t\t\t\t<\/div>\n\t\t\t\n\t\t\t\t\t\t\t\t\t<\/article>\n\t\t\t\t\t\t\t\t\t\t\t\t\t\t\t\t<article class=\"uagb-post__inner-wrap\">\t\t\t\t\t\t\t\t<div class='uagb-post__image'>\n\t\t\t\t\t\t\t\t\t<a href=\"https:\/\/www.familinparis.fr\/en\/dogs-and-cats-exhibition-cite-des-sciences\/\" target=\"_self\" rel=\"bookmark noopener noreferrer\" class='uagb-image-ratio-inherit'><img decoding=\"async\" width=\"270\" height=\"180\" src=\"https:\/\/www.familinparis.fr\/wp-content\/uploads\/2025\/01\/chiens-et-chats-expo-cite-des-sciences-la-villette-2025-2026-270x180.jpg\" class=\"attachment-post-thumbnail size-post-thumbnail\" alt=\"Exposition &quot;Chiens et chats&quot; \u00e0 La Cit\u00e9 des Sciences et de l&#039;industrie 2025-2026\" srcset=\"https:\/\/www.familinparis.fr\/wp-content\/uploads\/2025\/01\/chiens-et-chats-expo-cite-des-sciences-la-villette-2025-2026-270x180.jpg 270w, https:\/\/www.familinparis.fr\/wp-content\/uploads\/2025\/01\/chiens-et-chats-expo-cite-des-sciences-la-villette-2025-2026-300x200.jpg 300w, https:\/\/www.familinparis.fr\/wp-content\/uploads\/2025\/01\/chiens-et-chats-expo-cite-des-sciences-la-villette-2025-2026-768x512.jpg 768w, https:\/\/www.familinparis.fr\/wp-content\/uploads\/2025\/01\/chiens-et-chats-expo-cite-des-sciences-la-villette-2025-2026-730x486.jpg 730w, https:\/\/www.familinparis.fr\/wp-content\/uploads\/2025\/01\/chiens-et-chats-expo-cite-des-sciences-la-villette-2025-2026.jpg 800w\" sizes=\"(max-width: 270px) 100vw, 270px\" \/>\t\t\t\t\t<\/a>\n\t\t\t\t\t\t\t<\/div>\n\t\t\t\t\t\t<h4 class=\"uagb-post__title uagb-post__text\">\n\t\t\t\t<a href=\"https:\/\/www.familinparis.fr\/en\/dogs-and-cats-exhibition-cite-des-sciences\/\" target=\"_self\" rel=\"bookmark noopener noreferrer\">Dogs and cats, at the Cit\u00e9 des Sciences<\/a>\n\t\t\t<\/h4>\n\t\t\t\t\t\t<div class='uagb-post__text uagb-post-grid-byline'>\n\t\t\t\t\t\t\t<\/div>\n\t\t\t\n\t\t\t\t\t\t\t\t\t<\/article>\n\t\t\t\t\t\t\t\t\t\t\t\t\t\t\t\t<article class=\"uagb-post__inner-wrap\">\t\t\t\t\t\t\t\t<div class='uagb-post__image'>\n\t\t\t\t\t\t\t\t\t<a href=\"https:\/\/www.familinparis.fr\/en\/dance\/\" target=\"_self\" rel=\"bookmark noopener noreferrer\" class='uagb-image-ratio-inherit'><img decoding=\"async\" width=\"270\" height=\"180\" src=\"https:\/\/www.familinparis.fr\/wp-content\/uploads\/2024\/06\/Danser-expo-2024-la-villette-270x180.jpg\" class=\"attachment-post-thumbnail size-post-thumbnail\" alt=\"\" \/>\t\t\t\t\t<\/a>\n\t\t\t\t\t\t\t<\/div>\n\t\t\t\t\t\t<h4 class=\"uagb-post__title uagb-post__text\">\n\t\t\t\t<a href=\"https:\/\/www.familinparis.fr\/en\/dance\/\" target=\"_self\" rel=\"bookmark noopener noreferrer\">Dance<\/a>\n\t\t\t<\/h4>\n\t\t\t\t\t\t<div class='uagb-post__text uagb-post-grid-byline'>\n\t\t\t\t\t\t\t<\/div>\n\t\t\t\n\t\t\t\t\t\t\t\t\t<\/article>\n\t\t\t\t\t\t\t\t\t\t\t\t\t\t\t\t<article class=\"uagb-post__inner-wrap\">\t\t\t\t\t\t\t\t<div class='uagb-post__image'>\n\t\t\t\t\t\t\t\t\t<a href=\"https:\/\/www.familinparis.fr\/en\/space-mission\/\" target=\"_self\" rel=\"bookmark noopener noreferrer\" class='uagb-image-ratio-inherit'><img decoding=\"async\" width=\"270\" height=\"180\" src=\"https:\/\/www.familinparis.fr\/wp-content\/uploads\/2023\/11\/mission-spatiale-cite-des-sciences-expo2023.jpeg-1-270x180.jpg\" class=\"attachment-post-thumbnail size-post-thumbnail\" alt=\"\" \/>\t\t\t\t\t<\/a>\n\t\t\t\t\t\t\t<\/div>\n\t\t\t\t\t\t<h4 class=\"uagb-post__title uagb-post__text\">\n\t\t\t\t<a href=\"https:\/\/www.familinparis.fr\/en\/space-mission\/\" target=\"_self\" rel=\"bookmark noopener noreferrer\">Space Mission<\/a>\n\t\t\t<\/h4>\n\t\t\t\t\t\t<div class='uagb-post__text uagb-post-grid-byline'>\n\t\t\t\t\t\t\t<\/div>\n\t\t\t\n\t\t\t\t\t\t\t\t\t<\/article>\n\t\t\t\t\t\t\t\t\t\t\t<\/div>\n\t\t\t\n<div style=\"height:100px\" aria-hidden=\"true\" class=\"wp-block-spacer\"><\/div>\n\n<div class=\"wp-block-buttons is-horizontal is-content-justification-center is-layout-flex wp-container-core-buttons-is-layout-499968f5 wp-block-buttons-is-layout-flex\">\n<div class=\"wp-block-button\"><a class=\"wp-block-button__link has-black-color has-text-color has-background wp-element-button\" href=\"https:\/\/www.familinparis.fr\/en\/shows-for-children-and-teenagers-in-paris\/\" style=\"border-radius:1px;background-color:#73c6b6\">THE BEST SHOWS OF 2022<\/a><\/div>\n\n\n\n<div class=\"wp-block-button\"><a class=\"wp-block-button__link has-black-color has-text-color has-background wp-element-button\" href=\"https:\/\/www.familinparis.fr\/en\/museums-our-guided-family-tours\/\" style=\"border-radius:1px;background-color:#73c6b6\">FAMILY GUIDED TOURS<\/a><\/div>\n<\/div>\n\n<p><\/p>\n","protected":false},"excerpt":{"rendered":"<p>The TOP EXHIBITIONS of the moment<\/p>\n","protected":false},"author":5,"featured_media":129108,"comment_status":"open","ping_status":"open","sticky":false,"template":"","format":"standard","meta":{"_uag_custom_page_level_css":"","footnotes":""},"categories":[1253],"tags":[],"class_list":{"0":"post-136034","1":"post","2":"type-post","3":"status-publish","4":"format-standard","5":"has-post-thumbnail","7":"category-past-events"},"yoast_head":"<!-- This site is optimized with the Yoast SEO plugin v27.2 - https:\/\/yoast.com\/product\/yoast-seo-wordpress\/ -->\n<title>Walk the Line with ATLAS exhibition at the Mus\u00e9e en Herbe. From 3 years old.<\/title>\n<meta name=\"description\" content=\"Walk the Line with The ATLAS is a very joyful exhibition, ideal to see with the family even with toddlers. Until March 22, 2020\" \/>\n<meta name=\"robots\" content=\"index, follow, max-snippet:-1, max-image-preview:large, max-video-preview:-1\" \/>\n<link rel=\"canonical\" href=\"https:\/\/www.familinparis.fr\/en\/walk-the-line-with-latlas\/\" \/>\n<meta property=\"og:locale\" content=\"en_US\" \/>\n<meta property=\"og:type\" content=\"article\" \/>\n<meta property=\"og:title\" content=\"Walk the Line with ATLAS exhibition at the Mus\u00e9e en Herbe. From 3 years old.\" \/>\n<meta property=\"og:description\" content=\"Walk the Line with The ATLAS is a very joyful exhibition, ideal to see with the family even with toddlers. Until March 22, 2020\" \/>\n<meta property=\"og:url\" content=\"https:\/\/www.familinparis.fr\/en\/walk-the-line-with-latlas\/\" \/>\n<meta property=\"og:site_name\" content=\"Familin&#039;Paris\" \/>\n<meta property=\"article:published_time\" content=\"2020-01-28T16:56:00+00:00\" \/>\n<meta property=\"article:modified_time\" content=\"2026-02-12T12:37:26+00:00\" \/>\n<meta property=\"og:image\" content=\"https:\/\/www.familinparis.fr\/wp-content\/uploads\/Expos\/2019\/Mus\u00e9e-en-Herbe\/expo-walk-the-line.jpg\" \/>\n\t<meta property=\"og:image:width\" content=\"1000\" \/>\n\t<meta property=\"og:image:height\" content=\"646\" \/>\n\t<meta property=\"og:image:type\" content=\"image\/jpeg\" \/>\n<meta name=\"author\" content=\"olivia\" \/>\n<meta name=\"twitter:card\" content=\"summary_large_image\" \/>\n<meta name=\"twitter:label1\" content=\"Written by\" \/>\n\t<meta name=\"twitter:data1\" content=\"olivia\" \/>\n\t<meta name=\"twitter:label2\" content=\"Est. reading time\" \/>\n\t<meta name=\"twitter:data2\" content=\"2 minutes\" \/>\n<script type=\"application\/ld+json\" class=\"yoast-schema-graph\">{\"@context\":\"https:\/\/schema.org\",\"@graph\":[{\"@type\":\"Article\",\"@id\":\"https:\/\/www.familinparis.fr\/en\/walk-the-line-with-latlas\/#article\",\"isPartOf\":{\"@id\":\"https:\/\/www.familinparis.fr\/en\/walk-the-line-with-latlas\/\"},\"author\":{\"name\":\"olivia\",\"@id\":\"https:\/\/www.familinparis.fr\/en\/#\/schema\/person\/a87467bb417cd0c77d0a7bb5d1d78ac5\"},\"headline\":\"Walk the Line with L&#8217;ATLAS\",\"datePublished\":\"2020-01-28T16:56:00+00:00\",\"dateModified\":\"2026-02-12T12:37:26+00:00\",\"mainEntityOfPage\":{\"@id\":\"https:\/\/www.familinparis.fr\/en\/walk-the-line-with-latlas\/\"},\"wordCount\":458,\"commentCount\":0,\"image\":{\"@id\":\"https:\/\/www.familinparis.fr\/en\/walk-the-line-with-latlas\/#primaryimage\"},\"thumbnailUrl\":\"https:\/\/www.familinparis.fr\/wp-content\/uploads\/Expos\/2019\/Mus\u00e9e-en-Herbe\/expo-walk-the-line.jpg\",\"articleSection\":[\"Past events\"],\"inLanguage\":\"en-US\",\"potentialAction\":[{\"@type\":\"CommentAction\",\"name\":\"Comment\",\"target\":[\"https:\/\/www.familinparis.fr\/en\/walk-the-line-with-latlas\/#respond\"]}]},{\"@type\":\"WebPage\",\"@id\":\"https:\/\/www.familinparis.fr\/en\/walk-the-line-with-latlas\/\",\"url\":\"https:\/\/www.familinparis.fr\/en\/walk-the-line-with-latlas\/\",\"name\":\"Walk the Line with ATLAS exhibition at the Mus\u00e9e en Herbe. From 3 years old.\",\"isPartOf\":{\"@id\":\"https:\/\/www.familinparis.fr\/en\/#website\"},\"primaryImageOfPage\":{\"@id\":\"https:\/\/www.familinparis.fr\/en\/walk-the-line-with-latlas\/#primaryimage\"},\"image\":{\"@id\":\"https:\/\/www.familinparis.fr\/en\/walk-the-line-with-latlas\/#primaryimage\"},\"thumbnailUrl\":\"https:\/\/www.familinparis.fr\/wp-content\/uploads\/Expos\/2019\/Mus\u00e9e-en-Herbe\/expo-walk-the-line.jpg\",\"datePublished\":\"2020-01-28T16:56:00+00:00\",\"dateModified\":\"2026-02-12T12:37:26+00:00\",\"author\":{\"@id\":\"https:\/\/www.familinparis.fr\/en\/#\/schema\/person\/a87467bb417cd0c77d0a7bb5d1d78ac5\"},\"description\":\"Walk the Line with The ATLAS is a very joyful exhibition, ideal to see with the family even with toddlers. Until March 22, 2020\",\"breadcrumb\":{\"@id\":\"https:\/\/www.familinparis.fr\/en\/walk-the-line-with-latlas\/#breadcrumb\"},\"inLanguage\":\"en-US\",\"potentialAction\":[{\"@type\":\"ReadAction\",\"target\":[\"https:\/\/www.familinparis.fr\/en\/walk-the-line-with-latlas\/\"]}]},{\"@type\":\"ImageObject\",\"inLanguage\":\"en-US\",\"@id\":\"https:\/\/www.familinparis.fr\/en\/walk-the-line-with-latlas\/#primaryimage\",\"url\":\"https:\/\/www.familinparis.fr\/wp-content\/uploads\/Expos\/2019\/Mus\u00e9e-en-Herbe\/expo-walk-the-line.jpg\",\"contentUrl\":\"https:\/\/www.familinparis.fr\/wp-content\/uploads\/Expos\/2019\/Mus\u00e9e-en-Herbe\/expo-walk-the-line.jpg\",\"width\":1000,\"height\":646},{\"@type\":\"BreadcrumbList\",\"@id\":\"https:\/\/www.familinparis.fr\/en\/walk-the-line-with-latlas\/#breadcrumb\",\"itemListElement\":[{\"@type\":\"ListItem\",\"position\":1,\"name\":\"Home\",\"item\":\"https:\/\/www.familinparis.fr\/en\/\"},{\"@type\":\"ListItem\",\"position\":2,\"name\":\"Past events\",\"item\":\"https:\/\/www.familinparis.fr\/en\/categorie\/past-events\/\"},{\"@type\":\"ListItem\",\"position\":3,\"name\":\"Walk the Line with L&rsquo;ATLAS\"}]},{\"@type\":\"WebSite\",\"@id\":\"https:\/\/www.familinparis.fr\/en\/#website\",\"url\":\"https:\/\/www.familinparis.fr\/en\/\",\"name\":\"Familin&#039;Paris\",\"description\":\"Visiter le meilleur de Paris avec des enfants : sorties, spectacles, adresses de restaurants, shopping, bons plans...\",\"potentialAction\":[{\"@type\":\"SearchAction\",\"target\":{\"@type\":\"EntryPoint\",\"urlTemplate\":\"https:\/\/www.familinparis.fr\/en\/?s={search_term_string}\"},\"query-input\":{\"@type\":\"PropertyValueSpecification\",\"valueRequired\":true,\"valueName\":\"search_term_string\"}}],\"inLanguage\":\"en-US\"},{\"@type\":\"Person\",\"@id\":\"https:\/\/www.familinparis.fr\/en\/#\/schema\/person\/a87467bb417cd0c77d0a7bb5d1d78ac5\",\"name\":\"olivia\",\"image\":{\"@type\":\"ImageObject\",\"inLanguage\":\"en-US\",\"@id\":\"https:\/\/secure.gravatar.com\/avatar\/cbca07f1dfea20f457a666a1b84ed5cf1364773d1378c6f10fd36c354eef1ef8?s=96&d=identicon&r=g\",\"url\":\"https:\/\/secure.gravatar.com\/avatar\/cbca07f1dfea20f457a666a1b84ed5cf1364773d1378c6f10fd36c354eef1ef8?s=96&d=identicon&r=g\",\"contentUrl\":\"https:\/\/secure.gravatar.com\/avatar\/cbca07f1dfea20f457a666a1b84ed5cf1364773d1378c6f10fd36c354eef1ef8?s=96&d=identicon&r=g\",\"caption\":\"olivia\"}}]}<\/script>\n<!-- \/ Yoast SEO plugin. -->","yoast_head_json":{"title":"Walk the Line with ATLAS exhibition at the Mus\u00e9e en Herbe. From 3 years old.","description":"Walk the Line with The ATLAS is a very joyful exhibition, ideal to see with the family even with toddlers. Until March 22, 2020","robots":{"index":"index","follow":"follow","max-snippet":"max-snippet:-1","max-image-preview":"max-image-preview:large","max-video-preview":"max-video-preview:-1"},"canonical":"https:\/\/www.familinparis.fr\/en\/walk-the-line-with-latlas\/","og_locale":"en_US","og_type":"article","og_title":"Walk the Line with ATLAS exhibition at the Mus\u00e9e en Herbe. From 3 years old.","og_description":"Walk the Line with The ATLAS is a very joyful exhibition, ideal to see with the family even with toddlers. Until March 22, 2020","og_url":"https:\/\/www.familinparis.fr\/en\/walk-the-line-with-latlas\/","og_site_name":"Familin&#039;Paris","article_published_time":"2020-01-28T16:56:00+00:00","article_modified_time":"2026-02-12T12:37:26+00:00","og_image":[{"width":1000,"height":646,"url":"https:\/\/www.familinparis.fr\/wp-content\/uploads\/Expos\/2019\/Mus\u00e9e-en-Herbe\/expo-walk-the-line.jpg","type":"image\/jpeg"}],"author":"olivia","twitter_card":"summary_large_image","twitter_misc":{"Written by":"olivia","Est. reading time":"2 minutes"},"schema":{"@context":"https:\/\/schema.org","@graph":[{"@type":"Article","@id":"https:\/\/www.familinparis.fr\/en\/walk-the-line-with-latlas\/#article","isPartOf":{"@id":"https:\/\/www.familinparis.fr\/en\/walk-the-line-with-latlas\/"},"author":{"name":"olivia","@id":"https:\/\/www.familinparis.fr\/en\/#\/schema\/person\/a87467bb417cd0c77d0a7bb5d1d78ac5"},"headline":"Walk the Line with L&#8217;ATLAS","datePublished":"2020-01-28T16:56:00+00:00","dateModified":"2026-02-12T12:37:26+00:00","mainEntityOfPage":{"@id":"https:\/\/www.familinparis.fr\/en\/walk-the-line-with-latlas\/"},"wordCount":458,"commentCount":0,"image":{"@id":"https:\/\/www.familinparis.fr\/en\/walk-the-line-with-latlas\/#primaryimage"},"thumbnailUrl":"https:\/\/www.familinparis.fr\/wp-content\/uploads\/Expos\/2019\/Mus\u00e9e-en-Herbe\/expo-walk-the-line.jpg","articleSection":["Past events"],"inLanguage":"en-US","potentialAction":[{"@type":"CommentAction","name":"Comment","target":["https:\/\/www.familinparis.fr\/en\/walk-the-line-with-latlas\/#respond"]}]},{"@type":"WebPage","@id":"https:\/\/www.familinparis.fr\/en\/walk-the-line-with-latlas\/","url":"https:\/\/www.familinparis.fr\/en\/walk-the-line-with-latlas\/","name":"Walk the Line with ATLAS exhibition at the Mus\u00e9e en Herbe. From 3 years old.","isPartOf":{"@id":"https:\/\/www.familinparis.fr\/en\/#website"},"primaryImageOfPage":{"@id":"https:\/\/www.familinparis.fr\/en\/walk-the-line-with-latlas\/#primaryimage"},"image":{"@id":"https:\/\/www.familinparis.fr\/en\/walk-the-line-with-latlas\/#primaryimage"},"thumbnailUrl":"https:\/\/www.familinparis.fr\/wp-content\/uploads\/Expos\/2019\/Mus\u00e9e-en-Herbe\/expo-walk-the-line.jpg","datePublished":"2020-01-28T16:56:00+00:00","dateModified":"2026-02-12T12:37:26+00:00","author":{"@id":"https:\/\/www.familinparis.fr\/en\/#\/schema\/person\/a87467bb417cd0c77d0a7bb5d1d78ac5"},"description":"Walk the Line with The ATLAS is a very joyful exhibition, ideal to see with the family even with toddlers. Until March 22, 2020","breadcrumb":{"@id":"https:\/\/www.familinparis.fr\/en\/walk-the-line-with-latlas\/#breadcrumb"},"inLanguage":"en-US","potentialAction":[{"@type":"ReadAction","target":["https:\/\/www.familinparis.fr\/en\/walk-the-line-with-latlas\/"]}]},{"@type":"ImageObject","inLanguage":"en-US","@id":"https:\/\/www.familinparis.fr\/en\/walk-the-line-with-latlas\/#primaryimage","url":"https:\/\/www.familinparis.fr\/wp-content\/uploads\/Expos\/2019\/Mus\u00e9e-en-Herbe\/expo-walk-the-line.jpg","contentUrl":"https:\/\/www.familinparis.fr\/wp-content\/uploads\/Expos\/2019\/Mus\u00e9e-en-Herbe\/expo-walk-the-line.jpg","width":1000,"height":646},{"@type":"BreadcrumbList","@id":"https:\/\/www.familinparis.fr\/en\/walk-the-line-with-latlas\/#breadcrumb","itemListElement":[{"@type":"ListItem","position":1,"name":"Home","item":"https:\/\/www.familinparis.fr\/en\/"},{"@type":"ListItem","position":2,"name":"Past events","item":"https:\/\/www.familinparis.fr\/en\/categorie\/past-events\/"},{"@type":"ListItem","position":3,"name":"Walk the Line with L&rsquo;ATLAS"}]},{"@type":"WebSite","@id":"https:\/\/www.familinparis.fr\/en\/#website","url":"https:\/\/www.familinparis.fr\/en\/","name":"Familin&#039;Paris","description":"Visiter le meilleur de Paris avec des enfants : sorties, spectacles, adresses de restaurants, shopping, bons plans...","potentialAction":[{"@type":"SearchAction","target":{"@type":"EntryPoint","urlTemplate":"https:\/\/www.familinparis.fr\/en\/?s={search_term_string}"},"query-input":{"@type":"PropertyValueSpecification","valueRequired":true,"valueName":"search_term_string"}}],"inLanguage":"en-US"},{"@type":"Person","@id":"https:\/\/www.familinparis.fr\/en\/#\/schema\/person\/a87467bb417cd0c77d0a7bb5d1d78ac5","name":"olivia","image":{"@type":"ImageObject","inLanguage":"en-US","@id":"https:\/\/secure.gravatar.com\/avatar\/cbca07f1dfea20f457a666a1b84ed5cf1364773d1378c6f10fd36c354eef1ef8?s=96&d=identicon&r=g","url":"https:\/\/secure.gravatar.com\/avatar\/cbca07f1dfea20f457a666a1b84ed5cf1364773d1378c6f10fd36c354eef1ef8?s=96&d=identicon&r=g","contentUrl":"https:\/\/secure.gravatar.com\/avatar\/cbca07f1dfea20f457a666a1b84ed5cf1364773d1378c6f10fd36c354eef1ef8?s=96&d=identicon&r=g","caption":"olivia"}}]}},"uagb_featured_image_src":{"full":["https:\/\/www.familinparis.fr\/wp-content\/uploads\/Expos\/2019\/Mus\u00e9e-en-Herbe\/expo-walk-the-line.jpg",1000,646,false],"thumbnail":["https:\/\/www.familinparis.fr\/wp-content\/uploads\/Expos\/2019\/Mus\u00e9e-en-Herbe\/expo-walk-the-line-150x150.jpg",150,150,true],"medium":["https:\/\/www.familinparis.fr\/wp-content\/uploads\/Expos\/2019\/Mus\u00e9e-en-Herbe\/expo-walk-the-line-300x194.jpg",300,194,true],"medium_large":["https:\/\/www.familinparis.fr\/wp-content\/uploads\/Expos\/2019\/Mus\u00e9e-en-Herbe\/expo-walk-the-line.jpg",768,496,false],"large":["https:\/\/www.familinparis.fr\/wp-content\/uploads\/Expos\/2019\/Mus\u00e9e-en-Herbe\/expo-walk-the-line.jpg",770,497,false],"1536x1536":["https:\/\/www.familinparis.fr\/wp-content\/uploads\/Expos\/2019\/Mus\u00e9e-en-Herbe\/expo-walk-the-line.jpg",1000,646,false],"2048x2048":["https:\/\/www.familinparis.fr\/wp-content\/uploads\/Expos\/2019\/Mus\u00e9e-en-Herbe\/expo-walk-the-line.jpg",1000,646,false],"home-thumb":["https:\/\/www.familinparis.fr\/wp-content\/uploads\/Expos\/2019\/Mus\u00e9e-en-Herbe\/expo-walk-the-line-730x472.jpg",730,472,true],"home-slider":["https:\/\/www.familinparis.fr\/wp-content\/uploads\/Expos\/2019\/Mus\u00e9e-en-Herbe\/expo-walk-the-line-800x600.jpg",800,600,true],"lightbox-slider-size":["https:\/\/www.familinparis.fr\/wp-content\/uploads\/Expos\/2019\/Mus\u00e9e-en-Herbe\/expo-walk-the-line-564x282.jpg",564,282,true],"post-thumbnail":["https:\/\/www.familinparis.fr\/wp-content\/uploads\/Expos\/2019\/Mus\u00e9e-en-Herbe\/expo-walk-the-line-270x180.jpg",270,180,true],"cheerup-main":["https:\/\/www.familinparis.fr\/wp-content\/uploads\/Expos\/2019\/Mus\u00e9e-en-Herbe\/expo-walk-the-line-770x400.jpg",770,400,true],"cheerup-main-full":["https:\/\/www.familinparis.fr\/wp-content\/uploads\/Expos\/2019\/Mus\u00e9e-en-Herbe\/expo-walk-the-line-1000x508.jpg",1000,508,true],"cheerup-slider-alt":["https:\/\/www.familinparis.fr\/wp-content\/uploads\/Expos\/2019\/Mus\u00e9e-en-Herbe\/expo-walk-the-line-1000x508.jpg",1000,508,true],"cheerup-slider-trendy":["https:\/\/www.familinparis.fr\/wp-content\/uploads\/Expos\/2019\/Mus\u00e9e-en-Herbe\/expo-walk-the-line-960x508.jpg",960,508,true],"cheerup-slider-stylish":["https:\/\/www.familinparis.fr\/wp-content\/uploads\/Expos\/2019\/Mus\u00e9e-en-Herbe\/expo-walk-the-line-900x515.jpg",900,515,true],"cheerup-slider-grid":["https:\/\/www.familinparis.fr\/wp-content\/uploads\/Expos\/2019\/Mus\u00e9e-en-Herbe\/expo-walk-the-line-870x600.jpg",870,600,true],"cheerup-slider-grid-sm":["https:\/\/www.familinparis.fr\/wp-content\/uploads\/Expos\/2019\/Mus\u00e9e-en-Herbe\/expo-walk-the-line-300x300.jpg",300,300,true],"cheerup-slider-carousel":["https:\/\/www.familinparis.fr\/wp-content\/uploads\/Expos\/2019\/Mus\u00e9e-en-Herbe\/expo-walk-the-line-370x370.jpg",370,370,true],"cheerup-slider-grid-b":["https:\/\/www.familinparis.fr\/wp-content\/uploads\/Expos\/2019\/Mus\u00e9e-en-Herbe\/expo-walk-the-line-554x466.jpg",554,466,true],"cheerup-slider-grid-b-sm":["https:\/\/www.familinparis.fr\/wp-content\/uploads\/Expos\/2019\/Mus\u00e9e-en-Herbe\/expo-walk-the-line-306x466.jpg",306,466,true],"cheerup-slider-bold-sm":["https:\/\/www.familinparis.fr\/wp-content\/uploads\/Expos\/2019\/Mus\u00e9e-en-Herbe\/expo-walk-the-line-150x150.jpg",150,150,true],"cheerup-grid":["https:\/\/www.familinparis.fr\/wp-content\/uploads\/Expos\/2019\/Mus\u00e9e-en-Herbe\/expo-walk-the-line-370x285.jpg",370,285,true],"cheerup-carousel":["https:\/\/www.familinparis.fr\/wp-content\/uploads\/Expos\/2019\/Mus\u00e9e-en-Herbe\/expo-walk-the-line-270x180.jpg",270,180,true],"cheerup-carousel-b":["https:\/\/www.familinparis.fr\/wp-content\/uploads\/Expos\/2019\/Mus\u00e9e-en-Herbe\/expo-walk-the-line-370x285.jpg",370,285,true],"cheerup-list":["https:\/\/www.familinparis.fr\/wp-content\/uploads\/Expos\/2019\/Mus\u00e9e-en-Herbe\/expo-walk-the-line-260x200.jpg",260,200,true],"cheerup-list-b":["https:\/\/www.familinparis.fr\/wp-content\/uploads\/Expos\/2019\/Mus\u00e9e-en-Herbe\/expo-walk-the-line-370x305.jpg",370,305,true],"cheerup-thumb":["https:\/\/www.familinparis.fr\/wp-content\/uploads\/Expos\/2019\/Mus\u00e9e-en-Herbe\/expo-walk-the-line-87x67.jpg",87,67,true],"cheerup-thumb-alt":["https:\/\/www.familinparis.fr\/wp-content\/uploads\/Expos\/2019\/Mus\u00e9e-en-Herbe\/expo-walk-the-line-150x150.jpg",150,150,true]},"uagb_author_info":{"display_name":"olivia","author_link":"https:\/\/www.familinparis.fr\/en\/author\/olivia\/"},"uagb_comment_info":0,"uagb_excerpt":"The TOP EXHIBITIONS of the moment","_links":{"self":[{"href":"https:\/\/www.familinparis.fr\/en\/wp-json\/wp\/v2\/posts\/136034","targetHints":{"allow":["GET"]}}],"collection":[{"href":"https:\/\/www.familinparis.fr\/en\/wp-json\/wp\/v2\/posts"}],"about":[{"href":"https:\/\/www.familinparis.fr\/en\/wp-json\/wp\/v2\/types\/post"}],"author":[{"embeddable":true,"href":"https:\/\/www.familinparis.fr\/en\/wp-json\/wp\/v2\/users\/5"}],"replies":[{"embeddable":true,"href":"https:\/\/www.familinparis.fr\/en\/wp-json\/wp\/v2\/comments?post=136034"}],"version-history":[{"count":0,"href":"https:\/\/www.familinparis.fr\/en\/wp-json\/wp\/v2\/posts\/136034\/revisions"}],"wp:featuredmedia":[{"embeddable":true,"href":"https:\/\/www.familinparis.fr\/en\/wp-json\/wp\/v2\/media\/129108"}],"wp:attachment":[{"href":"https:\/\/www.familinparis.fr\/en\/wp-json\/wp\/v2\/media?parent=136034"}],"wp:term":[{"taxonomy":"category","embeddable":true,"href":"https:\/\/www.familinparis.fr\/en\/wp-json\/wp\/v2\/categories?post=136034"},{"taxonomy":"post_tag","embeddable":true,"href":"https:\/\/www.familinparis.fr\/en\/wp-json\/wp\/v2\/tags?post=136034"}],"curies":[{"name":"wp","href":"https:\/\/api.w.org\/{rel}","templated":true}]}}