{"id":136007,"date":"2025-06-06T13:00:00","date_gmt":"2025-06-06T11:00:00","guid":{"rendered":"https:\/\/www.familinparis.fr\/les-bebe-concerts-lamoureux-orchestra\/"},"modified":"2024-11-16T17:24:34","modified_gmt":"2024-11-16T15:24:34","slug":"les-bebe-concerts-lamoureux-orchestra","status":"publish","type":"post","link":"https:\/\/www.familinparis.fr\/en\/les-bebe-concerts-lamoureux-orchestra\/","title":{"rendered":"Les b\u00e9b\u00e9 concerts (Lamoureux orchestra)"},"content":{"rendered":"<div class=\"lazyblock-baseline-ZkOm2E wp-block-lazyblock-baseline\"><div class=\"baseline\">Concerts for &#8220;babies&#8221;<br> For ages 0 to 5  <\/div><\/div>\n<div style=\"height:0px\" aria-hidden=\"true\" class=\"wp-block-spacer\"><\/div>\n<div class=\"wp-block-image\">\n<figure class=\"aligncenter size-full\"><img decoding=\"async\" width=\"1000\" height=\"395\" src=\"https:\/\/www.familinparis.fr\/wp-content\/uploads\/Spectacles\/concerts\/bebe-concerts-Paris.jpg\" alt=\"BABY CONCERTS ORCHESTRA LAMOUREUX\" class=\"wp-image-102016\" srcset=\"https:\/\/www.familinparis.fr\/wp-content\/uploads\/Spectacles\/concerts\/bebe-concerts-Paris.jpg 1000w, https:\/\/www.familinparis.fr\/wp-content\/uploads\/Spectacles\/concerts\/bebe-concerts-Paris-300x119.jpg 300w, https:\/\/www.familinparis.fr\/wp-content\/uploads\/Spectacles\/concerts\/bebe-concerts-Paris-768x303.jpg 768w, https:\/\/www.familinparis.fr\/wp-content\/uploads\/Spectacles\/concerts\/bebe-concerts-Paris-18x7.jpg 18w, https:\/\/www.familinparis.fr\/wp-content\/uploads\/Spectacles\/concerts\/bebe-concerts-Paris-730x288.jpg 730w\" sizes=\"(max-width: 1000px) 100vw, 1000px\" \/><\/figure>\n<\/div>\n<div style=\"height:25px\" aria-hidden=\"true\" class=\"wp-block-spacer\"><\/div>\n\n<section class=\"wp-block-uagb-section uagb-section__wrap uagb-section__background-color uagb-block-5d474112\"><div class=\"uagb-section__overlay\"><\/div><div class=\"uagb-section__inner-wrap\">\n<div class=\"wp-block-columns is-layout-flex wp-container-core-columns-is-layout-9d6595d7 wp-block-columns-is-layout-flex\">\n<div class=\"wp-block-column is-layout-flow wp-block-column-is-layout-flow\" style=\"flex-basis:66.66%\">\n<ul class=\"wp-block-list\">\n<li><strong>WE LIKE<\/strong> : Awakening children to classical music with the Lamoureux orchestra<\/li>\n\n\n\n<li><strong>AGE:<\/strong> for 0 to 5 years old  <\/li>\n\n\n\n<li><strong style=\"color: initial\">DATE <\/strong>:<span style=\"color: initial\"> <\/span>1 concert per month<\/li>\n\n\n\n<li><strong>DURATION: <\/strong>30 minutes<\/li>\n\n\n\n<li><strong>VENUES:<\/strong> Th\u00e9\u00e2tre de l&#8217;Atelier (Paris 9th) or Seine Musicale (92 &#8211; Boulogne)<\/li>\n\n\n\n<li><strong>FREE SEATING<\/strong><\/li>\n<\/ul>\n<\/div>\n\n\n\n<div class=\"wp-block-column is-layout-flow wp-block-column-is-layout-flow\" style=\"flex-basis:33.33%\">\n<div style=\"height:50px\" aria-hidden=\"true\" class=\"wp-block-spacer\"><\/div>\n\n\n\n<div class=\"wp-block-buttons is-layout-flex wp-block-buttons-is-layout-flex\">\n<div class=\"wp-block-button\"><a class=\"wp-block-button__link has-white-color has-text-color has-background wp-element-button\" href=\"https:\/\/tracking.publicidees.com\/clic.php?progid=2986&amp;partid=39280&amp;dpl=https%3A%2F%2Fwww.ticketac.com%2Fspectacles%2Fle-carnaval-des-animaux-1\" style=\"border-radius:4px;background-color:#fa395f\" target=\"_blank\" rel=\"noreferrer noopener\">BABY CONCERTS <br\/>SEINE MUSICALE<br\/>(92)<br\/>BOOK NOW<\/a><\/div>\n\n\n\n<div class=\"wp-block-button\"><a class=\"wp-block-button__link has-white-color has-text-color has-background wp-element-button\" href=\"https:\/\/www.awin1.com\/cread.php?awinmid=12494&amp;awinaffid=291657&amp;ued=https%3A%2F%2Fwww.fnacspectacles.com%2Fartist%2Forchestre-lamoureux%2Fbebe-concerts-theatre-de-latelier-paris-3450226%2F\" style=\"border-radius:4px;background-color:#fa395f\" target=\"_blank\" rel=\"noreferrer noopener nofollow\">BABY CONCERTS<br\/>TH\u00c9\u00c2TRE L&#8217;ATELIER<br\/>(Paris 9th)<br\/>BOOK NOW<\/a><\/div>\n<\/div>\n\n\n\n<div style=\"height:24px\" aria-hidden=\"true\" class=\"wp-block-spacer\"><\/div>\n<\/div>\n<\/div>\n\n\n\n<p><strong>The Lamoureux orchestra has long offered an original program for toddlers with the &#8220;Baby concerts&#8221;. <\/strong>It is a<strong> real concert, played by a real orchestra<\/strong> <strong>for toddlers<\/strong> (for 0-5 year olds). <strong>Babies and children become familiar with classical instruments, works and artists<\/strong>. They listen in their parents&#8217; arms, or while walking in the aisles. They can move, make noise, ask for the bottle, sing with the musicians the nursery rhymes that punctuate the concert&#8230;  <\/p>\n\n\n\n<h2 class=\"wp-block-heading\">2024 program of the B\u00e9b\u00e9 Concerts:  <\/h2>\n\n\n\n<ul class=\"wp-block-list\">\n<li><strong>January 20th and 21st<\/strong> : Baby Concert NEW YEAR (this concert is based on the one traditionally given in Vienna every year since 1939. Start the year by waltzing with the greatest Viennese composers!) &#8211; <strong>Th\u00e9\u00e2tre de l&#8217;Atelier<\/strong><\/li>\n\n\n\n<li><strong>February 3 and 4<\/strong> : Baby Concert CIRCUS (a program dedicated to circus music) &#8211; <strong>Th\u00e9\u00e2tre de l&#8217;Atelier<\/strong><\/li>\n\n\n\n<li><strong>February 10th<\/strong> : Baby Concert FAIRY TALES (around the music of Maurice Ravel) &#8211; <strong>La Seine Musicale<\/strong><\/li>\n\n\n\n<li><strong>March 23 and 24<\/strong> : Baby Concert <strong>CHOPIN&#8217;S PIANO &#8211; Th\u00e9\u00e2tre de l&#8217;Atelier<\/strong><\/li>\n\n\n\n<li><strong>27 and 28 April<\/strong> : Baby Concert OPERA ARIAS (great arias from <em>Carmen, La Traviata<\/em> and many others!) &#8211; <strong>Th\u00e9\u00e2tre de l&#8217;Atelier<\/strong><\/li>\n\n\n\n<li><strong>25 and 26 May<\/strong> : Baby Concert LES VENTS DANSENT (works by great composers around dance: waltz, polka, tango or ragtime) &#8211; <strong>Th\u00e9\u00e2tre de l&#8217;Atelier<\/strong><\/li>\n\n\n\n<li><strong>15 June<\/strong> : Baby Concert BIRD SONGS (music of bird songs and also breathtaking show tunes for toddlers&#8230;.) &#8211; <strong>La Seine Musicale<\/strong><\/li>\n\n\n\n<li><strong>22 and 23 June<\/strong> : Baby Concert GYPSY MUSIC (Embark on a journey to Eastern Europe thanks to traditional music!) &#8211; <strong>Th\u00e9\u00e2tre de l&#8217;Atelier<\/strong><\/li>\n<\/ul>\n<\/div><\/section>\n\n<div style=\"height:50px\" aria-hidden=\"true\" class=\"wp-block-spacer\"><\/div>\n\n<div style=\"height:60px\" aria-hidden=\"true\" class=\"wp-block-spacer\"><\/div>\n\n<div style=\"height:30px\" aria-hidden=\"true\" class=\"wp-block-spacer\"><\/div>\n<div class=\"lazyblock-grids-3TjCq wp-block-lazyblock-grids\"><div class=\"row new-grids grids-style-2\">\n        <div class=\"col-12 grid-title\">\n        <h2 class=\"c-blue\">All concerts for young audiences<\/h2>\n\n            <\/div>\n        \n    <div class=\"col-12 grids columns-4\">\n        \n\n<div class=\"grid\">\n\t<a href=\"https:\/\/www.familinparis.fr\/en\/a-family-concert-at-the-opera-comique\/\" target=\"_self\">\n\t    <div class=\"image\" style=\"background-image:url('https:\/\/www.familinparis.fr\/wp-content\/uploads\/Spectacles\/MUSICAL\/En-famille-opera-comique-564x282.jpg')\">\n\t    \t\t    \t<div class=\"dateOnImg\">29 mars &#8211; 14 juin<\/div>\n\t    \t\t\t\t\t    <\/div>\n\t    <div class=\"texte\">\n\t        <h5>Op\u00e9ra Comique (Paris 2e)<\/h5>\n\t        <h3>Op\u00e9ra Comique: family workshops &#8220;Voices in sharing&#8221;<\/h3>\n\t        <div class=\"tags\">\n\t        \t\t        \t\t<span>D\u00e8s 6 ans<\/span>\n\t        \t\t        \t<span>1 heure<\/span>\n\t        <\/div>\n\t        <div class=\"bas\">\n        \t\t<div class=\"prix\">\n        \t\t\t\t        \t\t\t<span>From<\/span>\n\t        \t\t\t<span class=\"\">12\u20ac<\/span>\n\t        \t\t\t\t        \t\t        \t\t<\/div>\n            \t<div class=\"review-stars\" data-productId=\"72\">\n            \t<\/div>\n\t        <\/div>\n\t    <\/div>\n\t<\/a>\n<\/div>\n\n<div class=\"grid\">\n\t<a href=\"https:\/\/www.familinparis.fr\/en\/candlelight-concert-in-paris\/\" target=\"_self\">\n\t    <div class=\"image\" style=\"background-image:url('https:\/\/www.familinparis.fr\/wp-content\/uploads\/2026\/01\/les-concerts-candelight-564x282.jpg')\">\n\t    \t\t    \t<div class=\"dateOnImg\">Nombreuses dates<\/div>\n\t    \t\t\t\t\t\t\t\t<div class=\"rond-blanc-age\"><span>For all<\/span><\/div>\n\t\t\t\t    <\/div>\n\t    <div class=\"texte\">\n\t        <h5>A Paris<\/h5>\n\t        <h3>Les concerts Candlelight<\/h3>\n\t        <div class=\"tags\">\n\t        \t\t        \t\t<span>CONCERTS ATYPIQUES<\/span>\n\t        \t\t        \t<span>1h<\/span>\n\t        <\/div>\n\t        <div class=\"bas\">\n        \t\t<div class=\"prix\">\n        \t\t\t\t        \t\t\t<span>From<\/span>\n\t        \t\t\t<span class=\"\">25\u20ac<\/span>\n\t        \t\t\t\t        \t\t        \t\t<\/div>\n            \t<div class=\"review-stars\" data-productId=\"\">\n            \t<\/div>\n\t        <\/div>\n\t    <\/div>\n\t<\/a>\n<\/div>\n\n<div class=\"grid\">\n\t<a href=\"https:\/\/www.familinparis.fr\/en\/concerts-for-young-audiences-at-the-theatre-des-champs-elysees\/\" target=\"_self\">\n\t    <div class=\"image\" style=\"background-image:url('https:\/\/www.familinparis.fr\/wp-content\/uploads\/Spectacles\/concerts\/theatre-des-champs-elysees-564x282.jpg')\">\n\t    \t\t\t\t\t    <\/div>\n\t    <div class=\"texte\">\n\t        <h5><\/h5>\n\t        <h3>Concerts for young audiences at the Th\u00e9\u00e2tre des Champs-Elys\u00e9es<\/h3>\n\t        <div class=\"tags\">\n\t        \t\t        \t<span><\/span>\n\t        <\/div>\n\t        <div class=\"bas\">\n        \t\t<div class=\"prix\">\n        \t\t\t        \t\t<\/div>\n            \t<div class=\"review-stars\" data-productId=\"\">\n            \t<\/div>\n\t        <\/div>\n\t    <\/div>\n\t<\/a>\n<\/div>\n\n<div class=\"grid\">\n\t<a href=\"https:\/\/www.familinparis.fr\/en\/luminiscence-paris-immersive-show\/\" target=\"_self\">\n\t    <div class=\"image\" style=\"background-image:url('https:\/\/www.familinparis.fr\/wp-content\/uploads\/2024\/03\/luminiscence-saint-eustache-paris-1er-\u00a9Mikhail-Sytenkov-564x282.jpg')\">\n\t    \t\t    \t<div class=\"dateOnImg\">30% OFF<\/div>\n\t    \t\t\t\t\t    <\/div>\n\t    <div class=\"texte\">\n\t        <h5>At the Saint-Eustache church<\/h5>\n\t        <h3>Luminiscence Paris: Immersive show<\/h3>\n\t        <div class=\"tags\">\n\t        \t\t        \t\t<span>From 6 years old<\/span>\n\t        \t\t        \t<span>40mn<\/span>\n\t        <\/div>\n\t        <div class=\"bas\">\n        \t\t<div class=\"prix\">\n        \t\t\t        \t\t<\/div>\n            \t<div class=\"review-stars\" data-productId=\"\">\n            \t<\/div>\n\t        <\/div>\n\t    <\/div>\n\t<\/a>\n<\/div>    <\/div>\n\n            <div class=\"col-12 t-center m-b-20\">\n            <div class=\"labels__fam\">\n                                    <a href=\"\/concerts-enfant-paris\/\" class=\"labels__fam-color-secondary labels__fam-radius-rounded\">\n                        See all concerts                      <\/a>\n                            <\/div>\n        <\/div>\n    \n    \n\n<\/div>\n<\/div>\n<div style=\"height:30px\" aria-hidden=\"true\" class=\"wp-block-spacer\"><\/div>\n\n<div style=\"height:31px\" aria-hidden=\"true\" class=\"wp-block-spacer\"><\/div>\n<div class=\"lazyblock-grids-Z1DCUJb wp-block-lazyblock-grids\"><div class=\"row new-grids grids-style-2\">\n        <div class=\"col-12 grid-title\">\n        <h2 class=\"c-blue\">What to do in Paris with toddlers?<\/h2>\n\n            <\/div>\n        \n    <div class=\"col-12 grids columns-4\">\n        \n\n<div class=\"grid\">\n\t<a href=\"https:\/\/www.familinparis.fr\/en\/magic-workshop-for-6-8-year-olds\/\" target=\"_self\">\n\t    <div class=\"image\" style=\"background-image:url('https:\/\/www.familinparis.fr\/wp-content\/uploads\/photos-partenaires\/musee-de-la-magie-paris-564x282.jpg')\">\n\t    \t\t    \t<div class=\"dateOnImg\">School holidays + public holidays<\/div>\n\t    \t\t\t\t\t    <\/div>\n\t    <div class=\"texte\">\n\t        <h5>Museum of Magic and Automata (Paris 4th)<\/h5>\n\t        <h3>Magic Workshop for 6-8 year olds<\/h3>\n\t        <div class=\"tags\">\n\t        \t\t        \t\t<span>6 &#8211; 8 years old<\/span>\n\t        \t\t        \t<span>2h30<\/span>\n\t        <\/div>\n\t        <div class=\"bas\">\n        \t\t<div class=\"prix\">\n        \t\t\t        \t\t<\/div>\n            \t<div class=\"review-stars\" data-productId=\"67\">\n            \t<\/div>\n\t        <\/div>\n\t    <\/div>\n\t<\/a>\n<\/div>\n\n<div class=\"grid\">\n\t<a href=\"https:\/\/www.familinparis.fr\/en\/ballet-of-lights-cendrillon-we-call-it-ballet-paris\/\" target=\"_self\">\n\t    <div class=\"image\" style=\"background-image:url('https:\/\/www.familinparis.fr\/wp-content\/uploads\/2026\/04\/ballet-of-lights-cendrillon-564x282.jpg')\">\n\t    \t\t    \t<div class=\"dateOnImg\">1 samedi par mois<\/div>\n\t    \t\t\t\t\t\t\t\t<div class=\"rond-blanc-age\"><span>from <span class=\"age-number\">5<\/span> yo<\/span><\/div>\n\t\t\t\t    <\/div>\n\t    <div class=\"texte\">\n\t        <h5>A la Scala (10\u00e8me)<\/h5>\n\t        <h3>Cinderella &#8211; Ballet of Lights<\/h3>\n\t        <div class=\"tags\">\n\t        \t\t        \t\t<span>BALLET F\u00c9ERIQUE<\/span>\n\t        \t\t        \t<span>1h<\/span>\n\t        <\/div>\n\t        <div class=\"bas\">\n        \t\t<div class=\"prix\">\n        \t\t\t        \t\t<\/div>\n            \t<div class=\"review-stars\" data-productId=\"\">\n            \t<\/div>\n\t        <\/div>\n\t    <\/div>\n\t<\/a>\n<\/div>\n\n<div class=\"grid\">\n\t<a href=\"https:\/\/www.familinparis.fr\/en\/exposition-calder-fondation-louis-vuitton-billet\/\" target=\"_self\">\n\t    <div class=\"image\" style=\"background-image:url('https:\/\/www.familinparis.fr\/wp-content\/uploads\/2026\/04\/exposition-calder-fondation-louis-vuitton-564x282.jpg')\">\n\t    \t\t    \t<div class=\"dateOnImg\">jusqu&#8217;au 16 ao\u00fbt 2026<\/div>\n\t    \t\t\t\t\t    <\/div>\n\t    <div class=\"texte\">\n\t        <h5>Fondation Louis Vuitton<\/h5>\n\t        <h3>Calder. Dreaming in balance<\/h3>\n\t        <div class=\"tags\">\n\t        \t\t        \t\t<span>EXPOSITION<\/span>\n\t        \t\t        \t<span>1h30<\/span>\n\t        <\/div>\n\t        <div class=\"bas\">\n        \t\t<div class=\"prix\">\n        \t\t\t        \t\t<\/div>\n            \t<div class=\"review-stars\" data-productId=\"\">\n            \t<\/div>\n\t        <\/div>\n\t    <\/div>\n\t<\/a>\n<\/div>\n\n<div class=\"grid\">\n\t<a href=\"https:\/\/www.familinparis.fr\/en\/the-world-with-the-family-easter-holiday-programme-2024\/\" target=\"_self\">\n\t    <div class=\"image\" style=\"background-image:url('https:\/\/www.familinparis.fr\/wp-content\/uploads\/Mus\u00e9es\/Quai-Branly\/LE-MONDE-EN-FAMILLE-2025-564x282.jpg')\">\n\t    \t\t    \t<div class=\"dateOnImg\">Easter holidays 2024<\/div>\n\t    \t\t\t\t\t    <\/div>\n\t    <div class=\"texte\">\n\t        <h5>At the Quai Branly Museum<\/h5>\n\t        <h3>The world with the family (Easter holiday programme 2024)<\/h3>\n\t        <div class=\"tags\">\n\t        \t\t        \t\t<span>For everyone<\/span>\n\t        \t\t        \t<span><\/span>\n\t        <\/div>\n\t        <div class=\"bas\">\n        \t\t<div class=\"prix\">\n        \t\t\t        \t\t<\/div>\n            \t<div class=\"review-stars\" data-productId=\"\">\n            \t<\/div>\n\t        <\/div>\n\t    <\/div>\n\t<\/a>\n<\/div>    <\/div>\n\n            <div class=\"col-12 t-center m-b-20\">\n            <div class=\"labels__fam\">\n                                    <a href=\"\/activite-sortie-avec-un-bebe-paris\/\" class=\"labels__fam-color-secondary labels__fam-radius-rounded\">\n                        With 0-3 year olds                    <\/a>\n                                    <a href=\"\/paris-pour-les-petits\/\" class=\"labels__fam-color-secondary labels__fam-radius-rounded\">\n                        With 3-6 year olds                    <\/a>\n                            <\/div>\n        <\/div>\n    \n    \n\n<\/div>\n<\/div>\n<div style=\"height:31px\" aria-hidden=\"true\" class=\"wp-block-spacer\"><\/div>\n","protected":false},"excerpt":{"rendered":"<p>&#8220;Baby concerts&#8221; for 0 to 5 year olds<\/p>\n","protected":false},"author":5,"featured_media":132194,"comment_status":"open","ping_status":"open","sticky":false,"template":"","format":"standard","meta":{"_uag_custom_page_level_css":"","footnotes":""},"categories":[1360,1310],"tags":[1219,387,1220,1208,1272,1326,1278,1373,1372],"class_list":{"0":"post-136007","1":"post","2":"type-post","3":"status-publish","4":"format-standard","5":"has-post-thumbnail","7":"category-concert-en","8":"category-shows","9":"tag-april","10":"tag-avril","11":"tag-february","12":"tag-for-3-6-year-olds","13":"tag-for-babies","14":"tag-january","15":"tag-june","16":"tag-march","17":"tag-may"},"yoast_head":"<!-- This site is optimized with the Yoast SEO plugin v27.2 - https:\/\/yoast.com\/product\/yoast-seo-wordpress\/ -->\n<title>The Babies concerts of the Lamoureux orchestra &gt;&gt; 2023 program<\/title>\n<meta name=\"description\" content=\"Classical concert in Paris for babies and young children. At the Th\u00e9\u00e2tre de l&#039;Atelier (Paris 18th). For children under 5 years old\" \/>\n<meta name=\"robots\" content=\"index, follow, max-snippet:-1, max-image-preview:large, max-video-preview:-1\" \/>\n<link rel=\"canonical\" href=\"https:\/\/www.familinparis.fr\/en\/les-bebe-concerts-lamoureux-orchestra\/\" \/>\n<meta property=\"og:locale\" content=\"en_US\" \/>\n<meta property=\"og:type\" content=\"article\" \/>\n<meta property=\"og:title\" content=\"The Babies concerts of the Lamoureux orchestra &gt;&gt; 2023 program\" \/>\n<meta property=\"og:description\" content=\"Classical concert in Paris for babies and young children. At the Th\u00e9\u00e2tre de l&#039;Atelier (Paris 18th). For children under 5 years old\" \/>\n<meta property=\"og:url\" content=\"https:\/\/www.familinparis.fr\/en\/les-bebe-concerts-lamoureux-orchestra\/\" \/>\n<meta property=\"og:site_name\" content=\"Familin&#039;Paris\" \/>\n<meta property=\"article:published_time\" content=\"2025-06-06T11:00:00+00:00\" \/>\n<meta property=\"og:image\" content=\"https:\/\/www.familinparis.fr\/wp-content\/uploads\/Spectacles\/concerts\/images.jpeg\" \/>\n\t<meta property=\"og:image:width\" content=\"225\" \/>\n\t<meta property=\"og:image:height\" content=\"225\" \/>\n\t<meta property=\"og:image:type\" content=\"image\/jpeg\" \/>\n<meta name=\"author\" content=\"olivia\" \/>\n<meta name=\"twitter:card\" content=\"summary_large_image\" \/>\n<meta name=\"twitter:label1\" content=\"Written by\" \/>\n\t<meta name=\"twitter:data1\" content=\"olivia\" \/>\n\t<meta name=\"twitter:label2\" content=\"Est. reading time\" \/>\n\t<meta name=\"twitter:data2\" content=\"1 minute\" \/>\n<script type=\"application\/ld+json\" class=\"yoast-schema-graph\">{\"@context\":\"https:\/\/schema.org\",\"@graph\":[{\"@type\":\"Article\",\"@id\":\"https:\/\/www.familinparis.fr\/en\/les-bebe-concerts-lamoureux-orchestra\/#article\",\"isPartOf\":{\"@id\":\"https:\/\/www.familinparis.fr\/en\/les-bebe-concerts-lamoureux-orchestra\/\"},\"author\":{\"name\":\"olivia\",\"@id\":\"https:\/\/www.familinparis.fr\/en\/#\/schema\/person\/a87467bb417cd0c77d0a7bb5d1d78ac5\"},\"headline\":\"Les b\u00e9b\u00e9 concerts (Lamoureux orchestra)\",\"datePublished\":\"2025-06-06T11:00:00+00:00\",\"mainEntityOfPage\":{\"@id\":\"https:\/\/www.familinparis.fr\/en\/les-bebe-concerts-lamoureux-orchestra\/\"},\"wordCount\":310,\"commentCount\":0,\"image\":{\"@id\":\"https:\/\/www.familinparis.fr\/en\/les-bebe-concerts-lamoureux-orchestra\/#primaryimage\"},\"thumbnailUrl\":\"https:\/\/www.familinparis.fr\/wp-content\/uploads\/Spectacles\/concerts\/images.jpeg\",\"keywords\":[\"April\",\"avril\",\"February\",\"For 3-6 year olds\",\"For babies\",\"January\",\"June\",\"March\",\"May\"],\"articleSection\":[\"Concert\",\"Shows\"],\"inLanguage\":\"en-US\",\"potentialAction\":[{\"@type\":\"CommentAction\",\"name\":\"Comment\",\"target\":[\"https:\/\/www.familinparis.fr\/en\/les-bebe-concerts-lamoureux-orchestra\/#respond\"]}]},{\"@type\":\"WebPage\",\"@id\":\"https:\/\/www.familinparis.fr\/en\/les-bebe-concerts-lamoureux-orchestra\/\",\"url\":\"https:\/\/www.familinparis.fr\/en\/les-bebe-concerts-lamoureux-orchestra\/\",\"name\":\"The Babies concerts of the Lamoureux orchestra >> 2023 program\",\"isPartOf\":{\"@id\":\"https:\/\/www.familinparis.fr\/en\/#website\"},\"primaryImageOfPage\":{\"@id\":\"https:\/\/www.familinparis.fr\/en\/les-bebe-concerts-lamoureux-orchestra\/#primaryimage\"},\"image\":{\"@id\":\"https:\/\/www.familinparis.fr\/en\/les-bebe-concerts-lamoureux-orchestra\/#primaryimage\"},\"thumbnailUrl\":\"https:\/\/www.familinparis.fr\/wp-content\/uploads\/Spectacles\/concerts\/images.jpeg\",\"datePublished\":\"2025-06-06T11:00:00+00:00\",\"author\":{\"@id\":\"https:\/\/www.familinparis.fr\/en\/#\/schema\/person\/a87467bb417cd0c77d0a7bb5d1d78ac5\"},\"description\":\"Classical concert in Paris for babies and young children. At the Th\u00e9\u00e2tre de l'Atelier (Paris 18th). For children under 5 years old\",\"breadcrumb\":{\"@id\":\"https:\/\/www.familinparis.fr\/en\/les-bebe-concerts-lamoureux-orchestra\/#breadcrumb\"},\"inLanguage\":\"en-US\",\"potentialAction\":[{\"@type\":\"ReadAction\",\"target\":[\"https:\/\/www.familinparis.fr\/en\/les-bebe-concerts-lamoureux-orchestra\/\"]}]},{\"@type\":\"ImageObject\",\"inLanguage\":\"en-US\",\"@id\":\"https:\/\/www.familinparis.fr\/en\/les-bebe-concerts-lamoureux-orchestra\/#primaryimage\",\"url\":\"https:\/\/www.familinparis.fr\/wp-content\/uploads\/Spectacles\/concerts\/images.jpeg\",\"contentUrl\":\"https:\/\/www.familinparis.fr\/wp-content\/uploads\/Spectacles\/concerts\/images.jpeg\",\"width\":225,\"height\":225},{\"@type\":\"BreadcrumbList\",\"@id\":\"https:\/\/www.familinparis.fr\/en\/les-bebe-concerts-lamoureux-orchestra\/#breadcrumb\",\"itemListElement\":[{\"@type\":\"ListItem\",\"position\":1,\"name\":\"Home\",\"item\":\"https:\/\/www.familinparis.fr\/en\/\"},{\"@type\":\"ListItem\",\"position\":2,\"name\":\"Shows\",\"item\":\"https:\/\/www.familinparis.fr\/en\/categorie\/shows\/\"},{\"@type\":\"ListItem\",\"position\":3,\"name\":\"Concert\",\"item\":\"https:\/\/www.familinparis.fr\/en\/categorie\/shows\/concert-en\/\"},{\"@type\":\"ListItem\",\"position\":4,\"name\":\"Les b\u00e9b\u00e9 concerts (Lamoureux orchestra)\"}]},{\"@type\":\"WebSite\",\"@id\":\"https:\/\/www.familinparis.fr\/en\/#website\",\"url\":\"https:\/\/www.familinparis.fr\/en\/\",\"name\":\"Familin&#039;Paris\",\"description\":\"Visiter le meilleur de Paris avec des enfants : sorties, spectacles, adresses de restaurants, shopping, bons plans...\",\"potentialAction\":[{\"@type\":\"SearchAction\",\"target\":{\"@type\":\"EntryPoint\",\"urlTemplate\":\"https:\/\/www.familinparis.fr\/en\/?s={search_term_string}\"},\"query-input\":{\"@type\":\"PropertyValueSpecification\",\"valueRequired\":true,\"valueName\":\"search_term_string\"}}],\"inLanguage\":\"en-US\"},{\"@type\":\"Person\",\"@id\":\"https:\/\/www.familinparis.fr\/en\/#\/schema\/person\/a87467bb417cd0c77d0a7bb5d1d78ac5\",\"name\":\"olivia\",\"image\":{\"@type\":\"ImageObject\",\"inLanguage\":\"en-US\",\"@id\":\"https:\/\/secure.gravatar.com\/avatar\/cbca07f1dfea20f457a666a1b84ed5cf1364773d1378c6f10fd36c354eef1ef8?s=96&d=identicon&r=g\",\"url\":\"https:\/\/secure.gravatar.com\/avatar\/cbca07f1dfea20f457a666a1b84ed5cf1364773d1378c6f10fd36c354eef1ef8?s=96&d=identicon&r=g\",\"contentUrl\":\"https:\/\/secure.gravatar.com\/avatar\/cbca07f1dfea20f457a666a1b84ed5cf1364773d1378c6f10fd36c354eef1ef8?s=96&d=identicon&r=g\",\"caption\":\"olivia\"}}]}<\/script>\n<!-- \/ Yoast SEO plugin. -->","yoast_head_json":{"title":"The Babies concerts of the Lamoureux orchestra >> 2023 program","description":"Classical concert in Paris for babies and young children. At the Th\u00e9\u00e2tre de l'Atelier (Paris 18th). For children under 5 years old","robots":{"index":"index","follow":"follow","max-snippet":"max-snippet:-1","max-image-preview":"max-image-preview:large","max-video-preview":"max-video-preview:-1"},"canonical":"https:\/\/www.familinparis.fr\/en\/les-bebe-concerts-lamoureux-orchestra\/","og_locale":"en_US","og_type":"article","og_title":"The Babies concerts of the Lamoureux orchestra >> 2023 program","og_description":"Classical concert in Paris for babies and young children. At the Th\u00e9\u00e2tre de l'Atelier (Paris 18th). For children under 5 years old","og_url":"https:\/\/www.familinparis.fr\/en\/les-bebe-concerts-lamoureux-orchestra\/","og_site_name":"Familin&#039;Paris","article_published_time":"2025-06-06T11:00:00+00:00","og_image":[{"width":225,"height":225,"url":"https:\/\/www.familinparis.fr\/wp-content\/uploads\/Spectacles\/concerts\/images.jpeg","type":"image\/jpeg"}],"author":"olivia","twitter_card":"summary_large_image","twitter_misc":{"Written by":"olivia","Est. reading time":"1 minute"},"schema":{"@context":"https:\/\/schema.org","@graph":[{"@type":"Article","@id":"https:\/\/www.familinparis.fr\/en\/les-bebe-concerts-lamoureux-orchestra\/#article","isPartOf":{"@id":"https:\/\/www.familinparis.fr\/en\/les-bebe-concerts-lamoureux-orchestra\/"},"author":{"name":"olivia","@id":"https:\/\/www.familinparis.fr\/en\/#\/schema\/person\/a87467bb417cd0c77d0a7bb5d1d78ac5"},"headline":"Les b\u00e9b\u00e9 concerts (Lamoureux orchestra)","datePublished":"2025-06-06T11:00:00+00:00","mainEntityOfPage":{"@id":"https:\/\/www.familinparis.fr\/en\/les-bebe-concerts-lamoureux-orchestra\/"},"wordCount":310,"commentCount":0,"image":{"@id":"https:\/\/www.familinparis.fr\/en\/les-bebe-concerts-lamoureux-orchestra\/#primaryimage"},"thumbnailUrl":"https:\/\/www.familinparis.fr\/wp-content\/uploads\/Spectacles\/concerts\/images.jpeg","keywords":["April","avril","February","For 3-6 year olds","For babies","January","June","March","May"],"articleSection":["Concert","Shows"],"inLanguage":"en-US","potentialAction":[{"@type":"CommentAction","name":"Comment","target":["https:\/\/www.familinparis.fr\/en\/les-bebe-concerts-lamoureux-orchestra\/#respond"]}]},{"@type":"WebPage","@id":"https:\/\/www.familinparis.fr\/en\/les-bebe-concerts-lamoureux-orchestra\/","url":"https:\/\/www.familinparis.fr\/en\/les-bebe-concerts-lamoureux-orchestra\/","name":"The Babies concerts of the Lamoureux orchestra >> 2023 program","isPartOf":{"@id":"https:\/\/www.familinparis.fr\/en\/#website"},"primaryImageOfPage":{"@id":"https:\/\/www.familinparis.fr\/en\/les-bebe-concerts-lamoureux-orchestra\/#primaryimage"},"image":{"@id":"https:\/\/www.familinparis.fr\/en\/les-bebe-concerts-lamoureux-orchestra\/#primaryimage"},"thumbnailUrl":"https:\/\/www.familinparis.fr\/wp-content\/uploads\/Spectacles\/concerts\/images.jpeg","datePublished":"2025-06-06T11:00:00+00:00","author":{"@id":"https:\/\/www.familinparis.fr\/en\/#\/schema\/person\/a87467bb417cd0c77d0a7bb5d1d78ac5"},"description":"Classical concert in Paris for babies and young children. At the Th\u00e9\u00e2tre de l'Atelier (Paris 18th). For children under 5 years old","breadcrumb":{"@id":"https:\/\/www.familinparis.fr\/en\/les-bebe-concerts-lamoureux-orchestra\/#breadcrumb"},"inLanguage":"en-US","potentialAction":[{"@type":"ReadAction","target":["https:\/\/www.familinparis.fr\/en\/les-bebe-concerts-lamoureux-orchestra\/"]}]},{"@type":"ImageObject","inLanguage":"en-US","@id":"https:\/\/www.familinparis.fr\/en\/les-bebe-concerts-lamoureux-orchestra\/#primaryimage","url":"https:\/\/www.familinparis.fr\/wp-content\/uploads\/Spectacles\/concerts\/images.jpeg","contentUrl":"https:\/\/www.familinparis.fr\/wp-content\/uploads\/Spectacles\/concerts\/images.jpeg","width":225,"height":225},{"@type":"BreadcrumbList","@id":"https:\/\/www.familinparis.fr\/en\/les-bebe-concerts-lamoureux-orchestra\/#breadcrumb","itemListElement":[{"@type":"ListItem","position":1,"name":"Home","item":"https:\/\/www.familinparis.fr\/en\/"},{"@type":"ListItem","position":2,"name":"Shows","item":"https:\/\/www.familinparis.fr\/en\/categorie\/shows\/"},{"@type":"ListItem","position":3,"name":"Concert","item":"https:\/\/www.familinparis.fr\/en\/categorie\/shows\/concert-en\/"},{"@type":"ListItem","position":4,"name":"Les b\u00e9b\u00e9 concerts (Lamoureux orchestra)"}]},{"@type":"WebSite","@id":"https:\/\/www.familinparis.fr\/en\/#website","url":"https:\/\/www.familinparis.fr\/en\/","name":"Familin&#039;Paris","description":"Visiter le meilleur de Paris avec des enfants : sorties, spectacles, adresses de restaurants, shopping, bons plans...","potentialAction":[{"@type":"SearchAction","target":{"@type":"EntryPoint","urlTemplate":"https:\/\/www.familinparis.fr\/en\/?s={search_term_string}"},"query-input":{"@type":"PropertyValueSpecification","valueRequired":true,"valueName":"search_term_string"}}],"inLanguage":"en-US"},{"@type":"Person","@id":"https:\/\/www.familinparis.fr\/en\/#\/schema\/person\/a87467bb417cd0c77d0a7bb5d1d78ac5","name":"olivia","image":{"@type":"ImageObject","inLanguage":"en-US","@id":"https:\/\/secure.gravatar.com\/avatar\/cbca07f1dfea20f457a666a1b84ed5cf1364773d1378c6f10fd36c354eef1ef8?s=96&d=identicon&r=g","url":"https:\/\/secure.gravatar.com\/avatar\/cbca07f1dfea20f457a666a1b84ed5cf1364773d1378c6f10fd36c354eef1ef8?s=96&d=identicon&r=g","contentUrl":"https:\/\/secure.gravatar.com\/avatar\/cbca07f1dfea20f457a666a1b84ed5cf1364773d1378c6f10fd36c354eef1ef8?s=96&d=identicon&r=g","caption":"olivia"}}]}},"uagb_featured_image_src":{"full":["https:\/\/www.familinparis.fr\/wp-content\/uploads\/Spectacles\/concerts\/images.jpeg",225,225,false],"thumbnail":["https:\/\/www.familinparis.fr\/wp-content\/uploads\/Spectacles\/concerts\/images-150x150.jpeg",150,150,true],"medium":["https:\/\/www.familinparis.fr\/wp-content\/uploads\/Spectacles\/concerts\/images.jpeg",225,225,false],"medium_large":["https:\/\/www.familinparis.fr\/wp-content\/uploads\/Spectacles\/concerts\/images.jpeg",225,225,false],"large":["https:\/\/www.familinparis.fr\/wp-content\/uploads\/Spectacles\/concerts\/images.jpeg",225,225,false],"1536x1536":["https:\/\/www.familinparis.fr\/wp-content\/uploads\/Spectacles\/concerts\/images.jpeg",225,225,false],"2048x2048":["https:\/\/www.familinparis.fr\/wp-content\/uploads\/Spectacles\/concerts\/images.jpeg",225,225,false],"home-thumb":["https:\/\/www.familinparis.fr\/wp-content\/uploads\/Spectacles\/concerts\/images.jpeg",225,225,false],"home-slider":["https:\/\/www.familinparis.fr\/wp-content\/uploads\/Spectacles\/concerts\/images.jpeg",225,225,false],"lightbox-slider-size":["https:\/\/www.familinparis.fr\/wp-content\/uploads\/Spectacles\/concerts\/images.jpeg",225,225,false],"post-thumbnail":["https:\/\/www.familinparis.fr\/wp-content\/uploads\/Spectacles\/concerts\/images-225x180.jpeg",225,180,true],"cheerup-main":["https:\/\/www.familinparis.fr\/wp-content\/uploads\/Spectacles\/concerts\/images.jpeg",225,225,false],"cheerup-main-full":["https:\/\/www.familinparis.fr\/wp-content\/uploads\/Spectacles\/concerts\/images.jpeg",225,225,false],"cheerup-slider-alt":["https:\/\/www.familinparis.fr\/wp-content\/uploads\/Spectacles\/concerts\/images.jpeg",225,225,false],"cheerup-slider-trendy":["https:\/\/www.familinparis.fr\/wp-content\/uploads\/Spectacles\/concerts\/images.jpeg",225,225,false],"cheerup-slider-stylish":["https:\/\/www.familinparis.fr\/wp-content\/uploads\/Spectacles\/concerts\/images.jpeg",225,225,false],"cheerup-slider-grid":["https:\/\/www.familinparis.fr\/wp-content\/uploads\/Spectacles\/concerts\/images.jpeg",225,225,false],"cheerup-slider-grid-sm":["https:\/\/www.familinparis.fr\/wp-content\/uploads\/Spectacles\/concerts\/images.jpeg",225,225,false],"cheerup-slider-carousel":["https:\/\/www.familinparis.fr\/wp-content\/uploads\/Spectacles\/concerts\/images.jpeg",225,225,false],"cheerup-slider-grid-b":["https:\/\/www.familinparis.fr\/wp-content\/uploads\/Spectacles\/concerts\/images.jpeg",225,225,false],"cheerup-slider-grid-b-sm":["https:\/\/www.familinparis.fr\/wp-content\/uploads\/Spectacles\/concerts\/images.jpeg",225,225,false],"cheerup-slider-bold-sm":["https:\/\/www.familinparis.fr\/wp-content\/uploads\/Spectacles\/concerts\/images-150x150.jpeg",150,150,true],"cheerup-grid":["https:\/\/www.familinparis.fr\/wp-content\/uploads\/Spectacles\/concerts\/images.jpeg",225,225,false],"cheerup-carousel":["https:\/\/www.familinparis.fr\/wp-content\/uploads\/Spectacles\/concerts\/images-225x180.jpeg",225,180,true],"cheerup-carousel-b":["https:\/\/www.familinparis.fr\/wp-content\/uploads\/Spectacles\/concerts\/images.jpeg",225,225,false],"cheerup-list":["https:\/\/www.familinparis.fr\/wp-content\/uploads\/Spectacles\/concerts\/images-225x200.jpeg",225,200,true],"cheerup-list-b":["https:\/\/www.familinparis.fr\/wp-content\/uploads\/Spectacles\/concerts\/images.jpeg",225,225,false],"cheerup-thumb":["https:\/\/www.familinparis.fr\/wp-content\/uploads\/Spectacles\/concerts\/images-87x67.jpeg",87,67,true],"cheerup-thumb-alt":["https:\/\/www.familinparis.fr\/wp-content\/uploads\/Spectacles\/concerts\/images-150x150.jpeg",150,150,true]},"uagb_author_info":{"display_name":"olivia","author_link":"https:\/\/www.familinparis.fr\/en\/author\/olivia\/"},"uagb_comment_info":0,"uagb_excerpt":"\"Baby concerts\" for 0 to 5 year olds","_links":{"self":[{"href":"https:\/\/www.familinparis.fr\/en\/wp-json\/wp\/v2\/posts\/136007","targetHints":{"allow":["GET"]}}],"collection":[{"href":"https:\/\/www.familinparis.fr\/en\/wp-json\/wp\/v2\/posts"}],"about":[{"href":"https:\/\/www.familinparis.fr\/en\/wp-json\/wp\/v2\/types\/post"}],"author":[{"embeddable":true,"href":"https:\/\/www.familinparis.fr\/en\/wp-json\/wp\/v2\/users\/5"}],"replies":[{"embeddable":true,"href":"https:\/\/www.familinparis.fr\/en\/wp-json\/wp\/v2\/comments?post=136007"}],"version-history":[{"count":0,"href":"https:\/\/www.familinparis.fr\/en\/wp-json\/wp\/v2\/posts\/136007\/revisions"}],"wp:featuredmedia":[{"embeddable":true,"href":"https:\/\/www.familinparis.fr\/en\/wp-json\/wp\/v2\/media\/132194"}],"wp:attachment":[{"href":"https:\/\/www.familinparis.fr\/en\/wp-json\/wp\/v2\/media?parent=136007"}],"wp:term":[{"taxonomy":"category","embeddable":true,"href":"https:\/\/www.familinparis.fr\/en\/wp-json\/wp\/v2\/categories?post=136007"},{"taxonomy":"post_tag","embeddable":true,"href":"https:\/\/www.familinparis.fr\/en\/wp-json\/wp\/v2\/tags?post=136007"}],"curies":[{"name":"wp","href":"https:\/\/api.w.org\/{rel}","templated":true}]}}