{"id":135916,"date":"2021-11-11T09:43:52","date_gmt":"2021-11-11T07:43:52","guid":{"rendered":"https:\/\/www.familinparis.fr\/teen-plays\/"},"modified":"2024-11-16T17:21:30","modified_gmt":"2024-11-16T15:21:30","slug":"teen-plays","status":"publish","type":"post","link":"https:\/\/www.familinparis.fr\/en\/teen-plays\/","title":{"rendered":"Teen plays"},"content":{"rendered":"<div class=\"lazyblock-baseline-1Eolb0 wp-block-lazyblock-baseline\"><div class=\"baseline\">For young people from 12 years old<\/div><\/div>\n<p>Our selection of <strong>classic plays<\/strong>, <strong>comedy shows for teenagers<\/strong>, <strong>contemporary plays<\/strong> or <strong>boulevard plays<\/strong> to see right now in Paris and that should appeal <a href=\"https:\/\/www.familinparis.fr\/en\/what-to-do-in-paris-with-a-teenager\/\">to those over 12 years old<\/a>. <strong>As a family<\/strong> or <strong>as part of a <\/strong><a href=\"https:\/\/www.familinparis.fr\/en\/middle-and-high-school-school-outings-from-10-11-years-old\/\">theater outing with middle or high school students<\/a>, they are all suitable for young audiences. Some of these successful plays, such as <a href=\"https:\/\/www.familinparis.fr\/en\/edmond\/\">the play Edmond by Alexis Michalik<\/a> , have received nominations and are regularly rescheduled in Paris. It is advisable for the top-selling plays to book your tickets in advance.  <\/p>\n<div class=\"lazyblock-grids-1rRiyp wp-block-lazyblock-grids\"><div class=\"row new-grids grids-style-2\">\n        \n    <div class=\"col-12 grids columns-4\">\n        \n\n<div class=\"grid\">\n\t<a href=\"https:\/\/www.familinparis.fr\/en\/ballet-of-lights-cendrillon-we-call-it-ballet-paris\/\" target=\"_self\">\n\t    <div class=\"image\" style=\"background-image:url('https:\/\/www.familinparis.fr\/wp-content\/uploads\/2026\/04\/ballet-of-lights-cendrillon-564x282.jpg')\">\n\t    \t\t    \t<div class=\"dateOnImg\">1 samedi par mois<\/div>\n\t    \t\t\t\t\t\t\t\t<div class=\"rond-blanc-age\"><span>from <span class=\"age-number\">5<\/span> yo<\/span><\/div>\n\t\t\t\t    <\/div>\n\t    <div class=\"texte\">\n\t        <h5>A la Scala (10\u00e8me)<\/h5>\n\t        <h3>Cinderella &#8211; Ballet of Lights<\/h3>\n\t        <div class=\"tags\">\n\t        \t\t        \t\t<span>BALLET F\u00c9ERIQUE<\/span>\n\t        \t\t        \t<span>1h<\/span>\n\t        <\/div>\n\t        <div class=\"bas\">\n        \t\t<div class=\"prix\">\n        \t\t\t        \t\t<\/div>\n            \t<div class=\"review-stars\" data-productId=\"\">\n            \t<\/div>\n\t        <\/div>\n\t    <\/div>\n\t<\/a>\n<\/div>\n\n<div class=\"grid\">\n\t<a href=\"https:\/\/www.familinparis.fr\/en\/odysee-the-musical-conference\/\" target=\"_self\">\n\t    <div class=\"image\" style=\"background-image:url('https:\/\/www.familinparis.fr\/wp-content\/uploads\/Spectacles\/MUSICAL\/kid\/affiche-odyssee-550x282.jpg')\">\n\t    \t\t\t\t\t    <\/div>\n\t    <div class=\"texte\">\n\t        <h5><\/h5>\n\t        <h3>Odys\u00e9e, the musical conference<\/h3>\n\t        <div class=\"tags\">\n\t        \t\t        \t<span><\/span>\n\t        <\/div>\n\t        <div class=\"bas\">\n        \t\t<div class=\"prix\">\n        \t\t\t        \t\t<\/div>\n            \t<div class=\"review-stars\" data-productId=\"\">\n            \t<\/div>\n\t        <\/div>\n\t    <\/div>\n\t<\/a>\n<\/div>\n\n<div class=\"grid\">\n\t<a href=\"https:\/\/www.familinparis.fr\/en\/drone-art-show-at-the-vincennes-racecourse-paris\/\" target=\"_self\">\n\t    <div class=\"image\" style=\"background-image:url('https:\/\/www.familinparis.fr\/wp-content\/uploads\/2026\/03\/drone-3.jpg')\">\n\t    \t\t    \t<div class=\"dateOnImg\">Les 28 et 30 mai 2026<\/div>\n\t    \t\t\t\t\t    <\/div>\n\t    <div class=\"texte\">\n\t        <h5>A l&#8217;Hippodrome de Vincennes<\/h5>\n\t        <h3>DroneArt Show Paris<\/h3>\n\t        <div class=\"tags\">\n\t        \t\t        \t\t<span>NOUVEAUT\u00c9<\/span>\n\t        \t\t        \t<span>65mn<\/span>\n\t        <\/div>\n\t        <div class=\"bas\">\n        \t\t<div class=\"prix\">\n        \t\t\t        \t\t<\/div>\n            \t<div class=\"review-stars\" data-productId=\"\">\n            \t<\/div>\n\t        <\/div>\n\t    <\/div>\n\t<\/a>\n<\/div>\n\n<div class=\"grid\">\n\t<a href=\"https:\/\/www.familinparis.fr\/en\/candlelight-concert-in-paris\/\" target=\"_self\">\n\t    <div class=\"image\" style=\"background-image:url('https:\/\/www.familinparis.fr\/wp-content\/uploads\/2026\/01\/les-concerts-candelight-564x282.jpg')\">\n\t    \t\t    \t<div class=\"dateOnImg\">Nombreuses dates<\/div>\n\t    \t\t\t\t\t\t\t\t<div class=\"rond-blanc-age\"><span>For all<\/span><\/div>\n\t\t\t\t    <\/div>\n\t    <div class=\"texte\">\n\t        <h5>A Paris<\/h5>\n\t        <h3>Les concerts Candlelight<\/h3>\n\t        <div class=\"tags\">\n\t        \t\t        \t\t<span>CONCERTS ATYPIQUES<\/span>\n\t        \t\t        \t<span>1h<\/span>\n\t        <\/div>\n\t        <div class=\"bas\">\n        \t\t<div class=\"prix\">\n        \t\t\t\t        \t\t\t<span>From<\/span>\n\t        \t\t\t<span class=\"\">25\u20ac<\/span>\n\t        \t\t\t\t        \t\t        \t\t<\/div>\n            \t<div class=\"review-stars\" data-productId=\"\">\n            \t<\/div>\n\t        <\/div>\n\t    <\/div>\n\t<\/a>\n<\/div>\n\n<div class=\"grid\">\n\t<a href=\"https:\/\/www.familinparis.fr\/en\/we-call-it-ballet-sleeping-beauty-paris\/\" target=\"_self\">\n\t    <div class=\"image\" style=\"background-image:url('https:\/\/www.familinparis.fr\/wp-content\/uploads\/2026\/01\/ballet-of-light-la-belle-au-bois-dormant-564x282.jpg')\">\n\t    \t\t    \t<div class=\"dateOnImg\">19 et 20 f\u00e9v., 1er et 7 mars<\/div>\n\t    \t\t\t\t\t\t\t\t<div class=\"rond-blanc-age\"><span>from <span class=\"age-number\">5<\/span> yo<\/span><\/div>\n\t\t\t\t    <\/div>\n\t    <div class=\"texte\">\n\t        <h5>MPAA\/Saint-Germain-des-Pr\u00e9s<\/h5>\n\t        <h3>We call it Ballet: Sleeping Beauty<\/h3>\n\t        <div class=\"tags\">\n\t        \t\t        \t\t<span>DANSE<\/span>\n\t        \t\t        \t<span>60mn<\/span>\n\t        <\/div>\n\t        <div class=\"bas\">\n        \t\t<div class=\"prix\">\n        \t\t\t        \t\t<\/div>\n            \t<div class=\"review-stars\" data-productId=\"\">\n            \t<\/div>\n\t        <\/div>\n\t    <\/div>\n\t<\/a>\n<\/div>\n\n<div class=\"grid\">\n\t<a href=\"https:\/\/www.familinparis.fr\/en\/luminiscence-paris-immersive-show\/\" target=\"_self\">\n\t    <div class=\"image\" style=\"background-image:url('https:\/\/www.familinparis.fr\/wp-content\/uploads\/2024\/03\/luminiscence-saint-eustache-paris-1er-\u00a9Mikhail-Sytenkov-564x282.jpg')\">\n\t    \t\t    \t<div class=\"dateOnImg\">30% OFF<\/div>\n\t    \t\t\t\t\t    <\/div>\n\t    <div class=\"texte\">\n\t        <h5>At the Saint-Eustache church<\/h5>\n\t        <h3>Luminiscence Paris: Immersive show<\/h3>\n\t        <div class=\"tags\">\n\t        \t\t        \t\t<span>From 6 years old<\/span>\n\t        \t\t        \t<span>40mn<\/span>\n\t        <\/div>\n\t        <div class=\"bas\">\n        \t\t<div class=\"prix\">\n        \t\t\t        \t\t<\/div>\n            \t<div class=\"review-stars\" data-productId=\"\">\n            \t<\/div>\n\t        <\/div>\n\t    <\/div>\n\t<\/a>\n<\/div>\n\n<div class=\"grid\">\n\t<a href=\"https:\/\/www.familinparis.fr\/en\/teens\/\" target=\"_self\">\n\t    <div class=\"image\" style=\"background-image:url('https:\/\/www.familinparis.fr\/wp-content\/uploads\/THEATRE\/Ados\/piece-de-theatre-ados-paris-490x282.jpg')\">\n\t    \t\t\t\t\t    <\/div>\n\t    <div class=\"texte\">\n\t        <h5><\/h5>\n\t        <h3>Teens<\/h3>\n\t        <div class=\"tags\">\n\t        \t\t        \t<span><\/span>\n\t        <\/div>\n\t        <div class=\"bas\">\n        \t\t<div class=\"prix\">\n        \t\t\t        \t\t<\/div>\n            \t<div class=\"review-stars\" data-productId=\"\">\n            \t<\/div>\n\t        <\/div>\n\t    <\/div>\n\t<\/a>\n<\/div>\n\n<div class=\"grid\">\n\t<a href=\"https:\/\/www.familinparis.fr\/en\/soiree-aux-chandelles-vaux-le-vincomte\/\" target=\"_self\">\n\t    <div class=\"image\" style=\"background-image:url('https:\/\/www.familinparis.fr\/wp-content\/uploads\/Chateaux\/vaux-le-vicomte\/Vaux-le-vicomte-dome-@FamilinParis-564x282.jpg')\">\n\t    \t\t    \t<div class=\"dateOnImg\">From May 16 to September 26, 2026<\/div>\n\t    \t\t\t\t\t    <\/div>\n\t    <div class=\"texte\">\n\t        <h5>At the castle of Vaux-le-Vicomte (77)<\/h5>\n\t        <h3>Candlelight evenings in Vaux-le-Vicomte<\/h3>\n\t        <div class=\"tags\">\n\t        \t\t        \t\t<span>MAGICAL EVENING<\/span>\n\t        \t\t        \t<span><\/span>\n\t        <\/div>\n\t        <div class=\"bas\">\n        \t\t<div class=\"prix\">\n        \t\t\t        \t\t<\/div>\n            \t<div class=\"review-stars\" data-productId=\"\">\n            \t<\/div>\n\t        <\/div>\n\t    <\/div>\n\t<\/a>\n<\/div>\n\n<div class=\"grid\">\n\t<a href=\"https:\/\/www.familinparis.fr\/en\/the-lion-king\/\" target=\"_self\">\n\t    <div class=\"image\" style=\"background-image:url('https:\/\/www.familinparis.fr\/wp-content\/uploads\/Spectacles\/MUSICAL\/kid\/afiiche-roi-lion-564x282.jpg')\">\n\t    \t\t    \t<div class=\"dateOnImg\">Until January 31, 2025<\/div>\n\t    \t\t\t\t\t    <\/div>\n\t    <div class=\"texte\">\n\t        <h5>At the Mogador Theater (Paris 9th)<\/h5>\n\t        <h3>The Lion King<\/h3>\n\t        <div class=\"tags\">\n\t        \t\t        \t\t<span>From 10 years old<\/span>\n\t        \t\t        \t<span>2h40<\/span>\n\t        <\/div>\n\t        <div class=\"bas\">\n        \t\t<div class=\"prix\">\n        \t\t\t        \t\t<\/div>\n            \t<div class=\"review-stars\" data-productId=\"\">\n            \t<\/div>\n\t        <\/div>\n\t    <\/div>\n\t<\/a>\n<\/div>\n\n<div class=\"grid\">\n\t<a href=\"https:\/\/www.familinparis.fr\/en\/tree-the-new-show-of-the-cirque-bormann-in-paris\/\" target=\"_self\">\n\t    <div class=\"image\" style=\"background-image:url('https:\/\/www.familinparis.fr\/wp-content\/uploads\/2024\/07\/cirque-bormann-spectacle-arbre-2024-2025-500x282.jpg')\">\n\t    \t\t    \t<div class=\"dateOnImg\">Until August 10, 2025<\/div>\n\t    \t\t\t\t\t    <\/div>\n\t    <div class=\"texte\">\n\t        <h5>In the 15th<\/h5>\n\t        <h3>Tree: the new show of the Cirque Bormann in Paris<\/h3>\n\t        <div class=\"tags\">\n\t        \t\t        \t\t<span>All audiences, from 3 years old<\/span>\n\t        \t\t        \t<span>1h30<\/span>\n\t        <\/div>\n\t        <div class=\"bas\">\n        \t\t<div class=\"prix\">\n        \t\t\t        \t\t<\/div>\n            \t<div class=\"review-stars\" data-productId=\"\">\n            \t<\/div>\n\t        <\/div>\n\t    <\/div>\n\t<\/a>\n<\/div>\n\n<div class=\"grid\">\n\t<a href=\"https:\/\/www.familinparis.fr\/en\/the-slap\/\" target=\"_self\">\n\t    <div class=\"image\" style=\"background-image:url('https:\/\/www.familinparis.fr\/wp-content\/uploads\/THEATRE\/Ados\/la-claque-affiche.jpg-564x282.jpg')\">\n\t    \t\t    \t<div class=\"dateOnImg\">Until January 28, 2025<\/div>\n\t    \t\t\t\t\t    <\/div>\n\t    <div class=\"texte\">\n\t        <h5>Th\u00e9\u00e2tre La Ga\u00eet\u00e9 Montparnasse (Paris 14th)<\/h5>\n\t        <h3>The Slap<\/h3>\n\t        <div class=\"tags\">\n\t        \t\t        \t\t<span>from 10 years old<\/span>\n\t        \t\t        \t<span>1h15<\/span>\n\t        <\/div>\n\t        <div class=\"bas\">\n        \t\t<div class=\"prix\">\n        \t\t\t        \t\t<\/div>\n            \t<div class=\"review-stars\" data-productId=\"\">\n            \t<\/div>\n\t        <\/div>\n\t    <\/div>\n\t<\/a>\n<\/div>\n\n<div class=\"grid\">\n\t<a href=\"https:\/\/www.familinparis.fr\/en\/last-scissors\/\" target=\"_self\">\n\t    <div class=\"image\" style=\"background-image:url('https:\/\/www.familinparis.fr\/wp-content\/uploads\/THEATRE\/Ados\/dernier-coupde-ciseaux-564x282.jpg')\">\n\t    \t\t\t\t\t    <\/div>\n\t    <div class=\"texte\">\n\t        <h5><\/h5>\n\t        <h3>Last Scissors<\/h3>\n\t        <div class=\"tags\">\n\t        \t\t        \t<span><\/span>\n\t        <\/div>\n\t        <div class=\"bas\">\n        \t\t<div class=\"prix\">\n        \t\t\t        \t\t<\/div>\n            \t<div class=\"review-stars\" data-productId=\"\">\n            \t<\/div>\n\t        <\/div>\n\t    <\/div>\n\t<\/a>\n<\/div>\n\n<div class=\"grid\">\n\t<a href=\"https:\/\/www.familinparis.fr\/en\/spoilt-for-choice\/\" target=\"_self\">\n\t    <div class=\"image\" style=\"background-image:url('https:\/\/www.familinparis.fr\/wp-content\/uploads\/2024\/06\/piece-de-theatre-l-embarras-du-choix-564x282.jpg')\">\n\t    \t\t    \t<div class=\"dateOnImg\">Until January 31, 2025<\/div>\n\t    \t\t\t\t\t    <\/div>\n\t    <div class=\"texte\">\n\t        <h5>At the Ga\u00eet\u00e9 Montparnasse theater<\/h5>\n\t        <h3>Spoilt for choice<\/h3>\n\t        <div class=\"tags\">\n\t        \t\t        \t\t<span>Pre-teens and teens<\/span>\n\t        \t\t        \t<span>1h35<\/span>\n\t        <\/div>\n\t        <div class=\"bas\">\n        \t\t<div class=\"prix\">\n        \t\t\t        \t\t<\/div>\n            \t<div class=\"review-stars\" data-productId=\"\">\n            \t<\/div>\n\t        <\/div>\n\t    <\/div>\n\t<\/a>\n<\/div>\n\n<div class=\"grid\">\n\t<a href=\"https:\/\/www.familinparis.fr\/en\/the-bearer-of-history\/\" target=\"_self\">\n\t    <div class=\"image\" style=\"background-image:url('https:\/\/www.familinparis.fr\/wp-content\/uploads\/THEATRE\/Ados\/PORTEUR-grand-format-564x282.jpg')\">\n\t    \t\t    \t<div class=\"dateOnImg\">Until December 17, 2024<\/div>\n\t    \t\t\t\t\t    <\/div>\n\t    <div class=\"texte\">\n\t        <h5>At the Petit Montparnasse (Paris 14th)<\/h5>\n\t        <h3>The Bearer of History<\/h3>\n\t        <div class=\"tags\">\n\t        \t\t        \t\t<span>From 10 years old<\/span>\n\t        \t\t        \t<span>1h30<\/span>\n\t        <\/div>\n\t        <div class=\"bas\">\n        \t\t<div class=\"prix\">\n        \t\t\t        \t\t<\/div>\n            \t<div class=\"review-stars\" data-productId=\"\">\n            \t<\/div>\n\t        <\/div>\n\t    <\/div>\n\t<\/a>\n<\/div>\n\n<div class=\"grid\">\n\t<a href=\"https:\/\/www.familinparis.fr\/en\/the-dead-poets-circle\/\" target=\"_self\">\n\t    <div class=\"image\" style=\"background-image:url('https:\/\/www.familinparis.fr\/wp-content\/uploads\/THEATRE\/Ados\/cercle-des-poetes-disparus-564x282.jpg')\">\n\t    \t\t    \t<div class=\"dateOnImg\">Until December 29, 2024<\/div>\n\t    \t\t\t\t\t    <\/div>\n\t    <div class=\"texte\">\n\t        <h5>At the Th\u00e9\u00e2tre Libre (Paris 10th)<\/h5>\n\t        <h3>The Dead Poets Circle<\/h3>\n\t        <div class=\"tags\">\n\t        \t\t        \t\t<span>From 11 years old<\/span>\n\t        \t\t        \t<span>1h30<\/span>\n\t        <\/div>\n\t        <div class=\"bas\">\n        \t\t<div class=\"prix\">\n        \t\t\t        \t\t<\/div>\n            \t<div class=\"review-stars\" data-productId=\"\">\n            \t<\/div>\n\t        <\/div>\n\t    <\/div>\n\t<\/a>\n<\/div>\n\n<div class=\"grid\">\n\t<a href=\"https:\/\/www.familinparis.fr\/en\/the-eagles-of-the-ramparts\/\" target=\"_self\">\n\t    <div class=\"image\" style=\"background-image:url('https:\/\/www.familinparis.fr\/wp-content\/uploads\/2024\/06\/spectacle-a-provins-les-aignes-des-remparts-564x282.jpg')\">\n\t    \t\t\t\t\t    <\/div>\n\t    <div class=\"texte\">\n\t        <h5><\/h5>\n\t        <h3>The eagles of the ramparts<\/h3>\n\t        <div class=\"tags\">\n\t        \t\t        \t<span><\/span>\n\t        <\/div>\n\t        <div class=\"bas\">\n        \t\t<div class=\"prix\">\n        \t\t\t        \t\t<\/div>\n            \t<div class=\"review-stars\" data-productId=\"\">\n            \t<\/div>\n\t        <\/div>\n\t    <\/div>\n\t<\/a>\n<\/div>    <\/div>\n\n    \n    \n\n<\/div>\n<\/div>\n<div style=\"height:40px\" aria-hidden=\"true\" class=\"wp-block-spacer\"><\/div>\n\n<div class=\"wp-block-columns is-layout-flex wp-container-core-columns-is-layout-9d6595d7 wp-block-columns-is-layout-flex\">\n<div class=\"wp-block-column is-layout-flow wp-block-column-is-layout-flow\" style=\"flex-basis:20%\">\n<div style=\"height:100px\" aria-hidden=\"true\" class=\"wp-block-spacer\"><\/div>\n\n\n\n<section class=\"wp-block-uagb-section uagb-section__wrap uagb-section__background-color uagb-block-f8b89f2e m-l-20\"><div class=\"uagb-section__overlay\"><\/div><div class=\"uagb-section__inner-wrap\">\n<h2 class=\"wp-block-heading has-text-align-center m-t-5\">Our top 5 with teenagers<\/h2>\n\n\n\n<ol class=\"wp-block-list\">\n<li><a href=\"https:\/\/www.familinparis.fr\/en\/the-escape-game-the-mysteries-of-montmartre-teenager-adult\/\">The Montmartre Escape Game<\/a><\/li>\n\n\n\n<li><a href=\"https:\/\/www.familinparis.fr\/en\/escape-game-arsene-lupins-last-secret\/\">The treasure hunt-investigation &#8220;The Last Secret of Ars\u00e8ne Lupin&#8221;<\/a><\/li>\n\n\n\n<li><a href=\"https:\/\/www.familinparis.fr\/en\/the-louvres-masterpieces-explained-to-teenagers\/\">The visit &#8220;The masterpieces of the Louvre explained to teenagers&#8221;<\/a><\/li>\n\n\n\n<li>Birthday \u2013 <a href=\"https:\/\/www.familinparis.fr\/anniversaire-enquete-jeu-de-piste-au-pere-lachaise\/\">&#8220;Crime at P\u00e8re-Lachaise&#8221; game trail<\/a> (11-14 years old)<\/li>\n\n\n\n<li><a href=\"https:\/\/www.familinparis.fr\/en\/the-catacombs-of-paris\/\">The visit of the Catacombs of Paris<\/a><\/li>\n<\/ol>\n<\/div><\/section>\n<\/div>\n\n\n\n<div class=\"wp-block-column is-layout-flow wp-block-column-is-layout-flow\" style=\"flex-basis:72%\">\n<h2 class=\"wp-block-heading has-text-align-center\">Ideas in bulk with the + 12 years old&#8230;<\/h2>\n\n\n\n\t\t\t<div class=\"wp-block-uagb-post-grid uagb-post-grid m-b-20 uagb-post__image-position-top uagb-post__image-enabled uagb-block-cd830f92     uagb-post__items uagb-post__columns-4 is-grid uagb-post__columns-tablet-2 uagb-post__columns-mobile-1 uagb-post__equal-height\" data-total=\"32\" style=\"\">\n\n\t\t\t\t\t\t\t\t\t\t\t\t<article class=\"uagb-post__inner-wrap\">\t\t\t\t\t\t\t\t<div class='uagb-post__image'>\n\t\t\t\t\t\t\t\t\t<a href=\"https:\/\/www.familinparis.fr\/en\/in-napoleons-boots-family-visit\/\" target=\"_self\" rel=\"bookmark noopener noreferrer\" class='uagb-image-ratio-inherit'><img decoding=\"async\" width=\"270\" height=\"180\" src=\"https:\/\/www.familinparis.fr\/wp-content\/uploads\/photos-partenaires\/visite-guidee\/Napoleon-aux-invalides-ludo-et-sophie-270x180.jpg\" class=\"attachment-post-thumbnail size-post-thumbnail\" alt=\"\" \/>\t\t\t\t\t<\/a>\n\t\t\t\t\t\t\t<\/div>\n\t\t\t\t\t\t<h3 class=\"uagb-post__title uagb-post__text\">\n\t\t\t\t<a href=\"https:\/\/www.familinparis.fr\/en\/in-napoleons-boots-family-visit\/\" target=\"_self\" rel=\"bookmark noopener noreferrer\">&#8220;In Napoleon&#8217;s boots&#8221; (family visit)<\/a>\n\t\t\t<\/h3>\n\t\t\t\t\t\t<div class='uagb-post__text uagb-post-grid-byline'>\n\t\t\t\t\t\t\t\t<div class=\"uagb-post__text\">\n\t\t\t\t\t<span class='uagb-post__taxonomy'>\n\t\t\t\t\t\t<span class=\"dashicons-tag dashicons\"><\/span>\t\t\t\t\t\t<a href=\"https:\/\/www.familinparis.fr\/tag\/28-fevrier\/\">28 f\u00e9vrier<\/a>,&nbsp;<a href=\"https:\/\/www.familinparis.fr\/en\/tag\/april\/\">April<\/a>,&nbsp;<a href=\"https:\/\/www.familinparis.fr\/tag\/avril\/\">avril<\/a>,&nbsp;<a href=\"https:\/\/www.familinparis.fr\/en\/tag\/easter-holidays\/\">Easter holidays<\/a>,&nbsp;<a href=\"https:\/\/www.familinparis.fr\/en\/tag\/for-7-12-year-olds\/\">For 7-12 year olds<\/a>,&nbsp;<a href=\"https:\/\/www.familinparis.fr\/en\/tag\/for-teens\/\">For teens<\/a>,&nbsp;<a href=\"https:\/\/www.familinparis.fr\/en\/tag\/june-20\/\">June 20<\/a>,&nbsp;<a href=\"https:\/\/www.familinparis.fr\/tag\/mai\/\">mai<\/a>,&nbsp;<a href=\"https:\/\/www.familinparis.fr\/en\/tag\/may\/\">May<\/a>,&nbsp;<a href=\"https:\/\/www.familinparis.fr\/en\/tag\/paris-en\/\">Paris<\/a>,&nbsp;<a href=\"https:\/\/www.familinparis.fr\/en\/tag\/rain\/\">rain<\/a>,&nbsp;<a href=\"https:\/\/www.familinparis.fr\/en\/tag\/the-invalides-eiffel-tower-district\/\">The Invalides &#8211; Eiffel Tower district<\/a>,&nbsp;<a href=\"https:\/\/www.familinparis.fr\/tag\/vacances-de-fevrier\/\">Vacances de f\u00e9vrier<\/a>\t\t\t\t\t<\/span>\n\t\t\t\t<\/div>\n\t\t\t\t\t\t\t<\/div>\n\t\t\t\t\t\t<div class=\"uagb-post__text uagb-post__cta wp-block-button\">\n\t\t\t\t<a class=\"wp-block-button__link uagb-text-link\" style=\"\" href=\"https:\/\/www.familinparis.fr\/en\/in-napoleons-boots-family-visit\/\" target=\"_self\" rel=\"bookmark noopener noreferrer\">Read More<\/a>\n\t\t\t<\/div>\n\t\t\t\n\t\t\t\t\t\t\t\t\t<\/article>\n\t\t\t\t\t\t\t\t\t\t\t\t\t\t\t\t<article class=\"uagb-post__inner-wrap\">\t\t\t\t\t\t\t\t<div class='uagb-post__image'>\n\t\t\t\t\t\t\t\t\t<a href=\"https:\/\/www.familinparis.fr\/en\/the-castle-of-vaux-le-vicomte\/\" target=\"_self\" rel=\"bookmark noopener noreferrer\" class='uagb-image-ratio-inherit'><img decoding=\"async\" width=\"270\" height=\"180\" src=\"https:\/\/www.familinparis.fr\/wp-content\/uploads\/Chateaux\/vaux-le-vicomte\/Vaux-le-vicomte-dome-@FamilinParis-270x180.jpg\" class=\"attachment-post-thumbnail size-post-thumbnail\" alt=\"\" srcset=\"https:\/\/www.familinparis.fr\/wp-content\/uploads\/Chateaux\/vaux-le-vicomte\/Vaux-le-vicomte-dome-@FamilinParis-270x180.jpg 270w, https:\/\/www.familinparis.fr\/wp-content\/uploads\/Chateaux\/vaux-le-vicomte\/Vaux-le-vicomte-dome-@FamilinParis-300x200.jpg 300w, https:\/\/www.familinparis.fr\/wp-content\/uploads\/Chateaux\/vaux-le-vicomte\/Vaux-le-vicomte-dome-@FamilinParis-1024x683.jpg 1024w, https:\/\/www.familinparis.fr\/wp-content\/uploads\/Chateaux\/vaux-le-vicomte\/Vaux-le-vicomte-dome-@FamilinParis-16x12.jpg 16w, https:\/\/www.familinparis.fr\/wp-content\/uploads\/Chateaux\/vaux-le-vicomte\/Vaux-le-vicomte-dome-@FamilinParis-730x487.jpg 730w, https:\/\/www.familinparis.fr\/wp-content\/uploads\/Chateaux\/vaux-le-vicomte\/Vaux-le-vicomte-dome-@FamilinParis.jpg 1200w\" sizes=\"(max-width: 270px) 100vw, 270px\" \/>\t\t\t\t\t<\/a>\n\t\t\t\t\t\t\t<\/div>\n\t\t\t\t\t\t<h3 class=\"uagb-post__title uagb-post__text\">\n\t\t\t\t<a href=\"https:\/\/www.familinparis.fr\/en\/the-castle-of-vaux-le-vicomte\/\" target=\"_self\" rel=\"bookmark noopener noreferrer\">The castle of Vaux-le-Vicomte<\/a>\n\t\t\t<\/h3>\n\t\t\t\t\t\t<div class='uagb-post__text uagb-post-grid-byline'>\n\t\t\t\t\t\t\t\t<div class=\"uagb-post__text\">\n\t\t\t\t\t<span class='uagb-post__taxonomy'>\n\t\t\t\t\t\t<span class=\"dashicons-tag dashicons\"><\/span>\t\t\t\t\t\t<a href=\"https:\/\/www.familinparis.fr\/en\/tag\/ascension-en\/\">Ascension<\/a>,&nbsp;<a href=\"https:\/\/www.familinparis.fr\/en\/tag\/august-15\/\">August 15<\/a>,&nbsp;<a href=\"https:\/\/www.familinparis.fr\/en\/tag\/easter-holidays\/\">Easter holidays<\/a>,&nbsp;<a href=\"https:\/\/www.familinparis.fr\/en\/tag\/for-3-6-year-olds\/\">For 3-6 year olds<\/a>,&nbsp;<a href=\"https:\/\/www.familinparis.fr\/en\/tag\/for-7-12-year-olds\/\">For 7-12 year olds<\/a>,&nbsp;<a href=\"https:\/\/www.familinparis.fr\/en\/tag\/for-teens\/\">For teens<\/a>,&nbsp;<a href=\"https:\/\/www.familinparis.fr\/en\/tag\/good-looking\/\">Good looking<\/a>,&nbsp;<a href=\"https:\/\/www.familinparis.fr\/en\/tag\/ile-de-france-en\/\">Ile de France<\/a>,&nbsp;<a href=\"https:\/\/www.familinparis.fr\/tag\/ile-de-france\/\">Ile de France<\/a>,&nbsp;<a href=\"https:\/\/www.familinparis.fr\/en\/tag\/less-than-20-euros\/\">Less than 20 euros<\/a>,&nbsp;<a href=\"https:\/\/www.familinparis.fr\/en\/tag\/may-1\/\">May 1<\/a>,&nbsp;<a href=\"https:\/\/www.familinparis.fr\/en\/tag\/may-8\/\">May 8<\/a>,&nbsp;<a href=\"https:\/\/www.familinparis.fr\/en\/tag\/pentecost\/\">Pentecost<\/a>,&nbsp;<a href=\"https:\/\/www.familinparis.fr\/tag\/pluie\/\">pluie<\/a>,&nbsp;<a href=\"https:\/\/www.familinparis.fr\/en\/tag\/rain\/\">rain<\/a>,&nbsp;<a href=\"https:\/\/www.familinparis.fr\/en\/tag\/seine-et-marne-en\/\">Seine-et-Marne<\/a>,&nbsp;<a href=\"https:\/\/www.familinparis.fr\/en\/tag\/wednesday\/\">Wednesday<\/a>\t\t\t\t\t<\/span>\n\t\t\t\t<\/div>\n\t\t\t\t\t\t\t<\/div>\n\t\t\t\t\t\t<div class=\"uagb-post__text uagb-post__cta wp-block-button\">\n\t\t\t\t<a class=\"wp-block-button__link uagb-text-link\" style=\"\" href=\"https:\/\/www.familinparis.fr\/en\/the-castle-of-vaux-le-vicomte\/\" target=\"_self\" rel=\"bookmark noopener noreferrer\">Read More<\/a>\n\t\t\t<\/div>\n\t\t\t\n\t\t\t\t\t\t\t\t\t<\/article>\n\t\t\t\t\t\t\t\t\t\t\t\t\t\t\t\t<article class=\"uagb-post__inner-wrap\">\t\t\t\t\t\t\t\t<div class='uagb-post__image'>\n\t\t\t\t\t\t\t\t\t<a href=\"https:\/\/www.familinparis.fr\/en\/virtual-reality-guided-tour-of-the-eiffel-tower-district-the-symbol-of-paris\/\" target=\"_self\" rel=\"bookmark noopener noreferrer\" class='uagb-image-ratio-inherit'><img decoding=\"async\" width=\"270\" height=\"180\" src=\"https:\/\/www.familinparis.fr\/wp-content\/uploads\/2026\/04\/experience_VR_le_symbole_de_paris-270x180.png\" class=\"attachment-post-thumbnail size-post-thumbnail\" alt=\"Le Symbole de Paris, exp\u00e9rience en VR\" \/>\t\t\t\t\t<\/a>\n\t\t\t\t\t\t\t<\/div>\n\t\t\t\t\t\t<h3 class=\"uagb-post__title uagb-post__text\">\n\t\t\t\t<a href=\"https:\/\/www.familinparis.fr\/en\/virtual-reality-guided-tour-of-the-eiffel-tower-district-the-symbol-of-paris\/\" target=\"_self\" rel=\"bookmark noopener noreferrer\">The Symbol of Paris &#8211; VR Experience<\/a>\n\t\t\t<\/h3>\n\t\t\t\t\t\t<div class='uagb-post__text uagb-post-grid-byline'>\n\t\t\t\t\t\t\t\t<div class=\"uagb-post__text\">\n\t\t\t\t\t<span class='uagb-post__taxonomy'>\n\t\t\t\t\t\t<span class=\"dashicons-tag dashicons\"><\/span>\t\t\t\t\t\t<a href=\"https:\/\/www.familinparis.fr\/en\/tag\/ascension-en\/\">Ascension<\/a>,&nbsp;<a href=\"https:\/\/www.familinparis.fr\/en\/tag\/for-7-12-year-olds\/\">For 7-12 year olds<\/a>,&nbsp;<a href=\"https:\/\/www.familinparis.fr\/en\/tag\/for-teens\/\">For teens<\/a>,&nbsp;<a href=\"https:\/\/www.familinparis.fr\/en\/tag\/good-looking\/\">Good looking<\/a>,&nbsp;<a href=\"https:\/\/www.familinparis.fr\/en\/tag\/may-1\/\">May 1<\/a>,&nbsp;<a href=\"https:\/\/www.familinparis.fr\/en\/tag\/may-8\/\">May 8<\/a>,&nbsp;<a href=\"https:\/\/www.familinparis.fr\/en\/tag\/novelty\/\">Novelty<\/a>,&nbsp;<a href=\"https:\/\/www.familinparis.fr\/en\/tag\/sunday\/\">Sunday<\/a>,&nbsp;<a href=\"https:\/\/www.familinparis.fr\/en\/tag\/the-invalides-eiffel-tower-district\/\">The Invalides &#8211; Eiffel Tower district<\/a>,&nbsp;<a href=\"https:\/\/www.familinparis.fr\/en\/tag\/unusual\/\">unusual<\/a>,&nbsp;<a href=\"https:\/\/www.familinparis.fr\/en\/tag\/wednesday\/\">Wednesday<\/a>\t\t\t\t\t<\/span>\n\t\t\t\t<\/div>\n\t\t\t\t\t\t\t<\/div>\n\t\t\t\t\t\t<div class=\"uagb-post__text uagb-post__cta wp-block-button\">\n\t\t\t\t<a class=\"wp-block-button__link uagb-text-link\" style=\"\" href=\"https:\/\/www.familinparis.fr\/en\/virtual-reality-guided-tour-of-the-eiffel-tower-district-the-symbol-of-paris\/\" target=\"_self\" rel=\"bookmark noopener noreferrer\">Read More<\/a>\n\t\t\t<\/div>\n\t\t\t\n\t\t\t\t\t\t\t\t\t<\/article>\n\t\t\t\t\t\t\t\t\t\t\t\t\t\t\t\t<article class=\"uagb-post__inner-wrap\">\t\t\t\t\t\t\t\t<div class='uagb-post__image'>\n\t\t\t\t\t\t\t\t\t<a href=\"https:\/\/www.familinparis.fr\/en\/ballet-of-lights-cendrillon-we-call-it-ballet-paris\/\" target=\"_self\" rel=\"bookmark noopener noreferrer\" class='uagb-image-ratio-inherit'><img decoding=\"async\" width=\"270\" height=\"180\" src=\"https:\/\/www.familinparis.fr\/wp-content\/uploads\/2026\/04\/ballet-of-lights-cendrillon-270x180.jpg\" class=\"attachment-post-thumbnail size-post-thumbnail\" alt=\"Cendrillon, ballet of Light\" \/>\t\t\t\t\t<\/a>\n\t\t\t\t\t\t\t<\/div>\n\t\t\t\t\t\t<h3 class=\"uagb-post__title uagb-post__text\">\n\t\t\t\t<a href=\"https:\/\/www.familinparis.fr\/en\/ballet-of-lights-cendrillon-we-call-it-ballet-paris\/\" target=\"_self\" rel=\"bookmark noopener noreferrer\">Cinderella &#8211; Ballet of Lights<\/a>\n\t\t\t<\/h3>\n\t\t\t\t\t\t<div class='uagb-post__text uagb-post-grid-byline'>\n\t\t\t\t\t\t\t\t<div class=\"uagb-post__text\">\n\t\t\t\t\t<span class='uagb-post__taxonomy'>\n\t\t\t\t\t\t<span class=\"dashicons-tag dashicons\"><\/span>\t\t\t\t\t\t<a href=\"https:\/\/www.familinparis.fr\/en\/tag\/evening\/\">Evening<\/a>,&nbsp;<a href=\"https:\/\/www.familinparis.fr\/en\/tag\/for-3-6-year-olds\/\">For 3-6 year olds<\/a>,&nbsp;<a href=\"https:\/\/www.familinparis.fr\/en\/tag\/for-7-12-year-olds\/\">For 7-12 year olds<\/a>,&nbsp;<a href=\"https:\/\/www.familinparis.fr\/en\/tag\/for-teens\/\">For teens<\/a>,&nbsp;<a href=\"https:\/\/www.familinparis.fr\/en\/tag\/june-20\/\">June 20<\/a>,&nbsp;<a href=\"https:\/\/www.familinparis.fr\/en\/tag\/novelty\/\">Novelty<\/a>,&nbsp;<a href=\"https:\/\/www.familinparis.fr\/en\/tag\/november-15\/\">November 15<\/a>,&nbsp;<a href=\"https:\/\/www.familinparis.fr\/en\/tag\/rain\/\">rain<\/a>,&nbsp;<a href=\"https:\/\/www.familinparis.fr\/en\/tag\/september-12\/\">September 12<\/a>\t\t\t\t\t<\/span>\n\t\t\t\t<\/div>\n\t\t\t\t\t\t\t<\/div>\n\t\t\t\t\t\t<div class=\"uagb-post__text uagb-post__cta wp-block-button\">\n\t\t\t\t<a class=\"wp-block-button__link uagb-text-link\" style=\"\" href=\"https:\/\/www.familinparis.fr\/en\/ballet-of-lights-cendrillon-we-call-it-ballet-paris\/\" target=\"_self\" rel=\"bookmark noopener noreferrer\">Read More<\/a>\n\t\t\t<\/div>\n\t\t\t\n\t\t\t\t\t\t\t\t\t<\/article>\n\t\t\t\t\t\t\t\t\t\t\t\t\t\t\t\t<article class=\"uagb-post__inner-wrap\">\t\t\t\t\t\t\t\t<div class='uagb-post__image'>\n\t\t\t\t\t\t\t\t\t<a href=\"https:\/\/www.familinparis.fr\/en\/the-cherqui-foundation-in-aubervilliers-93\/\" target=\"_self\" rel=\"bookmark noopener noreferrer\" class='uagb-image-ratio-inherit'><img decoding=\"async\" width=\"270\" height=\"180\" src=\"https:\/\/www.familinparis.fr\/wp-content\/uploads\/2026\/04\/fondation-chergui-aubervilliers-93-2-270x180.jpg\" class=\"attachment-post-thumbnail size-post-thumbnail\" alt=\"Fondation Cherqui \u00e0 Aubervilliers 93\" \/>\t\t\t\t\t<\/a>\n\t\t\t\t\t\t\t<\/div>\n\t\t\t\t\t\t<h3 class=\"uagb-post__title uagb-post__text\">\n\t\t\t\t<a href=\"https:\/\/www.familinparis.fr\/en\/the-cherqui-foundation-in-aubervilliers-93\/\" target=\"_self\" rel=\"bookmark noopener noreferrer\">The Cherqui Foundation<\/a>\n\t\t\t<\/h3>\n\t\t\t\t\t\t<div class='uagb-post__text uagb-post-grid-byline'>\n\t\t\t\t\t\t\t\t<div class=\"uagb-post__text\">\n\t\t\t\t\t<span class='uagb-post__taxonomy'>\n\t\t\t\t\t\t<span class=\"dashicons-tag dashicons\"><\/span>\t\t\t\t\t\t<a href=\"https:\/\/www.familinparis.fr\/en\/tag\/easter-holidays\/\">Easter holidays<\/a>,&nbsp;<a href=\"https:\/\/www.familinparis.fr\/en\/tag\/for-7-12-year-olds\/\">For 7-12 year olds<\/a>,&nbsp;<a href=\"https:\/\/www.familinparis.fr\/en\/tag\/for-teens\/\">For teens<\/a>,&nbsp;<a href=\"https:\/\/www.familinparis.fr\/en\/tag\/novelty\/\">Novelty<\/a>,&nbsp;<a href=\"https:\/\/www.familinparis.fr\/en\/tag\/rain\/\">rain<\/a>,&nbsp;<a href=\"https:\/\/www.familinparis.fr\/en\/tag\/seine-saint-denis-en\/\">Seine-Saint-Denis<\/a>,&nbsp;<a href=\"https:\/\/www.familinparis.fr\/en\/tag\/unusual\/\">unusual<\/a>\t\t\t\t\t<\/span>\n\t\t\t\t<\/div>\n\t\t\t\t\t\t\t<\/div>\n\t\t\t\t\t\t<div class=\"uagb-post__text uagb-post__cta wp-block-button\">\n\t\t\t\t<a class=\"wp-block-button__link uagb-text-link\" style=\"\" href=\"https:\/\/www.familinparis.fr\/en\/the-cherqui-foundation-in-aubervilliers-93\/\" target=\"_self\" rel=\"bookmark noopener noreferrer\">Read More<\/a>\n\t\t\t<\/div>\n\t\t\t\n\t\t\t\t\t\t\t\t\t<\/article>\n\t\t\t\t\t\t\t\t\t\t\t\t\t\t\t\t<article class=\"uagb-post__inner-wrap\">\t\t\t\t\t\t\t\t<div class='uagb-post__image'>\n\t\t\t\t\t\t\t\t\t<a href=\"https:\/\/www.familinparis.fr\/en\/exposition-calder-fondation-louis-vuitton-billet\/\" target=\"_self\" rel=\"bookmark noopener noreferrer\" class='uagb-image-ratio-inherit'><img decoding=\"async\" width=\"270\" height=\"180\" src=\"https:\/\/www.familinparis.fr\/wp-content\/uploads\/2026\/04\/exposition-calder-fondation-louis-vuitton-270x180.jpg\" class=\"attachment-post-thumbnail size-post-thumbnail\" alt=\"affiche de l&#039;exposition &quot;Calder. R\u00eaver en \u00e9quilibre&quot;, \u00e0 la Fondation Louis Vuitton- Jusqu&#039;au 16 ao\u00fbt 2026\" \/>\t\t\t\t\t<\/a>\n\t\t\t\t\t\t\t<\/div>\n\t\t\t\t\t\t<h3 class=\"uagb-post__title uagb-post__text\">\n\t\t\t\t<a href=\"https:\/\/www.familinparis.fr\/en\/exposition-calder-fondation-louis-vuitton-billet\/\" target=\"_self\" rel=\"bookmark noopener noreferrer\">Calder. Dreaming in balance<\/a>\n\t\t\t<\/h3>\n\t\t\t\t\t\t<div class='uagb-post__text uagb-post-grid-byline'>\n\t\t\t\t\t\t\t\t<div class=\"uagb-post__text\">\n\t\t\t\t\t<span class='uagb-post__taxonomy'>\n\t\t\t\t\t\t<span class=\"dashicons-tag dashicons\"><\/span>\t\t\t\t\t\t<a href=\"https:\/\/www.familinparis.fr\/en\/tag\/art-en\/\">ART<\/a>,&nbsp;<a href=\"https:\/\/www.familinparis.fr\/en\/tag\/ascension-en\/\">Ascension<\/a>,&nbsp;<a href=\"https:\/\/www.familinparis.fr\/en\/tag\/august-15\/\">August 15<\/a>,&nbsp;<a href=\"https:\/\/www.familinparis.fr\/en\/tag\/for-3-6-year-olds\/\">For 3-6 year olds<\/a>,&nbsp;<a href=\"https:\/\/www.familinparis.fr\/en\/tag\/for-7-12-year-olds\/\">For 7-12 year olds<\/a>,&nbsp;<a href=\"https:\/\/www.familinparis.fr\/en\/tag\/for-teens\/\">For teens<\/a>,&nbsp;<a href=\"https:\/\/www.familinparis.fr\/en\/tag\/july-14\/\">July 14<\/a>,&nbsp;<a href=\"https:\/\/www.familinparis.fr\/en\/tag\/may-8\/\">May 8<\/a>,&nbsp;<a href=\"https:\/\/www.familinparis.fr\/en\/tag\/novelty\/\">Novelty<\/a>,&nbsp;<a href=\"https:\/\/www.familinparis.fr\/tag\/paris\/\">Paris<\/a>,&nbsp;<a href=\"https:\/\/www.familinparis.fr\/en\/tag\/pentecost\/\">Pentecost<\/a>,&nbsp;<a href=\"https:\/\/www.familinparis.fr\/en\/tag\/the-bois-de-boulogne-and-the-16th\/\">The Bois de Boulogne and the 16th<\/a>\t\t\t\t\t<\/span>\n\t\t\t\t<\/div>\n\t\t\t\t\t\t\t<\/div>\n\t\t\t\t\t\t<div class=\"uagb-post__text uagb-post__cta wp-block-button\">\n\t\t\t\t<a class=\"wp-block-button__link uagb-text-link\" style=\"\" href=\"https:\/\/www.familinparis.fr\/en\/exposition-calder-fondation-louis-vuitton-billet\/\" target=\"_self\" rel=\"bookmark noopener noreferrer\">Read More<\/a>\n\t\t\t<\/div>\n\t\t\t\n\t\t\t\t\t\t\t\t\t<\/article>\n\t\t\t\t\t\t\t\t\t\t\t\t\t\t\t\t<article class=\"uagb-post__inner-wrap\">\t\t\t\t\t\t\t\t<div class='uagb-post__image'>\n\t\t\t\t\t\t\t\t\t<a href=\"https:\/\/www.familinparis.fr\/en\/dinosaure\/\" target=\"_self\" rel=\"bookmark noopener noreferrer\" class='uagb-image-ratio-inherit'><img decoding=\"async\" width=\"270\" height=\"180\" src=\"https:\/\/www.familinparis.fr\/wp-content\/uploads\/2025\/11\/Capture-decran-2025-11-27-a-16.38.34-270x180.png\" class=\"attachment-post-thumbnail size-post-thumbnail\" alt=\"Plan\u00e8te pr\u00e9historique : Dinosaures, l&#039;Exp\u00e9rience immersive \u00e0 l\u2019Atelier des Lumi\u00e8res 2025\" \/>\t\t\t\t\t<\/a>\n\t\t\t\t\t\t\t<\/div>\n\t\t\t\t\t\t<h3 class=\"uagb-post__title uagb-post__text\">\n\t\t\t\t<a href=\"https:\/\/www.familinparis.fr\/en\/dinosaure\/\" target=\"_self\" rel=\"bookmark noopener noreferrer\">Prehistoric Planet: Dinosaurs<\/a>\n\t\t\t<\/h3>\n\t\t\t\t\t\t<div class='uagb-post__text uagb-post-grid-byline'>\n\t\t\t\t\t\t\t\t<div class=\"uagb-post__text\">\n\t\t\t\t\t<span class='uagb-post__taxonomy'>\n\t\t\t\t\t\t<span class=\"dashicons-tag dashicons\"><\/span>\t\t\t\t\t\t<a href=\"https:\/\/www.familinparis.fr\/en\/tag\/april\/\">April<\/a>,&nbsp;<a href=\"https:\/\/www.familinparis.fr\/en\/tag\/for-7-12-year-olds\/\">For 7-12 year olds<\/a>,&nbsp;<a href=\"https:\/\/www.familinparis.fr\/en\/tag\/for-teens\/\">For teens<\/a>,&nbsp;<a href=\"https:\/\/www.familinparis.fr\/en\/tag\/june\/\">June<\/a>,&nbsp;<a href=\"https:\/\/www.familinparis.fr\/en\/tag\/may\/\">May<\/a>,&nbsp;<a href=\"https:\/\/www.familinparis.fr\/en\/tag\/may-1\/\">May 1<\/a>,&nbsp;<a href=\"https:\/\/www.familinparis.fr\/en\/tag\/rain\/\">rain<\/a>\t\t\t\t\t<\/span>\n\t\t\t\t<\/div>\n\t\t\t\t\t\t\t<\/div>\n\t\t\t\t\t\t<div class=\"uagb-post__text uagb-post__cta wp-block-button\">\n\t\t\t\t<a class=\"wp-block-button__link uagb-text-link\" style=\"\" href=\"https:\/\/www.familinparis.fr\/en\/dinosaure\/\" target=\"_self\" rel=\"bookmark noopener noreferrer\">Read More<\/a>\n\t\t\t<\/div>\n\t\t\t\n\t\t\t\t\t\t\t\t\t<\/article>\n\t\t\t\t\t\t\t\t\t\t\t\t\t\t\t\t<article class=\"uagb-post__inner-wrap\">\t\t\t\t\t\t\t\t<div class='uagb-post__image'>\n\t\t\t\t\t\t\t\t\t<a href=\"https:\/\/www.familinparis.fr\/en\/odysee-the-musical-conference\/\" target=\"_self\" rel=\"bookmark noopener noreferrer\" class='uagb-image-ratio-inherit'><img decoding=\"async\" width=\"270\" height=\"180\" src=\"https:\/\/www.familinparis.fr\/wp-content\/uploads\/Spectacles\/MUSICAL\/kid\/affiche-odyssee-270x180.jpg\" class=\"attachment-post-thumbnail size-post-thumbnail\" alt=\"\" \/>\t\t\t\t\t<\/a>\n\t\t\t\t\t\t\t<\/div>\n\t\t\t\t\t\t<h3 class=\"uagb-post__title uagb-post__text\">\n\t\t\t\t<a href=\"https:\/\/www.familinparis.fr\/en\/odysee-the-musical-conference\/\" target=\"_self\" rel=\"bookmark noopener noreferrer\">Odys\u00e9e, the musical conference<\/a>\n\t\t\t<\/h3>\n\t\t\t\t\t\t<div class='uagb-post__text uagb-post-grid-byline'>\n\t\t\t\t\t\t\t\t<div class=\"uagb-post__text\">\n\t\t\t\t\t<span class='uagb-post__taxonomy'>\n\t\t\t\t\t\t<span class=\"dashicons-tag dashicons\"><\/span>\t\t\t\t\t\t<a href=\"https:\/\/www.familinparis.fr\/en\/tag\/august-15\/\">August 15<\/a>,&nbsp;<a href=\"https:\/\/www.familinparis.fr\/en\/tag\/classical-theatre\/\">Classical theatre<\/a>,&nbsp;<a href=\"https:\/\/www.familinparis.fr\/en\/tag\/for-7-12-year-olds\/\">For 7-12 year olds<\/a>,&nbsp;<a href=\"https:\/\/www.familinparis.fr\/en\/tag\/for-teens\/\">For teens<\/a>,&nbsp;<a href=\"https:\/\/www.familinparis.fr\/en\/tag\/the-saint-germain-des-pres-district-and-the-luxembourg-gardens\/\">The Saint-Germain-des-Pr\u00e9s district (and the Luxembourg Gardens)<\/a>\t\t\t\t\t<\/span>\n\t\t\t\t<\/div>\n\t\t\t\t\t\t\t<\/div>\n\t\t\t\t\t\t<div class=\"uagb-post__text uagb-post__cta wp-block-button\">\n\t\t\t\t<a class=\"wp-block-button__link uagb-text-link\" style=\"\" href=\"https:\/\/www.familinparis.fr\/en\/odysee-the-musical-conference\/\" target=\"_self\" rel=\"bookmark noopener noreferrer\">Read More<\/a>\n\t\t\t<\/div>\n\t\t\t\n\t\t\t\t\t\t\t\t\t<\/article>\n\t\t\t\t\t\t\t\t\t\t\t<\/div>\n\t\t\t\n\n\n<div class=\"wp-block-buttons is-horizontal is-content-justification-center is-layout-flex wp-container-core-buttons-is-layout-499968f5 wp-block-buttons-is-layout-flex\">\n<div class=\"wp-block-button has-custom-width wp-block-button__width-50 btn-pink\"><a class=\"wp-block-button__link has-text-color has-background wp-element-button\" href=\"https:\/\/www.familinparis.fr\/en\/what-to-do-in-paris-with-a-teenager\/\" style=\"border-radius:50px;color:#ffffff;background-color:#000000\">+ ideas with teenagers\u2192  <\/a><\/div>\n<\/div>\n<\/div>\n<\/div>\n","protected":false},"excerpt":{"rendered":"<p>For 12+ years old<\/p>\n","protected":false},"author":6,"featured_media":131095,"comment_status":"open","ping_status":"open","sticky":false,"template":"","format":"standard","meta":{"_uag_custom_page_level_css":"","footnotes":""},"categories":[1310,1356],"tags":[1227,1206],"class_list":{"0":"post-135916","1":"post","2":"type-post","3":"status-publish","4":"format-standard","5":"has-post-thumbnail","7":"category-shows","8":"category-theater","9":"tag-evening","10":"tag-for-teens"},"yoast_head":"<!-- This site is optimized with the Yoast SEO plugin v27.2 - https:\/\/yoast.com\/product\/yoast-seo-wordpress\/ -->\n<title>The best plays for teens right now&gt;&gt; From 12 years old<\/title>\n<meta name=\"description\" content=\"A selection of plays for teenagers in Paris, from 10\/12 years old - Middle and high school theater outing\" \/>\n<meta name=\"robots\" content=\"index, follow, max-snippet:-1, max-image-preview:large, max-video-preview:-1\" \/>\n<link rel=\"canonical\" href=\"https:\/\/www.familinparis.fr\/en\/teen-plays\/\" \/>\n<meta property=\"og:locale\" content=\"en_US\" \/>\n<meta property=\"og:type\" content=\"article\" \/>\n<meta property=\"og:title\" content=\"The best plays for teens right now&gt;&gt; From 12 years old\" \/>\n<meta property=\"og:description\" content=\"A selection of plays for teenagers in Paris, from 10\/12 years old - Middle and high school theater outing\" \/>\n<meta property=\"og:url\" content=\"https:\/\/www.familinparis.fr\/en\/teen-plays\/\" \/>\n<meta property=\"og:site_name\" content=\"Familin&#039;Paris\" \/>\n<meta property=\"article:published_time\" content=\"2021-11-11T07:43:52+00:00\" \/>\n<meta property=\"article:modified_time\" content=\"2024-11-16T15:21:30+00:00\" \/>\n<meta property=\"og:image\" content=\"https:\/\/www.familinparis.fr\/wp-content\/uploads\/Spectacles\/theatre-PLD.jpg\" \/>\n\t<meta property=\"og:image:width\" content=\"1920\" \/>\n\t<meta property=\"og:image:height\" content=\"1256\" \/>\n\t<meta property=\"og:image:type\" content=\"image\/jpeg\" \/>\n<meta name=\"author\" content=\"Agn\u00e8s\" \/>\n<meta name=\"twitter:card\" content=\"summary_large_image\" \/>\n<meta name=\"twitter:label1\" content=\"Written by\" \/>\n\t<meta name=\"twitter:data1\" content=\"Agn\u00e8s\" \/>\n\t<meta name=\"twitter:label2\" content=\"Est. reading time\" \/>\n\t<meta name=\"twitter:data2\" content=\"1 minute\" \/>\n<script type=\"application\/ld+json\" class=\"yoast-schema-graph\">{\"@context\":\"https:\/\/schema.org\",\"@graph\":[{\"@type\":\"Article\",\"@id\":\"https:\/\/www.familinparis.fr\/en\/teen-plays\/#article\",\"isPartOf\":{\"@id\":\"https:\/\/www.familinparis.fr\/en\/teen-plays\/\"},\"author\":{\"name\":\"Agn\u00e8s\",\"@id\":\"https:\/\/www.familinparis.fr\/en\/#\/schema\/person\/20deb9130cb58f76b535d316fe0aa31f\"},\"headline\":\"Teen plays\",\"datePublished\":\"2021-11-11T07:43:52+00:00\",\"dateModified\":\"2024-11-16T15:21:30+00:00\",\"mainEntityOfPage\":{\"@id\":\"https:\/\/www.familinparis.fr\/en\/teen-plays\/\"},\"wordCount\":144,\"commentCount\":0,\"image\":{\"@id\":\"https:\/\/www.familinparis.fr\/en\/teen-plays\/#primaryimage\"},\"thumbnailUrl\":\"https:\/\/www.familinparis.fr\/wp-content\/uploads\/Spectacles\/theatre-PLD.jpg\",\"keywords\":[\"Evening\",\"For teens\"],\"articleSection\":[\"Shows\",\"Theater\"],\"inLanguage\":\"en-US\",\"potentialAction\":[{\"@type\":\"CommentAction\",\"name\":\"Comment\",\"target\":[\"https:\/\/www.familinparis.fr\/en\/teen-plays\/#respond\"]}]},{\"@type\":\"WebPage\",\"@id\":\"https:\/\/www.familinparis.fr\/en\/teen-plays\/\",\"url\":\"https:\/\/www.familinparis.fr\/en\/teen-plays\/\",\"name\":\"The best plays for teens right now>> From 12 years old\",\"isPartOf\":{\"@id\":\"https:\/\/www.familinparis.fr\/en\/#website\"},\"primaryImageOfPage\":{\"@id\":\"https:\/\/www.familinparis.fr\/en\/teen-plays\/#primaryimage\"},\"image\":{\"@id\":\"https:\/\/www.familinparis.fr\/en\/teen-plays\/#primaryimage\"},\"thumbnailUrl\":\"https:\/\/www.familinparis.fr\/wp-content\/uploads\/Spectacles\/theatre-PLD.jpg\",\"datePublished\":\"2021-11-11T07:43:52+00:00\",\"dateModified\":\"2024-11-16T15:21:30+00:00\",\"author\":{\"@id\":\"https:\/\/www.familinparis.fr\/en\/#\/schema\/person\/20deb9130cb58f76b535d316fe0aa31f\"},\"description\":\"A selection of plays for teenagers in Paris, from 10\/12 years old - Middle and high school theater outing\",\"breadcrumb\":{\"@id\":\"https:\/\/www.familinparis.fr\/en\/teen-plays\/#breadcrumb\"},\"inLanguage\":\"en-US\",\"potentialAction\":[{\"@type\":\"ReadAction\",\"target\":[\"https:\/\/www.familinparis.fr\/en\/teen-plays\/\"]}]},{\"@type\":\"ImageObject\",\"inLanguage\":\"en-US\",\"@id\":\"https:\/\/www.familinparis.fr\/en\/teen-plays\/#primaryimage\",\"url\":\"https:\/\/www.familinparis.fr\/wp-content\/uploads\/Spectacles\/theatre-PLD.jpg\",\"contentUrl\":\"https:\/\/www.familinparis.fr\/wp-content\/uploads\/Spectacles\/theatre-PLD.jpg\",\"width\":1920,\"height\":1256},{\"@type\":\"BreadcrumbList\",\"@id\":\"https:\/\/www.familinparis.fr\/en\/teen-plays\/#breadcrumb\",\"itemListElement\":[{\"@type\":\"ListItem\",\"position\":1,\"name\":\"Home\",\"item\":\"https:\/\/www.familinparis.fr\/en\/\"},{\"@type\":\"ListItem\",\"position\":2,\"name\":\"Exposition\",\"item\":\"https:\/\/www.familinparis.fr\/en\/categorie\/exposition-en\/\"},{\"@type\":\"ListItem\",\"position\":3,\"name\":\"Teen plays\"}]},{\"@type\":\"WebSite\",\"@id\":\"https:\/\/www.familinparis.fr\/en\/#website\",\"url\":\"https:\/\/www.familinparis.fr\/en\/\",\"name\":\"Familin&#039;Paris\",\"description\":\"Visiter le meilleur de Paris avec des enfants : sorties, spectacles, adresses de restaurants, shopping, bons plans...\",\"potentialAction\":[{\"@type\":\"SearchAction\",\"target\":{\"@type\":\"EntryPoint\",\"urlTemplate\":\"https:\/\/www.familinparis.fr\/en\/?s={search_term_string}\"},\"query-input\":{\"@type\":\"PropertyValueSpecification\",\"valueRequired\":true,\"valueName\":\"search_term_string\"}}],\"inLanguage\":\"en-US\"},{\"@type\":\"Person\",\"@id\":\"https:\/\/www.familinparis.fr\/en\/#\/schema\/person\/20deb9130cb58f76b535d316fe0aa31f\",\"name\":\"Agn\u00e8s\",\"image\":{\"@type\":\"ImageObject\",\"inLanguage\":\"en-US\",\"@id\":\"https:\/\/secure.gravatar.com\/avatar\/0ff338e2776ca662585d438b3bc140cbe7b54659207d3329065be97ffb37fa5a?s=96&d=identicon&r=g\",\"url\":\"https:\/\/secure.gravatar.com\/avatar\/0ff338e2776ca662585d438b3bc140cbe7b54659207d3329065be97ffb37fa5a?s=96&d=identicon&r=g\",\"contentUrl\":\"https:\/\/secure.gravatar.com\/avatar\/0ff338e2776ca662585d438b3bc140cbe7b54659207d3329065be97ffb37fa5a?s=96&d=identicon&r=g\",\"caption\":\"Agn\u00e8s\"}}]}<\/script>\n<!-- \/ Yoast SEO plugin. -->","yoast_head_json":{"title":"The best plays for teens right now>> From 12 years old","description":"A selection of plays for teenagers in Paris, from 10\/12 years old - Middle and high school theater outing","robots":{"index":"index","follow":"follow","max-snippet":"max-snippet:-1","max-image-preview":"max-image-preview:large","max-video-preview":"max-video-preview:-1"},"canonical":"https:\/\/www.familinparis.fr\/en\/teen-plays\/","og_locale":"en_US","og_type":"article","og_title":"The best plays for teens right now>> From 12 years old","og_description":"A selection of plays for teenagers in Paris, from 10\/12 years old - Middle and high school theater outing","og_url":"https:\/\/www.familinparis.fr\/en\/teen-plays\/","og_site_name":"Familin&#039;Paris","article_published_time":"2021-11-11T07:43:52+00:00","article_modified_time":"2024-11-16T15:21:30+00:00","og_image":[{"width":1920,"height":1256,"url":"https:\/\/www.familinparis.fr\/wp-content\/uploads\/Spectacles\/theatre-PLD.jpg","type":"image\/jpeg"}],"author":"Agn\u00e8s","twitter_card":"summary_large_image","twitter_misc":{"Written by":"Agn\u00e8s","Est. reading time":"1 minute"},"schema":{"@context":"https:\/\/schema.org","@graph":[{"@type":"Article","@id":"https:\/\/www.familinparis.fr\/en\/teen-plays\/#article","isPartOf":{"@id":"https:\/\/www.familinparis.fr\/en\/teen-plays\/"},"author":{"name":"Agn\u00e8s","@id":"https:\/\/www.familinparis.fr\/en\/#\/schema\/person\/20deb9130cb58f76b535d316fe0aa31f"},"headline":"Teen plays","datePublished":"2021-11-11T07:43:52+00:00","dateModified":"2024-11-16T15:21:30+00:00","mainEntityOfPage":{"@id":"https:\/\/www.familinparis.fr\/en\/teen-plays\/"},"wordCount":144,"commentCount":0,"image":{"@id":"https:\/\/www.familinparis.fr\/en\/teen-plays\/#primaryimage"},"thumbnailUrl":"https:\/\/www.familinparis.fr\/wp-content\/uploads\/Spectacles\/theatre-PLD.jpg","keywords":["Evening","For teens"],"articleSection":["Shows","Theater"],"inLanguage":"en-US","potentialAction":[{"@type":"CommentAction","name":"Comment","target":["https:\/\/www.familinparis.fr\/en\/teen-plays\/#respond"]}]},{"@type":"WebPage","@id":"https:\/\/www.familinparis.fr\/en\/teen-plays\/","url":"https:\/\/www.familinparis.fr\/en\/teen-plays\/","name":"The best plays for teens right now>> From 12 years old","isPartOf":{"@id":"https:\/\/www.familinparis.fr\/en\/#website"},"primaryImageOfPage":{"@id":"https:\/\/www.familinparis.fr\/en\/teen-plays\/#primaryimage"},"image":{"@id":"https:\/\/www.familinparis.fr\/en\/teen-plays\/#primaryimage"},"thumbnailUrl":"https:\/\/www.familinparis.fr\/wp-content\/uploads\/Spectacles\/theatre-PLD.jpg","datePublished":"2021-11-11T07:43:52+00:00","dateModified":"2024-11-16T15:21:30+00:00","author":{"@id":"https:\/\/www.familinparis.fr\/en\/#\/schema\/person\/20deb9130cb58f76b535d316fe0aa31f"},"description":"A selection of plays for teenagers in Paris, from 10\/12 years old - Middle and high school theater outing","breadcrumb":{"@id":"https:\/\/www.familinparis.fr\/en\/teen-plays\/#breadcrumb"},"inLanguage":"en-US","potentialAction":[{"@type":"ReadAction","target":["https:\/\/www.familinparis.fr\/en\/teen-plays\/"]}]},{"@type":"ImageObject","inLanguage":"en-US","@id":"https:\/\/www.familinparis.fr\/en\/teen-plays\/#primaryimage","url":"https:\/\/www.familinparis.fr\/wp-content\/uploads\/Spectacles\/theatre-PLD.jpg","contentUrl":"https:\/\/www.familinparis.fr\/wp-content\/uploads\/Spectacles\/theatre-PLD.jpg","width":1920,"height":1256},{"@type":"BreadcrumbList","@id":"https:\/\/www.familinparis.fr\/en\/teen-plays\/#breadcrumb","itemListElement":[{"@type":"ListItem","position":1,"name":"Home","item":"https:\/\/www.familinparis.fr\/en\/"},{"@type":"ListItem","position":2,"name":"Exposition","item":"https:\/\/www.familinparis.fr\/en\/categorie\/exposition-en\/"},{"@type":"ListItem","position":3,"name":"Teen plays"}]},{"@type":"WebSite","@id":"https:\/\/www.familinparis.fr\/en\/#website","url":"https:\/\/www.familinparis.fr\/en\/","name":"Familin&#039;Paris","description":"Visiter le meilleur de Paris avec des enfants : sorties, spectacles, adresses de restaurants, shopping, bons plans...","potentialAction":[{"@type":"SearchAction","target":{"@type":"EntryPoint","urlTemplate":"https:\/\/www.familinparis.fr\/en\/?s={search_term_string}"},"query-input":{"@type":"PropertyValueSpecification","valueRequired":true,"valueName":"search_term_string"}}],"inLanguage":"en-US"},{"@type":"Person","@id":"https:\/\/www.familinparis.fr\/en\/#\/schema\/person\/20deb9130cb58f76b535d316fe0aa31f","name":"Agn\u00e8s","image":{"@type":"ImageObject","inLanguage":"en-US","@id":"https:\/\/secure.gravatar.com\/avatar\/0ff338e2776ca662585d438b3bc140cbe7b54659207d3329065be97ffb37fa5a?s=96&d=identicon&r=g","url":"https:\/\/secure.gravatar.com\/avatar\/0ff338e2776ca662585d438b3bc140cbe7b54659207d3329065be97ffb37fa5a?s=96&d=identicon&r=g","contentUrl":"https:\/\/secure.gravatar.com\/avatar\/0ff338e2776ca662585d438b3bc140cbe7b54659207d3329065be97ffb37fa5a?s=96&d=identicon&r=g","caption":"Agn\u00e8s"}}]}},"uagb_featured_image_src":{"full":["https:\/\/www.familinparis.fr\/wp-content\/uploads\/Spectacles\/theatre-PLD.jpg",1920,1256,false],"thumbnail":["https:\/\/www.familinparis.fr\/wp-content\/uploads\/Spectacles\/theatre-PLD-150x150.jpg",150,150,true],"medium":["https:\/\/www.familinparis.fr\/wp-content\/uploads\/Spectacles\/theatre-PLD-300x196.jpg",300,196,true],"medium_large":["https:\/\/www.familinparis.fr\/wp-content\/uploads\/Spectacles\/theatre-PLD-768x502.jpg",768,502,true],"large":["https:\/\/www.familinparis.fr\/wp-content\/uploads\/Spectacles\/theatre-PLD-1024x670.jpg",770,504,true],"1536x1536":["https:\/\/www.familinparis.fr\/wp-content\/uploads\/Spectacles\/theatre-PLD-1536x1005.jpg",1536,1005,true],"2048x2048":["https:\/\/www.familinparis.fr\/wp-content\/uploads\/Spectacles\/theatre-PLD.jpg",1920,1256,false],"home-thumb":["https:\/\/www.familinparis.fr\/wp-content\/uploads\/Spectacles\/theatre-PLD-730x478.jpg",730,478,true],"home-slider":["https:\/\/www.familinparis.fr\/wp-content\/uploads\/Spectacles\/theatre-PLD-800x600.jpg",800,600,true],"lightbox-slider-size":["https:\/\/www.familinparis.fr\/wp-content\/uploads\/Spectacles\/theatre-PLD-564x282.jpg",564,282,true],"post-thumbnail":["https:\/\/www.familinparis.fr\/wp-content\/uploads\/Spectacles\/theatre-PLD-270x180.jpg",270,180,true],"cheerup-main":["https:\/\/www.familinparis.fr\/wp-content\/uploads\/Spectacles\/theatre-PLD-770x400.jpg",770,400,true],"cheerup-main-full":["https:\/\/www.familinparis.fr\/wp-content\/uploads\/Spectacles\/theatre-PLD-1170x508.jpg",1170,508,true],"cheerup-slider-alt":["https:\/\/www.familinparis.fr\/wp-content\/uploads\/Spectacles\/theatre-PLD-1170x508.jpg",1170,508,true],"cheerup-slider-trendy":["https:\/\/www.familinparis.fr\/wp-content\/uploads\/Spectacles\/theatre-PLD-960x508.jpg",960,508,true],"cheerup-slider-stylish":["https:\/\/www.familinparis.fr\/wp-content\/uploads\/Spectacles\/theatre-PLD-900x515.jpg",900,515,true],"cheerup-slider-grid":["https:\/\/www.familinparis.fr\/wp-content\/uploads\/Spectacles\/theatre-PLD-870x600.jpg",870,600,true],"cheerup-slider-grid-sm":["https:\/\/www.familinparis.fr\/wp-content\/uploads\/Spectacles\/theatre-PLD-300x300.jpg",300,300,true],"cheerup-slider-carousel":["https:\/\/www.familinparis.fr\/wp-content\/uploads\/Spectacles\/theatre-PLD-370x370.jpg",370,370,true],"cheerup-slider-grid-b":["https:\/\/www.familinparis.fr\/wp-content\/uploads\/Spectacles\/theatre-PLD-554x466.jpg",554,466,true],"cheerup-slider-grid-b-sm":["https:\/\/www.familinparis.fr\/wp-content\/uploads\/Spectacles\/theatre-PLD-306x466.jpg",306,466,true],"cheerup-slider-bold-sm":["https:\/\/www.familinparis.fr\/wp-content\/uploads\/Spectacles\/theatre-PLD-150x150.jpg",150,150,true],"cheerup-grid":["https:\/\/www.familinparis.fr\/wp-content\/uploads\/Spectacles\/theatre-PLD-370x285.jpg",370,285,true],"cheerup-carousel":["https:\/\/www.familinparis.fr\/wp-content\/uploads\/Spectacles\/theatre-PLD-270x180.jpg",270,180,true],"cheerup-carousel-b":["https:\/\/www.familinparis.fr\/wp-content\/uploads\/Spectacles\/theatre-PLD-370x285.jpg",370,285,true],"cheerup-list":["https:\/\/www.familinparis.fr\/wp-content\/uploads\/Spectacles\/theatre-PLD-260x200.jpg",260,200,true],"cheerup-list-b":["https:\/\/www.familinparis.fr\/wp-content\/uploads\/Spectacles\/theatre-PLD-370x305.jpg",370,305,true],"cheerup-thumb":["https:\/\/www.familinparis.fr\/wp-content\/uploads\/Spectacles\/theatre-PLD-87x67.jpg",87,67,true],"cheerup-thumb-alt":["https:\/\/www.familinparis.fr\/wp-content\/uploads\/Spectacles\/theatre-PLD-150x150.jpg",150,150,true]},"uagb_author_info":{"display_name":"Agn\u00e8s","author_link":"https:\/\/www.familinparis.fr\/en\/author\/agnes\/"},"uagb_comment_info":0,"uagb_excerpt":"For 12+ years old","_links":{"self":[{"href":"https:\/\/www.familinparis.fr\/en\/wp-json\/wp\/v2\/posts\/135916","targetHints":{"allow":["GET"]}}],"collection":[{"href":"https:\/\/www.familinparis.fr\/en\/wp-json\/wp\/v2\/posts"}],"about":[{"href":"https:\/\/www.familinparis.fr\/en\/wp-json\/wp\/v2\/types\/post"}],"author":[{"embeddable":true,"href":"https:\/\/www.familinparis.fr\/en\/wp-json\/wp\/v2\/users\/6"}],"replies":[{"embeddable":true,"href":"https:\/\/www.familinparis.fr\/en\/wp-json\/wp\/v2\/comments?post=135916"}],"version-history":[{"count":0,"href":"https:\/\/www.familinparis.fr\/en\/wp-json\/wp\/v2\/posts\/135916\/revisions"}],"wp:featuredmedia":[{"embeddable":true,"href":"https:\/\/www.familinparis.fr\/en\/wp-json\/wp\/v2\/media\/131095"}],"wp:attachment":[{"href":"https:\/\/www.familinparis.fr\/en\/wp-json\/wp\/v2\/media?parent=135916"}],"wp:term":[{"taxonomy":"category","embeddable":true,"href":"https:\/\/www.familinparis.fr\/en\/wp-json\/wp\/v2\/categories?post=135916"},{"taxonomy":"post_tag","embeddable":true,"href":"https:\/\/www.familinparis.fr\/en\/wp-json\/wp\/v2\/tags?post=135916"}],"curies":[{"name":"wp","href":"https:\/\/api.w.org\/{rel}","templated":true}]}}