{"id":135867,"date":"2021-10-28T10:09:38","date_gmt":"2021-10-28T08:09:38","guid":{"rendered":"https:\/\/www.familinparis.fr\/the-castle-of-pierrefonds\/"},"modified":"2024-11-16T17:21:15","modified_gmt":"2024-11-16T15:21:15","slug":"the-castle-of-pierrefonds","status":"publish","type":"post","link":"https:\/\/www.familinparis.fr\/en\/the-castle-of-pierrefonds\/","title":{"rendered":"The castle of Pierrefonds"},"content":{"rendered":"<div class=\"lazyblock-baseline-1q9z9i wp-block-lazyblock-baseline\"><div class=\"baseline\">A medieval castle built by the architect Viollet-le-Duc<\/div><\/div><div class=\"lazyblock-infos-pratiques-ZYsfhv wp-block-lazyblock-infos-pratiques\"><div class=\"read-more go-to\" data-goto=\"infos-sup\">\n  <a href=\"#\">\n    <span class=\"rien\">\n      <i class=\"fa fa-map-marker\"><\/i> See practical information    <\/span>\n  <\/a>\n<\/div><\/div>\n<div style=\"height:20px\" aria-hidden=\"true\" class=\"wp-block-spacer\"><\/div>\n\n<div class=\"wp-block-buttons is-horizontal is-content-justification-center is-layout-flex wp-container-core-buttons-is-layout-499968f5 wp-block-buttons-is-layout-flex\">\n<div class=\"wp-block-button\"><a class=\"wp-block-button__link has-white-color has-text-color has-background wp-element-button\" href=\"https:\/\/www.tiqets.com\/fr\/checkout\/billets-pour-chateau-de-pierrefonds-entree-rapide-p976031\/booking_details\/?partner=Familinparis&amp;tq_campaign=bouton-chateau-pierrefonds\" style=\"border-radius:1px;background-color:#db384b\" target=\"_blank\" rel=\"noreferrer noopener\">I buy my tickets for the Ch\u00e2teau de Pierrefonds<br\/>(free for under 18s and under 26s EU residents)<\/a><\/div>\n<\/div>\n\n<div style=\"height:33px\" aria-hidden=\"true\" class=\"wp-block-spacer\"><\/div>\n<div class=\"wp-block-image\">\n<figure class=\"aligncenter size-large\"><img decoding=\"async\" width=\"1024\" height=\"768\" src=\"https:\/\/www.familinparis.fr\/wp-content\/uploads\/Chateaux\/pierrefonds\/le-chateau-de-pierrefonds-60-PLD-1024x768.jpg\" alt=\"the castle of Pierrefonds\" class=\"wp-image-73204\" srcset=\"https:\/\/www.familinparis.fr\/wp-content\/uploads\/Chateaux\/pierrefonds\/le-chateau-de-pierrefonds-60-PLD-1024x768.jpg 1024w, https:\/\/www.familinparis.fr\/wp-content\/uploads\/Chateaux\/pierrefonds\/le-chateau-de-pierrefonds-60-PLD-300x225.jpg 300w, https:\/\/www.familinparis.fr\/wp-content\/uploads\/Chateaux\/pierrefonds\/le-chateau-de-pierrefonds-60-PLD-768x576.jpg 768w, https:\/\/www.familinparis.fr\/wp-content\/uploads\/Chateaux\/pierrefonds\/le-chateau-de-pierrefonds-60-PLD-1536x1152.jpg 1536w, https:\/\/www.familinparis.fr\/wp-content\/uploads\/Chateaux\/pierrefonds\/le-chateau-de-pierrefonds-60-PLD-16x12.jpg 16w, https:\/\/www.familinparis.fr\/wp-content\/uploads\/Chateaux\/pierrefonds\/le-chateau-de-pierrefonds-60-PLD-730x548.jpg 730w, https:\/\/www.familinparis.fr\/wp-content\/uploads\/Chateaux\/pierrefonds\/le-chateau-de-pierrefonds-60-PLD-800x600.jpg 800w\" sizes=\"(max-width: 1024px) 100vw, 1024px\" \/><\/figure>\n<\/div>\n<div style=\"height:40px\" aria-hidden=\"true\" class=\"wp-block-spacer\"><\/div>\n\n<div class=\"wp-block-getwid-section getwid-section-content-full-width\"><div class=\"wp-block-getwid-section__wrapper\"><div class=\"wp-block-getwid-section__inner-wrapper\"><div class=\"wp-block-getwid-section__background-holder\"><div class=\"wp-block-getwid-section__background has-background\" style=\"background-color:#dbe3e3\"><\/div><div class=\"wp-block-getwid-section__foreground\"><\/div><\/div><div class=\"wp-block-getwid-section__content\"><div class=\"wp-block-getwid-section__inner-content\">\n<div class=\"wp-block-columns is-layout-flex wp-container-core-columns-is-layout-9d6595d7 wp-block-columns-is-layout-flex\">\n<div class=\"wp-block-column is-layout-flow wp-block-column-is-layout-flow\" style=\"flex-basis:66.66%\">\n<h2 class=\"wp-block-heading h2-orange\">The castle of Pierrefonds<\/h2>\n\n\n\n<p>It was built at the end of the fourteenth century by Duke Louis of Orl\u00e9ans, then dismantled in the seventeenth. All that remained were the ramparts. Napoleon 1st bought it back. And it was Napoleon III who entrusted the architect Eug\u00e8ne Viollet-le-Duc with the reconstruction of this ruined castle. It is a castle reinvented by Viollet-le-Duc, in a Gothic style, which will make it an ideal castle as it would have existed in the Middle Ages.    <\/p>\n\n\n\n<h3 class=\"wp-block-heading\">The visit of the Ch\u00e2teau de Pierrefonds:<\/h3>\n\n\n\n<ul class=\"wp-block-list\">\n<li>This castle is <strong>a castle-museum<\/strong>. This was the wish of Napoleon III <\/li>\n\n\n\n<li>It is <strong>a polychrome castle<\/strong>, the colour is still very present (friezes, ornamental details, frescoes&#8230;)<\/li>\n\n\n\n<li><strong>Outside the castle<\/strong> : double ramparts, loopholes, machicolations, watchtowers (stone sentry box at the corners of the castles, bastions, to keep an eye on), the keep and the eight towers of the castle<\/li>\n\n\n\n<li><strong>Inside the castle<\/strong> : painted and sculpted decorations, gargoyles, a walkway, the basement which houses tombs, furniture, armory&#8230;<\/li>\n\n\n\n<li><strong>In the keep<\/strong>, you will see furniture designed by Viollet-le-Duc<\/li>\n\n\n\n<li>Be careful: it takes about 20 minutes to walk to reach the entrance of the castle<\/li>\n<\/ul>\n\n\n\n<h3 class=\"wp-block-heading\">The visit with children:<\/h3>\n\n\n\n<ul class=\"wp-block-list\">\n<li>Children love the Middle Ages and the stories of knights and princesses&#8230; The Ch\u00e2teau de Pierrefonds will please them!<\/li>\n\n\n\n<li>Remember to <a href=\"http:\/\/www.chateau-pierrefonds.fr\/Explorer\/Livret-enfant\" rel=\"noreferrer noopener\" target=\"_blank\">download the children&#8217;s booklet<\/a> before your visit<\/li>\n<\/ul>\n<\/div>\n\n\n\n<div class=\"wp-block-column is-layout-flow wp-block-column-is-layout-flow\" style=\"flex-basis:33.33%\">\n<p class=\"has-text-align-center\">Free for EU residents under 18 and under 26  <\/p>\n\n\n\n<div class=\"t-center\"><div data-tiqets-widget=\"availability\" data-product-id=\"976031\" data-partner=\"Familinparis\" data-tq-campaign=\"dispo-pierrefonds\" data-layout=\"full\"><\/div><\/div>\n<\/div>\n<\/div>\n<\/div><\/div><\/div><\/div><\/div>\n\n<div style=\"height:53px\" aria-hidden=\"true\" class=\"wp-block-spacer\"><\/div>\n\n<figure class=\"wp-block-embed is-type-video is-provider-youtube wp-block-embed-youtube wp-embed-aspect-16-9 wp-has-aspect-ratio\"><div class=\"wp-block-embed__wrapper\"> \n<iframe title=\"Vol au-dessus du ch\u00e2teau de Pierrefonds\" width=\"770\" height=\"433\" src=\"https:\/\/www.youtube.com\/embed\/WHJL8JpZGJo?feature=oembed\" frameborder=\"0\" allow=\"accelerometer; autoplay; clipboard-write; encrypted-media; gyroscope; picture-in-picture; web-share\" referrerpolicy=\"strict-origin-when-cross-origin\" allowfullscreen><\/iframe>\n <\/div><\/figure>\n\n<div style=\"height:45px\" aria-hidden=\"true\" class=\"wp-block-spacer\"><\/div>\n<div class=\"wp-block-uagb-faq uagb-faq__outer-wrap uagb-block-6a811fbd uagb-faq-icon-row uagb-faq-layout-accordion uagb-faq-expand-first-false uagb-faq-inactive-other-true uagb-faq__wrap uagb-buttons-layout-wrap uagb-faq-equal-height     \" data-faqtoggle=\"true\" role=\"tablist\"><div class=\"wp-block-uagb-faq-child uagb-faq-child__outer-wrap uagb-faq-item uagb-block-baf106cb \" role=\"tab\" tabindex=\"0\"><div class=\"uagb-faq-questions-button uagb-faq-questions\">\t\t\t<span class=\"uagb-icon uagb-faq-icon-wrap\">\n\t\t\t\t\t\t\t\t<svg xmlns=\"https:\/\/www.w3.org\/2000\/svg\" viewBox= \"0 0 448 512\"><path d=\"M432 256c0 17.69-14.33 32.01-32 32.01H256v144c0 17.69-14.33 31.99-32 31.99s-32-14.3-32-31.99v-144H48c-17.67 0-32-14.32-32-32.01s14.33-31.99 32-31.99H192v-144c0-17.69 14.33-32.01 32-32.01s32 14.32 32 32.01v144h144C417.7 224 432 238.3 432 256z\"><\/path><\/svg>\n\t\t\t\t\t\t\t<\/span>\n\t\t\t\t\t\t<span class=\"uagb-icon-active uagb-faq-icon-wrap\">\n\t\t\t\t\t\t\t\t<svg xmlns=\"https:\/\/www.w3.org\/2000\/svg\" viewBox= \"0 0 448 512\"><path d=\"M400 288h-352c-17.69 0-32-14.32-32-32.01s14.31-31.99 32-31.99h352c17.69 0 32 14.3 32 31.99S417.7 288 400 288z\"><\/path><\/svg>\n\t\t\t\t\t\t\t<\/span>\n\t\t\t<span class=\"uagb-question\">How to get to the Ch\u00e2teau de Pierrefonds?<\/span><\/div><div class=\"uagb-faq-content\"><p>&#8211; <strong>From Paris<\/strong> : Take the A1, exit 9, then the D 200 towards Compi\u00e8gne and then the D 973<br>&#8211; <strong>From Lille<\/strong> : take the A1, exit 11, then the D 935 to Compi\u00e8gne and the D 973<br>&#8211; <strong>From Reims<\/strong> : take the N 31 towards Compi\u00e8gne then the D 335<br><strong>&#8211; From Rouen<\/strong> : take the N 31 to Compi\u00e8gne, then the D 973<br>&#8211; Free parking on rue Sabatier, 10 minutes from the castle<br>&#8211; Drop-off on the esplanade for people with reduced mobility (2 parking spaces for people with reduced mobility on the esplanade)<\/p><\/div><\/div><div class=\"wp-block-uagb-faq-child uagb-faq-child__outer-wrap uagb-faq-item uagb-block-bab5e5e9 \" role=\"tab\" tabindex=\"0\"><div class=\"uagb-faq-questions-button uagb-faq-questions\">\t\t\t<span class=\"uagb-icon uagb-faq-icon-wrap\">\n\t\t\t\t\t\t\t\t<svg xmlns=\"https:\/\/www.w3.org\/2000\/svg\" viewBox= \"0 0 448 512\"><path d=\"M432 256c0 17.69-14.33 32.01-32 32.01H256v144c0 17.69-14.33 31.99-32 31.99s-32-14.3-32-31.99v-144H48c-17.67 0-32-14.32-32-32.01s14.33-31.99 32-31.99H192v-144c0-17.69 14.33-32.01 32-32.01s32 14.32 32 32.01v144h144C417.7 224 432 238.3 432 256z\"><\/path><\/svg>\n\t\t\t\t\t\t\t<\/span>\n\t\t\t\t\t\t<span class=\"uagb-icon-active uagb-faq-icon-wrap\">\n\t\t\t\t\t\t\t\t<svg xmlns=\"https:\/\/www.w3.org\/2000\/svg\" viewBox= \"0 0 448 512\"><path d=\"M400 288h-352c-17.69 0-32-14.32-32-32.01s14.31-31.99 32-31.99h352c17.69 0 32 14.3 32 31.99S417.7 288 400 288z\"><\/path><\/svg>\n\t\t\t\t\t\t\t<\/span>\n\t\t\t<span class=\"uagb-question\">What films were shot at the Ch\u00e2teau de Pierrefonds?<\/span><\/div><div class=\"uagb-faq-content\"><p>Many films have been shot in Pierrefonds: &#8220;Joan of Arc&#8221; by Luc Besson, &#8220;The Visitors 2&#8221; with Christian Clavier, the successful English series &#8220;Merlin&#8221; by the BBC, &#8220;The Man in the Iron Mask&#8221; with Leonardo di Caprio. Also the film &#8220;Donkey Skin&#8221; in 1970 or &#8220;Grandpa Makes Resistance&#8221;, a film by Jean Poir\u00e9 <\/p><\/div><\/div><\/div>\n<div style=\"height:51px\" aria-hidden=\"true\" class=\"wp-block-spacer\"><\/div>\n\n<h2 class=\"wp-block-heading has-text-align-center\">Cheap outings<br\/>(-10\u20ac the price of the adult ticket)<\/h2>\n\n\t\t\t<div class=\"wp-block-uagb-post-grid uagb-post-grid  uagb-post__image-position-top uagb-post__image-enabled uagb-block-05bc48a8     uagb-post__items uagb-post__columns-5 is-grid uagb-post__columns-tablet-2 uagb-post__columns-mobile-1 uagb-post__equal-height\" data-total=\"4\" style=\"\">\n\n\t\t\t\t\t\t\t\t\t\t\t\t<article class=\"uagb-post__inner-wrap\">\t\t\t\t\t\t\t\t<div class='uagb-post__image'>\n\t\t\t\t\t\t\t\t\t<a href=\"https:\/\/www.familinparis.fr\/en\/bread-and-animal-workshop-at-the-saint-denis-farm\/\" target=\"_self\" rel=\"bookmark noopener noreferrer\" class='uagb-image-ratio-inherit'><img decoding=\"async\" width=\"270\" height=\"180\" src=\"https:\/\/www.familinparis.fr\/wp-content\/uploads\/Animaux\/ferme\/ferme-pedagogique-mouton-270x180.jpg\" class=\"attachment-cheerup-carousel size-cheerup-carousel\" alt=\"\" srcset=\"https:\/\/www.familinparis.fr\/wp-content\/uploads\/Animaux\/ferme\/ferme-pedagogique-mouton-270x180.jpg 270w, https:\/\/www.familinparis.fr\/wp-content\/uploads\/Animaux\/ferme\/ferme-pedagogique-mouton-300x199.jpg 300w, https:\/\/www.familinparis.fr\/wp-content\/uploads\/Animaux\/ferme\/ferme-pedagogique-mouton-1024x679.jpg 1024w, https:\/\/www.familinparis.fr\/wp-content\/uploads\/Animaux\/ferme\/ferme-pedagogique-mouton-16x12.jpg 16w, https:\/\/www.familinparis.fr\/wp-content\/uploads\/Animaux\/ferme\/ferme-pedagogique-mouton-730x484.jpg 730w, https:\/\/www.familinparis.fr\/wp-content\/uploads\/Animaux\/ferme\/ferme-pedagogique-mouton.jpg 1500w\" sizes=\"(max-width: 270px) 100vw, 270px\" \/>\t\t\t\t\t<\/a>\n\t\t\t\t\t\t\t<\/div>\n\t\t\t\t\t\t<h4 class=\"uagb-post__title uagb-post__text\">\n\t\t\t\t<a href=\"https:\/\/www.familinparis.fr\/en\/bread-and-animal-workshop-at-the-saint-denis-farm\/\" target=\"_self\" rel=\"bookmark noopener noreferrer\">Bread and Animals Workshop, at the Open Farm of Saint-Denis<\/a>\n\t\t\t<\/h4>\n\t\t\t\t\t\t<div class='uagb-post__text uagb-post-grid-byline'>\n\t\t\t\t\t\t\t<\/div>\n\t\t\t\n\t\t\t\t\t\t\t\t\t<\/article>\n\t\t\t\t\t\t\t\t\t\t\t\t\t\t\t\t<article class=\"uagb-post__inner-wrap\">\t\t\t\t\t\t\t\t<div class='uagb-post__image'>\n\t\t\t\t\t\t\t\t\t<a href=\"https:\/\/www.familinparis.fr\/en\/malowe-nature-the-educational-farm\/\" target=\"_self\" rel=\"bookmark noopener noreferrer\" class='uagb-image-ratio-inherit'><img decoding=\"async\" width=\"270\" height=\"180\" src=\"https:\/\/www.familinparis.fr\/wp-content\/uploads\/Animaux\/Malowe-Nature\/enfants-270x180.jpg\" class=\"attachment-cheerup-carousel size-cheerup-carousel\" alt=\"\" srcset=\"https:\/\/www.familinparis.fr\/wp-content\/uploads\/Animaux\/Malowe-Nature\/enfants-270x180.jpg 270w, https:\/\/www.familinparis.fr\/wp-content\/uploads\/Animaux\/Malowe-Nature\/enfants-300x200.jpg 300w, https:\/\/www.familinparis.fr\/wp-content\/uploads\/Animaux\/Malowe-Nature\/enfants-768x511.jpg 768w, https:\/\/www.familinparis.fr\/wp-content\/uploads\/Animaux\/Malowe-Nature\/enfants-18x12.jpg 18w, https:\/\/www.familinparis.fr\/wp-content\/uploads\/Animaux\/Malowe-Nature\/enfants-730x486.jpg 730w, https:\/\/www.familinparis.fr\/wp-content\/uploads\/Animaux\/Malowe-Nature\/enfants.jpg 1000w\" sizes=\"(max-width: 270px) 100vw, 270px\" \/>\t\t\t\t\t<\/a>\n\t\t\t\t\t\t\t<\/div>\n\t\t\t\t\t\t<h4 class=\"uagb-post__title uagb-post__text\">\n\t\t\t\t<a href=\"https:\/\/www.familinparis.fr\/en\/malowe-nature-the-educational-farm\/\" target=\"_self\" rel=\"bookmark noopener noreferrer\">Malowe Nature, the educational farm<\/a>\n\t\t\t<\/h4>\n\t\t\t\t\t\t<div class='uagb-post__text uagb-post-grid-byline'>\n\t\t\t\t\t\t\t<\/div>\n\t\t\t\n\t\t\t\t\t\t\t\t\t<\/article>\n\t\t\t\t\t\t\t\t\t\t\t\t\t\t\t\t<article class=\"uagb-post__inner-wrap\">\t\t\t\t\t\t\t\t<div class='uagb-post__image'>\n\t\t\t\t\t\t\t\t\t<a href=\"https:\/\/www.familinparis.fr\/en\/the-cite-des-bebe-lab\/\" target=\"_self\" rel=\"bookmark noopener noreferrer\" class='uagb-image-ratio-inherit'><img decoding=\"async\" width=\"270\" height=\"180\" src=\"https:\/\/www.familinparis.fr\/wp-content\/uploads\/2022\/02\/la-cite-des-bebes-270x180.png\" class=\"attachment-cheerup-carousel size-cheerup-carousel\" alt=\"La cit\u00e9 des b\u00e9b\u00e9s\" \/>\t\t\t\t\t<\/a>\n\t\t\t\t\t\t\t<\/div>\n\t\t\t\t\t\t<h4 class=\"uagb-post__title uagb-post__text\">\n\t\t\t\t<a href=\"https:\/\/www.familinparis.fr\/en\/the-cite-des-bebe-lab\/\" target=\"_self\" rel=\"bookmark noopener noreferrer\">The Cit\u00e9 des B\u00e9b\u00e9 Lab<\/a>\n\t\t\t<\/h4>\n\t\t\t\t\t\t<div class='uagb-post__text uagb-post-grid-byline'>\n\t\t\t\t\t\t\t<\/div>\n\t\t\t\n\t\t\t\t\t\t\t\t\t<\/article>\n\t\t\t\t\t\t\t\t\t\t\t\t\t\t\t\t<article class=\"uagb-post__inner-wrap\">\t\t\t\t\t\t\t\t<div class='uagb-post__image'>\n\t\t\t\t\t\t\t\t\t<a href=\"https:\/\/www.familinparis.fr\/en\/the-open-farm-of-saint-denis\/\" target=\"_self\" rel=\"bookmark noopener noreferrer\" class='uagb-image-ratio-inherit'><img decoding=\"async\" width=\"270\" height=\"180\" src=\"https:\/\/www.familinparis.fr\/wp-content\/uploads\/LOISIRS\/fermes\/ferme-pedagogique-poussin-270x180.jpg\" class=\"attachment-cheerup-carousel size-cheerup-carousel\" alt=\"\" srcset=\"https:\/\/www.familinparis.fr\/wp-content\/uploads\/LOISIRS\/fermes\/ferme-pedagogique-poussin-270x180.jpg 270w, https:\/\/www.familinparis.fr\/wp-content\/uploads\/LOISIRS\/fermes\/ferme-pedagogique-poussin-300x200.jpg 300w, https:\/\/www.familinparis.fr\/wp-content\/uploads\/LOISIRS\/fermes\/ferme-pedagogique-poussin-1024x683.jpg 1024w, https:\/\/www.familinparis.fr\/wp-content\/uploads\/LOISIRS\/fermes\/ferme-pedagogique-poussin-16x12.jpg 16w, https:\/\/www.familinparis.fr\/wp-content\/uploads\/LOISIRS\/fermes\/ferme-pedagogique-poussin-730x487.jpg 730w, https:\/\/www.familinparis.fr\/wp-content\/uploads\/LOISIRS\/fermes\/ferme-pedagogique-poussin.jpg 1500w\" sizes=\"(max-width: 270px) 100vw, 270px\" \/>\t\t\t\t\t<\/a>\n\t\t\t\t\t\t\t<\/div>\n\t\t\t\t\t\t<h4 class=\"uagb-post__title uagb-post__text\">\n\t\t\t\t<a href=\"https:\/\/www.familinparis.fr\/en\/the-open-farm-of-saint-denis\/\" target=\"_self\" rel=\"bookmark noopener noreferrer\">The open farm of Saint-Denis<\/a>\n\t\t\t<\/h4>\n\t\t\t\t\t\t<div class='uagb-post__text uagb-post-grid-byline'>\n\t\t\t\t\t\t\t<\/div>\n\t\t\t\n\t\t\t\t\t\t\t\t\t<\/article>\n\t\t\t\t\t\t\t\t\t\t\t\t\t\t\t\t<article class=\"uagb-post__inner-wrap\">\t\t\t\t\t\t\t\t<div class='uagb-post__image'>\n\t\t\t\t\t\t\t\t\t<a href=\"https:\/\/www.familinparis.fr\/en\/the-gally-farm-saint-cyr-lecole\/\" target=\"_self\" rel=\"bookmark noopener noreferrer\" class='uagb-image-ratio-inherit'><img decoding=\"async\" width=\"270\" height=\"180\" src=\"https:\/\/www.familinparis.fr\/wp-content\/uploads\/LOISIRS\/fermes\/ferme-pedagogique-poussin-270x180.jpg\" class=\"attachment-cheerup-carousel size-cheerup-carousel\" alt=\"\" srcset=\"https:\/\/www.familinparis.fr\/wp-content\/uploads\/LOISIRS\/fermes\/ferme-pedagogique-poussin-270x180.jpg 270w, https:\/\/www.familinparis.fr\/wp-content\/uploads\/LOISIRS\/fermes\/ferme-pedagogique-poussin-300x200.jpg 300w, https:\/\/www.familinparis.fr\/wp-content\/uploads\/LOISIRS\/fermes\/ferme-pedagogique-poussin-1024x683.jpg 1024w, https:\/\/www.familinparis.fr\/wp-content\/uploads\/LOISIRS\/fermes\/ferme-pedagogique-poussin-16x12.jpg 16w, https:\/\/www.familinparis.fr\/wp-content\/uploads\/LOISIRS\/fermes\/ferme-pedagogique-poussin-730x487.jpg 730w, https:\/\/www.familinparis.fr\/wp-content\/uploads\/LOISIRS\/fermes\/ferme-pedagogique-poussin.jpg 1500w\" sizes=\"(max-width: 270px) 100vw, 270px\" \/>\t\t\t\t\t<\/a>\n\t\t\t\t\t\t\t<\/div>\n\t\t\t\t\t\t<h4 class=\"uagb-post__title uagb-post__text\">\n\t\t\t\t<a href=\"https:\/\/www.familinparis.fr\/en\/the-gally-farm-saint-cyr-lecole\/\" target=\"_self\" rel=\"bookmark noopener noreferrer\">The Gally farm (Saint-Cyr-l&#8217;\u00e9cole)<\/a>\n\t\t\t<\/h4>\n\t\t\t\t\t\t<div class='uagb-post__text uagb-post-grid-byline'>\n\t\t\t\t\t\t\t<\/div>\n\t\t\t\n\t\t\t\t\t\t\t\t\t<\/article>\n\t\t\t\t\t\t\t\t\t\t\t\t\t\t\t\t<article class=\"uagb-post__inner-wrap\">\t\t\t\t\t\t\t\t<div class='uagb-post__image'>\n\t\t\t\t\t\t\t\t\t<a href=\"https:\/\/www.familinparis.fr\/en\/the-national-sheepfold-of-rambouillet\/\" target=\"_self\" rel=\"bookmark noopener noreferrer\" class='uagb-image-ratio-inherit'><img decoding=\"async\" width=\"270\" height=\"180\" src=\"https:\/\/www.familinparis.fr\/wp-content\/uploads\/LOISIRS\/fermes\/ferme-pedagogique-mouton-270x180.jpg\" class=\"attachment-cheerup-carousel size-cheerup-carousel\" alt=\"\" srcset=\"https:\/\/www.familinparis.fr\/wp-content\/uploads\/LOISIRS\/fermes\/ferme-pedagogique-mouton-270x180.jpg 270w, https:\/\/www.familinparis.fr\/wp-content\/uploads\/LOISIRS\/fermes\/ferme-pedagogique-mouton-300x200.jpg 300w, https:\/\/www.familinparis.fr\/wp-content\/uploads\/LOISIRS\/fermes\/ferme-pedagogique-mouton-1024x682.jpg 1024w, https:\/\/www.familinparis.fr\/wp-content\/uploads\/LOISIRS\/fermes\/ferme-pedagogique-mouton-16x12.jpg 16w, https:\/\/www.familinparis.fr\/wp-content\/uploads\/LOISIRS\/fermes\/ferme-pedagogique-mouton-730x486.jpg 730w, https:\/\/www.familinparis.fr\/wp-content\/uploads\/LOISIRS\/fermes\/ferme-pedagogique-mouton.jpg 1500w\" sizes=\"(max-width: 270px) 100vw, 270px\" \/>\t\t\t\t\t<\/a>\n\t\t\t\t\t\t\t<\/div>\n\t\t\t\t\t\t<h4 class=\"uagb-post__title uagb-post__text\">\n\t\t\t\t<a href=\"https:\/\/www.familinparis.fr\/en\/the-national-sheepfold-of-rambouillet\/\" target=\"_self\" rel=\"bookmark noopener noreferrer\">The national sheepfold of Rambouillet<\/a>\n\t\t\t<\/h4>\n\t\t\t\t\t\t<div class='uagb-post__text uagb-post-grid-byline'>\n\t\t\t\t\t\t\t<\/div>\n\t\t\t\n\t\t\t\t\t\t\t\t\t<\/article>\n\t\t\t\t\t\t\t\t\t\t\t\t\t\t\t\t<article class=\"uagb-post__inner-wrap\">\t\t\t\t\t\t\t\t<div class='uagb-post__image'>\n\t\t\t\t\t\t\t\t\t<a href=\"https:\/\/www.familinparis.fr\/en\/the-gally-farm-sartrouville\/\" target=\"_self\" rel=\"bookmark noopener noreferrer\" class='uagb-image-ratio-inherit'><img decoding=\"async\" width=\"270\" height=\"180\" src=\"https:\/\/www.familinparis.fr\/wp-content\/uploads\/2024\/09\/atelier-citruille-halloween-270x180.jpg\" class=\"attachment-cheerup-carousel size-cheerup-carousel\" alt=\"\" srcset=\"https:\/\/www.familinparis.fr\/wp-content\/uploads\/2024\/09\/atelier-citruille-halloween-270x180.jpg 270w, https:\/\/www.familinparis.fr\/wp-content\/uploads\/2024\/09\/atelier-citruille-halloween-300x200.jpg 300w, https:\/\/www.familinparis.fr\/wp-content\/uploads\/2024\/09\/atelier-citruille-halloween-1024x682.jpg 1024w, https:\/\/www.familinparis.fr\/wp-content\/uploads\/2024\/09\/atelier-citruille-halloween-768x512.jpg 768w, https:\/\/www.familinparis.fr\/wp-content\/uploads\/2024\/09\/atelier-citruille-halloween-18x12.jpg 18w, https:\/\/www.familinparis.fr\/wp-content\/uploads\/2024\/09\/atelier-citruille-halloween-730x486.jpg 730w, https:\/\/www.familinparis.fr\/wp-content\/uploads\/2024\/09\/atelier-citruille-halloween.jpg 1280w\" sizes=\"(max-width: 270px) 100vw, 270px\" \/>\t\t\t\t\t<\/a>\n\t\t\t\t\t\t\t<\/div>\n\t\t\t\t\t\t<h4 class=\"uagb-post__title uagb-post__text\">\n\t\t\t\t<a href=\"https:\/\/www.familinparis.fr\/en\/the-gally-farm-sartrouville\/\" target=\"_self\" rel=\"bookmark noopener noreferrer\">The Gally farm &#8211; Sartrouville<\/a>\n\t\t\t<\/h4>\n\t\t\t\t\t\t<div class='uagb-post__text uagb-post-grid-byline'>\n\t\t\t\t\t\t\t<\/div>\n\t\t\t\n\t\t\t\t\t\t\t\t\t<\/article>\n\t\t\t\t\t\t\t\t\t\t\t\t\t\t\t\t<article class=\"uagb-post__inner-wrap\">\t\t\t\t\t\t\t\t<div class='uagb-post__image'>\n\t\t\t\t\t\t\t\t\t<a href=\"https:\/\/www.familinparis.fr\/en\/rainbow-urban-farm\/\" target=\"_self\" rel=\"bookmark noopener noreferrer\" class='uagb-image-ratio-inherit'><img decoding=\"async\" width=\"270\" height=\"180\" src=\"https:\/\/www.familinparis.fr\/wp-content\/uploads\/LOISIRS\/fermes\/chevres-ferme-urbaine-270x180.jpg\" class=\"attachment-cheerup-carousel size-cheerup-carousel\" alt=\"\" srcset=\"https:\/\/www.familinparis.fr\/wp-content\/uploads\/LOISIRS\/fermes\/chevres-ferme-urbaine-270x180.jpg 270w, https:\/\/www.familinparis.fr\/wp-content\/uploads\/LOISIRS\/fermes\/chevres-ferme-urbaine-16x10.jpg 16w\" sizes=\"(max-width: 270px) 100vw, 270px\" \/>\t\t\t\t\t<\/a>\n\t\t\t\t\t\t\t<\/div>\n\t\t\t\t\t\t<h4 class=\"uagb-post__title uagb-post__text\">\n\t\t\t\t<a href=\"https:\/\/www.familinparis.fr\/en\/rainbow-urban-farm\/\" target=\"_self\" rel=\"bookmark noopener noreferrer\">Rainbow Urban Farm<\/a>\n\t\t\t<\/h4>\n\t\t\t\t\t\t<div class='uagb-post__text uagb-post-grid-byline'>\n\t\t\t\t\t\t\t<\/div>\n\t\t\t\n\t\t\t\t\t\t\t\t\t<\/article>\n\t\t\t\t\t\t\t\t\t\t\t\t\t\t\t\t<article class=\"uagb-post__inner-wrap\">\t\t\t\t\t\t\t\t<div class='uagb-post__image'>\n\t\t\t\t\t\t\t\t\t<a href=\"https:\/\/www.familinparis.fr\/en\/the-sparks-of-the-palais-de-la-decouverte\/\" target=\"_self\" rel=\"bookmark noopener noreferrer\" class='uagb-image-ratio-inherit'><img decoding=\"async\" width=\"270\" height=\"180\" src=\"https:\/\/www.familinparis.fr\/wp-content\/uploads\/2024\/03\/longue-vue-270x180.jpg\" class=\"attachment-cheerup-carousel size-cheerup-carousel\" alt=\"\" \/>\t\t\t\t\t<\/a>\n\t\t\t\t\t\t\t<\/div>\n\t\t\t\t\t\t<h4 class=\"uagb-post__title uagb-post__text\">\n\t\t\t\t<a href=\"https:\/\/www.familinparis.fr\/en\/the-sparks-of-the-palais-de-la-decouverte\/\" target=\"_self\" rel=\"bookmark noopener noreferrer\">The Sparks of the Palais de la d\u00e9couverte<\/a>\n\t\t\t<\/h4>\n\t\t\t\t\t\t<div class='uagb-post__text uagb-post-grid-byline'>\n\t\t\t\t\t\t\t<\/div>\n\t\t\t\n\t\t\t\t\t\t\t\t\t<\/article>\n\t\t\t\t\t\t\t\t\t\t\t\t\t\t\t\t<article class=\"uagb-post__inner-wrap\">\t\t\t\t\t\t\t\t<div class='uagb-post__image'>\n\t\t\t\t\t\t\t\t\t<a href=\"https:\/\/www.familinparis.fr\/en\/the-postal-museum\/\" target=\"_self\" rel=\"bookmark noopener noreferrer\" class='uagb-image-ratio-inherit'><img decoding=\"async\" width=\"270\" height=\"180\" src=\"https:\/\/www.familinparis.fr\/wp-content\/uploads\/photos-partenaires\/musee-de-la-poste-\u00a9Thierry-Debonnaire-270x180.jpg\" class=\"attachment-cheerup-carousel size-cheerup-carousel\" alt=\"\" \/>\t\t\t\t\t<\/a>\n\t\t\t\t\t\t\t<\/div>\n\t\t\t\t\t\t<h4 class=\"uagb-post__title uagb-post__text\">\n\t\t\t\t<a href=\"https:\/\/www.familinparis.fr\/en\/the-postal-museum\/\" target=\"_self\" rel=\"bookmark noopener noreferrer\">The Postal Museum<\/a>\n\t\t\t<\/h4>\n\t\t\t\t\t\t<div class='uagb-post__text uagb-post-grid-byline'>\n\t\t\t\t\t\t\t<\/div>\n\t\t\t\n\t\t\t\t\t\t\t\t\t<\/article>\n\t\t\t\t\t\t\t\t\t\t\t<\/div>\n\t\t\t\n<div style=\"height:44px\" aria-hidden=\"true\" class=\"wp-block-spacer\"><\/div>\n","protected":false},"excerpt":{"rendered":"<p>Cheap outings(-10\u20ac the price of the adult ticket)<\/p>\n","protected":false},"author":6,"featured_media":131049,"comment_status":"open","ping_status":"open","sticky":false,"template":"","format":"standard","meta":{"_uag_custom_page_level_css":"","footnotes":""},"categories":[1332,1192],"tags":[284,1226,1206,1183,1404,562,1461,1512,1077],"class_list":{"0":"post-135867","1":"post","2":"type-post","3":"status-publish","4":"format-standard","5":"has-post-thumbnail","7":"category-castles","8":"category-idf","9":"tag-beau","10":"tag-for-7-12-year-olds","11":"tag-for-teens","12":"tag-ile-de-france","13":"tag-less-than-10-euros","14":"tag-noel","15":"tag-oise-en","16":"tag-vacances-d-ete","17":"tag-vacances-de-paques"},"yoast_head":"<!-- This site is optimized with the Yoast SEO plugin v27.2 - https:\/\/yoast.com\/product\/yoast-seo-wordpress\/ -->\n<title>The castle of Pierrefonds in the Oise | Visit, price, getting there<\/title>\n<meta name=\"description\" content=\"Visit the Ch\u00e2teau de Pierrefonds: a medieval castle built by Viollet-le-Duc in 1867 under the rule of Napoleon III.\" \/>\n<meta name=\"robots\" content=\"index, follow, max-snippet:-1, max-image-preview:large, max-video-preview:-1\" \/>\n<link rel=\"canonical\" href=\"https:\/\/www.familinparis.fr\/en\/the-castle-of-pierrefonds\/\" \/>\n<meta property=\"og:locale\" content=\"en_US\" \/>\n<meta property=\"og:type\" content=\"article\" \/>\n<meta property=\"og:title\" content=\"The castle of Pierrefonds in the Oise | Visit, price, getting there\" \/>\n<meta property=\"og:description\" content=\"Visit the Ch\u00e2teau de Pierrefonds: a medieval castle built by Viollet-le-Duc in 1867 under the rule of Napoleon III.\" \/>\n<meta property=\"og:url\" content=\"https:\/\/www.familinparis.fr\/en\/the-castle-of-pierrefonds\/\" \/>\n<meta property=\"og:site_name\" content=\"Familin&#039;Paris\" \/>\n<meta property=\"article:published_time\" content=\"2021-10-28T08:09:38+00:00\" \/>\n<meta property=\"article:modified_time\" content=\"2024-11-16T15:21:15+00:00\" \/>\n<meta property=\"og:image\" content=\"https:\/\/www.familinparis.fr\/wp-content\/uploads\/Chateaux\/pierrefonds\/le-chateau-de-pierrefonds-60-PLD.jpg\" \/>\n\t<meta property=\"og:image:width\" content=\"1920\" \/>\n\t<meta property=\"og:image:height\" content=\"1440\" \/>\n\t<meta property=\"og:image:type\" content=\"image\/jpeg\" \/>\n<meta name=\"author\" content=\"Agn\u00e8s\" \/>\n<meta name=\"twitter:card\" content=\"summary_large_image\" \/>\n<meta name=\"twitter:label1\" content=\"Written by\" \/>\n\t<meta name=\"twitter:data1\" content=\"Agn\u00e8s\" \/>\n\t<meta name=\"twitter:label2\" content=\"Est. reading time\" \/>\n\t<meta name=\"twitter:data2\" content=\"2 minutes\" \/>\n<script type=\"application\/ld+json\" class=\"yoast-schema-graph\">{\"@context\":\"https:\/\/schema.org\",\"@graph\":[{\"@type\":\"Article\",\"@id\":\"https:\/\/www.familinparis.fr\/en\/the-castle-of-pierrefonds\/#article\",\"isPartOf\":{\"@id\":\"https:\/\/www.familinparis.fr\/en\/the-castle-of-pierrefonds\/\"},\"author\":{\"name\":\"Agn\u00e8s\",\"@id\":\"https:\/\/www.familinparis.fr\/en\/#\/schema\/person\/20deb9130cb58f76b535d316fe0aa31f\"},\"headline\":\"The castle of Pierrefonds\",\"datePublished\":\"2021-10-28T08:09:38+00:00\",\"dateModified\":\"2024-11-16T15:21:15+00:00\",\"mainEntityOfPage\":{\"@id\":\"https:\/\/www.familinparis.fr\/en\/the-castle-of-pierrefonds\/\"},\"wordCount\":433,\"commentCount\":0,\"image\":{\"@id\":\"https:\/\/www.familinparis.fr\/en\/the-castle-of-pierrefonds\/#primaryimage\"},\"thumbnailUrl\":\"https:\/\/www.familinparis.fr\/wp-content\/uploads\/Chateaux\/pierrefonds\/le-chateau-de-pierrefonds-60-PLD.jpg\",\"keywords\":[\"beau\",\"For 7-12 year olds\",\"For teens\",\"Ile de France\",\"Less than 10 euros\",\"No\u00ebl\",\"OISE\",\"Vacances d'\u00e9t\u00e9\",\"Vacances de P\u00e2ques\"],\"articleSection\":[\"Castles\",\"IDF\"],\"inLanguage\":\"en-US\",\"potentialAction\":[{\"@type\":\"CommentAction\",\"name\":\"Comment\",\"target\":[\"https:\/\/www.familinparis.fr\/en\/the-castle-of-pierrefonds\/#respond\"]}]},{\"@type\":\"WebPage\",\"@id\":\"https:\/\/www.familinparis.fr\/en\/the-castle-of-pierrefonds\/\",\"url\":\"https:\/\/www.familinparis.fr\/en\/the-castle-of-pierrefonds\/\",\"name\":\"The castle of Pierrefonds in the Oise | Visit, price, getting there\",\"isPartOf\":{\"@id\":\"https:\/\/www.familinparis.fr\/en\/#website\"},\"primaryImageOfPage\":{\"@id\":\"https:\/\/www.familinparis.fr\/en\/the-castle-of-pierrefonds\/#primaryimage\"},\"image\":{\"@id\":\"https:\/\/www.familinparis.fr\/en\/the-castle-of-pierrefonds\/#primaryimage\"},\"thumbnailUrl\":\"https:\/\/www.familinparis.fr\/wp-content\/uploads\/Chateaux\/pierrefonds\/le-chateau-de-pierrefonds-60-PLD.jpg\",\"datePublished\":\"2021-10-28T08:09:38+00:00\",\"dateModified\":\"2024-11-16T15:21:15+00:00\",\"author\":{\"@id\":\"https:\/\/www.familinparis.fr\/en\/#\/schema\/person\/20deb9130cb58f76b535d316fe0aa31f\"},\"description\":\"Visit the Ch\u00e2teau de Pierrefonds: a medieval castle built by Viollet-le-Duc in 1867 under the rule of Napoleon III.\",\"breadcrumb\":{\"@id\":\"https:\/\/www.familinparis.fr\/en\/the-castle-of-pierrefonds\/#breadcrumb\"},\"inLanguage\":\"en-US\",\"potentialAction\":[{\"@type\":\"ReadAction\",\"target\":[\"https:\/\/www.familinparis.fr\/en\/the-castle-of-pierrefonds\/\"]}]},{\"@type\":\"ImageObject\",\"inLanguage\":\"en-US\",\"@id\":\"https:\/\/www.familinparis.fr\/en\/the-castle-of-pierrefonds\/#primaryimage\",\"url\":\"https:\/\/www.familinparis.fr\/wp-content\/uploads\/Chateaux\/pierrefonds\/le-chateau-de-pierrefonds-60-PLD.jpg\",\"contentUrl\":\"https:\/\/www.familinparis.fr\/wp-content\/uploads\/Chateaux\/pierrefonds\/le-chateau-de-pierrefonds-60-PLD.jpg\",\"width\":1920,\"height\":1440},{\"@type\":\"BreadcrumbList\",\"@id\":\"https:\/\/www.familinparis.fr\/en\/the-castle-of-pierrefonds\/#breadcrumb\",\"itemListElement\":[{\"@type\":\"ListItem\",\"position\":1,\"name\":\"Home\",\"item\":\"https:\/\/www.familinparis.fr\/en\/\"},{\"@type\":\"ListItem\",\"position\":2,\"name\":\"Castles\",\"item\":\"https:\/\/www.familinparis.fr\/en\/categorie\/castles\/\"},{\"@type\":\"ListItem\",\"position\":3,\"name\":\"The castle of Pierrefonds\"}]},{\"@type\":\"WebSite\",\"@id\":\"https:\/\/www.familinparis.fr\/en\/#website\",\"url\":\"https:\/\/www.familinparis.fr\/en\/\",\"name\":\"Familin&#039;Paris\",\"description\":\"Visiter le meilleur de Paris avec des enfants : sorties, spectacles, adresses de restaurants, shopping, bons plans...\",\"potentialAction\":[{\"@type\":\"SearchAction\",\"target\":{\"@type\":\"EntryPoint\",\"urlTemplate\":\"https:\/\/www.familinparis.fr\/en\/?s={search_term_string}\"},\"query-input\":{\"@type\":\"PropertyValueSpecification\",\"valueRequired\":true,\"valueName\":\"search_term_string\"}}],\"inLanguage\":\"en-US\"},{\"@type\":\"Person\",\"@id\":\"https:\/\/www.familinparis.fr\/en\/#\/schema\/person\/20deb9130cb58f76b535d316fe0aa31f\",\"name\":\"Agn\u00e8s\",\"image\":{\"@type\":\"ImageObject\",\"inLanguage\":\"en-US\",\"@id\":\"https:\/\/secure.gravatar.com\/avatar\/0ff338e2776ca662585d438b3bc140cbe7b54659207d3329065be97ffb37fa5a?s=96&d=identicon&r=g\",\"url\":\"https:\/\/secure.gravatar.com\/avatar\/0ff338e2776ca662585d438b3bc140cbe7b54659207d3329065be97ffb37fa5a?s=96&d=identicon&r=g\",\"contentUrl\":\"https:\/\/secure.gravatar.com\/avatar\/0ff338e2776ca662585d438b3bc140cbe7b54659207d3329065be97ffb37fa5a?s=96&d=identicon&r=g\",\"caption\":\"Agn\u00e8s\"}}]}<\/script>\n<!-- \/ Yoast SEO plugin. -->","yoast_head_json":{"title":"The castle of Pierrefonds in the Oise | Visit, price, getting there","description":"Visit the Ch\u00e2teau de Pierrefonds: a medieval castle built by Viollet-le-Duc in 1867 under the rule of Napoleon III.","robots":{"index":"index","follow":"follow","max-snippet":"max-snippet:-1","max-image-preview":"max-image-preview:large","max-video-preview":"max-video-preview:-1"},"canonical":"https:\/\/www.familinparis.fr\/en\/the-castle-of-pierrefonds\/","og_locale":"en_US","og_type":"article","og_title":"The castle of Pierrefonds in the Oise | Visit, price, getting there","og_description":"Visit the Ch\u00e2teau de Pierrefonds: a medieval castle built by Viollet-le-Duc in 1867 under the rule of Napoleon III.","og_url":"https:\/\/www.familinparis.fr\/en\/the-castle-of-pierrefonds\/","og_site_name":"Familin&#039;Paris","article_published_time":"2021-10-28T08:09:38+00:00","article_modified_time":"2024-11-16T15:21:15+00:00","og_image":[{"width":1920,"height":1440,"url":"https:\/\/www.familinparis.fr\/wp-content\/uploads\/Chateaux\/pierrefonds\/le-chateau-de-pierrefonds-60-PLD.jpg","type":"image\/jpeg"}],"author":"Agn\u00e8s","twitter_card":"summary_large_image","twitter_misc":{"Written by":"Agn\u00e8s","Est. reading time":"2 minutes"},"schema":{"@context":"https:\/\/schema.org","@graph":[{"@type":"Article","@id":"https:\/\/www.familinparis.fr\/en\/the-castle-of-pierrefonds\/#article","isPartOf":{"@id":"https:\/\/www.familinparis.fr\/en\/the-castle-of-pierrefonds\/"},"author":{"name":"Agn\u00e8s","@id":"https:\/\/www.familinparis.fr\/en\/#\/schema\/person\/20deb9130cb58f76b535d316fe0aa31f"},"headline":"The castle of Pierrefonds","datePublished":"2021-10-28T08:09:38+00:00","dateModified":"2024-11-16T15:21:15+00:00","mainEntityOfPage":{"@id":"https:\/\/www.familinparis.fr\/en\/the-castle-of-pierrefonds\/"},"wordCount":433,"commentCount":0,"image":{"@id":"https:\/\/www.familinparis.fr\/en\/the-castle-of-pierrefonds\/#primaryimage"},"thumbnailUrl":"https:\/\/www.familinparis.fr\/wp-content\/uploads\/Chateaux\/pierrefonds\/le-chateau-de-pierrefonds-60-PLD.jpg","keywords":["beau","For 7-12 year olds","For teens","Ile de France","Less than 10 euros","No\u00ebl","OISE","Vacances d'\u00e9t\u00e9","Vacances de P\u00e2ques"],"articleSection":["Castles","IDF"],"inLanguage":"en-US","potentialAction":[{"@type":"CommentAction","name":"Comment","target":["https:\/\/www.familinparis.fr\/en\/the-castle-of-pierrefonds\/#respond"]}]},{"@type":"WebPage","@id":"https:\/\/www.familinparis.fr\/en\/the-castle-of-pierrefonds\/","url":"https:\/\/www.familinparis.fr\/en\/the-castle-of-pierrefonds\/","name":"The castle of Pierrefonds in the Oise | Visit, price, getting there","isPartOf":{"@id":"https:\/\/www.familinparis.fr\/en\/#website"},"primaryImageOfPage":{"@id":"https:\/\/www.familinparis.fr\/en\/the-castle-of-pierrefonds\/#primaryimage"},"image":{"@id":"https:\/\/www.familinparis.fr\/en\/the-castle-of-pierrefonds\/#primaryimage"},"thumbnailUrl":"https:\/\/www.familinparis.fr\/wp-content\/uploads\/Chateaux\/pierrefonds\/le-chateau-de-pierrefonds-60-PLD.jpg","datePublished":"2021-10-28T08:09:38+00:00","dateModified":"2024-11-16T15:21:15+00:00","author":{"@id":"https:\/\/www.familinparis.fr\/en\/#\/schema\/person\/20deb9130cb58f76b535d316fe0aa31f"},"description":"Visit the Ch\u00e2teau de Pierrefonds: a medieval castle built by Viollet-le-Duc in 1867 under the rule of Napoleon III.","breadcrumb":{"@id":"https:\/\/www.familinparis.fr\/en\/the-castle-of-pierrefonds\/#breadcrumb"},"inLanguage":"en-US","potentialAction":[{"@type":"ReadAction","target":["https:\/\/www.familinparis.fr\/en\/the-castle-of-pierrefonds\/"]}]},{"@type":"ImageObject","inLanguage":"en-US","@id":"https:\/\/www.familinparis.fr\/en\/the-castle-of-pierrefonds\/#primaryimage","url":"https:\/\/www.familinparis.fr\/wp-content\/uploads\/Chateaux\/pierrefonds\/le-chateau-de-pierrefonds-60-PLD.jpg","contentUrl":"https:\/\/www.familinparis.fr\/wp-content\/uploads\/Chateaux\/pierrefonds\/le-chateau-de-pierrefonds-60-PLD.jpg","width":1920,"height":1440},{"@type":"BreadcrumbList","@id":"https:\/\/www.familinparis.fr\/en\/the-castle-of-pierrefonds\/#breadcrumb","itemListElement":[{"@type":"ListItem","position":1,"name":"Home","item":"https:\/\/www.familinparis.fr\/en\/"},{"@type":"ListItem","position":2,"name":"Castles","item":"https:\/\/www.familinparis.fr\/en\/categorie\/castles\/"},{"@type":"ListItem","position":3,"name":"The castle of Pierrefonds"}]},{"@type":"WebSite","@id":"https:\/\/www.familinparis.fr\/en\/#website","url":"https:\/\/www.familinparis.fr\/en\/","name":"Familin&#039;Paris","description":"Visiter le meilleur de Paris avec des enfants : sorties, spectacles, adresses de restaurants, shopping, bons plans...","potentialAction":[{"@type":"SearchAction","target":{"@type":"EntryPoint","urlTemplate":"https:\/\/www.familinparis.fr\/en\/?s={search_term_string}"},"query-input":{"@type":"PropertyValueSpecification","valueRequired":true,"valueName":"search_term_string"}}],"inLanguage":"en-US"},{"@type":"Person","@id":"https:\/\/www.familinparis.fr\/en\/#\/schema\/person\/20deb9130cb58f76b535d316fe0aa31f","name":"Agn\u00e8s","image":{"@type":"ImageObject","inLanguage":"en-US","@id":"https:\/\/secure.gravatar.com\/avatar\/0ff338e2776ca662585d438b3bc140cbe7b54659207d3329065be97ffb37fa5a?s=96&d=identicon&r=g","url":"https:\/\/secure.gravatar.com\/avatar\/0ff338e2776ca662585d438b3bc140cbe7b54659207d3329065be97ffb37fa5a?s=96&d=identicon&r=g","contentUrl":"https:\/\/secure.gravatar.com\/avatar\/0ff338e2776ca662585d438b3bc140cbe7b54659207d3329065be97ffb37fa5a?s=96&d=identicon&r=g","caption":"Agn\u00e8s"}}]}},"uagb_featured_image_src":{"full":["https:\/\/www.familinparis.fr\/wp-content\/uploads\/Chateaux\/pierrefonds\/le-chateau-de-pierrefonds-60-PLD.jpg",1920,1440,false],"thumbnail":["https:\/\/www.familinparis.fr\/wp-content\/uploads\/Chateaux\/pierrefonds\/le-chateau-de-pierrefonds-60-PLD-150x150.jpg",150,150,true],"medium":["https:\/\/www.familinparis.fr\/wp-content\/uploads\/Chateaux\/pierrefonds\/le-chateau-de-pierrefonds-60-PLD-300x225.jpg",300,225,true],"medium_large":["https:\/\/www.familinparis.fr\/wp-content\/uploads\/Chateaux\/pierrefonds\/le-chateau-de-pierrefonds-60-PLD-768x576.jpg",768,576,true],"large":["https:\/\/www.familinparis.fr\/wp-content\/uploads\/Chateaux\/pierrefonds\/le-chateau-de-pierrefonds-60-PLD-1024x768.jpg",770,578,true],"1536x1536":["https:\/\/www.familinparis.fr\/wp-content\/uploads\/Chateaux\/pierrefonds\/le-chateau-de-pierrefonds-60-PLD-1536x1152.jpg",1536,1152,true],"2048x2048":["https:\/\/www.familinparis.fr\/wp-content\/uploads\/Chateaux\/pierrefonds\/le-chateau-de-pierrefonds-60-PLD.jpg",1920,1440,false],"home-thumb":["https:\/\/www.familinparis.fr\/wp-content\/uploads\/Chateaux\/pierrefonds\/le-chateau-de-pierrefonds-60-PLD-730x548.jpg",730,548,true],"home-slider":["https:\/\/www.familinparis.fr\/wp-content\/uploads\/Chateaux\/pierrefonds\/le-chateau-de-pierrefonds-60-PLD-800x600.jpg",800,600,true],"lightbox-slider-size":["https:\/\/www.familinparis.fr\/wp-content\/uploads\/Chateaux\/pierrefonds\/le-chateau-de-pierrefonds-60-PLD-564x282.jpg",564,282,true],"post-thumbnail":["https:\/\/www.familinparis.fr\/wp-content\/uploads\/Chateaux\/pierrefonds\/le-chateau-de-pierrefonds-60-PLD-270x180.jpg",270,180,true],"cheerup-main":["https:\/\/www.familinparis.fr\/wp-content\/uploads\/Chateaux\/pierrefonds\/le-chateau-de-pierrefonds-60-PLD-770x400.jpg",770,400,true],"cheerup-main-full":["https:\/\/www.familinparis.fr\/wp-content\/uploads\/Chateaux\/pierrefonds\/le-chateau-de-pierrefonds-60-PLD-1170x508.jpg",1170,508,true],"cheerup-slider-alt":["https:\/\/www.familinparis.fr\/wp-content\/uploads\/Chateaux\/pierrefonds\/le-chateau-de-pierrefonds-60-PLD-1170x508.jpg",1170,508,true],"cheerup-slider-trendy":["https:\/\/www.familinparis.fr\/wp-content\/uploads\/Chateaux\/pierrefonds\/le-chateau-de-pierrefonds-60-PLD-960x508.jpg",960,508,true],"cheerup-slider-stylish":["https:\/\/www.familinparis.fr\/wp-content\/uploads\/Chateaux\/pierrefonds\/le-chateau-de-pierrefonds-60-PLD-900x515.jpg",900,515,true],"cheerup-slider-grid":["https:\/\/www.familinparis.fr\/wp-content\/uploads\/Chateaux\/pierrefonds\/le-chateau-de-pierrefonds-60-PLD-870x600.jpg",870,600,true],"cheerup-slider-grid-sm":["https:\/\/www.familinparis.fr\/wp-content\/uploads\/Chateaux\/pierrefonds\/le-chateau-de-pierrefonds-60-PLD-300x300.jpg",300,300,true],"cheerup-slider-carousel":["https:\/\/www.familinparis.fr\/wp-content\/uploads\/Chateaux\/pierrefonds\/le-chateau-de-pierrefonds-60-PLD-370x370.jpg",370,370,true],"cheerup-slider-grid-b":["https:\/\/www.familinparis.fr\/wp-content\/uploads\/Chateaux\/pierrefonds\/le-chateau-de-pierrefonds-60-PLD-554x466.jpg",554,466,true],"cheerup-slider-grid-b-sm":["https:\/\/www.familinparis.fr\/wp-content\/uploads\/Chateaux\/pierrefonds\/le-chateau-de-pierrefonds-60-PLD-306x466.jpg",306,466,true],"cheerup-slider-bold-sm":["https:\/\/www.familinparis.fr\/wp-content\/uploads\/Chateaux\/pierrefonds\/le-chateau-de-pierrefonds-60-PLD-150x150.jpg",150,150,true],"cheerup-grid":["https:\/\/www.familinparis.fr\/wp-content\/uploads\/Chateaux\/pierrefonds\/le-chateau-de-pierrefonds-60-PLD-370x285.jpg",370,285,true],"cheerup-carousel":["https:\/\/www.familinparis.fr\/wp-content\/uploads\/Chateaux\/pierrefonds\/le-chateau-de-pierrefonds-60-PLD-270x180.jpg",270,180,true],"cheerup-carousel-b":["https:\/\/www.familinparis.fr\/wp-content\/uploads\/Chateaux\/pierrefonds\/le-chateau-de-pierrefonds-60-PLD-370x285.jpg",370,285,true],"cheerup-list":["https:\/\/www.familinparis.fr\/wp-content\/uploads\/Chateaux\/pierrefonds\/le-chateau-de-pierrefonds-60-PLD-260x200.jpg",260,200,true],"cheerup-list-b":["https:\/\/www.familinparis.fr\/wp-content\/uploads\/Chateaux\/pierrefonds\/le-chateau-de-pierrefonds-60-PLD-370x305.jpg",370,305,true],"cheerup-thumb":["https:\/\/www.familinparis.fr\/wp-content\/uploads\/Chateaux\/pierrefonds\/le-chateau-de-pierrefonds-60-PLD-87x67.jpg",87,67,true],"cheerup-thumb-alt":["https:\/\/www.familinparis.fr\/wp-content\/uploads\/Chateaux\/pierrefonds\/le-chateau-de-pierrefonds-60-PLD-150x150.jpg",150,150,true]},"uagb_author_info":{"display_name":"Agn\u00e8s","author_link":"https:\/\/www.familinparis.fr\/en\/author\/agnes\/"},"uagb_comment_info":0,"uagb_excerpt":"Cheap outings(-10\u20ac the price of the adult ticket)","_links":{"self":[{"href":"https:\/\/www.familinparis.fr\/en\/wp-json\/wp\/v2\/posts\/135867","targetHints":{"allow":["GET"]}}],"collection":[{"href":"https:\/\/www.familinparis.fr\/en\/wp-json\/wp\/v2\/posts"}],"about":[{"href":"https:\/\/www.familinparis.fr\/en\/wp-json\/wp\/v2\/types\/post"}],"author":[{"embeddable":true,"href":"https:\/\/www.familinparis.fr\/en\/wp-json\/wp\/v2\/users\/6"}],"replies":[{"embeddable":true,"href":"https:\/\/www.familinparis.fr\/en\/wp-json\/wp\/v2\/comments?post=135867"}],"version-history":[{"count":0,"href":"https:\/\/www.familinparis.fr\/en\/wp-json\/wp\/v2\/posts\/135867\/revisions"}],"wp:featuredmedia":[{"embeddable":true,"href":"https:\/\/www.familinparis.fr\/en\/wp-json\/wp\/v2\/media\/131049"}],"wp:attachment":[{"href":"https:\/\/www.familinparis.fr\/en\/wp-json\/wp\/v2\/media?parent=135867"}],"wp:term":[{"taxonomy":"category","embeddable":true,"href":"https:\/\/www.familinparis.fr\/en\/wp-json\/wp\/v2\/categories?post=135867"},{"taxonomy":"post_tag","embeddable":true,"href":"https:\/\/www.familinparis.fr\/en\/wp-json\/wp\/v2\/tags?post=135867"}],"curies":[{"name":"wp","href":"https:\/\/api.w.org\/{rel}","templated":true}]}}