{"id":135863,"date":"2021-10-12T12:24:45","date_gmt":"2021-10-12T10:24:45","guid":{"rendered":"https:\/\/www.familinparis.fr\/accrocamp-saint-germain-en-laye\/"},"modified":"2024-11-16T17:21:07","modified_gmt":"2024-11-16T15:21:07","slug":"accrocamp-saint-germain-en-laye","status":"publish","type":"post","link":"https:\/\/www.familinparis.fr\/en\/accrocamp-saint-germain-en-laye\/","title":{"rendered":"AccroCamp Saint-Germain-en-Laye"},"content":{"rendered":"<div class=\"lazyblock-baseline-15pxgj wp-block-lazyblock-baseline\"><div class=\"baseline\">A tree climbing course located in the Yvelines (78)<\/div><\/div>\n<div style=\"height:30px\" aria-hidden=\"true\" class=\"wp-block-spacer\"><\/div>\n\n<div class=\"wp-block-buttons is-horizontal is-content-justification-center is-layout-flex wp-container-core-buttons-is-layout-499968f5 wp-block-buttons-is-layout-flex\">\n<div class=\"wp-block-button\"><a class=\"wp-block-button__link has-white-color has-text-color has-background wp-element-button\" href=\"https:\/\/www.tiqets.com\/fr\/saint-germain-en-laye-attractions-c66688\/tickets-for-accrocamp-saint-germain-en-laye-p1008136\/?partner=Familinparis&amp;tq_campaign=bouton-accrocamp-saint-germain\" style=\"background-color:#db384b\" target=\"_blank\" rel=\"noreferrer noopener\">I book my tickets for the tree climbing<br\/>(online booking strongly recommended)<\/a><\/div>\n<\/div>\n\n<div style=\"height:40px\" aria-hidden=\"true\" class=\"wp-block-spacer\"><\/div>\n<div class=\"wp-block-image\">\n<figure class=\"aligncenter size-large\"><img decoding=\"async\" width=\"1024\" height=\"577\" src=\"\/wp-content\/uploads\/photos-partenaires\/Partenaires-payant\/accrobranche-accocamp-saint-germain-en-laye-78-1024x577.jpg\" alt=\"the tree climbing of Saint-Germain-en-Laye in the 78\" class=\"wp-image-52982\" srcset=\"https:\/\/www.familinparis.fr\/wp-content\/uploads\/photos-partenaires\/Partenaires-payant\/accrobranche-accocamp-saint-germain-en-laye-78-1024x577.jpg 1024w, https:\/\/www.familinparis.fr\/wp-content\/uploads\/photos-partenaires\/Partenaires-payant\/accrobranche-accocamp-saint-germain-en-laye-78-300x169.jpg 300w, https:\/\/www.familinparis.fr\/wp-content\/uploads\/photos-partenaires\/Partenaires-payant\/accrobranche-accocamp-saint-germain-en-laye-78-18x10.jpg 18w, https:\/\/www.familinparis.fr\/wp-content\/uploads\/photos-partenaires\/Partenaires-payant\/accrobranche-accocamp-saint-germain-en-laye-78-730x411.jpg 730w, https:\/\/www.familinparis.fr\/wp-content\/uploads\/photos-partenaires\/Partenaires-payant\/accrobranche-accocamp-saint-germain-en-laye-78.jpg 1280w\" sizes=\"(max-width: 1024px) 100vw, 1024px\" \/><\/figure>\n<\/div>\n<div style=\"height:40px\" aria-hidden=\"true\" class=\"wp-block-spacer\"><\/div>\n\n<div class=\"wp-block-columns is-layout-flex wp-container-core-columns-is-layout-9d6595d7 wp-block-columns-is-layout-flex\">\n<div class=\"wp-block-column has-background is-layout-flow wp-block-column-is-layout-flow\" style=\"background-color:#d0ece7;flex-basis:66.66%\">\n<p class=\"m-l-20 m-r-20\"><br\/>The AccroCamp tree climbing course in Saint-Germain-en-Laye brings together all the standards: zip lines, obstacle courses adapted to young and old alike, rope bridges, suspended platforms&#8230; Picnic areas are available.<\/p>\n\n\n\n<h2 class=\"wp-block-heading m-l-20\">Opening hours<\/h2>\n\n\n\n<ul class=\"wp-block-list\">\n<li>From 10 am to 7 pm (last departure 2 hours before closing)<\/li>\n\n\n\n<li><strong>March, April, May, September, October and November<\/strong> : Wednesday, Saturday, Sunday, public holidays and school holidays<\/li>\n\n\n\n<li><strong>In June, July and August: <\/strong>every day<\/li>\n<\/ul>\n\n\n\n<h2 class=\"wp-block-heading m-l-20\">Rates in low season<\/h2>\n\n\n\n<ul class=\"wp-block-list\">\n<li>Adult rate (1.40 m +): 28 euros (the red course, from 10 years old)<\/li>\n\n\n\n<li>Child rate (from 1.30 m to 1.39 m): 20 euros (the blue course, from 8 to 9 years old)<\/li>\n<\/ul>\n\n\n\n<h2 class=\"wp-block-heading m-l-20\">Rates in low season<\/h2>\n\n\n\n<ul class=\"wp-block-list\">\n<li><strong>The purple trail<\/strong> (about ten workshops).\n<ul class=\"wp-block-list\">\n<li>from 3 years old<\/li>\n\n\n\n<li>between 1m and Between 1 and 2m50 in height<\/li>\n\n\n\n<li>Children under 8 years old must be accompanied by an adult who must complete the routes with the child<\/li>\n<\/ul>\n<\/li>\n\n\n\n<li><strong>Green routes<\/strong> (courses 1, 2 and 3)\n<ul class=\"wp-block-list\">\n<li>for children from 5 to 6 years old (or over 1m10)<\/li>\n\n\n\n<li>between 7 and 10 metres in height<\/li>\n\n\n\n<li>Children under 8 years old must be accompanied by an adult who must complete the routes with the child<\/li>\n<\/ul>\n<\/li>\n\n\n\n<li><strong>The Blue Courses<\/strong> (courses 2, 3 and 4)\n<ul class=\"wp-block-list\">\n<li>from 8 years old (or over 1m30)<\/li>\n\n\n\n<li>between 7 and 13 metres in height<\/li>\n<\/ul>\n<\/li>\n\n\n\n<li><strong>The red courses<\/strong> (courses 4, 5, 6, 7 + Rueil, Chaville and QuickJump)\n<ul class=\"wp-block-list\">\n<li>from 11 years old  <\/li>\n\n\n\n<li>between 7 and 15m in height<\/li>\n<\/ul>\n<\/li>\n\n\n\n<li><strong>QuickJump<\/strong> : hooked to a fall arrest system, you position yourself at the edge of the diving board located at a height of 15m and &#8230; Let&#8217;s go for the Big Jump.<\/li>\n<\/ul>\n<\/div>\n\n\n\n<div class=\"wp-block-column is-layout-flow wp-block-column-is-layout-flow\" style=\"flex-basis:33.33%\">\n<p class=\"red-logo\">Tickets for children under 1m30 must be purchased on site. Think about appropriate clothing and good closed shoes. <\/p>\n\n\n\n<div data-tiqets-widget=\"availability\" data-product-id=\"1008136\" data-currency=\"EUR\" data-partner=\"Familinparis\" data-tq-campaign=\"dispo-accrocamp-saint-g\" data-layout=\"full\"><\/div>\n<\/div>\n<\/div>\n\n<div style=\"height:50px\" aria-hidden=\"true\" class=\"wp-block-spacer\"><\/div>\n\n<h2 class=\"wp-block-heading has-text-align-center\">Family ideas in the Yvelines<\/h2>\n\n\t\t\t<div class=\"wp-block-uagb-post-grid uagb-post-grid  uagb-post__image-position-top uagb-post__image-enabled uagb-block-6bdef46b     uagb-post__items uagb-post__columns-5 is-grid uagb-post__columns-tablet-2 uagb-post__columns-mobile-1 uagb-post__equal-height\" data-total=\"3\" style=\"\">\n\n\t\t\t\t\t\t\t\t\t\t\t\t<article class=\"uagb-post__inner-wrap\">\t\t\t\t\t\t\t\t<div class='uagb-post__image'>\n\t\t\t\t\t\t\t\t\t<a href=\"https:\/\/www.familinparis.fr\/en\/ouvert-le-1er-mai\/\" target=\"_self\" rel=\"bookmark noopener noreferrer\" class='uagb-image-ratio-inherit'><img decoding=\"async\" width=\"270\" height=\"180\" src=\"https:\/\/www.familinparis.fr\/wp-content\/uploads\/Quartier\/palais-royal-colonne-buren-paris-enfant-SH-270x180.jpg\" class=\"attachment-post-thumbnail size-post-thumbnail\" alt=\"\" srcset=\"https:\/\/www.familinparis.fr\/wp-content\/uploads\/Quartier\/palais-royal-colonne-buren-paris-enfant-SH-270x180.jpg 270w, https:\/\/www.familinparis.fr\/wp-content\/uploads\/Quartier\/palais-royal-colonne-buren-paris-enfant-SH-18x12.jpg 18w\" sizes=\"(max-width: 270px) 100vw, 270px\" \/>\t\t\t\t\t<\/a>\n\t\t\t\t\t\t\t<\/div>\n\t\t\t\t\t\t<h4 class=\"uagb-post__title uagb-post__text\">\n\t\t\t\t<a href=\"https:\/\/www.familinparis.fr\/en\/ouvert-le-1er-mai\/\" target=\"_self\" rel=\"bookmark noopener noreferrer\">What to do in Paris on May 1, 2026? It&#8217;s Friday, a long weekend is looming!<\/a>\n\t\t\t<\/h4>\n\t\t\t\t\t\t<div class='uagb-post__text uagb-post-grid-byline'>\n\t\t\t\t\t\t\t<\/div>\n\t\t\t\n\t\t\t\t\t\t\t\t\t<\/article>\n\t\t\t\t\t\t\t\t\t\t\t\t\t\t\t\t<article class=\"uagb-post__inner-wrap\">\t\t\t\t\t\t\t\t<div class='uagb-post__image'>\n\t\t\t\t\t\t\t\t\t<a href=\"https:\/\/www.familinparis.fr\/en\/les-grandes-eaux-musicales\/\" target=\"_self\" rel=\"bookmark noopener noreferrer\" class='uagb-image-ratio-inherit'><img decoding=\"async\" width=\"270\" height=\"180\" src=\"https:\/\/www.familinparis.fr\/wp-content\/uploads\/Chateaux\/Versailles\/Versailles-fontaines-PLD-270x180.jpg\" class=\"attachment-post-thumbnail size-post-thumbnail\" alt=\"\" srcset=\"https:\/\/www.familinparis.fr\/wp-content\/uploads\/Chateaux\/Versailles\/Versailles-fontaines-PLD-270x180.jpg 270w, https:\/\/www.familinparis.fr\/wp-content\/uploads\/Chateaux\/Versailles\/Versailles-fontaines-PLD-300x200.jpg 300w, https:\/\/www.familinparis.fr\/wp-content\/uploads\/Chateaux\/Versailles\/Versailles-fontaines-PLD-1024x683.jpg 1024w, https:\/\/www.familinparis.fr\/wp-content\/uploads\/Chateaux\/Versailles\/Versailles-fontaines-PLD-768x512.jpg 768w, https:\/\/www.familinparis.fr\/wp-content\/uploads\/Chateaux\/Versailles\/Versailles-fontaines-PLD-1536x1024.jpg 1536w, https:\/\/www.familinparis.fr\/wp-content\/uploads\/Chateaux\/Versailles\/Versailles-fontaines-PLD-18x12.jpg 18w, https:\/\/www.familinparis.fr\/wp-content\/uploads\/Chateaux\/Versailles\/Versailles-fontaines-PLD-730x487.jpg 730w\" sizes=\"(max-width: 270px) 100vw, 270px\" \/>\t\t\t\t\t<\/a>\n\t\t\t\t\t\t\t<\/div>\n\t\t\t\t\t\t<h4 class=\"uagb-post__title uagb-post__text\">\n\t\t\t\t<a href=\"https:\/\/www.familinparis.fr\/en\/les-grandes-eaux-musicales\/\" target=\"_self\" rel=\"bookmark noopener noreferrer\">The Musical Fountains Show<\/a>\n\t\t\t<\/h4>\n\t\t\t\t\t\t<div class='uagb-post__text uagb-post-grid-byline'>\n\t\t\t\t\t\t\t<\/div>\n\t\t\t\n\t\t\t\t\t\t\t\t\t<\/article>\n\t\t\t\t\t\t\t\t\t\t\t\t\t\t\t\t<article class=\"uagb-post__inner-wrap\">\t\t\t\t\t\t\t\t<div class='uagb-post__image'>\n\t\t\t\t\t\t\t\t\t<a href=\"https:\/\/www.familinparis.fr\/en\/gathering-farms-around-paris\/\" target=\"_self\" rel=\"bookmark noopener noreferrer\" class='uagb-image-ratio-inherit'><img decoding=\"async\" width=\"270\" height=\"180\" src=\"https:\/\/www.familinparis.fr\/wp-content\/uploads\/LOISIRS\/fermes\/ferme-cueillette-paris-270x180.jpg\" class=\"attachment-post-thumbnail size-post-thumbnail\" alt=\"\" srcset=\"https:\/\/www.familinparis.fr\/wp-content\/uploads\/LOISIRS\/fermes\/ferme-cueillette-paris-270x180.jpg 270w, https:\/\/www.familinparis.fr\/wp-content\/uploads\/LOISIRS\/fermes\/ferme-cueillette-paris-300x199.jpg 300w, https:\/\/www.familinparis.fr\/wp-content\/uploads\/LOISIRS\/fermes\/ferme-cueillette-paris-1024x678.jpg 1024w, https:\/\/www.familinparis.fr\/wp-content\/uploads\/LOISIRS\/fermes\/ferme-cueillette-paris-16x12.jpg 16w, https:\/\/www.familinparis.fr\/wp-content\/uploads\/LOISIRS\/fermes\/ferme-cueillette-paris-730x483.jpg 730w, https:\/\/www.familinparis.fr\/wp-content\/uploads\/LOISIRS\/fermes\/ferme-cueillette-paris.jpg 1200w\" sizes=\"(max-width: 270px) 100vw, 270px\" \/>\t\t\t\t\t<\/a>\n\t\t\t\t\t\t\t<\/div>\n\t\t\t\t\t\t<h4 class=\"uagb-post__title uagb-post__text\">\n\t\t\t\t<a href=\"https:\/\/www.familinparis.fr\/en\/gathering-farms-around-paris\/\" target=\"_self\" rel=\"bookmark noopener noreferrer\">Gathering farms around Paris<\/a>\n\t\t\t<\/h4>\n\t\t\t\t\t\t<div class='uagb-post__text uagb-post-grid-byline'>\n\t\t\t\t\t\t\t<\/div>\n\t\t\t\n\t\t\t\t\t\t\t\t\t<\/article>\n\t\t\t\t\t\t\t\t\t\t\t\t\t\t\t\t<article class=\"uagb-post__inner-wrap\">\t\t\t\t\t\t\t\t<div class='uagb-post__image'>\n\t\t\t\t\t\t\t\t\t<a href=\"https:\/\/www.familinparis.fr\/en\/if-versailles-was-told-to-me-guided-tour\/\" target=\"_self\" rel=\"bookmark noopener noreferrer\" class='uagb-image-ratio-inherit'><img decoding=\"async\" width=\"270\" height=\"180\" src=\"https:\/\/www.familinparis.fr\/wp-content\/uploads\/photos-familinparis-2021\/monument\/fontaine-parc-du-chateau-de-versailles-\u00a9FamilinParis-270x180.jpg\" class=\"attachment-post-thumbnail size-post-thumbnail\" alt=\"\" srcset=\"https:\/\/www.familinparis.fr\/wp-content\/uploads\/photos-familinparis-2021\/monument\/fontaine-parc-du-chateau-de-versailles-\u00a9FamilinParis-270x180.jpg 270w, https:\/\/www.familinparis.fr\/wp-content\/uploads\/photos-familinparis-2021\/monument\/fontaine-parc-du-chateau-de-versailles-\u00a9FamilinParis-300x200.jpg 300w, https:\/\/www.familinparis.fr\/wp-content\/uploads\/photos-familinparis-2021\/monument\/fontaine-parc-du-chateau-de-versailles-\u00a9FamilinParis-1024x682.jpg 1024w, https:\/\/www.familinparis.fr\/wp-content\/uploads\/photos-familinparis-2021\/monument\/fontaine-parc-du-chateau-de-versailles-\u00a9FamilinParis-18x12.jpg 18w, https:\/\/www.familinparis.fr\/wp-content\/uploads\/photos-familinparis-2021\/monument\/fontaine-parc-du-chateau-de-versailles-\u00a9FamilinParis-730x486.jpg 730w, https:\/\/www.familinparis.fr\/wp-content\/uploads\/photos-familinparis-2021\/monument\/fontaine-parc-du-chateau-de-versailles-\u00a9FamilinParis.jpg 1280w\" sizes=\"(max-width: 270px) 100vw, 270px\" \/>\t\t\t\t\t<\/a>\n\t\t\t\t\t\t\t<\/div>\n\t\t\t\t\t\t<h4 class=\"uagb-post__title uagb-post__text\">\n\t\t\t\t<a href=\"https:\/\/www.familinparis.fr\/en\/if-versailles-was-told-to-me-guided-tour\/\" target=\"_self\" rel=\"bookmark noopener noreferrer\">If Versailles was told to me (guided tour)<\/a>\n\t\t\t<\/h4>\n\t\t\t\t\t\t<div class='uagb-post__text uagb-post-grid-byline'>\n\t\t\t\t\t\t\t<\/div>\n\t\t\t\n\t\t\t\t\t\t\t\t\t<\/article>\n\t\t\t\t\t\t\t\t\t\t\t\t\t\t\t\t<article class=\"uagb-post__inner-wrap\">\t\t\t\t\t\t\t\t<div class='uagb-post__image'>\n\t\t\t\t\t\t\t\t\t<a href=\"https:\/\/www.familinparis.fr\/en\/treasure-hunt-investigation-saint-germain-en-laye-mystery-hunt-78\/\" target=\"_self\" rel=\"bookmark noopener noreferrer\" class='uagb-image-ratio-inherit'><img decoding=\"async\" width=\"270\" height=\"180\" src=\"https:\/\/www.familinparis.fr\/wp-content\/uploads\/2026\/01\/Saint-Germain-final2-270x180.jpg\" class=\"attachment-post-thumbnail size-post-thumbnail\" alt=\"Le Cabinet noir. Escape game et jeu de piste ext\u00e9rieur \u00e0 saint-en-Laye (78)\" srcset=\"https:\/\/www.familinparis.fr\/wp-content\/uploads\/2026\/01\/Saint-Germain-final2-270x180.jpg 270w, https:\/\/www.familinparis.fr\/wp-content\/uploads\/2026\/01\/Saint-Germain-final2-300x199.jpg 300w, https:\/\/www.familinparis.fr\/wp-content\/uploads\/2026\/01\/Saint-Germain-final2-768x510.jpg 768w, https:\/\/www.familinparis.fr\/wp-content\/uploads\/2026\/01\/Saint-Germain-final2-730x485.jpg 730w, https:\/\/www.familinparis.fr\/wp-content\/uploads\/2026\/01\/Saint-Germain-final2.jpg 900w\" sizes=\"(max-width: 270px) 100vw, 270px\" \/>\t\t\t\t\t<\/a>\n\t\t\t\t\t\t\t<\/div>\n\t\t\t\t\t\t<h4 class=\"uagb-post__title uagb-post__text\">\n\t\t\t\t<a href=\"https:\/\/www.familinparis.fr\/en\/treasure-hunt-investigation-saint-germain-en-laye-mystery-hunt-78\/\" target=\"_self\" rel=\"bookmark noopener noreferrer\">2 Hours to Belong to the Black Cabinet &#8211; Investigation<\/a>\n\t\t\t<\/h4>\n\t\t\t\t\t\t<div class='uagb-post__text uagb-post-grid-byline'>\n\t\t\t\t\t\t\t<\/div>\n\t\t\t\n\t\t\t\t\t\t\t\t\t<\/article>\n\t\t\t\t\t\t\t\t\t\t\t\t\t\t\t\t<article class=\"uagb-post__inner-wrap\">\t\t\t\t\t\t\t\t<div class='uagb-post__image'>\n\t\t\t\t\t\t\t\t\t<a href=\"https:\/\/www.familinparis.fr\/en\/revolution-tour-versailles-guided-tour\/\" target=\"_self\" rel=\"bookmark noopener noreferrer\" class='uagb-image-ratio-inherit'><img decoding=\"async\" width=\"270\" height=\"180\" src=\"https:\/\/www.familinparis.fr\/wp-content\/uploads\/Visites-Insolites\/Versailles\/Versailles-Revolution-Tour-2025-270x180.jpg\" class=\"attachment-post-thumbnail size-post-thumbnail\" alt=\"revolution tour \u00e0 Versailles\" \/>\t\t\t\t\t<\/a>\n\t\t\t\t\t\t\t<\/div>\n\t\t\t\t\t\t<h4 class=\"uagb-post__title uagb-post__text\">\n\t\t\t\t<a href=\"https:\/\/www.familinparis.fr\/en\/revolution-tour-versailles-guided-tour\/\" target=\"_self\" rel=\"bookmark noopener noreferrer\">Revolution tour Versailles (guided tour)<\/a>\n\t\t\t<\/h4>\n\t\t\t\t\t\t<div class='uagb-post__text uagb-post-grid-byline'>\n\t\t\t\t\t\t\t<\/div>\n\t\t\t\n\t\t\t\t\t\t\t\t\t<\/article>\n\t\t\t\t\t\t\t\t\t\t\t\t\t\t\t\t<article class=\"uagb-post__inner-wrap\">\t\t\t\t\t\t\t\t<div class='uagb-post__image'>\n\t\t\t\t\t\t\t\t\t<a href=\"https:\/\/www.familinparis.fr\/en\/2-hours-in-1789-treasure-hunt\/\" target=\"_self\" rel=\"bookmark noopener noreferrer\" class='uagb-image-ratio-inherit'><img decoding=\"async\" width=\"270\" height=\"180\" src=\"https:\/\/www.familinparis.fr\/wp-content\/uploads\/Visites-Insolites\/Versailles\/2-heures-en-1789-Versailles-2025-270x180.jpg\" class=\"attachment-post-thumbnail size-post-thumbnail\" alt=\"2 heures en 1789, jeu de piste historique\" \/>\t\t\t\t\t<\/a>\n\t\t\t\t\t\t\t<\/div>\n\t\t\t\t\t\t<h4 class=\"uagb-post__title uagb-post__text\">\n\t\t\t\t<a href=\"https:\/\/www.familinparis.fr\/en\/2-hours-in-1789-treasure-hunt\/\" target=\"_self\" rel=\"bookmark noopener noreferrer\">2 hours in 1789: treasure hunt in Versailles<\/a>\n\t\t\t<\/h4>\n\t\t\t\t\t\t<div class='uagb-post__text uagb-post-grid-byline'>\n\t\t\t\t\t\t\t<\/div>\n\t\t\t\n\t\t\t\t\t\t\t\t\t<\/article>\n\t\t\t\t\t\t\t\t\t\t\t\t\t\t\t\t<article class=\"uagb-post__inner-wrap\">\t\t\t\t\t\t\t\t<div class='uagb-post__image'>\n\t\t\t\t\t\t\t\t\t<a href=\"https:\/\/www.familinparis.fr\/en\/la-serenade-royale-galerie-des-glaces-chateau-de-versailles\/\" target=\"_self\" rel=\"bookmark noopener noreferrer\" class='uagb-image-ratio-inherit'><img decoding=\"async\" width=\"270\" height=\"180\" src=\"https:\/\/www.familinparis.fr\/wp-content\/uploads\/2025\/06\/affichesserenaderoyale40x601_1737543649-270x180.jpg\" class=\"attachment-post-thumbnail size-post-thumbnail\" alt=\"La S\u00e9r\u00e9nade royale au Ch\u00e2teau de Versailles\" \/>\t\t\t\t\t<\/a>\n\t\t\t\t\t\t\t<\/div>\n\t\t\t\t\t\t<h4 class=\"uagb-post__title uagb-post__text\">\n\t\t\t\t<a href=\"https:\/\/www.familinparis.fr\/en\/la-serenade-royale-galerie-des-glaces-chateau-de-versailles\/\" target=\"_self\" rel=\"bookmark noopener noreferrer\">The Royal Serenade in the Hall of Mirrors<\/a>\n\t\t\t<\/h4>\n\t\t\t\t\t\t<div class='uagb-post__text uagb-post-grid-byline'>\n\t\t\t\t\t\t\t<\/div>\n\t\t\t\n\t\t\t\t\t\t\t\t\t<\/article>\n\t\t\t\t\t\t\t\t\t\t\t\t\t\t\t\t<article class=\"uagb-post__inner-wrap\">\t\t\t\t\t\t\t\t<div class='uagb-post__image'>\n\t\t\t\t\t\t\t\t\t<a href=\"https:\/\/www.familinparis.fr\/en\/palace-of-versailles\/\" target=\"_self\" rel=\"bookmark noopener noreferrer\" class='uagb-image-ratio-inherit'><img decoding=\"async\" width=\"270\" height=\"180\" src=\"https:\/\/www.familinparis.fr\/wp-content\/uploads\/photos-familinparis-2021\/monument\/la-galerie-des-glaces-chateau-de-versailles-\u00a9FamilinParis-270x180.jpg\" class=\"attachment-post-thumbnail size-post-thumbnail\" alt=\"\" srcset=\"https:\/\/www.familinparis.fr\/wp-content\/uploads\/photos-familinparis-2021\/monument\/la-galerie-des-glaces-chateau-de-versailles-\u00a9FamilinParis-270x180.jpg 270w, https:\/\/www.familinparis.fr\/wp-content\/uploads\/photos-familinparis-2021\/monument\/la-galerie-des-glaces-chateau-de-versailles-\u00a9FamilinParis-300x200.jpg 300w, https:\/\/www.familinparis.fr\/wp-content\/uploads\/photos-familinparis-2021\/monument\/la-galerie-des-glaces-chateau-de-versailles-\u00a9FamilinParis-1024x682.jpg 1024w, https:\/\/www.familinparis.fr\/wp-content\/uploads\/photos-familinparis-2021\/monument\/la-galerie-des-glaces-chateau-de-versailles-\u00a9FamilinParis-18x12.jpg 18w, https:\/\/www.familinparis.fr\/wp-content\/uploads\/photos-familinparis-2021\/monument\/la-galerie-des-glaces-chateau-de-versailles-\u00a9FamilinParis-730x486.jpg 730w, https:\/\/www.familinparis.fr\/wp-content\/uploads\/photos-familinparis-2021\/monument\/la-galerie-des-glaces-chateau-de-versailles-\u00a9FamilinParis.jpg 1280w\" sizes=\"(max-width: 270px) 100vw, 270px\" \/>\t\t\t\t\t<\/a>\n\t\t\t\t\t\t\t<\/div>\n\t\t\t\t\t\t<h4 class=\"uagb-post__title uagb-post__text\">\n\t\t\t\t<a href=\"https:\/\/www.familinparis.fr\/en\/palace-of-versailles\/\" target=\"_self\" rel=\"bookmark noopener noreferrer\">Fun activities and outings in Versailles<\/a>\n\t\t\t<\/h4>\n\t\t\t\t\t\t<div class='uagb-post__text uagb-post-grid-byline'>\n\t\t\t\t\t\t\t<\/div>\n\t\t\t\n\t\t\t\t\t\t\t\t\t<\/article>\n\t\t\t\t\t\t\t\t\t\t\t\t\t\t\t\t<article class=\"uagb-post__inner-wrap\">\t\t\t\t\t\t\t\t<div class='uagb-post__image'>\n\t\t\t\t\t\t\t\t\t<a href=\"https:\/\/www.familinparis.fr\/en\/the-estate-of-trianon\/\" target=\"_self\" rel=\"bookmark noopener noreferrer\" class='uagb-image-ratio-inherit'><img decoding=\"async\" width=\"270\" height=\"180\" src=\"https:\/\/www.familinparis.fr\/wp-content\/uploads\/Chateaux\/Versailles\/le-petit-trianon-a-versailles-78-270x180.jpg\" class=\"attachment-post-thumbnail size-post-thumbnail\" alt=\"\" \/>\t\t\t\t\t<\/a>\n\t\t\t\t\t\t\t<\/div>\n\t\t\t\t\t\t<h4 class=\"uagb-post__title uagb-post__text\">\n\t\t\t\t<a href=\"https:\/\/www.familinparis.fr\/en\/the-estate-of-trianon\/\" target=\"_self\" rel=\"bookmark noopener noreferrer\">The Estate of Trianon<\/a>\n\t\t\t<\/h4>\n\t\t\t\t\t\t<div class='uagb-post__text uagb-post-grid-byline'>\n\t\t\t\t\t\t\t<\/div>\n\t\t\t\n\t\t\t\t\t\t\t\t\t<\/article>\n\t\t\t\t\t\t\t\t\t\t\t<\/div>\n\t\t\t\n<div style=\"height:50px\" aria-hidden=\"true\" class=\"wp-block-spacer\"><\/div>\n","protected":false},"excerpt":{"rendered":"<p>The AccroCamp of Saint-Germain-en-Laye, a tree climbing course located in the 78<\/p>\n","protected":false},"author":6,"featured_media":152094,"comment_status":"open","ping_status":"open","sticky":false,"template":"","format":"standard","meta":{"_uag_custom_page_level_css":"","footnotes":""},"categories":[1339,1246,1340],"tags":[349,1277,1216,1386,1375,1208,1226,1206,1209,1401,1217,1512,1241,1247],"class_list":{"0":"post-135863","1":"post","2":"type-post","3":"status-publish","4":"format-standard","5":"has-post-thumbnail","7":"category-idf-en","8":"category-leisure-en","9":"category-tree-climbing","10":"tag-1er-mai","11":"tag-all-hallows","12":"tag-ascension-en","13":"tag-easter-holidays","14":"tag-february-holidays","15":"tag-for-3-6-year-olds","16":"tag-for-7-12-year-olds","17":"tag-for-teens","18":"tag-good-looking","19":"tag-ile-de-france-en","20":"tag-pentecost","21":"tag-vacances-d-ete","22":"tag-wednesday","23":"tag-yvelines-en"},"yoast_head":"<!-- This site is optimized with the Yoast SEO plugin v27.2 - https:\/\/yoast.com\/product\/yoast-seo-wordpress\/ -->\n<title>The AccroCamp Saint-Germain-en-Laye, a tree climbing course in the 78<\/title>\n<meta name=\"robots\" content=\"index, follow, max-snippet:-1, max-image-preview:large, max-video-preview:-1\" \/>\n<link rel=\"canonical\" href=\"https:\/\/www.familinparis.fr\/en\/accrocamp-saint-germain-en-laye\/\" \/>\n<meta property=\"og:locale\" content=\"en_US\" \/>\n<meta property=\"og:type\" content=\"article\" \/>\n<meta property=\"og:title\" content=\"The AccroCamp Saint-Germain-en-Laye, a tree climbing course in the 78\" \/>\n<meta property=\"og:description\" content=\"The AccroCamp of Saint-Germain-en-Laye, a tree climbing course located in the 78\" \/>\n<meta property=\"og:url\" content=\"https:\/\/www.familinparis.fr\/en\/accrocamp-saint-germain-en-laye\/\" \/>\n<meta property=\"og:site_name\" content=\"Familin&#039;Paris\" \/>\n<meta property=\"article:published_time\" content=\"2021-10-12T10:24:45+00:00\" \/>\n<meta property=\"article:modified_time\" content=\"2024-11-16T15:21:07+00:00\" \/>\n<meta property=\"og:image\" content=\"https:\/\/www.familinparis.fr\/wp-content\/uploads\/2021\/10\/ritae-climb-2490783_1280.jpg\" \/>\n\t<meta property=\"og:image:width\" content=\"900\" \/>\n\t<meta property=\"og:image:height\" content=\"600\" \/>\n\t<meta property=\"og:image:type\" content=\"image\/jpeg\" \/>\n<meta name=\"author\" content=\"Agn\u00e8s\" \/>\n<meta name=\"twitter:card\" content=\"summary_large_image\" \/>\n<meta name=\"twitter:label1\" content=\"Written by\" \/>\n\t<meta name=\"twitter:data1\" content=\"Agn\u00e8s\" \/>\n\t<meta name=\"twitter:label2\" content=\"Est. reading time\" \/>\n\t<meta name=\"twitter:data2\" content=\"1 minute\" \/>\n<script type=\"application\/ld+json\" class=\"yoast-schema-graph\">{\"@context\":\"https:\/\/schema.org\",\"@graph\":[{\"@type\":\"Article\",\"@id\":\"https:\/\/www.familinparis.fr\/en\/accrocamp-saint-germain-en-laye\/#article\",\"isPartOf\":{\"@id\":\"https:\/\/www.familinparis.fr\/en\/accrocamp-saint-germain-en-laye\/\"},\"author\":{\"name\":\"Agn\u00e8s\",\"@id\":\"https:\/\/www.familinparis.fr\/en\/#\/schema\/person\/20deb9130cb58f76b535d316fe0aa31f\"},\"headline\":\"AccroCamp Saint-Germain-en-Laye\",\"datePublished\":\"2021-10-12T10:24:45+00:00\",\"dateModified\":\"2024-11-16T15:21:07+00:00\",\"mainEntityOfPage\":{\"@id\":\"https:\/\/www.familinparis.fr\/en\/accrocamp-saint-germain-en-laye\/\"},\"wordCount\":266,\"commentCount\":0,\"image\":{\"@id\":\"https:\/\/www.familinparis.fr\/en\/accrocamp-saint-germain-en-laye\/#primaryimage\"},\"thumbnailUrl\":\"https:\/\/www.familinparis.fr\/wp-content\/uploads\/2021\/10\/ritae-climb-2490783_1280.jpg\",\"keywords\":[\"1er mai\",\"All Hallows\",\"Ascension\",\"Easter holidays\",\"February holidays\",\"For 3-6 year olds\",\"For 7-12 year olds\",\"For teens\",\"Good looking\",\"Ile de France\",\"Pentecost\",\"Vacances d'\u00e9t\u00e9\",\"Wednesday\",\"Yvelines\"],\"articleSection\":[\"IDF\",\"Leisure\",\"Tree climbing\"],\"inLanguage\":\"en-US\",\"potentialAction\":[{\"@type\":\"CommentAction\",\"name\":\"Comment\",\"target\":[\"https:\/\/www.familinparis.fr\/en\/accrocamp-saint-germain-en-laye\/#respond\"]}]},{\"@type\":\"WebPage\",\"@id\":\"https:\/\/www.familinparis.fr\/en\/accrocamp-saint-germain-en-laye\/\",\"url\":\"https:\/\/www.familinparis.fr\/en\/accrocamp-saint-germain-en-laye\/\",\"name\":\"The AccroCamp Saint-Germain-en-Laye, a tree climbing course in the 78\",\"isPartOf\":{\"@id\":\"https:\/\/www.familinparis.fr\/en\/#website\"},\"primaryImageOfPage\":{\"@id\":\"https:\/\/www.familinparis.fr\/en\/accrocamp-saint-germain-en-laye\/#primaryimage\"},\"image\":{\"@id\":\"https:\/\/www.familinparis.fr\/en\/accrocamp-saint-germain-en-laye\/#primaryimage\"},\"thumbnailUrl\":\"https:\/\/www.familinparis.fr\/wp-content\/uploads\/2021\/10\/ritae-climb-2490783_1280.jpg\",\"datePublished\":\"2021-10-12T10:24:45+00:00\",\"dateModified\":\"2024-11-16T15:21:07+00:00\",\"author\":{\"@id\":\"https:\/\/www.familinparis.fr\/en\/#\/schema\/person\/20deb9130cb58f76b535d316fe0aa31f\"},\"breadcrumb\":{\"@id\":\"https:\/\/www.familinparis.fr\/en\/accrocamp-saint-germain-en-laye\/#breadcrumb\"},\"inLanguage\":\"en-US\",\"potentialAction\":[{\"@type\":\"ReadAction\",\"target\":[\"https:\/\/www.familinparis.fr\/en\/accrocamp-saint-germain-en-laye\/\"]}]},{\"@type\":\"ImageObject\",\"inLanguage\":\"en-US\",\"@id\":\"https:\/\/www.familinparis.fr\/en\/accrocamp-saint-germain-en-laye\/#primaryimage\",\"url\":\"https:\/\/www.familinparis.fr\/wp-content\/uploads\/2021\/10\/ritae-climb-2490783_1280.jpg\",\"contentUrl\":\"https:\/\/www.familinparis.fr\/wp-content\/uploads\/2021\/10\/ritae-climb-2490783_1280.jpg\",\"width\":900,\"height\":600,\"caption\":\"Accrobranches -\"},{\"@type\":\"BreadcrumbList\",\"@id\":\"https:\/\/www.familinparis.fr\/en\/accrocamp-saint-germain-en-laye\/#breadcrumb\",\"itemListElement\":[{\"@type\":\"ListItem\",\"position\":1,\"name\":\"Home\",\"item\":\"https:\/\/www.familinparis.fr\/en\/\"},{\"@type\":\"ListItem\",\"position\":2,\"name\":\"Leisure\",\"item\":\"https:\/\/www.familinparis.fr\/en\/categorie\/leisure-en\/\"},{\"@type\":\"ListItem\",\"position\":3,\"name\":\"Tree climbing\",\"item\":\"https:\/\/www.familinparis.fr\/en\/categorie\/leisure-en\/tree-climbing\/\"},{\"@type\":\"ListItem\",\"position\":4,\"name\":\"AccroCamp Saint-Germain-en-Laye\"}]},{\"@type\":\"WebSite\",\"@id\":\"https:\/\/www.familinparis.fr\/en\/#website\",\"url\":\"https:\/\/www.familinparis.fr\/en\/\",\"name\":\"Familin&#039;Paris\",\"description\":\"Visiter le meilleur de Paris avec des enfants : sorties, spectacles, adresses de restaurants, shopping, bons plans...\",\"potentialAction\":[{\"@type\":\"SearchAction\",\"target\":{\"@type\":\"EntryPoint\",\"urlTemplate\":\"https:\/\/www.familinparis.fr\/en\/?s={search_term_string}\"},\"query-input\":{\"@type\":\"PropertyValueSpecification\",\"valueRequired\":true,\"valueName\":\"search_term_string\"}}],\"inLanguage\":\"en-US\"},{\"@type\":\"Person\",\"@id\":\"https:\/\/www.familinparis.fr\/en\/#\/schema\/person\/20deb9130cb58f76b535d316fe0aa31f\",\"name\":\"Agn\u00e8s\",\"image\":{\"@type\":\"ImageObject\",\"inLanguage\":\"en-US\",\"@id\":\"https:\/\/secure.gravatar.com\/avatar\/0ff338e2776ca662585d438b3bc140cbe7b54659207d3329065be97ffb37fa5a?s=96&d=identicon&r=g\",\"url\":\"https:\/\/secure.gravatar.com\/avatar\/0ff338e2776ca662585d438b3bc140cbe7b54659207d3329065be97ffb37fa5a?s=96&d=identicon&r=g\",\"contentUrl\":\"https:\/\/secure.gravatar.com\/avatar\/0ff338e2776ca662585d438b3bc140cbe7b54659207d3329065be97ffb37fa5a?s=96&d=identicon&r=g\",\"caption\":\"Agn\u00e8s\"}}]}<\/script>\n<!-- \/ Yoast SEO plugin. -->","yoast_head_json":{"title":"The AccroCamp Saint-Germain-en-Laye, a tree climbing course in the 78","robots":{"index":"index","follow":"follow","max-snippet":"max-snippet:-1","max-image-preview":"max-image-preview:large","max-video-preview":"max-video-preview:-1"},"canonical":"https:\/\/www.familinparis.fr\/en\/accrocamp-saint-germain-en-laye\/","og_locale":"en_US","og_type":"article","og_title":"The AccroCamp Saint-Germain-en-Laye, a tree climbing course in the 78","og_description":"The AccroCamp of Saint-Germain-en-Laye, a tree climbing course located in the 78","og_url":"https:\/\/www.familinparis.fr\/en\/accrocamp-saint-germain-en-laye\/","og_site_name":"Familin&#039;Paris","article_published_time":"2021-10-12T10:24:45+00:00","article_modified_time":"2024-11-16T15:21:07+00:00","og_image":[{"width":900,"height":600,"url":"https:\/\/www.familinparis.fr\/wp-content\/uploads\/2021\/10\/ritae-climb-2490783_1280.jpg","type":"image\/jpeg"}],"author":"Agn\u00e8s","twitter_card":"summary_large_image","twitter_misc":{"Written by":"Agn\u00e8s","Est. reading time":"1 minute"},"schema":{"@context":"https:\/\/schema.org","@graph":[{"@type":"Article","@id":"https:\/\/www.familinparis.fr\/en\/accrocamp-saint-germain-en-laye\/#article","isPartOf":{"@id":"https:\/\/www.familinparis.fr\/en\/accrocamp-saint-germain-en-laye\/"},"author":{"name":"Agn\u00e8s","@id":"https:\/\/www.familinparis.fr\/en\/#\/schema\/person\/20deb9130cb58f76b535d316fe0aa31f"},"headline":"AccroCamp Saint-Germain-en-Laye","datePublished":"2021-10-12T10:24:45+00:00","dateModified":"2024-11-16T15:21:07+00:00","mainEntityOfPage":{"@id":"https:\/\/www.familinparis.fr\/en\/accrocamp-saint-germain-en-laye\/"},"wordCount":266,"commentCount":0,"image":{"@id":"https:\/\/www.familinparis.fr\/en\/accrocamp-saint-germain-en-laye\/#primaryimage"},"thumbnailUrl":"https:\/\/www.familinparis.fr\/wp-content\/uploads\/2021\/10\/ritae-climb-2490783_1280.jpg","keywords":["1er mai","All Hallows","Ascension","Easter holidays","February holidays","For 3-6 year olds","For 7-12 year olds","For teens","Good looking","Ile de France","Pentecost","Vacances d'\u00e9t\u00e9","Wednesday","Yvelines"],"articleSection":["IDF","Leisure","Tree climbing"],"inLanguage":"en-US","potentialAction":[{"@type":"CommentAction","name":"Comment","target":["https:\/\/www.familinparis.fr\/en\/accrocamp-saint-germain-en-laye\/#respond"]}]},{"@type":"WebPage","@id":"https:\/\/www.familinparis.fr\/en\/accrocamp-saint-germain-en-laye\/","url":"https:\/\/www.familinparis.fr\/en\/accrocamp-saint-germain-en-laye\/","name":"The AccroCamp Saint-Germain-en-Laye, a tree climbing course in the 78","isPartOf":{"@id":"https:\/\/www.familinparis.fr\/en\/#website"},"primaryImageOfPage":{"@id":"https:\/\/www.familinparis.fr\/en\/accrocamp-saint-germain-en-laye\/#primaryimage"},"image":{"@id":"https:\/\/www.familinparis.fr\/en\/accrocamp-saint-germain-en-laye\/#primaryimage"},"thumbnailUrl":"https:\/\/www.familinparis.fr\/wp-content\/uploads\/2021\/10\/ritae-climb-2490783_1280.jpg","datePublished":"2021-10-12T10:24:45+00:00","dateModified":"2024-11-16T15:21:07+00:00","author":{"@id":"https:\/\/www.familinparis.fr\/en\/#\/schema\/person\/20deb9130cb58f76b535d316fe0aa31f"},"breadcrumb":{"@id":"https:\/\/www.familinparis.fr\/en\/accrocamp-saint-germain-en-laye\/#breadcrumb"},"inLanguage":"en-US","potentialAction":[{"@type":"ReadAction","target":["https:\/\/www.familinparis.fr\/en\/accrocamp-saint-germain-en-laye\/"]}]},{"@type":"ImageObject","inLanguage":"en-US","@id":"https:\/\/www.familinparis.fr\/en\/accrocamp-saint-germain-en-laye\/#primaryimage","url":"https:\/\/www.familinparis.fr\/wp-content\/uploads\/2021\/10\/ritae-climb-2490783_1280.jpg","contentUrl":"https:\/\/www.familinparis.fr\/wp-content\/uploads\/2021\/10\/ritae-climb-2490783_1280.jpg","width":900,"height":600,"caption":"Accrobranches -"},{"@type":"BreadcrumbList","@id":"https:\/\/www.familinparis.fr\/en\/accrocamp-saint-germain-en-laye\/#breadcrumb","itemListElement":[{"@type":"ListItem","position":1,"name":"Home","item":"https:\/\/www.familinparis.fr\/en\/"},{"@type":"ListItem","position":2,"name":"Leisure","item":"https:\/\/www.familinparis.fr\/en\/categorie\/leisure-en\/"},{"@type":"ListItem","position":3,"name":"Tree climbing","item":"https:\/\/www.familinparis.fr\/en\/categorie\/leisure-en\/tree-climbing\/"},{"@type":"ListItem","position":4,"name":"AccroCamp Saint-Germain-en-Laye"}]},{"@type":"WebSite","@id":"https:\/\/www.familinparis.fr\/en\/#website","url":"https:\/\/www.familinparis.fr\/en\/","name":"Familin&#039;Paris","description":"Visiter le meilleur de Paris avec des enfants : sorties, spectacles, adresses de restaurants, shopping, bons plans...","potentialAction":[{"@type":"SearchAction","target":{"@type":"EntryPoint","urlTemplate":"https:\/\/www.familinparis.fr\/en\/?s={search_term_string}"},"query-input":{"@type":"PropertyValueSpecification","valueRequired":true,"valueName":"search_term_string"}}],"inLanguage":"en-US"},{"@type":"Person","@id":"https:\/\/www.familinparis.fr\/en\/#\/schema\/person\/20deb9130cb58f76b535d316fe0aa31f","name":"Agn\u00e8s","image":{"@type":"ImageObject","inLanguage":"en-US","@id":"https:\/\/secure.gravatar.com\/avatar\/0ff338e2776ca662585d438b3bc140cbe7b54659207d3329065be97ffb37fa5a?s=96&d=identicon&r=g","url":"https:\/\/secure.gravatar.com\/avatar\/0ff338e2776ca662585d438b3bc140cbe7b54659207d3329065be97ffb37fa5a?s=96&d=identicon&r=g","contentUrl":"https:\/\/secure.gravatar.com\/avatar\/0ff338e2776ca662585d438b3bc140cbe7b54659207d3329065be97ffb37fa5a?s=96&d=identicon&r=g","caption":"Agn\u00e8s"}}]}},"uagb_featured_image_src":{"full":["https:\/\/www.familinparis.fr\/wp-content\/uploads\/2021\/10\/ritae-climb-2490783_1280.jpg",900,600,false],"thumbnail":["https:\/\/www.familinparis.fr\/wp-content\/uploads\/2021\/10\/ritae-climb-2490783_1280-150x150.jpg",150,150,true],"medium":["https:\/\/www.familinparis.fr\/wp-content\/uploads\/2021\/10\/ritae-climb-2490783_1280-300x200.jpg",300,200,true],"medium_large":["https:\/\/www.familinparis.fr\/wp-content\/uploads\/2021\/10\/ritae-climb-2490783_1280-768x512.jpg",768,512,true],"large":["https:\/\/www.familinparis.fr\/wp-content\/uploads\/2021\/10\/ritae-climb-2490783_1280.jpg",770,513,false],"1536x1536":["https:\/\/www.familinparis.fr\/wp-content\/uploads\/2021\/10\/ritae-climb-2490783_1280.jpg",900,600,false],"2048x2048":["https:\/\/www.familinparis.fr\/wp-content\/uploads\/2021\/10\/ritae-climb-2490783_1280.jpg",900,600,false],"home-thumb":["https:\/\/www.familinparis.fr\/wp-content\/uploads\/2021\/10\/ritae-climb-2490783_1280-730x487.jpg",730,487,true],"home-slider":["https:\/\/www.familinparis.fr\/wp-content\/uploads\/2021\/10\/ritae-climb-2490783_1280-800x600.jpg",800,600,true],"lightbox-slider-size":["https:\/\/www.familinparis.fr\/wp-content\/uploads\/2021\/10\/ritae-climb-2490783_1280-564x282.jpg",564,282,true],"post-thumbnail":["https:\/\/www.familinparis.fr\/wp-content\/uploads\/2021\/10\/ritae-climb-2490783_1280-270x180.jpg",270,180,true],"cheerup-main":["https:\/\/www.familinparis.fr\/wp-content\/uploads\/2021\/10\/ritae-climb-2490783_1280-770x400.jpg",770,400,true],"cheerup-main-full":["https:\/\/www.familinparis.fr\/wp-content\/uploads\/2021\/10\/ritae-climb-2490783_1280-900x508.jpg",900,508,true],"cheerup-slider-alt":["https:\/\/www.familinparis.fr\/wp-content\/uploads\/2021\/10\/ritae-climb-2490783_1280-900x508.jpg",900,508,true],"cheerup-slider-trendy":["https:\/\/www.familinparis.fr\/wp-content\/uploads\/2021\/10\/ritae-climb-2490783_1280-900x508.jpg",900,508,true],"cheerup-slider-stylish":["https:\/\/www.familinparis.fr\/wp-content\/uploads\/2021\/10\/ritae-climb-2490783_1280-900x515.jpg",900,515,true],"cheerup-slider-grid":["https:\/\/www.familinparis.fr\/wp-content\/uploads\/2021\/10\/ritae-climb-2490783_1280-870x600.jpg",870,600,true],"cheerup-slider-grid-sm":["https:\/\/www.familinparis.fr\/wp-content\/uploads\/2021\/10\/ritae-climb-2490783_1280-300x300.jpg",300,300,true],"cheerup-slider-carousel":["https:\/\/www.familinparis.fr\/wp-content\/uploads\/2021\/10\/ritae-climb-2490783_1280-370x370.jpg",370,370,true],"cheerup-slider-grid-b":["https:\/\/www.familinparis.fr\/wp-content\/uploads\/2021\/10\/ritae-climb-2490783_1280-554x466.jpg",554,466,true],"cheerup-slider-grid-b-sm":["https:\/\/www.familinparis.fr\/wp-content\/uploads\/2021\/10\/ritae-climb-2490783_1280-306x466.jpg",306,466,true],"cheerup-slider-bold-sm":["https:\/\/www.familinparis.fr\/wp-content\/uploads\/2021\/10\/ritae-climb-2490783_1280-150x150.jpg",150,150,true],"cheerup-grid":["https:\/\/www.familinparis.fr\/wp-content\/uploads\/2021\/10\/ritae-climb-2490783_1280-370x285.jpg",370,285,true],"cheerup-carousel":["https:\/\/www.familinparis.fr\/wp-content\/uploads\/2021\/10\/ritae-climb-2490783_1280-270x180.jpg",270,180,true],"cheerup-carousel-b":["https:\/\/www.familinparis.fr\/wp-content\/uploads\/2021\/10\/ritae-climb-2490783_1280-370x285.jpg",370,285,true],"cheerup-list":["https:\/\/www.familinparis.fr\/wp-content\/uploads\/2021\/10\/ritae-climb-2490783_1280-260x200.jpg",260,200,true],"cheerup-list-b":["https:\/\/www.familinparis.fr\/wp-content\/uploads\/2021\/10\/ritae-climb-2490783_1280-370x305.jpg",370,305,true],"cheerup-thumb":["https:\/\/www.familinparis.fr\/wp-content\/uploads\/2021\/10\/ritae-climb-2490783_1280-87x67.jpg",87,67,true],"cheerup-thumb-alt":["https:\/\/www.familinparis.fr\/wp-content\/uploads\/2021\/10\/ritae-climb-2490783_1280-150x150.jpg",150,150,true]},"uagb_author_info":{"display_name":"Agn\u00e8s","author_link":"https:\/\/www.familinparis.fr\/en\/author\/agnes\/"},"uagb_comment_info":0,"uagb_excerpt":"The AccroCamp of Saint-Germain-en-Laye, a tree climbing course located in the 78","_links":{"self":[{"href":"https:\/\/www.familinparis.fr\/en\/wp-json\/wp\/v2\/posts\/135863","targetHints":{"allow":["GET"]}}],"collection":[{"href":"https:\/\/www.familinparis.fr\/en\/wp-json\/wp\/v2\/posts"}],"about":[{"href":"https:\/\/www.familinparis.fr\/en\/wp-json\/wp\/v2\/types\/post"}],"author":[{"embeddable":true,"href":"https:\/\/www.familinparis.fr\/en\/wp-json\/wp\/v2\/users\/6"}],"replies":[{"embeddable":true,"href":"https:\/\/www.familinparis.fr\/en\/wp-json\/wp\/v2\/comments?post=135863"}],"version-history":[{"count":0,"href":"https:\/\/www.familinparis.fr\/en\/wp-json\/wp\/v2\/posts\/135863\/revisions"}],"wp:featuredmedia":[{"embeddable":true,"href":"https:\/\/www.familinparis.fr\/en\/wp-json\/wp\/v2\/media\/152094"}],"wp:attachment":[{"href":"https:\/\/www.familinparis.fr\/en\/wp-json\/wp\/v2\/media?parent=135863"}],"wp:term":[{"taxonomy":"category","embeddable":true,"href":"https:\/\/www.familinparis.fr\/en\/wp-json\/wp\/v2\/categories?post=135863"},{"taxonomy":"post_tag","embeddable":true,"href":"https:\/\/www.familinparis.fr\/en\/wp-json\/wp\/v2\/tags?post=135863"}],"curies":[{"name":"wp","href":"https:\/\/api.w.org\/{rel}","templated":true}]}}