{"id":135775,"date":"2022-02-13T15:11:46","date_gmt":"2022-02-13T13:11:46","guid":{"rendered":"https:\/\/www.familinparis.fr\/the-visit-costumed-walk-paris-in-the-time-of-the-knights-privatization\/"},"modified":"2024-11-16T17:19:11","modified_gmt":"2024-11-16T15:19:11","slug":"the-visit-costumed-walk-paris-in-the-time-of-the-knights-privatization","status":"publish","type":"post","link":"https:\/\/www.familinparis.fr\/en\/the-visit-costumed-walk-paris-in-the-time-of-the-knights-privatization\/","title":{"rendered":"The visit &#8220;Costumed walk, Paris in the time of the knights&#8221; (privatization)"},"content":{"rendered":"<div class=\"lazyblock-baseline-Z29cctv wp-block-lazyblock-baseline\"><div class=\"baseline\">For children from 6 to 10 years old <br>Dress up as a knight and countess to visit Medieval Paris<\/div><\/div>\n<div class=\"wp-block-buttons is-content-justification-center is-layout-flex wp-block-buttons-is-layout-flex\">\n<div class=\"wp-block-button\"><a class=\"wp-block-button__link has-black-color has-text-color has-background\" href=\"https:\/\/www.myurbanexperience.com\/fr\/visites-privees\/103-balade-costumee-pour-les-enfants-une-balade-au-temps-des-troubadours.html?utm_source=FAMILINPARIS\" style=\"background-color:#73c6b6\" target=\"_blank\" rel=\"noreferrer noopener\"><strong>I BOOK THIS PRIVATE TOUR<\/strong> <br\/><span class=\"has-inline-color has-vivid-red-color\">-10% with the code FAMILINPROMO<\/span> <\/a><\/div>\n\n\n\n<div class=\"wp-block-button\"><a class=\"wp-block-button__link has-black-color has-text-color has-background\" href=\"https:\/\/www.familinparis.fr\/en\/contact-us\/\" style=\"background-color:#73c6b6\" target=\"_blank\" rel=\"noreferrer noopener\"><strong>SCHOOL \/ LEISURE CENTRE \/ ASSOCIATIONS<\/strong><br\/>Contact us for a quote  <\/a><\/div>\n<\/div>\n\n<div style=\"height:31px\" aria-hidden=\"true\" class=\"wp-block-spacer\"><\/div>\n\n<div style=\"height:15px\" aria-hidden=\"true\" class=\"wp-block-spacer\"><\/div>\n\n<div class=\"wp-block-image\"><figure class=\"aligncenter size-large\"><img decoding=\"async\" width=\"1024\" height=\"576\" src=\"\/wp-content\/uploads\/Visites-Insolites\/visite-costumee-enfants\/paris-visite-medievale-1024x576.jpg\" alt=\"a guided tour to discover Medieval Paris\" class=\"wp-image-3613\" srcset=\"https:\/\/www.familinparis.fr\/wp-content\/uploads\/Visites-Insolites\/visite-costumee-enfants\/paris-visite-medievale-1024x576.jpg 1024w, https:\/\/www.familinparis.fr\/wp-content\/uploads\/Visites-Insolites\/visite-costumee-enfants\/paris-visite-medievale-300x169.jpg 300w, https:\/\/www.familinparis.fr\/wp-content\/uploads\/Visites-Insolites\/visite-costumee-enfants\/paris-visite-medievale-768x432.jpg 768w, https:\/\/www.familinparis.fr\/wp-content\/uploads\/Visites-Insolites\/visite-costumee-enfants\/paris-visite-medievale-730x410.jpg 730w, https:\/\/www.familinparis.fr\/wp-content\/uploads\/Visites-Insolites\/visite-costumee-enfants\/paris-visite-medievale.jpg 1067w\" sizes=\"(max-width: 1024px) 100vw, 1024px\" \/><\/figure><\/div>\n\n<section class=\"wp-block-uagb-section uagb-section__wrap uagb-section__background-color uagb-block-ead78635\"><div class=\"uagb-section__overlay\"><\/div><div class=\"uagb-section__inner-wrap\">\n<h2 class=\"has-text-align-center wp-block-heading\">Guided tour &#8220;Costumed walk, Paris in the time of knights&#8221;<\/h2>\n\n\n\n<h3 class=\"has-text-align-center orange wp-block-heading\">For a birthday party \/ Family \/ For school or extracurricular activities  <\/h3>\n\n\n\n<ul class=\"wp-block-list\"><li>Review with your children in a fun way <strong>the history of France and Medieval Paris<\/strong> through a visit to a historic district that marked this era<\/li><li><strong>Points of interest of the walk<\/strong> : <a href=\"https:\/\/www.familinparis.fr\/le-quartier-de-notre-dame-ile-de-la-cite-ile-saint-louis\/\">Notre-Dame de Paris<\/a>, <a href=\"https:\/\/www.familinparis.fr\/en\/the-sainte-chapelle-and-the-conciergerie\/\">the Sainte Chapelle<\/a>, the banks of the Seine on the side of the \u00cele de la Cit\u00e9 and the \u00cele Saint Louis<\/li><li>Children love to dress up and are very captive by putting themselves in the shoes of a knight or princess of the medieval era<\/li><li><strong>During the visit, a short break at Place Dauphine to organize a small knights&#8217; tournament<\/strong><\/li><li>The objective of this tour is to discover Paris while having fun. It is as exciting for children as it is for adults <\/li><li>This walk is led by tour guides, specialists in the Middle Ages<\/li><li>The guide adapts his commentary according to the age of the children<\/li><\/ul>\n\n\n\n<h3 class=\"wp-block-heading\">Costumes for 6\/11 year olds<\/h3>\n\n\n\n<ul class=\"wp-block-list\"><li><strong>Complete costumes (disguises) of knights or countesses<\/strong> will be lent to children who wish to do so<\/li><li>Or simple <strong>accessories (shields, swords&#8230;)<\/strong> for those who don&#8217;t want to dress up<\/li><li>Costumes are put on over clothes, no need to undress them<\/li><\/ul>\n\n\n\n<h3 class=\"wp-block-heading\">Practical information<\/h3>\n\n\n\n<ul class=\"wp-block-list\"><li><strong>Age<\/strong> : from 6 years old<\/li><li><strong>Meeting point<\/strong> : Saint-Michel metro station<\/li><li><strong>Duration<\/strong> : 1h30 (route of about 2km)<\/li><li>Tour provided by <strong>professional tour guides<\/strong> (in French or English)<\/li><li>The monuments and buildings are not visited but their history is told to the children<\/li><li>Mandatory presence of at least one adult during the visit<\/li><li>Afternoon tea is not included on this tour when booked for <a href=\"https:\/\/www.familinparis.fr\/en\/our-birthday-packages-for-children-and-teenagers\/\">a birthday<\/a><\/li><\/ul>\n<\/div><\/section>\n\n<div style=\"height:38px\" aria-hidden=\"true\" class=\"wp-block-spacer\"><\/div>\n\n<h2 class=\"wp-block-heading\">Frequently Asked Questions<\/h2>\n\n<ul class=\"wp-block-list\"><li>Can we cancel the tour if we have an impediment? You will find the cancellation conditions on our partner&#8217;s website (click on BOOK) <\/li><li>Can we cancel the tour if we have an impediment? You will find the cancellation conditions on our partner&#8217;s website (click on BOOK) <\/li><li>Can the walk be done with a child in a stroller? Yes, no problem. It&#8217;s a street excursion. You can take baby   <\/li><li>And in a wheelchair? There are stairs on the course. In this case, you must notify the organizers before the visit  <\/li><li>Are adults dressed up? No, the costumes are loaned to children only. But nothing prevents you from doing the same if you feel like it  <\/li><li>Can children keep the costumes on at the end of the tour? Unfortunately not, you will have to return them to the guide at the end of the visit! <\/li><\/ul>\n\n<div style=\"height:31px\" aria-hidden=\"true\" class=\"wp-block-spacer\"><\/div>\n\n<hr class=\"wp-block-separator is-style-wide\"\/>\n\n<h2 class=\"wp-block-heading\">Cool guided tours in Paris<\/h2>\n\n\t\t\t<div class=\"wp-block-uagb-post-grid uagb-post-grid  uagb-post__image-position-top uagb-post__image-enabled uagb-block-ed8d2269     uagb-post__items uagb-post__columns-5 is-grid uagb-post__columns-tablet-2 uagb-post__columns-mobile-1 uagb-post__equal-height\" data-total=\"7\" style=\"\">\n\n\t\t\t\t\t\t\t\t\t\t\t\t<article class=\"uagb-post__inner-wrap\">\t\t\t\t\t\t\t\t<div class='uagb-post__image'>\n\t\t\t\t\t\t\t\t\t<a href=\"https:\/\/www.familinparis.fr\/en\/the-masterpieces-of-the-louvre-children-vip-visit\/\" target=\"_self\" rel=\"bookmark noopener noreferrer\" class='uagb-image-ratio-inherit'><img decoding=\"async\" width=\"370\" height=\"281\" src=\"https:\/\/www.familinparis.fr\/wp-content\/uploads\/Visite-guidee-musee\/chefs-d-oeuvre-louvre-enfants-370x281.jpg\" class=\"attachment-cheerup-list-b size-cheerup-list-b\" alt=\"\" srcset=\"https:\/\/www.familinparis.fr\/wp-content\/uploads\/Visite-guidee-musee\/chefs-d-oeuvre-louvre-enfants-370x281.jpg 370w, https:\/\/www.familinparis.fr\/wp-content\/uploads\/Visite-guidee-musee\/chefs-d-oeuvre-louvre-enfants-87x67.jpg 87w\" sizes=\"(max-width: 370px) 100vw, 370px\" \/>\t\t\t\t\t<\/a>\n\t\t\t\t\t\t\t<\/div>\n\t\t\t\t\t\t<h4 class=\"uagb-post__title uagb-post__text\">\n\t\t\t\t<a href=\"https:\/\/www.familinparis.fr\/en\/the-masterpieces-of-the-louvre-children-vip-visit\/\" target=\"_self\" rel=\"bookmark noopener noreferrer\">The masterpieces of the Louvre &#8211; Children (VIP)<\/a>\n\t\t\t<\/h4>\n\t\t\t\t\t\t<div class='uagb-post__text uagb-post-grid-byline'>\n\t\t\t\t\t\t\t<\/div>\n\t\t\t\n\t\t\t\t\t\t\t\t\t<\/article>\n\t\t\t\t\t\t\t\t\t\t\t\t\t\t\t\t<article class=\"uagb-post__inner-wrap\">\t\t\t\t\t\t\t\t<div class='uagb-post__image'>\n\t\t\t\t\t\t\t\t\t<a href=\"https:\/\/www.familinparis.fr\/en\/virtual-reality-guided-tour-of-the-eiffel-tower-district-the-symbol-of-paris\/\" target=\"_self\" rel=\"bookmark noopener noreferrer\" class='uagb-image-ratio-inherit'><img decoding=\"async\" width=\"370\" height=\"305\" src=\"https:\/\/www.familinparis.fr\/wp-content\/uploads\/2026\/04\/experience_VR_le_symbole_de_paris-370x305.png\" class=\"attachment-cheerup-list-b size-cheerup-list-b\" alt=\"Le Symbole de Paris, exp\u00e9rience en VR\" \/>\t\t\t\t\t<\/a>\n\t\t\t\t\t\t\t<\/div>\n\t\t\t\t\t\t<h4 class=\"uagb-post__title uagb-post__text\">\n\t\t\t\t<a href=\"https:\/\/www.familinparis.fr\/en\/virtual-reality-guided-tour-of-the-eiffel-tower-district-the-symbol-of-paris\/\" target=\"_self\" rel=\"bookmark noopener noreferrer\">The Symbol of Paris &#8211; VR Experience<\/a>\n\t\t\t<\/h4>\n\t\t\t\t\t\t<div class='uagb-post__text uagb-post-grid-byline'>\n\t\t\t\t\t\t\t<\/div>\n\t\t\t\n\t\t\t\t\t\t\t\t\t<\/article>\n\t\t\t\t\t\t\t\t\t\t\t\t\t\t\t\t<article class=\"uagb-post__inner-wrap\">\t\t\t\t\t\t\t\t<div class='uagb-post__image'>\n\t\t\t\t\t\t\t\t\t<a href=\"https:\/\/www.familinparis.fr\/en\/magical-journey-to-the-land-of-the-elephant-god-ganesh-storytelling-tour\/\" target=\"_self\" rel=\"bookmark noopener noreferrer\" class='uagb-image-ratio-inherit'><img decoding=\"async\" width=\"370\" height=\"305\" src=\"https:\/\/www.familinparis.fr\/wp-content\/uploads\/photos-partenaires\/visite-guidee\/visite-enfant-famille-scolaire-musee-guimet-370x305.jpg\" class=\"attachment-cheerup-list-b size-cheerup-list-b\" alt=\"\" \/>\t\t\t\t\t<\/a>\n\t\t\t\t\t\t\t<\/div>\n\t\t\t\t\t\t<h4 class=\"uagb-post__title uagb-post__text\">\n\t\t\t\t<a href=\"https:\/\/www.familinparis.fr\/en\/magical-journey-to-the-land-of-the-elephant-god-ganesh-storytelling-tour\/\" target=\"_self\" rel=\"bookmark noopener noreferrer\">Magical Journey to the Land of the Elephant God Ganesh (Storytelling Tour)<\/a>\n\t\t\t<\/h4>\n\t\t\t\t\t\t<div class='uagb-post__text uagb-post-grid-byline'>\n\t\t\t\t\t\t\t<\/div>\n\t\t\t\n\t\t\t\t\t\t\t\t\t<\/article>\n\t\t\t\t\t\t\t\t\t\t\t\t\t\t\t\t<article class=\"uagb-post__inner-wrap\">\t\t\t\t\t\t\t\t<div class='uagb-post__image'>\n\t\t\t\t\t\t\t\t\t<a href=\"https:\/\/www.familinparis.fr\/en\/when-i-grow-up-i-will-be-pantheonized-family-visit\/\" target=\"_self\" rel=\"bookmark noopener noreferrer\" class='uagb-image-ratio-inherit'><img decoding=\"async\" width=\"370\" height=\"305\" src=\"https:\/\/www.familinparis.fr\/wp-content\/uploads\/photos-partenaires\/visite-guidee\/visite-famille-pantheon-ludo-et-sophie-370x305.jpg\" class=\"attachment-cheerup-list-b size-cheerup-list-b\" alt=\"\" \/>\t\t\t\t\t<\/a>\n\t\t\t\t\t\t\t<\/div>\n\t\t\t\t\t\t<h4 class=\"uagb-post__title uagb-post__text\">\n\t\t\t\t<a href=\"https:\/\/www.familinparis.fr\/en\/when-i-grow-up-i-will-be-pantheonized-family-visit\/\" target=\"_self\" rel=\"bookmark noopener noreferrer\">When I grow up, I will be pantheonized (family visit)<\/a>\n\t\t\t<\/h4>\n\t\t\t\t\t\t<div class='uagb-post__text uagb-post-grid-byline'>\n\t\t\t\t\t\t\t<\/div>\n\t\t\t\n\t\t\t\t\t\t\t\t\t<\/article>\n\t\t\t\t\t\t\t\t\t\t\t\t\t\t\t\t<article class=\"uagb-post__inner-wrap\">\t\t\t\t\t\t\t\t<div class='uagb-post__image'>\n\t\t\t\t\t\t\t\t\t<a href=\"https:\/\/www.familinparis.fr\/en\/who-benefits-from-the-crime-survey-visit\/\" target=\"_self\" rel=\"bookmark noopener noreferrer\" class='uagb-image-ratio-inherit'><img decoding=\"async\" width=\"370\" height=\"305\" src=\"https:\/\/www.familinparis.fr\/wp-content\/uploads\/2026\/04\/Histoire-des-grands-criminels.-musee-de-la-police-370x305.jpg\" class=\"attachment-cheerup-list-b size-cheerup-list-b\" alt=\"visite guid\u00e9e au mus\u00e9e de la police \u00e0 paris\" \/>\t\t\t\t\t<\/a>\n\t\t\t\t\t\t\t<\/div>\n\t\t\t\t\t\t<h4 class=\"uagb-post__title uagb-post__text\">\n\t\t\t\t<a href=\"https:\/\/www.familinparis.fr\/en\/who-benefits-from-the-crime-survey-visit\/\" target=\"_self\" rel=\"bookmark noopener noreferrer\">Who benefits from the crime? (survey visit)<\/a>\n\t\t\t<\/h4>\n\t\t\t\t\t\t<div class='uagb-post__text uagb-post-grid-byline'>\n\t\t\t\t\t\t\t<\/div>\n\t\t\t\n\t\t\t\t\t\t\t\t\t<\/article>\n\t\t\t\t\t\t\t\t\t\t\t\t\t\t\t\t<article class=\"uagb-post__inner-wrap\">\t\t\t\t\t\t\t\t<div class='uagb-post__image'>\n\t\t\t\t\t\t\t\t\t<a href=\"https:\/\/www.familinparis.fr\/en\/visite-en-famille-street-art-butte-aux-cailles-13eme\/\" target=\"_self\" rel=\"bookmark noopener noreferrer\" class='uagb-image-ratio-inherit'><img decoding=\"async\" width=\"370\" height=\"305\" src=\"https:\/\/www.familinparis.fr\/wp-content\/uploads\/photos-familinparis-2021\/quartier\/street-art-butte-aux-cailles-\u00a9FamilinParis-370x305.jpg\" class=\"attachment-cheerup-list-b size-cheerup-list-b\" alt=\"\" srcset=\"https:\/\/www.familinparis.fr\/wp-content\/uploads\/photos-familinparis-2021\/quartier\/street-art-butte-aux-cailles-\u00a9FamilinParis-370x305.jpg 370w, https:\/\/www.familinparis.fr\/wp-content\/uploads\/photos-familinparis-2021\/quartier\/street-art-butte-aux-cailles-\u00a9FamilinParis-16x12.jpg 16w\" sizes=\"(max-width: 370px) 100vw, 370px\" \/>\t\t\t\t\t<\/a>\n\t\t\t\t\t\t\t<\/div>\n\t\t\t\t\t\t<h4 class=\"uagb-post__title uagb-post__text\">\n\t\t\t\t<a href=\"https:\/\/www.familinparis.fr\/en\/visite-en-famille-street-art-butte-aux-cailles-13eme\/\" target=\"_self\" rel=\"bookmark noopener noreferrer\">Street Art explained to children + mini-workshop (family visit)<\/a>\n\t\t\t<\/h4>\n\t\t\t\t\t\t<div class='uagb-post__text uagb-post-grid-byline'>\n\t\t\t\t\t\t\t<\/div>\n\t\t\t\n\t\t\t\t\t\t\t\t\t<\/article>\n\t\t\t\t\t\t\t\t\t\t\t\t\t\t\t\t<article class=\"uagb-post__inner-wrap\">\t\t\t\t\t\t\t\t<div class='uagb-post__image'>\n\t\t\t\t\t\t\t\t\t<a href=\"https:\/\/www.familinparis.fr\/en\/tell-me-about-montmartre-fun-tour\/\" target=\"_self\" rel=\"bookmark noopener noreferrer\" class='uagb-image-ratio-inherit'><img decoding=\"async\" width=\"370\" height=\"305\" src=\"https:\/\/www.familinparis.fr\/wp-content\/uploads\/photos-partenaires\/visite-guidee\/visite-ludique-en-famille-a-montmartre-370x305.jpg\" class=\"attachment-cheerup-list-b size-cheerup-list-b\" alt=\"\" \/>\t\t\t\t\t<\/a>\n\t\t\t\t\t\t\t<\/div>\n\t\t\t\t\t\t<h4 class=\"uagb-post__title uagb-post__text\">\n\t\t\t\t<a href=\"https:\/\/www.familinparis.fr\/en\/tell-me-about-montmartre-fun-tour\/\" target=\"_self\" rel=\"bookmark noopener noreferrer\">Tell me about Montmartre (fun tour)<\/a>\n\t\t\t<\/h4>\n\t\t\t\t\t\t<div class='uagb-post__text uagb-post-grid-byline'>\n\t\t\t\t\t\t\t<\/div>\n\t\t\t\n\t\t\t\t\t\t\t\t\t<\/article>\n\t\t\t\t\t\t\t\t\t\t\t\t\t\t\t\t<article class=\"uagb-post__inner-wrap\">\t\t\t\t\t\t\t\t<div class='uagb-post__image'>\n\t\t\t\t\t\t\t\t\t<a href=\"https:\/\/www.familinparis.fr\/en\/modern-art-explained-to-children-mam\/\" target=\"_self\" rel=\"bookmark noopener noreferrer\" class='uagb-image-ratio-inherit'><img decoding=\"async\" width=\"370\" height=\"305\" src=\"https:\/\/www.familinparis.fr\/wp-content\/uploads\/2024\/01\/Art-Moderne-au-MAM-ludo-sophie-2024-370x305.jpeg\" class=\"attachment-cheerup-list-b size-cheerup-list-b\" alt=\"\" \/>\t\t\t\t\t<\/a>\n\t\t\t\t\t\t\t<\/div>\n\t\t\t\t\t\t<h4 class=\"uagb-post__title uagb-post__text\">\n\t\t\t\t<a href=\"https:\/\/www.familinparis.fr\/en\/modern-art-explained-to-children-mam\/\" target=\"_self\" rel=\"bookmark noopener noreferrer\">Modern Art Explained to Children (MAM)<\/a>\n\t\t\t<\/h4>\n\t\t\t\t\t\t<div class='uagb-post__text uagb-post-grid-byline'>\n\t\t\t\t\t\t\t<\/div>\n\t\t\t\n\t\t\t\t\t\t\t\t\t<\/article>\n\t\t\t\t\t\t\t\t\t\t\t\t\t\t\t\t<article class=\"uagb-post__inner-wrap\">\t\t\t\t\t\t\t\t<div class='uagb-post__image'>\n\t\t\t\t\t\t\t\t\t<a href=\"https:\/\/www.familinparis.fr\/en\/the-masterpieces-of-the-louvre-explained-to-children\/\" target=\"_self\" rel=\"bookmark noopener noreferrer\" class='uagb-image-ratio-inherit'><img decoding=\"async\" width=\"370\" height=\"305\" src=\"https:\/\/www.familinparis.fr\/wp-content\/uploads\/photos-partenaires\/jeu-de-piste\/mission-anniversaire-grece-au-louvre-1500x676-1-370x305.jpg\" class=\"attachment-cheerup-list-b size-cheerup-list-b\" alt=\"\" \/>\t\t\t\t\t<\/a>\n\t\t\t\t\t\t\t<\/div>\n\t\t\t\t\t\t<h4 class=\"uagb-post__title uagb-post__text\">\n\t\t\t\t<a href=\"https:\/\/www.familinparis.fr\/en\/the-masterpieces-of-the-louvre-explained-to-children\/\" target=\"_self\" rel=\"bookmark noopener noreferrer\">The masterpieces of the Louvre explained to children<\/a>\n\t\t\t<\/h4>\n\t\t\t\t\t\t<div class='uagb-post__text uagb-post-grid-byline'>\n\t\t\t\t\t\t\t<\/div>\n\t\t\t\n\t\t\t\t\t\t\t\t\t<\/article>\n\t\t\t\t\t\t\t\t\t\t\t\t\t\t\t\t<article class=\"uagb-post__inner-wrap\">\t\t\t\t\t\t\t\t<div class='uagb-post__image'>\n\t\t\t\t\t\t\t\t\t<a href=\"https:\/\/www.familinparis.fr\/en\/fun-guided-tour-of-the-opera-garnier\/\" target=\"_self\" rel=\"bookmark noopener noreferrer\" class='uagb-image-ratio-inherit'><img decoding=\"async\" width=\"370\" height=\"305\" src=\"https:\/\/www.familinparis.fr\/wp-content\/uploads\/photos-partenaires\/visite-guidee\/visite-ludique-opera-de-paris-ludo-et-sophie-370x305.jpg\" class=\"attachment-cheerup-list-b size-cheerup-list-b\" alt=\"\" \/>\t\t\t\t\t<\/a>\n\t\t\t\t\t\t\t<\/div>\n\t\t\t\t\t\t<h4 class=\"uagb-post__title uagb-post__text\">\n\t\t\t\t<a href=\"https:\/\/www.familinparis.fr\/en\/fun-guided-tour-of-the-opera-garnier\/\" target=\"_self\" rel=\"bookmark noopener noreferrer\">Fun tour of the Op\u00e9ra Garnier<\/a>\n\t\t\t<\/h4>\n\t\t\t\t\t\t<div class='uagb-post__text uagb-post-grid-byline'>\n\t\t\t\t\t\t\t<\/div>\n\t\t\t\n\t\t\t\t\t\t\t\t\t<\/article>\n\t\t\t\t\t\t\t\t\t\t\t<\/div>\n\t\t\t\n<div style=\"height:48px\" aria-hidden=\"true\" class=\"wp-block-spacer\"><\/div>\n\n<h2 class=\"wp-block-heading\" style=\"font-size:35px\">To do on the Ile-de-la-Cit\u00e9 side&#8230;<\/h2>\n\n\t\t\t<div class=\"wp-block-uagb-post-grid uagb-post-grid  uagb-post__image-position-top uagb-post__image-enabled uagb-block-5d6165cb     uagb-post__items uagb-post__columns-5 is-grid uagb-post__columns-tablet-2 uagb-post__columns-mobile-1 uagb-post__equal-height\" data-total=\"2\" style=\"\">\n\n\t\t\t\t\t\t\t\t\t\t\t\t<article class=\"uagb-post__inner-wrap\">\t\t\t\t\t\t\t\t<div class='uagb-post__image'>\n\t\t\t\t\t\t\t\t\t<a href=\"https:\/\/www.familinparis.fr\/en\/escape-game-arsene-lupins-last-secret\/\" target=\"_self\" rel=\"bookmark noopener noreferrer\" class='uagb-image-ratio-inherit'><img decoding=\"async\" width=\"370\" height=\"305\" src=\"https:\/\/www.familinparis.fr\/wp-content\/uploads\/Visites-Insolites\/Arsene-lupin\/le-secret-d-arsene-lupin-370x305.jpg\" class=\"attachment-cheerup-list-b size-cheerup-list-b\" alt=\"\" \/>\t\t\t\t\t<\/a>\n\t\t\t\t\t\t\t<\/div>\n\t\t\t\t\t\t<h4 class=\"uagb-post__title uagb-post__text\">\n\t\t\t\t<a href=\"https:\/\/www.familinparis.fr\/en\/escape-game-arsene-lupins-last-secret\/\" target=\"_self\" rel=\"bookmark noopener noreferrer\">Ars\u00e8ne Lupin&#8217;s Last Secret, escape game<\/a>\n\t\t\t<\/h4>\n\t\t\t\t\t\t<div class='uagb-post__text uagb-post-grid-byline'>\n\t\t\t\t\t\t\t<\/div>\n\t\t\t\n\t\t\t\t\t\t\t\t\t<\/article>\n\t\t\t\t\t\t\t\t\t\t\t\t\t\t\t\t<article class=\"uagb-post__inner-wrap\">\t\t\t\t\t\t\t\t<div class='uagb-post__image'>\n\t\t\t\t\t\t\t\t\t<a href=\"https:\/\/www.familinparis.fr\/en\/the-paris-of-crime-guided-tour\/\" target=\"_self\" rel=\"bookmark noopener noreferrer\" class='uagb-image-ratio-inherit'><img decoding=\"async\" width=\"370\" height=\"305\" src=\"https:\/\/www.familinparis.fr\/wp-content\/uploads\/photos-partenaires\/visite-guidee\/visite-guidee-paris-du-crime.jpg-370x305.jpg\" class=\"attachment-cheerup-list-b size-cheerup-list-b\" alt=\"\" \/>\t\t\t\t\t<\/a>\n\t\t\t\t\t\t\t<\/div>\n\t\t\t\t\t\t<h4 class=\"uagb-post__title uagb-post__text\">\n\t\t\t\t<a href=\"https:\/\/www.familinparis.fr\/en\/the-paris-of-crime-guided-tour\/\" target=\"_self\" rel=\"bookmark noopener noreferrer\">The Paris of Crime (guided tour)<\/a>\n\t\t\t<\/h4>\n\t\t\t\t\t\t<div class='uagb-post__text uagb-post-grid-byline'>\n\t\t\t\t\t\t\t<\/div>\n\t\t\t\n\t\t\t\t\t\t\t\t\t<\/article>\n\t\t\t\t\t\t\t\t\t\t\t\t\t\t\t\t<article class=\"uagb-post__inner-wrap\">\t\t\t\t\t\t\t\t<div class='uagb-post__image'>\n\t\t\t\t\t\t\t\t\t<a href=\"https:\/\/www.familinparis.fr\/en\/paris-mysteries-and-legends-guided-tour\/\" target=\"_self\" rel=\"bookmark noopener noreferrer\" class='uagb-image-ratio-inherit'><img decoding=\"async\" width=\"370\" height=\"305\" src=\"https:\/\/www.familinparis.fr\/wp-content\/uploads\/photos-partenaires\/visite-guidee\/visite-guidee-paris-mysteres-et-legendes.jpg-370x305.jpg\" class=\"attachment-cheerup-list-b size-cheerup-list-b\" alt=\"\" \/>\t\t\t\t\t<\/a>\n\t\t\t\t\t\t\t<\/div>\n\t\t\t\t\t\t<h4 class=\"uagb-post__title uagb-post__text\">\n\t\t\t\t<a href=\"https:\/\/www.familinparis.fr\/en\/paris-mysteries-and-legends-guided-tour\/\" target=\"_self\" rel=\"bookmark noopener noreferrer\">Paris, mysteries and legends (guided tour)<\/a>\n\t\t\t<\/h4>\n\t\t\t\t\t\t<div class='uagb-post__text uagb-post-grid-byline'>\n\t\t\t\t\t\t\t<\/div>\n\t\t\t\n\t\t\t\t\t\t\t\t\t<\/article>\n\t\t\t\t\t\t\t\t\t\t\t\t\t\t\t\t<article class=\"uagb-post__inner-wrap\">\t\t\t\t\t\t\t\t<div class='uagb-post__image'>\n\t\t\t\t\t\t\t\t\t<a href=\"https:\/\/www.familinparis.fr\/en\/immersive-eternal-tour-notre-dame\/\" target=\"_self\" rel=\"bookmark noopener noreferrer\" class='uagb-image-ratio-inherit'><img decoding=\"async\" width=\"370\" height=\"305\" src=\"https:\/\/www.familinparis.fr\/wp-content\/uploads\/Expos\/2023\/Notre-dame-realite-virtuelle-@OrangeEmissive-370x305.jpg\" class=\"attachment-cheerup-list-b size-cheerup-list-b\" alt=\"\" \/>\t\t\t\t\t<\/a>\n\t\t\t\t\t\t\t<\/div>\n\t\t\t\t\t\t<h4 class=\"uagb-post__title uagb-post__text\">\n\t\t\t\t<a href=\"https:\/\/www.familinparis.fr\/en\/immersive-eternal-tour-notre-dame\/\" target=\"_self\" rel=\"bookmark noopener noreferrer\">Notre-Dame Eternal Show: Virtual Experience<\/a>\n\t\t\t<\/h4>\n\t\t\t\t\t\t<div class='uagb-post__text uagb-post-grid-byline'>\n\t\t\t\t\t\t\t<\/div>\n\t\t\t\n\t\t\t\t\t\t\t\t\t<\/article>\n\t\t\t\t\t\t\t\t\t\t\t\t\t\t\t\t<article class=\"uagb-post__inner-wrap\">\t\t\t\t\t\t\t\t<div class='uagb-post__image'>\n\t\t\t\t\t\t\t\t\t<a href=\"https:\/\/www.familinparis.fr\/en\/the-origins-of-paris-immersive-tour-along-the-banks-of-the-seine\/\" target=\"_self\" rel=\"bookmark noopener noreferrer\" class='uagb-image-ratio-inherit'><img decoding=\"async\" width=\"370\" height=\"305\" src=\"https:\/\/www.familinparis.fr\/wp-content\/uploads\/2025\/07\/Capture-decran-2025-07-01-a-16.22.31-370x305.png\" class=\"attachment-cheerup-list-b size-cheerup-list-b\" alt=\"Les origines de Paris exp\u00e9rience immersive - 2025\" \/>\t\t\t\t\t<\/a>\n\t\t\t\t\t\t\t<\/div>\n\t\t\t\t\t\t<h4 class=\"uagb-post__title uagb-post__text\">\n\t\t\t\t<a href=\"https:\/\/www.familinparis.fr\/en\/the-origins-of-paris-immersive-tour-along-the-banks-of-the-seine\/\" target=\"_self\" rel=\"bookmark noopener noreferrer\">The Origins of Paris &#8211; An immersive journey<\/a>\n\t\t\t<\/h4>\n\t\t\t\t\t\t<div class='uagb-post__text uagb-post-grid-byline'>\n\t\t\t\t\t\t\t<\/div>\n\t\t\t\n\t\t\t\t\t\t\t\t\t<\/article>\n\t\t\t\t\t\t\t\t\t\t\t\t\t\t\t\t<article class=\"uagb-post__inner-wrap\">\t\t\t\t\t\t\t\t<div class='uagb-post__image'>\n\t\t\t\t\t\t\t\t\t<a href=\"https:\/\/www.familinparis.fr\/en\/visit-notre-dame-de-paris\/\" target=\"_self\" rel=\"bookmark noopener noreferrer\" class='uagb-image-ratio-inherit'><img decoding=\"async\" width=\"370\" height=\"305\" src=\"https:\/\/www.familinparis.fr\/wp-content\/uploads\/2024\/12\/cathedral-738118_1280-370x305.jpeg\" class=\"attachment-cheerup-list-b size-cheerup-list-b\" alt=\"Fa\u00e7ade cath\u00e9drale Notre-Dame de Paris\" \/>\t\t\t\t\t<\/a>\n\t\t\t\t\t\t\t<\/div>\n\t\t\t\t\t\t<h4 class=\"uagb-post__title uagb-post__text\">\n\t\t\t\t<a href=\"https:\/\/www.familinparis.fr\/en\/visit-notre-dame-de-paris\/\" target=\"_self\" rel=\"bookmark noopener noreferrer\">Reopening of Notre-Dame de Paris<\/a>\n\t\t\t<\/h4>\n\t\t\t\t\t\t<div class='uagb-post__text uagb-post-grid-byline'>\n\t\t\t\t\t\t\t<\/div>\n\t\t\t\n\t\t\t\t\t\t\t\t\t<\/article>\n\t\t\t\t\t\t\t\t\t\t\t\t\t\t\t\t<article class=\"uagb-post__inner-wrap\">\t\t\t\t\t\t\t\t<div class='uagb-post__image'>\n\t\t\t\t\t\t\t\t\t<a href=\"https:\/\/www.familinparis.fr\/en\/the-best-playgrounds-in-paris\/\" target=\"_self\" rel=\"bookmark noopener noreferrer\" class='uagb-image-ratio-inherit'><img decoding=\"async\" width=\"370\" height=\"305\" src=\"https:\/\/www.familinparis.fr\/wp-content\/uploads\/parc-et-jardin\/jeux-sh_44165362-370x305.jpg\" class=\"attachment-cheerup-list-b size-cheerup-list-b\" alt=\"\" \/>\t\t\t\t\t<\/a>\n\t\t\t\t\t\t\t<\/div>\n\t\t\t\t\t\t<h4 class=\"uagb-post__title uagb-post__text\">\n\t\t\t\t<a href=\"https:\/\/www.familinparis.fr\/en\/the-best-playgrounds-in-paris\/\" target=\"_self\" rel=\"bookmark noopener noreferrer\">The best playgrounds in Paris<\/a>\n\t\t\t<\/h4>\n\t\t\t\t\t\t<div class='uagb-post__text uagb-post-grid-byline'>\n\t\t\t\t\t\t\t<\/div>\n\t\t\t\n\t\t\t\t\t\t\t\t\t<\/article>\n\t\t\t\t\t\t\t\t\t\t\t\t\t\t\t\t<article class=\"uagb-post__inner-wrap\">\t\t\t\t\t\t\t\t<div class='uagb-post__image'>\n\t\t\t\t\t\t\t\t\t<a href=\"https:\/\/www.familinparis.fr\/en\/the-mysteries-of-the-ile-de-la-cite-private-tour\/\" target=\"_self\" rel=\"bookmark noopener noreferrer\" class='uagb-image-ratio-inherit'><img decoding=\"async\" width=\"370\" height=\"305\" src=\"https:\/\/www.familinparis.fr\/wp-content\/uploads\/photos-familinparis-2021\/paris\/ile-de-la-cite-\u00a9FamilinParis-370x305.jpg\" class=\"attachment-cheerup-list-b size-cheerup-list-b\" alt=\"\" \/>\t\t\t\t\t<\/a>\n\t\t\t\t\t\t\t<\/div>\n\t\t\t\t\t\t<h4 class=\"uagb-post__title uagb-post__text\">\n\t\t\t\t<a href=\"https:\/\/www.familinparis.fr\/en\/the-mysteries-of-the-ile-de-la-cite-private-tour\/\" target=\"_self\" rel=\"bookmark noopener noreferrer\">The mysteries of the Ile de la Cit\u00e9 (private tour)<\/a>\n\t\t\t<\/h4>\n\t\t\t\t\t\t<div class='uagb-post__text uagb-post-grid-byline'>\n\t\t\t\t\t\t\t<\/div>\n\t\t\t\n\t\t\t\t\t\t\t\t\t<\/article>\n\t\t\t\t\t\t\t\t\t\t\t\t\t\t\t\t<article class=\"uagb-post__inner-wrap\">\t\t\t\t\t\t\t\t<div class='uagb-post__image'>\n\t\t\t\t\t\t\t\t\t<a href=\"https:\/\/www.familinparis.fr\/en\/enigma-walk-treasure-hunt-in-the-ile-de-la-cite\/\" target=\"_self\" rel=\"bookmark noopener noreferrer\" class='uagb-image-ratio-inherit'><img decoding=\"async\" width=\"370\" height=\"305\" src=\"https:\/\/www.familinparis.fr\/wp-content\/uploads\/balade-paris\/balade-enigme\/jeu-de-piste-enigme-ile-de-la-cite-370x305.jpg\" class=\"attachment-cheerup-list-b size-cheerup-list-b\" alt=\"\" srcset=\"https:\/\/www.familinparis.fr\/wp-content\/uploads\/balade-paris\/balade-enigme\/jeu-de-piste-enigme-ile-de-la-cite-370x305.jpg 370w, https:\/\/www.familinparis.fr\/wp-content\/uploads\/balade-paris\/balade-enigme\/jeu-de-piste-enigme-ile-de-la-cite-16x12.jpg 16w\" sizes=\"(max-width: 370px) 100vw, 370px\" \/>\t\t\t\t\t<\/a>\n\t\t\t\t\t\t\t<\/div>\n\t\t\t\t\t\t<h4 class=\"uagb-post__title uagb-post__text\">\n\t\t\t\t<a href=\"https:\/\/www.familinparis.fr\/en\/enigma-walk-treasure-hunt-in-the-ile-de-la-cite\/\" target=\"_self\" rel=\"bookmark noopener noreferrer\">Enigma walk &#8220;Treasure hunt in the Ile de la Cit\u00e9&#8221;<\/a>\n\t\t\t<\/h4>\n\t\t\t\t\t\t<div class='uagb-post__text uagb-post-grid-byline'>\n\t\t\t\t\t\t\t<\/div>\n\t\t\t\n\t\t\t\t\t\t\t\t\t<\/article>\n\t\t\t\t\t\t\t\t\t\t\t\t\t\t\t\t<article class=\"uagb-post__inner-wrap\">\t\t\t\t\t\t\t\t<div class='uagb-post__image'>\n\t\t\t\t\t\t\t\t\t<a href=\"https:\/\/www.familinparis.fr\/en\/being-a-prisoner-during-the-revolution-family-visit\/\" target=\"_self\" rel=\"bookmark noopener noreferrer\" class='uagb-image-ratio-inherit'><img decoding=\"async\" width=\"370\" height=\"305\" src=\"https:\/\/www.familinparis.fr\/wp-content\/uploads\/Visite-guidee-musee\/visite-famille-et-enfant-conciergerie-370x305.jpg\" class=\"attachment-cheerup-list-b size-cheerup-list-b\" alt=\"\" \/>\t\t\t\t\t<\/a>\n\t\t\t\t\t\t\t<\/div>\n\t\t\t\t\t\t<h4 class=\"uagb-post__title uagb-post__text\">\n\t\t\t\t<a href=\"https:\/\/www.familinparis.fr\/en\/being-a-prisoner-during-the-revolution-family-visit\/\" target=\"_self\" rel=\"bookmark noopener noreferrer\">Being a prisoner during the revolution (family visit)<\/a>\n\t\t\t<\/h4>\n\t\t\t\t\t\t<div class='uagb-post__text uagb-post-grid-byline'>\n\t\t\t\t\t\t\t<\/div>\n\t\t\t\n\t\t\t\t\t\t\t\t\t<\/article>\n\t\t\t\t\t\t\t\t\t\t\t<\/div>\n\t\t\t\n<div style=\"height:62px\" aria-hidden=\"true\" class=\"wp-block-spacer\"><\/div>\n\n<p><\/p>\n","protected":false},"excerpt":{"rendered":"<p>Frequently Asked Questions Can we cancel the tour if we have an impediment? You will find the cancellation conditions on our partner&#8217;s website (click on BOOK) Can we cancel the tour if we have an impediment? You will find the cancellation conditions on our partner&#8217;s website (click on BOOK) Can the walk be done with<\/p>\n","protected":false},"author":6,"featured_media":129381,"comment_status":"open","ping_status":"open","sticky":false,"template":"","format":"standard","meta":{"_uag_custom_page_level_css":"","footnotes":""},"categories":[1253],"tags":[],"class_list":{"0":"post-135775","1":"post","2":"type-post","3":"status-publish","4":"format-standard","5":"has-post-thumbnail","7":"category-past-events"},"yoast_head":"<!-- This site is optimized with the Yoast SEO plugin v27.2 - https:\/\/yoast.com\/product\/yoast-seo-wordpress\/ -->\n<title>Private and disguised tour &quot;Medieval Paris&quot; &gt;&gt; From 6 years old<\/title>\n<meta name=\"description\" content=\"For your child&#039;s birthday - On a private visit for a family - For a school outing, leisure center, association\" \/>\n<meta name=\"robots\" content=\"index, follow, max-snippet:-1, max-image-preview:large, max-video-preview:-1\" \/>\n<link rel=\"canonical\" href=\"https:\/\/www.familinparis.fr\/en\/the-visit-costumed-walk-paris-in-the-time-of-the-knights-privatization\/\" \/>\n<meta property=\"og:locale\" content=\"en_US\" \/>\n<meta property=\"og:type\" content=\"article\" \/>\n<meta property=\"og:title\" content=\"Private and disguised tour &quot;Medieval Paris&quot; &gt;&gt; From 6 years old\" \/>\n<meta property=\"og:description\" content=\"For your child&#039;s birthday - On a private visit for a family - For a school outing, leisure center, association\" \/>\n<meta property=\"og:url\" content=\"https:\/\/www.familinparis.fr\/en\/the-visit-costumed-walk-paris-in-the-time-of-the-knights-privatization\/\" \/>\n<meta property=\"og:site_name\" content=\"Familin&#039;Paris\" \/>\n<meta property=\"article:published_time\" content=\"2022-02-13T13:11:46+00:00\" \/>\n<meta property=\"article:modified_time\" content=\"2024-11-16T15:19:11+00:00\" \/>\n<meta property=\"og:image\" content=\"https:\/\/www.familinparis.fr\/wp-content\/uploads\/Visites-Insolites\/quartier-latin\/balade-costumee-paris-antique.jpg\" \/>\n\t<meta property=\"og:image:width\" content=\"932\" \/>\n\t<meta property=\"og:image:height\" content=\"582\" \/>\n\t<meta property=\"og:image:type\" content=\"image\/jpeg\" \/>\n<meta name=\"author\" content=\"Agn\u00e8s\" \/>\n<meta name=\"twitter:card\" content=\"summary_large_image\" \/>\n<meta name=\"twitter:label1\" content=\"Written by\" \/>\n\t<meta name=\"twitter:data1\" content=\"Agn\u00e8s\" \/>\n\t<meta name=\"twitter:label2\" content=\"Est. reading time\" \/>\n\t<meta name=\"twitter:data2\" content=\"2 minutes\" \/>\n<script type=\"application\/ld+json\" class=\"yoast-schema-graph\">{\"@context\":\"https:\/\/schema.org\",\"@graph\":[{\"@type\":\"Article\",\"@id\":\"https:\/\/www.familinparis.fr\/en\/the-visit-costumed-walk-paris-in-the-time-of-the-knights-privatization\/#article\",\"isPartOf\":{\"@id\":\"https:\/\/www.familinparis.fr\/en\/the-visit-costumed-walk-paris-in-the-time-of-the-knights-privatization\/\"},\"author\":{\"name\":\"Agn\u00e8s\",\"@id\":\"https:\/\/www.familinparis.fr\/en\/#\/schema\/person\/20deb9130cb58f76b535d316fe0aa31f\"},\"headline\":\"The visit &#8220;Costumed walk, Paris in the time of the knights&#8221; (privatization)\",\"datePublished\":\"2022-02-13T13:11:46+00:00\",\"dateModified\":\"2024-11-16T15:19:11+00:00\",\"mainEntityOfPage\":{\"@id\":\"https:\/\/www.familinparis.fr\/en\/the-visit-costumed-walk-paris-in-the-time-of-the-knights-privatization\/\"},\"wordCount\":465,\"commentCount\":0,\"image\":{\"@id\":\"https:\/\/www.familinparis.fr\/en\/the-visit-costumed-walk-paris-in-the-time-of-the-knights-privatization\/#primaryimage\"},\"thumbnailUrl\":\"https:\/\/www.familinparis.fr\/wp-content\/uploads\/Visites-Insolites\/quartier-latin\/balade-costumee-paris-antique.jpg\",\"articleSection\":[\"Past events\"],\"inLanguage\":\"en-US\",\"potentialAction\":[{\"@type\":\"CommentAction\",\"name\":\"Comment\",\"target\":[\"https:\/\/www.familinparis.fr\/en\/the-visit-costumed-walk-paris-in-the-time-of-the-knights-privatization\/#respond\"]}]},{\"@type\":\"WebPage\",\"@id\":\"https:\/\/www.familinparis.fr\/en\/the-visit-costumed-walk-paris-in-the-time-of-the-knights-privatization\/\",\"url\":\"https:\/\/www.familinparis.fr\/en\/the-visit-costumed-walk-paris-in-the-time-of-the-knights-privatization\/\",\"name\":\"Private and disguised tour \\\"Medieval Paris\\\" >> From 6 years old\",\"isPartOf\":{\"@id\":\"https:\/\/www.familinparis.fr\/en\/#website\"},\"primaryImageOfPage\":{\"@id\":\"https:\/\/www.familinparis.fr\/en\/the-visit-costumed-walk-paris-in-the-time-of-the-knights-privatization\/#primaryimage\"},\"image\":{\"@id\":\"https:\/\/www.familinparis.fr\/en\/the-visit-costumed-walk-paris-in-the-time-of-the-knights-privatization\/#primaryimage\"},\"thumbnailUrl\":\"https:\/\/www.familinparis.fr\/wp-content\/uploads\/Visites-Insolites\/quartier-latin\/balade-costumee-paris-antique.jpg\",\"datePublished\":\"2022-02-13T13:11:46+00:00\",\"dateModified\":\"2024-11-16T15:19:11+00:00\",\"author\":{\"@id\":\"https:\/\/www.familinparis.fr\/en\/#\/schema\/person\/20deb9130cb58f76b535d316fe0aa31f\"},\"description\":\"For your child's birthday - On a private visit for a family - For a school outing, leisure center, association\",\"breadcrumb\":{\"@id\":\"https:\/\/www.familinparis.fr\/en\/the-visit-costumed-walk-paris-in-the-time-of-the-knights-privatization\/#breadcrumb\"},\"inLanguage\":\"en-US\",\"potentialAction\":[{\"@type\":\"ReadAction\",\"target\":[\"https:\/\/www.familinparis.fr\/en\/the-visit-costumed-walk-paris-in-the-time-of-the-knights-privatization\/\"]}]},{\"@type\":\"ImageObject\",\"inLanguage\":\"en-US\",\"@id\":\"https:\/\/www.familinparis.fr\/en\/the-visit-costumed-walk-paris-in-the-time-of-the-knights-privatization\/#primaryimage\",\"url\":\"https:\/\/www.familinparis.fr\/wp-content\/uploads\/Visites-Insolites\/quartier-latin\/balade-costumee-paris-antique.jpg\",\"contentUrl\":\"https:\/\/www.familinparis.fr\/wp-content\/uploads\/Visites-Insolites\/quartier-latin\/balade-costumee-paris-antique.jpg\",\"width\":932,\"height\":582},{\"@type\":\"BreadcrumbList\",\"@id\":\"https:\/\/www.familinparis.fr\/en\/the-visit-costumed-walk-paris-in-the-time-of-the-knights-privatization\/#breadcrumb\",\"itemListElement\":[{\"@type\":\"ListItem\",\"position\":1,\"name\":\"Home\",\"item\":\"https:\/\/www.familinparis.fr\/en\/\"},{\"@type\":\"ListItem\",\"position\":2,\"name\":\"Exposition\",\"item\":\"https:\/\/www.familinparis.fr\/en\/categorie\/exposition-en\/\"},{\"@type\":\"ListItem\",\"position\":3,\"name\":\"The visit &#8220;Costumed walk, Paris in the time of the knights&#8221; (privatization)\"}]},{\"@type\":\"WebSite\",\"@id\":\"https:\/\/www.familinparis.fr\/en\/#website\",\"url\":\"https:\/\/www.familinparis.fr\/en\/\",\"name\":\"Familin&#039;Paris\",\"description\":\"Visiter le meilleur de Paris avec des enfants : sorties, spectacles, adresses de restaurants, shopping, bons plans...\",\"potentialAction\":[{\"@type\":\"SearchAction\",\"target\":{\"@type\":\"EntryPoint\",\"urlTemplate\":\"https:\/\/www.familinparis.fr\/en\/?s={search_term_string}\"},\"query-input\":{\"@type\":\"PropertyValueSpecification\",\"valueRequired\":true,\"valueName\":\"search_term_string\"}}],\"inLanguage\":\"en-US\"},{\"@type\":\"Person\",\"@id\":\"https:\/\/www.familinparis.fr\/en\/#\/schema\/person\/20deb9130cb58f76b535d316fe0aa31f\",\"name\":\"Agn\u00e8s\",\"image\":{\"@type\":\"ImageObject\",\"inLanguage\":\"en-US\",\"@id\":\"https:\/\/secure.gravatar.com\/avatar\/0ff338e2776ca662585d438b3bc140cbe7b54659207d3329065be97ffb37fa5a?s=96&d=identicon&r=g\",\"url\":\"https:\/\/secure.gravatar.com\/avatar\/0ff338e2776ca662585d438b3bc140cbe7b54659207d3329065be97ffb37fa5a?s=96&d=identicon&r=g\",\"contentUrl\":\"https:\/\/secure.gravatar.com\/avatar\/0ff338e2776ca662585d438b3bc140cbe7b54659207d3329065be97ffb37fa5a?s=96&d=identicon&r=g\",\"caption\":\"Agn\u00e8s\"}}]}<\/script>\n<!-- \/ Yoast SEO plugin. -->","yoast_head_json":{"title":"Private and disguised tour \"Medieval Paris\" >> From 6 years old","description":"For your child's birthday - On a private visit for a family - For a school outing, leisure center, association","robots":{"index":"index","follow":"follow","max-snippet":"max-snippet:-1","max-image-preview":"max-image-preview:large","max-video-preview":"max-video-preview:-1"},"canonical":"https:\/\/www.familinparis.fr\/en\/the-visit-costumed-walk-paris-in-the-time-of-the-knights-privatization\/","og_locale":"en_US","og_type":"article","og_title":"Private and disguised tour \"Medieval Paris\" >> From 6 years old","og_description":"For your child's birthday - On a private visit for a family - For a school outing, leisure center, association","og_url":"https:\/\/www.familinparis.fr\/en\/the-visit-costumed-walk-paris-in-the-time-of-the-knights-privatization\/","og_site_name":"Familin&#039;Paris","article_published_time":"2022-02-13T13:11:46+00:00","article_modified_time":"2024-11-16T15:19:11+00:00","og_image":[{"width":932,"height":582,"url":"https:\/\/www.familinparis.fr\/wp-content\/uploads\/Visites-Insolites\/quartier-latin\/balade-costumee-paris-antique.jpg","type":"image\/jpeg"}],"author":"Agn\u00e8s","twitter_card":"summary_large_image","twitter_misc":{"Written by":"Agn\u00e8s","Est. reading time":"2 minutes"},"schema":{"@context":"https:\/\/schema.org","@graph":[{"@type":"Article","@id":"https:\/\/www.familinparis.fr\/en\/the-visit-costumed-walk-paris-in-the-time-of-the-knights-privatization\/#article","isPartOf":{"@id":"https:\/\/www.familinparis.fr\/en\/the-visit-costumed-walk-paris-in-the-time-of-the-knights-privatization\/"},"author":{"name":"Agn\u00e8s","@id":"https:\/\/www.familinparis.fr\/en\/#\/schema\/person\/20deb9130cb58f76b535d316fe0aa31f"},"headline":"The visit &#8220;Costumed walk, Paris in the time of the knights&#8221; (privatization)","datePublished":"2022-02-13T13:11:46+00:00","dateModified":"2024-11-16T15:19:11+00:00","mainEntityOfPage":{"@id":"https:\/\/www.familinparis.fr\/en\/the-visit-costumed-walk-paris-in-the-time-of-the-knights-privatization\/"},"wordCount":465,"commentCount":0,"image":{"@id":"https:\/\/www.familinparis.fr\/en\/the-visit-costumed-walk-paris-in-the-time-of-the-knights-privatization\/#primaryimage"},"thumbnailUrl":"https:\/\/www.familinparis.fr\/wp-content\/uploads\/Visites-Insolites\/quartier-latin\/balade-costumee-paris-antique.jpg","articleSection":["Past events"],"inLanguage":"en-US","potentialAction":[{"@type":"CommentAction","name":"Comment","target":["https:\/\/www.familinparis.fr\/en\/the-visit-costumed-walk-paris-in-the-time-of-the-knights-privatization\/#respond"]}]},{"@type":"WebPage","@id":"https:\/\/www.familinparis.fr\/en\/the-visit-costumed-walk-paris-in-the-time-of-the-knights-privatization\/","url":"https:\/\/www.familinparis.fr\/en\/the-visit-costumed-walk-paris-in-the-time-of-the-knights-privatization\/","name":"Private and disguised tour \"Medieval Paris\" >> From 6 years old","isPartOf":{"@id":"https:\/\/www.familinparis.fr\/en\/#website"},"primaryImageOfPage":{"@id":"https:\/\/www.familinparis.fr\/en\/the-visit-costumed-walk-paris-in-the-time-of-the-knights-privatization\/#primaryimage"},"image":{"@id":"https:\/\/www.familinparis.fr\/en\/the-visit-costumed-walk-paris-in-the-time-of-the-knights-privatization\/#primaryimage"},"thumbnailUrl":"https:\/\/www.familinparis.fr\/wp-content\/uploads\/Visites-Insolites\/quartier-latin\/balade-costumee-paris-antique.jpg","datePublished":"2022-02-13T13:11:46+00:00","dateModified":"2024-11-16T15:19:11+00:00","author":{"@id":"https:\/\/www.familinparis.fr\/en\/#\/schema\/person\/20deb9130cb58f76b535d316fe0aa31f"},"description":"For your child's birthday - On a private visit for a family - For a school outing, leisure center, association","breadcrumb":{"@id":"https:\/\/www.familinparis.fr\/en\/the-visit-costumed-walk-paris-in-the-time-of-the-knights-privatization\/#breadcrumb"},"inLanguage":"en-US","potentialAction":[{"@type":"ReadAction","target":["https:\/\/www.familinparis.fr\/en\/the-visit-costumed-walk-paris-in-the-time-of-the-knights-privatization\/"]}]},{"@type":"ImageObject","inLanguage":"en-US","@id":"https:\/\/www.familinparis.fr\/en\/the-visit-costumed-walk-paris-in-the-time-of-the-knights-privatization\/#primaryimage","url":"https:\/\/www.familinparis.fr\/wp-content\/uploads\/Visites-Insolites\/quartier-latin\/balade-costumee-paris-antique.jpg","contentUrl":"https:\/\/www.familinparis.fr\/wp-content\/uploads\/Visites-Insolites\/quartier-latin\/balade-costumee-paris-antique.jpg","width":932,"height":582},{"@type":"BreadcrumbList","@id":"https:\/\/www.familinparis.fr\/en\/the-visit-costumed-walk-paris-in-the-time-of-the-knights-privatization\/#breadcrumb","itemListElement":[{"@type":"ListItem","position":1,"name":"Home","item":"https:\/\/www.familinparis.fr\/en\/"},{"@type":"ListItem","position":2,"name":"Exposition","item":"https:\/\/www.familinparis.fr\/en\/categorie\/exposition-en\/"},{"@type":"ListItem","position":3,"name":"The visit &#8220;Costumed walk, Paris in the time of the knights&#8221; (privatization)"}]},{"@type":"WebSite","@id":"https:\/\/www.familinparis.fr\/en\/#website","url":"https:\/\/www.familinparis.fr\/en\/","name":"Familin&#039;Paris","description":"Visiter le meilleur de Paris avec des enfants : sorties, spectacles, adresses de restaurants, shopping, bons plans...","potentialAction":[{"@type":"SearchAction","target":{"@type":"EntryPoint","urlTemplate":"https:\/\/www.familinparis.fr\/en\/?s={search_term_string}"},"query-input":{"@type":"PropertyValueSpecification","valueRequired":true,"valueName":"search_term_string"}}],"inLanguage":"en-US"},{"@type":"Person","@id":"https:\/\/www.familinparis.fr\/en\/#\/schema\/person\/20deb9130cb58f76b535d316fe0aa31f","name":"Agn\u00e8s","image":{"@type":"ImageObject","inLanguage":"en-US","@id":"https:\/\/secure.gravatar.com\/avatar\/0ff338e2776ca662585d438b3bc140cbe7b54659207d3329065be97ffb37fa5a?s=96&d=identicon&r=g","url":"https:\/\/secure.gravatar.com\/avatar\/0ff338e2776ca662585d438b3bc140cbe7b54659207d3329065be97ffb37fa5a?s=96&d=identicon&r=g","contentUrl":"https:\/\/secure.gravatar.com\/avatar\/0ff338e2776ca662585d438b3bc140cbe7b54659207d3329065be97ffb37fa5a?s=96&d=identicon&r=g","caption":"Agn\u00e8s"}}]}},"uagb_featured_image_src":{"full":["https:\/\/www.familinparis.fr\/wp-content\/uploads\/Visites-Insolites\/quartier-latin\/balade-costumee-paris-antique.jpg",932,582,false],"thumbnail":["https:\/\/www.familinparis.fr\/wp-content\/uploads\/Visites-Insolites\/quartier-latin\/balade-costumee-paris-antique-150x150.jpg",150,150,true],"medium":["https:\/\/www.familinparis.fr\/wp-content\/uploads\/Visites-Insolites\/quartier-latin\/balade-costumee-paris-antique-300x187.jpg",300,187,true],"medium_large":["https:\/\/www.familinparis.fr\/wp-content\/uploads\/Visites-Insolites\/quartier-latin\/balade-costumee-paris-antique.jpg",768,480,false],"large":["https:\/\/www.familinparis.fr\/wp-content\/uploads\/Visites-Insolites\/quartier-latin\/balade-costumee-paris-antique.jpg",770,481,false],"1536x1536":["https:\/\/www.familinparis.fr\/wp-content\/uploads\/Visites-Insolites\/quartier-latin\/balade-costumee-paris-antique.jpg",932,582,false],"2048x2048":["https:\/\/www.familinparis.fr\/wp-content\/uploads\/Visites-Insolites\/quartier-latin\/balade-costumee-paris-antique.jpg",932,582,false],"home-thumb":["https:\/\/www.familinparis.fr\/wp-content\/uploads\/Visites-Insolites\/quartier-latin\/balade-costumee-paris-antique-730x456.jpg",730,456,true],"home-slider":["https:\/\/www.familinparis.fr\/wp-content\/uploads\/Visites-Insolites\/quartier-latin\/balade-costumee-paris-antique-800x582.jpg",800,582,true],"lightbox-slider-size":["https:\/\/www.familinparis.fr\/wp-content\/uploads\/Visites-Insolites\/quartier-latin\/balade-costumee-paris-antique-564x282.jpg",564,282,true],"post-thumbnail":["https:\/\/www.familinparis.fr\/wp-content\/uploads\/Visites-Insolites\/quartier-latin\/balade-costumee-paris-antique-270x180.jpg",270,180,true],"cheerup-main":["https:\/\/www.familinparis.fr\/wp-content\/uploads\/Visites-Insolites\/quartier-latin\/balade-costumee-paris-antique-770x400.jpg",770,400,true],"cheerup-main-full":["https:\/\/www.familinparis.fr\/wp-content\/uploads\/Visites-Insolites\/quartier-latin\/balade-costumee-paris-antique-932x508.jpg",932,508,true],"cheerup-slider-alt":["https:\/\/www.familinparis.fr\/wp-content\/uploads\/Visites-Insolites\/quartier-latin\/balade-costumee-paris-antique-932x508.jpg",932,508,true],"cheerup-slider-trendy":["https:\/\/www.familinparis.fr\/wp-content\/uploads\/Visites-Insolites\/quartier-latin\/balade-costumee-paris-antique-932x508.jpg",932,508,true],"cheerup-slider-stylish":["https:\/\/www.familinparis.fr\/wp-content\/uploads\/Visites-Insolites\/quartier-latin\/balade-costumee-paris-antique-900x515.jpg",900,515,true],"cheerup-slider-grid":["https:\/\/www.familinparis.fr\/wp-content\/uploads\/Visites-Insolites\/quartier-latin\/balade-costumee-paris-antique-870x582.jpg",870,582,true],"cheerup-slider-grid-sm":["https:\/\/www.familinparis.fr\/wp-content\/uploads\/Visites-Insolites\/quartier-latin\/balade-costumee-paris-antique-300x300.jpg",300,300,true],"cheerup-slider-carousel":["https:\/\/www.familinparis.fr\/wp-content\/uploads\/Visites-Insolites\/quartier-latin\/balade-costumee-paris-antique-370x370.jpg",370,370,true],"cheerup-slider-grid-b":["https:\/\/www.familinparis.fr\/wp-content\/uploads\/Visites-Insolites\/quartier-latin\/balade-costumee-paris-antique-554x466.jpg",554,466,true],"cheerup-slider-grid-b-sm":["https:\/\/www.familinparis.fr\/wp-content\/uploads\/Visites-Insolites\/quartier-latin\/balade-costumee-paris-antique-306x466.jpg",306,466,true],"cheerup-slider-bold-sm":["https:\/\/www.familinparis.fr\/wp-content\/uploads\/Visites-Insolites\/quartier-latin\/balade-costumee-paris-antique-150x150.jpg",150,150,true],"cheerup-grid":["https:\/\/www.familinparis.fr\/wp-content\/uploads\/Visites-Insolites\/quartier-latin\/balade-costumee-paris-antique-370x285.jpg",370,285,true],"cheerup-carousel":["https:\/\/www.familinparis.fr\/wp-content\/uploads\/Visites-Insolites\/quartier-latin\/balade-costumee-paris-antique-270x180.jpg",270,180,true],"cheerup-carousel-b":["https:\/\/www.familinparis.fr\/wp-content\/uploads\/Visites-Insolites\/quartier-latin\/balade-costumee-paris-antique-370x285.jpg",370,285,true],"cheerup-list":["https:\/\/www.familinparis.fr\/wp-content\/uploads\/Visites-Insolites\/quartier-latin\/balade-costumee-paris-antique-260x200.jpg",260,200,true],"cheerup-list-b":["https:\/\/www.familinparis.fr\/wp-content\/uploads\/Visites-Insolites\/quartier-latin\/balade-costumee-paris-antique-370x305.jpg",370,305,true],"cheerup-thumb":["https:\/\/www.familinparis.fr\/wp-content\/uploads\/Visites-Insolites\/quartier-latin\/balade-costumee-paris-antique-87x67.jpg",87,67,true],"cheerup-thumb-alt":["https:\/\/www.familinparis.fr\/wp-content\/uploads\/Visites-Insolites\/quartier-latin\/balade-costumee-paris-antique-150x150.jpg",150,150,true]},"uagb_author_info":{"display_name":"Agn\u00e8s","author_link":"https:\/\/www.familinparis.fr\/en\/author\/agnes\/"},"uagb_comment_info":0,"uagb_excerpt":"Frequently Asked Questions Can we cancel the tour if we have an impediment? You will find the cancellation conditions on our partner&#8217;s website (click on BOOK) Can we cancel the tour if we have an impediment? You will find the cancellation conditions on our partner&#8217;s website (click on BOOK) Can the walk be done with","_links":{"self":[{"href":"https:\/\/www.familinparis.fr\/en\/wp-json\/wp\/v2\/posts\/135775","targetHints":{"allow":["GET"]}}],"collection":[{"href":"https:\/\/www.familinparis.fr\/en\/wp-json\/wp\/v2\/posts"}],"about":[{"href":"https:\/\/www.familinparis.fr\/en\/wp-json\/wp\/v2\/types\/post"}],"author":[{"embeddable":true,"href":"https:\/\/www.familinparis.fr\/en\/wp-json\/wp\/v2\/users\/6"}],"replies":[{"embeddable":true,"href":"https:\/\/www.familinparis.fr\/en\/wp-json\/wp\/v2\/comments?post=135775"}],"version-history":[{"count":0,"href":"https:\/\/www.familinparis.fr\/en\/wp-json\/wp\/v2\/posts\/135775\/revisions"}],"wp:featuredmedia":[{"embeddable":true,"href":"https:\/\/www.familinparis.fr\/en\/wp-json\/wp\/v2\/media\/129381"}],"wp:attachment":[{"href":"https:\/\/www.familinparis.fr\/en\/wp-json\/wp\/v2\/media?parent=135775"}],"wp:term":[{"taxonomy":"category","embeddable":true,"href":"https:\/\/www.familinparis.fr\/en\/wp-json\/wp\/v2\/categories?post=135775"},{"taxonomy":"post_tag","embeddable":true,"href":"https:\/\/www.familinparis.fr\/en\/wp-json\/wp\/v2\/tags?post=135775"}],"curies":[{"name":"wp","href":"https:\/\/api.w.org\/{rel}","templated":true}]}}