{"id":135757,"date":"2022-02-11T09:51:21","date_gmt":"2022-02-11T07:51:21","guid":{"rendered":"https:\/\/www.familinparis.fr\/the-castle-of-champs-sur-marne\/"},"modified":"2024-11-16T17:19:02","modified_gmt":"2024-11-16T15:19:02","slug":"the-castle-of-champs-sur-marne","status":"publish","type":"post","link":"https:\/\/www.familinparis.fr\/en\/the-castle-of-champs-sur-marne\/","title":{"rendered":"The castle of Champs-sur-Marne"},"content":{"rendered":"\n<div class=\"wp-block-columns is-layout-flex wp-container-core-columns-is-layout-9d6595d7 wp-block-columns-is-layout-flex\">\n<div class=\"wp-block-column is-layout-flow wp-block-column-is-layout-flow\" style=\"flex-basis:100%\"><div class=\"lazyblock-baseline-1NKoOl wp-block-lazyblock-baseline\"><div class=\"baseline\">A jewel of classical architecture in \u00cele-de-France (in the 77)<\/div><\/div>\n\n<div class=\"lazyblock-infos-pratiques-1nJUXm wp-block-lazyblock-infos-pratiques\"><div class=\"read-more go-to\" data-goto=\"infos-sup\">\n  <a href=\"#\">\n    <span class=\"rien\">\n      <i class=\"fa fa-map-marker\"><\/i> See practical information    <\/span>\n  <\/a>\n<\/div><\/div>\n\n\n<p>The castle of Champ-sur-Marne is located <a href=\"https:\/\/www.familinparis.fr\/en\/what-to-do-in-the-val-de-marne-with-your-family\/\">to the east of Paris<\/a>, in Seine-et-Marne (77) about 25km from the center of Paris (as an indication, allow about 35 minutes to get there by car from Les Halles if traffic is fluid). It is a delightful <a href=\"https:\/\/www.familinparis.fr\/en\/the-most-beautiful-castles-in-ile-de-france\/\">castle<\/a> in the heart of a very pleasant park of 85 hectares. <\/p>\n<\/div>\n<\/div>\n\n<p class=\"has-text-align-center\">Free for under 18s (and under 26 EU nationals)<\/p>\n\n<div class=\"wp-block-buttons is-horizontal is-content-justification-center is-layout-flex wp-container-core-buttons-is-layout-499968f5 wp-block-buttons-is-layout-flex\">\n<div class=\"wp-block-button\"><a class=\"wp-block-button__link has-white-color has-text-color has-background wp-element-button\" href=\"https:\/\/www.tiqets.com\/fr\/activites-attractions-champs-sur-marne-c67054\/billets-pour-chateau-et-parc-de-champs-sur-marne-p986915\/?partner=familinparis&amp;tq_campaign=bouton-champs-sur-marne\" style=\"border-radius:1px;background-color:#db384b\">Buy my tickets<\/a><\/div>\n<\/div>\n\n<div style=\"height:22px\" aria-hidden=\"true\" class=\"wp-block-spacer\"><\/div>\n<div class=\"wp-block-image\">\n<figure class=\"aligncenter size-large\"><img decoding=\"async\" width=\"1024\" height=\"644\" src=\"https:\/\/www.familinparis.fr\/wp-content\/uploads\/Chateaux\/champs-sur-marne\/le-chateau-de-champs-sur-marne-PLD-1024x644.jpg\" alt=\"The castle of Champs sur Marne\" class=\"wp-image-73198\" srcset=\"https:\/\/www.familinparis.fr\/wp-content\/uploads\/Chateaux\/champs-sur-marne\/le-chateau-de-champs-sur-marne-PLD-1024x644.jpg 1024w, https:\/\/www.familinparis.fr\/wp-content\/uploads\/Chateaux\/champs-sur-marne\/le-chateau-de-champs-sur-marne-PLD-300x189.jpg 300w, https:\/\/www.familinparis.fr\/wp-content\/uploads\/Chateaux\/champs-sur-marne\/le-chateau-de-champs-sur-marne-PLD-768x483.jpg 768w, https:\/\/www.familinparis.fr\/wp-content\/uploads\/Chateaux\/champs-sur-marne\/le-chateau-de-champs-sur-marne-PLD-1536x966.jpg 1536w, https:\/\/www.familinparis.fr\/wp-content\/uploads\/Chateaux\/champs-sur-marne\/le-chateau-de-champs-sur-marne-PLD-18x12.jpg 18w, https:\/\/www.familinparis.fr\/wp-content\/uploads\/Chateaux\/champs-sur-marne\/le-chateau-de-champs-sur-marne-PLD-730x459.jpg 730w\" sizes=\"(max-width: 1024px) 100vw, 1024px\" \/><\/figure>\n<\/div>\n<div style=\"height:40px\" aria-hidden=\"true\" class=\"wp-block-spacer\"><\/div>\n\n<section class=\"wp-block-uagb-section uagb-section__wrap uagb-section__background-undefined uagb-block-f943feb9\"><div class=\"uagb-section__overlay\"><\/div><div class=\"uagb-section__inner-wrap\">\n<div class=\"wp-block-columns is-layout-flex wp-container-core-columns-is-layout-9d6595d7 wp-block-columns-is-layout-flex\">\n<div class=\"wp-block-column is-layout-flow wp-block-column-is-layout-flow\" style=\"flex-basis:66.66%\">\n<h2 class=\"wp-block-heading\">The castle and the park<\/h2>\n\n\n\n<ul class=\"wp-block-list\">\n<li><strong>It is a furnished castle<\/strong> : its 900 pieces of collection and its furniture stamped with the great names in cabinetmaking make it one of the most magnificently furnished castles in Ile-de-France<\/li>\n\n\n\n<li>It has sumptuous rocaille decorations, as well as chinoiserie decorations painted in the middle of the eighteenth century by Christophe Huet<\/li>\n\n\n\n<li>No excesses here: it&#8217;s a small castle that can be visited quite quickly and will suit children very well<\/li>\n\n\n\n<li><strong> Audio guides<\/strong> are available in French, English, Spanish and Russian for \u20ac3<\/li>\n\n\n\n<li>85 hectares of gardens inspired by the gardens of Le N\u00f4tre.  <\/li>\n<\/ul>\n\n\n\n<ul class=\"wp-block-list\">\n<li>The gardens have been awarded the label of <strong>&#8220;Remarkable Gardens&#8221;<\/strong><\/li>\n\n\n\n<li><strong>Access to the Champs-sur-Marne park is free<\/strong><\/li>\n\n\n\n<li>The castle regularly <strong>organises costumed exhibitions<\/strong><\/li>\n\n\n\n<li>Picnics are not allowed in the park and our animal friends are not welcome<\/li>\n<\/ul>\n<\/div>\n\n\n\n<div class=\"wp-block-column is-layout-flow wp-block-column-is-layout-flow\" style=\"flex-basis:33.33%\">\n<div data-tiqets-widget=\"availability\" data-layout=\"full\" data-venue-id=\"157327\" data-partner=\"Familinparis\" data-tq-campaign=\"dispo-chateau-champs-sur-\"><\/div><script defer=\"defer\" src=\"https:\/\/widgets.tiqets.com\/loader.js\"><\/script>\n<\/div>\n<\/div>\n\n\n\n<h2 class=\"wp-block-heading\">The booklet for children<\/h2>\n\n\n\n<ul class=\"wp-block-list\">\n<li><strong>Free &#8220;discovery trail&#8221; booklet for children from 7 to 12 years old<\/strong>.  <\/li>\n\n\n\n<li>You can download it before your visit<\/li>\n<\/ul>\n<\/div><\/section>\n\n<div style=\"height:41px\" aria-hidden=\"true\" class=\"wp-block-spacer\"><\/div>\n\n<h2 class=\"wp-block-heading\">A bit of history<\/h2>\n\n<ul class=\"wp-block-list\">\n<li>Built from 1703 to 1708 at the request of Louis XIV&#8217;s financier,<strong> the castle of Champs-sur-Marne is characteristic of eighteenth-century pleasure houses built in the countryside<\/strong>.<\/li>\n\n\n\n<li><strong>The Ch\u00e2teau de Champs sur Marne has welcomed illustrious tenants<\/strong> : the Princess of Conti, the Marquise de Pompadour, men of letters such as Diderot, Voltaire, Chateaubriand and Proust. From 1959, General de Gaulle made the Ch\u00e2teau de Champs a residence for heads of state on official visits to France. The interiors are completely restored.  <\/li>\n<\/ul>\n\n<div style=\"height:41px\" aria-hidden=\"true\" class=\"wp-block-spacer\"><\/div>\n\n<h2 class=\"wp-block-heading\">Frequently Asked Questions<\/h2>\n<div class=\"wp-block-uagb-faq uagb-faq__outer-wrap uagb-block-1374ed11 uagb-faq-icon-row uagb-faq-layout-accordion uagb-faq-expand-first-false uagb-faq-inactive-other-true uagb-faq__wrap uagb-buttons-layout-wrap uagb-faq-equal-height     \" data-faqtoggle=\"true\" role=\"tablist\"><div class=\"wp-block-uagb-faq-child uagb-faq-child__outer-wrap uagb-faq-item uagb-block-ea3b054e \" role=\"tab\" tabindex=\"0\"><div class=\"uagb-faq-questions-button uagb-faq-questions\">\t\t\t<span class=\"uagb-icon uagb-faq-icon-wrap\">\n\t\t\t\t\t\t\t\t<svg xmlns=\"https:\/\/www.w3.org\/2000\/svg\" viewBox= \"0 0 448 512\"><path d=\"M432 256c0 17.69-14.33 32.01-32 32.01H256v144c0 17.69-14.33 31.99-32 31.99s-32-14.3-32-31.99v-144H48c-17.67 0-32-14.32-32-32.01s14.33-31.99 32-31.99H192v-144c0-17.69 14.33-32.01 32-32.01s32 14.32 32 32.01v144h144C417.7 224 432 238.3 432 256z\"><\/path><\/svg>\n\t\t\t\t\t\t\t<\/span>\n\t\t\t\t\t\t<span class=\"uagb-icon-active uagb-faq-icon-wrap\">\n\t\t\t\t\t\t\t\t<svg xmlns=\"https:\/\/www.w3.org\/2000\/svg\" viewBox= \"0 0 448 512\"><path d=\"M400 288h-352c-17.69 0-32-14.32-32-32.01s14.31-31.99 32-31.99h352c17.69 0 32 14.3 32 31.99S417.7 288 400 288z\"><\/path><\/svg>\n\t\t\t\t\t\t\t<\/span>\n\t\t\t<span class=\"uagb-question\">How to get to the castle of Champs-sur-Marne?<\/span><\/div><div class=\"uagb-faq-content\"><p>&#8211; By public transport: RER A, get off at Noisiel le Luzard then bus 220 or bus 100 towards Bry-sur-Marne, stop at Champs town hall or 20\u2032 walk from the RER station<br>&#8211; By car from Paris: take the A4, exit n\u00b010 Champs, follow the signs &#8220;Ch\u00e2teau de Champs&#8221;, 30 minutes journey.<br>&#8211; By car from the provinces or suburbs: take the A4, exit Noisiel and follow the signs for Champs sur Marne<br>Free parking<\/p><\/div><\/div><div class=\"wp-block-uagb-faq-child uagb-faq-child__outer-wrap uagb-faq-item uagb-block-e92406c2 \" role=\"tab\" tabindex=\"0\"><div class=\"uagb-faq-questions-button uagb-faq-questions\">\t\t\t<span class=\"uagb-icon uagb-faq-icon-wrap\">\n\t\t\t\t\t\t\t\t<svg xmlns=\"https:\/\/www.w3.org\/2000\/svg\" viewBox= \"0 0 448 512\"><path d=\"M432 256c0 17.69-14.33 32.01-32 32.01H256v144c0 17.69-14.33 31.99-32 31.99s-32-14.3-32-31.99v-144H48c-17.67 0-32-14.32-32-32.01s14.33-31.99 32-31.99H192v-144c0-17.69 14.33-32.01 32-32.01s32 14.32 32 32.01v144h144C417.7 224 432 238.3 432 256z\"><\/path><\/svg>\n\t\t\t\t\t\t\t<\/span>\n\t\t\t\t\t\t<span class=\"uagb-icon-active uagb-faq-icon-wrap\">\n\t\t\t\t\t\t\t\t<svg xmlns=\"https:\/\/www.w3.org\/2000\/svg\" viewBox= \"0 0 448 512\"><path d=\"M400 288h-352c-17.69 0-32-14.32-32-32.01s14.31-31.99 32-31.99h352c17.69 0 32 14.3 32 31.99S417.7 288 400 288z\"><\/path><\/svg>\n\t\t\t\t\t\t\t<\/span>\n\t\t\t<span class=\"uagb-question\">Which bus goes to the castle of Champs-sur-Marne?<\/span><\/div><div class=\"uagb-faq-content\"><p>Buses 220 or bus 100 in the direction of Bry-sur-Marne. Get off at the &#8220;Mairie de Champs&#8221; stop <\/p><\/div><\/div><div class=\"wp-block-uagb-faq-child uagb-faq-child__outer-wrap uagb-faq-item uagb-block-061e9702 \" role=\"tab\" tabindex=\"0\"><div class=\"uagb-faq-questions-button uagb-faq-questions\">\t\t\t<span class=\"uagb-icon uagb-faq-icon-wrap\">\n\t\t\t\t\t\t\t\t<svg xmlns=\"https:\/\/www.w3.org\/2000\/svg\" viewBox= \"0 0 448 512\"><path d=\"M432 256c0 17.69-14.33 32.01-32 32.01H256v144c0 17.69-14.33 31.99-32 31.99s-32-14.3-32-31.99v-144H48c-17.67 0-32-14.32-32-32.01s14.33-31.99 32-31.99H192v-144c0-17.69 14.33-32.01 32-32.01s32 14.32 32 32.01v144h144C417.7 224 432 238.3 432 256z\"><\/path><\/svg>\n\t\t\t\t\t\t\t<\/span>\n\t\t\t\t\t\t<span class=\"uagb-icon-active uagb-faq-icon-wrap\">\n\t\t\t\t\t\t\t\t<svg xmlns=\"https:\/\/www.w3.org\/2000\/svg\" viewBox= \"0 0 448 512\"><path d=\"M400 288h-352c-17.69 0-32-14.32-32-32.01s14.31-31.99 32-31.99h352c17.69 0 32 14.3 32 31.99S417.7 288 400 288z\"><\/path><\/svg>\n\t\t\t\t\t\t\t<\/span>\n\t\t\t<span class=\"uagb-question\">Is the castle of Champs-sur-Marne free?<\/span><\/div><div class=\"uagb-faq-content\"><p>&#8211; It is free (on presentation of proof) for those under 18 years old and for under 26 years old who are EU nationals<br>&#8211; It is free (on presentation of proof) for teachers, job seekers, disabled people and their companion<br>&#8211; It is free during Heritage Days<br>&#8211; The 1st Sunday of the month (from February 1st to March 31st)<\/p><\/div><\/div><div class=\"wp-block-uagb-faq-child uagb-faq-child__outer-wrap uagb-faq-item uagb-block-34d86f06 \" role=\"tab\" tabindex=\"0\"><div class=\"uagb-faq-questions-button uagb-faq-questions\">\t\t\t<span class=\"uagb-icon uagb-faq-icon-wrap\">\n\t\t\t\t\t\t\t\t<svg xmlns=\"https:\/\/www.w3.org\/2000\/svg\" viewBox= \"0 0 448 512\"><path d=\"M432 256c0 17.69-14.33 32.01-32 32.01H256v144c0 17.69-14.33 31.99-32 31.99s-32-14.3-32-31.99v-144H48c-17.67 0-32-14.32-32-32.01s14.33-31.99 32-31.99H192v-144c0-17.69 14.33-32.01 32-32.01s32 14.32 32 32.01v144h144C417.7 224 432 238.3 432 256z\"><\/path><\/svg>\n\t\t\t\t\t\t\t<\/span>\n\t\t\t\t\t\t<span class=\"uagb-icon-active uagb-faq-icon-wrap\">\n\t\t\t\t\t\t\t\t<svg xmlns=\"https:\/\/www.w3.org\/2000\/svg\" viewBox= \"0 0 448 512\"><path d=\"M400 288h-352c-17.69 0-32-14.32-32-32.01s14.31-31.99 32-31.99h352c17.69 0 32 14.3 32 31.99S417.7 288 400 288z\"><\/path><\/svg>\n\t\t\t\t\t\t\t<\/span>\n\t\t\t<span class=\"uagb-question\">Is there a car park at the Ch\u00e2teau de Champs-sur-Marne if I come by car?<\/span><\/div><div class=\"uagb-faq-content\"><p>There is a parking lot that is in front of the castle. It is open from 9:45 am to 7 pm <\/p><\/div><\/div><div class=\"wp-block-uagb-faq-child uagb-faq-child__outer-wrap uagb-faq-item uagb-block-13184937 \" role=\"tab\" tabindex=\"0\"><div class=\"uagb-faq-questions-button uagb-faq-questions\">\t\t\t<span class=\"uagb-icon uagb-faq-icon-wrap\">\n\t\t\t\t\t\t\t\t<svg xmlns=\"https:\/\/www.w3.org\/2000\/svg\" viewBox= \"0 0 448 512\"><path d=\"M432 256c0 17.69-14.33 32.01-32 32.01H256v144c0 17.69-14.33 31.99-32 31.99s-32-14.3-32-31.99v-144H48c-17.67 0-32-14.32-32-32.01s14.33-31.99 32-31.99H192v-144c0-17.69 14.33-32.01 32-32.01s32 14.32 32 32.01v144h144C417.7 224 432 238.3 432 256z\"><\/path><\/svg>\n\t\t\t\t\t\t\t<\/span>\n\t\t\t\t\t\t<span class=\"uagb-icon-active uagb-faq-icon-wrap\">\n\t\t\t\t\t\t\t\t<svg xmlns=\"https:\/\/www.w3.org\/2000\/svg\" viewBox= \"0 0 448 512\"><path d=\"M400 288h-352c-17.69 0-32-14.32-32-32.01s14.31-31.99 32-31.99h352c17.69 0 32 14.3 32 31.99S417.7 288 400 288z\"><\/path><\/svg>\n\t\t\t\t\t\t\t<\/span>\n\t\t\t<span class=\"uagb-question\">Can you bring a dog to the castle of Champs-sur-Marne?<\/span><\/div><div class=\"uagb-faq-content\"><p>No, our animal friends are not welcome, neither in the park nor in the castle<\/p><\/div><\/div><\/div>\n<hr class=\"wp-block-separator has-text-color has-css-opacity has-background is-style-wide\" style=\"background-color:#3e9cd2;color:#3e9cd2\"\/>\n\n<div style=\"height:14px\" aria-hidden=\"true\" class=\"wp-block-spacer\"><\/div>\n\n<h2 class=\"wp-block-heading has-text-align-center\" style=\"font-size:30px\">Other ideas in the east of Paris<\/h2>\n\n\t\t\t<div class=\"wp-block-uagb-post-grid uagb-post-grid t-center uagb-post__image-position-top uagb-post__image-enabled uagb-block-5fa15c78     uagb-post__items uagb-post__columns-5 is-grid uagb-post__columns-tablet-2 uagb-post__columns-mobile-1 uagb-post__equal-height\" data-total=\"1\" style=\"\">\n\n\t\t\t\t\t\t\t\t\t\t\t\t<article class=\"uagb-post__inner-wrap\">\t\t\t\t\t\t\t\t<div class='uagb-post__image'>\n\t\t\t\t\t\t\t\t\t<a href=\"https:\/\/www.familinparis.fr\/en\/gathering-farms-around-paris\/\" target=\"_self\" rel=\"bookmark noopener noreferrer\" class='uagb-image-ratio-inherit'><img decoding=\"async\" width=\"270\" height=\"180\" src=\"https:\/\/www.familinparis.fr\/wp-content\/uploads\/LOISIRS\/fermes\/ferme-cueillette-paris-270x180.jpg\" class=\"attachment-post-thumbnail size-post-thumbnail\" alt=\"\" srcset=\"https:\/\/www.familinparis.fr\/wp-content\/uploads\/LOISIRS\/fermes\/ferme-cueillette-paris-270x180.jpg 270w, https:\/\/www.familinparis.fr\/wp-content\/uploads\/LOISIRS\/fermes\/ferme-cueillette-paris-300x199.jpg 300w, https:\/\/www.familinparis.fr\/wp-content\/uploads\/LOISIRS\/fermes\/ferme-cueillette-paris-1024x678.jpg 1024w, https:\/\/www.familinparis.fr\/wp-content\/uploads\/LOISIRS\/fermes\/ferme-cueillette-paris-16x12.jpg 16w, https:\/\/www.familinparis.fr\/wp-content\/uploads\/LOISIRS\/fermes\/ferme-cueillette-paris-730x483.jpg 730w, https:\/\/www.familinparis.fr\/wp-content\/uploads\/LOISIRS\/fermes\/ferme-cueillette-paris.jpg 1200w\" sizes=\"(max-width: 270px) 100vw, 270px\" \/>\t\t\t\t\t<\/a>\n\t\t\t\t\t\t\t<\/div>\n\t\t\t\t\t\t<h2 class=\"uagb-post__title uagb-post__text\">\n\t\t\t\t<a href=\"https:\/\/www.familinparis.fr\/en\/gathering-farms-around-paris\/\" target=\"_self\" rel=\"bookmark noopener noreferrer\">Gathering farms around Paris<\/a>\n\t\t\t<\/h2>\n\t\t\t\t\t\t<div class='uagb-post__text uagb-post-grid-byline'>\n\t\t\t\t\t\t\t<\/div>\n\t\t\t\n\t\t\t\t\t\t\t\t\t<\/article>\n\t\t\t\t\t\t\t\t\t\t\t\t\t\t\t\t<article class=\"uagb-post__inner-wrap\">\t\t\t\t\t\t\t\t<div class='uagb-post__image'>\n\t\t\t\t\t\t\t\t\t<a href=\"https:\/\/www.familinparis.fr\/en\/educational-farms-around-paris\/\" target=\"_self\" rel=\"bookmark noopener noreferrer\" class='uagb-image-ratio-inherit'><img decoding=\"async\" width=\"270\" height=\"180\" src=\"https:\/\/www.familinparis.fr\/wp-content\/uploads\/LOISIRS\/fermes\/ferme-pedagogique-poule-rousse-270x180.jpg\" class=\"attachment-post-thumbnail size-post-thumbnail\" alt=\"\" srcset=\"https:\/\/www.familinparis.fr\/wp-content\/uploads\/LOISIRS\/fermes\/ferme-pedagogique-poule-rousse-270x180.jpg 270w, https:\/\/www.familinparis.fr\/wp-content\/uploads\/LOISIRS\/fermes\/ferme-pedagogique-poule-rousse-16x12.jpg 16w\" sizes=\"(max-width: 270px) 100vw, 270px\" \/>\t\t\t\t\t<\/a>\n\t\t\t\t\t\t\t<\/div>\n\t\t\t\t\t\t<h2 class=\"uagb-post__title uagb-post__text\">\n\t\t\t\t<a href=\"https:\/\/www.familinparis.fr\/en\/educational-farms-around-paris\/\" target=\"_self\" rel=\"bookmark noopener noreferrer\">Educational farms around Paris<\/a>\n\t\t\t<\/h2>\n\t\t\t\t\t\t<div class='uagb-post__text uagb-post-grid-byline'>\n\t\t\t\t\t\t\t<\/div>\n\t\t\t\n\t\t\t\t\t\t\t\t\t<\/article>\n\t\t\t\t\t\t\t\t\t\t\t\t\t\t\t\t<article class=\"uagb-post__inner-wrap\">\t\t\t\t\t\t\t\t<div class='uagb-post__image'>\n\t\t\t\t\t\t\t\t\t<a href=\"https:\/\/www.familinparis.fr\/en\/rainbow-urban-farm\/\" target=\"_self\" rel=\"bookmark noopener noreferrer\" class='uagb-image-ratio-inherit'><img decoding=\"async\" width=\"270\" height=\"180\" src=\"https:\/\/www.familinparis.fr\/wp-content\/uploads\/LOISIRS\/fermes\/chevres-ferme-urbaine-270x180.jpg\" class=\"attachment-post-thumbnail size-post-thumbnail\" alt=\"\" srcset=\"https:\/\/www.familinparis.fr\/wp-content\/uploads\/LOISIRS\/fermes\/chevres-ferme-urbaine-270x180.jpg 270w, https:\/\/www.familinparis.fr\/wp-content\/uploads\/LOISIRS\/fermes\/chevres-ferme-urbaine-16x10.jpg 16w\" sizes=\"(max-width: 270px) 100vw, 270px\" \/>\t\t\t\t\t<\/a>\n\t\t\t\t\t\t\t<\/div>\n\t\t\t\t\t\t<h2 class=\"uagb-post__title uagb-post__text\">\n\t\t\t\t<a href=\"https:\/\/www.familinparis.fr\/en\/rainbow-urban-farm\/\" target=\"_self\" rel=\"bookmark noopener noreferrer\">Rainbow Urban Farm<\/a>\n\t\t\t<\/h2>\n\t\t\t\t\t\t<div class='uagb-post__text uagb-post-grid-byline'>\n\t\t\t\t\t\t\t<\/div>\n\t\t\t\n\t\t\t\t\t\t\t\t\t<\/article>\n\t\t\t\t\t\t\t\t\t\t\t\t\t\t\t\t<article class=\"uagb-post__inner-wrap\">\t\t\t\t\t\t\t\t<div class='uagb-post__image'>\n\t\t\t\t\t\t\t\t\t<a href=\"https:\/\/www.familinparis.fr\/en\/the-chateau-de-vincennes\/\" target=\"_self\" rel=\"bookmark noopener noreferrer\" class='uagb-image-ratio-inherit'><img decoding=\"async\" width=\"270\" height=\"180\" src=\"https:\/\/www.familinparis.fr\/wp-content\/uploads\/Chateaux\/vincennes\/le-chateau-de-vincennes-PLD-270x180.jpg\" class=\"attachment-post-thumbnail size-post-thumbnail\" alt=\"\" srcset=\"https:\/\/www.familinparis.fr\/wp-content\/uploads\/Chateaux\/vincennes\/le-chateau-de-vincennes-PLD-270x180.jpg 270w, https:\/\/www.familinparis.fr\/wp-content\/uploads\/Chateaux\/vincennes\/le-chateau-de-vincennes-PLD-300x200.jpg 300w, https:\/\/www.familinparis.fr\/wp-content\/uploads\/Chateaux\/vincennes\/le-chateau-de-vincennes-PLD-1024x683.jpg 1024w, https:\/\/www.familinparis.fr\/wp-content\/uploads\/Chateaux\/vincennes\/le-chateau-de-vincennes-PLD-768x512.jpg 768w, https:\/\/www.familinparis.fr\/wp-content\/uploads\/Chateaux\/vincennes\/le-chateau-de-vincennes-PLD-1536x1024.jpg 1536w, https:\/\/www.familinparis.fr\/wp-content\/uploads\/Chateaux\/vincennes\/le-chateau-de-vincennes-PLD-18x12.jpg 18w, https:\/\/www.familinparis.fr\/wp-content\/uploads\/Chateaux\/vincennes\/le-chateau-de-vincennes-PLD-730x487.jpg 730w\" sizes=\"(max-width: 270px) 100vw, 270px\" \/>\t\t\t\t\t<\/a>\n\t\t\t\t\t\t\t<\/div>\n\t\t\t\t\t\t<h2 class=\"uagb-post__title uagb-post__text\">\n\t\t\t\t<a href=\"https:\/\/www.familinparis.fr\/en\/the-chateau-de-vincennes\/\" target=\"_self\" rel=\"bookmark noopener noreferrer\">The Ch\u00e2teau de Vincennes<\/a>\n\t\t\t<\/h2>\n\t\t\t\t\t\t<div class='uagb-post__text uagb-post-grid-byline'>\n\t\t\t\t\t\t\t<\/div>\n\t\t\t\n\t\t\t\t\t\t\t\t\t<\/article>\n\t\t\t\t\t\t\t\t\t\t\t\t\t\t\t\t<article class=\"uagb-post__inner-wrap\">\t\t\t\t\t\t\t\t<div class='uagb-post__image'>\n\t\t\t\t\t\t\t\t\t<a href=\"https:\/\/www.familinparis.fr\/en\/enigma-walk-in-the-bois-de-vincennes-and-lake-daumesnil\/\" target=\"_self\" rel=\"bookmark noopener noreferrer\" class='uagb-image-ratio-inherit'><img decoding=\"async\" width=\"270\" height=\"180\" src=\"https:\/\/www.familinparis.fr\/wp-content\/uploads\/balade-paris\/balade-enigme\/jeu-de-piste-enigme-bois-de-vincennes-270x180.jpg\" class=\"attachment-post-thumbnail size-post-thumbnail\" alt=\"\" srcset=\"https:\/\/www.familinparis.fr\/wp-content\/uploads\/balade-paris\/balade-enigme\/jeu-de-piste-enigme-bois-de-vincennes-270x180.jpg 270w, https:\/\/www.familinparis.fr\/wp-content\/uploads\/balade-paris\/balade-enigme\/jeu-de-piste-enigme-bois-de-vincennes-16x12.jpg 16w\" sizes=\"(max-width: 270px) 100vw, 270px\" \/>\t\t\t\t\t<\/a>\n\t\t\t\t\t\t\t<\/div>\n\t\t\t\t\t\t<h2 class=\"uagb-post__title uagb-post__text\">\n\t\t\t\t<a href=\"https:\/\/www.familinparis.fr\/en\/enigma-walk-in-the-bois-de-vincennes-and-lake-daumesnil\/\" target=\"_self\" rel=\"bookmark noopener noreferrer\">Enigma walk in the Bois de Vincennes and Lake Daumesnil<\/a>\n\t\t\t<\/h2>\n\t\t\t\t\t\t<div class='uagb-post__text uagb-post-grid-byline'>\n\t\t\t\t\t\t\t<\/div>\n\t\t\t\n\t\t\t\t\t\t\t\t\t<\/article>\n\t\t\t\t\t\t\t\t\t\t\t\t\t\t\t\t<article class=\"uagb-post__inner-wrap\">\t\t\t\t\t\t\t\t<div class='uagb-post__image'>\n\t\t\t\t\t\t\t\t\t<a href=\"https:\/\/www.familinparis.fr\/en\/the-gardens-of-the-impasse-gobetue-in-montreuil\/\" target=\"_self\" rel=\"bookmark noopener noreferrer\" class='uagb-image-ratio-inherit'><img decoding=\"async\" width=\"270\" height=\"180\" src=\"https:\/\/www.familinparis.fr\/wp-content\/uploads\/ILE-DE-FRANCE\/93\/les-fleurs-de-pommier-du-verger-de-patrick-270x180.jpg\" class=\"attachment-post-thumbnail size-post-thumbnail\" alt=\"\" srcset=\"https:\/\/www.familinparis.fr\/wp-content\/uploads\/ILE-DE-FRANCE\/93\/les-fleurs-de-pommier-du-verger-de-patrick-270x180.jpg 270w, https:\/\/www.familinparis.fr\/wp-content\/uploads\/ILE-DE-FRANCE\/93\/les-fleurs-de-pommier-du-verger-de-patrick-16x12.jpg 16w\" sizes=\"(max-width: 270px) 100vw, 270px\" \/>\t\t\t\t\t<\/a>\n\t\t\t\t\t\t\t<\/div>\n\t\t\t\t\t\t<h2 class=\"uagb-post__title uagb-post__text\">\n\t\t\t\t<a href=\"https:\/\/www.familinparis.fr\/en\/the-gardens-of-the-impasse-gobetue-in-montreuil\/\" target=\"_self\" rel=\"bookmark noopener noreferrer\">The gardens of the Impasse Gob\u00e9tue in Montreuil<\/a>\n\t\t\t<\/h2>\n\t\t\t\t\t\t<div class='uagb-post__text uagb-post-grid-byline'>\n\t\t\t\t\t\t\t<\/div>\n\t\t\t\n\t\t\t\t\t\t\t\t\t<\/article>\n\t\t\t\t\t\t\t\t\t\t\t<\/div>\n\t\t\t\n<div style=\"height:40px\" aria-hidden=\"true\" class=\"wp-block-spacer\"><\/div>\n\n<h2 class=\"wp-block-heading has-text-align-center\" style=\"font-size:30px\">Other castles to visit around Paris<\/h2>\n\n\t\t\t<div class=\"wp-block-uagb-post-grid uagb-post-grid t-center uagb-post__image-position-top uagb-post__image-enabled uagb-block-cad57f9b     uagb-post__items uagb-post__columns-5 is-grid uagb-post__columns-tablet-2 uagb-post__columns-mobile-1 uagb-post__equal-height\" data-total=\"2\" style=\"\">\n\n\t\t\t\t\t\t\t\t\t\t\t\t<article class=\"uagb-post__inner-wrap\">\t\t\t\t\t\t\t\t<div class='uagb-post__image'>\n\t\t\t\t\t\t\t\t\t<a href=\"https:\/\/www.familinparis.fr\/en\/the-castle-of-vaux-le-vicomte\/\" target=\"_self\" rel=\"bookmark noopener noreferrer\" class='uagb-image-ratio-inherit'><img decoding=\"async\" width=\"270\" height=\"180\" src=\"https:\/\/www.familinparis.fr\/wp-content\/uploads\/Chateaux\/vaux-le-vicomte\/Vaux-le-vicomte-dome-@FamilinParis-270x180.jpg\" class=\"attachment-post-thumbnail size-post-thumbnail\" alt=\"\" srcset=\"https:\/\/www.familinparis.fr\/wp-content\/uploads\/Chateaux\/vaux-le-vicomte\/Vaux-le-vicomte-dome-@FamilinParis-270x180.jpg 270w, https:\/\/www.familinparis.fr\/wp-content\/uploads\/Chateaux\/vaux-le-vicomte\/Vaux-le-vicomte-dome-@FamilinParis-300x200.jpg 300w, https:\/\/www.familinparis.fr\/wp-content\/uploads\/Chateaux\/vaux-le-vicomte\/Vaux-le-vicomte-dome-@FamilinParis-1024x683.jpg 1024w, https:\/\/www.familinparis.fr\/wp-content\/uploads\/Chateaux\/vaux-le-vicomte\/Vaux-le-vicomte-dome-@FamilinParis-16x12.jpg 16w, https:\/\/www.familinparis.fr\/wp-content\/uploads\/Chateaux\/vaux-le-vicomte\/Vaux-le-vicomte-dome-@FamilinParis-730x487.jpg 730w, https:\/\/www.familinparis.fr\/wp-content\/uploads\/Chateaux\/vaux-le-vicomte\/Vaux-le-vicomte-dome-@FamilinParis.jpg 1200w\" sizes=\"(max-width: 270px) 100vw, 270px\" \/>\t\t\t\t\t<\/a>\n\t\t\t\t\t\t\t<\/div>\n\t\t\t\t\t\t<h2 class=\"uagb-post__title uagb-post__text\">\n\t\t\t\t<a href=\"https:\/\/www.familinparis.fr\/en\/the-castle-of-vaux-le-vicomte\/\" target=\"_self\" rel=\"bookmark noopener noreferrer\">The castle of Vaux-le-Vicomte<\/a>\n\t\t\t<\/h2>\n\t\t\t\t\t\t<div class='uagb-post__text uagb-post-grid-byline'>\n\t\t\t\t\t\t\t<\/div>\n\t\t\t\n\t\t\t\t\t\t\t\t\t<\/article>\n\t\t\t\t\t\t\t\t\t\t\t\t\t\t\t\t<article class=\"uagb-post__inner-wrap\">\t\t\t\t\t\t\t\t<div class='uagb-post__image'>\n\t\t\t\t\t\t\t\t\t<a href=\"https:\/\/www.familinparis.fr\/en\/les-grandes-eaux-musicales\/\" target=\"_self\" rel=\"bookmark noopener noreferrer\" class='uagb-image-ratio-inherit'><img decoding=\"async\" width=\"270\" height=\"180\" src=\"https:\/\/www.familinparis.fr\/wp-content\/uploads\/Chateaux\/Versailles\/Versailles-fontaines-PLD-270x180.jpg\" class=\"attachment-post-thumbnail size-post-thumbnail\" alt=\"\" srcset=\"https:\/\/www.familinparis.fr\/wp-content\/uploads\/Chateaux\/Versailles\/Versailles-fontaines-PLD-270x180.jpg 270w, https:\/\/www.familinparis.fr\/wp-content\/uploads\/Chateaux\/Versailles\/Versailles-fontaines-PLD-300x200.jpg 300w, https:\/\/www.familinparis.fr\/wp-content\/uploads\/Chateaux\/Versailles\/Versailles-fontaines-PLD-1024x683.jpg 1024w, https:\/\/www.familinparis.fr\/wp-content\/uploads\/Chateaux\/Versailles\/Versailles-fontaines-PLD-768x512.jpg 768w, https:\/\/www.familinparis.fr\/wp-content\/uploads\/Chateaux\/Versailles\/Versailles-fontaines-PLD-1536x1024.jpg 1536w, https:\/\/www.familinparis.fr\/wp-content\/uploads\/Chateaux\/Versailles\/Versailles-fontaines-PLD-18x12.jpg 18w, https:\/\/www.familinparis.fr\/wp-content\/uploads\/Chateaux\/Versailles\/Versailles-fontaines-PLD-730x487.jpg 730w\" sizes=\"(max-width: 270px) 100vw, 270px\" \/>\t\t\t\t\t<\/a>\n\t\t\t\t\t\t\t<\/div>\n\t\t\t\t\t\t<h2 class=\"uagb-post__title uagb-post__text\">\n\t\t\t\t<a href=\"https:\/\/www.familinparis.fr\/en\/les-grandes-eaux-musicales\/\" target=\"_self\" rel=\"bookmark noopener noreferrer\">The Musical Fountains Show<\/a>\n\t\t\t<\/h2>\n\t\t\t\t\t\t<div class='uagb-post__text uagb-post-grid-byline'>\n\t\t\t\t\t\t\t<\/div>\n\t\t\t\n\t\t\t\t\t\t\t\t\t<\/article>\n\t\t\t\t\t\t\t\t\t\t\t\t\t\t\t\t<article class=\"uagb-post__inner-wrap\">\t\t\t\t\t\t\t\t<div class='uagb-post__image'>\n\t\t\t\t\t\t\t\t\t<a href=\"https:\/\/www.familinparis.fr\/en\/the-great-day-of-the-costumed-at-the-chateau-de-vaux-le-vicomte\/\" target=\"_self\" rel=\"bookmark noopener noreferrer\" class='uagb-image-ratio-inherit'><img decoding=\"async\" width=\"270\" height=\"180\" src=\"https:\/\/www.familinparis.fr\/wp-content\/uploads\/photos-familinparis-2021\/chateau\/deguisement-enfant-chateau-de-vaux-le-vicomte-270x180.jpg\" class=\"attachment-post-thumbnail size-post-thumbnail\" alt=\"\" srcset=\"https:\/\/www.familinparis.fr\/wp-content\/uploads\/photos-familinparis-2021\/chateau\/deguisement-enfant-chateau-de-vaux-le-vicomte-270x180.jpg 270w, https:\/\/www.familinparis.fr\/wp-content\/uploads\/photos-familinparis-2021\/chateau\/deguisement-enfant-chateau-de-vaux-le-vicomte-16x12.jpg 16w\" sizes=\"(max-width: 270px) 100vw, 270px\" \/>\t\t\t\t\t<\/a>\n\t\t\t\t\t\t\t<\/div>\n\t\t\t\t\t\t<h2 class=\"uagb-post__title uagb-post__text\">\n\t\t\t\t<a href=\"https:\/\/www.familinparis.fr\/en\/the-great-day-of-the-costumed-at-the-chateau-de-vaux-le-vicomte\/\" target=\"_self\" rel=\"bookmark noopener noreferrer\">The Great Day of the Costumed at the Ch\u00e2teau de Vaux le Vicomte<\/a>\n\t\t\t<\/h2>\n\t\t\t\t\t\t<div class='uagb-post__text uagb-post-grid-byline'>\n\t\t\t\t\t\t\t<\/div>\n\t\t\t\n\t\t\t\t\t\t\t\t\t<\/article>\n\t\t\t\t\t\t\t\t\t\t\t\t\t\t\t\t<article class=\"uagb-post__inner-wrap\">\t\t\t\t\t\t\t\t<div class='uagb-post__image'>\n\t\t\t\t\t\t\t\t\t<a href=\"https:\/\/www.familinparis.fr\/en\/la-serenade-royale-galerie-des-glaces-chateau-de-versailles\/\" target=\"_self\" rel=\"bookmark noopener noreferrer\" class='uagb-image-ratio-inherit'><img decoding=\"async\" width=\"270\" height=\"180\" src=\"https:\/\/www.familinparis.fr\/wp-content\/uploads\/2025\/06\/affichesserenaderoyale40x601_1737543649-270x180.jpg\" class=\"attachment-post-thumbnail size-post-thumbnail\" alt=\"La S\u00e9r\u00e9nade royale au Ch\u00e2teau de Versailles\" \/>\t\t\t\t\t<\/a>\n\t\t\t\t\t\t\t<\/div>\n\t\t\t\t\t\t<h2 class=\"uagb-post__title uagb-post__text\">\n\t\t\t\t<a href=\"https:\/\/www.familinparis.fr\/en\/la-serenade-royale-galerie-des-glaces-chateau-de-versailles\/\" target=\"_self\" rel=\"bookmark noopener noreferrer\">The Royal Serenade in the Hall of Mirrors<\/a>\n\t\t\t<\/h2>\n\t\t\t\t\t\t<div class='uagb-post__text uagb-post-grid-byline'>\n\t\t\t\t\t\t\t<\/div>\n\t\t\t\n\t\t\t\t\t\t\t\t\t<\/article>\n\t\t\t\t\t\t\t\t\t\t\t\t\t\t\t\t<article class=\"uagb-post__inner-wrap\">\t\t\t\t\t\t\t\t<div class='uagb-post__image'>\n\t\t\t\t\t\t\t\t\t<a href=\"https:\/\/www.familinparis.fr\/en\/palace-of-versailles\/\" target=\"_self\" rel=\"bookmark noopener noreferrer\" class='uagb-image-ratio-inherit'><img decoding=\"async\" width=\"270\" height=\"180\" src=\"https:\/\/www.familinparis.fr\/wp-content\/uploads\/photos-familinparis-2021\/monument\/la-galerie-des-glaces-chateau-de-versailles-\u00a9FamilinParis-270x180.jpg\" class=\"attachment-post-thumbnail size-post-thumbnail\" alt=\"\" srcset=\"https:\/\/www.familinparis.fr\/wp-content\/uploads\/photos-familinparis-2021\/monument\/la-galerie-des-glaces-chateau-de-versailles-\u00a9FamilinParis-270x180.jpg 270w, https:\/\/www.familinparis.fr\/wp-content\/uploads\/photos-familinparis-2021\/monument\/la-galerie-des-glaces-chateau-de-versailles-\u00a9FamilinParis-300x200.jpg 300w, https:\/\/www.familinparis.fr\/wp-content\/uploads\/photos-familinparis-2021\/monument\/la-galerie-des-glaces-chateau-de-versailles-\u00a9FamilinParis-1024x682.jpg 1024w, https:\/\/www.familinparis.fr\/wp-content\/uploads\/photos-familinparis-2021\/monument\/la-galerie-des-glaces-chateau-de-versailles-\u00a9FamilinParis-18x12.jpg 18w, https:\/\/www.familinparis.fr\/wp-content\/uploads\/photos-familinparis-2021\/monument\/la-galerie-des-glaces-chateau-de-versailles-\u00a9FamilinParis-730x486.jpg 730w, https:\/\/www.familinparis.fr\/wp-content\/uploads\/photos-familinparis-2021\/monument\/la-galerie-des-glaces-chateau-de-versailles-\u00a9FamilinParis.jpg 1280w\" sizes=\"(max-width: 270px) 100vw, 270px\" \/>\t\t\t\t\t<\/a>\n\t\t\t\t\t\t\t<\/div>\n\t\t\t\t\t\t<h2 class=\"uagb-post__title uagb-post__text\">\n\t\t\t\t<a href=\"https:\/\/www.familinparis.fr\/en\/palace-of-versailles\/\" target=\"_self\" rel=\"bookmark noopener noreferrer\">Fun activities and outings in Versailles<\/a>\n\t\t\t<\/h2>\n\t\t\t\t\t\t<div class='uagb-post__text uagb-post-grid-byline'>\n\t\t\t\t\t\t\t<\/div>\n\t\t\t\n\t\t\t\t\t\t\t\t\t<\/article>\n\t\t\t\t\t\t\t\t\t\t\t\t\t\t\t\t<article class=\"uagb-post__inner-wrap\">\t\t\t\t\t\t\t\t<div class='uagb-post__image'>\n\t\t\t\t\t\t\t\t\t<a href=\"https:\/\/www.familinparis.fr\/en\/the-palace-of-versailles-and-its-gardens\/\" target=\"_self\" rel=\"bookmark noopener noreferrer\" class='uagb-image-ratio-inherit'><img decoding=\"async\" width=\"270\" height=\"180\" src=\"https:\/\/www.familinparis.fr\/wp-content\/uploads\/2025\/05\/\u00a9-THOMAS-GARNIER_drone-Versailles\u00a9THOMAS-GARNIER_DSC00404-270x180.jpg\" class=\"attachment-post-thumbnail size-post-thumbnail\" alt=\"Ch\u00e2teau de Versailles et ses jardins\" srcset=\"https:\/\/www.familinparis.fr\/wp-content\/uploads\/2025\/05\/\u00a9-THOMAS-GARNIER_drone-Versailles\u00a9THOMAS-GARNIER_DSC00404-270x180.jpg 270w, https:\/\/www.familinparis.fr\/wp-content\/uploads\/2025\/05\/\u00a9-THOMAS-GARNIER_drone-Versailles\u00a9THOMAS-GARNIER_DSC00404-300x200.jpg 300w, https:\/\/www.familinparis.fr\/wp-content\/uploads\/2025\/05\/\u00a9-THOMAS-GARNIER_drone-Versailles\u00a9THOMAS-GARNIER_DSC00404-768x512.jpg 768w, https:\/\/www.familinparis.fr\/wp-content\/uploads\/2025\/05\/\u00a9-THOMAS-GARNIER_drone-Versailles\u00a9THOMAS-GARNIER_DSC00404-730x486.jpg 730w, https:\/\/www.familinparis.fr\/wp-content\/uploads\/2025\/05\/\u00a9-THOMAS-GARNIER_drone-Versailles\u00a9THOMAS-GARNIER_DSC00404.jpg 800w\" sizes=\"(max-width: 270px) 100vw, 270px\" \/>\t\t\t\t\t<\/a>\n\t\t\t\t\t\t\t<\/div>\n\t\t\t\t\t\t<h2 class=\"uagb-post__title uagb-post__text\">\n\t\t\t\t<a href=\"https:\/\/www.familinparis.fr\/en\/the-palace-of-versailles-and-its-gardens\/\" target=\"_self\" rel=\"bookmark noopener noreferrer\">The Palace of Versailles and its gardens<\/a>\n\t\t\t<\/h2>\n\t\t\t\t\t\t<div class='uagb-post__text uagb-post-grid-byline'>\n\t\t\t\t\t\t\t<\/div>\n\t\t\t\n\t\t\t\t\t\t\t\t\t<\/article>\n\t\t\t\t\t\t\t\t\t\t\t\t\t\t\t\t<article class=\"uagb-post__inner-wrap\">\t\t\t\t\t\t\t\t<div class='uagb-post__image'>\n\t\t\t\t\t\t\t\t\t<a href=\"https:\/\/www.familinparis.fr\/en\/the-estate-of-trianon\/\" target=\"_self\" rel=\"bookmark noopener noreferrer\" class='uagb-image-ratio-inherit'><img decoding=\"async\" width=\"270\" height=\"180\" src=\"https:\/\/www.familinparis.fr\/wp-content\/uploads\/Chateaux\/Versailles\/le-petit-trianon-a-versailles-78-270x180.jpg\" class=\"attachment-post-thumbnail size-post-thumbnail\" alt=\"\" \/>\t\t\t\t\t<\/a>\n\t\t\t\t\t\t\t<\/div>\n\t\t\t\t\t\t<h2 class=\"uagb-post__title uagb-post__text\">\n\t\t\t\t<a href=\"https:\/\/www.familinparis.fr\/en\/the-estate-of-trianon\/\" target=\"_self\" rel=\"bookmark noopener noreferrer\">The Estate of Trianon<\/a>\n\t\t\t<\/h2>\n\t\t\t\t\t\t<div class='uagb-post__text uagb-post-grid-byline'>\n\t\t\t\t\t\t\t<\/div>\n\t\t\t\n\t\t\t\t\t\t\t\t\t<\/article>\n\t\t\t\t\t\t\t\t\t\t\t\t\t\t\t\t<article class=\"uagb-post__inner-wrap\">\t\t\t\t\t\t\t\t<div class='uagb-post__image'>\n\t\t\t\t\t\t\t\t\t<a href=\"https:\/\/www.familinparis.fr\/en\/european-museum-night\/\" target=\"_self\" rel=\"bookmark noopener noreferrer\" class='uagb-image-ratio-inherit'><img decoding=\"async\" width=\"270\" height=\"180\" src=\"https:\/\/www.familinparis.fr\/wp-content\/uploads\/2025\/05\/affiche-pour-La-Nuit-Europeenne-des-Musees-2026-2-270x180.jpg\" class=\"attachment-post-thumbnail size-post-thumbnail\" alt=\"La Nuit europ\u00e9enne des mus\u00e9es 2026\" \/>\t\t\t\t\t<\/a>\n\t\t\t\t\t\t\t<\/div>\n\t\t\t\t\t\t<h2 class=\"uagb-post__title uagb-post__text\">\n\t\t\t\t<a href=\"https:\/\/www.familinparis.fr\/en\/european-museum-night\/\" target=\"_self\" rel=\"bookmark noopener noreferrer\">The European Night of Museums 2025<\/a>\n\t\t\t<\/h2>\n\t\t\t\t\t\t<div class='uagb-post__text uagb-post-grid-byline'>\n\t\t\t\t\t\t\t<\/div>\n\t\t\t\n\t\t\t\t\t\t\t\t\t<\/article>\n\t\t\t\t\t\t\t\t\t\t\t\t\t\t\t\t<article class=\"uagb-post__inner-wrap\">\t\t\t\t\t\t\t\t<div class='uagb-post__image'>\n\t\t\t\t\t\t\t\t\t<a href=\"https:\/\/www.familinparis.fr\/en\/soiree-aux-chandelles-vaux-le-vincomte\/\" target=\"_self\" rel=\"bookmark noopener noreferrer\" class='uagb-image-ratio-inherit'><img decoding=\"async\" width=\"270\" height=\"180\" src=\"https:\/\/www.familinparis.fr\/wp-content\/uploads\/Chateaux\/vaux-le-vicomte\/Vaux-le-vicomte-dome-@FamilinParis-270x180.jpg\" class=\"attachment-post-thumbnail size-post-thumbnail\" alt=\"\" srcset=\"https:\/\/www.familinparis.fr\/wp-content\/uploads\/Chateaux\/vaux-le-vicomte\/Vaux-le-vicomte-dome-@FamilinParis-270x180.jpg 270w, https:\/\/www.familinparis.fr\/wp-content\/uploads\/Chateaux\/vaux-le-vicomte\/Vaux-le-vicomte-dome-@FamilinParis-300x200.jpg 300w, https:\/\/www.familinparis.fr\/wp-content\/uploads\/Chateaux\/vaux-le-vicomte\/Vaux-le-vicomte-dome-@FamilinParis-1024x683.jpg 1024w, https:\/\/www.familinparis.fr\/wp-content\/uploads\/Chateaux\/vaux-le-vicomte\/Vaux-le-vicomte-dome-@FamilinParis-16x12.jpg 16w, https:\/\/www.familinparis.fr\/wp-content\/uploads\/Chateaux\/vaux-le-vicomte\/Vaux-le-vicomte-dome-@FamilinParis-730x487.jpg 730w, https:\/\/www.familinparis.fr\/wp-content\/uploads\/Chateaux\/vaux-le-vicomte\/Vaux-le-vicomte-dome-@FamilinParis.jpg 1200w\" sizes=\"(max-width: 270px) 100vw, 270px\" \/>\t\t\t\t\t<\/a>\n\t\t\t\t\t\t\t<\/div>\n\t\t\t\t\t\t<h2 class=\"uagb-post__title uagb-post__text\">\n\t\t\t\t<a href=\"https:\/\/www.familinparis.fr\/en\/soiree-aux-chandelles-vaux-le-vincomte\/\" target=\"_self\" rel=\"bookmark noopener noreferrer\">Candlelight evenings in Vaux-le-Vicomte<\/a>\n\t\t\t<\/h2>\n\t\t\t\t\t\t<div class='uagb-post__text uagb-post-grid-byline'>\n\t\t\t\t\t\t\t<\/div>\n\t\t\t\n\t\t\t\t\t\t\t\t\t<\/article>\n\t\t\t\t\t\t\t\t\t\t\t\t\t\t\t\t<article class=\"uagb-post__inner-wrap\">\t\t\t\t\t\t\t\t<div class='uagb-post__image'>\n\t\t\t\t\t\t\t\t\t<a href=\"https:\/\/www.familinparis.fr\/en\/if-versailles-was-told-to-me-private-tour\/\" target=\"_self\" rel=\"bookmark noopener noreferrer\" class='uagb-image-ratio-inherit'><img decoding=\"async\" width=\"270\" height=\"180\" src=\"https:\/\/www.familinparis.fr\/wp-content\/uploads\/2023\/08\/visite-versailles-famille-270x180.jpg\" class=\"attachment-post-thumbnail size-post-thumbnail\" alt=\"\" \/>\t\t\t\t\t<\/a>\n\t\t\t\t\t\t\t<\/div>\n\t\t\t\t\t\t<h2 class=\"uagb-post__title uagb-post__text\">\n\t\t\t\t<a href=\"https:\/\/www.familinparis.fr\/en\/if-versailles-was-told-to-me-private-tour\/\" target=\"_self\" rel=\"bookmark noopener noreferrer\">If Versailles was told to me (private tour)<\/a>\n\t\t\t<\/h2>\n\t\t\t\t\t\t<div class='uagb-post__text uagb-post-grid-byline'>\n\t\t\t\t\t\t\t<\/div>\n\t\t\t\n\t\t\t\t\t\t\t\t\t<\/article>\n\t\t\t\t\t\t\t\t\t\t\t<\/div>\n\t\t\t\n<p><\/p>\n","protected":false},"excerpt":{"rendered":"<p>Free for EU residents under 18 and under 26<\/p>\n","protected":false},"author":6,"featured_media":131046,"comment_status":"open","ping_status":"open","sticky":false,"template":"","format":"standard","meta":{"_uag_custom_page_level_css":"","footnotes":""},"categories":[1332],"tags":[1216,1213,1317,1208,1226,1206,1209,1183,1404,1217,283,1316,1512,1077],"class_list":{"0":"post-135757","1":"post","2":"type-post","3":"status-publish","4":"format-standard","5":"has-post-thumbnail","7":"category-castles","8":"tag-ascension-en","9":"tag-august-15","10":"tag-east","11":"tag-for-3-6-year-olds","12":"tag-for-7-12-year-olds","13":"tag-for-teens","14":"tag-good-looking","15":"tag-ile-de-france","16":"tag-less-than-10-euros","17":"tag-pentecost","18":"tag-pluie","19":"tag-seine-et-marne-en","20":"tag-vacances-d-ete","21":"tag-vacances-de-paques"},"yoast_head":"<!-- This site is optimized with the Yoast SEO plugin v27.2 - https:\/\/yoast.com\/product\/yoast-seo-wordpress\/ -->\n<title>The castle of Champs-sur-Marne, to visit with the family<\/title>\n<meta name=\"description\" content=\"A visit to the castle of Champs-sur-Marne, free for those under 18 and 26 years old who are EU nationals. Free access to the park\" \/>\n<meta name=\"robots\" content=\"index, follow, max-snippet:-1, max-image-preview:large, max-video-preview:-1\" \/>\n<link rel=\"canonical\" href=\"https:\/\/www.familinparis.fr\/en\/the-castle-of-champs-sur-marne\/\" \/>\n<meta property=\"og:locale\" content=\"en_US\" \/>\n<meta property=\"og:type\" content=\"article\" \/>\n<meta property=\"og:title\" content=\"The castle of Champs-sur-Marne, to visit with the family\" \/>\n<meta property=\"og:description\" content=\"A visit to the castle of Champs-sur-Marne, free for those under 18 and 26 years old who are EU nationals. Free access to the park\" \/>\n<meta property=\"og:url\" content=\"https:\/\/www.familinparis.fr\/en\/the-castle-of-champs-sur-marne\/\" \/>\n<meta property=\"og:site_name\" content=\"Familin&#039;Paris\" \/>\n<meta property=\"article:published_time\" content=\"2022-02-11T07:51:21+00:00\" \/>\n<meta property=\"article:modified_time\" content=\"2024-11-16T15:19:02+00:00\" \/>\n<meta property=\"og:image\" content=\"https:\/\/www.familinparis.fr\/wp-content\/uploads\/Chateaux\/champs-sur-marne\/le-chateau-de-champs-sur-marne-PLD.jpg\" \/>\n\t<meta property=\"og:image:width\" content=\"1920\" \/>\n\t<meta property=\"og:image:height\" content=\"1207\" \/>\n\t<meta property=\"og:image:type\" content=\"image\/jpeg\" \/>\n<meta name=\"author\" content=\"Agn\u00e8s\" \/>\n<meta name=\"twitter:card\" content=\"summary_large_image\" \/>\n<meta name=\"twitter:label1\" content=\"Written by\" \/>\n\t<meta name=\"twitter:data1\" content=\"Agn\u00e8s\" \/>\n\t<meta name=\"twitter:label2\" content=\"Est. reading time\" \/>\n\t<meta name=\"twitter:data2\" content=\"2 minutes\" \/>\n<script type=\"application\/ld+json\" class=\"yoast-schema-graph\">{\"@context\":\"https:\/\/schema.org\",\"@graph\":[{\"@type\":\"Article\",\"@id\":\"https:\/\/www.familinparis.fr\/en\/the-castle-of-champs-sur-marne\/#article\",\"isPartOf\":{\"@id\":\"https:\/\/www.familinparis.fr\/en\/the-castle-of-champs-sur-marne\/\"},\"author\":{\"name\":\"Agn\u00e8s\",\"@id\":\"https:\/\/www.familinparis.fr\/en\/#\/schema\/person\/20deb9130cb58f76b535d316fe0aa31f\"},\"headline\":\"The castle of Champs-sur-Marne\",\"datePublished\":\"2022-02-11T07:51:21+00:00\",\"dateModified\":\"2024-11-16T15:19:02+00:00\",\"mainEntityOfPage\":{\"@id\":\"https:\/\/www.familinparis.fr\/en\/the-castle-of-champs-sur-marne\/\"},\"wordCount\":324,\"commentCount\":0,\"image\":{\"@id\":\"https:\/\/www.familinparis.fr\/en\/the-castle-of-champs-sur-marne\/#primaryimage\"},\"thumbnailUrl\":\"https:\/\/www.familinparis.fr\/wp-content\/uploads\/Chateaux\/champs-sur-marne\/le-chateau-de-champs-sur-marne-PLD.jpg\",\"keywords\":[\"Ascension\",\"August 15\",\"east\",\"For 3-6 year olds\",\"For 7-12 year olds\",\"For teens\",\"Good looking\",\"Ile de France\",\"Less than 10 euros\",\"Pentecost\",\"pluie\",\"Seine-et-Marne\",\"Vacances d'\u00e9t\u00e9\",\"Vacances de P\u00e2ques\"],\"articleSection\":[\"Castles\"],\"inLanguage\":\"en-US\",\"potentialAction\":[{\"@type\":\"CommentAction\",\"name\":\"Comment\",\"target\":[\"https:\/\/www.familinparis.fr\/en\/the-castle-of-champs-sur-marne\/#respond\"]}]},{\"@type\":\"WebPage\",\"@id\":\"https:\/\/www.familinparis.fr\/en\/the-castle-of-champs-sur-marne\/\",\"url\":\"https:\/\/www.familinparis.fr\/en\/the-castle-of-champs-sur-marne\/\",\"name\":\"The castle of Champs-sur-Marne, to visit with the family\",\"isPartOf\":{\"@id\":\"https:\/\/www.familinparis.fr\/en\/#website\"},\"primaryImageOfPage\":{\"@id\":\"https:\/\/www.familinparis.fr\/en\/the-castle-of-champs-sur-marne\/#primaryimage\"},\"image\":{\"@id\":\"https:\/\/www.familinparis.fr\/en\/the-castle-of-champs-sur-marne\/#primaryimage\"},\"thumbnailUrl\":\"https:\/\/www.familinparis.fr\/wp-content\/uploads\/Chateaux\/champs-sur-marne\/le-chateau-de-champs-sur-marne-PLD.jpg\",\"datePublished\":\"2022-02-11T07:51:21+00:00\",\"dateModified\":\"2024-11-16T15:19:02+00:00\",\"author\":{\"@id\":\"https:\/\/www.familinparis.fr\/en\/#\/schema\/person\/20deb9130cb58f76b535d316fe0aa31f\"},\"description\":\"A visit to the castle of Champs-sur-Marne, free for those under 18 and 26 years old who are EU nationals. Free access to the park\",\"breadcrumb\":{\"@id\":\"https:\/\/www.familinparis.fr\/en\/the-castle-of-champs-sur-marne\/#breadcrumb\"},\"inLanguage\":\"en-US\",\"potentialAction\":[{\"@type\":\"ReadAction\",\"target\":[\"https:\/\/www.familinparis.fr\/en\/the-castle-of-champs-sur-marne\/\"]}]},{\"@type\":\"ImageObject\",\"inLanguage\":\"en-US\",\"@id\":\"https:\/\/www.familinparis.fr\/en\/the-castle-of-champs-sur-marne\/#primaryimage\",\"url\":\"https:\/\/www.familinparis.fr\/wp-content\/uploads\/Chateaux\/champs-sur-marne\/le-chateau-de-champs-sur-marne-PLD.jpg\",\"contentUrl\":\"https:\/\/www.familinparis.fr\/wp-content\/uploads\/Chateaux\/champs-sur-marne\/le-chateau-de-champs-sur-marne-PLD.jpg\",\"width\":1920,\"height\":1207},{\"@type\":\"BreadcrumbList\",\"@id\":\"https:\/\/www.familinparis.fr\/en\/the-castle-of-champs-sur-marne\/#breadcrumb\",\"itemListElement\":[{\"@type\":\"ListItem\",\"position\":1,\"name\":\"Home\",\"item\":\"https:\/\/www.familinparis.fr\/en\/\"},{\"@type\":\"ListItem\",\"position\":2,\"name\":\"Exposition\",\"item\":\"https:\/\/www.familinparis.fr\/en\/categorie\/exposition-en\/\"},{\"@type\":\"ListItem\",\"position\":3,\"name\":\"The castle of Champs-sur-Marne\"}]},{\"@type\":\"WebSite\",\"@id\":\"https:\/\/www.familinparis.fr\/en\/#website\",\"url\":\"https:\/\/www.familinparis.fr\/en\/\",\"name\":\"Familin&#039;Paris\",\"description\":\"Visiter le meilleur de Paris avec des enfants : sorties, spectacles, adresses de restaurants, shopping, bons plans...\",\"potentialAction\":[{\"@type\":\"SearchAction\",\"target\":{\"@type\":\"EntryPoint\",\"urlTemplate\":\"https:\/\/www.familinparis.fr\/en\/?s={search_term_string}\"},\"query-input\":{\"@type\":\"PropertyValueSpecification\",\"valueRequired\":true,\"valueName\":\"search_term_string\"}}],\"inLanguage\":\"en-US\"},{\"@type\":\"Person\",\"@id\":\"https:\/\/www.familinparis.fr\/en\/#\/schema\/person\/20deb9130cb58f76b535d316fe0aa31f\",\"name\":\"Agn\u00e8s\",\"image\":{\"@type\":\"ImageObject\",\"inLanguage\":\"en-US\",\"@id\":\"https:\/\/secure.gravatar.com\/avatar\/0ff338e2776ca662585d438b3bc140cbe7b54659207d3329065be97ffb37fa5a?s=96&d=identicon&r=g\",\"url\":\"https:\/\/secure.gravatar.com\/avatar\/0ff338e2776ca662585d438b3bc140cbe7b54659207d3329065be97ffb37fa5a?s=96&d=identicon&r=g\",\"contentUrl\":\"https:\/\/secure.gravatar.com\/avatar\/0ff338e2776ca662585d438b3bc140cbe7b54659207d3329065be97ffb37fa5a?s=96&d=identicon&r=g\",\"caption\":\"Agn\u00e8s\"}}]}<\/script>\n<!-- \/ Yoast SEO plugin. -->","yoast_head_json":{"title":"The castle of Champs-sur-Marne, to visit with the family","description":"A visit to the castle of Champs-sur-Marne, free for those under 18 and 26 years old who are EU nationals. Free access to the park","robots":{"index":"index","follow":"follow","max-snippet":"max-snippet:-1","max-image-preview":"max-image-preview:large","max-video-preview":"max-video-preview:-1"},"canonical":"https:\/\/www.familinparis.fr\/en\/the-castle-of-champs-sur-marne\/","og_locale":"en_US","og_type":"article","og_title":"The castle of Champs-sur-Marne, to visit with the family","og_description":"A visit to the castle of Champs-sur-Marne, free for those under 18 and 26 years old who are EU nationals. Free access to the park","og_url":"https:\/\/www.familinparis.fr\/en\/the-castle-of-champs-sur-marne\/","og_site_name":"Familin&#039;Paris","article_published_time":"2022-02-11T07:51:21+00:00","article_modified_time":"2024-11-16T15:19:02+00:00","og_image":[{"width":1920,"height":1207,"url":"https:\/\/www.familinparis.fr\/wp-content\/uploads\/Chateaux\/champs-sur-marne\/le-chateau-de-champs-sur-marne-PLD.jpg","type":"image\/jpeg"}],"author":"Agn\u00e8s","twitter_card":"summary_large_image","twitter_misc":{"Written by":"Agn\u00e8s","Est. reading time":"2 minutes"},"schema":{"@context":"https:\/\/schema.org","@graph":[{"@type":"Article","@id":"https:\/\/www.familinparis.fr\/en\/the-castle-of-champs-sur-marne\/#article","isPartOf":{"@id":"https:\/\/www.familinparis.fr\/en\/the-castle-of-champs-sur-marne\/"},"author":{"name":"Agn\u00e8s","@id":"https:\/\/www.familinparis.fr\/en\/#\/schema\/person\/20deb9130cb58f76b535d316fe0aa31f"},"headline":"The castle of Champs-sur-Marne","datePublished":"2022-02-11T07:51:21+00:00","dateModified":"2024-11-16T15:19:02+00:00","mainEntityOfPage":{"@id":"https:\/\/www.familinparis.fr\/en\/the-castle-of-champs-sur-marne\/"},"wordCount":324,"commentCount":0,"image":{"@id":"https:\/\/www.familinparis.fr\/en\/the-castle-of-champs-sur-marne\/#primaryimage"},"thumbnailUrl":"https:\/\/www.familinparis.fr\/wp-content\/uploads\/Chateaux\/champs-sur-marne\/le-chateau-de-champs-sur-marne-PLD.jpg","keywords":["Ascension","August 15","east","For 3-6 year olds","For 7-12 year olds","For teens","Good looking","Ile de France","Less than 10 euros","Pentecost","pluie","Seine-et-Marne","Vacances d'\u00e9t\u00e9","Vacances de P\u00e2ques"],"articleSection":["Castles"],"inLanguage":"en-US","potentialAction":[{"@type":"CommentAction","name":"Comment","target":["https:\/\/www.familinparis.fr\/en\/the-castle-of-champs-sur-marne\/#respond"]}]},{"@type":"WebPage","@id":"https:\/\/www.familinparis.fr\/en\/the-castle-of-champs-sur-marne\/","url":"https:\/\/www.familinparis.fr\/en\/the-castle-of-champs-sur-marne\/","name":"The castle of Champs-sur-Marne, to visit with the family","isPartOf":{"@id":"https:\/\/www.familinparis.fr\/en\/#website"},"primaryImageOfPage":{"@id":"https:\/\/www.familinparis.fr\/en\/the-castle-of-champs-sur-marne\/#primaryimage"},"image":{"@id":"https:\/\/www.familinparis.fr\/en\/the-castle-of-champs-sur-marne\/#primaryimage"},"thumbnailUrl":"https:\/\/www.familinparis.fr\/wp-content\/uploads\/Chateaux\/champs-sur-marne\/le-chateau-de-champs-sur-marne-PLD.jpg","datePublished":"2022-02-11T07:51:21+00:00","dateModified":"2024-11-16T15:19:02+00:00","author":{"@id":"https:\/\/www.familinparis.fr\/en\/#\/schema\/person\/20deb9130cb58f76b535d316fe0aa31f"},"description":"A visit to the castle of Champs-sur-Marne, free for those under 18 and 26 years old who are EU nationals. Free access to the park","breadcrumb":{"@id":"https:\/\/www.familinparis.fr\/en\/the-castle-of-champs-sur-marne\/#breadcrumb"},"inLanguage":"en-US","potentialAction":[{"@type":"ReadAction","target":["https:\/\/www.familinparis.fr\/en\/the-castle-of-champs-sur-marne\/"]}]},{"@type":"ImageObject","inLanguage":"en-US","@id":"https:\/\/www.familinparis.fr\/en\/the-castle-of-champs-sur-marne\/#primaryimage","url":"https:\/\/www.familinparis.fr\/wp-content\/uploads\/Chateaux\/champs-sur-marne\/le-chateau-de-champs-sur-marne-PLD.jpg","contentUrl":"https:\/\/www.familinparis.fr\/wp-content\/uploads\/Chateaux\/champs-sur-marne\/le-chateau-de-champs-sur-marne-PLD.jpg","width":1920,"height":1207},{"@type":"BreadcrumbList","@id":"https:\/\/www.familinparis.fr\/en\/the-castle-of-champs-sur-marne\/#breadcrumb","itemListElement":[{"@type":"ListItem","position":1,"name":"Home","item":"https:\/\/www.familinparis.fr\/en\/"},{"@type":"ListItem","position":2,"name":"Exposition","item":"https:\/\/www.familinparis.fr\/en\/categorie\/exposition-en\/"},{"@type":"ListItem","position":3,"name":"The castle of Champs-sur-Marne"}]},{"@type":"WebSite","@id":"https:\/\/www.familinparis.fr\/en\/#website","url":"https:\/\/www.familinparis.fr\/en\/","name":"Familin&#039;Paris","description":"Visiter le meilleur de Paris avec des enfants : sorties, spectacles, adresses de restaurants, shopping, bons plans...","potentialAction":[{"@type":"SearchAction","target":{"@type":"EntryPoint","urlTemplate":"https:\/\/www.familinparis.fr\/en\/?s={search_term_string}"},"query-input":{"@type":"PropertyValueSpecification","valueRequired":true,"valueName":"search_term_string"}}],"inLanguage":"en-US"},{"@type":"Person","@id":"https:\/\/www.familinparis.fr\/en\/#\/schema\/person\/20deb9130cb58f76b535d316fe0aa31f","name":"Agn\u00e8s","image":{"@type":"ImageObject","inLanguage":"en-US","@id":"https:\/\/secure.gravatar.com\/avatar\/0ff338e2776ca662585d438b3bc140cbe7b54659207d3329065be97ffb37fa5a?s=96&d=identicon&r=g","url":"https:\/\/secure.gravatar.com\/avatar\/0ff338e2776ca662585d438b3bc140cbe7b54659207d3329065be97ffb37fa5a?s=96&d=identicon&r=g","contentUrl":"https:\/\/secure.gravatar.com\/avatar\/0ff338e2776ca662585d438b3bc140cbe7b54659207d3329065be97ffb37fa5a?s=96&d=identicon&r=g","caption":"Agn\u00e8s"}}]}},"uagb_featured_image_src":{"full":["https:\/\/www.familinparis.fr\/wp-content\/uploads\/Chateaux\/champs-sur-marne\/le-chateau-de-champs-sur-marne-PLD.jpg",1920,1207,false],"thumbnail":["https:\/\/www.familinparis.fr\/wp-content\/uploads\/Chateaux\/champs-sur-marne\/le-chateau-de-champs-sur-marne-PLD-150x150.jpg",150,150,true],"medium":["https:\/\/www.familinparis.fr\/wp-content\/uploads\/Chateaux\/champs-sur-marne\/le-chateau-de-champs-sur-marne-PLD-300x189.jpg",300,189,true],"medium_large":["https:\/\/www.familinparis.fr\/wp-content\/uploads\/Chateaux\/champs-sur-marne\/le-chateau-de-champs-sur-marne-PLD-768x483.jpg",768,483,true],"large":["https:\/\/www.familinparis.fr\/wp-content\/uploads\/Chateaux\/champs-sur-marne\/le-chateau-de-champs-sur-marne-PLD-1024x644.jpg",770,484,true],"1536x1536":["https:\/\/www.familinparis.fr\/wp-content\/uploads\/Chateaux\/champs-sur-marne\/le-chateau-de-champs-sur-marne-PLD-1536x966.jpg",1536,966,true],"2048x2048":["https:\/\/www.familinparis.fr\/wp-content\/uploads\/Chateaux\/champs-sur-marne\/le-chateau-de-champs-sur-marne-PLD.jpg",1920,1207,false],"home-thumb":["https:\/\/www.familinparis.fr\/wp-content\/uploads\/Chateaux\/champs-sur-marne\/le-chateau-de-champs-sur-marne-PLD-730x459.jpg",730,459,true],"home-slider":["https:\/\/www.familinparis.fr\/wp-content\/uploads\/Chateaux\/champs-sur-marne\/le-chateau-de-champs-sur-marne-PLD-800x600.jpg",800,600,true],"lightbox-slider-size":["https:\/\/www.familinparis.fr\/wp-content\/uploads\/Chateaux\/champs-sur-marne\/le-chateau-de-champs-sur-marne-PLD-564x282.jpg",564,282,true],"post-thumbnail":["https:\/\/www.familinparis.fr\/wp-content\/uploads\/Chateaux\/champs-sur-marne\/le-chateau-de-champs-sur-marne-PLD-270x180.jpg",270,180,true],"cheerup-main":["https:\/\/www.familinparis.fr\/wp-content\/uploads\/Chateaux\/champs-sur-marne\/le-chateau-de-champs-sur-marne-PLD-770x400.jpg",770,400,true],"cheerup-main-full":["https:\/\/www.familinparis.fr\/wp-content\/uploads\/Chateaux\/champs-sur-marne\/le-chateau-de-champs-sur-marne-PLD-1170x508.jpg",1170,508,true],"cheerup-slider-alt":["https:\/\/www.familinparis.fr\/wp-content\/uploads\/Chateaux\/champs-sur-marne\/le-chateau-de-champs-sur-marne-PLD-1170x508.jpg",1170,508,true],"cheerup-slider-trendy":["https:\/\/www.familinparis.fr\/wp-content\/uploads\/Chateaux\/champs-sur-marne\/le-chateau-de-champs-sur-marne-PLD-960x508.jpg",960,508,true],"cheerup-slider-stylish":["https:\/\/www.familinparis.fr\/wp-content\/uploads\/Chateaux\/champs-sur-marne\/le-chateau-de-champs-sur-marne-PLD-900x515.jpg",900,515,true],"cheerup-slider-grid":["https:\/\/www.familinparis.fr\/wp-content\/uploads\/Chateaux\/champs-sur-marne\/le-chateau-de-champs-sur-marne-PLD-870x600.jpg",870,600,true],"cheerup-slider-grid-sm":["https:\/\/www.familinparis.fr\/wp-content\/uploads\/Chateaux\/champs-sur-marne\/le-chateau-de-champs-sur-marne-PLD-300x300.jpg",300,300,true],"cheerup-slider-carousel":["https:\/\/www.familinparis.fr\/wp-content\/uploads\/Chateaux\/champs-sur-marne\/le-chateau-de-champs-sur-marne-PLD-370x370.jpg",370,370,true],"cheerup-slider-grid-b":["https:\/\/www.familinparis.fr\/wp-content\/uploads\/Chateaux\/champs-sur-marne\/le-chateau-de-champs-sur-marne-PLD-554x466.jpg",554,466,true],"cheerup-slider-grid-b-sm":["https:\/\/www.familinparis.fr\/wp-content\/uploads\/Chateaux\/champs-sur-marne\/le-chateau-de-champs-sur-marne-PLD-306x466.jpg",306,466,true],"cheerup-slider-bold-sm":["https:\/\/www.familinparis.fr\/wp-content\/uploads\/Chateaux\/champs-sur-marne\/le-chateau-de-champs-sur-marne-PLD-150x150.jpg",150,150,true],"cheerup-grid":["https:\/\/www.familinparis.fr\/wp-content\/uploads\/Chateaux\/champs-sur-marne\/le-chateau-de-champs-sur-marne-PLD-370x285.jpg",370,285,true],"cheerup-carousel":["https:\/\/www.familinparis.fr\/wp-content\/uploads\/Chateaux\/champs-sur-marne\/le-chateau-de-champs-sur-marne-PLD-270x180.jpg",270,180,true],"cheerup-carousel-b":["https:\/\/www.familinparis.fr\/wp-content\/uploads\/Chateaux\/champs-sur-marne\/le-chateau-de-champs-sur-marne-PLD-370x285.jpg",370,285,true],"cheerup-list":["https:\/\/www.familinparis.fr\/wp-content\/uploads\/Chateaux\/champs-sur-marne\/le-chateau-de-champs-sur-marne-PLD-260x200.jpg",260,200,true],"cheerup-list-b":["https:\/\/www.familinparis.fr\/wp-content\/uploads\/Chateaux\/champs-sur-marne\/le-chateau-de-champs-sur-marne-PLD-370x305.jpg",370,305,true],"cheerup-thumb":["https:\/\/www.familinparis.fr\/wp-content\/uploads\/Chateaux\/champs-sur-marne\/le-chateau-de-champs-sur-marne-PLD-87x67.jpg",87,67,true],"cheerup-thumb-alt":["https:\/\/www.familinparis.fr\/wp-content\/uploads\/Chateaux\/champs-sur-marne\/le-chateau-de-champs-sur-marne-PLD-150x150.jpg",150,150,true]},"uagb_author_info":{"display_name":"Agn\u00e8s","author_link":"https:\/\/www.familinparis.fr\/en\/author\/agnes\/"},"uagb_comment_info":0,"uagb_excerpt":"Free for EU residents under 18 and under 26","_links":{"self":[{"href":"https:\/\/www.familinparis.fr\/en\/wp-json\/wp\/v2\/posts\/135757","targetHints":{"allow":["GET"]}}],"collection":[{"href":"https:\/\/www.familinparis.fr\/en\/wp-json\/wp\/v2\/posts"}],"about":[{"href":"https:\/\/www.familinparis.fr\/en\/wp-json\/wp\/v2\/types\/post"}],"author":[{"embeddable":true,"href":"https:\/\/www.familinparis.fr\/en\/wp-json\/wp\/v2\/users\/6"}],"replies":[{"embeddable":true,"href":"https:\/\/www.familinparis.fr\/en\/wp-json\/wp\/v2\/comments?post=135757"}],"version-history":[{"count":0,"href":"https:\/\/www.familinparis.fr\/en\/wp-json\/wp\/v2\/posts\/135757\/revisions"}],"wp:featuredmedia":[{"embeddable":true,"href":"https:\/\/www.familinparis.fr\/en\/wp-json\/wp\/v2\/media\/131046"}],"wp:attachment":[{"href":"https:\/\/www.familinparis.fr\/en\/wp-json\/wp\/v2\/media?parent=135757"}],"wp:term":[{"taxonomy":"category","embeddable":true,"href":"https:\/\/www.familinparis.fr\/en\/wp-json\/wp\/v2\/categories?post=135757"},{"taxonomy":"post_tag","embeddable":true,"href":"https:\/\/www.familinparis.fr\/en\/wp-json\/wp\/v2\/tags?post=135757"}],"curies":[{"name":"wp","href":"https:\/\/api.w.org\/{rel}","templated":true}]}}