{"id":135665,"date":"2022-01-28T21:46:35","date_gmt":"2022-01-28T19:46:35","guid":{"rendered":"https:\/\/www.familinparis.fr\/2-days-to-visit-paris-with-children-under-6-years-old\/"},"modified":"2026-02-12T14:37:27","modified_gmt":"2026-02-12T12:37:27","slug":"a-weekend-or-2-days-in-paris-with-the-kids","status":"publish","type":"post","link":"https:\/\/www.familinparis.fr\/en\/a-weekend-or-2-days-in-paris-with-the-kids\/","title":{"rendered":"2 days to visit Paris with children under 6 years old"},"content":{"rendered":"<div class=\"lazyblock-baseline-ZjCVA0 wp-block-lazyblock-baseline\"><div class=\"baseline\">Discover our itinerary designed to please children but also parents: must-sees, but not only!<\/div><\/div>\n<div style=\"height:31px\" aria-hidden=\"true\" class=\"wp-block-spacer\"><\/div>\n<div class=\"lazyblock-section-ZQ5wCz border-red wp-block-lazyblock-section\">\n  <div class=\"uagb-section__overlay\"><\/div>\n\t<div class=\"lazyblock-inner-blocks\">\n\n<h2 class=\"wp-block-heading has-text-align-left has-large-font-size\">Our 2-day tour with children from 0-6 years old<\/h2>\n\n\n\n<p><strong>\ud83d\udd34<\/strong> <strong>Day 1<\/strong> : the Eiffel Tower, the Paris Aquarium, the Louvre district<\/p>\n\n\n\n<p><strong>\ud83d\udd34<\/strong> <strong>Day 2<\/strong> : the Notre-Dame district, the Jardin des Plantes (with the Grande Galerie de l&#8217;Evolution, the Menagerie of the Jardin des Plantes)<\/p>\n\n\n\n<p>\ud83d\ude00 We offer <strong>alternatives to this tour<\/strong> for families who have already been to Paris or those who are not tempted by these proposals (see below)<\/p>\n\n<\/div>\n<\/div><div class=\"wp-block-image m-t-10 m-t-20\">\n<figure class=\"aligncenter size-full is-resized\"><img decoding=\"async\" width=\"200\" height=\"150\" src=\"https:\/\/www.familinparis.fr\/wp-content\/uploads\/Dessins\/KID-ADO\/enfant-300x225-e1516882188767.jpg\" alt=\"\" class=\"wp-image-1742\" style=\"width:100px\" \/><\/figure>\n<\/div>\n<div style=\"height:30px\" aria-hidden=\"true\" class=\"wp-block-spacer\"><\/div>\n\n<div class=\"wp-block-columns is-layout-flex wp-container-core-columns-is-layout-9d6595d7 wp-block-columns-is-layout-flex\">\n<div class=\"wp-block-column is-layout-flow wp-block-column-is-layout-flow\" style=\"flex-basis:66.66%\"><div class=\"lazyblock-section-2v0a1G wp-block-lazyblock-section\">\n  <div class=\"uagb-section__overlay\"><\/div>\n\t<div class=\"lazyblock-inner-blocks\">\n\n<h2 class=\"wp-block-heading has-large-font-size\">Day 1 \u2014 The Eiffel Tower, the Paris Aquarium, the Louvre district<\/h2>\n\n\n\n<h3 class=\"wp-block-heading\">Morning \u2014 The Eiffel Tower (a must), the Aquarium de Paris<\/h3>\n\n\n\n<ol class=\"wp-block-list\">\n<li><a href=\"https:\/\/www.familinparis.fr\/visite-tour-eiffel\/\">la Tour Eiffel<\/a> : <strong>monter au 2e \u00e9tage<\/strong> ou au sommet, accessible par ascenseur (la tour Eiffel est gratuite pour les -4 ans) : <a href=\"https:\/\/www.familinparis.fr\/visite-tour-eiffel\/\">r\u00e9server le plus vite possible<\/a><\/li>\n\n\n\n<li><a href=\"https:\/\/www.familinparis.fr\/aquarium-de-paris-tarif\/\">The Paris<\/a> \ud83d\udc20 Aquarium &#8211; It is located on the other side of the Seine (right bank). It is the largest aquarium in Paris and one of the favorite activities of young children. <strong>It&#8217;s free for children under 3 years old<\/strong>. <\/li>\n<\/ol>\n\n\n\n<p>\ud83d\udca1<strong> Alternative option<\/strong> :<\/p>\n\n\n\n<ul class=\"wp-block-list\">\n<li><a href=\"https:\/\/www.familinparis.fr\/croisiere-sur-la-seine\/\">Une croisi\u00e8re sur la Seine<\/a> : c&#8217;est la balade par excellence pour admirer les plus beaux monuments de Paris, surtout si vous ne venez que 1 ou 2 jours &#8211; Vous allez en avoir plein les yeux et vos enfants vont adorer voguer sur l&#8217;eau \u26f5\ufe0f ! <a href=\"https:\/\/www.familinparis.fr\/bateau-mouche-tarif-reduit\/\">Les Bateaux-Mouches<\/a> sont rive-droite (c\u00f4t\u00e9 Aquarium de paris et Champs-Elys\u00e9es), <a href=\"https:\/\/www.familinparis.fr\/croisiere-enfants-mysteres-de-paris\/\">les Vedettes de Paris<\/a> et <a href=\"https:\/\/www.familinparis.fr\/dejeuner-diner-bateau-parisien\/\">les Bateaux-Parisiens<\/a> sont c\u00f4t\u00e9 rive gauche au pied de la Tour Eiffel.<\/li>\n\n\n\n<li><a href=\"https:\/\/www.familinparis.fr\/en\/arc-de-triomphe-tickets\/\">Climb to the top of the Arc de Triomphe<\/a> to admire the Champs-Elys\u00e9es and Paris. The view is very beautiful. It&#8217;s free for children  <\/li>\n<\/ul>\n\n\n\n<h3 class=\"wp-block-heading\">Noon (1 hour) \u2014 Around the Tuileries Garden<\/h3>\n\n\n\n<ul class=\"wp-block-list\">\n<li>Go for a walk or picnic in the Tuileries \ud83c\udf33 Garden if the weather allows it or in the gardens of the Palais-Royal (and its Buren columns, very photographic)<\/li>\n<\/ul>\n\n\n\n<h3 class=\"wp-block-heading\">Afternoon (2 hours 30 minutes) \u2014 Louvre district (several suggestions according to your desires and your budget)<\/h3>\n\n\n\n<ol class=\"wp-block-list\">\n<li>If the weather is nice, take a stroll through the Tuileries Gardens, around the Louvre, towards the Palais-Royal or the Place Vend\u00f4me (magnificent). The whole neighborhood is beautiful! <\/li>\n\n\n\n<li> <a href=\"https:\/\/www.familinparis.fr\/paris-en-tuk-tuk\/\">A ride in a Tuk Tuk<\/a> (the departure is from the Place de la Concorde). It&#8217;s fun, relaxing with young children and a fun and quirky way to sightsee <\/li>\n\n\n\n<li><strong>Un mus\u00e9e<\/strong> ! Une petite vir\u00e9e <a href=\"https:\/\/www.familinparis.fr\/visiter-musee-du-louvre\/\">au Louvre<\/a>, <a href=\"https:\/\/www.familinparis.fr\/musee-d-orsay-tickets\/\">au mus\u00e9e d&#8217;Orsay<\/a> ou <a href=\"https:\/\/www.familinparis.fr\/musee-de-l-orangerie-billet\/\">au mus\u00e9e de l&#8217;Orangerie<\/a> (un petit mus\u00e9e avec une superbe collection d\u2019impressionnistes et aussi 2 pi\u00e8ces d\u00e9di\u00e9es aux\u00a0 Nymph\u00e9as de Monet) pour ceux qui seraient frustr\u00e9s de ne pas faire au moins un des grands mus\u00e9es parisiens<\/li>\n<\/ol>\n\n\n\n<h3 class=\"wp-block-heading\">Our little favorite<\/h3>\n\n\n\n<ul class=\"wp-block-list\">\n<li><a href=\"https:\/\/www.familinparis.fr\/en\/louvre-museum-french-hunting-visit-for-small-kids\/\">The storytelling tour &#8220;My mini Louvre&#8221;<\/a> \ud83e\udde1 (for 3-6 year olds) mainly scheduled during the holidays (few dates) &#8211; Ideal for introducing children to Art and the Louvre &#8211; A visit that will also appeal to parents  <\/li>\n<\/ul>\n\n\n\n<h3 class=\"wp-block-heading\">Plan B rain \ud83c\udf27\ufe0f<\/h3>\n\n\n\n<ul class=\"wp-block-list\">\n<li><a href=\"https:\/\/www.familinparis.fr\/exposition-musee-en-herbe\/\">Le mus\u00e9e en Herbe<\/a> (dans le quartier, Paris 1er). C&#8217;est LE mus\u00e9e des enfants avec une programmation toujours originale et con\u00e7ue tout sp\u00e9cialement pour eux<\/li>\n<\/ul>\n\n\n\n<h3 class=\"wp-block-heading\">Plan B good weather \u2600\ufe0f<\/h3>\n\n\n\n<ul class=\"wp-block-list\">\n<li><a href=\"https:\/\/www.familinparis.fr\/en\/the-acclimatization-garden\/\">The Jardin d&#8217;Acclimatation<\/a> (if the Louvre district doesn&#8217;t tempt you), a great little amusement park in the Bois de Boulogne, a paradise for children. Several restaurants for lunch or snacks <\/li>\n<\/ul>\n\n<\/div>\n<\/div><\/div>\n\n\n\n<div class=\"wp-block-column is-layout-flow wp-block-column-is-layout-flow\" style=\"flex-basis:33.33%\">\n<h2 class=\"wp-block-heading has-text-align-center has-large-font-size\">PRACTICE DAY 1<\/h2>\n\n\n<div class=\"lazyblock-section-Z2gstS3 wp-block-lazyblock-section\">\n  <div class=\"uagb-section__overlay\"><\/div>\n\t<div class=\"lazyblock-inner-blocks\">\n\n<h2 class=\"wp-block-heading has-text-align-center has-x-large-font-size\">Book your tickets in advance \ud83c\udf9f\ufe0f<\/h2>\n\n\n<div class=\"lazyblock-etiquettes-1db52S wp-block-lazyblock-etiquettes\"><div class=\"labels__fam\">\n        <a href=\"https:\/\/www.familinparis.fr\/en\/visite-tour-eiffel\/\" class=\"labels__fam-color-lightBlue labels__fam-radius-rounded\">\n        The Eiffel Tower      <\/a>\n        <a href=\"https:\/\/www.familinparis.fr\/en\/aquarium-de-paris-tarif\/\" class=\"labels__fam-color-lightBlue labels__fam-radius-rounded\">\n        The Aquarium of Paris      <\/a>\n        <a href=\"https:\/\/www.familinparis.fr\/en\/billet-arc-de-triomphe\/\" class=\"labels__fam-color-lightBlue labels__fam-radius-rounded\">\n        The Arc de Triomphe      <\/a>\n  <\/div><\/div>\n<\/div>\n<\/div>\n\n\n<div style=\"height:20px\" aria-hidden=\"true\" class=\"wp-block-spacer\"><\/div>\n\n\n<div class=\"lazyblock-section-19iBtf wp-block-lazyblock-section\">\n  <div class=\"uagb-section__overlay\"><\/div>\n\t<div class=\"lazyblock-inner-blocks\">\n\n<h2 class=\"wp-block-heading has-large-font-size\">Suggestions for eating \ud83e\udd57<\/h2>\n\n\n\n<ul class=\"wp-block-list\">\n<li>Chic but not stuffy, the <a href=\"https:\/\/www.familinparis.fr\/en\/madame-brasserie-lunch-at-the-eiffel-tower\/\">Madame Brasserie<\/a> restaurant (on the 1st floor of the Eiffel Tower). A fine cuisine designed for families, with a breathtaking view! <\/li>\n\n\n\n<li>In the Louvre district, <a href=\"https:\/\/www.familinparis.fr\/en\/the-mythical-angelina-tea-room\/\">the Ang\u00e9lina tea room, an institution<\/a> \u2615\ufe0f<\/li>\n<\/ul>\n\n\n<div class=\"lazyblock-button-1QLEas wp-block-lazyblock-button\"><div class=\"t-center\" data-shop=\"\">\n  <a href=\"https:\/\/action.metaffiliation.com\/trk.php?mclic=P51309B58710721F1&amp;amp;redir=https%3A%2F%2Fwww.thefork.fr%2Frestaurants%2Fparis-c415144\" \n    class=\"buttons__fam buttons__fam-color-green buttons__fam-radius-rounded\"\n    target=\"_blank\" \n    rel=\"noreferrer noopener nofollow\"\n  >\n    Find a restaurant with TheFork\n  <\/a>\n<\/div><\/div>\n<\/div>\n<\/div>\n\n\n<div style=\"height:20px\" aria-hidden=\"true\" class=\"wp-block-spacer\"><\/div>\n<\/div>\n<\/div>\n\n<div style=\"height:31px\" aria-hidden=\"true\" class=\"wp-block-spacer\"><\/div>\n<div class=\"wp-block-image\">\n<figure class=\"aligncenter size-full is-resized\"><img decoding=\"async\" width=\"200\" height=\"189\" src=\"https:\/\/www.familinparis.fr\/wp-content\/uploads\/Dessins\/spectacle\/fille-avec-jumelles.jpg\" alt=\"Show in Paris, with or without binoculars\" class=\"wp-image-11734\" style=\"width:auto;height:130px\" \/><\/figure>\n<\/div>\n<div style=\"height:31px\" aria-hidden=\"true\" class=\"wp-block-spacer\"><\/div>\n\n<div class=\"wp-block-columns is-layout-flex wp-container-core-columns-is-layout-9d6595d7 wp-block-columns-is-layout-flex\">\n<div class=\"wp-block-column is-layout-flow wp-block-column-is-layout-flow\" style=\"flex-basis:66.66%\"><div class=\"lazyblock-section-AuJLM wp-block-lazyblock-section\">\n  <div class=\"uagb-section__overlay\"><\/div>\n\t<div class=\"lazyblock-inner-blocks\">\n\n<h2 class=\"wp-block-heading has-large-font-size\">Day 2 \u2014 The Notre-Dame district, The Jardin des Plantes  <\/h2>\n\n\n\n<h3 class=\"wp-block-heading\">Morning (2 a.m.) \u2014 The Notre-Dame Ward<\/h3>\n\n\n\n<ol class=\"wp-block-list\">\n<li><strong>The visit of Notre-Dame<\/strong> : it&#8217;s free and <a href=\"https:\/\/www.familinparis.fr\/en\/visit-notre-dame-de-paris\/\">you must book online<\/a> (48 hours before) if you don&#8217;t want to queue. If you&#8217;re lucky enough to be there on a sunny day, it&#8217;s simply beautiful! <\/li>\n\n\n\n<li>Walk on the Ile de la Cit\u00e9 and ice cream at Berthillon<\/li>\n<\/ol>\n\n\n\n<h4 class=\"wp-block-heading\">\ud83d\udca1 We suggest:<\/h4>\n\n\n\n<ul class=\"wp-block-list\">\n<li>The guided family tour <a href=\"https:\/\/www.familinparis.fr\/en\/paris-in-cartoons-guided-tour\/\">&#8220;Paris in cartoons&#8221; <\/a>(this visit is regularly booked by teachers for kindergarten and primary school as part of extracurricular outings)<\/li>\n\n\n\n<li>Practical: the guide &#8220;<a href=\"https:\/\/www.familinparis.fr\/en\/milirue-balade-parcours-enfant-ado-paris\/\">Milirue, the fun and intelligent exploration notebooks<\/a>&#8220;, ideal for discovering the Ile de la Cit\u00e9 with 4-7 year olds in complete autonomy (to be ordered before leaving)<\/li>\n<\/ul>\n\n\n\n<h3 class=\"wp-block-heading\">Noon (1 hour) \u2014 let off steam and picnic, if the weather is nice<\/h3>\n\n\n\n<ul class=\"wp-block-list\">\n<li>The Jardin des Plantes \ud83c\udf33 is a nice playground for your children to get some fresh air<\/li>\n<\/ul>\n\n\n\n<h3 class=\"wp-block-heading\">Afternoon (2:30 p.m.) \u2014  <\/h3>\n\n\n\n<ol class=\"wp-block-list\">\n<li><a href=\"https:\/\/www.familinparis.fr\/en\/the-grande-galerie-de-l-evolution-in-paris\/\">The Grande Galerie de l&#8217;Evolution<\/a> \ud83e\udde1 This is one of our favorite places in Paris. It is suitable for both the little ones and the older children (don&#8217;t miss the gallery of extinct or endangered animals) <\/li>\n\n\n\n<li><a href=\"https:\/\/www.familinparis.fr\/en\/the-menagerie-of-the-jardin-des-plantes\/\">The Menagerie of the Jardin des Plantes<\/a>, a small zoo on a human scale<\/li>\n<\/ol>\n\n\n\n<h3 class=\"wp-block-heading\">Plan B if this area doesn&#8217;t tempt you<\/h3>\n\n\n\n<ol class=\"wp-block-list\">\n<li><strong>The Villette district<\/strong> (you can easily spend a day there): <a href=\"https:\/\/www.familinparis.fr\/en\/the-city-of-children-cite-des-sciences-in-paris\/\">the Cit\u00e9 des enfants<\/a> at the Cit\u00e9 des sciences, in the 19th arrondissement (La Villette district). It&#8217;s a must with children! <a href=\"https:\/\/www.familinparis.fr\/en\/the-city-of-science-and-industry\/\">The Cit\u00e9 des Sciences<\/a> also offers exhibitions (always of quality and exciting) for children. Next door, the Children&#8217;s Philharmonic (from 4 to 10 years old), a place to play, explore, listen, live and feel music. And the Parc de la Villette is a huge playground for children.     <\/li>\n<\/ol>\n\n<\/div>\n<\/div><\/div>\n\n\n\n<div class=\"wp-block-column is-layout-flow wp-block-column-is-layout-flow\" style=\"flex-basis:33.33%\">\n<h2 class=\"wp-block-heading has-text-align-center has-large-font-size\">PRACTICE DAY 2<\/h2>\n\n\n<div class=\"lazyblock-section-2wfPdu wp-block-lazyblock-section\">\n  <div class=\"uagb-section__overlay\"><\/div>\n\t<div class=\"lazyblock-inner-blocks\">\n\n<h2 class=\"wp-block-heading has-text-align-center has-x-large-font-size\">Book your tickets in advance \ud83c\udf9f\ufe0f<\/h2>\n\n\n<div class=\"lazyblock-etiquettes-Z1IEYui wp-block-lazyblock-etiquettes\"><div class=\"labels__fam\">\n        <a href=\"https:\/\/www.familinparis.fr\/en\/la-grande-galerie-de-l-evolution-tarif\/\" class=\"labels__fam-color-lightBlue labels__fam-radius-rounded\">\n        The great Gallery of Evolution      <\/a>\n        <a href=\"https:\/\/www.familinparis.fr\/en\/la-menagerie-du-jardin-des-plantes\/\" class=\"labels__fam-color-lightBlue labels__fam-radius-rounded\">\n        The Menagerie of the Jardin des Plantes      <\/a>\n  <\/div><\/div>\n<\/div>\n<\/div>\n\n\n<div style=\"height:20px\" aria-hidden=\"true\" class=\"wp-block-spacer\"><\/div>\n\n\n<div class=\"lazyblock-section-1ABGui wp-block-lazyblock-section\">\n  <div class=\"uagb-section__overlay\"><\/div>\n\t<div class=\"lazyblock-inner-blocks\">\n\n<h2 class=\"wp-block-heading has-x-large-font-size\">Suggestions for eating \ud83e\udd57<\/h2>\n\n\n\n<ul class=\"wp-block-list\">\n<li><strong>In the Jardin des Plantes<\/strong>, <a href=\"https:\/\/action.metaffiliation.com\/trk.php?mclic=P51309B58710721F1&amp;redir=https%3A%2F%2Fwww.thefork.fr%2Frestaurant%2Fles-belles-plantes-r825101\" target=\"_blank\" rel=\"noreferrer noopener nofollow\">the restaurant Les Belles Plantes<\/a> <\/li>\n\n\n\n<li><strong>At snack time<\/strong> : a change of scenery guaranteed, right next to the Jardin des Plantes, at <strong>the caf\u00e9 of the Great Mosque of Paris<\/strong> to drink a mint tea and eat oriental pastries<\/li>\n<\/ul>\n\n\n<div class=\"lazyblock-button-Z2jm18I wp-block-lazyblock-button\"><div class=\"t-center\" data-shop=\"\">\n  <a href=\"https:\/\/action.metaffiliation.com\/trk.php?mclic=P51309B58710721F1&amp;amp;redir=https%3A%2F%2Fwww.thefork.fr%2Frestaurants%2Fparis-c415144\" \n    class=\"buttons__fam buttons__fam-color-green buttons__fam-radius-rounded\"\n    target=\"_blank\" \n    rel=\"noreferrer noopener nofollow\"\n  >\n    Find a restaurant with TheFork\n  <\/a>\n<\/div><\/div>\n<\/div>\n<\/div>\n\n\n<div style=\"height:20px\" aria-hidden=\"true\" class=\"wp-block-spacer\"><\/div>\n<\/div>\n<\/div>\n\n<div style=\"height:51px\" aria-hidden=\"true\" class=\"wp-block-spacer\"><\/div>\n\n<h2 class=\"wp-block-heading has-x-large-font-size\">Our little extras \ud83d\udca1<\/h2>\n\n<div class=\"wp-block-columns is-layout-flex wp-container-core-columns-is-layout-9d6595d7 wp-block-columns-is-layout-flex\">\n<div class=\"wp-block-column is-layout-flow wp-block-column-is-layout-flow\"><div class=\"lazyblock-section-Z1QAtAn wp-block-lazyblock-section\">\n  <div class=\"uagb-section__overlay\"><\/div>\n\t<div class=\"lazyblock-inner-blocks\">\n\n<h2 class=\"wp-block-heading has-text-align-center has-large-font-size\">Discover our special &#8220;0-3 years old&#8221; and &#8220;3-6 years old&#8221; sections<\/h2>\n\n\n<div class=\"wp-block-image m-t-10 m-t-20\">\n<figure class=\"aligncenter size-full is-resized\"><img decoding=\"async\" width=\"200\" height=\"150\" src=\"https:\/\/www.familinparis.fr\/wp-content\/uploads\/Dessins\/KID-ADO\/enfant-300x225-e1516882188767.jpg\" alt=\"\" class=\"wp-image-1742\" style=\"width:100px\" \/><\/figure>\n<\/div>\n\n<div class=\"lazyblock-etiquettes-1eTSaq wp-block-lazyblock-etiquettes\"><div class=\"labels__fam\">\n        <a href=\"https:\/\/www.familinparis.fr\/en\/activite-sortie-avec-un-bebe-paris\/\" class=\"labels__fam-color-pink labels__fam-radius-rounded\">\n        Our section for 0-3 year olds      <\/a>\n        <a href=\"https:\/\/www.familinparis.fr\/en\/paris-pour-les-petits\/\" class=\"labels__fam-color-pink labels__fam-radius-rounded\">\n        Our section for 3-6 year olds      <\/a>\n  <\/div><\/div>\n<\/div>\n<\/div><\/div>\n\n\n\n<div class=\"wp-block-column is-layout-flow wp-block-column-is-layout-flow\"><div class=\"lazyblock-section-ZYiUFO wp-block-lazyblock-section\">\n  <div class=\"uagb-section__overlay\"><\/div>\n\t<div class=\"lazyblock-inner-blocks\">\n\n<h2 class=\"wp-block-heading has-text-align-center has-large-font-size\">Getting around by Batobus<\/h2>\n\n\n\n<p>It&#8217;s a very nice way to get around Paris, along the Seine. <strong>The stops serve the major tourists of Paris<\/strong>. It&#8217;s a good alternative to Seine River cruises if you haven&#8217;t had time to take one. <\/p>\n\n\n<div class=\"lazyblock-etiquettes-nuhQG wp-block-lazyblock-etiquettes\"><div class=\"labels__fam\">\n        <a href=\"https:\/\/www.familinparis.fr\/en\/batobus\/\" class=\"labels__fam-color-lightBlue labels__fam-radius-rounded\">\n        Opening hours and ticketing      <\/a>\n  <\/div><\/div>\n<\/div>\n<\/div><\/div>\n\n\n\n<div class=\"wp-block-column is-layout-flow wp-block-column-is-layout-flow\"><div class=\"lazyblock-section-zb0Om wp-block-lazyblock-section\">\n  <div class=\"uagb-section__overlay\"><\/div>\n\t<div class=\"lazyblock-inner-blocks\">\n\n<h2 class=\"wp-block-heading has-text-align-center has-large-font-size\">Our favorites with 0-6 year olds \ud83e\udde1<\/h2>\n\n\n\n<ul class=\"wp-block-list\">\n<li><a href=\"https:\/\/www.familinparis.fr\/en\/jazz-and-afternoon-tea-at-sunset-sunside\/\">Jazz and Snack concerts at the Sunset Sunside<\/a> (very original, for 2-6 year olds) &#8211; Sunday only<\/li>\n\n\n\n<li><a href=\"https:\/\/www.familinparis.fr\/open-tour-kids-tour\/\">The Kids Tour in panoramic bus<\/a>, for 4-12 year olds (but only on Wednesdays)<\/li>\n\n\n\n<li><a href=\"https:\/\/www.familinparis.fr\/en\/louvre-museum-french-hunting-visit-for-small-kids\/\">The storytelling tour &#8220;My mini Louvre&#8221;<\/a> \ud83e\udde1 (for 3-6 year olds) mainly scheduled during the holidays (few dates) \u2013 Ideal for introducing children to Art and the Louvre \u2013 A visit that will also appeal to parents<\/li>\n<\/ul>\n\n<\/div>\n<\/div><\/div>\n<\/div>\n<div class=\"lazyblock-grids-ZBVUmJ wp-block-lazyblock-grids\"><!--\n<div class=\"row new-grids grids-style-2\">\n    <div class=\"glide grid-carousel\">\n        <div class=\"grid-title grid-carousel--title\">\n            <div>\n                                    <h2>Would you like to go to the theatre with your children?<\/h2>\n                                            <\/div>\n            <div>\n                <div class=\"glide__arrows\" data-glide-el=\"controls\">\n                    <button class=\"glide__arrow glide__arrow--left\" data-glide-dir=\"|&lt;\"><i class=\"fa fa-angle-left\"><\/i><\/button>\n                    <button class=\"glide__arrow glide__arrow--right\" data-glide-dir=\"|&gt;\"><i class=\"fa fa-angle-right\"><\/i><\/button>\n                <\/div>\n            <\/div>\n        <\/div>\n        \n        <div class=\"glide__track\" data-glide-el=\"track\">\n            <ul class=\"glide__slides\">\n                <li class=\"glide__slide\">\n\n<div class=\"grid\">\n\t<a href=\"https:\/\/www.familinparis.fr\/en\/spitz\/\" target=\"_self\">\n\t    <div class=\"image\" style=\"background-image:url('https:\/\/www.familinparis.fr\/wp-content\/uploads\/THEATRE\/Petits\/loulou-theatre-lepic-1-400x282.jpg')\">\n\t    \t\t\t\t\t    <\/div>\n\t    <div class=\"texte\">\n\t        <h5><\/h5>\n\t        <h3>Spitz<\/h3>\n\t        <div class=\"tags\">\n\t        \t\t        \t<span><\/span>\n\t        <\/div>\n\t        <div class=\"bas\">\n        \t\t<div class=\"prix\">\n        \t\t\t        \t\t<\/div>\n            \t<div class=\"review-stars\" data-productId=\"\">\n            \t<\/div>\n\t        <\/div>\n\t    <\/div>\n\t<\/a>\n<\/div><\/li><li class=\"glide__slide\">\n\n<div class=\"grid\">\n\t<a href=\"https:\/\/www.familinparis.fr\/en\/great-red-riding-hood-and-the-little-wolf\/\" target=\"_self\">\n\t    <div class=\"image\" style=\"background-image:url('https:\/\/www.familinparis.fr\/wp-content\/uploads\/THEATRE\/Kids\/le-grand-chaperon-rouge-564x282.jpg')\">\n\t    \t\t    \t<div class=\"dateOnImg\">Until November 13, 2024<\/div>\n\t    \t\t\t\t\t    <\/div>\n\t    <div class=\"texte\">\n\t        <h5>At the Essa\u00efon theater (Paris 4th)<\/h5>\n\t        <h3>Great Red Riding Hood and the Little Wolf<\/h3>\n\t        <div class=\"tags\">\n\t        \t\t        \t\t<span>For ages 3 - 10<\/span>\n\t        \t\t        \t<span>50 minutes<\/span>\n\t        <\/div>\n\t        <div class=\"bas\">\n        \t\t<div class=\"prix\">\n        \t\t\t        \t\t<\/div>\n            \t<div class=\"review-stars\" data-productId=\"\">\n            \t<\/div>\n\t        <\/div>\n\t    <\/div>\n\t<\/a>\n<\/div><\/li><li class=\"glide__slide\">\n\n<div class=\"grid\">\n\t<a href=\"https:\/\/www.familinparis.fr\/en\/peter-and-the-bewitched-princess\/\" target=\"_self\">\n\t    <div class=\"image\" style=\"background-image:url('https:\/\/www.familinparis.fr\/wp-content\/uploads\/2024\/07\/pierre-et-la-princesse-ensorcelee-theatre-par-le-bout-2024-450x282.jpeg')\">\n\t    \t\t    \t<div class=\"dateOnImg\">Until December 31, 2024<\/div>\n\t    \t\t\t\t\t    <\/div>\n\t    <div class=\"texte\">\n\t        <h5>At the Th\u00e9\u00e2tre le Bout (Paris 9th)<\/h5>\n\t        <h3>Peter and the Bewitched Princess<\/h3>\n\t        <div class=\"tags\">\n\t        \t\t        \t\t<span>From 3 to 8 years old<\/span>\n\t        \t\t        \t<span>55 min<\/span>\n\t        <\/div>\n\t        <div class=\"bas\">\n        \t\t<div class=\"prix\">\n        \t\t\t        \t\t<\/div>\n            \t<div class=\"review-stars\" data-productId=\"\">\n            \t<\/div>\n\t        <\/div>\n\t    <\/div>\n\t<\/a>\n<\/div><\/li><li class=\"glide__slide\">\n\n<div class=\"grid\">\n\t<a href=\"https:\/\/www.familinparis.fr\/en\/name-of-a-little-guy\/\" target=\"_self\">\n\t    <div class=\"image\" style=\"background-image:url('https:\/\/www.familinparis.fr\/wp-content\/uploads\/2024\/01\/nom-d-un-petit-bonhomme-abricadabra-theatre-564x282.jpg')\">\n\t    \t\t\t\t\t    <\/div>\n\t    <div class=\"texte\">\n\t        <h5><\/h5>\n\t        <h3>Name of a little guy<\/h3>\n\t        <div class=\"tags\">\n\t        \t\t        \t<span><\/span>\n\t        <\/div>\n\t        <div class=\"bas\">\n        \t\t<div class=\"prix\">\n        \t\t\t        \t\t<\/div>\n            \t<div class=\"review-stars\" data-productId=\"\">\n            \t<\/div>\n\t        <\/div>\n\t    <\/div>\n\t<\/a>\n<\/div><\/li><li class=\"glide__slide\">\n\n<div class=\"grid\">\n\t<a href=\"https:\/\/www.familinparis.fr\/en\/my-little-classics\/\" target=\"_self\">\n\t    <div class=\"image\" style=\"background-image:url('https:\/\/www.familinparis.fr\/wp-content\/uploads\/Spectacles\/MUSICAL\/Petits\/Mes-petits-classiques-spectacle-musical-564x282.jpg')\">\n\t    \t\t    \t<div class=\"dateOnImg\">Until July 13, 2025<\/div>\n\t    \t\t\t\t\t    <\/div>\n\t    <div class=\"texte\">\n\t        <h5>At the La Boussole theater (Paris 10th)<\/h5>\n\t        <h3>My little classics<\/h3>\n\t        <div class=\"tags\">\n\t        \t\t        \t\t<span>For 4-8 year olds<\/span>\n\t        \t\t        \t<span>1 hour<\/span>\n\t        <\/div>\n\t        <div class=\"bas\">\n        \t\t<div class=\"prix\">\n        \t\t\t        \t\t<\/div>\n            \t<div class=\"review-stars\" data-productId=\"\">\n            \t<\/div>\n\t        <\/div>\n\t    <\/div>\n\t<\/a>\n<\/div><\/li><li class=\"glide__slide\">\n\n<div class=\"grid\">\n\t<a href=\"https:\/\/www.familinparis.fr\/en\/puss-in-boots-the-musical\/\" target=\"_self\">\n\t    <div class=\"image\" style=\"background-image:url('https:\/\/www.familinparis.fr\/wp-content\/uploads\/2024\/11\/spectacle-theatre-le_chat_botte-564x282.jpg')\">\n\t    \t\t    \t<div class=\"dateOnImg\">Until March 8, 2025<\/div>\n\t    \t\t\t\t\t    <\/div>\n\t    <div class=\"texte\">\n\t        <h5>Th\u00e9\u00e2tre de la Ga\u00eet\u00e9 Montparnasse<\/h5>\n\t        <h3>Puss in Boots, the musical<\/h3>\n\t        <div class=\"tags\">\n\t        \t\t        \t\t<span>From 3 years old<\/span>\n\t        \t\t        \t<span>1h10<\/span>\n\t        <\/div>\n\t        <div class=\"bas\">\n        \t\t<div class=\"prix\">\n        \t\t\t        \t\t<\/div>\n            \t<div class=\"review-stars\" data-productId=\"\">\n            \t<\/div>\n\t        <\/div>\n\t    <\/div>\n\t<\/a>\n<\/div><\/li><li class=\"glide__slide\">\n\n<div class=\"grid\">\n\t<a href=\"https:\/\/www.familinparis.fr\/en\/knights-princesses-and-dragon\/\" target=\"_self\">\n\t    <div class=\"image\" style=\"background-image:url('https:\/\/www.familinparis.fr\/wp-content\/uploads\/Spectacles\/MUSICAL\/Petits\/chevaliers-theatre-jeune-public-445x282.jpg')\">\n\t    \t\t\t\t\t    <\/div>\n\t    <div class=\"texte\">\n\t        <h5><\/h5>\n\t        <h3>Knights, princesses and dragon<\/h3>\n\t        <div class=\"tags\">\n\t        \t\t        \t<span><\/span>\n\t        <\/div>\n\t        <div class=\"bas\">\n        \t\t<div class=\"prix\">\n        \t\t\t        \t\t<\/div>\n            \t<div class=\"review-stars\" data-productId=\"\">\n            \t<\/div>\n\t        <\/div>\n\t    <\/div>\n\t<\/a>\n<\/div><\/li><li class=\"glide__slide\">\n\n<div class=\"grid\">\n\t<a href=\"https:\/\/www.familinparis.fr\/en\/snow-white-and-the-7-dwarfs\/\" target=\"_self\">\n\t    <div class=\"image\" style=\"background-image:url('https:\/\/www.familinparis.fr\/wp-content\/uploads\/Spectacles\/MUSICAL\/blancheneige-400x282.jpeg')\">\n\t    \t\t\t\t\t    <\/div>\n\t    <div class=\"texte\">\n\t        <h5><\/h5>\n\t        <h3>Snow White and the 7 Dwarfs<\/h3>\n\t        <div class=\"tags\">\n\t        \t\t        \t<span><\/span>\n\t        <\/div>\n\t        <div class=\"bas\">\n        \t\t<div class=\"prix\">\n        \t\t\t        \t\t<\/div>\n            \t<div class=\"review-stars\" data-productId=\"\">\n            \t<\/div>\n\t        <\/div>\n\t    <\/div>\n\t<\/a>\n<\/div><\/li><li class=\"glide__slide\">\n\n<div class=\"grid\">\n\t<a href=\"https:\/\/www.familinparis.fr\/en\/augustin-pirate-of-the-indies\/\" target=\"_self\">\n\t    <div class=\"image\" style=\"background-image:url('https:\/\/www.familinparis.fr\/wp-content\/uploads\/2022\/10\/spectacle-enfant-augustin-pirate-des-indes-564x282.jpg')\">\n\t    \t\t\t\t\t    <\/div>\n\t    <div class=\"texte\">\n\t        <h5><\/h5>\n\t        <h3>Augustin, Pirate of the Indies<\/h3>\n\t        <div class=\"tags\">\n\t        \t\t        \t<span><\/span>\n\t        <\/div>\n\t        <div class=\"bas\">\n        \t\t<div class=\"prix\">\n        \t\t\t        \t\t<\/div>\n            \t<div class=\"review-stars\" data-productId=\"\">\n            \t<\/div>\n\t        <\/div>\n\t    <\/div>\n\t<\/a>\n<\/div><\/li><li class=\"glide__slide\">\n\n<div class=\"grid\">\n\t<a href=\"https:\/\/www.familinparis.fr\/en\/little-bee-knows-how-to-make-honey\/\" target=\"_self\">\n\t    <div class=\"image\" style=\"background-image:url('https:\/\/www.familinparis.fr\/wp-content\/uploads\/2024\/01\/spectacle-enfant-petite-abeille-sait-faire-du-miel-282x282.jpg')\">\n\t    \t\t\t\t\t    <\/div>\n\t    <div class=\"texte\">\n\t        <h5><\/h5>\n\t        <h3>Little Bee Knows How to Make Honey<\/h3>\n\t        <div class=\"tags\">\n\t        \t\t        \t<span><\/span>\n\t        <\/div>\n\t        <div class=\"bas\">\n        \t\t<div class=\"prix\">\n        \t\t\t        \t\t<\/div>\n            \t<div class=\"review-stars\" data-productId=\"\">\n            \t<\/div>\n\t        <\/div>\n\t    <\/div>\n\t<\/a>\n<\/div><\/li><li class=\"glide__slide\">\n\n<div class=\"grid\">\n\t<a href=\"https:\/\/www.familinparis.fr\/en\/small-drop-will-become-big\/\" target=\"_self\">\n\t    <div class=\"image\" style=\"background-image:url('https:\/\/www.familinparis.fr\/wp-content\/uploads\/2024\/01\/spectacle-enfant-petite-goutte-deviendra-grande-400x282.jpg')\">\n\t    \t\t\t\t\t    <\/div>\n\t    <div class=\"texte\">\n\t        <h5><\/h5>\n\t        <h3>Small drop will become big<\/h3>\n\t        <div class=\"tags\">\n\t        \t\t        \t<span><\/span>\n\t        <\/div>\n\t        <div class=\"bas\">\n        \t\t<div class=\"prix\">\n        \t\t\t        \t\t<\/div>\n            \t<div class=\"review-stars\" data-productId=\"\">\n            \t<\/div>\n\t        <\/div>\n\t    <\/div>\n\t<\/a>\n<\/div><\/li><li class=\"glide__slide\">\n\n<div class=\"grid\">\n\t<a href=\"https:\/\/www.familinparis.fr\/en\/tutankhamun-and-the-golden-scarab\/\" target=\"_self\">\n\t    <div class=\"image\" style=\"background-image:url('https:\/\/www.familinparis.fr\/wp-content\/uploads\/2024\/07\/toutankhamon-et-le-scarabeedor-2024-theatre-le-bout-450x282.jpeg')\">\n\t    \t\t    \t<div class=\"dateOnImg\">Until January 4, 2025<\/div>\n\t    \t\t\t\t\t    <\/div>\n\t    <div class=\"texte\">\n\t        <h5>Th\u00e9\u00e2tre Le Bout (9th)<\/h5>\n\t        <h3>Tutankhamun and the Golden Scarab<\/h3>\n\t        <div class=\"tags\">\n\t        \t\t        \t\t<span>From 4 to 10 years old<\/span>\n\t        \t\t        \t<span>1 hour<\/span>\n\t        <\/div>\n\t        <div class=\"bas\">\n        \t\t<div class=\"prix\">\n        \t\t\t        \t\t<\/div>\n            \t<div class=\"review-stars\" data-productId=\"\">\n            \t<\/div>\n\t        <\/div>\n\t    <\/div>\n\t<\/a>\n<\/div><\/li><li class=\"glide__slide\">\n\n<div class=\"grid\">\n\t<a href=\"https:\/\/www.familinparis.fr\/en\/the-princess-with-the-pea-in-the-head\/\" target=\"_self\">\n\t    <div class=\"image\" style=\"background-image:url('https:\/\/www.familinparis.fr\/wp-content\/uploads\/THEATRE\/Petits\/la-princesse-au-petit-pois-dans-la-tete-piece-564x282.jpg')\">\n\t    \t\t    \t<div class=\"dateOnImg\">Until January 5, 2025<\/div>\n\t    \t\t\t\t\t    <\/div>\n\t    <div class=\"texte\">\n\t        <h5>At the Th\u00e9\u00e2tre le Bout (Paris 9th)<\/h5>\n\t        <h3>The Princess with the Pea in the Head<\/h3>\n\t        <div class=\"tags\">\n\t        \t\t        \t\t<span>For 3-6 year olds<\/span>\n\t        \t\t        \t<span>1 hour<\/span>\n\t        <\/div>\n\t        <div class=\"bas\">\n        \t\t<div class=\"prix\">\n        \t\t\t        \t\t<\/div>\n            \t<div class=\"review-stars\" data-productId=\"\">\n            \t<\/div>\n\t        <\/div>\n\t    <\/div>\n\t<\/a>\n<\/div><\/li><li class=\"glide__slide\">\n\n<div class=\"grid\">\n\t<a href=\"https:\/\/www.familinparis.fr\/en\/the-hunchback-of-notre-dame\/\" target=\"_self\">\n\t    <div class=\"image\" style=\"background-image:url('https:\/\/www.familinparis.fr\/wp-content\/uploads\/Spectacles\/MUSICAL\/bossu-gaite-500x282.jpg')\">\n\t    \t\t\t\t\t    <\/div>\n\t    <div class=\"texte\">\n\t        <h5><\/h5>\n\t        <h3>The Hunchback of Notre Dame<\/h3>\n\t        <div class=\"tags\">\n\t        \t\t        \t<span><\/span>\n\t        <\/div>\n\t        <div class=\"bas\">\n        \t\t<div class=\"prix\">\n        \t\t\t        \t\t<\/div>\n            \t<div class=\"review-stars\" data-productId=\"\">\n            \t<\/div>\n\t        <\/div>\n\t    <\/div>\n\t<\/a>\n<\/div><\/li><li class=\"glide__slide\">\n\n<div class=\"grid\">\n\t<a href=\"https:\/\/www.familinparis.fr\/en\/the-adventures-of-pinocchio\/\" target=\"_self\">\n\t    <div class=\"image\" style=\"background-image:url('https:\/\/www.familinparis.fr\/wp-content\/uploads\/2023\/11\/pinocchio-theatre-mathurins-2023-564x282.jpg')\">\n\t    \t\t\t\t\t    <\/div>\n\t    <div class=\"texte\">\n\t        <h5><\/h5>\n\t        <h3>The Adventures of Pinocchio<\/h3>\n\t        <div class=\"tags\">\n\t        \t\t        \t<span><\/span>\n\t        <\/div>\n\t        <div class=\"bas\">\n        \t\t<div class=\"prix\">\n        \t\t\t        \t\t<\/div>\n            \t<div class=\"review-stars\" data-productId=\"\">\n            \t<\/div>\n\t        <\/div>\n\t    <\/div>\n\t<\/a>\n<\/div><\/li><li class=\"glide__slide\">\n\n<div class=\"grid\">\n\t<a href=\"https:\/\/www.familinparis.fr\/en\/paw-patrol-forward-pirates\/\" target=\"_self\">\n\t    <div class=\"image\" style=\"background-image:url('https:\/\/www.familinparis.fr\/wp-content\/uploads\/2023\/06\/spectacle-pat-patrouille-zenith-paris-412x282.jpg')\">\n\t    \t\t\t\t\t    <\/div>\n\t    <div class=\"texte\">\n\t        <h5><\/h5>\n\t        <h3>PAW Patrol, \"Forward Pirates\"<\/h3>\n\t        <div class=\"tags\">\n\t        \t\t        \t<span><\/span>\n\t        <\/div>\n\t        <div class=\"bas\">\n        \t\t<div class=\"prix\">\n        \t\t\t        \t\t<\/div>\n            \t<div class=\"review-stars\" data-productId=\"\">\n            \t<\/div>\n\t        <\/div>\n\t    <\/div>\n\t<\/a>\n<\/div><\/li><li class=\"glide__slide\">\n\n<div class=\"grid\">\n\t<a href=\"https:\/\/www.familinparis.fr\/en\/where-are-you-peanut\/\" target=\"_self\">\n\t    <div class=\"image\" style=\"background-image:url('https:\/\/www.familinparis.fr\/wp-content\/uploads\/2022\/10\/ou-es-tu-cacahuete-theatre-bo-saint-martin-282x282.jpg')\">\n\t    \t\t\t\t\t    <\/div>\n\t    <div class=\"texte\">\n\t        <h5><\/h5>\n\t        <h3>Where are you peanut?<\/h3>\n\t        <div class=\"tags\">\n\t        \t\t        \t<span><\/span>\n\t        <\/div>\n\t        <div class=\"bas\">\n        \t\t<div class=\"prix\">\n        \t\t\t        \t\t<\/div>\n            \t<div class=\"review-stars\" data-productId=\"\">\n            \t<\/div>\n\t        <\/div>\n\t    <\/div>\n\t<\/a>\n<\/div><\/li><li class=\"glide__slide\">\n\n<div class=\"grid\">\n\t<a href=\"https:\/\/www.familinparis.fr\/en\/le-lucernaire-the-plays-of-the-new-school-year\/\" target=\"_self\">\n\t    <div class=\"image\" style=\"background-image:url('https:\/\/www.familinparis.fr\/wp-content\/uploads\/THEATRE\/Kids\/Hansel-et-Gretel-theatre-lucernaire-379x282.jpg')\">\n\t    \t\t\t\t\t    <\/div>\n\t    <div class=\"texte\">\n\t        <h5><\/h5>\n\t        <h3>Le Lucernaire - The plays of the new school year<\/h3>\n\t        <div class=\"tags\">\n\t        \t\t        \t<span><\/span>\n\t        <\/div>\n\t        <div class=\"bas\">\n        \t\t<div class=\"prix\">\n        \t\t\t        \t\t<\/div>\n            \t<div class=\"review-stars\" data-productId=\"\">\n            \t<\/div>\n\t        <\/div>\n\t    <\/div>\n\t<\/a>\n<\/div><\/li><li class=\"glide__slide\">\n\n<div class=\"grid\">\n\t<a href=\"https:\/\/www.familinparis.fr\/en\/the-sock-fairy-celebrates-christmas\/\" target=\"_self\">\n\t    <div class=\"image\" style=\"background-image:url('https:\/\/www.familinparis.fr\/wp-content\/uploads\/2020\/02\/la_fee_des_chaussettes-spectacle-de-noel-564x282.jpg')\">\n\t    \t\t\t\t\t    <\/div>\n\t    <div class=\"texte\">\n\t        <h5><\/h5>\n\t        <h3>The Sock Fairy Celebrates Christmas<\/h3>\n\t        <div class=\"tags\">\n\t        \t\t        \t<span><\/span>\n\t        <\/div>\n\t        <div class=\"bas\">\n        \t\t<div class=\"prix\">\n        \t\t\t        \t\t<\/div>\n            \t<div class=\"review-stars\" data-productId=\"\">\n            \t<\/div>\n\t        <\/div>\n\t    <\/div>\n\t<\/a>\n<\/div><\/li>            <\/ul>\n        <\/div>\n    <\/div>\n    \n    <\/div>\n-->\n<style type=\"text\/css\">\n    .swiper{\n        width: 100%;\n    }\n    .grid-carousel__arrows {\n        display: flex;\n        gap: 1rem;\n\n    }\n    button.grid-carousel__arrow {\n        background: #008098;\n        border-radius: 50%;\n        height: 50px;\n        width: 50px;\n        border: 2px solid #008098;\n        color: #ffff;\n        padding: 0px;\n        text-align: center;\n    }\n\n    button.grid-carousel__arrow.swiper-button-disabled{\n        opacity: .15;\n    }\n    .grid-carousel .swiper-slide {\n         min-width: 300px;\n    }\n    @media (max-width: 799px) {\n        .grid-carousel__arrows {\n            display: none;\n        }\n        .grid-carousel .swiper-slide {\n            width: 40%;\n        }\n    }\n    @media (max-width: 529px) {\n        .grid-carousel .swiper-slide {\n            width: 75%;\n        }\n    }\n<\/style>\n\n<div class=\"row new-grids grids-style-2\">\n    <div class=\"swiper grid-carousel\">\n        <div class=\"grid-title grid-carousel--title\">\n            <div>\n                                    <h2>Would you like to go to the theatre with your children?<\/h2>\n                                            <\/div>\n            <div>\n                <div class=\"grid-carousel__arrows\">\n                    <button class=\"grid-carousel__arrow grid-carousel__arrow--left\">\n                        <i class=\"fa fa-angle-left\"><\/i>\n                    <\/button>\n                    <button class=\"grid-carousel__arrow grid-carousel__arrow--right\">\n                        <i class=\"fa fa-angle-right\"><\/i>\n                    <\/button>\n                <\/div>\n            <\/div>\n        <\/div>\n        \n        <div class=\"swiper-wrapper\">\n            <div class=\"swiper-slide\">\n\n<div class=\"grid\">\n\t<a href=\"https:\/\/www.familinparis.fr\/en\/spitz\/\" target=\"_self\">\n\t    <div class=\"image\" style=\"background-image:url('https:\/\/www.familinparis.fr\/wp-content\/uploads\/THEATRE\/Petits\/loulou-theatre-lepic-1-400x282.jpg')\">\n\t    \t\t\t\t\t    <\/div>\n\t    <div class=\"texte\">\n\t        <h5><\/h5>\n\t        <h3>Spitz<\/h3>\n\t        <div class=\"tags\">\n\t        \t\t        \t<span><\/span>\n\t        <\/div>\n\t        <div class=\"bas\">\n        \t\t<div class=\"prix\">\n        \t\t\t        \t\t<\/div>\n            \t<div class=\"review-stars\" data-productId=\"\">\n            \t<\/div>\n\t        <\/div>\n\t    <\/div>\n\t<\/a>\n<\/div><\/div><div class=\"swiper-slide\">\n\n<div class=\"grid\">\n\t<a href=\"https:\/\/www.familinparis.fr\/en\/great-red-riding-hood-and-the-little-wolf\/\" target=\"_self\">\n\t    <div class=\"image\" style=\"background-image:url('https:\/\/www.familinparis.fr\/wp-content\/uploads\/THEATRE\/Kids\/le-grand-chaperon-rouge-564x282.jpg')\">\n\t    \t\t    \t<div class=\"dateOnImg\">Until November 13, 2024<\/div>\n\t    \t\t\t\t\t    <\/div>\n\t    <div class=\"texte\">\n\t        <h5>At the Essa\u00efon theater (Paris 4th)<\/h5>\n\t        <h3>Great Red Riding Hood and the Little Wolf<\/h3>\n\t        <div class=\"tags\">\n\t        \t\t        \t\t<span>For ages 3 &#8211; 10<\/span>\n\t        \t\t        \t<span>50 minutes<\/span>\n\t        <\/div>\n\t        <div class=\"bas\">\n        \t\t<div class=\"prix\">\n        \t\t\t        \t\t<\/div>\n            \t<div class=\"review-stars\" data-productId=\"\">\n            \t<\/div>\n\t        <\/div>\n\t    <\/div>\n\t<\/a>\n<\/div><\/div><div class=\"swiper-slide\">\n\n<div class=\"grid\">\n\t<a href=\"https:\/\/www.familinparis.fr\/en\/peter-and-the-bewitched-princess\/\" target=\"_self\">\n\t    <div class=\"image\" style=\"background-image:url('https:\/\/www.familinparis.fr\/wp-content\/uploads\/2024\/07\/pierre-et-la-princesse-ensorcelee-theatre-par-le-bout-2024-450x282.jpeg')\">\n\t    \t\t    \t<div class=\"dateOnImg\">Until December 31, 2024<\/div>\n\t    \t\t\t\t\t    <\/div>\n\t    <div class=\"texte\">\n\t        <h5>At the Th\u00e9\u00e2tre le Bout (Paris 9th)<\/h5>\n\t        <h3>Peter and the Bewitched Princess<\/h3>\n\t        <div class=\"tags\">\n\t        \t\t        \t\t<span>From 3 to 8 years old<\/span>\n\t        \t\t        \t<span>55 min<\/span>\n\t        <\/div>\n\t        <div class=\"bas\">\n        \t\t<div class=\"prix\">\n        \t\t\t        \t\t<\/div>\n            \t<div class=\"review-stars\" data-productId=\"\">\n            \t<\/div>\n\t        <\/div>\n\t    <\/div>\n\t<\/a>\n<\/div><\/div><div class=\"swiper-slide\">\n\n<div class=\"grid\">\n\t<a href=\"https:\/\/www.familinparis.fr\/en\/name-of-a-little-guy\/\" target=\"_self\">\n\t    <div class=\"image\" style=\"background-image:url('https:\/\/www.familinparis.fr\/wp-content\/uploads\/2024\/01\/nom-d-un-petit-bonhomme-abricadabra-theatre-564x282.jpg')\">\n\t    \t\t\t\t\t    <\/div>\n\t    <div class=\"texte\">\n\t        <h5><\/h5>\n\t        <h3>Name of a little guy<\/h3>\n\t        <div class=\"tags\">\n\t        \t\t        \t<span><\/span>\n\t        <\/div>\n\t        <div class=\"bas\">\n        \t\t<div class=\"prix\">\n        \t\t\t        \t\t<\/div>\n            \t<div class=\"review-stars\" data-productId=\"\">\n            \t<\/div>\n\t        <\/div>\n\t    <\/div>\n\t<\/a>\n<\/div><\/div><div class=\"swiper-slide\">\n\n<div class=\"grid\">\n\t<a href=\"https:\/\/www.familinparis.fr\/en\/my-little-classics\/\" target=\"_self\">\n\t    <div class=\"image\" style=\"background-image:url('https:\/\/www.familinparis.fr\/wp-content\/uploads\/Spectacles\/MUSICAL\/Petits\/Mes-petits-classiques-spectacle-musical-564x282.jpg')\">\n\t    \t\t    \t<div class=\"dateOnImg\">Until July 13, 2025<\/div>\n\t    \t\t\t\t\t    <\/div>\n\t    <div class=\"texte\">\n\t        <h5>At the La Boussole theater (Paris 10th)<\/h5>\n\t        <h3>My little classics<\/h3>\n\t        <div class=\"tags\">\n\t        \t\t        \t\t<span>For 4-8 year olds<\/span>\n\t        \t\t        \t<span>1 hour<\/span>\n\t        <\/div>\n\t        <div class=\"bas\">\n        \t\t<div class=\"prix\">\n        \t\t\t        \t\t<\/div>\n            \t<div class=\"review-stars\" data-productId=\"\">\n            \t<\/div>\n\t        <\/div>\n\t    <\/div>\n\t<\/a>\n<\/div><\/div><div class=\"swiper-slide\">\n\n<div class=\"grid\">\n\t<a href=\"https:\/\/www.familinparis.fr\/en\/puss-in-boots-the-musical\/\" target=\"_self\">\n\t    <div class=\"image\" style=\"background-image:url('https:\/\/www.familinparis.fr\/wp-content\/uploads\/2024\/11\/spectacle-theatre-le_chat_botte-564x282.jpg')\">\n\t    \t\t    \t<div class=\"dateOnImg\">Until March 8, 2025<\/div>\n\t    \t\t\t\t\t    <\/div>\n\t    <div class=\"texte\">\n\t        <h5>Th\u00e9\u00e2tre de la Ga\u00eet\u00e9 Montparnasse<\/h5>\n\t        <h3>Puss in Boots, the musical<\/h3>\n\t        <div class=\"tags\">\n\t        \t\t        \t\t<span>From 3 years old<\/span>\n\t        \t\t        \t<span>1h10<\/span>\n\t        <\/div>\n\t        <div class=\"bas\">\n        \t\t<div class=\"prix\">\n        \t\t\t        \t\t<\/div>\n            \t<div class=\"review-stars\" data-productId=\"\">\n            \t<\/div>\n\t        <\/div>\n\t    <\/div>\n\t<\/a>\n<\/div><\/div><div class=\"swiper-slide\">\n\n<div class=\"grid\">\n\t<a href=\"https:\/\/www.familinparis.fr\/en\/knights-princesses-and-dragon\/\" target=\"_self\">\n\t    <div class=\"image\" style=\"background-image:url('https:\/\/www.familinparis.fr\/wp-content\/uploads\/Spectacles\/MUSICAL\/Petits\/chevaliers-theatre-jeune-public-445x282.jpg')\">\n\t    \t\t\t\t\t    <\/div>\n\t    <div class=\"texte\">\n\t        <h5><\/h5>\n\t        <h3>Knights, princesses and dragon<\/h3>\n\t        <div class=\"tags\">\n\t        \t\t        \t<span><\/span>\n\t        <\/div>\n\t        <div class=\"bas\">\n        \t\t<div class=\"prix\">\n        \t\t\t        \t\t<\/div>\n            \t<div class=\"review-stars\" data-productId=\"\">\n            \t<\/div>\n\t        <\/div>\n\t    <\/div>\n\t<\/a>\n<\/div><\/div><div class=\"swiper-slide\">\n\n<div class=\"grid\">\n\t<a href=\"https:\/\/www.familinparis.fr\/en\/snow-white-and-the-7-dwarfs\/\" target=\"_self\">\n\t    <div class=\"image\" style=\"background-image:url('https:\/\/www.familinparis.fr\/wp-content\/uploads\/Spectacles\/MUSICAL\/blancheneige-400x282.jpeg')\">\n\t    \t\t\t\t\t    <\/div>\n\t    <div class=\"texte\">\n\t        <h5><\/h5>\n\t        <h3>Snow White and the 7 Dwarfs<\/h3>\n\t        <div class=\"tags\">\n\t        \t\t        \t<span><\/span>\n\t        <\/div>\n\t        <div class=\"bas\">\n        \t\t<div class=\"prix\">\n        \t\t\t        \t\t<\/div>\n            \t<div class=\"review-stars\" data-productId=\"\">\n            \t<\/div>\n\t        <\/div>\n\t    <\/div>\n\t<\/a>\n<\/div><\/div><div class=\"swiper-slide\">\n\n<div class=\"grid\">\n\t<a href=\"https:\/\/www.familinparis.fr\/en\/augustin-pirate-of-the-indies\/\" target=\"_self\">\n\t    <div class=\"image\" style=\"background-image:url('https:\/\/www.familinparis.fr\/wp-content\/uploads\/2022\/10\/spectacle-enfant-augustin-pirate-des-indes-564x282.jpg')\">\n\t    \t\t\t\t\t    <\/div>\n\t    <div class=\"texte\">\n\t        <h5><\/h5>\n\t        <h3>Augustin, Pirate of the Indies<\/h3>\n\t        <div class=\"tags\">\n\t        \t\t        \t<span><\/span>\n\t        <\/div>\n\t        <div class=\"bas\">\n        \t\t<div class=\"prix\">\n        \t\t\t        \t\t<\/div>\n            \t<div class=\"review-stars\" data-productId=\"\">\n            \t<\/div>\n\t        <\/div>\n\t    <\/div>\n\t<\/a>\n<\/div><\/div><div class=\"swiper-slide\">\n\n<div class=\"grid\">\n\t<a href=\"https:\/\/www.familinparis.fr\/en\/little-bee-knows-how-to-make-honey\/\" target=\"_self\">\n\t    <div class=\"image\" style=\"background-image:url('https:\/\/www.familinparis.fr\/wp-content\/uploads\/2024\/01\/spectacle-enfant-petite-abeille-sait-faire-du-miel-282x282.jpg')\">\n\t    \t\t\t\t\t    <\/div>\n\t    <div class=\"texte\">\n\t        <h5><\/h5>\n\t        <h3>Little Bee Knows How to Make Honey<\/h3>\n\t        <div class=\"tags\">\n\t        \t\t        \t<span><\/span>\n\t        <\/div>\n\t        <div class=\"bas\">\n        \t\t<div class=\"prix\">\n        \t\t\t        \t\t<\/div>\n            \t<div class=\"review-stars\" data-productId=\"\">\n            \t<\/div>\n\t        <\/div>\n\t    <\/div>\n\t<\/a>\n<\/div><\/div><div class=\"swiper-slide\">\n\n<div class=\"grid\">\n\t<a href=\"https:\/\/www.familinparis.fr\/en\/small-drop-will-become-big\/\" target=\"_self\">\n\t    <div class=\"image\" style=\"background-image:url('https:\/\/www.familinparis.fr\/wp-content\/uploads\/2024\/01\/spectacle-enfant-petite-goutte-deviendra-grande-400x282.jpg')\">\n\t    \t\t\t\t\t    <\/div>\n\t    <div class=\"texte\">\n\t        <h5><\/h5>\n\t        <h3>Small drop will become big<\/h3>\n\t        <div class=\"tags\">\n\t        \t\t        \t<span><\/span>\n\t        <\/div>\n\t        <div class=\"bas\">\n        \t\t<div class=\"prix\">\n        \t\t\t        \t\t<\/div>\n            \t<div class=\"review-stars\" data-productId=\"\">\n            \t<\/div>\n\t        <\/div>\n\t    <\/div>\n\t<\/a>\n<\/div><\/div><div class=\"swiper-slide\">\n\n<div class=\"grid\">\n\t<a href=\"https:\/\/www.familinparis.fr\/en\/tutankhamun-and-the-golden-scarab\/\" target=\"_self\">\n\t    <div class=\"image\" style=\"background-image:url('https:\/\/www.familinparis.fr\/wp-content\/uploads\/2024\/07\/toutankhamon-et-le-scarabeedor-2024-theatre-le-bout-450x282.jpeg')\">\n\t    \t\t    \t<div class=\"dateOnImg\">Until January 4, 2025<\/div>\n\t    \t\t\t\t\t    <\/div>\n\t    <div class=\"texte\">\n\t        <h5>Th\u00e9\u00e2tre Le Bout (9th)<\/h5>\n\t        <h3>Tutankhamun and the Golden Scarab<\/h3>\n\t        <div class=\"tags\">\n\t        \t\t        \t\t<span>From 4 to 10 years old<\/span>\n\t        \t\t        \t<span>1 hour<\/span>\n\t        <\/div>\n\t        <div class=\"bas\">\n        \t\t<div class=\"prix\">\n        \t\t\t        \t\t<\/div>\n            \t<div class=\"review-stars\" data-productId=\"\">\n            \t<\/div>\n\t        <\/div>\n\t    <\/div>\n\t<\/a>\n<\/div><\/div><div class=\"swiper-slide\">\n\n<div class=\"grid\">\n\t<a href=\"https:\/\/www.familinparis.fr\/en\/the-princess-with-the-pea-in-the-head\/\" target=\"_self\">\n\t    <div class=\"image\" style=\"background-image:url('https:\/\/www.familinparis.fr\/wp-content\/uploads\/THEATRE\/Petits\/la-princesse-au-petit-pois-dans-la-tete-piece-564x282.jpg')\">\n\t    \t\t    \t<div class=\"dateOnImg\">Until January 5, 2025<\/div>\n\t    \t\t\t\t\t    <\/div>\n\t    <div class=\"texte\">\n\t        <h5>At the Th\u00e9\u00e2tre le Bout (Paris 9th)<\/h5>\n\t        <h3>The Princess with the Pea in the Head<\/h3>\n\t        <div class=\"tags\">\n\t        \t\t        \t\t<span>For 3-6 year olds<\/span>\n\t        \t\t        \t<span>1 hour<\/span>\n\t        <\/div>\n\t        <div class=\"bas\">\n        \t\t<div class=\"prix\">\n        \t\t\t        \t\t<\/div>\n            \t<div class=\"review-stars\" data-productId=\"\">\n            \t<\/div>\n\t        <\/div>\n\t    <\/div>\n\t<\/a>\n<\/div><\/div><div class=\"swiper-slide\">\n\n<div class=\"grid\">\n\t<a href=\"https:\/\/www.familinparis.fr\/en\/the-hunchback-of-notre-dame\/\" target=\"_self\">\n\t    <div class=\"image\" style=\"background-image:url('https:\/\/www.familinparis.fr\/wp-content\/uploads\/Spectacles\/MUSICAL\/bossu-gaite-500x282.jpg')\">\n\t    \t\t\t\t\t    <\/div>\n\t    <div class=\"texte\">\n\t        <h5><\/h5>\n\t        <h3>The Hunchback of Notre Dame<\/h3>\n\t        <div class=\"tags\">\n\t        \t\t        \t<span><\/span>\n\t        <\/div>\n\t        <div class=\"bas\">\n        \t\t<div class=\"prix\">\n        \t\t\t        \t\t<\/div>\n            \t<div class=\"review-stars\" data-productId=\"\">\n            \t<\/div>\n\t        <\/div>\n\t    <\/div>\n\t<\/a>\n<\/div><\/div><div class=\"swiper-slide\">\n\n<div class=\"grid\">\n\t<a href=\"https:\/\/www.familinparis.fr\/en\/the-adventures-of-pinocchio\/\" target=\"_self\">\n\t    <div class=\"image\" style=\"background-image:url('https:\/\/www.familinparis.fr\/wp-content\/uploads\/2023\/11\/pinocchio-theatre-mathurins-2023-564x282.jpg')\">\n\t    \t\t\t\t\t    <\/div>\n\t    <div class=\"texte\">\n\t        <h5><\/h5>\n\t        <h3>The Adventures of Pinocchio<\/h3>\n\t        <div class=\"tags\">\n\t        \t\t        \t<span><\/span>\n\t        <\/div>\n\t        <div class=\"bas\">\n        \t\t<div class=\"prix\">\n        \t\t\t        \t\t<\/div>\n            \t<div class=\"review-stars\" data-productId=\"\">\n            \t<\/div>\n\t        <\/div>\n\t    <\/div>\n\t<\/a>\n<\/div><\/div><div class=\"swiper-slide\">\n\n<div class=\"grid\">\n\t<a href=\"https:\/\/www.familinparis.fr\/en\/paw-patrol-forward-pirates\/\" target=\"_self\">\n\t    <div class=\"image\" style=\"background-image:url('https:\/\/www.familinparis.fr\/wp-content\/uploads\/2023\/06\/spectacle-pat-patrouille-zenith-paris-412x282.jpg')\">\n\t    \t\t\t\t\t    <\/div>\n\t    <div class=\"texte\">\n\t        <h5><\/h5>\n\t        <h3>PAW Patrol, &#8220;Forward Pirates&#8221;<\/h3>\n\t        <div class=\"tags\">\n\t        \t\t        \t<span><\/span>\n\t        <\/div>\n\t        <div class=\"bas\">\n        \t\t<div class=\"prix\">\n        \t\t\t        \t\t<\/div>\n            \t<div class=\"review-stars\" data-productId=\"\">\n            \t<\/div>\n\t        <\/div>\n\t    <\/div>\n\t<\/a>\n<\/div><\/div><div class=\"swiper-slide\">\n\n<div class=\"grid\">\n\t<a href=\"https:\/\/www.familinparis.fr\/en\/where-are-you-peanut\/\" target=\"_self\">\n\t    <div class=\"image\" style=\"background-image:url('https:\/\/www.familinparis.fr\/wp-content\/uploads\/2022\/10\/ou-es-tu-cacahuete-theatre-bo-saint-martin-282x282.jpg')\">\n\t    \t\t\t\t\t    <\/div>\n\t    <div class=\"texte\">\n\t        <h5><\/h5>\n\t        <h3>Where are you peanut?<\/h3>\n\t        <div class=\"tags\">\n\t        \t\t        \t<span><\/span>\n\t        <\/div>\n\t        <div class=\"bas\">\n        \t\t<div class=\"prix\">\n        \t\t\t        \t\t<\/div>\n            \t<div class=\"review-stars\" data-productId=\"\">\n            \t<\/div>\n\t        <\/div>\n\t    <\/div>\n\t<\/a>\n<\/div><\/div><div class=\"swiper-slide\">\n\n<div class=\"grid\">\n\t<a href=\"https:\/\/www.familinparis.fr\/en\/le-lucernaire-the-plays-of-the-new-school-year\/\" target=\"_self\">\n\t    <div class=\"image\" style=\"background-image:url('https:\/\/www.familinparis.fr\/wp-content\/uploads\/THEATRE\/Kids\/Hansel-et-Gretel-theatre-lucernaire-379x282.jpg')\">\n\t    \t\t\t\t\t    <\/div>\n\t    <div class=\"texte\">\n\t        <h5><\/h5>\n\t        <h3>Le Lucernaire &#8211; The plays of the new school year<\/h3>\n\t        <div class=\"tags\">\n\t        \t\t        \t<span><\/span>\n\t        <\/div>\n\t        <div class=\"bas\">\n        \t\t<div class=\"prix\">\n        \t\t\t        \t\t<\/div>\n            \t<div class=\"review-stars\" data-productId=\"\">\n            \t<\/div>\n\t        <\/div>\n\t    <\/div>\n\t<\/a>\n<\/div><\/div><div class=\"swiper-slide\">\n\n<div class=\"grid\">\n\t<a href=\"https:\/\/www.familinparis.fr\/en\/the-sock-fairy-celebrates-christmas\/\" target=\"_self\">\n\t    <div class=\"image\" style=\"background-image:url('https:\/\/www.familinparis.fr\/wp-content\/uploads\/2020\/02\/la_fee_des_chaussettes-spectacle-de-noel-564x282.jpg')\">\n\t    \t\t\t\t\t    <\/div>\n\t    <div class=\"texte\">\n\t        <h5><\/h5>\n\t        <h3>The Sock Fairy Celebrates Christmas<\/h3>\n\t        <div class=\"tags\">\n\t        \t\t        \t<span><\/span>\n\t        <\/div>\n\t        <div class=\"bas\">\n        \t\t<div class=\"prix\">\n        \t\t\t        \t\t<\/div>\n            \t<div class=\"review-stars\" data-productId=\"\">\n            \t<\/div>\n\t        <\/div>\n\t    <\/div>\n\t<\/a>\n<\/div><\/div>        <\/div>\n    <\/div>\n    \n    <\/div>\n\n<\/div>\n<h2 class=\"wp-block-heading has-large-font-size\">Paris in pictures<\/h2>\n\n<figure class=\"wp-block-gallery has-nested-images columns-default is-cropped wp-block-gallery-2 is-layout-flex wp-block-gallery-is-layout-flex\">\n<figure class=\"wp-block-image size-large\"><img decoding=\"async\" width=\"1024\" height=\"926\" data-id=\"97198\" src=\"https:\/\/www.familinparis.fr\/wp-content\/uploads\/Seine\/bateau-mouche\/bateaux-mouche-famille-1024x926.jpg\" alt=\"Family Boat Cruise\" class=\"wp-image-97198\" srcset=\"https:\/\/www.familinparis.fr\/wp-content\/uploads\/Seine\/bateau-mouche\/bateaux-mouche-famille-1024x926.jpg 1024w, https:\/\/www.familinparis.fr\/wp-content\/uploads\/Seine\/bateau-mouche\/bateaux-mouche-famille-300x271.jpg 300w, https:\/\/www.familinparis.fr\/wp-content\/uploads\/Seine\/bateau-mouche\/bateaux-mouche-famille-768x695.jpg 768w, https:\/\/www.familinparis.fr\/wp-content\/uploads\/Seine\/bateau-mouche\/bateaux-mouche-famille-1536x1390.jpg 1536w, https:\/\/www.familinparis.fr\/wp-content\/uploads\/Seine\/bateau-mouche\/bateaux-mouche-famille-13x12.jpg 13w, https:\/\/www.familinparis.fr\/wp-content\/uploads\/Seine\/bateau-mouche\/bateaux-mouche-famille-730x660.jpg 730w\" sizes=\"(max-width: 1024px) 100vw, 1024px\" \/><\/figure>\n\n\n\n<figure class=\"wp-block-image size-large\"><img decoding=\"async\" width=\"600\" height=\"400\" data-id=\"148361\" src=\"https:\/\/www.familinparis.fr\/wp-content\/uploads\/2025\/10\/eiffel-tower-6356472_1280.jpg\" alt=\"Paris along the Seine: the Trocadero esplanade - the Eiffel Tower\" class=\"wp-image-148361\" srcset=\"https:\/\/www.familinparis.fr\/wp-content\/uploads\/2025\/10\/eiffel-tower-6356472_1280.jpg 600w, https:\/\/www.familinparis.fr\/wp-content\/uploads\/2025\/10\/eiffel-tower-6356472_1280-300x200.jpg 300w, https:\/\/www.familinparis.fr\/wp-content\/uploads\/2025\/10\/eiffel-tower-6356472_1280-270x180.jpg 270w\" sizes=\"(max-width: 600px) 100vw, 600px\" \/><\/figure>\n\n\n\n<figure class=\"wp-block-image size-large\"><img decoding=\"async\" data-id=\"96429\" src=\"https:\/\/www.familinparis.fr\/wp-content\/uploads\/photos-familinparis-2021\/animaux\/l-aquarium-de-paris-enfant-&#xA9;Estelle-Hirrien-859x1024.jpg\" alt=\"children at the Paris Aquarium\" class=\"wp-image-96429\" \/><figcaption class=\"wp-element-caption\">\u00a9Estelle-Hirrien<\/figcaption><\/figure>\n\n\n\n<figure class=\"wp-block-image size-large\"><img decoding=\"async\" data-id=\"96428\" src=\"https:\/\/www.familinparis.fr\/wp-content\/uploads\/photos-familinparis-2021\/animaux\/l-aquarium-de-paris-en-famille-&#xA9;Estelle-Hirrien-593x1024.jpg\" alt=\"at the Paris Aquarium\" class=\"wp-image-96428\" \/><figcaption class=\"wp-element-caption\">\u00a9Estelle-Hirrien<\/figcaption><\/figure>\n\n\n\n<figure class=\"wp-block-image size-large\"><img decoding=\"async\" width=\"1024\" height=\"688\" data-id=\"68749\" src=\"https:\/\/www.familinparis.fr\/wp-content\/uploads\/photos-partenaires\/Tootbus\/le-louvre-vu-depuis-bus-touristique-tootbus-1024x688.jpg\" alt=\"Paris sightseeing bus tour with Tootbus\" class=\"wp-image-68749\" srcset=\"https:\/\/www.familinparis.fr\/wp-content\/uploads\/photos-partenaires\/Tootbus\/le-louvre-vu-depuis-bus-touristique-tootbus-1024x688.jpg 1024w, https:\/\/www.familinparis.fr\/wp-content\/uploads\/photos-partenaires\/Tootbus\/le-louvre-vu-depuis-bus-touristique-tootbus-300x202.jpg 300w, https:\/\/www.familinparis.fr\/wp-content\/uploads\/photos-partenaires\/Tootbus\/le-louvre-vu-depuis-bus-touristique-tootbus-768x516.jpg 768w, https:\/\/www.familinparis.fr\/wp-content\/uploads\/photos-partenaires\/Tootbus\/le-louvre-vu-depuis-bus-touristique-tootbus-18x12.jpg 18w, https:\/\/www.familinparis.fr\/wp-content\/uploads\/photos-partenaires\/Tootbus\/le-louvre-vu-depuis-bus-touristique-tootbus-730x491.jpg 730w, https:\/\/www.familinparis.fr\/wp-content\/uploads\/photos-partenaires\/Tootbus\/le-louvre-vu-depuis-bus-touristique-tootbus-270x180.jpg 270w, https:\/\/www.familinparis.fr\/wp-content\/uploads\/photos-partenaires\/Tootbus\/le-louvre-vu-depuis-bus-touristique-tootbus.jpg 1116w\" sizes=\"(max-width: 1024px) 100vw, 1024px\" \/><\/figure>\n\n\n\n<figure class=\"wp-block-image size-large\"><img decoding=\"async\" data-id=\"50839\" src=\"https:\/\/www.familinparis.fr\/wp-content\/uploads\/photos-familinparis-2021\/mus&#xE9;e\/musee-de-l-orangerie-&#xA9;FamilinParis-1024x682.jpg\" alt=\"Monet's water lilies at the Mus&#xE9;e de l'Orangerie\" class=\"wp-image-50839\" \/><\/figure>\n\n\n\n<figure class=\"wp-block-image size-large\"><img decoding=\"async\" data-id=\"52008\" src=\"https:\/\/www.familinparis.fr\/wp-content\/uploads\/photos-familinparis-2021\/mus&#xE9;e\/musee-d-orsay\/ours-de-francois-pompon-musee-orsay-&#xA9;FamilinParis-1280x960-1-1024x768.jpg\" alt=\"\" class=\"wp-image-52008\" \/><\/figure>\n\n\n\n<figure class=\"wp-block-image size-large\"><img decoding=\"async\" data-id=\"56875\" src=\"https:\/\/www.familinparis.fr\/wp-content\/uploads\/photos-familinparis-2021\/mus&#xE9;e\/la-grande-galerie-de-l-evolution\/galerie-de-l-evolution-jardin-des-plantes-&#xA9;FamilinParis-828x399-1.jpg\" alt=\"The Grande Galerie de l'&#xC9;volution in the Jardin des Plantes\" class=\"wp-image-56875\" \/><\/figure>\n\n\n\n<figure class=\"wp-block-image size-large\"><img decoding=\"async\" data-id=\"56876\" src=\"https:\/\/www.familinparis.fr\/wp-content\/uploads\/photos-familinparis-2021\/mus&#xE9;e\/la-grande-galerie-de-l-evolution\/grande-galerie-evolution-&#xA9;FamilinParis-828x941-1.jpg\" alt=\"The Great Gallery of Evolution in the 5th arrondissement\" class=\"wp-image-56876\" \/><\/figure>\n\n\n\n<figure class=\"wp-block-image size-large\"><img decoding=\"async\" width=\"1024\" height=\"683\" data-id=\"77602\" src=\"https:\/\/www.familinparis.fr\/wp-content\/uploads\/photos-partenaires\/animaux\/la-menagerie-du-jardin-des-plantes-1024x683.jpg\" alt=\"see animals in Paris\" class=\"wp-image-77602\" srcset=\"https:\/\/www.familinparis.fr\/wp-content\/uploads\/photos-partenaires\/animaux\/la-menagerie-du-jardin-des-plantes-1024x683.jpg 1024w, https:\/\/www.familinparis.fr\/wp-content\/uploads\/photos-partenaires\/animaux\/la-menagerie-du-jardin-des-plantes-300x200.jpg 300w, https:\/\/www.familinparis.fr\/wp-content\/uploads\/photos-partenaires\/animaux\/la-menagerie-du-jardin-des-plantes-768x512.jpg 768w, https:\/\/www.familinparis.fr\/wp-content\/uploads\/photos-partenaires\/animaux\/la-menagerie-du-jardin-des-plantes-1536x1024.jpg 1536w, https:\/\/www.familinparis.fr\/wp-content\/uploads\/photos-partenaires\/animaux\/la-menagerie-du-jardin-des-plantes-18x12.jpg 18w, https:\/\/www.familinparis.fr\/wp-content\/uploads\/photos-partenaires\/animaux\/la-menagerie-du-jardin-des-plantes-730x487.jpg 730w, https:\/\/www.familinparis.fr\/wp-content\/uploads\/photos-partenaires\/animaux\/la-menagerie-du-jardin-des-plantes-270x180.jpg 270w\" sizes=\"(max-width: 1024px) 100vw, 1024px\" \/><\/figure>\n\n\n\n<figure class=\"wp-block-image size-large\"><img decoding=\"async\" width=\"900\" height=\"633\" data-id=\"148608\" src=\"https:\/\/www.familinparis.fr\/wp-content\/uploads\/2024\/12\/cathedral-738118_1280-e1762249641575.jpeg\" alt=\"Notre-Dame de Paris cathedral fa&#xE7;ade\" class=\"wp-image-148608\" \/><\/figure>\n\n\n\n<figure class=\"wp-block-image size-large\"><img decoding=\"async\" width=\"1000\" height=\"651\" data-id=\"74774\" src=\"https:\/\/www.familinparis.fr\/wp-content\/uploads\/Quartier\/ile-de-la-cite\/Notre-dame-sh_114877690.jpg\" alt=\"Ile de la Cit&#xE9;\" class=\"wp-image-74774\" srcset=\"https:\/\/www.familinparis.fr\/wp-content\/uploads\/Quartier\/ile-de-la-cite\/Notre-dame-sh_114877690.jpg 1000w, https:\/\/www.familinparis.fr\/wp-content\/uploads\/Quartier\/ile-de-la-cite\/Notre-dame-sh_114877690-300x195.jpg 300w, https:\/\/www.familinparis.fr\/wp-content\/uploads\/Quartier\/ile-de-la-cite\/Notre-dame-sh_114877690-768x500.jpg 768w, https:\/\/www.familinparis.fr\/wp-content\/uploads\/Quartier\/ile-de-la-cite\/Notre-dame-sh_114877690-18x12.jpg 18w, https:\/\/www.familinparis.fr\/wp-content\/uploads\/Quartier\/ile-de-la-cite\/Notre-dame-sh_114877690-730x475.jpg 730w\" sizes=\"(max-width: 1000px) 100vw, 1000px\" \/><\/figure>\n<\/figure>\n\n<div style=\"height:40px\" aria-hidden=\"true\" class=\"wp-block-spacer\"><\/div>\n<div class=\"lazyblock-grids-ZB0nO7 wp-block-lazyblock-grids\"><!--\n<div class=\"row new-grids grids-style-2\">\n    <div class=\"glide grid-carousel\">\n        <div class=\"grid-title grid-carousel--title\">\n            <div>\n                                    <h2>Take advantage of our discounted rates  <\/h2>\n                                            <\/div>\n            <div>\n                <div class=\"glide__arrows\" data-glide-el=\"controls\">\n                    <button class=\"glide__arrow glide__arrow--left\" data-glide-dir=\"|&lt;\"><i class=\"fa fa-angle-left\"><\/i><\/button>\n                    <button class=\"glide__arrow glide__arrow--right\" data-glide-dir=\"|&gt;\"><i class=\"fa fa-angle-right\"><\/i><\/button>\n                <\/div>\n            <\/div>\n        <\/div>\n        \n        <div class=\"glide__track\" data-glide-el=\"track\">\n            <ul class=\"glide__slides\">\n                <li class=\"glide__slide\">\n\n<div class=\"grid\">\n\t<a href=\"https:\/\/www.familinparis.fr\/en\/aquarium-of-paris-price\/\" target=\"_self\">\n\t    <div class=\"image\" style=\"background-image:url('https:\/\/www.familinparis.fr\/wp-content\/uploads\/photos-familinparis-2021\/animaux\/l-aquarium-de-paris-enfant-\u00a9Estelle-Hirrien-564x282.jpg')\">\n\t    \t\t    \t<div class=\"dateOnImg\">7 days a week<\/div>\n\t    \t\t\t\t\t    <\/div>\n\t    <div class=\"texte\">\n\t        <h5>Trocadero Garden<\/h5>\n\t        <h3>Aquarium of Paris<\/h3>\n\t        <div class=\"tags\">\n\t        \t\t        \t\t<span>PROMO on duo tickets<\/span>\n\t        \t\t        \t<span>About 1 hour<\/span>\n\t        <\/div>\n\t        <div class=\"bas\">\n        \t\t<div class=\"prix\">\n        \t\t\t\t        \t\t\t<span>From<\/span>\n\t        \t\t\t<span class=\"chiffre-barre\">48\u20ac<\/span>\n\t        \t\t\t<span class=\"chiffre\">36\u20ac<\/span>\t        \t\t        \t\t<\/div>\n            \t<div class=\"review-stars\" data-productId=\"25\">\n            \t<\/div>\n\t        <\/div>\n\t    <\/div>\n\t<\/a>\n<\/div><\/li><li class=\"glide__slide\">\n\n<div class=\"grid\">\n\t<a href=\"https:\/\/www.familinparis.fr\/en\/rex-studios-reduced-rate\/\" target=\"_self\">\n\t    <div class=\"image\" style=\"background-image:url('https:\/\/www.familinparis.fr\/wp-content\/uploads\/photos-familinparis-2021\/loisirs\/rex-studios\/visite-du-rex-studios-grad-rex-\u00a9FamilinParis-1280x960-1-564x282.jpg')\">\n\t    \t\t    \t<div class=\"dateOnImg\">All year round<\/div>\n\t    \t\t\t\t\t    <\/div>\n\t    <div class=\"texte\">\n\t        <h5>In the 2nd<\/h5>\n\t        <h3>Rex Studios, the behind-the-scenes tour of the Grand Rex<\/h3>\n\t        <div class=\"tags\">\n\t        \t\t        \t\t<span>PROMO : -12%<\/span>\n\t        \t\t        \t<span>50 minutes <\/span>\n\t        <\/div>\n\t        <div class=\"bas\">\n        \t\t<div class=\"prix\">\n        \t\t\t\t        \t\t\t<span>From<\/span>\n\t        \t\t\t<span class=\"chiffre-barre\">10\u20ac<\/span>\n\t        \t\t\t<span class=\"chiffre\">8,8\u20ac<\/span>\t        \t\t        \t\t<\/div>\n            \t<div class=\"review-stars\" data-productId=\"10\">\n            \t<\/div>\n\t        <\/div>\n\t    <\/div>\n\t<\/a>\n<\/div><\/li><li class=\"glide__slide\">\n\n<div class=\"grid\">\n\t<a href=\"https:\/\/www.familinparis.fr\/en\/kids-tour-by-tourist-bus\/\" target=\"_self\">\n\t    <div class=\"image\" style=\"background-image:url('https:\/\/www.familinparis.fr\/wp-content\/uploads\/photos-partenaires\/Tootbus\/visite-paris-en-bus-kids-tour-tootbus-paris-564x282.jpg')\">\n\t    \t\t    \t<div class=\"dateOnImg\">Wednesdays<\/div>\n\t    \t\t\t\t\t    <\/div>\n\t    <div class=\"texte\">\n\t        <h5>Departure 13 rue Auber (Paris 9th)<\/h5>\n\t        <h3>Kids Tour by Tourist Bus<\/h3>\n\t        <div class=\"tags\">\n\t        \t\t        \t\t<span>Panoramic Bus<\/span>\n\t        \t\t        \t<span>1hour and a half <\/span>\n\t        <\/div>\n\t        <div class=\"bas\">\n        \t\t<div class=\"prix\">\n        \t\t\t\t        \t\t\t<span>From<\/span>\n\t        \t\t\t<span class=\"chiffre-barre\">35\u20ac<\/span>\n\t        \t\t\t<span class=\"chiffre\">29,75\u20ac<\/span>\t        \t\t        \t\t<\/div>\n            \t<div class=\"review-stars\" data-productId=\"26\">\n            \t<\/div>\n\t        <\/div>\n\t    <\/div>\n\t<\/a>\n<\/div><\/li><li class=\"glide__slide\">\n\n<div class=\"grid\">\n\t<a href=\"https:\/\/www.familinparis.fr\/en\/mystery-children-cruise-of-paris\/\" target=\"_self\">\n\t    <div class=\"image\" style=\"background-image:url('https:\/\/www.familinparis.fr\/wp-content\/uploads\/photos-partenaires\/vedette-de-paris-\u00a9Couloir3_VDP16-564x282.jpg')\">\n\t    \t\t    \t<div class=\"dateOnImg\">7 days a week<\/div>\n\t    \t\t\t\t\t    <\/div>\n\t    <div class=\"texte\">\n\t        <h5>At the foot of the Eiffel Tower<\/h5>\n\t        <h3>Family Cruise of the Vedettes de Paris<\/h3>\n\t        <div class=\"tags\">\n\t        \t\t        \t\t<span>PROMO on duo tickets<\/span>\n\t        \t\t        \t<span>1h<\/span>\n\t        <\/div>\n\t        <div class=\"bas\">\n        \t\t<div class=\"prix\">\n        \t\t\t\t        \t\t\t<span>From<\/span>\n\t        \t\t\t<span class=\"chiffre-barre\">9\u20ac<\/span>\n\t        \t\t\t<span class=\"chiffre\">8,50\u20ac<\/span>\t        \t\t        \t\t<\/div>\n            \t<div class=\"review-stars\" data-productId=\"4\">\n            \t<\/div>\n\t        <\/div>\n\t    <\/div>\n\t<\/a>\n<\/div><\/li><li class=\"glide__slide\">\n\n<div class=\"grid\">\n\t<a href=\"https:\/\/www.familinparis.fr\/en\/the-cruise-in-a-bateau-mouches\/\" target=\"_self\">\n\t    <div class=\"image\" style=\"background-image:url('https:\/\/www.familinparis.fr\/wp-content\/uploads\/Seine\/bateau-mouche\/bateau-mouche-enfant-564x282.jpg')\">\n\t    \t\t    \t<div class=\"dateOnImg\">7 days a week<\/div>\n\t    \t\t\t\t\t    <\/div>\n\t    <div class=\"texte\">\n\t        <h5>Departure from Pont de l'Alma<\/h5>\n\t        <h3>Fancy a Bateau-Mouche cruise in Paris with your family?<\/h3>\n\t        <div class=\"tags\">\n\t        \t\t        \t\t<span>INESCAPABLE<\/span>\n\t        \t\t        \t<span>1h10<\/span>\n\t        <\/div>\n\t        <div class=\"bas\">\n        \t\t<div class=\"prix\">\n        \t\t\t\t        \t\t\t<span>From<\/span>\n\t        \t\t\t<span class=\"chiffre-barre\">10\u20ac<\/span>\n\t        \t\t\t<span class=\"chiffre\">9\u20ac<\/span>\t        \t\t        \t\t<\/div>\n            \t<div class=\"review-stars\" data-productId=\"1\">\n            \t<\/div>\n\t        <\/div>\n\t    <\/div>\n\t<\/a>\n<\/div><\/li><li class=\"glide__slide\">\n\n<div class=\"grid\">\n\t<a href=\"https:\/\/www.familinparis.fr\/en\/cruise-parisian-boat-reduced-price\/\" target=\"_self\">\n\t    <div class=\"image\" style=\"background-image:url('https:\/\/www.familinparis.fr\/wp-content\/uploads\/photos-familinparis-2021\/seine\/croisiere-seine-bateaux-parisiens-564x282.jpg')\">\n\t    \t\t    \t<div class=\"dateOnImg\">7 days a week<\/div>\n\t    \t\t\t\t\t    <\/div>\n\t    <div class=\"texte\">\n\t        <h5>Departure at the foot of the Eiffel Tower<\/h5>\n\t        <h3>Bateaux Parisiens Cruise<\/h3>\n\t        <div class=\"tags\">\n\t        \t\t        \t\t<span>CRUISE<\/span>\n\t        \t\t        \t<span>1h<\/span>\n\t        <\/div>\n\t        <div class=\"bas\">\n        \t\t<div class=\"prix\">\n        \t\t\t\t        \t\t\t<span>From<\/span>\n\t        \t\t\t<span class=\"chiffre-barre\">9\u20ac<\/span>\n\t        \t\t\t<span class=\"chiffre\">8\u20ac<\/span>\t        \t\t        \t\t<\/div>\n            \t<div class=\"review-stars\" data-productId=\"24\">\n            \t<\/div>\n\t        <\/div>\n\t    <\/div>\n\t<\/a>\n<\/div><\/li><li class=\"glide__slide\">\n\n<div class=\"grid\">\n\t<a href=\"https:\/\/www.familinparis.fr\/en\/hot-air-balloon-flight-in-paris-the-generali-balloon\/\" target=\"_self\">\n\t    <div class=\"image\" style=\"background-image:url('https:\/\/www.familinparis.fr\/wp-content\/uploads\/photos-partenaires\/ballon-generali-montgolfiere-parc-andre-citroen-564x282.jpg')\">\n\t    \t\t    \t<div class=\"dateOnImg\">7 days a week<\/div>\n\t    \t\t\t\t\t    <\/div>\n\t    <div class=\"texte\">\n\t        <h5>At the Parc Andr\u00e9 Citroen (in the 15th arrondissement)<\/h5>\n\t        <h3>Hot air balloon flight in Paris - The Generali balloon<\/h3>\n\t        <div class=\"tags\">\n\t        \t\t        \t\t<span>Promo: -10%<\/span>\n\t        \t\t        \t<span>10 to 12mn  <\/span>\n\t        <\/div>\n\t        <div class=\"bas\">\n        \t\t<div class=\"prix\">\n        \t\t\t\t        \t\t\t<span>From<\/span>\n\t        \t\t\t<span class=\"chiffre-barre\">15\u20ac<\/span>\n\t        \t\t\t<span class=\"chiffre\">14\u20ac<\/span>\t        \t\t        \t\t<\/div>\n            \t<div class=\"review-stars\" data-productId=\"78\">\n            \t<\/div>\n\t        <\/div>\n\t    <\/div>\n\t<\/a>\n<\/div><\/li><li class=\"glide__slide\">\n\n<div class=\"grid\">\n\t<a href=\"https:\/\/www.familinparis.fr\/en\/open-tours-bus-reduced-price\/\" target=\"_self\">\n\t    <div class=\"image\" style=\"background-image:url('https:\/\/www.familinparis.fr\/wp-content\/uploads\/photos-partenaires\/Tootbus\/les-champs-elysees-bus-panoramique-tootbus-564x282.jpg')\">\n\t    \t\t    \t<div class=\"dateOnImg\">7 days a week<\/div>\n\t    \t\t\t\t\t    <\/div>\n\t    <div class=\"texte\">\n\t        <h5>1, 2 or 3 day pass<\/h5>\n\t        <h3>Bus hop on hop off Paris: Tootbus<\/h3>\n\t        <div class=\"tags\">\n\t        \t\t        \t\t<span>Promo : - 25%<\/span>\n\t        \t\t        \t<span>Promo : - 25%<\/span>\n\t        <\/div>\n\t        <div class=\"bas\">\n        \t\t<div class=\"prix\">\n        \t\t\t\t        \t\t\t<span>From<\/span>\n\t        \t\t\t<span class=\"chiffre-barre\">28\u20ac<\/span>\n\t        \t\t\t<span class=\"chiffre\">21,00\u20ac<\/span>\t        \t\t        \t\t<\/div>\n            \t<div class=\"review-stars\" data-productId=\"287\">\n            \t<\/div>\n\t        <\/div>\n\t    <\/div>\n\t<\/a>\n<\/div><\/li><li class=\"glide__slide\">\n\n<div class=\"grid\">\n\t<a href=\"https:\/\/www.familinparis.fr\/en\/paris-by-electric-quad-bike\/\" target=\"_self\">\n\t    <div class=\"image\" style=\"background-image:url('https:\/\/www.familinparis.fr\/wp-content\/uploads\/2023\/07\/visite-guidee-paris-en-quad-electrique-564x282.jpg')\">\n\t    \t\t    \t<div class=\"dateOnImg\">7 days a week<\/div>\n\t    \t\t\t\t\t    <\/div>\n\t    <div class=\"texte\">\n\t        <h5>Departure and return Champs-Elys\u00e9es<\/h5>\n\t        <h3>Electric quad bike: guided ride (day and evening)<\/h3>\n\t        <div class=\"tags\">\n\t        \t\t        \t\t<span>SALE: - 14%<\/span>\n\t        \t\t        \t<span>1h30<\/span>\n\t        <\/div>\n\t        <div class=\"bas\">\n        \t\t<div class=\"prix\">\n        \t\t\t\t        \t\t\t<span>From<\/span>\n\t        \t\t\t<span class=\"chiffre-barre\">98\u20ac<\/span>\n\t        \t\t\t<span class=\"chiffre\">85\u20ac<\/span>\t        \t\t        \t\t<\/div>\n            \t<div class=\"review-stars\" data-productId=\"23\">\n            \t<\/div>\n\t        <\/div>\n\t    <\/div>\n\t<\/a>\n<\/div><\/li><li class=\"glide__slide\">\n\n<div class=\"grid\">\n\t<a href=\"https:\/\/www.familinparis.fr\/en\/versailles-castle-with-the-bus-from-paris\/\" target=\"_self\">\n\t    <div class=\"image\" style=\"background-image:url('https:\/\/www.familinparis.fr\/wp-content\/uploads\/E-SHOP\/OPENTOUR\/parc-domaine-de-versailles-564x282.jpg')\">\n\t    \t\t    \t<div class=\"dateOnImg\">Every day except Monday<\/div>\n\t    \t\t\t\t\t    <\/div>\n\t    <div class=\"texte\">\n\t        <h5>Paris and Versailles<\/h5>\n\t        <h3>Tootbus: Paris Versailles Bus + Palace Tour<\/h3>\n\t        <div class=\"tags\">\n\t        \t\t        \t\t<span>For everyone<\/span>\n\t        \t\t        \t<span>1\/2 day<\/span>\n\t        <\/div>\n\t        <div class=\"bas\">\n        \t\t<div class=\"prix\">\n        \t\t\t\t        \t\t\t<span>From<\/span>\n\t        \t\t\t<span class=\"chiffre-barre\">65\u20ac<\/span>\n\t        \t\t\t<span class=\"chiffre\">55,25\u20ac<\/span>\t        \t\t        \t\t<\/div>\n            \t<div class=\"review-stars\" data-productId=\"363\">\n            \t<\/div>\n\t        <\/div>\n\t    <\/div>\n\t<\/a>\n<\/div><\/li>            <\/ul>\n        <\/div>\n    <\/div>\n    \n    <\/div>\n-->\n<style type=\"text\/css\">\n    .swiper{\n        width: 100%;\n    }\n    .grid-carousel__arrows {\n        display: flex;\n        gap: 1rem;\n\n    }\n    button.grid-carousel__arrow {\n        background: #008098;\n        border-radius: 50%;\n        height: 50px;\n        width: 50px;\n        border: 2px solid #008098;\n        color: #ffff;\n        padding: 0px;\n        text-align: center;\n    }\n\n    button.grid-carousel__arrow.swiper-button-disabled{\n        opacity: .15;\n    }\n    .grid-carousel .swiper-slide {\n         min-width: 300px;\n    }\n    @media (max-width: 799px) {\n        .grid-carousel__arrows {\n            display: none;\n        }\n        .grid-carousel .swiper-slide {\n            width: 40%;\n        }\n    }\n    @media (max-width: 529px) {\n        .grid-carousel .swiper-slide {\n            width: 75%;\n        }\n    }\n<\/style>\n\n<div class=\"row new-grids grids-style-2\">\n    <div class=\"swiper grid-carousel\">\n        <div class=\"grid-title grid-carousel--title\">\n            <div>\n                                    <h2>Take advantage of our discounted rates  <\/h2>\n                                            <\/div>\n            <div>\n                <div class=\"grid-carousel__arrows\">\n                    <button class=\"grid-carousel__arrow grid-carousel__arrow--left\">\n                        <i class=\"fa fa-angle-left\"><\/i>\n                    <\/button>\n                    <button class=\"grid-carousel__arrow grid-carousel__arrow--right\">\n                        <i class=\"fa fa-angle-right\"><\/i>\n                    <\/button>\n                <\/div>\n            <\/div>\n        <\/div>\n        \n        <div class=\"swiper-wrapper\">\n            <div class=\"swiper-slide\">\n\n<div class=\"grid\">\n\t<a href=\"https:\/\/www.familinparis.fr\/en\/aquarium-of-paris-price\/\" target=\"_self\">\n\t    <div class=\"image\" style=\"background-image:url('https:\/\/www.familinparis.fr\/wp-content\/uploads\/photos-familinparis-2021\/animaux\/l-aquarium-de-paris-enfant-\u00a9Estelle-Hirrien-564x282.jpg')\">\n\t    \t\t    \t<div class=\"dateOnImg\">7 days a week<\/div>\n\t    \t\t\t\t\t    <\/div>\n\t    <div class=\"texte\">\n\t        <h5>Trocadero Garden<\/h5>\n\t        <h3>Aquarium of Paris<\/h3>\n\t        <div class=\"tags\">\n\t        \t\t        \t\t<span>PROMO on duo tickets<\/span>\n\t        \t\t        \t<span>About 1 hour<\/span>\n\t        <\/div>\n\t        <div class=\"bas\">\n        \t\t<div class=\"prix\">\n        \t\t\t\t        \t\t\t<span>From<\/span>\n\t        \t\t\t<span class=\"chiffre-barre\">48\u20ac<\/span>\n\t        \t\t\t<span class=\"chiffre\">36\u20ac<\/span>\t        \t\t        \t\t<\/div>\n            \t<div class=\"review-stars\" data-productId=\"25\">\n            \t<\/div>\n\t        <\/div>\n\t    <\/div>\n\t<\/a>\n<\/div><\/div><div class=\"swiper-slide\">\n\n<div class=\"grid\">\n\t<a href=\"https:\/\/www.familinparis.fr\/en\/rex-studios-reduced-rate\/\" target=\"_self\">\n\t    <div class=\"image\" style=\"background-image:url('https:\/\/www.familinparis.fr\/wp-content\/uploads\/photos-familinparis-2021\/loisirs\/rex-studios\/visite-du-rex-studios-grad-rex-\u00a9FamilinParis-1280x960-1-564x282.jpg')\">\n\t    \t\t    \t<div class=\"dateOnImg\">All year round<\/div>\n\t    \t\t\t\t\t    <\/div>\n\t    <div class=\"texte\">\n\t        <h5>In the 2nd<\/h5>\n\t        <h3>Rex Studios, the behind-the-scenes tour of the Grand Rex<\/h3>\n\t        <div class=\"tags\">\n\t        \t\t        \t\t<span>PROMO : -12%<\/span>\n\t        \t\t        \t<span>50 minutes <\/span>\n\t        <\/div>\n\t        <div class=\"bas\">\n        \t\t<div class=\"prix\">\n        \t\t\t\t        \t\t\t<span>From<\/span>\n\t        \t\t\t<span class=\"chiffre-barre\">10\u20ac<\/span>\n\t        \t\t\t<span class=\"chiffre\">8,8\u20ac<\/span>\t        \t\t        \t\t<\/div>\n            \t<div class=\"review-stars\" data-productId=\"10\">\n            \t<\/div>\n\t        <\/div>\n\t    <\/div>\n\t<\/a>\n<\/div><\/div><div class=\"swiper-slide\">\n\n<div class=\"grid\">\n\t<a href=\"https:\/\/www.familinparis.fr\/en\/kids-tour-by-tourist-bus\/\" target=\"_self\">\n\t    <div class=\"image\" style=\"background-image:url('https:\/\/www.familinparis.fr\/wp-content\/uploads\/photos-partenaires\/Tootbus\/visite-paris-en-bus-kids-tour-tootbus-paris-564x282.jpg')\">\n\t    \t\t    \t<div class=\"dateOnImg\">Wednesdays<\/div>\n\t    \t\t\t\t\t    <\/div>\n\t    <div class=\"texte\">\n\t        <h5>Departure 13 rue Auber (Paris 9th)<\/h5>\n\t        <h3>Kids Tour by Tourist Bus<\/h3>\n\t        <div class=\"tags\">\n\t        \t\t        \t\t<span>Panoramic Bus<\/span>\n\t        \t\t        \t<span>1hour and a half <\/span>\n\t        <\/div>\n\t        <div class=\"bas\">\n        \t\t<div class=\"prix\">\n        \t\t\t\t        \t\t\t<span>From<\/span>\n\t        \t\t\t<span class=\"chiffre-barre\">35\u20ac<\/span>\n\t        \t\t\t<span class=\"chiffre\">29,75\u20ac<\/span>\t        \t\t        \t\t<\/div>\n            \t<div class=\"review-stars\" data-productId=\"26\">\n            \t<\/div>\n\t        <\/div>\n\t    <\/div>\n\t<\/a>\n<\/div><\/div><div class=\"swiper-slide\">\n\n<div class=\"grid\">\n\t<a href=\"https:\/\/www.familinparis.fr\/en\/mystery-children-cruise-of-paris\/\" target=\"_self\">\n\t    <div class=\"image\" style=\"background-image:url('https:\/\/www.familinparis.fr\/wp-content\/uploads\/photos-partenaires\/vedette-de-paris-\u00a9Couloir3_VDP16-564x282.jpg')\">\n\t    \t\t    \t<div class=\"dateOnImg\">7 days a week<\/div>\n\t    \t\t\t\t\t    <\/div>\n\t    <div class=\"texte\">\n\t        <h5>At the foot of the Eiffel Tower<\/h5>\n\t        <h3>Family Cruise of the Vedettes de Paris<\/h3>\n\t        <div class=\"tags\">\n\t        \t\t        \t\t<span>PROMO on duo tickets<\/span>\n\t        \t\t        \t<span>1h<\/span>\n\t        <\/div>\n\t        <div class=\"bas\">\n        \t\t<div class=\"prix\">\n        \t\t\t\t        \t\t\t<span>From<\/span>\n\t        \t\t\t<span class=\"chiffre-barre\">9\u20ac<\/span>\n\t        \t\t\t<span class=\"chiffre\">8,50\u20ac<\/span>\t        \t\t        \t\t<\/div>\n            \t<div class=\"review-stars\" data-productId=\"4\">\n            \t<\/div>\n\t        <\/div>\n\t    <\/div>\n\t<\/a>\n<\/div><\/div><div class=\"swiper-slide\">\n\n<div class=\"grid\">\n\t<a href=\"https:\/\/www.familinparis.fr\/en\/the-cruise-in-a-bateau-mouches\/\" target=\"_self\">\n\t    <div class=\"image\" style=\"background-image:url('https:\/\/www.familinparis.fr\/wp-content\/uploads\/Seine\/bateau-mouche\/bateau-mouche-enfant-564x282.jpg')\">\n\t    \t\t    \t<div class=\"dateOnImg\">7 days a week<\/div>\n\t    \t\t\t\t\t    <\/div>\n\t    <div class=\"texte\">\n\t        <h5>Departure from Pont de l&#8217;Alma<\/h5>\n\t        <h3>Fancy a Bateau-Mouche cruise in Paris with your family?<\/h3>\n\t        <div class=\"tags\">\n\t        \t\t        \t\t<span>INESCAPABLE<\/span>\n\t        \t\t        \t<span>1h10<\/span>\n\t        <\/div>\n\t        <div class=\"bas\">\n        \t\t<div class=\"prix\">\n        \t\t\t\t        \t\t\t<span>From<\/span>\n\t        \t\t\t<span class=\"chiffre-barre\">10\u20ac<\/span>\n\t        \t\t\t<span class=\"chiffre\">9\u20ac<\/span>\t        \t\t        \t\t<\/div>\n            \t<div class=\"review-stars\" data-productId=\"1\">\n            \t<\/div>\n\t        <\/div>\n\t    <\/div>\n\t<\/a>\n<\/div><\/div><div class=\"swiper-slide\">\n\n<div class=\"grid\">\n\t<a href=\"https:\/\/www.familinparis.fr\/en\/cruise-parisian-boat-reduced-price\/\" target=\"_self\">\n\t    <div class=\"image\" style=\"background-image:url('https:\/\/www.familinparis.fr\/wp-content\/uploads\/photos-familinparis-2021\/seine\/croisiere-seine-bateaux-parisiens-564x282.jpg')\">\n\t    \t\t    \t<div class=\"dateOnImg\">7 days a week<\/div>\n\t    \t\t\t\t\t    <\/div>\n\t    <div class=\"texte\">\n\t        <h5>Departure at the foot of the Eiffel Tower<\/h5>\n\t        <h3>Bateaux Parisiens Cruise<\/h3>\n\t        <div class=\"tags\">\n\t        \t\t        \t\t<span>CRUISE<\/span>\n\t        \t\t        \t<span>1h<\/span>\n\t        <\/div>\n\t        <div class=\"bas\">\n        \t\t<div class=\"prix\">\n        \t\t\t\t        \t\t\t<span>From<\/span>\n\t        \t\t\t<span class=\"chiffre-barre\">9\u20ac<\/span>\n\t        \t\t\t<span class=\"chiffre\">8\u20ac<\/span>\t        \t\t        \t\t<\/div>\n            \t<div class=\"review-stars\" data-productId=\"24\">\n            \t<\/div>\n\t        <\/div>\n\t    <\/div>\n\t<\/a>\n<\/div><\/div><div class=\"swiper-slide\">\n\n<div class=\"grid\">\n\t<a href=\"https:\/\/www.familinparis.fr\/en\/hot-air-balloon-flight-in-paris-the-generali-balloon\/\" target=\"_self\">\n\t    <div class=\"image\" style=\"background-image:url('https:\/\/www.familinparis.fr\/wp-content\/uploads\/photos-partenaires\/ballon-generali-montgolfiere-parc-andre-citroen-564x282.jpg')\">\n\t    \t\t    \t<div class=\"dateOnImg\">7 days a week<\/div>\n\t    \t\t\t\t\t    <\/div>\n\t    <div class=\"texte\">\n\t        <h5>At the Parc Andr\u00e9 Citroen (in the 15th arrondissement)<\/h5>\n\t        <h3>Hot air balloon flight in Paris &#8211; The Generali balloon<\/h3>\n\t        <div class=\"tags\">\n\t        \t\t        \t\t<span>Promo: -10%<\/span>\n\t        \t\t        \t<span>10 to 12mn  <\/span>\n\t        <\/div>\n\t        <div class=\"bas\">\n        \t\t<div class=\"prix\">\n        \t\t\t\t        \t\t\t<span>From<\/span>\n\t        \t\t\t<span class=\"chiffre-barre\">15\u20ac<\/span>\n\t        \t\t\t<span class=\"chiffre\">14\u20ac<\/span>\t        \t\t        \t\t<\/div>\n            \t<div class=\"review-stars\" data-productId=\"78\">\n            \t<\/div>\n\t        <\/div>\n\t    <\/div>\n\t<\/a>\n<\/div><\/div><div class=\"swiper-slide\">\n\n<div class=\"grid\">\n\t<a href=\"https:\/\/www.familinparis.fr\/en\/open-tours-bus-reduced-price\/\" target=\"_self\">\n\t    <div class=\"image\" style=\"background-image:url('https:\/\/www.familinparis.fr\/wp-content\/uploads\/photos-partenaires\/Tootbus\/les-champs-elysees-bus-panoramique-tootbus-564x282.jpg')\">\n\t    \t\t    \t<div class=\"dateOnImg\">7 days a week<\/div>\n\t    \t\t\t\t\t    <\/div>\n\t    <div class=\"texte\">\n\t        <h5>1, 2 or 3 day pass<\/h5>\n\t        <h3>Bus hop on hop off Paris: Tootbus<\/h3>\n\t        <div class=\"tags\">\n\t        \t\t        \t\t<span>Promo : &#8211; 25%<\/span>\n\t        \t\t        \t<span>Promo : &#8211; 25%<\/span>\n\t        <\/div>\n\t        <div class=\"bas\">\n        \t\t<div class=\"prix\">\n        \t\t\t\t        \t\t\t<span>From<\/span>\n\t        \t\t\t<span class=\"chiffre-barre\">28\u20ac<\/span>\n\t        \t\t\t<span class=\"chiffre\">21,00\u20ac<\/span>\t        \t\t        \t\t<\/div>\n            \t<div class=\"review-stars\" data-productId=\"287\">\n            \t<\/div>\n\t        <\/div>\n\t    <\/div>\n\t<\/a>\n<\/div><\/div><div class=\"swiper-slide\">\n\n<div class=\"grid\">\n\t<a href=\"https:\/\/www.familinparis.fr\/en\/paris-by-electric-quad-bike\/\" target=\"_self\">\n\t    <div class=\"image\" style=\"background-image:url('https:\/\/www.familinparis.fr\/wp-content\/uploads\/2023\/07\/visite-guidee-paris-en-quad-electrique-564x282.jpg')\">\n\t    \t\t    \t<div class=\"dateOnImg\">7 days a week<\/div>\n\t    \t\t\t\t\t    <\/div>\n\t    <div class=\"texte\">\n\t        <h5>Departure and return Champs-Elys\u00e9es<\/h5>\n\t        <h3>Electric quad bike: guided ride (day and evening)<\/h3>\n\t        <div class=\"tags\">\n\t        \t\t        \t\t<span>SALE: &#8211; 14%<\/span>\n\t        \t\t        \t<span>1h30<\/span>\n\t        <\/div>\n\t        <div class=\"bas\">\n        \t\t<div class=\"prix\">\n        \t\t\t\t        \t\t\t<span>From<\/span>\n\t        \t\t\t<span class=\"chiffre-barre\">98\u20ac<\/span>\n\t        \t\t\t<span class=\"chiffre\">85\u20ac<\/span>\t        \t\t        \t\t<\/div>\n            \t<div class=\"review-stars\" data-productId=\"23\">\n            \t<\/div>\n\t        <\/div>\n\t    <\/div>\n\t<\/a>\n<\/div><\/div><div class=\"swiper-slide\">\n\n<div class=\"grid\">\n\t<a href=\"https:\/\/www.familinparis.fr\/en\/versailles-castle-with-the-bus-from-paris\/\" target=\"_self\">\n\t    <div class=\"image\" style=\"background-image:url('https:\/\/www.familinparis.fr\/wp-content\/uploads\/E-SHOP\/OPENTOUR\/parc-domaine-de-versailles-564x282.jpg')\">\n\t    \t\t    \t<div class=\"dateOnImg\">Every day except Monday<\/div>\n\t    \t\t\t\t\t    <\/div>\n\t    <div class=\"texte\">\n\t        <h5>Paris and Versailles<\/h5>\n\t        <h3>Tootbus: Paris Versailles Bus + Palace Tour<\/h3>\n\t        <div class=\"tags\">\n\t        \t\t        \t\t<span>For everyone<\/span>\n\t        \t\t        \t<span>1\/2 day<\/span>\n\t        <\/div>\n\t        <div class=\"bas\">\n        \t\t<div class=\"prix\">\n        \t\t\t\t        \t\t\t<span>From<\/span>\n\t        \t\t\t<span class=\"chiffre-barre\">65\u20ac<\/span>\n\t        \t\t\t<span class=\"chiffre\">55,25\u20ac<\/span>\t        \t\t        \t\t<\/div>\n            \t<div class=\"review-stars\" data-productId=\"363\">\n            \t<\/div>\n\t        <\/div>\n\t    <\/div>\n\t<\/a>\n<\/div><\/div>        <\/div>\n    <\/div>\n    \n    <\/div>\n\n<\/div>\n<div style=\"height:50px\" aria-hidden=\"true\" class=\"wp-block-spacer\"><\/div>\n\n<p><strong>A weekend in Paris <\/strong>to visit Paris for 2 days <strong>with young children, it&#8217;s possible!<\/strong><br \/>This itinerary proposes to answer the question &#8220;what to do in Paris in a weekend with children under 7 years old&#8221;. You have <strong>to find the right balance to satisfy parents and children<\/strong> : the Louvre for you, followed by a walk in the Tuileries Garden (playgrounds). A walk (and shopping) on the Champs-Elys\u00e9es and a must-see at the Disney-Store or at the puppet show on the Champs-Elys\u00e9es to please them.    <br \/><strong>For those who have already been to Paris and are looking for other ideas,<\/strong> take a look at our section &#8221; <a href=\"https:\/\/www.familinparis.fr\/en\/paris-with-a-small-child\/\">Paris with 0\/6 year olds<\/a> &#8221; or pick up other ideas on the <a href=\"https:\/\/www.familinparis.fr\/en\/3-days-in-paris-with-little-ones\/\">3-day tour with 0\/6 year olds<\/a> or the &#8220;Circuit for <a href=\"https:\/\/www.familinparis.fr\/en\/5-days-in-paris-with-little-ones\/\">5 days and more with 0\/6 year olds<\/a>. Enjoy your stay in Paris!<\/p>\n\n<div style=\"height:31px\" aria-hidden=\"true\" class=\"wp-block-spacer\"><\/div>\n\n<div style=\"height:47px\" aria-hidden=\"true\" class=\"wp-block-spacer\"><\/div>\n\n<div style=\"height:19px\" aria-hidden=\"true\" class=\"wp-block-spacer\"><\/div>\n","protected":false},"excerpt":{"rendered":"<p>PRACTICE DAY 1 PRACTICE DAY 2 Our little extras \ud83d\udca1 Paris in pictures A weekend in Paris to visit Paris for 2 days with young children, it&#8217;s possible!This itinerary proposes to answer the question &#8220;what to do in Paris in a weekend with children under 7 years old&#8221;. You have to find the right balance<\/p>\n","protected":false},"author":6,"featured_media":130449,"comment_status":"open","ping_status":"open","sticky":false,"template":"","format":"standard","meta":{"_uag_custom_page_level_css":"","footnotes":""},"categories":[1299],"tags":[1465,1277,1216,1386,1231,1233,1234,1375,1208,1209,1212,1228,1217,1257,1241],"class_list":{"0":"post-135665","1":"post","2":"type-post","3":"status-publish","4":"format-standard","5":"has-post-thumbnail","7":"category-routes","8":"tag-2-days","9":"tag-all-hallows","10":"tag-ascension-en","11":"tag-easter-holidays","12":"tag-easter-monday","13":"tag-easter-saturday","14":"tag-easter-sunday","15":"tag-february-holidays","16":"tag-for-3-6-year-olds","17":"tag-good-looking","18":"tag-may-1","19":"tag-may-8","20":"tag-pentecost","21":"tag-rain","22":"tag-wednesday"},"yoast_head":"<!-- This site is optimized with the Yoast SEO plugin v27.2 - https:\/\/yoast.com\/product\/yoast-seo-wordpress\/ -->\n<title>Weekend Paris: itinerary to visit Paris with young children<\/title>\n<meta name=\"description\" content=\"Paris during a weekend with children from 0 to 6 years old: a circuit adapted to toddlers so you don&#039;t miss any of the must-sees!\" \/>\n<meta name=\"robots\" content=\"index, follow, max-snippet:-1, max-image-preview:large, max-video-preview:-1\" \/>\n<link rel=\"canonical\" href=\"https:\/\/www.familinparis.fr\/en\/a-weekend-or-2-days-in-paris-with-the-kids\/\" \/>\n<meta property=\"og:locale\" content=\"en_US\" \/>\n<meta property=\"og:type\" content=\"article\" \/>\n<meta property=\"og:title\" content=\"Weekend Paris: itinerary to visit Paris with young children\" \/>\n<meta property=\"og:description\" content=\"Paris during a weekend with children from 0 to 6 years old: a circuit adapted to toddlers so you don&#039;t miss any of the must-sees!\" \/>\n<meta property=\"og:url\" content=\"https:\/\/www.familinparis.fr\/en\/a-weekend-or-2-days-in-paris-with-the-kids\/\" \/>\n<meta property=\"og:site_name\" content=\"Familin&#039;Paris\" \/>\n<meta property=\"article:published_time\" content=\"2022-01-28T19:46:35+00:00\" \/>\n<meta property=\"article:modified_time\" content=\"2026-02-12T12:37:27+00:00\" \/>\n<meta property=\"og:image\" content=\"https:\/\/www.familinparis.fr\/wp-content\/uploads\/photos-familinparis-2021\/animaux\/zoo-de-paris\/parc-zoologique-de-paris-\u00a9FamilinParis-1280x784-1.jpg\" \/>\n\t<meta property=\"og:image:width\" content=\"1280\" \/>\n\t<meta property=\"og:image:height\" content=\"784\" \/>\n\t<meta property=\"og:image:type\" content=\"image\/jpeg\" \/>\n<meta name=\"author\" content=\"Agn\u00e8s\" \/>\n<meta name=\"twitter:card\" content=\"summary_large_image\" \/>\n<meta name=\"twitter:label1\" content=\"Written by\" \/>\n\t<meta name=\"twitter:data1\" content=\"Agn\u00e8s\" \/>\n\t<meta name=\"twitter:label2\" content=\"Est. reading time\" \/>\n\t<meta name=\"twitter:data2\" content=\"6 minutes\" \/>\n<script type=\"application\/ld+json\" class=\"yoast-schema-graph\">{\"@context\":\"https:\/\/schema.org\",\"@graph\":[{\"@type\":\"Article\",\"@id\":\"https:\/\/www.familinparis.fr\/en\/a-weekend-or-2-days-in-paris-with-the-kids\/#article\",\"isPartOf\":{\"@id\":\"https:\/\/www.familinparis.fr\/en\/a-weekend-or-2-days-in-paris-with-the-kids\/\"},\"author\":{\"name\":\"Agn\u00e8s\",\"@id\":\"https:\/\/www.familinparis.fr\/en\/#\/schema\/person\/20deb9130cb58f76b535d316fe0aa31f\"},\"headline\":\"2 days to visit Paris with children under 6 years old\",\"datePublished\":\"2022-01-28T19:46:35+00:00\",\"dateModified\":\"2026-02-12T12:37:27+00:00\",\"mainEntityOfPage\":{\"@id\":\"https:\/\/www.familinparis.fr\/en\/a-weekend-or-2-days-in-paris-with-the-kids\/\"},\"wordCount\":1200,\"commentCount\":0,\"image\":{\"@id\":\"https:\/\/www.familinparis.fr\/en\/a-weekend-or-2-days-in-paris-with-the-kids\/#primaryimage\"},\"thumbnailUrl\":\"https:\/\/www.familinparis.fr\/wp-content\/uploads\/photos-familinparis-2021\/animaux\/zoo-de-paris\/parc-zoologique-de-paris-\u00a9FamilinParis-1280x784-1.jpg\",\"keywords\":[\"2 days\",\"All Hallows\",\"Ascension\",\"Easter holidays\",\"Easter Monday\",\"Easter Saturday\",\"Easter Sunday\",\"February holidays\",\"For 3-6 year olds\",\"Good looking\",\"May 1\",\"May 8\",\"Pentecost\",\"rain\",\"Wednesday\"],\"articleSection\":[\"Routes\"],\"inLanguage\":\"en-US\",\"potentialAction\":[{\"@type\":\"CommentAction\",\"name\":\"Comment\",\"target\":[\"https:\/\/www.familinparis.fr\/en\/a-weekend-or-2-days-in-paris-with-the-kids\/#respond\"]}]},{\"@type\":\"WebPage\",\"@id\":\"https:\/\/www.familinparis.fr\/en\/a-weekend-or-2-days-in-paris-with-the-kids\/\",\"url\":\"https:\/\/www.familinparis.fr\/en\/a-weekend-or-2-days-in-paris-with-the-kids\/\",\"name\":\"Weekend Paris: itinerary to visit Paris with young children\",\"isPartOf\":{\"@id\":\"https:\/\/www.familinparis.fr\/en\/#website\"},\"primaryImageOfPage\":{\"@id\":\"https:\/\/www.familinparis.fr\/en\/a-weekend-or-2-days-in-paris-with-the-kids\/#primaryimage\"},\"image\":{\"@id\":\"https:\/\/www.familinparis.fr\/en\/a-weekend-or-2-days-in-paris-with-the-kids\/#primaryimage\"},\"thumbnailUrl\":\"https:\/\/www.familinparis.fr\/wp-content\/uploads\/photos-familinparis-2021\/animaux\/zoo-de-paris\/parc-zoologique-de-paris-\u00a9FamilinParis-1280x784-1.jpg\",\"datePublished\":\"2022-01-28T19:46:35+00:00\",\"dateModified\":\"2026-02-12T12:37:27+00:00\",\"author\":{\"@id\":\"https:\/\/www.familinparis.fr\/en\/#\/schema\/person\/20deb9130cb58f76b535d316fe0aa31f\"},\"description\":\"Paris during a weekend with children from 0 to 6 years old: a circuit adapted to toddlers so you don't miss any of the must-sees!\",\"breadcrumb\":{\"@id\":\"https:\/\/www.familinparis.fr\/en\/a-weekend-or-2-days-in-paris-with-the-kids\/#breadcrumb\"},\"inLanguage\":\"en-US\",\"potentialAction\":[{\"@type\":\"ReadAction\",\"target\":[\"https:\/\/www.familinparis.fr\/en\/a-weekend-or-2-days-in-paris-with-the-kids\/\"]}]},{\"@type\":\"ImageObject\",\"inLanguage\":\"en-US\",\"@id\":\"https:\/\/www.familinparis.fr\/en\/a-weekend-or-2-days-in-paris-with-the-kids\/#primaryimage\",\"url\":\"https:\/\/www.familinparis.fr\/wp-content\/uploads\/photos-familinparis-2021\/animaux\/zoo-de-paris\/parc-zoologique-de-paris-\u00a9FamilinParis-1280x784-1.jpg\",\"contentUrl\":\"https:\/\/www.familinparis.fr\/wp-content\/uploads\/photos-familinparis-2021\/animaux\/zoo-de-paris\/parc-zoologique-de-paris-\u00a9FamilinParis-1280x784-1.jpg\",\"width\":1280,\"height\":784},{\"@type\":\"BreadcrumbList\",\"@id\":\"https:\/\/www.familinparis.fr\/en\/a-weekend-or-2-days-in-paris-with-the-kids\/#breadcrumb\",\"itemListElement\":[{\"@type\":\"ListItem\",\"position\":1,\"name\":\"Home\",\"item\":\"https:\/\/www.familinparis.fr\/en\/\"},{\"@type\":\"ListItem\",\"position\":2,\"name\":\"Routes\",\"item\":\"https:\/\/www.familinparis.fr\/en\/categorie\/routes\/\"},{\"@type\":\"ListItem\",\"position\":3,\"name\":\"2 days to visit Paris with children under 6 years old\"}]},{\"@type\":\"WebSite\",\"@id\":\"https:\/\/www.familinparis.fr\/en\/#website\",\"url\":\"https:\/\/www.familinparis.fr\/en\/\",\"name\":\"Familin&#039;Paris\",\"description\":\"Visiter le meilleur de Paris avec des enfants : sorties, spectacles, adresses de restaurants, shopping, bons plans...\",\"potentialAction\":[{\"@type\":\"SearchAction\",\"target\":{\"@type\":\"EntryPoint\",\"urlTemplate\":\"https:\/\/www.familinparis.fr\/en\/?s={search_term_string}\"},\"query-input\":{\"@type\":\"PropertyValueSpecification\",\"valueRequired\":true,\"valueName\":\"search_term_string\"}}],\"inLanguage\":\"en-US\"},{\"@type\":\"Person\",\"@id\":\"https:\/\/www.familinparis.fr\/en\/#\/schema\/person\/20deb9130cb58f76b535d316fe0aa31f\",\"name\":\"Agn\u00e8s\",\"image\":{\"@type\":\"ImageObject\",\"inLanguage\":\"en-US\",\"@id\":\"https:\/\/secure.gravatar.com\/avatar\/0ff338e2776ca662585d438b3bc140cbe7b54659207d3329065be97ffb37fa5a?s=96&d=identicon&r=g\",\"url\":\"https:\/\/secure.gravatar.com\/avatar\/0ff338e2776ca662585d438b3bc140cbe7b54659207d3329065be97ffb37fa5a?s=96&d=identicon&r=g\",\"contentUrl\":\"https:\/\/secure.gravatar.com\/avatar\/0ff338e2776ca662585d438b3bc140cbe7b54659207d3329065be97ffb37fa5a?s=96&d=identicon&r=g\",\"caption\":\"Agn\u00e8s\"}}]}<\/script>\n<!-- \/ Yoast SEO plugin. -->","yoast_head_json":{"title":"Weekend Paris: itinerary to visit Paris with young children","description":"Paris during a weekend with children from 0 to 6 years old: a circuit adapted to toddlers so you don't miss any of the must-sees!","robots":{"index":"index","follow":"follow","max-snippet":"max-snippet:-1","max-image-preview":"max-image-preview:large","max-video-preview":"max-video-preview:-1"},"canonical":"https:\/\/www.familinparis.fr\/en\/a-weekend-or-2-days-in-paris-with-the-kids\/","og_locale":"en_US","og_type":"article","og_title":"Weekend Paris: itinerary to visit Paris with young children","og_description":"Paris during a weekend with children from 0 to 6 years old: a circuit adapted to toddlers so you don't miss any of the must-sees!","og_url":"https:\/\/www.familinparis.fr\/en\/a-weekend-or-2-days-in-paris-with-the-kids\/","og_site_name":"Familin&#039;Paris","article_published_time":"2022-01-28T19:46:35+00:00","article_modified_time":"2026-02-12T12:37:27+00:00","og_image":[{"width":1280,"height":784,"url":"https:\/\/www.familinparis.fr\/wp-content\/uploads\/photos-familinparis-2021\/animaux\/zoo-de-paris\/parc-zoologique-de-paris-\u00a9FamilinParis-1280x784-1.jpg","type":"image\/jpeg"}],"author":"Agn\u00e8s","twitter_card":"summary_large_image","twitter_misc":{"Written by":"Agn\u00e8s","Est. reading time":"6 minutes"},"schema":{"@context":"https:\/\/schema.org","@graph":[{"@type":"Article","@id":"https:\/\/www.familinparis.fr\/en\/a-weekend-or-2-days-in-paris-with-the-kids\/#article","isPartOf":{"@id":"https:\/\/www.familinparis.fr\/en\/a-weekend-or-2-days-in-paris-with-the-kids\/"},"author":{"name":"Agn\u00e8s","@id":"https:\/\/www.familinparis.fr\/en\/#\/schema\/person\/20deb9130cb58f76b535d316fe0aa31f"},"headline":"2 days to visit Paris with children under 6 years old","datePublished":"2022-01-28T19:46:35+00:00","dateModified":"2026-02-12T12:37:27+00:00","mainEntityOfPage":{"@id":"https:\/\/www.familinparis.fr\/en\/a-weekend-or-2-days-in-paris-with-the-kids\/"},"wordCount":1200,"commentCount":0,"image":{"@id":"https:\/\/www.familinparis.fr\/en\/a-weekend-or-2-days-in-paris-with-the-kids\/#primaryimage"},"thumbnailUrl":"https:\/\/www.familinparis.fr\/wp-content\/uploads\/photos-familinparis-2021\/animaux\/zoo-de-paris\/parc-zoologique-de-paris-\u00a9FamilinParis-1280x784-1.jpg","keywords":["2 days","All Hallows","Ascension","Easter holidays","Easter Monday","Easter Saturday","Easter Sunday","February holidays","For 3-6 year olds","Good looking","May 1","May 8","Pentecost","rain","Wednesday"],"articleSection":["Routes"],"inLanguage":"en-US","potentialAction":[{"@type":"CommentAction","name":"Comment","target":["https:\/\/www.familinparis.fr\/en\/a-weekend-or-2-days-in-paris-with-the-kids\/#respond"]}]},{"@type":"WebPage","@id":"https:\/\/www.familinparis.fr\/en\/a-weekend-or-2-days-in-paris-with-the-kids\/","url":"https:\/\/www.familinparis.fr\/en\/a-weekend-or-2-days-in-paris-with-the-kids\/","name":"Weekend Paris: itinerary to visit Paris with young children","isPartOf":{"@id":"https:\/\/www.familinparis.fr\/en\/#website"},"primaryImageOfPage":{"@id":"https:\/\/www.familinparis.fr\/en\/a-weekend-or-2-days-in-paris-with-the-kids\/#primaryimage"},"image":{"@id":"https:\/\/www.familinparis.fr\/en\/a-weekend-or-2-days-in-paris-with-the-kids\/#primaryimage"},"thumbnailUrl":"https:\/\/www.familinparis.fr\/wp-content\/uploads\/photos-familinparis-2021\/animaux\/zoo-de-paris\/parc-zoologique-de-paris-\u00a9FamilinParis-1280x784-1.jpg","datePublished":"2022-01-28T19:46:35+00:00","dateModified":"2026-02-12T12:37:27+00:00","author":{"@id":"https:\/\/www.familinparis.fr\/en\/#\/schema\/person\/20deb9130cb58f76b535d316fe0aa31f"},"description":"Paris during a weekend with children from 0 to 6 years old: a circuit adapted to toddlers so you don't miss any of the must-sees!","breadcrumb":{"@id":"https:\/\/www.familinparis.fr\/en\/a-weekend-or-2-days-in-paris-with-the-kids\/#breadcrumb"},"inLanguage":"en-US","potentialAction":[{"@type":"ReadAction","target":["https:\/\/www.familinparis.fr\/en\/a-weekend-or-2-days-in-paris-with-the-kids\/"]}]},{"@type":"ImageObject","inLanguage":"en-US","@id":"https:\/\/www.familinparis.fr\/en\/a-weekend-or-2-days-in-paris-with-the-kids\/#primaryimage","url":"https:\/\/www.familinparis.fr\/wp-content\/uploads\/photos-familinparis-2021\/animaux\/zoo-de-paris\/parc-zoologique-de-paris-\u00a9FamilinParis-1280x784-1.jpg","contentUrl":"https:\/\/www.familinparis.fr\/wp-content\/uploads\/photos-familinparis-2021\/animaux\/zoo-de-paris\/parc-zoologique-de-paris-\u00a9FamilinParis-1280x784-1.jpg","width":1280,"height":784},{"@type":"BreadcrumbList","@id":"https:\/\/www.familinparis.fr\/en\/a-weekend-or-2-days-in-paris-with-the-kids\/#breadcrumb","itemListElement":[{"@type":"ListItem","position":1,"name":"Home","item":"https:\/\/www.familinparis.fr\/en\/"},{"@type":"ListItem","position":2,"name":"Routes","item":"https:\/\/www.familinparis.fr\/en\/categorie\/routes\/"},{"@type":"ListItem","position":3,"name":"2 days to visit Paris with children under 6 years old"}]},{"@type":"WebSite","@id":"https:\/\/www.familinparis.fr\/en\/#website","url":"https:\/\/www.familinparis.fr\/en\/","name":"Familin&#039;Paris","description":"Visiter le meilleur de Paris avec des enfants : sorties, spectacles, adresses de restaurants, shopping, bons plans...","potentialAction":[{"@type":"SearchAction","target":{"@type":"EntryPoint","urlTemplate":"https:\/\/www.familinparis.fr\/en\/?s={search_term_string}"},"query-input":{"@type":"PropertyValueSpecification","valueRequired":true,"valueName":"search_term_string"}}],"inLanguage":"en-US"},{"@type":"Person","@id":"https:\/\/www.familinparis.fr\/en\/#\/schema\/person\/20deb9130cb58f76b535d316fe0aa31f","name":"Agn\u00e8s","image":{"@type":"ImageObject","inLanguage":"en-US","@id":"https:\/\/secure.gravatar.com\/avatar\/0ff338e2776ca662585d438b3bc140cbe7b54659207d3329065be97ffb37fa5a?s=96&d=identicon&r=g","url":"https:\/\/secure.gravatar.com\/avatar\/0ff338e2776ca662585d438b3bc140cbe7b54659207d3329065be97ffb37fa5a?s=96&d=identicon&r=g","contentUrl":"https:\/\/secure.gravatar.com\/avatar\/0ff338e2776ca662585d438b3bc140cbe7b54659207d3329065be97ffb37fa5a?s=96&d=identicon&r=g","caption":"Agn\u00e8s"}}]}},"uagb_featured_image_src":{"full":["https:\/\/www.familinparis.fr\/wp-content\/uploads\/photos-familinparis-2021\/animaux\/zoo-de-paris\/parc-zoologique-de-paris-\u00a9FamilinParis-1280x784-1.jpg",1280,784,false],"thumbnail":["https:\/\/www.familinparis.fr\/wp-content\/uploads\/photos-familinparis-2021\/animaux\/zoo-de-paris\/parc-zoologique-de-paris-\u00a9FamilinParis-1280x784-1-150x150.jpg",150,150,true],"medium":["https:\/\/www.familinparis.fr\/wp-content\/uploads\/photos-familinparis-2021\/animaux\/zoo-de-paris\/parc-zoologique-de-paris-\u00a9FamilinParis-1280x784-1-300x184.jpg",300,184,true],"medium_large":["https:\/\/www.familinparis.fr\/wp-content\/uploads\/photos-familinparis-2021\/animaux\/zoo-de-paris\/parc-zoologique-de-paris-\u00a9FamilinParis-1280x784-1.jpg",768,470,false],"large":["https:\/\/www.familinparis.fr\/wp-content\/uploads\/photos-familinparis-2021\/animaux\/zoo-de-paris\/parc-zoologique-de-paris-\u00a9FamilinParis-1280x784-1-1024x627.jpg",770,471,true],"1536x1536":["https:\/\/www.familinparis.fr\/wp-content\/uploads\/photos-familinparis-2021\/animaux\/zoo-de-paris\/parc-zoologique-de-paris-\u00a9FamilinParis-1280x784-1.jpg",1280,784,false],"2048x2048":["https:\/\/www.familinparis.fr\/wp-content\/uploads\/photos-familinparis-2021\/animaux\/zoo-de-paris\/parc-zoologique-de-paris-\u00a9FamilinParis-1280x784-1.jpg",1280,784,false],"home-thumb":["https:\/\/www.familinparis.fr\/wp-content\/uploads\/photos-familinparis-2021\/animaux\/zoo-de-paris\/parc-zoologique-de-paris-\u00a9FamilinParis-1280x784-1-730x447.jpg",730,447,true],"home-slider":["https:\/\/www.familinparis.fr\/wp-content\/uploads\/photos-familinparis-2021\/animaux\/zoo-de-paris\/parc-zoologique-de-paris-\u00a9FamilinParis-1280x784-1-800x600.jpg",800,600,true],"lightbox-slider-size":["https:\/\/www.familinparis.fr\/wp-content\/uploads\/photos-familinparis-2021\/animaux\/zoo-de-paris\/parc-zoologique-de-paris-\u00a9FamilinParis-1280x784-1-564x282.jpg",564,282,true],"post-thumbnail":["https:\/\/www.familinparis.fr\/wp-content\/uploads\/photos-familinparis-2021\/animaux\/zoo-de-paris\/parc-zoologique-de-paris-\u00a9FamilinParis-1280x784-1-270x180.jpg",270,180,true],"cheerup-main":["https:\/\/www.familinparis.fr\/wp-content\/uploads\/photos-familinparis-2021\/animaux\/zoo-de-paris\/parc-zoologique-de-paris-\u00a9FamilinParis-1280x784-1-770x400.jpg",770,400,true],"cheerup-main-full":["https:\/\/www.familinparis.fr\/wp-content\/uploads\/photos-familinparis-2021\/animaux\/zoo-de-paris\/parc-zoologique-de-paris-\u00a9FamilinParis-1280x784-1-1170x508.jpg",1170,508,true],"cheerup-slider-alt":["https:\/\/www.familinparis.fr\/wp-content\/uploads\/photos-familinparis-2021\/animaux\/zoo-de-paris\/parc-zoologique-de-paris-\u00a9FamilinParis-1280x784-1-1170x508.jpg",1170,508,true],"cheerup-slider-trendy":["https:\/\/www.familinparis.fr\/wp-content\/uploads\/photos-familinparis-2021\/animaux\/zoo-de-paris\/parc-zoologique-de-paris-\u00a9FamilinParis-1280x784-1-960x508.jpg",960,508,true],"cheerup-slider-stylish":["https:\/\/www.familinparis.fr\/wp-content\/uploads\/photos-familinparis-2021\/animaux\/zoo-de-paris\/parc-zoologique-de-paris-\u00a9FamilinParis-1280x784-1-900x515.jpg",900,515,true],"cheerup-slider-grid":["https:\/\/www.familinparis.fr\/wp-content\/uploads\/photos-familinparis-2021\/animaux\/zoo-de-paris\/parc-zoologique-de-paris-\u00a9FamilinParis-1280x784-1-870x600.jpg",870,600,true],"cheerup-slider-grid-sm":["https:\/\/www.familinparis.fr\/wp-content\/uploads\/photos-familinparis-2021\/animaux\/zoo-de-paris\/parc-zoologique-de-paris-\u00a9FamilinParis-1280x784-1-300x300.jpg",300,300,true],"cheerup-slider-carousel":["https:\/\/www.familinparis.fr\/wp-content\/uploads\/photos-familinparis-2021\/animaux\/zoo-de-paris\/parc-zoologique-de-paris-\u00a9FamilinParis-1280x784-1-370x370.jpg",370,370,true],"cheerup-slider-grid-b":["https:\/\/www.familinparis.fr\/wp-content\/uploads\/photos-familinparis-2021\/animaux\/zoo-de-paris\/parc-zoologique-de-paris-\u00a9FamilinParis-1280x784-1-554x466.jpg",554,466,true],"cheerup-slider-grid-b-sm":["https:\/\/www.familinparis.fr\/wp-content\/uploads\/photos-familinparis-2021\/animaux\/zoo-de-paris\/parc-zoologique-de-paris-\u00a9FamilinParis-1280x784-1-306x466.jpg",306,466,true],"cheerup-slider-bold-sm":["https:\/\/www.familinparis.fr\/wp-content\/uploads\/photos-familinparis-2021\/animaux\/zoo-de-paris\/parc-zoologique-de-paris-\u00a9FamilinParis-1280x784-1-150x150.jpg",150,150,true],"cheerup-grid":["https:\/\/www.familinparis.fr\/wp-content\/uploads\/photos-familinparis-2021\/animaux\/zoo-de-paris\/parc-zoologique-de-paris-\u00a9FamilinParis-1280x784-1-370x285.jpg",370,285,true],"cheerup-carousel":["https:\/\/www.familinparis.fr\/wp-content\/uploads\/photos-familinparis-2021\/animaux\/zoo-de-paris\/parc-zoologique-de-paris-\u00a9FamilinParis-1280x784-1-270x180.jpg",270,180,true],"cheerup-carousel-b":["https:\/\/www.familinparis.fr\/wp-content\/uploads\/photos-familinparis-2021\/animaux\/zoo-de-paris\/parc-zoologique-de-paris-\u00a9FamilinParis-1280x784-1-370x285.jpg",370,285,true],"cheerup-list":["https:\/\/www.familinparis.fr\/wp-content\/uploads\/photos-familinparis-2021\/animaux\/zoo-de-paris\/parc-zoologique-de-paris-\u00a9FamilinParis-1280x784-1-260x200.jpg",260,200,true],"cheerup-list-b":["https:\/\/www.familinparis.fr\/wp-content\/uploads\/photos-familinparis-2021\/animaux\/zoo-de-paris\/parc-zoologique-de-paris-\u00a9FamilinParis-1280x784-1-370x305.jpg",370,305,true],"cheerup-thumb":["https:\/\/www.familinparis.fr\/wp-content\/uploads\/photos-familinparis-2021\/animaux\/zoo-de-paris\/parc-zoologique-de-paris-\u00a9FamilinParis-1280x784-1-87x67.jpg",87,67,true],"cheerup-thumb-alt":["https:\/\/www.familinparis.fr\/wp-content\/uploads\/photos-familinparis-2021\/animaux\/zoo-de-paris\/parc-zoologique-de-paris-\u00a9FamilinParis-1280x784-1-150x150.jpg",150,150,true]},"uagb_author_info":{"display_name":"Agn\u00e8s","author_link":"https:\/\/www.familinparis.fr\/en\/author\/agnes\/"},"uagb_comment_info":0,"uagb_excerpt":"PRACTICE DAY 1 PRACTICE DAY 2 Our little extras \ud83d\udca1 Paris in pictures A weekend in Paris to visit Paris for 2 days with young children, it&#8217;s possible!This itinerary proposes to answer the question &#8220;what to do in Paris in a weekend with children under 7 years old&#8221;. You have to find the right balance","_links":{"self":[{"href":"https:\/\/www.familinparis.fr\/en\/wp-json\/wp\/v2\/posts\/135665","targetHints":{"allow":["GET"]}}],"collection":[{"href":"https:\/\/www.familinparis.fr\/en\/wp-json\/wp\/v2\/posts"}],"about":[{"href":"https:\/\/www.familinparis.fr\/en\/wp-json\/wp\/v2\/types\/post"}],"author":[{"embeddable":true,"href":"https:\/\/www.familinparis.fr\/en\/wp-json\/wp\/v2\/users\/6"}],"replies":[{"embeddable":true,"href":"https:\/\/www.familinparis.fr\/en\/wp-json\/wp\/v2\/comments?post=135665"}],"version-history":[{"count":0,"href":"https:\/\/www.familinparis.fr\/en\/wp-json\/wp\/v2\/posts\/135665\/revisions"}],"wp:featuredmedia":[{"embeddable":true,"href":"https:\/\/www.familinparis.fr\/en\/wp-json\/wp\/v2\/media\/130449"}],"wp:attachment":[{"href":"https:\/\/www.familinparis.fr\/en\/wp-json\/wp\/v2\/media?parent=135665"}],"wp:term":[{"taxonomy":"category","embeddable":true,"href":"https:\/\/www.familinparis.fr\/en\/wp-json\/wp\/v2\/categories?post=135665"},{"taxonomy":"post_tag","embeddable":true,"href":"https:\/\/www.familinparis.fr\/en\/wp-json\/wp\/v2\/tags?post=135665"}],"curies":[{"name":"wp","href":"https:\/\/api.w.org\/{rel}","templated":true}]}}