{"id":135612,"date":"2022-01-19T23:57:58","date_gmt":"2022-01-19T21:57:58","guid":{"rendered":"https:\/\/www.familinparis.fr\/swimming-pools-with-a-small-pool-or-paddling-pool\/"},"modified":"2026-02-12T14:37:20","modified_gmt":"2026-02-12T12:37:20","slug":"swimming-pools-with-a-small-pool-or-paddling-pool","status":"publish","type":"post","link":"https:\/\/www.familinparis.fr\/en\/swimming-pools-with-a-small-pool-or-paddling-pool\/","title":{"rendered":"Swimming pools with a small pool or paddling pool"},"content":{"rendered":"<div class=\"lazyblock-baseline-Z2oV3Ex wp-block-lazyblock-baseline\"><div class=\"baseline\">Addresses and practical information by arrondissement<\/div><\/div>\n<p><strong>Paris has 39 swimming pools open to the public<\/strong>. But only <strong>14 pools with small pool for children<\/strong>, The small pools are shallow (max 1m50), they allow parents or grandparents to go to the pool <a href=\"https:\/\/www.familinparis.fr\/en\/activities-and-ideas-for-outings-with-children-from-3-to-5-years-old-and-also-6-years-old\/\">with toddlers<\/a> or very young children. It is impossible to enter the opening hours of each pool here. Each <a href=\"https:\/\/www.familinparis.fr\/en\/swimming-pools-in-paris\/\">Parisian swimming pool<\/a> has its own opening hours that change according to the school holidays. Click on the link indicated to find out the opening hours of the pools with small pools.    <\/p>\n\n<p class=\"has-text-align-center red-logo\"><strong>We advise you to check the opening days and hours of the pools on their official website.  <\/strong><br \/><strong>Indeed, several times a year the pools close for technical reasons.<\/strong><\/p>\n\n<h2 class=\"wp-block-heading\">The Jean Taris swimming pool (5th)<\/h2>\n\n<ul class=\"wp-block-list\">\n<li>Adresse :\u00a016 Rue Thouin, 75005 Paris<\/li>\n\n\n\n<li><strong>Bassin<\/strong>\u00a0de 12,50m x 6m \u2013\u00a0<strong>Profondeur<\/strong>\u00a0max. 1m50 \u2013\u00a0<strong>Temp\u00e9rature<\/strong>\u00a0de l\u2019eau 27\u00b0<\/li>\n<\/ul>\n\n<h2 class=\"wp-block-heading\">  The Roger Rigal swimming pool (11th)<\/h2>\n\n<ul class=\"wp-block-list\">\n<li>Adresse :\u00a0115 Boulevard de Charonne, 75011 Paris<\/li>\n\n\n\n<li><strong>Bassin<\/strong>\u00a0de 12,50m x 6m \u2013\u00a0<strong>Profondeur<\/strong>\u00a0max 1m50 \u2013\u00a0<strong>Temp\u00e9rature<\/strong>\u00a0de l\u2019eau 28\u00b0 en moyenne<\/li>\n<\/ul>\n\n<h2 class=\"wp-block-heading\">  The Jean Boiteux swimming pool ex. Reuilly (12\u2032) <\/h2>\n\n<ul class=\"wp-block-list\">\n<li>Adresse :\u00a013 Rue Antoine-Julien H\u00e9nard, 75012 Paris<\/li>\n\n\n\n<li><strong>Bassin<\/strong>\u00a0de 12,50m x 6m \u2013\u00a0<strong>Profondeur<\/strong>\u00a0max 1m50 \u2013\u00a0<strong>Temp\u00e9rature<\/strong>\u00a0de l\u2019eau 28\u00b0<\/li>\n<\/ul>\n\n<h2 class=\"wp-block-heading\">  The Butte aux Cailles swimming pool (13th)<\/h2>\n\n<ul class=\"wp-block-list\">\n<li>Adresse :\u00a05 Place Paul Verlaine, 75013 Paris<\/li>\n\n\n\n<li><strong>Bassin<\/strong>\u00a0de 12m x 6m (d\u00e9couvert) \u2013\u00a0<strong>Profondeur<\/strong>\u00a0max 1m30<\/li>\n<\/ul>\n\n<h2 class=\"wp-block-heading\">  The Emile Anthoine swimming pool (15th)<\/h2>\n\n<ul class=\"wp-block-list\">\n<li>Bassin de 12,50m x 6m<\/li>\n\n\n\n<li><strong>Profondeur<\/strong>\u00a0max 1m30 \u2013\u00a0\u00a0<strong>Temp\u00e9rature<\/strong>\u00a0de l\u2019eau 27\u00b0<\/li>\n<\/ul>\n\n<h2 class=\"wp-block-heading\">  The Keller swimming pool (15th)<\/h2>\n\n<ul class=\"wp-block-list\">\n<li>Adresse :\u00a014 Rue de l\u2019Ing\u00e9nieur Robert Keller, 75015 Paris<\/li>\n\n\n\n<li><strong>Bassin<\/strong>\u00a0de 12,50m x 6m \u2013<strong>\u00a0Profondeur<\/strong>\u00a0max 1m10 \u2013\u00a0<strong>Temp\u00e9rature<\/strong>\u00a0de l\u2019eau comprise entre 27,5 et 28\u00b0C<\/li>\n<\/ul>\n\n<h2 class=\"wp-block-heading\">The swimming pool of Auteuil (16th)<\/h2>\n\n<ul class=\"wp-block-list\">\n<li>Adresse :\u00a01 Route des Lacs \u00e0 Passy, 75016 Paris<\/li>\n\n\n\n<li>Bassin de 15m x 6,50m \u2013 Profondeur max 1m10 \u2013 Temp\u00e9rature de l\u2019eau 28\u00b0 en moyenne<\/li>\n<\/ul>\n\n<h2 class=\"wp-block-heading\">  The Henry de Montherlant swimming pool (16th)<\/h2>\n\n<ul class=\"wp-block-list\">\n<li>Adresse :\u00a032 Boulevard Lannes, 75016 Paris<\/li>\n\n\n\n<li><strong>Bassin<\/strong>\u00a0de 15m x 6,50m \u2013<strong>\u00a0Profondeur<\/strong>\u00a0max 1m10 \u2013\u00a0<strong>Temp\u00e9rature<\/strong>\u00a0de l\u2019eau 28\u00b0 en moyenne<\/li>\n<\/ul>\n\n<h2 class=\"wp-block-heading\">  The Bernard Lafay swimming pool (17th)<\/h2>\n\n<ul class=\"wp-block-list\">\n<li>Adresse :\u00a079 Rue de La Jonqui\u00e8re, 75017 Paris<\/li>\n\n\n\n<li><strong>Bassin<\/strong>\u00a0de 12,50m x 6m \u2013\u00a0<strong>Profondeur<\/strong>\u00a0max 1m \u2013\u00a0<strong>Temp\u00e9rature<\/strong>\u00a0de l\u2019eau 29\u00b0 en moyenne<\/li>\n<\/ul>\n\n<h2 class=\"wp-block-heading\">  The Champeret swimming pool (17th)<\/h2>\n\n<ul class=\"wp-block-list\">\n<li>Adresse :\u00a036 Boulevard de Reims, 75017 Paris<\/li>\n\n\n\n<li><strong>Bassin<\/strong>\u00a0de 12,50m x 6m \u2013\u00a0<strong>Profondeur<\/strong>\u00a0max 1,20m \u2013\u00a0<strong>Temp\u00e9rature<\/strong>\u00a0de l\u2019eau 30\u00b0 en moyenne<\/li>\n<\/ul>\n\n<h2 class=\"wp-block-heading\">  The Dauvin swimming pool (18th)<\/h2>\n\n<ul class=\"wp-block-list\">\n<li>Adresse :\u00a012 Rue Ren\u00e9 Binet, 75018 Paris<\/li>\n\n\n\n<li><strong>Bassin<\/strong>\u00a0de 12,50m x 6m \u2013\u00a0<strong>Profondeur<\/strong>\u00a0max 1,20m \u2013\u00a0<strong>Temp\u00e9rature<\/strong>\u00a0de l\u2019eau entre 30 \u00e0 31\u00b0<\/li>\n<\/ul>\n\n<h2 class=\"wp-block-heading\">  The H\u00e9bert swimming pool (18th)<\/h2>\n\n<ul class=\"wp-block-list\">\n<li>Adresse :\u00a02 Rue des Fillettes, 75018 Paris<\/li>\n\n\n\n<li><strong>Bassin<\/strong>\u00a0de 12m x 11,75m \u2013\u00a0<strong>Profondeur<\/strong>\u00a0max 1,20m \u2013\u00a0<strong>Temp\u00e9rature<\/strong>\u00a0de l\u2019eau 28\u00b0 en moyenne<\/li>\n<\/ul>\n\n<h2 class=\"wp-block-heading\">  The Mathis swimming pool (19th)<\/h2>\n\n<ul class=\"wp-block-list\">\n<li>Adresse :\u00a015 Rue Mathis, 75019 Paris<\/li>\n\n\n\n<li><strong>Bassin<\/strong>\u00a0de 12,50m x 6m \u2013\u00a0<strong>Profondeur<\/strong>\u00a0max 1,30m \u2013\u00a0<strong>Temp\u00e9rature<\/strong>\u00a0de l\u2019eau entre\u00a030 \u00e0 31\u00b0 en semaine<\/li>\n\n\n\n<li><\/li>\n<\/ul>\n\n<h2 class=\"wp-block-heading\">  The Pailleron swimming pool (19th)<\/h2>\n\n<ul class=\"wp-block-list\">\n<li>Adresse :\u00a032 Rue Edouard Pailleron, 75019 Paris<\/li>\n\n\n\n<li><strong>Bassin ludique<\/strong>\u00a0de 12,50m x 6m \u2013<strong>\u00a0Profondeur max<\/strong>\u00a01,40m \u2013\u00a0<strong>Temp\u00e9rature<\/strong>\u00a0de l\u2019eau 30\u00b0 en moyenne<\/li>\n<\/ul>\n\n<div style=\"height:29px\" aria-hidden=\"true\" class=\"wp-block-spacer\"><\/div>\n\n<h2 class=\"wp-block-heading has-text-align-center p-b-10 p-t-10 has-background\" style=\"background-color:#dbe3e3\"><a href=\"https:\/\/www.familinparis.fr\/en\/activities-and-ideas-for-outings-with-children-from-3-to-5-years-old-and-also-6-years-old\/\">Ideas for outings and activities with little ones<\/a><\/h2>\n\n\t\t\t<div class=\"wp-block-uagb-post-grid uagb-post-grid  uagb-post__image-position-top uagb-post__image-enabled uagb-block-dc9a1ed3     uagb-post__items uagb-post__columns-5 is-grid uagb-post__columns-tablet-2 uagb-post__columns-mobile-1 uagb-post__equal-height\" data-total=\"9\" style=\"\">\n\n\t\t\t\t\t\t\t\t\t\t\t\t<article class=\"uagb-post__inner-wrap\">\t\t\t\t\t\t\t\t<div class='uagb-post__image'>\n\t\t\t\t\t\t\t\t\t<a href=\"https:\/\/www.familinparis.fr\/en\/the-city-of-children-cite-des-sciences-in-paris\/\" target=\"_self\" rel=\"bookmark noopener noreferrer\" class='uagb-image-ratio-inherit'><img decoding=\"async\" width=\"270\" height=\"180\" src=\"https:\/\/www.familinparis.fr\/wp-content\/uploads\/2022\/08\/la-cite-des-enfants-600x300-1-270x180.png\" class=\"attachment-post-thumbnail size-post-thumbnail\" alt=\"Affiche de La Cit\u00e9 des enfant 5-10 ans -2025\" srcset=\"https:\/\/www.familinparis.fr\/wp-content\/uploads\/2022\/08\/la-cite-des-enfants-600x300-1-270x180.png 270w, https:\/\/www.familinparis.fr\/wp-content\/uploads\/2022\/08\/la-cite-des-enfants-600x300-1-300x199.png 300w, https:\/\/www.familinparis.fr\/wp-content\/uploads\/2022\/08\/la-cite-des-enfants-600x300-1.png 452w\" sizes=\"(max-width: 270px) 100vw, 270px\" \/>\t\t\t\t\t<\/a>\n\t\t\t\t\t\t\t<\/div>\n\t\t\t\t\t\t<h4 class=\"uagb-post__title uagb-post__text\">\n\t\t\t\t<a href=\"https:\/\/www.familinparis.fr\/en\/the-city-of-children-cite-des-sciences-in-paris\/\" target=\"_self\" rel=\"bookmark noopener noreferrer\">The City of Children: Cit\u00e9 des Sciences in Paris<\/a>\n\t\t\t<\/h4>\n\t\t\t\t\t\t<div class='uagb-post__text uagb-post-grid-byline'>\n\t\t\t\t\t\t\t<\/div>\n\t\t\t\n\t\t\t\t\t\t\t\t\t<\/article>\n\t\t\t\t\t\t\t\t\t\t\t\t\t\t\t\t<article class=\"uagb-post__inner-wrap\">\t\t\t\t\t\t\t\t<div class='uagb-post__image'>\n\t\t\t\t\t\t\t\t\t<a href=\"https:\/\/www.familinparis.fr\/en\/magic-workshop-for-6-8-year-olds\/\" target=\"_self\" rel=\"bookmark noopener noreferrer\" class='uagb-image-ratio-inherit'><img decoding=\"async\" width=\"270\" height=\"180\" src=\"https:\/\/www.familinparis.fr\/wp-content\/uploads\/photos-partenaires\/musee-de-la-magie-paris-270x180.jpg\" class=\"attachment-post-thumbnail size-post-thumbnail\" alt=\"\" srcset=\"https:\/\/www.familinparis.fr\/wp-content\/uploads\/photos-partenaires\/musee-de-la-magie-paris-270x180.jpg 270w, https:\/\/www.familinparis.fr\/wp-content\/uploads\/photos-partenaires\/musee-de-la-magie-paris-18x12.jpg 18w\" sizes=\"(max-width: 270px) 100vw, 270px\" \/>\t\t\t\t\t<\/a>\n\t\t\t\t\t\t\t<\/div>\n\t\t\t\t\t\t<h4 class=\"uagb-post__title uagb-post__text\">\n\t\t\t\t<a href=\"https:\/\/www.familinparis.fr\/en\/magic-workshop-for-6-8-year-olds\/\" target=\"_self\" rel=\"bookmark noopener noreferrer\">Magic Workshop for 6-8 year olds<\/a>\n\t\t\t<\/h4>\n\t\t\t\t\t\t<div class='uagb-post__text uagb-post-grid-byline'>\n\t\t\t\t\t\t\t<\/div>\n\t\t\t\n\t\t\t\t\t\t\t\t\t<\/article>\n\t\t\t\t\t\t\t\t\t\t\t\t\t\t\t\t<article class=\"uagb-post__inner-wrap\">\t\t\t\t\t\t\t\t<div class='uagb-post__image'>\n\t\t\t\t\t\t\t\t\t<a href=\"https:\/\/www.familinparis.fr\/en\/the-castle-of-vaux-le-vicomte\/\" target=\"_self\" rel=\"bookmark noopener noreferrer\" class='uagb-image-ratio-inherit'><img decoding=\"async\" width=\"270\" height=\"180\" src=\"https:\/\/www.familinparis.fr\/wp-content\/uploads\/Chateaux\/vaux-le-vicomte\/Vaux-le-vicomte-dome-@FamilinParis-270x180.jpg\" class=\"attachment-post-thumbnail size-post-thumbnail\" alt=\"\" srcset=\"https:\/\/www.familinparis.fr\/wp-content\/uploads\/Chateaux\/vaux-le-vicomte\/Vaux-le-vicomte-dome-@FamilinParis-270x180.jpg 270w, https:\/\/www.familinparis.fr\/wp-content\/uploads\/Chateaux\/vaux-le-vicomte\/Vaux-le-vicomte-dome-@FamilinParis-300x200.jpg 300w, https:\/\/www.familinparis.fr\/wp-content\/uploads\/Chateaux\/vaux-le-vicomte\/Vaux-le-vicomte-dome-@FamilinParis-1024x683.jpg 1024w, https:\/\/www.familinparis.fr\/wp-content\/uploads\/Chateaux\/vaux-le-vicomte\/Vaux-le-vicomte-dome-@FamilinParis-16x12.jpg 16w, https:\/\/www.familinparis.fr\/wp-content\/uploads\/Chateaux\/vaux-le-vicomte\/Vaux-le-vicomte-dome-@FamilinParis-730x487.jpg 730w, https:\/\/www.familinparis.fr\/wp-content\/uploads\/Chateaux\/vaux-le-vicomte\/Vaux-le-vicomte-dome-@FamilinParis.jpg 1200w\" sizes=\"(max-width: 270px) 100vw, 270px\" \/>\t\t\t\t\t<\/a>\n\t\t\t\t\t\t\t<\/div>\n\t\t\t\t\t\t<h4 class=\"uagb-post__title uagb-post__text\">\n\t\t\t\t<a href=\"https:\/\/www.familinparis.fr\/en\/the-castle-of-vaux-le-vicomte\/\" target=\"_self\" rel=\"bookmark noopener noreferrer\">The castle of Vaux-le-Vicomte<\/a>\n\t\t\t<\/h4>\n\t\t\t\t\t\t<div class='uagb-post__text uagb-post-grid-byline'>\n\t\t\t\t\t\t\t<\/div>\n\t\t\t\n\t\t\t\t\t\t\t\t\t<\/article>\n\t\t\t\t\t\t\t\t\t\t\t\t\t\t\t\t<article class=\"uagb-post__inner-wrap\">\t\t\t\t\t\t\t\t<div class='uagb-post__image'>\n\t\t\t\t\t\t\t\t\t<a href=\"https:\/\/www.familinparis.fr\/en\/ballet-of-lights-cendrillon-we-call-it-ballet-paris\/\" target=\"_self\" rel=\"bookmark noopener noreferrer\" class='uagb-image-ratio-inherit'><img decoding=\"async\" width=\"270\" height=\"180\" src=\"https:\/\/www.familinparis.fr\/wp-content\/uploads\/2026\/04\/ballet-of-lights-cendrillon-270x180.jpg\" class=\"attachment-post-thumbnail size-post-thumbnail\" alt=\"Cendrillon, ballet of Light\" \/>\t\t\t\t\t<\/a>\n\t\t\t\t\t\t\t<\/div>\n\t\t\t\t\t\t<h4 class=\"uagb-post__title uagb-post__text\">\n\t\t\t\t<a href=\"https:\/\/www.familinparis.fr\/en\/ballet-of-lights-cendrillon-we-call-it-ballet-paris\/\" target=\"_self\" rel=\"bookmark noopener noreferrer\">Cinderella &#8211; Ballet of Lights<\/a>\n\t\t\t<\/h4>\n\t\t\t\t\t\t<div class='uagb-post__text uagb-post-grid-byline'>\n\t\t\t\t\t\t\t<\/div>\n\t\t\t\n\t\t\t\t\t\t\t\t\t<\/article>\n\t\t\t\t\t\t\t\t\t\t\t\t\t\t\t\t<article class=\"uagb-post__inner-wrap\">\t\t\t\t\t\t\t\t<div class='uagb-post__image'>\n\t\t\t\t\t\t\t\t\t<a href=\"https:\/\/www.familinparis.fr\/en\/exposition-calder-fondation-louis-vuitton-billet\/\" target=\"_self\" rel=\"bookmark noopener noreferrer\" class='uagb-image-ratio-inherit'><img decoding=\"async\" width=\"270\" height=\"180\" src=\"https:\/\/www.familinparis.fr\/wp-content\/uploads\/2026\/04\/exposition-calder-fondation-louis-vuitton-270x180.jpg\" class=\"attachment-post-thumbnail size-post-thumbnail\" alt=\"affiche de l&#039;exposition &quot;Calder. R\u00eaver en \u00e9quilibre&quot;, \u00e0 la Fondation Louis Vuitton- Jusqu&#039;au 16 ao\u00fbt 2026\" \/>\t\t\t\t\t<\/a>\n\t\t\t\t\t\t\t<\/div>\n\t\t\t\t\t\t<h4 class=\"uagb-post__title uagb-post__text\">\n\t\t\t\t<a href=\"https:\/\/www.familinparis.fr\/en\/exposition-calder-fondation-louis-vuitton-billet\/\" target=\"_self\" rel=\"bookmark noopener noreferrer\">Calder. Dreaming in balance<\/a>\n\t\t\t<\/h4>\n\t\t\t\t\t\t<div class='uagb-post__text uagb-post-grid-byline'>\n\t\t\t\t\t\t\t<\/div>\n\t\t\t\n\t\t\t\t\t\t\t\t\t<\/article>\n\t\t\t\t\t\t\t\t\t\t\t\t\t\t\t\t<article class=\"uagb-post__inner-wrap\">\t\t\t\t\t\t\t\t<div class='uagb-post__image'>\n\t\t\t\t\t\t\t\t\t<a href=\"https:\/\/www.familinparis.fr\/en\/the-world-with-the-family-easter-holiday-programme-2024\/\" target=\"_self\" rel=\"bookmark noopener noreferrer\" class='uagb-image-ratio-inherit'><img decoding=\"async\" width=\"270\" height=\"180\" src=\"https:\/\/www.familinparis.fr\/wp-content\/uploads\/Mus\u00e9es\/Quai-Branly\/LE-MONDE-EN-FAMILLE-2025-270x180.jpg\" class=\"attachment-post-thumbnail size-post-thumbnail\" alt=\"Le monde en famille, au mus\u00e9e du Quai Branly - Jacques Chirac\" srcset=\"https:\/\/www.familinparis.fr\/wp-content\/uploads\/Mus\u00e9es\/Quai-Branly\/LE-MONDE-EN-FAMILLE-2025-270x180.jpg 270w, https:\/\/www.familinparis.fr\/wp-content\/uploads\/Mus\u00e9es\/Quai-Branly\/LE-MONDE-EN-FAMILLE-2025-600x400.jpg 600w\" sizes=\"(max-width: 270px) 100vw, 270px\" \/>\t\t\t\t\t<\/a>\n\t\t\t\t\t\t\t<\/div>\n\t\t\t\t\t\t<h4 class=\"uagb-post__title uagb-post__text\">\n\t\t\t\t<a href=\"https:\/\/www.familinparis.fr\/en\/the-world-with-the-family-easter-holiday-programme-2024\/\" target=\"_self\" rel=\"bookmark noopener noreferrer\">The world with the family (Easter holiday programme 2024)<\/a>\n\t\t\t<\/h4>\n\t\t\t\t\t\t<div class='uagb-post__text uagb-post-grid-byline'>\n\t\t\t\t\t\t\t<\/div>\n\t\t\t\n\t\t\t\t\t\t\t\t\t<\/article>\n\t\t\t\t\t\t\t\t\t\t\t\t\t\t\t\t<article class=\"uagb-post__inner-wrap\">\t\t\t\t\t\t\t\t<div class='uagb-post__image'>\n\t\t\t\t\t\t\t\t\t<a href=\"https:\/\/www.familinparis.fr\/en\/tree-climbing-around-paris\/\" target=\"_self\" rel=\"bookmark noopener noreferrer\" class='uagb-image-ratio-inherit'><img decoding=\"async\" width=\"270\" height=\"180\" src=\"https:\/\/www.familinparis.fr\/wp-content\/uploads\/LOISIRS\/accrobranche\/accrobranche-a-paris-et-environ-de-paris-270x180.jpg\" class=\"attachment-post-thumbnail size-post-thumbnail\" alt=\"\" srcset=\"https:\/\/www.familinparis.fr\/wp-content\/uploads\/LOISIRS\/accrobranche\/accrobranche-a-paris-et-environ-de-paris-270x180.jpg 270w, https:\/\/www.familinparis.fr\/wp-content\/uploads\/LOISIRS\/accrobranche\/accrobranche-a-paris-et-environ-de-paris-300x200.jpg 300w, https:\/\/www.familinparis.fr\/wp-content\/uploads\/LOISIRS\/accrobranche\/accrobranche-a-paris-et-environ-de-paris-1024x683.jpg 1024w, https:\/\/www.familinparis.fr\/wp-content\/uploads\/LOISIRS\/accrobranche\/accrobranche-a-paris-et-environ-de-paris-16x12.jpg 16w, https:\/\/www.familinparis.fr\/wp-content\/uploads\/LOISIRS\/accrobranche\/accrobranche-a-paris-et-environ-de-paris-730x487.jpg 730w, https:\/\/www.familinparis.fr\/wp-content\/uploads\/LOISIRS\/accrobranche\/accrobranche-a-paris-et-environ-de-paris.jpg 1500w\" sizes=\"(max-width: 270px) 100vw, 270px\" \/>\t\t\t\t\t<\/a>\n\t\t\t\t\t\t\t<\/div>\n\t\t\t\t\t\t<h4 class=\"uagb-post__title uagb-post__text\">\n\t\t\t\t<a href=\"https:\/\/www.familinparis.fr\/en\/tree-climbing-around-paris\/\" target=\"_self\" rel=\"bookmark noopener noreferrer\">Tree climbing around Paris<\/a>\n\t\t\t<\/h4>\n\t\t\t\t\t\t<div class='uagb-post__text uagb-post-grid-byline'>\n\t\t\t\t\t\t\t<\/div>\n\t\t\t\n\t\t\t\t\t\t\t\t\t<\/article>\n\t\t\t\t\t\t\t\t\t\t\t\t\t\t\t\t<article class=\"uagb-post__inner-wrap\">\t\t\t\t\t\t\t\t<div class='uagb-post__image'>\n\t\t\t\t\t\t\t\t\t<a href=\"https:\/\/www.familinparis.fr\/en\/drone-art-show-at-the-vincennes-racecourse-paris\/\" target=\"_self\" rel=\"bookmark noopener noreferrer\" class='uagb-image-ratio-inherit'><img decoding=\"async\" width=\"270\" height=\"180\" src=\"https:\/\/www.familinparis.fr\/wp-content\/uploads\/2026\/03\/drone-3-270x180.jpg\" class=\"attachment-post-thumbnail size-post-thumbnail\" alt=\"DroneArt Show Paris, \u00e0 l&#039;Hippodrome de Vincennes\" \/>\t\t\t\t\t<\/a>\n\t\t\t\t\t\t\t<\/div>\n\t\t\t\t\t\t<h4 class=\"uagb-post__title uagb-post__text\">\n\t\t\t\t<a href=\"https:\/\/www.familinparis.fr\/en\/drone-art-show-at-the-vincennes-racecourse-paris\/\" target=\"_self\" rel=\"bookmark noopener noreferrer\">DroneArt Show Paris<\/a>\n\t\t\t<\/h4>\n\t\t\t\t\t\t<div class='uagb-post__text uagb-post-grid-byline'>\n\t\t\t\t\t\t\t<\/div>\n\t\t\t\n\t\t\t\t\t\t\t\t\t<\/article>\n\t\t\t\t\t\t\t\t\t\t\t\t\t\t\t\t<article class=\"uagb-post__inner-wrap\">\t\t\t\t\t\t\t\t<div class='uagb-post__image'>\n\t\t\t\t\t\t\t\t\t<a href=\"https:\/\/www.familinparis.fr\/en\/nature-festival-2024\/\" target=\"_self\" rel=\"bookmark noopener noreferrer\" class='uagb-image-ratio-inherit'><img decoding=\"async\" width=\"270\" height=\"180\" src=\"https:\/\/www.familinparis.fr\/wp-content\/uploads\/2025\/05\/fete-de-la-nature-2025-large-270x180.jpg\" class=\"attachment-post-thumbnail size-post-thumbnail\" alt=\"La f\u00eate de la Nature en mai 2025\" \/>\t\t\t\t\t<\/a>\n\t\t\t\t\t\t\t<\/div>\n\t\t\t\t\t\t<h4 class=\"uagb-post__title uagb-post__text\">\n\t\t\t\t<a href=\"https:\/\/www.familinparis.fr\/en\/nature-festival-2024\/\" target=\"_self\" rel=\"bookmark noopener noreferrer\">Nature Festival 2024<\/a>\n\t\t\t<\/h4>\n\t\t\t\t\t\t<div class='uagb-post__text uagb-post-grid-byline'>\n\t\t\t\t\t\t\t<\/div>\n\t\t\t\n\t\t\t\t\t\t\t\t\t<\/article>\n\t\t\t\t\t\t\t\t\t\t\t\t\t\t\t\t<article class=\"uagb-post__inner-wrap\">\t\t\t\t\t\t\t\t<div class='uagb-post__image'>\n\t\t\t\t\t\t\t\t\t<a href=\"https:\/\/www.familinparis.fr\/en\/idees-pour-les-vacances-de-paques-avec-un-jeune-enfant-autour-de-paris\/\" target=\"_self\" rel=\"bookmark noopener noreferrer\" class='uagb-image-ratio-inherit'><img decoding=\"async\" width=\"270\" height=\"180\" src=\"https:\/\/www.familinparis.fr\/wp-content\/uploads\/Animaux\/Malowe-Nature\/chevres-270x180.jpg\" class=\"attachment-post-thumbnail size-post-thumbnail\" alt=\"\" srcset=\"https:\/\/www.familinparis.fr\/wp-content\/uploads\/Animaux\/Malowe-Nature\/chevres-270x180.jpg 270w, https:\/\/www.familinparis.fr\/wp-content\/uploads\/Animaux\/Malowe-Nature\/chevres-300x200.jpg 300w, https:\/\/www.familinparis.fr\/wp-content\/uploads\/Animaux\/Malowe-Nature\/chevres-768x511.jpg 768w, https:\/\/www.familinparis.fr\/wp-content\/uploads\/Animaux\/Malowe-Nature\/chevres-18x12.jpg 18w, https:\/\/www.familinparis.fr\/wp-content\/uploads\/Animaux\/Malowe-Nature\/chevres-730x486.jpg 730w, https:\/\/www.familinparis.fr\/wp-content\/uploads\/Animaux\/Malowe-Nature\/chevres.jpg 1000w\" sizes=\"(max-width: 270px) 100vw, 270px\" \/>\t\t\t\t\t<\/a>\n\t\t\t\t\t\t\t<\/div>\n\t\t\t\t\t\t<h4 class=\"uagb-post__title uagb-post__text\">\n\t\t\t\t<a href=\"https:\/\/www.familinparis.fr\/en\/idees-pour-les-vacances-de-paques-avec-un-jeune-enfant-autour-de-paris\/\" target=\"_self\" rel=\"bookmark noopener noreferrer\">What to do during the Spring holidays around Paris, with 0-6 year olds?<\/a>\n\t\t\t<\/h4>\n\t\t\t\t\t\t<div class='uagb-post__text uagb-post-grid-byline'>\n\t\t\t\t\t\t\t<\/div>\n\t\t\t\n\t\t\t\t\t\t\t\t\t<\/article>\n\t\t\t\t\t\t\t\t\t\t\t\t\t\t\t\t<article class=\"uagb-post__inner-wrap\">\t\t\t\t\t\t\t\t<div class='uagb-post__image'>\n\t\t\t\t\t\t\t\t\t<a href=\"https:\/\/www.familinparis.fr\/en\/idees-pour-les-vacances-de-paques-avec-un-jeune-enfant-a-paris\/\" target=\"_self\" rel=\"bookmark noopener noreferrer\" class='uagb-image-ratio-inherit'><img decoding=\"async\" width=\"270\" height=\"180\" src=\"https:\/\/www.familinparis.fr\/wp-content\/uploads\/2024\/02\/chasse-aux-oeufs-de-paques-autour-de-paris-pixabay-270x180.jpg\" class=\"attachment-post-thumbnail size-post-thumbnail\" alt=\"\" srcset=\"https:\/\/www.familinparis.fr\/wp-content\/uploads\/2024\/02\/chasse-aux-oeufs-de-paques-autour-de-paris-pixabay-270x180.jpg 270w, https:\/\/www.familinparis.fr\/wp-content\/uploads\/2024\/02\/chasse-aux-oeufs-de-paques-autour-de-paris-pixabay-300x200.jpg 300w, https:\/\/www.familinparis.fr\/wp-content\/uploads\/2024\/02\/chasse-aux-oeufs-de-paques-autour-de-paris-pixabay-1024x682.jpg 1024w, https:\/\/www.familinparis.fr\/wp-content\/uploads\/2024\/02\/chasse-aux-oeufs-de-paques-autour-de-paris-pixabay-768x512.jpg 768w, https:\/\/www.familinparis.fr\/wp-content\/uploads\/2024\/02\/chasse-aux-oeufs-de-paques-autour-de-paris-pixabay-18x12.jpg 18w, https:\/\/www.familinparis.fr\/wp-content\/uploads\/2024\/02\/chasse-aux-oeufs-de-paques-autour-de-paris-pixabay-730x486.jpg 730w, https:\/\/www.familinparis.fr\/wp-content\/uploads\/2024\/02\/chasse-aux-oeufs-de-paques-autour-de-paris-pixabay.jpg 1280w\" sizes=\"(max-width: 270px) 100vw, 270px\" \/>\t\t\t\t\t<\/a>\n\t\t\t\t\t\t\t<\/div>\n\t\t\t\t\t\t<h4 class=\"uagb-post__title uagb-post__text\">\n\t\t\t\t<a href=\"https:\/\/www.familinparis.fr\/en\/idees-pour-les-vacances-de-paques-avec-un-jeune-enfant-a-paris\/\" target=\"_self\" rel=\"bookmark noopener noreferrer\">Easter holidays with 0-6 year olds in Paris<\/a>\n\t\t\t<\/h4>\n\t\t\t\t\t\t<div class='uagb-post__text uagb-post-grid-byline'>\n\t\t\t\t\t\t\t<\/div>\n\t\t\t\n\t\t\t\t\t\t\t\t\t<\/article>\n\t\t\t\t\t\t\t\t\t\t\t\t\t\t\t\t<article class=\"uagb-post__inner-wrap\">\t\t\t\t\t\t\t\t<div class='uagb-post__image'>\n\t\t\t\t\t\t\t\t\t<a href=\"https:\/\/www.familinparis.fr\/en\/amphibious-bus-tour-of-paris-on-the-seine\/\" target=\"_self\" rel=\"bookmark noopener noreferrer\" class='uagb-image-ratio-inherit'><img decoding=\"async\" width=\"270\" height=\"180\" src=\"https:\/\/www.familinparis.fr\/wp-content\/uploads\/2025\/06\/\u00a9Les-Carnards-de-la-Seine-1-270x180.jpg\" class=\"attachment-post-thumbnail size-post-thumbnail\" alt=\"Visite guid\u00e9e en bus amphibie 2025\" srcset=\"https:\/\/www.familinparis.fr\/wp-content\/uploads\/2025\/06\/\u00a9Les-Carnards-de-la-Seine-1-270x180.jpg 270w, https:\/\/www.familinparis.fr\/wp-content\/uploads\/2025\/06\/\u00a9Les-Carnards-de-la-Seine-1-300x200.jpg 300w, https:\/\/www.familinparis.fr\/wp-content\/uploads\/2025\/06\/\u00a9Les-Carnards-de-la-Seine-1-768x512.jpg 768w, https:\/\/www.familinparis.fr\/wp-content\/uploads\/2025\/06\/\u00a9Les-Carnards-de-la-Seine-1-730x487.jpg 730w, https:\/\/www.familinparis.fr\/wp-content\/uploads\/2025\/06\/\u00a9Les-Carnards-de-la-Seine-1.jpg 900w\" sizes=\"(max-width: 270px) 100vw, 270px\" \/>\t\t\t\t\t<\/a>\n\t\t\t\t\t\t\t<\/div>\n\t\t\t\t\t\t<h4 class=\"uagb-post__title uagb-post__text\">\n\t\t\t\t<a href=\"https:\/\/www.familinparis.fr\/en\/amphibious-bus-tour-of-paris-on-the-seine\/\" target=\"_self\" rel=\"bookmark noopener noreferrer\">Paris amphibious bus tour on the Seine<\/a>\n\t\t\t<\/h4>\n\t\t\t\t\t\t<div class='uagb-post__text uagb-post-grid-byline'>\n\t\t\t\t\t\t\t<\/div>\n\t\t\t\n\t\t\t\t\t\t\t\t\t<\/article>\n\t\t\t\t\t\t\t\t\t\t\t\t\t\t\t\t<article class=\"uagb-post__inner-wrap\">\t\t\t\t\t\t\t\t<div class='uagb-post__image'>\n\t\t\t\t\t\t\t\t\t<a href=\"https:\/\/www.familinparis.fr\/en\/gathering-farms-around-paris\/\" target=\"_self\" rel=\"bookmark noopener noreferrer\" class='uagb-image-ratio-inherit'><img decoding=\"async\" width=\"270\" height=\"180\" src=\"https:\/\/www.familinparis.fr\/wp-content\/uploads\/LOISIRS\/fermes\/ferme-cueillette-paris-270x180.jpg\" class=\"attachment-post-thumbnail size-post-thumbnail\" alt=\"\" srcset=\"https:\/\/www.familinparis.fr\/wp-content\/uploads\/LOISIRS\/fermes\/ferme-cueillette-paris-270x180.jpg 270w, https:\/\/www.familinparis.fr\/wp-content\/uploads\/LOISIRS\/fermes\/ferme-cueillette-paris-300x199.jpg 300w, https:\/\/www.familinparis.fr\/wp-content\/uploads\/LOISIRS\/fermes\/ferme-cueillette-paris-1024x678.jpg 1024w, https:\/\/www.familinparis.fr\/wp-content\/uploads\/LOISIRS\/fermes\/ferme-cueillette-paris-16x12.jpg 16w, https:\/\/www.familinparis.fr\/wp-content\/uploads\/LOISIRS\/fermes\/ferme-cueillette-paris-730x483.jpg 730w, https:\/\/www.familinparis.fr\/wp-content\/uploads\/LOISIRS\/fermes\/ferme-cueillette-paris.jpg 1200w\" sizes=\"(max-width: 270px) 100vw, 270px\" \/>\t\t\t\t\t<\/a>\n\t\t\t\t\t\t\t<\/div>\n\t\t\t\t\t\t<h4 class=\"uagb-post__title uagb-post__text\">\n\t\t\t\t<a href=\"https:\/\/www.familinparis.fr\/en\/gathering-farms-around-paris\/\" target=\"_self\" rel=\"bookmark noopener noreferrer\">Gathering farms around Paris<\/a>\n\t\t\t<\/h4>\n\t\t\t\t\t\t<div class='uagb-post__text uagb-post-grid-byline'>\n\t\t\t\t\t\t\t<\/div>\n\t\t\t\n\t\t\t\t\t\t\t\t\t<\/article>\n\t\t\t\t\t\t\t\t\t\t\t\t\t\t\t\t<article class=\"uagb-post__inner-wrap\">\t\t\t\t\t\t\t\t<div class='uagb-post__image'>\n\t\t\t\t\t\t\t\t\t<a href=\"https:\/\/www.familinparis.fr\/en\/atelier-pain-et-visite-ferme-de-gally-saint-cyr-78\/\" target=\"_self\" rel=\"bookmark noopener noreferrer\" class='uagb-image-ratio-inherit'><img decoding=\"async\" width=\"270\" height=\"180\" src=\"https:\/\/www.familinparis.fr\/wp-content\/uploads\/Animaux\/poules-sh_24331018-270x180.jpg\" class=\"attachment-post-thumbnail size-post-thumbnail\" alt=\"\" srcset=\"https:\/\/www.familinparis.fr\/wp-content\/uploads\/Animaux\/poules-sh_24331018-270x180.jpg 270w, https:\/\/www.familinparis.fr\/wp-content\/uploads\/Animaux\/poules-sh_24331018-300x200.jpg 300w, https:\/\/www.familinparis.fr\/wp-content\/uploads\/Animaux\/poules-sh_24331018-768x512.jpg 768w, https:\/\/www.familinparis.fr\/wp-content\/uploads\/Animaux\/poules-sh_24331018-18x12.jpg 18w, https:\/\/www.familinparis.fr\/wp-content\/uploads\/Animaux\/poules-sh_24331018-730x487.jpg 730w, https:\/\/www.familinparis.fr\/wp-content\/uploads\/Animaux\/poules-sh_24331018.jpg 1000w\" sizes=\"(max-width: 270px) 100vw, 270px\" \/>\t\t\t\t\t<\/a>\n\t\t\t\t\t\t\t<\/div>\n\t\t\t\t\t\t<h4 class=\"uagb-post__title uagb-post__text\">\n\t\t\t\t<a href=\"https:\/\/www.familinparis.fr\/en\/atelier-pain-et-visite-ferme-de-gally-saint-cyr-78\/\" target=\"_self\" rel=\"bookmark noopener noreferrer\">Bread and animal workshop, at the Ferme de Gally Saint-Cyr (78)<\/a>\n\t\t\t<\/h4>\n\t\t\t\t\t\t<div class='uagb-post__text uagb-post-grid-byline'>\n\t\t\t\t\t\t\t<\/div>\n\t\t\t\n\t\t\t\t\t\t\t\t\t<\/article>\n\t\t\t\t\t\t\t\t\t\t\t\t\t\t\t\t<article class=\"uagb-post__inner-wrap\">\t\t\t\t\t\t\t\t<div class='uagb-post__image'>\n\t\t\t\t\t\t\t\t\t<a href=\"https:\/\/www.familinparis.fr\/en\/romanes-circus-gypsy-folies-nomad-paris-2\/\" target=\"_self\" rel=\"bookmark noopener noreferrer\" class='uagb-image-ratio-inherit'><img decoding=\"async\" width=\"270\" height=\"180\" src=\"https:\/\/www.familinparis.fr\/wp-content\/uploads\/2025\/12\/574858997_122187817892545055_652862970354442305_n-270x180.jpg\" class=\"attachment-post-thumbnail size-post-thumbnail\" alt=\"Folies Nomades au cirque Tsigane Roman\u00e8s\" srcset=\"https:\/\/www.familinparis.fr\/wp-content\/uploads\/2025\/12\/574858997_122187817892545055_652862970354442305_n-270x180.jpg 270w, https:\/\/www.familinparis.fr\/wp-content\/uploads\/2025\/12\/574858997_122187817892545055_652862970354442305_n-600x400.jpg 600w\" sizes=\"(max-width: 270px) 100vw, 270px\" \/>\t\t\t\t\t<\/a>\n\t\t\t\t\t\t\t<\/div>\n\t\t\t\t\t\t<h4 class=\"uagb-post__title uagb-post__text\">\n\t\t\t\t<a href=\"https:\/\/www.familinparis.fr\/en\/romanes-circus-gypsy-folies-nomad-paris-2\/\" target=\"_self\" rel=\"bookmark noopener noreferrer\">Folies Nomades \u2022 Cirque Tsigane Roman\u00e8s<\/a>\n\t\t\t<\/h4>\n\t\t\t\t\t\t<div class='uagb-post__text uagb-post-grid-byline'>\n\t\t\t\t\t\t\t<\/div>\n\t\t\t\n\t\t\t\t\t\t\t\t\t<\/article>\n\t\t\t\t\t\t\t\t\t\t\t\t\t\t\t\t<article class=\"uagb-post__inner-wrap\">\t\t\t\t\t\t\t\t<div class='uagb-post__image'>\n\t\t\t\t\t\t\t\t\t<a href=\"https:\/\/www.familinparis.fr\/en\/the-great-day-of-the-costumed-at-the-chateau-de-vaux-le-vicomte\/\" target=\"_self\" rel=\"bookmark noopener noreferrer\" class='uagb-image-ratio-inherit'><img decoding=\"async\" width=\"270\" height=\"180\" src=\"https:\/\/www.familinparis.fr\/wp-content\/uploads\/photos-familinparis-2021\/chateau\/deguisement-enfant-chateau-de-vaux-le-vicomte-270x180.jpg\" class=\"attachment-post-thumbnail size-post-thumbnail\" alt=\"\" srcset=\"https:\/\/www.familinparis.fr\/wp-content\/uploads\/photos-familinparis-2021\/chateau\/deguisement-enfant-chateau-de-vaux-le-vicomte-270x180.jpg 270w, https:\/\/www.familinparis.fr\/wp-content\/uploads\/photos-familinparis-2021\/chateau\/deguisement-enfant-chateau-de-vaux-le-vicomte-16x12.jpg 16w\" sizes=\"(max-width: 270px) 100vw, 270px\" \/>\t\t\t\t\t<\/a>\n\t\t\t\t\t\t\t<\/div>\n\t\t\t\t\t\t<h4 class=\"uagb-post__title uagb-post__text\">\n\t\t\t\t<a href=\"https:\/\/www.familinparis.fr\/en\/the-great-day-of-the-costumed-at-the-chateau-de-vaux-le-vicomte\/\" target=\"_self\" rel=\"bookmark noopener noreferrer\">The Great Day of the Costumed at the Ch\u00e2teau de Vaux le Vicomte<\/a>\n\t\t\t<\/h4>\n\t\t\t\t\t\t<div class='uagb-post__text uagb-post-grid-byline'>\n\t\t\t\t\t\t\t<\/div>\n\t\t\t\n\t\t\t\t\t\t\t\t\t<\/article>\n\t\t\t\t\t\t\t\t\t\t\t\t\t\t\t\t<article class=\"uagb-post__inner-wrap\">\t\t\t\t\t\t\t\t<div class='uagb-post__image'>\n\t\t\t\t\t\t\t\t\t<a href=\"https:\/\/www.familinparis.fr\/en\/keepers-of-the-tales-escape-game\/\" target=\"_self\" rel=\"bookmark noopener noreferrer\" class='uagb-image-ratio-inherit'><img decoding=\"async\" width=\"270\" height=\"180\" src=\"https:\/\/www.familinparis.fr\/wp-content\/uploads\/LOISIRS\/escape-game\/gardiens-des-contes-escape-game-270x180.jpg\" class=\"attachment-post-thumbnail size-post-thumbnail\" alt=\"\" srcset=\"https:\/\/www.familinparis.fr\/wp-content\/uploads\/LOISIRS\/escape-game\/gardiens-des-contes-escape-game-270x180.jpg 270w, https:\/\/www.familinparis.fr\/wp-content\/uploads\/LOISIRS\/escape-game\/gardiens-des-contes-escape-game-300x200.jpg 300w, https:\/\/www.familinparis.fr\/wp-content\/uploads\/LOISIRS\/escape-game\/gardiens-des-contes-escape-game-768x512.jpg 768w, https:\/\/www.familinparis.fr\/wp-content\/uploads\/LOISIRS\/escape-game\/gardiens-des-contes-escape-game-18x12.jpg 18w, https:\/\/www.familinparis.fr\/wp-content\/uploads\/LOISIRS\/escape-game\/gardiens-des-contes-escape-game-730x487.jpg 730w, https:\/\/www.familinparis.fr\/wp-content\/uploads\/LOISIRS\/escape-game\/gardiens-des-contes-escape-game.jpg 900w\" sizes=\"(max-width: 270px) 100vw, 270px\" \/>\t\t\t\t\t<\/a>\n\t\t\t\t\t\t\t<\/div>\n\t\t\t\t\t\t<h4 class=\"uagb-post__title uagb-post__text\">\n\t\t\t\t<a href=\"https:\/\/www.familinparis.fr\/en\/keepers-of-the-tales-escape-game\/\" target=\"_self\" rel=\"bookmark noopener noreferrer\">Keepers of the Tales \u2022 Escape Game<\/a>\n\t\t\t<\/h4>\n\t\t\t\t\t\t<div class='uagb-post__text uagb-post-grid-byline'>\n\t\t\t\t\t\t\t<\/div>\n\t\t\t\n\t\t\t\t\t\t\t\t\t<\/article>\n\t\t\t\t\t\t\t\t\t\t\t\t\t\t\t\t<article class=\"uagb-post__inner-wrap\">\t\t\t\t\t\t\t\t<div class='uagb-post__image'>\n\t\t\t\t\t\t\t\t\t<a href=\"https:\/\/www.familinparis.fr\/en\/the-bois-dattilly-zoo\/\" target=\"_self\" rel=\"bookmark noopener noreferrer\" class='uagb-image-ratio-inherit'><img decoding=\"async\" width=\"270\" height=\"180\" src=\"https:\/\/www.familinparis.fr\/wp-content\/uploads\/photos-partenaires\/animaux\/zoo-du-jardin-des-plantes-tarif-75005-270x180.jpg\" class=\"attachment-post-thumbnail size-post-thumbnail\" alt=\"\" srcset=\"https:\/\/www.familinparis.fr\/wp-content\/uploads\/photos-partenaires\/animaux\/zoo-du-jardin-des-plantes-tarif-75005-270x180.jpg 270w, https:\/\/www.familinparis.fr\/wp-content\/uploads\/photos-partenaires\/animaux\/zoo-du-jardin-des-plantes-tarif-75005-300x199.jpg 300w, https:\/\/www.familinparis.fr\/wp-content\/uploads\/photos-partenaires\/animaux\/zoo-du-jardin-des-plantes-tarif-75005-1024x678.jpg 1024w, https:\/\/www.familinparis.fr\/wp-content\/uploads\/photos-partenaires\/animaux\/zoo-du-jardin-des-plantes-tarif-75005-768x509.jpg 768w, https:\/\/www.familinparis.fr\/wp-content\/uploads\/photos-partenaires\/animaux\/zoo-du-jardin-des-plantes-tarif-75005-1536x1018.jpg 1536w, https:\/\/www.familinparis.fr\/wp-content\/uploads\/photos-partenaires\/animaux\/zoo-du-jardin-des-plantes-tarif-75005-18x12.jpg 18w, https:\/\/www.familinparis.fr\/wp-content\/uploads\/photos-partenaires\/animaux\/zoo-du-jardin-des-plantes-tarif-75005-730x484.jpg 730w\" sizes=\"(max-width: 270px) 100vw, 270px\" \/>\t\t\t\t\t<\/a>\n\t\t\t\t\t\t\t<\/div>\n\t\t\t\t\t\t<h4 class=\"uagb-post__title uagb-post__text\">\n\t\t\t\t<a href=\"https:\/\/www.familinparis.fr\/en\/the-bois-dattilly-zoo\/\" target=\"_self\" rel=\"bookmark noopener noreferrer\">The Bois d&#8217;Attilly Zoo<\/a>\n\t\t\t<\/h4>\n\t\t\t\t\t\t<div class='uagb-post__text uagb-post-grid-byline'>\n\t\t\t\t\t\t\t<\/div>\n\t\t\t\n\t\t\t\t\t\t\t\t\t<\/article>\n\t\t\t\t\t\t\t\t\t\t\t\t\t\t\t\t<article class=\"uagb-post__inner-wrap\">\t\t\t\t\t\t\t\t<div class='uagb-post__image'>\n\t\t\t\t\t\t\t\t\t<a href=\"https:\/\/www.familinparis.fr\/en\/ideas-for-this-wednesday-in-paris\/\" target=\"_self\" rel=\"bookmark noopener noreferrer\" class='uagb-image-ratio-inherit'><img decoding=\"async\" width=\"270\" height=\"180\" src=\"https:\/\/www.familinparis.fr\/wp-content\/uploads\/photos-libres-de-droits\/carousel-mange-enfant-paris-PLD-270x180.jpg\" class=\"attachment-post-thumbnail size-post-thumbnail\" alt=\"\" srcset=\"https:\/\/www.familinparis.fr\/wp-content\/uploads\/photos-libres-de-droits\/carousel-mange-enfant-paris-PLD-270x180.jpg 270w, https:\/\/www.familinparis.fr\/wp-content\/uploads\/photos-libres-de-droits\/carousel-mange-enfant-paris-PLD-300x200.jpg 300w, https:\/\/www.familinparis.fr\/wp-content\/uploads\/photos-libres-de-droits\/carousel-mange-enfant-paris-PLD-1024x684.jpg 1024w, https:\/\/www.familinparis.fr\/wp-content\/uploads\/photos-libres-de-droits\/carousel-mange-enfant-paris-PLD-768x513.jpg 768w, https:\/\/www.familinparis.fr\/wp-content\/uploads\/photos-libres-de-droits\/carousel-mange-enfant-paris-PLD-1536x1026.jpg 1536w, https:\/\/www.familinparis.fr\/wp-content\/uploads\/photos-libres-de-droits\/carousel-mange-enfant-paris-PLD-18x12.jpg 18w, https:\/\/www.familinparis.fr\/wp-content\/uploads\/photos-libres-de-droits\/carousel-mange-enfant-paris-PLD-730x487.jpg 730w\" sizes=\"(max-width: 270px) 100vw, 270px\" \/>\t\t\t\t\t<\/a>\n\t\t\t\t\t\t\t<\/div>\n\t\t\t\t\t\t<h4 class=\"uagb-post__title uagb-post__text\">\n\t\t\t\t<a href=\"https:\/\/www.familinparis.fr\/en\/ideas-for-this-wednesday-in-paris\/\" target=\"_self\" rel=\"bookmark noopener noreferrer\">Ideas for this Wednesday in Paris<\/a>\n\t\t\t<\/h4>\n\t\t\t\t\t\t<div class='uagb-post__text uagb-post-grid-byline'>\n\t\t\t\t\t\t\t<\/div>\n\t\t\t\n\t\t\t\t\t\t\t\t\t<\/article>\n\t\t\t\t\t\t\t\t\t\t\t\t\t\t\t\t<article class=\"uagb-post__inner-wrap\">\t\t\t\t\t\t\t\t<div class='uagb-post__image'>\n\t\t\t\t\t\t\t\t\t<a href=\"https:\/\/www.familinparis.fr\/en\/we-call-it-ballet-sleeping-beauty-paris\/\" target=\"_self\" rel=\"bookmark noopener noreferrer\" class='uagb-image-ratio-inherit'><img decoding=\"async\" width=\"270\" height=\"180\" src=\"https:\/\/www.familinparis.fr\/wp-content\/uploads\/2026\/01\/ballet-of-light-la-belle-au-bois-dormant-270x180.jpg\" class=\"attachment-post-thumbnail size-post-thumbnail\" alt=\"We Call It Ballet\" \/>\t\t\t\t\t<\/a>\n\t\t\t\t\t\t\t<\/div>\n\t\t\t\t\t\t<h4 class=\"uagb-post__title uagb-post__text\">\n\t\t\t\t<a href=\"https:\/\/www.familinparis.fr\/en\/we-call-it-ballet-sleeping-beauty-paris\/\" target=\"_self\" rel=\"bookmark noopener noreferrer\">We call it Ballet: Sleeping Beauty<\/a>\n\t\t\t<\/h4>\n\t\t\t\t\t\t<div class='uagb-post__text uagb-post-grid-byline'>\n\t\t\t\t\t\t\t<\/div>\n\t\t\t\n\t\t\t\t\t\t\t\t\t<\/article>\n\t\t\t\t\t\t\t\t\t\t\t<\/div>\n\t\t\t","protected":false},"excerpt":{"rendered":"<p>With toddlers<\/p>\n","protected":false},"author":6,"featured_media":131053,"comment_status":"open","ping_status":"open","sticky":false,"template":"","format":"standard","meta":{"_uag_custom_page_level_css":"","footnotes":""},"categories":[1246,227,1345,1492],"tags":[1208,1272],"class_list":{"0":"post-135612","1":"post","2":"type-post","3":"status-publish","4":"format-standard","5":"has-post-thumbnail","7":"category-leisure-en","8":"category-loisirs","9":"category-pool","10":"category-sports-activities","11":"tag-for-3-6-year-olds","12":"tag-for-babies"},"yoast_head":"<!-- This site is optimized with the Yoast SEO plugin v27.2 - https:\/\/yoast.com\/product\/yoast-seo-wordpress\/ -->\n<title>Swimming pools with small pool and paddling pool in Paris<\/title>\n<meta name=\"description\" content=\"All swimming pools in Paris equipped with a small pool or paddling pool for babies and young children. The closest to you in one click.\" \/>\n<meta name=\"robots\" content=\"index, follow, max-snippet:-1, max-image-preview:large, max-video-preview:-1\" \/>\n<link rel=\"canonical\" href=\"https:\/\/www.familinparis.fr\/en\/swimming-pools-with-a-small-pool-or-paddling-pool\/\" \/>\n<meta property=\"og:locale\" content=\"en_US\" \/>\n<meta property=\"og:type\" content=\"article\" \/>\n<meta property=\"og:title\" content=\"Swimming pools with small pool and paddling pool in Paris\" \/>\n<meta property=\"og:description\" content=\"All swimming pools in Paris equipped with a small pool or paddling pool for babies and young children. The closest to you in one click.\" \/>\n<meta property=\"og:url\" content=\"https:\/\/www.familinparis.fr\/en\/swimming-pools-with-a-small-pool-or-paddling-pool\/\" \/>\n<meta property=\"og:site_name\" content=\"Familin&#039;Paris\" \/>\n<meta property=\"article:published_time\" content=\"2022-01-19T21:57:58+00:00\" \/>\n<meta property=\"article:modified_time\" content=\"2026-02-12T12:37:20+00:00\" \/>\n<meta property=\"og:image\" content=\"https:\/\/www.familinparis.fr\/wp-content\/uploads\/LOISIRS\/piscine\/piscine-enfant-PLD.jpg\" \/>\n\t<meta property=\"og:image:width\" content=\"1920\" \/>\n\t<meta property=\"og:image:height\" content=\"1280\" \/>\n\t<meta property=\"og:image:type\" content=\"image\/jpeg\" \/>\n<meta name=\"author\" content=\"Agn\u00e8s\" \/>\n<meta name=\"twitter:card\" content=\"summary_large_image\" \/>\n<meta name=\"twitter:label1\" content=\"Written by\" \/>\n\t<meta name=\"twitter:data1\" content=\"Agn\u00e8s\" \/>\n\t<meta name=\"twitter:label2\" content=\"Est. reading time\" \/>\n\t<meta name=\"twitter:data2\" content=\"2 minutes\" \/>\n<script type=\"application\/ld+json\" class=\"yoast-schema-graph\">{\"@context\":\"https:\/\/schema.org\",\"@graph\":[{\"@type\":\"Article\",\"@id\":\"https:\/\/www.familinparis.fr\/en\/swimming-pools-with-a-small-pool-or-paddling-pool\/#article\",\"isPartOf\":{\"@id\":\"https:\/\/www.familinparis.fr\/en\/swimming-pools-with-a-small-pool-or-paddling-pool\/\"},\"author\":{\"name\":\"Agn\u00e8s\",\"@id\":\"https:\/\/www.familinparis.fr\/en\/#\/schema\/person\/20deb9130cb58f76b535d316fe0aa31f\"},\"headline\":\"Swimming pools with a small pool or paddling pool\",\"datePublished\":\"2022-01-19T21:57:58+00:00\",\"dateModified\":\"2026-02-12T12:37:20+00:00\",\"mainEntityOfPage\":{\"@id\":\"https:\/\/www.familinparis.fr\/en\/swimming-pools-with-a-small-pool-or-paddling-pool\/\"},\"wordCount\":483,\"commentCount\":0,\"image\":{\"@id\":\"https:\/\/www.familinparis.fr\/en\/swimming-pools-with-a-small-pool-or-paddling-pool\/#primaryimage\"},\"thumbnailUrl\":\"https:\/\/www.familinparis.fr\/wp-content\/uploads\/LOISIRS\/piscine\/piscine-enfant-PLD.jpg\",\"keywords\":[\"For 3-6 year olds\",\"For babies\"],\"articleSection\":[\"Leisure\",\"Loisirs\",\"Pool\",\"Sports activities\"],\"inLanguage\":\"en-US\",\"potentialAction\":[{\"@type\":\"CommentAction\",\"name\":\"Comment\",\"target\":[\"https:\/\/www.familinparis.fr\/en\/swimming-pools-with-a-small-pool-or-paddling-pool\/#respond\"]}]},{\"@type\":\"WebPage\",\"@id\":\"https:\/\/www.familinparis.fr\/en\/swimming-pools-with-a-small-pool-or-paddling-pool\/\",\"url\":\"https:\/\/www.familinparis.fr\/en\/swimming-pools-with-a-small-pool-or-paddling-pool\/\",\"name\":\"Swimming pools with small pool and paddling pool in Paris\",\"isPartOf\":{\"@id\":\"https:\/\/www.familinparis.fr\/en\/#website\"},\"primaryImageOfPage\":{\"@id\":\"https:\/\/www.familinparis.fr\/en\/swimming-pools-with-a-small-pool-or-paddling-pool\/#primaryimage\"},\"image\":{\"@id\":\"https:\/\/www.familinparis.fr\/en\/swimming-pools-with-a-small-pool-or-paddling-pool\/#primaryimage\"},\"thumbnailUrl\":\"https:\/\/www.familinparis.fr\/wp-content\/uploads\/LOISIRS\/piscine\/piscine-enfant-PLD.jpg\",\"datePublished\":\"2022-01-19T21:57:58+00:00\",\"dateModified\":\"2026-02-12T12:37:20+00:00\",\"author\":{\"@id\":\"https:\/\/www.familinparis.fr\/en\/#\/schema\/person\/20deb9130cb58f76b535d316fe0aa31f\"},\"description\":\"All swimming pools in Paris equipped with a small pool or paddling pool for babies and young children. The closest to you in one click.\",\"breadcrumb\":{\"@id\":\"https:\/\/www.familinparis.fr\/en\/swimming-pools-with-a-small-pool-or-paddling-pool\/#breadcrumb\"},\"inLanguage\":\"en-US\",\"potentialAction\":[{\"@type\":\"ReadAction\",\"target\":[\"https:\/\/www.familinparis.fr\/en\/swimming-pools-with-a-small-pool-or-paddling-pool\/\"]}]},{\"@type\":\"ImageObject\",\"inLanguage\":\"en-US\",\"@id\":\"https:\/\/www.familinparis.fr\/en\/swimming-pools-with-a-small-pool-or-paddling-pool\/#primaryimage\",\"url\":\"https:\/\/www.familinparis.fr\/wp-content\/uploads\/LOISIRS\/piscine\/piscine-enfant-PLD.jpg\",\"contentUrl\":\"https:\/\/www.familinparis.fr\/wp-content\/uploads\/LOISIRS\/piscine\/piscine-enfant-PLD.jpg\",\"width\":1920,\"height\":1280},{\"@type\":\"BreadcrumbList\",\"@id\":\"https:\/\/www.familinparis.fr\/en\/swimming-pools-with-a-small-pool-or-paddling-pool\/#breadcrumb\",\"itemListElement\":[{\"@type\":\"ListItem\",\"position\":1,\"name\":\"Home\",\"item\":\"https:\/\/www.familinparis.fr\/en\/\"},{\"@type\":\"ListItem\",\"position\":2,\"name\":\"Leisure\",\"item\":\"https:\/\/www.familinparis.fr\/en\/categorie\/leisure-en\/\"},{\"@type\":\"ListItem\",\"position\":3,\"name\":\"Pool\",\"item\":\"https:\/\/www.familinparis.fr\/en\/categorie\/leisure-en\/pool\/\"},{\"@type\":\"ListItem\",\"position\":4,\"name\":\"Swimming pools with a small pool or paddling pool\"}]},{\"@type\":\"WebSite\",\"@id\":\"https:\/\/www.familinparis.fr\/en\/#website\",\"url\":\"https:\/\/www.familinparis.fr\/en\/\",\"name\":\"Familin&#039;Paris\",\"description\":\"Visiter le meilleur de Paris avec des enfants : sorties, spectacles, adresses de restaurants, shopping, bons plans...\",\"potentialAction\":[{\"@type\":\"SearchAction\",\"target\":{\"@type\":\"EntryPoint\",\"urlTemplate\":\"https:\/\/www.familinparis.fr\/en\/?s={search_term_string}\"},\"query-input\":{\"@type\":\"PropertyValueSpecification\",\"valueRequired\":true,\"valueName\":\"search_term_string\"}}],\"inLanguage\":\"en-US\"},{\"@type\":\"Person\",\"@id\":\"https:\/\/www.familinparis.fr\/en\/#\/schema\/person\/20deb9130cb58f76b535d316fe0aa31f\",\"name\":\"Agn\u00e8s\",\"image\":{\"@type\":\"ImageObject\",\"inLanguage\":\"en-US\",\"@id\":\"https:\/\/secure.gravatar.com\/avatar\/0ff338e2776ca662585d438b3bc140cbe7b54659207d3329065be97ffb37fa5a?s=96&d=identicon&r=g\",\"url\":\"https:\/\/secure.gravatar.com\/avatar\/0ff338e2776ca662585d438b3bc140cbe7b54659207d3329065be97ffb37fa5a?s=96&d=identicon&r=g\",\"contentUrl\":\"https:\/\/secure.gravatar.com\/avatar\/0ff338e2776ca662585d438b3bc140cbe7b54659207d3329065be97ffb37fa5a?s=96&d=identicon&r=g\",\"caption\":\"Agn\u00e8s\"}}]}<\/script>\n<!-- \/ Yoast SEO plugin. -->","yoast_head_json":{"title":"Swimming pools with small pool and paddling pool in Paris","description":"All swimming pools in Paris equipped with a small pool or paddling pool for babies and young children. The closest to you in one click.","robots":{"index":"index","follow":"follow","max-snippet":"max-snippet:-1","max-image-preview":"max-image-preview:large","max-video-preview":"max-video-preview:-1"},"canonical":"https:\/\/www.familinparis.fr\/en\/swimming-pools-with-a-small-pool-or-paddling-pool\/","og_locale":"en_US","og_type":"article","og_title":"Swimming pools with small pool and paddling pool in Paris","og_description":"All swimming pools in Paris equipped with a small pool or paddling pool for babies and young children. The closest to you in one click.","og_url":"https:\/\/www.familinparis.fr\/en\/swimming-pools-with-a-small-pool-or-paddling-pool\/","og_site_name":"Familin&#039;Paris","article_published_time":"2022-01-19T21:57:58+00:00","article_modified_time":"2026-02-12T12:37:20+00:00","og_image":[{"width":1920,"height":1280,"url":"https:\/\/www.familinparis.fr\/wp-content\/uploads\/LOISIRS\/piscine\/piscine-enfant-PLD.jpg","type":"image\/jpeg"}],"author":"Agn\u00e8s","twitter_card":"summary_large_image","twitter_misc":{"Written by":"Agn\u00e8s","Est. reading time":"2 minutes"},"schema":{"@context":"https:\/\/schema.org","@graph":[{"@type":"Article","@id":"https:\/\/www.familinparis.fr\/en\/swimming-pools-with-a-small-pool-or-paddling-pool\/#article","isPartOf":{"@id":"https:\/\/www.familinparis.fr\/en\/swimming-pools-with-a-small-pool-or-paddling-pool\/"},"author":{"name":"Agn\u00e8s","@id":"https:\/\/www.familinparis.fr\/en\/#\/schema\/person\/20deb9130cb58f76b535d316fe0aa31f"},"headline":"Swimming pools with a small pool or paddling pool","datePublished":"2022-01-19T21:57:58+00:00","dateModified":"2026-02-12T12:37:20+00:00","mainEntityOfPage":{"@id":"https:\/\/www.familinparis.fr\/en\/swimming-pools-with-a-small-pool-or-paddling-pool\/"},"wordCount":483,"commentCount":0,"image":{"@id":"https:\/\/www.familinparis.fr\/en\/swimming-pools-with-a-small-pool-or-paddling-pool\/#primaryimage"},"thumbnailUrl":"https:\/\/www.familinparis.fr\/wp-content\/uploads\/LOISIRS\/piscine\/piscine-enfant-PLD.jpg","keywords":["For 3-6 year olds","For babies"],"articleSection":["Leisure","Loisirs","Pool","Sports activities"],"inLanguage":"en-US","potentialAction":[{"@type":"CommentAction","name":"Comment","target":["https:\/\/www.familinparis.fr\/en\/swimming-pools-with-a-small-pool-or-paddling-pool\/#respond"]}]},{"@type":"WebPage","@id":"https:\/\/www.familinparis.fr\/en\/swimming-pools-with-a-small-pool-or-paddling-pool\/","url":"https:\/\/www.familinparis.fr\/en\/swimming-pools-with-a-small-pool-or-paddling-pool\/","name":"Swimming pools with small pool and paddling pool in Paris","isPartOf":{"@id":"https:\/\/www.familinparis.fr\/en\/#website"},"primaryImageOfPage":{"@id":"https:\/\/www.familinparis.fr\/en\/swimming-pools-with-a-small-pool-or-paddling-pool\/#primaryimage"},"image":{"@id":"https:\/\/www.familinparis.fr\/en\/swimming-pools-with-a-small-pool-or-paddling-pool\/#primaryimage"},"thumbnailUrl":"https:\/\/www.familinparis.fr\/wp-content\/uploads\/LOISIRS\/piscine\/piscine-enfant-PLD.jpg","datePublished":"2022-01-19T21:57:58+00:00","dateModified":"2026-02-12T12:37:20+00:00","author":{"@id":"https:\/\/www.familinparis.fr\/en\/#\/schema\/person\/20deb9130cb58f76b535d316fe0aa31f"},"description":"All swimming pools in Paris equipped with a small pool or paddling pool for babies and young children. The closest to you in one click.","breadcrumb":{"@id":"https:\/\/www.familinparis.fr\/en\/swimming-pools-with-a-small-pool-or-paddling-pool\/#breadcrumb"},"inLanguage":"en-US","potentialAction":[{"@type":"ReadAction","target":["https:\/\/www.familinparis.fr\/en\/swimming-pools-with-a-small-pool-or-paddling-pool\/"]}]},{"@type":"ImageObject","inLanguage":"en-US","@id":"https:\/\/www.familinparis.fr\/en\/swimming-pools-with-a-small-pool-or-paddling-pool\/#primaryimage","url":"https:\/\/www.familinparis.fr\/wp-content\/uploads\/LOISIRS\/piscine\/piscine-enfant-PLD.jpg","contentUrl":"https:\/\/www.familinparis.fr\/wp-content\/uploads\/LOISIRS\/piscine\/piscine-enfant-PLD.jpg","width":1920,"height":1280},{"@type":"BreadcrumbList","@id":"https:\/\/www.familinparis.fr\/en\/swimming-pools-with-a-small-pool-or-paddling-pool\/#breadcrumb","itemListElement":[{"@type":"ListItem","position":1,"name":"Home","item":"https:\/\/www.familinparis.fr\/en\/"},{"@type":"ListItem","position":2,"name":"Leisure","item":"https:\/\/www.familinparis.fr\/en\/categorie\/leisure-en\/"},{"@type":"ListItem","position":3,"name":"Pool","item":"https:\/\/www.familinparis.fr\/en\/categorie\/leisure-en\/pool\/"},{"@type":"ListItem","position":4,"name":"Swimming pools with a small pool or paddling pool"}]},{"@type":"WebSite","@id":"https:\/\/www.familinparis.fr\/en\/#website","url":"https:\/\/www.familinparis.fr\/en\/","name":"Familin&#039;Paris","description":"Visiter le meilleur de Paris avec des enfants : sorties, spectacles, adresses de restaurants, shopping, bons plans...","potentialAction":[{"@type":"SearchAction","target":{"@type":"EntryPoint","urlTemplate":"https:\/\/www.familinparis.fr\/en\/?s={search_term_string}"},"query-input":{"@type":"PropertyValueSpecification","valueRequired":true,"valueName":"search_term_string"}}],"inLanguage":"en-US"},{"@type":"Person","@id":"https:\/\/www.familinparis.fr\/en\/#\/schema\/person\/20deb9130cb58f76b535d316fe0aa31f","name":"Agn\u00e8s","image":{"@type":"ImageObject","inLanguage":"en-US","@id":"https:\/\/secure.gravatar.com\/avatar\/0ff338e2776ca662585d438b3bc140cbe7b54659207d3329065be97ffb37fa5a?s=96&d=identicon&r=g","url":"https:\/\/secure.gravatar.com\/avatar\/0ff338e2776ca662585d438b3bc140cbe7b54659207d3329065be97ffb37fa5a?s=96&d=identicon&r=g","contentUrl":"https:\/\/secure.gravatar.com\/avatar\/0ff338e2776ca662585d438b3bc140cbe7b54659207d3329065be97ffb37fa5a?s=96&d=identicon&r=g","caption":"Agn\u00e8s"}}]}},"uagb_featured_image_src":{"full":["https:\/\/www.familinparis.fr\/wp-content\/uploads\/LOISIRS\/piscine\/piscine-enfant-PLD.jpg",1920,1280,false],"thumbnail":["https:\/\/www.familinparis.fr\/wp-content\/uploads\/LOISIRS\/piscine\/piscine-enfant-PLD-150x150.jpg",150,150,true],"medium":["https:\/\/www.familinparis.fr\/wp-content\/uploads\/LOISIRS\/piscine\/piscine-enfant-PLD-300x200.jpg",300,200,true],"medium_large":["https:\/\/www.familinparis.fr\/wp-content\/uploads\/LOISIRS\/piscine\/piscine-enfant-PLD-768x512.jpg",768,512,true],"large":["https:\/\/www.familinparis.fr\/wp-content\/uploads\/LOISIRS\/piscine\/piscine-enfant-PLD-1024x683.jpg",770,514,true],"1536x1536":["https:\/\/www.familinparis.fr\/wp-content\/uploads\/LOISIRS\/piscine\/piscine-enfant-PLD-1536x1024.jpg",1536,1024,true],"2048x2048":["https:\/\/www.familinparis.fr\/wp-content\/uploads\/LOISIRS\/piscine\/piscine-enfant-PLD.jpg",1920,1280,false],"home-thumb":["https:\/\/www.familinparis.fr\/wp-content\/uploads\/LOISIRS\/piscine\/piscine-enfant-PLD-730x487.jpg",730,487,true],"home-slider":["https:\/\/www.familinparis.fr\/wp-content\/uploads\/LOISIRS\/piscine\/piscine-enfant-PLD-800x600.jpg",800,600,true],"lightbox-slider-size":["https:\/\/www.familinparis.fr\/wp-content\/uploads\/LOISIRS\/piscine\/piscine-enfant-PLD-564x282.jpg",564,282,true],"post-thumbnail":["https:\/\/www.familinparis.fr\/wp-content\/uploads\/LOISIRS\/piscine\/piscine-enfant-PLD-270x180.jpg",270,180,true],"cheerup-main":["https:\/\/www.familinparis.fr\/wp-content\/uploads\/LOISIRS\/piscine\/piscine-enfant-PLD-770x400.jpg",770,400,true],"cheerup-main-full":["https:\/\/www.familinparis.fr\/wp-content\/uploads\/LOISIRS\/piscine\/piscine-enfant-PLD-1170x508.jpg",1170,508,true],"cheerup-slider-alt":["https:\/\/www.familinparis.fr\/wp-content\/uploads\/LOISIRS\/piscine\/piscine-enfant-PLD-1170x508.jpg",1170,508,true],"cheerup-slider-trendy":["https:\/\/www.familinparis.fr\/wp-content\/uploads\/LOISIRS\/piscine\/piscine-enfant-PLD-960x508.jpg",960,508,true],"cheerup-slider-stylish":["https:\/\/www.familinparis.fr\/wp-content\/uploads\/LOISIRS\/piscine\/piscine-enfant-PLD-900x515.jpg",900,515,true],"cheerup-slider-grid":["https:\/\/www.familinparis.fr\/wp-content\/uploads\/LOISIRS\/piscine\/piscine-enfant-PLD-870x600.jpg",870,600,true],"cheerup-slider-grid-sm":["https:\/\/www.familinparis.fr\/wp-content\/uploads\/LOISIRS\/piscine\/piscine-enfant-PLD-300x300.jpg",300,300,true],"cheerup-slider-carousel":["https:\/\/www.familinparis.fr\/wp-content\/uploads\/LOISIRS\/piscine\/piscine-enfant-PLD-370x370.jpg",370,370,true],"cheerup-slider-grid-b":["https:\/\/www.familinparis.fr\/wp-content\/uploads\/LOISIRS\/piscine\/piscine-enfant-PLD-554x466.jpg",554,466,true],"cheerup-slider-grid-b-sm":["https:\/\/www.familinparis.fr\/wp-content\/uploads\/LOISIRS\/piscine\/piscine-enfant-PLD-306x466.jpg",306,466,true],"cheerup-slider-bold-sm":["https:\/\/www.familinparis.fr\/wp-content\/uploads\/LOISIRS\/piscine\/piscine-enfant-PLD-150x150.jpg",150,150,true],"cheerup-grid":["https:\/\/www.familinparis.fr\/wp-content\/uploads\/LOISIRS\/piscine\/piscine-enfant-PLD-370x285.jpg",370,285,true],"cheerup-carousel":["https:\/\/www.familinparis.fr\/wp-content\/uploads\/LOISIRS\/piscine\/piscine-enfant-PLD-270x180.jpg",270,180,true],"cheerup-carousel-b":["https:\/\/www.familinparis.fr\/wp-content\/uploads\/LOISIRS\/piscine\/piscine-enfant-PLD-370x285.jpg",370,285,true],"cheerup-list":["https:\/\/www.familinparis.fr\/wp-content\/uploads\/LOISIRS\/piscine\/piscine-enfant-PLD-260x200.jpg",260,200,true],"cheerup-list-b":["https:\/\/www.familinparis.fr\/wp-content\/uploads\/LOISIRS\/piscine\/piscine-enfant-PLD-370x305.jpg",370,305,true],"cheerup-thumb":["https:\/\/www.familinparis.fr\/wp-content\/uploads\/LOISIRS\/piscine\/piscine-enfant-PLD-87x67.jpg",87,67,true],"cheerup-thumb-alt":["https:\/\/www.familinparis.fr\/wp-content\/uploads\/LOISIRS\/piscine\/piscine-enfant-PLD-150x150.jpg",150,150,true]},"uagb_author_info":{"display_name":"Agn\u00e8s","author_link":"https:\/\/www.familinparis.fr\/en\/author\/agnes\/"},"uagb_comment_info":0,"uagb_excerpt":"With toddlers","_links":{"self":[{"href":"https:\/\/www.familinparis.fr\/en\/wp-json\/wp\/v2\/posts\/135612","targetHints":{"allow":["GET"]}}],"collection":[{"href":"https:\/\/www.familinparis.fr\/en\/wp-json\/wp\/v2\/posts"}],"about":[{"href":"https:\/\/www.familinparis.fr\/en\/wp-json\/wp\/v2\/types\/post"}],"author":[{"embeddable":true,"href":"https:\/\/www.familinparis.fr\/en\/wp-json\/wp\/v2\/users\/6"}],"replies":[{"embeddable":true,"href":"https:\/\/www.familinparis.fr\/en\/wp-json\/wp\/v2\/comments?post=135612"}],"version-history":[{"count":0,"href":"https:\/\/www.familinparis.fr\/en\/wp-json\/wp\/v2\/posts\/135612\/revisions"}],"wp:featuredmedia":[{"embeddable":true,"href":"https:\/\/www.familinparis.fr\/en\/wp-json\/wp\/v2\/media\/131053"}],"wp:attachment":[{"href":"https:\/\/www.familinparis.fr\/en\/wp-json\/wp\/v2\/media?parent=135612"}],"wp:term":[{"taxonomy":"category","embeddable":true,"href":"https:\/\/www.familinparis.fr\/en\/wp-json\/wp\/v2\/categories?post=135612"},{"taxonomy":"post_tag","embeddable":true,"href":"https:\/\/www.familinparis.fr\/en\/wp-json\/wp\/v2\/tags?post=135612"}],"curies":[{"name":"wp","href":"https:\/\/api.w.org\/{rel}","templated":true}]}}