{"id":135489,"date":"2025-06-02T10:37:00","date_gmt":"2025-06-02T08:37:00","guid":{"rendered":"https:\/\/www.familinparis.fr\/the-croq-sundays\/"},"modified":"2024-11-16T17:16:52","modified_gmt":"2024-11-16T15:16:52","slug":"the-croq-sundays","status":"publish","type":"post","link":"https:\/\/www.familinparis.fr\/en\/the-croq-sundays\/","title":{"rendered":"The Croq&#8217; Sundays"},"content":{"rendered":"<div class=\"lazyblock-baseline-29OAUe wp-block-lazyblock-baseline\"><div class=\"baseline\">From 3 years old<br>1 festival, 3 Sundays, 6 concerts and 24 musicians!<br>September 3 to 17, 2023<\/div><\/div>\n<div class=\"wp-block-buttons btn-pink is-layout-flex wp-block-buttons-is-layout-flex\">\n<div class=\"wp-block-button is-style-outline aligncenter is-style-outline--2\"><a class=\"wp-block-button__link wp-element-button\" href=\"https:\/\/www.lapochettemusicale.com\" target=\"_blank\" rel=\"noreferrer noopener nofollow\">I BOOK A CONCERT<\/a><\/div>\n<\/div>\n\n<div style=\"height:47px\" aria-hidden=\"true\" class=\"wp-block-spacer\"><\/div>\n\n<section class=\"wp-block-uagb-section uagb-section__wrap uagb-section__background-undefined uagb-block-61d9eaaf\"><div class=\"uagb-section__overlay\"><\/div><div class=\"uagb-section__inner-wrap\">\n<div class=\"wp-block-columns is-layout-flex wp-container-core-columns-is-layout-9d6595d7 wp-block-columns-is-layout-flex\">\n<div class=\"wp-block-column is-layout-flow wp-block-column-is-layout-flow\" style=\"flex-basis:66.66%\">\n<p><a href=\"https:\/\/www.familinparis.fr\/gouter-concert-pochette-musicale\/\">La Pochette Musicale<\/a> offers 6 gourmet concerts, for a family audience.<\/p>\n\n\n\n<h2 class=\"wp-block-heading has-text-align-left\"><strong>The program<\/strong> of the Croq&#8217; Dimanches<\/h2>\n\n\n\n<ul class=\"wp-block-list\">\n<li>September 4, 2022:\n<ul class=\"wp-block-list\">\n<li><strong>11 a.m.<\/strong> Caf\u00e9 musical:<strong><em> &#8220;Am\u00e9rica&#8221;,<\/em><\/strong> cello octet with Pauline Bartissol and the young talents of the CNSM<\/li>\n\n\n\n<li><strong>4 p.m. <\/strong>Snack-concert <strong><em>&#8220;The Heroic Story of the Horn&#8221;,<\/em><\/strong> from Bach to John Williams, with the HORNormes Quartet<\/li>\n<\/ul>\n<\/li>\n\n\n\n<li>September 11, 2022:\n<ul class=\"wp-block-list\">\n<li><strong>11 a.m. <\/strong>Caf\u00e9-musical <strong><em>&#8220;Happy who like Ulysses&#8221;<\/em><\/strong> with Aline Piboule, Spedidam generation artist<\/li>\n\n\n\n<li><strong>4 p.m.<\/strong> <strong><em>Snack-concert &#8220;The (4) Seasons&#8221;,<\/em><\/strong> carte blanche to the Pochette Musicale team<\/li>\n<\/ul>\n<\/li>\n\n\n\n<li>September 18, 2022\n<ul class=\"wp-block-list\">\n<li><strong>11 a.m.<\/strong> Musical Caf\u00e9 <strong><em>&#8220;Dvorak, a child of Bohemia&#8221; <\/em><\/strong>with the Atanassov Trio<\/li>\n\n\n\n<li><strong>4 p.m. <\/strong>Snack-concert <strong><em>&#8220;An afternoon with Verdi&#8221; <\/em><\/strong>with Axelle Fanyo, soprano, artist of the Spedidam generation and Louise Akili, pianist.<\/li>\n<\/ul>\n<\/li>\n<\/ul>\n<\/div>\n\n\n\n<div class=\"wp-block-column is-layout-flow wp-block-column-is-layout-flow\" style=\"flex-basis:33.33%\">\n<figure class=\"wp-block-image size-large\"><img decoding=\"async\" width=\"761\" height=\"1024\" src=\"https:\/\/www.familinparis.fr\/wp-content\/uploads\/photos-partenaires\/evenement\/affiche-les-croq-dimanche-a-bagatelle-761x1024.jpg\" alt=\"Classical concerts Les Croq'dimanches in Bagatelle\" class=\"wp-image-71999\" srcset=\"https:\/\/www.familinparis.fr\/wp-content\/uploads\/photos-partenaires\/evenement\/affiche-les-croq-dimanche-a-bagatelle-761x1024.jpg 761w, https:\/\/www.familinparis.fr\/wp-content\/uploads\/photos-partenaires\/evenement\/affiche-les-croq-dimanche-a-bagatelle-223x300.jpg 223w, https:\/\/www.familinparis.fr\/wp-content\/uploads\/photos-partenaires\/evenement\/affiche-les-croq-dimanche-a-bagatelle-768x1034.jpg 768w, https:\/\/www.familinparis.fr\/wp-content\/uploads\/photos-partenaires\/evenement\/affiche-les-croq-dimanche-a-bagatelle-1141x1536.jpg 1141w, https:\/\/www.familinparis.fr\/wp-content\/uploads\/photos-partenaires\/evenement\/affiche-les-croq-dimanche-a-bagatelle-9x12.jpg 9w, https:\/\/www.familinparis.fr\/wp-content\/uploads\/photos-partenaires\/evenement\/affiche-les-croq-dimanche-a-bagatelle-542x730.jpg 542w, https:\/\/www.familinparis.fr\/wp-content\/uploads\/photos-partenaires\/evenement\/affiche-les-croq-dimanche-a-bagatelle.jpg 1200w\" sizes=\"(max-width: 761px) 100vw, 761px\" \/><\/figure>\n<\/div>\n<\/div>\n<\/div><\/section>\n\n<div style=\"height:37px\" aria-hidden=\"true\" class=\"wp-block-spacer\"><\/div>\n\n<section class=\"wp-block-uagb-section uagb-section__wrap uagb-section__background-undefined uagb-block-c771b06a\"><div class=\"uagb-section__overlay\"><\/div><div class=\"uagb-section__inner-wrap\">\n<h2 class=\"wp-block-heading has-text-align-center\"><strong>Practical information<\/strong><\/h2>\n\n\n\n<ul class=\"wp-block-list\">\n<li><strong>Age<\/strong> : from 3 years old (but little brothers and sisters, in strollers, on 4 legs&#8230; are welcome)<\/li>\n\n\n\n<li><strong>Where<\/strong> : at the Orangerie du parc de Bagatelle in the Bois de Boulogne (Paris, 16th)<\/li>\n\n\n\n<li><strong>Schedule<\/strong> : concerts at 11 am in the morning and at 4 pm in the afternoon.<\/li>\n\n\n\n<li><strong>Full price<\/strong> : 20 euros<\/li>\n\n\n\n<li><strong>Reduced price*<\/strong> : 15 euros<\/li>\n\n\n\n<li><strong>Good to know<\/strong> : the tickets purchased for the Orangerie will also give you access to the Bagatelle park<\/li>\n\n\n\n<li>Free for children under 3 years old.<\/li>\n<\/ul>\n\n\n\n<ul class=\"wp-block-list\">\n<li>Reduced rate for those over 65 years old, job seekers, beneficiaries of the RSA and\/or the single parent allowance<\/li>\n<\/ul>\n<\/div><\/section>\n\n<div style=\"height:51px\" aria-hidden=\"true\" class=\"wp-block-spacer\"><\/div>\n<div class=\"wp-block-image\">\n<figure class=\"aligncenter size-large\"><img decoding=\"async\" width=\"1024\" height=\"683\" src=\"https:\/\/www.familinparis.fr\/wp-content\/uploads\/photos-partenaires\/evenement\/concert-les-crod-dimanches-bagatelle-75016-1024x683.jpg\" alt=\"the classical concerts of the Croq' Dimanches\" class=\"wp-image-71995\" srcset=\"https:\/\/www.familinparis.fr\/wp-content\/uploads\/photos-partenaires\/evenement\/concert-les-crod-dimanches-bagatelle-75016-1024x683.jpg 1024w, https:\/\/www.familinparis.fr\/wp-content\/uploads\/photos-partenaires\/evenement\/concert-les-crod-dimanches-bagatelle-75016-300x200.jpg 300w, https:\/\/www.familinparis.fr\/wp-content\/uploads\/photos-partenaires\/evenement\/concert-les-crod-dimanches-bagatelle-75016-768x512.jpg 768w, https:\/\/www.familinparis.fr\/wp-content\/uploads\/photos-partenaires\/evenement\/concert-les-crod-dimanches-bagatelle-75016-18x12.jpg 18w, https:\/\/www.familinparis.fr\/wp-content\/uploads\/photos-partenaires\/evenement\/concert-les-crod-dimanches-bagatelle-75016-730x487.jpg 730w, https:\/\/www.familinparis.fr\/wp-content\/uploads\/photos-partenaires\/evenement\/concert-les-crod-dimanches-bagatelle-75016-270x180.jpg 270w, https:\/\/www.familinparis.fr\/wp-content\/uploads\/photos-partenaires\/evenement\/concert-les-crod-dimanches-bagatelle-75016.jpg 1280w\" sizes=\"(max-width: 1024px) 100vw, 1024px\" \/><\/figure>\n<\/div>\n<div style=\"height:37px\" aria-hidden=\"true\" class=\"wp-block-spacer\"><\/div>\n\n<h2 class=\"wp-block-heading has-text-align-center\">Concerts for young audiences in Paris<\/h2>\n\n\t\t\t<div class=\"wp-block-uagb-post-grid uagb-post-grid  uagb-post__image-position-top uagb-post__image-enabled uagb-block-952336cb     uagb-post__items uagb-post__columns-5 is-grid uagb-post__columns-tablet-2 uagb-post__columns-mobile-1 uagb-post__equal-height\" data-total=\"3\" style=\"\">\n\n\t\t\t\t\t\t\t\t\t\t\t\t<article class=\"uagb-post__inner-wrap\">\t\t\t\t\t\t\t\t<div class='uagb-post__image'>\n\t\t\t\t\t\t\t\t\t<a href=\"https:\/\/www.familinparis.fr\/en\/a-family-concert-at-the-opera-comique\/\" target=\"_self\" rel=\"bookmark noopener noreferrer\" class='uagb-image-ratio-inherit'><img decoding=\"async\" width=\"270\" height=\"180\" src=\"https:\/\/www.familinparis.fr\/wp-content\/uploads\/Spectacles\/MUSICAL\/En-famille-opera-comique-270x180.jpg\" class=\"attachment-cheerup-carousel size-cheerup-carousel\" alt=\"\" \/>\t\t\t\t\t<\/a>\n\t\t\t\t\t\t\t<\/div>\n\t\t\t\t\t\t<h4 class=\"uagb-post__title uagb-post__text\">\n\t\t\t\t<a href=\"https:\/\/www.familinparis.fr\/en\/a-family-concert-at-the-opera-comique\/\" target=\"_self\" rel=\"bookmark noopener noreferrer\">Op\u00e9ra Comique: family workshops &#8220;Voices in sharing&#8221;<\/a>\n\t\t\t<\/h4>\n\t\t\t\t\t\t<div class='uagb-post__text uagb-post-grid-byline'>\n\t\t\t\t\t\t\t<\/div>\n\t\t\t\n\t\t\t\t\t\t\t\t\t<\/article>\n\t\t\t\t\t\t\t\t\t\t\t\t\t\t\t\t<article class=\"uagb-post__inner-wrap\">\t\t\t\t\t\t\t\t<div class='uagb-post__image'>\n\t\t\t\t\t\t\t\t\t<a href=\"https:\/\/www.familinparis.fr\/en\/candlelight-concert-in-paris\/\" target=\"_self\" rel=\"bookmark noopener noreferrer\" class='uagb-image-ratio-inherit'><img decoding=\"async\" width=\"270\" height=\"180\" src=\"https:\/\/www.familinparis.fr\/wp-content\/uploads\/2026\/01\/les-concerts-candelight-270x180.jpg\" class=\"attachment-cheerup-carousel size-cheerup-carousel\" alt=\"Les concerts Candeligth\" srcset=\"https:\/\/www.familinparis.fr\/wp-content\/uploads\/2026\/01\/les-concerts-candelight-270x180.jpg 270w, https:\/\/www.familinparis.fr\/wp-content\/uploads\/2026\/01\/les-concerts-candelight-300x200.jpg 300w, https:\/\/www.familinparis.fr\/wp-content\/uploads\/2026\/01\/les-concerts-candelight-768x512.jpg 768w, https:\/\/www.familinparis.fr\/wp-content\/uploads\/2026\/01\/les-concerts-candelight-730x487.jpg 730w, https:\/\/www.familinparis.fr\/wp-content\/uploads\/2026\/01\/les-concerts-candelight.jpg 900w\" sizes=\"(max-width: 270px) 100vw, 270px\" \/>\t\t\t\t\t<\/a>\n\t\t\t\t\t\t\t<\/div>\n\t\t\t\t\t\t<h4 class=\"uagb-post__title uagb-post__text\">\n\t\t\t\t<a href=\"https:\/\/www.familinparis.fr\/en\/candlelight-concert-in-paris\/\" target=\"_self\" rel=\"bookmark noopener noreferrer\">Les concerts Candlelight<\/a>\n\t\t\t<\/h4>\n\t\t\t\t\t\t<div class='uagb-post__text uagb-post-grid-byline'>\n\t\t\t\t\t\t\t<\/div>\n\t\t\t\n\t\t\t\t\t\t\t\t\t<\/article>\n\t\t\t\t\t\t\t\t\t\t\t\t\t\t\t\t<article class=\"uagb-post__inner-wrap\">\t\t\t\t\t\t\t\t<div class='uagb-post__image'>\n\t\t\t\t\t\t\t\t\t<a href=\"https:\/\/www.familinparis.fr\/en\/concerts-for-young-audiences-at-the-theatre-des-champs-elysees\/\" target=\"_self\" rel=\"bookmark noopener noreferrer\" class='uagb-image-ratio-inherit'><img decoding=\"async\" width=\"270\" height=\"180\" src=\"https:\/\/www.familinparis.fr\/wp-content\/uploads\/Spectacles\/concerts\/theatre-des-champs-elysees-270x180.jpg\" class=\"attachment-cheerup-carousel size-cheerup-carousel\" alt=\"\" srcset=\"https:\/\/www.familinparis.fr\/wp-content\/uploads\/Spectacles\/concerts\/theatre-des-champs-elysees-270x180.jpg 270w, https:\/\/www.familinparis.fr\/wp-content\/uploads\/Spectacles\/concerts\/theatre-des-champs-elysees-300x201.jpg 300w, https:\/\/www.familinparis.fr\/wp-content\/uploads\/Spectacles\/concerts\/theatre-des-champs-elysees-768x513.jpg 768w, https:\/\/www.familinparis.fr\/wp-content\/uploads\/Spectacles\/concerts\/theatre-des-champs-elysees-18x12.jpg 18w, https:\/\/www.familinparis.fr\/wp-content\/uploads\/Spectacles\/concerts\/theatre-des-champs-elysees-730x488.jpg 730w, https:\/\/www.familinparis.fr\/wp-content\/uploads\/Spectacles\/concerts\/theatre-des-champs-elysees.jpg 772w\" sizes=\"(max-width: 270px) 100vw, 270px\" \/>\t\t\t\t\t<\/a>\n\t\t\t\t\t\t\t<\/div>\n\t\t\t\t\t\t<h4 class=\"uagb-post__title uagb-post__text\">\n\t\t\t\t<a href=\"https:\/\/www.familinparis.fr\/en\/concerts-for-young-audiences-at-the-theatre-des-champs-elysees\/\" target=\"_self\" rel=\"bookmark noopener noreferrer\">Concerts for young audiences at the Th\u00e9\u00e2tre des Champs-Elys\u00e9es<\/a>\n\t\t\t<\/h4>\n\t\t\t\t\t\t<div class='uagb-post__text uagb-post-grid-byline'>\n\t\t\t\t\t\t\t<\/div>\n\t\t\t\n\t\t\t\t\t\t\t\t\t<\/article>\n\t\t\t\t\t\t\t\t\t\t\t\t\t\t\t\t<article class=\"uagb-post__inner-wrap\">\t\t\t\t\t\t\t\t<div class='uagb-post__image'>\n\t\t\t\t\t\t\t\t\t<a href=\"https:\/\/www.familinparis.fr\/en\/luminiscence-paris-immersive-show\/\" target=\"_self\" rel=\"bookmark noopener noreferrer\" class='uagb-image-ratio-inherit'><img decoding=\"async\" width=\"270\" height=\"180\" src=\"https:\/\/www.familinparis.fr\/wp-content\/uploads\/2024\/03\/luminiscence-saint-eustache-paris-1er-\u00a9Mikhail-Sytenkov-270x180.jpg\" class=\"attachment-cheerup-carousel size-cheerup-carousel\" alt=\"\" srcset=\"https:\/\/www.familinparis.fr\/wp-content\/uploads\/2024\/03\/luminiscence-saint-eustache-paris-1er-\u00a9Mikhail-Sytenkov-270x180.jpg 270w, https:\/\/www.familinparis.fr\/wp-content\/uploads\/2024\/03\/luminiscence-saint-eustache-paris-1er-\u00a9Mikhail-Sytenkov-300x200.jpg 300w, https:\/\/www.familinparis.fr\/wp-content\/uploads\/2024\/03\/luminiscence-saint-eustache-paris-1er-\u00a9Mikhail-Sytenkov-1024x682.jpg 1024w, https:\/\/www.familinparis.fr\/wp-content\/uploads\/2024\/03\/luminiscence-saint-eustache-paris-1er-\u00a9Mikhail-Sytenkov-768x512.jpg 768w, https:\/\/www.familinparis.fr\/wp-content\/uploads\/2024\/03\/luminiscence-saint-eustache-paris-1er-\u00a9Mikhail-Sytenkov-730x486.jpg 730w, https:\/\/www.familinparis.fr\/wp-content\/uploads\/2024\/03\/luminiscence-saint-eustache-paris-1er-\u00a9Mikhail-Sytenkov.jpg 1280w\" sizes=\"(max-width: 270px) 100vw, 270px\" \/>\t\t\t\t\t<\/a>\n\t\t\t\t\t\t\t<\/div>\n\t\t\t\t\t\t<h4 class=\"uagb-post__title uagb-post__text\">\n\t\t\t\t<a href=\"https:\/\/www.familinparis.fr\/en\/luminiscence-paris-immersive-show\/\" target=\"_self\" rel=\"bookmark noopener noreferrer\">Luminiscence Paris: Immersive show<\/a>\n\t\t\t<\/h4>\n\t\t\t\t\t\t<div class='uagb-post__text uagb-post-grid-byline'>\n\t\t\t\t\t\t\t<\/div>\n\t\t\t\n\t\t\t\t\t\t\t\t\t<\/article>\n\t\t\t\t\t\t\t\t\t\t\t\t\t\t\t\t<article class=\"uagb-post__inner-wrap\">\t\t\t\t\t\t\t\t<div class='uagb-post__image'>\n\t\t\t\t\t\t\t\t\t<a href=\"https:\/\/www.familinparis.fr\/en\/parent-child-workshops-at-opera-comique\/\" target=\"_self\" rel=\"bookmark noopener noreferrer\" class='uagb-image-ratio-inherit'><img decoding=\"async\" width=\"270\" height=\"180\" src=\"https:\/\/www.familinparis.fr\/wp-content\/uploads\/Spectacles\/MUSICAL\/opera-comique-270x180.jpg\" class=\"attachment-cheerup-carousel size-cheerup-carousel\" alt=\"\" \/>\t\t\t\t\t<\/a>\n\t\t\t\t\t\t\t<\/div>\n\t\t\t\t\t\t<h4 class=\"uagb-post__title uagb-post__text\">\n\t\t\t\t<a href=\"https:\/\/www.familinparis.fr\/en\/parent-child-workshops-at-opera-comique\/\" target=\"_self\" rel=\"bookmark noopener noreferrer\">Parent-child workshops at Op\u00e9ra Comique<\/a>\n\t\t\t<\/h4>\n\t\t\t\t\t\t<div class='uagb-post__text uagb-post-grid-byline'>\n\t\t\t\t\t\t\t<\/div>\n\t\t\t\n\t\t\t\t\t\t\t\t\t<\/article>\n\t\t\t\t\t\t\t\t\t\t\t<\/div>\n\t\t\t\n<div style=\"height:100px\" aria-hidden=\"true\" class=\"wp-block-spacer\"><\/div>\n\n<div class=\"wp-block-buttons is-horizontal is-content-justification-center is-layout-flex wp-container-core-buttons-is-layout-499968f5 wp-block-buttons-is-layout-flex\">\n<div class=\"wp-block-button\"><a class=\"wp-block-button__link has-white-color has-text-color has-background wp-element-button\" href=\"https:\/\/www.familinparis.fr\/en\/classical-and-jazz-concerts\/\" style=\"border-radius:1px;background-color:#73c6b6\">ALL CONCERTS FOR YOUNG AUDIENCES<\/a><\/div>\n\n\n\n<div class=\"wp-block-button\"><a class=\"wp-block-button__link has-white-color has-text-color has-background wp-element-button\" href=\"https:\/\/www.familinparis.fr\/en\/shows-for-children-and-teenagers-in-paris\/\" style=\"border-radius:1px;background-color:#73c6b6\">SHOWS FOR CHILDREN<\/a><\/div>\n<\/div>\n\n<div style=\"height:100px\" aria-hidden=\"true\" class=\"wp-block-spacer\"><\/div>\n","protected":false},"excerpt":{"rendered":"<p>Concerts for young audiences in Paris<\/p>\n","protected":false},"author":6,"featured_media":130982,"comment_status":"open","ping_status":"open","sticky":false,"template":"","format":"standard","meta":{"_uag_custom_page_level_css":"","footnotes":""},"categories":[1252],"tags":[1397,1399],"class_list":{"0":"post-135489","1":"post","2":"type-post","3":"status-publish","4":"format-standard","5":"has-post-thumbnail","7":"category-archives-en","8":"tag-september-archive","9":"tag-shows-archives"},"yoast_head":"<!-- This site is optimized with the Yoast SEO plugin v27.2 - https:\/\/yoast.com\/product\/yoast-seo-wordpress\/ -->\n<title>Les Croq&#039; Dimanches &gt;&gt; Classical concerts with the family in Bagatelle<\/title>\n<meta name=\"description\" content=\"Concerts for young audiences in September at Bagatelle with the Pochette musicale\" \/>\n<meta name=\"robots\" content=\"index, follow, max-snippet:-1, max-image-preview:large, max-video-preview:-1\" \/>\n<link rel=\"canonical\" href=\"https:\/\/www.familinparis.fr\/en\/the-croq-sundays\/\" \/>\n<meta property=\"og:locale\" content=\"en_US\" \/>\n<meta property=\"og:type\" content=\"article\" \/>\n<meta property=\"og:title\" content=\"Les Croq&#039; Dimanches &gt;&gt; Classical concerts with the family in Bagatelle\" \/>\n<meta property=\"og:description\" content=\"Concerts for young audiences in September at Bagatelle with the Pochette musicale\" \/>\n<meta property=\"og:url\" content=\"https:\/\/www.familinparis.fr\/en\/the-croq-sundays\/\" \/>\n<meta property=\"og:site_name\" content=\"Familin&#039;Paris\" \/>\n<meta property=\"article:published_time\" content=\"2025-06-02T08:37:00+00:00\" \/>\n<meta property=\"og:image\" content=\"https:\/\/www.familinparis.fr\/wp-content\/uploads\/photos-partenaires\/evenement\/affiche-les-croq-dimanche-a-bagatelle.jpg\" \/>\n\t<meta property=\"og:image:width\" content=\"1200\" \/>\n\t<meta property=\"og:image:height\" content=\"1615\" \/>\n\t<meta property=\"og:image:type\" content=\"image\/jpeg\" \/>\n<meta name=\"author\" content=\"Agn\u00e8s\" \/>\n<meta name=\"twitter:card\" content=\"summary_large_image\" \/>\n<meta name=\"twitter:label1\" content=\"Written by\" \/>\n\t<meta name=\"twitter:data1\" content=\"Agn\u00e8s\" \/>\n\t<meta name=\"twitter:label2\" content=\"Est. reading time\" \/>\n\t<meta name=\"twitter:data2\" content=\"1 minute\" \/>\n<script type=\"application\/ld+json\" class=\"yoast-schema-graph\">{\"@context\":\"https:\/\/schema.org\",\"@graph\":[{\"@type\":\"Article\",\"@id\":\"https:\/\/www.familinparis.fr\/en\/the-croq-sundays\/#article\",\"isPartOf\":{\"@id\":\"https:\/\/www.familinparis.fr\/en\/the-croq-sundays\/\"},\"author\":{\"name\":\"Agn\u00e8s\",\"@id\":\"https:\/\/www.familinparis.fr\/en\/#\/schema\/person\/20deb9130cb58f76b535d316fe0aa31f\"},\"headline\":\"The Croq&#8217; Sundays\",\"datePublished\":\"2025-06-02T08:37:00+00:00\",\"mainEntityOfPage\":{\"@id\":\"https:\/\/www.familinparis.fr\/en\/the-croq-sundays\/\"},\"wordCount\":229,\"commentCount\":0,\"image\":{\"@id\":\"https:\/\/www.familinparis.fr\/en\/the-croq-sundays\/#primaryimage\"},\"thumbnailUrl\":\"https:\/\/www.familinparis.fr\/wp-content\/uploads\/photos-partenaires\/evenement\/affiche-les-croq-dimanche-a-bagatelle.jpg\",\"keywords\":[\"September Archive\",\"Shows archives\"],\"articleSection\":[\"Archives\"],\"inLanguage\":\"en-US\",\"potentialAction\":[{\"@type\":\"CommentAction\",\"name\":\"Comment\",\"target\":[\"https:\/\/www.familinparis.fr\/en\/the-croq-sundays\/#respond\"]}]},{\"@type\":\"WebPage\",\"@id\":\"https:\/\/www.familinparis.fr\/en\/the-croq-sundays\/\",\"url\":\"https:\/\/www.familinparis.fr\/en\/the-croq-sundays\/\",\"name\":\"Les Croq' Dimanches >> Classical concerts with the family in Bagatelle\",\"isPartOf\":{\"@id\":\"https:\/\/www.familinparis.fr\/en\/#website\"},\"primaryImageOfPage\":{\"@id\":\"https:\/\/www.familinparis.fr\/en\/the-croq-sundays\/#primaryimage\"},\"image\":{\"@id\":\"https:\/\/www.familinparis.fr\/en\/the-croq-sundays\/#primaryimage\"},\"thumbnailUrl\":\"https:\/\/www.familinparis.fr\/wp-content\/uploads\/photos-partenaires\/evenement\/affiche-les-croq-dimanche-a-bagatelle.jpg\",\"datePublished\":\"2025-06-02T08:37:00+00:00\",\"author\":{\"@id\":\"https:\/\/www.familinparis.fr\/en\/#\/schema\/person\/20deb9130cb58f76b535d316fe0aa31f\"},\"description\":\"Concerts for young audiences in September at Bagatelle with the Pochette musicale\",\"breadcrumb\":{\"@id\":\"https:\/\/www.familinparis.fr\/en\/the-croq-sundays\/#breadcrumb\"},\"inLanguage\":\"en-US\",\"potentialAction\":[{\"@type\":\"ReadAction\",\"target\":[\"https:\/\/www.familinparis.fr\/en\/the-croq-sundays\/\"]}]},{\"@type\":\"ImageObject\",\"inLanguage\":\"en-US\",\"@id\":\"https:\/\/www.familinparis.fr\/en\/the-croq-sundays\/#primaryimage\",\"url\":\"https:\/\/www.familinparis.fr\/wp-content\/uploads\/photos-partenaires\/evenement\/affiche-les-croq-dimanche-a-bagatelle.jpg\",\"contentUrl\":\"https:\/\/www.familinparis.fr\/wp-content\/uploads\/photos-partenaires\/evenement\/affiche-les-croq-dimanche-a-bagatelle.jpg\",\"width\":1200,\"height\":1615},{\"@type\":\"BreadcrumbList\",\"@id\":\"https:\/\/www.familinparis.fr\/en\/the-croq-sundays\/#breadcrumb\",\"itemListElement\":[{\"@type\":\"ListItem\",\"position\":1,\"name\":\"Home\",\"item\":\"https:\/\/www.familinparis.fr\/en\/\"},{\"@type\":\"ListItem\",\"position\":2,\"name\":\"Archives\",\"item\":\"https:\/\/www.familinparis.fr\/en\/categorie\/archives-en\/\"},{\"@type\":\"ListItem\",\"position\":3,\"name\":\"The Croq&rsquo; Sundays\"}]},{\"@type\":\"WebSite\",\"@id\":\"https:\/\/www.familinparis.fr\/en\/#website\",\"url\":\"https:\/\/www.familinparis.fr\/en\/\",\"name\":\"Familin&#039;Paris\",\"description\":\"Visiter le meilleur de Paris avec des enfants : sorties, spectacles, adresses de restaurants, shopping, bons plans...\",\"potentialAction\":[{\"@type\":\"SearchAction\",\"target\":{\"@type\":\"EntryPoint\",\"urlTemplate\":\"https:\/\/www.familinparis.fr\/en\/?s={search_term_string}\"},\"query-input\":{\"@type\":\"PropertyValueSpecification\",\"valueRequired\":true,\"valueName\":\"search_term_string\"}}],\"inLanguage\":\"en-US\"},{\"@type\":\"Person\",\"@id\":\"https:\/\/www.familinparis.fr\/en\/#\/schema\/person\/20deb9130cb58f76b535d316fe0aa31f\",\"name\":\"Agn\u00e8s\",\"image\":{\"@type\":\"ImageObject\",\"inLanguage\":\"en-US\",\"@id\":\"https:\/\/secure.gravatar.com\/avatar\/0ff338e2776ca662585d438b3bc140cbe7b54659207d3329065be97ffb37fa5a?s=96&d=identicon&r=g\",\"url\":\"https:\/\/secure.gravatar.com\/avatar\/0ff338e2776ca662585d438b3bc140cbe7b54659207d3329065be97ffb37fa5a?s=96&d=identicon&r=g\",\"contentUrl\":\"https:\/\/secure.gravatar.com\/avatar\/0ff338e2776ca662585d438b3bc140cbe7b54659207d3329065be97ffb37fa5a?s=96&d=identicon&r=g\",\"caption\":\"Agn\u00e8s\"}}]}<\/script>\n<!-- \/ Yoast SEO plugin. -->","yoast_head_json":{"title":"Les Croq' Dimanches >> Classical concerts with the family in Bagatelle","description":"Concerts for young audiences in September at Bagatelle with the Pochette musicale","robots":{"index":"index","follow":"follow","max-snippet":"max-snippet:-1","max-image-preview":"max-image-preview:large","max-video-preview":"max-video-preview:-1"},"canonical":"https:\/\/www.familinparis.fr\/en\/the-croq-sundays\/","og_locale":"en_US","og_type":"article","og_title":"Les Croq' Dimanches >> Classical concerts with the family in Bagatelle","og_description":"Concerts for young audiences in September at Bagatelle with the Pochette musicale","og_url":"https:\/\/www.familinparis.fr\/en\/the-croq-sundays\/","og_site_name":"Familin&#039;Paris","article_published_time":"2025-06-02T08:37:00+00:00","og_image":[{"width":1200,"height":1615,"url":"https:\/\/www.familinparis.fr\/wp-content\/uploads\/photos-partenaires\/evenement\/affiche-les-croq-dimanche-a-bagatelle.jpg","type":"image\/jpeg"}],"author":"Agn\u00e8s","twitter_card":"summary_large_image","twitter_misc":{"Written by":"Agn\u00e8s","Est. reading time":"1 minute"},"schema":{"@context":"https:\/\/schema.org","@graph":[{"@type":"Article","@id":"https:\/\/www.familinparis.fr\/en\/the-croq-sundays\/#article","isPartOf":{"@id":"https:\/\/www.familinparis.fr\/en\/the-croq-sundays\/"},"author":{"name":"Agn\u00e8s","@id":"https:\/\/www.familinparis.fr\/en\/#\/schema\/person\/20deb9130cb58f76b535d316fe0aa31f"},"headline":"The Croq&#8217; Sundays","datePublished":"2025-06-02T08:37:00+00:00","mainEntityOfPage":{"@id":"https:\/\/www.familinparis.fr\/en\/the-croq-sundays\/"},"wordCount":229,"commentCount":0,"image":{"@id":"https:\/\/www.familinparis.fr\/en\/the-croq-sundays\/#primaryimage"},"thumbnailUrl":"https:\/\/www.familinparis.fr\/wp-content\/uploads\/photos-partenaires\/evenement\/affiche-les-croq-dimanche-a-bagatelle.jpg","keywords":["September Archive","Shows archives"],"articleSection":["Archives"],"inLanguage":"en-US","potentialAction":[{"@type":"CommentAction","name":"Comment","target":["https:\/\/www.familinparis.fr\/en\/the-croq-sundays\/#respond"]}]},{"@type":"WebPage","@id":"https:\/\/www.familinparis.fr\/en\/the-croq-sundays\/","url":"https:\/\/www.familinparis.fr\/en\/the-croq-sundays\/","name":"Les Croq' Dimanches >> Classical concerts with the family in Bagatelle","isPartOf":{"@id":"https:\/\/www.familinparis.fr\/en\/#website"},"primaryImageOfPage":{"@id":"https:\/\/www.familinparis.fr\/en\/the-croq-sundays\/#primaryimage"},"image":{"@id":"https:\/\/www.familinparis.fr\/en\/the-croq-sundays\/#primaryimage"},"thumbnailUrl":"https:\/\/www.familinparis.fr\/wp-content\/uploads\/photos-partenaires\/evenement\/affiche-les-croq-dimanche-a-bagatelle.jpg","datePublished":"2025-06-02T08:37:00+00:00","author":{"@id":"https:\/\/www.familinparis.fr\/en\/#\/schema\/person\/20deb9130cb58f76b535d316fe0aa31f"},"description":"Concerts for young audiences in September at Bagatelle with the Pochette musicale","breadcrumb":{"@id":"https:\/\/www.familinparis.fr\/en\/the-croq-sundays\/#breadcrumb"},"inLanguage":"en-US","potentialAction":[{"@type":"ReadAction","target":["https:\/\/www.familinparis.fr\/en\/the-croq-sundays\/"]}]},{"@type":"ImageObject","inLanguage":"en-US","@id":"https:\/\/www.familinparis.fr\/en\/the-croq-sundays\/#primaryimage","url":"https:\/\/www.familinparis.fr\/wp-content\/uploads\/photos-partenaires\/evenement\/affiche-les-croq-dimanche-a-bagatelle.jpg","contentUrl":"https:\/\/www.familinparis.fr\/wp-content\/uploads\/photos-partenaires\/evenement\/affiche-les-croq-dimanche-a-bagatelle.jpg","width":1200,"height":1615},{"@type":"BreadcrumbList","@id":"https:\/\/www.familinparis.fr\/en\/the-croq-sundays\/#breadcrumb","itemListElement":[{"@type":"ListItem","position":1,"name":"Home","item":"https:\/\/www.familinparis.fr\/en\/"},{"@type":"ListItem","position":2,"name":"Archives","item":"https:\/\/www.familinparis.fr\/en\/categorie\/archives-en\/"},{"@type":"ListItem","position":3,"name":"The Croq&rsquo; Sundays"}]},{"@type":"WebSite","@id":"https:\/\/www.familinparis.fr\/en\/#website","url":"https:\/\/www.familinparis.fr\/en\/","name":"Familin&#039;Paris","description":"Visiter le meilleur de Paris avec des enfants : sorties, spectacles, adresses de restaurants, shopping, bons plans...","potentialAction":[{"@type":"SearchAction","target":{"@type":"EntryPoint","urlTemplate":"https:\/\/www.familinparis.fr\/en\/?s={search_term_string}"},"query-input":{"@type":"PropertyValueSpecification","valueRequired":true,"valueName":"search_term_string"}}],"inLanguage":"en-US"},{"@type":"Person","@id":"https:\/\/www.familinparis.fr\/en\/#\/schema\/person\/20deb9130cb58f76b535d316fe0aa31f","name":"Agn\u00e8s","image":{"@type":"ImageObject","inLanguage":"en-US","@id":"https:\/\/secure.gravatar.com\/avatar\/0ff338e2776ca662585d438b3bc140cbe7b54659207d3329065be97ffb37fa5a?s=96&d=identicon&r=g","url":"https:\/\/secure.gravatar.com\/avatar\/0ff338e2776ca662585d438b3bc140cbe7b54659207d3329065be97ffb37fa5a?s=96&d=identicon&r=g","contentUrl":"https:\/\/secure.gravatar.com\/avatar\/0ff338e2776ca662585d438b3bc140cbe7b54659207d3329065be97ffb37fa5a?s=96&d=identicon&r=g","caption":"Agn\u00e8s"}}]}},"uagb_featured_image_src":{"full":["https:\/\/www.familinparis.fr\/wp-content\/uploads\/photos-partenaires\/evenement\/affiche-les-croq-dimanche-a-bagatelle.jpg",1200,1615,false],"thumbnail":["https:\/\/www.familinparis.fr\/wp-content\/uploads\/photos-partenaires\/evenement\/affiche-les-croq-dimanche-a-bagatelle-150x150.jpg",150,150,true],"medium":["https:\/\/www.familinparis.fr\/wp-content\/uploads\/photos-partenaires\/evenement\/affiche-les-croq-dimanche-a-bagatelle-223x300.jpg",223,300,true],"medium_large":["https:\/\/www.familinparis.fr\/wp-content\/uploads\/photos-partenaires\/evenement\/affiche-les-croq-dimanche-a-bagatelle-768x1034.jpg",768,1034,true],"large":["https:\/\/www.familinparis.fr\/wp-content\/uploads\/photos-partenaires\/evenement\/affiche-les-croq-dimanche-a-bagatelle-761x1024.jpg",761,1024,true],"1536x1536":["https:\/\/www.familinparis.fr\/wp-content\/uploads\/photos-partenaires\/evenement\/affiche-les-croq-dimanche-a-bagatelle-1141x1536.jpg",1141,1536,true],"2048x2048":["https:\/\/www.familinparis.fr\/wp-content\/uploads\/photos-partenaires\/evenement\/affiche-les-croq-dimanche-a-bagatelle.jpg",1200,1615,false],"home-thumb":["https:\/\/www.familinparis.fr\/wp-content\/uploads\/photos-partenaires\/evenement\/affiche-les-croq-dimanche-a-bagatelle-542x730.jpg",542,730,true],"home-slider":["https:\/\/www.familinparis.fr\/wp-content\/uploads\/photos-partenaires\/evenement\/affiche-les-croq-dimanche-a-bagatelle-800x600.jpg",800,600,true],"lightbox-slider-size":["https:\/\/www.familinparis.fr\/wp-content\/uploads\/photos-partenaires\/evenement\/affiche-les-croq-dimanche-a-bagatelle-564x282.jpg",564,282,true],"post-thumbnail":["https:\/\/www.familinparis.fr\/wp-content\/uploads\/photos-partenaires\/evenement\/affiche-les-croq-dimanche-a-bagatelle-270x180.jpg",270,180,true],"cheerup-main":["https:\/\/www.familinparis.fr\/wp-content\/uploads\/photos-partenaires\/evenement\/affiche-les-croq-dimanche-a-bagatelle-770x400.jpg",770,400,true],"cheerup-main-full":["https:\/\/www.familinparis.fr\/wp-content\/uploads\/photos-partenaires\/evenement\/affiche-les-croq-dimanche-a-bagatelle-1170x508.jpg",1170,508,true],"cheerup-slider-alt":["https:\/\/www.familinparis.fr\/wp-content\/uploads\/photos-partenaires\/evenement\/affiche-les-croq-dimanche-a-bagatelle-1170x508.jpg",1170,508,true],"cheerup-slider-trendy":["https:\/\/www.familinparis.fr\/wp-content\/uploads\/photos-partenaires\/evenement\/affiche-les-croq-dimanche-a-bagatelle-960x508.jpg",960,508,true],"cheerup-slider-stylish":["https:\/\/www.familinparis.fr\/wp-content\/uploads\/photos-partenaires\/evenement\/affiche-les-croq-dimanche-a-bagatelle-900x515.jpg",900,515,true],"cheerup-slider-grid":["https:\/\/www.familinparis.fr\/wp-content\/uploads\/photos-partenaires\/evenement\/affiche-les-croq-dimanche-a-bagatelle-870x600.jpg",870,600,true],"cheerup-slider-grid-sm":["https:\/\/www.familinparis.fr\/wp-content\/uploads\/photos-partenaires\/evenement\/affiche-les-croq-dimanche-a-bagatelle-300x300.jpg",300,300,true],"cheerup-slider-carousel":["https:\/\/www.familinparis.fr\/wp-content\/uploads\/photos-partenaires\/evenement\/affiche-les-croq-dimanche-a-bagatelle-370x370.jpg",370,370,true],"cheerup-slider-grid-b":["https:\/\/www.familinparis.fr\/wp-content\/uploads\/photos-partenaires\/evenement\/affiche-les-croq-dimanche-a-bagatelle-554x466.jpg",554,466,true],"cheerup-slider-grid-b-sm":["https:\/\/www.familinparis.fr\/wp-content\/uploads\/photos-partenaires\/evenement\/affiche-les-croq-dimanche-a-bagatelle-306x466.jpg",306,466,true],"cheerup-slider-bold-sm":["https:\/\/www.familinparis.fr\/wp-content\/uploads\/photos-partenaires\/evenement\/affiche-les-croq-dimanche-a-bagatelle-150x150.jpg",150,150,true],"cheerup-grid":["https:\/\/www.familinparis.fr\/wp-content\/uploads\/photos-partenaires\/evenement\/affiche-les-croq-dimanche-a-bagatelle-370x285.jpg",370,285,true],"cheerup-carousel":["https:\/\/www.familinparis.fr\/wp-content\/uploads\/photos-partenaires\/evenement\/affiche-les-croq-dimanche-a-bagatelle-270x180.jpg",270,180,true],"cheerup-carousel-b":["https:\/\/www.familinparis.fr\/wp-content\/uploads\/photos-partenaires\/evenement\/affiche-les-croq-dimanche-a-bagatelle-370x285.jpg",370,285,true],"cheerup-list":["https:\/\/www.familinparis.fr\/wp-content\/uploads\/photos-partenaires\/evenement\/affiche-les-croq-dimanche-a-bagatelle-260x200.jpg",260,200,true],"cheerup-list-b":["https:\/\/www.familinparis.fr\/wp-content\/uploads\/photos-partenaires\/evenement\/affiche-les-croq-dimanche-a-bagatelle-370x305.jpg",370,305,true],"cheerup-thumb":["https:\/\/www.familinparis.fr\/wp-content\/uploads\/photos-partenaires\/evenement\/affiche-les-croq-dimanche-a-bagatelle-87x67.jpg",87,67,true],"cheerup-thumb-alt":["https:\/\/www.familinparis.fr\/wp-content\/uploads\/photos-partenaires\/evenement\/affiche-les-croq-dimanche-a-bagatelle-150x150.jpg",150,150,true]},"uagb_author_info":{"display_name":"Agn\u00e8s","author_link":"https:\/\/www.familinparis.fr\/en\/author\/agnes\/"},"uagb_comment_info":0,"uagb_excerpt":"Concerts for young audiences in Paris","_links":{"self":[{"href":"https:\/\/www.familinparis.fr\/en\/wp-json\/wp\/v2\/posts\/135489","targetHints":{"allow":["GET"]}}],"collection":[{"href":"https:\/\/www.familinparis.fr\/en\/wp-json\/wp\/v2\/posts"}],"about":[{"href":"https:\/\/www.familinparis.fr\/en\/wp-json\/wp\/v2\/types\/post"}],"author":[{"embeddable":true,"href":"https:\/\/www.familinparis.fr\/en\/wp-json\/wp\/v2\/users\/6"}],"replies":[{"embeddable":true,"href":"https:\/\/www.familinparis.fr\/en\/wp-json\/wp\/v2\/comments?post=135489"}],"version-history":[{"count":0,"href":"https:\/\/www.familinparis.fr\/en\/wp-json\/wp\/v2\/posts\/135489\/revisions"}],"wp:featuredmedia":[{"embeddable":true,"href":"https:\/\/www.familinparis.fr\/en\/wp-json\/wp\/v2\/media\/130982"}],"wp:attachment":[{"href":"https:\/\/www.familinparis.fr\/en\/wp-json\/wp\/v2\/media?parent=135489"}],"wp:term":[{"taxonomy":"category","embeddable":true,"href":"https:\/\/www.familinparis.fr\/en\/wp-json\/wp\/v2\/categories?post=135489"},{"taxonomy":"post_tag","embeddable":true,"href":"https:\/\/www.familinparis.fr\/en\/wp-json\/wp\/v2\/tags?post=135489"}],"curies":[{"name":"wp","href":"https:\/\/api.w.org\/{rel}","templated":true}]}}