{"id":135468,"date":"2022-04-19T12:08:04","date_gmt":"2022-04-19T10:08:04","guid":{"rendered":"https:\/\/www.familinparis.fr\/the-ile-de-la-cite-louvre-tuilerie-palais-royal-with-4-to-7-year-olds\/"},"modified":"2024-11-16T17:16:44","modified_gmt":"2024-11-16T15:16:44","slug":"the-ile-de-la-cite-louvre-tuilerie-palais-royal-with-4-to-7-year-olds","status":"publish","type":"post","link":"https:\/\/www.familinparis.fr\/en\/the-ile-de-la-cite-louvre-tuilerie-palais-royal-with-4-to-7-year-olds\/","title":{"rendered":"The \u00cele de la Cit\u00e9 + Louvre-Tuilerie-Palais-Royal with 4 to 7 year olds"},"content":{"rendered":"<div class=\"lazyblock-baseline-1jjm6Y wp-block-lazyblock-baseline\"><div class=\"baseline\">Milirue&#8217;s fun and educational exploration notebooks from MS to CP<br> 2 discovery trails to do on foot without a guide and in complete autonomy<br>Duration of the courses: 1h30 to 2h<br>Available in version 8-12 years old (from CE1 to CM2)<\/div><\/div>\n<section class=\"wp-block-uagb-section uagb-section__wrap uagb-section__background-color uagb-block-8d66d4b4\"><div class=\"uagb-section__overlay\"><\/div><div class=\"uagb-section__inner-wrap\">\n<h2 class=\"wp-block-heading has-text-align-center\">Your school or extracurricular outing <br\/>with the Milirue Educational and Fun Kit<\/h2>\n\n\n\n<ol class=\"wp-block-list\">\n<li><strong>An educational kit<\/strong> to prepare for the outing (for the teacher or facilitator)<\/li>\n\n\n\n<li><strong>One booklet (educational notebook)<\/strong> per child during the visit<\/li>\n\n\n\n<li><strong>A digital medium<\/strong> for an immersive and interactive visit<\/li>\n\n\n\n<li>(the booklet can be studied in class after the outing and taken home)<\/li>\n<\/ol>\n<\/div><\/section>\n\n<div style=\"height:34px\" aria-hidden=\"true\" class=\"wp-block-spacer\"><\/div>\n<div class=\"wp-block-image\">\n<figure class=\"aligncenter size-large\"><img decoding=\"async\" width=\"603\" height=\"575\" src=\"\/wp-content\/uploads\/photos-partenaires\/milirue\/Milirue-cite-scolaires-4-7-ans.jpg\" alt=\"\" class=\"wp-image-67583\" srcset=\"https:\/\/www.familinparis.fr\/wp-content\/uploads\/photos-partenaires\/milirue\/Milirue-cite-scolaires-4-7-ans.jpg 603w, https:\/\/www.familinparis.fr\/wp-content\/uploads\/photos-partenaires\/milirue\/Milirue-cite-scolaires-4-7-ans-300x286.jpg 300w, https:\/\/www.familinparis.fr\/wp-content\/uploads\/photos-partenaires\/milirue\/Milirue-cite-scolaires-4-7-ans-13x12.jpg 13w\" sizes=\"(max-width: 603px) 100vw, 603px\" \/><\/figure>\n<\/div>\n<section class=\"wp-block-uagb-section uagb-section__wrap uagb-section__background-color uagb-block-084030d6\"><div class=\"uagb-section__overlay\"><\/div><div class=\"uagb-section__inner-wrap\">\n<div class=\"wp-block-columns is-layout-flex wp-container-core-columns-is-layout-9d6595d7 wp-block-columns-is-layout-flex\">\n<div class=\"wp-block-column is-layout-flow wp-block-column-is-layout-flow\" style=\"flex-basis:100%\">\n<h2 class=\"wp-block-heading has-text-align-center\">You are a teacher, a leisure centre, a youth association, a town hall&#8230;<\/h2>\n\n\n\n<div class=\"wp-block-buttons is-horizontal is-content-justification-center is-layout-flex wp-container-core-buttons-is-layout-499968f5 wp-block-buttons-is-layout-flex\">\n<div class=\"wp-block-button\"><a class=\"wp-block-button__link has-white-color has-text-color has-background wp-element-button\" href=\"https:\/\/www.familinparis.fr\/en\/contact-us\/\" style=\"border-radius:1px;background-color:#fa395f\" target=\"_blank\" rel=\"noreferrer noopener\">QUOTES \/ INFORMATION<br\/>Contact us<\/a><\/div>\n<\/div>\n\n\n\n<ul class=\"wp-block-list\">\n<li>Discover <a href=\"https:\/\/www.familinparis.fr\/le-quartier-de-notre-dame-ile-de-la-cite-ile-saint-louis\/\">the Ile de la Cit\u00e9<\/a> and the <a href=\"https:\/\/www.familinparis.fr\/en\/the-louvre-and-tuileries-district\/\">Louvre-Tuilerie-Palais-Royal district<\/a> thanks to <strong>Milirue&#8217;s very, very well made notebooks<\/strong>.<\/li>\n\n\n\n<li>From stage to stage, it is the children who are the actors of their discoveries: anecdotes, observations, direction or no cap&#8230; <strong>A 100% fun and captivating ride for which they are the mini-guides<\/strong> !<\/li>\n\n\n\n<li>The notebooks were designed with a Montessori teacher at three levels of kindergarten, a speech therapist and a remedial teacher with a pedagogical and fun approach.  <strong>Their content is related to the learning in progress from the Moyenne-Section to the end of CP.<\/strong><\/li>\n\n\n\n<li>They rely on a digital medium for <strong>an immersive and interactive visit<\/strong>. Nothing to download, no login, no password: it&#8217;s very simple and suitable for the little ones. <\/li>\n\n\n\n<li>Materials provided:\n<ul class=\"wp-block-list\">\n<li>A dematerialized <strong>educational kit<\/strong> for teachers\/facilitators with suggestions for activities to do before the outing, in class, and others to do on the return (graphics, vocabulary, oral expression, plastic arts, etc.).<\/li>\n\n\n\n<li>1 booklet per child and per course<\/li>\n<\/ul>\n<\/li>\n\n\n\n<li><strong>The children come home with their notebook<\/strong>, which will have been filled with all their finds and little memories throughout the day<\/li>\n\n\n\n<li>On the big day, <strong>you are autonomous<\/strong> ! 100% free in your schedules and in the rhythm of your day.<\/li>\n<\/ul>\n\n\n\n<p><strong>The Milirue team supports you<\/strong> in your class outing project to allow you to take advantage of all the resources available.<\/p>\n<\/div>\n<\/div>\n<\/div><\/section>\n\n<div style=\"height:30px\" aria-hidden=\"true\" class=\"wp-block-spacer\"><\/div>\n\n<section class=\"wp-block-uagb-section uagb-section__wrap uagb-section__background-color uagb-block-013aed07\"><div class=\"uagb-section__overlay\"><\/div><div class=\"uagb-section__inner-wrap\">\n<div class=\"wp-block-columns is-layout-flex wp-container-core-columns-is-layout-9d6595d7 wp-block-columns-is-layout-flex\">\n<div class=\"wp-block-column is-layout-flow wp-block-column-is-layout-flow\" style=\"flex-basis:100%\">\n<h2 class=\"wp-block-heading has-text-align-center pink\">Practical information<\/h2>\n\n\n\n<ul class=\"wp-block-list\">\n<li><strong>Number of children:<\/strong> unlimited  <\/li>\n\n\n\n<li><strong>1 notebook per child<\/strong><\/li>\n\n\n\n<li><strong>1 accompanying adult<\/strong> per group of 3 to 6 children<\/li>\n\n\n\n<li><strong>For children from 4 to 7 years old <\/strong>(from MS to CP)<\/li>\n\n\n\n<li>Also available <a href=\"https:\/\/www.familinparis.fr\/en\/the-ile-de-la-cite-with-8-to-12-year-olds-from-ce1-to-cm2\/\">in version 8 to 12 years old<\/a> (from CE1 to CE2)<\/li>\n\n\n\n<li><strong>Duration of each discovery trail:<\/strong> 1h30 to 2h<\/li>\n\n\n\n<li><strong>Departure:<\/strong> parvis Notre-Dame de Paris for the \u00cele de la Cit\u00e9 route, Parvis du Louvre for the Louvre-Tuileries-Palais Royal route<\/li>\n<\/ul>\n<\/div>\n<\/div>\n<\/div><\/section>\n\n<div style=\"height:50px\" aria-hidden=\"true\" class=\"wp-block-spacer\"><\/div>\n\n<div class=\"wp-block-buttons is-horizontal is-content-justification-center is-layout-flex wp-container-core-buttons-is-layout-499968f5 wp-block-buttons-is-layout-flex\">\n<div class=\"wp-block-button\"><a class=\"wp-block-button__link has-white-color has-text-color has-background wp-element-button\" href=\"https:\/\/www.familinparis.fr\/en\/contact-us\/\" style=\"border-radius:1px;background-color:#fa395f\">Visit the Ile de la Cit\u00e9 <br\/>The Milirue Kit for 8-12 year olds  <\/a><\/div>\n\n\n\n<div class=\"wp-block-button\"><a class=\"wp-block-button__link has-white-color has-text-color has-background wp-element-button\" href=\"https:\/\/www.familinparis.fr\/en\/contact-us\/\" style=\"border-radius:1px;background-color:#fa395f\">Visit the Louvre and Tuileries district <br\/>The Milirue Kit for 8-12 year olds  <\/a><\/div>\n\n\n\n<div class=\"wp-block-button\"><a class=\"wp-block-button__link has-white-color has-text-color has-background wp-element-button\" href=\"https:\/\/www.familinparis.fr\/en\/contact-us\/\" style=\"border-radius:1px;background-color:#fa395f\">Visit the Louvre and Tuileries district <br\/>The Milirue Kit for 4-7 year olds  <\/a><\/div>\n<\/div>\n\n<div style=\"height:33px\" aria-hidden=\"true\" class=\"wp-block-spacer\"><\/div>\n<div class=\"wp-block-image\">\n<figure class=\"aligncenter size-large is-resized\"><img decoding=\"async\" width=\"256\" height=\"183\" src=\"\/wp-content\/uploads\/Dessins\/sortie-scolaire.jpg\" alt=\"School outings in Paris\" class=\"wp-image-5038\" style=\"width:150px\"\/><\/figure>\n<\/div>\n\t\t\t<div class=\"wp-block-uagb-post-grid uagb-post-grid  uagb-post__image-position-top uagb-post__image-enabled uagb-block-4e5cdaba     uagb-post__items uagb-post__columns-5 is-grid uagb-post__columns-tablet-2 uagb-post__columns-mobile-1 uagb-post__equal-height\" data-total=\"18\" style=\"\">\n\n\t\t\t\t\t\t\t\t\t\t\t\t<article class=\"uagb-post__inner-wrap\">\t\t\t\t\t\t\t\t<div class='uagb-post__image'>\n\t\t\t\t\t\t\t\t\t<a href=\"https:\/\/www.familinparis.fr\/en\/the-city-of-children-cite-des-sciences-in-paris\/\" target=\"_self\" rel=\"bookmark noopener noreferrer\" class='uagb-image-ratio-inherit'><img decoding=\"async\" width=\"270\" height=\"180\" src=\"https:\/\/www.familinparis.fr\/wp-content\/uploads\/2022\/08\/la-cite-des-enfants-600x300-1-270x180.png\" class=\"attachment-post-thumbnail size-post-thumbnail\" alt=\"Affiche de La Cit\u00e9 des enfant 5-10 ans -2025\" srcset=\"https:\/\/www.familinparis.fr\/wp-content\/uploads\/2022\/08\/la-cite-des-enfants-600x300-1-270x180.png 270w, https:\/\/www.familinparis.fr\/wp-content\/uploads\/2022\/08\/la-cite-des-enfants-600x300-1-300x199.png 300w, https:\/\/www.familinparis.fr\/wp-content\/uploads\/2022\/08\/la-cite-des-enfants-600x300-1.png 452w\" sizes=\"(max-width: 270px) 100vw, 270px\" \/>\t\t\t\t\t<\/a>\n\t\t\t\t\t\t\t<\/div>\n\t\t\t\t\t\t<h4 class=\"uagb-post__title uagb-post__text\">\n\t\t\t\t<a href=\"https:\/\/www.familinparis.fr\/en\/the-city-of-children-cite-des-sciences-in-paris\/\" target=\"_self\" rel=\"bookmark noopener noreferrer\">The City of Children: Cit\u00e9 des Sciences in Paris<\/a>\n\t\t\t<\/h4>\n\t\t\t\t\t\t<div class='uagb-post__text uagb-post-grid-byline'>\n\t\t\t\t\t\t\t<\/div>\n\t\t\t\t\t\t\t<div class='uagb-post__text uagb-post__excerpt'>\n\t\t\t\t\tA space for 2\/7 year olds and for 5\/12 year olds \u2014 At the Cit\u00e9&#8230;\t\t\t\t<\/div>\n\t\t\t\n\t\t\t\t\t\t\t\t\t<\/article>\n\t\t\t\t\t\t\t\t\t\t\t\t\t\t\t\t<article class=\"uagb-post__inner-wrap\">\t\t\t\t\t\t\t\t<div class='uagb-post__image'>\n\t\t\t\t\t\t\t\t\t<a href=\"https:\/\/www.familinparis.fr\/en\/magic-workshop-for-6-8-year-olds\/\" target=\"_self\" rel=\"bookmark noopener noreferrer\" class='uagb-image-ratio-inherit'><img decoding=\"async\" width=\"270\" height=\"180\" src=\"https:\/\/www.familinparis.fr\/wp-content\/uploads\/photos-partenaires\/musee-de-la-magie-paris-270x180.jpg\" class=\"attachment-post-thumbnail size-post-thumbnail\" alt=\"\" srcset=\"https:\/\/www.familinparis.fr\/wp-content\/uploads\/photos-partenaires\/musee-de-la-magie-paris-270x180.jpg 270w, https:\/\/www.familinparis.fr\/wp-content\/uploads\/photos-partenaires\/musee-de-la-magie-paris-18x12.jpg 18w\" sizes=\"(max-width: 270px) 100vw, 270px\" \/>\t\t\t\t\t<\/a>\n\t\t\t\t\t\t\t<\/div>\n\t\t\t\t\t\t<h4 class=\"uagb-post__title uagb-post__text\">\n\t\t\t\t<a href=\"https:\/\/www.familinparis.fr\/en\/magic-workshop-for-6-8-year-olds\/\" target=\"_self\" rel=\"bookmark noopener noreferrer\">Magic Workshop for 6-8 year olds<\/a>\n\t\t\t<\/h4>\n\t\t\t\t\t\t<div class='uagb-post__text uagb-post-grid-byline'>\n\t\t\t\t\t\t\t<\/div>\n\t\t\t\t\t\t\t<div class='uagb-post__text uagb-post__excerpt'>\n\t\t\t\t\tFebruary holidays: 7 days a week\t\t\t\t<\/div>\n\t\t\t\n\t\t\t\t\t\t\t\t\t<\/article>\n\t\t\t\t\t\t\t\t\t\t\t\t\t\t\t\t<article class=\"uagb-post__inner-wrap\">\t\t\t\t\t\t\t\t<div class='uagb-post__image'>\n\t\t\t\t\t\t\t\t\t<a href=\"https:\/\/www.familinparis.fr\/en\/the-castle-of-vaux-le-vicomte\/\" target=\"_self\" rel=\"bookmark noopener noreferrer\" class='uagb-image-ratio-inherit'><img decoding=\"async\" width=\"270\" height=\"180\" src=\"https:\/\/www.familinparis.fr\/wp-content\/uploads\/Chateaux\/vaux-le-vicomte\/Vaux-le-vicomte-dome-@FamilinParis-270x180.jpg\" class=\"attachment-post-thumbnail size-post-thumbnail\" alt=\"\" srcset=\"https:\/\/www.familinparis.fr\/wp-content\/uploads\/Chateaux\/vaux-le-vicomte\/Vaux-le-vicomte-dome-@FamilinParis-270x180.jpg 270w, https:\/\/www.familinparis.fr\/wp-content\/uploads\/Chateaux\/vaux-le-vicomte\/Vaux-le-vicomte-dome-@FamilinParis-300x200.jpg 300w, https:\/\/www.familinparis.fr\/wp-content\/uploads\/Chateaux\/vaux-le-vicomte\/Vaux-le-vicomte-dome-@FamilinParis-1024x683.jpg 1024w, https:\/\/www.familinparis.fr\/wp-content\/uploads\/Chateaux\/vaux-le-vicomte\/Vaux-le-vicomte-dome-@FamilinParis-16x12.jpg 16w, https:\/\/www.familinparis.fr\/wp-content\/uploads\/Chateaux\/vaux-le-vicomte\/Vaux-le-vicomte-dome-@FamilinParis-730x487.jpg 730w, https:\/\/www.familinparis.fr\/wp-content\/uploads\/Chateaux\/vaux-le-vicomte\/Vaux-le-vicomte-dome-@FamilinParis.jpg 1200w\" sizes=\"(max-width: 270px) 100vw, 270px\" \/>\t\t\t\t\t<\/a>\n\t\t\t\t\t\t\t<\/div>\n\t\t\t\t\t\t<h4 class=\"uagb-post__title uagb-post__text\">\n\t\t\t\t<a href=\"https:\/\/www.familinparis.fr\/en\/the-castle-of-vaux-le-vicomte\/\" target=\"_self\" rel=\"bookmark noopener noreferrer\">The castle of Vaux-le-Vicomte<\/a>\n\t\t\t<\/h4>\n\t\t\t\t\t\t<div class='uagb-post__text uagb-post-grid-byline'>\n\t\t\t\t\t\t\t<\/div>\n\t\t\t\t\t\t\t<div class='uagb-post__text uagb-post__excerpt'>\n\t\t\t\t\t<p>RESERVE The estate of Vaux-le-Vicomte Did you know that this magnificent baroque masterpiece inspired the&#8230;\t\t\t\t<\/div>\n\t\t\t\n\t\t\t\t\t\t\t\t\t<\/article>\n\t\t\t\t\t\t\t\t\t\t\t\t\t\t\t\t<article class=\"uagb-post__inner-wrap\">\t\t\t\t\t\t\t\t<div class='uagb-post__image'>\n\t\t\t\t\t\t\t\t\t<a href=\"https:\/\/www.familinparis.fr\/en\/ballet-of-lights-cendrillon-we-call-it-ballet-paris\/\" target=\"_self\" rel=\"bookmark noopener noreferrer\" class='uagb-image-ratio-inherit'><img decoding=\"async\" width=\"270\" height=\"180\" src=\"https:\/\/www.familinparis.fr\/wp-content\/uploads\/2026\/04\/ballet-of-lights-cendrillon-270x180.jpg\" class=\"attachment-post-thumbnail size-post-thumbnail\" alt=\"Cendrillon, ballet of Light\" \/>\t\t\t\t\t<\/a>\n\t\t\t\t\t\t\t<\/div>\n\t\t\t\t\t\t<h4 class=\"uagb-post__title uagb-post__text\">\n\t\t\t\t<a href=\"https:\/\/www.familinparis.fr\/en\/ballet-of-lights-cendrillon-we-call-it-ballet-paris\/\" target=\"_self\" rel=\"bookmark noopener noreferrer\">Cinderella &#8211; Ballet of Lights<\/a>\n\t\t\t<\/h4>\n\t\t\t\t\t\t<div class='uagb-post__text uagb-post-grid-byline'>\n\t\t\t\t\t\t\t<\/div>\n\t\t\t\t\t\t\t<div class='uagb-post__text uagb-post__excerpt'>\n\t\t\t\t\t<p>\u00a9Fever Strengths A mythical fairy tale that reinvents itself in a dazzling ballet 4 talented&#8230;\t\t\t\t<\/div>\n\t\t\t\n\t\t\t\t\t\t\t\t\t<\/article>\n\t\t\t\t\t\t\t\t\t\t\t\t\t\t\t\t<article class=\"uagb-post__inner-wrap\">\t\t\t\t\t\t\t\t<div class='uagb-post__image'>\n\t\t\t\t\t\t\t\t\t<a href=\"https:\/\/www.familinparis.fr\/en\/exposition-calder-fondation-louis-vuitton-billet\/\" target=\"_self\" rel=\"bookmark noopener noreferrer\" class='uagb-image-ratio-inherit'><img decoding=\"async\" width=\"270\" height=\"180\" src=\"https:\/\/www.familinparis.fr\/wp-content\/uploads\/2026\/04\/exposition-calder-fondation-louis-vuitton-270x180.jpg\" class=\"attachment-post-thumbnail size-post-thumbnail\" alt=\"affiche de l&#039;exposition &quot;Calder. R\u00eaver en \u00e9quilibre&quot;, \u00e0 la Fondation Louis Vuitton- Jusqu&#039;au 16 ao\u00fbt 2026\" \/>\t\t\t\t\t<\/a>\n\t\t\t\t\t\t\t<\/div>\n\t\t\t\t\t\t<h4 class=\"uagb-post__title uagb-post__text\">\n\t\t\t\t<a href=\"https:\/\/www.familinparis.fr\/en\/exposition-calder-fondation-louis-vuitton-billet\/\" target=\"_self\" rel=\"bookmark noopener noreferrer\">Calder. Dreaming in balance<\/a>\n\t\t\t<\/h4>\n\t\t\t\t\t\t<div class='uagb-post__text uagb-post-grid-byline'>\n\t\t\t\t\t\t\t<\/div>\n\t\t\t\t\t\t\t<div class='uagb-post__text uagb-post__excerpt'>\n\t\t\t\t\t<p>The little + that makes the difference \ud83d\udcab It&#8217;s an exhibition that talks about movement,&#8230;\t\t\t\t<\/div>\n\t\t\t\n\t\t\t\t\t\t\t\t\t<\/article>\n\t\t\t\t\t\t\t\t\t\t\t\t\t\t\t\t<article class=\"uagb-post__inner-wrap\">\t\t\t\t\t\t\t\t<div class='uagb-post__image'>\n\t\t\t\t\t\t\t\t\t<a href=\"https:\/\/www.familinparis.fr\/en\/the-world-with-the-family-easter-holiday-programme-2024\/\" target=\"_self\" rel=\"bookmark noopener noreferrer\" class='uagb-image-ratio-inherit'><img decoding=\"async\" width=\"270\" height=\"180\" src=\"https:\/\/www.familinparis.fr\/wp-content\/uploads\/Mus\u00e9es\/Quai-Branly\/LE-MONDE-EN-FAMILLE-2025-270x180.jpg\" class=\"attachment-post-thumbnail size-post-thumbnail\" alt=\"Le monde en famille, au mus\u00e9e du Quai Branly - Jacques Chirac\" srcset=\"https:\/\/www.familinparis.fr\/wp-content\/uploads\/Mus\u00e9es\/Quai-Branly\/LE-MONDE-EN-FAMILLE-2025-270x180.jpg 270w, https:\/\/www.familinparis.fr\/wp-content\/uploads\/Mus\u00e9es\/Quai-Branly\/LE-MONDE-EN-FAMILLE-2025-600x400.jpg 600w\" sizes=\"(max-width: 270px) 100vw, 270px\" \/>\t\t\t\t\t<\/a>\n\t\t\t\t\t\t\t<\/div>\n\t\t\t\t\t\t<h4 class=\"uagb-post__title uagb-post__text\">\n\t\t\t\t<a href=\"https:\/\/www.familinparis.fr\/en\/the-world-with-the-family-easter-holiday-programme-2024\/\" target=\"_self\" rel=\"bookmark noopener noreferrer\">The world with the family (Easter holiday programme 2024)<\/a>\n\t\t\t<\/h4>\n\t\t\t\t\t\t<div class='uagb-post__text uagb-post-grid-byline'>\n\t\t\t\t\t\t\t<\/div>\n\t\t\t\t\t\t\t<div class='uagb-post__text uagb-post__excerpt'>\n\t\t\t\t\tFrom 6 to 21 April 2024\t\t\t\t<\/div>\n\t\t\t\n\t\t\t\t\t\t\t\t\t<\/article>\n\t\t\t\t\t\t\t\t\t\t\t\t\t\t\t\t<article class=\"uagb-post__inner-wrap\">\t\t\t\t\t\t\t\t<div class='uagb-post__image'>\n\t\t\t\t\t\t\t\t\t<a href=\"https:\/\/www.familinparis.fr\/en\/tree-climbing-around-paris\/\" target=\"_self\" rel=\"bookmark noopener noreferrer\" class='uagb-image-ratio-inherit'><img decoding=\"async\" width=\"270\" height=\"180\" src=\"https:\/\/www.familinparis.fr\/wp-content\/uploads\/LOISIRS\/accrobranche\/accrobranche-a-paris-et-environ-de-paris-270x180.jpg\" class=\"attachment-post-thumbnail size-post-thumbnail\" alt=\"\" srcset=\"https:\/\/www.familinparis.fr\/wp-content\/uploads\/LOISIRS\/accrobranche\/accrobranche-a-paris-et-environ-de-paris-270x180.jpg 270w, https:\/\/www.familinparis.fr\/wp-content\/uploads\/LOISIRS\/accrobranche\/accrobranche-a-paris-et-environ-de-paris-300x200.jpg 300w, https:\/\/www.familinparis.fr\/wp-content\/uploads\/LOISIRS\/accrobranche\/accrobranche-a-paris-et-environ-de-paris-1024x683.jpg 1024w, https:\/\/www.familinparis.fr\/wp-content\/uploads\/LOISIRS\/accrobranche\/accrobranche-a-paris-et-environ-de-paris-16x12.jpg 16w, https:\/\/www.familinparis.fr\/wp-content\/uploads\/LOISIRS\/accrobranche\/accrobranche-a-paris-et-environ-de-paris-730x487.jpg 730w, https:\/\/www.familinparis.fr\/wp-content\/uploads\/LOISIRS\/accrobranche\/accrobranche-a-paris-et-environ-de-paris.jpg 1500w\" sizes=\"(max-width: 270px) 100vw, 270px\" \/>\t\t\t\t\t<\/a>\n\t\t\t\t\t\t\t<\/div>\n\t\t\t\t\t\t<h4 class=\"uagb-post__title uagb-post__text\">\n\t\t\t\t<a href=\"https:\/\/www.familinparis.fr\/en\/tree-climbing-around-paris\/\" target=\"_self\" rel=\"bookmark noopener noreferrer\">Tree climbing around Paris<\/a>\n\t\t\t<\/h4>\n\t\t\t\t\t\t<div class='uagb-post__text uagb-post-grid-byline'>\n\t\t\t\t\t\t\t<\/div>\n\t\t\t\t\t\t\t<div class='uagb-post__text uagb-post__excerpt'>\n\t\t\t\t\t<p>Only one tree climbing course in Paris (in the 12th arrondissement). It is located in&#8230;\t\t\t\t<\/div>\n\t\t\t\n\t\t\t\t\t\t\t\t\t<\/article>\n\t\t\t\t\t\t\t\t\t\t\t\t\t\t\t\t<article class=\"uagb-post__inner-wrap\">\t\t\t\t\t\t\t\t<div class='uagb-post__image'>\n\t\t\t\t\t\t\t\t\t<a href=\"https:\/\/www.familinparis.fr\/en\/drone-art-show-at-the-vincennes-racecourse-paris\/\" target=\"_self\" rel=\"bookmark noopener noreferrer\" class='uagb-image-ratio-inherit'><img decoding=\"async\" width=\"270\" height=\"180\" src=\"https:\/\/www.familinparis.fr\/wp-content\/uploads\/2026\/03\/drone-3-270x180.jpg\" class=\"attachment-post-thumbnail size-post-thumbnail\" alt=\"DroneArt Show Paris, \u00e0 l&#039;Hippodrome de Vincennes\" \/>\t\t\t\t\t<\/a>\n\t\t\t\t\t\t\t<\/div>\n\t\t\t\t\t\t<h4 class=\"uagb-post__title uagb-post__text\">\n\t\t\t\t<a href=\"https:\/\/www.familinparis.fr\/en\/drone-art-show-at-the-vincennes-racecourse-paris\/\" target=\"_self\" rel=\"bookmark noopener noreferrer\">DroneArt Show Paris<\/a>\n\t\t\t<\/h4>\n\t\t\t\t\t\t<div class='uagb-post__text uagb-post-grid-byline'>\n\t\t\t\t\t\t\t<\/div>\n\t\t\t\t\t\t\t<div class='uagb-post__text uagb-post__excerpt'>\n\t\t\t\t\t<p>We like A world-famous drone show A breathtaking aerial choreography, which transforms the night sky&#8230;\t\t\t\t<\/div>\n\t\t\t\n\t\t\t\t\t\t\t\t\t<\/article>\n\t\t\t\t\t\t\t\t\t\t\t\t\t\t\t\t<article class=\"uagb-post__inner-wrap\">\t\t\t\t\t\t\t\t<div class='uagb-post__image'>\n\t\t\t\t\t\t\t\t\t<a href=\"https:\/\/www.familinparis.fr\/en\/nature-festival-2024\/\" target=\"_self\" rel=\"bookmark noopener noreferrer\" class='uagb-image-ratio-inherit'><img decoding=\"async\" width=\"270\" height=\"180\" src=\"https:\/\/www.familinparis.fr\/wp-content\/uploads\/2025\/05\/fete-de-la-nature-2025-large-270x180.jpg\" class=\"attachment-post-thumbnail size-post-thumbnail\" alt=\"La f\u00eate de la Nature en mai 2025\" \/>\t\t\t\t\t<\/a>\n\t\t\t\t\t\t\t<\/div>\n\t\t\t\t\t\t<h4 class=\"uagb-post__title uagb-post__text\">\n\t\t\t\t<a href=\"https:\/\/www.familinparis.fr\/en\/nature-festival-2024\/\" target=\"_self\" rel=\"bookmark noopener noreferrer\">Nature Festival 2024<\/a>\n\t\t\t<\/h4>\n\t\t\t\t\t\t<div class='uagb-post__text uagb-post-grid-byline'>\n\t\t\t\t\t\t\t<\/div>\n\t\t\t\t\t\t\t<div class='uagb-post__text uagb-post__excerpt'>\n\t\t\t\t\tMay 22 to 26, 2024\t\t\t\t<\/div>\n\t\t\t\n\t\t\t\t\t\t\t\t\t<\/article>\n\t\t\t\t\t\t\t\t\t\t\t\t\t\t\t\t<article class=\"uagb-post__inner-wrap\">\t\t\t\t\t\t\t\t<div class='uagb-post__image'>\n\t\t\t\t\t\t\t\t\t<a href=\"https:\/\/www.familinparis.fr\/en\/idees-pour-les-vacances-de-paques-avec-un-jeune-enfant-autour-de-paris\/\" target=\"_self\" rel=\"bookmark noopener noreferrer\" class='uagb-image-ratio-inherit'><img decoding=\"async\" width=\"270\" height=\"180\" src=\"https:\/\/www.familinparis.fr\/wp-content\/uploads\/Animaux\/Malowe-Nature\/chevres-270x180.jpg\" class=\"attachment-post-thumbnail size-post-thumbnail\" alt=\"\" srcset=\"https:\/\/www.familinparis.fr\/wp-content\/uploads\/Animaux\/Malowe-Nature\/chevres-270x180.jpg 270w, https:\/\/www.familinparis.fr\/wp-content\/uploads\/Animaux\/Malowe-Nature\/chevres-300x200.jpg 300w, https:\/\/www.familinparis.fr\/wp-content\/uploads\/Animaux\/Malowe-Nature\/chevres-768x511.jpg 768w, https:\/\/www.familinparis.fr\/wp-content\/uploads\/Animaux\/Malowe-Nature\/chevres-18x12.jpg 18w, https:\/\/www.familinparis.fr\/wp-content\/uploads\/Animaux\/Malowe-Nature\/chevres-730x486.jpg 730w, https:\/\/www.familinparis.fr\/wp-content\/uploads\/Animaux\/Malowe-Nature\/chevres.jpg 1000w\" sizes=\"(max-width: 270px) 100vw, 270px\" \/>\t\t\t\t\t<\/a>\n\t\t\t\t\t\t\t<\/div>\n\t\t\t\t\t\t<h4 class=\"uagb-post__title uagb-post__text\">\n\t\t\t\t<a href=\"https:\/\/www.familinparis.fr\/en\/idees-pour-les-vacances-de-paques-avec-un-jeune-enfant-autour-de-paris\/\" target=\"_self\" rel=\"bookmark noopener noreferrer\">What to do during the Spring holidays around Paris, with 0-6 year olds?<\/a>\n\t\t\t<\/h4>\n\t\t\t\t\t\t<div class='uagb-post__text uagb-post-grid-byline'>\n\t\t\t\t\t\t\t<\/div>\n\t\t\t\t\t\t\t<div class='uagb-post__text uagb-post__excerpt'>\n\t\t\t\t\t<p>Must-sees with a young child during the holidays Easter in Paris, Ideas for 0-6 year&#8230;\t\t\t\t<\/div>\n\t\t\t\n\t\t\t\t\t\t\t\t\t<\/article>\n\t\t\t\t\t\t\t\t\t\t\t<\/div>\n\t\t\t","protected":false},"excerpt":{"rendered":"<p>For primary and early middle school<\/p>\n","protected":false},"author":6,"featured_media":130770,"comment_status":"open","ping_status":"open","sticky":false,"template":"","format":"standard","meta":{"_uag_custom_page_level_css":"","footnotes":""},"categories":[1253],"tags":[],"class_list":{"0":"post-135468","1":"post","2":"type-post","3":"status-publish","4":"format-standard","5":"has-post-thumbnail","7":"category-past-events"},"yoast_head":"<!-- This site is optimized with the Yoast SEO plugin v27.2 - https:\/\/yoast.com\/product\/yoast-seo-wordpress\/ -->\n<title>School Trip | The Ile-de-la-Cit\u00e9 and the Louvre district with 4-7 year olds<\/title>\n<meta name=\"description\" content=\"Schools and extracurricular activities in Paris | Visit of the historic center of Paris with kindergarten and primary school students &gt;&gt; From 4 years old\" \/>\n<meta name=\"robots\" content=\"index, follow, max-snippet:-1, max-image-preview:large, max-video-preview:-1\" \/>\n<link rel=\"canonical\" href=\"https:\/\/www.familinparis.fr\/en\/the-ile-de-la-cite-louvre-tuilerie-palais-royal-with-4-to-7-year-olds\/\" \/>\n<meta property=\"og:locale\" content=\"en_US\" \/>\n<meta property=\"og:type\" content=\"article\" \/>\n<meta property=\"og:title\" content=\"School Trip | The Ile-de-la-Cit\u00e9 and the Louvre district with 4-7 year olds\" \/>\n<meta property=\"og:description\" content=\"Schools and extracurricular activities in Paris | Visit of the historic center of Paris with kindergarten and primary school students &gt;&gt; From 4 years old\" \/>\n<meta property=\"og:url\" content=\"https:\/\/www.familinparis.fr\/en\/the-ile-de-la-cite-louvre-tuilerie-palais-royal-with-4-to-7-year-olds\/\" \/>\n<meta property=\"og:site_name\" content=\"Familin&#039;Paris\" \/>\n<meta property=\"article:published_time\" content=\"2022-04-19T10:08:04+00:00\" \/>\n<meta property=\"article:modified_time\" content=\"2024-11-16T15:16:44+00:00\" \/>\n<meta property=\"og:image\" content=\"https:\/\/www.familinparis.fr\/wp-content\/uploads\/photos-partenaires\/milirue-parcours-enfant-dans-paris.jpg\" \/>\n\t<meta property=\"og:image:width\" content=\"2000\" \/>\n\t<meta property=\"og:image:height\" content=\"1000\" \/>\n\t<meta property=\"og:image:type\" content=\"image\/jpeg\" \/>\n<meta name=\"author\" content=\"Agn\u00e8s\" \/>\n<meta name=\"twitter:card\" content=\"summary_large_image\" \/>\n<meta name=\"twitter:label1\" content=\"Written by\" \/>\n\t<meta name=\"twitter:data1\" content=\"Agn\u00e8s\" \/>\n\t<meta name=\"twitter:label2\" content=\"Est. reading time\" \/>\n\t<meta name=\"twitter:data2\" content=\"2 minutes\" \/>\n<script type=\"application\/ld+json\" class=\"yoast-schema-graph\">{\"@context\":\"https:\/\/schema.org\",\"@graph\":[{\"@type\":\"Article\",\"@id\":\"https:\/\/www.familinparis.fr\/en\/the-ile-de-la-cite-louvre-tuilerie-palais-royal-with-4-to-7-year-olds\/#article\",\"isPartOf\":{\"@id\":\"https:\/\/www.familinparis.fr\/en\/the-ile-de-la-cite-louvre-tuilerie-palais-royal-with-4-to-7-year-olds\/\"},\"author\":{\"name\":\"Agn\u00e8s\",\"@id\":\"https:\/\/www.familinparis.fr\/en\/#\/schema\/person\/20deb9130cb58f76b535d316fe0aa31f\"},\"headline\":\"The \u00cele de la Cit\u00e9 + Louvre-Tuilerie-Palais-Royal with 4 to 7 year olds\",\"datePublished\":\"2022-04-19T10:08:04+00:00\",\"dateModified\":\"2024-11-16T15:16:44+00:00\",\"mainEntityOfPage\":{\"@id\":\"https:\/\/www.familinparis.fr\/en\/the-ile-de-la-cite-louvre-tuilerie-palais-royal-with-4-to-7-year-olds\/\"},\"wordCount\":410,\"commentCount\":0,\"image\":{\"@id\":\"https:\/\/www.familinparis.fr\/en\/the-ile-de-la-cite-louvre-tuilerie-palais-royal-with-4-to-7-year-olds\/#primaryimage\"},\"thumbnailUrl\":\"https:\/\/www.familinparis.fr\/wp-content\/uploads\/photos-partenaires\/milirue-parcours-enfant-dans-paris.jpg\",\"articleSection\":[\"Past events\"],\"inLanguage\":\"en-US\",\"potentialAction\":[{\"@type\":\"CommentAction\",\"name\":\"Comment\",\"target\":[\"https:\/\/www.familinparis.fr\/en\/the-ile-de-la-cite-louvre-tuilerie-palais-royal-with-4-to-7-year-olds\/#respond\"]}]},{\"@type\":\"WebPage\",\"@id\":\"https:\/\/www.familinparis.fr\/en\/the-ile-de-la-cite-louvre-tuilerie-palais-royal-with-4-to-7-year-olds\/\",\"url\":\"https:\/\/www.familinparis.fr\/en\/the-ile-de-la-cite-louvre-tuilerie-palais-royal-with-4-to-7-year-olds\/\",\"name\":\"School Trip | The Ile-de-la-Cit\u00e9 and the Louvre district with 4-7 year olds\",\"isPartOf\":{\"@id\":\"https:\/\/www.familinparis.fr\/en\/#website\"},\"primaryImageOfPage\":{\"@id\":\"https:\/\/www.familinparis.fr\/en\/the-ile-de-la-cite-louvre-tuilerie-palais-royal-with-4-to-7-year-olds\/#primaryimage\"},\"image\":{\"@id\":\"https:\/\/www.familinparis.fr\/en\/the-ile-de-la-cite-louvre-tuilerie-palais-royal-with-4-to-7-year-olds\/#primaryimage\"},\"thumbnailUrl\":\"https:\/\/www.familinparis.fr\/wp-content\/uploads\/photos-partenaires\/milirue-parcours-enfant-dans-paris.jpg\",\"datePublished\":\"2022-04-19T10:08:04+00:00\",\"dateModified\":\"2024-11-16T15:16:44+00:00\",\"author\":{\"@id\":\"https:\/\/www.familinparis.fr\/en\/#\/schema\/person\/20deb9130cb58f76b535d316fe0aa31f\"},\"description\":\"Schools and extracurricular activities in Paris | Visit of the historic center of Paris with kindergarten and primary school students >> From 4 years old\",\"breadcrumb\":{\"@id\":\"https:\/\/www.familinparis.fr\/en\/the-ile-de-la-cite-louvre-tuilerie-palais-royal-with-4-to-7-year-olds\/#breadcrumb\"},\"inLanguage\":\"en-US\",\"potentialAction\":[{\"@type\":\"ReadAction\",\"target\":[\"https:\/\/www.familinparis.fr\/en\/the-ile-de-la-cite-louvre-tuilerie-palais-royal-with-4-to-7-year-olds\/\"]}]},{\"@type\":\"ImageObject\",\"inLanguage\":\"en-US\",\"@id\":\"https:\/\/www.familinparis.fr\/en\/the-ile-de-la-cite-louvre-tuilerie-palais-royal-with-4-to-7-year-olds\/#primaryimage\",\"url\":\"https:\/\/www.familinparis.fr\/wp-content\/uploads\/photos-partenaires\/milirue-parcours-enfant-dans-paris.jpg\",\"contentUrl\":\"https:\/\/www.familinparis.fr\/wp-content\/uploads\/photos-partenaires\/milirue-parcours-enfant-dans-paris.jpg\",\"width\":2000,\"height\":1000},{\"@type\":\"BreadcrumbList\",\"@id\":\"https:\/\/www.familinparis.fr\/en\/the-ile-de-la-cite-louvre-tuilerie-palais-royal-with-4-to-7-year-olds\/#breadcrumb\",\"itemListElement\":[{\"@type\":\"ListItem\",\"position\":1,\"name\":\"Home\",\"item\":\"https:\/\/www.familinparis.fr\/en\/\"},{\"@type\":\"ListItem\",\"position\":2,\"name\":\"Exposition\",\"item\":\"https:\/\/www.familinparis.fr\/en\/categorie\/exposition-en\/\"},{\"@type\":\"ListItem\",\"position\":3,\"name\":\"The \u00cele de la Cit\u00e9 + Louvre-Tuilerie-Palais-Royal with 4 to 7 year olds\"}]},{\"@type\":\"WebSite\",\"@id\":\"https:\/\/www.familinparis.fr\/en\/#website\",\"url\":\"https:\/\/www.familinparis.fr\/en\/\",\"name\":\"Familin&#039;Paris\",\"description\":\"Visiter le meilleur de Paris avec des enfants : sorties, spectacles, adresses de restaurants, shopping, bons plans...\",\"potentialAction\":[{\"@type\":\"SearchAction\",\"target\":{\"@type\":\"EntryPoint\",\"urlTemplate\":\"https:\/\/www.familinparis.fr\/en\/?s={search_term_string}\"},\"query-input\":{\"@type\":\"PropertyValueSpecification\",\"valueRequired\":true,\"valueName\":\"search_term_string\"}}],\"inLanguage\":\"en-US\"},{\"@type\":\"Person\",\"@id\":\"https:\/\/www.familinparis.fr\/en\/#\/schema\/person\/20deb9130cb58f76b535d316fe0aa31f\",\"name\":\"Agn\u00e8s\",\"image\":{\"@type\":\"ImageObject\",\"inLanguage\":\"en-US\",\"@id\":\"https:\/\/secure.gravatar.com\/avatar\/0ff338e2776ca662585d438b3bc140cbe7b54659207d3329065be97ffb37fa5a?s=96&d=identicon&r=g\",\"url\":\"https:\/\/secure.gravatar.com\/avatar\/0ff338e2776ca662585d438b3bc140cbe7b54659207d3329065be97ffb37fa5a?s=96&d=identicon&r=g\",\"contentUrl\":\"https:\/\/secure.gravatar.com\/avatar\/0ff338e2776ca662585d438b3bc140cbe7b54659207d3329065be97ffb37fa5a?s=96&d=identicon&r=g\",\"caption\":\"Agn\u00e8s\"}}]}<\/script>\n<!-- \/ Yoast SEO plugin. -->","yoast_head_json":{"title":"School Trip | The Ile-de-la-Cit\u00e9 and the Louvre district with 4-7 year olds","description":"Schools and extracurricular activities in Paris | Visit of the historic center of Paris with kindergarten and primary school students >> From 4 years old","robots":{"index":"index","follow":"follow","max-snippet":"max-snippet:-1","max-image-preview":"max-image-preview:large","max-video-preview":"max-video-preview:-1"},"canonical":"https:\/\/www.familinparis.fr\/en\/the-ile-de-la-cite-louvre-tuilerie-palais-royal-with-4-to-7-year-olds\/","og_locale":"en_US","og_type":"article","og_title":"School Trip | The Ile-de-la-Cit\u00e9 and the Louvre district with 4-7 year olds","og_description":"Schools and extracurricular activities in Paris | Visit of the historic center of Paris with kindergarten and primary school students >> From 4 years old","og_url":"https:\/\/www.familinparis.fr\/en\/the-ile-de-la-cite-louvre-tuilerie-palais-royal-with-4-to-7-year-olds\/","og_site_name":"Familin&#039;Paris","article_published_time":"2022-04-19T10:08:04+00:00","article_modified_time":"2024-11-16T15:16:44+00:00","og_image":[{"width":2000,"height":1000,"url":"https:\/\/www.familinparis.fr\/wp-content\/uploads\/photos-partenaires\/milirue-parcours-enfant-dans-paris.jpg","type":"image\/jpeg"}],"author":"Agn\u00e8s","twitter_card":"summary_large_image","twitter_misc":{"Written by":"Agn\u00e8s","Est. reading time":"2 minutes"},"schema":{"@context":"https:\/\/schema.org","@graph":[{"@type":"Article","@id":"https:\/\/www.familinparis.fr\/en\/the-ile-de-la-cite-louvre-tuilerie-palais-royal-with-4-to-7-year-olds\/#article","isPartOf":{"@id":"https:\/\/www.familinparis.fr\/en\/the-ile-de-la-cite-louvre-tuilerie-palais-royal-with-4-to-7-year-olds\/"},"author":{"name":"Agn\u00e8s","@id":"https:\/\/www.familinparis.fr\/en\/#\/schema\/person\/20deb9130cb58f76b535d316fe0aa31f"},"headline":"The \u00cele de la Cit\u00e9 + Louvre-Tuilerie-Palais-Royal with 4 to 7 year olds","datePublished":"2022-04-19T10:08:04+00:00","dateModified":"2024-11-16T15:16:44+00:00","mainEntityOfPage":{"@id":"https:\/\/www.familinparis.fr\/en\/the-ile-de-la-cite-louvre-tuilerie-palais-royal-with-4-to-7-year-olds\/"},"wordCount":410,"commentCount":0,"image":{"@id":"https:\/\/www.familinparis.fr\/en\/the-ile-de-la-cite-louvre-tuilerie-palais-royal-with-4-to-7-year-olds\/#primaryimage"},"thumbnailUrl":"https:\/\/www.familinparis.fr\/wp-content\/uploads\/photos-partenaires\/milirue-parcours-enfant-dans-paris.jpg","articleSection":["Past events"],"inLanguage":"en-US","potentialAction":[{"@type":"CommentAction","name":"Comment","target":["https:\/\/www.familinparis.fr\/en\/the-ile-de-la-cite-louvre-tuilerie-palais-royal-with-4-to-7-year-olds\/#respond"]}]},{"@type":"WebPage","@id":"https:\/\/www.familinparis.fr\/en\/the-ile-de-la-cite-louvre-tuilerie-palais-royal-with-4-to-7-year-olds\/","url":"https:\/\/www.familinparis.fr\/en\/the-ile-de-la-cite-louvre-tuilerie-palais-royal-with-4-to-7-year-olds\/","name":"School Trip | The Ile-de-la-Cit\u00e9 and the Louvre district with 4-7 year olds","isPartOf":{"@id":"https:\/\/www.familinparis.fr\/en\/#website"},"primaryImageOfPage":{"@id":"https:\/\/www.familinparis.fr\/en\/the-ile-de-la-cite-louvre-tuilerie-palais-royal-with-4-to-7-year-olds\/#primaryimage"},"image":{"@id":"https:\/\/www.familinparis.fr\/en\/the-ile-de-la-cite-louvre-tuilerie-palais-royal-with-4-to-7-year-olds\/#primaryimage"},"thumbnailUrl":"https:\/\/www.familinparis.fr\/wp-content\/uploads\/photos-partenaires\/milirue-parcours-enfant-dans-paris.jpg","datePublished":"2022-04-19T10:08:04+00:00","dateModified":"2024-11-16T15:16:44+00:00","author":{"@id":"https:\/\/www.familinparis.fr\/en\/#\/schema\/person\/20deb9130cb58f76b535d316fe0aa31f"},"description":"Schools and extracurricular activities in Paris | Visit of the historic center of Paris with kindergarten and primary school students >> From 4 years old","breadcrumb":{"@id":"https:\/\/www.familinparis.fr\/en\/the-ile-de-la-cite-louvre-tuilerie-palais-royal-with-4-to-7-year-olds\/#breadcrumb"},"inLanguage":"en-US","potentialAction":[{"@type":"ReadAction","target":["https:\/\/www.familinparis.fr\/en\/the-ile-de-la-cite-louvre-tuilerie-palais-royal-with-4-to-7-year-olds\/"]}]},{"@type":"ImageObject","inLanguage":"en-US","@id":"https:\/\/www.familinparis.fr\/en\/the-ile-de-la-cite-louvre-tuilerie-palais-royal-with-4-to-7-year-olds\/#primaryimage","url":"https:\/\/www.familinparis.fr\/wp-content\/uploads\/photos-partenaires\/milirue-parcours-enfant-dans-paris.jpg","contentUrl":"https:\/\/www.familinparis.fr\/wp-content\/uploads\/photos-partenaires\/milirue-parcours-enfant-dans-paris.jpg","width":2000,"height":1000},{"@type":"BreadcrumbList","@id":"https:\/\/www.familinparis.fr\/en\/the-ile-de-la-cite-louvre-tuilerie-palais-royal-with-4-to-7-year-olds\/#breadcrumb","itemListElement":[{"@type":"ListItem","position":1,"name":"Home","item":"https:\/\/www.familinparis.fr\/en\/"},{"@type":"ListItem","position":2,"name":"Exposition","item":"https:\/\/www.familinparis.fr\/en\/categorie\/exposition-en\/"},{"@type":"ListItem","position":3,"name":"The \u00cele de la Cit\u00e9 + Louvre-Tuilerie-Palais-Royal with 4 to 7 year olds"}]},{"@type":"WebSite","@id":"https:\/\/www.familinparis.fr\/en\/#website","url":"https:\/\/www.familinparis.fr\/en\/","name":"Familin&#039;Paris","description":"Visiter le meilleur de Paris avec des enfants : sorties, spectacles, adresses de restaurants, shopping, bons plans...","potentialAction":[{"@type":"SearchAction","target":{"@type":"EntryPoint","urlTemplate":"https:\/\/www.familinparis.fr\/en\/?s={search_term_string}"},"query-input":{"@type":"PropertyValueSpecification","valueRequired":true,"valueName":"search_term_string"}}],"inLanguage":"en-US"},{"@type":"Person","@id":"https:\/\/www.familinparis.fr\/en\/#\/schema\/person\/20deb9130cb58f76b535d316fe0aa31f","name":"Agn\u00e8s","image":{"@type":"ImageObject","inLanguage":"en-US","@id":"https:\/\/secure.gravatar.com\/avatar\/0ff338e2776ca662585d438b3bc140cbe7b54659207d3329065be97ffb37fa5a?s=96&d=identicon&r=g","url":"https:\/\/secure.gravatar.com\/avatar\/0ff338e2776ca662585d438b3bc140cbe7b54659207d3329065be97ffb37fa5a?s=96&d=identicon&r=g","contentUrl":"https:\/\/secure.gravatar.com\/avatar\/0ff338e2776ca662585d438b3bc140cbe7b54659207d3329065be97ffb37fa5a?s=96&d=identicon&r=g","caption":"Agn\u00e8s"}}]}},"uagb_featured_image_src":{"full":["https:\/\/www.familinparis.fr\/wp-content\/uploads\/photos-partenaires\/milirue-parcours-enfant-dans-paris.jpg",2000,1000,false],"thumbnail":["https:\/\/www.familinparis.fr\/wp-content\/uploads\/photos-partenaires\/milirue-parcours-enfant-dans-paris-150x150.jpg",150,150,true],"medium":["https:\/\/www.familinparis.fr\/wp-content\/uploads\/photos-partenaires\/milirue-parcours-enfant-dans-paris-300x150.jpg",300,150,true],"medium_large":["https:\/\/www.familinparis.fr\/wp-content\/uploads\/photos-partenaires\/milirue-parcours-enfant-dans-paris-768x384.jpg",768,384,true],"large":["https:\/\/www.familinparis.fr\/wp-content\/uploads\/photos-partenaires\/milirue-parcours-enfant-dans-paris-1024x512.jpg",770,385,true],"1536x1536":["https:\/\/www.familinparis.fr\/wp-content\/uploads\/photos-partenaires\/milirue-parcours-enfant-dans-paris-1536x768.jpg",1536,768,true],"2048x2048":["https:\/\/www.familinparis.fr\/wp-content\/uploads\/photos-partenaires\/milirue-parcours-enfant-dans-paris.jpg",2000,1000,false],"home-thumb":["https:\/\/www.familinparis.fr\/wp-content\/uploads\/photos-partenaires\/milirue-parcours-enfant-dans-paris-730x365.jpg",730,365,true],"home-slider":["https:\/\/www.familinparis.fr\/wp-content\/uploads\/photos-partenaires\/milirue-parcours-enfant-dans-paris-800x600.jpg",800,600,true],"lightbox-slider-size":["https:\/\/www.familinparis.fr\/wp-content\/uploads\/photos-partenaires\/milirue-parcours-enfant-dans-paris-564x282.jpg",564,282,true],"post-thumbnail":["https:\/\/www.familinparis.fr\/wp-content\/uploads\/photos-partenaires\/milirue-parcours-enfant-dans-paris-270x180.jpg",270,180,true],"cheerup-main":["https:\/\/www.familinparis.fr\/wp-content\/uploads\/photos-partenaires\/milirue-parcours-enfant-dans-paris-770x400.jpg",770,400,true],"cheerup-main-full":["https:\/\/www.familinparis.fr\/wp-content\/uploads\/photos-partenaires\/milirue-parcours-enfant-dans-paris-1170x508.jpg",1170,508,true],"cheerup-slider-alt":["https:\/\/www.familinparis.fr\/wp-content\/uploads\/photos-partenaires\/milirue-parcours-enfant-dans-paris-1170x508.jpg",1170,508,true],"cheerup-slider-trendy":["https:\/\/www.familinparis.fr\/wp-content\/uploads\/photos-partenaires\/milirue-parcours-enfant-dans-paris-960x508.jpg",960,508,true],"cheerup-slider-stylish":["https:\/\/www.familinparis.fr\/wp-content\/uploads\/photos-partenaires\/milirue-parcours-enfant-dans-paris-900x515.jpg",900,515,true],"cheerup-slider-grid":["https:\/\/www.familinparis.fr\/wp-content\/uploads\/photos-partenaires\/milirue-parcours-enfant-dans-paris-870x600.jpg",870,600,true],"cheerup-slider-grid-sm":["https:\/\/www.familinparis.fr\/wp-content\/uploads\/photos-partenaires\/milirue-parcours-enfant-dans-paris-300x300.jpg",300,300,true],"cheerup-slider-carousel":["https:\/\/www.familinparis.fr\/wp-content\/uploads\/photos-partenaires\/milirue-parcours-enfant-dans-paris-370x370.jpg",370,370,true],"cheerup-slider-grid-b":["https:\/\/www.familinparis.fr\/wp-content\/uploads\/photos-partenaires\/milirue-parcours-enfant-dans-paris-554x466.jpg",554,466,true],"cheerup-slider-grid-b-sm":["https:\/\/www.familinparis.fr\/wp-content\/uploads\/photos-partenaires\/milirue-parcours-enfant-dans-paris-306x466.jpg",306,466,true],"cheerup-slider-bold-sm":["https:\/\/www.familinparis.fr\/wp-content\/uploads\/photos-partenaires\/milirue-parcours-enfant-dans-paris-150x150.jpg",150,150,true],"cheerup-grid":["https:\/\/www.familinparis.fr\/wp-content\/uploads\/photos-partenaires\/milirue-parcours-enfant-dans-paris-370x285.jpg",370,285,true],"cheerup-carousel":["https:\/\/www.familinparis.fr\/wp-content\/uploads\/photos-partenaires\/milirue-parcours-enfant-dans-paris-270x180.jpg",270,180,true],"cheerup-carousel-b":["https:\/\/www.familinparis.fr\/wp-content\/uploads\/photos-partenaires\/milirue-parcours-enfant-dans-paris-370x285.jpg",370,285,true],"cheerup-list":["https:\/\/www.familinparis.fr\/wp-content\/uploads\/photos-partenaires\/milirue-parcours-enfant-dans-paris-260x200.jpg",260,200,true],"cheerup-list-b":["https:\/\/www.familinparis.fr\/wp-content\/uploads\/photos-partenaires\/milirue-parcours-enfant-dans-paris-370x305.jpg",370,305,true],"cheerup-thumb":["https:\/\/www.familinparis.fr\/wp-content\/uploads\/photos-partenaires\/milirue-parcours-enfant-dans-paris-87x67.jpg",87,67,true],"cheerup-thumb-alt":["https:\/\/www.familinparis.fr\/wp-content\/uploads\/photos-partenaires\/milirue-parcours-enfant-dans-paris-150x150.jpg",150,150,true]},"uagb_author_info":{"display_name":"Agn\u00e8s","author_link":"https:\/\/www.familinparis.fr\/en\/author\/agnes\/"},"uagb_comment_info":0,"uagb_excerpt":"For primary and early middle school","_links":{"self":[{"href":"https:\/\/www.familinparis.fr\/en\/wp-json\/wp\/v2\/posts\/135468","targetHints":{"allow":["GET"]}}],"collection":[{"href":"https:\/\/www.familinparis.fr\/en\/wp-json\/wp\/v2\/posts"}],"about":[{"href":"https:\/\/www.familinparis.fr\/en\/wp-json\/wp\/v2\/types\/post"}],"author":[{"embeddable":true,"href":"https:\/\/www.familinparis.fr\/en\/wp-json\/wp\/v2\/users\/6"}],"replies":[{"embeddable":true,"href":"https:\/\/www.familinparis.fr\/en\/wp-json\/wp\/v2\/comments?post=135468"}],"version-history":[{"count":0,"href":"https:\/\/www.familinparis.fr\/en\/wp-json\/wp\/v2\/posts\/135468\/revisions"}],"wp:featuredmedia":[{"embeddable":true,"href":"https:\/\/www.familinparis.fr\/en\/wp-json\/wp\/v2\/media\/130770"}],"wp:attachment":[{"href":"https:\/\/www.familinparis.fr\/en\/wp-json\/wp\/v2\/media?parent=135468"}],"wp:term":[{"taxonomy":"category","embeddable":true,"href":"https:\/\/www.familinparis.fr\/en\/wp-json\/wp\/v2\/categories?post=135468"},{"taxonomy":"post_tag","embeddable":true,"href":"https:\/\/www.familinparis.fr\/en\/wp-json\/wp\/v2\/tags?post=135468"}],"curies":[{"name":"wp","href":"https:\/\/api.w.org\/{rel}","templated":true}]}}