{"id":135452,"date":"2022-04-11T18:40:59","date_gmt":"2022-04-11T16:40:59","guid":{"rendered":"https:\/\/www.familinparis.fr\/cezanne-and-kandinsky-at-the-atelier-des-lumieres\/"},"modified":"2024-11-16T17:16:36","modified_gmt":"2024-11-16T15:16:36","slug":"cezanne-and-kandinsky-at-the-atelier-des-lumieres","status":"publish","type":"post","link":"https:\/\/www.familinparis.fr\/en\/cezanne-and-kandinsky-at-the-atelier-des-lumieres\/","title":{"rendered":"C\u00e9zanne and Kandinsky, at the Atelier des Lumi\u00e8res"},"content":{"rendered":"<div class=\"lazyblock-baseline-Z20CqQX wp-block-lazyblock-baseline\"><div class=\"baseline\">Two artists to discover at the Atelier des Lumi\u00e8res <br> A digital experience with XXL works<br>Until January 2, 2023<\/div><\/div><div class=\"lazyblock-infos-pratiques-Z2ihDBF wp-block-lazyblock-infos-pratiques\"><div class=\"read-more go-to\" data-goto=\"infos-sup\">\n  <a href=\"#\">\n    <span class=\"rien\">\n      <i class=\"fa fa-map-marker\"><\/i> See practical information    <\/span>\n  <\/a>\n<\/div><\/div>\n<div class=\"wp-block-buttons is-horizontal is-content-justification-center is-layout-flex wp-container-core-buttons-is-layout-499968f5 wp-block-buttons-is-layout-flex\">\n<div class=\"wp-block-button\"><a class=\"wp-block-button__link has-black-color has-text-color has-background wp-element-button\" href=\"https:\/\/www.atelier-lumieres.com\" style=\"border-radius:1px;background-color:#73c6b6\" target=\"_blank\" rel=\"noreferrer noopener\">I buy my tickets for the Atelier des Lumi\u00e8res<\/a><\/div>\n<\/div>\n\n<div style=\"height:46px\" aria-hidden=\"true\" class=\"wp-block-spacer\"><\/div>\n<div class=\"wp-block-image\">\n<figure class=\"aligncenter size-full\"><img decoding=\"async\" width=\"602\" height=\"399\" src=\"\/wp-content\/uploads\/Expos\/2022\/CEZANNE-LUMIERES-Affiche.jpg\" alt=\"C&#xE9;zanne at the Atelier des Lumi&#xE8;res\" class=\"wp-image-69030\" srcset=\"https:\/\/www.familinparis.fr\/wp-content\/uploads\/Expos\/2022\/CEZANNE-LUMIERES-Affiche.jpg 602w, https:\/\/www.familinparis.fr\/wp-content\/uploads\/Expos\/2022\/CEZANNE-LUMIERES-Affiche-300x199.jpg 300w, https:\/\/www.familinparis.fr\/wp-content\/uploads\/Expos\/2022\/CEZANNE-LUMIERES-Affiche-18x12.jpg 18w, https:\/\/www.familinparis.fr\/wp-content\/uploads\/Expos\/2022\/CEZANNE-LUMIERES-Affiche-270x180.jpg 270w\" sizes=\"(max-width: 602px) 100vw, 602px\" \/><\/figure>\n<\/div>\n<div style=\"height:46px\" aria-hidden=\"true\" class=\"wp-block-spacer\"><\/div>\n\n<section class=\"wp-block-uagb-section uagb-section__wrap uagb-section__background-color uagb-block-cd599814\"><div class=\"uagb-section__overlay\"><\/div><div class=\"uagb-section__inner-wrap\">\n<div class=\"wp-block-columns is-layout-flex wp-container-core-columns-is-layout-9d6595d7 wp-block-columns-is-layout-flex\">\n<div class=\"wp-block-column is-layout-flow wp-block-column-is-layout-flow\" style=\"flex-basis:100%\">\n<h2 class=\"has-text-align-center wp-block-heading\">C\u00e9zanne and Kandinsky, <br\/>at the Atelier des Lumi\u00e8res<\/h2>\n\n\n\n<ul class=\"wp-block-list\">\n<li><strong>WE LIKE:<\/strong> an experience that is always as surprising as ever<\/li>\n\n\n\n<li><strong>AGE:<\/strong> for all, from 6 years old<\/li>\n\n\n\n<li><strong>DATE:<\/strong> until January 2, 2023<\/li>\n\n\n\n<li><strong>OPENING HOURS:<\/strong> every day, including public holidays &#8211; Sunday to Thursday: 10 am &#8211; 6 pm; Friday and Saturday: 10 am &#8211; 10 pm<\/li>\n\n\n\n<li><strong>VISIT TIME: allow<\/strong> at least 1 hour<\/li>\n\n\n\n<li><strong>LOCATION:<\/strong> the Atelier des Lumi\u00e8res (Paris 11th)<\/li>\n<\/ul>\n\n\n\n<h2 class=\"wp-block-heading\">Cezanne, lights of Provence<\/h2>\n\n\n\n<ul class=\"wp-block-list\">\n<li>It was in Provence that C\u00e9zanne painted his major works, and more particularly the Sainte Victoire mountain  <\/li>\n\n\n\n<li>The visitor is invited for 40 minutes to an immersive journey into the work of C\u00e9zanne with his colorful landscapes, his famous still lifes and paintings such as &#8220;The Smoker&#8221; or &#8220;The Card Players&#8221;<\/li>\n\n\n\n<li>Colour dominates, self-portraits touch us and abundant nature envelops us  <\/li>\n<\/ul>\n<\/div>\n<\/div>\n\n\n\n<h2 class=\"wp-block-heading\">Kandinsky, the Odyssey of the Abstract<\/h2>\n\n\n\n<ul class=\"wp-block-list\">\n<li>The Atelier des Lumi\u00e8res presents for about ten minutes of works by Wassily Kandinsky,  <\/li>\n\n\n\n<li>Figurative works painted at the beginning of his career, with impressionist touches, pointillism or Fauvism  <\/li>\n\n\n\n<li>The second part, more modern, colorful and geometric, shows the artist&#8217;s major works, a real journey into the cosmos<\/li>\n<\/ul>\n<\/div><\/section>\n\n<div style=\"height:30px\" aria-hidden=\"true\" class=\"wp-block-spacer\"><\/div>\n\n<figure class=\"wp-block-gallery has-nested-images columns-default is-cropped wp-block-gallery-2 is-layout-flex wp-block-gallery-is-layout-flex\">\n<figure class=\"wp-block-image size-large\"><img decoding=\"async\" data-id=\"68969\" src=\"\/wp-content\/uploads\/photos-familinparis-2021\/expo\/expo-cezanne-atelier-des-lumieres-960x1280-&#xA9;FamilinParis.jpg\" alt=\"\" class=\"wp-image-68969\"\/><\/figure>\n\n\n\n<figure class=\"wp-block-image size-large\"><img decoding=\"async\" data-id=\"68966\" src=\"\/wp-content\/uploads\/photos-familinparis-2021\/expo\/atelier-des-lumieres-cezanne-960x1280-&#xA9;FamilinParis.jpg\" alt=\"\" class=\"wp-image-68966\"\/><\/figure>\n<\/figure>\n\n<div style=\"height:36px\" aria-hidden=\"true\" class=\"wp-block-spacer\"><\/div>\n\n<figure class=\"wp-block-gallery has-nested-images columns-default is-cropped wp-block-gallery-3 is-layout-flex wp-block-gallery-is-layout-flex\">\n<figure class=\"wp-block-image size-large\"><img decoding=\"async\" data-id=\"68973\" src=\"\/wp-content\/uploads\/photos-familinparis-2021\/expo\/kandisky-atelier-des-lumieres-75010-960x1280-&#xA9;FamilinParis.jpg\" alt=\"Kandinsky exhibition at the Atelier des Lumi&#xE8;res\" class=\"wp-image-68973\"\/><\/figure>\n\n\n\n<figure class=\"wp-block-image size-large\"><img decoding=\"async\" data-id=\"68972\" src=\"\/wp-content\/uploads\/photos-familinparis-2021\/expo\/kandisky-atelier-des-lumieres-960x1280-&#xA9;FamilinParis.jpg\" alt=\"\" class=\"wp-image-68972\"\/><\/figure>\n\n\n\n<figure class=\"wp-block-image size-large\"><img decoding=\"async\" data-id=\"68971\" src=\"\/wp-content\/uploads\/photos-familinparis-2021\/expo\/exposition-kandisky-atelier-des-lumieres-&#xA9;FamilinParis-960x1280-1.jpg\" alt=\"\" class=\"wp-image-68971\"\/><\/figure>\n<\/figure>\n\n<div style=\"height:49px\" aria-hidden=\"true\" class=\"wp-block-spacer\"><\/div>\n<div class=\"lazyblock-bodered-box-9oxaF wp-block-lazyblock-bodered-box\"><div class=\"bordered-box ts-row cf\">\n    <h2 class=\"box-title\">L\u2019Atelier des Lumi\u00e8res, le nouveau lieu culturel de Paris<\/h2>\n    <div>\n        \n\n<ul class=\"wp-block-list\">\n<li><strong>The Atelier des Lumi\u00e8res<\/strong> <strong>opened in the spring of 2018 in a former foundry<\/strong> in the 11th arrondissement of Paris. This very large exhibition space is perfectly suited to the ambitions of this new Parisian cultural venue. <\/li>\n\n\n\n<li>The founding principle is to <strong>put technology at the service of the artistic tradition<\/strong> by appropriating classic pictorial works to make <strong>gigantic video projections<\/strong>.<\/li>\n\n\n\n<li>It&#8217;s <strong>another way to organize exhibitions, to discover art, it&#8217;s amazing and it will appeal to young audiences<\/strong>, that&#8217;s for sure!<\/li>\n\n\n\n<li>In a space of 2000 m2 and 10 meters high, <strong>Van Gogh&#8217;s works are projected on the floor, ceiling and walls. <\/strong> <\/li>\n\n\n\n<li><strong>It&#8217;s a visual shock,<\/strong> <strong>The colors explode. Music accompanies the projection. We are immersed in an XXL sound and light show.  <\/strong>  More than 3000 images set in motion by 140 laser projectors make this <strong>immersive art possible.<\/strong><\/li>\n<\/ul>\n\n\n\n<h3 class=\"h3-orange wp-block-heading\">THESE EXHIBITIONS THAT ENCHANTED US<\/h3>\n\n\n\n<ul class=\"wp-block-list\">\n<li>2018:<a href=\"https:\/\/www.familinparis.fr\/expo-klimt-atelier-des-lumieres\/\" rel=\"nofollow\"> &#8220;Gustav Klimt&#8221; and &#8220;Hundertwasser&#8221; and &#8220;POETIC_AI&#8221;<\/a><\/li>\n\n\n\n<li>2019: <a href=\"https:\/\/www.familinparis.fr\/expo-van-gogh-atelier-des-lumieres\/\">&#8220;Van Gogh, The Starry Night&#8221;<\/a><\/li>\n\n\n\n<li>2020: <a href=\"https:\/\/www.familinparis.fr\/impressionnisme-a-l-atelier-des-lumieres\/\">&#8220;Monet, Renoir&#8230; Chagall. Trips to the Mediterranean&#8221;<\/a><\/li>\n\n\n\n<li>2021: <a href=\"https:\/\/www.familinparis.fr\/dali-atelier-des-lumieres\/\">&#8220;Dali, the endless enigma&#8221;<\/a><\/li>\n<\/ul>\n\n\n    <\/div>\n    <p><\/p>\n<\/div><\/div>\n<div style=\"height:42px\" aria-hidden=\"true\" class=\"wp-block-spacer\"><\/div>\n\n<h2 class=\"has-large-font-size wp-block-heading\">All the nice exhibitions at the moment&#8230;<\/h2>\n\n\t\t\t<div class=\"wp-block-uagb-post-grid uagb-post-grid  uagb-post__image-position-top uagb-post__image-enabled uagb-block-9a8bccba     uagb-post__items uagb-post__columns-5 is-grid uagb-post__columns-tablet-2 uagb-post__columns-mobile-1 uagb-post__equal-height\" data-total=\"1\" style=\"\">\n\n\t\t\t\t\t\t\t\t\t\t\t\t<article class=\"uagb-post__inner-wrap\">\t\t\t\t\t\t\t\t<div class='uagb-post__image'>\n\t\t\t\t\t\t\t\t\t<a href=\"https:\/\/www.familinparis.fr\/en\/exposition-calder-fondation-louis-vuitton-billet\/\" target=\"_self\" rel=\"bookmark noopener noreferrer\" class='uagb-image-ratio-inherit'><img decoding=\"async\" width=\"270\" height=\"180\" src=\"https:\/\/www.familinparis.fr\/wp-content\/uploads\/2026\/04\/exposition-calder-fondation-louis-vuitton-270x180.jpg\" class=\"attachment-post-thumbnail size-post-thumbnail\" alt=\"affiche de l&#039;exposition &quot;Calder. R\u00eaver en \u00e9quilibre&quot;, \u00e0 la Fondation Louis Vuitton- Jusqu&#039;au 16 ao\u00fbt 2026\" \/>\t\t\t\t\t<\/a>\n\t\t\t\t\t\t\t<\/div>\n\t\t\t\t\t\t<h4 class=\"uagb-post__title uagb-post__text\">\n\t\t\t\t<a href=\"https:\/\/www.familinparis.fr\/en\/exposition-calder-fondation-louis-vuitton-billet\/\" target=\"_self\" rel=\"bookmark noopener noreferrer\">Calder. Dreaming in balance<\/a>\n\t\t\t<\/h4>\n\t\t\t\t\t\t<div class='uagb-post__text uagb-post-grid-byline'>\n\t\t\t\t\t\t\t<\/div>\n\t\t\t\n\t\t\t\t\t\t\t\t\t<\/article>\n\t\t\t\t\t\t\t\t\t\t\t\t\t\t\t\t<article class=\"uagb-post__inner-wrap\">\t\t\t\t\t\t\t\t<div class='uagb-post__image'>\n\t\t\t\t\t\t\t\t\t<a href=\"https:\/\/www.familinparis.fr\/en\/titanic-immersive-exhibition-grande-halle-de-la-villette-75019\/\" target=\"_self\" rel=\"bookmark noopener noreferrer\" class='uagb-image-ratio-inherit'><img decoding=\"async\" width=\"270\" height=\"180\" src=\"https:\/\/www.familinparis.fr\/wp-content\/uploads\/2026\/04\/La-Legende-Du-Titanic-exposition-ultime-exposition-immersive-grande-halle-la-villette-2026-270x180.jpg\" class=\"attachment-post-thumbnail size-post-thumbnail\" alt=\"Affiche de La L\u00e9gende du Titanic. L&#039;exposition ultime- Exposition immersive \u00e0 la Grande Halle de La Villette - 2026\" \/>\t\t\t\t\t<\/a>\n\t\t\t\t\t\t\t<\/div>\n\t\t\t\t\t\t<h4 class=\"uagb-post__title uagb-post__text\">\n\t\t\t\t<a href=\"https:\/\/www.familinparis.fr\/en\/titanic-immersive-exhibition-grande-halle-de-la-villette-75019\/\" target=\"_self\" rel=\"bookmark noopener noreferrer\">The Legend of the Titanic: The Ultimate Exhibition<\/a>\n\t\t\t<\/h4>\n\t\t\t\t\t\t<div class='uagb-post__text uagb-post-grid-byline'>\n\t\t\t\t\t\t\t<\/div>\n\t\t\t\n\t\t\t\t\t\t\t\t\t<\/article>\n\t\t\t\t\t\t\t\t\t\t\t\t\t\t\t\t<article class=\"uagb-post__inner-wrap\">\t\t\t\t\t\t\t\t<div class='uagb-post__image'>\n\t\t\t\t\t\t\t\t\t<a href=\"https:\/\/www.familinparis.fr\/en\/unicorn-exhibition-at-the-cluny-museum-75005\/\" target=\"_self\" rel=\"bookmark noopener noreferrer\" class='uagb-image-ratio-inherit'><img decoding=\"async\" width=\"270\" height=\"180\" src=\"https:\/\/www.familinparis.fr\/wp-content\/uploads\/2026\/03\/licornes-expo-musee-cluny-2026-270x180.jpg\" class=\"attachment-post-thumbnail size-post-thumbnail\" alt=\"Affiche exposition &quot;Licornes !&quot; au Mus\u00e9e de Cluny\" \/>\t\t\t\t\t<\/a>\n\t\t\t\t\t\t\t<\/div>\n\t\t\t\t\t\t<h4 class=\"uagb-post__title uagb-post__text\">\n\t\t\t\t<a href=\"https:\/\/www.familinparis.fr\/en\/unicorn-exhibition-at-the-cluny-museum-75005\/\" target=\"_self\" rel=\"bookmark noopener noreferrer\">Unicorns! At the Museum of Cluny<\/a>\n\t\t\t<\/h4>\n\t\t\t\t\t\t<div class='uagb-post__text uagb-post-grid-byline'>\n\t\t\t\t\t\t\t<\/div>\n\t\t\t\n\t\t\t\t\t\t\t\t\t<\/article>\n\t\t\t\t\t\t\t\t\t\t\t\t\t\t\t\t<article class=\"uagb-post__inner-wrap\">\t\t\t\t\t\t\t\t<div class='uagb-post__image'>\n\t\t\t\t\t\t\t\t\t<a href=\"https:\/\/www.familinparis.fr\/en\/renaissance-la-nouvelle-experience-immersive-a-l-atelier-des-lumieres\/\" target=\"_self\" rel=\"bookmark noopener noreferrer\" class='uagb-image-ratio-inherit'><img decoding=\"async\" width=\"270\" height=\"180\" src=\"https:\/\/www.familinparis.fr\/wp-content\/uploads\/Expos\/2026\/Renaissance-affiche-270x180.jpg\" class=\"attachment-post-thumbnail size-post-thumbnail\" alt=\"\" \/>\t\t\t\t\t<\/a>\n\t\t\t\t\t\t\t<\/div>\n\t\t\t\t\t\t<h4 class=\"uagb-post__title uagb-post__text\">\n\t\t\t\t<a href=\"https:\/\/www.familinparis.fr\/en\/renaissance-la-nouvelle-experience-immersive-a-l-atelier-des-lumieres\/\" target=\"_self\" rel=\"bookmark noopener noreferrer\">Renaissance at the Atelier des Lumi\u00e8res<\/a>\n\t\t\t<\/h4>\n\t\t\t\t\t\t<div class='uagb-post__text uagb-post-grid-byline'>\n\t\t\t\t\t\t\t<\/div>\n\t\t\t\n\t\t\t\t\t\t\t\t\t<\/article>\n\t\t\t\t\t\t\t\t\t\t\t\t\t\t\t\t<article class=\"uagb-post__inner-wrap\">\t\t\t\t\t\t\t\t<div class='uagb-post__image'>\n\t\t\t\t\t\t\t\t\t<a href=\"https:\/\/www.familinparis.fr\/en\/mummies-exhibition-at-the-musee-de-l-homme\/\" target=\"_self\" rel=\"bookmark noopener noreferrer\" class='uagb-image-ratio-inherit'><img decoding=\"async\" width=\"270\" height=\"180\" src=\"https:\/\/www.familinparis.fr\/wp-content\/uploads\/2025\/11\/AFFICHE-MH_MOMIES_40x32-270x180.jpg\" class=\"attachment-post-thumbnail size-post-thumbnail\" alt=\"Affiche de l&#039;expsoition &quot;Momies&quot; au Mus\u00e9e de l&#039;Homme - nov. 2025\" \/>\t\t\t\t\t<\/a>\n\t\t\t\t\t\t\t<\/div>\n\t\t\t\t\t\t<h4 class=\"uagb-post__title uagb-post__text\">\n\t\t\t\t<a href=\"https:\/\/www.familinparis.fr\/en\/mummies-exhibition-at-the-musee-de-l-homme\/\" target=\"_self\" rel=\"bookmark noopener noreferrer\">MOMIES \u2022 At the Mus\u00e9e de l&#8217;Homme<\/a>\n\t\t\t<\/h4>\n\t\t\t\t\t\t<div class='uagb-post__text uagb-post-grid-byline'>\n\t\t\t\t\t\t\t<\/div>\n\t\t\t\n\t\t\t\t\t\t\t\t\t<\/article>\n\t\t\t\t\t\t\t\t\t\t\t\t\t\t\t\t<article class=\"uagb-post__inner-wrap\">\t\t\t\t\t\t\t\t<div class='uagb-post__image'>\n\t\t\t\t\t\t\t\t\t<a href=\"https:\/\/www.familinparis.fr\/en\/the-world-of-banksy\/\" target=\"_self\" rel=\"bookmark noopener noreferrer\" class='uagb-image-ratio-inherit'><img decoding=\"async\" width=\"270\" height=\"180\" src=\"https:\/\/www.familinparis.fr\/wp-content\/uploads\/Expos\/2019\/Divers\/banksy-a-paris-270x180.jpg\" class=\"attachment-post-thumbnail size-post-thumbnail\" alt=\"\" \/>\t\t\t\t\t<\/a>\n\t\t\t\t\t\t\t<\/div>\n\t\t\t\t\t\t<h4 class=\"uagb-post__title uagb-post__text\">\n\t\t\t\t<a href=\"https:\/\/www.familinparis.fr\/en\/the-world-of-banksy\/\" target=\"_self\" rel=\"bookmark noopener noreferrer\">The World of Banksy<\/a>\n\t\t\t<\/h4>\n\t\t\t\t\t\t<div class='uagb-post__text uagb-post-grid-byline'>\n\t\t\t\t\t\t\t<\/div>\n\t\t\t\n\t\t\t\t\t\t\t\t\t<\/article>\n\t\t\t\t\t\t\t\t\t\t\t\t\t\t\t\t<article class=\"uagb-post__inner-wrap\">\t\t\t\t\t\t\t\t<div class='uagb-post__image'>\n\t\t\t\t\t\t\t\t\t<a href=\"https:\/\/www.familinparis.fr\/en\/dogs-and-cats-exhibition-cite-des-sciences\/\" target=\"_self\" rel=\"bookmark noopener noreferrer\" class='uagb-image-ratio-inherit'><img decoding=\"async\" width=\"270\" height=\"180\" src=\"https:\/\/www.familinparis.fr\/wp-content\/uploads\/2025\/01\/chiens-et-chats-expo-cite-des-sciences-la-villette-2025-2026-270x180.jpg\" class=\"attachment-post-thumbnail size-post-thumbnail\" alt=\"Exposition &quot;Chiens et chats&quot; \u00e0 La Cit\u00e9 des Sciences et de l&#039;industrie 2025-2026\" srcset=\"https:\/\/www.familinparis.fr\/wp-content\/uploads\/2025\/01\/chiens-et-chats-expo-cite-des-sciences-la-villette-2025-2026-270x180.jpg 270w, https:\/\/www.familinparis.fr\/wp-content\/uploads\/2025\/01\/chiens-et-chats-expo-cite-des-sciences-la-villette-2025-2026-300x200.jpg 300w, https:\/\/www.familinparis.fr\/wp-content\/uploads\/2025\/01\/chiens-et-chats-expo-cite-des-sciences-la-villette-2025-2026-768x512.jpg 768w, https:\/\/www.familinparis.fr\/wp-content\/uploads\/2025\/01\/chiens-et-chats-expo-cite-des-sciences-la-villette-2025-2026-730x486.jpg 730w, https:\/\/www.familinparis.fr\/wp-content\/uploads\/2025\/01\/chiens-et-chats-expo-cite-des-sciences-la-villette-2025-2026.jpg 800w\" sizes=\"(max-width: 270px) 100vw, 270px\" \/>\t\t\t\t\t<\/a>\n\t\t\t\t\t\t\t<\/div>\n\t\t\t\t\t\t<h4 class=\"uagb-post__title uagb-post__text\">\n\t\t\t\t<a href=\"https:\/\/www.familinparis.fr\/en\/dogs-and-cats-exhibition-cite-des-sciences\/\" target=\"_self\" rel=\"bookmark noopener noreferrer\">Dogs and cats, at the Cit\u00e9 des Sciences<\/a>\n\t\t\t<\/h4>\n\t\t\t\t\t\t<div class='uagb-post__text uagb-post-grid-byline'>\n\t\t\t\t\t\t\t<\/div>\n\t\t\t\n\t\t\t\t\t\t\t\t\t<\/article>\n\t\t\t\t\t\t\t\t\t\t\t\t\t\t\t\t<article class=\"uagb-post__inner-wrap\">\t\t\t\t\t\t\t\t<div class='uagb-post__image'>\n\t\t\t\t\t\t\t\t\t<a href=\"https:\/\/www.familinparis.fr\/en\/dance\/\" target=\"_self\" rel=\"bookmark noopener noreferrer\" class='uagb-image-ratio-inherit'><img decoding=\"async\" width=\"270\" height=\"180\" src=\"https:\/\/www.familinparis.fr\/wp-content\/uploads\/2024\/06\/Danser-expo-2024-la-villette-270x180.jpg\" class=\"attachment-post-thumbnail size-post-thumbnail\" alt=\"\" \/>\t\t\t\t\t<\/a>\n\t\t\t\t\t\t\t<\/div>\n\t\t\t\t\t\t<h4 class=\"uagb-post__title uagb-post__text\">\n\t\t\t\t<a href=\"https:\/\/www.familinparis.fr\/en\/dance\/\" target=\"_self\" rel=\"bookmark noopener noreferrer\">Dance<\/a>\n\t\t\t<\/h4>\n\t\t\t\t\t\t<div class='uagb-post__text uagb-post-grid-byline'>\n\t\t\t\t\t\t\t<\/div>\n\t\t\t\n\t\t\t\t\t\t\t\t\t<\/article>\n\t\t\t\t\t\t\t\t\t\t\t\t\t\t\t\t<article class=\"uagb-post__inner-wrap\">\t\t\t\t\t\t\t\t<div class='uagb-post__image'>\n\t\t\t\t\t\t\t\t\t<a href=\"https:\/\/www.familinparis.fr\/en\/space-mission\/\" target=\"_self\" rel=\"bookmark noopener noreferrer\" class='uagb-image-ratio-inherit'><img decoding=\"async\" width=\"270\" height=\"180\" src=\"https:\/\/www.familinparis.fr\/wp-content\/uploads\/2023\/11\/mission-spatiale-cite-des-sciences-expo2023.jpeg-1-270x180.jpg\" class=\"attachment-post-thumbnail size-post-thumbnail\" alt=\"\" \/>\t\t\t\t\t<\/a>\n\t\t\t\t\t\t\t<\/div>\n\t\t\t\t\t\t<h4 class=\"uagb-post__title uagb-post__text\">\n\t\t\t\t<a href=\"https:\/\/www.familinparis.fr\/en\/space-mission\/\" target=\"_self\" rel=\"bookmark noopener noreferrer\">Space Mission<\/a>\n\t\t\t<\/h4>\n\t\t\t\t\t\t<div class='uagb-post__text uagb-post-grid-byline'>\n\t\t\t\t\t\t\t<\/div>\n\t\t\t\n\t\t\t\t\t\t\t\t\t<\/article>\n\t\t\t\t\t\t\t\t\t\t\t\t\t\t\t\t<article class=\"uagb-post__inner-wrap\">\t\t\t\t\t\t\t\t<div class='uagb-post__image'>\n\t\t\t\t\t\t\t\t\t<a href=\"https:\/\/www.familinparis.fr\/en\/climate-emergency\/\" target=\"_self\" rel=\"bookmark noopener noreferrer\" class='uagb-image-ratio-inherit'><img decoding=\"async\" width=\"270\" height=\"180\" src=\"https:\/\/www.familinparis.fr\/wp-content\/uploads\/2023\/09\/expo-urgence-climatique-cite-des-sciences-270x180.jpg\" class=\"attachment-post-thumbnail size-post-thumbnail\" alt=\"\" \/>\t\t\t\t\t<\/a>\n\t\t\t\t\t\t\t<\/div>\n\t\t\t\t\t\t<h4 class=\"uagb-post__title uagb-post__text\">\n\t\t\t\t<a href=\"https:\/\/www.familinparis.fr\/en\/climate-emergency\/\" target=\"_self\" rel=\"bookmark noopener noreferrer\">Climate emergency<\/a>\n\t\t\t<\/h4>\n\t\t\t\t\t\t<div class='uagb-post__text uagb-post-grid-byline'>\n\t\t\t\t\t\t\t<\/div>\n\t\t\t\n\t\t\t\t\t\t\t\t\t<\/article>\n\t\t\t\t\t\t\t\t\t\t\t<\/div>\n\t\t\t\n<div style=\"height:100px\" aria-hidden=\"true\" class=\"wp-block-spacer\"><\/div>\n\n<p><\/p>\n","protected":false},"excerpt":{"rendered":"<p>Digital experience with XXL works \u2014 For everyone \u2014 Until January 2, 2023<\/p>\n","protected":false},"author":6,"featured_media":130872,"comment_status":"open","ping_status":"open","sticky":false,"template":"","format":"standard","meta":{"_uag_custom_page_level_css":"","footnotes":""},"categories":[1253],"tags":[],"class_list":{"0":"post-135452","1":"post","2":"type-post","3":"status-publish","4":"format-standard","5":"has-post-thumbnail","7":"category-past-events"},"yoast_head":"<!-- This site is optimized with the Yoast SEO plugin v27.2 - https:\/\/yoast.com\/product\/yoast-seo-wordpress\/ -->\n<title>Cezanne and Kandinsky at the Atelier des Lumi\u00e8res &gt;&gt; Expo 2022\/2023<\/title>\n<meta name=\"description\" content=\"A nice exhibition to show to children and teenagers! 60 years of creation. Monumental works. A stunning immersive experience\" \/>\n<meta name=\"robots\" content=\"index, follow, max-snippet:-1, max-image-preview:large, max-video-preview:-1\" \/>\n<link rel=\"canonical\" href=\"https:\/\/www.familinparis.fr\/en\/cezanne-and-kandinsky-at-the-atelier-des-lumieres\/\" \/>\n<meta property=\"og:locale\" content=\"en_US\" \/>\n<meta property=\"og:type\" content=\"article\" \/>\n<meta property=\"og:title\" content=\"Cezanne and Kandinsky at the Atelier des Lumi\u00e8res &gt;&gt; Expo 2022\/2023\" \/>\n<meta property=\"og:description\" content=\"A nice exhibition to show to children and teenagers! 60 years of creation. Monumental works. A stunning immersive experience\" \/>\n<meta property=\"og:url\" content=\"https:\/\/www.familinparis.fr\/en\/cezanne-and-kandinsky-at-the-atelier-des-lumieres\/\" \/>\n<meta property=\"og:site_name\" content=\"Familin&#039;Paris\" \/>\n<meta property=\"article:published_time\" content=\"2022-04-11T16:40:59+00:00\" \/>\n<meta property=\"article:modified_time\" content=\"2024-11-16T15:16:36+00:00\" \/>\n<meta property=\"og:image\" content=\"https:\/\/www.familinparis.fr\/wp-content\/uploads\/photos-familinparis-2021\/expo\/atelier-des-lumieres-cezanne-960x1280-\u00a9FamilinParis.jpg\" \/>\n\t<meta property=\"og:image:width\" content=\"960\" \/>\n\t<meta property=\"og:image:height\" content=\"1280\" \/>\n\t<meta property=\"og:image:type\" content=\"image\/jpeg\" \/>\n<meta name=\"author\" content=\"Agn\u00e8s\" \/>\n<meta name=\"twitter:card\" content=\"summary_large_image\" \/>\n<meta name=\"twitter:label1\" content=\"Written by\" \/>\n\t<meta name=\"twitter:data1\" content=\"Agn\u00e8s\" \/>\n\t<meta name=\"twitter:label2\" content=\"Est. reading time\" \/>\n\t<meta name=\"twitter:data2\" content=\"2 minutes\" \/>\n<script type=\"application\/ld+json\" class=\"yoast-schema-graph\">{\"@context\":\"https:\/\/schema.org\",\"@graph\":[{\"@type\":\"Article\",\"@id\":\"https:\/\/www.familinparis.fr\/en\/cezanne-and-kandinsky-at-the-atelier-des-lumieres\/#article\",\"isPartOf\":{\"@id\":\"https:\/\/www.familinparis.fr\/en\/cezanne-and-kandinsky-at-the-atelier-des-lumieres\/\"},\"author\":{\"name\":\"Agn\u00e8s\",\"@id\":\"https:\/\/www.familinparis.fr\/en\/#\/schema\/person\/20deb9130cb58f76b535d316fe0aa31f\"},\"headline\":\"C\u00e9zanne and Kandinsky, at the Atelier des Lumi\u00e8res\",\"datePublished\":\"2022-04-11T16:40:59+00:00\",\"dateModified\":\"2024-11-16T15:16:36+00:00\",\"mainEntityOfPage\":{\"@id\":\"https:\/\/www.familinparis.fr\/en\/cezanne-and-kandinsky-at-the-atelier-des-lumieres\/\"},\"wordCount\":382,\"commentCount\":0,\"image\":{\"@id\":\"https:\/\/www.familinparis.fr\/en\/cezanne-and-kandinsky-at-the-atelier-des-lumieres\/#primaryimage\"},\"thumbnailUrl\":\"https:\/\/www.familinparis.fr\/wp-content\/uploads\/photos-familinparis-2021\/expo\/atelier-des-lumieres-cezanne-960x1280-\u00a9FamilinParis.jpg\",\"articleSection\":[\"Past events\"],\"inLanguage\":\"en-US\",\"potentialAction\":[{\"@type\":\"CommentAction\",\"name\":\"Comment\",\"target\":[\"https:\/\/www.familinparis.fr\/en\/cezanne-and-kandinsky-at-the-atelier-des-lumieres\/#respond\"]}]},{\"@type\":\"WebPage\",\"@id\":\"https:\/\/www.familinparis.fr\/en\/cezanne-and-kandinsky-at-the-atelier-des-lumieres\/\",\"url\":\"https:\/\/www.familinparis.fr\/en\/cezanne-and-kandinsky-at-the-atelier-des-lumieres\/\",\"name\":\"Cezanne and Kandinsky at the Atelier des Lumi\u00e8res >> Expo 2022\/2023\",\"isPartOf\":{\"@id\":\"https:\/\/www.familinparis.fr\/en\/#website\"},\"primaryImageOfPage\":{\"@id\":\"https:\/\/www.familinparis.fr\/en\/cezanne-and-kandinsky-at-the-atelier-des-lumieres\/#primaryimage\"},\"image\":{\"@id\":\"https:\/\/www.familinparis.fr\/en\/cezanne-and-kandinsky-at-the-atelier-des-lumieres\/#primaryimage\"},\"thumbnailUrl\":\"https:\/\/www.familinparis.fr\/wp-content\/uploads\/photos-familinparis-2021\/expo\/atelier-des-lumieres-cezanne-960x1280-\u00a9FamilinParis.jpg\",\"datePublished\":\"2022-04-11T16:40:59+00:00\",\"dateModified\":\"2024-11-16T15:16:36+00:00\",\"author\":{\"@id\":\"https:\/\/www.familinparis.fr\/en\/#\/schema\/person\/20deb9130cb58f76b535d316fe0aa31f\"},\"description\":\"A nice exhibition to show to children and teenagers! 60 years of creation. Monumental works. A stunning immersive experience\",\"breadcrumb\":{\"@id\":\"https:\/\/www.familinparis.fr\/en\/cezanne-and-kandinsky-at-the-atelier-des-lumieres\/#breadcrumb\"},\"inLanguage\":\"en-US\",\"potentialAction\":[{\"@type\":\"ReadAction\",\"target\":[\"https:\/\/www.familinparis.fr\/en\/cezanne-and-kandinsky-at-the-atelier-des-lumieres\/\"]}]},{\"@type\":\"ImageObject\",\"inLanguage\":\"en-US\",\"@id\":\"https:\/\/www.familinparis.fr\/en\/cezanne-and-kandinsky-at-the-atelier-des-lumieres\/#primaryimage\",\"url\":\"https:\/\/www.familinparis.fr\/wp-content\/uploads\/photos-familinparis-2021\/expo\/atelier-des-lumieres-cezanne-960x1280-\u00a9FamilinParis.jpg\",\"contentUrl\":\"https:\/\/www.familinparis.fr\/wp-content\/uploads\/photos-familinparis-2021\/expo\/atelier-des-lumieres-cezanne-960x1280-\u00a9FamilinParis.jpg\",\"width\":960,\"height\":1280},{\"@type\":\"BreadcrumbList\",\"@id\":\"https:\/\/www.familinparis.fr\/en\/cezanne-and-kandinsky-at-the-atelier-des-lumieres\/#breadcrumb\",\"itemListElement\":[{\"@type\":\"ListItem\",\"position\":1,\"name\":\"Home\",\"item\":\"https:\/\/www.familinparis.fr\/en\/\"},{\"@type\":\"ListItem\",\"position\":2,\"name\":\"Exposition\",\"item\":\"https:\/\/www.familinparis.fr\/en\/categorie\/exposition-en\/\"},{\"@type\":\"ListItem\",\"position\":3,\"name\":\"C\u00e9zanne and Kandinsky, at the Atelier des Lumi\u00e8res\"}]},{\"@type\":\"WebSite\",\"@id\":\"https:\/\/www.familinparis.fr\/en\/#website\",\"url\":\"https:\/\/www.familinparis.fr\/en\/\",\"name\":\"Familin&#039;Paris\",\"description\":\"Visiter le meilleur de Paris avec des enfants : sorties, spectacles, adresses de restaurants, shopping, bons plans...\",\"potentialAction\":[{\"@type\":\"SearchAction\",\"target\":{\"@type\":\"EntryPoint\",\"urlTemplate\":\"https:\/\/www.familinparis.fr\/en\/?s={search_term_string}\"},\"query-input\":{\"@type\":\"PropertyValueSpecification\",\"valueRequired\":true,\"valueName\":\"search_term_string\"}}],\"inLanguage\":\"en-US\"},{\"@type\":\"Person\",\"@id\":\"https:\/\/www.familinparis.fr\/en\/#\/schema\/person\/20deb9130cb58f76b535d316fe0aa31f\",\"name\":\"Agn\u00e8s\",\"image\":{\"@type\":\"ImageObject\",\"inLanguage\":\"en-US\",\"@id\":\"https:\/\/secure.gravatar.com\/avatar\/0ff338e2776ca662585d438b3bc140cbe7b54659207d3329065be97ffb37fa5a?s=96&d=identicon&r=g\",\"url\":\"https:\/\/secure.gravatar.com\/avatar\/0ff338e2776ca662585d438b3bc140cbe7b54659207d3329065be97ffb37fa5a?s=96&d=identicon&r=g\",\"contentUrl\":\"https:\/\/secure.gravatar.com\/avatar\/0ff338e2776ca662585d438b3bc140cbe7b54659207d3329065be97ffb37fa5a?s=96&d=identicon&r=g\",\"caption\":\"Agn\u00e8s\"}}]}<\/script>\n<!-- \/ Yoast SEO plugin. -->","yoast_head_json":{"title":"Cezanne and Kandinsky at the Atelier des Lumi\u00e8res >> Expo 2022\/2023","description":"A nice exhibition to show to children and teenagers! 60 years of creation. Monumental works. A stunning immersive experience","robots":{"index":"index","follow":"follow","max-snippet":"max-snippet:-1","max-image-preview":"max-image-preview:large","max-video-preview":"max-video-preview:-1"},"canonical":"https:\/\/www.familinparis.fr\/en\/cezanne-and-kandinsky-at-the-atelier-des-lumieres\/","og_locale":"en_US","og_type":"article","og_title":"Cezanne and Kandinsky at the Atelier des Lumi\u00e8res >> Expo 2022\/2023","og_description":"A nice exhibition to show to children and teenagers! 60 years of creation. Monumental works. A stunning immersive experience","og_url":"https:\/\/www.familinparis.fr\/en\/cezanne-and-kandinsky-at-the-atelier-des-lumieres\/","og_site_name":"Familin&#039;Paris","article_published_time":"2022-04-11T16:40:59+00:00","article_modified_time":"2024-11-16T15:16:36+00:00","og_image":[{"width":960,"height":1280,"url":"https:\/\/www.familinparis.fr\/wp-content\/uploads\/photos-familinparis-2021\/expo\/atelier-des-lumieres-cezanne-960x1280-\u00a9FamilinParis.jpg","type":"image\/jpeg"}],"author":"Agn\u00e8s","twitter_card":"summary_large_image","twitter_misc":{"Written by":"Agn\u00e8s","Est. reading time":"2 minutes"},"schema":{"@context":"https:\/\/schema.org","@graph":[{"@type":"Article","@id":"https:\/\/www.familinparis.fr\/en\/cezanne-and-kandinsky-at-the-atelier-des-lumieres\/#article","isPartOf":{"@id":"https:\/\/www.familinparis.fr\/en\/cezanne-and-kandinsky-at-the-atelier-des-lumieres\/"},"author":{"name":"Agn\u00e8s","@id":"https:\/\/www.familinparis.fr\/en\/#\/schema\/person\/20deb9130cb58f76b535d316fe0aa31f"},"headline":"C\u00e9zanne and Kandinsky, at the Atelier des Lumi\u00e8res","datePublished":"2022-04-11T16:40:59+00:00","dateModified":"2024-11-16T15:16:36+00:00","mainEntityOfPage":{"@id":"https:\/\/www.familinparis.fr\/en\/cezanne-and-kandinsky-at-the-atelier-des-lumieres\/"},"wordCount":382,"commentCount":0,"image":{"@id":"https:\/\/www.familinparis.fr\/en\/cezanne-and-kandinsky-at-the-atelier-des-lumieres\/#primaryimage"},"thumbnailUrl":"https:\/\/www.familinparis.fr\/wp-content\/uploads\/photos-familinparis-2021\/expo\/atelier-des-lumieres-cezanne-960x1280-\u00a9FamilinParis.jpg","articleSection":["Past events"],"inLanguage":"en-US","potentialAction":[{"@type":"CommentAction","name":"Comment","target":["https:\/\/www.familinparis.fr\/en\/cezanne-and-kandinsky-at-the-atelier-des-lumieres\/#respond"]}]},{"@type":"WebPage","@id":"https:\/\/www.familinparis.fr\/en\/cezanne-and-kandinsky-at-the-atelier-des-lumieres\/","url":"https:\/\/www.familinparis.fr\/en\/cezanne-and-kandinsky-at-the-atelier-des-lumieres\/","name":"Cezanne and Kandinsky at the Atelier des Lumi\u00e8res >> Expo 2022\/2023","isPartOf":{"@id":"https:\/\/www.familinparis.fr\/en\/#website"},"primaryImageOfPage":{"@id":"https:\/\/www.familinparis.fr\/en\/cezanne-and-kandinsky-at-the-atelier-des-lumieres\/#primaryimage"},"image":{"@id":"https:\/\/www.familinparis.fr\/en\/cezanne-and-kandinsky-at-the-atelier-des-lumieres\/#primaryimage"},"thumbnailUrl":"https:\/\/www.familinparis.fr\/wp-content\/uploads\/photos-familinparis-2021\/expo\/atelier-des-lumieres-cezanne-960x1280-\u00a9FamilinParis.jpg","datePublished":"2022-04-11T16:40:59+00:00","dateModified":"2024-11-16T15:16:36+00:00","author":{"@id":"https:\/\/www.familinparis.fr\/en\/#\/schema\/person\/20deb9130cb58f76b535d316fe0aa31f"},"description":"A nice exhibition to show to children and teenagers! 60 years of creation. Monumental works. A stunning immersive experience","breadcrumb":{"@id":"https:\/\/www.familinparis.fr\/en\/cezanne-and-kandinsky-at-the-atelier-des-lumieres\/#breadcrumb"},"inLanguage":"en-US","potentialAction":[{"@type":"ReadAction","target":["https:\/\/www.familinparis.fr\/en\/cezanne-and-kandinsky-at-the-atelier-des-lumieres\/"]}]},{"@type":"ImageObject","inLanguage":"en-US","@id":"https:\/\/www.familinparis.fr\/en\/cezanne-and-kandinsky-at-the-atelier-des-lumieres\/#primaryimage","url":"https:\/\/www.familinparis.fr\/wp-content\/uploads\/photos-familinparis-2021\/expo\/atelier-des-lumieres-cezanne-960x1280-\u00a9FamilinParis.jpg","contentUrl":"https:\/\/www.familinparis.fr\/wp-content\/uploads\/photos-familinparis-2021\/expo\/atelier-des-lumieres-cezanne-960x1280-\u00a9FamilinParis.jpg","width":960,"height":1280},{"@type":"BreadcrumbList","@id":"https:\/\/www.familinparis.fr\/en\/cezanne-and-kandinsky-at-the-atelier-des-lumieres\/#breadcrumb","itemListElement":[{"@type":"ListItem","position":1,"name":"Home","item":"https:\/\/www.familinparis.fr\/en\/"},{"@type":"ListItem","position":2,"name":"Exposition","item":"https:\/\/www.familinparis.fr\/en\/categorie\/exposition-en\/"},{"@type":"ListItem","position":3,"name":"C\u00e9zanne and Kandinsky, at the Atelier des Lumi\u00e8res"}]},{"@type":"WebSite","@id":"https:\/\/www.familinparis.fr\/en\/#website","url":"https:\/\/www.familinparis.fr\/en\/","name":"Familin&#039;Paris","description":"Visiter le meilleur de Paris avec des enfants : sorties, spectacles, adresses de restaurants, shopping, bons plans...","potentialAction":[{"@type":"SearchAction","target":{"@type":"EntryPoint","urlTemplate":"https:\/\/www.familinparis.fr\/en\/?s={search_term_string}"},"query-input":{"@type":"PropertyValueSpecification","valueRequired":true,"valueName":"search_term_string"}}],"inLanguage":"en-US"},{"@type":"Person","@id":"https:\/\/www.familinparis.fr\/en\/#\/schema\/person\/20deb9130cb58f76b535d316fe0aa31f","name":"Agn\u00e8s","image":{"@type":"ImageObject","inLanguage":"en-US","@id":"https:\/\/secure.gravatar.com\/avatar\/0ff338e2776ca662585d438b3bc140cbe7b54659207d3329065be97ffb37fa5a?s=96&d=identicon&r=g","url":"https:\/\/secure.gravatar.com\/avatar\/0ff338e2776ca662585d438b3bc140cbe7b54659207d3329065be97ffb37fa5a?s=96&d=identicon&r=g","contentUrl":"https:\/\/secure.gravatar.com\/avatar\/0ff338e2776ca662585d438b3bc140cbe7b54659207d3329065be97ffb37fa5a?s=96&d=identicon&r=g","caption":"Agn\u00e8s"}}]}},"uagb_featured_image_src":{"full":["https:\/\/www.familinparis.fr\/wp-content\/uploads\/photos-familinparis-2021\/expo\/atelier-des-lumieres-cezanne-960x1280-\u00a9FamilinParis.jpg",960,1280,false],"thumbnail":["https:\/\/www.familinparis.fr\/wp-content\/uploads\/photos-familinparis-2021\/expo\/atelier-des-lumieres-cezanne-960x1280-\u00a9FamilinParis-150x150.jpg",150,150,true],"medium":["https:\/\/www.familinparis.fr\/wp-content\/uploads\/photos-familinparis-2021\/expo\/atelier-des-lumieres-cezanne-960x1280-\u00a9FamilinParis-225x300.jpg",225,300,true],"medium_large":["https:\/\/www.familinparis.fr\/wp-content\/uploads\/photos-familinparis-2021\/expo\/atelier-des-lumieres-cezanne-960x1280-\u00a9FamilinParis-768x1024.jpg",768,1024,true],"large":["https:\/\/www.familinparis.fr\/wp-content\/uploads\/photos-familinparis-2021\/expo\/atelier-des-lumieres-cezanne-960x1280-\u00a9FamilinParis-768x1024.jpg",768,1024,true],"1536x1536":["https:\/\/www.familinparis.fr\/wp-content\/uploads\/photos-familinparis-2021\/expo\/atelier-des-lumieres-cezanne-960x1280-\u00a9FamilinParis.jpg",960,1280,false],"2048x2048":["https:\/\/www.familinparis.fr\/wp-content\/uploads\/photos-familinparis-2021\/expo\/atelier-des-lumieres-cezanne-960x1280-\u00a9FamilinParis.jpg",960,1280,false],"home-thumb":["https:\/\/www.familinparis.fr\/wp-content\/uploads\/photos-familinparis-2021\/expo\/atelier-des-lumieres-cezanne-960x1280-\u00a9FamilinParis-548x730.jpg",548,730,true],"home-slider":["https:\/\/www.familinparis.fr\/wp-content\/uploads\/photos-familinparis-2021\/expo\/atelier-des-lumieres-cezanne-960x1280-\u00a9FamilinParis-800x600.jpg",800,600,true],"lightbox-slider-size":["https:\/\/www.familinparis.fr\/wp-content\/uploads\/photos-familinparis-2021\/expo\/atelier-des-lumieres-cezanne-960x1280-\u00a9FamilinParis-564x282.jpg",564,282,true],"post-thumbnail":["https:\/\/www.familinparis.fr\/wp-content\/uploads\/photos-familinparis-2021\/expo\/atelier-des-lumieres-cezanne-960x1280-\u00a9FamilinParis-270x180.jpg",270,180,true],"cheerup-main":["https:\/\/www.familinparis.fr\/wp-content\/uploads\/photos-familinparis-2021\/expo\/atelier-des-lumieres-cezanne-960x1280-\u00a9FamilinParis-770x400.jpg",770,400,true],"cheerup-main-full":["https:\/\/www.familinparis.fr\/wp-content\/uploads\/photos-familinparis-2021\/expo\/atelier-des-lumieres-cezanne-960x1280-\u00a9FamilinParis-960x508.jpg",960,508,true],"cheerup-slider-alt":["https:\/\/www.familinparis.fr\/wp-content\/uploads\/photos-familinparis-2021\/expo\/atelier-des-lumieres-cezanne-960x1280-\u00a9FamilinParis-960x508.jpg",960,508,true],"cheerup-slider-trendy":["https:\/\/www.familinparis.fr\/wp-content\/uploads\/photos-familinparis-2021\/expo\/atelier-des-lumieres-cezanne-960x1280-\u00a9FamilinParis-960x508.jpg",960,508,true],"cheerup-slider-stylish":["https:\/\/www.familinparis.fr\/wp-content\/uploads\/photos-familinparis-2021\/expo\/atelier-des-lumieres-cezanne-960x1280-\u00a9FamilinParis-900x515.jpg",900,515,true],"cheerup-slider-grid":["https:\/\/www.familinparis.fr\/wp-content\/uploads\/photos-familinparis-2021\/expo\/atelier-des-lumieres-cezanne-960x1280-\u00a9FamilinParis-870x600.jpg",870,600,true],"cheerup-slider-grid-sm":["https:\/\/www.familinparis.fr\/wp-content\/uploads\/photos-familinparis-2021\/expo\/atelier-des-lumieres-cezanne-960x1280-\u00a9FamilinParis-300x300.jpg",300,300,true],"cheerup-slider-carousel":["https:\/\/www.familinparis.fr\/wp-content\/uploads\/photos-familinparis-2021\/expo\/atelier-des-lumieres-cezanne-960x1280-\u00a9FamilinParis-370x370.jpg",370,370,true],"cheerup-slider-grid-b":["https:\/\/www.familinparis.fr\/wp-content\/uploads\/photos-familinparis-2021\/expo\/atelier-des-lumieres-cezanne-960x1280-\u00a9FamilinParis-554x466.jpg",554,466,true],"cheerup-slider-grid-b-sm":["https:\/\/www.familinparis.fr\/wp-content\/uploads\/photos-familinparis-2021\/expo\/atelier-des-lumieres-cezanne-960x1280-\u00a9FamilinParis-306x466.jpg",306,466,true],"cheerup-slider-bold-sm":["https:\/\/www.familinparis.fr\/wp-content\/uploads\/photos-familinparis-2021\/expo\/atelier-des-lumieres-cezanne-960x1280-\u00a9FamilinParis-150x150.jpg",150,150,true],"cheerup-grid":["https:\/\/www.familinparis.fr\/wp-content\/uploads\/photos-familinparis-2021\/expo\/atelier-des-lumieres-cezanne-960x1280-\u00a9FamilinParis-370x285.jpg",370,285,true],"cheerup-carousel":["https:\/\/www.familinparis.fr\/wp-content\/uploads\/photos-familinparis-2021\/expo\/atelier-des-lumieres-cezanne-960x1280-\u00a9FamilinParis-270x180.jpg",270,180,true],"cheerup-carousel-b":["https:\/\/www.familinparis.fr\/wp-content\/uploads\/photos-familinparis-2021\/expo\/atelier-des-lumieres-cezanne-960x1280-\u00a9FamilinParis-370x285.jpg",370,285,true],"cheerup-list":["https:\/\/www.familinparis.fr\/wp-content\/uploads\/photos-familinparis-2021\/expo\/atelier-des-lumieres-cezanne-960x1280-\u00a9FamilinParis-260x200.jpg",260,200,true],"cheerup-list-b":["https:\/\/www.familinparis.fr\/wp-content\/uploads\/photos-familinparis-2021\/expo\/atelier-des-lumieres-cezanne-960x1280-\u00a9FamilinParis-370x305.jpg",370,305,true],"cheerup-thumb":["https:\/\/www.familinparis.fr\/wp-content\/uploads\/photos-familinparis-2021\/expo\/atelier-des-lumieres-cezanne-960x1280-\u00a9FamilinParis-87x67.jpg",87,67,true],"cheerup-thumb-alt":["https:\/\/www.familinparis.fr\/wp-content\/uploads\/photos-familinparis-2021\/expo\/atelier-des-lumieres-cezanne-960x1280-\u00a9FamilinParis-150x150.jpg",150,150,true]},"uagb_author_info":{"display_name":"Agn\u00e8s","author_link":"https:\/\/www.familinparis.fr\/en\/author\/agnes\/"},"uagb_comment_info":0,"uagb_excerpt":"Digital experience with XXL works \u2014 For everyone \u2014 Until January 2, 2023","_links":{"self":[{"href":"https:\/\/www.familinparis.fr\/en\/wp-json\/wp\/v2\/posts\/135452","targetHints":{"allow":["GET"]}}],"collection":[{"href":"https:\/\/www.familinparis.fr\/en\/wp-json\/wp\/v2\/posts"}],"about":[{"href":"https:\/\/www.familinparis.fr\/en\/wp-json\/wp\/v2\/types\/post"}],"author":[{"embeddable":true,"href":"https:\/\/www.familinparis.fr\/en\/wp-json\/wp\/v2\/users\/6"}],"replies":[{"embeddable":true,"href":"https:\/\/www.familinparis.fr\/en\/wp-json\/wp\/v2\/comments?post=135452"}],"version-history":[{"count":0,"href":"https:\/\/www.familinparis.fr\/en\/wp-json\/wp\/v2\/posts\/135452\/revisions"}],"wp:featuredmedia":[{"embeddable":true,"href":"https:\/\/www.familinparis.fr\/en\/wp-json\/wp\/v2\/media\/130872"}],"wp:attachment":[{"href":"https:\/\/www.familinparis.fr\/en\/wp-json\/wp\/v2\/media?parent=135452"}],"wp:term":[{"taxonomy":"category","embeddable":true,"href":"https:\/\/www.familinparis.fr\/en\/wp-json\/wp\/v2\/categories?post=135452"},{"taxonomy":"post_tag","embeddable":true,"href":"https:\/\/www.familinparis.fr\/en\/wp-json\/wp\/v2\/tags?post=135452"}],"curies":[{"name":"wp","href":"https:\/\/api.w.org\/{rel}","templated":true}]}}