{"id":135421,"date":"2022-02-20T09:44:01","date_gmt":"2022-02-20T07:44:01","guid":{"rendered":"https:\/\/www.familinparis.fr\/the-promise-of-dawn\/"},"modified":"2024-11-16T17:16:29","modified_gmt":"2024-11-16T15:16:29","slug":"the-promise-of-dawn","status":"publish","type":"post","link":"https:\/\/www.familinparis.fr\/en\/the-promise-of-dawn\/","title":{"rendered":"The Promise of Dawn"},"content":{"rendered":"<div class=\"lazyblock-baseline-1WSUt7 wp-block-lazyblock-baseline\"><div class=\"baseline\">Theatre  <\/div><\/div><div class=\"lazyblock-infos-pratiques-Z1sDlVf wp-block-lazyblock-infos-pratiques\"><div class=\"read-more go-to\" data-goto=\"infos-sup\">\n  <a href=\"#\">\n    <span class=\"rien\">\n      <i class=\"fa fa-map-marker\"><\/i> See practical information    <\/span>\n  <\/a>\n<\/div><\/div>\n<section class=\"wp-block-uagb-section uagb-section__wrap uagb-section__background-color uagb-block-43ef6dbd\"><div class=\"uagb-section__overlay\"><\/div><div class=\"uagb-section__inner-wrap\">\n<div class=\"wp-block-columns is-layout-flex wp-container-core-columns-is-layout-9d6595d7 wp-block-columns-is-layout-flex\">\n<div class=\"wp-block-column is-layout-flow wp-block-column-is-layout-flow\" style=\"flex-basis:66.66%\">\n<h2 class=\"has-text-align-center wp-block-heading\">The Promise of Dawn<\/h2>\n\n\n\n<ul class=\"wp-block-list\"><li><strong>WE LIKE:<\/strong> this beautiful adaptation of Romain Gary&#8217;s novel<\/li><li><strong>AGE:<\/strong> from 12 years old<\/li><li><strong>DATE:<\/strong> until March 6, 2022<\/li><li><strong>PRICE<\/strong> : from \u20ac21<\/li><li><strong>LOCATION:<\/strong> Lucernaire theater (Paris 6th)<\/li><\/ul>\n\n\n\n<div class=\"wp-block-buttons is-horizontal is-content-justification-center is-layout-flex wp-container-core-buttons-is-layout-499968f5 wp-block-buttons-is-layout-flex\">\n<div class=\"wp-block-button m-b-30\"><a class=\"wp-block-button__link has-white-color has-text-color has-background\" href=\"https:\/\/tracking.publicidees.com\/clic.php?progid=2986&amp;partid=39280&amp;dpl=https%3A%2F%2Fwww.ticketac.com%2Fspectacles%2Fla-promesse-de-laube-31267\" style=\"border-radius:1px;background-color:#fa395f\" target=\"_blank\" rel=\"noreferrer noopener nofollow\">FINISHED<\/a><\/div>\n<\/div>\n<\/div>\n\n\n\n<div class=\"wp-block-column is-layout-flow wp-block-column-is-layout-flow\" style=\"flex-basis:33.33%\">\n<figure class=\"wp-block-image size-large\"><img decoding=\"async\" width=\"600\" height=\"897\" src=\"\/wp-content\/uploads\/THEATRE\/Ados\/AFFICHE-La-promesse-de-laube.jpg\" alt=\"The Promise of Dawn, revived at the Lucernaire Theatre\" class=\"wp-image-65930\" srcset=\"https:\/\/www.familinparis.fr\/wp-content\/uploads\/THEATRE\/Ados\/AFFICHE-La-promesse-de-laube.jpg 600w, https:\/\/www.familinparis.fr\/wp-content\/uploads\/THEATRE\/Ados\/AFFICHE-La-promesse-de-laube-201x300.jpg 201w, https:\/\/www.familinparis.fr\/wp-content\/uploads\/THEATRE\/Ados\/AFFICHE-La-promesse-de-laube-8x12.jpg 8w, https:\/\/www.familinparis.fr\/wp-content\/uploads\/THEATRE\/Ados\/AFFICHE-La-promesse-de-laube-488x730.jpg 488w\" sizes=\"(max-width: 600px) 100vw, 600px\" \/><\/figure>\n<\/div>\n<\/div>\n<\/div><\/section>\n\n<div style=\"height:50px\" aria-hidden=\"true\" class=\"wp-block-spacer\"><\/div>\n<div class=\"lazyblock-bodered-box-Z68asY wp-block-lazyblock-bodered-box\"><div class=\"bordered-box ts-row cf\">\n    <h2 class=\"box-title\">La promesse de l&#8217;aube :  un monument de la litt\u00e9rature fran\u00e7aise, ici adapt\u00e9 avec justesse pour notre plus grand plaisir<\/h2>\n    <div>\n        \n\n<div style=\"height:70px\" aria-hidden=\"true\" class=\"wp-block-spacer\"><\/div>\n\n\n\n<p><strong>&#8220;With maternal love, life makes you a promise at dawn that it never keeps. You are then forced to eat cold until the end of your days.&#8221;<\/strong><\/p>\n\n\n\n<ul class=\"wp-block-list\"><li>In the magnificent book &#8220;The Promise of Dawn&#8221; Romain Gary tells of his youth, his uprooting, his relationship with his mother who raised him alone and the dream of greatness she had for him.<\/li><li>Throughout his life, Romain Gary never stopped trying to live up to this dream&#8230;<\/li><li>Moving from the mother suffocating with love to the mischievous cleaning lady, from the great De Gaulle to a gallery of young Parisians who are going through the terrible war, Franck Desmedt, alone on stage, retraces with virtuosity the itinerary of one of the most mysterious authors of French literature, the only one to have won the Prix Goncourt twice.<\/li><\/ul>\n\n\n\n<ul class=\"m-t-40 wp-block-list\"><li>Repeat of last year&#8217;s success<\/li><\/ul>\n\n\n    <\/div>\n    <p><\/p>\n<\/div><\/div>\n<div style=\"height:50px\" aria-hidden=\"true\" class=\"wp-block-spacer\"><\/div>\n\n<figure class=\"wp-block-embed is-type-video is-provider-vimeo wp-block-embed-vimeo wp-embed-aspect-16-9 wp-has-aspect-ratio\"><div class=\"wp-block-embed__wrapper\">\n<iframe title=\"Teaser - La promesse de l&#039;aube\" src=\"https:\/\/player.vimeo.com\/video\/675514117?dnt=1&amp;app_id=122963\" width=\"770\" height=\"433\" frameborder=\"0\" allow=\"autoplay; fullscreen; picture-in-picture; clipboard-write\"><\/iframe>\n<\/div><\/figure>\n\n<div style=\"height:49px\" aria-hidden=\"true\" class=\"wp-block-spacer\"><\/div>\n\n<h2 class=\"has-text-align-center p-b-10 p-t-10 has-background wp-block-heading\" style=\"background-color:#fa395f\">Plays for young people:<\/h2>\n\n\t\t\t<div class=\"wp-block-uagb-post-grid uagb-post-grid  uagb-post__image-position-top uagb-post__image-enabled uagb-block-eb6da839     uagb-post__items uagb-post__columns-5 is-grid uagb-post__columns-tablet-2 uagb-post__columns-mobile-1 uagb-post__equal-height\" data-total=\"2\" style=\"\">\n\n\t\t\t\t\t\t\t\t\t\t\t\t<article class=\"uagb-post__inner-wrap\">\t\t\t\t\t\t\t\t<div class='uagb-post__image'>\n\t\t\t\t\t\t\t\t\t<a href=\"https:\/\/www.familinparis.fr\/en\/odysee-the-musical-conference\/\" target=\"_self\" rel=\"bookmark noopener noreferrer\" class='uagb-image-ratio-inherit'><img decoding=\"async\" width=\"150\" height=\"150\" src=\"https:\/\/www.familinparis.fr\/wp-content\/uploads\/Spectacles\/MUSICAL\/kid\/affiche-odyssee-150x150.jpg\" class=\"attachment-thumbnail size-thumbnail\" alt=\"\" srcset=\"https:\/\/www.familinparis.fr\/wp-content\/uploads\/Spectacles\/MUSICAL\/kid\/affiche-odyssee-150x150.jpg 150w, https:\/\/www.familinparis.fr\/wp-content\/uploads\/Spectacles\/MUSICAL\/kid\/affiche-odyssee-300x300.jpg 300w, https:\/\/www.familinparis.fr\/wp-content\/uploads\/Spectacles\/MUSICAL\/kid\/affiche-odyssee-370x370.jpg 370w, https:\/\/www.familinparis.fr\/wp-content\/uploads\/Spectacles\/MUSICAL\/kid\/affiche-odyssee-50x50.jpg 50w\" sizes=\"(max-width: 150px) 100vw, 150px\" \/>\t\t\t\t\t<\/a>\n\t\t\t\t\t\t\t<\/div>\n\t\t\t\t\t\t<h4 class=\"uagb-post__title uagb-post__text\">\n\t\t\t\t<a href=\"https:\/\/www.familinparis.fr\/en\/odysee-the-musical-conference\/\" target=\"_self\" rel=\"bookmark noopener noreferrer\">Odys\u00e9e, the musical conference<\/a>\n\t\t\t<\/h4>\n\t\t\t\t\t\t<div class='uagb-post__text uagb-post-grid-byline'>\n\t\t\t\t\t\t\t<\/div>\n\t\t\t\t\t\t\t<div class='uagb-post__text uagb-post__excerpt'>\n\t\t\t\t\tDelightful adaptation of Homer&#8217;s work\u2014From 7 years old\t\t\t\t<\/div>\n\t\t\t\n\t\t\t\t\t\t\t\t\t<\/article>\n\t\t\t\t\t\t\t\t\t\t\t\t\t\t\t\t<article class=\"uagb-post__inner-wrap\">\t\t\t\t\t\t\t\t<div class='uagb-post__image'>\n\t\t\t\t\t\t\t\t\t<a href=\"https:\/\/www.familinparis.fr\/en\/spitz\/\" target=\"_self\" rel=\"bookmark noopener noreferrer\" class='uagb-image-ratio-inherit'><img decoding=\"async\" width=\"150\" height=\"150\" src=\"https:\/\/www.familinparis.fr\/wp-content\/uploads\/THEATRE\/Petits\/loulou-theatre-lepic-1-150x150.jpg\" class=\"attachment-thumbnail size-thumbnail\" alt=\"\" srcset=\"https:\/\/www.familinparis.fr\/wp-content\/uploads\/THEATRE\/Petits\/loulou-theatre-lepic-1-150x150.jpg 150w, https:\/\/www.familinparis.fr\/wp-content\/uploads\/THEATRE\/Petits\/loulou-theatre-lepic-1-400x400.jpg 400w, https:\/\/www.familinparis.fr\/wp-content\/uploads\/THEATRE\/Petits\/loulou-theatre-lepic-1-300x300.jpg 300w, https:\/\/www.familinparis.fr\/wp-content\/uploads\/THEATRE\/Petits\/loulou-theatre-lepic-1-370x370.jpg 370w, https:\/\/www.familinparis.fr\/wp-content\/uploads\/THEATRE\/Petits\/loulou-theatre-lepic-1-50x50.jpg 50w\" sizes=\"(max-width: 150px) 100vw, 150px\" \/>\t\t\t\t\t<\/a>\n\t\t\t\t\t\t\t<\/div>\n\t\t\t\t\t\t<h4 class=\"uagb-post__title uagb-post__text\">\n\t\t\t\t<a href=\"https:\/\/www.familinparis.fr\/en\/spitz\/\" target=\"_self\" rel=\"bookmark noopener noreferrer\">Spitz<\/a>\n\t\t\t<\/h4>\n\t\t\t\t\t\t<div class='uagb-post__text uagb-post-grid-byline'>\n\t\t\t\t\t\t\t<\/div>\n\t\t\t\t\t\t\t<div class='uagb-post__text uagb-post__excerpt'>\n\t\t\t\t\tThe friendship between a wolf and a rabbit! <br><span class=\"blue-logo\">For 3 &#8211; 6 year olds<\/span><br>Until&#8230;\t\t\t\t<\/div>\n\t\t\t\n\t\t\t\t\t\t\t\t\t<\/article>\n\t\t\t\t\t\t\t\t\t\t\t\t\t\t\t\t<article class=\"uagb-post__inner-wrap\">\t\t\t\t\t\t\t\t<div class='uagb-post__image'>\n\t\t\t\t\t\t\t\t\t<a href=\"https:\/\/www.familinparis.fr\/en\/great-red-riding-hood-and-the-little-wolf\/\" target=\"_self\" rel=\"bookmark noopener noreferrer\" class='uagb-image-ratio-inherit'><img decoding=\"async\" width=\"150\" height=\"150\" src=\"https:\/\/www.familinparis.fr\/wp-content\/uploads\/THEATRE\/Kids\/le-grand-chaperon-rouge-150x150.jpg\" class=\"attachment-thumbnail size-thumbnail\" alt=\"\" srcset=\"https:\/\/www.familinparis.fr\/wp-content\/uploads\/THEATRE\/Kids\/le-grand-chaperon-rouge-150x150.jpg 150w, https:\/\/www.familinparis.fr\/wp-content\/uploads\/THEATRE\/Kids\/le-grand-chaperon-rouge-300x300.jpg 300w, https:\/\/www.familinparis.fr\/wp-content\/uploads\/THEATRE\/Kids\/le-grand-chaperon-rouge-370x370.jpg 370w\" sizes=\"(max-width: 150px) 100vw, 150px\" \/>\t\t\t\t\t<\/a>\n\t\t\t\t\t\t\t<\/div>\n\t\t\t\t\t\t<h4 class=\"uagb-post__title uagb-post__text\">\n\t\t\t\t<a href=\"https:\/\/www.familinparis.fr\/en\/great-red-riding-hood-and-the-little-wolf\/\" target=\"_self\" rel=\"bookmark noopener noreferrer\">Great Red Riding Hood and the Little Wolf<\/a>\n\t\t\t<\/h4>\n\t\t\t\t\t\t<div class='uagb-post__text uagb-post-grid-byline'>\n\t\t\t\t\t\t\t<\/div>\n\t\t\t\t\t\t\t<div class='uagb-post__text uagb-post__excerpt'>\n\t\t\t\t\tUntil November 13, 2024\t\t\t\t<\/div>\n\t\t\t\n\t\t\t\t\t\t\t\t\t<\/article>\n\t\t\t\t\t\t\t\t\t\t\t\t\t\t\t\t<article class=\"uagb-post__inner-wrap\">\t\t\t\t\t\t\t\t<div class='uagb-post__image'>\n\t\t\t\t\t\t\t\t\t<a href=\"https:\/\/www.familinparis.fr\/en\/teens\/\" target=\"_self\" rel=\"bookmark noopener noreferrer\" class='uagb-image-ratio-inherit'><img decoding=\"async\" width=\"150\" height=\"150\" src=\"https:\/\/www.familinparis.fr\/wp-content\/uploads\/THEATRE\/Ados\/piece-de-theatre-ados-paris-150x150.jpg\" class=\"attachment-thumbnail size-thumbnail\" alt=\"Ados, la pi\u00e8ce, pour les pr\u00e9 ados \u00e0 Paris, qui cartonne\" srcset=\"https:\/\/www.familinparis.fr\/wp-content\/uploads\/THEATRE\/Ados\/piece-de-theatre-ados-paris-150x150.jpg 150w, https:\/\/www.familinparis.fr\/wp-content\/uploads\/THEATRE\/Ados\/piece-de-theatre-ados-paris-300x300.jpg 300w, https:\/\/www.familinparis.fr\/wp-content\/uploads\/THEATRE\/Ados\/piece-de-theatre-ados-paris-370x370.jpg 370w\" sizes=\"(max-width: 150px) 100vw, 150px\" \/>\t\t\t\t\t<\/a>\n\t\t\t\t\t\t\t<\/div>\n\t\t\t\t\t\t<h4 class=\"uagb-post__title uagb-post__text\">\n\t\t\t\t<a href=\"https:\/\/www.familinparis.fr\/en\/teens\/\" target=\"_self\" rel=\"bookmark noopener noreferrer\">Teens<\/a>\n\t\t\t<\/h4>\n\t\t\t\t\t\t<div class='uagb-post__text uagb-post-grid-byline'>\n\t\t\t\t\t\t\t<\/div>\n\t\t\t\t\t\t\t<div class='uagb-post__text uagb-post__excerpt'>\n\t\t\t\t\tUntil June 1, 2025\t\t\t\t<\/div>\n\t\t\t\n\t\t\t\t\t\t\t\t\t<\/article>\n\t\t\t\t\t\t\t\t\t\t\t\t\t\t\t\t<article class=\"uagb-post__inner-wrap\">\t\t\t\t\t\t\t\t<div class='uagb-post__image'>\n\t\t\t\t\t\t\t\t\t<a href=\"https:\/\/www.familinparis.fr\/en\/peter-and-the-bewitched-princess\/\" target=\"_self\" rel=\"bookmark noopener noreferrer\" class='uagb-image-ratio-inherit'><img decoding=\"async\" width=\"150\" height=\"150\" src=\"https:\/\/www.familinparis.fr\/wp-content\/uploads\/2024\/07\/pierre-et-la-princesse-ensorcelee-theatre-par-le-bout-2024-150x150.jpeg\" class=\"attachment-thumbnail size-thumbnail\" alt=\"\" srcset=\"https:\/\/www.familinparis.fr\/wp-content\/uploads\/2024\/07\/pierre-et-la-princesse-ensorcelee-theatre-par-le-bout-2024-150x150.jpeg 150w, https:\/\/www.familinparis.fr\/wp-content\/uploads\/2024\/07\/pierre-et-la-princesse-ensorcelee-theatre-par-le-bout-2024-300x300.jpeg 300w, https:\/\/www.familinparis.fr\/wp-content\/uploads\/2024\/07\/pierre-et-la-princesse-ensorcelee-theatre-par-le-bout-2024-370x370.jpeg 370w\" sizes=\"(max-width: 150px) 100vw, 150px\" \/>\t\t\t\t\t<\/a>\n\t\t\t\t\t\t\t<\/div>\n\t\t\t\t\t\t<h4 class=\"uagb-post__title uagb-post__text\">\n\t\t\t\t<a href=\"https:\/\/www.familinparis.fr\/en\/peter-and-the-bewitched-princess\/\" target=\"_self\" rel=\"bookmark noopener noreferrer\">Peter and the Bewitched Princess<\/a>\n\t\t\t<\/h4>\n\t\t\t\t\t\t<div class='uagb-post__text uagb-post-grid-byline'>\n\t\t\t\t\t\t\t<\/div>\n\t\t\t\t\t\t\t<div class='uagb-post__text uagb-post__excerpt'>\n\t\t\t\t\tUntil December 31, 2024\t\t\t\t<\/div>\n\t\t\t\n\t\t\t\t\t\t\t\t\t<\/article>\n\t\t\t\t\t\t\t\t\t\t\t\t\t\t\t\t<article class=\"uagb-post__inner-wrap\">\t\t\t\t\t\t\t\t<div class='uagb-post__image'>\n\t\t\t\t\t\t\t\t\t<a href=\"https:\/\/www.familinparis.fr\/en\/name-of-a-little-guy\/\" target=\"_self\" rel=\"bookmark noopener noreferrer\" class='uagb-image-ratio-inherit'><img decoding=\"async\" width=\"150\" height=\"150\" src=\"https:\/\/www.familinparis.fr\/wp-content\/uploads\/2024\/01\/nom-d-un-petit-bonhomme-abricadabra-theatre-150x150.jpg\" class=\"attachment-thumbnail size-thumbnail\" alt=\"\" srcset=\"https:\/\/www.familinparis.fr\/wp-content\/uploads\/2024\/01\/nom-d-un-petit-bonhomme-abricadabra-theatre-150x150.jpg 150w, https:\/\/www.familinparis.fr\/wp-content\/uploads\/2024\/01\/nom-d-un-petit-bonhomme-abricadabra-theatre-300x300.jpg 300w, https:\/\/www.familinparis.fr\/wp-content\/uploads\/2024\/01\/nom-d-un-petit-bonhomme-abricadabra-theatre-370x370.jpg 370w\" sizes=\"(max-width: 150px) 100vw, 150px\" \/>\t\t\t\t\t<\/a>\n\t\t\t\t\t\t\t<\/div>\n\t\t\t\t\t\t<h4 class=\"uagb-post__title uagb-post__text\">\n\t\t\t\t<a href=\"https:\/\/www.familinparis.fr\/en\/name-of-a-little-guy\/\" target=\"_self\" rel=\"bookmark noopener noreferrer\">Name of a little guy<\/a>\n\t\t\t<\/h4>\n\t\t\t\t\t\t<div class='uagb-post__text uagb-post-grid-byline'>\n\t\t\t\t\t\t\t<\/div>\n\t\t\t\t\t\t\t<div class='uagb-post__text uagb-post__excerpt'>\n\t\t\t\t\tUntil April 7, 2024\t\t\t\t<\/div>\n\t\t\t\n\t\t\t\t\t\t\t\t\t<\/article>\n\t\t\t\t\t\t\t\t\t\t\t\t\t\t\t\t<article class=\"uagb-post__inner-wrap\">\t\t\t\t\t\t\t\t<div class='uagb-post__image'>\n\t\t\t\t\t\t\t\t\t<a href=\"https:\/\/www.familinparis.fr\/en\/my-little-operas\/\" target=\"_self\" rel=\"bookmark noopener noreferrer\" class='uagb-image-ratio-inherit'><img decoding=\"async\" width=\"150\" height=\"150\" src=\"https:\/\/www.familinparis.fr\/wp-content\/uploads\/Spectacles\/concerts\/mes-petits-operas-150x150.jpg\" class=\"attachment-thumbnail size-thumbnail\" alt=\"\" srcset=\"https:\/\/www.familinparis.fr\/wp-content\/uploads\/Spectacles\/concerts\/mes-petits-operas-150x150.jpg 150w, https:\/\/www.familinparis.fr\/wp-content\/uploads\/Spectacles\/concerts\/mes-petits-operas-300x300.jpg 300w, https:\/\/www.familinparis.fr\/wp-content\/uploads\/Spectacles\/concerts\/mes-petits-operas-370x370.jpg 370w\" sizes=\"(max-width: 150px) 100vw, 150px\" \/>\t\t\t\t\t<\/a>\n\t\t\t\t\t\t\t<\/div>\n\t\t\t\t\t\t<h4 class=\"uagb-post__title uagb-post__text\">\n\t\t\t\t<a href=\"https:\/\/www.familinparis.fr\/en\/my-little-operas\/\" target=\"_self\" rel=\"bookmark noopener noreferrer\">My Little Operas<\/a>\n\t\t\t<\/h4>\n\t\t\t\t\t\t<div class='uagb-post__text uagb-post-grid-byline'>\n\t\t\t\t\t\t\t<\/div>\n\t\t\t\t\t\t\t<div class='uagb-post__text uagb-post__excerpt'>\n\t\t\t\t\tUntil June 30, 2024\t\t\t\t<\/div>\n\t\t\t\n\t\t\t\t\t\t\t\t\t<\/article>\n\t\t\t\t\t\t\t\t\t\t\t\t\t\t\t\t<article class=\"uagb-post__inner-wrap\">\t\t\t\t\t\t\t\t<div class='uagb-post__image'>\n\t\t\t\t\t\t\t\t\t<a href=\"https:\/\/www.familinparis.fr\/en\/my-little-classics\/\" target=\"_self\" rel=\"bookmark noopener noreferrer\" class='uagb-image-ratio-inherit'><img decoding=\"async\" width=\"150\" height=\"150\" src=\"https:\/\/www.familinparis.fr\/wp-content\/uploads\/Spectacles\/MUSICAL\/Petits\/Mes-petits-classiques-spectacle-musical-150x150.jpg\" class=\"attachment-thumbnail size-thumbnail\" alt=\"\" srcset=\"https:\/\/www.familinparis.fr\/wp-content\/uploads\/Spectacles\/MUSICAL\/Petits\/Mes-petits-classiques-spectacle-musical-150x150.jpg 150w, https:\/\/www.familinparis.fr\/wp-content\/uploads\/Spectacles\/MUSICAL\/Petits\/Mes-petits-classiques-spectacle-musical-300x300.jpg 300w, https:\/\/www.familinparis.fr\/wp-content\/uploads\/Spectacles\/MUSICAL\/Petits\/Mes-petits-classiques-spectacle-musical-370x370.jpg 370w, https:\/\/www.familinparis.fr\/wp-content\/uploads\/Spectacles\/MUSICAL\/Petits\/Mes-petits-classiques-spectacle-musical-50x50.jpg 50w\" sizes=\"(max-width: 150px) 100vw, 150px\" \/>\t\t\t\t\t<\/a>\n\t\t\t\t\t\t\t<\/div>\n\t\t\t\t\t\t<h4 class=\"uagb-post__title uagb-post__text\">\n\t\t\t\t<a href=\"https:\/\/www.familinparis.fr\/en\/my-little-classics\/\" target=\"_self\" rel=\"bookmark noopener noreferrer\">My little classics<\/a>\n\t\t\t<\/h4>\n\t\t\t\t\t\t<div class='uagb-post__text uagb-post-grid-byline'>\n\t\t\t\t\t\t\t<\/div>\n\t\t\t\t\t\t\t<div class='uagb-post__text uagb-post__excerpt'>\n\t\t\t\t\tUntil July 13, 2025\t\t\t\t<\/div>\n\t\t\t\n\t\t\t\t\t\t\t\t\t<\/article>\n\t\t\t\t\t\t\t\t\t\t\t\t\t\t\t\t<article class=\"uagb-post__inner-wrap\">\t\t\t\t\t\t\t\t<div class='uagb-post__image'>\n\t\t\t\t\t\t\t\t\t<a href=\"https:\/\/www.familinparis.fr\/en\/puss-in-boots-the-musical\/\" target=\"_self\" rel=\"bookmark noopener noreferrer\" class='uagb-image-ratio-inherit'><img decoding=\"async\" width=\"150\" height=\"150\" src=\"https:\/\/www.familinparis.fr\/wp-content\/uploads\/2024\/11\/spectacle-theatre-le_chat_botte-150x150.jpg\" class=\"attachment-thumbnail size-thumbnail\" alt=\"\" srcset=\"https:\/\/www.familinparis.fr\/wp-content\/uploads\/2024\/11\/spectacle-theatre-le_chat_botte-150x150.jpg 150w, https:\/\/www.familinparis.fr\/wp-content\/uploads\/2024\/11\/spectacle-theatre-le_chat_botte-300x300.jpg 300w, https:\/\/www.familinparis.fr\/wp-content\/uploads\/2024\/11\/spectacle-theatre-le_chat_botte-370x370.jpg 370w\" sizes=\"(max-width: 150px) 100vw, 150px\" \/>\t\t\t\t\t<\/a>\n\t\t\t\t\t\t\t<\/div>\n\t\t\t\t\t\t<h4 class=\"uagb-post__title uagb-post__text\">\n\t\t\t\t<a href=\"https:\/\/www.familinparis.fr\/en\/puss-in-boots-the-musical\/\" target=\"_self\" rel=\"bookmark noopener noreferrer\">Puss in Boots, the musical<\/a>\n\t\t\t<\/h4>\n\t\t\t\t\t\t<div class='uagb-post__text uagb-post-grid-byline'>\n\t\t\t\t\t\t\t<\/div>\n\t\t\t\t\t\t\t<div class='uagb-post__text uagb-post__excerpt'>\n\t\t\t\t\t<p>Puss in Boots, the musical WE LIKE: a musical, funny and touching show AGE: from&#8230;\t\t\t\t<\/div>\n\t\t\t\n\t\t\t\t\t\t\t\t\t<\/article>\n\t\t\t\t\t\t\t\t\t\t\t\t\t\t\t\t<article class=\"uagb-post__inner-wrap\">\t\t\t\t\t\t\t\t<div class='uagb-post__image'>\n\t\t\t\t\t\t\t\t\t<a href=\"https:\/\/www.familinparis.fr\/en\/knights-princesses-and-dragon\/\" target=\"_self\" rel=\"bookmark noopener noreferrer\" class='uagb-image-ratio-inherit'><img decoding=\"async\" width=\"150\" height=\"150\" src=\"https:\/\/www.familinparis.fr\/wp-content\/uploads\/Spectacles\/MUSICAL\/Petits\/chevaliers-theatre-jeune-public-150x150.jpg\" class=\"attachment-thumbnail size-thumbnail\" alt=\"\" srcset=\"https:\/\/www.familinparis.fr\/wp-content\/uploads\/Spectacles\/MUSICAL\/Petits\/chevaliers-theatre-jeune-public-150x150.jpg 150w, https:\/\/www.familinparis.fr\/wp-content\/uploads\/Spectacles\/MUSICAL\/Petits\/chevaliers-theatre-jeune-public-300x300.jpg 300w, https:\/\/www.familinparis.fr\/wp-content\/uploads\/Spectacles\/MUSICAL\/Petits\/chevaliers-theatre-jeune-public-370x370.jpg 370w, https:\/\/www.familinparis.fr\/wp-content\/uploads\/Spectacles\/MUSICAL\/Petits\/chevaliers-theatre-jeune-public-50x50.jpg 50w\" sizes=\"(max-width: 150px) 100vw, 150px\" \/>\t\t\t\t\t<\/a>\n\t\t\t\t\t\t\t<\/div>\n\t\t\t\t\t\t<h4 class=\"uagb-post__title uagb-post__text\">\n\t\t\t\t<a href=\"https:\/\/www.familinparis.fr\/en\/knights-princesses-and-dragon\/\" target=\"_self\" rel=\"bookmark noopener noreferrer\">Knights, princesses and dragon<\/a>\n\t\t\t<\/h4>\n\t\t\t\t\t\t<div class='uagb-post__text uagb-post-grid-byline'>\n\t\t\t\t\t\t\t<\/div>\n\t\t\t\t\t\t\t<div class='uagb-post__text uagb-post__excerpt'>\n\t\t\t\t\tUntil May 8, 2024\t\t\t\t<\/div>\n\t\t\t\n\t\t\t\t\t\t\t\t\t<\/article>\n\t\t\t\t\t\t\t\t\t\t\t\t\t\t\t\t<article class=\"uagb-post__inner-wrap\">\t\t\t\t\t\t\t\t<div class='uagb-post__image'>\n\t\t\t\t\t\t\t\t\t<a href=\"https:\/\/www.familinparis.fr\/en\/snow-white-and-the-7-dwarfs\/\" target=\"_self\" rel=\"bookmark noopener noreferrer\" class='uagb-image-ratio-inherit'><img decoding=\"async\" width=\"150\" height=\"150\" src=\"https:\/\/www.familinparis.fr\/wp-content\/uploads\/Spectacles\/MUSICAL\/blancheneige-150x150.jpeg\" class=\"attachment-thumbnail size-thumbnail\" alt=\"\" srcset=\"https:\/\/www.familinparis.fr\/wp-content\/uploads\/Spectacles\/MUSICAL\/blancheneige-150x150.jpeg 150w, https:\/\/www.familinparis.fr\/wp-content\/uploads\/Spectacles\/MUSICAL\/blancheneige-400x400.jpeg 400w, https:\/\/www.familinparis.fr\/wp-content\/uploads\/Spectacles\/MUSICAL\/blancheneige-300x300.jpeg 300w, https:\/\/www.familinparis.fr\/wp-content\/uploads\/Spectacles\/MUSICAL\/blancheneige-370x370.jpeg 370w, https:\/\/www.familinparis.fr\/wp-content\/uploads\/Spectacles\/MUSICAL\/blancheneige-50x50.jpeg 50w\" sizes=\"(max-width: 150px) 100vw, 150px\" \/>\t\t\t\t\t<\/a>\n\t\t\t\t\t\t\t<\/div>\n\t\t\t\t\t\t<h4 class=\"uagb-post__title uagb-post__text\">\n\t\t\t\t<a href=\"https:\/\/www.familinparis.fr\/en\/snow-white-and-the-7-dwarfs\/\" target=\"_self\" rel=\"bookmark noopener noreferrer\">Snow White and the 7 Dwarfs<\/a>\n\t\t\t<\/h4>\n\t\t\t\t\t\t<div class='uagb-post__text uagb-post-grid-byline'>\n\t\t\t\t\t\t\t<\/div>\n\t\t\t\t\t\t\t<div class='uagb-post__text uagb-post__excerpt'>\n\t\t\t\t\tUntil May 8, 2024\t\t\t\t<\/div>\n\t\t\t\n\t\t\t\t\t\t\t\t\t<\/article>\n\t\t\t\t\t\t\t\t\t\t\t\t\t\t\t\t<article class=\"uagb-post__inner-wrap\">\t\t\t\t\t\t\t\t<div class='uagb-post__image'>\n\t\t\t\t\t\t\t\t\t<a href=\"https:\/\/www.familinparis.fr\/en\/augustin-pirate-of-the-indies\/\" target=\"_self\" rel=\"bookmark noopener noreferrer\" class='uagb-image-ratio-inherit'><img decoding=\"async\" width=\"150\" height=\"150\" src=\"https:\/\/www.familinparis.fr\/wp-content\/uploads\/2022\/10\/spectacle-enfant-augustin-pirate-des-indes-150x150.jpg\" class=\"attachment-thumbnail size-thumbnail\" alt=\"\" srcset=\"https:\/\/www.familinparis.fr\/wp-content\/uploads\/2022\/10\/spectacle-enfant-augustin-pirate-des-indes-150x150.jpg 150w, https:\/\/www.familinparis.fr\/wp-content\/uploads\/2022\/10\/spectacle-enfant-augustin-pirate-des-indes-300x300.jpg 300w, https:\/\/www.familinparis.fr\/wp-content\/uploads\/2022\/10\/spectacle-enfant-augustin-pirate-des-indes-370x370.jpg 370w, https:\/\/www.familinparis.fr\/wp-content\/uploads\/2022\/10\/spectacle-enfant-augustin-pirate-des-indes-50x50.jpg 50w\" sizes=\"(max-width: 150px) 100vw, 150px\" \/>\t\t\t\t\t<\/a>\n\t\t\t\t\t\t\t<\/div>\n\t\t\t\t\t\t<h4 class=\"uagb-post__title uagb-post__text\">\n\t\t\t\t<a href=\"https:\/\/www.familinparis.fr\/en\/augustin-pirate-of-the-indies\/\" target=\"_self\" rel=\"bookmark noopener noreferrer\">Augustin, Pirate of the Indies<\/a>\n\t\t\t<\/h4>\n\t\t\t\t\t\t<div class='uagb-post__text uagb-post-grid-byline'>\n\t\t\t\t\t\t\t<\/div>\n\t\t\t\t\t\t\t<div class='uagb-post__text uagb-post__excerpt'>\n\t\t\t\t\t<p>We like: a nice family show that will take them on a journey Age: 3&#8230;\t\t\t\t<\/div>\n\t\t\t\n\t\t\t\t\t\t\t\t\t<\/article>\n\t\t\t\t\t\t\t\t\t\t\t\t\t\t\t\t<article class=\"uagb-post__inner-wrap\">\t\t\t\t\t\t\t\t<div class='uagb-post__image'>\n\t\t\t\t\t\t\t\t\t<a href=\"https:\/\/www.familinparis.fr\/en\/little-bee-knows-how-to-make-honey\/\" target=\"_self\" rel=\"bookmark noopener noreferrer\" class='uagb-image-ratio-inherit'><img decoding=\"async\" width=\"150\" height=\"150\" src=\"https:\/\/www.familinparis.fr\/wp-content\/uploads\/2024\/01\/spectacle-enfant-petite-abeille-sait-faire-du-miel-150x150.jpg\" class=\"attachment-thumbnail size-thumbnail\" alt=\"\" srcset=\"https:\/\/www.familinparis.fr\/wp-content\/uploads\/2024\/01\/spectacle-enfant-petite-abeille-sait-faire-du-miel-150x150.jpg 150w, https:\/\/www.familinparis.fr\/wp-content\/uploads\/2024\/01\/spectacle-enfant-petite-abeille-sait-faire-du-miel-282x282.jpg 282w\" sizes=\"(max-width: 150px) 100vw, 150px\" \/>\t\t\t\t\t<\/a>\n\t\t\t\t\t\t\t<\/div>\n\t\t\t\t\t\t<h4 class=\"uagb-post__title uagb-post__text\">\n\t\t\t\t<a href=\"https:\/\/www.familinparis.fr\/en\/little-bee-knows-how-to-make-honey\/\" target=\"_self\" rel=\"bookmark noopener noreferrer\">Little Bee Knows How to Make Honey<\/a>\n\t\t\t<\/h4>\n\t\t\t\t\t\t<div class='uagb-post__text uagb-post-grid-byline'>\n\t\t\t\t\t\t\t<\/div>\n\t\t\t\t\t\t\t<div class='uagb-post__text uagb-post__excerpt'>\n\t\t\t\t\tUntil October 19, 2024\t\t\t\t<\/div>\n\t\t\t\n\t\t\t\t\t\t\t\t\t<\/article>\n\t\t\t\t\t\t\t\t\t\t\t\t\t\t\t\t<article class=\"uagb-post__inner-wrap\">\t\t\t\t\t\t\t\t<div class='uagb-post__image'>\n\t\t\t\t\t\t\t\t\t<a href=\"https:\/\/www.familinparis.fr\/en\/small-drop-will-become-big\/\" target=\"_self\" rel=\"bookmark noopener noreferrer\" class='uagb-image-ratio-inherit'><img decoding=\"async\" width=\"150\" height=\"150\" src=\"https:\/\/www.familinparis.fr\/wp-content\/uploads\/2024\/01\/spectacle-enfant-petite-goutte-deviendra-grande-150x150.jpg\" class=\"attachment-thumbnail size-thumbnail\" alt=\"\" srcset=\"https:\/\/www.familinparis.fr\/wp-content\/uploads\/2024\/01\/spectacle-enfant-petite-goutte-deviendra-grande-150x150.jpg 150w, https:\/\/www.familinparis.fr\/wp-content\/uploads\/2024\/01\/spectacle-enfant-petite-goutte-deviendra-grande-400x400.jpg 400w, https:\/\/www.familinparis.fr\/wp-content\/uploads\/2024\/01\/spectacle-enfant-petite-goutte-deviendra-grande-300x300.jpg 300w, https:\/\/www.familinparis.fr\/wp-content\/uploads\/2024\/01\/spectacle-enfant-petite-goutte-deviendra-grande-370x370.jpg 370w\" sizes=\"(max-width: 150px) 100vw, 150px\" \/>\t\t\t\t\t<\/a>\n\t\t\t\t\t\t\t<\/div>\n\t\t\t\t\t\t<h4 class=\"uagb-post__title uagb-post__text\">\n\t\t\t\t<a href=\"https:\/\/www.familinparis.fr\/en\/small-drop-will-become-big\/\" target=\"_self\" rel=\"bookmark noopener noreferrer\">Small drop will become big<\/a>\n\t\t\t<\/h4>\n\t\t\t\t\t\t<div class='uagb-post__text uagb-post-grid-byline'>\n\t\t\t\t\t\t\t<\/div>\n\t\t\t\t\t\t\t<div class='uagb-post__text uagb-post__excerpt'>\n\t\t\t\t\tUntil October 20, 2024\t\t\t\t<\/div>\n\t\t\t\n\t\t\t\t\t\t\t\t\t<\/article>\n\t\t\t\t\t\t\t\t\t\t\t\t\t\t\t\t<article class=\"uagb-post__inner-wrap\">\t\t\t\t\t\t\t\t<div class='uagb-post__image'>\n\t\t\t\t\t\t\t\t\t<a href=\"https:\/\/www.familinparis.fr\/en\/tutankhamun-and-the-golden-scarab\/\" target=\"_self\" rel=\"bookmark noopener noreferrer\" class='uagb-image-ratio-inherit'><img decoding=\"async\" width=\"150\" height=\"150\" src=\"https:\/\/www.familinparis.fr\/wp-content\/uploads\/2024\/07\/toutankhamon-et-le-scarabeedor-2024-theatre-le-bout-150x150.jpeg\" class=\"attachment-thumbnail size-thumbnail\" alt=\"\" srcset=\"https:\/\/www.familinparis.fr\/wp-content\/uploads\/2024\/07\/toutankhamon-et-le-scarabeedor-2024-theatre-le-bout-150x150.jpeg 150w, https:\/\/www.familinparis.fr\/wp-content\/uploads\/2024\/07\/toutankhamon-et-le-scarabeedor-2024-theatre-le-bout-300x300.jpeg 300w, https:\/\/www.familinparis.fr\/wp-content\/uploads\/2024\/07\/toutankhamon-et-le-scarabeedor-2024-theatre-le-bout-370x370.jpeg 370w\" sizes=\"(max-width: 150px) 100vw, 150px\" \/>\t\t\t\t\t<\/a>\n\t\t\t\t\t\t\t<\/div>\n\t\t\t\t\t\t<h4 class=\"uagb-post__title uagb-post__text\">\n\t\t\t\t<a href=\"https:\/\/www.familinparis.fr\/en\/tutankhamun-and-the-golden-scarab\/\" target=\"_self\" rel=\"bookmark noopener noreferrer\">Tutankhamun and the Golden Scarab<\/a>\n\t\t\t<\/h4>\n\t\t\t\t\t\t<div class='uagb-post__text uagb-post-grid-byline'>\n\t\t\t\t\t\t\t<\/div>\n\t\t\t\t\t\t\t<div class='uagb-post__text uagb-post__excerpt'>\n\t\t\t\t\tUntil January 4, 2025\t\t\t\t<\/div>\n\t\t\t\n\t\t\t\t\t\t\t\t\t<\/article>\n\t\t\t\t\t\t\t\t\t\t\t\t\t\t\t\t<article class=\"uagb-post__inner-wrap\">\t\t\t\t\t\t\t\t<div class='uagb-post__image'>\n\t\t\t\t\t\t\t\t\t<a href=\"https:\/\/www.familinparis.fr\/en\/the-slap\/\" target=\"_self\" rel=\"bookmark noopener noreferrer\" class='uagb-image-ratio-inherit'><img decoding=\"async\" width=\"150\" height=\"150\" src=\"https:\/\/www.familinparis.fr\/wp-content\/uploads\/THEATRE\/Ados\/la-claque-affiche.jpg-150x150.jpg\" class=\"attachment-thumbnail size-thumbnail\" alt=\"\" srcset=\"https:\/\/www.familinparis.fr\/wp-content\/uploads\/THEATRE\/Ados\/la-claque-affiche.jpg-150x150.jpg 150w, https:\/\/www.familinparis.fr\/wp-content\/uploads\/THEATRE\/Ados\/la-claque-affiche.jpg-600x600.jpg 600w, https:\/\/www.familinparis.fr\/wp-content\/uploads\/THEATRE\/Ados\/la-claque-affiche.jpg-300x300.jpg 300w, https:\/\/www.familinparis.fr\/wp-content\/uploads\/THEATRE\/Ados\/la-claque-affiche.jpg-370x370.jpg 370w, https:\/\/www.familinparis.fr\/wp-content\/uploads\/THEATRE\/Ados\/la-claque-affiche.jpg-50x50.jpg 50w\" sizes=\"(max-width: 150px) 100vw, 150px\" \/>\t\t\t\t\t<\/a>\n\t\t\t\t\t\t\t<\/div>\n\t\t\t\t\t\t<h4 class=\"uagb-post__title uagb-post__text\">\n\t\t\t\t<a href=\"https:\/\/www.familinparis.fr\/en\/the-slap\/\" target=\"_self\" rel=\"bookmark noopener noreferrer\">The Slap<\/a>\n\t\t\t<\/h4>\n\t\t\t\t\t\t<div class='uagb-post__text uagb-post-grid-byline'>\n\t\t\t\t\t\t\t<\/div>\n\t\t\t\t\t\t\t<div class='uagb-post__text uagb-post__excerpt'>\n\t\t\t\t\tUntil January 28, 2025\t\t\t\t<\/div>\n\t\t\t\n\t\t\t\t\t\t\t\t\t<\/article>\n\t\t\t\t\t\t\t\t\t\t\t\t\t\t\t\t<article class=\"uagb-post__inner-wrap\">\t\t\t\t\t\t\t\t<div class='uagb-post__image'>\n\t\t\t\t\t\t\t\t\t<a href=\"https:\/\/www.familinparis.fr\/en\/the-princess-with-the-pea-in-the-head\/\" target=\"_self\" rel=\"bookmark noopener noreferrer\" class='uagb-image-ratio-inherit'><img decoding=\"async\" width=\"150\" height=\"150\" src=\"https:\/\/www.familinparis.fr\/wp-content\/uploads\/THEATRE\/Petits\/la-princesse-au-petit-pois-dans-la-tete-piece-150x150.jpg\" class=\"attachment-thumbnail size-thumbnail\" alt=\"\" srcset=\"https:\/\/www.familinparis.fr\/wp-content\/uploads\/THEATRE\/Petits\/la-princesse-au-petit-pois-dans-la-tete-piece-150x150.jpg 150w, https:\/\/www.familinparis.fr\/wp-content\/uploads\/THEATRE\/Petits\/la-princesse-au-petit-pois-dans-la-tete-piece-300x300.jpg 300w, https:\/\/www.familinparis.fr\/wp-content\/uploads\/THEATRE\/Petits\/la-princesse-au-petit-pois-dans-la-tete-piece-12x12.jpg 12w, https:\/\/www.familinparis.fr\/wp-content\/uploads\/THEATRE\/Petits\/la-princesse-au-petit-pois-dans-la-tete-piece-370x370.jpg 370w, https:\/\/www.familinparis.fr\/wp-content\/uploads\/THEATRE\/Petits\/la-princesse-au-petit-pois-dans-la-tete-piece-50x50.jpg 50w, https:\/\/www.familinparis.fr\/wp-content\/uploads\/THEATRE\/Petits\/la-princesse-au-petit-pois-dans-la-tete-piece.jpg 600w\" sizes=\"(max-width: 150px) 100vw, 150px\" \/>\t\t\t\t\t<\/a>\n\t\t\t\t\t\t\t<\/div>\n\t\t\t\t\t\t<h4 class=\"uagb-post__title uagb-post__text\">\n\t\t\t\t<a href=\"https:\/\/www.familinparis.fr\/en\/the-princess-with-the-pea-in-the-head\/\" target=\"_self\" rel=\"bookmark noopener noreferrer\">The Princess with the Pea in the Head<\/a>\n\t\t\t<\/h4>\n\t\t\t\t\t\t<div class='uagb-post__text uagb-post-grid-byline'>\n\t\t\t\t\t\t\t<\/div>\n\t\t\t\t\t\t\t<div class='uagb-post__text uagb-post__excerpt'>\n\t\t\t\t\tUntil June 22, 2024\t\t\t\t<\/div>\n\t\t\t\n\t\t\t\t\t\t\t\t\t<\/article>\n\t\t\t\t\t\t\t\t\t\t\t\t\t\t\t\t<article class=\"uagb-post__inner-wrap\">\t\t\t\t\t\t\t\t<div class='uagb-post__image'>\n\t\t\t\t\t\t\t\t\t<a href=\"https:\/\/www.familinparis.fr\/en\/last-scissors\/\" target=\"_self\" rel=\"bookmark noopener noreferrer\" class='uagb-image-ratio-inherit'><img decoding=\"async\" width=\"150\" height=\"150\" src=\"https:\/\/www.familinparis.fr\/wp-content\/uploads\/THEATRE\/Ados\/dernier-coupde-ciseaux-150x150.jpg\" class=\"attachment-thumbnail size-thumbnail\" alt=\"\" srcset=\"https:\/\/www.familinparis.fr\/wp-content\/uploads\/THEATRE\/Ados\/dernier-coupde-ciseaux-150x150.jpg 150w, https:\/\/www.familinparis.fr\/wp-content\/uploads\/THEATRE\/Ados\/dernier-coupde-ciseaux-300x300.jpg 300w, https:\/\/www.familinparis.fr\/wp-content\/uploads\/THEATRE\/Ados\/dernier-coupde-ciseaux-370x370.jpg 370w, https:\/\/www.familinparis.fr\/wp-content\/uploads\/THEATRE\/Ados\/dernier-coupde-ciseaux-50x50.jpg 50w\" sizes=\"(max-width: 150px) 100vw, 150px\" \/>\t\t\t\t\t<\/a>\n\t\t\t\t\t\t\t<\/div>\n\t\t\t\t\t\t<h4 class=\"uagb-post__title uagb-post__text\">\n\t\t\t\t<a href=\"https:\/\/www.familinparis.fr\/en\/last-scissors\/\" target=\"_self\" rel=\"bookmark noopener noreferrer\">Last Scissors<\/a>\n\t\t\t<\/h4>\n\t\t\t\t\t\t<div class='uagb-post__text uagb-post-grid-byline'>\n\t\t\t\t\t\t\t<\/div>\n\t\t\t\t\t\t\t<div class='uagb-post__text uagb-post__excerpt'>\n\t\t\t\t\tUntil June 28, 2025\t\t\t\t<\/div>\n\t\t\t\n\t\t\t\t\t\t\t\t\t<\/article>\n\t\t\t\t\t\t\t\t\t\t\t\t\t\t\t\t<article class=\"uagb-post__inner-wrap\">\t\t\t\t\t\t\t\t<div class='uagb-post__image'>\n\t\t\t\t\t\t\t\t\t<a href=\"https:\/\/www.familinparis.fr\/en\/spoilt-for-choice\/\" target=\"_self\" rel=\"bookmark noopener noreferrer\" class='uagb-image-ratio-inherit'><img decoding=\"async\" width=\"150\" height=\"150\" src=\"https:\/\/www.familinparis.fr\/wp-content\/uploads\/2024\/06\/piece-de-theatre-l-embarras-du-choix-150x150.jpg\" class=\"attachment-thumbnail size-thumbnail\" alt=\"\" srcset=\"https:\/\/www.familinparis.fr\/wp-content\/uploads\/2024\/06\/piece-de-theatre-l-embarras-du-choix-150x150.jpg 150w, https:\/\/www.familinparis.fr\/wp-content\/uploads\/2024\/06\/piece-de-theatre-l-embarras-du-choix-300x300.jpg 300w, https:\/\/www.familinparis.fr\/wp-content\/uploads\/2024\/06\/piece-de-theatre-l-embarras-du-choix-370x370.jpg 370w\" sizes=\"(max-width: 150px) 100vw, 150px\" \/>\t\t\t\t\t<\/a>\n\t\t\t\t\t\t\t<\/div>\n\t\t\t\t\t\t<h4 class=\"uagb-post__title uagb-post__text\">\n\t\t\t\t<a href=\"https:\/\/www.familinparis.fr\/en\/spoilt-for-choice\/\" target=\"_self\" rel=\"bookmark noopener noreferrer\">Spoilt for choice<\/a>\n\t\t\t<\/h4>\n\t\t\t\t\t\t<div class='uagb-post__text uagb-post-grid-byline'>\n\t\t\t\t\t\t\t<\/div>\n\t\t\t\t\t\t\t<div class='uagb-post__text uagb-post__excerpt'>\n\t\t\t\t\t<p>We like: a well-run, funny, intelligent show Age: with pre-teens and teens Dates: from 07\/06\/2024&#8230;\t\t\t\t<\/div>\n\t\t\t\n\t\t\t\t\t\t\t\t\t<\/article>\n\t\t\t\t\t\t\t\t\t\t\t\t\t\t\t\t<article class=\"uagb-post__inner-wrap\">\t\t\t\t\t\t\t\t<div class='uagb-post__image'>\n\t\t\t\t\t\t\t\t\t<a href=\"https:\/\/www.familinparis.fr\/en\/the-bearer-of-history\/\" target=\"_self\" rel=\"bookmark noopener noreferrer\" class='uagb-image-ratio-inherit'><img decoding=\"async\" width=\"150\" height=\"150\" src=\"https:\/\/www.familinparis.fr\/wp-content\/uploads\/THEATRE\/Ados\/PORTEUR-grand-format-150x150.jpg\" class=\"attachment-thumbnail size-thumbnail\" alt=\"\" srcset=\"https:\/\/www.familinparis.fr\/wp-content\/uploads\/THEATRE\/Ados\/PORTEUR-grand-format-150x150.jpg 150w, https:\/\/www.familinparis.fr\/wp-content\/uploads\/THEATRE\/Ados\/PORTEUR-grand-format-600x600.jpg 600w, https:\/\/www.familinparis.fr\/wp-content\/uploads\/THEATRE\/Ados\/PORTEUR-grand-format-300x300.jpg 300w, https:\/\/www.familinparis.fr\/wp-content\/uploads\/THEATRE\/Ados\/PORTEUR-grand-format-370x370.jpg 370w, https:\/\/www.familinparis.fr\/wp-content\/uploads\/THEATRE\/Ados\/PORTEUR-grand-format-50x50.jpg 50w\" sizes=\"(max-width: 150px) 100vw, 150px\" \/>\t\t\t\t\t<\/a>\n\t\t\t\t\t\t\t<\/div>\n\t\t\t\t\t\t<h4 class=\"uagb-post__title uagb-post__text\">\n\t\t\t\t<a href=\"https:\/\/www.familinparis.fr\/en\/the-bearer-of-history\/\" target=\"_self\" rel=\"bookmark noopener noreferrer\">The Bearer of History<\/a>\n\t\t\t<\/h4>\n\t\t\t\t\t\t<div class='uagb-post__text uagb-post-grid-byline'>\n\t\t\t\t\t\t\t<\/div>\n\t\t\t\t\t\t\t<div class='uagb-post__text uagb-post__excerpt'>\n\t\t\t\t\tUntil December 17, 2024\t\t\t\t<\/div>\n\t\t\t\n\t\t\t\t\t\t\t\t\t<\/article>\n\t\t\t\t\t\t\t\t\t\t\t\t\t\t\t\t<article class=\"uagb-post__inner-wrap\">\t\t\t\t\t\t\t\t<div class='uagb-post__image'>\n\t\t\t\t\t\t\t\t\t<a href=\"https:\/\/www.familinparis.fr\/en\/the-dead-poets-circle\/\" target=\"_self\" rel=\"bookmark noopener noreferrer\" class='uagb-image-ratio-inherit'><img decoding=\"async\" width=\"150\" height=\"150\" src=\"https:\/\/www.familinparis.fr\/wp-content\/uploads\/THEATRE\/Ados\/cercle-des-poetes-disparus-150x150.jpg\" class=\"attachment-thumbnail size-thumbnail\" alt=\"\" srcset=\"https:\/\/www.familinparis.fr\/wp-content\/uploads\/THEATRE\/Ados\/cercle-des-poetes-disparus-150x150.jpg 150w, https:\/\/www.familinparis.fr\/wp-content\/uploads\/THEATRE\/Ados\/cercle-des-poetes-disparus-300x300.jpg 300w, https:\/\/www.familinparis.fr\/wp-content\/uploads\/THEATRE\/Ados\/cercle-des-poetes-disparus-370x370.jpg 370w\" sizes=\"(max-width: 150px) 100vw, 150px\" \/>\t\t\t\t\t<\/a>\n\t\t\t\t\t\t\t<\/div>\n\t\t\t\t\t\t<h4 class=\"uagb-post__title uagb-post__text\">\n\t\t\t\t<a href=\"https:\/\/www.familinparis.fr\/en\/the-dead-poets-circle\/\" target=\"_self\" rel=\"bookmark noopener noreferrer\">The Dead Poets Circle<\/a>\n\t\t\t<\/h4>\n\t\t\t\t\t\t<div class='uagb-post__text uagb-post-grid-byline'>\n\t\t\t\t\t\t\t<\/div>\n\t\t\t\t\t\t\t<div class='uagb-post__text uagb-post__excerpt'>\n\t\t\t\t\tUntil May 26, 2024\t\t\t\t<\/div>\n\t\t\t\n\t\t\t\t\t\t\t\t\t<\/article>\n\t\t\t\t\t\t\t\t\t\t\t\t\t\t\t\t<article class=\"uagb-post__inner-wrap\">\t\t\t\t\t\t\t\t<div class='uagb-post__image'>\n\t\t\t\t\t\t\t\t\t<a href=\"https:\/\/www.familinparis.fr\/en\/the-hunchback-of-notre-dame\/\" target=\"_self\" rel=\"bookmark noopener noreferrer\" class='uagb-image-ratio-inherit'><img decoding=\"async\" width=\"150\" height=\"150\" src=\"https:\/\/www.familinparis.fr\/wp-content\/uploads\/Spectacles\/MUSICAL\/bossu-gaite-150x150.jpg\" class=\"attachment-thumbnail size-thumbnail\" alt=\"\" srcset=\"https:\/\/www.familinparis.fr\/wp-content\/uploads\/Spectacles\/MUSICAL\/bossu-gaite-150x150.jpg 150w, https:\/\/www.familinparis.fr\/wp-content\/uploads\/Spectacles\/MUSICAL\/bossu-gaite-300x300.jpg 300w, https:\/\/www.familinparis.fr\/wp-content\/uploads\/Spectacles\/MUSICAL\/bossu-gaite-370x370.jpg 370w, https:\/\/www.familinparis.fr\/wp-content\/uploads\/Spectacles\/MUSICAL\/bossu-gaite-50x50.jpg 50w\" sizes=\"(max-width: 150px) 100vw, 150px\" \/>\t\t\t\t\t<\/a>\n\t\t\t\t\t\t\t<\/div>\n\t\t\t\t\t\t<h4 class=\"uagb-post__title uagb-post__text\">\n\t\t\t\t<a href=\"https:\/\/www.familinparis.fr\/en\/the-hunchback-of-notre-dame\/\" target=\"_self\" rel=\"bookmark noopener noreferrer\">The Hunchback of Notre Dame<\/a>\n\t\t\t<\/h4>\n\t\t\t\t\t\t<div class='uagb-post__text uagb-post-grid-byline'>\n\t\t\t\t\t\t\t<\/div>\n\t\t\t\t\t\t\t<div class='uagb-post__text uagb-post__excerpt'>\n\t\t\t\t\t<p>The Hunchback of Notre-Dame, an original, funny and poetic version of Victor Hugo&#8217;s masterpiece WE&#8230;\t\t\t\t<\/div>\n\t\t\t\n\t\t\t\t\t\t\t\t\t<\/article>\n\t\t\t\t\t\t\t\t\t\t\t\t\t\t\t\t<article class=\"uagb-post__inner-wrap\">\t\t\t\t\t\t\t\t<div class='uagb-post__image'>\n\t\t\t\t\t\t\t\t\t<a href=\"https:\/\/www.familinparis.fr\/en\/the-adventures-of-pinocchio\/\" target=\"_self\" rel=\"bookmark noopener noreferrer\" class='uagb-image-ratio-inherit'><img decoding=\"async\" width=\"150\" height=\"150\" src=\"https:\/\/www.familinparis.fr\/wp-content\/uploads\/2023\/11\/pinocchio-theatre-mathurins-2023-150x150.jpg\" class=\"attachment-thumbnail size-thumbnail\" alt=\"\" srcset=\"https:\/\/www.familinparis.fr\/wp-content\/uploads\/2023\/11\/pinocchio-theatre-mathurins-2023-150x150.jpg 150w, https:\/\/www.familinparis.fr\/wp-content\/uploads\/2023\/11\/pinocchio-theatre-mathurins-2023-300x300.jpg 300w, https:\/\/www.familinparis.fr\/wp-content\/uploads\/2023\/11\/pinocchio-theatre-mathurins-2023-370x370.jpg 370w\" sizes=\"(max-width: 150px) 100vw, 150px\" \/>\t\t\t\t\t<\/a>\n\t\t\t\t\t\t\t<\/div>\n\t\t\t\t\t\t<h4 class=\"uagb-post__title uagb-post__text\">\n\t\t\t\t<a href=\"https:\/\/www.familinparis.fr\/en\/the-adventures-of-pinocchio\/\" target=\"_self\" rel=\"bookmark noopener noreferrer\">The Adventures of Pinocchio<\/a>\n\t\t\t<\/h4>\n\t\t\t\t\t\t<div class='uagb-post__text uagb-post-grid-byline'>\n\t\t\t\t\t\t\t<\/div>\n\t\t\t\t\t\t\t<div class='uagb-post__text uagb-post__excerpt'>\n\t\t\t\t\tUntil May 8, 2024\t\t\t\t<\/div>\n\t\t\t\n\t\t\t\t\t\t\t\t\t<\/article>\n\t\t\t\t\t\t\t\t\t\t\t\t\t\t\t\t<article class=\"uagb-post__inner-wrap\">\t\t\t\t\t\t\t\t<div class='uagb-post__image'>\n\t\t\t\t\t\t\t\t\t<a href=\"https:\/\/www.familinparis.fr\/en\/paw-patrol-forward-pirates\/\" target=\"_self\" rel=\"bookmark noopener noreferrer\" class='uagb-image-ratio-inherit'><img decoding=\"async\" width=\"150\" height=\"150\" src=\"https:\/\/www.familinparis.fr\/wp-content\/uploads\/2023\/06\/spectacle-pat-patrouille-zenith-paris-150x150.jpg\" class=\"attachment-thumbnail size-thumbnail\" alt=\"\" srcset=\"https:\/\/www.familinparis.fr\/wp-content\/uploads\/2023\/06\/spectacle-pat-patrouille-zenith-paris-150x150.jpg 150w, https:\/\/www.familinparis.fr\/wp-content\/uploads\/2023\/06\/spectacle-pat-patrouille-zenith-paris-300x300.jpg 300w, https:\/\/www.familinparis.fr\/wp-content\/uploads\/2023\/06\/spectacle-pat-patrouille-zenith-paris-370x370.jpg 370w\" sizes=\"(max-width: 150px) 100vw, 150px\" \/>\t\t\t\t\t<\/a>\n\t\t\t\t\t\t\t<\/div>\n\t\t\t\t\t\t<h4 class=\"uagb-post__title uagb-post__text\">\n\t\t\t\t<a href=\"https:\/\/www.familinparis.fr\/en\/paw-patrol-forward-pirates\/\" target=\"_self\" rel=\"bookmark noopener noreferrer\">PAW Patrol, &#8220;Forward Pirates&#8221;<\/a>\n\t\t\t<\/h4>\n\t\t\t\t\t\t<div class='uagb-post__text uagb-post-grid-byline'>\n\t\t\t\t\t\t\t<\/div>\n\t\t\t\t\t\t\t<div class='uagb-post__text uagb-post__excerpt'>\n\t\t\t\t\t<p>PAW Patrol at the Zenith WE LIKE: a musical adventure with your children&#8217;s favorite heroes&#8230;\t\t\t\t<\/div>\n\t\t\t\n\t\t\t\t\t\t\t\t\t<\/article>\n\t\t\t\t\t\t\t\t\t\t\t<\/div>\n\t\t\t\n<div style=\"height:70px\" aria-hidden=\"true\" class=\"wp-block-spacer\"><\/div>\n\n<div class=\"wp-block-buttons is-horizontal is-content-justification-center is-layout-flex wp-container-core-buttons-is-layout-499968f5 wp-block-buttons-is-layout-flex\">\n<div class=\"wp-block-button\"><a class=\"wp-block-button__link has-white-color has-text-color has-background\" href=\"https:\/\/www.familinparis.fr\/en\/shows-for-children-and-teenagers-in-paris\/\" style=\"border-radius:1px;background-color:#73c6b6\">THE BEST SHOWS OF 2022<\/a><\/div>\n\n\n\n<div class=\"wp-block-button\"><a class=\"wp-block-button__link has-white-color has-text-color has-background\" href=\"https:\/\/www.familinparis.fr\/en\/must-see-family-exhibitions-in-paris\/\" style=\"border-radius:1px;background-color:#73c6b6\">THE BEST EXHIBITIONS 2022<\/a><\/div>\n<\/div>\n\n<div style=\"height:70px\" aria-hidden=\"true\" class=\"wp-block-spacer\"><\/div>\n","protected":false},"excerpt":{"rendered":"<p>Very nice theatrical adaptation of the classic of French literature \u2014 For teenagers<\/p>\n","protected":false},"author":5,"featured_media":130796,"comment_status":"open","ping_status":"open","sticky":false,"template":"","format":"standard","meta":{"_uag_custom_page_level_css":"","footnotes":""},"categories":[1253],"tags":[],"class_list":{"0":"post-135421","1":"post","2":"type-post","3":"status-publish","4":"format-standard","5":"has-post-thumbnail","7":"category-past-events"},"yoast_head":"<!-- This site is optimized with the Yoast SEO plugin v27.2 - https:\/\/yoast.com\/product\/yoast-seo-wordpress\/ -->\n<title>The Promise of Dawn, theatrical adaptation | From 12 years old<\/title>\n<meta name=\"description\" content=\"At the Lucernaire (Paris 6th). Theatrical version of The Promise of Dawn. Book your seats. A show that will please your teenagers\" \/>\n<meta name=\"robots\" content=\"index, follow, max-snippet:-1, max-image-preview:large, max-video-preview:-1\" \/>\n<link rel=\"canonical\" href=\"https:\/\/www.familinparis.fr\/en\/the-promise-of-dawn\/\" \/>\n<meta property=\"og:locale\" content=\"en_US\" \/>\n<meta property=\"og:type\" content=\"article\" \/>\n<meta property=\"og:title\" content=\"The Promise of Dawn, theatrical adaptation | From 12 years old\" \/>\n<meta property=\"og:description\" content=\"At the Lucernaire (Paris 6th). Theatrical version of The Promise of Dawn. Book your seats. A show that will please your teenagers\" \/>\n<meta property=\"og:url\" content=\"https:\/\/www.familinparis.fr\/en\/the-promise-of-dawn\/\" \/>\n<meta property=\"og:site_name\" content=\"Familin&#039;Paris\" \/>\n<meta property=\"article:published_time\" content=\"2022-02-20T07:44:01+00:00\" \/>\n<meta property=\"article:modified_time\" content=\"2024-11-16T15:16:29+00:00\" \/>\n<meta property=\"og:image\" content=\"https:\/\/www.familinparis.fr\/wp-content\/uploads\/THEATRE\/Ados\/AFFICHE-La-promesse-de-laube.jpg\" \/>\n\t<meta property=\"og:image:width\" content=\"600\" \/>\n\t<meta property=\"og:image:height\" content=\"897\" \/>\n\t<meta property=\"og:image:type\" content=\"image\/jpeg\" \/>\n<meta name=\"author\" content=\"olivia\" \/>\n<meta name=\"twitter:card\" content=\"summary_large_image\" \/>\n<meta name=\"twitter:label1\" content=\"Written by\" \/>\n\t<meta name=\"twitter:data1\" content=\"olivia\" \/>\n\t<meta name=\"twitter:label2\" content=\"Est. reading time\" \/>\n\t<meta name=\"twitter:data2\" content=\"1 minute\" \/>\n<script type=\"application\/ld+json\" class=\"yoast-schema-graph\">{\"@context\":\"https:\/\/schema.org\",\"@graph\":[{\"@type\":\"Article\",\"@id\":\"https:\/\/www.familinparis.fr\/en\/the-promise-of-dawn\/#article\",\"isPartOf\":{\"@id\":\"https:\/\/www.familinparis.fr\/en\/the-promise-of-dawn\/\"},\"author\":{\"name\":\"olivia\",\"@id\":\"https:\/\/www.familinparis.fr\/en\/#\/schema\/person\/a87467bb417cd0c77d0a7bb5d1d78ac5\"},\"headline\":\"The Promise of Dawn\",\"datePublished\":\"2022-02-20T07:44:01+00:00\",\"dateModified\":\"2024-11-16T15:16:29+00:00\",\"mainEntityOfPage\":{\"@id\":\"https:\/\/www.familinparis.fr\/en\/the-promise-of-dawn\/\"},\"wordCount\":188,\"commentCount\":0,\"image\":{\"@id\":\"https:\/\/www.familinparis.fr\/en\/the-promise-of-dawn\/#primaryimage\"},\"thumbnailUrl\":\"https:\/\/www.familinparis.fr\/wp-content\/uploads\/THEATRE\/Ados\/AFFICHE-La-promesse-de-laube.jpg\",\"articleSection\":[\"Past events\"],\"inLanguage\":\"en-US\",\"potentialAction\":[{\"@type\":\"CommentAction\",\"name\":\"Comment\",\"target\":[\"https:\/\/www.familinparis.fr\/en\/the-promise-of-dawn\/#respond\"]}]},{\"@type\":\"WebPage\",\"@id\":\"https:\/\/www.familinparis.fr\/en\/the-promise-of-dawn\/\",\"url\":\"https:\/\/www.familinparis.fr\/en\/the-promise-of-dawn\/\",\"name\":\"The Promise of Dawn, theatrical adaptation | From 12 years old\",\"isPartOf\":{\"@id\":\"https:\/\/www.familinparis.fr\/en\/#website\"},\"primaryImageOfPage\":{\"@id\":\"https:\/\/www.familinparis.fr\/en\/the-promise-of-dawn\/#primaryimage\"},\"image\":{\"@id\":\"https:\/\/www.familinparis.fr\/en\/the-promise-of-dawn\/#primaryimage\"},\"thumbnailUrl\":\"https:\/\/www.familinparis.fr\/wp-content\/uploads\/THEATRE\/Ados\/AFFICHE-La-promesse-de-laube.jpg\",\"datePublished\":\"2022-02-20T07:44:01+00:00\",\"dateModified\":\"2024-11-16T15:16:29+00:00\",\"author\":{\"@id\":\"https:\/\/www.familinparis.fr\/en\/#\/schema\/person\/a87467bb417cd0c77d0a7bb5d1d78ac5\"},\"description\":\"At the Lucernaire (Paris 6th). Theatrical version of The Promise of Dawn. Book your seats. A show that will please your teenagers\",\"breadcrumb\":{\"@id\":\"https:\/\/www.familinparis.fr\/en\/the-promise-of-dawn\/#breadcrumb\"},\"inLanguage\":\"en-US\",\"potentialAction\":[{\"@type\":\"ReadAction\",\"target\":[\"https:\/\/www.familinparis.fr\/en\/the-promise-of-dawn\/\"]}]},{\"@type\":\"ImageObject\",\"inLanguage\":\"en-US\",\"@id\":\"https:\/\/www.familinparis.fr\/en\/the-promise-of-dawn\/#primaryimage\",\"url\":\"https:\/\/www.familinparis.fr\/wp-content\/uploads\/THEATRE\/Ados\/AFFICHE-La-promesse-de-laube.jpg\",\"contentUrl\":\"https:\/\/www.familinparis.fr\/wp-content\/uploads\/THEATRE\/Ados\/AFFICHE-La-promesse-de-laube.jpg\",\"width\":600,\"height\":897},{\"@type\":\"BreadcrumbList\",\"@id\":\"https:\/\/www.familinparis.fr\/en\/the-promise-of-dawn\/#breadcrumb\",\"itemListElement\":[{\"@type\":\"ListItem\",\"position\":1,\"name\":\"Home\",\"item\":\"https:\/\/www.familinparis.fr\/en\/\"},{\"@type\":\"ListItem\",\"position\":2,\"name\":\"Exposition\",\"item\":\"https:\/\/www.familinparis.fr\/en\/categorie\/exposition-en\/\"},{\"@type\":\"ListItem\",\"position\":3,\"name\":\"The Promise of Dawn\"}]},{\"@type\":\"WebSite\",\"@id\":\"https:\/\/www.familinparis.fr\/en\/#website\",\"url\":\"https:\/\/www.familinparis.fr\/en\/\",\"name\":\"Familin&#039;Paris\",\"description\":\"Visiter le meilleur de Paris avec des enfants : sorties, spectacles, adresses de restaurants, shopping, bons plans...\",\"potentialAction\":[{\"@type\":\"SearchAction\",\"target\":{\"@type\":\"EntryPoint\",\"urlTemplate\":\"https:\/\/www.familinparis.fr\/en\/?s={search_term_string}\"},\"query-input\":{\"@type\":\"PropertyValueSpecification\",\"valueRequired\":true,\"valueName\":\"search_term_string\"}}],\"inLanguage\":\"en-US\"},{\"@type\":\"Person\",\"@id\":\"https:\/\/www.familinparis.fr\/en\/#\/schema\/person\/a87467bb417cd0c77d0a7bb5d1d78ac5\",\"name\":\"olivia\",\"image\":{\"@type\":\"ImageObject\",\"inLanguage\":\"en-US\",\"@id\":\"https:\/\/secure.gravatar.com\/avatar\/cbca07f1dfea20f457a666a1b84ed5cf1364773d1378c6f10fd36c354eef1ef8?s=96&d=identicon&r=g\",\"url\":\"https:\/\/secure.gravatar.com\/avatar\/cbca07f1dfea20f457a666a1b84ed5cf1364773d1378c6f10fd36c354eef1ef8?s=96&d=identicon&r=g\",\"contentUrl\":\"https:\/\/secure.gravatar.com\/avatar\/cbca07f1dfea20f457a666a1b84ed5cf1364773d1378c6f10fd36c354eef1ef8?s=96&d=identicon&r=g\",\"caption\":\"olivia\"}}]}<\/script>\n<!-- \/ Yoast SEO plugin. -->","yoast_head_json":{"title":"The Promise of Dawn, theatrical adaptation | From 12 years old","description":"At the Lucernaire (Paris 6th). Theatrical version of The Promise of Dawn. Book your seats. A show that will please your teenagers","robots":{"index":"index","follow":"follow","max-snippet":"max-snippet:-1","max-image-preview":"max-image-preview:large","max-video-preview":"max-video-preview:-1"},"canonical":"https:\/\/www.familinparis.fr\/en\/the-promise-of-dawn\/","og_locale":"en_US","og_type":"article","og_title":"The Promise of Dawn, theatrical adaptation | From 12 years old","og_description":"At the Lucernaire (Paris 6th). Theatrical version of The Promise of Dawn. Book your seats. A show that will please your teenagers","og_url":"https:\/\/www.familinparis.fr\/en\/the-promise-of-dawn\/","og_site_name":"Familin&#039;Paris","article_published_time":"2022-02-20T07:44:01+00:00","article_modified_time":"2024-11-16T15:16:29+00:00","og_image":[{"width":600,"height":897,"url":"https:\/\/www.familinparis.fr\/wp-content\/uploads\/THEATRE\/Ados\/AFFICHE-La-promesse-de-laube.jpg","type":"image\/jpeg"}],"author":"olivia","twitter_card":"summary_large_image","twitter_misc":{"Written by":"olivia","Est. reading time":"1 minute"},"schema":{"@context":"https:\/\/schema.org","@graph":[{"@type":"Article","@id":"https:\/\/www.familinparis.fr\/en\/the-promise-of-dawn\/#article","isPartOf":{"@id":"https:\/\/www.familinparis.fr\/en\/the-promise-of-dawn\/"},"author":{"name":"olivia","@id":"https:\/\/www.familinparis.fr\/en\/#\/schema\/person\/a87467bb417cd0c77d0a7bb5d1d78ac5"},"headline":"The Promise of Dawn","datePublished":"2022-02-20T07:44:01+00:00","dateModified":"2024-11-16T15:16:29+00:00","mainEntityOfPage":{"@id":"https:\/\/www.familinparis.fr\/en\/the-promise-of-dawn\/"},"wordCount":188,"commentCount":0,"image":{"@id":"https:\/\/www.familinparis.fr\/en\/the-promise-of-dawn\/#primaryimage"},"thumbnailUrl":"https:\/\/www.familinparis.fr\/wp-content\/uploads\/THEATRE\/Ados\/AFFICHE-La-promesse-de-laube.jpg","articleSection":["Past events"],"inLanguage":"en-US","potentialAction":[{"@type":"CommentAction","name":"Comment","target":["https:\/\/www.familinparis.fr\/en\/the-promise-of-dawn\/#respond"]}]},{"@type":"WebPage","@id":"https:\/\/www.familinparis.fr\/en\/the-promise-of-dawn\/","url":"https:\/\/www.familinparis.fr\/en\/the-promise-of-dawn\/","name":"The Promise of Dawn, theatrical adaptation | From 12 years old","isPartOf":{"@id":"https:\/\/www.familinparis.fr\/en\/#website"},"primaryImageOfPage":{"@id":"https:\/\/www.familinparis.fr\/en\/the-promise-of-dawn\/#primaryimage"},"image":{"@id":"https:\/\/www.familinparis.fr\/en\/the-promise-of-dawn\/#primaryimage"},"thumbnailUrl":"https:\/\/www.familinparis.fr\/wp-content\/uploads\/THEATRE\/Ados\/AFFICHE-La-promesse-de-laube.jpg","datePublished":"2022-02-20T07:44:01+00:00","dateModified":"2024-11-16T15:16:29+00:00","author":{"@id":"https:\/\/www.familinparis.fr\/en\/#\/schema\/person\/a87467bb417cd0c77d0a7bb5d1d78ac5"},"description":"At the Lucernaire (Paris 6th). Theatrical version of The Promise of Dawn. Book your seats. A show that will please your teenagers","breadcrumb":{"@id":"https:\/\/www.familinparis.fr\/en\/the-promise-of-dawn\/#breadcrumb"},"inLanguage":"en-US","potentialAction":[{"@type":"ReadAction","target":["https:\/\/www.familinparis.fr\/en\/the-promise-of-dawn\/"]}]},{"@type":"ImageObject","inLanguage":"en-US","@id":"https:\/\/www.familinparis.fr\/en\/the-promise-of-dawn\/#primaryimage","url":"https:\/\/www.familinparis.fr\/wp-content\/uploads\/THEATRE\/Ados\/AFFICHE-La-promesse-de-laube.jpg","contentUrl":"https:\/\/www.familinparis.fr\/wp-content\/uploads\/THEATRE\/Ados\/AFFICHE-La-promesse-de-laube.jpg","width":600,"height":897},{"@type":"BreadcrumbList","@id":"https:\/\/www.familinparis.fr\/en\/the-promise-of-dawn\/#breadcrumb","itemListElement":[{"@type":"ListItem","position":1,"name":"Home","item":"https:\/\/www.familinparis.fr\/en\/"},{"@type":"ListItem","position":2,"name":"Exposition","item":"https:\/\/www.familinparis.fr\/en\/categorie\/exposition-en\/"},{"@type":"ListItem","position":3,"name":"The Promise of Dawn"}]},{"@type":"WebSite","@id":"https:\/\/www.familinparis.fr\/en\/#website","url":"https:\/\/www.familinparis.fr\/en\/","name":"Familin&#039;Paris","description":"Visiter le meilleur de Paris avec des enfants : sorties, spectacles, adresses de restaurants, shopping, bons plans...","potentialAction":[{"@type":"SearchAction","target":{"@type":"EntryPoint","urlTemplate":"https:\/\/www.familinparis.fr\/en\/?s={search_term_string}"},"query-input":{"@type":"PropertyValueSpecification","valueRequired":true,"valueName":"search_term_string"}}],"inLanguage":"en-US"},{"@type":"Person","@id":"https:\/\/www.familinparis.fr\/en\/#\/schema\/person\/a87467bb417cd0c77d0a7bb5d1d78ac5","name":"olivia","image":{"@type":"ImageObject","inLanguage":"en-US","@id":"https:\/\/secure.gravatar.com\/avatar\/cbca07f1dfea20f457a666a1b84ed5cf1364773d1378c6f10fd36c354eef1ef8?s=96&d=identicon&r=g","url":"https:\/\/secure.gravatar.com\/avatar\/cbca07f1dfea20f457a666a1b84ed5cf1364773d1378c6f10fd36c354eef1ef8?s=96&d=identicon&r=g","contentUrl":"https:\/\/secure.gravatar.com\/avatar\/cbca07f1dfea20f457a666a1b84ed5cf1364773d1378c6f10fd36c354eef1ef8?s=96&d=identicon&r=g","caption":"olivia"}}]}},"uagb_featured_image_src":{"full":["https:\/\/www.familinparis.fr\/wp-content\/uploads\/THEATRE\/Ados\/AFFICHE-La-promesse-de-laube.jpg",600,897,false],"thumbnail":["https:\/\/www.familinparis.fr\/wp-content\/uploads\/THEATRE\/Ados\/AFFICHE-La-promesse-de-laube-150x150.jpg",150,150,true],"medium":["https:\/\/www.familinparis.fr\/wp-content\/uploads\/THEATRE\/Ados\/AFFICHE-La-promesse-de-laube-201x300.jpg",201,300,true],"medium_large":["https:\/\/www.familinparis.fr\/wp-content\/uploads\/THEATRE\/Ados\/AFFICHE-La-promesse-de-laube.jpg",600,897,false],"large":["https:\/\/www.familinparis.fr\/wp-content\/uploads\/THEATRE\/Ados\/AFFICHE-La-promesse-de-laube.jpg",600,897,false],"1536x1536":["https:\/\/www.familinparis.fr\/wp-content\/uploads\/THEATRE\/Ados\/AFFICHE-La-promesse-de-laube.jpg",600,897,false],"2048x2048":["https:\/\/www.familinparis.fr\/wp-content\/uploads\/THEATRE\/Ados\/AFFICHE-La-promesse-de-laube.jpg",600,897,false],"home-thumb":["https:\/\/www.familinparis.fr\/wp-content\/uploads\/THEATRE\/Ados\/AFFICHE-La-promesse-de-laube-488x730.jpg",488,730,true],"home-slider":["https:\/\/www.familinparis.fr\/wp-content\/uploads\/THEATRE\/Ados\/AFFICHE-La-promesse-de-laube-600x600.jpg",600,600,true],"lightbox-slider-size":["https:\/\/www.familinparis.fr\/wp-content\/uploads\/THEATRE\/Ados\/AFFICHE-La-promesse-de-laube-564x282.jpg",564,282,true],"post-thumbnail":["https:\/\/www.familinparis.fr\/wp-content\/uploads\/THEATRE\/Ados\/AFFICHE-La-promesse-de-laube-270x180.jpg",270,180,true],"cheerup-main":["https:\/\/www.familinparis.fr\/wp-content\/uploads\/THEATRE\/Ados\/AFFICHE-La-promesse-de-laube-600x400.jpg",600,400,true],"cheerup-main-full":["https:\/\/www.familinparis.fr\/wp-content\/uploads\/THEATRE\/Ados\/AFFICHE-La-promesse-de-laube-600x508.jpg",600,508,true],"cheerup-slider-alt":["https:\/\/www.familinparis.fr\/wp-content\/uploads\/THEATRE\/Ados\/AFFICHE-La-promesse-de-laube-600x508.jpg",600,508,true],"cheerup-slider-trendy":["https:\/\/www.familinparis.fr\/wp-content\/uploads\/THEATRE\/Ados\/AFFICHE-La-promesse-de-laube-600x508.jpg",600,508,true],"cheerup-slider-stylish":["https:\/\/www.familinparis.fr\/wp-content\/uploads\/THEATRE\/Ados\/AFFICHE-La-promesse-de-laube-600x515.jpg",600,515,true],"cheerup-slider-grid":["https:\/\/www.familinparis.fr\/wp-content\/uploads\/THEATRE\/Ados\/AFFICHE-La-promesse-de-laube-600x600.jpg",600,600,true],"cheerup-slider-grid-sm":["https:\/\/www.familinparis.fr\/wp-content\/uploads\/THEATRE\/Ados\/AFFICHE-La-promesse-de-laube-300x300.jpg",300,300,true],"cheerup-slider-carousel":["https:\/\/www.familinparis.fr\/wp-content\/uploads\/THEATRE\/Ados\/AFFICHE-La-promesse-de-laube-370x370.jpg",370,370,true],"cheerup-slider-grid-b":["https:\/\/www.familinparis.fr\/wp-content\/uploads\/THEATRE\/Ados\/AFFICHE-La-promesse-de-laube-554x466.jpg",554,466,true],"cheerup-slider-grid-b-sm":["https:\/\/www.familinparis.fr\/wp-content\/uploads\/THEATRE\/Ados\/AFFICHE-La-promesse-de-laube-306x466.jpg",306,466,true],"cheerup-slider-bold-sm":["https:\/\/www.familinparis.fr\/wp-content\/uploads\/THEATRE\/Ados\/AFFICHE-La-promesse-de-laube-150x150.jpg",150,150,true],"cheerup-grid":["https:\/\/www.familinparis.fr\/wp-content\/uploads\/THEATRE\/Ados\/AFFICHE-La-promesse-de-laube-370x285.jpg",370,285,true],"cheerup-carousel":["https:\/\/www.familinparis.fr\/wp-content\/uploads\/THEATRE\/Ados\/AFFICHE-La-promesse-de-laube-270x180.jpg",270,180,true],"cheerup-carousel-b":["https:\/\/www.familinparis.fr\/wp-content\/uploads\/THEATRE\/Ados\/AFFICHE-La-promesse-de-laube-370x285.jpg",370,285,true],"cheerup-list":["https:\/\/www.familinparis.fr\/wp-content\/uploads\/THEATRE\/Ados\/AFFICHE-La-promesse-de-laube-260x200.jpg",260,200,true],"cheerup-list-b":["https:\/\/www.familinparis.fr\/wp-content\/uploads\/THEATRE\/Ados\/AFFICHE-La-promesse-de-laube-370x305.jpg",370,305,true],"cheerup-thumb":["https:\/\/www.familinparis.fr\/wp-content\/uploads\/THEATRE\/Ados\/AFFICHE-La-promesse-de-laube-87x67.jpg",87,67,true],"cheerup-thumb-alt":["https:\/\/www.familinparis.fr\/wp-content\/uploads\/THEATRE\/Ados\/AFFICHE-La-promesse-de-laube-150x150.jpg",150,150,true]},"uagb_author_info":{"display_name":"olivia","author_link":"https:\/\/www.familinparis.fr\/en\/author\/olivia\/"},"uagb_comment_info":0,"uagb_excerpt":"Very nice theatrical adaptation of the classic of French literature \u2014 For teenagers","_links":{"self":[{"href":"https:\/\/www.familinparis.fr\/en\/wp-json\/wp\/v2\/posts\/135421","targetHints":{"allow":["GET"]}}],"collection":[{"href":"https:\/\/www.familinparis.fr\/en\/wp-json\/wp\/v2\/posts"}],"about":[{"href":"https:\/\/www.familinparis.fr\/en\/wp-json\/wp\/v2\/types\/post"}],"author":[{"embeddable":true,"href":"https:\/\/www.familinparis.fr\/en\/wp-json\/wp\/v2\/users\/5"}],"replies":[{"embeddable":true,"href":"https:\/\/www.familinparis.fr\/en\/wp-json\/wp\/v2\/comments?post=135421"}],"version-history":[{"count":0,"href":"https:\/\/www.familinparis.fr\/en\/wp-json\/wp\/v2\/posts\/135421\/revisions"}],"wp:featuredmedia":[{"embeddable":true,"href":"https:\/\/www.familinparis.fr\/en\/wp-json\/wp\/v2\/media\/130796"}],"wp:attachment":[{"href":"https:\/\/www.familinparis.fr\/en\/wp-json\/wp\/v2\/media?parent=135421"}],"wp:term":[{"taxonomy":"category","embeddable":true,"href":"https:\/\/www.familinparis.fr\/en\/wp-json\/wp\/v2\/categories?post=135421"},{"taxonomy":"post_tag","embeddable":true,"href":"https:\/\/www.familinparis.fr\/en\/wp-json\/wp\/v2\/tags?post=135421"}],"curies":[{"name":"wp","href":"https:\/\/api.w.org\/{rel}","templated":true}]}}