{"id":135406,"date":"2025-02-17T13:18:00","date_gmt":"2025-02-17T11:18:00","guid":{"rendered":"https:\/\/www.familinparis.fr\/the-cite-des-bebe-lab\/"},"modified":"2026-02-12T14:37:33","modified_gmt":"2026-02-12T12:37:33","slug":"the-cite-des-bebe-lab","status":"publish","type":"post","link":"https:\/\/www.familinparis.fr\/en\/the-cite-des-bebe-lab\/","title":{"rendered":"The Cit\u00e9 des B\u00e9b\u00e9 Lab"},"content":{"rendered":"<div class=\"lazyblock-baseline-1WSUt7 wp-block-lazyblock-baseline\"><div class=\"baseline\">GRATUIT <br \/>Pour les tout jeunes enfants, de la naissance \u00e0 23 mois<\/div><\/div><div class=\"lazyblock-infos-pratiques-Z1sDlVf wp-block-lazyblock-infos-pratiques\"><div class=\"read-more go-to\" data-goto=\"infos-sup\">\n  <a href=\"#\">\n    <span class=\"rien\">\n      <i class=\"fa fa-map-marker\"><\/i> See practical information    <\/span>\n  <\/a>\n<\/div><\/div>\n<div style=\"height:28px\" aria-hidden=\"true\" class=\"wp-block-spacer\"><\/div>\n\n<div class=\"wp-block-buttons is-content-justification-center is-layout-flex wp-container-core-buttons-is-layout-16018d1d wp-block-buttons-is-layout-flex\">\n<div class=\"wp-block-button\"><a class=\"wp-block-button__link has-white-color has-text-color has-background has-link-color has-text-align-center wp-element-button\" href=\"https:\/\/billetterie.cite-sciences.fr\/activites.html?tx_site_offerbooking%5Boffer%5D=396&amp;cHash=468734c2d5b11d6a225a1dc7ddff4605\" style=\"background-color:#db384b\" target=\"_blank\" rel=\"noreferrer noopener nofollow\">JE R\u00c9SERVE<\/a><\/div>\n<\/div>\n\n<div style=\"height:3px\" aria-hidden=\"true\" class=\"wp-block-spacer\"><\/div>\n\n<p class=\"has-text-align-center has-luminous-vivid-orange-color has-text-color has-link-color wp-elements-7e5ef7f15eb5e97a3f37564722162eba\"><strong>R\u00e9servation disponible 7\u00a0jours avant la s\u00e9ance<\/strong><\/p>\n\n<div class=\"wp-block-columns is-layout-flex wp-container-core-columns-is-layout-9d6595d7 wp-block-columns-is-layout-flex\">\n<div class=\"wp-block-column is-layout-flow wp-block-column-is-layout-flow\" style=\"flex-basis:50%\">\n<section class=\"wp-block-uagb-section uagb-section__wrap uagb-section__background-none uagb-block-ba3a5427\"><div class=\"uagb-section__overlay\"><\/div><div class=\"uagb-section__inner-wrap\">\n<ul class=\"wp-block-list\">\n<li><strong>ON AIME :<\/strong> un espace\u00a0d\u2019exp\u00e9riences pour favoriser le d\u00e9veloppement des b\u00e9b\u00e9s<\/li>\n\n\n\n<li><strong>LIEU :<\/strong> Cit\u00e9 des Sciences et de l\u2019Industrie (Paris 19e)<\/li>\n\n\n\n<li><strong>\u00c2GE :<\/strong> pour les 0 \u2013 23 mois<\/li>\n\n\n\n<li><strong>QUAND :<\/strong>\n<ul class=\"wp-block-list\">\n<li><strong>Du mardi au dimanche<\/strong><\/li>\n\n\n\n<li>2 s\u00e9ances par jour : 10h-12h et 14h30-17h30<\/li>\n<\/ul>\n<\/li>\n\n\n\n<li><strong>FERMETURE<\/strong> : Le lundi<\/li>\n\n\n\n<li><strong>GRATUIT<\/strong> Pour les enfants jusqu&#8217;\u00e0 23 mois<\/li>\n\n\n\n<li><strong>Gratuit pour tous : <\/strong>mercredi et samedi matins, jeudi et dimanche apr\u00e8s-midis (dans le cadre d&#8217;une \u00e9tude des publics)<\/li>\n\n\n\n<li><strong>TARIF <\/strong>:\n<ul class=\"wp-block-list\">\n<li>4,50\u00a0\u20ac pour le 1<sup>er<\/sup> accompagnateur,<\/li>\n\n\n\n<li>2\u00a0\u20ac pour le second (2 accompagnateurs max. \/ enfant)<\/li>\n<\/ul>\n<\/li>\n\n\n\n<li><strong>SAVOIR : Pas de stress, l&#8217;acc\u00e8s est garanti pendant 45 minutes apr\u00e8s le d\u00e9but de la s\u00e9ance<\/strong><\/li>\n<\/ul>\n\n\n\n<div style=\"height:52px\" aria-hidden=\"true\" class=\"wp-block-spacer\"><\/div>\n\n\n\n<div class=\"wp-block-buttons is-content-justification-center is-layout-flex wp-container-core-buttons-is-layout-16018d1d wp-block-buttons-is-layout-flex\">\n<div class=\"wp-block-button\"><a class=\"wp-block-button__link has-white-color has-text-color has-background has-link-color wp-element-button\" href=\"https:\/\/billetterie.cite-sciences.fr\/activites.html?tx_site_offerbooking%5Boffer%5D=396&amp;cHash=468734c2d5b11d6a225a1dc7ddff4605\" style=\"background-color:#db384b\" target=\"_blank\" rel=\"noreferrer noopener nofollow\">JE R\u00c9SERVE<\/a><\/div>\n<\/div>\n<\/div><\/section>\n<\/div>\n\n\n\n<div class=\"wp-block-column is-layout-flow wp-block-column-is-layout-flow\" style=\"flex-basis:50%\">\n<figure class=\"wp-block-image size-full\"><img decoding=\"async\" width=\"442\" height=\"659\" src=\"https:\/\/www.familinparis.fr\/wp-content\/uploads\/2022\/02\/la-cite-des-bebes.png\" alt=\"\" class=\"wp-image-139941\" srcset=\"https:\/\/www.familinparis.fr\/wp-content\/uploads\/2022\/02\/la-cite-des-bebes.png 442w, https:\/\/www.familinparis.fr\/wp-content\/uploads\/2022\/02\/la-cite-des-bebes-201x300.png 201w\" sizes=\"(max-width: 442px) 100vw, 442px\" \/><\/figure>\n<\/div>\n<\/div>\n\n<div style=\"height:50px\" aria-hidden=\"true\" class=\"wp-block-spacer\"><\/div>\n<div class=\"lazyblock-bodered-box-Z68asY wp-block-lazyblock-bodered-box\"><div class=\"bordered-box ts-row cf\">\n    <h2 class=\"box-title\">La Cit\u00e9 des b\u00e9b\u00e9s, le nouveau territoire des 0-23 mois <\/h2>\n    <div>\n        \n\n<div style=\"height:24px\" aria-hidden=\"true\" class=\"wp-block-spacer\"><\/div>\n\n\n\n<ul class=\"wp-block-list\">\n<li><strong>La Cit\u00e9 des b\u00e9b\u00e9s est un espace in\u00e9dit sp\u00e9cialement con\u00e7u\u00a0 pour les b\u00e9b\u00e9s<\/strong><\/li>\n\n\n\n<li>Il est destin\u00e9 aux jeunes enfants de 0 \u00e0 23 mois \u00e0\u00a0<a href=\"\/la-cite-des-sciences-tarif\/\">la Cit\u00e9 des sciences et de l\u2019industrie<\/a><\/li>\n<\/ul>\n\n\n\n<h2 class=\"wp-block-heading\">Un espace d&#8217;exp\u00e9rimentation<\/h2>\n\n\n\n<ul class=\"wp-block-list\">\n<li>Un espace d&#8217;exp\u00e9rimentation pour le tout petits, d\u2019une<strong>\u00a0surface de 250 m\u00b2,<\/strong>\u00a0con\u00e7u comme un<strong>\u00a0nid s\u00e9curisant<\/strong><\/li>\n\n\n\n<li>il est centr\u00e9 sur le bien-\u00eatre de l\u2019enfant. Sol, murs, jeux et doudous :<strong> l\u2019espace est volontairement z\u00e9ro plastique et z\u00e9ro \u00e9cran !<\/strong> ici on entre sans chaussure !<\/li>\n\n\n\n<li><strong>La Cit\u00e9 des b\u00e9b\u00e9s offre une s\u00e9rie d\u2019exp\u00e9riences pour favoriser leur d\u00e9veloppement<\/strong><\/li>\n\n\n\n<li>Ludique et \u00e9volutif, cet espace s\u2019appuie sur les savoir-faire qui ont fait le succ\u00e8s de la Cit\u00e9 des enfants : activit\u00e9s adulte-enfant<\/li>\n\n\n\n<li>Yourte mongole au couleurs chatoyantes, baignoire aux escargots, crapahuter dans une cabane de coussins, ou se reposer dans la tente touareg pos\u00e9e sur un sol naturel<\/li>\n\n\n\n<li>The welcome is personalized and warm, to facilitate the integration of families. Armchairs and cushions are available for breastfeeding and resting. Specialized books on child psychology, education and the health of <a href=\"https:\/\/www.familinparis.fr\/en\/activities-and-ideas-for-outings-with-children-from-3-to-5-years-old-and-also-6-years-old\/\">young children<\/a> are freely available  <\/li>\n\n\n\n<li>Espaces poussettes, casiers de rangement s\u00e9curis\u00e9s&#8230; tout est pr\u00e9vu !<\/li>\n<\/ul>\n\n\n\n<h2 class=\"wp-block-heading\">The activities offered:<\/h2>\n\n\n\n<ul class=\"wp-block-list\">\n<li><strong>Lecture th\u00e9\u00e2tralis\u00e9e avec chant et marionnettes\u00a0<\/strong><\/li>\n\n\n\n<li>\u00c9veil des b\u00e9b\u00e9s aux livres<\/li>\n\n\n\n<li>Spectacle et comptines, chants et gestes<\/li>\n\n\n\n<li>Rencontre avec des scientifiques et des sp\u00e9cialistes de la petite enfance pour \u00e9changer autour du d\u00e9veloppement des enfants et poser toutes les questions\n<ul class=\"wp-block-list\">\n<li>Nous conseillons la consultation r\u00e9guli\u00e8re du site pour conna\u00eetre l&#8217;\u00e9volution du programme et des activit\u00e9s<\/li>\n<\/ul>\n<\/li>\n<\/ul>\n\n\n\n<ul class=\"wp-block-list\">\n<li><strong>La Cit\u00e9 des B\u00e9b\u00e9s est accessible sur r\u00e9servation<\/strong>\u00a0pour des b\u00e9b\u00e9s accompagn\u00e9s (2 pers. max.)<\/li>\n\n\n\n<li>Du mardi au dimanche &#8211; De\u00a0<strong>10h \u00e0 12h<\/strong> et <strong>14h30-17h30 <\/strong><\/li>\n<\/ul>\n\n\n    <\/div>\n    <p><\/p>\n<\/div><\/div>\n<div style=\"height:50px\" aria-hidden=\"true\" class=\"wp-block-spacer\"><\/div>\n\n<div style=\"height:49px\" aria-hidden=\"true\" class=\"wp-block-spacer\"><\/div>\n<div class=\"lazyblock-grids-Z1iX5xh wp-block-lazyblock-grids\"><div class=\"row new-grids grids-style-2\">\n        <div class=\"col-12 grid-title\">\n        <h2 class=\"c-blue\">What to do with toddlers in Paris?<\/h2>\n\n            <\/div>\n        \n    <div class=\"col-12 grids columns-4\">\n        \n\n<div class=\"grid\">\n\t<a href=\"https:\/\/www.familinparis.fr\/en\/the-city-of-children-cite-des-sciences-in-paris\/\" target=\"_self\">\n\t    <div class=\"image\" style=\"background-image:url('https:\/\/www.familinparis.fr\/wp-content\/uploads\/2022\/08\/la-cite-des-enfants-600x300-1-452x282.png')\">\n\t    \t\t\t\t\t    <\/div>\n\t    <div class=\"texte\">\n\t        <h5><\/h5>\n\t        <h3>The City of Children: Cit\u00e9 des Sciences in Paris<\/h3>\n\t        <div class=\"tags\">\n\t        \t\t        \t<span><\/span>\n\t        <\/div>\n\t        <div class=\"bas\">\n        \t\t<div class=\"prix\">\n        \t\t\t        \t\t<\/div>\n            \t<div class=\"review-stars\" data-productId=\"\">\n            \t<\/div>\n\t        <\/div>\n\t    <\/div>\n\t<\/a>\n<\/div>\n\n<div class=\"grid\">\n\t<a href=\"https:\/\/www.familinparis.fr\/en\/idees-pour-les-vacances-de-paques-avec-un-jeune-enfant-autour-de-paris\/\" target=\"_self\">\n\t    <div class=\"image\" style=\"background-image:url('https:\/\/www.familinparis.fr\/wp-content\/uploads\/Animaux\/Malowe-Nature\/chevres-564x282.jpg')\">\n\t    \t\t\t\t\t    <\/div>\n\t    <div class=\"texte\">\n\t        <h5><\/h5>\n\t        <h3>What to do during the Spring holidays around Paris, with 0-6 year olds?<\/h3>\n\t        <div class=\"tags\">\n\t        \t\t        \t<span><\/span>\n\t        <\/div>\n\t        <div class=\"bas\">\n        \t\t<div class=\"prix\">\n        \t\t\t        \t\t<\/div>\n            \t<div class=\"review-stars\" data-productId=\"\">\n            \t<\/div>\n\t        <\/div>\n\t    <\/div>\n\t<\/a>\n<\/div>\n\n<div class=\"grid\">\n\t<a href=\"https:\/\/www.familinparis.fr\/en\/idees-pour-les-vacances-de-paques-avec-un-jeune-enfant-a-paris\/\" target=\"_self\">\n\t    <div class=\"image\" style=\"background-image:url('https:\/\/www.familinparis.fr\/wp-content\/uploads\/2024\/02\/chasse-aux-oeufs-de-paques-autour-de-paris-pixabay-564x282.jpg')\">\n\t    \t\t\t\t\t    <\/div>\n\t    <div class=\"texte\">\n\t        <h5><\/h5>\n\t        <h3>Easter holidays with 0-6 year olds in Paris<\/h3>\n\t        <div class=\"tags\">\n\t        \t\t        \t<span><\/span>\n\t        <\/div>\n\t        <div class=\"bas\">\n        \t\t<div class=\"prix\">\n        \t\t\t        \t\t<\/div>\n            \t<div class=\"review-stars\" data-productId=\"\">\n            \t<\/div>\n\t        <\/div>\n\t    <\/div>\n\t<\/a>\n<\/div>\n\n<div class=\"grid\">\n\t<a href=\"https:\/\/www.familinparis.fr\/en\/aquarium-of-paris-price\/\" target=\"_self\">\n\t    <div class=\"image\" style=\"background-image:url('https:\/\/www.familinparis.fr\/wp-content\/uploads\/photos-familinparis-2021\/animaux\/l-aquarium-de-paris-enfant-\u00a9Estelle-Hirrien-564x282.jpg')\">\n\t    \t\t    \t<div class=\"dateOnImg\">7 days a week<\/div>\n\t    \t\t\t\t\t    <\/div>\n\t    <div class=\"texte\">\n\t        <h5>Trocadero Garden<\/h5>\n\t        <h3>Aquarium of Paris<\/h3>\n\t        <div class=\"tags\">\n\t        \t\t        \t\t<span>PROMO on duo tickets<\/span>\n\t        \t\t        \t<span>About 1 hour<\/span>\n\t        <\/div>\n\t        <div class=\"bas\">\n        \t\t<div class=\"prix\">\n        \t\t\t\t        \t\t\t<span>From<\/span>\n\t        \t\t\t<span class=\"chiffre-barre\">48\u20ac<\/span>\n\t        \t\t\t<span class=\"chiffre\">36\u20ac<\/span>\t        \t\t        \t\t<\/div>\n            \t<div class=\"review-stars\" data-productId=\"25\">\n            \t<\/div>\n\t        <\/div>\n\t    <\/div>\n\t<\/a>\n<\/div>    <\/div>\n\n    \n    \n\n<\/div>\n<\/div>\n<h2 class=\"wp-block-heading has-text-align-center p-b-10 p-t-10 has-white-color has-text-color has-background\" style=\"background-color:#fa395f\">What to do with 0-6 year olds in Paris?<\/h2>\n\n\t\t\t<div class=\"wp-block-uagb-post-grid uagb-post-grid  uagb-post__image-position-top uagb-post__image-enabled uagb-block-38a06810     uagb-post__items uagb-post__columns-5 is-grid uagb-post__columns-tablet-2 uagb-post__columns-mobile-1 uagb-post__equal-height\" data-total=\"8\" style=\"\">\n\n\t\t\t\t\t\t\t\t\t\t\t\t<article class=\"uagb-post__inner-wrap\">\t\t\t\t\t\t\t\t<div class='uagb-post__image'>\n\t\t\t\t\t\t\t\t\t<a href=\"https:\/\/www.familinparis.fr\/en\/the-city-of-children-cite-des-sciences-in-paris\/\" target=\"_self\" rel=\"bookmark noopener noreferrer\" class='uagb-image-ratio-inherit'><img decoding=\"async\" width=\"150\" height=\"150\" src=\"https:\/\/www.familinparis.fr\/wp-content\/uploads\/2022\/08\/la-cite-des-enfants-600x300-1-150x150.png\" class=\"attachment-thumbnail size-thumbnail\" alt=\"Affiche de La Cit\u00e9 des enfant 5-10 ans -2025\" srcset=\"https:\/\/www.familinparis.fr\/wp-content\/uploads\/2022\/08\/la-cite-des-enfants-600x300-1-150x150.png 150w, https:\/\/www.familinparis.fr\/wp-content\/uploads\/2022\/08\/la-cite-des-enfants-600x300-1-300x300.png 300w\" sizes=\"(max-width: 150px) 100vw, 150px\" \/>\t\t\t\t\t<\/a>\n\t\t\t\t\t\t\t<\/div>\n\t\t\t\t\t\t<h4 class=\"uagb-post__title uagb-post__text\">\n\t\t\t\t<a href=\"https:\/\/www.familinparis.fr\/en\/the-city-of-children-cite-des-sciences-in-paris\/\" target=\"_self\" rel=\"bookmark noopener noreferrer\">The City of Children: Cit\u00e9 des Sciences in Paris<\/a>\n\t\t\t<\/h4>\n\t\t\t\t\t\t<div class='uagb-post__text uagb-post-grid-byline'>\n\t\t\t\t\t\t\t<\/div>\n\t\t\t\n\t\t\t\t\t\t\t\t\t<\/article>\n\t\t\t\t\t\t\t\t\t\t\t\t\t\t\t\t<article class=\"uagb-post__inner-wrap\">\t\t\t\t\t\t\t\t<div class='uagb-post__image'>\n\t\t\t\t\t\t\t\t\t<a href=\"https:\/\/www.familinparis.fr\/en\/magic-workshop-for-6-8-year-olds\/\" target=\"_self\" rel=\"bookmark noopener noreferrer\" class='uagb-image-ratio-inherit'><img decoding=\"async\" width=\"150\" height=\"150\" src=\"https:\/\/www.familinparis.fr\/wp-content\/uploads\/photos-partenaires\/musee-de-la-magie-paris-150x150.jpg\" class=\"attachment-thumbnail size-thumbnail\" alt=\"\" srcset=\"https:\/\/www.familinparis.fr\/wp-content\/uploads\/photos-partenaires\/musee-de-la-magie-paris-150x150.jpg 150w, https:\/\/www.familinparis.fr\/wp-content\/uploads\/photos-partenaires\/musee-de-la-magie-paris-300x300.jpg 300w, https:\/\/www.familinparis.fr\/wp-content\/uploads\/photos-partenaires\/musee-de-la-magie-paris-370x370.jpg 370w, https:\/\/www.familinparis.fr\/wp-content\/uploads\/photos-partenaires\/musee-de-la-magie-paris-50x50.jpg 50w\" sizes=\"(max-width: 150px) 100vw, 150px\" \/>\t\t\t\t\t<\/a>\n\t\t\t\t\t\t\t<\/div>\n\t\t\t\t\t\t<h4 class=\"uagb-post__title uagb-post__text\">\n\t\t\t\t<a href=\"https:\/\/www.familinparis.fr\/en\/magic-workshop-for-6-8-year-olds\/\" target=\"_self\" rel=\"bookmark noopener noreferrer\">Magic Workshop for 6-8 year olds<\/a>\n\t\t\t<\/h4>\n\t\t\t\t\t\t<div class='uagb-post__text uagb-post-grid-byline'>\n\t\t\t\t\t\t\t<\/div>\n\t\t\t\n\t\t\t\t\t\t\t\t\t<\/article>\n\t\t\t\t\t\t\t\t\t\t\t\t\t\t\t\t<article class=\"uagb-post__inner-wrap\">\t\t\t\t\t\t\t\t<div class='uagb-post__image'>\n\t\t\t\t\t\t\t\t\t<a href=\"https:\/\/www.familinparis.fr\/en\/the-castle-of-vaux-le-vicomte\/\" target=\"_self\" rel=\"bookmark noopener noreferrer\" class='uagb-image-ratio-inherit'><img decoding=\"async\" width=\"150\" height=\"150\" src=\"https:\/\/www.familinparis.fr\/wp-content\/uploads\/Chateaux\/vaux-le-vicomte\/Vaux-le-vicomte-dome-@FamilinParis-150x150.jpg\" class=\"attachment-thumbnail size-thumbnail\" alt=\"\" srcset=\"https:\/\/www.familinparis.fr\/wp-content\/uploads\/Chateaux\/vaux-le-vicomte\/Vaux-le-vicomte-dome-@FamilinParis-150x150.jpg 150w, https:\/\/www.familinparis.fr\/wp-content\/uploads\/Chateaux\/vaux-le-vicomte\/Vaux-le-vicomte-dome-@FamilinParis-300x300.jpg 300w, https:\/\/www.familinparis.fr\/wp-content\/uploads\/Chateaux\/vaux-le-vicomte\/Vaux-le-vicomte-dome-@FamilinParis-370x370.jpg 370w, https:\/\/www.familinparis.fr\/wp-content\/uploads\/Chateaux\/vaux-le-vicomte\/Vaux-le-vicomte-dome-@FamilinParis-50x50.jpg 50w\" sizes=\"(max-width: 150px) 100vw, 150px\" \/>\t\t\t\t\t<\/a>\n\t\t\t\t\t\t\t<\/div>\n\t\t\t\t\t\t<h4 class=\"uagb-post__title uagb-post__text\">\n\t\t\t\t<a href=\"https:\/\/www.familinparis.fr\/en\/the-castle-of-vaux-le-vicomte\/\" target=\"_self\" rel=\"bookmark noopener noreferrer\">The castle of Vaux-le-Vicomte<\/a>\n\t\t\t<\/h4>\n\t\t\t\t\t\t<div class='uagb-post__text uagb-post-grid-byline'>\n\t\t\t\t\t\t\t<\/div>\n\t\t\t\n\t\t\t\t\t\t\t\t\t<\/article>\n\t\t\t\t\t\t\t\t\t\t\t\t\t\t\t\t<article class=\"uagb-post__inner-wrap\">\t\t\t\t\t\t\t\t<div class='uagb-post__image'>\n\t\t\t\t\t\t\t\t\t<a href=\"https:\/\/www.familinparis.fr\/en\/ballet-of-lights-cendrillon-we-call-it-ballet-paris\/\" target=\"_self\" rel=\"bookmark noopener noreferrer\" class='uagb-image-ratio-inherit'><img decoding=\"async\" width=\"150\" height=\"150\" src=\"https:\/\/www.familinparis.fr\/wp-content\/uploads\/2026\/04\/ballet-of-lights-cendrillon-150x150.jpg\" class=\"attachment-thumbnail size-thumbnail\" alt=\"Cendrillon, ballet of Light\" srcset=\"https:\/\/www.familinparis.fr\/wp-content\/uploads\/2026\/04\/ballet-of-lights-cendrillon-150x150.jpg 150w, https:\/\/www.familinparis.fr\/wp-content\/uploads\/2026\/04\/ballet-of-lights-cendrillon-300x300.jpg 300w, https:\/\/www.familinparis.fr\/wp-content\/uploads\/2026\/04\/ballet-of-lights-cendrillon-370x370.jpg 370w, https:\/\/www.familinparis.fr\/wp-content\/uploads\/2026\/04\/ballet-of-lights-cendrillon.jpg 720w\" sizes=\"(max-width: 150px) 100vw, 150px\" \/>\t\t\t\t\t<\/a>\n\t\t\t\t\t\t\t<\/div>\n\t\t\t\t\t\t<h4 class=\"uagb-post__title uagb-post__text\">\n\t\t\t\t<a href=\"https:\/\/www.familinparis.fr\/en\/ballet-of-lights-cendrillon-we-call-it-ballet-paris\/\" target=\"_self\" rel=\"bookmark noopener noreferrer\">Cinderella &#8211; Ballet of Lights<\/a>\n\t\t\t<\/h4>\n\t\t\t\t\t\t<div class='uagb-post__text uagb-post-grid-byline'>\n\t\t\t\t\t\t\t<\/div>\n\t\t\t\n\t\t\t\t\t\t\t\t\t<\/article>\n\t\t\t\t\t\t\t\t\t\t\t\t\t\t\t\t<article class=\"uagb-post__inner-wrap\">\t\t\t\t\t\t\t\t<div class='uagb-post__image'>\n\t\t\t\t\t\t\t\t\t<a href=\"https:\/\/www.familinparis.fr\/en\/exposition-calder-fondation-louis-vuitton-billet\/\" target=\"_self\" rel=\"bookmark noopener noreferrer\" class='uagb-image-ratio-inherit'><img decoding=\"async\" width=\"150\" height=\"150\" src=\"https:\/\/www.familinparis.fr\/wp-content\/uploads\/2026\/04\/exposition-calder-fondation-louis-vuitton-150x150.jpg\" class=\"attachment-thumbnail size-thumbnail\" alt=\"affiche de l&#039;exposition &quot;Calder. R\u00eaver en \u00e9quilibre&quot;, \u00e0 la Fondation Louis Vuitton- Jusqu&#039;au 16 ao\u00fbt 2026\" srcset=\"https:\/\/www.familinparis.fr\/wp-content\/uploads\/2026\/04\/exposition-calder-fondation-louis-vuitton-150x150.jpg 150w, https:\/\/www.familinparis.fr\/wp-content\/uploads\/2026\/04\/exposition-calder-fondation-louis-vuitton-300x300.jpg 300w, https:\/\/www.familinparis.fr\/wp-content\/uploads\/2026\/04\/exposition-calder-fondation-louis-vuitton-370x370.jpg 370w\" sizes=\"(max-width: 150px) 100vw, 150px\" \/>\t\t\t\t\t<\/a>\n\t\t\t\t\t\t\t<\/div>\n\t\t\t\t\t\t<h4 class=\"uagb-post__title uagb-post__text\">\n\t\t\t\t<a href=\"https:\/\/www.familinparis.fr\/en\/exposition-calder-fondation-louis-vuitton-billet\/\" target=\"_self\" rel=\"bookmark noopener noreferrer\">Calder. Dreaming in balance<\/a>\n\t\t\t<\/h4>\n\t\t\t\t\t\t<div class='uagb-post__text uagb-post-grid-byline'>\n\t\t\t\t\t\t\t<\/div>\n\t\t\t\n\t\t\t\t\t\t\t\t\t<\/article>\n\t\t\t\t\t\t\t\t\t\t\t\t\t\t\t\t<article class=\"uagb-post__inner-wrap\">\t\t\t\t\t\t\t\t<div class='uagb-post__image'>\n\t\t\t\t\t\t\t\t\t<a href=\"https:\/\/www.familinparis.fr\/en\/the-world-with-the-family-easter-holiday-programme-2024\/\" target=\"_self\" rel=\"bookmark noopener noreferrer\" class='uagb-image-ratio-inherit'><img decoding=\"async\" width=\"150\" height=\"150\" src=\"https:\/\/www.familinparis.fr\/wp-content\/uploads\/Mus\u00e9es\/Quai-Branly\/LE-MONDE-EN-FAMILLE-2025-150x150.jpg\" class=\"attachment-thumbnail size-thumbnail\" alt=\"Le monde en famille, au mus\u00e9e du Quai Branly - Jacques Chirac\" srcset=\"https:\/\/www.familinparis.fr\/wp-content\/uploads\/Mus\u00e9es\/Quai-Branly\/LE-MONDE-EN-FAMILLE-2025-150x150.jpg 150w, https:\/\/www.familinparis.fr\/wp-content\/uploads\/Mus\u00e9es\/Quai-Branly\/LE-MONDE-EN-FAMILLE-2025-600x600.jpg 600w, https:\/\/www.familinparis.fr\/wp-content\/uploads\/Mus\u00e9es\/Quai-Branly\/LE-MONDE-EN-FAMILLE-2025-300x300.jpg 300w, https:\/\/www.familinparis.fr\/wp-content\/uploads\/Mus\u00e9es\/Quai-Branly\/LE-MONDE-EN-FAMILLE-2025-370x370.jpg 370w\" sizes=\"(max-width: 150px) 100vw, 150px\" \/>\t\t\t\t\t<\/a>\n\t\t\t\t\t\t\t<\/div>\n\t\t\t\t\t\t<h4 class=\"uagb-post__title uagb-post__text\">\n\t\t\t\t<a href=\"https:\/\/www.familinparis.fr\/en\/the-world-with-the-family-easter-holiday-programme-2024\/\" target=\"_self\" rel=\"bookmark noopener noreferrer\">The world with the family (Easter holiday programme 2024)<\/a>\n\t\t\t<\/h4>\n\t\t\t\t\t\t<div class='uagb-post__text uagb-post-grid-byline'>\n\t\t\t\t\t\t\t<\/div>\n\t\t\t\n\t\t\t\t\t\t\t\t\t<\/article>\n\t\t\t\t\t\t\t\t\t\t\t\t\t\t\t\t<article class=\"uagb-post__inner-wrap\">\t\t\t\t\t\t\t\t<div class='uagb-post__image'>\n\t\t\t\t\t\t\t\t\t<a href=\"https:\/\/www.familinparis.fr\/en\/tree-climbing-around-paris\/\" target=\"_self\" rel=\"bookmark noopener noreferrer\" class='uagb-image-ratio-inherit'><img decoding=\"async\" width=\"150\" height=\"150\" src=\"https:\/\/www.familinparis.fr\/wp-content\/uploads\/LOISIRS\/accrobranche\/accrobranche-a-paris-et-environ-de-paris-150x150.jpg\" class=\"attachment-thumbnail size-thumbnail\" alt=\"\" srcset=\"https:\/\/www.familinparis.fr\/wp-content\/uploads\/LOISIRS\/accrobranche\/accrobranche-a-paris-et-environ-de-paris-150x150.jpg 150w, https:\/\/www.familinparis.fr\/wp-content\/uploads\/LOISIRS\/accrobranche\/accrobranche-a-paris-et-environ-de-paris-300x300.jpg 300w, https:\/\/www.familinparis.fr\/wp-content\/uploads\/LOISIRS\/accrobranche\/accrobranche-a-paris-et-environ-de-paris-370x370.jpg 370w, https:\/\/www.familinparis.fr\/wp-content\/uploads\/LOISIRS\/accrobranche\/accrobranche-a-paris-et-environ-de-paris-50x50.jpg 50w\" sizes=\"(max-width: 150px) 100vw, 150px\" \/>\t\t\t\t\t<\/a>\n\t\t\t\t\t\t\t<\/div>\n\t\t\t\t\t\t<h4 class=\"uagb-post__title uagb-post__text\">\n\t\t\t\t<a href=\"https:\/\/www.familinparis.fr\/en\/tree-climbing-around-paris\/\" target=\"_self\" rel=\"bookmark noopener noreferrer\">Tree climbing around Paris<\/a>\n\t\t\t<\/h4>\n\t\t\t\t\t\t<div class='uagb-post__text uagb-post-grid-byline'>\n\t\t\t\t\t\t\t<\/div>\n\t\t\t\n\t\t\t\t\t\t\t\t\t<\/article>\n\t\t\t\t\t\t\t\t\t\t\t\t\t\t\t\t<article class=\"uagb-post__inner-wrap\">\t\t\t\t\t\t\t\t<div class='uagb-post__image'>\n\t\t\t\t\t\t\t\t\t<a href=\"https:\/\/www.familinparis.fr\/en\/drone-art-show-at-the-vincennes-racecourse-paris\/\" target=\"_self\" rel=\"bookmark noopener noreferrer\" class='uagb-image-ratio-inherit'><img decoding=\"async\" width=\"150\" height=\"150\" src=\"https:\/\/www.familinparis.fr\/wp-content\/uploads\/2026\/03\/drone-3-150x150.jpg\" class=\"attachment-thumbnail size-thumbnail\" alt=\"DroneArt Show Paris, \u00e0 l&#039;Hippodrome de Vincennes\" \/>\t\t\t\t\t<\/a>\n\t\t\t\t\t\t\t<\/div>\n\t\t\t\t\t\t<h4 class=\"uagb-post__title uagb-post__text\">\n\t\t\t\t<a href=\"https:\/\/www.familinparis.fr\/en\/drone-art-show-at-the-vincennes-racecourse-paris\/\" target=\"_self\" rel=\"bookmark noopener noreferrer\">DroneArt Show Paris<\/a>\n\t\t\t<\/h4>\n\t\t\t\t\t\t<div class='uagb-post__text uagb-post-grid-byline'>\n\t\t\t\t\t\t\t<\/div>\n\t\t\t\n\t\t\t\t\t\t\t\t\t<\/article>\n\t\t\t\t\t\t\t\t\t\t\t\t\t\t\t\t<article class=\"uagb-post__inner-wrap\">\t\t\t\t\t\t\t\t<div class='uagb-post__image'>\n\t\t\t\t\t\t\t\t\t<a href=\"https:\/\/www.familinparis.fr\/en\/nature-festival-2024\/\" target=\"_self\" rel=\"bookmark noopener noreferrer\" class='uagb-image-ratio-inherit'><img decoding=\"async\" width=\"150\" height=\"150\" src=\"https:\/\/www.familinparis.fr\/wp-content\/uploads\/2025\/05\/fete-de-la-nature-2025-large-150x150.jpg\" class=\"attachment-thumbnail size-thumbnail\" alt=\"La f\u00eate de la Nature en mai 2025\" srcset=\"https:\/\/www.familinparis.fr\/wp-content\/uploads\/2025\/05\/fete-de-la-nature-2025-large-150x150.jpg 150w, https:\/\/www.familinparis.fr\/wp-content\/uploads\/2025\/05\/fete-de-la-nature-2025-large-300x300.jpg 300w, https:\/\/www.familinparis.fr\/wp-content\/uploads\/2025\/05\/fete-de-la-nature-2025-large-370x370.jpg 370w\" sizes=\"(max-width: 150px) 100vw, 150px\" \/>\t\t\t\t\t<\/a>\n\t\t\t\t\t\t\t<\/div>\n\t\t\t\t\t\t<h4 class=\"uagb-post__title uagb-post__text\">\n\t\t\t\t<a href=\"https:\/\/www.familinparis.fr\/en\/nature-festival-2024\/\" target=\"_self\" rel=\"bookmark noopener noreferrer\">Nature Festival 2024<\/a>\n\t\t\t<\/h4>\n\t\t\t\t\t\t<div class='uagb-post__text uagb-post-grid-byline'>\n\t\t\t\t\t\t\t<\/div>\n\t\t\t\n\t\t\t\t\t\t\t\t\t<\/article>\n\t\t\t\t\t\t\t\t\t\t\t\t\t\t\t\t<article class=\"uagb-post__inner-wrap\">\t\t\t\t\t\t\t\t<div class='uagb-post__image'>\n\t\t\t\t\t\t\t\t\t<a href=\"https:\/\/www.familinparis.fr\/en\/idees-pour-les-vacances-de-paques-avec-un-jeune-enfant-autour-de-paris\/\" target=\"_self\" rel=\"bookmark noopener noreferrer\" class='uagb-image-ratio-inherit'><img decoding=\"async\" width=\"150\" height=\"150\" src=\"https:\/\/www.familinparis.fr\/wp-content\/uploads\/Animaux\/Malowe-Nature\/chevres-150x150.jpg\" class=\"attachment-thumbnail size-thumbnail\" alt=\"\" srcset=\"https:\/\/www.familinparis.fr\/wp-content\/uploads\/Animaux\/Malowe-Nature\/chevres-150x150.jpg 150w, https:\/\/www.familinparis.fr\/wp-content\/uploads\/Animaux\/Malowe-Nature\/chevres-300x300.jpg 300w, https:\/\/www.familinparis.fr\/wp-content\/uploads\/Animaux\/Malowe-Nature\/chevres-370x370.jpg 370w\" sizes=\"(max-width: 150px) 100vw, 150px\" \/>\t\t\t\t\t<\/a>\n\t\t\t\t\t\t\t<\/div>\n\t\t\t\t\t\t<h4 class=\"uagb-post__title uagb-post__text\">\n\t\t\t\t<a href=\"https:\/\/www.familinparis.fr\/en\/idees-pour-les-vacances-de-paques-avec-un-jeune-enfant-autour-de-paris\/\" target=\"_self\" rel=\"bookmark noopener noreferrer\">What to do during the Spring holidays around Paris, with 0-6 year olds?<\/a>\n\t\t\t<\/h4>\n\t\t\t\t\t\t<div class='uagb-post__text uagb-post-grid-byline'>\n\t\t\t\t\t\t\t<\/div>\n\t\t\t\n\t\t\t\t\t\t\t\t\t<\/article>\n\t\t\t\t\t\t\t\t\t\t\t\t\t\t\t\t<article class=\"uagb-post__inner-wrap\">\t\t\t\t\t\t\t\t<div class='uagb-post__image'>\n\t\t\t\t\t\t\t\t\t<a href=\"https:\/\/www.familinparis.fr\/en\/idees-pour-les-vacances-de-paques-avec-un-jeune-enfant-a-paris\/\" target=\"_self\" rel=\"bookmark noopener noreferrer\" class='uagb-image-ratio-inherit'><img decoding=\"async\" width=\"150\" height=\"150\" src=\"https:\/\/www.familinparis.fr\/wp-content\/uploads\/2024\/02\/chasse-aux-oeufs-de-paques-autour-de-paris-pixabay-150x150.jpg\" class=\"attachment-thumbnail size-thumbnail\" alt=\"\" srcset=\"https:\/\/www.familinparis.fr\/wp-content\/uploads\/2024\/02\/chasse-aux-oeufs-de-paques-autour-de-paris-pixabay-150x150.jpg 150w, https:\/\/www.familinparis.fr\/wp-content\/uploads\/2024\/02\/chasse-aux-oeufs-de-paques-autour-de-paris-pixabay-300x300.jpg 300w, https:\/\/www.familinparis.fr\/wp-content\/uploads\/2024\/02\/chasse-aux-oeufs-de-paques-autour-de-paris-pixabay-370x370.jpg 370w\" sizes=\"(max-width: 150px) 100vw, 150px\" \/>\t\t\t\t\t<\/a>\n\t\t\t\t\t\t\t<\/div>\n\t\t\t\t\t\t<h4 class=\"uagb-post__title uagb-post__text\">\n\t\t\t\t<a href=\"https:\/\/www.familinparis.fr\/en\/idees-pour-les-vacances-de-paques-avec-un-jeune-enfant-a-paris\/\" target=\"_self\" rel=\"bookmark noopener noreferrer\">Easter holidays with 0-6 year olds in Paris<\/a>\n\t\t\t<\/h4>\n\t\t\t\t\t\t<div class='uagb-post__text uagb-post-grid-byline'>\n\t\t\t\t\t\t\t<\/div>\n\t\t\t\n\t\t\t\t\t\t\t\t\t<\/article>\n\t\t\t\t\t\t\t\t\t\t\t\t\t\t\t\t<article class=\"uagb-post__inner-wrap\">\t\t\t\t\t\t\t\t<div class='uagb-post__image'>\n\t\t\t\t\t\t\t\t\t<a href=\"https:\/\/www.familinparis.fr\/en\/amphibious-bus-tour-of-paris-on-the-seine\/\" target=\"_self\" rel=\"bookmark noopener noreferrer\" class='uagb-image-ratio-inherit'><img decoding=\"async\" width=\"150\" height=\"150\" src=\"https:\/\/www.familinparis.fr\/wp-content\/uploads\/2025\/06\/\u00a9Les-Carnards-de-la-Seine-1-150x150.jpg\" class=\"attachment-thumbnail size-thumbnail\" alt=\"Visite guid\u00e9e en bus amphibie 2025\" srcset=\"https:\/\/www.familinparis.fr\/wp-content\/uploads\/2025\/06\/\u00a9Les-Carnards-de-la-Seine-1-150x150.jpg 150w, https:\/\/www.familinparis.fr\/wp-content\/uploads\/2025\/06\/\u00a9Les-Carnards-de-la-Seine-1-300x300.jpg 300w, https:\/\/www.familinparis.fr\/wp-content\/uploads\/2025\/06\/\u00a9Les-Carnards-de-la-Seine-1-370x370.jpg 370w\" sizes=\"(max-width: 150px) 100vw, 150px\" \/>\t\t\t\t\t<\/a>\n\t\t\t\t\t\t\t<\/div>\n\t\t\t\t\t\t<h4 class=\"uagb-post__title uagb-post__text\">\n\t\t\t\t<a href=\"https:\/\/www.familinparis.fr\/en\/amphibious-bus-tour-of-paris-on-the-seine\/\" target=\"_self\" rel=\"bookmark noopener noreferrer\">Paris amphibious bus tour on the Seine<\/a>\n\t\t\t<\/h4>\n\t\t\t\t\t\t<div class='uagb-post__text uagb-post-grid-byline'>\n\t\t\t\t\t\t\t<\/div>\n\t\t\t\n\t\t\t\t\t\t\t\t\t<\/article>\n\t\t\t\t\t\t\t\t\t\t\t\t\t\t\t\t<article class=\"uagb-post__inner-wrap\">\t\t\t\t\t\t\t\t<div class='uagb-post__image'>\n\t\t\t\t\t\t\t\t\t<a href=\"https:\/\/www.familinparis.fr\/en\/gathering-farms-around-paris\/\" target=\"_self\" rel=\"bookmark noopener noreferrer\" class='uagb-image-ratio-inherit'><img decoding=\"async\" width=\"150\" height=\"150\" src=\"https:\/\/www.familinparis.fr\/wp-content\/uploads\/LOISIRS\/fermes\/ferme-cueillette-paris-150x150.jpg\" class=\"attachment-thumbnail size-thumbnail\" alt=\"\" srcset=\"https:\/\/www.familinparis.fr\/wp-content\/uploads\/LOISIRS\/fermes\/ferme-cueillette-paris-150x150.jpg 150w, https:\/\/www.familinparis.fr\/wp-content\/uploads\/LOISIRS\/fermes\/ferme-cueillette-paris-300x300.jpg 300w, https:\/\/www.familinparis.fr\/wp-content\/uploads\/LOISIRS\/fermes\/ferme-cueillette-paris-370x370.jpg 370w, https:\/\/www.familinparis.fr\/wp-content\/uploads\/LOISIRS\/fermes\/ferme-cueillette-paris-50x50.jpg 50w\" sizes=\"(max-width: 150px) 100vw, 150px\" \/>\t\t\t\t\t<\/a>\n\t\t\t\t\t\t\t<\/div>\n\t\t\t\t\t\t<h4 class=\"uagb-post__title uagb-post__text\">\n\t\t\t\t<a href=\"https:\/\/www.familinparis.fr\/en\/gathering-farms-around-paris\/\" target=\"_self\" rel=\"bookmark noopener noreferrer\">Gathering farms around Paris<\/a>\n\t\t\t<\/h4>\n\t\t\t\t\t\t<div class='uagb-post__text uagb-post-grid-byline'>\n\t\t\t\t\t\t\t<\/div>\n\t\t\t\n\t\t\t\t\t\t\t\t\t<\/article>\n\t\t\t\t\t\t\t\t\t\t\t\t\t\t\t\t<article class=\"uagb-post__inner-wrap\">\t\t\t\t\t\t\t\t<div class='uagb-post__image'>\n\t\t\t\t\t\t\t\t\t<a href=\"https:\/\/www.familinparis.fr\/en\/atelier-pain-et-visite-ferme-de-gally-saint-cyr-78\/\" target=\"_self\" rel=\"bookmark noopener noreferrer\" class='uagb-image-ratio-inherit'><img decoding=\"async\" width=\"150\" height=\"150\" src=\"https:\/\/www.familinparis.fr\/wp-content\/uploads\/Animaux\/poules-sh_24331018-150x150.jpg\" class=\"attachment-thumbnail size-thumbnail\" alt=\"\" srcset=\"https:\/\/www.familinparis.fr\/wp-content\/uploads\/Animaux\/poules-sh_24331018-150x150.jpg 150w, https:\/\/www.familinparis.fr\/wp-content\/uploads\/Animaux\/poules-sh_24331018-300x300.jpg 300w, https:\/\/www.familinparis.fr\/wp-content\/uploads\/Animaux\/poules-sh_24331018-370x370.jpg 370w, https:\/\/www.familinparis.fr\/wp-content\/uploads\/Animaux\/poules-sh_24331018-50x50.jpg 50w\" sizes=\"(max-width: 150px) 100vw, 150px\" \/>\t\t\t\t\t<\/a>\n\t\t\t\t\t\t\t<\/div>\n\t\t\t\t\t\t<h4 class=\"uagb-post__title uagb-post__text\">\n\t\t\t\t<a href=\"https:\/\/www.familinparis.fr\/en\/atelier-pain-et-visite-ferme-de-gally-saint-cyr-78\/\" target=\"_self\" rel=\"bookmark noopener noreferrer\">Bread and animal workshop, at the Ferme de Gally Saint-Cyr (78)<\/a>\n\t\t\t<\/h4>\n\t\t\t\t\t\t<div class='uagb-post__text uagb-post-grid-byline'>\n\t\t\t\t\t\t\t<\/div>\n\t\t\t\n\t\t\t\t\t\t\t\t\t<\/article>\n\t\t\t\t\t\t\t\t\t\t\t\t\t\t\t\t<article class=\"uagb-post__inner-wrap\">\t\t\t\t\t\t\t\t<div class='uagb-post__image'>\n\t\t\t\t\t\t\t\t\t<a href=\"https:\/\/www.familinparis.fr\/en\/the-great-day-of-the-costumed-at-the-chateau-de-vaux-le-vicomte\/\" target=\"_self\" rel=\"bookmark noopener noreferrer\" class='uagb-image-ratio-inherit'><img decoding=\"async\" width=\"150\" height=\"150\" src=\"https:\/\/www.familinparis.fr\/wp-content\/uploads\/photos-familinparis-2021\/chateau\/deguisement-enfant-chateau-de-vaux-le-vicomte-150x150.jpg\" class=\"attachment-thumbnail size-thumbnail\" alt=\"\" srcset=\"https:\/\/www.familinparis.fr\/wp-content\/uploads\/photos-familinparis-2021\/chateau\/deguisement-enfant-chateau-de-vaux-le-vicomte-150x150.jpg 150w, https:\/\/www.familinparis.fr\/wp-content\/uploads\/photos-familinparis-2021\/chateau\/deguisement-enfant-chateau-de-vaux-le-vicomte-300x300.jpg 300w, https:\/\/www.familinparis.fr\/wp-content\/uploads\/photos-familinparis-2021\/chateau\/deguisement-enfant-chateau-de-vaux-le-vicomte-370x370.jpg 370w\" sizes=\"(max-width: 150px) 100vw, 150px\" \/>\t\t\t\t\t<\/a>\n\t\t\t\t\t\t\t<\/div>\n\t\t\t\t\t\t<h4 class=\"uagb-post__title uagb-post__text\">\n\t\t\t\t<a href=\"https:\/\/www.familinparis.fr\/en\/the-great-day-of-the-costumed-at-the-chateau-de-vaux-le-vicomte\/\" target=\"_self\" rel=\"bookmark noopener noreferrer\">The Great Day of the Costumed at the Ch\u00e2teau de Vaux le Vicomte<\/a>\n\t\t\t<\/h4>\n\t\t\t\t\t\t<div class='uagb-post__text uagb-post-grid-byline'>\n\t\t\t\t\t\t\t<\/div>\n\t\t\t\n\t\t\t\t\t\t\t\t\t<\/article>\n\t\t\t\t\t\t\t\t\t\t\t\t\t\t\t\t<article class=\"uagb-post__inner-wrap\">\t\t\t\t\t\t\t\t<div class='uagb-post__image'>\n\t\t\t\t\t\t\t\t\t<a href=\"https:\/\/www.familinparis.fr\/en\/keepers-of-the-tales-escape-game\/\" target=\"_self\" rel=\"bookmark noopener noreferrer\" class='uagb-image-ratio-inherit'><img decoding=\"async\" width=\"150\" height=\"150\" src=\"https:\/\/www.familinparis.fr\/wp-content\/uploads\/LOISIRS\/escape-game\/gardiens-des-contes-escape-game-150x150.jpg\" class=\"attachment-thumbnail size-thumbnail\" alt=\"\" srcset=\"https:\/\/www.familinparis.fr\/wp-content\/uploads\/LOISIRS\/escape-game\/gardiens-des-contes-escape-game-150x150.jpg 150w, https:\/\/www.familinparis.fr\/wp-content\/uploads\/LOISIRS\/escape-game\/gardiens-des-contes-escape-game-300x300.jpg 300w, https:\/\/www.familinparis.fr\/wp-content\/uploads\/LOISIRS\/escape-game\/gardiens-des-contes-escape-game-370x370.jpg 370w\" sizes=\"(max-width: 150px) 100vw, 150px\" \/>\t\t\t\t\t<\/a>\n\t\t\t\t\t\t\t<\/div>\n\t\t\t\t\t\t<h4 class=\"uagb-post__title uagb-post__text\">\n\t\t\t\t<a href=\"https:\/\/www.familinparis.fr\/en\/keepers-of-the-tales-escape-game\/\" target=\"_self\" rel=\"bookmark noopener noreferrer\">Keepers of the Tales \u2022 Escape Game<\/a>\n\t\t\t<\/h4>\n\t\t\t\t\t\t<div class='uagb-post__text uagb-post-grid-byline'>\n\t\t\t\t\t\t\t<\/div>\n\t\t\t\n\t\t\t\t\t\t\t\t\t<\/article>\n\t\t\t\t\t\t\t\t\t\t\t\t\t\t\t\t<article class=\"uagb-post__inner-wrap\">\t\t\t\t\t\t\t\t<div class='uagb-post__image'>\n\t\t\t\t\t\t\t\t\t<a href=\"https:\/\/www.familinparis.fr\/en\/the-bois-dattilly-zoo\/\" target=\"_self\" rel=\"bookmark noopener noreferrer\" class='uagb-image-ratio-inherit'><img decoding=\"async\" width=\"150\" height=\"150\" src=\"https:\/\/www.familinparis.fr\/wp-content\/uploads\/photos-partenaires\/animaux\/zoo-du-jardin-des-plantes-tarif-75005-150x150.jpg\" class=\"attachment-thumbnail size-thumbnail\" alt=\"\" srcset=\"https:\/\/www.familinparis.fr\/wp-content\/uploads\/photos-partenaires\/animaux\/zoo-du-jardin-des-plantes-tarif-75005-150x150.jpg 150w, https:\/\/www.familinparis.fr\/wp-content\/uploads\/photos-partenaires\/animaux\/zoo-du-jardin-des-plantes-tarif-75005-300x300.jpg 300w, https:\/\/www.familinparis.fr\/wp-content\/uploads\/photos-partenaires\/animaux\/zoo-du-jardin-des-plantes-tarif-75005-370x370.jpg 370w, https:\/\/www.familinparis.fr\/wp-content\/uploads\/photos-partenaires\/animaux\/zoo-du-jardin-des-plantes-tarif-75005-50x50.jpg 50w\" sizes=\"(max-width: 150px) 100vw, 150px\" \/>\t\t\t\t\t<\/a>\n\t\t\t\t\t\t\t<\/div>\n\t\t\t\t\t\t<h4 class=\"uagb-post__title uagb-post__text\">\n\t\t\t\t<a href=\"https:\/\/www.familinparis.fr\/en\/the-bois-dattilly-zoo\/\" target=\"_self\" rel=\"bookmark noopener noreferrer\">The Bois d&#8217;Attilly Zoo<\/a>\n\t\t\t<\/h4>\n\t\t\t\t\t\t<div class='uagb-post__text uagb-post-grid-byline'>\n\t\t\t\t\t\t\t<\/div>\n\t\t\t\n\t\t\t\t\t\t\t\t\t<\/article>\n\t\t\t\t\t\t\t\t\t\t\t\t\t\t\t\t<article class=\"uagb-post__inner-wrap\">\t\t\t\t\t\t\t\t<div class='uagb-post__image'>\n\t\t\t\t\t\t\t\t\t<a href=\"https:\/\/www.familinparis.fr\/en\/ideas-for-this-wednesday-in-paris\/\" target=\"_self\" rel=\"bookmark noopener noreferrer\" class='uagb-image-ratio-inherit'><img decoding=\"async\" width=\"150\" height=\"150\" src=\"https:\/\/www.familinparis.fr\/wp-content\/uploads\/photos-libres-de-droits\/carousel-mange-enfant-paris-PLD-150x150.jpg\" class=\"attachment-thumbnail size-thumbnail\" alt=\"\" srcset=\"https:\/\/www.familinparis.fr\/wp-content\/uploads\/photos-libres-de-droits\/carousel-mange-enfant-paris-PLD-150x150.jpg 150w, https:\/\/www.familinparis.fr\/wp-content\/uploads\/photos-libres-de-droits\/carousel-mange-enfant-paris-PLD-300x300.jpg 300w, https:\/\/www.familinparis.fr\/wp-content\/uploads\/photos-libres-de-droits\/carousel-mange-enfant-paris-PLD-370x370.jpg 370w, https:\/\/www.familinparis.fr\/wp-content\/uploads\/photos-libres-de-droits\/carousel-mange-enfant-paris-PLD-50x50.jpg 50w\" sizes=\"(max-width: 150px) 100vw, 150px\" \/>\t\t\t\t\t<\/a>\n\t\t\t\t\t\t\t<\/div>\n\t\t\t\t\t\t<h4 class=\"uagb-post__title uagb-post__text\">\n\t\t\t\t<a href=\"https:\/\/www.familinparis.fr\/en\/ideas-for-this-wednesday-in-paris\/\" target=\"_self\" rel=\"bookmark noopener noreferrer\">Ideas for this Wednesday in Paris<\/a>\n\t\t\t<\/h4>\n\t\t\t\t\t\t<div class='uagb-post__text uagb-post-grid-byline'>\n\t\t\t\t\t\t\t<\/div>\n\t\t\t\n\t\t\t\t\t\t\t\t\t<\/article>\n\t\t\t\t\t\t\t\t\t\t\t\t\t\t\t\t<article class=\"uagb-post__inner-wrap\">\t\t\t\t\t\t\t\t<div class='uagb-post__image'>\n\t\t\t\t\t\t\t\t\t<a href=\"https:\/\/www.familinparis.fr\/en\/we-call-it-ballet-sleeping-beauty-paris\/\" target=\"_self\" rel=\"bookmark noopener noreferrer\" class='uagb-image-ratio-inherit'><img decoding=\"async\" width=\"150\" height=\"150\" src=\"https:\/\/www.familinparis.fr\/wp-content\/uploads\/2026\/01\/ballet-of-light-la-belle-au-bois-dormant-150x150.jpg\" class=\"attachment-thumbnail size-thumbnail\" alt=\"We Call It Ballet\" srcset=\"https:\/\/www.familinparis.fr\/wp-content\/uploads\/2026\/01\/ballet-of-light-la-belle-au-bois-dormant-150x150.jpg 150w, https:\/\/www.familinparis.fr\/wp-content\/uploads\/2026\/01\/ballet-of-light-la-belle-au-bois-dormant-300x300.jpg 300w, https:\/\/www.familinparis.fr\/wp-content\/uploads\/2026\/01\/ballet-of-light-la-belle-au-bois-dormant-370x370.jpg 370w, https:\/\/www.familinparis.fr\/wp-content\/uploads\/2026\/01\/ballet-of-light-la-belle-au-bois-dormant.jpg 720w\" sizes=\"(max-width: 150px) 100vw, 150px\" \/>\t\t\t\t\t<\/a>\n\t\t\t\t\t\t\t<\/div>\n\t\t\t\t\t\t<h4 class=\"uagb-post__title uagb-post__text\">\n\t\t\t\t<a href=\"https:\/\/www.familinparis.fr\/en\/we-call-it-ballet-sleeping-beauty-paris\/\" target=\"_self\" rel=\"bookmark noopener noreferrer\">We call it Ballet: Sleeping Beauty<\/a>\n\t\t\t<\/h4>\n\t\t\t\t\t\t<div class='uagb-post__text uagb-post-grid-byline'>\n\t\t\t\t\t\t\t<\/div>\n\t\t\t\n\t\t\t\t\t\t\t\t\t<\/article>\n\t\t\t\t\t\t\t\t\t\t\t\t\t\t\t\t<article class=\"uagb-post__inner-wrap\">\t\t\t\t\t\t\t\t<div class='uagb-post__image'>\n\t\t\t\t\t\t\t\t\t<a href=\"https:\/\/www.familinparis.fr\/en\/educational-farm-in-paris-noahs-world-for-children\/\" target=\"_self\" rel=\"bookmark noopener noreferrer\" class='uagb-image-ratio-inherit'><img decoding=\"async\" width=\"150\" height=\"150\" src=\"https:\/\/www.familinparis.fr\/wp-content\/uploads\/Animaux\/Monde-de-Noe\/Monde-de-noe--150x150.jpg\" class=\"attachment-thumbnail size-thumbnail\" alt=\"Le monde de No\u00e9\" \/>\t\t\t\t\t<\/a>\n\t\t\t\t\t\t\t<\/div>\n\t\t\t\t\t\t<h4 class=\"uagb-post__title uagb-post__text\">\n\t\t\t\t<a href=\"https:\/\/www.familinparis.fr\/en\/educational-farm-in-paris-noahs-world-for-children\/\" target=\"_self\" rel=\"bookmark noopener noreferrer\">Finding Noah, the immersive experience on the animal world<\/a>\n\t\t\t<\/h4>\n\t\t\t\t\t\t<div class='uagb-post__text uagb-post-grid-byline'>\n\t\t\t\t\t\t\t<\/div>\n\t\t\t\n\t\t\t\t\t\t\t\t\t<\/article>\n\t\t\t\t\t\t\t\t\t\t\t\t\t\t\t\t<article class=\"uagb-post__inner-wrap\">\t\t\t\t\t\t\t\t<div class='uagb-post__image'>\n\t\t\t\t\t\t\t\t\t<a href=\"https:\/\/www.familinparis.fr\/en\/idees-d-activite-pour-les-vacances-de-fevrier-avec-un-enfant\/\" target=\"_self\" rel=\"bookmark noopener noreferrer\" class='uagb-image-ratio-inherit'><img decoding=\"async\" width=\"150\" height=\"150\" src=\"https:\/\/www.familinparis.fr\/wp-content\/uploads\/Seine\/bateau-mouche\/bateau-mouche-enfant-150x150.jpg\" class=\"attachment-thumbnail size-thumbnail\" alt=\"\" srcset=\"https:\/\/www.familinparis.fr\/wp-content\/uploads\/Seine\/bateau-mouche\/bateau-mouche-enfant-150x150.jpg 150w, https:\/\/www.familinparis.fr\/wp-content\/uploads\/Seine\/bateau-mouche\/bateau-mouche-enfant-300x300.jpg 300w, https:\/\/www.familinparis.fr\/wp-content\/uploads\/Seine\/bateau-mouche\/bateau-mouche-enfant-370x370.jpg 370w\" sizes=\"(max-width: 150px) 100vw, 150px\" \/>\t\t\t\t\t<\/a>\n\t\t\t\t\t\t\t<\/div>\n\t\t\t\t\t\t<h4 class=\"uagb-post__title uagb-post__text\">\n\t\t\t\t<a href=\"https:\/\/www.familinparis.fr\/en\/idees-d-activite-pour-les-vacances-de-fevrier-avec-un-enfant\/\" target=\"_self\" rel=\"bookmark noopener noreferrer\">Les vacances de f\u00e9vrier avec les 0-6 ans \u00e0 Paris<\/a>\n\t\t\t<\/h4>\n\t\t\t\t\t\t<div class='uagb-post__text uagb-post-grid-byline'>\n\t\t\t\t\t\t\t<\/div>\n\t\t\t\n\t\t\t\t\t\t\t\t\t<\/article>\n\t\t\t\t\t\t\t\t\t\t\t\t\t\t\t\t<article class=\"uagb-post__inner-wrap\">\t\t\t\t\t\t\t\t<div class='uagb-post__image'>\n\t\t\t\t\t\t\t\t\t<a href=\"https:\/\/www.familinparis.fr\/en\/concerts-for-young-audiences-at-the-theatre-des-champs-elysees\/\" target=\"_self\" rel=\"bookmark noopener noreferrer\" class='uagb-image-ratio-inherit'><img decoding=\"async\" width=\"150\" height=\"150\" src=\"https:\/\/www.familinparis.fr\/wp-content\/uploads\/Spectacles\/concerts\/theatre-des-champs-elysees-150x150.jpg\" class=\"attachment-thumbnail size-thumbnail\" alt=\"\" srcset=\"https:\/\/www.familinparis.fr\/wp-content\/uploads\/Spectacles\/concerts\/theatre-des-champs-elysees-150x150.jpg 150w, https:\/\/www.familinparis.fr\/wp-content\/uploads\/Spectacles\/concerts\/theatre-des-champs-elysees-300x300.jpg 300w, https:\/\/www.familinparis.fr\/wp-content\/uploads\/Spectacles\/concerts\/theatre-des-champs-elysees-370x370.jpg 370w, https:\/\/www.familinparis.fr\/wp-content\/uploads\/Spectacles\/concerts\/theatre-des-champs-elysees-50x50.jpg 50w\" sizes=\"(max-width: 150px) 100vw, 150px\" \/>\t\t\t\t\t<\/a>\n\t\t\t\t\t\t\t<\/div>\n\t\t\t\t\t\t<h4 class=\"uagb-post__title uagb-post__text\">\n\t\t\t\t<a href=\"https:\/\/www.familinparis.fr\/en\/concerts-for-young-audiences-at-the-theatre-des-champs-elysees\/\" target=\"_self\" rel=\"bookmark noopener noreferrer\">Concerts for young audiences at the Th\u00e9\u00e2tre des Champs-Elys\u00e9es<\/a>\n\t\t\t<\/h4>\n\t\t\t\t\t\t<div class='uagb-post__text uagb-post-grid-byline'>\n\t\t\t\t\t\t\t<\/div>\n\t\t\t\n\t\t\t\t\t\t\t\t\t<\/article>\n\t\t\t\t\t\t\t\t\t\t\t\t\t\t\t\t<article class=\"uagb-post__inner-wrap\">\t\t\t\t\t\t\t\t<div class='uagb-post__image'>\n\t\t\t\t\t\t\t\t\t<a href=\"https:\/\/www.familinparis.fr\/en\/the-magician-of-colors\/\" target=\"_self\" rel=\"bookmark noopener noreferrer\" class='uagb-image-ratio-inherit'><img decoding=\"async\" width=\"150\" height=\"150\" src=\"https:\/\/www.familinparis.fr\/wp-content\/uploads\/MAGIE\/le-magicien-des-couleurs-spectacle-enfants-150x150.jpg\" class=\"attachment-thumbnail size-thumbnail\" alt=\"LE MAGICIEN DES COULEURS, LE SPECTACLE \u00c0 PARIS POUR LES ENFANTS\" srcset=\"https:\/\/www.familinparis.fr\/wp-content\/uploads\/MAGIE\/le-magicien-des-couleurs-spectacle-enfants-150x150.jpg 150w, https:\/\/www.familinparis.fr\/wp-content\/uploads\/MAGIE\/le-magicien-des-couleurs-spectacle-enfants-600x600.jpg 600w, https:\/\/www.familinparis.fr\/wp-content\/uploads\/MAGIE\/le-magicien-des-couleurs-spectacle-enfants-300x300.jpg 300w, https:\/\/www.familinparis.fr\/wp-content\/uploads\/MAGIE\/le-magicien-des-couleurs-spectacle-enfants-370x370.jpg 370w\" sizes=\"(max-width: 150px) 100vw, 150px\" \/>\t\t\t\t\t<\/a>\n\t\t\t\t\t\t\t<\/div>\n\t\t\t\t\t\t<h4 class=\"uagb-post__title uagb-post__text\">\n\t\t\t\t<a href=\"https:\/\/www.familinparis.fr\/en\/the-magician-of-colors\/\" target=\"_self\" rel=\"bookmark noopener noreferrer\">The Magician of Colors<\/a>\n\t\t\t<\/h4>\n\t\t\t\t\t\t<div class='uagb-post__text uagb-post-grid-byline'>\n\t\t\t\t\t\t\t<\/div>\n\t\t\t\n\t\t\t\t\t\t\t\t\t<\/article>\n\t\t\t\t\t\t\t\t\t\t\t\t\t\t\t\t<article class=\"uagb-post__inner-wrap\">\t\t\t\t\t\t\t\t<div class='uagb-post__image'>\n\t\t\t\t\t\t\t\t\t<a href=\"https:\/\/www.familinparis.fr\/en\/spitz\/\" target=\"_self\" rel=\"bookmark noopener noreferrer\" class='uagb-image-ratio-inherit'><img decoding=\"async\" width=\"150\" height=\"150\" src=\"https:\/\/www.familinparis.fr\/wp-content\/uploads\/THEATRE\/Petits\/loulou-theatre-lepic-1-150x150.jpg\" class=\"attachment-thumbnail size-thumbnail\" alt=\"\" srcset=\"https:\/\/www.familinparis.fr\/wp-content\/uploads\/THEATRE\/Petits\/loulou-theatre-lepic-1-150x150.jpg 150w, https:\/\/www.familinparis.fr\/wp-content\/uploads\/THEATRE\/Petits\/loulou-theatre-lepic-1-400x400.jpg 400w, https:\/\/www.familinparis.fr\/wp-content\/uploads\/THEATRE\/Petits\/loulou-theatre-lepic-1-300x300.jpg 300w, https:\/\/www.familinparis.fr\/wp-content\/uploads\/THEATRE\/Petits\/loulou-theatre-lepic-1-370x370.jpg 370w, https:\/\/www.familinparis.fr\/wp-content\/uploads\/THEATRE\/Petits\/loulou-theatre-lepic-1-50x50.jpg 50w\" sizes=\"(max-width: 150px) 100vw, 150px\" \/>\t\t\t\t\t<\/a>\n\t\t\t\t\t\t\t<\/div>\n\t\t\t\t\t\t<h4 class=\"uagb-post__title uagb-post__text\">\n\t\t\t\t<a href=\"https:\/\/www.familinparis.fr\/en\/spitz\/\" target=\"_self\" rel=\"bookmark noopener noreferrer\">Spitz<\/a>\n\t\t\t<\/h4>\n\t\t\t\t\t\t<div class='uagb-post__text uagb-post-grid-byline'>\n\t\t\t\t\t\t\t<\/div>\n\t\t\t\n\t\t\t\t\t\t\t\t\t<\/article>\n\t\t\t\t\t\t\t\t\t\t\t<\/div>\n\t\t\t\n<div style=\"height:70px\" aria-hidden=\"true\" class=\"wp-block-spacer\"><\/div>\n\n<div class=\"wp-block-buttons is-horizontal is-content-justification-center is-layout-flex wp-container-core-buttons-is-layout-499968f5 wp-block-buttons-is-layout-flex\">\n<div class=\"wp-block-button\"><a class=\"wp-block-button__link has-white-color has-text-color has-background wp-element-button\" href=\"https:\/\/www.familinparis.fr\/en\/shows-for-children-and-teenagers-in-paris\/\" style=\"border-radius:1px;background-color:#00809b\">THE BEST SHOWS OF 2024<\/a><\/div>\n\n\n\n<div class=\"wp-block-button\"><a class=\"wp-block-button__link has-white-color has-text-color has-background wp-element-button\" href=\"https:\/\/www.familinparis.fr\/en\/must-see-family-exhibitions-in-paris\/\" style=\"border-radius:1px;background-color:#00809b\">THE BEST EXHIBITIONS 2024<\/a><\/div>\n<\/div>\n\n<div style=\"height:39px\" aria-hidden=\"true\" class=\"wp-block-spacer\"><\/div>\n\n<div class=\"wp-block-buttons is-content-justification-center is-layout-flex wp-container-core-buttons-is-layout-16018d1d wp-block-buttons-is-layout-flex\">\n<div class=\"wp-block-button\"><a class=\"wp-block-button__link has-white-color has-text-color has-background has-link-color wp-element-button\" href=\"https:\/\/www.familinparis.fr\/en\/the-best-playgrounds-in-paris\/\" style=\"background-color:#db384b\">The best playgrounds  <\/a><\/div>\n\n\n\n<div class=\"wp-block-button\"><a class=\"wp-block-button__link has-white-color has-text-color has-background has-link-color wp-element-button\" href=\"https:\/\/www.familinparis.fr\/en\/educational-farms-around-paris\/\" style=\"background-color:#db384b\">Educational farms<\/a><\/div>\n\n\n\n<div class=\"wp-block-button\"><a class=\"wp-block-button__link has-white-color has-text-color has-background has-link-color has-text-align-center wp-element-button\" href=\"https:\/\/www.familinparis.fr\/en\/where-to-see-animals-in-paris-and-ile-de-france\/\" style=\"background-color:#db384b\">Zoological parks<\/a><\/div>\n<\/div>\n\n<div style=\"height:70px\" aria-hidden=\"true\" class=\"wp-block-spacer\"><\/div>\n","protected":false},"excerpt":{"rendered":"<p>The new and original space for babies \u2014 Free on reservation<\/p>\n","protected":false},"author":6,"featured_media":139942,"comment_status":"open","ping_status":"open","sticky":false,"template":"","format":"standard","meta":{"_uag_custom_page_level_css":"","footnotes":""},"categories":[1246,1333],"tags":[1272,1404,1547,1257,1295,1369,1241,1302],"class_list":{"0":"post-135406","1":"post","2":"type-post","3":"status-publish","4":"format-standard","5":"has-post-thumbnail","7":"category-leisure-en","8":"category-workshops","9":"tag-for-babies","10":"tag-less-than-10-euros","11":"tag-paris","12":"tag-rain","13":"tag-sunday","14":"tag-the-villette-district-and-canal-saint-martin","15":"tag-wednesday","16":"tag-weekend"},"yoast_head":"<!-- This site is optimized with the Yoast SEO plugin v27.2 - https:\/\/yoast.com\/product\/yoast-seo-wordpress\/ -->\n<title>The Cit\u00e9 des B\u00e9b\u00e9 Lab, the original space for babies<\/title>\n<meta name=\"description\" content=\"Activities for 0-2 year olds. Until August 30, 2024, Every day from 10 a.m. to 12:30 p.m. except Monday. Free without reservation. At the Cit\u00e9 des Sciences.\" \/>\n<meta name=\"robots\" content=\"index, follow, max-snippet:-1, max-image-preview:large, max-video-preview:-1\" \/>\n<link rel=\"canonical\" href=\"https:\/\/www.familinparis.fr\/en\/the-cite-des-bebe-lab\/\" \/>\n<meta property=\"og:locale\" content=\"en_US\" \/>\n<meta property=\"og:type\" content=\"article\" \/>\n<meta property=\"og:title\" content=\"The Cit\u00e9 des B\u00e9b\u00e9 Lab, the original space for babies\" \/>\n<meta property=\"og:description\" content=\"Activities for 0-2 year olds. Until August 30, 2024, Every day from 10 a.m. to 12:30 p.m. except Monday. Free without reservation. At the Cit\u00e9 des Sciences.\" \/>\n<meta property=\"og:url\" content=\"https:\/\/www.familinparis.fr\/en\/the-cite-des-bebe-lab\/\" \/>\n<meta property=\"og:site_name\" content=\"Familin&#039;Paris\" \/>\n<meta property=\"article:published_time\" content=\"2025-02-17T11:18:00+00:00\" \/>\n<meta property=\"article:modified_time\" content=\"2026-02-12T12:37:33+00:00\" \/>\n<meta property=\"og:image\" content=\"https:\/\/www.familinparis.fr\/wp-content\/uploads\/2022\/02\/la-cite-des-bebes.png\" \/>\n\t<meta property=\"og:image:width\" content=\"442\" \/>\n\t<meta property=\"og:image:height\" content=\"659\" \/>\n\t<meta property=\"og:image:type\" content=\"image\/png\" \/>\n<meta name=\"author\" content=\"Agn\u00e8s\" \/>\n<meta name=\"twitter:card\" content=\"summary_large_image\" \/>\n<meta name=\"twitter:label1\" content=\"Written by\" \/>\n\t<meta name=\"twitter:data1\" content=\"Agn\u00e8s\" \/>\n\t<meta name=\"twitter:label2\" content=\"Est. reading time\" \/>\n\t<meta name=\"twitter:data2\" content=\"2 minutes\" \/>\n<script type=\"application\/ld+json\" class=\"yoast-schema-graph\">{\"@context\":\"https:\/\/schema.org\",\"@graph\":[{\"@type\":\"Article\",\"@id\":\"https:\/\/www.familinparis.fr\/en\/the-cite-des-bebe-lab\/#article\",\"isPartOf\":{\"@id\":\"https:\/\/www.familinparis.fr\/en\/the-cite-des-bebe-lab\/\"},\"author\":{\"name\":\"Agn\u00e8s\",\"@id\":\"https:\/\/www.familinparis.fr\/en\/#\/schema\/person\/20deb9130cb58f76b535d316fe0aa31f\"},\"headline\":\"The Cit\u00e9 des B\u00e9b\u00e9 Lab\",\"datePublished\":\"2025-02-17T11:18:00+00:00\",\"dateModified\":\"2026-02-12T12:37:33+00:00\",\"mainEntityOfPage\":{\"@id\":\"https:\/\/www.familinparis.fr\/en\/the-cite-des-bebe-lab\/\"},\"wordCount\":459,\"commentCount\":0,\"image\":{\"@id\":\"https:\/\/www.familinparis.fr\/en\/the-cite-des-bebe-lab\/#primaryimage\"},\"thumbnailUrl\":\"https:\/\/www.familinparis.fr\/wp-content\/uploads\/2022\/02\/la-cite-des-bebes.png\",\"keywords\":[\"For babies\",\"Less than 10 euros\",\"Paris\",\"rain\",\"Sunday\",\"The Villette district (and Canal-Saint-Martin)\",\"Wednesday\",\"weekend\"],\"articleSection\":[\"Leisure\",\"Workshops\"],\"inLanguage\":\"en-US\",\"potentialAction\":[{\"@type\":\"CommentAction\",\"name\":\"Comment\",\"target\":[\"https:\/\/www.familinparis.fr\/en\/the-cite-des-bebe-lab\/#respond\"]}]},{\"@type\":\"WebPage\",\"@id\":\"https:\/\/www.familinparis.fr\/en\/the-cite-des-bebe-lab\/\",\"url\":\"https:\/\/www.familinparis.fr\/en\/the-cite-des-bebe-lab\/\",\"name\":\"The Cit\u00e9 des B\u00e9b\u00e9 Lab, the original space for babies\",\"isPartOf\":{\"@id\":\"https:\/\/www.familinparis.fr\/en\/#website\"},\"primaryImageOfPage\":{\"@id\":\"https:\/\/www.familinparis.fr\/en\/the-cite-des-bebe-lab\/#primaryimage\"},\"image\":{\"@id\":\"https:\/\/www.familinparis.fr\/en\/the-cite-des-bebe-lab\/#primaryimage\"},\"thumbnailUrl\":\"https:\/\/www.familinparis.fr\/wp-content\/uploads\/2022\/02\/la-cite-des-bebes.png\",\"datePublished\":\"2025-02-17T11:18:00+00:00\",\"dateModified\":\"2026-02-12T12:37:33+00:00\",\"author\":{\"@id\":\"https:\/\/www.familinparis.fr\/en\/#\/schema\/person\/20deb9130cb58f76b535d316fe0aa31f\"},\"description\":\"Activities for 0-2 year olds. Until August 30, 2024, Every day from 10 a.m. to 12:30 p.m. except Monday. Free without reservation. At the Cit\u00e9 des Sciences.\",\"breadcrumb\":{\"@id\":\"https:\/\/www.familinparis.fr\/en\/the-cite-des-bebe-lab\/#breadcrumb\"},\"inLanguage\":\"en-US\",\"potentialAction\":[{\"@type\":\"ReadAction\",\"target\":[\"https:\/\/www.familinparis.fr\/en\/the-cite-des-bebe-lab\/\"]}]},{\"@type\":\"ImageObject\",\"inLanguage\":\"en-US\",\"@id\":\"https:\/\/www.familinparis.fr\/en\/the-cite-des-bebe-lab\/#primaryimage\",\"url\":\"https:\/\/www.familinparis.fr\/wp-content\/uploads\/2022\/02\/la-cite-des-bebes.png\",\"contentUrl\":\"https:\/\/www.familinparis.fr\/wp-content\/uploads\/2022\/02\/la-cite-des-bebes.png\",\"width\":442,\"height\":659,\"caption\":\"La cit\u00e9 des b\u00e9b\u00e9s\"},{\"@type\":\"BreadcrumbList\",\"@id\":\"https:\/\/www.familinparis.fr\/en\/the-cite-des-bebe-lab\/#breadcrumb\",\"itemListElement\":[{\"@type\":\"ListItem\",\"position\":1,\"name\":\"Home\",\"item\":\"https:\/\/www.familinparis.fr\/en\/\"},{\"@type\":\"ListItem\",\"position\":2,\"name\":\"Leisure\",\"item\":\"https:\/\/www.familinparis.fr\/en\/categorie\/leisure-en\/\"},{\"@type\":\"ListItem\",\"position\":3,\"name\":\"The Cit\u00e9 des B\u00e9b\u00e9 Lab\"}]},{\"@type\":\"WebSite\",\"@id\":\"https:\/\/www.familinparis.fr\/en\/#website\",\"url\":\"https:\/\/www.familinparis.fr\/en\/\",\"name\":\"Familin&#039;Paris\",\"description\":\"Visiter le meilleur de Paris avec des enfants : sorties, spectacles, adresses de restaurants, shopping, bons plans...\",\"potentialAction\":[{\"@type\":\"SearchAction\",\"target\":{\"@type\":\"EntryPoint\",\"urlTemplate\":\"https:\/\/www.familinparis.fr\/en\/?s={search_term_string}\"},\"query-input\":{\"@type\":\"PropertyValueSpecification\",\"valueRequired\":true,\"valueName\":\"search_term_string\"}}],\"inLanguage\":\"en-US\"},{\"@type\":\"Person\",\"@id\":\"https:\/\/www.familinparis.fr\/en\/#\/schema\/person\/20deb9130cb58f76b535d316fe0aa31f\",\"name\":\"Agn\u00e8s\",\"image\":{\"@type\":\"ImageObject\",\"inLanguage\":\"en-US\",\"@id\":\"https:\/\/secure.gravatar.com\/avatar\/0ff338e2776ca662585d438b3bc140cbe7b54659207d3329065be97ffb37fa5a?s=96&d=identicon&r=g\",\"url\":\"https:\/\/secure.gravatar.com\/avatar\/0ff338e2776ca662585d438b3bc140cbe7b54659207d3329065be97ffb37fa5a?s=96&d=identicon&r=g\",\"contentUrl\":\"https:\/\/secure.gravatar.com\/avatar\/0ff338e2776ca662585d438b3bc140cbe7b54659207d3329065be97ffb37fa5a?s=96&d=identicon&r=g\",\"caption\":\"Agn\u00e8s\"}}]}<\/script>\n<!-- \/ Yoast SEO plugin. -->","yoast_head_json":{"title":"The Cit\u00e9 des B\u00e9b\u00e9 Lab, the original space for babies","description":"Activities for 0-2 year olds. Until August 30, 2024, Every day from 10 a.m. to 12:30 p.m. except Monday. Free without reservation. At the Cit\u00e9 des Sciences.","robots":{"index":"index","follow":"follow","max-snippet":"max-snippet:-1","max-image-preview":"max-image-preview:large","max-video-preview":"max-video-preview:-1"},"canonical":"https:\/\/www.familinparis.fr\/en\/the-cite-des-bebe-lab\/","og_locale":"en_US","og_type":"article","og_title":"The Cit\u00e9 des B\u00e9b\u00e9 Lab, the original space for babies","og_description":"Activities for 0-2 year olds. Until August 30, 2024, Every day from 10 a.m. to 12:30 p.m. except Monday. Free without reservation. At the Cit\u00e9 des Sciences.","og_url":"https:\/\/www.familinparis.fr\/en\/the-cite-des-bebe-lab\/","og_site_name":"Familin&#039;Paris","article_published_time":"2025-02-17T11:18:00+00:00","article_modified_time":"2026-02-12T12:37:33+00:00","og_image":[{"width":442,"height":659,"url":"https:\/\/www.familinparis.fr\/wp-content\/uploads\/2022\/02\/la-cite-des-bebes.png","type":"image\/png"}],"author":"Agn\u00e8s","twitter_card":"summary_large_image","twitter_misc":{"Written by":"Agn\u00e8s","Est. reading time":"2 minutes"},"schema":{"@context":"https:\/\/schema.org","@graph":[{"@type":"Article","@id":"https:\/\/www.familinparis.fr\/en\/the-cite-des-bebe-lab\/#article","isPartOf":{"@id":"https:\/\/www.familinparis.fr\/en\/the-cite-des-bebe-lab\/"},"author":{"name":"Agn\u00e8s","@id":"https:\/\/www.familinparis.fr\/en\/#\/schema\/person\/20deb9130cb58f76b535d316fe0aa31f"},"headline":"The Cit\u00e9 des B\u00e9b\u00e9 Lab","datePublished":"2025-02-17T11:18:00+00:00","dateModified":"2026-02-12T12:37:33+00:00","mainEntityOfPage":{"@id":"https:\/\/www.familinparis.fr\/en\/the-cite-des-bebe-lab\/"},"wordCount":459,"commentCount":0,"image":{"@id":"https:\/\/www.familinparis.fr\/en\/the-cite-des-bebe-lab\/#primaryimage"},"thumbnailUrl":"https:\/\/www.familinparis.fr\/wp-content\/uploads\/2022\/02\/la-cite-des-bebes.png","keywords":["For babies","Less than 10 euros","Paris","rain","Sunday","The Villette district (and Canal-Saint-Martin)","Wednesday","weekend"],"articleSection":["Leisure","Workshops"],"inLanguage":"en-US","potentialAction":[{"@type":"CommentAction","name":"Comment","target":["https:\/\/www.familinparis.fr\/en\/the-cite-des-bebe-lab\/#respond"]}]},{"@type":"WebPage","@id":"https:\/\/www.familinparis.fr\/en\/the-cite-des-bebe-lab\/","url":"https:\/\/www.familinparis.fr\/en\/the-cite-des-bebe-lab\/","name":"The Cit\u00e9 des B\u00e9b\u00e9 Lab, the original space for babies","isPartOf":{"@id":"https:\/\/www.familinparis.fr\/en\/#website"},"primaryImageOfPage":{"@id":"https:\/\/www.familinparis.fr\/en\/the-cite-des-bebe-lab\/#primaryimage"},"image":{"@id":"https:\/\/www.familinparis.fr\/en\/the-cite-des-bebe-lab\/#primaryimage"},"thumbnailUrl":"https:\/\/www.familinparis.fr\/wp-content\/uploads\/2022\/02\/la-cite-des-bebes.png","datePublished":"2025-02-17T11:18:00+00:00","dateModified":"2026-02-12T12:37:33+00:00","author":{"@id":"https:\/\/www.familinparis.fr\/en\/#\/schema\/person\/20deb9130cb58f76b535d316fe0aa31f"},"description":"Activities for 0-2 year olds. Until August 30, 2024, Every day from 10 a.m. to 12:30 p.m. except Monday. Free without reservation. At the Cit\u00e9 des Sciences.","breadcrumb":{"@id":"https:\/\/www.familinparis.fr\/en\/the-cite-des-bebe-lab\/#breadcrumb"},"inLanguage":"en-US","potentialAction":[{"@type":"ReadAction","target":["https:\/\/www.familinparis.fr\/en\/the-cite-des-bebe-lab\/"]}]},{"@type":"ImageObject","inLanguage":"en-US","@id":"https:\/\/www.familinparis.fr\/en\/the-cite-des-bebe-lab\/#primaryimage","url":"https:\/\/www.familinparis.fr\/wp-content\/uploads\/2022\/02\/la-cite-des-bebes.png","contentUrl":"https:\/\/www.familinparis.fr\/wp-content\/uploads\/2022\/02\/la-cite-des-bebes.png","width":442,"height":659,"caption":"La cit\u00e9 des b\u00e9b\u00e9s"},{"@type":"BreadcrumbList","@id":"https:\/\/www.familinparis.fr\/en\/the-cite-des-bebe-lab\/#breadcrumb","itemListElement":[{"@type":"ListItem","position":1,"name":"Home","item":"https:\/\/www.familinparis.fr\/en\/"},{"@type":"ListItem","position":2,"name":"Leisure","item":"https:\/\/www.familinparis.fr\/en\/categorie\/leisure-en\/"},{"@type":"ListItem","position":3,"name":"The Cit\u00e9 des B\u00e9b\u00e9 Lab"}]},{"@type":"WebSite","@id":"https:\/\/www.familinparis.fr\/en\/#website","url":"https:\/\/www.familinparis.fr\/en\/","name":"Familin&#039;Paris","description":"Visiter le meilleur de Paris avec des enfants : sorties, spectacles, adresses de restaurants, shopping, bons plans...","potentialAction":[{"@type":"SearchAction","target":{"@type":"EntryPoint","urlTemplate":"https:\/\/www.familinparis.fr\/en\/?s={search_term_string}"},"query-input":{"@type":"PropertyValueSpecification","valueRequired":true,"valueName":"search_term_string"}}],"inLanguage":"en-US"},{"@type":"Person","@id":"https:\/\/www.familinparis.fr\/en\/#\/schema\/person\/20deb9130cb58f76b535d316fe0aa31f","name":"Agn\u00e8s","image":{"@type":"ImageObject","inLanguage":"en-US","@id":"https:\/\/secure.gravatar.com\/avatar\/0ff338e2776ca662585d438b3bc140cbe7b54659207d3329065be97ffb37fa5a?s=96&d=identicon&r=g","url":"https:\/\/secure.gravatar.com\/avatar\/0ff338e2776ca662585d438b3bc140cbe7b54659207d3329065be97ffb37fa5a?s=96&d=identicon&r=g","contentUrl":"https:\/\/secure.gravatar.com\/avatar\/0ff338e2776ca662585d438b3bc140cbe7b54659207d3329065be97ffb37fa5a?s=96&d=identicon&r=g","caption":"Agn\u00e8s"}}]}},"uagb_featured_image_src":{"full":["https:\/\/www.familinparis.fr\/wp-content\/uploads\/2022\/02\/la-cite-des-bebes.png",442,659,false],"thumbnail":["https:\/\/www.familinparis.fr\/wp-content\/uploads\/2022\/02\/la-cite-des-bebes-150x150.png",150,150,true],"medium":["https:\/\/www.familinparis.fr\/wp-content\/uploads\/2022\/02\/la-cite-des-bebes-201x300.png",201,300,true],"medium_large":["https:\/\/www.familinparis.fr\/wp-content\/uploads\/2022\/02\/la-cite-des-bebes.png",442,659,false],"large":["https:\/\/www.familinparis.fr\/wp-content\/uploads\/2022\/02\/la-cite-des-bebes.png",442,659,false],"1536x1536":["https:\/\/www.familinparis.fr\/wp-content\/uploads\/2022\/02\/la-cite-des-bebes.png",442,659,false],"2048x2048":["https:\/\/www.familinparis.fr\/wp-content\/uploads\/2022\/02\/la-cite-des-bebes.png",442,659,false],"home-thumb":["https:\/\/www.familinparis.fr\/wp-content\/uploads\/2022\/02\/la-cite-des-bebes.png",442,659,false],"home-slider":["https:\/\/www.familinparis.fr\/wp-content\/uploads\/2022\/02\/la-cite-des-bebes-442x600.png",442,600,true],"lightbox-slider-size":["https:\/\/www.familinparis.fr\/wp-content\/uploads\/2022\/02\/la-cite-des-bebes-442x282.png",442,282,true],"post-thumbnail":["https:\/\/www.familinparis.fr\/wp-content\/uploads\/2022\/02\/la-cite-des-bebes-270x180.png",270,180,true],"cheerup-main":["https:\/\/www.familinparis.fr\/wp-content\/uploads\/2022\/02\/la-cite-des-bebes-442x400.png",442,400,true],"cheerup-main-full":["https:\/\/www.familinparis.fr\/wp-content\/uploads\/2022\/02\/la-cite-des-bebes-442x508.png",442,508,true],"cheerup-slider-alt":["https:\/\/www.familinparis.fr\/wp-content\/uploads\/2022\/02\/la-cite-des-bebes-442x508.png",442,508,true],"cheerup-slider-trendy":["https:\/\/www.familinparis.fr\/wp-content\/uploads\/2022\/02\/la-cite-des-bebes-442x508.png",442,508,true],"cheerup-slider-stylish":["https:\/\/www.familinparis.fr\/wp-content\/uploads\/2022\/02\/la-cite-des-bebes-442x515.png",442,515,true],"cheerup-slider-grid":["https:\/\/www.familinparis.fr\/wp-content\/uploads\/2022\/02\/la-cite-des-bebes-442x600.png",442,600,true],"cheerup-slider-grid-sm":["https:\/\/www.familinparis.fr\/wp-content\/uploads\/2022\/02\/la-cite-des-bebes-300x300.png",300,300,true],"cheerup-slider-carousel":["https:\/\/www.familinparis.fr\/wp-content\/uploads\/2022\/02\/la-cite-des-bebes-370x370.png",370,370,true],"cheerup-slider-grid-b":["https:\/\/www.familinparis.fr\/wp-content\/uploads\/2022\/02\/la-cite-des-bebes-442x466.png",442,466,true],"cheerup-slider-grid-b-sm":["https:\/\/www.familinparis.fr\/wp-content\/uploads\/2022\/02\/la-cite-des-bebes-306x466.png",306,466,true],"cheerup-slider-bold-sm":["https:\/\/www.familinparis.fr\/wp-content\/uploads\/2022\/02\/la-cite-des-bebes-150x150.png",150,150,true],"cheerup-grid":["https:\/\/www.familinparis.fr\/wp-content\/uploads\/2022\/02\/la-cite-des-bebes-370x285.png",370,285,true],"cheerup-carousel":["https:\/\/www.familinparis.fr\/wp-content\/uploads\/2022\/02\/la-cite-des-bebes-270x180.png",270,180,true],"cheerup-carousel-b":["https:\/\/www.familinparis.fr\/wp-content\/uploads\/2022\/02\/la-cite-des-bebes-370x285.png",370,285,true],"cheerup-list":["https:\/\/www.familinparis.fr\/wp-content\/uploads\/2022\/02\/la-cite-des-bebes-260x200.png",260,200,true],"cheerup-list-b":["https:\/\/www.familinparis.fr\/wp-content\/uploads\/2022\/02\/la-cite-des-bebes-370x305.png",370,305,true],"cheerup-thumb":["https:\/\/www.familinparis.fr\/wp-content\/uploads\/2022\/02\/la-cite-des-bebes-87x67.png",87,67,true],"cheerup-thumb-alt":["https:\/\/www.familinparis.fr\/wp-content\/uploads\/2022\/02\/la-cite-des-bebes-150x150.png",150,150,true]},"uagb_author_info":{"display_name":"Agn\u00e8s","author_link":"https:\/\/www.familinparis.fr\/en\/author\/agnes\/"},"uagb_comment_info":0,"uagb_excerpt":"The new and original space for babies \u2014 Free on reservation","_links":{"self":[{"href":"https:\/\/www.familinparis.fr\/en\/wp-json\/wp\/v2\/posts\/135406","targetHints":{"allow":["GET"]}}],"collection":[{"href":"https:\/\/www.familinparis.fr\/en\/wp-json\/wp\/v2\/posts"}],"about":[{"href":"https:\/\/www.familinparis.fr\/en\/wp-json\/wp\/v2\/types\/post"}],"author":[{"embeddable":true,"href":"https:\/\/www.familinparis.fr\/en\/wp-json\/wp\/v2\/users\/6"}],"replies":[{"embeddable":true,"href":"https:\/\/www.familinparis.fr\/en\/wp-json\/wp\/v2\/comments?post=135406"}],"version-history":[{"count":0,"href":"https:\/\/www.familinparis.fr\/en\/wp-json\/wp\/v2\/posts\/135406\/revisions"}],"wp:featuredmedia":[{"embeddable":true,"href":"https:\/\/www.familinparis.fr\/en\/wp-json\/wp\/v2\/media\/139942"}],"wp:attachment":[{"href":"https:\/\/www.familinparis.fr\/en\/wp-json\/wp\/v2\/media?parent=135406"}],"wp:term":[{"taxonomy":"category","embeddable":true,"href":"https:\/\/www.familinparis.fr\/en\/wp-json\/wp\/v2\/categories?post=135406"},{"taxonomy":"post_tag","embeddable":true,"href":"https:\/\/www.familinparis.fr\/en\/wp-json\/wp\/v2\/tags?post=135406"}],"curies":[{"name":"wp","href":"https:\/\/api.w.org\/{rel}","templated":true}]}}