{"id":135398,"date":"2026-02-16T00:20:00","date_gmt":"2026-02-15T22:20:00","guid":{"rendered":"https:\/\/www.familinparis.fr\/the-great-day-of-the-costumed-at-the-chateau-de-vaux-le-vicomte\/"},"modified":"2024-11-16T17:16:13","modified_gmt":"2024-11-16T15:16:13","slug":"the-great-day-of-the-costumed-at-the-chateau-de-vaux-le-vicomte","status":"publish","type":"post","link":"https:\/\/www.familinparis.fr\/en\/the-great-day-of-the-costumed-at-the-chateau-de-vaux-le-vicomte\/","title":{"rendered":"The Great Day of the Costumed at the Ch\u00e2teau de Vaux le Vicomte"},"content":{"rendered":"<div class=\"lazyblock-baseline-Z1OToDj wp-block-lazyblock-baseline\"><div class=\"baseline\">PAST EVENT<\/div><\/div><div class=\"lazyblock-grids-Z1vEJCw wp-block-lazyblock-grids\"><div class=\"row new-grids grids-style-2\">\n        <div class=\"col-12 grid-title\">\n        <h2 class=\"c-blue\">It&#8217;s happening in Seine et Marne<\/h2>\n\n            <\/div>\n        \n    <div class=\"col-12 grids columns-4\">\n        \n\n<div class=\"grid\">\n\t<a href=\"https:\/\/www.familinparis.fr\/en\/ouvert-le-1er-mai\/\" target=\"_self\">\n\t    <div class=\"image\" style=\"background-image:url('https:\/\/www.familinparis.fr\/wp-content\/uploads\/Quartier\/palais-royal-colonne-buren-paris-enfant-SH-564x282.jpg')\">\n\t    \t\t\t\t\t    <\/div>\n\t    <div class=\"texte\">\n\t        <h5>In and around Paris<\/h5>\n\t        <h3>What to do in Paris on May 1, 2026? It&#8217;s Friday, a long weekend is looming!<\/h3>\n\t        <div class=\"tags\">\n\t        \t\t        \t<span><\/span>\n\t        <\/div>\n\t        <div class=\"bas\">\n        \t\t<div class=\"prix\">\n        \t\t\t        \t\t<\/div>\n            \t<div class=\"review-stars\" data-productId=\"\">\n            \t<\/div>\n\t        <\/div>\n\t    <\/div>\n\t<\/a>\n<\/div>\n\n<div class=\"grid\">\n\t<a href=\"https:\/\/www.familinparis.fr\/en\/guided-tour-the-mysteries-of-the-forest-of-fontainebleau-elyrea\/\" target=\"_self\">\n\t    <div class=\"image\" style=\"background-image:url('https:\/\/www.familinparis.fr\/wp-content\/uploads\/Visite-theatralisee\/Fontainebleau-visite-theatre-arbre-564x282.jpg')\">\n\t    \t\t    \t<div class=\"dateOnImg\">Vendredi et dimanche<\/div>\n\t    \t\t\t\t\t\t\t\t<div class=\"rond-blanc-age\"><span>For all<\/span><\/div>\n\t\t\t\t    <\/div>\n\t    <div class=\"texte\">\n\t        <h5>For\u00eat de Fontainebleau<\/h5>\n\t        <h3>The mysteries of the forest of Fontainebleau<\/h3>\n\t        <div class=\"tags\">\n\t        \t\t        \t\t<span>VISITE TH\u00c9\u00c2TRALIS\u00c9E<\/span>\n\t        \t\t        \t<span>1h30<\/span>\n\t        <\/div>\n\t        <div class=\"bas\">\n        \t\t<div class=\"prix\">\n        \t\t\t        \t\t<\/div>\n            \t<div class=\"review-stars\" data-productId=\"\">\n            \t<\/div>\n\t        <\/div>\n\t    <\/div>\n\t<\/a>\n<\/div>\n\n<div class=\"grid\">\n\t<a href=\"https:\/\/www.familinparis.fr\/en\/gathering-farms-around-paris\/\" target=\"_self\">\n\t    <div class=\"image\" style=\"background-image:url('https:\/\/www.familinparis.fr\/wp-content\/uploads\/LOISIRS\/fermes\/ferme-cueillette-paris-564x282.jpg')\">\n\t    \t\t\t\t\t    <\/div>\n\t    <div class=\"texte\">\n\t        <h5><\/h5>\n\t        <h3>Gathering farms around Paris<\/h3>\n\t        <div class=\"tags\">\n\t        \t\t        \t<span><\/span>\n\t        <\/div>\n\t        <div class=\"bas\">\n        \t\t<div class=\"prix\">\n        \t\t\t        \t\t<\/div>\n            \t<div class=\"review-stars\" data-productId=\"\">\n            \t<\/div>\n\t        <\/div>\n\t    <\/div>\n\t<\/a>\n<\/div>\n\n<div class=\"grid\">\n\t<a href=\"https:\/\/www.familinparis.fr\/en\/the-bois-dattilly-zoo\/\" target=\"_self\">\n\t    <div class=\"image\" style=\"background-image:url('https:\/\/www.familinparis.fr\/wp-content\/uploads\/photos-partenaires\/animaux\/zoo-du-jardin-des-plantes-tarif-75005-564x282.jpg')\">\n\t    \t\t\t\t\t    <\/div>\n\t    <div class=\"texte\">\n\t        <h5><\/h5>\n\t        <h3>The Bois d&#8217;Attilly Zoo<\/h3>\n\t        <div class=\"tags\">\n\t        \t\t        \t<span><\/span>\n\t        <\/div>\n\t        <div class=\"bas\">\n        \t\t<div class=\"prix\">\n        \t\t\t\t        \t\t\t<span>From<\/span>\n\t        \t\t\t<span class=\"chiffre-barre\">21\u20ac<\/span>\n\t        \t\t\t<span class=\"chiffre\">19\u20ac<\/span>\t        \t\t        \t\t<\/div>\n            \t<div class=\"review-stars\" data-productId=\"\">\n            \t<\/div>\n\t        <\/div>\n\t    <\/div>\n\t<\/a>\n<\/div>    <\/div>\n\n            <div class=\"col-12 t-center m-b-20\">\n            <div class=\"labels__fam\">\n                                    <a href=\"\/sortir-en-famille-en-seine-et-marne\/\" class=\"labels__fam-color-secondary labels__fam-radius-rounded\">\n                        Ideas for family outings in Seine-et-Marne                    <\/a>\n                            <\/div>\n        <\/div>\n    \n    \n\n<\/div>\n<\/div><div class=\"lazyblock-grids-Z29yUwi wp-block-lazyblock-grids\"><div class=\"row new-grids grids-style-2\">\n        <div class=\"col-12 grid-title\">\n        <h2 class=\"c-blue\">It takes place in the vicinity of Paris<\/h2>\n\n            <\/div>\n        \n    <div class=\"col-12 grids columns-4\">\n        \n\n<div class=\"grid\">\n\t<a href=\"https:\/\/www.familinparis.fr\/en\/ouvert-le-1er-mai\/\" target=\"_self\">\n\t    <div class=\"image\" style=\"background-image:url('https:\/\/www.familinparis.fr\/wp-content\/uploads\/Quartier\/palais-royal-colonne-buren-paris-enfant-SH-564x282.jpg')\">\n\t    \t\t\t\t\t    <\/div>\n\t    <div class=\"texte\">\n\t        <h5>In and around Paris<\/h5>\n\t        <h3>What to do in Paris on May 1, 2026? It&#8217;s Friday, a long weekend is looming!<\/h3>\n\t        <div class=\"tags\">\n\t        \t\t        \t<span><\/span>\n\t        <\/div>\n\t        <div class=\"bas\">\n        \t\t<div class=\"prix\">\n        \t\t\t        \t\t<\/div>\n            \t<div class=\"review-stars\" data-productId=\"\">\n            \t<\/div>\n\t        <\/div>\n\t    <\/div>\n\t<\/a>\n<\/div>\n\n<div class=\"grid\">\n\t<a href=\"https:\/\/www.familinparis.fr\/en\/the-cherqui-foundation-in-aubervilliers-93\/\" target=\"_self\">\n\t    <div class=\"image\" style=\"background-image:url('https:\/\/www.familinparis.fr\/wp-content\/uploads\/2026\/04\/fondation-chergui-aubervilliers-93-2-564x282.jpg')\">\n\t    \t\t\t\t\t    <\/div>\n\t    <div class=\"texte\">\n\t        <h5>A Aubervilliers (93)<\/h5>\n\t        <h3>The Cherqui Foundation<\/h3>\n\t        <div class=\"tags\">\n\t        \t\t        \t\t<span>MUS\u00c9E INSOLITE<\/span>\n\t        \t\t        \t<span>1h \u00e0 2h<\/span>\n\t        <\/div>\n\t        <div class=\"bas\">\n        \t\t<div class=\"prix\">\n        \t\t\t\t        \t\t\t<span>From<\/span>\n\t        \t\t\t<span class=\"\">13\u20ac<\/span>\n\t        \t\t\t\t        \t\t        \t\t<\/div>\n            \t<div class=\"review-stars\" data-productId=\"\">\n            \t<\/div>\n\t        <\/div>\n\t    <\/div>\n\t<\/a>\n<\/div>\n\n<div class=\"grid\">\n\t<a href=\"https:\/\/www.familinparis.fr\/en\/les-grandes-eaux-musicales\/\" target=\"_self\">\n\t    <div class=\"image\" style=\"background-image:url('https:\/\/www.familinparis.fr\/wp-content\/uploads\/Chateaux\/Versailles\/Versailles-fontaines-PLD-564x282.jpg')\">\n\t    \t\t    \t<div class=\"dateOnImg\">Until November 1, 2026<\/div>\n\t    \t\t\t\t\t    <\/div>\n\t    <div class=\"texte\">\n\t        <h5>Palace of Versailles Park (78)<\/h5>\n\t        <h3>The Musical Fountains Show<\/h3>\n\t        <div class=\"tags\">\n\t        \t\t        \t\t<span>Park<\/span>\n\t        \t\t        \t<span>Min 2 hours<\/span>\n\t        <\/div>\n\t        <div class=\"bas\">\n        \t\t<div class=\"prix\">\n        \t\t\t        \t\t<\/div>\n            \t<div class=\"review-stars\" data-productId=\"\">\n            \t<\/div>\n\t        <\/div>\n\t    <\/div>\n\t<\/a>\n<\/div>\n\n<div class=\"grid\">\n\t<a href=\"https:\/\/www.familinparis.fr\/en\/if-versailles-was-told-to-me-guided-tour\/\" target=\"_self\">\n\t    <div class=\"image\" style=\"background-image:url('https:\/\/www.familinparis.fr\/wp-content\/uploads\/photos-familinparis-2021\/monument\/fontaine-parc-du-chateau-de-versailles-\u00a9FamilinParis-564x282.jpg')\">\n\t    \t\t    \t<div class=\"dateOnImg\">Multiple dates<\/div>\n\t    \t\t\t\t\t    <\/div>\n\t    <div class=\"texte\">\n\t        <h5>At the Palace of Versailles<\/h5>\n\t        <h3>If Versailles was told to me (guided tour)<\/h3>\n\t        <div class=\"tags\">\n\t        \t\t        \t\t<span>  From 7 years old<\/span>\n\t        \t\t        \t<span>1h30<\/span>\n\t        <\/div>\n\t        <div class=\"bas\">\n        \t\t<div class=\"prix\">\n        \t\t\t        \t\t<\/div>\n            \t<div class=\"review-stars\" data-productId=\"286\">\n            \t<\/div>\n\t        <\/div>\n\t    <\/div>\n\t<\/a>\n<\/div>    <\/div>\n\n            <div class=\"col-12 t-center m-b-20\">\n            <div class=\"labels__fam\">\n                                    <a href=\"\/sortie-en-ile-de-france\/\" class=\"labels__fam-color-secondary labels__fam-radius-rounded\">\n                        Ideas for outings in Ile de France                    <\/a>\n                            <\/div>\n        <\/div>\n    \n    \n\n<\/div>\n<\/div>\n<div style=\"height:40px\" aria-hidden=\"true\" class=\"wp-block-spacer\"><\/div>\n\n<hr class=\"wp-block-separator has-alpha-channel-opacity\"\/>\n<div class=\"lazyblock-infos-pratiques-Z1M48OS wp-block-lazyblock-infos-pratiques\"><div class=\"read-more go-to\" data-goto=\"infos-sup\">\n  <a href=\"#\">\n    <span class=\"rien\">\n      <i class=\"fa fa-map-marker\"><\/i> See practical information    <\/span>\n  <\/a>\n<\/div><\/div>\n<section class=\"wp-block-uagb-section uagb-section__wrap uagb-section__background-color uagb-block-05878ea8\"><div class=\"uagb-section__overlay\"><\/div><div class=\"uagb-section__inner-wrap\">\n<ul class=\"wp-block-list\">\n<li><strong>WE LIKE<\/strong> : the seventeenth century atmosphere, the thousands of costumed visitors  <\/li>\n\n\n\n<li><strong>AGE <\/strong>: for all<\/li>\n\n\n\n<li><strong>DATES <\/strong>: June 25, 2023 from 10 a.m. to 6 p.m.<\/li>\n\n\n\n<li><strong>PRICE<\/strong> : from \u20ac11.90<\/li>\n\n\n\n<li><strong>LOCATION<\/strong> : at the castle of Vaux-le-Vicomte (77)<\/li>\n\n\n\n<li><strong>FREE <\/strong>: for children under 6 years old<\/li>\n<\/ul>\n<\/div><\/section>\n\n<div class=\"wp-block-buttons is-horizontal is-content-justification-center is-layout-flex wp-container-core-buttons-is-layout-499968f5 wp-block-buttons-is-layout-flex\">\n<div class=\"wp-block-button\"><a class=\"wp-block-button__link has-white-color has-luminous-vivid-orange-background-color has-text-color has-background wp-element-button\" style=\"border-radius:4px\">I BOOK MY TICKETS<\/a><\/div>\n<\/div>\n\n<div style=\"height:30px\" aria-hidden=\"true\" class=\"wp-block-spacer\"><\/div>\n\n<p><strong>The Grand Si\u00e8cle Day is the annual event of the <a href=\"https:\/\/www.familinparis.fr\/chateau-de-vaux-le-vicomte-tarif\/\">Ch\u00e2teau de Vaux le Vicomte<\/a>. <\/strong>Every year, at the end of May or beginning of June, for a day, Vaux-le-Vicomte relives the splendour of the seventeenth century.<\/p>\n\n<div style=\"height:30px\" aria-hidden=\"true\" class=\"wp-block-spacer\"><\/div>\n\n<h2 class=\"wp-block-heading has-luminous-vivid-orange-color has-text-color\">The Grand Si\u00e8cle day, a family moment not to be missed:<\/h2>\n\n<ul class=\"wp-block-list\">\n<li>Depending on your wishes, come in costume or not during the Grand Si\u00e8cle day, May 29, 2021<\/li>\n\n\n\n<li>If you come in costume, put yourself in the fashion of the court of Louis XIV<\/li>\n\n\n\n<li>On the programme of the Grand Si\u00e8cle day, various activities: baroque dances, carriage rides, musketeer shows, costume and tableau vivant competitions, eloquence competitions, lunch on the grass&#8230;<\/li>\n<\/ul>\n\n<h2 class=\"wp-block-heading has-luminous-vivid-orange-color has-text-color\">The Grand Si\u00e8cle day, come in disguise to the castle:<\/h2>\n\n<ul class=\"wp-block-list\">\n<li>Come with your costumes or rent them for the day on site<\/li>\n\n\n\n<li>Buy your costumed tickets in advance to avoid waiting at the entrance, your companions, even if not disguised (but with an entrance ticket) will be able to enter with you<\/li>\n\n\n\n<li>Please note that to enter with the costumed visitor ticket, you will need to be able to show your costume or present the costume rental confirmation<\/li>\n\n\n\n<li>Free cloakroom at your disposal to change once at the castle<\/li>\n<\/ul>\n\n<h2 class=\"wp-block-heading has-luminous-vivid-orange-color has-text-color\">The Grand Si\u00e8cle day, the prices:<\/h2>\n\n<ul class=\"wp-block-list\">\n<li>Adult rate: \u20ac17.90<\/li>\n\n\n\n<li>Child rate (6 to 17 years old): \u20ac12.90<\/li>\n\n\n\n<li>Costumed visitor: \u20ac11.50<\/li>\n\n\n\n<li>Free for children under 6 years old<\/li>\n<\/ul>\n\n<div style=\"height:60px\" aria-hidden=\"true\" class=\"wp-block-spacer\"><\/div>\n\n<figure class=\"wp-block-embed is-type-video is-provider-youtube wp-block-embed-youtube wp-embed-aspect-16-9 wp-has-aspect-ratio\"><div class=\"wp-block-embed__wrapper\">\n<iframe title=\"La Journ\u00e9e Grand Si\u00e8cle \u00e0 Vaux-le-Vicomte\" width=\"770\" height=\"433\" src=\"https:\/\/www.youtube.com\/embed\/rpFjns_R9l0?feature=oembed\" frameborder=\"0\" allow=\"accelerometer; autoplay; clipboard-write; encrypted-media; gyroscope; picture-in-picture; web-share\" referrerpolicy=\"strict-origin-when-cross-origin\" allowfullscreen><\/iframe>\n<\/div><\/figure>\n\n<div style=\"height:60px\" aria-hidden=\"true\" class=\"wp-block-spacer\"><\/div>\n\n<h2 class=\"wp-block-heading has-luminous-vivid-orange-color has-text-color\">Other nice family events at the Ch\u00e2teau de Vaux le Vicomte:  <\/h2>\n\n<ul class=\"wp-block-list\">\n<li>Reopening of the Ch\u00e2teau de Vaux le Vicomte on 2 April 2022<\/li>\n\n\n\n<li><a href=\"https:\/\/www.familinparis.fr\/en\/the-most-beautiful-easter-egg-hunts-2025\/\">Vaux le Vicomte celebrates Easter<\/a>, April 16, 17 and 18, 2022<\/li>\n\n\n\n<li><a href=\"https:\/\/www.familinparis.fr\/en\/candlelight-evenings\/\">Candlelight evenings <\/a>: from May 14 to October 14, 2022<\/li>\n\n\n\n<li><a href=\"https:\/\/www.familinparis.fr\/vaux-le-vicomte-toussaint-noel\/\">Vaux le Vicomte in lights<\/a> : from October 22, 2021 to January 1, 2023<\/li>\n<\/ul>\n\n<div style=\"height:100px\" aria-hidden=\"true\" class=\"wp-block-spacer\"><\/div>\n\n<div class=\"wp-block-buttons is-horizontal is-content-justification-center is-layout-flex wp-container-core-buttons-is-layout-499968f5 wp-block-buttons-is-layout-flex\">\n<div class=\"wp-block-button\"><a class=\"wp-block-button__link has-white-color has-text-color has-background wp-element-button\" href=\"https:\/\/www.familinparis.fr\/en\/the-most-beautiful-castles-in-ile-de-france\/\" style=\"border-radius:1px;background-color:#73c6b6\">THE MOST BEAUTIFUL CASTLES IN THE ILE DE FRANCE REGION  <\/a><\/div>\n<\/div>\n\n<div style=\"height:60px\" aria-hidden=\"true\" class=\"wp-block-spacer\"><\/div>\n","protected":false},"excerpt":{"rendered":"<p>June 25, 2023<\/p>\n","protected":false},"author":5,"featured_media":132546,"comment_status":"open","ping_status":"open","sticky":false,"template":"","format":"standard","meta":{"_uag_custom_page_level_css":"","footnotes":""},"categories":[1332,1200],"tags":[1208,1226,1206,1209,1372,1316],"class_list":{"0":"post-135398","1":"post","2":"type-post","3":"status-publish","4":"format-standard","5":"has-post-thumbnail","7":"category-castles","8":"category-news","9":"tag-for-3-6-year-olds","10":"tag-for-7-12-year-olds","11":"tag-for-teens","12":"tag-good-looking","13":"tag-may","14":"tag-seine-et-marne-en"},"yoast_head":"<!-- This site is optimized with the Yoast SEO plugin v27.2 - https:\/\/yoast.com\/product\/yoast-seo-wordpress\/ -->\n<title>Grand Si\u00e8cle Day: Costume day in the style of the seventeenth century<\/title>\n<meta name=\"description\" content=\"June 26 from 10 a.m. to 6 p.m. at the Ch\u00e2teau de Vaux-le Vicomte. Come in costume \u2014 The perfect outing for the whole family. Buy your tickets\" \/>\n<meta name=\"robots\" content=\"index, follow, max-snippet:-1, max-image-preview:large, max-video-preview:-1\" \/>\n<link rel=\"canonical\" href=\"https:\/\/www.familinparis.fr\/en\/the-great-day-of-the-costumed-at-the-chateau-de-vaux-le-vicomte\/\" \/>\n<meta property=\"og:locale\" content=\"en_US\" \/>\n<meta property=\"og:type\" content=\"article\" \/>\n<meta property=\"og:title\" content=\"Grand Si\u00e8cle Day: Costume day in the style of the seventeenth century\" \/>\n<meta property=\"og:description\" content=\"June 26 from 10 a.m. to 6 p.m. at the Ch\u00e2teau de Vaux-le Vicomte. Come in costume \u2014 The perfect outing for the whole family. Buy your tickets\" \/>\n<meta property=\"og:url\" content=\"https:\/\/www.familinparis.fr\/en\/the-great-day-of-the-costumed-at-the-chateau-de-vaux-le-vicomte\/\" \/>\n<meta property=\"og:site_name\" content=\"Familin&#039;Paris\" \/>\n<meta property=\"article:published_time\" content=\"2026-02-15T22:20:00+00:00\" \/>\n<meta property=\"og:image\" content=\"https:\/\/www.familinparis.fr\/wp-content\/uploads\/photos-familinparis-2021\/chateau\/deguisement-enfant-chateau-de-vaux-le-vicomte.jpg\" \/>\n\t<meta property=\"og:image:width\" content=\"1920\" \/>\n\t<meta property=\"og:image:height\" content=\"1440\" \/>\n\t<meta property=\"og:image:type\" content=\"image\/jpeg\" \/>\n<meta name=\"author\" content=\"olivia\" \/>\n<meta name=\"twitter:card\" content=\"summary_large_image\" \/>\n<meta name=\"twitter:label1\" content=\"Written by\" \/>\n\t<meta name=\"twitter:data1\" content=\"olivia\" \/>\n\t<meta name=\"twitter:label2\" content=\"Est. reading time\" \/>\n\t<meta name=\"twitter:data2\" content=\"2 minutes\" \/>\n<script type=\"application\/ld+json\" class=\"yoast-schema-graph\">{\"@context\":\"https:\/\/schema.org\",\"@graph\":[{\"@type\":\"Article\",\"@id\":\"https:\/\/www.familinparis.fr\/en\/the-great-day-of-the-costumed-at-the-chateau-de-vaux-le-vicomte\/#article\",\"isPartOf\":{\"@id\":\"https:\/\/www.familinparis.fr\/en\/the-great-day-of-the-costumed-at-the-chateau-de-vaux-le-vicomte\/\"},\"author\":{\"name\":\"olivia\",\"@id\":\"https:\/\/www.familinparis.fr\/en\/#\/schema\/person\/a87467bb417cd0c77d0a7bb5d1d78ac5\"},\"headline\":\"The Great Day of the Costumed at the Ch\u00e2teau de Vaux le Vicomte\",\"datePublished\":\"2026-02-15T22:20:00+00:00\",\"mainEntityOfPage\":{\"@id\":\"https:\/\/www.familinparis.fr\/en\/the-great-day-of-the-costumed-at-the-chateau-de-vaux-le-vicomte\/\"},\"wordCount\":341,\"commentCount\":0,\"image\":{\"@id\":\"https:\/\/www.familinparis.fr\/en\/the-great-day-of-the-costumed-at-the-chateau-de-vaux-le-vicomte\/#primaryimage\"},\"thumbnailUrl\":\"https:\/\/www.familinparis.fr\/wp-content\/uploads\/photos-familinparis-2021\/chateau\/deguisement-enfant-chateau-de-vaux-le-vicomte.jpg\",\"keywords\":[\"For 3-6 year olds\",\"For 7-12 year olds\",\"For teens\",\"Good looking\",\"May\",\"Seine-et-Marne\"],\"articleSection\":[\"Castles\",\"News\"],\"inLanguage\":\"en-US\",\"potentialAction\":[{\"@type\":\"CommentAction\",\"name\":\"Comment\",\"target\":[\"https:\/\/www.familinparis.fr\/en\/the-great-day-of-the-costumed-at-the-chateau-de-vaux-le-vicomte\/#respond\"]}]},{\"@type\":\"WebPage\",\"@id\":\"https:\/\/www.familinparis.fr\/en\/the-great-day-of-the-costumed-at-the-chateau-de-vaux-le-vicomte\/\",\"url\":\"https:\/\/www.familinparis.fr\/en\/the-great-day-of-the-costumed-at-the-chateau-de-vaux-le-vicomte\/\",\"name\":\"Grand Si\u00e8cle Day: Costume day in the style of the seventeenth century\",\"isPartOf\":{\"@id\":\"https:\/\/www.familinparis.fr\/en\/#website\"},\"primaryImageOfPage\":{\"@id\":\"https:\/\/www.familinparis.fr\/en\/the-great-day-of-the-costumed-at-the-chateau-de-vaux-le-vicomte\/#primaryimage\"},\"image\":{\"@id\":\"https:\/\/www.familinparis.fr\/en\/the-great-day-of-the-costumed-at-the-chateau-de-vaux-le-vicomte\/#primaryimage\"},\"thumbnailUrl\":\"https:\/\/www.familinparis.fr\/wp-content\/uploads\/photos-familinparis-2021\/chateau\/deguisement-enfant-chateau-de-vaux-le-vicomte.jpg\",\"datePublished\":\"2026-02-15T22:20:00+00:00\",\"author\":{\"@id\":\"https:\/\/www.familinparis.fr\/en\/#\/schema\/person\/a87467bb417cd0c77d0a7bb5d1d78ac5\"},\"description\":\"June 26 from 10 a.m. to 6 p.m. at the Ch\u00e2teau de Vaux-le Vicomte. Come in costume \u2014 The perfect outing for the whole family. Buy your tickets\",\"breadcrumb\":{\"@id\":\"https:\/\/www.familinparis.fr\/en\/the-great-day-of-the-costumed-at-the-chateau-de-vaux-le-vicomte\/#breadcrumb\"},\"inLanguage\":\"en-US\",\"potentialAction\":[{\"@type\":\"ReadAction\",\"target\":[\"https:\/\/www.familinparis.fr\/en\/the-great-day-of-the-costumed-at-the-chateau-de-vaux-le-vicomte\/\"]}]},{\"@type\":\"ImageObject\",\"inLanguage\":\"en-US\",\"@id\":\"https:\/\/www.familinparis.fr\/en\/the-great-day-of-the-costumed-at-the-chateau-de-vaux-le-vicomte\/#primaryimage\",\"url\":\"https:\/\/www.familinparis.fr\/wp-content\/uploads\/photos-familinparis-2021\/chateau\/deguisement-enfant-chateau-de-vaux-le-vicomte.jpg\",\"contentUrl\":\"https:\/\/www.familinparis.fr\/wp-content\/uploads\/photos-familinparis-2021\/chateau\/deguisement-enfant-chateau-de-vaux-le-vicomte.jpg\",\"width\":1920,\"height\":1440},{\"@type\":\"BreadcrumbList\",\"@id\":\"https:\/\/www.familinparis.fr\/en\/the-great-day-of-the-costumed-at-the-chateau-de-vaux-le-vicomte\/#breadcrumb\",\"itemListElement\":[{\"@type\":\"ListItem\",\"position\":1,\"name\":\"Home\",\"item\":\"https:\/\/www.familinparis.fr\/en\/\"},{\"@type\":\"ListItem\",\"position\":2,\"name\":\"News\",\"item\":\"https:\/\/www.familinparis.fr\/en\/categorie\/news\/\"},{\"@type\":\"ListItem\",\"position\":3,\"name\":\"The Great Day of the Costumed at the Ch\u00e2teau de Vaux le Vicomte\"}]},{\"@type\":\"WebSite\",\"@id\":\"https:\/\/www.familinparis.fr\/en\/#website\",\"url\":\"https:\/\/www.familinparis.fr\/en\/\",\"name\":\"Familin&#039;Paris\",\"description\":\"Visiter le meilleur de Paris avec des enfants : sorties, spectacles, adresses de restaurants, shopping, bons plans...\",\"potentialAction\":[{\"@type\":\"SearchAction\",\"target\":{\"@type\":\"EntryPoint\",\"urlTemplate\":\"https:\/\/www.familinparis.fr\/en\/?s={search_term_string}\"},\"query-input\":{\"@type\":\"PropertyValueSpecification\",\"valueRequired\":true,\"valueName\":\"search_term_string\"}}],\"inLanguage\":\"en-US\"},{\"@type\":\"Person\",\"@id\":\"https:\/\/www.familinparis.fr\/en\/#\/schema\/person\/a87467bb417cd0c77d0a7bb5d1d78ac5\",\"name\":\"olivia\",\"image\":{\"@type\":\"ImageObject\",\"inLanguage\":\"en-US\",\"@id\":\"https:\/\/secure.gravatar.com\/avatar\/cbca07f1dfea20f457a666a1b84ed5cf1364773d1378c6f10fd36c354eef1ef8?s=96&d=identicon&r=g\",\"url\":\"https:\/\/secure.gravatar.com\/avatar\/cbca07f1dfea20f457a666a1b84ed5cf1364773d1378c6f10fd36c354eef1ef8?s=96&d=identicon&r=g\",\"contentUrl\":\"https:\/\/secure.gravatar.com\/avatar\/cbca07f1dfea20f457a666a1b84ed5cf1364773d1378c6f10fd36c354eef1ef8?s=96&d=identicon&r=g\",\"caption\":\"olivia\"}}]}<\/script>\n<!-- \/ Yoast SEO plugin. -->","yoast_head_json":{"title":"Grand Si\u00e8cle Day: Costume day in the style of the seventeenth century","description":"June 26 from 10 a.m. to 6 p.m. at the Ch\u00e2teau de Vaux-le Vicomte. Come in costume \u2014 The perfect outing for the whole family. Buy your tickets","robots":{"index":"index","follow":"follow","max-snippet":"max-snippet:-1","max-image-preview":"max-image-preview:large","max-video-preview":"max-video-preview:-1"},"canonical":"https:\/\/www.familinparis.fr\/en\/the-great-day-of-the-costumed-at-the-chateau-de-vaux-le-vicomte\/","og_locale":"en_US","og_type":"article","og_title":"Grand Si\u00e8cle Day: Costume day in the style of the seventeenth century","og_description":"June 26 from 10 a.m. to 6 p.m. at the Ch\u00e2teau de Vaux-le Vicomte. Come in costume \u2014 The perfect outing for the whole family. Buy your tickets","og_url":"https:\/\/www.familinparis.fr\/en\/the-great-day-of-the-costumed-at-the-chateau-de-vaux-le-vicomte\/","og_site_name":"Familin&#039;Paris","article_published_time":"2026-02-15T22:20:00+00:00","og_image":[{"width":1920,"height":1440,"url":"https:\/\/www.familinparis.fr\/wp-content\/uploads\/photos-familinparis-2021\/chateau\/deguisement-enfant-chateau-de-vaux-le-vicomte.jpg","type":"image\/jpeg"}],"author":"olivia","twitter_card":"summary_large_image","twitter_misc":{"Written by":"olivia","Est. reading time":"2 minutes"},"schema":{"@context":"https:\/\/schema.org","@graph":[{"@type":"Article","@id":"https:\/\/www.familinparis.fr\/en\/the-great-day-of-the-costumed-at-the-chateau-de-vaux-le-vicomte\/#article","isPartOf":{"@id":"https:\/\/www.familinparis.fr\/en\/the-great-day-of-the-costumed-at-the-chateau-de-vaux-le-vicomte\/"},"author":{"name":"olivia","@id":"https:\/\/www.familinparis.fr\/en\/#\/schema\/person\/a87467bb417cd0c77d0a7bb5d1d78ac5"},"headline":"The Great Day of the Costumed at the Ch\u00e2teau de Vaux le Vicomte","datePublished":"2026-02-15T22:20:00+00:00","mainEntityOfPage":{"@id":"https:\/\/www.familinparis.fr\/en\/the-great-day-of-the-costumed-at-the-chateau-de-vaux-le-vicomte\/"},"wordCount":341,"commentCount":0,"image":{"@id":"https:\/\/www.familinparis.fr\/en\/the-great-day-of-the-costumed-at-the-chateau-de-vaux-le-vicomte\/#primaryimage"},"thumbnailUrl":"https:\/\/www.familinparis.fr\/wp-content\/uploads\/photos-familinparis-2021\/chateau\/deguisement-enfant-chateau-de-vaux-le-vicomte.jpg","keywords":["For 3-6 year olds","For 7-12 year olds","For teens","Good looking","May","Seine-et-Marne"],"articleSection":["Castles","News"],"inLanguage":"en-US","potentialAction":[{"@type":"CommentAction","name":"Comment","target":["https:\/\/www.familinparis.fr\/en\/the-great-day-of-the-costumed-at-the-chateau-de-vaux-le-vicomte\/#respond"]}]},{"@type":"WebPage","@id":"https:\/\/www.familinparis.fr\/en\/the-great-day-of-the-costumed-at-the-chateau-de-vaux-le-vicomte\/","url":"https:\/\/www.familinparis.fr\/en\/the-great-day-of-the-costumed-at-the-chateau-de-vaux-le-vicomte\/","name":"Grand Si\u00e8cle Day: Costume day in the style of the seventeenth century","isPartOf":{"@id":"https:\/\/www.familinparis.fr\/en\/#website"},"primaryImageOfPage":{"@id":"https:\/\/www.familinparis.fr\/en\/the-great-day-of-the-costumed-at-the-chateau-de-vaux-le-vicomte\/#primaryimage"},"image":{"@id":"https:\/\/www.familinparis.fr\/en\/the-great-day-of-the-costumed-at-the-chateau-de-vaux-le-vicomte\/#primaryimage"},"thumbnailUrl":"https:\/\/www.familinparis.fr\/wp-content\/uploads\/photos-familinparis-2021\/chateau\/deguisement-enfant-chateau-de-vaux-le-vicomte.jpg","datePublished":"2026-02-15T22:20:00+00:00","author":{"@id":"https:\/\/www.familinparis.fr\/en\/#\/schema\/person\/a87467bb417cd0c77d0a7bb5d1d78ac5"},"description":"June 26 from 10 a.m. to 6 p.m. at the Ch\u00e2teau de Vaux-le Vicomte. Come in costume \u2014 The perfect outing for the whole family. Buy your tickets","breadcrumb":{"@id":"https:\/\/www.familinparis.fr\/en\/the-great-day-of-the-costumed-at-the-chateau-de-vaux-le-vicomte\/#breadcrumb"},"inLanguage":"en-US","potentialAction":[{"@type":"ReadAction","target":["https:\/\/www.familinparis.fr\/en\/the-great-day-of-the-costumed-at-the-chateau-de-vaux-le-vicomte\/"]}]},{"@type":"ImageObject","inLanguage":"en-US","@id":"https:\/\/www.familinparis.fr\/en\/the-great-day-of-the-costumed-at-the-chateau-de-vaux-le-vicomte\/#primaryimage","url":"https:\/\/www.familinparis.fr\/wp-content\/uploads\/photos-familinparis-2021\/chateau\/deguisement-enfant-chateau-de-vaux-le-vicomte.jpg","contentUrl":"https:\/\/www.familinparis.fr\/wp-content\/uploads\/photos-familinparis-2021\/chateau\/deguisement-enfant-chateau-de-vaux-le-vicomte.jpg","width":1920,"height":1440},{"@type":"BreadcrumbList","@id":"https:\/\/www.familinparis.fr\/en\/the-great-day-of-the-costumed-at-the-chateau-de-vaux-le-vicomte\/#breadcrumb","itemListElement":[{"@type":"ListItem","position":1,"name":"Home","item":"https:\/\/www.familinparis.fr\/en\/"},{"@type":"ListItem","position":2,"name":"News","item":"https:\/\/www.familinparis.fr\/en\/categorie\/news\/"},{"@type":"ListItem","position":3,"name":"The Great Day of the Costumed at the Ch\u00e2teau de Vaux le Vicomte"}]},{"@type":"WebSite","@id":"https:\/\/www.familinparis.fr\/en\/#website","url":"https:\/\/www.familinparis.fr\/en\/","name":"Familin&#039;Paris","description":"Visiter le meilleur de Paris avec des enfants : sorties, spectacles, adresses de restaurants, shopping, bons plans...","potentialAction":[{"@type":"SearchAction","target":{"@type":"EntryPoint","urlTemplate":"https:\/\/www.familinparis.fr\/en\/?s={search_term_string}"},"query-input":{"@type":"PropertyValueSpecification","valueRequired":true,"valueName":"search_term_string"}}],"inLanguage":"en-US"},{"@type":"Person","@id":"https:\/\/www.familinparis.fr\/en\/#\/schema\/person\/a87467bb417cd0c77d0a7bb5d1d78ac5","name":"olivia","image":{"@type":"ImageObject","inLanguage":"en-US","@id":"https:\/\/secure.gravatar.com\/avatar\/cbca07f1dfea20f457a666a1b84ed5cf1364773d1378c6f10fd36c354eef1ef8?s=96&d=identicon&r=g","url":"https:\/\/secure.gravatar.com\/avatar\/cbca07f1dfea20f457a666a1b84ed5cf1364773d1378c6f10fd36c354eef1ef8?s=96&d=identicon&r=g","contentUrl":"https:\/\/secure.gravatar.com\/avatar\/cbca07f1dfea20f457a666a1b84ed5cf1364773d1378c6f10fd36c354eef1ef8?s=96&d=identicon&r=g","caption":"olivia"}}]}},"uagb_featured_image_src":{"full":["https:\/\/www.familinparis.fr\/wp-content\/uploads\/photos-familinparis-2021\/chateau\/deguisement-enfant-chateau-de-vaux-le-vicomte.jpg",1920,1440,false],"thumbnail":["https:\/\/www.familinparis.fr\/wp-content\/uploads\/photos-familinparis-2021\/chateau\/deguisement-enfant-chateau-de-vaux-le-vicomte-150x150.jpg",150,150,true],"medium":["https:\/\/www.familinparis.fr\/wp-content\/uploads\/photos-familinparis-2021\/chateau\/deguisement-enfant-chateau-de-vaux-le-vicomte-300x225.jpg",300,225,true],"medium_large":["https:\/\/www.familinparis.fr\/wp-content\/uploads\/photos-familinparis-2021\/chateau\/deguisement-enfant-chateau-de-vaux-le-vicomte-768x576.jpg",768,576,true],"large":["https:\/\/www.familinparis.fr\/wp-content\/uploads\/photos-familinparis-2021\/chateau\/deguisement-enfant-chateau-de-vaux-le-vicomte-1024x768.jpg",770,578,true],"1536x1536":["https:\/\/www.familinparis.fr\/wp-content\/uploads\/photos-familinparis-2021\/chateau\/deguisement-enfant-chateau-de-vaux-le-vicomte-1536x1152.jpg",1536,1152,true],"2048x2048":["https:\/\/www.familinparis.fr\/wp-content\/uploads\/photos-familinparis-2021\/chateau\/deguisement-enfant-chateau-de-vaux-le-vicomte.jpg",1920,1440,false],"home-thumb":["https:\/\/www.familinparis.fr\/wp-content\/uploads\/photos-familinparis-2021\/chateau\/deguisement-enfant-chateau-de-vaux-le-vicomte-730x548.jpg",730,548,true],"home-slider":["https:\/\/www.familinparis.fr\/wp-content\/uploads\/photos-familinparis-2021\/chateau\/deguisement-enfant-chateau-de-vaux-le-vicomte-800x600.jpg",800,600,true],"lightbox-slider-size":["https:\/\/www.familinparis.fr\/wp-content\/uploads\/photos-familinparis-2021\/chateau\/deguisement-enfant-chateau-de-vaux-le-vicomte-564x282.jpg",564,282,true],"post-thumbnail":["https:\/\/www.familinparis.fr\/wp-content\/uploads\/photos-familinparis-2021\/chateau\/deguisement-enfant-chateau-de-vaux-le-vicomte-270x180.jpg",270,180,true],"cheerup-main":["https:\/\/www.familinparis.fr\/wp-content\/uploads\/photos-familinparis-2021\/chateau\/deguisement-enfant-chateau-de-vaux-le-vicomte-770x400.jpg",770,400,true],"cheerup-main-full":["https:\/\/www.familinparis.fr\/wp-content\/uploads\/photos-familinparis-2021\/chateau\/deguisement-enfant-chateau-de-vaux-le-vicomte-1170x508.jpg",1170,508,true],"cheerup-slider-alt":["https:\/\/www.familinparis.fr\/wp-content\/uploads\/photos-familinparis-2021\/chateau\/deguisement-enfant-chateau-de-vaux-le-vicomte-1170x508.jpg",1170,508,true],"cheerup-slider-trendy":["https:\/\/www.familinparis.fr\/wp-content\/uploads\/photos-familinparis-2021\/chateau\/deguisement-enfant-chateau-de-vaux-le-vicomte-960x508.jpg",960,508,true],"cheerup-slider-stylish":["https:\/\/www.familinparis.fr\/wp-content\/uploads\/photos-familinparis-2021\/chateau\/deguisement-enfant-chateau-de-vaux-le-vicomte-900x515.jpg",900,515,true],"cheerup-slider-grid":["https:\/\/www.familinparis.fr\/wp-content\/uploads\/photos-familinparis-2021\/chateau\/deguisement-enfant-chateau-de-vaux-le-vicomte-870x600.jpg",870,600,true],"cheerup-slider-grid-sm":["https:\/\/www.familinparis.fr\/wp-content\/uploads\/photos-familinparis-2021\/chateau\/deguisement-enfant-chateau-de-vaux-le-vicomte-300x300.jpg",300,300,true],"cheerup-slider-carousel":["https:\/\/www.familinparis.fr\/wp-content\/uploads\/photos-familinparis-2021\/chateau\/deguisement-enfant-chateau-de-vaux-le-vicomte-370x370.jpg",370,370,true],"cheerup-slider-grid-b":["https:\/\/www.familinparis.fr\/wp-content\/uploads\/photos-familinparis-2021\/chateau\/deguisement-enfant-chateau-de-vaux-le-vicomte-554x466.jpg",554,466,true],"cheerup-slider-grid-b-sm":["https:\/\/www.familinparis.fr\/wp-content\/uploads\/photos-familinparis-2021\/chateau\/deguisement-enfant-chateau-de-vaux-le-vicomte-306x466.jpg",306,466,true],"cheerup-slider-bold-sm":["https:\/\/www.familinparis.fr\/wp-content\/uploads\/photos-familinparis-2021\/chateau\/deguisement-enfant-chateau-de-vaux-le-vicomte-150x150.jpg",150,150,true],"cheerup-grid":["https:\/\/www.familinparis.fr\/wp-content\/uploads\/photos-familinparis-2021\/chateau\/deguisement-enfant-chateau-de-vaux-le-vicomte-370x285.jpg",370,285,true],"cheerup-carousel":["https:\/\/www.familinparis.fr\/wp-content\/uploads\/photos-familinparis-2021\/chateau\/deguisement-enfant-chateau-de-vaux-le-vicomte-270x180.jpg",270,180,true],"cheerup-carousel-b":["https:\/\/www.familinparis.fr\/wp-content\/uploads\/photos-familinparis-2021\/chateau\/deguisement-enfant-chateau-de-vaux-le-vicomte-370x285.jpg",370,285,true],"cheerup-list":["https:\/\/www.familinparis.fr\/wp-content\/uploads\/photos-familinparis-2021\/chateau\/deguisement-enfant-chateau-de-vaux-le-vicomte-260x200.jpg",260,200,true],"cheerup-list-b":["https:\/\/www.familinparis.fr\/wp-content\/uploads\/photos-familinparis-2021\/chateau\/deguisement-enfant-chateau-de-vaux-le-vicomte-370x305.jpg",370,305,true],"cheerup-thumb":["https:\/\/www.familinparis.fr\/wp-content\/uploads\/photos-familinparis-2021\/chateau\/deguisement-enfant-chateau-de-vaux-le-vicomte-87x67.jpg",87,67,true],"cheerup-thumb-alt":["https:\/\/www.familinparis.fr\/wp-content\/uploads\/photos-familinparis-2021\/chateau\/deguisement-enfant-chateau-de-vaux-le-vicomte-150x150.jpg",150,150,true]},"uagb_author_info":{"display_name":"olivia","author_link":"https:\/\/www.familinparis.fr\/en\/author\/olivia\/"},"uagb_comment_info":0,"uagb_excerpt":"June 25, 2023","_links":{"self":[{"href":"https:\/\/www.familinparis.fr\/en\/wp-json\/wp\/v2\/posts\/135398","targetHints":{"allow":["GET"]}}],"collection":[{"href":"https:\/\/www.familinparis.fr\/en\/wp-json\/wp\/v2\/posts"}],"about":[{"href":"https:\/\/www.familinparis.fr\/en\/wp-json\/wp\/v2\/types\/post"}],"author":[{"embeddable":true,"href":"https:\/\/www.familinparis.fr\/en\/wp-json\/wp\/v2\/users\/5"}],"replies":[{"embeddable":true,"href":"https:\/\/www.familinparis.fr\/en\/wp-json\/wp\/v2\/comments?post=135398"}],"version-history":[{"count":0,"href":"https:\/\/www.familinparis.fr\/en\/wp-json\/wp\/v2\/posts\/135398\/revisions"}],"wp:featuredmedia":[{"embeddable":true,"href":"https:\/\/www.familinparis.fr\/en\/wp-json\/wp\/v2\/media\/132546"}],"wp:attachment":[{"href":"https:\/\/www.familinparis.fr\/en\/wp-json\/wp\/v2\/media?parent=135398"}],"wp:term":[{"taxonomy":"category","embeddable":true,"href":"https:\/\/www.familinparis.fr\/en\/wp-json\/wp\/v2\/categories?post=135398"},{"taxonomy":"post_tag","embeddable":true,"href":"https:\/\/www.familinparis.fr\/en\/wp-json\/wp\/v2\/tags?post=135398"}],"curies":[{"name":"wp","href":"https:\/\/api.w.org\/{rel}","templated":true}]}}