{"id":135357,"date":"2024-01-31T02:02:00","date_gmt":"2024-01-31T00:02:00","guid":{"rendered":"https:\/\/www.familinparis.fr\/toddler-cinema-festival\/"},"modified":"2026-02-12T14:37:26","modified_gmt":"2026-02-12T12:37:26","slug":"toddler-cinema-festival","status":"publish","type":"post","link":"https:\/\/www.familinparis.fr\/en\/toddler-cinema-festival\/","title":{"rendered":"Toddler Cinema Festival"},"content":{"rendered":"<div class=\"lazyblock-baseline-1WSUt7 wp-block-lazyblock-baseline\"><div class=\"baseline\">Pour les enfants de 18 mois \u00e0 4 ans<br \/>Du 21 f\u00e9vrier au 1er mars 2026<br \/> Au Forum des Images (1er)<\/div><\/div><div class=\"lazyblock-infos-pratiques-Z1sDlVf wp-block-lazyblock-infos-pratiques\"><div class=\"read-more go-to\" data-goto=\"infos-sup\">\n  <a href=\"#\">\n    <span class=\"rien\">\n      <i class=\"fa fa-map-marker\"><\/i> See practical information    <\/span>\n  <\/a>\n<\/div><\/div>\n<section class=\"wp-block-uagb-section uagb-section__wrap uagb-section__background-color uagb-block-26f27845\"><div class=\"uagb-section__overlay\"><\/div><div class=\"uagb-section__inner-wrap\">\n<div class=\"wp-block-columns is-layout-flex wp-container-core-columns-is-layout-9d6595d7 wp-block-columns-is-layout-flex\">\n<div class=\"wp-block-column is-layout-flow wp-block-column-is-layout-flow\" style=\"flex-basis:66.66%\">\n<ul class=\"wp-block-list\">\n<li><strong>ON AIME :<\/strong> un concept tr\u00e8s sympa, \u00e0 petit prix<\/li>\n\n\n\n<li><strong>AGE<\/strong> :\u00a0 pour les petits cin\u00e9philes, de 18 mois \u00e0 4 ans<\/li>\n\n\n\n<li><strong>QUAND :<\/strong> du 21 f\u00e9vrier au 1er mars 2026<\/li>\n\n\n\n<li><strong>TARIF :<\/strong> 4 euros (tarif unique)<\/li>\n\n\n\n<li><strong>LIEU :<\/strong> au Forum des Images (1er)<\/li>\n<\/ul>\n\n\n\n<p>For three weekends and two festive Wednesdays, Tout-petits Cin\u00e9ma will be an opportunity to discover on the big screen wonders <strong>of cinema<\/strong>, from all over the world and <strong>adapted to the sensibilities of toddlers.<\/strong><\/p>\n\n\n\n<p><strong>Eight cine-concerts<\/strong> (including 3 new creations) of short films carefully made and accompanied live by <strong>renowned musicians and singers<\/strong>.  <strong> <\/strong><\/p>\n<\/div>\n\n\n\n<div class=\"wp-block-column is-layout-flow wp-block-column-is-layout-flow\" style=\"flex-basis:33.33%\">\n<figure class=\"wp-block-image size-full\"><img decoding=\"async\" width=\"300\" height=\"456\" src=\"https:\/\/www.familinparis.fr\/wp-content\/uploads\/cinema\/forum-des-images-tout-petits-cinema2025.jpg\" alt=\"Festival Tout Petits cin&#xE9;ma at the Forum des Images\" class=\"wp-image-142040\" srcset=\"https:\/\/www.familinparis.fr\/wp-content\/uploads\/cinema\/forum-des-images-tout-petits-cinema2025.jpg 300w, https:\/\/www.familinparis.fr\/wp-content\/uploads\/cinema\/forum-des-images-tout-petits-cinema2025-197x300.jpg 197w\" sizes=\"(max-width: 300px) 100vw, 300px\" \/><\/figure>\n<\/div>\n<\/div>\n<\/div><\/section>\n\n<div style=\"height:50px\" aria-hidden=\"true\" class=\"wp-block-spacer\"><\/div>\n\n<h2 class=\"wp-block-heading has-luminous-vivid-orange-color has-text-color\">The Forum des Images and young audiences:<\/h2>\n\n<ul class=\"wp-block-list\">\n<li><strong>The Forum des Images is multiplying initiatives in favor of cinema programming for children<\/strong>.<\/li>\n\n\n\n<li>After <a href=\"https:\/\/www.familinparis.fr\/en\/cinekids-at-the-forum-des-images\/\">Cin\u00e9Kids<\/a> (the Wednesday and Sunday screenings for children), it offers the <strong>&#8220;Tout-petits Cin\u00e9ma&#8221; <\/strong> festival every year.It is a film festival <strong>for children from 18 months to 4 years old<\/strong> that takes place every year <strong>during <a href=\"https:\/\/www.familinparis.fr\/en\/what-to-do-in-paris-during-the-february-holidays\/\">the February holidays<\/a><\/strong><\/li>\n<\/ul>\n\n<div style=\"height:49px\" aria-hidden=\"true\" class=\"wp-block-spacer\"><\/div>\n<div class=\"wp-block-image\">\n<figure class=\"aligncenter size-large\"><img decoding=\"async\" width=\"745\" height=\"412\" src=\"\/wp-content\/uploads\/cinema\/forum-des-images-festival-cinema.jpg\" alt=\"FESTIVAL TOUT PETITS CIN&#xC9;MA\" class=\"wp-image-38798\" srcset=\"https:\/\/www.familinparis.fr\/wp-content\/uploads\/cinema\/forum-des-images-festival-cinema.jpg 745w, https:\/\/www.familinparis.fr\/wp-content\/uploads\/cinema\/forum-des-images-festival-cinema-300x166.jpg 300w, https:\/\/www.familinparis.fr\/wp-content\/uploads\/cinema\/forum-des-images-festival-cinema-16x9.jpg 16w, https:\/\/www.familinparis.fr\/wp-content\/uploads\/cinema\/forum-des-images-festival-cinema-730x404.jpg 730w\" sizes=\"(max-width: 745px) 100vw, 745px\" \/><\/figure>\n<\/div>\n<div style=\"height:49px\" aria-hidden=\"true\" class=\"wp-block-spacer\"><\/div>\n\n<h2 class=\"wp-block-heading has-luminous-vivid-orange-color has-text-color\">Le Festival Tout-Petits Cin\u00e9ma 2026<\/h2>\n\n<ul class=\"wp-block-list\">\n<li>The film festival for toddlers: from 18 months to 4 years old<\/li>\n\n\n\n<li>Tous les mercredis, samedis et dimanches entre le 21 f\u00e9vrier et le 1er mars 2026<\/li>\n\n\n\n<li><strong>at 11 a.m. and 4 p.m.<\/strong><\/li>\n<\/ul>\n\n<ul class=\"wp-block-list\">\n<li>Each session of the Tout-Petits Cin\u00e9ma festival offers an <strong>introduction to cinema<\/strong> with the <strong>screening of a film accompanied by performing artists.<\/strong><\/li>\n\n\n\n<li>In total, <strong>8 film shows<\/strong> \u2013 including 4 new creations \u2013 <strong>accompanied live by musicians.<\/strong><\/li>\n\n\n\n<li>The very little cinema festival is: 3 weekends and 2 Wednesdays of images and music, workshops and activities for the little ones!<\/li>\n\n\n\n<li>Snacks offered at the end of the afternoon session.<\/li>\n\n\n\n<li>After each session, possibility to attend a workshop at 2:30 pm.  <\/li>\n\n\n\n<li><strong>Reservation is highly recommended, <\/strong>given the success of this event for toddlers<\/li>\n<\/ul>\n\n<div class=\"wp-block-buttons is-horizontal is-content-justification-center is-layout-flex wp-container-core-buttons-is-layout-499968f5 wp-block-buttons-is-layout-flex\">\n<div class=\"wp-block-button\"><a class=\"wp-block-button__link has-white-color has-text-color has-background wp-element-button\" href=\"https:\/\/www.forumdesimages.fr\/tout-petits-cinema-2026\" style=\"border-radius:1px;background-color:#6588a4\" target=\"_blank\" rel=\"noreferrer noopener nofollow\">PROGRAM AND BOOKING<\/a><\/div>\n<\/div>\n\n<div style=\"height:49px\" aria-hidden=\"true\" class=\"wp-block-spacer\"><\/div>\n<div class=\"lazyblock-grids-ZE6Bw5 wp-block-lazyblock-grids\"><!--\n<div class=\"row new-grids grids-style-2\">\n    <div class=\"glide grid-carousel\">\n        <div class=\"grid-title grid-carousel--title\">\n            <div>\n                                    <h2>LE CIN\u00c9MA POUR LE JEUNE PUBLIC \u00c0 PARIS<\/h2>\n                                            <\/div>\n            <div>\n                <div class=\"glide__arrows\" data-glide-el=\"controls\">\n                    <button class=\"glide__arrow glide__arrow--left\" data-glide-dir=\"|&lt;\"><i class=\"fa fa-angle-left\"><\/i><\/button>\n                    <button class=\"glide__arrow glide__arrow--right\" data-glide-dir=\"|&gt;\"><i class=\"fa fa-angle-right\"><\/i><\/button>\n                <\/div>\n            <\/div>\n        <\/div>\n        \n        <div class=\"glide__track\" data-glide-el=\"track\">\n            <ul class=\"glide__slides\">\n                <li class=\"glide__slide\">\n\n<div class=\"grid\">\n\t<a href=\"https:\/\/www.familinparis.fr\/en\/rex-studios-reduced-rate\/\" target=\"_self\">\n\t    <div class=\"image\" style=\"background-image:url('https:\/\/www.familinparis.fr\/wp-content\/uploads\/photos-familinparis-2021\/loisirs\/rex-studios\/visite-du-rex-studios-grad-rex-\u00a9FamilinParis-1280x960-1-564x282.jpg')\">\n\t    \t\t    \t<div class=\"dateOnImg\">All year round<\/div>\n\t    \t\t\t\t\t    <\/div>\n\t    <div class=\"texte\">\n\t        <h5>In the 2nd<\/h5>\n\t        <h3>Rex Studios, the behind-the-scenes tour of the Grand Rex<\/h3>\n\t        <div class=\"tags\">\n\t        \t\t        \t\t<span>PROMO : -12%<\/span>\n\t        \t\t        \t<span>50 minutes <\/span>\n\t        <\/div>\n\t        <div class=\"bas\">\n        \t\t<div class=\"prix\">\n        \t\t\t\t        \t\t\t<span>From<\/span>\n\t        \t\t\t<span class=\"chiffre-barre\">10\u20ac<\/span>\n\t        \t\t\t<span class=\"chiffre\">8,8\u20ac<\/span>\t        \t\t        \t\t<\/div>\n            \t<div class=\"review-stars\" data-productId=\"10\">\n            \t<\/div>\n\t        <\/div>\n\t    <\/div>\n\t<\/a>\n<\/div><\/li><li class=\"glide__slide\">\n\n<div class=\"grid\">\n\t<a href=\"https:\/\/www.familinparis.fr\/en\/open-air-cinema-at-la-villette\/\" target=\"_self\">\n\t    <div class=\"image\" style=\"background-image:url('https:\/\/www.familinparis.fr\/wp-content\/uploads\/2021\/01\/Horizontale-Photo-\u220f-Julien-HClaine-cinema-a-la-villette-564x282.jpg')\">\n\t    \t\t    \t<div class=\"dateOnImg\">Du 23 juillet au 17 ao\u00fbt 2025<\/div>\n\t    \t\t\t\t\t    <\/div>\n\t    <div class=\"texte\">\n\t        <h5>A la Villette (Paris 19e)<\/h5>\n\t        <h3>Open-air cinema at La Villette - Paris 2025<\/h3>\n\t        <div class=\"tags\">\n\t        \t\t        \t\t<span>Pour les ados<\/span>\n\t        \t\t        \t<span><\/span>\n\t        <\/div>\n\t        <div class=\"bas\">\n        \t\t<div class=\"prix\">\n        \t\t\t        \t\t<\/div>\n            \t<div class=\"review-stars\" data-productId=\"\">\n            \t<\/div>\n\t        <\/div>\n\t    <\/div>\n\t<\/a>\n<\/div><\/li><li class=\"glide__slide\">\n\n<div class=\"grid\">\n\t<a href=\"https:\/\/www.familinparis.fr\/en\/the-cinematheques-screenings-for-young-audiences\/\" target=\"_self\">\n\t    <div class=\"image\" style=\"background-image:url('https:\/\/www.familinparis.fr\/wp-content\/uploads\/cinema\/la-cinemathque-programme-famille-564x282.jpg')\">\n\t    \t\t\t\t\t    <\/div>\n\t    <div class=\"texte\">\n\t        <h5><\/h5>\n\t        <h3>The Cin\u00e9math\u00e8que's screenings for young audiences<\/h3>\n\t        <div class=\"tags\">\n\t        \t\t        \t<span><\/span>\n\t        <\/div>\n\t        <div class=\"bas\">\n        \t\t<div class=\"prix\">\n        \t\t\t        \t\t<\/div>\n            \t<div class=\"review-stars\" data-productId=\"\">\n            \t<\/div>\n\t        <\/div>\n\t    <\/div>\n\t<\/a>\n<\/div><\/li><li class=\"glide__slide\">\n\n<div class=\"grid\">\n\t<a href=\"https:\/\/www.familinparis.fr\/en\/my-first-festival\/\" target=\"_self\">\n\t    <div class=\"image\" style=\"background-image:url('https:\/\/www.familinparis.fr\/wp-content\/uploads\/2021\/10\/518335648_1279927447474192_511037865280337587_n-564x282.jpg')\">\n\t    \t\t\t\t\t    <\/div>\n\t    <div class=\"texte\">\n\t        <h5><\/h5>\n\t        <h3>My First Festival<\/h3>\n\t        <div class=\"tags\">\n\t        \t\t        \t<span><\/span>\n\t        <\/div>\n\t        <div class=\"bas\">\n        \t\t<div class=\"prix\">\n        \t\t\t        \t\t<\/div>\n            \t<div class=\"review-stars\" data-productId=\"\">\n            \t<\/div>\n\t        <\/div>\n\t    <\/div>\n\t<\/a>\n<\/div><\/li><li class=\"glide__slide\">\n\n<div class=\"grid\">\n\t<a href=\"https:\/\/www.familinparis.fr\/en\/cinema-for-young-audiences\/\" target=\"_self\">\n\t    <div class=\"image\" style=\"background-image:url('https:\/\/www.familinparis.fr\/wp-content\/uploads\/cinema\/MA-stubby-564x282.jpg')\">\n\t    \t\t\t\t\t    <\/div>\n\t    <div class=\"texte\">\n\t        <h5><\/h5>\n\t        <h3>Cinema for young audiences<\/h3>\n\t        <div class=\"tags\">\n\t        \t\t        \t<span><\/span>\n\t        <\/div>\n\t        <div class=\"bas\">\n        \t\t<div class=\"prix\">\n        \t\t\t        \t\t<\/div>\n            \t<div class=\"review-stars\" data-productId=\"\">\n            \t<\/div>\n\t        <\/div>\n\t    <\/div>\n\t<\/a>\n<\/div><\/li><li class=\"glide__slide\">\n\n<div class=\"grid\">\n\t<a href=\"https:\/\/www.familinparis.fr\/en\/the-geode\/\" target=\"_self\">\n\t    <div class=\"image\" style=\"background-image:url('https:\/\/www.familinparis.fr\/wp-content\/uploads\/photos-familinparis-2021\/quartier\/la-villette\/bassin-de-la-villette-\u00a9FamilinParis-960x531-1-564x282.jpg')\">\n\t    \t\t\t\t\t    <\/div>\n\t    <div class=\"texte\">\n\t        <h5><\/h5>\n\t        <h3>The Geode<\/h3>\n\t        <div class=\"tags\">\n\t        \t\t        \t<span><\/span>\n\t        <\/div>\n\t        <div class=\"bas\">\n        \t\t<div class=\"prix\">\n        \t\t\t        \t\t<\/div>\n            \t<div class=\"review-stars\" data-productId=\"\">\n            \t<\/div>\n\t        <\/div>\n\t    <\/div>\n\t<\/a>\n<\/div><\/li>            <\/ul>\n        <\/div>\n    <\/div>\n    \n    <\/div>\n-->\n<style type=\"text\/css\">\n    .swiper{\n        width: 100%;\n    }\n    .grid-carousel__arrows {\n        display: flex;\n        gap: 1rem;\n\n    }\n    button.grid-carousel__arrow {\n        background: #008098;\n        border-radius: 50%;\n        height: 50px;\n        width: 50px;\n        border: 2px solid #008098;\n        color: #ffff;\n        padding: 0px;\n        text-align: center;\n    }\n\n    button.grid-carousel__arrow.swiper-button-disabled{\n        opacity: .15;\n    }\n    .grid-carousel .swiper-slide {\n         min-width: 300px;\n    }\n    @media (max-width: 799px) {\n        .grid-carousel__arrows {\n            display: none;\n        }\n        .grid-carousel .swiper-slide {\n            width: 40%;\n        }\n    }\n    @media (max-width: 529px) {\n        .grid-carousel .swiper-slide {\n            width: 75%;\n        }\n    }\n<\/style>\n\n<div class=\"row new-grids grids-style-2\">\n    <div class=\"swiper grid-carousel\">\n        <div class=\"grid-title grid-carousel--title\">\n            <div>\n                                    <h2>LE CIN\u00c9MA POUR LE JEUNE PUBLIC \u00c0 PARIS<\/h2>\n                                            <\/div>\n            <div>\n                <div class=\"grid-carousel__arrows\">\n                    <button class=\"grid-carousel__arrow grid-carousel__arrow--left\">\n                        <i class=\"fa fa-angle-left\"><\/i>\n                    <\/button>\n                    <button class=\"grid-carousel__arrow grid-carousel__arrow--right\">\n                        <i class=\"fa fa-angle-right\"><\/i>\n                    <\/button>\n                <\/div>\n            <\/div>\n        <\/div>\n        \n        <div class=\"swiper-wrapper\">\n            <div class=\"swiper-slide\">\n\n<div class=\"grid\">\n\t<a href=\"https:\/\/www.familinparis.fr\/en\/rex-studios-reduced-rate\/\" target=\"_self\">\n\t    <div class=\"image\" style=\"background-image:url('https:\/\/www.familinparis.fr\/wp-content\/uploads\/photos-familinparis-2021\/loisirs\/rex-studios\/visite-du-rex-studios-grad-rex-\u00a9FamilinParis-1280x960-1-564x282.jpg')\">\n\t    \t\t    \t<div class=\"dateOnImg\">All year round<\/div>\n\t    \t\t\t\t\t    <\/div>\n\t    <div class=\"texte\">\n\t        <h5>In the 2nd<\/h5>\n\t        <h3>Rex Studios, the behind-the-scenes tour of the Grand Rex<\/h3>\n\t        <div class=\"tags\">\n\t        \t\t        \t\t<span>PROMO : -12%<\/span>\n\t        \t\t        \t<span>50 minutes <\/span>\n\t        <\/div>\n\t        <div class=\"bas\">\n        \t\t<div class=\"prix\">\n        \t\t\t\t        \t\t\t<span>From<\/span>\n\t        \t\t\t<span class=\"chiffre-barre\">10\u20ac<\/span>\n\t        \t\t\t<span class=\"chiffre\">8,8\u20ac<\/span>\t        \t\t        \t\t<\/div>\n            \t<div class=\"review-stars\" data-productId=\"10\">\n            \t<\/div>\n\t        <\/div>\n\t    <\/div>\n\t<\/a>\n<\/div><\/div><div class=\"swiper-slide\">\n\n<div class=\"grid\">\n\t<a href=\"https:\/\/www.familinparis.fr\/en\/open-air-cinema-at-la-villette\/\" target=\"_self\">\n\t    <div class=\"image\" style=\"background-image:url('https:\/\/www.familinparis.fr\/wp-content\/uploads\/2021\/01\/Horizontale-Photo-\u220f-Julien-HClaine-cinema-a-la-villette-564x282.jpg')\">\n\t    \t\t    \t<div class=\"dateOnImg\">Du 23 juillet au 17 ao\u00fbt 2025<\/div>\n\t    \t\t\t\t\t    <\/div>\n\t    <div class=\"texte\">\n\t        <h5>A la Villette (Paris 19e)<\/h5>\n\t        <h3>Open-air cinema at La Villette &#8211; Paris 2025<\/h3>\n\t        <div class=\"tags\">\n\t        \t\t        \t\t<span>Pour les ados<\/span>\n\t        \t\t        \t<span><\/span>\n\t        <\/div>\n\t        <div class=\"bas\">\n        \t\t<div class=\"prix\">\n        \t\t\t        \t\t<\/div>\n            \t<div class=\"review-stars\" data-productId=\"\">\n            \t<\/div>\n\t        <\/div>\n\t    <\/div>\n\t<\/a>\n<\/div><\/div><div class=\"swiper-slide\">\n\n<div class=\"grid\">\n\t<a href=\"https:\/\/www.familinparis.fr\/en\/the-cinematheques-screenings-for-young-audiences\/\" target=\"_self\">\n\t    <div class=\"image\" style=\"background-image:url('https:\/\/www.familinparis.fr\/wp-content\/uploads\/cinema\/la-cinemathque-programme-famille-564x282.jpg')\">\n\t    \t\t\t\t\t    <\/div>\n\t    <div class=\"texte\">\n\t        <h5><\/h5>\n\t        <h3>The Cin\u00e9math\u00e8que&#8217;s screenings for young audiences<\/h3>\n\t        <div class=\"tags\">\n\t        \t\t        \t<span><\/span>\n\t        <\/div>\n\t        <div class=\"bas\">\n        \t\t<div class=\"prix\">\n        \t\t\t        \t\t<\/div>\n            \t<div class=\"review-stars\" data-productId=\"\">\n            \t<\/div>\n\t        <\/div>\n\t    <\/div>\n\t<\/a>\n<\/div><\/div><div class=\"swiper-slide\">\n\n<div class=\"grid\">\n\t<a href=\"https:\/\/www.familinparis.fr\/en\/my-first-festival\/\" target=\"_self\">\n\t    <div class=\"image\" style=\"background-image:url('https:\/\/www.familinparis.fr\/wp-content\/uploads\/2021\/10\/518335648_1279927447474192_511037865280337587_n-564x282.jpg')\">\n\t    \t\t\t\t\t    <\/div>\n\t    <div class=\"texte\">\n\t        <h5><\/h5>\n\t        <h3>My First Festival<\/h3>\n\t        <div class=\"tags\">\n\t        \t\t        \t<span><\/span>\n\t        <\/div>\n\t        <div class=\"bas\">\n        \t\t<div class=\"prix\">\n        \t\t\t        \t\t<\/div>\n            \t<div class=\"review-stars\" data-productId=\"\">\n            \t<\/div>\n\t        <\/div>\n\t    <\/div>\n\t<\/a>\n<\/div><\/div><div class=\"swiper-slide\">\n\n<div class=\"grid\">\n\t<a href=\"https:\/\/www.familinparis.fr\/en\/cinema-for-young-audiences\/\" target=\"_self\">\n\t    <div class=\"image\" style=\"background-image:url('https:\/\/www.familinparis.fr\/wp-content\/uploads\/cinema\/MA-stubby-564x282.jpg')\">\n\t    \t\t\t\t\t    <\/div>\n\t    <div class=\"texte\">\n\t        <h5><\/h5>\n\t        <h3>Cinema for young audiences<\/h3>\n\t        <div class=\"tags\">\n\t        \t\t        \t<span><\/span>\n\t        <\/div>\n\t        <div class=\"bas\">\n        \t\t<div class=\"prix\">\n        \t\t\t        \t\t<\/div>\n            \t<div class=\"review-stars\" data-productId=\"\">\n            \t<\/div>\n\t        <\/div>\n\t    <\/div>\n\t<\/a>\n<\/div><\/div><div class=\"swiper-slide\">\n\n<div class=\"grid\">\n\t<a href=\"https:\/\/www.familinparis.fr\/en\/the-geode\/\" target=\"_self\">\n\t    <div class=\"image\" style=\"background-image:url('https:\/\/www.familinparis.fr\/wp-content\/uploads\/photos-familinparis-2021\/quartier\/la-villette\/bassin-de-la-villette-\u00a9FamilinParis-960x531-1-564x282.jpg')\">\n\t    \t\t\t\t\t    <\/div>\n\t    <div class=\"texte\">\n\t        <h5><\/h5>\n\t        <h3>The Geode<\/h3>\n\t        <div class=\"tags\">\n\t        \t\t        \t<span><\/span>\n\t        <\/div>\n\t        <div class=\"bas\">\n        \t\t<div class=\"prix\">\n        \t\t\t        \t\t<\/div>\n            \t<div class=\"review-stars\" data-productId=\"\">\n            \t<\/div>\n\t        <\/div>\n\t    <\/div>\n\t<\/a>\n<\/div><\/div>        <\/div>\n    <\/div>\n    \n    <\/div>\n\n<\/div>\n<div style=\"height:100px\" aria-hidden=\"true\" class=\"wp-block-spacer\"><\/div>\n\n<div class=\"wp-block-buttons is-horizontal is-content-justification-center is-layout-flex wp-container-core-buttons-is-layout-499968f5 wp-block-buttons-is-layout-flex\">\n<div class=\"wp-block-button\"><a class=\"wp-block-button__link has-white-color has-text-color has-background wp-element-button\" href=\"https:\/\/www.familinparis.fr\/en\/paris-with-a-small-child\/\" style=\"border-radius:1px;background-color:#73c6b6\">PARIS WITH TODDLERS<\/a><\/div>\n<\/div>\n\n<div style=\"height:100px\" aria-hidden=\"true\" class=\"wp-block-spacer\"><\/div>\n\n<p><\/p>\n","protected":false},"excerpt":{"rendered":"<p>  From February 10 to February 25, 2024<\/p>\n","protected":false},"author":5,"featured_media":142041,"comment_status":"open","ping_status":"open","sticky":false,"template":"","format":"standard","meta":{"_uag_custom_page_level_css":"","footnotes":""},"categories":[85,1035,192,1255],"tags":[1142,1143,1069,889,283],"class_list":{"0":"post-135357","1":"post","2":"type-post","3":"status-publish","4":"format-standard","5":"has-post-thumbnail","7":"category-actualites","8":"category-archives","9":"category-ateliers","10":"category-cinema-en","11":"tag-15-fevrier","12":"tag-1er-mars","13":"tag-archive-fevrier","14":"tag-fevrier","15":"tag-pluie"},"yoast_head":"<!-- This site is optimized with the Yoast SEO plugin v27.2 - https:\/\/yoast.com\/product\/yoast-seo-wordpress\/ -->\n<title>The &quot;Tout-Petits Cin\u00e9ma&quot; festival at the Forum des Images | 2023 Edition<\/title>\n<meta name=\"description\" content=\"Festival Tout-Petits Cin\u00e9ma is the film festival for children from 18 months to 4 years old. At the Forum des Images (Paris 1st).\" \/>\n<meta name=\"robots\" content=\"index, follow, max-snippet:-1, max-image-preview:large, max-video-preview:-1\" \/>\n<link rel=\"canonical\" href=\"https:\/\/www.familinparis.fr\/en\/toddler-cinema-festival\/\" \/>\n<meta property=\"og:locale\" content=\"en_US\" \/>\n<meta property=\"og:type\" content=\"article\" \/>\n<meta property=\"og:title\" content=\"The &quot;Tout-Petits Cin\u00e9ma&quot; festival at the Forum des Images | 2023 Edition\" \/>\n<meta property=\"og:description\" content=\"Festival Tout-Petits Cin\u00e9ma is the film festival for children from 18 months to 4 years old. At the Forum des Images (Paris 1st).\" \/>\n<meta property=\"og:url\" content=\"https:\/\/www.familinparis.fr\/en\/toddler-cinema-festival\/\" \/>\n<meta property=\"og:site_name\" content=\"Familin&#039;Paris\" \/>\n<meta property=\"article:published_time\" content=\"2024-01-31T00:02:00+00:00\" \/>\n<meta property=\"article:modified_time\" content=\"2026-02-12T12:37:26+00:00\" \/>\n<meta property=\"og:image\" content=\"https:\/\/www.familinparis.fr\/wp-content\/uploads\/cinema\/forum-des-images-tout-petits-cinema2025.jpg\" \/>\n\t<meta property=\"og:image:width\" content=\"300\" \/>\n\t<meta property=\"og:image:height\" content=\"456\" \/>\n\t<meta property=\"og:image:type\" content=\"image\/jpeg\" \/>\n<meta name=\"author\" content=\"olivia\" \/>\n<meta name=\"twitter:card\" content=\"summary_large_image\" \/>\n<meta name=\"twitter:label1\" content=\"Written by\" \/>\n\t<meta name=\"twitter:data1\" content=\"olivia\" \/>\n\t<meta name=\"twitter:label2\" content=\"Est. reading time\" \/>\n\t<meta name=\"twitter:data2\" content=\"1 minute\" \/>\n<script type=\"application\/ld+json\" class=\"yoast-schema-graph\">{\"@context\":\"https:\/\/schema.org\",\"@graph\":[{\"@type\":\"Article\",\"@id\":\"https:\/\/www.familinparis.fr\/en\/toddler-cinema-festival\/#article\",\"isPartOf\":{\"@id\":\"https:\/\/www.familinparis.fr\/en\/toddler-cinema-festival\/\"},\"author\":{\"name\":\"olivia\",\"@id\":\"https:\/\/www.familinparis.fr\/en\/#\/schema\/person\/a87467bb417cd0c77d0a7bb5d1d78ac5\"},\"headline\":\"Toddler Cinema Festival\",\"datePublished\":\"2024-01-31T00:02:00+00:00\",\"dateModified\":\"2026-02-12T12:37:26+00:00\",\"mainEntityOfPage\":{\"@id\":\"https:\/\/www.familinparis.fr\/en\/toddler-cinema-festival\/\"},\"wordCount\":278,\"commentCount\":0,\"image\":{\"@id\":\"https:\/\/www.familinparis.fr\/en\/toddler-cinema-festival\/#primaryimage\"},\"thumbnailUrl\":\"https:\/\/www.familinparis.fr\/wp-content\/uploads\/cinema\/forum-des-images-tout-petits-cinema2025.jpg\",\"keywords\":[\"15 f\u00e9vrier\",\"1er mars\",\"archive f\u00e9vrier\",\"F\u00e9vrier\",\"pluie\"],\"articleSection\":[\"Actualit\u00e9s\",\"Archives\",\"Ateliers\",\"Cinema\"],\"inLanguage\":\"en-US\",\"potentialAction\":[{\"@type\":\"CommentAction\",\"name\":\"Comment\",\"target\":[\"https:\/\/www.familinparis.fr\/en\/toddler-cinema-festival\/#respond\"]}]},{\"@type\":\"WebPage\",\"@id\":\"https:\/\/www.familinparis.fr\/en\/toddler-cinema-festival\/\",\"url\":\"https:\/\/www.familinparis.fr\/en\/toddler-cinema-festival\/\",\"name\":\"The \\\"Tout-Petits Cin\u00e9ma\\\" festival at the Forum des Images | 2023 Edition\",\"isPartOf\":{\"@id\":\"https:\/\/www.familinparis.fr\/en\/#website\"},\"primaryImageOfPage\":{\"@id\":\"https:\/\/www.familinparis.fr\/en\/toddler-cinema-festival\/#primaryimage\"},\"image\":{\"@id\":\"https:\/\/www.familinparis.fr\/en\/toddler-cinema-festival\/#primaryimage\"},\"thumbnailUrl\":\"https:\/\/www.familinparis.fr\/wp-content\/uploads\/cinema\/forum-des-images-tout-petits-cinema2025.jpg\",\"datePublished\":\"2024-01-31T00:02:00+00:00\",\"dateModified\":\"2026-02-12T12:37:26+00:00\",\"author\":{\"@id\":\"https:\/\/www.familinparis.fr\/en\/#\/schema\/person\/a87467bb417cd0c77d0a7bb5d1d78ac5\"},\"description\":\"Festival Tout-Petits Cin\u00e9ma is the film festival for children from 18 months to 4 years old. At the Forum des Images (Paris 1st).\",\"breadcrumb\":{\"@id\":\"https:\/\/www.familinparis.fr\/en\/toddler-cinema-festival\/#breadcrumb\"},\"inLanguage\":\"en-US\",\"potentialAction\":[{\"@type\":\"ReadAction\",\"target\":[\"https:\/\/www.familinparis.fr\/en\/toddler-cinema-festival\/\"]}]},{\"@type\":\"ImageObject\",\"inLanguage\":\"en-US\",\"@id\":\"https:\/\/www.familinparis.fr\/en\/toddler-cinema-festival\/#primaryimage\",\"url\":\"https:\/\/www.familinparis.fr\/wp-content\/uploads\/cinema\/forum-des-images-tout-petits-cinema2025.jpg\",\"contentUrl\":\"https:\/\/www.familinparis.fr\/wp-content\/uploads\/cinema\/forum-des-images-tout-petits-cinema2025.jpg\",\"width\":300,\"height\":456,\"caption\":\"Festival Tout Petits cin\u00e9ma au Forum des Images\"},{\"@type\":\"BreadcrumbList\",\"@id\":\"https:\/\/www.familinparis.fr\/en\/toddler-cinema-festival\/#breadcrumb\",\"itemListElement\":[{\"@type\":\"ListItem\",\"position\":1,\"name\":\"Home\",\"item\":\"https:\/\/www.familinparis.fr\/en\/\"},{\"@type\":\"ListItem\",\"position\":2,\"name\":\"Leisure\",\"item\":\"https:\/\/www.familinparis.fr\/en\/categorie\/leisure-en\/\"},{\"@type\":\"ListItem\",\"position\":3,\"name\":\"Cinema\",\"item\":\"https:\/\/www.familinparis.fr\/en\/categorie\/leisure-en\/cinema-en\/\"},{\"@type\":\"ListItem\",\"position\":4,\"name\":\"Toddler Cinema Festival\"}]},{\"@type\":\"WebSite\",\"@id\":\"https:\/\/www.familinparis.fr\/en\/#website\",\"url\":\"https:\/\/www.familinparis.fr\/en\/\",\"name\":\"Familin&#039;Paris\",\"description\":\"Visiter le meilleur de Paris avec des enfants : sorties, spectacles, adresses de restaurants, shopping, bons plans...\",\"potentialAction\":[{\"@type\":\"SearchAction\",\"target\":{\"@type\":\"EntryPoint\",\"urlTemplate\":\"https:\/\/www.familinparis.fr\/en\/?s={search_term_string}\"},\"query-input\":{\"@type\":\"PropertyValueSpecification\",\"valueRequired\":true,\"valueName\":\"search_term_string\"}}],\"inLanguage\":\"en-US\"},{\"@type\":\"Person\",\"@id\":\"https:\/\/www.familinparis.fr\/en\/#\/schema\/person\/a87467bb417cd0c77d0a7bb5d1d78ac5\",\"name\":\"olivia\",\"image\":{\"@type\":\"ImageObject\",\"inLanguage\":\"en-US\",\"@id\":\"https:\/\/secure.gravatar.com\/avatar\/cbca07f1dfea20f457a666a1b84ed5cf1364773d1378c6f10fd36c354eef1ef8?s=96&d=identicon&r=g\",\"url\":\"https:\/\/secure.gravatar.com\/avatar\/cbca07f1dfea20f457a666a1b84ed5cf1364773d1378c6f10fd36c354eef1ef8?s=96&d=identicon&r=g\",\"contentUrl\":\"https:\/\/secure.gravatar.com\/avatar\/cbca07f1dfea20f457a666a1b84ed5cf1364773d1378c6f10fd36c354eef1ef8?s=96&d=identicon&r=g\",\"caption\":\"olivia\"}}]}<\/script>\n<!-- \/ Yoast SEO plugin. -->","yoast_head_json":{"title":"The \"Tout-Petits Cin\u00e9ma\" festival at the Forum des Images | 2023 Edition","description":"Festival Tout-Petits Cin\u00e9ma is the film festival for children from 18 months to 4 years old. At the Forum des Images (Paris 1st).","robots":{"index":"index","follow":"follow","max-snippet":"max-snippet:-1","max-image-preview":"max-image-preview:large","max-video-preview":"max-video-preview:-1"},"canonical":"https:\/\/www.familinparis.fr\/en\/toddler-cinema-festival\/","og_locale":"en_US","og_type":"article","og_title":"The \"Tout-Petits Cin\u00e9ma\" festival at the Forum des Images | 2023 Edition","og_description":"Festival Tout-Petits Cin\u00e9ma is the film festival for children from 18 months to 4 years old. At the Forum des Images (Paris 1st).","og_url":"https:\/\/www.familinparis.fr\/en\/toddler-cinema-festival\/","og_site_name":"Familin&#039;Paris","article_published_time":"2024-01-31T00:02:00+00:00","article_modified_time":"2026-02-12T12:37:26+00:00","og_image":[{"width":300,"height":456,"url":"https:\/\/www.familinparis.fr\/wp-content\/uploads\/cinema\/forum-des-images-tout-petits-cinema2025.jpg","type":"image\/jpeg"}],"author":"olivia","twitter_card":"summary_large_image","twitter_misc":{"Written by":"olivia","Est. reading time":"1 minute"},"schema":{"@context":"https:\/\/schema.org","@graph":[{"@type":"Article","@id":"https:\/\/www.familinparis.fr\/en\/toddler-cinema-festival\/#article","isPartOf":{"@id":"https:\/\/www.familinparis.fr\/en\/toddler-cinema-festival\/"},"author":{"name":"olivia","@id":"https:\/\/www.familinparis.fr\/en\/#\/schema\/person\/a87467bb417cd0c77d0a7bb5d1d78ac5"},"headline":"Toddler Cinema Festival","datePublished":"2024-01-31T00:02:00+00:00","dateModified":"2026-02-12T12:37:26+00:00","mainEntityOfPage":{"@id":"https:\/\/www.familinparis.fr\/en\/toddler-cinema-festival\/"},"wordCount":278,"commentCount":0,"image":{"@id":"https:\/\/www.familinparis.fr\/en\/toddler-cinema-festival\/#primaryimage"},"thumbnailUrl":"https:\/\/www.familinparis.fr\/wp-content\/uploads\/cinema\/forum-des-images-tout-petits-cinema2025.jpg","keywords":["15 f\u00e9vrier","1er mars","archive f\u00e9vrier","F\u00e9vrier","pluie"],"articleSection":["Actualit\u00e9s","Archives","Ateliers","Cinema"],"inLanguage":"en-US","potentialAction":[{"@type":"CommentAction","name":"Comment","target":["https:\/\/www.familinparis.fr\/en\/toddler-cinema-festival\/#respond"]}]},{"@type":"WebPage","@id":"https:\/\/www.familinparis.fr\/en\/toddler-cinema-festival\/","url":"https:\/\/www.familinparis.fr\/en\/toddler-cinema-festival\/","name":"The \"Tout-Petits Cin\u00e9ma\" festival at the Forum des Images | 2023 Edition","isPartOf":{"@id":"https:\/\/www.familinparis.fr\/en\/#website"},"primaryImageOfPage":{"@id":"https:\/\/www.familinparis.fr\/en\/toddler-cinema-festival\/#primaryimage"},"image":{"@id":"https:\/\/www.familinparis.fr\/en\/toddler-cinema-festival\/#primaryimage"},"thumbnailUrl":"https:\/\/www.familinparis.fr\/wp-content\/uploads\/cinema\/forum-des-images-tout-petits-cinema2025.jpg","datePublished":"2024-01-31T00:02:00+00:00","dateModified":"2026-02-12T12:37:26+00:00","author":{"@id":"https:\/\/www.familinparis.fr\/en\/#\/schema\/person\/a87467bb417cd0c77d0a7bb5d1d78ac5"},"description":"Festival Tout-Petits Cin\u00e9ma is the film festival for children from 18 months to 4 years old. At the Forum des Images (Paris 1st).","breadcrumb":{"@id":"https:\/\/www.familinparis.fr\/en\/toddler-cinema-festival\/#breadcrumb"},"inLanguage":"en-US","potentialAction":[{"@type":"ReadAction","target":["https:\/\/www.familinparis.fr\/en\/toddler-cinema-festival\/"]}]},{"@type":"ImageObject","inLanguage":"en-US","@id":"https:\/\/www.familinparis.fr\/en\/toddler-cinema-festival\/#primaryimage","url":"https:\/\/www.familinparis.fr\/wp-content\/uploads\/cinema\/forum-des-images-tout-petits-cinema2025.jpg","contentUrl":"https:\/\/www.familinparis.fr\/wp-content\/uploads\/cinema\/forum-des-images-tout-petits-cinema2025.jpg","width":300,"height":456,"caption":"Festival Tout Petits cin\u00e9ma au Forum des Images"},{"@type":"BreadcrumbList","@id":"https:\/\/www.familinparis.fr\/en\/toddler-cinema-festival\/#breadcrumb","itemListElement":[{"@type":"ListItem","position":1,"name":"Home","item":"https:\/\/www.familinparis.fr\/en\/"},{"@type":"ListItem","position":2,"name":"Leisure","item":"https:\/\/www.familinparis.fr\/en\/categorie\/leisure-en\/"},{"@type":"ListItem","position":3,"name":"Cinema","item":"https:\/\/www.familinparis.fr\/en\/categorie\/leisure-en\/cinema-en\/"},{"@type":"ListItem","position":4,"name":"Toddler Cinema Festival"}]},{"@type":"WebSite","@id":"https:\/\/www.familinparis.fr\/en\/#website","url":"https:\/\/www.familinparis.fr\/en\/","name":"Familin&#039;Paris","description":"Visiter le meilleur de Paris avec des enfants : sorties, spectacles, adresses de restaurants, shopping, bons plans...","potentialAction":[{"@type":"SearchAction","target":{"@type":"EntryPoint","urlTemplate":"https:\/\/www.familinparis.fr\/en\/?s={search_term_string}"},"query-input":{"@type":"PropertyValueSpecification","valueRequired":true,"valueName":"search_term_string"}}],"inLanguage":"en-US"},{"@type":"Person","@id":"https:\/\/www.familinparis.fr\/en\/#\/schema\/person\/a87467bb417cd0c77d0a7bb5d1d78ac5","name":"olivia","image":{"@type":"ImageObject","inLanguage":"en-US","@id":"https:\/\/secure.gravatar.com\/avatar\/cbca07f1dfea20f457a666a1b84ed5cf1364773d1378c6f10fd36c354eef1ef8?s=96&d=identicon&r=g","url":"https:\/\/secure.gravatar.com\/avatar\/cbca07f1dfea20f457a666a1b84ed5cf1364773d1378c6f10fd36c354eef1ef8?s=96&d=identicon&r=g","contentUrl":"https:\/\/secure.gravatar.com\/avatar\/cbca07f1dfea20f457a666a1b84ed5cf1364773d1378c6f10fd36c354eef1ef8?s=96&d=identicon&r=g","caption":"olivia"}}]}},"uagb_featured_image_src":{"full":["https:\/\/www.familinparis.fr\/wp-content\/uploads\/cinema\/forum-des-images-tout-petits-cinema2025.jpg",300,456,false],"thumbnail":["https:\/\/www.familinparis.fr\/wp-content\/uploads\/cinema\/forum-des-images-tout-petits-cinema2025-150x150.jpg",150,150,true],"medium":["https:\/\/www.familinparis.fr\/wp-content\/uploads\/cinema\/forum-des-images-tout-petits-cinema2025-197x300.jpg",197,300,true],"medium_large":["https:\/\/www.familinparis.fr\/wp-content\/uploads\/cinema\/forum-des-images-tout-petits-cinema2025.jpg",300,456,false],"large":["https:\/\/www.familinparis.fr\/wp-content\/uploads\/cinema\/forum-des-images-tout-petits-cinema2025.jpg",300,456,false],"1536x1536":["https:\/\/www.familinparis.fr\/wp-content\/uploads\/cinema\/forum-des-images-tout-petits-cinema2025.jpg",300,456,false],"2048x2048":["https:\/\/www.familinparis.fr\/wp-content\/uploads\/cinema\/forum-des-images-tout-petits-cinema2025.jpg",300,456,false],"home-thumb":["https:\/\/www.familinparis.fr\/wp-content\/uploads\/cinema\/forum-des-images-tout-petits-cinema2025.jpg",300,456,false],"home-slider":["https:\/\/www.familinparis.fr\/wp-content\/uploads\/cinema\/forum-des-images-tout-petits-cinema2025.jpg",300,456,false],"lightbox-slider-size":["https:\/\/www.familinparis.fr\/wp-content\/uploads\/cinema\/forum-des-images-tout-petits-cinema2025-300x282.jpg",300,282,true],"post-thumbnail":["https:\/\/www.familinparis.fr\/wp-content\/uploads\/cinema\/forum-des-images-tout-petits-cinema2025-270x180.jpg",270,180,true],"cheerup-main":["https:\/\/www.familinparis.fr\/wp-content\/uploads\/cinema\/forum-des-images-tout-petits-cinema2025-300x400.jpg",300,400,true],"cheerup-main-full":["https:\/\/www.familinparis.fr\/wp-content\/uploads\/cinema\/forum-des-images-tout-petits-cinema2025.jpg",300,456,false],"cheerup-slider-alt":["https:\/\/www.familinparis.fr\/wp-content\/uploads\/cinema\/forum-des-images-tout-petits-cinema2025.jpg",300,456,false],"cheerup-slider-trendy":["https:\/\/www.familinparis.fr\/wp-content\/uploads\/cinema\/forum-des-images-tout-petits-cinema2025.jpg",300,456,false],"cheerup-slider-stylish":["https:\/\/www.familinparis.fr\/wp-content\/uploads\/cinema\/forum-des-images-tout-petits-cinema2025.jpg",300,456,false],"cheerup-slider-grid":["https:\/\/www.familinparis.fr\/wp-content\/uploads\/cinema\/forum-des-images-tout-petits-cinema2025.jpg",300,456,false],"cheerup-slider-grid-sm":["https:\/\/www.familinparis.fr\/wp-content\/uploads\/cinema\/forum-des-images-tout-petits-cinema2025-300x300.jpg",300,300,true],"cheerup-slider-carousel":["https:\/\/www.familinparis.fr\/wp-content\/uploads\/cinema\/forum-des-images-tout-petits-cinema2025-300x370.jpg",300,370,true],"cheerup-slider-grid-b":["https:\/\/www.familinparis.fr\/wp-content\/uploads\/cinema\/forum-des-images-tout-petits-cinema2025.jpg",300,456,false],"cheerup-slider-grid-b-sm":["https:\/\/www.familinparis.fr\/wp-content\/uploads\/cinema\/forum-des-images-tout-petits-cinema2025.jpg",300,456,false],"cheerup-slider-bold-sm":["https:\/\/www.familinparis.fr\/wp-content\/uploads\/cinema\/forum-des-images-tout-petits-cinema2025-150x150.jpg",150,150,true],"cheerup-grid":["https:\/\/www.familinparis.fr\/wp-content\/uploads\/cinema\/forum-des-images-tout-petits-cinema2025-300x285.jpg",300,285,true],"cheerup-carousel":["https:\/\/www.familinparis.fr\/wp-content\/uploads\/cinema\/forum-des-images-tout-petits-cinema2025-270x180.jpg",270,180,true],"cheerup-carousel-b":["https:\/\/www.familinparis.fr\/wp-content\/uploads\/cinema\/forum-des-images-tout-petits-cinema2025-300x285.jpg",300,285,true],"cheerup-list":["https:\/\/www.familinparis.fr\/wp-content\/uploads\/cinema\/forum-des-images-tout-petits-cinema2025-260x200.jpg",260,200,true],"cheerup-list-b":["https:\/\/www.familinparis.fr\/wp-content\/uploads\/cinema\/forum-des-images-tout-petits-cinema2025-300x305.jpg",300,305,true],"cheerup-thumb":["https:\/\/www.familinparis.fr\/wp-content\/uploads\/cinema\/forum-des-images-tout-petits-cinema2025-87x67.jpg",87,67,true],"cheerup-thumb-alt":["https:\/\/www.familinparis.fr\/wp-content\/uploads\/cinema\/forum-des-images-tout-petits-cinema2025-150x150.jpg",150,150,true]},"uagb_author_info":{"display_name":"olivia","author_link":"https:\/\/www.familinparis.fr\/en\/author\/olivia\/"},"uagb_comment_info":0,"uagb_excerpt":"From February 10 to February 25, 2024","_links":{"self":[{"href":"https:\/\/www.familinparis.fr\/en\/wp-json\/wp\/v2\/posts\/135357","targetHints":{"allow":["GET"]}}],"collection":[{"href":"https:\/\/www.familinparis.fr\/en\/wp-json\/wp\/v2\/posts"}],"about":[{"href":"https:\/\/www.familinparis.fr\/en\/wp-json\/wp\/v2\/types\/post"}],"author":[{"embeddable":true,"href":"https:\/\/www.familinparis.fr\/en\/wp-json\/wp\/v2\/users\/5"}],"replies":[{"embeddable":true,"href":"https:\/\/www.familinparis.fr\/en\/wp-json\/wp\/v2\/comments?post=135357"}],"version-history":[{"count":0,"href":"https:\/\/www.familinparis.fr\/en\/wp-json\/wp\/v2\/posts\/135357\/revisions"}],"wp:featuredmedia":[{"embeddable":true,"href":"https:\/\/www.familinparis.fr\/en\/wp-json\/wp\/v2\/media\/142041"}],"wp:attachment":[{"href":"https:\/\/www.familinparis.fr\/en\/wp-json\/wp\/v2\/media?parent=135357"}],"wp:term":[{"taxonomy":"category","embeddable":true,"href":"https:\/\/www.familinparis.fr\/en\/wp-json\/wp\/v2\/categories?post=135357"},{"taxonomy":"post_tag","embeddable":true,"href":"https:\/\/www.familinparis.fr\/en\/wp-json\/wp\/v2\/tags?post=135357"}],"curies":[{"name":"wp","href":"https:\/\/api.w.org\/{rel}","templated":true}]}}