{"id":135298,"date":"2022-12-12T14:35:43","date_gmt":"2022-12-12T12:35:43","guid":{"rendered":"https:\/\/www.familinparis.fr\/monet-mitchell\/"},"modified":"2024-11-16T17:13:54","modified_gmt":"2024-11-16T15:13:54","slug":"monet-mitchell","status":"publish","type":"post","link":"https:\/\/www.familinparis.fr\/en\/monet-mitchell\/","title":{"rendered":"Monet &#8211; Mitchell"},"content":{"rendered":"<div class=\"lazyblock-baseline-ZOTKJa wp-block-lazyblock-baseline\"><div class=\"baseline\">Until February 27, 2023<br>At the Louis Vuitton Foundation (16th)<\/div><\/div>\n<div class=\"wp-block-buttons is-content-justification-center is-layout-flex wp-container-core-buttons-is-layout-16018d1d wp-block-buttons-is-layout-flex\">\n<div class=\"wp-block-button has-custom-font-size btn-pink has-medium-font-size\"><a class=\"wp-block-button__link wp-element-button\" href=\"https:\/\/www.tiqets.com\/fr\/activites-attractions-paris-c66746\/billets-pour-fondation-louis-vuitton-acces-premium-p974974\/?partner=Familinparis&amp;tq_campaign=bouton-monte-mitchell\" style=\"border-radius:10px\" target=\"_blank\" rel=\"noreferrer noopener nofollow\">RESERVE<\/a><\/div>\n<\/div>\n\n<p class=\"has-text-align-center\">Free for children under 3 years old<\/p>\n\n<div style=\"height:30px\" aria-hidden=\"true\" class=\"wp-block-spacer\"><\/div>\n<div class=\"wp-block-image\">\n<figure class=\"aligncenter size-large\"><a href=\"https:\/\/www.tiqets.com\/fr\/billets-fondation-louis-vuitton-l146166\/monet-mitchell-e31297\/?partner=Familinparis&amp;tq_campaign=bouton-monet-mitchell\"><img decoding=\"async\" width=\"683\" height=\"1024\" src=\"https:\/\/www.familinparis.fr\/wp-content\/uploads\/2022\/12\/exposition-monet-mitchell-fondation-vuitton-683x1024.jpg\" alt=\"\" class=\"wp-image-86109\" srcset=\"https:\/\/www.familinparis.fr\/wp-content\/uploads\/2022\/12\/exposition-monet-mitchell-fondation-vuitton-683x1024.jpg 683w, https:\/\/www.familinparis.fr\/wp-content\/uploads\/2022\/12\/exposition-monet-mitchell-fondation-vuitton-200x300.jpg 200w, https:\/\/www.familinparis.fr\/wp-content\/uploads\/2022\/12\/exposition-monet-mitchell-fondation-vuitton-768x1152.jpg 768w, https:\/\/www.familinparis.fr\/wp-content\/uploads\/2022\/12\/exposition-monet-mitchell-fondation-vuitton-1024x1536.jpg 1024w, https:\/\/www.familinparis.fr\/wp-content\/uploads\/2022\/12\/exposition-monet-mitchell-fondation-vuitton-8x12.jpg 8w, https:\/\/www.familinparis.fr\/wp-content\/uploads\/2022\/12\/exposition-monet-mitchell-fondation-vuitton-487x730.jpg 487w, https:\/\/www.familinparis.fr\/wp-content\/uploads\/2022\/12\/exposition-monet-mitchell-fondation-vuitton.jpg 1280w\" sizes=\"(max-width: 683px) 100vw, 683px\" \/><\/a><\/figure>\n<\/div>\n<section class=\"wp-block-uagb-section uagb-section__wrap uagb-section__background-none uagb-block-1dbba4af\"><div class=\"uagb-section__overlay\"><\/div><div class=\"uagb-section__inner-wrap\">\n<div class=\"wp-block-columns is-layout-flex wp-container-core-columns-is-layout-9d6595d7 wp-block-columns-is-layout-flex\">\n<div class=\"wp-block-column is-layout-flow wp-block-column-is-layout-flow\" style=\"flex-basis:50%\">\n<h2 class=\"wp-block-heading\">The Monet &#8211; Mitchell exhibition<\/h2>\n\n\n\n<ul class=\"wp-block-list\">\n<li>This exhibition features a dialogue between the works of the French painter Claude Monet, in particular the water lilies, and the American artist Joan Mitchell  <\/li>\n\n\n\n<li>Jason Mitchell was born in Chicago a year before Monet&#8217;s death. It was by settling in France, in a living environment close to that of Monet, that his abstract painting came closer to that of the great impressionist painter <\/li>\n\n\n\n<li>The same sensitivity brings the two artists together<\/li>\n\n\n\n<li>60 emblematic works by the two artists are exhibited and compared to each other<\/li>\n\n\n\n<li>This exhibition offers visitors an enchanting, colourful and joyful journey, punctuated by incredible visual and thematic correspondences.  <\/li>\n<\/ul>\n\n\n\n<hr class=\"wp-block-separator has-alpha-channel-opacity\"\/>\n\n\n\n<ul class=\"wp-block-list\">\n<li><strong>Where<\/strong> : at the Fondation Louis Vuitton (in the 16th arrondissement)<\/li>\n\n\n\n<li><strong>For whom<\/strong> : from 10 years old<\/li>\n\n\n\n<li><strong>When<\/strong> : until February 27, 2023<\/li>\n\n\n\n<li>Closed: the Louis Vuitton Foundation is closed on Tuesdays<\/li>\n\n\n\n<li><strong>Shuttle<\/strong> : it takes you from exit 2 of the Charles de Gaulle \u00c9toile station (44 av. de Friedland)<\/li>\n\n\n\n<li><strong>Free<\/strong> : for children under 3 years old<\/li>\n<\/ul>\n<\/div>\n\n\n\n<div class=\"wp-block-column is-layout-flow wp-block-column-is-layout-flow\" style=\"flex-basis:50%\">\n<div class=\"t-center\"><div data-tiqets-widget=\"availability\" data-layout=\"full\" data-product-id=\"974974\" data-partner=\"Familinparis\" data-tq-campaign=\"dispo-monet-mitchell\"><\/div><script defer=\"defer\" src=\"https:\/\/widgets.tiqets.com\/loader.js\"><\/script><\/div>\n<\/div>\n<\/div>\n<\/div><\/section>\n\n<div style=\"height:41px\" aria-hidden=\"true\" class=\"wp-block-spacer\"><\/div>\n\n<figure class=\"wp-block-embed is-type-video is-provider-youtube wp-block-embed-youtube wp-embed-aspect-16-9 wp-has-aspect-ratio\"><div class=\"wp-block-embed__wrapper\"> \n<iframe title=\"Expositions &quot;Monet - Mitchell&quot;\" width=\"770\" height=\"433\" src=\"https:\/\/www.youtube.com\/embed\/VQ8l44S3Whc?feature=oembed\" frameborder=\"0\" allow=\"accelerometer; autoplay; clipboard-write; encrypted-media; gyroscope; picture-in-picture; web-share\" referrerpolicy=\"strict-origin-when-cross-origin\" allowfullscreen><\/iframe>\n <\/div><\/figure>\n\n<div style=\"height:47px\" aria-hidden=\"true\" class=\"wp-block-spacer\"><\/div>\n\n<div style=\"height:50px\" aria-hidden=\"true\" class=\"wp-block-spacer\"><\/div>\n\n<h2 class=\"wp-block-heading\">Exhibitions currently on display in Paris<\/h2>\n\n\t\t\t<div class=\"wp-block-uagb-post-grid uagb-post-grid  uagb-post__image-position-top uagb-post__image-enabled uagb-block-703191ca     uagb-post__items uagb-post__columns-5 is-grid uagb-post__columns-tablet-2 uagb-post__columns-mobile-1 uagb-post__equal-height\" data-total=\"1\" style=\"\">\n\n\t\t\t\t\t\t\t\t\t\t\t\t<article class=\"uagb-post__inner-wrap\">\t\t\t\t\t\t\t\t<div class='uagb-post__image'>\n\t\t\t\t\t\t\t\t\t<a href=\"https:\/\/www.familinparis.fr\/en\/exposition-calder-fondation-louis-vuitton-billet\/\" target=\"_self\" rel=\"bookmark noopener noreferrer\" class='uagb-image-ratio-inherit'><img decoding=\"async\" width=\"270\" height=\"180\" src=\"https:\/\/www.familinparis.fr\/wp-content\/uploads\/2026\/04\/exposition-calder-fondation-louis-vuitton-270x180.jpg\" class=\"attachment-post-thumbnail size-post-thumbnail\" alt=\"affiche de l&#039;exposition &quot;Calder. R\u00eaver en \u00e9quilibre&quot;, \u00e0 la Fondation Louis Vuitton- Jusqu&#039;au 16 ao\u00fbt 2026\" \/>\t\t\t\t\t<\/a>\n\t\t\t\t\t\t\t<\/div>\n\t\t\t\t\t\t<h4 class=\"uagb-post__title uagb-post__text\">\n\t\t\t\t<a href=\"https:\/\/www.familinparis.fr\/en\/exposition-calder-fondation-louis-vuitton-billet\/\" target=\"_self\" rel=\"bookmark noopener noreferrer\">Calder. Dreaming in balance<\/a>\n\t\t\t<\/h4>\n\t\t\t\t\t\t<div class='uagb-post__text uagb-post-grid-byline'>\n\t\t\t\t\t\t\t<\/div>\n\t\t\t\n\t\t\t\t\t\t\t\t\t<\/article>\n\t\t\t\t\t\t\t\t\t\t\t\t\t\t\t\t<article class=\"uagb-post__inner-wrap\">\t\t\t\t\t\t\t\t<div class='uagb-post__image'>\n\t\t\t\t\t\t\t\t\t<a href=\"https:\/\/www.familinparis.fr\/en\/titanic-immersive-exhibition-grande-halle-de-la-villette-75019\/\" target=\"_self\" rel=\"bookmark noopener noreferrer\" class='uagb-image-ratio-inherit'><img decoding=\"async\" width=\"270\" height=\"180\" src=\"https:\/\/www.familinparis.fr\/wp-content\/uploads\/2026\/04\/La-Legende-Du-Titanic-exposition-ultime-exposition-immersive-grande-halle-la-villette-2026-270x180.jpg\" class=\"attachment-post-thumbnail size-post-thumbnail\" alt=\"Affiche de La L\u00e9gende du Titanic. L&#039;exposition ultime- Exposition immersive \u00e0 la Grande Halle de La Villette - 2026\" \/>\t\t\t\t\t<\/a>\n\t\t\t\t\t\t\t<\/div>\n\t\t\t\t\t\t<h4 class=\"uagb-post__title uagb-post__text\">\n\t\t\t\t<a href=\"https:\/\/www.familinparis.fr\/en\/titanic-immersive-exhibition-grande-halle-de-la-villette-75019\/\" target=\"_self\" rel=\"bookmark noopener noreferrer\">The Legend of the Titanic: The Ultimate Exhibition<\/a>\n\t\t\t<\/h4>\n\t\t\t\t\t\t<div class='uagb-post__text uagb-post-grid-byline'>\n\t\t\t\t\t\t\t<\/div>\n\t\t\t\n\t\t\t\t\t\t\t\t\t<\/article>\n\t\t\t\t\t\t\t\t\t\t\t\t\t\t\t\t<article class=\"uagb-post__inner-wrap\">\t\t\t\t\t\t\t\t<div class='uagb-post__image'>\n\t\t\t\t\t\t\t\t\t<a href=\"https:\/\/www.familinparis.fr\/en\/unicorn-exhibition-at-the-cluny-museum-75005\/\" target=\"_self\" rel=\"bookmark noopener noreferrer\" class='uagb-image-ratio-inherit'><img decoding=\"async\" width=\"270\" height=\"180\" src=\"https:\/\/www.familinparis.fr\/wp-content\/uploads\/2026\/03\/licornes-expo-musee-cluny-2026-270x180.jpg\" class=\"attachment-post-thumbnail size-post-thumbnail\" alt=\"Affiche exposition &quot;Licornes !&quot; au Mus\u00e9e de Cluny\" \/>\t\t\t\t\t<\/a>\n\t\t\t\t\t\t\t<\/div>\n\t\t\t\t\t\t<h4 class=\"uagb-post__title uagb-post__text\">\n\t\t\t\t<a href=\"https:\/\/www.familinparis.fr\/en\/unicorn-exhibition-at-the-cluny-museum-75005\/\" target=\"_self\" rel=\"bookmark noopener noreferrer\">Unicorns! At the Museum of Cluny<\/a>\n\t\t\t<\/h4>\n\t\t\t\t\t\t<div class='uagb-post__text uagb-post-grid-byline'>\n\t\t\t\t\t\t\t<\/div>\n\t\t\t\n\t\t\t\t\t\t\t\t\t<\/article>\n\t\t\t\t\t\t\t\t\t\t\t\t\t\t\t\t<article class=\"uagb-post__inner-wrap\">\t\t\t\t\t\t\t\t<div class='uagb-post__image'>\n\t\t\t\t\t\t\t\t\t<a href=\"https:\/\/www.familinparis.fr\/en\/renaissance-la-nouvelle-experience-immersive-a-l-atelier-des-lumieres\/\" target=\"_self\" rel=\"bookmark noopener noreferrer\" class='uagb-image-ratio-inherit'><img decoding=\"async\" width=\"270\" height=\"180\" src=\"https:\/\/www.familinparis.fr\/wp-content\/uploads\/Expos\/2026\/Renaissance-affiche-270x180.jpg\" class=\"attachment-post-thumbnail size-post-thumbnail\" alt=\"\" \/>\t\t\t\t\t<\/a>\n\t\t\t\t\t\t\t<\/div>\n\t\t\t\t\t\t<h4 class=\"uagb-post__title uagb-post__text\">\n\t\t\t\t<a href=\"https:\/\/www.familinparis.fr\/en\/renaissance-la-nouvelle-experience-immersive-a-l-atelier-des-lumieres\/\" target=\"_self\" rel=\"bookmark noopener noreferrer\">Renaissance at the Atelier des Lumi\u00e8res<\/a>\n\t\t\t<\/h4>\n\t\t\t\t\t\t<div class='uagb-post__text uagb-post-grid-byline'>\n\t\t\t\t\t\t\t<\/div>\n\t\t\t\n\t\t\t\t\t\t\t\t\t<\/article>\n\t\t\t\t\t\t\t\t\t\t\t\t\t\t\t\t<article class=\"uagb-post__inner-wrap\">\t\t\t\t\t\t\t\t<div class='uagb-post__image'>\n\t\t\t\t\t\t\t\t\t<a href=\"https:\/\/www.familinparis.fr\/en\/mummies-exhibition-at-the-musee-de-l-homme\/\" target=\"_self\" rel=\"bookmark noopener noreferrer\" class='uagb-image-ratio-inherit'><img decoding=\"async\" width=\"270\" height=\"180\" src=\"https:\/\/www.familinparis.fr\/wp-content\/uploads\/2025\/11\/AFFICHE-MH_MOMIES_40x32-270x180.jpg\" class=\"attachment-post-thumbnail size-post-thumbnail\" alt=\"Affiche de l&#039;expsoition &quot;Momies&quot; au Mus\u00e9e de l&#039;Homme - nov. 2025\" \/>\t\t\t\t\t<\/a>\n\t\t\t\t\t\t\t<\/div>\n\t\t\t\t\t\t<h4 class=\"uagb-post__title uagb-post__text\">\n\t\t\t\t<a href=\"https:\/\/www.familinparis.fr\/en\/mummies-exhibition-at-the-musee-de-l-homme\/\" target=\"_self\" rel=\"bookmark noopener noreferrer\">MOMIES \u2022 At the Mus\u00e9e de l&#8217;Homme<\/a>\n\t\t\t<\/h4>\n\t\t\t\t\t\t<div class='uagb-post__text uagb-post-grid-byline'>\n\t\t\t\t\t\t\t<\/div>\n\t\t\t\n\t\t\t\t\t\t\t\t\t<\/article>\n\t\t\t\t\t\t\t\t\t\t\t\t\t\t\t\t<article class=\"uagb-post__inner-wrap\">\t\t\t\t\t\t\t\t<div class='uagb-post__image'>\n\t\t\t\t\t\t\t\t\t<a href=\"https:\/\/www.familinparis.fr\/en\/the-world-of-banksy\/\" target=\"_self\" rel=\"bookmark noopener noreferrer\" class='uagb-image-ratio-inherit'><img decoding=\"async\" width=\"270\" height=\"180\" src=\"https:\/\/www.familinparis.fr\/wp-content\/uploads\/Expos\/2019\/Divers\/banksy-a-paris-270x180.jpg\" class=\"attachment-post-thumbnail size-post-thumbnail\" alt=\"\" \/>\t\t\t\t\t<\/a>\n\t\t\t\t\t\t\t<\/div>\n\t\t\t\t\t\t<h4 class=\"uagb-post__title uagb-post__text\">\n\t\t\t\t<a href=\"https:\/\/www.familinparis.fr\/en\/the-world-of-banksy\/\" target=\"_self\" rel=\"bookmark noopener noreferrer\">The World of Banksy<\/a>\n\t\t\t<\/h4>\n\t\t\t\t\t\t<div class='uagb-post__text uagb-post-grid-byline'>\n\t\t\t\t\t\t\t<\/div>\n\t\t\t\n\t\t\t\t\t\t\t\t\t<\/article>\n\t\t\t\t\t\t\t\t\t\t\t\t\t\t\t\t<article class=\"uagb-post__inner-wrap\">\t\t\t\t\t\t\t\t<div class='uagb-post__image'>\n\t\t\t\t\t\t\t\t\t<a href=\"https:\/\/www.familinparis.fr\/en\/dogs-and-cats-exhibition-cite-des-sciences\/\" target=\"_self\" rel=\"bookmark noopener noreferrer\" class='uagb-image-ratio-inherit'><img decoding=\"async\" width=\"270\" height=\"180\" src=\"https:\/\/www.familinparis.fr\/wp-content\/uploads\/2025\/01\/chiens-et-chats-expo-cite-des-sciences-la-villette-2025-2026-270x180.jpg\" class=\"attachment-post-thumbnail size-post-thumbnail\" alt=\"Exposition &quot;Chiens et chats&quot; \u00e0 La Cit\u00e9 des Sciences et de l&#039;industrie 2025-2026\" srcset=\"https:\/\/www.familinparis.fr\/wp-content\/uploads\/2025\/01\/chiens-et-chats-expo-cite-des-sciences-la-villette-2025-2026-270x180.jpg 270w, https:\/\/www.familinparis.fr\/wp-content\/uploads\/2025\/01\/chiens-et-chats-expo-cite-des-sciences-la-villette-2025-2026-300x200.jpg 300w, https:\/\/www.familinparis.fr\/wp-content\/uploads\/2025\/01\/chiens-et-chats-expo-cite-des-sciences-la-villette-2025-2026-768x512.jpg 768w, https:\/\/www.familinparis.fr\/wp-content\/uploads\/2025\/01\/chiens-et-chats-expo-cite-des-sciences-la-villette-2025-2026-730x486.jpg 730w, https:\/\/www.familinparis.fr\/wp-content\/uploads\/2025\/01\/chiens-et-chats-expo-cite-des-sciences-la-villette-2025-2026.jpg 800w\" sizes=\"(max-width: 270px) 100vw, 270px\" \/>\t\t\t\t\t<\/a>\n\t\t\t\t\t\t\t<\/div>\n\t\t\t\t\t\t<h4 class=\"uagb-post__title uagb-post__text\">\n\t\t\t\t<a href=\"https:\/\/www.familinparis.fr\/en\/dogs-and-cats-exhibition-cite-des-sciences\/\" target=\"_self\" rel=\"bookmark noopener noreferrer\">Dogs and cats, at the Cit\u00e9 des Sciences<\/a>\n\t\t\t<\/h4>\n\t\t\t\t\t\t<div class='uagb-post__text uagb-post-grid-byline'>\n\t\t\t\t\t\t\t<\/div>\n\t\t\t\n\t\t\t\t\t\t\t\t\t<\/article>\n\t\t\t\t\t\t\t\t\t\t\t\t\t\t\t\t<article class=\"uagb-post__inner-wrap\">\t\t\t\t\t\t\t\t<div class='uagb-post__image'>\n\t\t\t\t\t\t\t\t\t<a href=\"https:\/\/www.familinparis.fr\/en\/dance\/\" target=\"_self\" rel=\"bookmark noopener noreferrer\" class='uagb-image-ratio-inherit'><img decoding=\"async\" width=\"270\" height=\"180\" src=\"https:\/\/www.familinparis.fr\/wp-content\/uploads\/2024\/06\/Danser-expo-2024-la-villette-270x180.jpg\" class=\"attachment-post-thumbnail size-post-thumbnail\" alt=\"\" \/>\t\t\t\t\t<\/a>\n\t\t\t\t\t\t\t<\/div>\n\t\t\t\t\t\t<h4 class=\"uagb-post__title uagb-post__text\">\n\t\t\t\t<a href=\"https:\/\/www.familinparis.fr\/en\/dance\/\" target=\"_self\" rel=\"bookmark noopener noreferrer\">Dance<\/a>\n\t\t\t<\/h4>\n\t\t\t\t\t\t<div class='uagb-post__text uagb-post-grid-byline'>\n\t\t\t\t\t\t\t<\/div>\n\t\t\t\n\t\t\t\t\t\t\t\t\t<\/article>\n\t\t\t\t\t\t\t\t\t\t\t\t\t\t\t\t<article class=\"uagb-post__inner-wrap\">\t\t\t\t\t\t\t\t<div class='uagb-post__image'>\n\t\t\t\t\t\t\t\t\t<a href=\"https:\/\/www.familinparis.fr\/en\/space-mission\/\" target=\"_self\" rel=\"bookmark noopener noreferrer\" class='uagb-image-ratio-inherit'><img decoding=\"async\" width=\"270\" height=\"180\" src=\"https:\/\/www.familinparis.fr\/wp-content\/uploads\/2023\/11\/mission-spatiale-cite-des-sciences-expo2023.jpeg-1-270x180.jpg\" class=\"attachment-post-thumbnail size-post-thumbnail\" alt=\"\" \/>\t\t\t\t\t<\/a>\n\t\t\t\t\t\t\t<\/div>\n\t\t\t\t\t\t<h4 class=\"uagb-post__title uagb-post__text\">\n\t\t\t\t<a href=\"https:\/\/www.familinparis.fr\/en\/space-mission\/\" target=\"_self\" rel=\"bookmark noopener noreferrer\">Space Mission<\/a>\n\t\t\t<\/h4>\n\t\t\t\t\t\t<div class='uagb-post__text uagb-post-grid-byline'>\n\t\t\t\t\t\t\t<\/div>\n\t\t\t\n\t\t\t\t\t\t\t\t\t<\/article>\n\t\t\t\t\t\t\t\t\t\t\t\t\t\t\t\t<article class=\"uagb-post__inner-wrap\">\t\t\t\t\t\t\t\t<div class='uagb-post__image'>\n\t\t\t\t\t\t\t\t\t<a href=\"https:\/\/www.familinparis.fr\/en\/climate-emergency\/\" target=\"_self\" rel=\"bookmark noopener noreferrer\" class='uagb-image-ratio-inherit'><img decoding=\"async\" width=\"270\" height=\"180\" src=\"https:\/\/www.familinparis.fr\/wp-content\/uploads\/2023\/09\/expo-urgence-climatique-cite-des-sciences-270x180.jpg\" class=\"attachment-post-thumbnail size-post-thumbnail\" alt=\"\" \/>\t\t\t\t\t<\/a>\n\t\t\t\t\t\t\t<\/div>\n\t\t\t\t\t\t<h4 class=\"uagb-post__title uagb-post__text\">\n\t\t\t\t<a href=\"https:\/\/www.familinparis.fr\/en\/climate-emergency\/\" target=\"_self\" rel=\"bookmark noopener noreferrer\">Climate emergency<\/a>\n\t\t\t<\/h4>\n\t\t\t\t\t\t<div class='uagb-post__text uagb-post-grid-byline'>\n\t\t\t\t\t\t\t<\/div>\n\t\t\t\n\t\t\t\t\t\t\t\t\t<\/article>\n\t\t\t\t\t\t\t\t\t\t\t<\/div>\n\t\t\t\n<div style=\"height:50px\" aria-hidden=\"true\" class=\"wp-block-spacer\"><\/div>\n","protected":false},"excerpt":{"rendered":"<p>Until February 27, 2023<\/p>\n","protected":false},"author":6,"featured_media":131758,"comment_status":"open","ping_status":"open","sticky":false,"template":"","format":"standard","meta":{"_uag_custom_page_level_css":"","footnotes":""},"categories":[1253],"tags":[],"class_list":{"0":"post-135298","1":"post","2":"type-post","3":"status-publish","4":"format-standard","5":"has-post-thumbnail","7":"category-past-events"},"yoast_head":"<!-- This site is optimized with the Yoast SEO plugin v27.2 - https:\/\/yoast.com\/product\/yoast-seo-wordpress\/ -->\n<title>EXPO | &quot;Monet - Mitchell&quot; at the Fondation Louis Vuitton<\/title>\n<meta name=\"description\" content=\"Until February 27, 2023. At the Fondation Vuitton in the 16th arrondissement. Monet-Mitchell Exhibition 2022 &gt;&gt; Reviews, Schedules, Ticket\" \/>\n<meta name=\"robots\" content=\"index, follow, max-snippet:-1, max-image-preview:large, max-video-preview:-1\" \/>\n<link rel=\"canonical\" href=\"https:\/\/www.familinparis.fr\/en\/monet-mitchell\/\" \/>\n<meta property=\"og:locale\" content=\"en_US\" \/>\n<meta property=\"og:type\" content=\"article\" \/>\n<meta property=\"og:title\" content=\"EXPO | &quot;Monet - Mitchell&quot; at the Fondation Louis Vuitton\" \/>\n<meta property=\"og:description\" content=\"Until February 27, 2023. At the Fondation Vuitton in the 16th arrondissement. Monet-Mitchell Exhibition 2022 &gt;&gt; Reviews, Schedules, Ticket\" \/>\n<meta property=\"og:url\" content=\"https:\/\/www.familinparis.fr\/en\/monet-mitchell\/\" \/>\n<meta property=\"og:site_name\" content=\"Familin&#039;Paris\" \/>\n<meta property=\"article:published_time\" content=\"2022-12-12T12:35:43+00:00\" \/>\n<meta property=\"article:modified_time\" content=\"2024-11-16T15:13:54+00:00\" \/>\n<meta property=\"og:image\" content=\"https:\/\/www.familinparis.fr\/wp-content\/uploads\/2022\/12\/exposition-monet-mitchell-fondation-vuitton.jpg\" \/>\n\t<meta property=\"og:image:width\" content=\"1280\" \/>\n\t<meta property=\"og:image:height\" content=\"1920\" \/>\n\t<meta property=\"og:image:type\" content=\"image\/jpeg\" \/>\n<meta name=\"author\" content=\"Agn\u00e8s\" \/>\n<meta name=\"twitter:card\" content=\"summary_large_image\" \/>\n<meta name=\"twitter:label1\" content=\"Written by\" \/>\n\t<meta name=\"twitter:data1\" content=\"Agn\u00e8s\" \/>\n\t<meta name=\"twitter:label2\" content=\"Est. reading time\" \/>\n\t<meta name=\"twitter:data2\" content=\"1 minute\" \/>\n<script type=\"application\/ld+json\" class=\"yoast-schema-graph\">{\"@context\":\"https:\/\/schema.org\",\"@graph\":[{\"@type\":\"Article\",\"@id\":\"https:\/\/www.familinparis.fr\/en\/monet-mitchell\/#article\",\"isPartOf\":{\"@id\":\"https:\/\/www.familinparis.fr\/en\/monet-mitchell\/\"},\"author\":{\"name\":\"Agn\u00e8s\",\"@id\":\"https:\/\/www.familinparis.fr\/en\/#\/schema\/person\/20deb9130cb58f76b535d316fe0aa31f\"},\"headline\":\"Monet &#8211; Mitchell\",\"datePublished\":\"2022-12-12T12:35:43+00:00\",\"dateModified\":\"2024-11-16T15:13:54+00:00\",\"mainEntityOfPage\":{\"@id\":\"https:\/\/www.familinparis.fr\/en\/monet-mitchell\/\"},\"wordCount\":180,\"commentCount\":0,\"image\":{\"@id\":\"https:\/\/www.familinparis.fr\/en\/monet-mitchell\/#primaryimage\"},\"thumbnailUrl\":\"https:\/\/www.familinparis.fr\/wp-content\/uploads\/2022\/12\/exposition-monet-mitchell-fondation-vuitton.jpg\",\"articleSection\":[\"Past events\"],\"inLanguage\":\"en-US\",\"potentialAction\":[{\"@type\":\"CommentAction\",\"name\":\"Comment\",\"target\":[\"https:\/\/www.familinparis.fr\/en\/monet-mitchell\/#respond\"]}]},{\"@type\":\"WebPage\",\"@id\":\"https:\/\/www.familinparis.fr\/en\/monet-mitchell\/\",\"url\":\"https:\/\/www.familinparis.fr\/en\/monet-mitchell\/\",\"name\":\"EXPO | \\\"Monet - Mitchell\\\" at the Fondation Louis Vuitton\",\"isPartOf\":{\"@id\":\"https:\/\/www.familinparis.fr\/en\/#website\"},\"primaryImageOfPage\":{\"@id\":\"https:\/\/www.familinparis.fr\/en\/monet-mitchell\/#primaryimage\"},\"image\":{\"@id\":\"https:\/\/www.familinparis.fr\/en\/monet-mitchell\/#primaryimage\"},\"thumbnailUrl\":\"https:\/\/www.familinparis.fr\/wp-content\/uploads\/2022\/12\/exposition-monet-mitchell-fondation-vuitton.jpg\",\"datePublished\":\"2022-12-12T12:35:43+00:00\",\"dateModified\":\"2024-11-16T15:13:54+00:00\",\"author\":{\"@id\":\"https:\/\/www.familinparis.fr\/en\/#\/schema\/person\/20deb9130cb58f76b535d316fe0aa31f\"},\"description\":\"Until February 27, 2023. At the Fondation Vuitton in the 16th arrondissement. Monet-Mitchell Exhibition 2022 >> Reviews, Schedules, Ticket\",\"breadcrumb\":{\"@id\":\"https:\/\/www.familinparis.fr\/en\/monet-mitchell\/#breadcrumb\"},\"inLanguage\":\"en-US\",\"potentialAction\":[{\"@type\":\"ReadAction\",\"target\":[\"https:\/\/www.familinparis.fr\/en\/monet-mitchell\/\"]}]},{\"@type\":\"ImageObject\",\"inLanguage\":\"en-US\",\"@id\":\"https:\/\/www.familinparis.fr\/en\/monet-mitchell\/#primaryimage\",\"url\":\"https:\/\/www.familinparis.fr\/wp-content\/uploads\/2022\/12\/exposition-monet-mitchell-fondation-vuitton.jpg\",\"contentUrl\":\"https:\/\/www.familinparis.fr\/wp-content\/uploads\/2022\/12\/exposition-monet-mitchell-fondation-vuitton.jpg\",\"width\":1280,\"height\":1920},{\"@type\":\"BreadcrumbList\",\"@id\":\"https:\/\/www.familinparis.fr\/en\/monet-mitchell\/#breadcrumb\",\"itemListElement\":[{\"@type\":\"ListItem\",\"position\":1,\"name\":\"Home\",\"item\":\"https:\/\/www.familinparis.fr\/en\/\"},{\"@type\":\"ListItem\",\"position\":2,\"name\":\"Exposition\",\"item\":\"https:\/\/www.familinparis.fr\/en\/categorie\/exposition-en\/\"},{\"@type\":\"ListItem\",\"position\":3,\"name\":\"Monet &#8211; Mitchell\"}]},{\"@type\":\"WebSite\",\"@id\":\"https:\/\/www.familinparis.fr\/en\/#website\",\"url\":\"https:\/\/www.familinparis.fr\/en\/\",\"name\":\"Familin&#039;Paris\",\"description\":\"Visiter le meilleur de Paris avec des enfants : sorties, spectacles, adresses de restaurants, shopping, bons plans...\",\"potentialAction\":[{\"@type\":\"SearchAction\",\"target\":{\"@type\":\"EntryPoint\",\"urlTemplate\":\"https:\/\/www.familinparis.fr\/en\/?s={search_term_string}\"},\"query-input\":{\"@type\":\"PropertyValueSpecification\",\"valueRequired\":true,\"valueName\":\"search_term_string\"}}],\"inLanguage\":\"en-US\"},{\"@type\":\"Person\",\"@id\":\"https:\/\/www.familinparis.fr\/en\/#\/schema\/person\/20deb9130cb58f76b535d316fe0aa31f\",\"name\":\"Agn\u00e8s\",\"image\":{\"@type\":\"ImageObject\",\"inLanguage\":\"en-US\",\"@id\":\"https:\/\/secure.gravatar.com\/avatar\/0ff338e2776ca662585d438b3bc140cbe7b54659207d3329065be97ffb37fa5a?s=96&d=identicon&r=g\",\"url\":\"https:\/\/secure.gravatar.com\/avatar\/0ff338e2776ca662585d438b3bc140cbe7b54659207d3329065be97ffb37fa5a?s=96&d=identicon&r=g\",\"contentUrl\":\"https:\/\/secure.gravatar.com\/avatar\/0ff338e2776ca662585d438b3bc140cbe7b54659207d3329065be97ffb37fa5a?s=96&d=identicon&r=g\",\"caption\":\"Agn\u00e8s\"}}]}<\/script>\n<!-- \/ Yoast SEO plugin. -->","yoast_head_json":{"title":"EXPO | \"Monet - Mitchell\" at the Fondation Louis Vuitton","description":"Until February 27, 2023. At the Fondation Vuitton in the 16th arrondissement. Monet-Mitchell Exhibition 2022 >> Reviews, Schedules, Ticket","robots":{"index":"index","follow":"follow","max-snippet":"max-snippet:-1","max-image-preview":"max-image-preview:large","max-video-preview":"max-video-preview:-1"},"canonical":"https:\/\/www.familinparis.fr\/en\/monet-mitchell\/","og_locale":"en_US","og_type":"article","og_title":"EXPO | \"Monet - Mitchell\" at the Fondation Louis Vuitton","og_description":"Until February 27, 2023. At the Fondation Vuitton in the 16th arrondissement. Monet-Mitchell Exhibition 2022 >> Reviews, Schedules, Ticket","og_url":"https:\/\/www.familinparis.fr\/en\/monet-mitchell\/","og_site_name":"Familin&#039;Paris","article_published_time":"2022-12-12T12:35:43+00:00","article_modified_time":"2024-11-16T15:13:54+00:00","og_image":[{"width":1280,"height":1920,"url":"https:\/\/www.familinparis.fr\/wp-content\/uploads\/2022\/12\/exposition-monet-mitchell-fondation-vuitton.jpg","type":"image\/jpeg"}],"author":"Agn\u00e8s","twitter_card":"summary_large_image","twitter_misc":{"Written by":"Agn\u00e8s","Est. reading time":"1 minute"},"schema":{"@context":"https:\/\/schema.org","@graph":[{"@type":"Article","@id":"https:\/\/www.familinparis.fr\/en\/monet-mitchell\/#article","isPartOf":{"@id":"https:\/\/www.familinparis.fr\/en\/monet-mitchell\/"},"author":{"name":"Agn\u00e8s","@id":"https:\/\/www.familinparis.fr\/en\/#\/schema\/person\/20deb9130cb58f76b535d316fe0aa31f"},"headline":"Monet &#8211; Mitchell","datePublished":"2022-12-12T12:35:43+00:00","dateModified":"2024-11-16T15:13:54+00:00","mainEntityOfPage":{"@id":"https:\/\/www.familinparis.fr\/en\/monet-mitchell\/"},"wordCount":180,"commentCount":0,"image":{"@id":"https:\/\/www.familinparis.fr\/en\/monet-mitchell\/#primaryimage"},"thumbnailUrl":"https:\/\/www.familinparis.fr\/wp-content\/uploads\/2022\/12\/exposition-monet-mitchell-fondation-vuitton.jpg","articleSection":["Past events"],"inLanguage":"en-US","potentialAction":[{"@type":"CommentAction","name":"Comment","target":["https:\/\/www.familinparis.fr\/en\/monet-mitchell\/#respond"]}]},{"@type":"WebPage","@id":"https:\/\/www.familinparis.fr\/en\/monet-mitchell\/","url":"https:\/\/www.familinparis.fr\/en\/monet-mitchell\/","name":"EXPO | \"Monet - Mitchell\" at the Fondation Louis Vuitton","isPartOf":{"@id":"https:\/\/www.familinparis.fr\/en\/#website"},"primaryImageOfPage":{"@id":"https:\/\/www.familinparis.fr\/en\/monet-mitchell\/#primaryimage"},"image":{"@id":"https:\/\/www.familinparis.fr\/en\/monet-mitchell\/#primaryimage"},"thumbnailUrl":"https:\/\/www.familinparis.fr\/wp-content\/uploads\/2022\/12\/exposition-monet-mitchell-fondation-vuitton.jpg","datePublished":"2022-12-12T12:35:43+00:00","dateModified":"2024-11-16T15:13:54+00:00","author":{"@id":"https:\/\/www.familinparis.fr\/en\/#\/schema\/person\/20deb9130cb58f76b535d316fe0aa31f"},"description":"Until February 27, 2023. At the Fondation Vuitton in the 16th arrondissement. Monet-Mitchell Exhibition 2022 >> Reviews, Schedules, Ticket","breadcrumb":{"@id":"https:\/\/www.familinparis.fr\/en\/monet-mitchell\/#breadcrumb"},"inLanguage":"en-US","potentialAction":[{"@type":"ReadAction","target":["https:\/\/www.familinparis.fr\/en\/monet-mitchell\/"]}]},{"@type":"ImageObject","inLanguage":"en-US","@id":"https:\/\/www.familinparis.fr\/en\/monet-mitchell\/#primaryimage","url":"https:\/\/www.familinparis.fr\/wp-content\/uploads\/2022\/12\/exposition-monet-mitchell-fondation-vuitton.jpg","contentUrl":"https:\/\/www.familinparis.fr\/wp-content\/uploads\/2022\/12\/exposition-monet-mitchell-fondation-vuitton.jpg","width":1280,"height":1920},{"@type":"BreadcrumbList","@id":"https:\/\/www.familinparis.fr\/en\/monet-mitchell\/#breadcrumb","itemListElement":[{"@type":"ListItem","position":1,"name":"Home","item":"https:\/\/www.familinparis.fr\/en\/"},{"@type":"ListItem","position":2,"name":"Exposition","item":"https:\/\/www.familinparis.fr\/en\/categorie\/exposition-en\/"},{"@type":"ListItem","position":3,"name":"Monet &#8211; Mitchell"}]},{"@type":"WebSite","@id":"https:\/\/www.familinparis.fr\/en\/#website","url":"https:\/\/www.familinparis.fr\/en\/","name":"Familin&#039;Paris","description":"Visiter le meilleur de Paris avec des enfants : sorties, spectacles, adresses de restaurants, shopping, bons plans...","potentialAction":[{"@type":"SearchAction","target":{"@type":"EntryPoint","urlTemplate":"https:\/\/www.familinparis.fr\/en\/?s={search_term_string}"},"query-input":{"@type":"PropertyValueSpecification","valueRequired":true,"valueName":"search_term_string"}}],"inLanguage":"en-US"},{"@type":"Person","@id":"https:\/\/www.familinparis.fr\/en\/#\/schema\/person\/20deb9130cb58f76b535d316fe0aa31f","name":"Agn\u00e8s","image":{"@type":"ImageObject","inLanguage":"en-US","@id":"https:\/\/secure.gravatar.com\/avatar\/0ff338e2776ca662585d438b3bc140cbe7b54659207d3329065be97ffb37fa5a?s=96&d=identicon&r=g","url":"https:\/\/secure.gravatar.com\/avatar\/0ff338e2776ca662585d438b3bc140cbe7b54659207d3329065be97ffb37fa5a?s=96&d=identicon&r=g","contentUrl":"https:\/\/secure.gravatar.com\/avatar\/0ff338e2776ca662585d438b3bc140cbe7b54659207d3329065be97ffb37fa5a?s=96&d=identicon&r=g","caption":"Agn\u00e8s"}}]}},"uagb_featured_image_src":{"full":["https:\/\/www.familinparis.fr\/wp-content\/uploads\/2022\/12\/exposition-monet-mitchell-fondation-vuitton.jpg",1280,1920,false],"thumbnail":["https:\/\/www.familinparis.fr\/wp-content\/uploads\/2022\/12\/exposition-monet-mitchell-fondation-vuitton-150x150.jpg",150,150,true],"medium":["https:\/\/www.familinparis.fr\/wp-content\/uploads\/2022\/12\/exposition-monet-mitchell-fondation-vuitton-200x300.jpg",200,300,true],"medium_large":["https:\/\/www.familinparis.fr\/wp-content\/uploads\/2022\/12\/exposition-monet-mitchell-fondation-vuitton-768x1152.jpg",768,1152,true],"large":["https:\/\/www.familinparis.fr\/wp-content\/uploads\/2022\/12\/exposition-monet-mitchell-fondation-vuitton-683x1024.jpg",683,1024,true],"1536x1536":["https:\/\/www.familinparis.fr\/wp-content\/uploads\/2022\/12\/exposition-monet-mitchell-fondation-vuitton-1024x1536.jpg",1024,1536,true],"2048x2048":["https:\/\/www.familinparis.fr\/wp-content\/uploads\/2022\/12\/exposition-monet-mitchell-fondation-vuitton.jpg",1280,1920,false],"home-thumb":["https:\/\/www.familinparis.fr\/wp-content\/uploads\/2022\/12\/exposition-monet-mitchell-fondation-vuitton-487x730.jpg",487,730,true],"home-slider":["https:\/\/www.familinparis.fr\/wp-content\/uploads\/2022\/12\/exposition-monet-mitchell-fondation-vuitton-800x600.jpg",800,600,true],"lightbox-slider-size":["https:\/\/www.familinparis.fr\/wp-content\/uploads\/2022\/12\/exposition-monet-mitchell-fondation-vuitton-564x282.jpg",564,282,true],"post-thumbnail":["https:\/\/www.familinparis.fr\/wp-content\/uploads\/2022\/12\/exposition-monet-mitchell-fondation-vuitton-270x180.jpg",270,180,true],"cheerup-main":["https:\/\/www.familinparis.fr\/wp-content\/uploads\/2022\/12\/exposition-monet-mitchell-fondation-vuitton-770x400.jpg",770,400,true],"cheerup-main-full":["https:\/\/www.familinparis.fr\/wp-content\/uploads\/2022\/12\/exposition-monet-mitchell-fondation-vuitton-1170x508.jpg",1170,508,true],"cheerup-slider-alt":["https:\/\/www.familinparis.fr\/wp-content\/uploads\/2022\/12\/exposition-monet-mitchell-fondation-vuitton-1170x508.jpg",1170,508,true],"cheerup-slider-trendy":["https:\/\/www.familinparis.fr\/wp-content\/uploads\/2022\/12\/exposition-monet-mitchell-fondation-vuitton-960x508.jpg",960,508,true],"cheerup-slider-stylish":["https:\/\/www.familinparis.fr\/wp-content\/uploads\/2022\/12\/exposition-monet-mitchell-fondation-vuitton-900x515.jpg",900,515,true],"cheerup-slider-grid":["https:\/\/www.familinparis.fr\/wp-content\/uploads\/2022\/12\/exposition-monet-mitchell-fondation-vuitton-870x600.jpg",870,600,true],"cheerup-slider-grid-sm":["https:\/\/www.familinparis.fr\/wp-content\/uploads\/2022\/12\/exposition-monet-mitchell-fondation-vuitton-300x300.jpg",300,300,true],"cheerup-slider-carousel":["https:\/\/www.familinparis.fr\/wp-content\/uploads\/2022\/12\/exposition-monet-mitchell-fondation-vuitton-370x370.jpg",370,370,true],"cheerup-slider-grid-b":["https:\/\/www.familinparis.fr\/wp-content\/uploads\/2022\/12\/exposition-monet-mitchell-fondation-vuitton-554x466.jpg",554,466,true],"cheerup-slider-grid-b-sm":["https:\/\/www.familinparis.fr\/wp-content\/uploads\/2022\/12\/exposition-monet-mitchell-fondation-vuitton-306x466.jpg",306,466,true],"cheerup-slider-bold-sm":["https:\/\/www.familinparis.fr\/wp-content\/uploads\/2022\/12\/exposition-monet-mitchell-fondation-vuitton-150x150.jpg",150,150,true],"cheerup-grid":["https:\/\/www.familinparis.fr\/wp-content\/uploads\/2022\/12\/exposition-monet-mitchell-fondation-vuitton-370x285.jpg",370,285,true],"cheerup-carousel":["https:\/\/www.familinparis.fr\/wp-content\/uploads\/2022\/12\/exposition-monet-mitchell-fondation-vuitton-270x180.jpg",270,180,true],"cheerup-carousel-b":["https:\/\/www.familinparis.fr\/wp-content\/uploads\/2022\/12\/exposition-monet-mitchell-fondation-vuitton-370x285.jpg",370,285,true],"cheerup-list":["https:\/\/www.familinparis.fr\/wp-content\/uploads\/2022\/12\/exposition-monet-mitchell-fondation-vuitton-260x200.jpg",260,200,true],"cheerup-list-b":["https:\/\/www.familinparis.fr\/wp-content\/uploads\/2022\/12\/exposition-monet-mitchell-fondation-vuitton-370x305.jpg",370,305,true],"cheerup-thumb":["https:\/\/www.familinparis.fr\/wp-content\/uploads\/2022\/12\/exposition-monet-mitchell-fondation-vuitton-87x67.jpg",87,67,true],"cheerup-thumb-alt":["https:\/\/www.familinparis.fr\/wp-content\/uploads\/2022\/12\/exposition-monet-mitchell-fondation-vuitton-150x150.jpg",150,150,true]},"uagb_author_info":{"display_name":"Agn\u00e8s","author_link":"https:\/\/www.familinparis.fr\/en\/author\/agnes\/"},"uagb_comment_info":0,"uagb_excerpt":"Until February 27, 2023","_links":{"self":[{"href":"https:\/\/www.familinparis.fr\/en\/wp-json\/wp\/v2\/posts\/135298","targetHints":{"allow":["GET"]}}],"collection":[{"href":"https:\/\/www.familinparis.fr\/en\/wp-json\/wp\/v2\/posts"}],"about":[{"href":"https:\/\/www.familinparis.fr\/en\/wp-json\/wp\/v2\/types\/post"}],"author":[{"embeddable":true,"href":"https:\/\/www.familinparis.fr\/en\/wp-json\/wp\/v2\/users\/6"}],"replies":[{"embeddable":true,"href":"https:\/\/www.familinparis.fr\/en\/wp-json\/wp\/v2\/comments?post=135298"}],"version-history":[{"count":0,"href":"https:\/\/www.familinparis.fr\/en\/wp-json\/wp\/v2\/posts\/135298\/revisions"}],"wp:featuredmedia":[{"embeddable":true,"href":"https:\/\/www.familinparis.fr\/en\/wp-json\/wp\/v2\/media\/131758"}],"wp:attachment":[{"href":"https:\/\/www.familinparis.fr\/en\/wp-json\/wp\/v2\/media?parent=135298"}],"wp:term":[{"taxonomy":"category","embeddable":true,"href":"https:\/\/www.familinparis.fr\/en\/wp-json\/wp\/v2\/categories?post=135298"},{"taxonomy":"post_tag","embeddable":true,"href":"https:\/\/www.familinparis.fr\/en\/wp-json\/wp\/v2\/tags?post=135298"}],"curies":[{"name":"wp","href":"https:\/\/api.w.org\/{rel}","templated":true}]}}