{"id":135279,"date":"2022-11-27T15:11:29","date_gmt":"2022-11-27T13:11:29","guid":{"rendered":"https:\/\/www.familinparis.fr\/gallery-of-geology-and-mineralogy\/"},"modified":"2024-11-16T17:13:42","modified_gmt":"2024-11-16T15:13:42","slug":"gallery-of-geology-and-mineralogy","status":"publish","type":"post","link":"https:\/\/www.familinparis.fr\/en\/gallery-of-geology-and-mineralogy\/","title":{"rendered":"Gallery of Geology and Mineralogy"},"content":{"rendered":"<div class=\"lazyblock-baseline-tLMyY wp-block-lazyblock-baseline\"><div class=\"baseline\">At the Jardin des Plantes (5th)<\/div><\/div><div class=\"lazyblock-infos-pratiques-hbEvJ wp-block-lazyblock-infos-pratiques\"><div class=\"read-more go-to\" data-goto=\"infos-sup\">\n  <a href=\"#\">\n    <span class=\"rien\">\n      <i class=\"fa fa-map-marker\"><\/i> See practical information    <\/span>\n  <\/a>\n<\/div><\/div>\n<div class=\"wp-block-buttons is-horizontal is-content-justification-center is-layout-flex wp-container-core-buttons-is-layout-499968f5 wp-block-buttons-is-layout-flex\">\n<div class=\"wp-block-button m-b-30\"><a class=\"wp-block-button__link has-white-color has-text-color has-background wp-element-button\" href=\"https:\/\/www.tiqets.com\/fr\/activites-attractions-paris-c66746\/billets-pour-geology-and-mineralogy-gallery-p1023135\/?partner=Familinparis&amp;tq_campaign=bouton-galerie-geologie-minerologie\" style=\"border-radius:1px;background-color:#fa395f\" target=\"_blank\" rel=\"noreferrer noopener\">RESERVE<\/a><\/div>\n<\/div>\n\n<p class=\"has-text-align-center\">Free for young people under 26 years old (EU national)<\/p>\n\n<div style=\"height:30px\" aria-hidden=\"true\" class=\"wp-block-spacer\"><\/div>\n\n<figure class=\"wp-block-gallery has-nested-images columns-default is-cropped wp-block-gallery-2 is-layout-flex wp-block-gallery-is-layout-flex\">\n<figure class=\"wp-block-image size-large\"><a href=\"https:\/\/www.tiqets.com\/fr\/activites-attractions-paris-c66746\/billets-pour-geology-and-mineralogy-gallery-p1023135\/?partner=Familinparis&amp;tq_campaign=image-galerie-geologie-minerologie\" target=\"_blank\" rel=\"noreferrer noopener nofollow\"><img decoding=\"async\" width=\"1024\" height=\"1024\" data-id=\"86835\" src=\"https:\/\/www.familinparis.fr\/wp-content\/uploads\/2022\/12\/galerie-genealogie-mineralogie-credit-Yann-caradec-1024x1024.jpg\" alt=\"\" class=\"wp-image-86835\" srcset=\"https:\/\/www.familinparis.fr\/wp-content\/uploads\/2022\/12\/galerie-genealogie-mineralogie-credit-Yann-caradec-1024x1024.jpg 1024w, https:\/\/www.familinparis.fr\/wp-content\/uploads\/2022\/12\/galerie-genealogie-mineralogie-credit-Yann-caradec-300x300.jpg 300w, https:\/\/www.familinparis.fr\/wp-content\/uploads\/2022\/12\/galerie-genealogie-mineralogie-credit-Yann-caradec-150x150.jpg 150w, https:\/\/www.familinparis.fr\/wp-content\/uploads\/2022\/12\/galerie-genealogie-mineralogie-credit-Yann-caradec-768x768.jpg 768w, https:\/\/www.familinparis.fr\/wp-content\/uploads\/2022\/12\/galerie-genealogie-mineralogie-credit-Yann-caradec-1536x1536.jpg 1536w, https:\/\/www.familinparis.fr\/wp-content\/uploads\/2022\/12\/galerie-genealogie-mineralogie-credit-Yann-caradec-12x12.jpg 12w, https:\/\/www.familinparis.fr\/wp-content\/uploads\/2022\/12\/galerie-genealogie-mineralogie-credit-Yann-caradec-730x730.jpg 730w, https:\/\/www.familinparis.fr\/wp-content\/uploads\/2022\/12\/galerie-genealogie-mineralogie-credit-Yann-caradec-370x370.jpg 370w, https:\/\/www.familinparis.fr\/wp-content\/uploads\/2022\/12\/galerie-genealogie-mineralogie-credit-Yann-caradec-50x50.jpg 50w, https:\/\/www.familinparis.fr\/wp-content\/uploads\/2022\/12\/galerie-genealogie-mineralogie-credit-Yann-caradec.jpg 1600w\" sizes=\"(max-width: 1024px) 100vw, 1024px\" \/><\/a><figcaption class=\"wp-element-caption\">Photo credit Yann Caradec<\/figcaption><\/figure>\n\n\n\n<figure class=\"wp-block-image size-large\"><a href=\"https:\/\/www.tiqets.com\/fr\/activites-attractions-paris-c66746\/billets-pour-geology-and-mineralogy-gallery-p1023135\/?partner=Familinparis&amp;tq_campaign=bouton-galerie-geologie-minerologie\" target=\"_blank\" rel=\"noreferrer noopener nofollow\"><img decoding=\"async\" width=\"1024\" height=\"1024\" data-id=\"86836\" src=\"https:\/\/www.familinparis.fr\/wp-content\/uploads\/2022\/12\/la-galerie-genealogie-mineralogie-credit-Yann-Caradec-1024x1024.jpg\" alt=\"\" class=\"wp-image-86836\" srcset=\"https:\/\/www.familinparis.fr\/wp-content\/uploads\/2022\/12\/la-galerie-genealogie-mineralogie-credit-Yann-Caradec-1024x1024.jpg 1024w, https:\/\/www.familinparis.fr\/wp-content\/uploads\/2022\/12\/la-galerie-genealogie-mineralogie-credit-Yann-Caradec-300x300.jpg 300w, https:\/\/www.familinparis.fr\/wp-content\/uploads\/2022\/12\/la-galerie-genealogie-mineralogie-credit-Yann-Caradec-150x150.jpg 150w, https:\/\/www.familinparis.fr\/wp-content\/uploads\/2022\/12\/la-galerie-genealogie-mineralogie-credit-Yann-Caradec-768x768.jpg 768w, https:\/\/www.familinparis.fr\/wp-content\/uploads\/2022\/12\/la-galerie-genealogie-mineralogie-credit-Yann-Caradec-1536x1536.jpg 1536w, https:\/\/www.familinparis.fr\/wp-content\/uploads\/2022\/12\/la-galerie-genealogie-mineralogie-credit-Yann-Caradec-12x12.jpg 12w, https:\/\/www.familinparis.fr\/wp-content\/uploads\/2022\/12\/la-galerie-genealogie-mineralogie-credit-Yann-Caradec-730x730.jpg 730w, https:\/\/www.familinparis.fr\/wp-content\/uploads\/2022\/12\/la-galerie-genealogie-mineralogie-credit-Yann-Caradec-370x370.jpg 370w, https:\/\/www.familinparis.fr\/wp-content\/uploads\/2022\/12\/la-galerie-genealogie-mineralogie-credit-Yann-Caradec-50x50.jpg 50w, https:\/\/www.familinparis.fr\/wp-content\/uploads\/2022\/12\/la-galerie-genealogie-mineralogie-credit-Yann-Caradec.jpg 1600w\" sizes=\"(max-width: 1024px) 100vw, 1024px\" \/><\/a><figcaption class=\"wp-element-caption\">Photo credit Yann Caradec<\/figcaption><\/figure>\n<\/figure>\n\n<div style=\"height:40px\" aria-hidden=\"true\" class=\"wp-block-spacer\"><\/div>\n\n<section class=\"wp-block-uagb-section uagb-section__wrap uagb-section__background-none uagb-block-fabb1ec1\"><div class=\"uagb-section__overlay\"><\/div><div class=\"uagb-section__inner-wrap\">\n<div class=\"wp-block-columns is-layout-flex wp-container-core-columns-is-layout-9d6595d7 wp-block-columns-is-layout-flex\">\n<div class=\"wp-block-column is-layout-flow wp-block-column-is-layout-flow\" style=\"flex-basis:66.66%\">\n<ul class=\"wp-block-list\">\n<li><strong>We like<\/strong> : 600 remarkable minerals and gemstones<\/li>\n\n\n\n<li><strong>Location<\/strong> : at the Jardin des Plantes (5th)  <\/li>\n\n\n\n<li><strong>Opening hours<\/strong> : from 10 am to 5 pm (except Tuesdays)<\/li>\n\n\n\n<li>Recommended duration: from 1 to 2 hours<\/li>\n\n\n\n<li><strong>Closed<\/strong> : Tuesdays, January 1st, May 1st and December 25th  <\/li>\n\n\n\n<li>Free: for under 26s, EU nationals<\/li>\n<\/ul>\n\n\n\n<h2 class=\"wp-block-heading\">The Geology and Mineralogy Gallery<\/h2>\n\n\n\n<ul class=\"wp-block-list\">\n<li>It is one of the oldest and most prestigious collections in the world and even if you are not a fan of stone, this tour will enchant you!<\/li>\n\n\n\n<li>Remarkable treasures of the earth are exhibited in this gallery: Talc from Luzenac, sandstone from Fontainebleau, Marble from Boulonnais, Gypsum from Maurienne, basalt organs, Granite du Sidobre, Slate from Tr\u00e9laz\u00e9, Gabbro from Queyras&#8230;  <\/li>\n\n\n\n<li><strong>About twenty giant crystals<\/strong>, the most beautiful collection in the world preserved by a museum<\/li>\n\n\n\n<li><strong>Eight thematic alcoves<\/strong> address all aspects of mineralogy<\/li>\n\n\n\n<li>Martian meteorites<\/li>\n\n\n\n<li>Gems and ornamental stones: azurite, fluorite for example, but above all <strong>the blue diamond of Louis XIV<\/strong> and <strong>an authentic nugget of the gold rush<\/strong><\/li>\n<\/ul>\n<\/div>\n\n\n\n<div class=\"wp-block-column is-layout-flow wp-block-column-is-layout-flow\" style=\"flex-basis:33.33%\">\n<div class=\"t-center\"><div data-tiqets-widget=\"availability\" data-layout=\"full\" data-venue-id=\"188554\" data-partner=\"Familinparis\" data-tq-campaign=\"dispo-galerie-de-geologie\"><\/div><script defer=\"defer\" src=\"https:\/\/widgets.tiqets.com\/loader.js\"><\/script><\/div>\n<\/div>\n<\/div>\n<\/div><\/section>\n\n<div style=\"height:50px\" aria-hidden=\"true\" class=\"wp-block-spacer\"><\/div>\n\n<h2 class=\"wp-block-heading\">FAQ<\/h2>\n<div class=\"wp-block-uagb-faq uagb-faq__outer-wrap uagb-block-2ddf9a95 uagb-faq-icon-row uagb-faq-layout-accordion uagb-faq-expand-first-true uagb-faq-inactive-other-true uagb-faq__wrap uagb-buttons-layout-wrap uagb-faq-equal-height     \" data-faqtoggle=\"true\" role=\"tablist\"><div class=\"wp-block-uagb-faq-child uagb-faq-child__outer-wrap uagb-faq-item uagb-block-e61513a8 \" role=\"tab\" tabindex=\"0\"><div class=\"uagb-faq-questions-button uagb-faq-questions\">\t\t\t<span class=\"uagb-icon uagb-faq-icon-wrap\">\n\t\t\t\t\t\t\t\t<svg xmlns=\"https:\/\/www.w3.org\/2000\/svg\" viewBox= \"0 0 448 512\"><path d=\"M432 256c0 17.69-14.33 32.01-32 32.01H256v144c0 17.69-14.33 31.99-32 31.99s-32-14.3-32-31.99v-144H48c-17.67 0-32-14.32-32-32.01s14.33-31.99 32-31.99H192v-144c0-17.69 14.33-32.01 32-32.01s32 14.32 32 32.01v144h144C417.7 224 432 238.3 432 256z\"><\/path><\/svg>\n\t\t\t\t\t\t\t<\/span>\n\t\t\t\t\t\t<span class=\"uagb-icon-active uagb-faq-icon-wrap\">\n\t\t\t\t\t\t\t\t<svg xmlns=\"https:\/\/www.w3.org\/2000\/svg\" viewBox= \"0 0 448 512\"><path d=\"M400 288h-352c-17.69 0-32-14.32-32-32.01s14.31-31.99 32-31.99h352c17.69 0 32 14.3 32 31.99S417.7 288 400 288z\"><\/path><\/svg>\n\t\t\t\t\t\t\t<\/span>\n\t\t\t<span class=\"uagb-question\">Is it free for children?<\/span><\/div><div class=\"uagb-faq-content\"><p>The gallery is free for children under 3 years old. It is free for young people under 26 years of age, EU nationals <\/p><\/div><\/div><div class=\"wp-block-uagb-faq-child uagb-faq-child__outer-wrap uagb-faq-item uagb-block-f2b96b2b \" role=\"tab\" tabindex=\"0\"><div class=\"uagb-faq-questions-button uagb-faq-questions\">\t\t\t<span class=\"uagb-icon uagb-faq-icon-wrap\">\n\t\t\t\t\t\t\t\t<svg xmlns=\"https:\/\/www.w3.org\/2000\/svg\" viewBox= \"0 0 448 512\"><path d=\"M432 256c0 17.69-14.33 32.01-32 32.01H256v144c0 17.69-14.33 31.99-32 31.99s-32-14.3-32-31.99v-144H48c-17.67 0-32-14.32-32-32.01s14.33-31.99 32-31.99H192v-144c0-17.69 14.33-32.01 32-32.01s32 14.32 32 32.01v144h144C417.7 224 432 238.3 432 256z\"><\/path><\/svg>\n\t\t\t\t\t\t\t<\/span>\n\t\t\t\t\t\t<span class=\"uagb-icon-active uagb-faq-icon-wrap\">\n\t\t\t\t\t\t\t\t<svg xmlns=\"https:\/\/www.w3.org\/2000\/svg\" viewBox= \"0 0 448 512\"><path d=\"M400 288h-352c-17.69 0-32-14.32-32-32.01s14.31-31.99 32-31.99h352c17.69 0 32 14.3 32 31.99S417.7 288 400 288z\"><\/path><\/svg>\n\t\t\t\t\t\t\t<\/span>\n\t\t\t<span class=\"uagb-question\">Is it free for people with disabilities?<\/span><\/div><div class=\"uagb-faq-content\"><p>Yes, the Gallery of Geology and Mineralogy is free for people with disabilities and their companion<\/p><\/div><\/div><div class=\"wp-block-uagb-faq-child uagb-faq-child__outer-wrap uagb-faq-item uagb-block-0e57be94 \" role=\"tab\" tabindex=\"0\"><div class=\"uagb-faq-questions-button uagb-faq-questions\">\t\t\t<span class=\"uagb-icon uagb-faq-icon-wrap\">\n\t\t\t\t\t\t\t\t<svg xmlns=\"https:\/\/www.w3.org\/2000\/svg\" viewBox= \"0 0 448 512\"><path d=\"M432 256c0 17.69-14.33 32.01-32 32.01H256v144c0 17.69-14.33 31.99-32 31.99s-32-14.3-32-31.99v-144H48c-17.67 0-32-14.32-32-32.01s14.33-31.99 32-31.99H192v-144c0-17.69 14.33-32.01 32-32.01s32 14.32 32 32.01v144h144C417.7 224 432 238.3 432 256z\"><\/path><\/svg>\n\t\t\t\t\t\t\t<\/span>\n\t\t\t\t\t\t<span class=\"uagb-icon-active uagb-faq-icon-wrap\">\n\t\t\t\t\t\t\t\t<svg xmlns=\"https:\/\/www.w3.org\/2000\/svg\" viewBox= \"0 0 448 512\"><path d=\"M400 288h-352c-17.69 0-32-14.32-32-32.01s14.31-31.99 32-31.99h352c17.69 0 32 14.3 32 31.99S417.7 288 400 288z\"><\/path><\/svg>\n\t\t\t\t\t\t\t<\/span>\n\t\t\t<span class=\"uagb-question\">Is there a cloakroom?<\/span><\/div><div class=\"uagb-faq-content\"><p>Yes and it&#8217;s free<\/p><\/div><\/div><\/div>\n<div style=\"height:50px\" aria-hidden=\"true\" class=\"wp-block-spacer\"><\/div>\n\n<h2 class=\"wp-block-heading has-text-align-center\">What to do in the 5th grade with your family?<\/h2>\n\n\t\t\t<div class=\"wp-block-uagb-post-grid uagb-post-grid  uagb-post__image-position-top uagb-post__image-enabled uagb-block-90ee2dfa     uagb-post__items uagb-post__columns-5 is-grid uagb-post__columns-tablet-2 uagb-post__columns-mobile-1 uagb-post__equal-height\" data-total=\"2\" style=\"\">\n\n\t\t\t\t\t\t\t\t\t\t\t\t<article class=\"uagb-post__inner-wrap\">\t\t\t\t\t\t\t\t<div class='uagb-post__image'>\n\t\t\t\t\t\t\t\t\t<a href=\"https:\/\/www.familinparis.fr\/en\/unicorn-exhibition-at-the-cluny-museum-75005\/\" target=\"_self\" rel=\"bookmark noopener noreferrer\" class='uagb-image-ratio-inherit'><img decoding=\"async\" width=\"270\" height=\"180\" src=\"https:\/\/www.familinparis.fr\/wp-content\/uploads\/2026\/03\/licornes-expo-musee-cluny-2026-270x180.jpg\" class=\"attachment-post-thumbnail size-post-thumbnail\" alt=\"Affiche exposition &quot;Licornes !&quot; au Mus\u00e9e de Cluny\" \/>\t\t\t\t\t<\/a>\n\t\t\t\t\t\t\t<\/div>\n\t\t\t\t\t\t<h4 class=\"uagb-post__title uagb-post__text\">\n\t\t\t\t<a href=\"https:\/\/www.familinparis.fr\/en\/unicorn-exhibition-at-the-cluny-museum-75005\/\" target=\"_self\" rel=\"bookmark noopener noreferrer\">Unicorns! At the Museum of Cluny<\/a>\n\t\t\t<\/h4>\n\t\t\t\t\t\t<div class='uagb-post__text uagb-post-grid-byline'>\n\t\t\t\t\t\t\t<\/div>\n\t\t\t\n\t\t\t\t\t\t\t\t\t<\/article>\n\t\t\t\t\t\t\t\t\t\t\t\t\t\t\t\t<article class=\"uagb-post__inner-wrap\">\t\t\t\t\t\t\t\t<div class='uagb-post__image'>\n\t\t\t\t\t\t\t\t\t<a href=\"https:\/\/www.familinparis.fr\/en\/candlelight-concert-in-paris\/\" target=\"_self\" rel=\"bookmark noopener noreferrer\" class='uagb-image-ratio-inherit'><img decoding=\"async\" width=\"270\" height=\"180\" src=\"https:\/\/www.familinparis.fr\/wp-content\/uploads\/2026\/01\/les-concerts-candelight-270x180.jpg\" class=\"attachment-post-thumbnail size-post-thumbnail\" alt=\"Les concerts Candeligth\" srcset=\"https:\/\/www.familinparis.fr\/wp-content\/uploads\/2026\/01\/les-concerts-candelight-270x180.jpg 270w, https:\/\/www.familinparis.fr\/wp-content\/uploads\/2026\/01\/les-concerts-candelight-300x200.jpg 300w, https:\/\/www.familinparis.fr\/wp-content\/uploads\/2026\/01\/les-concerts-candelight-768x512.jpg 768w, https:\/\/www.familinparis.fr\/wp-content\/uploads\/2026\/01\/les-concerts-candelight-730x487.jpg 730w, https:\/\/www.familinparis.fr\/wp-content\/uploads\/2026\/01\/les-concerts-candelight.jpg 900w\" sizes=\"(max-width: 270px) 100vw, 270px\" \/>\t\t\t\t\t<\/a>\n\t\t\t\t\t\t\t<\/div>\n\t\t\t\t\t\t<h4 class=\"uagb-post__title uagb-post__text\">\n\t\t\t\t<a href=\"https:\/\/www.familinparis.fr\/en\/candlelight-concert-in-paris\/\" target=\"_self\" rel=\"bookmark noopener noreferrer\">Les concerts Candlelight<\/a>\n\t\t\t<\/h4>\n\t\t\t\t\t\t<div class='uagb-post__text uagb-post-grid-byline'>\n\t\t\t\t\t\t\t<\/div>\n\t\t\t\n\t\t\t\t\t\t\t\t\t<\/article>\n\t\t\t\t\t\t\t\t\t\t\t\t\t\t\t\t<article class=\"uagb-post__inner-wrap\">\t\t\t\t\t\t\t\t<div class='uagb-post__image'>\n\t\t\t\t\t\t\t\t\t<a href=\"https:\/\/www.familinparis.fr\/en\/the-menagerie-of-the-jardin-des-plantes\/\" target=\"_self\" rel=\"bookmark noopener noreferrer\" class='uagb-image-ratio-inherit'><img decoding=\"async\" width=\"270\" height=\"180\" src=\"https:\/\/www.familinparis.fr\/wp-content\/uploads\/Animaux\/la-menagerie\/la-menagerie-du-jardin-des-plantes-270x180.jpg\" class=\"attachment-post-thumbnail size-post-thumbnail\" alt=\"\" \/>\t\t\t\t\t<\/a>\n\t\t\t\t\t\t\t<\/div>\n\t\t\t\t\t\t<h4 class=\"uagb-post__title uagb-post__text\">\n\t\t\t\t<a href=\"https:\/\/www.familinparis.fr\/en\/the-menagerie-of-the-jardin-des-plantes\/\" target=\"_self\" rel=\"bookmark noopener noreferrer\">The Menagerie of the Jardin des Plantes<\/a>\n\t\t\t<\/h4>\n\t\t\t\t\t\t<div class='uagb-post__text uagb-post-grid-byline'>\n\t\t\t\t\t\t\t<\/div>\n\t\t\t\n\t\t\t\t\t\t\t\t\t<\/article>\n\t\t\t\t\t\t\t\t\t\t\t\t\t\t\t\t<article class=\"uagb-post__inner-wrap\">\t\t\t\t\t\t\t\t<div class='uagb-post__image'>\n\t\t\t\t\t\t\t\t\t<a href=\"https:\/\/www.familinparis.fr\/en\/the-grande-galerie-de-l-evolution-in-paris\/\" target=\"_self\" rel=\"bookmark noopener noreferrer\" class='uagb-image-ratio-inherit'><img decoding=\"async\" width=\"270\" height=\"180\" src=\"https:\/\/www.familinparis.fr\/wp-content\/uploads\/photos-familinparis-2021\/mus\u00e9e\/la-grande-galerie-de-l-evolution\/galerie-de-l-evolution-jardin-des-plantes-\u00a9FamilinParis-828x399-1-270x180.jpg\" class=\"attachment-post-thumbnail size-post-thumbnail\" alt=\"\" \/>\t\t\t\t\t<\/a>\n\t\t\t\t\t\t\t<\/div>\n\t\t\t\t\t\t<h4 class=\"uagb-post__title uagb-post__text\">\n\t\t\t\t<a href=\"https:\/\/www.familinparis.fr\/en\/the-grande-galerie-de-l-evolution-in-paris\/\" target=\"_self\" rel=\"bookmark noopener noreferrer\">The Grande Galerie de l&#8217;\u00c9volution<\/a>\n\t\t\t<\/h4>\n\t\t\t\t\t\t<div class='uagb-post__text uagb-post-grid-byline'>\n\t\t\t\t\t\t\t<\/div>\n\t\t\t\n\t\t\t\t\t\t\t\t\t<\/article>\n\t\t\t\t\t\t\t\t\t\t\t\t\t\t\t\t<article class=\"uagb-post__inner-wrap\">\t\t\t\t\t\t\t\t<div class='uagb-post__image'>\n\t\t\t\t\t\t\t\t\t<a href=\"https:\/\/www.familinparis.fr\/en\/paris-in-cartoons-guided-tour\/\" target=\"_self\" rel=\"bookmark noopener noreferrer\" class='uagb-image-ratio-inherit'><img decoding=\"async\" width=\"270\" height=\"180\" src=\"https:\/\/www.familinparis.fr\/wp-content\/uploads\/photos-partenaires\/visite-guidee\/visite-guidee-le-paris-des-dessins-anime.jpg-270x180.jpg\" class=\"attachment-post-thumbnail size-post-thumbnail\" alt=\"\" srcset=\"https:\/\/www.familinparis.fr\/wp-content\/uploads\/photos-partenaires\/visite-guidee\/visite-guidee-le-paris-des-dessins-anime.jpg-270x180.jpg 270w, https:\/\/www.familinparis.fr\/wp-content\/uploads\/photos-partenaires\/visite-guidee\/visite-guidee-le-paris-des-dessins-anime.jpg-300x200.jpg 300w, https:\/\/www.familinparis.fr\/wp-content\/uploads\/photos-partenaires\/visite-guidee\/visite-guidee-le-paris-des-dessins-anime.jpg-18x12.jpg 18w, https:\/\/www.familinparis.fr\/wp-content\/uploads\/photos-partenaires\/visite-guidee\/visite-guidee-le-paris-des-dessins-anime.jpg.jpg 672w\" sizes=\"(max-width: 270px) 100vw, 270px\" \/>\t\t\t\t\t<\/a>\n\t\t\t\t\t\t\t<\/div>\n\t\t\t\t\t\t<h4 class=\"uagb-post__title uagb-post__text\">\n\t\t\t\t<a href=\"https:\/\/www.familinparis.fr\/en\/paris-in-cartoons-guided-tour\/\" target=\"_self\" rel=\"bookmark noopener noreferrer\">Paris in Cartoons (guided tour)<\/a>\n\t\t\t<\/h4>\n\t\t\t\t\t\t<div class='uagb-post__text uagb-post-grid-byline'>\n\t\t\t\t\t\t\t<\/div>\n\t\t\t\n\t\t\t\t\t\t\t\t\t<\/article>\n\t\t\t\t\t\t\t\t\t\t\t\t\t\t\t\t<article class=\"uagb-post__inner-wrap\">\t\t\t\t\t\t\t\t<div class='uagb-post__image'>\n\t\t\t\t\t\t\t\t\t<a href=\"https:\/\/www.familinparis.fr\/en\/halloween-pumpkin-workshop-the-picking-of-cergy-95-3\/\" target=\"_self\" rel=\"bookmark noopener noreferrer\" class='uagb-image-ratio-inherit'><img decoding=\"async\" width=\"270\" height=\"180\" src=\"https:\/\/www.familinparis.fr\/wp-content\/uploads\/2025\/05\/jules_vernes_1_1-270x180.jpg\" class=\"attachment-post-thumbnail size-post-thumbnail\" alt=\"le grand h\u00f4tel des r\u00eaves dans le 5\u00e8me\" \/>\t\t\t\t\t<\/a>\n\t\t\t\t\t\t\t<\/div>\n\t\t\t\t\t\t<h4 class=\"uagb-post__title uagb-post__text\">\n\t\t\t\t<a href=\"https:\/\/www.familinparis.fr\/en\/halloween-pumpkin-workshop-the-picking-of-cergy-95-3\/\" target=\"_self\" rel=\"bookmark noopener noreferrer\">Halloween pumpkin workshop \u2022 The picking of Cergy (95)<\/a>\n\t\t\t<\/h4>\n\t\t\t\t\t\t<div class='uagb-post__text uagb-post-grid-byline'>\n\t\t\t\t\t\t\t<\/div>\n\t\t\t\n\t\t\t\t\t\t\t\t\t<\/article>\n\t\t\t\t\t\t\t\t\t\t\t\t\t\t\t\t<article class=\"uagb-post__inner-wrap\">\t\t\t\t\t\t\t\t<div class='uagb-post__image'>\n\t\t\t\t\t\t\t\t\t<a href=\"https:\/\/www.familinparis.fr\/en\/visit-notre-dame-de-paris\/\" target=\"_self\" rel=\"bookmark noopener noreferrer\" class='uagb-image-ratio-inherit'><img decoding=\"async\" width=\"270\" height=\"180\" src=\"https:\/\/www.familinparis.fr\/wp-content\/uploads\/2024\/12\/cathedral-738118_1280-270x180.jpeg\" class=\"attachment-post-thumbnail size-post-thumbnail\" alt=\"Fa\u00e7ade cath\u00e9drale Notre-Dame de Paris\" \/>\t\t\t\t\t<\/a>\n\t\t\t\t\t\t\t<\/div>\n\t\t\t\t\t\t<h4 class=\"uagb-post__title uagb-post__text\">\n\t\t\t\t<a href=\"https:\/\/www.familinparis.fr\/en\/visit-notre-dame-de-paris\/\" target=\"_self\" rel=\"bookmark noopener noreferrer\">Reopening of Notre-Dame de Paris<\/a>\n\t\t\t<\/h4>\n\t\t\t\t\t\t<div class='uagb-post__text uagb-post-grid-byline'>\n\t\t\t\t\t\t\t<\/div>\n\t\t\t\n\t\t\t\t\t\t\t\t\t<\/article>\n\t\t\t\t\t\t\t\t\t\t\t\t\t\t\t\t<article class=\"uagb-post__inner-wrap\">\t\t\t\t\t\t\t\t<div class='uagb-post__image'>\n\t\t\t\t\t\t\t\t\t<a href=\"https:\/\/www.familinparis.fr\/en\/the-dream-blower-anniversary\/\" target=\"_self\" rel=\"bookmark noopener noreferrer\" class='uagb-image-ratio-inherit'><img decoding=\"async\" width=\"270\" height=\"180\" src=\"https:\/\/www.familinparis.fr\/wp-content\/uploads\/Mus\u00e9es\/dame-a-la-licorne-tapisserie-musee-de-cluny-270x180.jpg\" class=\"attachment-post-thumbnail size-post-thumbnail\" alt=\"\" srcset=\"https:\/\/www.familinparis.fr\/wp-content\/uploads\/Mus\u00e9es\/dame-a-la-licorne-tapisserie-musee-de-cluny-270x180.jpg 270w, https:\/\/www.familinparis.fr\/wp-content\/uploads\/Mus\u00e9es\/dame-a-la-licorne-tapisserie-musee-de-cluny-16x12.jpg 16w\" sizes=\"(max-width: 270px) 100vw, 270px\" \/>\t\t\t\t\t<\/a>\n\t\t\t\t\t\t\t<\/div>\n\t\t\t\t\t\t<h4 class=\"uagb-post__title uagb-post__text\">\n\t\t\t\t<a href=\"https:\/\/www.familinparis.fr\/en\/the-dream-blower-anniversary\/\" target=\"_self\" rel=\"bookmark noopener noreferrer\">The Dream Blower (Anniversary)<\/a>\n\t\t\t<\/h4>\n\t\t\t\t\t\t<div class='uagb-post__text uagb-post-grid-byline'>\n\t\t\t\t\t\t\t<\/div>\n\t\t\t\n\t\t\t\t\t\t\t\t\t<\/article>\n\t\t\t\t\t\t\t\t\t\t\t\t\t\t\t\t<article class=\"uagb-post__inner-wrap\">\t\t\t\t\t\t\t\t<div class='uagb-post__image'>\n\t\t\t\t\t\t\t\t\t<a href=\"https:\/\/www.familinparis.fr\/en\/the-escape-game-the-mysteries-of-the-latin-quarter\/\" target=\"_self\" rel=\"bookmark noopener noreferrer\" class='uagb-image-ratio-inherit'><img decoding=\"async\" width=\"270\" height=\"180\" src=\"https:\/\/www.familinparis.fr\/wp-content\/uploads\/2024\/08\/escape-game-les-mysteres-du-quartier-latin.jpg-270x180.jpg\" class=\"attachment-post-thumbnail size-post-thumbnail\" alt=\"\" srcset=\"https:\/\/www.familinparis.fr\/wp-content\/uploads\/2024\/08\/escape-game-les-mysteres-du-quartier-latin.jpg-270x180.jpg 270w, https:\/\/www.familinparis.fr\/wp-content\/uploads\/2024\/08\/escape-game-les-mysteres-du-quartier-latin.jpg-300x200.jpg 300w, https:\/\/www.familinparis.fr\/wp-content\/uploads\/2024\/08\/escape-game-les-mysteres-du-quartier-latin.jpg-1024x683.jpg 1024w, https:\/\/www.familinparis.fr\/wp-content\/uploads\/2024\/08\/escape-game-les-mysteres-du-quartier-latin.jpg-768x512.jpg 768w, https:\/\/www.familinparis.fr\/wp-content\/uploads\/2024\/08\/escape-game-les-mysteres-du-quartier-latin.jpg-18x12.jpg 18w, https:\/\/www.familinparis.fr\/wp-content\/uploads\/2024\/08\/escape-game-les-mysteres-du-quartier-latin.jpg-730x487.jpg 730w, https:\/\/www.familinparis.fr\/wp-content\/uploads\/2024\/08\/escape-game-les-mysteres-du-quartier-latin.jpg.jpg 1200w\" sizes=\"(max-width: 270px) 100vw, 270px\" \/>\t\t\t\t\t<\/a>\n\t\t\t\t\t\t\t<\/div>\n\t\t\t\t\t\t<h4 class=\"uagb-post__title uagb-post__text\">\n\t\t\t\t<a href=\"https:\/\/www.familinparis.fr\/en\/the-escape-game-the-mysteries-of-the-latin-quarter\/\" target=\"_self\" rel=\"bookmark noopener noreferrer\">The Escape Game &#8220;The Mysteries of the Latin Quarter&#8221;<\/a>\n\t\t\t<\/h4>\n\t\t\t\t\t\t<div class='uagb-post__text uagb-post-grid-byline'>\n\t\t\t\t\t\t\t<\/div>\n\t\t\t\n\t\t\t\t\t\t\t\t\t<\/article>\n\t\t\t\t\t\t\t\t\t\t\t\t\t\t\t\t<article class=\"uagb-post__inner-wrap\">\t\t\t\t\t\t\t\t<div class='uagb-post__image'>\n\t\t\t\t\t\t\t\t\t<a href=\"https:\/\/www.familinparis.fr\/en\/the-cluny-museum\/\" target=\"_self\" rel=\"bookmark noopener noreferrer\" class='uagb-image-ratio-inherit'><img decoding=\"async\" width=\"270\" height=\"180\" src=\"https:\/\/www.familinparis.fr\/wp-content\/uploads\/photos-familinparis-2021\/mus\u00e9e\/musee-de-cluny\/la-dame-a-la-licorne-musee-de-cluny-270x180.jpg\" class=\"attachment-post-thumbnail size-post-thumbnail\" alt=\"\" srcset=\"https:\/\/www.familinparis.fr\/wp-content\/uploads\/photos-familinparis-2021\/mus\u00e9e\/musee-de-cluny\/la-dame-a-la-licorne-musee-de-cluny-270x180.jpg 270w, https:\/\/www.familinparis.fr\/wp-content\/uploads\/photos-familinparis-2021\/mus\u00e9e\/musee-de-cluny\/la-dame-a-la-licorne-musee-de-cluny-16x12.jpg 16w\" sizes=\"(max-width: 270px) 100vw, 270px\" \/>\t\t\t\t\t<\/a>\n\t\t\t\t\t\t\t<\/div>\n\t\t\t\t\t\t<h4 class=\"uagb-post__title uagb-post__text\">\n\t\t\t\t<a href=\"https:\/\/www.familinparis.fr\/en\/the-cluny-museum\/\" target=\"_self\" rel=\"bookmark noopener noreferrer\">The Cluny Museum<\/a>\n\t\t\t<\/h4>\n\t\t\t\t\t\t<div class='uagb-post__text uagb-post-grid-byline'>\n\t\t\t\t\t\t\t<\/div>\n\t\t\t\n\t\t\t\t\t\t\t\t\t<\/article>\n\t\t\t\t\t\t\t\t\t\t\t<\/div>\n\t\t\t\n<div style=\"height:53px\" aria-hidden=\"true\" class=\"wp-block-spacer\"><\/div>\n\n<div class=\"t-center\"><div data-tiqets-widget=\"discovery\" data-cards-layout=\"responsive\" data-content-type=\"exhibition\" data-item_count=\"10\" data-destination-type=\"city\" data-destination-id=\"66746\" data-partner=\"Familinparis\" data-tq-campaign=\"widget-galerie-geologie\"><\/div><script defer=\"defer\" src=\"https:\/\/widgets.tiqets.com\/loader.js\"><\/script><\/div>\n\n<div style=\"height:41px\" aria-hidden=\"true\" class=\"wp-block-spacer\"><\/div>\n","protected":false},"excerpt":{"rendered":"<p>Free for young people under 26 years old (EU national) FAQ What to do in the 5th grade with your family?<\/p>\n","protected":false},"author":6,"featured_media":131786,"comment_status":"open","ping_status":"open","sticky":false,"template":"","format":"standard","meta":{"_uag_custom_page_level_css":"","footnotes":""},"categories":[1300],"tags":[1226,1206,1404,952,1271,1263],"class_list":{"0":"post-135279","1":"post","2":"type-post","3":"status-publish","4":"format-standard","5":"has-post-thumbnail","7":"category-museums","8":"tag-for-7-12-year-olds","9":"tag-for-teens","10":"tag-less-than-10-euros","11":"tag-mercredi","12":"tag-sciences-en","13":"tag-the-latin-quarter-and-5th"},"yoast_head":"<!-- This site is optimized with the Yoast SEO plugin v27.2 - https:\/\/yoast.com\/product\/yoast-seo-wordpress\/ -->\n<title>Ticket to the Gallery of Geology and Mineralogy<\/title>\n<meta name=\"description\" content=\"Museum of Mineralogy in Paris, one of the most beautiful collections in the world. The Geological Gallery of the Museum of Paris\" \/>\n<meta name=\"robots\" content=\"index, follow, max-snippet:-1, max-image-preview:large, max-video-preview:-1\" \/>\n<link rel=\"canonical\" href=\"https:\/\/www.familinparis.fr\/en\/gallery-of-geology-and-mineralogy\/\" \/>\n<meta property=\"og:locale\" content=\"en_US\" \/>\n<meta property=\"og:type\" content=\"article\" \/>\n<meta property=\"og:title\" content=\"Ticket to the Gallery of Geology and Mineralogy\" \/>\n<meta property=\"og:description\" content=\"Museum of Mineralogy in Paris, one of the most beautiful collections in the world. The Geological Gallery of the Museum of Paris\" \/>\n<meta property=\"og:url\" content=\"https:\/\/www.familinparis.fr\/en\/gallery-of-geology-and-mineralogy\/\" \/>\n<meta property=\"og:site_name\" content=\"Familin&#039;Paris\" \/>\n<meta property=\"article:published_time\" content=\"2022-11-27T13:11:29+00:00\" \/>\n<meta property=\"article:modified_time\" content=\"2024-11-16T15:13:42+00:00\" \/>\n<meta property=\"og:image\" content=\"https:\/\/www.familinparis.fr\/wp-content\/uploads\/2022\/12\/galerie-genealogie-mineralogie-credit-Yann-caradec.jpg\" \/>\n\t<meta property=\"og:image:width\" content=\"1600\" \/>\n\t<meta property=\"og:image:height\" content=\"1600\" \/>\n\t<meta property=\"og:image:type\" content=\"image\/jpeg\" \/>\n<meta name=\"author\" content=\"Agn\u00e8s\" \/>\n<meta name=\"twitter:card\" content=\"summary_large_image\" \/>\n<meta name=\"twitter:label1\" content=\"Written by\" \/>\n\t<meta name=\"twitter:data1\" content=\"Agn\u00e8s\" \/>\n\t<meta name=\"twitter:label2\" content=\"Est. reading time\" \/>\n\t<meta name=\"twitter:data2\" content=\"1 minute\" \/>\n<script type=\"application\/ld+json\" class=\"yoast-schema-graph\">{\"@context\":\"https:\/\/schema.org\",\"@graph\":[{\"@type\":\"Article\",\"@id\":\"https:\/\/www.familinparis.fr\/en\/gallery-of-geology-and-mineralogy\/#article\",\"isPartOf\":{\"@id\":\"https:\/\/www.familinparis.fr\/en\/gallery-of-geology-and-mineralogy\/\"},\"author\":{\"name\":\"Agn\u00e8s\",\"@id\":\"https:\/\/www.familinparis.fr\/en\/#\/schema\/person\/20deb9130cb58f76b535d316fe0aa31f\"},\"headline\":\"Gallery of Geology and Mineralogy\",\"datePublished\":\"2022-11-27T13:11:29+00:00\",\"dateModified\":\"2024-11-16T15:13:42+00:00\",\"mainEntityOfPage\":{\"@id\":\"https:\/\/www.familinparis.fr\/en\/gallery-of-geology-and-mineralogy\/\"},\"wordCount\":255,\"commentCount\":0,\"image\":{\"@id\":\"https:\/\/www.familinparis.fr\/en\/gallery-of-geology-and-mineralogy\/#primaryimage\"},\"thumbnailUrl\":\"https:\/\/www.familinparis.fr\/wp-content\/uploads\/2022\/12\/galerie-genealogie-mineralogie-credit-Yann-caradec.jpg\",\"keywords\":[\"For 7-12 year olds\",\"For teens\",\"Less than 10 euros\",\"Mercredi\",\"SCIENCES\",\"The Latin Quarter (and 5th)\"],\"articleSection\":[\"Museums\"],\"inLanguage\":\"en-US\",\"potentialAction\":[{\"@type\":\"CommentAction\",\"name\":\"Comment\",\"target\":[\"https:\/\/www.familinparis.fr\/en\/gallery-of-geology-and-mineralogy\/#respond\"]}]},{\"@type\":\"WebPage\",\"@id\":\"https:\/\/www.familinparis.fr\/en\/gallery-of-geology-and-mineralogy\/\",\"url\":\"https:\/\/www.familinparis.fr\/en\/gallery-of-geology-and-mineralogy\/\",\"name\":\"Ticket to the Gallery of Geology and Mineralogy\",\"isPartOf\":{\"@id\":\"https:\/\/www.familinparis.fr\/en\/#website\"},\"primaryImageOfPage\":{\"@id\":\"https:\/\/www.familinparis.fr\/en\/gallery-of-geology-and-mineralogy\/#primaryimage\"},\"image\":{\"@id\":\"https:\/\/www.familinparis.fr\/en\/gallery-of-geology-and-mineralogy\/#primaryimage\"},\"thumbnailUrl\":\"https:\/\/www.familinparis.fr\/wp-content\/uploads\/2022\/12\/galerie-genealogie-mineralogie-credit-Yann-caradec.jpg\",\"datePublished\":\"2022-11-27T13:11:29+00:00\",\"dateModified\":\"2024-11-16T15:13:42+00:00\",\"author\":{\"@id\":\"https:\/\/www.familinparis.fr\/en\/#\/schema\/person\/20deb9130cb58f76b535d316fe0aa31f\"},\"description\":\"Museum of Mineralogy in Paris, one of the most beautiful collections in the world. The Geological Gallery of the Museum of Paris\",\"breadcrumb\":{\"@id\":\"https:\/\/www.familinparis.fr\/en\/gallery-of-geology-and-mineralogy\/#breadcrumb\"},\"inLanguage\":\"en-US\",\"potentialAction\":[{\"@type\":\"ReadAction\",\"target\":[\"https:\/\/www.familinparis.fr\/en\/gallery-of-geology-and-mineralogy\/\"]}]},{\"@type\":\"ImageObject\",\"inLanguage\":\"en-US\",\"@id\":\"https:\/\/www.familinparis.fr\/en\/gallery-of-geology-and-mineralogy\/#primaryimage\",\"url\":\"https:\/\/www.familinparis.fr\/wp-content\/uploads\/2022\/12\/galerie-genealogie-mineralogie-credit-Yann-caradec.jpg\",\"contentUrl\":\"https:\/\/www.familinparis.fr\/wp-content\/uploads\/2022\/12\/galerie-genealogie-mineralogie-credit-Yann-caradec.jpg\",\"width\":1600,\"height\":1600},{\"@type\":\"BreadcrumbList\",\"@id\":\"https:\/\/www.familinparis.fr\/en\/gallery-of-geology-and-mineralogy\/#breadcrumb\",\"itemListElement\":[{\"@type\":\"ListItem\",\"position\":1,\"name\":\"Home\",\"item\":\"https:\/\/www.familinparis.fr\/en\/\"},{\"@type\":\"ListItem\",\"position\":2,\"name\":\"Exposition\",\"item\":\"https:\/\/www.familinparis.fr\/en\/categorie\/exposition-en\/\"},{\"@type\":\"ListItem\",\"position\":3,\"name\":\"Gallery of Geology and Mineralogy\"}]},{\"@type\":\"WebSite\",\"@id\":\"https:\/\/www.familinparis.fr\/en\/#website\",\"url\":\"https:\/\/www.familinparis.fr\/en\/\",\"name\":\"Familin&#039;Paris\",\"description\":\"Visiter le meilleur de Paris avec des enfants : sorties, spectacles, adresses de restaurants, shopping, bons plans...\",\"potentialAction\":[{\"@type\":\"SearchAction\",\"target\":{\"@type\":\"EntryPoint\",\"urlTemplate\":\"https:\/\/www.familinparis.fr\/en\/?s={search_term_string}\"},\"query-input\":{\"@type\":\"PropertyValueSpecification\",\"valueRequired\":true,\"valueName\":\"search_term_string\"}}],\"inLanguage\":\"en-US\"},{\"@type\":\"Person\",\"@id\":\"https:\/\/www.familinparis.fr\/en\/#\/schema\/person\/20deb9130cb58f76b535d316fe0aa31f\",\"name\":\"Agn\u00e8s\",\"image\":{\"@type\":\"ImageObject\",\"inLanguage\":\"en-US\",\"@id\":\"https:\/\/secure.gravatar.com\/avatar\/0ff338e2776ca662585d438b3bc140cbe7b54659207d3329065be97ffb37fa5a?s=96&d=identicon&r=g\",\"url\":\"https:\/\/secure.gravatar.com\/avatar\/0ff338e2776ca662585d438b3bc140cbe7b54659207d3329065be97ffb37fa5a?s=96&d=identicon&r=g\",\"contentUrl\":\"https:\/\/secure.gravatar.com\/avatar\/0ff338e2776ca662585d438b3bc140cbe7b54659207d3329065be97ffb37fa5a?s=96&d=identicon&r=g\",\"caption\":\"Agn\u00e8s\"}}]}<\/script>\n<!-- \/ Yoast SEO plugin. -->","yoast_head_json":{"title":"Ticket to the Gallery of Geology and Mineralogy","description":"Museum of Mineralogy in Paris, one of the most beautiful collections in the world. The Geological Gallery of the Museum of Paris","robots":{"index":"index","follow":"follow","max-snippet":"max-snippet:-1","max-image-preview":"max-image-preview:large","max-video-preview":"max-video-preview:-1"},"canonical":"https:\/\/www.familinparis.fr\/en\/gallery-of-geology-and-mineralogy\/","og_locale":"en_US","og_type":"article","og_title":"Ticket to the Gallery of Geology and Mineralogy","og_description":"Museum of Mineralogy in Paris, one of the most beautiful collections in the world. The Geological Gallery of the Museum of Paris","og_url":"https:\/\/www.familinparis.fr\/en\/gallery-of-geology-and-mineralogy\/","og_site_name":"Familin&#039;Paris","article_published_time":"2022-11-27T13:11:29+00:00","article_modified_time":"2024-11-16T15:13:42+00:00","og_image":[{"width":1600,"height":1600,"url":"https:\/\/www.familinparis.fr\/wp-content\/uploads\/2022\/12\/galerie-genealogie-mineralogie-credit-Yann-caradec.jpg","type":"image\/jpeg"}],"author":"Agn\u00e8s","twitter_card":"summary_large_image","twitter_misc":{"Written by":"Agn\u00e8s","Est. reading time":"1 minute"},"schema":{"@context":"https:\/\/schema.org","@graph":[{"@type":"Article","@id":"https:\/\/www.familinparis.fr\/en\/gallery-of-geology-and-mineralogy\/#article","isPartOf":{"@id":"https:\/\/www.familinparis.fr\/en\/gallery-of-geology-and-mineralogy\/"},"author":{"name":"Agn\u00e8s","@id":"https:\/\/www.familinparis.fr\/en\/#\/schema\/person\/20deb9130cb58f76b535d316fe0aa31f"},"headline":"Gallery of Geology and Mineralogy","datePublished":"2022-11-27T13:11:29+00:00","dateModified":"2024-11-16T15:13:42+00:00","mainEntityOfPage":{"@id":"https:\/\/www.familinparis.fr\/en\/gallery-of-geology-and-mineralogy\/"},"wordCount":255,"commentCount":0,"image":{"@id":"https:\/\/www.familinparis.fr\/en\/gallery-of-geology-and-mineralogy\/#primaryimage"},"thumbnailUrl":"https:\/\/www.familinparis.fr\/wp-content\/uploads\/2022\/12\/galerie-genealogie-mineralogie-credit-Yann-caradec.jpg","keywords":["For 7-12 year olds","For teens","Less than 10 euros","Mercredi","SCIENCES","The Latin Quarter (and 5th)"],"articleSection":["Museums"],"inLanguage":"en-US","potentialAction":[{"@type":"CommentAction","name":"Comment","target":["https:\/\/www.familinparis.fr\/en\/gallery-of-geology-and-mineralogy\/#respond"]}]},{"@type":"WebPage","@id":"https:\/\/www.familinparis.fr\/en\/gallery-of-geology-and-mineralogy\/","url":"https:\/\/www.familinparis.fr\/en\/gallery-of-geology-and-mineralogy\/","name":"Ticket to the Gallery of Geology and Mineralogy","isPartOf":{"@id":"https:\/\/www.familinparis.fr\/en\/#website"},"primaryImageOfPage":{"@id":"https:\/\/www.familinparis.fr\/en\/gallery-of-geology-and-mineralogy\/#primaryimage"},"image":{"@id":"https:\/\/www.familinparis.fr\/en\/gallery-of-geology-and-mineralogy\/#primaryimage"},"thumbnailUrl":"https:\/\/www.familinparis.fr\/wp-content\/uploads\/2022\/12\/galerie-genealogie-mineralogie-credit-Yann-caradec.jpg","datePublished":"2022-11-27T13:11:29+00:00","dateModified":"2024-11-16T15:13:42+00:00","author":{"@id":"https:\/\/www.familinparis.fr\/en\/#\/schema\/person\/20deb9130cb58f76b535d316fe0aa31f"},"description":"Museum of Mineralogy in Paris, one of the most beautiful collections in the world. The Geological Gallery of the Museum of Paris","breadcrumb":{"@id":"https:\/\/www.familinparis.fr\/en\/gallery-of-geology-and-mineralogy\/#breadcrumb"},"inLanguage":"en-US","potentialAction":[{"@type":"ReadAction","target":["https:\/\/www.familinparis.fr\/en\/gallery-of-geology-and-mineralogy\/"]}]},{"@type":"ImageObject","inLanguage":"en-US","@id":"https:\/\/www.familinparis.fr\/en\/gallery-of-geology-and-mineralogy\/#primaryimage","url":"https:\/\/www.familinparis.fr\/wp-content\/uploads\/2022\/12\/galerie-genealogie-mineralogie-credit-Yann-caradec.jpg","contentUrl":"https:\/\/www.familinparis.fr\/wp-content\/uploads\/2022\/12\/galerie-genealogie-mineralogie-credit-Yann-caradec.jpg","width":1600,"height":1600},{"@type":"BreadcrumbList","@id":"https:\/\/www.familinparis.fr\/en\/gallery-of-geology-and-mineralogy\/#breadcrumb","itemListElement":[{"@type":"ListItem","position":1,"name":"Home","item":"https:\/\/www.familinparis.fr\/en\/"},{"@type":"ListItem","position":2,"name":"Exposition","item":"https:\/\/www.familinparis.fr\/en\/categorie\/exposition-en\/"},{"@type":"ListItem","position":3,"name":"Gallery of Geology and Mineralogy"}]},{"@type":"WebSite","@id":"https:\/\/www.familinparis.fr\/en\/#website","url":"https:\/\/www.familinparis.fr\/en\/","name":"Familin&#039;Paris","description":"Visiter le meilleur de Paris avec des enfants : sorties, spectacles, adresses de restaurants, shopping, bons plans...","potentialAction":[{"@type":"SearchAction","target":{"@type":"EntryPoint","urlTemplate":"https:\/\/www.familinparis.fr\/en\/?s={search_term_string}"},"query-input":{"@type":"PropertyValueSpecification","valueRequired":true,"valueName":"search_term_string"}}],"inLanguage":"en-US"},{"@type":"Person","@id":"https:\/\/www.familinparis.fr\/en\/#\/schema\/person\/20deb9130cb58f76b535d316fe0aa31f","name":"Agn\u00e8s","image":{"@type":"ImageObject","inLanguage":"en-US","@id":"https:\/\/secure.gravatar.com\/avatar\/0ff338e2776ca662585d438b3bc140cbe7b54659207d3329065be97ffb37fa5a?s=96&d=identicon&r=g","url":"https:\/\/secure.gravatar.com\/avatar\/0ff338e2776ca662585d438b3bc140cbe7b54659207d3329065be97ffb37fa5a?s=96&d=identicon&r=g","contentUrl":"https:\/\/secure.gravatar.com\/avatar\/0ff338e2776ca662585d438b3bc140cbe7b54659207d3329065be97ffb37fa5a?s=96&d=identicon&r=g","caption":"Agn\u00e8s"}}]}},"uagb_featured_image_src":{"full":["https:\/\/www.familinparis.fr\/wp-content\/uploads\/2022\/12\/galerie-genealogie-mineralogie-credit-Yann-caradec.jpg",1600,1600,false],"thumbnail":["https:\/\/www.familinparis.fr\/wp-content\/uploads\/2022\/12\/galerie-genealogie-mineralogie-credit-Yann-caradec-150x150.jpg",150,150,true],"medium":["https:\/\/www.familinparis.fr\/wp-content\/uploads\/2022\/12\/galerie-genealogie-mineralogie-credit-Yann-caradec-300x300.jpg",300,300,true],"medium_large":["https:\/\/www.familinparis.fr\/wp-content\/uploads\/2022\/12\/galerie-genealogie-mineralogie-credit-Yann-caradec-768x768.jpg",768,768,true],"large":["https:\/\/www.familinparis.fr\/wp-content\/uploads\/2022\/12\/galerie-genealogie-mineralogie-credit-Yann-caradec-1024x1024.jpg",770,770,true],"1536x1536":["https:\/\/www.familinparis.fr\/wp-content\/uploads\/2022\/12\/galerie-genealogie-mineralogie-credit-Yann-caradec-1536x1536.jpg",1536,1536,true],"2048x2048":["https:\/\/www.familinparis.fr\/wp-content\/uploads\/2022\/12\/galerie-genealogie-mineralogie-credit-Yann-caradec.jpg",1600,1600,false],"home-thumb":["https:\/\/www.familinparis.fr\/wp-content\/uploads\/2022\/12\/galerie-genealogie-mineralogie-credit-Yann-caradec-730x730.jpg",730,730,true],"home-slider":["https:\/\/www.familinparis.fr\/wp-content\/uploads\/2022\/12\/galerie-genealogie-mineralogie-credit-Yann-caradec-800x600.jpg",800,600,true],"lightbox-slider-size":["https:\/\/www.familinparis.fr\/wp-content\/uploads\/2022\/12\/galerie-genealogie-mineralogie-credit-Yann-caradec-564x282.jpg",564,282,true],"post-thumbnail":["https:\/\/www.familinparis.fr\/wp-content\/uploads\/2022\/12\/galerie-genealogie-mineralogie-credit-Yann-caradec-270x180.jpg",270,180,true],"cheerup-main":["https:\/\/www.familinparis.fr\/wp-content\/uploads\/2022\/12\/galerie-genealogie-mineralogie-credit-Yann-caradec-770x400.jpg",770,400,true],"cheerup-main-full":["https:\/\/www.familinparis.fr\/wp-content\/uploads\/2022\/12\/galerie-genealogie-mineralogie-credit-Yann-caradec-1170x508.jpg",1170,508,true],"cheerup-slider-alt":["https:\/\/www.familinparis.fr\/wp-content\/uploads\/2022\/12\/galerie-genealogie-mineralogie-credit-Yann-caradec-1170x508.jpg",1170,508,true],"cheerup-slider-trendy":["https:\/\/www.familinparis.fr\/wp-content\/uploads\/2022\/12\/galerie-genealogie-mineralogie-credit-Yann-caradec-960x508.jpg",960,508,true],"cheerup-slider-stylish":["https:\/\/www.familinparis.fr\/wp-content\/uploads\/2022\/12\/galerie-genealogie-mineralogie-credit-Yann-caradec-900x515.jpg",900,515,true],"cheerup-slider-grid":["https:\/\/www.familinparis.fr\/wp-content\/uploads\/2022\/12\/galerie-genealogie-mineralogie-credit-Yann-caradec-870x600.jpg",870,600,true],"cheerup-slider-grid-sm":["https:\/\/www.familinparis.fr\/wp-content\/uploads\/2022\/12\/galerie-genealogie-mineralogie-credit-Yann-caradec-300x300.jpg",300,300,true],"cheerup-slider-carousel":["https:\/\/www.familinparis.fr\/wp-content\/uploads\/2022\/12\/galerie-genealogie-mineralogie-credit-Yann-caradec-370x370.jpg",370,370,true],"cheerup-slider-grid-b":["https:\/\/www.familinparis.fr\/wp-content\/uploads\/2022\/12\/galerie-genealogie-mineralogie-credit-Yann-caradec-554x466.jpg",554,466,true],"cheerup-slider-grid-b-sm":["https:\/\/www.familinparis.fr\/wp-content\/uploads\/2022\/12\/galerie-genealogie-mineralogie-credit-Yann-caradec-306x466.jpg",306,466,true],"cheerup-slider-bold-sm":["https:\/\/www.familinparis.fr\/wp-content\/uploads\/2022\/12\/galerie-genealogie-mineralogie-credit-Yann-caradec-150x150.jpg",150,150,true],"cheerup-grid":["https:\/\/www.familinparis.fr\/wp-content\/uploads\/2022\/12\/galerie-genealogie-mineralogie-credit-Yann-caradec-370x285.jpg",370,285,true],"cheerup-carousel":["https:\/\/www.familinparis.fr\/wp-content\/uploads\/2022\/12\/galerie-genealogie-mineralogie-credit-Yann-caradec-270x180.jpg",270,180,true],"cheerup-carousel-b":["https:\/\/www.familinparis.fr\/wp-content\/uploads\/2022\/12\/galerie-genealogie-mineralogie-credit-Yann-caradec-370x285.jpg",370,285,true],"cheerup-list":["https:\/\/www.familinparis.fr\/wp-content\/uploads\/2022\/12\/galerie-genealogie-mineralogie-credit-Yann-caradec-260x200.jpg",260,200,true],"cheerup-list-b":["https:\/\/www.familinparis.fr\/wp-content\/uploads\/2022\/12\/galerie-genealogie-mineralogie-credit-Yann-caradec-370x305.jpg",370,305,true],"cheerup-thumb":["https:\/\/www.familinparis.fr\/wp-content\/uploads\/2022\/12\/galerie-genealogie-mineralogie-credit-Yann-caradec-87x67.jpg",87,67,true],"cheerup-thumb-alt":["https:\/\/www.familinparis.fr\/wp-content\/uploads\/2022\/12\/galerie-genealogie-mineralogie-credit-Yann-caradec-150x150.jpg",150,150,true]},"uagb_author_info":{"display_name":"Agn\u00e8s","author_link":"https:\/\/www.familinparis.fr\/en\/author\/agnes\/"},"uagb_comment_info":0,"uagb_excerpt":"Free for young people under 26 years old (EU national) FAQ What to do in the 5th grade with your family?","_links":{"self":[{"href":"https:\/\/www.familinparis.fr\/en\/wp-json\/wp\/v2\/posts\/135279","targetHints":{"allow":["GET"]}}],"collection":[{"href":"https:\/\/www.familinparis.fr\/en\/wp-json\/wp\/v2\/posts"}],"about":[{"href":"https:\/\/www.familinparis.fr\/en\/wp-json\/wp\/v2\/types\/post"}],"author":[{"embeddable":true,"href":"https:\/\/www.familinparis.fr\/en\/wp-json\/wp\/v2\/users\/6"}],"replies":[{"embeddable":true,"href":"https:\/\/www.familinparis.fr\/en\/wp-json\/wp\/v2\/comments?post=135279"}],"version-history":[{"count":0,"href":"https:\/\/www.familinparis.fr\/en\/wp-json\/wp\/v2\/posts\/135279\/revisions"}],"wp:featuredmedia":[{"embeddable":true,"href":"https:\/\/www.familinparis.fr\/en\/wp-json\/wp\/v2\/media\/131786"}],"wp:attachment":[{"href":"https:\/\/www.familinparis.fr\/en\/wp-json\/wp\/v2\/media?parent=135279"}],"wp:term":[{"taxonomy":"category","embeddable":true,"href":"https:\/\/www.familinparis.fr\/en\/wp-json\/wp\/v2\/categories?post=135279"},{"taxonomy":"post_tag","embeddable":true,"href":"https:\/\/www.familinparis.fr\/en\/wp-json\/wp\/v2\/tags?post=135279"}],"curies":[{"name":"wp","href":"https:\/\/api.w.org\/{rel}","templated":true}]}}