{"id":135262,"date":"2022-11-03T12:51:37","date_gmt":"2022-11-03T10:51:37","guid":{"rendered":"https:\/\/www.familinparis.fr\/the-grand-reveillon-immersive-show\/"},"modified":"2024-11-16T17:13:35","modified_gmt":"2024-11-16T15:13:35","slug":"the-grand-reveillon-immersive-show","status":"publish","type":"post","link":"https:\/\/www.familinparis.fr\/en\/the-grand-reveillon-immersive-show\/","title":{"rendered":"The Grand R\u00e9veillon (immersive show)"},"content":{"rendered":"<div class=\"lazyblock-baseline-Z3zRPF wp-block-lazyblock-baseline\"><div class=\"baseline\">  At the castle of Champs-sur-Marne (77)  <\/div><\/div><div class=\"lazyblock-infos-pratiques-24WVB wp-block-lazyblock-infos-pratiques\"><div class=\"read-more go-to\" data-goto=\"infos-sup\">\n  <a href=\"#\">\n    <span class=\"rien\">\n      <i class=\"fa fa-map-marker\"><\/i> See practical information    <\/span>\n  <\/a>\n<\/div><\/div>\n<section class=\"wp-block-uagb-section uagb-section__wrap uagb-section__background-none uagb-block-6d2cf579\"><div class=\"uagb-section__overlay\"><\/div><div class=\"uagb-section__inner-wrap\">\n<div class=\"wp-block-columns is-layout-flex wp-container-core-columns-is-layout-9d6595d7 wp-block-columns-is-layout-flex\">\n<div class=\"wp-block-column is-layout-flow wp-block-column-is-layout-flow\" style=\"flex-basis:66.66%\">\n<ul class=\"wp-block-list\">\n<li><strong>We like:<\/strong> the magic of Christmas, in an enchanting show<\/li>\n\n\n\n<li><strong>When<\/strong> : 17\/11\/2023 to 10\/12\/2023  <\/li>\n\n\n\n<li><strong>Opening hours<\/strong> : Fridays from 6:30 pm to 11 pm, Saturdays from 9 am to 11 pm, Sundays from 9 am to 9:30 pm<\/li>\n\n\n\n<li><strong>Age<\/strong> : from 6 years old<\/li>\n\n\n\n<li><strong>Duration<\/strong> : 1 hour<\/li>\n\n\n\n<li><strong>Price<\/strong> : from \u20ac9.50<\/li>\n\n\n\n<li><strong>Location<\/strong> : at the castle of Champs-sur-Marne (77)<\/li>\n\n\n\n<li><strong>Free<\/strong> : for children under 6 years old<\/li>\n<\/ul>\n\n\n\n<div class=\"wp-block-buttons is-horizontal is-content-justification-center is-layout-flex wp-container-core-buttons-is-layout-499968f5 wp-block-buttons-is-layout-flex\">\n<div class=\"wp-block-button\"><a class=\"wp-block-button__link has-white-color has-luminous-vivid-orange-background-color has-text-color has-background wp-element-button\">Show over<\/a><\/div>\n<\/div>\n<\/div>\n\n\n\n<div class=\"wp-block-column is-layout-flow wp-block-column-is-layout-flow\" style=\"flex-basis:33.33%\">\n<figure class=\"wp-block-image size-large\"><a href=\"https:\/\/tracking.publicidees.com\/clic.php?progid=2986&amp;partid=39280&amp;dpl=https%3A%2F%2Fwww.ticketac.com%2Fspectacles%2Fle-grand-reveillon-du-chateau-de-champs-sur-marne-36259\" target=\"_blank\" rel=\"noreferrer noopener nofollow\"><img decoding=\"async\" width=\"683\" height=\"1024\" src=\"https:\/\/www.familinparis.fr\/wp-content\/uploads\/2022\/11\/le-grand-reveillon-chateau-de-champs-sur-Marne-683x1024.jpg\" alt=\"\" class=\"wp-image-83338\" srcset=\"https:\/\/www.familinparis.fr\/wp-content\/uploads\/2022\/11\/le-grand-reveillon-chateau-de-champs-sur-Marne-683x1024.jpg 683w, https:\/\/www.familinparis.fr\/wp-content\/uploads\/2022\/11\/le-grand-reveillon-chateau-de-champs-sur-Marne-200x300.jpg 200w, https:\/\/www.familinparis.fr\/wp-content\/uploads\/2022\/11\/le-grand-reveillon-chateau-de-champs-sur-Marne-768x1152.jpg 768w, https:\/\/www.familinparis.fr\/wp-content\/uploads\/2022\/11\/le-grand-reveillon-chateau-de-champs-sur-Marne-8x12.jpg 8w, https:\/\/www.familinparis.fr\/wp-content\/uploads\/2022\/11\/le-grand-reveillon-chateau-de-champs-sur-Marne-487x730.jpg 487w, https:\/\/www.familinparis.fr\/wp-content\/uploads\/2022\/11\/le-grand-reveillon-chateau-de-champs-sur-Marne.jpg 960w\" sizes=\"(max-width: 683px) 100vw, 683px\" \/><\/a><\/figure>\n<\/div>\n<\/div>\n\n\n\n<hr class=\"wp-block-separator has-alpha-channel-opacity\"\/>\n\n\n\n<h2 class=\"wp-block-heading\">The immersive show &#8220;Le grand r\u00e9veillon&#8221; in Champs-sur-Marne<\/h2>\n\n\n\n<p>A few weeks before Christmas, <strong>go back in time<\/strong> and discover <a href=\"https:\/\/www.familinparis.fr\/chateau-de-champs-sur-marne-visite-famille\/\">the castle of Champs-sur-Marne<\/a> as you&#8217;ve never seen it before! Enchanted by <strong>more than 800 volunteers, actors, extras, dancers, choristers, the interiors<\/strong> of the castle come back to life as in the past. <\/p>\n\n\n\n<p>Walk through the basement where a secret army of servants is busy preparing for the party. The kitchen is buzzing, in the pantry a mysterious package is delivered to the butler&#8230; One floor up, in the vast salons of the castle, the Count and Countess Cahen of Antwerp receive their guests, some of whom have crossed Europe to meet you&#8230; After a spectacular evocation of the Marquise de Pompadour&#8217;s stay at the castle, you will be led by the children of Monsieur le Comte to the foot of a tree as majestic as it is magical&#8230;<br\/>It is said that at midnight on Christmas Eve, some toys come to life here: it&#8217;s up to you to witness them! To end this great historical waltz, let yourself be carried away to the music room and finally attend the Grand R\u00e9veillon ball!  <\/p>\n\n\n\n<p><strong>Come and discover the magic of Christmas<\/strong> that this enchanting show distills during a one-hour tour inside the castle&#8230; Get ready for <strong>a real journey through time<\/strong>, carried away by <strong>an unforgettable whirlwind of sets, costumes and music<\/strong>.<\/p>\n<\/div><\/section>\n\n<div style=\"height:41px\" aria-hidden=\"true\" class=\"wp-block-spacer\"><\/div>\n\n<figure class=\"wp-block-embed is-type-video is-provider-youtube wp-block-embed-youtube wp-embed-aspect-16-9 wp-has-aspect-ratio\"><div class=\"wp-block-embed__wrapper\"> \n<iframe title=\"Le Grand R\u00e9veillon - Ch\u00e2teau de Champs-sur-Marne \/ 2022 teaser\" width=\"770\" height=\"433\" src=\"https:\/\/www.youtube.com\/embed\/Sn3KVAqV9_E?feature=oembed\" frameborder=\"0\" allow=\"accelerometer; autoplay; clipboard-write; encrypted-media; gyroscope; picture-in-picture; web-share\" referrerpolicy=\"strict-origin-when-cross-origin\" allowfullscreen><\/iframe>\n <\/div><\/figure>\n\n<div style=\"height:70px\" aria-hidden=\"true\" class=\"wp-block-spacer\"><\/div>\n\n<h2 class=\"wp-block-heading has-text-align-center\">Ideas for outings in Seine-et-Marne<\/h2>\n\n\t\t\t<div class=\"wp-block-uagb-post-grid uagb-post-grid  uagb-post__image-position-top uagb-post__image-enabled uagb-block-8e707129     uagb-post__items uagb-post__columns-5 is-grid uagb-post__columns-tablet-2 uagb-post__columns-mobile-1 uagb-post__equal-height\" data-total=\"2\" style=\"\">\n\n\t\t\t\t\t\t\t\t\t\t\t\t<article class=\"uagb-post__inner-wrap\">\t\t\t\t\t\t\t\t<div class='uagb-post__image'>\n\t\t\t\t\t\t\t\t\t<a href=\"https:\/\/www.familinparis.fr\/en\/the-castle-of-vaux-le-vicomte\/\" target=\"_self\" rel=\"bookmark noopener noreferrer\" class='uagb-image-ratio-inherit'><img decoding=\"async\" width=\"270\" height=\"180\" src=\"https:\/\/www.familinparis.fr\/wp-content\/uploads\/Chateaux\/vaux-le-vicomte\/Vaux-le-vicomte-dome-@FamilinParis-270x180.jpg\" class=\"attachment-cheerup-carousel size-cheerup-carousel\" alt=\"\" srcset=\"https:\/\/www.familinparis.fr\/wp-content\/uploads\/Chateaux\/vaux-le-vicomte\/Vaux-le-vicomte-dome-@FamilinParis-270x180.jpg 270w, https:\/\/www.familinparis.fr\/wp-content\/uploads\/Chateaux\/vaux-le-vicomte\/Vaux-le-vicomte-dome-@FamilinParis-300x200.jpg 300w, https:\/\/www.familinparis.fr\/wp-content\/uploads\/Chateaux\/vaux-le-vicomte\/Vaux-le-vicomte-dome-@FamilinParis-1024x683.jpg 1024w, https:\/\/www.familinparis.fr\/wp-content\/uploads\/Chateaux\/vaux-le-vicomte\/Vaux-le-vicomte-dome-@FamilinParis-16x12.jpg 16w, https:\/\/www.familinparis.fr\/wp-content\/uploads\/Chateaux\/vaux-le-vicomte\/Vaux-le-vicomte-dome-@FamilinParis-730x487.jpg 730w, https:\/\/www.familinparis.fr\/wp-content\/uploads\/Chateaux\/vaux-le-vicomte\/Vaux-le-vicomte-dome-@FamilinParis.jpg 1200w\" sizes=\"(max-width: 270px) 100vw, 270px\" \/>\t\t\t\t\t<\/a>\n\t\t\t\t\t\t\t<\/div>\n\t\t\t\t\t\t<h4 class=\"uagb-post__title uagb-post__text\">\n\t\t\t\t<a href=\"https:\/\/www.familinparis.fr\/en\/the-castle-of-vaux-le-vicomte\/\" target=\"_self\" rel=\"bookmark noopener noreferrer\">The castle of Vaux-le-Vicomte<\/a>\n\t\t\t<\/h4>\n\t\t\t\t\t\t<div class='uagb-post__text uagb-post-grid-byline'>\n\t\t\t\t\t\t\t<\/div>\n\t\t\t\n\t\t\t\t\t\t\t\t\t<\/article>\n\t\t\t\t\t\t\t\t\t\t\t\t\t\t\t\t<article class=\"uagb-post__inner-wrap\">\t\t\t\t\t\t\t\t<div class='uagb-post__image'>\n\t\t\t\t\t\t\t\t\t<a href=\"https:\/\/www.familinparis.fr\/en\/ouvert-le-1er-mai\/\" target=\"_self\" rel=\"bookmark noopener noreferrer\" class='uagb-image-ratio-inherit'><img decoding=\"async\" width=\"270\" height=\"180\" src=\"https:\/\/www.familinparis.fr\/wp-content\/uploads\/Quartier\/palais-royal-colonne-buren-paris-enfant-SH-270x180.jpg\" class=\"attachment-cheerup-carousel size-cheerup-carousel\" alt=\"\" srcset=\"https:\/\/www.familinparis.fr\/wp-content\/uploads\/Quartier\/palais-royal-colonne-buren-paris-enfant-SH-270x180.jpg 270w, https:\/\/www.familinparis.fr\/wp-content\/uploads\/Quartier\/palais-royal-colonne-buren-paris-enfant-SH-18x12.jpg 18w\" sizes=\"(max-width: 270px) 100vw, 270px\" \/>\t\t\t\t\t<\/a>\n\t\t\t\t\t\t\t<\/div>\n\t\t\t\t\t\t<h4 class=\"uagb-post__title uagb-post__text\">\n\t\t\t\t<a href=\"https:\/\/www.familinparis.fr\/en\/ouvert-le-1er-mai\/\" target=\"_self\" rel=\"bookmark noopener noreferrer\">What to do in Paris on May 1, 2026? It&#8217;s Friday, a long weekend is looming!<\/a>\n\t\t\t<\/h4>\n\t\t\t\t\t\t<div class='uagb-post__text uagb-post-grid-byline'>\n\t\t\t\t\t\t\t<\/div>\n\t\t\t\n\t\t\t\t\t\t\t\t\t<\/article>\n\t\t\t\t\t\t\t\t\t\t\t\t\t\t\t\t<article class=\"uagb-post__inner-wrap\">\t\t\t\t\t\t\t\t<div class='uagb-post__image'>\n\t\t\t\t\t\t\t\t\t<a href=\"https:\/\/www.familinparis.fr\/en\/guided-tour-the-mysteries-of-the-forest-of-fontainebleau-elyrea\/\" target=\"_self\" rel=\"bookmark noopener noreferrer\" class='uagb-image-ratio-inherit'><img decoding=\"async\" width=\"270\" height=\"180\" src=\"https:\/\/www.familinparis.fr\/wp-content\/uploads\/Visite-theatralisee\/Fontainebleau-visite-theatre-arbre-270x180.jpg\" class=\"attachment-cheerup-carousel size-cheerup-carousel\" alt=\"\" \/>\t\t\t\t\t<\/a>\n\t\t\t\t\t\t\t<\/div>\n\t\t\t\t\t\t<h4 class=\"uagb-post__title uagb-post__text\">\n\t\t\t\t<a href=\"https:\/\/www.familinparis.fr\/en\/guided-tour-the-mysteries-of-the-forest-of-fontainebleau-elyrea\/\" target=\"_self\" rel=\"bookmark noopener noreferrer\">The mysteries of the forest of Fontainebleau<\/a>\n\t\t\t<\/h4>\n\t\t\t\t\t\t<div class='uagb-post__text uagb-post-grid-byline'>\n\t\t\t\t\t\t\t<\/div>\n\t\t\t\n\t\t\t\t\t\t\t\t\t<\/article>\n\t\t\t\t\t\t\t\t\t\t\t\t\t\t\t\t<article class=\"uagb-post__inner-wrap\">\t\t\t\t\t\t\t\t<div class='uagb-post__image'>\n\t\t\t\t\t\t\t\t\t<a href=\"https:\/\/www.familinparis.fr\/en\/gathering-farms-around-paris\/\" target=\"_self\" rel=\"bookmark noopener noreferrer\" class='uagb-image-ratio-inherit'><img decoding=\"async\" width=\"270\" height=\"180\" src=\"https:\/\/www.familinparis.fr\/wp-content\/uploads\/LOISIRS\/fermes\/ferme-cueillette-paris-270x180.jpg\" class=\"attachment-cheerup-carousel size-cheerup-carousel\" alt=\"\" srcset=\"https:\/\/www.familinparis.fr\/wp-content\/uploads\/LOISIRS\/fermes\/ferme-cueillette-paris-270x180.jpg 270w, https:\/\/www.familinparis.fr\/wp-content\/uploads\/LOISIRS\/fermes\/ferme-cueillette-paris-300x199.jpg 300w, https:\/\/www.familinparis.fr\/wp-content\/uploads\/LOISIRS\/fermes\/ferme-cueillette-paris-1024x678.jpg 1024w, https:\/\/www.familinparis.fr\/wp-content\/uploads\/LOISIRS\/fermes\/ferme-cueillette-paris-16x12.jpg 16w, https:\/\/www.familinparis.fr\/wp-content\/uploads\/LOISIRS\/fermes\/ferme-cueillette-paris-730x483.jpg 730w, https:\/\/www.familinparis.fr\/wp-content\/uploads\/LOISIRS\/fermes\/ferme-cueillette-paris.jpg 1200w\" sizes=\"(max-width: 270px) 100vw, 270px\" \/>\t\t\t\t\t<\/a>\n\t\t\t\t\t\t\t<\/div>\n\t\t\t\t\t\t<h4 class=\"uagb-post__title uagb-post__text\">\n\t\t\t\t<a href=\"https:\/\/www.familinparis.fr\/en\/gathering-farms-around-paris\/\" target=\"_self\" rel=\"bookmark noopener noreferrer\">Gathering farms around Paris<\/a>\n\t\t\t<\/h4>\n\t\t\t\t\t\t<div class='uagb-post__text uagb-post-grid-byline'>\n\t\t\t\t\t\t\t<\/div>\n\t\t\t\n\t\t\t\t\t\t\t\t\t<\/article>\n\t\t\t\t\t\t\t\t\t\t\t\t\t\t\t\t<article class=\"uagb-post__inner-wrap\">\t\t\t\t\t\t\t\t<div class='uagb-post__image'>\n\t\t\t\t\t\t\t\t\t<a href=\"https:\/\/www.familinparis.fr\/en\/the-great-day-of-the-costumed-at-the-chateau-de-vaux-le-vicomte\/\" target=\"_self\" rel=\"bookmark noopener noreferrer\" class='uagb-image-ratio-inherit'><img decoding=\"async\" width=\"270\" height=\"180\" src=\"https:\/\/www.familinparis.fr\/wp-content\/uploads\/photos-familinparis-2021\/chateau\/deguisement-enfant-chateau-de-vaux-le-vicomte-270x180.jpg\" class=\"attachment-cheerup-carousel size-cheerup-carousel\" alt=\"\" srcset=\"https:\/\/www.familinparis.fr\/wp-content\/uploads\/photos-familinparis-2021\/chateau\/deguisement-enfant-chateau-de-vaux-le-vicomte-270x180.jpg 270w, https:\/\/www.familinparis.fr\/wp-content\/uploads\/photos-familinparis-2021\/chateau\/deguisement-enfant-chateau-de-vaux-le-vicomte-16x12.jpg 16w\" sizes=\"(max-width: 270px) 100vw, 270px\" \/>\t\t\t\t\t<\/a>\n\t\t\t\t\t\t\t<\/div>\n\t\t\t\t\t\t<h4 class=\"uagb-post__title uagb-post__text\">\n\t\t\t\t<a href=\"https:\/\/www.familinparis.fr\/en\/the-great-day-of-the-costumed-at-the-chateau-de-vaux-le-vicomte\/\" target=\"_self\" rel=\"bookmark noopener noreferrer\">The Great Day of the Costumed at the Ch\u00e2teau de Vaux le Vicomte<\/a>\n\t\t\t<\/h4>\n\t\t\t\t\t\t<div class='uagb-post__text uagb-post-grid-byline'>\n\t\t\t\t\t\t\t<\/div>\n\t\t\t\n\t\t\t\t\t\t\t\t\t<\/article>\n\t\t\t\t\t\t\t\t\t\t\t\t\t\t\t\t<article class=\"uagb-post__inner-wrap\">\t\t\t\t\t\t\t\t<div class='uagb-post__image'>\n\t\t\t\t\t\t\t\t\t<a href=\"https:\/\/www.familinparis.fr\/en\/the-bois-dattilly-zoo\/\" target=\"_self\" rel=\"bookmark noopener noreferrer\" class='uagb-image-ratio-inherit'><img decoding=\"async\" width=\"270\" height=\"180\" src=\"https:\/\/www.familinparis.fr\/wp-content\/uploads\/photos-partenaires\/animaux\/zoo-du-jardin-des-plantes-tarif-75005-270x180.jpg\" class=\"attachment-cheerup-carousel size-cheerup-carousel\" alt=\"\" srcset=\"https:\/\/www.familinparis.fr\/wp-content\/uploads\/photos-partenaires\/animaux\/zoo-du-jardin-des-plantes-tarif-75005-270x180.jpg 270w, https:\/\/www.familinparis.fr\/wp-content\/uploads\/photos-partenaires\/animaux\/zoo-du-jardin-des-plantes-tarif-75005-300x199.jpg 300w, https:\/\/www.familinparis.fr\/wp-content\/uploads\/photos-partenaires\/animaux\/zoo-du-jardin-des-plantes-tarif-75005-1024x678.jpg 1024w, https:\/\/www.familinparis.fr\/wp-content\/uploads\/photos-partenaires\/animaux\/zoo-du-jardin-des-plantes-tarif-75005-768x509.jpg 768w, https:\/\/www.familinparis.fr\/wp-content\/uploads\/photos-partenaires\/animaux\/zoo-du-jardin-des-plantes-tarif-75005-1536x1018.jpg 1536w, https:\/\/www.familinparis.fr\/wp-content\/uploads\/photos-partenaires\/animaux\/zoo-du-jardin-des-plantes-tarif-75005-18x12.jpg 18w, https:\/\/www.familinparis.fr\/wp-content\/uploads\/photos-partenaires\/animaux\/zoo-du-jardin-des-plantes-tarif-75005-730x484.jpg 730w\" sizes=\"(max-width: 270px) 100vw, 270px\" \/>\t\t\t\t\t<\/a>\n\t\t\t\t\t\t\t<\/div>\n\t\t\t\t\t\t<h4 class=\"uagb-post__title uagb-post__text\">\n\t\t\t\t<a href=\"https:\/\/www.familinparis.fr\/en\/the-bois-dattilly-zoo\/\" target=\"_self\" rel=\"bookmark noopener noreferrer\">The Bois d&#8217;Attilly Zoo<\/a>\n\t\t\t<\/h4>\n\t\t\t\t\t\t<div class='uagb-post__text uagb-post-grid-byline'>\n\t\t\t\t\t\t\t<\/div>\n\t\t\t\n\t\t\t\t\t\t\t\t\t<\/article>\n\t\t\t\t\t\t\t\t\t\t\t\t\t\t\t\t<article class=\"uagb-post__inner-wrap\">\t\t\t\t\t\t\t\t<div class='uagb-post__image'>\n\t\t\t\t\t\t\t\t\t<a href=\"https:\/\/www.familinparis.fr\/en\/gulli-parc-meaux-seine-et-marne-77\/\" target=\"_self\" rel=\"bookmark noopener noreferrer\" class='uagb-image-ratio-inherit'><img decoding=\"async\" width=\"270\" height=\"180\" src=\"https:\/\/www.familinparis.fr\/wp-content\/uploads\/2025\/12\/SPJ_8388-270x180.jpg\" class=\"attachment-cheerup-carousel size-cheerup-carousel\" alt=\"Gulli parc - parc d&#039;attraction\" srcset=\"https:\/\/www.familinparis.fr\/wp-content\/uploads\/2025\/12\/SPJ_8388-270x180.jpg 270w, https:\/\/www.familinparis.fr\/wp-content\/uploads\/2025\/12\/SPJ_8388-300x200.jpg 300w, https:\/\/www.familinparis.fr\/wp-content\/uploads\/2025\/12\/SPJ_8388-768x511.jpg 768w, https:\/\/www.familinparis.fr\/wp-content\/uploads\/2025\/12\/SPJ_8388-730x486.jpg 730w, https:\/\/www.familinparis.fr\/wp-content\/uploads\/2025\/12\/SPJ_8388.jpg 900w\" sizes=\"(max-width: 270px) 100vw, 270px\" \/>\t\t\t\t\t<\/a>\n\t\t\t\t\t\t\t<\/div>\n\t\t\t\t\t\t<h4 class=\"uagb-post__title uagb-post__text\">\n\t\t\t\t<a href=\"https:\/\/www.familinparis.fr\/en\/gulli-parc-meaux-seine-et-marne-77\/\" target=\"_self\" rel=\"bookmark noopener noreferrer\">Gulli Parc de Meaux (77)<\/a>\n\t\t\t<\/h4>\n\t\t\t\t\t\t<div class='uagb-post__text uagb-post-grid-byline'>\n\t\t\t\t\t\t\t<\/div>\n\t\t\t\n\t\t\t\t\t\t\t\t\t<\/article>\n\t\t\t\t\t\t\t\t\t\t\t\t\t\t\t\t<article class=\"uagb-post__inner-wrap\">\t\t\t\t\t\t\t\t<div class='uagb-post__image'>\n\t\t\t\t\t\t\t\t\t<a href=\"https:\/\/www.familinparis.fr\/en\/educational-farms-around-paris\/\" target=\"_self\" rel=\"bookmark noopener noreferrer\" class='uagb-image-ratio-inherit'><img decoding=\"async\" width=\"270\" height=\"180\" src=\"https:\/\/www.familinparis.fr\/wp-content\/uploads\/LOISIRS\/fermes\/ferme-pedagogique-poule-rousse-270x180.jpg\" class=\"attachment-cheerup-carousel size-cheerup-carousel\" alt=\"\" srcset=\"https:\/\/www.familinparis.fr\/wp-content\/uploads\/LOISIRS\/fermes\/ferme-pedagogique-poule-rousse-270x180.jpg 270w, https:\/\/www.familinparis.fr\/wp-content\/uploads\/LOISIRS\/fermes\/ferme-pedagogique-poule-rousse-16x12.jpg 16w\" sizes=\"(max-width: 270px) 100vw, 270px\" \/>\t\t\t\t\t<\/a>\n\t\t\t\t\t\t\t<\/div>\n\t\t\t\t\t\t<h4 class=\"uagb-post__title uagb-post__text\">\n\t\t\t\t<a href=\"https:\/\/www.familinparis.fr\/en\/educational-farms-around-paris\/\" target=\"_self\" rel=\"bookmark noopener noreferrer\">Educational farms around Paris<\/a>\n\t\t\t<\/h4>\n\t\t\t\t\t\t<div class='uagb-post__text uagb-post-grid-byline'>\n\t\t\t\t\t\t\t<\/div>\n\t\t\t\n\t\t\t\t\t\t\t\t\t<\/article>\n\t\t\t\t\t\t\t\t\t\t\t\t\t\t\t\t<article class=\"uagb-post__inner-wrap\">\t\t\t\t\t\t\t\t<div class='uagb-post__image'>\n\t\t\t\t\t\t\t\t\t<a href=\"https:\/\/www.familinparis.fr\/en\/disneyland-ticket\/\" target=\"_self\" rel=\"bookmark noopener noreferrer\" class='uagb-image-ratio-inherit'><img decoding=\"async\" width=\"270\" height=\"180\" src=\"https:\/\/www.familinparis.fr\/wp-content\/uploads\/Parc-attractions\/disneyland\/parc-attraction-disneyland-paris-PLD-270x180.jpg\" class=\"attachment-cheerup-carousel size-cheerup-carousel\" alt=\"\" srcset=\"https:\/\/www.familinparis.fr\/wp-content\/uploads\/Parc-attractions\/disneyland\/parc-attraction-disneyland-paris-PLD-270x180.jpg 270w, https:\/\/www.familinparis.fr\/wp-content\/uploads\/Parc-attractions\/disneyland\/parc-attraction-disneyland-paris-PLD-16x12.jpg 16w\" sizes=\"(max-width: 270px) 100vw, 270px\" \/>\t\t\t\t\t<\/a>\n\t\t\t\t\t\t\t<\/div>\n\t\t\t\t\t\t<h4 class=\"uagb-post__title uagb-post__text\">\n\t\t\t\t<a href=\"https:\/\/www.familinparis.fr\/en\/disneyland-ticket\/\" target=\"_self\" rel=\"bookmark noopener noreferrer\">Disneyland Paris<\/a>\n\t\t\t<\/h4>\n\t\t\t\t\t\t<div class='uagb-post__text uagb-post-grid-byline'>\n\t\t\t\t\t\t\t<\/div>\n\t\t\t\n\t\t\t\t\t\t\t\t\t<\/article>\n\t\t\t\t\t\t\t\t\t\t\t\t\t\t\t\t<article class=\"uagb-post__inner-wrap\">\t\t\t\t\t\t\t\t<div class='uagb-post__image'>\n\t\t\t\t\t\t\t\t\t<a href=\"https:\/\/www.familinparis.fr\/en\/soiree-aux-chandelles-vaux-le-vincomte\/\" target=\"_self\" rel=\"bookmark noopener noreferrer\" class='uagb-image-ratio-inherit'><img decoding=\"async\" width=\"270\" height=\"180\" src=\"https:\/\/www.familinparis.fr\/wp-content\/uploads\/Chateaux\/vaux-le-vicomte\/Vaux-le-vicomte-dome-@FamilinParis-270x180.jpg\" class=\"attachment-cheerup-carousel size-cheerup-carousel\" alt=\"\" srcset=\"https:\/\/www.familinparis.fr\/wp-content\/uploads\/Chateaux\/vaux-le-vicomte\/Vaux-le-vicomte-dome-@FamilinParis-270x180.jpg 270w, https:\/\/www.familinparis.fr\/wp-content\/uploads\/Chateaux\/vaux-le-vicomte\/Vaux-le-vicomte-dome-@FamilinParis-300x200.jpg 300w, https:\/\/www.familinparis.fr\/wp-content\/uploads\/Chateaux\/vaux-le-vicomte\/Vaux-le-vicomte-dome-@FamilinParis-1024x683.jpg 1024w, https:\/\/www.familinparis.fr\/wp-content\/uploads\/Chateaux\/vaux-le-vicomte\/Vaux-le-vicomte-dome-@FamilinParis-16x12.jpg 16w, https:\/\/www.familinparis.fr\/wp-content\/uploads\/Chateaux\/vaux-le-vicomte\/Vaux-le-vicomte-dome-@FamilinParis-730x487.jpg 730w, https:\/\/www.familinparis.fr\/wp-content\/uploads\/Chateaux\/vaux-le-vicomte\/Vaux-le-vicomte-dome-@FamilinParis.jpg 1200w\" sizes=\"(max-width: 270px) 100vw, 270px\" \/>\t\t\t\t\t<\/a>\n\t\t\t\t\t\t\t<\/div>\n\t\t\t\t\t\t<h4 class=\"uagb-post__title uagb-post__text\">\n\t\t\t\t<a href=\"https:\/\/www.familinparis.fr\/en\/soiree-aux-chandelles-vaux-le-vincomte\/\" target=\"_self\" rel=\"bookmark noopener noreferrer\">Candlelight evenings in Vaux-le-Vicomte<\/a>\n\t\t\t<\/h4>\n\t\t\t\t\t\t<div class='uagb-post__text uagb-post-grid-byline'>\n\t\t\t\t\t\t\t<\/div>\n\t\t\t\n\t\t\t\t\t\t\t\t\t<\/article>\n\t\t\t\t\t\t\t\t\t\t\t<\/div>\n\t\t\t\n<div style=\"height:45px\" aria-hidden=\"true\" class=\"wp-block-spacer\"><\/div>\n\n<h2 class=\"wp-block-heading has-text-align-center\">What to do at Christmas with your family in Paris?<\/h2>\n\n\t\t\t<div class=\"wp-block-uagb-post-grid uagb-post-grid  uagb-post__image-position-top uagb-post__image-enabled uagb-block-29698a11     uagb-post__items uagb-post__columns-5 is-grid uagb-post__columns-tablet-2 uagb-post__columns-mobile-1 uagb-post__equal-height\" data-total=\"4\" style=\"\">\n\n\t\t\t\t\t\t\t\t\t\t\t\t<article class=\"uagb-post__inner-wrap\">\t\t\t\t\t\t\t\t<div class='uagb-post__image'>\n\t\t\t\t\t\t\t\t\t<a href=\"https:\/\/www.familinparis.fr\/en\/magic-workshop-for-6-8-year-olds\/\" target=\"_self\" rel=\"bookmark noopener noreferrer\" class='uagb-image-ratio-inherit'><img decoding=\"async\" width=\"270\" height=\"180\" src=\"https:\/\/www.familinparis.fr\/wp-content\/uploads\/photos-partenaires\/musee-de-la-magie-paris-270x180.jpg\" class=\"attachment-cheerup-carousel size-cheerup-carousel\" alt=\"\" srcset=\"https:\/\/www.familinparis.fr\/wp-content\/uploads\/photos-partenaires\/musee-de-la-magie-paris-270x180.jpg 270w, https:\/\/www.familinparis.fr\/wp-content\/uploads\/photos-partenaires\/musee-de-la-magie-paris-18x12.jpg 18w\" sizes=\"(max-width: 270px) 100vw, 270px\" \/>\t\t\t\t\t<\/a>\n\t\t\t\t\t\t\t<\/div>\n\t\t\t\t\t\t<h4 class=\"uagb-post__title uagb-post__text\">\n\t\t\t\t<a href=\"https:\/\/www.familinparis.fr\/en\/magic-workshop-for-6-8-year-olds\/\" target=\"_self\" rel=\"bookmark noopener noreferrer\">Magic Workshop for 6-8 year olds<\/a>\n\t\t\t<\/h4>\n\t\t\t\t\t\t<div class='uagb-post__text uagb-post-grid-byline'>\n\t\t\t\t\t\t\t<\/div>\n\t\t\t\n\t\t\t\t\t\t\t\t\t<\/article>\n\t\t\t\t\t\t\t\t\t\t\t\t\t\t\t\t<article class=\"uagb-post__inner-wrap\">\t\t\t\t\t\t\t\t<div class='uagb-post__image'>\n\t\t\t\t\t\t\t\t\t<a href=\"https:\/\/www.familinparis.fr\/en\/magic-course-for-8-12-year-olds\/\" target=\"_self\" rel=\"bookmark noopener noreferrer\" class='uagb-image-ratio-inherit'><img decoding=\"async\" width=\"270\" height=\"180\" src=\"https:\/\/www.familinparis.fr\/wp-content\/uploads\/2023\/01\/museedesautomates-\u00a9museedelamagie-270x180.jpg\" class=\"attachment-cheerup-carousel size-cheerup-carousel\" alt=\"\" srcset=\"https:\/\/www.familinparis.fr\/wp-content\/uploads\/2023\/01\/museedesautomates-\u00a9museedelamagie-270x180.jpg 270w, https:\/\/www.familinparis.fr\/wp-content\/uploads\/2023\/01\/museedesautomates-\u00a9museedelamagie-18x12.jpg 18w\" sizes=\"(max-width: 270px) 100vw, 270px\" \/>\t\t\t\t\t<\/a>\n\t\t\t\t\t\t\t<\/div>\n\t\t\t\t\t\t<h4 class=\"uagb-post__title uagb-post__text\">\n\t\t\t\t<a href=\"https:\/\/www.familinparis.fr\/en\/magic-course-for-8-12-year-olds\/\" target=\"_self\" rel=\"bookmark noopener noreferrer\">Magic course for 8-12 year olds<\/a>\n\t\t\t<\/h4>\n\t\t\t\t\t\t<div class='uagb-post__text uagb-post-grid-byline'>\n\t\t\t\t\t\t\t<\/div>\n\t\t\t\n\t\t\t\t\t\t\t\t\t<\/article>\n\t\t\t\t\t\t\t\t\t\t\t\t\t\t\t\t<article class=\"uagb-post__inner-wrap\">\t\t\t\t\t\t\t\t<div class='uagb-post__image'>\n\t\t\t\t\t\t\t\t\t<a href=\"https:\/\/www.familinparis.fr\/en\/chantilly-cooking-class\/\" target=\"_self\" rel=\"bookmark noopener noreferrer\" class='uagb-image-ratio-inherit'><img decoding=\"async\" width=\"270\" height=\"180\" src=\"https:\/\/www.familinparis.fr\/wp-content\/uploads\/2025\/01\/\u00a9atelierdelachantilly2025-9-270x180.jpg\" class=\"attachment-cheerup-carousel size-cheerup-carousel\" alt=\"A L&#039;Atelier de la Chantilly (60)\" \/>\t\t\t\t\t<\/a>\n\t\t\t\t\t\t\t<\/div>\n\t\t\t\t\t\t<h4 class=\"uagb-post__title uagb-post__text\">\n\t\t\t\t<a href=\"https:\/\/www.familinparis.fr\/en\/chantilly-cooking-class\/\" target=\"_self\" rel=\"bookmark noopener noreferrer\">Chantilly workshop: the musical battle<\/a>\n\t\t\t<\/h4>\n\t\t\t\t\t\t<div class='uagb-post__text uagb-post-grid-byline'>\n\t\t\t\t\t\t\t<\/div>\n\t\t\t\n\t\t\t\t\t\t\t\t\t<\/article>\n\t\t\t\t\t\t\t\t\t\t\t\t\t\t\t\t<article class=\"uagb-post__inner-wrap\">\t\t\t\t\t\t\t\t<div class='uagb-post__image'>\n\t\t\t\t\t\t\t\t\t<a href=\"https:\/\/www.familinparis.fr\/en\/amphibious-bus-tour-of-paris-on-the-seine\/\" target=\"_self\" rel=\"bookmark noopener noreferrer\" class='uagb-image-ratio-inherit'><img decoding=\"async\" width=\"270\" height=\"180\" src=\"https:\/\/www.familinparis.fr\/wp-content\/uploads\/2025\/06\/\u00a9Les-Carnards-de-la-Seine-1-270x180.jpg\" class=\"attachment-cheerup-carousel size-cheerup-carousel\" alt=\"Visite guid\u00e9e en bus amphibie 2025\" srcset=\"https:\/\/www.familinparis.fr\/wp-content\/uploads\/2025\/06\/\u00a9Les-Carnards-de-la-Seine-1-270x180.jpg 270w, https:\/\/www.familinparis.fr\/wp-content\/uploads\/2025\/06\/\u00a9Les-Carnards-de-la-Seine-1-300x200.jpg 300w, https:\/\/www.familinparis.fr\/wp-content\/uploads\/2025\/06\/\u00a9Les-Carnards-de-la-Seine-1-768x512.jpg 768w, https:\/\/www.familinparis.fr\/wp-content\/uploads\/2025\/06\/\u00a9Les-Carnards-de-la-Seine-1-730x487.jpg 730w, https:\/\/www.familinparis.fr\/wp-content\/uploads\/2025\/06\/\u00a9Les-Carnards-de-la-Seine-1.jpg 900w\" sizes=\"(max-width: 270px) 100vw, 270px\" \/>\t\t\t\t\t<\/a>\n\t\t\t\t\t\t\t<\/div>\n\t\t\t\t\t\t<h4 class=\"uagb-post__title uagb-post__text\">\n\t\t\t\t<a href=\"https:\/\/www.familinparis.fr\/en\/amphibious-bus-tour-of-paris-on-the-seine\/\" target=\"_self\" rel=\"bookmark noopener noreferrer\">Paris amphibious bus tour on the Seine<\/a>\n\t\t\t<\/h4>\n\t\t\t\t\t\t<div class='uagb-post__text uagb-post-grid-byline'>\n\t\t\t\t\t\t\t<\/div>\n\t\t\t\n\t\t\t\t\t\t\t\t\t<\/article>\n\t\t\t\t\t\t\t\t\t\t\t\t\t\t\t\t<article class=\"uagb-post__inner-wrap\">\t\t\t\t\t\t\t\t<div class='uagb-post__image'>\n\t\t\t\t\t\t\t\t\t<a href=\"https:\/\/www.familinparis.fr\/en\/magic-courses-at-the-museum-of-magic\/\" target=\"_self\" rel=\"bookmark noopener noreferrer\" class='uagb-image-ratio-inherit'><img decoding=\"async\" width=\"270\" height=\"180\" src=\"https:\/\/www.familinparis.fr\/wp-content\/uploads\/E-SHOP\/Musee-de-la-magie\/Stage-de-magie-de-scene-270x180.jpg\" class=\"attachment-cheerup-carousel size-cheerup-carousel\" alt=\"\" \/>\t\t\t\t\t<\/a>\n\t\t\t\t\t\t\t<\/div>\n\t\t\t\t\t\t<h4 class=\"uagb-post__title uagb-post__text\">\n\t\t\t\t<a href=\"https:\/\/www.familinparis.fr\/en\/magic-courses-at-the-museum-of-magic\/\" target=\"_self\" rel=\"bookmark noopener noreferrer\">Magic Courses at the Museum of Magic<\/a>\n\t\t\t<\/h4>\n\t\t\t\t\t\t<div class='uagb-post__text uagb-post-grid-byline'>\n\t\t\t\t\t\t\t<\/div>\n\t\t\t\n\t\t\t\t\t\t\t\t\t<\/article>\n\t\t\t\t\t\t\t\t\t\t\t\t\t\t\t\t<article class=\"uagb-post__inner-wrap\">\t\t\t\t\t\t\t\t<div class='uagb-post__image'>\n\t\t\t\t\t\t\t\t\t<a href=\"https:\/\/www.familinparis.fr\/en\/the-bois-dattilly-zoo\/\" target=\"_self\" rel=\"bookmark noopener noreferrer\" class='uagb-image-ratio-inherit'><img decoding=\"async\" width=\"270\" height=\"180\" src=\"https:\/\/www.familinparis.fr\/wp-content\/uploads\/photos-partenaires\/animaux\/zoo-du-jardin-des-plantes-tarif-75005-270x180.jpg\" class=\"attachment-cheerup-carousel size-cheerup-carousel\" alt=\"\" srcset=\"https:\/\/www.familinparis.fr\/wp-content\/uploads\/photos-partenaires\/animaux\/zoo-du-jardin-des-plantes-tarif-75005-270x180.jpg 270w, https:\/\/www.familinparis.fr\/wp-content\/uploads\/photos-partenaires\/animaux\/zoo-du-jardin-des-plantes-tarif-75005-300x199.jpg 300w, https:\/\/www.familinparis.fr\/wp-content\/uploads\/photos-partenaires\/animaux\/zoo-du-jardin-des-plantes-tarif-75005-1024x678.jpg 1024w, https:\/\/www.familinparis.fr\/wp-content\/uploads\/photos-partenaires\/animaux\/zoo-du-jardin-des-plantes-tarif-75005-768x509.jpg 768w, https:\/\/www.familinparis.fr\/wp-content\/uploads\/photos-partenaires\/animaux\/zoo-du-jardin-des-plantes-tarif-75005-1536x1018.jpg 1536w, https:\/\/www.familinparis.fr\/wp-content\/uploads\/photos-partenaires\/animaux\/zoo-du-jardin-des-plantes-tarif-75005-18x12.jpg 18w, https:\/\/www.familinparis.fr\/wp-content\/uploads\/photos-partenaires\/animaux\/zoo-du-jardin-des-plantes-tarif-75005-730x484.jpg 730w\" sizes=\"(max-width: 270px) 100vw, 270px\" \/>\t\t\t\t\t<\/a>\n\t\t\t\t\t\t\t<\/div>\n\t\t\t\t\t\t<h4 class=\"uagb-post__title uagb-post__text\">\n\t\t\t\t<a href=\"https:\/\/www.familinparis.fr\/en\/the-bois-dattilly-zoo\/\" target=\"_self\" rel=\"bookmark noopener noreferrer\">The Bois d&#8217;Attilly Zoo<\/a>\n\t\t\t<\/h4>\n\t\t\t\t\t\t<div class='uagb-post__text uagb-post-grid-byline'>\n\t\t\t\t\t\t\t<\/div>\n\t\t\t\n\t\t\t\t\t\t\t\t\t<\/article>\n\t\t\t\t\t\t\t\t\t\t\t\t\t\t\t\t<article class=\"uagb-post__inner-wrap\">\t\t\t\t\t\t\t\t<div class='uagb-post__image'>\n\t\t\t\t\t\t\t\t\t<a href=\"https:\/\/www.familinparis.fr\/en\/mummies-exhibition-at-the-musee-de-l-homme\/\" target=\"_self\" rel=\"bookmark noopener noreferrer\" class='uagb-image-ratio-inherit'><img decoding=\"async\" width=\"270\" height=\"180\" src=\"https:\/\/www.familinparis.fr\/wp-content\/uploads\/2025\/11\/AFFICHE-MH_MOMIES_40x32-270x180.jpg\" class=\"attachment-cheerup-carousel size-cheerup-carousel\" alt=\"Affiche de l&#039;expsoition &quot;Momies&quot; au Mus\u00e9e de l&#039;Homme - nov. 2025\" \/>\t\t\t\t\t<\/a>\n\t\t\t\t\t\t\t<\/div>\n\t\t\t\t\t\t<h4 class=\"uagb-post__title uagb-post__text\">\n\t\t\t\t<a href=\"https:\/\/www.familinparis.fr\/en\/mummies-exhibition-at-the-musee-de-l-homme\/\" target=\"_self\" rel=\"bookmark noopener noreferrer\">MOMIES \u2022 At the Mus\u00e9e de l&#8217;Homme<\/a>\n\t\t\t<\/h4>\n\t\t\t\t\t\t<div class='uagb-post__text uagb-post-grid-byline'>\n\t\t\t\t\t\t\t<\/div>\n\t\t\t\n\t\t\t\t\t\t\t\t\t<\/article>\n\t\t\t\t\t\t\t\t\t\t\t\t\t\t\t\t<article class=\"uagb-post__inner-wrap\">\t\t\t\t\t\t\t\t<div class='uagb-post__image'>\n\t\t\t\t\t\t\t\t\t<a href=\"https:\/\/www.familinparis.fr\/en\/street-art-at-the-butte-aux-cailles-guided-tour\/\" target=\"_self\" rel=\"bookmark noopener noreferrer\" class='uagb-image-ratio-inherit'><img decoding=\"async\" width=\"270\" height=\"180\" src=\"https:\/\/www.familinparis.fr\/wp-content\/uploads\/photos-familinparis-2021\/quartier\/rue-des-cinq-diamants-street-art-butte-aux-cailles-\u00a9FamilinParis-270x180.jpg\" class=\"attachment-cheerup-carousel size-cheerup-carousel\" alt=\"\" srcset=\"https:\/\/www.familinparis.fr\/wp-content\/uploads\/photos-familinparis-2021\/quartier\/rue-des-cinq-diamants-street-art-butte-aux-cailles-\u00a9FamilinParis-270x180.jpg 270w, https:\/\/www.familinparis.fr\/wp-content\/uploads\/photos-familinparis-2021\/quartier\/rue-des-cinq-diamants-street-art-butte-aux-cailles-\u00a9FamilinParis-16x12.jpg 16w\" sizes=\"(max-width: 270px) 100vw, 270px\" \/>\t\t\t\t\t<\/a>\n\t\t\t\t\t\t\t<\/div>\n\t\t\t\t\t\t<h4 class=\"uagb-post__title uagb-post__text\">\n\t\t\t\t<a href=\"https:\/\/www.familinparis.fr\/en\/street-art-at-the-butte-aux-cailles-guided-tour\/\" target=\"_self\" rel=\"bookmark noopener noreferrer\">Street Art at the Butte aux Cailles (guided tour)<\/a>\n\t\t\t<\/h4>\n\t\t\t\t\t\t<div class='uagb-post__text uagb-post-grid-byline'>\n\t\t\t\t\t\t\t<\/div>\n\t\t\t\n\t\t\t\t\t\t\t\t\t<\/article>\n\t\t\t\t\t\t\t\t\t\t\t\t\t\t\t\t<article class=\"uagb-post__inner-wrap\">\t\t\t\t\t\t\t\t<div class='uagb-post__image'>\n\t\t\t\t\t\t\t\t\t<a href=\"https:\/\/www.familinparis.fr\/en\/revolution-tour-versailles-guided-tour\/\" target=\"_self\" rel=\"bookmark noopener noreferrer\" class='uagb-image-ratio-inherit'><img decoding=\"async\" width=\"270\" height=\"180\" src=\"https:\/\/www.familinparis.fr\/wp-content\/uploads\/Visites-Insolites\/Versailles\/Versailles-Revolution-Tour-2025-270x180.jpg\" class=\"attachment-cheerup-carousel size-cheerup-carousel\" alt=\"revolution tour \u00e0 Versailles\" \/>\t\t\t\t\t<\/a>\n\t\t\t\t\t\t\t<\/div>\n\t\t\t\t\t\t<h4 class=\"uagb-post__title uagb-post__text\">\n\t\t\t\t<a href=\"https:\/\/www.familinparis.fr\/en\/revolution-tour-versailles-guided-tour\/\" target=\"_self\" rel=\"bookmark noopener noreferrer\">Revolution tour Versailles (guided tour)<\/a>\n\t\t\t<\/h4>\n\t\t\t\t\t\t<div class='uagb-post__text uagb-post-grid-byline'>\n\t\t\t\t\t\t\t<\/div>\n\t\t\t\n\t\t\t\t\t\t\t\t\t<\/article>\n\t\t\t\t\t\t\t\t\t\t\t\t\t\t\t\t<article class=\"uagb-post__inner-wrap\">\t\t\t\t\t\t\t\t<div class='uagb-post__image'>\n\t\t\t\t\t\t\t\t\t<a href=\"https:\/\/www.familinparis.fr\/en\/teens\/\" target=\"_self\" rel=\"bookmark noopener noreferrer\" class='uagb-image-ratio-inherit'><img decoding=\"async\" width=\"270\" height=\"180\" src=\"https:\/\/www.familinparis.fr\/wp-content\/uploads\/THEATRE\/Ados\/piece-de-theatre-ados-paris-270x180.jpg\" class=\"attachment-cheerup-carousel size-cheerup-carousel\" alt=\"Ados, la pi\u00e8ce, pour les pr\u00e9 ados \u00e0 Paris, qui cartonne\" \/>\t\t\t\t\t<\/a>\n\t\t\t\t\t\t\t<\/div>\n\t\t\t\t\t\t<h4 class=\"uagb-post__title uagb-post__text\">\n\t\t\t\t<a href=\"https:\/\/www.familinparis.fr\/en\/teens\/\" target=\"_self\" rel=\"bookmark noopener noreferrer\">Teens<\/a>\n\t\t\t<\/h4>\n\t\t\t\t\t\t<div class='uagb-post__text uagb-post-grid-byline'>\n\t\t\t\t\t\t\t<\/div>\n\t\t\t\n\t\t\t\t\t\t\t\t\t<\/article>\n\t\t\t\t\t\t\t\t\t\t\t<\/div>\n\t\t\t\n<div style=\"height:40px\" aria-hidden=\"true\" class=\"wp-block-spacer\"><\/div>\n","protected":false},"excerpt":{"rendered":"<p>Ideas for outings in Seine-et-Marne What to do at Christmas with your family in Paris?<\/p>\n","protected":false},"author":6,"featured_media":131712,"comment_status":"open","ping_status":"open","sticky":false,"template":"","format":"standard","meta":{"_uag_custom_page_level_css":"","footnotes":""},"categories":[1253],"tags":[1444,1448],"class_list":{"0":"post-135262","1":"post","2":"type-post","3":"status-publish","4":"format-standard","5":"has-post-thumbnail","7":"category-past-events","8":"tag-christmas-archive","9":"tag-december-archive"},"yoast_head":"<!-- This site is optimized with the Yoast SEO plugin v27.2 - https:\/\/yoast.com\/product\/yoast-seo-wordpress\/ -->\n<title>IMMERSIVE SHOW | &quot;Le Grand R\u00e9veillon&quot; in Champs-sur-Marne<\/title>\n<meta name=\"robots\" content=\"index, follow, max-snippet:-1, max-image-preview:large, max-video-preview:-1\" \/>\n<link rel=\"canonical\" href=\"https:\/\/www.familinparis.fr\/en\/the-grand-reveillon-immersive-show\/\" \/>\n<meta property=\"og:locale\" content=\"en_US\" \/>\n<meta property=\"og:type\" content=\"article\" \/>\n<meta property=\"og:title\" content=\"IMMERSIVE SHOW | &quot;Le Grand R\u00e9veillon&quot; in Champs-sur-Marne\" \/>\n<meta property=\"og:description\" content=\"Ideas for outings in Seine-et-Marne What to do at Christmas with your family in Paris?\" \/>\n<meta property=\"og:url\" content=\"https:\/\/www.familinparis.fr\/en\/the-grand-reveillon-immersive-show\/\" \/>\n<meta property=\"og:site_name\" content=\"Familin&#039;Paris\" \/>\n<meta property=\"article:published_time\" content=\"2022-11-03T10:51:37+00:00\" \/>\n<meta property=\"article:modified_time\" content=\"2024-11-16T15:13:35+00:00\" \/>\n<meta property=\"og:image\" content=\"https:\/\/www.familinparis.fr\/wp-content\/uploads\/2022\/11\/le-grand-reveillon-chateau-de-champs-sur-Marne.jpg\" \/>\n\t<meta property=\"og:image:width\" content=\"960\" \/>\n\t<meta property=\"og:image:height\" content=\"1440\" \/>\n\t<meta property=\"og:image:type\" content=\"image\/jpeg\" \/>\n<meta name=\"author\" content=\"Agn\u00e8s\" \/>\n<meta name=\"twitter:card\" content=\"summary_large_image\" \/>\n<meta name=\"twitter:label1\" content=\"Written by\" \/>\n\t<meta name=\"twitter:data1\" content=\"Agn\u00e8s\" \/>\n\t<meta name=\"twitter:label2\" content=\"Est. reading time\" \/>\n\t<meta name=\"twitter:data2\" content=\"2 minutes\" \/>\n<script type=\"application\/ld+json\" class=\"yoast-schema-graph\">{\"@context\":\"https:\/\/schema.org\",\"@graph\":[{\"@type\":\"Article\",\"@id\":\"https:\/\/www.familinparis.fr\/en\/the-grand-reveillon-immersive-show\/#article\",\"isPartOf\":{\"@id\":\"https:\/\/www.familinparis.fr\/en\/the-grand-reveillon-immersive-show\/\"},\"author\":{\"name\":\"Agn\u00e8s\",\"@id\":\"https:\/\/www.familinparis.fr\/en\/#\/schema\/person\/20deb9130cb58f76b535d316fe0aa31f\"},\"headline\":\"The Grand R\u00e9veillon (immersive show)\",\"datePublished\":\"2022-11-03T10:51:37+00:00\",\"dateModified\":\"2024-11-16T15:13:35+00:00\",\"mainEntityOfPage\":{\"@id\":\"https:\/\/www.familinparis.fr\/en\/the-grand-reveillon-immersive-show\/\"},\"wordCount\":312,\"commentCount\":0,\"image\":{\"@id\":\"https:\/\/www.familinparis.fr\/en\/the-grand-reveillon-immersive-show\/#primaryimage\"},\"thumbnailUrl\":\"https:\/\/www.familinparis.fr\/wp-content\/uploads\/2022\/11\/le-grand-reveillon-chateau-de-champs-sur-Marne.jpg\",\"keywords\":[\"Christmas Archive\",\"December Archive\"],\"articleSection\":[\"Past events\"],\"inLanguage\":\"en-US\",\"potentialAction\":[{\"@type\":\"CommentAction\",\"name\":\"Comment\",\"target\":[\"https:\/\/www.familinparis.fr\/en\/the-grand-reveillon-immersive-show\/#respond\"]}]},{\"@type\":\"WebPage\",\"@id\":\"https:\/\/www.familinparis.fr\/en\/the-grand-reveillon-immersive-show\/\",\"url\":\"https:\/\/www.familinparis.fr\/en\/the-grand-reveillon-immersive-show\/\",\"name\":\"IMMERSIVE SHOW | \\\"Le Grand R\u00e9veillon\\\" in Champs-sur-Marne\",\"isPartOf\":{\"@id\":\"https:\/\/www.familinparis.fr\/en\/#website\"},\"primaryImageOfPage\":{\"@id\":\"https:\/\/www.familinparis.fr\/en\/the-grand-reveillon-immersive-show\/#primaryimage\"},\"image\":{\"@id\":\"https:\/\/www.familinparis.fr\/en\/the-grand-reveillon-immersive-show\/#primaryimage\"},\"thumbnailUrl\":\"https:\/\/www.familinparis.fr\/wp-content\/uploads\/2022\/11\/le-grand-reveillon-chateau-de-champs-sur-Marne.jpg\",\"datePublished\":\"2022-11-03T10:51:37+00:00\",\"dateModified\":\"2024-11-16T15:13:35+00:00\",\"author\":{\"@id\":\"https:\/\/www.familinparis.fr\/en\/#\/schema\/person\/20deb9130cb58f76b535d316fe0aa31f\"},\"breadcrumb\":{\"@id\":\"https:\/\/www.familinparis.fr\/en\/the-grand-reveillon-immersive-show\/#breadcrumb\"},\"inLanguage\":\"en-US\",\"potentialAction\":[{\"@type\":\"ReadAction\",\"target\":[\"https:\/\/www.familinparis.fr\/en\/the-grand-reveillon-immersive-show\/\"]}]},{\"@type\":\"ImageObject\",\"inLanguage\":\"en-US\",\"@id\":\"https:\/\/www.familinparis.fr\/en\/the-grand-reveillon-immersive-show\/#primaryimage\",\"url\":\"https:\/\/www.familinparis.fr\/wp-content\/uploads\/2022\/11\/le-grand-reveillon-chateau-de-champs-sur-Marne.jpg\",\"contentUrl\":\"https:\/\/www.familinparis.fr\/wp-content\/uploads\/2022\/11\/le-grand-reveillon-chateau-de-champs-sur-Marne.jpg\",\"width\":960,\"height\":1440},{\"@type\":\"BreadcrumbList\",\"@id\":\"https:\/\/www.familinparis.fr\/en\/the-grand-reveillon-immersive-show\/#breadcrumb\",\"itemListElement\":[{\"@type\":\"ListItem\",\"position\":1,\"name\":\"Home\",\"item\":\"https:\/\/www.familinparis.fr\/en\/\"},{\"@type\":\"ListItem\",\"position\":2,\"name\":\"Exposition\",\"item\":\"https:\/\/www.familinparis.fr\/en\/categorie\/exposition-en\/\"},{\"@type\":\"ListItem\",\"position\":3,\"name\":\"The Grand R\u00e9veillon (immersive show)\"}]},{\"@type\":\"WebSite\",\"@id\":\"https:\/\/www.familinparis.fr\/en\/#website\",\"url\":\"https:\/\/www.familinparis.fr\/en\/\",\"name\":\"Familin&#039;Paris\",\"description\":\"Visiter le meilleur de Paris avec des enfants : sorties, spectacles, adresses de restaurants, shopping, bons plans...\",\"potentialAction\":[{\"@type\":\"SearchAction\",\"target\":{\"@type\":\"EntryPoint\",\"urlTemplate\":\"https:\/\/www.familinparis.fr\/en\/?s={search_term_string}\"},\"query-input\":{\"@type\":\"PropertyValueSpecification\",\"valueRequired\":true,\"valueName\":\"search_term_string\"}}],\"inLanguage\":\"en-US\"},{\"@type\":\"Person\",\"@id\":\"https:\/\/www.familinparis.fr\/en\/#\/schema\/person\/20deb9130cb58f76b535d316fe0aa31f\",\"name\":\"Agn\u00e8s\",\"image\":{\"@type\":\"ImageObject\",\"inLanguage\":\"en-US\",\"@id\":\"https:\/\/secure.gravatar.com\/avatar\/0ff338e2776ca662585d438b3bc140cbe7b54659207d3329065be97ffb37fa5a?s=96&d=identicon&r=g\",\"url\":\"https:\/\/secure.gravatar.com\/avatar\/0ff338e2776ca662585d438b3bc140cbe7b54659207d3329065be97ffb37fa5a?s=96&d=identicon&r=g\",\"contentUrl\":\"https:\/\/secure.gravatar.com\/avatar\/0ff338e2776ca662585d438b3bc140cbe7b54659207d3329065be97ffb37fa5a?s=96&d=identicon&r=g\",\"caption\":\"Agn\u00e8s\"}}]}<\/script>\n<!-- \/ Yoast SEO plugin. -->","yoast_head_json":{"title":"IMMERSIVE SHOW | \"Le Grand R\u00e9veillon\" in Champs-sur-Marne","robots":{"index":"index","follow":"follow","max-snippet":"max-snippet:-1","max-image-preview":"max-image-preview:large","max-video-preview":"max-video-preview:-1"},"canonical":"https:\/\/www.familinparis.fr\/en\/the-grand-reveillon-immersive-show\/","og_locale":"en_US","og_type":"article","og_title":"IMMERSIVE SHOW | \"Le Grand R\u00e9veillon\" in Champs-sur-Marne","og_description":"Ideas for outings in Seine-et-Marne What to do at Christmas with your family in Paris?","og_url":"https:\/\/www.familinparis.fr\/en\/the-grand-reveillon-immersive-show\/","og_site_name":"Familin&#039;Paris","article_published_time":"2022-11-03T10:51:37+00:00","article_modified_time":"2024-11-16T15:13:35+00:00","og_image":[{"width":960,"height":1440,"url":"https:\/\/www.familinparis.fr\/wp-content\/uploads\/2022\/11\/le-grand-reveillon-chateau-de-champs-sur-Marne.jpg","type":"image\/jpeg"}],"author":"Agn\u00e8s","twitter_card":"summary_large_image","twitter_misc":{"Written by":"Agn\u00e8s","Est. reading time":"2 minutes"},"schema":{"@context":"https:\/\/schema.org","@graph":[{"@type":"Article","@id":"https:\/\/www.familinparis.fr\/en\/the-grand-reveillon-immersive-show\/#article","isPartOf":{"@id":"https:\/\/www.familinparis.fr\/en\/the-grand-reveillon-immersive-show\/"},"author":{"name":"Agn\u00e8s","@id":"https:\/\/www.familinparis.fr\/en\/#\/schema\/person\/20deb9130cb58f76b535d316fe0aa31f"},"headline":"The Grand R\u00e9veillon (immersive show)","datePublished":"2022-11-03T10:51:37+00:00","dateModified":"2024-11-16T15:13:35+00:00","mainEntityOfPage":{"@id":"https:\/\/www.familinparis.fr\/en\/the-grand-reveillon-immersive-show\/"},"wordCount":312,"commentCount":0,"image":{"@id":"https:\/\/www.familinparis.fr\/en\/the-grand-reveillon-immersive-show\/#primaryimage"},"thumbnailUrl":"https:\/\/www.familinparis.fr\/wp-content\/uploads\/2022\/11\/le-grand-reveillon-chateau-de-champs-sur-Marne.jpg","keywords":["Christmas Archive","December Archive"],"articleSection":["Past events"],"inLanguage":"en-US","potentialAction":[{"@type":"CommentAction","name":"Comment","target":["https:\/\/www.familinparis.fr\/en\/the-grand-reveillon-immersive-show\/#respond"]}]},{"@type":"WebPage","@id":"https:\/\/www.familinparis.fr\/en\/the-grand-reveillon-immersive-show\/","url":"https:\/\/www.familinparis.fr\/en\/the-grand-reveillon-immersive-show\/","name":"IMMERSIVE SHOW | \"Le Grand R\u00e9veillon\" in Champs-sur-Marne","isPartOf":{"@id":"https:\/\/www.familinparis.fr\/en\/#website"},"primaryImageOfPage":{"@id":"https:\/\/www.familinparis.fr\/en\/the-grand-reveillon-immersive-show\/#primaryimage"},"image":{"@id":"https:\/\/www.familinparis.fr\/en\/the-grand-reveillon-immersive-show\/#primaryimage"},"thumbnailUrl":"https:\/\/www.familinparis.fr\/wp-content\/uploads\/2022\/11\/le-grand-reveillon-chateau-de-champs-sur-Marne.jpg","datePublished":"2022-11-03T10:51:37+00:00","dateModified":"2024-11-16T15:13:35+00:00","author":{"@id":"https:\/\/www.familinparis.fr\/en\/#\/schema\/person\/20deb9130cb58f76b535d316fe0aa31f"},"breadcrumb":{"@id":"https:\/\/www.familinparis.fr\/en\/the-grand-reveillon-immersive-show\/#breadcrumb"},"inLanguage":"en-US","potentialAction":[{"@type":"ReadAction","target":["https:\/\/www.familinparis.fr\/en\/the-grand-reveillon-immersive-show\/"]}]},{"@type":"ImageObject","inLanguage":"en-US","@id":"https:\/\/www.familinparis.fr\/en\/the-grand-reveillon-immersive-show\/#primaryimage","url":"https:\/\/www.familinparis.fr\/wp-content\/uploads\/2022\/11\/le-grand-reveillon-chateau-de-champs-sur-Marne.jpg","contentUrl":"https:\/\/www.familinparis.fr\/wp-content\/uploads\/2022\/11\/le-grand-reveillon-chateau-de-champs-sur-Marne.jpg","width":960,"height":1440},{"@type":"BreadcrumbList","@id":"https:\/\/www.familinparis.fr\/en\/the-grand-reveillon-immersive-show\/#breadcrumb","itemListElement":[{"@type":"ListItem","position":1,"name":"Home","item":"https:\/\/www.familinparis.fr\/en\/"},{"@type":"ListItem","position":2,"name":"Exposition","item":"https:\/\/www.familinparis.fr\/en\/categorie\/exposition-en\/"},{"@type":"ListItem","position":3,"name":"The Grand R\u00e9veillon (immersive show)"}]},{"@type":"WebSite","@id":"https:\/\/www.familinparis.fr\/en\/#website","url":"https:\/\/www.familinparis.fr\/en\/","name":"Familin&#039;Paris","description":"Visiter le meilleur de Paris avec des enfants : sorties, spectacles, adresses de restaurants, shopping, bons plans...","potentialAction":[{"@type":"SearchAction","target":{"@type":"EntryPoint","urlTemplate":"https:\/\/www.familinparis.fr\/en\/?s={search_term_string}"},"query-input":{"@type":"PropertyValueSpecification","valueRequired":true,"valueName":"search_term_string"}}],"inLanguage":"en-US"},{"@type":"Person","@id":"https:\/\/www.familinparis.fr\/en\/#\/schema\/person\/20deb9130cb58f76b535d316fe0aa31f","name":"Agn\u00e8s","image":{"@type":"ImageObject","inLanguage":"en-US","@id":"https:\/\/secure.gravatar.com\/avatar\/0ff338e2776ca662585d438b3bc140cbe7b54659207d3329065be97ffb37fa5a?s=96&d=identicon&r=g","url":"https:\/\/secure.gravatar.com\/avatar\/0ff338e2776ca662585d438b3bc140cbe7b54659207d3329065be97ffb37fa5a?s=96&d=identicon&r=g","contentUrl":"https:\/\/secure.gravatar.com\/avatar\/0ff338e2776ca662585d438b3bc140cbe7b54659207d3329065be97ffb37fa5a?s=96&d=identicon&r=g","caption":"Agn\u00e8s"}}]}},"uagb_featured_image_src":{"full":["https:\/\/www.familinparis.fr\/wp-content\/uploads\/2022\/11\/le-grand-reveillon-chateau-de-champs-sur-Marne.jpg",960,1440,false],"thumbnail":["https:\/\/www.familinparis.fr\/wp-content\/uploads\/2022\/11\/le-grand-reveillon-chateau-de-champs-sur-Marne-150x150.jpg",150,150,true],"medium":["https:\/\/www.familinparis.fr\/wp-content\/uploads\/2022\/11\/le-grand-reveillon-chateau-de-champs-sur-Marne-200x300.jpg",200,300,true],"medium_large":["https:\/\/www.familinparis.fr\/wp-content\/uploads\/2022\/11\/le-grand-reveillon-chateau-de-champs-sur-Marne-768x1152.jpg",768,1152,true],"large":["https:\/\/www.familinparis.fr\/wp-content\/uploads\/2022\/11\/le-grand-reveillon-chateau-de-champs-sur-Marne-683x1024.jpg",683,1024,true],"1536x1536":["https:\/\/www.familinparis.fr\/wp-content\/uploads\/2022\/11\/le-grand-reveillon-chateau-de-champs-sur-Marne.jpg",960,1440,false],"2048x2048":["https:\/\/www.familinparis.fr\/wp-content\/uploads\/2022\/11\/le-grand-reveillon-chateau-de-champs-sur-Marne.jpg",960,1440,false],"home-thumb":["https:\/\/www.familinparis.fr\/wp-content\/uploads\/2022\/11\/le-grand-reveillon-chateau-de-champs-sur-Marne-487x730.jpg",487,730,true],"home-slider":["https:\/\/www.familinparis.fr\/wp-content\/uploads\/2022\/11\/le-grand-reveillon-chateau-de-champs-sur-Marne-800x600.jpg",800,600,true],"lightbox-slider-size":["https:\/\/www.familinparis.fr\/wp-content\/uploads\/2022\/11\/le-grand-reveillon-chateau-de-champs-sur-Marne-564x282.jpg",564,282,true],"post-thumbnail":["https:\/\/www.familinparis.fr\/wp-content\/uploads\/2022\/11\/le-grand-reveillon-chateau-de-champs-sur-Marne-270x180.jpg",270,180,true],"cheerup-main":["https:\/\/www.familinparis.fr\/wp-content\/uploads\/2022\/11\/le-grand-reveillon-chateau-de-champs-sur-Marne-770x400.jpg",770,400,true],"cheerup-main-full":["https:\/\/www.familinparis.fr\/wp-content\/uploads\/2022\/11\/le-grand-reveillon-chateau-de-champs-sur-Marne-960x508.jpg",960,508,true],"cheerup-slider-alt":["https:\/\/www.familinparis.fr\/wp-content\/uploads\/2022\/11\/le-grand-reveillon-chateau-de-champs-sur-Marne-960x508.jpg",960,508,true],"cheerup-slider-trendy":["https:\/\/www.familinparis.fr\/wp-content\/uploads\/2022\/11\/le-grand-reveillon-chateau-de-champs-sur-Marne-960x508.jpg",960,508,true],"cheerup-slider-stylish":["https:\/\/www.familinparis.fr\/wp-content\/uploads\/2022\/11\/le-grand-reveillon-chateau-de-champs-sur-Marne-900x515.jpg",900,515,true],"cheerup-slider-grid":["https:\/\/www.familinparis.fr\/wp-content\/uploads\/2022\/11\/le-grand-reveillon-chateau-de-champs-sur-Marne-870x600.jpg",870,600,true],"cheerup-slider-grid-sm":["https:\/\/www.familinparis.fr\/wp-content\/uploads\/2022\/11\/le-grand-reveillon-chateau-de-champs-sur-Marne-300x300.jpg",300,300,true],"cheerup-slider-carousel":["https:\/\/www.familinparis.fr\/wp-content\/uploads\/2022\/11\/le-grand-reveillon-chateau-de-champs-sur-Marne-370x370.jpg",370,370,true],"cheerup-slider-grid-b":["https:\/\/www.familinparis.fr\/wp-content\/uploads\/2022\/11\/le-grand-reveillon-chateau-de-champs-sur-Marne-554x466.jpg",554,466,true],"cheerup-slider-grid-b-sm":["https:\/\/www.familinparis.fr\/wp-content\/uploads\/2022\/11\/le-grand-reveillon-chateau-de-champs-sur-Marne-306x466.jpg",306,466,true],"cheerup-slider-bold-sm":["https:\/\/www.familinparis.fr\/wp-content\/uploads\/2022\/11\/le-grand-reveillon-chateau-de-champs-sur-Marne-150x150.jpg",150,150,true],"cheerup-grid":["https:\/\/www.familinparis.fr\/wp-content\/uploads\/2022\/11\/le-grand-reveillon-chateau-de-champs-sur-Marne-370x285.jpg",370,285,true],"cheerup-carousel":["https:\/\/www.familinparis.fr\/wp-content\/uploads\/2022\/11\/le-grand-reveillon-chateau-de-champs-sur-Marne-270x180.jpg",270,180,true],"cheerup-carousel-b":["https:\/\/www.familinparis.fr\/wp-content\/uploads\/2022\/11\/le-grand-reveillon-chateau-de-champs-sur-Marne-370x285.jpg",370,285,true],"cheerup-list":["https:\/\/www.familinparis.fr\/wp-content\/uploads\/2022\/11\/le-grand-reveillon-chateau-de-champs-sur-Marne-260x200.jpg",260,200,true],"cheerup-list-b":["https:\/\/www.familinparis.fr\/wp-content\/uploads\/2022\/11\/le-grand-reveillon-chateau-de-champs-sur-Marne-370x305.jpg",370,305,true],"cheerup-thumb":["https:\/\/www.familinparis.fr\/wp-content\/uploads\/2022\/11\/le-grand-reveillon-chateau-de-champs-sur-Marne-87x67.jpg",87,67,true],"cheerup-thumb-alt":["https:\/\/www.familinparis.fr\/wp-content\/uploads\/2022\/11\/le-grand-reveillon-chateau-de-champs-sur-Marne-150x150.jpg",150,150,true]},"uagb_author_info":{"display_name":"Agn\u00e8s","author_link":"https:\/\/www.familinparis.fr\/en\/author\/agnes\/"},"uagb_comment_info":0,"uagb_excerpt":"Ideas for outings in Seine-et-Marne What to do at Christmas with your family in Paris?","_links":{"self":[{"href":"https:\/\/www.familinparis.fr\/en\/wp-json\/wp\/v2\/posts\/135262","targetHints":{"allow":["GET"]}}],"collection":[{"href":"https:\/\/www.familinparis.fr\/en\/wp-json\/wp\/v2\/posts"}],"about":[{"href":"https:\/\/www.familinparis.fr\/en\/wp-json\/wp\/v2\/types\/post"}],"author":[{"embeddable":true,"href":"https:\/\/www.familinparis.fr\/en\/wp-json\/wp\/v2\/users\/6"}],"replies":[{"embeddable":true,"href":"https:\/\/www.familinparis.fr\/en\/wp-json\/wp\/v2\/comments?post=135262"}],"version-history":[{"count":0,"href":"https:\/\/www.familinparis.fr\/en\/wp-json\/wp\/v2\/posts\/135262\/revisions"}],"wp:featuredmedia":[{"embeddable":true,"href":"https:\/\/www.familinparis.fr\/en\/wp-json\/wp\/v2\/media\/131712"}],"wp:attachment":[{"href":"https:\/\/www.familinparis.fr\/en\/wp-json\/wp\/v2\/media?parent=135262"}],"wp:term":[{"taxonomy":"category","embeddable":true,"href":"https:\/\/www.familinparis.fr\/en\/wp-json\/wp\/v2\/categories?post=135262"},{"taxonomy":"post_tag","embeddable":true,"href":"https:\/\/www.familinparis.fr\/en\/wp-json\/wp\/v2\/tags?post=135262"}],"curies":[{"name":"wp","href":"https:\/\/api.w.org\/{rel}","templated":true}]}}