{"id":135259,"date":"2024-10-28T15:04:00","date_gmt":"2024-10-28T13:04:00","guid":{"rendered":"https:\/\/www.familinparis.fr\/augustin-pirate-of-the-indies\/"},"modified":"2024-11-16T17:13:35","modified_gmt":"2024-11-16T15:13:35","slug":"augustin-pirate-of-the-indies","status":"publish","type":"post","link":"https:\/\/www.familinparis.fr\/en\/augustin-pirate-of-the-indies\/","title":{"rendered":"Augustin, Pirate of the Indies"},"content":{"rendered":"<div class=\"lazyblock-baseline-1WSUt7 wp-block-lazyblock-baseline\"><div class=\"baseline\">-THEATRE- <br>For ages 3 to 103 <br>Until December 18 at the Nouvelle Seine (in the 5th arrondissement)<\/div><\/div><div class=\"lazyblock-infos-pratiques-Z1sDlVf wp-block-lazyblock-infos-pratiques\"><div class=\"read-more go-to\" data-goto=\"infos-sup\">\n  <a href=\"#\">\n    <span class=\"rien\">\n      <i class=\"fa fa-map-marker\"><\/i> See practical information    <\/span>\n  <\/a>\n<\/div><\/div>\n<section class=\"wp-block-uagb-section uagb-section__wrap uagb-section__background-color uagb-block-a66e82d3\"><div class=\"uagb-section__overlay\"><\/div><div class=\"uagb-section__inner-wrap\">\n<div class=\"wp-block-columns is-layout-flex wp-container-core-columns-is-layout-9d6595d7 wp-block-columns-is-layout-flex\">\n<div class=\"wp-block-column is-layout-flow wp-block-column-is-layout-flow\" style=\"flex-basis:66.66%\">\n<ul class=\"wp-block-list\">\n<li><strong>We like: <\/strong>a nice family show that will take them on a journey<\/li>\n\n\n\n<li><strong>Age: <\/strong>3 to 103 years old<\/li>\n\n\n\n<li><strong>Date<\/strong> : until December 18<\/li>\n\n\n\n<li><strong>Duration<\/strong> : 55mn<\/li>\n\n\n\n<li><strong>Location: <\/strong>the Nouvelle Seine<\/li>\n<\/ul>\n\n\n\n<div class=\"wp-block-buttons is-horizontal is-content-justification-center is-layout-flex wp-container-core-buttons-is-layout-499968f5 wp-block-buttons-is-layout-flex\">\n<div class=\"wp-block-button m-b-30\"><a class=\"wp-block-button__link has-white-color has-text-color has-background wp-element-button\" style=\"border-radius:1px;background-color:#fa395f\">Show over<\/a><\/div>\n<\/div>\n\n\n\n<h2 class=\"wp-block-heading\">The musical show &#8220;Augustin, pirate of the Indies&#8221;<\/h2>\n\n\n\n<ul class=\"wp-block-list\">\n<li><strong>After its triumph at the 2022 Avignon festival<\/strong>, the famous pirate tale returns to the most beautiful boat in Paris.  <\/li>\n\n\n\n<li><strong>Embark on the road to<\/strong> India, and pass on to your children a taste for travel and imagination  <\/li>\n\n\n\n<li>To flush out Princess Daria&#8217;s fabulous treasure of spices, Augustin and his crew (the children of the audience) set off on an adventure on a pirate ship. We must find the Maharaja of Pondicherry!   <\/li>\n\n\n\n<li>They will cross the Indian Ocean on the back of humpback whales, escape tigers in the jungle, make friends with orangutans, break into a candy palace, sing sailor songs&#8230; and smell spices live thanks to ingenious flags scented with essential oils!<\/li>\n\n\n\n<li>A family show performed more than 1500 times in France and abroad (USA, Dubai, Morocco, Mauritius, Belgium, Switzerland&#8230;)  <\/li>\n\n\n\n<li>ELIGIBLE MOLI\u00c8RES 2019 show<\/li>\n<\/ul>\n<\/div>\n\n\n\n<div class=\"wp-block-column is-layout-flow wp-block-column-is-layout-flow\" style=\"flex-basis:33.33%\"><div class=\"wp-block-image\">\n<figure class=\"aligncenter size-medium\"><img decoding=\"async\" width=\"239\" height=\"300\" src=\"https:\/\/www.familinparis.fr\/wp-content\/uploads\/2022\/10\/spectacle-enfant-augustin-pirate-des-indes-239x300.jpg\" alt=\"\" class=\"wp-image-82812\" srcset=\"https:\/\/www.familinparis.fr\/wp-content\/uploads\/2022\/10\/spectacle-enfant-augustin-pirate-des-indes-239x300.jpg 239w, https:\/\/www.familinparis.fr\/wp-content\/uploads\/2022\/10\/spectacle-enfant-augustin-pirate-des-indes-816x1024.jpg 816w, https:\/\/www.familinparis.fr\/wp-content\/uploads\/2022\/10\/spectacle-enfant-augustin-pirate-des-indes-768x963.jpg 768w, https:\/\/www.familinparis.fr\/wp-content\/uploads\/2022\/10\/spectacle-enfant-augustin-pirate-des-indes-10x12.jpg 10w, https:\/\/www.familinparis.fr\/wp-content\/uploads\/2022\/10\/spectacle-enfant-augustin-pirate-des-indes-582x730.jpg 582w, https:\/\/www.familinparis.fr\/wp-content\/uploads\/2022\/10\/spectacle-enfant-augustin-pirate-des-indes.jpg 960w\" sizes=\"(max-width: 239px) 100vw, 239px\" \/><\/figure>\n<\/div><\/div>\n<\/div>\n<\/div><\/section>\n\n<div style=\"height:49px\" aria-hidden=\"true\" class=\"wp-block-spacer\"><\/div>\n\n<figure class=\"wp-block-embed is-type-video is-provider-youtube wp-block-embed-youtube wp-embed-aspect-16-9 wp-has-aspect-ratio\"><div class=\"wp-block-embed__wrapper\"> \n<iframe title=\"B.A. &quot;AUGUSTIN PIRATE DES INDES&quot; -- Bande Annonce (2013)\" width=\"770\" height=\"433\" src=\"https:\/\/www.youtube.com\/embed\/nfZ8LrKsLf8?feature=oembed\" frameborder=\"0\" allow=\"accelerometer; autoplay; clipboard-write; encrypted-media; gyroscope; picture-in-picture; web-share\" referrerpolicy=\"strict-origin-when-cross-origin\" allowfullscreen><\/iframe>\n <\/div><\/figure>\n\n<div style=\"height:49px\" aria-hidden=\"true\" class=\"wp-block-spacer\"><\/div>\n\n<h2 class=\"has-text-align-center p-b-10 p-t-10 has-background wp-block-heading\" style=\"background-color:#fa395f\">Shows for young audiences in Paris<\/h2>\n\n\t\t\t<div class=\"wp-block-uagb-post-grid uagb-post-grid  uagb-post__image-position-top uagb-post__image-enabled uagb-block-00d5694a     uagb-post__items uagb-post__columns-5 is-grid uagb-post__columns-tablet-2 uagb-post__columns-mobile-1 uagb-post__equal-height\" data-total=\"4\" style=\"\">\n\n\t\t\t\t\t\t\t\t\t\t\t\t<article class=\"uagb-post__inner-wrap\">\t\t\t\t\t\t\t\t<div class='uagb-post__image'>\n\t\t\t\t\t\t\t\t\t<a href=\"https:\/\/www.familinparis.fr\/en\/odysee-the-musical-conference\/\" target=\"_self\" rel=\"bookmark noopener noreferrer\" class='uagb-image-ratio-inherit'><img decoding=\"async\" width=\"150\" height=\"150\" src=\"https:\/\/www.familinparis.fr\/wp-content\/uploads\/Spectacles\/MUSICAL\/kid\/affiche-odyssee-150x150.jpg\" class=\"attachment-thumbnail size-thumbnail\" alt=\"\" srcset=\"https:\/\/www.familinparis.fr\/wp-content\/uploads\/Spectacles\/MUSICAL\/kid\/affiche-odyssee-150x150.jpg 150w, https:\/\/www.familinparis.fr\/wp-content\/uploads\/Spectacles\/MUSICAL\/kid\/affiche-odyssee-300x300.jpg 300w, https:\/\/www.familinparis.fr\/wp-content\/uploads\/Spectacles\/MUSICAL\/kid\/affiche-odyssee-370x370.jpg 370w, https:\/\/www.familinparis.fr\/wp-content\/uploads\/Spectacles\/MUSICAL\/kid\/affiche-odyssee-50x50.jpg 50w\" sizes=\"(max-width: 150px) 100vw, 150px\" \/>\t\t\t\t\t<\/a>\n\t\t\t\t\t\t\t<\/div>\n\t\t\t\t\t\t<h4 class=\"uagb-post__title uagb-post__text\">\n\t\t\t\t<a href=\"https:\/\/www.familinparis.fr\/en\/odysee-the-musical-conference\/\" target=\"_self\" rel=\"bookmark noopener noreferrer\">Odys\u00e9e, the musical conference<\/a>\n\t\t\t<\/h4>\n\t\t\t\t\t\t<div class='uagb-post__text uagb-post-grid-byline'>\n\t\t\t\t\t\t\t<\/div>\n\t\t\t\t\t\t\t<div class='uagb-post__text uagb-post__excerpt'>\n\t\t\t\t\tDelightful adaptation of Homer&#8217;s work\u2014From 7 years old\t\t\t\t<\/div>\n\t\t\t\n\t\t\t\t\t\t\t\t\t<\/article>\n\t\t\t\t\t\t\t\t\t\t\t\t\t\t\t\t<article class=\"uagb-post__inner-wrap\">\t\t\t\t\t\t\t\t<div class='uagb-post__image'>\n\t\t\t\t\t\t\t\t\t<a href=\"https:\/\/www.familinparis.fr\/en\/spitz\/\" target=\"_self\" rel=\"bookmark noopener noreferrer\" class='uagb-image-ratio-inherit'><img decoding=\"async\" width=\"150\" height=\"150\" src=\"https:\/\/www.familinparis.fr\/wp-content\/uploads\/THEATRE\/Petits\/loulou-theatre-lepic-1-150x150.jpg\" class=\"attachment-thumbnail size-thumbnail\" alt=\"\" srcset=\"https:\/\/www.familinparis.fr\/wp-content\/uploads\/THEATRE\/Petits\/loulou-theatre-lepic-1-150x150.jpg 150w, https:\/\/www.familinparis.fr\/wp-content\/uploads\/THEATRE\/Petits\/loulou-theatre-lepic-1-400x400.jpg 400w, https:\/\/www.familinparis.fr\/wp-content\/uploads\/THEATRE\/Petits\/loulou-theatre-lepic-1-300x300.jpg 300w, https:\/\/www.familinparis.fr\/wp-content\/uploads\/THEATRE\/Petits\/loulou-theatre-lepic-1-370x370.jpg 370w, https:\/\/www.familinparis.fr\/wp-content\/uploads\/THEATRE\/Petits\/loulou-theatre-lepic-1-50x50.jpg 50w\" sizes=\"(max-width: 150px) 100vw, 150px\" \/>\t\t\t\t\t<\/a>\n\t\t\t\t\t\t\t<\/div>\n\t\t\t\t\t\t<h4 class=\"uagb-post__title uagb-post__text\">\n\t\t\t\t<a href=\"https:\/\/www.familinparis.fr\/en\/spitz\/\" target=\"_self\" rel=\"bookmark noopener noreferrer\">Spitz<\/a>\n\t\t\t<\/h4>\n\t\t\t\t\t\t<div class='uagb-post__text uagb-post-grid-byline'>\n\t\t\t\t\t\t\t<\/div>\n\t\t\t\t\t\t\t<div class='uagb-post__text uagb-post__excerpt'>\n\t\t\t\t\tThe friendship between a wolf and a rabbit! <br><span class=\"blue-logo\">For 3 &#8211; 6 year olds<\/span><br>Until&#8230;\t\t\t\t<\/div>\n\t\t\t\n\t\t\t\t\t\t\t\t\t<\/article>\n\t\t\t\t\t\t\t\t\t\t\t\t\t\t\t\t<article class=\"uagb-post__inner-wrap\">\t\t\t\t\t\t\t\t<div class='uagb-post__image'>\n\t\t\t\t\t\t\t\t\t<a href=\"https:\/\/www.familinparis.fr\/en\/great-red-riding-hood-and-the-little-wolf\/\" target=\"_self\" rel=\"bookmark noopener noreferrer\" class='uagb-image-ratio-inherit'><img decoding=\"async\" width=\"150\" height=\"150\" src=\"https:\/\/www.familinparis.fr\/wp-content\/uploads\/THEATRE\/Kids\/le-grand-chaperon-rouge-150x150.jpg\" class=\"attachment-thumbnail size-thumbnail\" alt=\"\" srcset=\"https:\/\/www.familinparis.fr\/wp-content\/uploads\/THEATRE\/Kids\/le-grand-chaperon-rouge-150x150.jpg 150w, https:\/\/www.familinparis.fr\/wp-content\/uploads\/THEATRE\/Kids\/le-grand-chaperon-rouge-300x300.jpg 300w, https:\/\/www.familinparis.fr\/wp-content\/uploads\/THEATRE\/Kids\/le-grand-chaperon-rouge-370x370.jpg 370w\" sizes=\"(max-width: 150px) 100vw, 150px\" \/>\t\t\t\t\t<\/a>\n\t\t\t\t\t\t\t<\/div>\n\t\t\t\t\t\t<h4 class=\"uagb-post__title uagb-post__text\">\n\t\t\t\t<a href=\"https:\/\/www.familinparis.fr\/en\/great-red-riding-hood-and-the-little-wolf\/\" target=\"_self\" rel=\"bookmark noopener noreferrer\">Great Red Riding Hood and the Little Wolf<\/a>\n\t\t\t<\/h4>\n\t\t\t\t\t\t<div class='uagb-post__text uagb-post-grid-byline'>\n\t\t\t\t\t\t\t<\/div>\n\t\t\t\t\t\t\t<div class='uagb-post__text uagb-post__excerpt'>\n\t\t\t\t\tUntil November 13, 2024\t\t\t\t<\/div>\n\t\t\t\n\t\t\t\t\t\t\t\t\t<\/article>\n\t\t\t\t\t\t\t\t\t\t\t\t\t\t\t\t<article class=\"uagb-post__inner-wrap\">\t\t\t\t\t\t\t\t<div class='uagb-post__image'>\n\t\t\t\t\t\t\t\t\t<a href=\"https:\/\/www.familinparis.fr\/en\/teens\/\" target=\"_self\" rel=\"bookmark noopener noreferrer\" class='uagb-image-ratio-inherit'><img decoding=\"async\" width=\"150\" height=\"150\" src=\"https:\/\/www.familinparis.fr\/wp-content\/uploads\/THEATRE\/Ados\/piece-de-theatre-ados-paris-150x150.jpg\" class=\"attachment-thumbnail size-thumbnail\" alt=\"Ados, la pi\u00e8ce, pour les pr\u00e9 ados \u00e0 Paris, qui cartonne\" srcset=\"https:\/\/www.familinparis.fr\/wp-content\/uploads\/THEATRE\/Ados\/piece-de-theatre-ados-paris-150x150.jpg 150w, https:\/\/www.familinparis.fr\/wp-content\/uploads\/THEATRE\/Ados\/piece-de-theatre-ados-paris-300x300.jpg 300w, https:\/\/www.familinparis.fr\/wp-content\/uploads\/THEATRE\/Ados\/piece-de-theatre-ados-paris-370x370.jpg 370w\" sizes=\"(max-width: 150px) 100vw, 150px\" \/>\t\t\t\t\t<\/a>\n\t\t\t\t\t\t\t<\/div>\n\t\t\t\t\t\t<h4 class=\"uagb-post__title uagb-post__text\">\n\t\t\t\t<a href=\"https:\/\/www.familinparis.fr\/en\/teens\/\" target=\"_self\" rel=\"bookmark noopener noreferrer\">Teens<\/a>\n\t\t\t<\/h4>\n\t\t\t\t\t\t<div class='uagb-post__text uagb-post-grid-byline'>\n\t\t\t\t\t\t\t<\/div>\n\t\t\t\t\t\t\t<div class='uagb-post__text uagb-post__excerpt'>\n\t\t\t\t\tUntil June 1, 2025\t\t\t\t<\/div>\n\t\t\t\n\t\t\t\t\t\t\t\t\t<\/article>\n\t\t\t\t\t\t\t\t\t\t\t\t\t\t\t\t<article class=\"uagb-post__inner-wrap\">\t\t\t\t\t\t\t\t<div class='uagb-post__image'>\n\t\t\t\t\t\t\t\t\t<a href=\"https:\/\/www.familinparis.fr\/en\/peter-and-the-bewitched-princess\/\" target=\"_self\" rel=\"bookmark noopener noreferrer\" class='uagb-image-ratio-inherit'><img decoding=\"async\" width=\"150\" height=\"150\" src=\"https:\/\/www.familinparis.fr\/wp-content\/uploads\/2024\/07\/pierre-et-la-princesse-ensorcelee-theatre-par-le-bout-2024-150x150.jpeg\" class=\"attachment-thumbnail size-thumbnail\" alt=\"\" srcset=\"https:\/\/www.familinparis.fr\/wp-content\/uploads\/2024\/07\/pierre-et-la-princesse-ensorcelee-theatre-par-le-bout-2024-150x150.jpeg 150w, https:\/\/www.familinparis.fr\/wp-content\/uploads\/2024\/07\/pierre-et-la-princesse-ensorcelee-theatre-par-le-bout-2024-300x300.jpeg 300w, https:\/\/www.familinparis.fr\/wp-content\/uploads\/2024\/07\/pierre-et-la-princesse-ensorcelee-theatre-par-le-bout-2024-370x370.jpeg 370w\" sizes=\"(max-width: 150px) 100vw, 150px\" \/>\t\t\t\t\t<\/a>\n\t\t\t\t\t\t\t<\/div>\n\t\t\t\t\t\t<h4 class=\"uagb-post__title uagb-post__text\">\n\t\t\t\t<a href=\"https:\/\/www.familinparis.fr\/en\/peter-and-the-bewitched-princess\/\" target=\"_self\" rel=\"bookmark noopener noreferrer\">Peter and the Bewitched Princess<\/a>\n\t\t\t<\/h4>\n\t\t\t\t\t\t<div class='uagb-post__text uagb-post-grid-byline'>\n\t\t\t\t\t\t\t<\/div>\n\t\t\t\t\t\t\t<div class='uagb-post__text uagb-post__excerpt'>\n\t\t\t\t\tUntil December 31, 2024\t\t\t\t<\/div>\n\t\t\t\n\t\t\t\t\t\t\t\t\t<\/article>\n\t\t\t\t\t\t\t\t\t\t\t\t\t\t\t\t<article class=\"uagb-post__inner-wrap\">\t\t\t\t\t\t\t\t<div class='uagb-post__image'>\n\t\t\t\t\t\t\t\t\t<a href=\"https:\/\/www.familinparis.fr\/en\/name-of-a-little-guy\/\" target=\"_self\" rel=\"bookmark noopener noreferrer\" class='uagb-image-ratio-inherit'><img decoding=\"async\" width=\"150\" height=\"150\" src=\"https:\/\/www.familinparis.fr\/wp-content\/uploads\/2024\/01\/nom-d-un-petit-bonhomme-abricadabra-theatre-150x150.jpg\" class=\"attachment-thumbnail size-thumbnail\" alt=\"\" srcset=\"https:\/\/www.familinparis.fr\/wp-content\/uploads\/2024\/01\/nom-d-un-petit-bonhomme-abricadabra-theatre-150x150.jpg 150w, https:\/\/www.familinparis.fr\/wp-content\/uploads\/2024\/01\/nom-d-un-petit-bonhomme-abricadabra-theatre-300x300.jpg 300w, https:\/\/www.familinparis.fr\/wp-content\/uploads\/2024\/01\/nom-d-un-petit-bonhomme-abricadabra-theatre-370x370.jpg 370w\" sizes=\"(max-width: 150px) 100vw, 150px\" \/>\t\t\t\t\t<\/a>\n\t\t\t\t\t\t\t<\/div>\n\t\t\t\t\t\t<h4 class=\"uagb-post__title uagb-post__text\">\n\t\t\t\t<a href=\"https:\/\/www.familinparis.fr\/en\/name-of-a-little-guy\/\" target=\"_self\" rel=\"bookmark noopener noreferrer\">Name of a little guy<\/a>\n\t\t\t<\/h4>\n\t\t\t\t\t\t<div class='uagb-post__text uagb-post-grid-byline'>\n\t\t\t\t\t\t\t<\/div>\n\t\t\t\t\t\t\t<div class='uagb-post__text uagb-post__excerpt'>\n\t\t\t\t\tUntil April 7, 2024\t\t\t\t<\/div>\n\t\t\t\n\t\t\t\t\t\t\t\t\t<\/article>\n\t\t\t\t\t\t\t\t\t\t\t\t\t\t\t\t<article class=\"uagb-post__inner-wrap\">\t\t\t\t\t\t\t\t<div class='uagb-post__image'>\n\t\t\t\t\t\t\t\t\t<a href=\"https:\/\/www.familinparis.fr\/en\/my-little-operas\/\" target=\"_self\" rel=\"bookmark noopener noreferrer\" class='uagb-image-ratio-inherit'><img decoding=\"async\" width=\"150\" height=\"150\" src=\"https:\/\/www.familinparis.fr\/wp-content\/uploads\/Spectacles\/concerts\/mes-petits-operas-150x150.jpg\" class=\"attachment-thumbnail size-thumbnail\" alt=\"\" srcset=\"https:\/\/www.familinparis.fr\/wp-content\/uploads\/Spectacles\/concerts\/mes-petits-operas-150x150.jpg 150w, https:\/\/www.familinparis.fr\/wp-content\/uploads\/Spectacles\/concerts\/mes-petits-operas-300x300.jpg 300w, https:\/\/www.familinparis.fr\/wp-content\/uploads\/Spectacles\/concerts\/mes-petits-operas-370x370.jpg 370w\" sizes=\"(max-width: 150px) 100vw, 150px\" \/>\t\t\t\t\t<\/a>\n\t\t\t\t\t\t\t<\/div>\n\t\t\t\t\t\t<h4 class=\"uagb-post__title uagb-post__text\">\n\t\t\t\t<a href=\"https:\/\/www.familinparis.fr\/en\/my-little-operas\/\" target=\"_self\" rel=\"bookmark noopener noreferrer\">My Little Operas<\/a>\n\t\t\t<\/h4>\n\t\t\t\t\t\t<div class='uagb-post__text uagb-post-grid-byline'>\n\t\t\t\t\t\t\t<\/div>\n\t\t\t\t\t\t\t<div class='uagb-post__text uagb-post__excerpt'>\n\t\t\t\t\tUntil June 30, 2024\t\t\t\t<\/div>\n\t\t\t\n\t\t\t\t\t\t\t\t\t<\/article>\n\t\t\t\t\t\t\t\t\t\t\t\t\t\t\t\t<article class=\"uagb-post__inner-wrap\">\t\t\t\t\t\t\t\t<div class='uagb-post__image'>\n\t\t\t\t\t\t\t\t\t<a href=\"https:\/\/www.familinparis.fr\/en\/my-little-classics\/\" target=\"_self\" rel=\"bookmark noopener noreferrer\" class='uagb-image-ratio-inherit'><img decoding=\"async\" width=\"150\" height=\"150\" src=\"https:\/\/www.familinparis.fr\/wp-content\/uploads\/Spectacles\/MUSICAL\/Petits\/Mes-petits-classiques-spectacle-musical-150x150.jpg\" class=\"attachment-thumbnail size-thumbnail\" alt=\"\" srcset=\"https:\/\/www.familinparis.fr\/wp-content\/uploads\/Spectacles\/MUSICAL\/Petits\/Mes-petits-classiques-spectacle-musical-150x150.jpg 150w, https:\/\/www.familinparis.fr\/wp-content\/uploads\/Spectacles\/MUSICAL\/Petits\/Mes-petits-classiques-spectacle-musical-300x300.jpg 300w, https:\/\/www.familinparis.fr\/wp-content\/uploads\/Spectacles\/MUSICAL\/Petits\/Mes-petits-classiques-spectacle-musical-370x370.jpg 370w, https:\/\/www.familinparis.fr\/wp-content\/uploads\/Spectacles\/MUSICAL\/Petits\/Mes-petits-classiques-spectacle-musical-50x50.jpg 50w\" sizes=\"(max-width: 150px) 100vw, 150px\" \/>\t\t\t\t\t<\/a>\n\t\t\t\t\t\t\t<\/div>\n\t\t\t\t\t\t<h4 class=\"uagb-post__title uagb-post__text\">\n\t\t\t\t<a href=\"https:\/\/www.familinparis.fr\/en\/my-little-classics\/\" target=\"_self\" rel=\"bookmark noopener noreferrer\">My little classics<\/a>\n\t\t\t<\/h4>\n\t\t\t\t\t\t<div class='uagb-post__text uagb-post-grid-byline'>\n\t\t\t\t\t\t\t<\/div>\n\t\t\t\t\t\t\t<div class='uagb-post__text uagb-post__excerpt'>\n\t\t\t\t\tUntil July 13, 2025\t\t\t\t<\/div>\n\t\t\t\n\t\t\t\t\t\t\t\t\t<\/article>\n\t\t\t\t\t\t\t\t\t\t\t\t\t\t\t\t<article class=\"uagb-post__inner-wrap\">\t\t\t\t\t\t\t\t<div class='uagb-post__image'>\n\t\t\t\t\t\t\t\t\t<a href=\"https:\/\/www.familinparis.fr\/en\/puss-in-boots-the-musical\/\" target=\"_self\" rel=\"bookmark noopener noreferrer\" class='uagb-image-ratio-inherit'><img decoding=\"async\" width=\"150\" height=\"150\" src=\"https:\/\/www.familinparis.fr\/wp-content\/uploads\/2024\/11\/spectacle-theatre-le_chat_botte-150x150.jpg\" class=\"attachment-thumbnail size-thumbnail\" alt=\"\" srcset=\"https:\/\/www.familinparis.fr\/wp-content\/uploads\/2024\/11\/spectacle-theatre-le_chat_botte-150x150.jpg 150w, https:\/\/www.familinparis.fr\/wp-content\/uploads\/2024\/11\/spectacle-theatre-le_chat_botte-300x300.jpg 300w, https:\/\/www.familinparis.fr\/wp-content\/uploads\/2024\/11\/spectacle-theatre-le_chat_botte-370x370.jpg 370w\" sizes=\"(max-width: 150px) 100vw, 150px\" \/>\t\t\t\t\t<\/a>\n\t\t\t\t\t\t\t<\/div>\n\t\t\t\t\t\t<h4 class=\"uagb-post__title uagb-post__text\">\n\t\t\t\t<a href=\"https:\/\/www.familinparis.fr\/en\/puss-in-boots-the-musical\/\" target=\"_self\" rel=\"bookmark noopener noreferrer\">Puss in Boots, the musical<\/a>\n\t\t\t<\/h4>\n\t\t\t\t\t\t<div class='uagb-post__text uagb-post-grid-byline'>\n\t\t\t\t\t\t\t<\/div>\n\t\t\t\t\t\t\t<div class='uagb-post__text uagb-post__excerpt'>\n\t\t\t\t\t<p>Puss in Boots, the musical WE LIKE: a musical, funny and touching show AGE: from&#8230;\t\t\t\t<\/div>\n\t\t\t\n\t\t\t\t\t\t\t\t\t<\/article>\n\t\t\t\t\t\t\t\t\t\t\t\t\t\t\t\t<article class=\"uagb-post__inner-wrap\">\t\t\t\t\t\t\t\t<div class='uagb-post__image'>\n\t\t\t\t\t\t\t\t\t<a href=\"https:\/\/www.familinparis.fr\/en\/knights-princesses-and-dragon\/\" target=\"_self\" rel=\"bookmark noopener noreferrer\" class='uagb-image-ratio-inherit'><img decoding=\"async\" width=\"150\" height=\"150\" src=\"https:\/\/www.familinparis.fr\/wp-content\/uploads\/Spectacles\/MUSICAL\/Petits\/chevaliers-theatre-jeune-public-150x150.jpg\" class=\"attachment-thumbnail size-thumbnail\" alt=\"\" srcset=\"https:\/\/www.familinparis.fr\/wp-content\/uploads\/Spectacles\/MUSICAL\/Petits\/chevaliers-theatre-jeune-public-150x150.jpg 150w, https:\/\/www.familinparis.fr\/wp-content\/uploads\/Spectacles\/MUSICAL\/Petits\/chevaliers-theatre-jeune-public-300x300.jpg 300w, https:\/\/www.familinparis.fr\/wp-content\/uploads\/Spectacles\/MUSICAL\/Petits\/chevaliers-theatre-jeune-public-370x370.jpg 370w, https:\/\/www.familinparis.fr\/wp-content\/uploads\/Spectacles\/MUSICAL\/Petits\/chevaliers-theatre-jeune-public-50x50.jpg 50w\" sizes=\"(max-width: 150px) 100vw, 150px\" \/>\t\t\t\t\t<\/a>\n\t\t\t\t\t\t\t<\/div>\n\t\t\t\t\t\t<h4 class=\"uagb-post__title uagb-post__text\">\n\t\t\t\t<a href=\"https:\/\/www.familinparis.fr\/en\/knights-princesses-and-dragon\/\" target=\"_self\" rel=\"bookmark noopener noreferrer\">Knights, princesses and dragon<\/a>\n\t\t\t<\/h4>\n\t\t\t\t\t\t<div class='uagb-post__text uagb-post-grid-byline'>\n\t\t\t\t\t\t\t<\/div>\n\t\t\t\t\t\t\t<div class='uagb-post__text uagb-post__excerpt'>\n\t\t\t\t\tUntil May 8, 2024\t\t\t\t<\/div>\n\t\t\t\n\t\t\t\t\t\t\t\t\t<\/article>\n\t\t\t\t\t\t\t\t\t\t\t<\/div>\n\t\t\t\n<div style=\"height:30px\" aria-hidden=\"true\" class=\"wp-block-spacer\"><\/div>\n\n<h2 class=\"has-text-align-center p-b-10 p-t-10 has-background wp-block-heading\" style=\"background-color:#fa395f\">What to do in Paris with a toddler?<\/h2>\n\n\t\t\t<div class=\"wp-block-uagb-post-grid uagb-post-grid  uagb-post__image-position-top uagb-post__image-enabled uagb-block-2f4ede87     uagb-post__items uagb-post__columns-5 is-grid uagb-post__columns-tablet-2 uagb-post__columns-mobile-1 uagb-post__equal-height\" data-total=\"4\" style=\"\">\n\n\t\t\t\t\t\t\t\t\t\t\t\t<article class=\"uagb-post__inner-wrap\">\t\t\t\t\t\t\t\t<div class='uagb-post__image'>\n\t\t\t\t\t\t\t\t\t<a href=\"https:\/\/www.familinparis.fr\/en\/the-city-of-children-cite-des-sciences-in-paris\/\" target=\"_self\" rel=\"bookmark noopener noreferrer\" class='uagb-image-ratio-inherit'><img decoding=\"async\" width=\"150\" height=\"150\" src=\"https:\/\/www.familinparis.fr\/wp-content\/uploads\/2022\/08\/la-cite-des-enfants-600x300-1-150x150.png\" class=\"attachment-thumbnail size-thumbnail\" alt=\"Affiche de La Cit\u00e9 des enfant 5-10 ans -2025\" srcset=\"https:\/\/www.familinparis.fr\/wp-content\/uploads\/2022\/08\/la-cite-des-enfants-600x300-1-150x150.png 150w, https:\/\/www.familinparis.fr\/wp-content\/uploads\/2022\/08\/la-cite-des-enfants-600x300-1-300x300.png 300w\" sizes=\"(max-width: 150px) 100vw, 150px\" \/>\t\t\t\t\t<\/a>\n\t\t\t\t\t\t\t<\/div>\n\t\t\t\t\t\t<h4 class=\"uagb-post__title uagb-post__text\">\n\t\t\t\t<a href=\"https:\/\/www.familinparis.fr\/en\/the-city-of-children-cite-des-sciences-in-paris\/\" target=\"_self\" rel=\"bookmark noopener noreferrer\">The City of Children: Cit\u00e9 des Sciences in Paris<\/a>\n\t\t\t<\/h4>\n\t\t\t\t\t\t<div class='uagb-post__text uagb-post-grid-byline'>\n\t\t\t\t\t\t\t<\/div>\n\t\t\t\t\t\t\t<div class='uagb-post__text uagb-post__excerpt'>\n\t\t\t\t\tA space for 2\/7 year olds and for 5\/12 year olds \u2014 At the Cit\u00e9&#8230;\t\t\t\t<\/div>\n\t\t\t\n\t\t\t\t\t\t\t\t\t<\/article>\n\t\t\t\t\t\t\t\t\t\t\t\t\t\t\t\t<article class=\"uagb-post__inner-wrap\">\t\t\t\t\t\t\t\t<div class='uagb-post__image'>\n\t\t\t\t\t\t\t\t\t<a href=\"https:\/\/www.familinparis.fr\/en\/idees-pour-les-vacances-de-paques-avec-un-jeune-enfant-autour-de-paris\/\" target=\"_self\" rel=\"bookmark noopener noreferrer\" class='uagb-image-ratio-inherit'><img decoding=\"async\" width=\"150\" height=\"150\" src=\"https:\/\/www.familinparis.fr\/wp-content\/uploads\/Animaux\/Malowe-Nature\/chevres-150x150.jpg\" class=\"attachment-thumbnail size-thumbnail\" alt=\"\" srcset=\"https:\/\/www.familinparis.fr\/wp-content\/uploads\/Animaux\/Malowe-Nature\/chevres-150x150.jpg 150w, https:\/\/www.familinparis.fr\/wp-content\/uploads\/Animaux\/Malowe-Nature\/chevres-300x300.jpg 300w, https:\/\/www.familinparis.fr\/wp-content\/uploads\/Animaux\/Malowe-Nature\/chevres-370x370.jpg 370w\" sizes=\"(max-width: 150px) 100vw, 150px\" \/>\t\t\t\t\t<\/a>\n\t\t\t\t\t\t\t<\/div>\n\t\t\t\t\t\t<h4 class=\"uagb-post__title uagb-post__text\">\n\t\t\t\t<a href=\"https:\/\/www.familinparis.fr\/en\/idees-pour-les-vacances-de-paques-avec-un-jeune-enfant-autour-de-paris\/\" target=\"_self\" rel=\"bookmark noopener noreferrer\">What to do during the Spring holidays around Paris, with 0-6 year olds?<\/a>\n\t\t\t<\/h4>\n\t\t\t\t\t\t<div class='uagb-post__text uagb-post-grid-byline'>\n\t\t\t\t\t\t\t<\/div>\n\t\t\t\t\t\t\t<div class='uagb-post__text uagb-post__excerpt'>\n\t\t\t\t\t<p>Must-sees with a young child during the holidays Easter in Paris, Ideas for 0-6 year&#8230;\t\t\t\t<\/div>\n\t\t\t\n\t\t\t\t\t\t\t\t\t<\/article>\n\t\t\t\t\t\t\t\t\t\t\t\t\t\t\t\t<article class=\"uagb-post__inner-wrap\">\t\t\t\t\t\t\t\t<div class='uagb-post__image'>\n\t\t\t\t\t\t\t\t\t<a href=\"https:\/\/www.familinparis.fr\/en\/idees-pour-les-vacances-de-paques-avec-un-jeune-enfant-a-paris\/\" target=\"_self\" rel=\"bookmark noopener noreferrer\" class='uagb-image-ratio-inherit'><img decoding=\"async\" width=\"150\" height=\"150\" src=\"https:\/\/www.familinparis.fr\/wp-content\/uploads\/2024\/02\/chasse-aux-oeufs-de-paques-autour-de-paris-pixabay-150x150.jpg\" class=\"attachment-thumbnail size-thumbnail\" alt=\"\" srcset=\"https:\/\/www.familinparis.fr\/wp-content\/uploads\/2024\/02\/chasse-aux-oeufs-de-paques-autour-de-paris-pixabay-150x150.jpg 150w, https:\/\/www.familinparis.fr\/wp-content\/uploads\/2024\/02\/chasse-aux-oeufs-de-paques-autour-de-paris-pixabay-300x300.jpg 300w, https:\/\/www.familinparis.fr\/wp-content\/uploads\/2024\/02\/chasse-aux-oeufs-de-paques-autour-de-paris-pixabay-370x370.jpg 370w\" sizes=\"(max-width: 150px) 100vw, 150px\" \/>\t\t\t\t\t<\/a>\n\t\t\t\t\t\t\t<\/div>\n\t\t\t\t\t\t<h4 class=\"uagb-post__title uagb-post__text\">\n\t\t\t\t<a href=\"https:\/\/www.familinparis.fr\/en\/idees-pour-les-vacances-de-paques-avec-un-jeune-enfant-a-paris\/\" target=\"_self\" rel=\"bookmark noopener noreferrer\">Easter holidays with 0-6 year olds in Paris<\/a>\n\t\t\t<\/h4>\n\t\t\t\t\t\t<div class='uagb-post__text uagb-post-grid-byline'>\n\t\t\t\t\t\t\t<\/div>\n\t\t\t\t\t\t\t<div class='uagb-post__text uagb-post__excerpt'>\n\t\t\t\t\t<p>Must-sees with a young child during the holidays Outside Paris, Ideas for 0-6 year olds&#8230;\t\t\t\t<\/div>\n\t\t\t\n\t\t\t\t\t\t\t\t\t<\/article>\n\t\t\t\t\t\t\t\t\t\t\t\t\t\t\t\t<article class=\"uagb-post__inner-wrap\">\t\t\t\t\t\t\t\t<div class='uagb-post__image'>\n\t\t\t\t\t\t\t\t\t<a href=\"https:\/\/www.familinparis.fr\/en\/the-bois-dattilly-zoo\/\" target=\"_self\" rel=\"bookmark noopener noreferrer\" class='uagb-image-ratio-inherit'><img decoding=\"async\" width=\"150\" height=\"150\" src=\"https:\/\/www.familinparis.fr\/wp-content\/uploads\/photos-partenaires\/animaux\/zoo-du-jardin-des-plantes-tarif-75005-150x150.jpg\" class=\"attachment-thumbnail size-thumbnail\" alt=\"\" srcset=\"https:\/\/www.familinparis.fr\/wp-content\/uploads\/photos-partenaires\/animaux\/zoo-du-jardin-des-plantes-tarif-75005-150x150.jpg 150w, https:\/\/www.familinparis.fr\/wp-content\/uploads\/photos-partenaires\/animaux\/zoo-du-jardin-des-plantes-tarif-75005-300x300.jpg 300w, https:\/\/www.familinparis.fr\/wp-content\/uploads\/photos-partenaires\/animaux\/zoo-du-jardin-des-plantes-tarif-75005-370x370.jpg 370w, https:\/\/www.familinparis.fr\/wp-content\/uploads\/photos-partenaires\/animaux\/zoo-du-jardin-des-plantes-tarif-75005-50x50.jpg 50w\" sizes=\"(max-width: 150px) 100vw, 150px\" \/>\t\t\t\t\t<\/a>\n\t\t\t\t\t\t\t<\/div>\n\t\t\t\t\t\t<h4 class=\"uagb-post__title uagb-post__text\">\n\t\t\t\t<a href=\"https:\/\/www.familinparis.fr\/en\/the-bois-dattilly-zoo\/\" target=\"_self\" rel=\"bookmark noopener noreferrer\">The Bois d&#8217;Attilly Zoo<\/a>\n\t\t\t<\/h4>\n\t\t\t\t\t\t<div class='uagb-post__text uagb-post-grid-byline'>\n\t\t\t\t\t\t\t<\/div>\n\t\t\t\t\t\t\t<div class='uagb-post__text uagb-post__excerpt'>\n\t\t\t\t\t<p>Buy my tickets The Bois d&#8217;Attilly Zoo (77) Where : in F\u00e9rolles-Attilly (77, Seine-et-Marne) When&#8230;\t\t\t\t<\/div>\n\t\t\t\n\t\t\t\t\t\t\t\t\t<\/article>\n\t\t\t\t\t\t\t\t\t\t\t\t\t\t\t\t<article class=\"uagb-post__inner-wrap\">\t\t\t\t\t\t\t\t<div class='uagb-post__image'>\n\t\t\t\t\t\t\t\t\t<a href=\"https:\/\/www.familinparis.fr\/en\/ideas-for-this-wednesday-in-paris\/\" target=\"_self\" rel=\"bookmark noopener noreferrer\" class='uagb-image-ratio-inherit'><img decoding=\"async\" width=\"150\" height=\"150\" src=\"https:\/\/www.familinparis.fr\/wp-content\/uploads\/photos-libres-de-droits\/carousel-mange-enfant-paris-PLD-150x150.jpg\" class=\"attachment-thumbnail size-thumbnail\" alt=\"\" srcset=\"https:\/\/www.familinparis.fr\/wp-content\/uploads\/photos-libres-de-droits\/carousel-mange-enfant-paris-PLD-150x150.jpg 150w, https:\/\/www.familinparis.fr\/wp-content\/uploads\/photos-libres-de-droits\/carousel-mange-enfant-paris-PLD-300x300.jpg 300w, https:\/\/www.familinparis.fr\/wp-content\/uploads\/photos-libres-de-droits\/carousel-mange-enfant-paris-PLD-370x370.jpg 370w, https:\/\/www.familinparis.fr\/wp-content\/uploads\/photos-libres-de-droits\/carousel-mange-enfant-paris-PLD-50x50.jpg 50w\" sizes=\"(max-width: 150px) 100vw, 150px\" \/>\t\t\t\t\t<\/a>\n\t\t\t\t\t\t\t<\/div>\n\t\t\t\t\t\t<h4 class=\"uagb-post__title uagb-post__text\">\n\t\t\t\t<a href=\"https:\/\/www.familinparis.fr\/en\/ideas-for-this-wednesday-in-paris\/\" target=\"_self\" rel=\"bookmark noopener noreferrer\">Ideas for this Wednesday in Paris<\/a>\n\t\t\t<\/h4>\n\t\t\t\t\t\t<div class='uagb-post__text uagb-post-grid-byline'>\n\t\t\t\t\t\t\t<\/div>\n\t\t\t\t\t\t\t<div class='uagb-post__text uagb-post__excerpt'>\n\t\t\t\t\tIdeas for Wednesdays with Kids\t\t\t\t<\/div>\n\t\t\t\n\t\t\t\t\t\t\t\t\t<\/article>\n\t\t\t\t\t\t\t\t\t\t\t\t\t\t\t\t<article class=\"uagb-post__inner-wrap\">\t\t\t\t\t\t\t\t<div class='uagb-post__image'>\n\t\t\t\t\t\t\t\t\t<a href=\"https:\/\/www.familinparis.fr\/en\/educational-farm-in-paris-noahs-world-for-children\/\" target=\"_self\" rel=\"bookmark noopener noreferrer\" class='uagb-image-ratio-inherit'><img decoding=\"async\" width=\"150\" height=\"150\" src=\"https:\/\/www.familinparis.fr\/wp-content\/uploads\/Animaux\/Monde-de-Noe\/Monde-de-noe--150x150.jpg\" class=\"attachment-thumbnail size-thumbnail\" alt=\"Le monde de No\u00e9\" \/>\t\t\t\t\t<\/a>\n\t\t\t\t\t\t\t<\/div>\n\t\t\t\t\t\t<h4 class=\"uagb-post__title uagb-post__text\">\n\t\t\t\t<a href=\"https:\/\/www.familinparis.fr\/en\/educational-farm-in-paris-noahs-world-for-children\/\" target=\"_self\" rel=\"bookmark noopener noreferrer\">Finding Noah, the immersive experience on the animal world<\/a>\n\t\t\t<\/h4>\n\t\t\t\t\t\t<div class='uagb-post__text uagb-post-grid-byline'>\n\t\t\t\t\t\t\t<\/div>\n\t\t\t\t\t\t\t<div class='uagb-post__text uagb-post__excerpt'>\n\t\t\t\t\tWednesday to Sunday from 9:30 am to 8 pm  \t\t\t\t<\/div>\n\t\t\t\n\t\t\t\t\t\t\t\t\t<\/article>\n\t\t\t\t\t\t\t\t\t\t\t\t\t\t\t\t<article class=\"uagb-post__inner-wrap\">\t\t\t\t\t\t\t\t<div class='uagb-post__image'>\n\t\t\t\t\t\t\t\t\t<a href=\"https:\/\/www.familinparis.fr\/en\/idees-d-activite-pour-les-vacances-de-fevrier-avec-un-enfant\/\" target=\"_self\" rel=\"bookmark noopener noreferrer\" class='uagb-image-ratio-inherit'><img decoding=\"async\" width=\"150\" height=\"150\" src=\"https:\/\/www.familinparis.fr\/wp-content\/uploads\/Seine\/bateau-mouche\/bateau-mouche-enfant-150x150.jpg\" class=\"attachment-thumbnail size-thumbnail\" alt=\"\" srcset=\"https:\/\/www.familinparis.fr\/wp-content\/uploads\/Seine\/bateau-mouche\/bateau-mouche-enfant-150x150.jpg 150w, https:\/\/www.familinparis.fr\/wp-content\/uploads\/Seine\/bateau-mouche\/bateau-mouche-enfant-300x300.jpg 300w, https:\/\/www.familinparis.fr\/wp-content\/uploads\/Seine\/bateau-mouche\/bateau-mouche-enfant-370x370.jpg 370w\" sizes=\"(max-width: 150px) 100vw, 150px\" \/>\t\t\t\t\t<\/a>\n\t\t\t\t\t\t\t<\/div>\n\t\t\t\t\t\t<h4 class=\"uagb-post__title uagb-post__text\">\n\t\t\t\t<a href=\"https:\/\/www.familinparis.fr\/en\/idees-d-activite-pour-les-vacances-de-fevrier-avec-un-enfant\/\" target=\"_self\" rel=\"bookmark noopener noreferrer\">Les vacances de f\u00e9vrier avec les 0-6 ans \u00e0 Paris<\/a>\n\t\t\t<\/h4>\n\t\t\t\t\t\t<div class='uagb-post__text uagb-post-grid-byline'>\n\t\t\t\t\t\t\t<\/div>\n\t\t\t\t\t\t\t<div class='uagb-post__text uagb-post__excerpt'>\n\t\t\t\t\t<p>Must-sees with a young child during the holidays It should appeal to 0-6 year olds!&#8230;\t\t\t\t<\/div>\n\t\t\t\n\t\t\t\t\t\t\t\t\t<\/article>\n\t\t\t\t\t\t\t\t\t\t\t\t\t\t\t\t<article class=\"uagb-post__inner-wrap\">\t\t\t\t\t\t\t\t<div class='uagb-post__image'>\n\t\t\t\t\t\t\t\t\t<a href=\"https:\/\/www.familinparis.fr\/en\/gulli-parc-meaux-seine-et-marne-77\/\" target=\"_self\" rel=\"bookmark noopener noreferrer\" class='uagb-image-ratio-inherit'><img decoding=\"async\" width=\"150\" height=\"150\" src=\"https:\/\/www.familinparis.fr\/wp-content\/uploads\/2025\/12\/SPJ_8388-150x150.jpg\" class=\"attachment-thumbnail size-thumbnail\" alt=\"Gulli parc - parc d&#039;attraction\" srcset=\"https:\/\/www.familinparis.fr\/wp-content\/uploads\/2025\/12\/SPJ_8388-150x150.jpg 150w, https:\/\/www.familinparis.fr\/wp-content\/uploads\/2025\/12\/SPJ_8388-300x300.jpg 300w, https:\/\/www.familinparis.fr\/wp-content\/uploads\/2025\/12\/SPJ_8388-370x370.jpg 370w\" sizes=\"(max-width: 150px) 100vw, 150px\" \/>\t\t\t\t\t<\/a>\n\t\t\t\t\t\t\t<\/div>\n\t\t\t\t\t\t<h4 class=\"uagb-post__title uagb-post__text\">\n\t\t\t\t<a href=\"https:\/\/www.familinparis.fr\/en\/gulli-parc-meaux-seine-et-marne-77\/\" target=\"_self\" rel=\"bookmark noopener noreferrer\">Gulli Parc de Meaux (77)<\/a>\n\t\t\t<\/h4>\n\t\t\t\t\t\t<div class='uagb-post__text uagb-post-grid-byline'>\n\t\t\t\t\t\t\t<\/div>\n\t\t\t\t\t\t\t<div class='uagb-post__text uagb-post__excerpt'>\n\t\t\t\t\tGulli Park. Indoor leisure park in Meaux. From 1 to 12 years old. Parent-child area&#8230;\t\t\t\t<\/div>\n\t\t\t\n\t\t\t\t\t\t\t\t\t<\/article>\n\t\t\t\t\t\t\t\t\t\t\t\t\t\t\t\t<article class=\"uagb-post__inner-wrap\">\t\t\t\t\t\t\t\t<div class='uagb-post__image'>\n\t\t\t\t\t\t\t\t\t<a href=\"https:\/\/www.familinparis.fr\/en\/the-paris-zoological-park\/\" target=\"_self\" rel=\"bookmark noopener noreferrer\" class='uagb-image-ratio-inherit'><img decoding=\"async\" width=\"150\" height=\"150\" src=\"https:\/\/www.familinparis.fr\/wp-content\/uploads\/2024\/03\/visite-du-parc-zoologique-de-paris-150x150.jpg\" class=\"attachment-thumbnail size-thumbnail\" alt=\"\" srcset=\"https:\/\/www.familinparis.fr\/wp-content\/uploads\/2024\/03\/visite-du-parc-zoologique-de-paris-150x150.jpg 150w, https:\/\/www.familinparis.fr\/wp-content\/uploads\/2024\/03\/visite-du-parc-zoologique-de-paris-300x300.jpg 300w, https:\/\/www.familinparis.fr\/wp-content\/uploads\/2024\/03\/visite-du-parc-zoologique-de-paris-370x370.jpg 370w\" sizes=\"(max-width: 150px) 100vw, 150px\" \/>\t\t\t\t\t<\/a>\n\t\t\t\t\t\t\t<\/div>\n\t\t\t\t\t\t<h4 class=\"uagb-post__title uagb-post__text\">\n\t\t\t\t<a href=\"https:\/\/www.familinparis.fr\/en\/the-paris-zoological-park\/\" target=\"_self\" rel=\"bookmark noopener noreferrer\">The Paris Zoological Park<\/a>\n\t\t\t<\/h4>\n\t\t\t\t\t\t<div class='uagb-post__text uagb-post-grid-byline'>\n\t\t\t\t\t\t\t<\/div>\n\t\t\t\t\t\t\t<div class='uagb-post__text uagb-post__excerpt'>\n\t\t\t\t\t<p>5% de r\u00e9duction avec le code FAMILISUMMER5 (offre exclusive) \ud83d\ude0e RESERVE (free for children under&#8230;\t\t\t\t<\/div>\n\t\t\t\n\t\t\t\t\t\t\t\t\t<\/article>\n\t\t\t\t\t\t\t\t\t\t\t\t\t\t\t\t<article class=\"uagb-post__inner-wrap\">\t\t\t\t\t\t\t\t<div class='uagb-post__image'>\n\t\t\t\t\t\t\t\t\t<a href=\"https:\/\/www.familinparis.fr\/en\/the-menagerie-of-the-jardin-des-plantes\/\" target=\"_self\" rel=\"bookmark noopener noreferrer\" class='uagb-image-ratio-inherit'><img decoding=\"async\" width=\"150\" height=\"150\" src=\"https:\/\/www.familinparis.fr\/wp-content\/uploads\/Animaux\/la-menagerie\/la-menagerie-du-jardin-des-plantes-150x150.jpg\" class=\"attachment-thumbnail size-thumbnail\" alt=\"\" srcset=\"https:\/\/www.familinparis.fr\/wp-content\/uploads\/Animaux\/la-menagerie\/la-menagerie-du-jardin-des-plantes-150x150.jpg 150w, https:\/\/www.familinparis.fr\/wp-content\/uploads\/Animaux\/la-menagerie\/la-menagerie-du-jardin-des-plantes-300x300.jpg 300w, https:\/\/www.familinparis.fr\/wp-content\/uploads\/Animaux\/la-menagerie\/la-menagerie-du-jardin-des-plantes-370x370.jpg 370w, https:\/\/www.familinparis.fr\/wp-content\/uploads\/Animaux\/la-menagerie\/la-menagerie-du-jardin-des-plantes-50x50.jpg 50w\" sizes=\"(max-width: 150px) 100vw, 150px\" \/>\t\t\t\t\t<\/a>\n\t\t\t\t\t\t\t<\/div>\n\t\t\t\t\t\t<h4 class=\"uagb-post__title uagb-post__text\">\n\t\t\t\t<a href=\"https:\/\/www.familinparis.fr\/en\/the-menagerie-of-the-jardin-des-plantes\/\" target=\"_self\" rel=\"bookmark noopener noreferrer\">The Menagerie of the Jardin des Plantes<\/a>\n\t\t\t<\/h4>\n\t\t\t\t\t\t<div class='uagb-post__text uagb-post-grid-byline'>\n\t\t\t\t\t\t\t<\/div>\n\t\t\t\t\t\t\t<div class='uagb-post__text uagb-post__excerpt'>\n\t\t\t\t\tA pretty zoological park in the heart of Paris \u2661\u2661\u2661\t\t\t\t<\/div>\n\t\t\t\n\t\t\t\t\t\t\t\t\t<\/article>\n\t\t\t\t\t\t\t\t\t\t\t<\/div>\n\t\t\t\n<div style=\"height:100px\" aria-hidden=\"true\" class=\"wp-block-spacer\"><\/div>\n\n<div class=\"wp-block-buttons is-horizontal is-content-justification-center is-layout-flex wp-container-core-buttons-is-layout-499968f5 wp-block-buttons-is-layout-flex\">\n<div class=\"wp-block-button\"><a class=\"wp-block-button__link has-white-color has-text-color has-background wp-element-button\" href=\"https:\/\/www.familinparis.fr\/en\/shows-for-children-and-teenagers-in-paris\/\" style=\"border-radius:1px;background-color:#73c6b6\">THE BEST SHOWS OF 2022<\/a><\/div>\n\n\n\n<div class=\"wp-block-button\"><a class=\"wp-block-button__link has-white-color has-text-color has-background wp-element-button\" href=\"https:\/\/www.familinparis.fr\/en\/must-see-family-exhibitions-in-paris\/\" style=\"border-radius:1px;background-color:#73c6b6\">THE BEST EXHIBITIONS 2022<\/a><\/div>\n<\/div>\n","protected":false},"excerpt":{"rendered":"<p>Shows for young audiences in Paris What to do in Paris with a toddler?<\/p>\n","protected":false},"author":6,"featured_media":131703,"comment_status":"open","ping_status":"open","sticky":false,"template":"","format":"standard","meta":{"_uag_custom_page_level_css":"","footnotes":""},"categories":[1035,1252],"tags":[1014],"class_list":{"0":"post-135259","1":"post","2":"type-post","3":"status-publish","4":"format-standard","5":"has-post-thumbnail","7":"category-archives","8":"category-archives-en","9":"tag-archive-spectacle"},"yoast_head":"<!-- This site is optimized with the Yoast SEO plugin v27.2 - https:\/\/yoast.com\/product\/yoast-seo-wordpress\/ -->\n<title>SHOW FOR YOUNG AUDIENCES | &quot;Augustin, Pirate of the Indies&quot;, from 3 years old<\/title>\n<meta name=\"description\" content=\"From 30\/10\/2022 to 18\/12\/2022 at the Nouvelle Seine in the 5th. A family show for children from 3 years old\" \/>\n<meta name=\"robots\" content=\"index, follow, max-snippet:-1, max-image-preview:large, max-video-preview:-1\" \/>\n<link rel=\"canonical\" href=\"https:\/\/www.familinparis.fr\/en\/augustin-pirate-of-the-indies\/\" \/>\n<meta property=\"og:locale\" content=\"en_US\" \/>\n<meta property=\"og:type\" content=\"article\" \/>\n<meta property=\"og:title\" content=\"SHOW FOR YOUNG AUDIENCES | &quot;Augustin, Pirate of the Indies&quot;, from 3 years old\" \/>\n<meta property=\"og:description\" content=\"From 30\/10\/2022 to 18\/12\/2022 at the Nouvelle Seine in the 5th. A family show for children from 3 years old\" \/>\n<meta property=\"og:url\" content=\"https:\/\/www.familinparis.fr\/en\/augustin-pirate-of-the-indies\/\" \/>\n<meta property=\"og:site_name\" content=\"Familin&#039;Paris\" \/>\n<meta property=\"article:published_time\" content=\"2024-10-28T13:04:00+00:00\" \/>\n<meta property=\"article:modified_time\" content=\"2024-11-16T15:13:35+00:00\" \/>\n<meta property=\"og:image\" content=\"https:\/\/www.familinparis.fr\/wp-content\/uploads\/2022\/10\/spectacle-enfant-augustin-pirate-des-indes.jpg\" \/>\n\t<meta property=\"og:image:width\" content=\"960\" \/>\n\t<meta property=\"og:image:height\" content=\"1204\" \/>\n\t<meta property=\"og:image:type\" content=\"image\/jpeg\" \/>\n<meta name=\"author\" content=\"Agn\u00e8s\" \/>\n<meta name=\"twitter:card\" content=\"summary_large_image\" \/>\n<meta name=\"twitter:label1\" content=\"Written by\" \/>\n\t<meta name=\"twitter:data1\" content=\"Agn\u00e8s\" \/>\n\t<meta name=\"twitter:label2\" content=\"Est. reading time\" \/>\n\t<meta name=\"twitter:data2\" content=\"1 minute\" \/>\n<script type=\"application\/ld+json\" class=\"yoast-schema-graph\">{\"@context\":\"https:\/\/schema.org\",\"@graph\":[{\"@type\":\"Article\",\"@id\":\"https:\/\/www.familinparis.fr\/en\/augustin-pirate-of-the-indies\/#article\",\"isPartOf\":{\"@id\":\"https:\/\/www.familinparis.fr\/en\/augustin-pirate-of-the-indies\/\"},\"author\":{\"name\":\"Agn\u00e8s\",\"@id\":\"https:\/\/www.familinparis.fr\/en\/#\/schema\/person\/20deb9130cb58f76b535d316fe0aa31f\"},\"headline\":\"Augustin, Pirate of the Indies\",\"datePublished\":\"2024-10-28T13:04:00+00:00\",\"dateModified\":\"2024-11-16T15:13:35+00:00\",\"mainEntityOfPage\":{\"@id\":\"https:\/\/www.familinparis.fr\/en\/augustin-pirate-of-the-indies\/\"},\"wordCount\":201,\"commentCount\":0,\"image\":{\"@id\":\"https:\/\/www.familinparis.fr\/en\/augustin-pirate-of-the-indies\/#primaryimage\"},\"thumbnailUrl\":\"https:\/\/www.familinparis.fr\/wp-content\/uploads\/2022\/10\/spectacle-enfant-augustin-pirate-des-indes.jpg\",\"keywords\":[\"Archive spectacles\"],\"articleSection\":[\"Archives\",\"Archives\"],\"inLanguage\":\"en-US\",\"potentialAction\":[{\"@type\":\"CommentAction\",\"name\":\"Comment\",\"target\":[\"https:\/\/www.familinparis.fr\/en\/augustin-pirate-of-the-indies\/#respond\"]}]},{\"@type\":\"WebPage\",\"@id\":\"https:\/\/www.familinparis.fr\/en\/augustin-pirate-of-the-indies\/\",\"url\":\"https:\/\/www.familinparis.fr\/en\/augustin-pirate-of-the-indies\/\",\"name\":\"SHOW FOR YOUNG AUDIENCES | \\\"Augustin, Pirate of the Indies\\\", from 3 years old\",\"isPartOf\":{\"@id\":\"https:\/\/www.familinparis.fr\/en\/#website\"},\"primaryImageOfPage\":{\"@id\":\"https:\/\/www.familinparis.fr\/en\/augustin-pirate-of-the-indies\/#primaryimage\"},\"image\":{\"@id\":\"https:\/\/www.familinparis.fr\/en\/augustin-pirate-of-the-indies\/#primaryimage\"},\"thumbnailUrl\":\"https:\/\/www.familinparis.fr\/wp-content\/uploads\/2022\/10\/spectacle-enfant-augustin-pirate-des-indes.jpg\",\"datePublished\":\"2024-10-28T13:04:00+00:00\",\"dateModified\":\"2024-11-16T15:13:35+00:00\",\"author\":{\"@id\":\"https:\/\/www.familinparis.fr\/en\/#\/schema\/person\/20deb9130cb58f76b535d316fe0aa31f\"},\"description\":\"From 30\/10\/2022 to 18\/12\/2022 at the Nouvelle Seine in the 5th. A family show for children from 3 years old\",\"breadcrumb\":{\"@id\":\"https:\/\/www.familinparis.fr\/en\/augustin-pirate-of-the-indies\/#breadcrumb\"},\"inLanguage\":\"en-US\",\"potentialAction\":[{\"@type\":\"ReadAction\",\"target\":[\"https:\/\/www.familinparis.fr\/en\/augustin-pirate-of-the-indies\/\"]}]},{\"@type\":\"ImageObject\",\"inLanguage\":\"en-US\",\"@id\":\"https:\/\/www.familinparis.fr\/en\/augustin-pirate-of-the-indies\/#primaryimage\",\"url\":\"https:\/\/www.familinparis.fr\/wp-content\/uploads\/2022\/10\/spectacle-enfant-augustin-pirate-des-indes.jpg\",\"contentUrl\":\"https:\/\/www.familinparis.fr\/wp-content\/uploads\/2022\/10\/spectacle-enfant-augustin-pirate-des-indes.jpg\",\"width\":960,\"height\":1204},{\"@type\":\"BreadcrumbList\",\"@id\":\"https:\/\/www.familinparis.fr\/en\/augustin-pirate-of-the-indies\/#breadcrumb\",\"itemListElement\":[{\"@type\":\"ListItem\",\"position\":1,\"name\":\"Home\",\"item\":\"https:\/\/www.familinparis.fr\/en\/\"},{\"@type\":\"ListItem\",\"position\":2,\"name\":\"Shows\",\"item\":\"https:\/\/www.familinparis.fr\/en\/categorie\/shows\/\"},{\"@type\":\"ListItem\",\"position\":3,\"name\":\"Augustin, Pirate of the Indies\"}]},{\"@type\":\"WebSite\",\"@id\":\"https:\/\/www.familinparis.fr\/en\/#website\",\"url\":\"https:\/\/www.familinparis.fr\/en\/\",\"name\":\"Familin&#039;Paris\",\"description\":\"Visiter le meilleur de Paris avec des enfants : sorties, spectacles, adresses de restaurants, shopping, bons plans...\",\"potentialAction\":[{\"@type\":\"SearchAction\",\"target\":{\"@type\":\"EntryPoint\",\"urlTemplate\":\"https:\/\/www.familinparis.fr\/en\/?s={search_term_string}\"},\"query-input\":{\"@type\":\"PropertyValueSpecification\",\"valueRequired\":true,\"valueName\":\"search_term_string\"}}],\"inLanguage\":\"en-US\"},{\"@type\":\"Person\",\"@id\":\"https:\/\/www.familinparis.fr\/en\/#\/schema\/person\/20deb9130cb58f76b535d316fe0aa31f\",\"name\":\"Agn\u00e8s\",\"image\":{\"@type\":\"ImageObject\",\"inLanguage\":\"en-US\",\"@id\":\"https:\/\/secure.gravatar.com\/avatar\/0ff338e2776ca662585d438b3bc140cbe7b54659207d3329065be97ffb37fa5a?s=96&d=identicon&r=g\",\"url\":\"https:\/\/secure.gravatar.com\/avatar\/0ff338e2776ca662585d438b3bc140cbe7b54659207d3329065be97ffb37fa5a?s=96&d=identicon&r=g\",\"contentUrl\":\"https:\/\/secure.gravatar.com\/avatar\/0ff338e2776ca662585d438b3bc140cbe7b54659207d3329065be97ffb37fa5a?s=96&d=identicon&r=g\",\"caption\":\"Agn\u00e8s\"}}]}<\/script>\n<!-- \/ Yoast SEO plugin. -->","yoast_head_json":{"title":"SHOW FOR YOUNG AUDIENCES | \"Augustin, Pirate of the Indies\", from 3 years old","description":"From 30\/10\/2022 to 18\/12\/2022 at the Nouvelle Seine in the 5th. A family show for children from 3 years old","robots":{"index":"index","follow":"follow","max-snippet":"max-snippet:-1","max-image-preview":"max-image-preview:large","max-video-preview":"max-video-preview:-1"},"canonical":"https:\/\/www.familinparis.fr\/en\/augustin-pirate-of-the-indies\/","og_locale":"en_US","og_type":"article","og_title":"SHOW FOR YOUNG AUDIENCES | \"Augustin, Pirate of the Indies\", from 3 years old","og_description":"From 30\/10\/2022 to 18\/12\/2022 at the Nouvelle Seine in the 5th. A family show for children from 3 years old","og_url":"https:\/\/www.familinparis.fr\/en\/augustin-pirate-of-the-indies\/","og_site_name":"Familin&#039;Paris","article_published_time":"2024-10-28T13:04:00+00:00","article_modified_time":"2024-11-16T15:13:35+00:00","og_image":[{"width":960,"height":1204,"url":"https:\/\/www.familinparis.fr\/wp-content\/uploads\/2022\/10\/spectacle-enfant-augustin-pirate-des-indes.jpg","type":"image\/jpeg"}],"author":"Agn\u00e8s","twitter_card":"summary_large_image","twitter_misc":{"Written by":"Agn\u00e8s","Est. reading time":"1 minute"},"schema":{"@context":"https:\/\/schema.org","@graph":[{"@type":"Article","@id":"https:\/\/www.familinparis.fr\/en\/augustin-pirate-of-the-indies\/#article","isPartOf":{"@id":"https:\/\/www.familinparis.fr\/en\/augustin-pirate-of-the-indies\/"},"author":{"name":"Agn\u00e8s","@id":"https:\/\/www.familinparis.fr\/en\/#\/schema\/person\/20deb9130cb58f76b535d316fe0aa31f"},"headline":"Augustin, Pirate of the Indies","datePublished":"2024-10-28T13:04:00+00:00","dateModified":"2024-11-16T15:13:35+00:00","mainEntityOfPage":{"@id":"https:\/\/www.familinparis.fr\/en\/augustin-pirate-of-the-indies\/"},"wordCount":201,"commentCount":0,"image":{"@id":"https:\/\/www.familinparis.fr\/en\/augustin-pirate-of-the-indies\/#primaryimage"},"thumbnailUrl":"https:\/\/www.familinparis.fr\/wp-content\/uploads\/2022\/10\/spectacle-enfant-augustin-pirate-des-indes.jpg","keywords":["Archive spectacles"],"articleSection":["Archives","Archives"],"inLanguage":"en-US","potentialAction":[{"@type":"CommentAction","name":"Comment","target":["https:\/\/www.familinparis.fr\/en\/augustin-pirate-of-the-indies\/#respond"]}]},{"@type":"WebPage","@id":"https:\/\/www.familinparis.fr\/en\/augustin-pirate-of-the-indies\/","url":"https:\/\/www.familinparis.fr\/en\/augustin-pirate-of-the-indies\/","name":"SHOW FOR YOUNG AUDIENCES | \"Augustin, Pirate of the Indies\", from 3 years old","isPartOf":{"@id":"https:\/\/www.familinparis.fr\/en\/#website"},"primaryImageOfPage":{"@id":"https:\/\/www.familinparis.fr\/en\/augustin-pirate-of-the-indies\/#primaryimage"},"image":{"@id":"https:\/\/www.familinparis.fr\/en\/augustin-pirate-of-the-indies\/#primaryimage"},"thumbnailUrl":"https:\/\/www.familinparis.fr\/wp-content\/uploads\/2022\/10\/spectacle-enfant-augustin-pirate-des-indes.jpg","datePublished":"2024-10-28T13:04:00+00:00","dateModified":"2024-11-16T15:13:35+00:00","author":{"@id":"https:\/\/www.familinparis.fr\/en\/#\/schema\/person\/20deb9130cb58f76b535d316fe0aa31f"},"description":"From 30\/10\/2022 to 18\/12\/2022 at the Nouvelle Seine in the 5th. A family show for children from 3 years old","breadcrumb":{"@id":"https:\/\/www.familinparis.fr\/en\/augustin-pirate-of-the-indies\/#breadcrumb"},"inLanguage":"en-US","potentialAction":[{"@type":"ReadAction","target":["https:\/\/www.familinparis.fr\/en\/augustin-pirate-of-the-indies\/"]}]},{"@type":"ImageObject","inLanguage":"en-US","@id":"https:\/\/www.familinparis.fr\/en\/augustin-pirate-of-the-indies\/#primaryimage","url":"https:\/\/www.familinparis.fr\/wp-content\/uploads\/2022\/10\/spectacle-enfant-augustin-pirate-des-indes.jpg","contentUrl":"https:\/\/www.familinparis.fr\/wp-content\/uploads\/2022\/10\/spectacle-enfant-augustin-pirate-des-indes.jpg","width":960,"height":1204},{"@type":"BreadcrumbList","@id":"https:\/\/www.familinparis.fr\/en\/augustin-pirate-of-the-indies\/#breadcrumb","itemListElement":[{"@type":"ListItem","position":1,"name":"Home","item":"https:\/\/www.familinparis.fr\/en\/"},{"@type":"ListItem","position":2,"name":"Shows","item":"https:\/\/www.familinparis.fr\/en\/categorie\/shows\/"},{"@type":"ListItem","position":3,"name":"Augustin, Pirate of the Indies"}]},{"@type":"WebSite","@id":"https:\/\/www.familinparis.fr\/en\/#website","url":"https:\/\/www.familinparis.fr\/en\/","name":"Familin&#039;Paris","description":"Visiter le meilleur de Paris avec des enfants : sorties, spectacles, adresses de restaurants, shopping, bons plans...","potentialAction":[{"@type":"SearchAction","target":{"@type":"EntryPoint","urlTemplate":"https:\/\/www.familinparis.fr\/en\/?s={search_term_string}"},"query-input":{"@type":"PropertyValueSpecification","valueRequired":true,"valueName":"search_term_string"}}],"inLanguage":"en-US"},{"@type":"Person","@id":"https:\/\/www.familinparis.fr\/en\/#\/schema\/person\/20deb9130cb58f76b535d316fe0aa31f","name":"Agn\u00e8s","image":{"@type":"ImageObject","inLanguage":"en-US","@id":"https:\/\/secure.gravatar.com\/avatar\/0ff338e2776ca662585d438b3bc140cbe7b54659207d3329065be97ffb37fa5a?s=96&d=identicon&r=g","url":"https:\/\/secure.gravatar.com\/avatar\/0ff338e2776ca662585d438b3bc140cbe7b54659207d3329065be97ffb37fa5a?s=96&d=identicon&r=g","contentUrl":"https:\/\/secure.gravatar.com\/avatar\/0ff338e2776ca662585d438b3bc140cbe7b54659207d3329065be97ffb37fa5a?s=96&d=identicon&r=g","caption":"Agn\u00e8s"}}]}},"uagb_featured_image_src":{"full":["https:\/\/www.familinparis.fr\/wp-content\/uploads\/2022\/10\/spectacle-enfant-augustin-pirate-des-indes.jpg",960,1204,false],"thumbnail":["https:\/\/www.familinparis.fr\/wp-content\/uploads\/2022\/10\/spectacle-enfant-augustin-pirate-des-indes-150x150.jpg",150,150,true],"medium":["https:\/\/www.familinparis.fr\/wp-content\/uploads\/2022\/10\/spectacle-enfant-augustin-pirate-des-indes-239x300.jpg",239,300,true],"medium_large":["https:\/\/www.familinparis.fr\/wp-content\/uploads\/2022\/10\/spectacle-enfant-augustin-pirate-des-indes-768x963.jpg",768,963,true],"large":["https:\/\/www.familinparis.fr\/wp-content\/uploads\/2022\/10\/spectacle-enfant-augustin-pirate-des-indes-816x1024.jpg",770,966,true],"1536x1536":["https:\/\/www.familinparis.fr\/wp-content\/uploads\/2022\/10\/spectacle-enfant-augustin-pirate-des-indes.jpg",960,1204,false],"2048x2048":["https:\/\/www.familinparis.fr\/wp-content\/uploads\/2022\/10\/spectacle-enfant-augustin-pirate-des-indes.jpg",960,1204,false],"home-thumb":["https:\/\/www.familinparis.fr\/wp-content\/uploads\/2022\/10\/spectacle-enfant-augustin-pirate-des-indes-582x730.jpg",582,730,true],"home-slider":["https:\/\/www.familinparis.fr\/wp-content\/uploads\/2022\/10\/spectacle-enfant-augustin-pirate-des-indes-800x600.jpg",800,600,true],"lightbox-slider-size":["https:\/\/www.familinparis.fr\/wp-content\/uploads\/2022\/10\/spectacle-enfant-augustin-pirate-des-indes-564x282.jpg",564,282,true],"post-thumbnail":["https:\/\/www.familinparis.fr\/wp-content\/uploads\/2022\/10\/spectacle-enfant-augustin-pirate-des-indes-270x180.jpg",270,180,true],"cheerup-main":["https:\/\/www.familinparis.fr\/wp-content\/uploads\/2022\/10\/spectacle-enfant-augustin-pirate-des-indes-770x400.jpg",770,400,true],"cheerup-main-full":["https:\/\/www.familinparis.fr\/wp-content\/uploads\/2022\/10\/spectacle-enfant-augustin-pirate-des-indes-960x508.jpg",960,508,true],"cheerup-slider-alt":["https:\/\/www.familinparis.fr\/wp-content\/uploads\/2022\/10\/spectacle-enfant-augustin-pirate-des-indes-960x508.jpg",960,508,true],"cheerup-slider-trendy":["https:\/\/www.familinparis.fr\/wp-content\/uploads\/2022\/10\/spectacle-enfant-augustin-pirate-des-indes-960x508.jpg",960,508,true],"cheerup-slider-stylish":["https:\/\/www.familinparis.fr\/wp-content\/uploads\/2022\/10\/spectacle-enfant-augustin-pirate-des-indes-900x515.jpg",900,515,true],"cheerup-slider-grid":["https:\/\/www.familinparis.fr\/wp-content\/uploads\/2022\/10\/spectacle-enfant-augustin-pirate-des-indes-870x600.jpg",870,600,true],"cheerup-slider-grid-sm":["https:\/\/www.familinparis.fr\/wp-content\/uploads\/2022\/10\/spectacle-enfant-augustin-pirate-des-indes-300x300.jpg",300,300,true],"cheerup-slider-carousel":["https:\/\/www.familinparis.fr\/wp-content\/uploads\/2022\/10\/spectacle-enfant-augustin-pirate-des-indes-370x370.jpg",370,370,true],"cheerup-slider-grid-b":["https:\/\/www.familinparis.fr\/wp-content\/uploads\/2022\/10\/spectacle-enfant-augustin-pirate-des-indes-554x466.jpg",554,466,true],"cheerup-slider-grid-b-sm":["https:\/\/www.familinparis.fr\/wp-content\/uploads\/2022\/10\/spectacle-enfant-augustin-pirate-des-indes-306x466.jpg",306,466,true],"cheerup-slider-bold-sm":["https:\/\/www.familinparis.fr\/wp-content\/uploads\/2022\/10\/spectacle-enfant-augustin-pirate-des-indes-150x150.jpg",150,150,true],"cheerup-grid":["https:\/\/www.familinparis.fr\/wp-content\/uploads\/2022\/10\/spectacle-enfant-augustin-pirate-des-indes-370x285.jpg",370,285,true],"cheerup-carousel":["https:\/\/www.familinparis.fr\/wp-content\/uploads\/2022\/10\/spectacle-enfant-augustin-pirate-des-indes-270x180.jpg",270,180,true],"cheerup-carousel-b":["https:\/\/www.familinparis.fr\/wp-content\/uploads\/2022\/10\/spectacle-enfant-augustin-pirate-des-indes-370x285.jpg",370,285,true],"cheerup-list":["https:\/\/www.familinparis.fr\/wp-content\/uploads\/2022\/10\/spectacle-enfant-augustin-pirate-des-indes-260x200.jpg",260,200,true],"cheerup-list-b":["https:\/\/www.familinparis.fr\/wp-content\/uploads\/2022\/10\/spectacle-enfant-augustin-pirate-des-indes-370x305.jpg",370,305,true],"cheerup-thumb":["https:\/\/www.familinparis.fr\/wp-content\/uploads\/2022\/10\/spectacle-enfant-augustin-pirate-des-indes-87x67.jpg",87,67,true],"cheerup-thumb-alt":["https:\/\/www.familinparis.fr\/wp-content\/uploads\/2022\/10\/spectacle-enfant-augustin-pirate-des-indes-150x150.jpg",150,150,true]},"uagb_author_info":{"display_name":"Agn\u00e8s","author_link":"https:\/\/www.familinparis.fr\/en\/author\/agnes\/"},"uagb_comment_info":0,"uagb_excerpt":"Shows for young audiences in Paris What to do in Paris with a toddler?","_links":{"self":[{"href":"https:\/\/www.familinparis.fr\/en\/wp-json\/wp\/v2\/posts\/135259","targetHints":{"allow":["GET"]}}],"collection":[{"href":"https:\/\/www.familinparis.fr\/en\/wp-json\/wp\/v2\/posts"}],"about":[{"href":"https:\/\/www.familinparis.fr\/en\/wp-json\/wp\/v2\/types\/post"}],"author":[{"embeddable":true,"href":"https:\/\/www.familinparis.fr\/en\/wp-json\/wp\/v2\/users\/6"}],"replies":[{"embeddable":true,"href":"https:\/\/www.familinparis.fr\/en\/wp-json\/wp\/v2\/comments?post=135259"}],"version-history":[{"count":0,"href":"https:\/\/www.familinparis.fr\/en\/wp-json\/wp\/v2\/posts\/135259\/revisions"}],"wp:featuredmedia":[{"embeddable":true,"href":"https:\/\/www.familinparis.fr\/en\/wp-json\/wp\/v2\/media\/131703"}],"wp:attachment":[{"href":"https:\/\/www.familinparis.fr\/en\/wp-json\/wp\/v2\/media?parent=135259"}],"wp:term":[{"taxonomy":"category","embeddable":true,"href":"https:\/\/www.familinparis.fr\/en\/wp-json\/wp\/v2\/categories?post=135259"},{"taxonomy":"post_tag","embeddable":true,"href":"https:\/\/www.familinparis.fr\/en\/wp-json\/wp\/v2\/tags?post=135259"}],"curies":[{"name":"wp","href":"https:\/\/api.w.org\/{rel}","templated":true}]}}