{"id":135224,"date":"2022-09-12T09:50:13","date_gmt":"2022-09-12T07:50:13","guid":{"rendered":"https:\/\/www.familinparis.fr\/the-melosic-box\/"},"modified":"2024-11-16T17:13:16","modified_gmt":"2024-11-16T15:13:16","slug":"the-melosic-box","status":"publish","type":"post","link":"https:\/\/www.familinparis.fr\/en\/the-melosic-box\/","title":{"rendered":"The Melosic Box"},"content":{"rendered":"<div class=\"lazyblock-baseline-1WSUt7 wp-block-lazyblock-baseline\"><div class=\"baseline\">Musical Tale \u2014 For ages 4 &#8211; 8<\/div><\/div><div class=\"lazyblock-infos-pratiques-Z1sDlVf wp-block-lazyblock-infos-pratiques\"><div class=\"read-more go-to\" data-goto=\"infos-sup\">\n  <a href=\"#\">\n    <span class=\"rien\">\n      <i class=\"fa fa-map-marker\"><\/i> See practical information    <\/span>\n  <\/a>\n<\/div><\/div>\n<section class=\"wp-block-uagb-section uagb-section__wrap uagb-section__background-color uagb-block-325d259e\"><div class=\"uagb-section__overlay\"><\/div><div class=\"uagb-section__inner-wrap\">\n<div class=\"wp-block-columns is-layout-flex wp-container-core-columns-is-layout-9d6595d7 wp-block-columns-is-layout-flex\">\n<div class=\"wp-block-column is-layout-flow wp-block-column-is-layout-flow\" style=\"flex-basis:66.66%\">\n<h2 class=\"has-text-align-left wp-block-heading\">The Melosic Box<\/h2>\n\n\n\n<ul class=\"wp-block-list\"><li><strong>WE LIKE: <\/strong>the meeting of pole dancing and theatre for young audiences!<\/li><li><strong>AGE:<\/strong> for 4 &#8211; 8 years old<\/li><li><strong>DATE:<\/strong> Until November 30, 2022 (including November 1)<\/li><li><strong>DURATION: <\/strong>50 minutes<\/li><li><strong>PLACE:<\/strong> Th\u00e9\u00e2tre Essaion (Paris 4th)<\/li><\/ul>\n\n\n\n<div class=\"wp-block-buttons is-horizontal is-content-justification-center is-layout-flex wp-container-core-buttons-is-layout-499968f5 wp-block-buttons-is-layout-flex\">\n<div class=\"wp-block-button m-b-30\"><a class=\"wp-block-button__link has-white-color has-text-color has-background\" href=\"https:\/\/tracking.publicidees.com\/clic.php?progid=2986&amp;partid=39280&amp;dpl=https%3A%2F%2Fwww.ticketac.com%2Fspectacles%2Fla-boite-a-melosique-35472\" style=\"border-radius:1px;background-color:#fa395f\" target=\"_blank\" rel=\"noreferrer noopener nofollow\">SHOW OVER<\/a><\/div>\n<\/div>\n<\/div>\n\n\n\n<div class=\"wp-block-column is-layout-flow wp-block-column-is-layout-flow\" style=\"flex-basis:33.33%\">\n<figure class=\"wp-block-image size-full\"><img decoding=\"async\" width=\"600\" height=\"849\" src=\"https:\/\/www.familinparis.fr\/wp-content\/uploads\/Spectacles\/MUSICAL\/kid\/la-boite-a-melosique.jpg\" alt=\"the Melosique Box, children's show\" class=\"wp-image-78420\" srcset=\"https:\/\/www.familinparis.fr\/wp-content\/uploads\/Spectacles\/MUSICAL\/kid\/la-boite-a-melosique.jpg 600w, https:\/\/www.familinparis.fr\/wp-content\/uploads\/Spectacles\/MUSICAL\/kid\/la-boite-a-melosique-212x300.jpg 212w, https:\/\/www.familinparis.fr\/wp-content\/uploads\/Spectacles\/MUSICAL\/kid\/la-boite-a-melosique-8x12.jpg 8w, https:\/\/www.familinparis.fr\/wp-content\/uploads\/Spectacles\/MUSICAL\/kid\/la-boite-a-melosique-516x730.jpg 516w\" sizes=\"(max-width: 600px) 100vw, 600px\" \/><\/figure>\n<\/div>\n<\/div>\n<\/div><\/section>\n\n<div style=\"height:70px\" aria-hidden=\"true\" class=\"wp-block-spacer\"><\/div>\n<div class=\"lazyblock-bodered-box-28AoJl wp-block-lazyblock-bodered-box\"><div class=\"bordered-box ts-row cf\">\n    <h2 class=\"box-title\">La bo\u00eete \u00e0 m\u00e9losique : un conte musical qui casse les codes avec &#8230; la pole dance<\/h2>\n    <div>\n        \n\n<div style=\"height:100px\" aria-hidden=\"true\" class=\"wp-block-spacer\"><\/div>\n\n\n\n<ul class=\"wp-block-list\"><li>In the melosic box live Jean-S\u00e9bastien and Isadora<\/li><li>She dances, he plays music, the mechanism is activated and the moon and stars light up<\/li><li>However, one night, everything does not go as usual. Thus begins a fabulous journey which, over the course of the encounters, will lead them to their own destinies <\/li><\/ul>\n\n\n\n<p><\/p>\n\n\n\n<ul class=\"wp-block-list\"><li>The originality: the play mixes theatre, poetry, music and&#8230; pole dance!<\/li><li>We had to dare!<\/li><li>The result is very successful and the whole very visual<\/li><\/ul>\n\n\n\n<p><\/p>\n\n\n\n<p><\/p>\n\n\n    <\/div>\n    <p><\/p>\n<\/div><\/div>\n<div style=\"height:49px\" aria-hidden=\"true\" class=\"wp-block-spacer\"><\/div>\n\n<figure class=\"wp-block-embed is-type-video is-provider-youtube wp-block-embed-youtube wp-embed-aspect-16-9 wp-has-aspect-ratio\"><div class=\"wp-block-embed__wrapper\">\n<iframe title=\"La boite \u00e0 m\u00e9losique de Nicolas Naudet et Marie Teissier\" width=\"770\" height=\"433\" src=\"https:\/\/www.youtube.com\/embed\/Ktl10Y85VsQ?feature=oembed\" frameborder=\"0\" allow=\"accelerometer; autoplay; clipboard-write; encrypted-media; gyroscope; picture-in-picture; web-share\" referrerpolicy=\"strict-origin-when-cross-origin\" allowfullscreen><\/iframe>\n<\/div><\/figure>\n\n<div style=\"height:49px\" aria-hidden=\"true\" class=\"wp-block-spacer\"><\/div>\n\n<h2 class=\"has-text-align-center p-b-10 p-t-10 has-background wp-block-heading\" style=\"background-color:#fa395f\">Musical shows on the bill in Paris<\/h2>\n\n\t\t\t<div class=\"wp-block-uagb-post-grid uagb-post-grid  uagb-post__image-position-top uagb-post__image-enabled uagb-block-2318e826     uagb-post__items uagb-post__columns-5 is-grid uagb-post__columns-tablet-2 uagb-post__columns-mobile-1 uagb-post__equal-height\" data-total=\"1\" style=\"\">\n\n\t\t\t\t\t\t\t\t\t\t\t\t<article class=\"uagb-post__inner-wrap\">\t\t\t\t\t\t\t\t<div class='uagb-post__image'>\n\t\t\t\t\t\t\t\t\t<a href=\"https:\/\/www.familinparis.fr\/en\/puss-in-boots-the-musical\/\" target=\"_self\" rel=\"bookmark noopener noreferrer\" class='uagb-image-ratio-inherit'><img decoding=\"async\" width=\"150\" height=\"150\" src=\"https:\/\/www.familinparis.fr\/wp-content\/uploads\/2024\/11\/spectacle-theatre-le_chat_botte-150x150.jpg\" class=\"attachment-thumbnail size-thumbnail\" alt=\"\" srcset=\"https:\/\/www.familinparis.fr\/wp-content\/uploads\/2024\/11\/spectacle-theatre-le_chat_botte-150x150.jpg 150w, https:\/\/www.familinparis.fr\/wp-content\/uploads\/2024\/11\/spectacle-theatre-le_chat_botte-300x300.jpg 300w, https:\/\/www.familinparis.fr\/wp-content\/uploads\/2024\/11\/spectacle-theatre-le_chat_botte-370x370.jpg 370w\" sizes=\"(max-width: 150px) 100vw, 150px\" \/>\t\t\t\t\t<\/a>\n\t\t\t\t\t\t\t<\/div>\n\t\t\t\t\t\t<h4 class=\"uagb-post__title uagb-post__text\">\n\t\t\t\t<a href=\"https:\/\/www.familinparis.fr\/en\/puss-in-boots-the-musical\/\" target=\"_self\" rel=\"bookmark noopener noreferrer\">Puss in Boots, the musical<\/a>\n\t\t\t<\/h4>\n\t\t\t\t\t\t<div class='uagb-post__text uagb-post-grid-byline'>\n\t\t\t\t\t\t\t<\/div>\n\t\t\t\t\t\t\t<div class='uagb-post__text uagb-post__excerpt'>\n\t\t\t\t\t<p>Puss in Boots, the musical WE LIKE: a musical, funny and touching show AGE: from&#8230;\t\t\t\t<\/div>\n\t\t\t\n\t\t\t\t\t\t\t\t\t<\/article>\n\t\t\t\t\t\t\t\t\t\t\t\t\t\t\t\t<article class=\"uagb-post__inner-wrap\">\t\t\t\t\t\t\t\t<div class='uagb-post__image'>\n\t\t\t\t\t\t\t\t\t<a href=\"https:\/\/www.familinparis.fr\/en\/the-lion-king\/\" target=\"_self\" rel=\"bookmark noopener noreferrer\" class='uagb-image-ratio-inherit'><img decoding=\"async\" width=\"150\" height=\"150\" src=\"https:\/\/www.familinparis.fr\/wp-content\/uploads\/Spectacles\/MUSICAL\/kid\/afiiche-roi-lion-150x150.jpg\" class=\"attachment-thumbnail size-thumbnail\" alt=\"\" srcset=\"https:\/\/www.familinparis.fr\/wp-content\/uploads\/Spectacles\/MUSICAL\/kid\/afiiche-roi-lion-150x150.jpg 150w, https:\/\/www.familinparis.fr\/wp-content\/uploads\/Spectacles\/MUSICAL\/kid\/afiiche-roi-lion-600x600.jpg 600w, https:\/\/www.familinparis.fr\/wp-content\/uploads\/Spectacles\/MUSICAL\/kid\/afiiche-roi-lion-300x300.jpg 300w, https:\/\/www.familinparis.fr\/wp-content\/uploads\/Spectacles\/MUSICAL\/kid\/afiiche-roi-lion-370x370.jpg 370w, https:\/\/www.familinparis.fr\/wp-content\/uploads\/Spectacles\/MUSICAL\/kid\/afiiche-roi-lion-50x50.jpg 50w\" sizes=\"(max-width: 150px) 100vw, 150px\" \/>\t\t\t\t\t<\/a>\n\t\t\t\t\t\t\t<\/div>\n\t\t\t\t\t\t<h4 class=\"uagb-post__title uagb-post__text\">\n\t\t\t\t<a href=\"https:\/\/www.familinparis.fr\/en\/the-lion-king\/\" target=\"_self\" rel=\"bookmark noopener noreferrer\">The Lion King<\/a>\n\t\t\t<\/h4>\n\t\t\t\t\t\t<div class='uagb-post__text uagb-post-grid-byline'>\n\t\t\t\t\t\t\t<\/div>\n\t\t\t\t\t\t\t<div class='uagb-post__text uagb-post__excerpt'>\n\t\t\t\t\t  Until January 31, 2025\t\t\t\t<\/div>\n\t\t\t\n\t\t\t\t\t\t\t\t\t<\/article>\n\t\t\t\t\t\t\t\t\t\t\t\t\t\t\t\t<article class=\"uagb-post__inner-wrap\">\t\t\t\t\t\t\t\t<div class='uagb-post__image'>\n\t\t\t\t\t\t\t\t\t<a href=\"https:\/\/www.familinparis.fr\/en\/knights-princesses-and-dragon\/\" target=\"_self\" rel=\"bookmark noopener noreferrer\" class='uagb-image-ratio-inherit'><img decoding=\"async\" width=\"150\" height=\"150\" src=\"https:\/\/www.familinparis.fr\/wp-content\/uploads\/Spectacles\/MUSICAL\/Petits\/chevaliers-theatre-jeune-public-150x150.jpg\" class=\"attachment-thumbnail size-thumbnail\" alt=\"\" srcset=\"https:\/\/www.familinparis.fr\/wp-content\/uploads\/Spectacles\/MUSICAL\/Petits\/chevaliers-theatre-jeune-public-150x150.jpg 150w, https:\/\/www.familinparis.fr\/wp-content\/uploads\/Spectacles\/MUSICAL\/Petits\/chevaliers-theatre-jeune-public-300x300.jpg 300w, https:\/\/www.familinparis.fr\/wp-content\/uploads\/Spectacles\/MUSICAL\/Petits\/chevaliers-theatre-jeune-public-370x370.jpg 370w, https:\/\/www.familinparis.fr\/wp-content\/uploads\/Spectacles\/MUSICAL\/Petits\/chevaliers-theatre-jeune-public-50x50.jpg 50w\" sizes=\"(max-width: 150px) 100vw, 150px\" \/>\t\t\t\t\t<\/a>\n\t\t\t\t\t\t\t<\/div>\n\t\t\t\t\t\t<h4 class=\"uagb-post__title uagb-post__text\">\n\t\t\t\t<a href=\"https:\/\/www.familinparis.fr\/en\/knights-princesses-and-dragon\/\" target=\"_self\" rel=\"bookmark noopener noreferrer\">Knights, princesses and dragon<\/a>\n\t\t\t<\/h4>\n\t\t\t\t\t\t<div class='uagb-post__text uagb-post-grid-byline'>\n\t\t\t\t\t\t\t<\/div>\n\t\t\t\t\t\t\t<div class='uagb-post__text uagb-post__excerpt'>\n\t\t\t\t\tUntil May 8, 2024\t\t\t\t<\/div>\n\t\t\t\n\t\t\t\t\t\t\t\t\t<\/article>\n\t\t\t\t\t\t\t\t\t\t\t\t\t\t\t\t<article class=\"uagb-post__inner-wrap\">\t\t\t\t\t\t\t\t<div class='uagb-post__image'>\n\t\t\t\t\t\t\t\t\t<a href=\"https:\/\/www.familinparis.fr\/en\/snow-white-and-the-7-dwarfs\/\" target=\"_self\" rel=\"bookmark noopener noreferrer\" class='uagb-image-ratio-inherit'><img decoding=\"async\" width=\"150\" height=\"150\" src=\"https:\/\/www.familinparis.fr\/wp-content\/uploads\/Spectacles\/MUSICAL\/blancheneige-150x150.jpeg\" class=\"attachment-thumbnail size-thumbnail\" alt=\"\" srcset=\"https:\/\/www.familinparis.fr\/wp-content\/uploads\/Spectacles\/MUSICAL\/blancheneige-150x150.jpeg 150w, https:\/\/www.familinparis.fr\/wp-content\/uploads\/Spectacles\/MUSICAL\/blancheneige-400x400.jpeg 400w, https:\/\/www.familinparis.fr\/wp-content\/uploads\/Spectacles\/MUSICAL\/blancheneige-300x300.jpeg 300w, https:\/\/www.familinparis.fr\/wp-content\/uploads\/Spectacles\/MUSICAL\/blancheneige-370x370.jpeg 370w, https:\/\/www.familinparis.fr\/wp-content\/uploads\/Spectacles\/MUSICAL\/blancheneige-50x50.jpeg 50w\" sizes=\"(max-width: 150px) 100vw, 150px\" \/>\t\t\t\t\t<\/a>\n\t\t\t\t\t\t\t<\/div>\n\t\t\t\t\t\t<h4 class=\"uagb-post__title uagb-post__text\">\n\t\t\t\t<a href=\"https:\/\/www.familinparis.fr\/en\/snow-white-and-the-7-dwarfs\/\" target=\"_self\" rel=\"bookmark noopener noreferrer\">Snow White and the 7 Dwarfs<\/a>\n\t\t\t<\/h4>\n\t\t\t\t\t\t<div class='uagb-post__text uagb-post-grid-byline'>\n\t\t\t\t\t\t\t<\/div>\n\t\t\t\t\t\t\t<div class='uagb-post__text uagb-post__excerpt'>\n\t\t\t\t\tUntil May 8, 2024\t\t\t\t<\/div>\n\t\t\t\n\t\t\t\t\t\t\t\t\t<\/article>\n\t\t\t\t\t\t\t\t\t\t\t\t\t\t\t\t<article class=\"uagb-post__inner-wrap\">\t\t\t\t\t\t\t\t<div class='uagb-post__image'>\n\t\t\t\t\t\t\t\t\t<a href=\"https:\/\/www.familinparis.fr\/en\/the-sock-fairy-celebrates-christmas\/\" target=\"_self\" rel=\"bookmark noopener noreferrer\" class='uagb-image-ratio-inherit'><img decoding=\"async\" width=\"150\" height=\"150\" src=\"https:\/\/www.familinparis.fr\/wp-content\/uploads\/2020\/02\/la_fee_des_chaussettes-spectacle-de-noel-150x150.jpg\" class=\"attachment-thumbnail size-thumbnail\" alt=\"\" srcset=\"https:\/\/www.familinparis.fr\/wp-content\/uploads\/2020\/02\/la_fee_des_chaussettes-spectacle-de-noel-150x150.jpg 150w, https:\/\/www.familinparis.fr\/wp-content\/uploads\/2020\/02\/la_fee_des_chaussettes-spectacle-de-noel-300x300.jpg 300w, https:\/\/www.familinparis.fr\/wp-content\/uploads\/2020\/02\/la_fee_des_chaussettes-spectacle-de-noel-370x370.jpg 370w\" sizes=\"(max-width: 150px) 100vw, 150px\" \/>\t\t\t\t\t<\/a>\n\t\t\t\t\t\t\t<\/div>\n\t\t\t\t\t\t<h4 class=\"uagb-post__title uagb-post__text\">\n\t\t\t\t<a href=\"https:\/\/www.familinparis.fr\/en\/the-sock-fairy-celebrates-christmas\/\" target=\"_self\" rel=\"bookmark noopener noreferrer\">The Sock Fairy Celebrates Christmas<\/a>\n\t\t\t<\/h4>\n\t\t\t\t\t\t<div class='uagb-post__text uagb-post-grid-byline'>\n\t\t\t\t\t\t\t<\/div>\n\t\t\t\t\t\t\t<div class='uagb-post__text uagb-post__excerpt'>\n\t\t\t\t\tFrom 03\/12\/2022 to 31\/12\/2022\t\t\t\t<\/div>\n\t\t\t\n\t\t\t\t\t\t\t\t\t<\/article>\n\t\t\t\t\t\t\t\t\t\t\t<\/div>\n\t\t\t\n<div style=\"height:70px\" aria-hidden=\"true\" class=\"wp-block-spacer\"><\/div>\n\n<div class=\"wp-block-buttons is-horizontal is-content-justification-center is-layout-flex wp-container-core-buttons-is-layout-499968f5 wp-block-buttons-is-layout-flex\">\n<div class=\"wp-block-button\"><a class=\"wp-block-button__link has-white-color has-text-color has-background\" href=\"https:\/\/www.familinparis.fr\/en\/shows-for-children-and-teenagers-in-paris\/\" style=\"border-radius:1px;background-color:#73c6b6\">THE BEST SHOWS OF 2022<\/a><\/div>\n\n\n\n<div class=\"wp-block-button\"><a class=\"wp-block-button__link has-white-color has-text-color has-background\" href=\"https:\/\/www.familinparis.fr\/en\/must-see-family-exhibitions-in-paris\/\" style=\"border-radius:1px;background-color:#73c6b6\">THE TOP OF THE EXHIBITIONS<\/a><\/div>\n<\/div>\n\n<div style=\"height:70px\" aria-hidden=\"true\" class=\"wp-block-spacer\"><\/div>\n","protected":false},"excerpt":{"rendered":"<p>Until November 30, 2022 \u2014 For ages 4 &#8211; 8<\/p>\n","protected":false},"author":5,"featured_media":131490,"comment_status":"open","ping_status":"open","sticky":false,"template":"","format":"standard","meta":{"_uag_custom_page_level_css":"","footnotes":""},"categories":[1253],"tags":[],"class_list":{"0":"post-135224","1":"post","2":"type-post","3":"status-publish","4":"format-standard","5":"has-post-thumbnail","7":"category-past-events"},"yoast_head":"<!-- This site is optimized with the Yoast SEO plugin v27.2 - https:\/\/yoast.com\/product\/yoast-seo-wordpress\/ -->\n<title>The Melosic Box | For 4 - 8 year olds \u2014 At the Ess\u00efon Theatre<\/title>\n<meta name=\"description\" content=\"The melodic box, the meeting of a musical and poetic tale with pole dance! For 4 -8 year olds \u2014 50 minutes - Book your seats.\" \/>\n<meta name=\"robots\" content=\"index, follow, max-snippet:-1, max-image-preview:large, max-video-preview:-1\" \/>\n<link rel=\"canonical\" href=\"https:\/\/www.familinparis.fr\/en\/the-melosic-box\/\" \/>\n<meta property=\"og:locale\" content=\"en_US\" \/>\n<meta property=\"og:type\" content=\"article\" \/>\n<meta property=\"og:title\" content=\"The Melosic Box | For 4 - 8 year olds \u2014 At the Ess\u00efon Theatre\" \/>\n<meta property=\"og:description\" content=\"The melodic box, the meeting of a musical and poetic tale with pole dance! For 4 -8 year olds \u2014 50 minutes - Book your seats.\" \/>\n<meta property=\"og:url\" content=\"https:\/\/www.familinparis.fr\/en\/the-melosic-box\/\" \/>\n<meta property=\"og:site_name\" content=\"Familin&#039;Paris\" \/>\n<meta property=\"article:published_time\" content=\"2022-09-12T07:50:13+00:00\" \/>\n<meta property=\"article:modified_time\" content=\"2024-11-16T15:13:16+00:00\" \/>\n<meta property=\"og:image\" content=\"https:\/\/www.familinparis.fr\/wp-content\/uploads\/Spectacles\/MUSICAL\/kid\/la-boite-a-melosique.jpg\" \/>\n\t<meta property=\"og:image:width\" content=\"600\" \/>\n\t<meta property=\"og:image:height\" content=\"849\" \/>\n\t<meta property=\"og:image:type\" content=\"image\/jpeg\" \/>\n<meta name=\"author\" content=\"olivia\" \/>\n<meta name=\"twitter:card\" content=\"summary_large_image\" \/>\n<meta name=\"twitter:label1\" content=\"Written by\" \/>\n\t<meta name=\"twitter:data1\" content=\"olivia\" \/>\n\t<meta name=\"twitter:label2\" content=\"Est. reading time\" \/>\n\t<meta name=\"twitter:data2\" content=\"1 minute\" \/>\n<script type=\"application\/ld+json\" class=\"yoast-schema-graph\">{\"@context\":\"https:\/\/schema.org\",\"@graph\":[{\"@type\":\"Article\",\"@id\":\"https:\/\/www.familinparis.fr\/en\/the-melosic-box\/#article\",\"isPartOf\":{\"@id\":\"https:\/\/www.familinparis.fr\/en\/the-melosic-box\/\"},\"author\":{\"name\":\"olivia\",\"@id\":\"https:\/\/www.familinparis.fr\/en\/#\/schema\/person\/a87467bb417cd0c77d0a7bb5d1d78ac5\"},\"headline\":\"The Melosic Box\",\"datePublished\":\"2022-09-12T07:50:13+00:00\",\"dateModified\":\"2024-11-16T15:13:16+00:00\",\"mainEntityOfPage\":{\"@id\":\"https:\/\/www.familinparis.fr\/en\/the-melosic-box\/\"},\"wordCount\":141,\"commentCount\":0,\"image\":{\"@id\":\"https:\/\/www.familinparis.fr\/en\/the-melosic-box\/#primaryimage\"},\"thumbnailUrl\":\"https:\/\/www.familinparis.fr\/wp-content\/uploads\/Spectacles\/MUSICAL\/kid\/la-boite-a-melosique.jpg\",\"articleSection\":[\"Past events\"],\"inLanguage\":\"en-US\",\"potentialAction\":[{\"@type\":\"CommentAction\",\"name\":\"Comment\",\"target\":[\"https:\/\/www.familinparis.fr\/en\/the-melosic-box\/#respond\"]}]},{\"@type\":\"WebPage\",\"@id\":\"https:\/\/www.familinparis.fr\/en\/the-melosic-box\/\",\"url\":\"https:\/\/www.familinparis.fr\/en\/the-melosic-box\/\",\"name\":\"The Melosic Box | For 4 - 8 year olds \u2014 At the Ess\u00efon Theatre\",\"isPartOf\":{\"@id\":\"https:\/\/www.familinparis.fr\/en\/#website\"},\"primaryImageOfPage\":{\"@id\":\"https:\/\/www.familinparis.fr\/en\/the-melosic-box\/#primaryimage\"},\"image\":{\"@id\":\"https:\/\/www.familinparis.fr\/en\/the-melosic-box\/#primaryimage\"},\"thumbnailUrl\":\"https:\/\/www.familinparis.fr\/wp-content\/uploads\/Spectacles\/MUSICAL\/kid\/la-boite-a-melosique.jpg\",\"datePublished\":\"2022-09-12T07:50:13+00:00\",\"dateModified\":\"2024-11-16T15:13:16+00:00\",\"author\":{\"@id\":\"https:\/\/www.familinparis.fr\/en\/#\/schema\/person\/a87467bb417cd0c77d0a7bb5d1d78ac5\"},\"description\":\"The melodic box, the meeting of a musical and poetic tale with pole dance! For 4 -8 year olds \u2014 50 minutes - Book your seats.\",\"breadcrumb\":{\"@id\":\"https:\/\/www.familinparis.fr\/en\/the-melosic-box\/#breadcrumb\"},\"inLanguage\":\"en-US\",\"potentialAction\":[{\"@type\":\"ReadAction\",\"target\":[\"https:\/\/www.familinparis.fr\/en\/the-melosic-box\/\"]}]},{\"@type\":\"ImageObject\",\"inLanguage\":\"en-US\",\"@id\":\"https:\/\/www.familinparis.fr\/en\/the-melosic-box\/#primaryimage\",\"url\":\"https:\/\/www.familinparis.fr\/wp-content\/uploads\/Spectacles\/MUSICAL\/kid\/la-boite-a-melosique.jpg\",\"contentUrl\":\"https:\/\/www.familinparis.fr\/wp-content\/uploads\/Spectacles\/MUSICAL\/kid\/la-boite-a-melosique.jpg\",\"width\":600,\"height\":849},{\"@type\":\"BreadcrumbList\",\"@id\":\"https:\/\/www.familinparis.fr\/en\/the-melosic-box\/#breadcrumb\",\"itemListElement\":[{\"@type\":\"ListItem\",\"position\":1,\"name\":\"Home\",\"item\":\"https:\/\/www.familinparis.fr\/en\/\"},{\"@type\":\"ListItem\",\"position\":2,\"name\":\"Exposition\",\"item\":\"https:\/\/www.familinparis.fr\/en\/categorie\/exposition-en\/\"},{\"@type\":\"ListItem\",\"position\":3,\"name\":\"The Melosic Box\"}]},{\"@type\":\"WebSite\",\"@id\":\"https:\/\/www.familinparis.fr\/en\/#website\",\"url\":\"https:\/\/www.familinparis.fr\/en\/\",\"name\":\"Familin&#039;Paris\",\"description\":\"Visiter le meilleur de Paris avec des enfants : sorties, spectacles, adresses de restaurants, shopping, bons plans...\",\"potentialAction\":[{\"@type\":\"SearchAction\",\"target\":{\"@type\":\"EntryPoint\",\"urlTemplate\":\"https:\/\/www.familinparis.fr\/en\/?s={search_term_string}\"},\"query-input\":{\"@type\":\"PropertyValueSpecification\",\"valueRequired\":true,\"valueName\":\"search_term_string\"}}],\"inLanguage\":\"en-US\"},{\"@type\":\"Person\",\"@id\":\"https:\/\/www.familinparis.fr\/en\/#\/schema\/person\/a87467bb417cd0c77d0a7bb5d1d78ac5\",\"name\":\"olivia\",\"image\":{\"@type\":\"ImageObject\",\"inLanguage\":\"en-US\",\"@id\":\"https:\/\/secure.gravatar.com\/avatar\/cbca07f1dfea20f457a666a1b84ed5cf1364773d1378c6f10fd36c354eef1ef8?s=96&d=identicon&r=g\",\"url\":\"https:\/\/secure.gravatar.com\/avatar\/cbca07f1dfea20f457a666a1b84ed5cf1364773d1378c6f10fd36c354eef1ef8?s=96&d=identicon&r=g\",\"contentUrl\":\"https:\/\/secure.gravatar.com\/avatar\/cbca07f1dfea20f457a666a1b84ed5cf1364773d1378c6f10fd36c354eef1ef8?s=96&d=identicon&r=g\",\"caption\":\"olivia\"}}]}<\/script>\n<!-- \/ Yoast SEO plugin. -->","yoast_head_json":{"title":"The Melosic Box | For 4 - 8 year olds \u2014 At the Ess\u00efon Theatre","description":"The melodic box, the meeting of a musical and poetic tale with pole dance! For 4 -8 year olds \u2014 50 minutes - Book your seats.","robots":{"index":"index","follow":"follow","max-snippet":"max-snippet:-1","max-image-preview":"max-image-preview:large","max-video-preview":"max-video-preview:-1"},"canonical":"https:\/\/www.familinparis.fr\/en\/the-melosic-box\/","og_locale":"en_US","og_type":"article","og_title":"The Melosic Box | For 4 - 8 year olds \u2014 At the Ess\u00efon Theatre","og_description":"The melodic box, the meeting of a musical and poetic tale with pole dance! For 4 -8 year olds \u2014 50 minutes - Book your seats.","og_url":"https:\/\/www.familinparis.fr\/en\/the-melosic-box\/","og_site_name":"Familin&#039;Paris","article_published_time":"2022-09-12T07:50:13+00:00","article_modified_time":"2024-11-16T15:13:16+00:00","og_image":[{"width":600,"height":849,"url":"https:\/\/www.familinparis.fr\/wp-content\/uploads\/Spectacles\/MUSICAL\/kid\/la-boite-a-melosique.jpg","type":"image\/jpeg"}],"author":"olivia","twitter_card":"summary_large_image","twitter_misc":{"Written by":"olivia","Est. reading time":"1 minute"},"schema":{"@context":"https:\/\/schema.org","@graph":[{"@type":"Article","@id":"https:\/\/www.familinparis.fr\/en\/the-melosic-box\/#article","isPartOf":{"@id":"https:\/\/www.familinparis.fr\/en\/the-melosic-box\/"},"author":{"name":"olivia","@id":"https:\/\/www.familinparis.fr\/en\/#\/schema\/person\/a87467bb417cd0c77d0a7bb5d1d78ac5"},"headline":"The Melosic Box","datePublished":"2022-09-12T07:50:13+00:00","dateModified":"2024-11-16T15:13:16+00:00","mainEntityOfPage":{"@id":"https:\/\/www.familinparis.fr\/en\/the-melosic-box\/"},"wordCount":141,"commentCount":0,"image":{"@id":"https:\/\/www.familinparis.fr\/en\/the-melosic-box\/#primaryimage"},"thumbnailUrl":"https:\/\/www.familinparis.fr\/wp-content\/uploads\/Spectacles\/MUSICAL\/kid\/la-boite-a-melosique.jpg","articleSection":["Past events"],"inLanguage":"en-US","potentialAction":[{"@type":"CommentAction","name":"Comment","target":["https:\/\/www.familinparis.fr\/en\/the-melosic-box\/#respond"]}]},{"@type":"WebPage","@id":"https:\/\/www.familinparis.fr\/en\/the-melosic-box\/","url":"https:\/\/www.familinparis.fr\/en\/the-melosic-box\/","name":"The Melosic Box | For 4 - 8 year olds \u2014 At the Ess\u00efon Theatre","isPartOf":{"@id":"https:\/\/www.familinparis.fr\/en\/#website"},"primaryImageOfPage":{"@id":"https:\/\/www.familinparis.fr\/en\/the-melosic-box\/#primaryimage"},"image":{"@id":"https:\/\/www.familinparis.fr\/en\/the-melosic-box\/#primaryimage"},"thumbnailUrl":"https:\/\/www.familinparis.fr\/wp-content\/uploads\/Spectacles\/MUSICAL\/kid\/la-boite-a-melosique.jpg","datePublished":"2022-09-12T07:50:13+00:00","dateModified":"2024-11-16T15:13:16+00:00","author":{"@id":"https:\/\/www.familinparis.fr\/en\/#\/schema\/person\/a87467bb417cd0c77d0a7bb5d1d78ac5"},"description":"The melodic box, the meeting of a musical and poetic tale with pole dance! For 4 -8 year olds \u2014 50 minutes - Book your seats.","breadcrumb":{"@id":"https:\/\/www.familinparis.fr\/en\/the-melosic-box\/#breadcrumb"},"inLanguage":"en-US","potentialAction":[{"@type":"ReadAction","target":["https:\/\/www.familinparis.fr\/en\/the-melosic-box\/"]}]},{"@type":"ImageObject","inLanguage":"en-US","@id":"https:\/\/www.familinparis.fr\/en\/the-melosic-box\/#primaryimage","url":"https:\/\/www.familinparis.fr\/wp-content\/uploads\/Spectacles\/MUSICAL\/kid\/la-boite-a-melosique.jpg","contentUrl":"https:\/\/www.familinparis.fr\/wp-content\/uploads\/Spectacles\/MUSICAL\/kid\/la-boite-a-melosique.jpg","width":600,"height":849},{"@type":"BreadcrumbList","@id":"https:\/\/www.familinparis.fr\/en\/the-melosic-box\/#breadcrumb","itemListElement":[{"@type":"ListItem","position":1,"name":"Home","item":"https:\/\/www.familinparis.fr\/en\/"},{"@type":"ListItem","position":2,"name":"Exposition","item":"https:\/\/www.familinparis.fr\/en\/categorie\/exposition-en\/"},{"@type":"ListItem","position":3,"name":"The Melosic Box"}]},{"@type":"WebSite","@id":"https:\/\/www.familinparis.fr\/en\/#website","url":"https:\/\/www.familinparis.fr\/en\/","name":"Familin&#039;Paris","description":"Visiter le meilleur de Paris avec des enfants : sorties, spectacles, adresses de restaurants, shopping, bons plans...","potentialAction":[{"@type":"SearchAction","target":{"@type":"EntryPoint","urlTemplate":"https:\/\/www.familinparis.fr\/en\/?s={search_term_string}"},"query-input":{"@type":"PropertyValueSpecification","valueRequired":true,"valueName":"search_term_string"}}],"inLanguage":"en-US"},{"@type":"Person","@id":"https:\/\/www.familinparis.fr\/en\/#\/schema\/person\/a87467bb417cd0c77d0a7bb5d1d78ac5","name":"olivia","image":{"@type":"ImageObject","inLanguage":"en-US","@id":"https:\/\/secure.gravatar.com\/avatar\/cbca07f1dfea20f457a666a1b84ed5cf1364773d1378c6f10fd36c354eef1ef8?s=96&d=identicon&r=g","url":"https:\/\/secure.gravatar.com\/avatar\/cbca07f1dfea20f457a666a1b84ed5cf1364773d1378c6f10fd36c354eef1ef8?s=96&d=identicon&r=g","contentUrl":"https:\/\/secure.gravatar.com\/avatar\/cbca07f1dfea20f457a666a1b84ed5cf1364773d1378c6f10fd36c354eef1ef8?s=96&d=identicon&r=g","caption":"olivia"}}]}},"uagb_featured_image_src":{"full":["https:\/\/www.familinparis.fr\/wp-content\/uploads\/Spectacles\/MUSICAL\/kid\/la-boite-a-melosique.jpg",600,849,false],"thumbnail":["https:\/\/www.familinparis.fr\/wp-content\/uploads\/Spectacles\/MUSICAL\/kid\/la-boite-a-melosique-150x150.jpg",150,150,true],"medium":["https:\/\/www.familinparis.fr\/wp-content\/uploads\/Spectacles\/MUSICAL\/kid\/la-boite-a-melosique-212x300.jpg",212,300,true],"medium_large":["https:\/\/www.familinparis.fr\/wp-content\/uploads\/Spectacles\/MUSICAL\/kid\/la-boite-a-melosique.jpg",600,849,false],"large":["https:\/\/www.familinparis.fr\/wp-content\/uploads\/Spectacles\/MUSICAL\/kid\/la-boite-a-melosique.jpg",600,849,false],"1536x1536":["https:\/\/www.familinparis.fr\/wp-content\/uploads\/Spectacles\/MUSICAL\/kid\/la-boite-a-melosique.jpg",600,849,false],"2048x2048":["https:\/\/www.familinparis.fr\/wp-content\/uploads\/Spectacles\/MUSICAL\/kid\/la-boite-a-melosique.jpg",600,849,false],"home-thumb":["https:\/\/www.familinparis.fr\/wp-content\/uploads\/Spectacles\/MUSICAL\/kid\/la-boite-a-melosique-516x730.jpg",516,730,true],"home-slider":["https:\/\/www.familinparis.fr\/wp-content\/uploads\/Spectacles\/MUSICAL\/kid\/la-boite-a-melosique-600x600.jpg",600,600,true],"lightbox-slider-size":["https:\/\/www.familinparis.fr\/wp-content\/uploads\/Spectacles\/MUSICAL\/kid\/la-boite-a-melosique-564x282.jpg",564,282,true],"post-thumbnail":["https:\/\/www.familinparis.fr\/wp-content\/uploads\/Spectacles\/MUSICAL\/kid\/la-boite-a-melosique-270x180.jpg",270,180,true],"cheerup-main":["https:\/\/www.familinparis.fr\/wp-content\/uploads\/Spectacles\/MUSICAL\/kid\/la-boite-a-melosique-600x400.jpg",600,400,true],"cheerup-main-full":["https:\/\/www.familinparis.fr\/wp-content\/uploads\/Spectacles\/MUSICAL\/kid\/la-boite-a-melosique-600x508.jpg",600,508,true],"cheerup-slider-alt":["https:\/\/www.familinparis.fr\/wp-content\/uploads\/Spectacles\/MUSICAL\/kid\/la-boite-a-melosique-600x508.jpg",600,508,true],"cheerup-slider-trendy":["https:\/\/www.familinparis.fr\/wp-content\/uploads\/Spectacles\/MUSICAL\/kid\/la-boite-a-melosique-600x508.jpg",600,508,true],"cheerup-slider-stylish":["https:\/\/www.familinparis.fr\/wp-content\/uploads\/Spectacles\/MUSICAL\/kid\/la-boite-a-melosique-600x515.jpg",600,515,true],"cheerup-slider-grid":["https:\/\/www.familinparis.fr\/wp-content\/uploads\/Spectacles\/MUSICAL\/kid\/la-boite-a-melosique-600x600.jpg",600,600,true],"cheerup-slider-grid-sm":["https:\/\/www.familinparis.fr\/wp-content\/uploads\/Spectacles\/MUSICAL\/kid\/la-boite-a-melosique-300x300.jpg",300,300,true],"cheerup-slider-carousel":["https:\/\/www.familinparis.fr\/wp-content\/uploads\/Spectacles\/MUSICAL\/kid\/la-boite-a-melosique-370x370.jpg",370,370,true],"cheerup-slider-grid-b":["https:\/\/www.familinparis.fr\/wp-content\/uploads\/Spectacles\/MUSICAL\/kid\/la-boite-a-melosique-554x466.jpg",554,466,true],"cheerup-slider-grid-b-sm":["https:\/\/www.familinparis.fr\/wp-content\/uploads\/Spectacles\/MUSICAL\/kid\/la-boite-a-melosique-306x466.jpg",306,466,true],"cheerup-slider-bold-sm":["https:\/\/www.familinparis.fr\/wp-content\/uploads\/Spectacles\/MUSICAL\/kid\/la-boite-a-melosique-150x150.jpg",150,150,true],"cheerup-grid":["https:\/\/www.familinparis.fr\/wp-content\/uploads\/Spectacles\/MUSICAL\/kid\/la-boite-a-melosique-370x285.jpg",370,285,true],"cheerup-carousel":["https:\/\/www.familinparis.fr\/wp-content\/uploads\/Spectacles\/MUSICAL\/kid\/la-boite-a-melosique-270x180.jpg",270,180,true],"cheerup-carousel-b":["https:\/\/www.familinparis.fr\/wp-content\/uploads\/Spectacles\/MUSICAL\/kid\/la-boite-a-melosique-370x285.jpg",370,285,true],"cheerup-list":["https:\/\/www.familinparis.fr\/wp-content\/uploads\/Spectacles\/MUSICAL\/kid\/la-boite-a-melosique-260x200.jpg",260,200,true],"cheerup-list-b":["https:\/\/www.familinparis.fr\/wp-content\/uploads\/Spectacles\/MUSICAL\/kid\/la-boite-a-melosique-370x305.jpg",370,305,true],"cheerup-thumb":["https:\/\/www.familinparis.fr\/wp-content\/uploads\/Spectacles\/MUSICAL\/kid\/la-boite-a-melosique-87x67.jpg",87,67,true],"cheerup-thumb-alt":["https:\/\/www.familinparis.fr\/wp-content\/uploads\/Spectacles\/MUSICAL\/kid\/la-boite-a-melosique-150x150.jpg",150,150,true]},"uagb_author_info":{"display_name":"olivia","author_link":"https:\/\/www.familinparis.fr\/en\/author\/olivia\/"},"uagb_comment_info":0,"uagb_excerpt":"Until November 30, 2022 \u2014 For ages 4 - 8","_links":{"self":[{"href":"https:\/\/www.familinparis.fr\/en\/wp-json\/wp\/v2\/posts\/135224","targetHints":{"allow":["GET"]}}],"collection":[{"href":"https:\/\/www.familinparis.fr\/en\/wp-json\/wp\/v2\/posts"}],"about":[{"href":"https:\/\/www.familinparis.fr\/en\/wp-json\/wp\/v2\/types\/post"}],"author":[{"embeddable":true,"href":"https:\/\/www.familinparis.fr\/en\/wp-json\/wp\/v2\/users\/5"}],"replies":[{"embeddable":true,"href":"https:\/\/www.familinparis.fr\/en\/wp-json\/wp\/v2\/comments?post=135224"}],"version-history":[{"count":0,"href":"https:\/\/www.familinparis.fr\/en\/wp-json\/wp\/v2\/posts\/135224\/revisions"}],"wp:featuredmedia":[{"embeddable":true,"href":"https:\/\/www.familinparis.fr\/en\/wp-json\/wp\/v2\/media\/131490"}],"wp:attachment":[{"href":"https:\/\/www.familinparis.fr\/en\/wp-json\/wp\/v2\/media?parent=135224"}],"wp:term":[{"taxonomy":"category","embeddable":true,"href":"https:\/\/www.familinparis.fr\/en\/wp-json\/wp\/v2\/categories?post=135224"},{"taxonomy":"post_tag","embeddable":true,"href":"https:\/\/www.familinparis.fr\/en\/wp-json\/wp\/v2\/tags?post=135224"}],"curies":[{"name":"wp","href":"https:\/\/api.w.org\/{rel}","templated":true}]}}