{"id":135120,"date":"2023-03-06T20:07:53","date_gmt":"2023-03-06T18:07:53","guid":{"rendered":"https:\/\/www.familinparis.fr\/japan-evening-at-the-quai-branly-museum\/"},"modified":"2026-01-22T12:27:41","modified_gmt":"2026-01-22T10:27:41","slug":"japan-evening-at-the-quai-branly-museum","status":"publish","type":"post","link":"https:\/\/www.familinparis.fr\/en\/japan-evening-at-the-quai-branly-museum\/","title":{"rendered":"Japan evening at the Quai Branly Museum"},"content":{"rendered":"<div class=\"lazyblock-baseline-CryGe wp-block-lazyblock-baseline\"><div class=\"baseline\">\u00c9V\u00c8NEMENT TERMIN\u00c9<br \/>Le 17 mars 2023<br \/>Plongez dans la pop culture japonaise<br \/>GRATUIT<\/div><\/div>\n<div class=\"wp-block-uagb-marketing-button uagb-marketing-btn__align-center uagb-marketing-btn__align-text-center uagb-marketing-btn__icon-after uagb-block-3b5a292b wp-block-button m-b-10\"><a href=\"https:\/\/www.familinparis.fr\/inscription-newsletter\/\" class=\"uagb-marketing-btn__link wp-block-button__link\" target=\"_blank\" rel=\"noopener noreferrer\"><h2 class=\"uagb-marketing-btn__title\">Pour ne pas ratez pas l&#8217;actualit\u00e9  \u00e0 Paris !<br \/> <\/h2><p class=\"uagb-marketing-btn__prefix\"><strong>Je m&#8217;inscris \u00e0 la Newsletter<\/strong><\/p><\/a><\/div>\n\n<section class=\"wp-block-uagb-section uagb-section__wrap uagb-section__background-color uagb-block-0d73783e\"><div class=\"uagb-section__overlay\"><\/div><div class=\"uagb-section__inner-wrap\">\n<div class=\"wp-block-columns is-layout-flex wp-container-core-columns-is-layout-9d6595d7 wp-block-columns-is-layout-flex\">\n<div class=\"wp-block-column is-layout-flow wp-block-column-is-layout-flow\" style=\"flex-basis:66.66%\">\n<div style=\"height:49px\" aria-hidden=\"true\" class=\"wp-block-spacer\"><\/div>\n\n\n\n<ul class=\"wp-block-list\">\n<li><strong>WE LIKE:<\/strong> a &#8220;Made in Japan&#8221; evening under the sign of pop culture, with manga, anime, video games, cosplay, J-Pop&#8230;<\/li>\n\n\n\n<li><strong>AGE:<\/strong> for all fans of Japanese pop culture<\/li>\n\n\n\n<li><strong>DATE:<\/strong> March 17, 2023<\/li>\n\n\n\n<li><strong>OPENING HOURS:<\/strong> from 7 p.m. to midnight<\/li>\n\n\n\n<li><strong>PRICE <\/strong>: FREE for all<\/li>\n\n\n\n<li><strong>PLACE:<\/strong> Mus\u00e9e du quai Branly Jacques Chirac (Paris 7th)<\/li>\n<\/ul>\n<\/div>\n\n\n\n<div class=\"wp-block-column is-layout-flow wp-block-column-is-layout-flow\" style=\"flex-basis:33.33%\"><div class=\"wp-block-image\">\n<figure class=\"aligncenter size-full is-resized\"><img decoding=\"async\" width=\"530\" height=\"757\" src=\"https:\/\/www.familinparis.fr\/wp-content\/uploads\/actualites\/mars\/soiree-japon-quai-branly.jpg\" alt=\"Free evening at the Quai Branly Museum\" class=\"wp-image-90597\" style=\"width:265px;height:379px\" srcset=\"https:\/\/www.familinparis.fr\/wp-content\/uploads\/actualites\/mars\/soiree-japon-quai-branly.jpg 530w, https:\/\/www.familinparis.fr\/wp-content\/uploads\/actualites\/mars\/soiree-japon-quai-branly-210x300.jpg 210w, https:\/\/www.familinparis.fr\/wp-content\/uploads\/actualites\/mars\/soiree-japon-quai-branly-8x12.jpg 8w, https:\/\/www.familinparis.fr\/wp-content\/uploads\/actualites\/mars\/soiree-japon-quai-branly-511x730.jpg 511w\" sizes=\"(max-width: 530px) 100vw, 530px\" \/><\/figure>\n<\/div><\/div>\n<\/div>\n\n\n\n<h2 class=\"wp-block-heading\">On the program of this Japan evening at the Mus\u00e9e du quai Branly Jacques Chirac  <\/h2>\n\n\n\n<ul class=\"wp-block-list\">\n<li>A festive and free evening<\/li>\n\n\n\n<li>Entr\u00e9e gratuite au <a href=\"https:\/\/www.familinparis.fr\/musee-du-quai-branly-jacques-chirac-horaires\/\">mus\u00e9e du quai Branly Jaques Chirac<\/a> et acc\u00e8s \u00e0 l&#8217;exposition Kimono ainsi qu&#8217; aux collections permanentes<\/li>\n\n\n\n<li>  Free entertainment throughout the evening including:  \n\n<ul class=\"wp-block-list\">\n<li>Introduction to J-Pop<\/li>\n\n\n\n<li>Live &amp; DJ set<\/li>\n\n\n\n<li>A special Geoguessr Asia<\/li>\n\n\n\n<li>Taiko demos<\/li>\n\n\n\n<li>A discovery of the <em>Kimono<\/em> exhibition<\/li>\n\n\n\n<li>A meeting on Japan Mania<\/li>\n<\/ul>\n<\/li>\n\n\n\n<li><\/li>\n<\/ul>\n<\/div><\/section>\n\n<div style=\"height:50px\" aria-hidden=\"true\" class=\"wp-block-spacer\"><\/div>\n\n<h2 class=\"wp-block-heading\"><a href=\"https:\/\/www.familinparis.fr\/en\/free-outings-and-activities-in-paris\/\">Free activities and outings in Paris&#8230;<\/a><\/h2>\n\n\t\t\t<div class=\"wp-block-uagb-post-grid uagb-post-grid  uagb-post__image-position-top uagb-post__image-enabled uagb-block-c195665e     uagb-post__items uagb-post__columns-5 is-grid uagb-post__columns-tablet-2 uagb-post__columns-mobile-1 uagb-post__equal-height\" data-total=\"6\" style=\"\">\n\n\t\t\t\t\t\t\t\t\t\t\t\t<article class=\"uagb-post__inner-wrap\">\t\t\t\t\t\t\t\t<div class='uagb-post__image'>\n\t\t\t\t\t\t\t\t\t<a href=\"https:\/\/www.familinparis.fr\/en\/nature-festival-2024\/\" target=\"_self\" rel=\"bookmark noopener noreferrer\" class='uagb-image-ratio-inherit'><img decoding=\"async\" width=\"270\" height=\"180\" src=\"https:\/\/www.familinparis.fr\/wp-content\/uploads\/2025\/05\/fete-de-la-nature-2025-large-270x180.jpg\" class=\"attachment-post-thumbnail size-post-thumbnail\" alt=\"La f\u00eate de la Nature en mai 2025\" \/>\t\t\t\t\t<\/a>\n\t\t\t\t\t\t\t<\/div>\n\t\t\t\t\t\t<h2 class=\"uagb-post__title uagb-post__text\">\n\t\t\t\t<a href=\"https:\/\/www.familinparis.fr\/en\/nature-festival-2024\/\" target=\"_self\" rel=\"bookmark noopener noreferrer\">Nature Festival 2024<\/a>\n\t\t\t<\/h2>\n\t\t\t\t\t\t<div class='uagb-post__text uagb-post-grid-byline'>\n\t\t\t\t\t\t\t<\/div>\n\t\t\t\n\t\t\t\t\t\t\t\t\t<\/article>\n\t\t\t\t\t\t\t\t\t\t\t\t\t\t\t\t<article class=\"uagb-post__inner-wrap\">\t\t\t\t\t\t\t\t<div class='uagb-post__image'>\n\t\t\t\t\t\t\t\t\t<a href=\"https:\/\/www.familinparis.fr\/en\/hors-control-la-boum-pour-enfant-gratuit\/\" target=\"_self\" rel=\"bookmark noopener noreferrer\" class='uagb-image-ratio-inherit'><img decoding=\"async\" width=\"270\" height=\"180\" src=\"https:\/\/www.familinparis.fr\/wp-content\/uploads\/2024\/10\/Capture-decran-2025-08-06-171103-270x180.jpg\" class=\"attachment-post-thumbnail size-post-thumbnail\" alt=\"La boum des enfants Hors Control 2025\" \/>\t\t\t\t\t<\/a>\n\t\t\t\t\t\t\t<\/div>\n\t\t\t\t\t\t<h2 class=\"uagb-post__title uagb-post__text\">\n\t\t\t\t<a href=\"https:\/\/www.familinparis.fr\/en\/hors-control-la-boum-pour-enfant-gratuit\/\" target=\"_self\" rel=\"bookmark noopener noreferrer\">Hors Control, the children&#8217;s party<\/a>\n\t\t\t<\/h2>\n\t\t\t\t\t\t<div class='uagb-post__text uagb-post-grid-byline'>\n\t\t\t\t\t\t\t<\/div>\n\t\t\t\n\t\t\t\t\t\t\t\t\t<\/article>\n\t\t\t\t\t\t\t\t\t\t\t\t\t\t\t\t<article class=\"uagb-post__inner-wrap\">\t\t\t\t\t\t\t\t<div class='uagb-post__image'>\n\t\t\t\t\t\t\t\t\t<a href=\"https:\/\/www.familinparis.fr\/en\/the-museum-of-modern-art-in-paris\/\" target=\"_self\" rel=\"bookmark noopener noreferrer\" class='uagb-image-ratio-inherit'><img decoding=\"async\" width=\"270\" height=\"180\" src=\"https:\/\/www.familinparis.fr\/wp-content\/uploads\/photos-familinparis-2021\/mus\u00e9e\/musee-picasso\/oeuvre-picasso-musee-picasso-\u00a9FamilinParis-867x1009-1-270x180.jpg\" class=\"attachment-post-thumbnail size-post-thumbnail\" alt=\"\" \/>\t\t\t\t\t<\/a>\n\t\t\t\t\t\t\t<\/div>\n\t\t\t\t\t\t<h2 class=\"uagb-post__title uagb-post__text\">\n\t\t\t\t<a href=\"https:\/\/www.familinparis.fr\/en\/the-museum-of-modern-art-in-paris\/\" target=\"_self\" rel=\"bookmark noopener noreferrer\">The Museum of Modern Art in Paris<\/a>\n\t\t\t<\/h2>\n\t\t\t\t\t\t<div class='uagb-post__text uagb-post-grid-byline'>\n\t\t\t\t\t\t\t<\/div>\n\t\t\t\n\t\t\t\t\t\t\t\t\t<\/article>\n\t\t\t\t\t\t\t\t\t\t\t\t\t\t\t\t<article class=\"uagb-post__inner-wrap\">\t\t\t\t\t\t\t\t<div class='uagb-post__image'>\n\t\t\t\t\t\t\t\t\t<a href=\"https:\/\/www.familinparis.fr\/en\/visit-notre-dame-de-paris\/\" target=\"_self\" rel=\"bookmark noopener noreferrer\" class='uagb-image-ratio-inherit'><img decoding=\"async\" width=\"270\" height=\"180\" src=\"https:\/\/www.familinparis.fr\/wp-content\/uploads\/2024\/12\/cathedral-738118_1280-270x180.jpeg\" class=\"attachment-post-thumbnail size-post-thumbnail\" alt=\"Fa\u00e7ade cath\u00e9drale Notre-Dame de Paris\" \/>\t\t\t\t\t<\/a>\n\t\t\t\t\t\t\t<\/div>\n\t\t\t\t\t\t<h2 class=\"uagb-post__title uagb-post__text\">\n\t\t\t\t<a href=\"https:\/\/www.familinparis.fr\/en\/visit-notre-dame-de-paris\/\" target=\"_self\" rel=\"bookmark noopener noreferrer\">Reopening of Notre-Dame de Paris<\/a>\n\t\t\t<\/h2>\n\t\t\t\t\t\t<div class='uagb-post__text uagb-post-grid-byline'>\n\t\t\t\t\t\t\t<\/div>\n\t\t\t\n\t\t\t\t\t\t\t\t\t<\/article>\n\t\t\t\t\t\t\t\t\t\t\t\t\t\t\t\t<article class=\"uagb-post__inner-wrap\">\t\t\t\t\t\t\t\t<div class='uagb-post__image'>\n\t\t\t\t\t\t\t\t\t<a href=\"https:\/\/www.familinparis.fr\/en\/the-best-playgrounds-in-paris\/\" target=\"_self\" rel=\"bookmark noopener noreferrer\" class='uagb-image-ratio-inherit'><img decoding=\"async\" width=\"270\" height=\"180\" src=\"https:\/\/www.familinparis.fr\/wp-content\/uploads\/parc-et-jardin\/jeux-sh_44165362-270x180.jpg\" class=\"attachment-post-thumbnail size-post-thumbnail\" alt=\"\" srcset=\"https:\/\/www.familinparis.fr\/wp-content\/uploads\/parc-et-jardin\/jeux-sh_44165362-270x180.jpg 270w, https:\/\/www.familinparis.fr\/wp-content\/uploads\/parc-et-jardin\/jeux-sh_44165362-600x400.jpg 600w\" sizes=\"(max-width: 270px) 100vw, 270px\" \/>\t\t\t\t\t<\/a>\n\t\t\t\t\t\t\t<\/div>\n\t\t\t\t\t\t<h2 class=\"uagb-post__title uagb-post__text\">\n\t\t\t\t<a href=\"https:\/\/www.familinparis.fr\/en\/the-best-playgrounds-in-paris\/\" target=\"_self\" rel=\"bookmark noopener noreferrer\">The best playgrounds in Paris<\/a>\n\t\t\t<\/h2>\n\t\t\t\t\t\t<div class='uagb-post__text uagb-post-grid-byline'>\n\t\t\t\t\t\t\t<\/div>\n\t\t\t\n\t\t\t\t\t\t\t\t\t<\/article>\n\t\t\t\t\t\t\t\t\t\t\t<\/div>\n\t\t\t\n<div style=\"height:20px\" aria-hidden=\"true\" class=\"wp-block-spacer\"><\/div>\n\n<div class=\"wp-block-buttons m-b-20 is-content-justification-center is-layout-flex wp-container-core-buttons-is-layout-16018d1d wp-block-buttons-is-layout-flex\">\n<div class=\"wp-block-button is-style-outline is-style-outline--2\"><a class=\"wp-block-button__link has-white-background-color has-text-color has-background wp-element-button\" href=\"https:\/\/www.familinparis.fr\/en\/free-outings-and-activities-in-paris\/\" style=\"color:#fa365c\" target=\"_blank\" rel=\"noreferrer noopener\">+ free outings in Paris<\/a><\/div>\n<\/div>\n\n<div style=\"height:50px\" aria-hidden=\"true\" class=\"wp-block-spacer\"><\/div>\n\n<div class=\"wp-block-buttons m-b-20 is-content-justification-center is-layout-flex wp-container-core-buttons-is-layout-16018d1d wp-block-buttons-is-layout-flex\">\n<div class=\"wp-block-button\"><a class=\"wp-block-button__link has-white-color has-text-color has-background wp-element-button\" href=\"https:\/\/www.familinparis.fr\/en\/what-to-do-in-paris-this-weekend\/\" style=\"background-color:#00809b\">IDEAS FOR THE WEEKEND<\/a><\/div>\n\n\n\n<div class=\"wp-block-button is-style-fill\"><a class=\"wp-block-button__link has-white-color has-text-color has-background wp-element-button\" href=\"https:\/\/www.familinparis.fr\/en\/ideas-for-this-wednesday-in-paris\/\" style=\"background-color:#00809b\">IDEAS FOR THIS WEDNESDAY<\/a><\/div>\n\n\n\n<div class=\"wp-block-button is-style-fill\"><a class=\"wp-block-button__link has-white-color has-text-color has-background wp-element-button\" href=\"https:\/\/www.familinparis.fr\/en\/what-to-do-in-paris-in-march\/\" style=\"background-color:#00809b\">PARIS IN MARCH<\/a><\/div>\n<\/div>\n\n<div style=\"height:50px\" aria-hidden=\"true\" class=\"wp-block-spacer\"><\/div>\n","protected":false},"excerpt":{"rendered":"<p>April 23, 2023<\/p>\n","protected":false},"author":5,"featured_media":131897,"comment_status":"open","ping_status":"open","sticky":false,"template":"","format":"standard","meta":{"_uag_custom_page_level_css":"","footnotes":""},"categories":[1253],"tags":[],"class_list":{"0":"post-135120","1":"post","2":"type-post","3":"status-publish","4":"format-standard","5":"has-post-thumbnail","7":"category-past-events"},"yoast_head":"<!-- This site is optimized with the Yoast SEO plugin v27.2 - https:\/\/yoast.com\/product\/yoast-seo-wordpress\/ -->\n<title>Japan evening at the Mus\u00e9e du Quai Branly on March 17, 2023<\/title>\n<meta name=\"description\" content=\"Free admission and free entertainment during this evening with family or friends. From 7 p.m. to midnight, immerse yourself in Japanese pop culture\" \/>\n<meta name=\"robots\" content=\"index, follow, max-snippet:-1, max-image-preview:large, max-video-preview:-1\" \/>\n<link rel=\"canonical\" href=\"https:\/\/www.familinparis.fr\/en\/japan-evening-at-the-quai-branly-museum\/\" \/>\n<meta property=\"og:locale\" content=\"en_US\" \/>\n<meta property=\"og:type\" content=\"article\" \/>\n<meta property=\"og:title\" content=\"Japan evening at the Mus\u00e9e du Quai Branly on March 17, 2023\" \/>\n<meta property=\"og:description\" content=\"Free admission and free entertainment during this evening with family or friends. From 7 p.m. to midnight, immerse yourself in Japanese pop culture\" \/>\n<meta property=\"og:url\" content=\"https:\/\/www.familinparis.fr\/en\/japan-evening-at-the-quai-branly-museum\/\" \/>\n<meta property=\"og:site_name\" content=\"Familin&#039;Paris\" \/>\n<meta property=\"article:published_time\" content=\"2023-03-06T18:07:53+00:00\" \/>\n<meta property=\"article:modified_time\" content=\"2026-01-22T10:27:41+00:00\" \/>\n<meta property=\"og:image\" content=\"https:\/\/www.familinparis.fr\/wp-content\/uploads\/actualites\/mars\/soiree-japon-quai-branly.jpg\" \/>\n\t<meta property=\"og:image:width\" content=\"530\" \/>\n\t<meta property=\"og:image:height\" content=\"757\" \/>\n\t<meta property=\"og:image:type\" content=\"image\/jpeg\" \/>\n<meta name=\"author\" content=\"olivia\" \/>\n<meta name=\"twitter:card\" content=\"summary_large_image\" \/>\n<meta name=\"twitter:label1\" content=\"Written by\" \/>\n\t<meta name=\"twitter:data1\" content=\"olivia\" \/>\n\t<meta name=\"twitter:label2\" content=\"Est. reading time\" \/>\n\t<meta name=\"twitter:data2\" content=\"1 minute\" \/>\n<script type=\"application\/ld+json\" class=\"yoast-schema-graph\">{\"@context\":\"https:\/\/schema.org\",\"@graph\":[{\"@type\":\"Article\",\"@id\":\"https:\/\/www.familinparis.fr\/en\/japan-evening-at-the-quai-branly-museum\/#article\",\"isPartOf\":{\"@id\":\"https:\/\/www.familinparis.fr\/en\/japan-evening-at-the-quai-branly-museum\/\"},\"author\":{\"name\":\"olivia\",\"@id\":\"https:\/\/www.familinparis.fr\/en\/#\/schema\/person\/a87467bb417cd0c77d0a7bb5d1d78ac5\"},\"headline\":\"Japan evening at the Quai Branly Museum\",\"datePublished\":\"2023-03-06T18:07:53+00:00\",\"dateModified\":\"2026-01-22T10:27:41+00:00\",\"mainEntityOfPage\":{\"@id\":\"https:\/\/www.familinparis.fr\/en\/japan-evening-at-the-quai-branly-museum\/\"},\"wordCount\":165,\"commentCount\":0,\"image\":{\"@id\":\"https:\/\/www.familinparis.fr\/en\/japan-evening-at-the-quai-branly-museum\/#primaryimage\"},\"thumbnailUrl\":\"https:\/\/www.familinparis.fr\/wp-content\/uploads\/actualites\/mars\/soiree-japon-quai-branly.jpg\",\"articleSection\":[\"Past events\"],\"inLanguage\":\"en-US\",\"potentialAction\":[{\"@type\":\"CommentAction\",\"name\":\"Comment\",\"target\":[\"https:\/\/www.familinparis.fr\/en\/japan-evening-at-the-quai-branly-museum\/#respond\"]}]},{\"@type\":\"WebPage\",\"@id\":\"https:\/\/www.familinparis.fr\/en\/japan-evening-at-the-quai-branly-museum\/\",\"url\":\"https:\/\/www.familinparis.fr\/en\/japan-evening-at-the-quai-branly-museum\/\",\"name\":\"Japan evening at the Mus\u00e9e du Quai Branly on March 17, 2023\",\"isPartOf\":{\"@id\":\"https:\/\/www.familinparis.fr\/en\/#website\"},\"primaryImageOfPage\":{\"@id\":\"https:\/\/www.familinparis.fr\/en\/japan-evening-at-the-quai-branly-museum\/#primaryimage\"},\"image\":{\"@id\":\"https:\/\/www.familinparis.fr\/en\/japan-evening-at-the-quai-branly-museum\/#primaryimage\"},\"thumbnailUrl\":\"https:\/\/www.familinparis.fr\/wp-content\/uploads\/actualites\/mars\/soiree-japon-quai-branly.jpg\",\"datePublished\":\"2023-03-06T18:07:53+00:00\",\"dateModified\":\"2026-01-22T10:27:41+00:00\",\"author\":{\"@id\":\"https:\/\/www.familinparis.fr\/en\/#\/schema\/person\/a87467bb417cd0c77d0a7bb5d1d78ac5\"},\"description\":\"Free admission and free entertainment during this evening with family or friends. From 7 p.m. to midnight, immerse yourself in Japanese pop culture\",\"breadcrumb\":{\"@id\":\"https:\/\/www.familinparis.fr\/en\/japan-evening-at-the-quai-branly-museum\/#breadcrumb\"},\"inLanguage\":\"en-US\",\"potentialAction\":[{\"@type\":\"ReadAction\",\"target\":[\"https:\/\/www.familinparis.fr\/en\/japan-evening-at-the-quai-branly-museum\/\"]}]},{\"@type\":\"ImageObject\",\"inLanguage\":\"en-US\",\"@id\":\"https:\/\/www.familinparis.fr\/en\/japan-evening-at-the-quai-branly-museum\/#primaryimage\",\"url\":\"https:\/\/www.familinparis.fr\/wp-content\/uploads\/actualites\/mars\/soiree-japon-quai-branly.jpg\",\"contentUrl\":\"https:\/\/www.familinparis.fr\/wp-content\/uploads\/actualites\/mars\/soiree-japon-quai-branly.jpg\",\"width\":530,\"height\":757,\"caption\":\"soir\u00e9e Japon grauite au mus\u00e9e du Quai Branly Jacques Chirac\"},{\"@type\":\"BreadcrumbList\",\"@id\":\"https:\/\/www.familinparis.fr\/en\/japan-evening-at-the-quai-branly-museum\/#breadcrumb\",\"itemListElement\":[{\"@type\":\"ListItem\",\"position\":1,\"name\":\"Home\",\"item\":\"https:\/\/www.familinparis.fr\/en\/\"},{\"@type\":\"ListItem\",\"position\":2,\"name\":\"Past events\",\"item\":\"https:\/\/www.familinparis.fr\/en\/categorie\/past-events\/\"},{\"@type\":\"ListItem\",\"position\":3,\"name\":\"Japan evening at the Quai Branly Museum\"}]},{\"@type\":\"WebSite\",\"@id\":\"https:\/\/www.familinparis.fr\/en\/#website\",\"url\":\"https:\/\/www.familinparis.fr\/en\/\",\"name\":\"Familin&#039;Paris\",\"description\":\"Visiter le meilleur de Paris avec des enfants : sorties, spectacles, adresses de restaurants, shopping, bons plans...\",\"potentialAction\":[{\"@type\":\"SearchAction\",\"target\":{\"@type\":\"EntryPoint\",\"urlTemplate\":\"https:\/\/www.familinparis.fr\/en\/?s={search_term_string}\"},\"query-input\":{\"@type\":\"PropertyValueSpecification\",\"valueRequired\":true,\"valueName\":\"search_term_string\"}}],\"inLanguage\":\"en-US\"},{\"@type\":\"Person\",\"@id\":\"https:\/\/www.familinparis.fr\/en\/#\/schema\/person\/a87467bb417cd0c77d0a7bb5d1d78ac5\",\"name\":\"olivia\",\"image\":{\"@type\":\"ImageObject\",\"inLanguage\":\"en-US\",\"@id\":\"https:\/\/secure.gravatar.com\/avatar\/cbca07f1dfea20f457a666a1b84ed5cf1364773d1378c6f10fd36c354eef1ef8?s=96&d=identicon&r=g\",\"url\":\"https:\/\/secure.gravatar.com\/avatar\/cbca07f1dfea20f457a666a1b84ed5cf1364773d1378c6f10fd36c354eef1ef8?s=96&d=identicon&r=g\",\"contentUrl\":\"https:\/\/secure.gravatar.com\/avatar\/cbca07f1dfea20f457a666a1b84ed5cf1364773d1378c6f10fd36c354eef1ef8?s=96&d=identicon&r=g\",\"caption\":\"olivia\"}}]}<\/script>\n<!-- \/ Yoast SEO plugin. -->","yoast_head_json":{"title":"Japan evening at the Mus\u00e9e du Quai Branly on March 17, 2023","description":"Free admission and free entertainment during this evening with family or friends. From 7 p.m. to midnight, immerse yourself in Japanese pop culture","robots":{"index":"index","follow":"follow","max-snippet":"max-snippet:-1","max-image-preview":"max-image-preview:large","max-video-preview":"max-video-preview:-1"},"canonical":"https:\/\/www.familinparis.fr\/en\/japan-evening-at-the-quai-branly-museum\/","og_locale":"en_US","og_type":"article","og_title":"Japan evening at the Mus\u00e9e du Quai Branly on March 17, 2023","og_description":"Free admission and free entertainment during this evening with family or friends. From 7 p.m. to midnight, immerse yourself in Japanese pop culture","og_url":"https:\/\/www.familinparis.fr\/en\/japan-evening-at-the-quai-branly-museum\/","og_site_name":"Familin&#039;Paris","article_published_time":"2023-03-06T18:07:53+00:00","article_modified_time":"2026-01-22T10:27:41+00:00","og_image":[{"width":530,"height":757,"url":"https:\/\/www.familinparis.fr\/wp-content\/uploads\/actualites\/mars\/soiree-japon-quai-branly.jpg","type":"image\/jpeg"}],"author":"olivia","twitter_card":"summary_large_image","twitter_misc":{"Written by":"olivia","Est. reading time":"1 minute"},"schema":{"@context":"https:\/\/schema.org","@graph":[{"@type":"Article","@id":"https:\/\/www.familinparis.fr\/en\/japan-evening-at-the-quai-branly-museum\/#article","isPartOf":{"@id":"https:\/\/www.familinparis.fr\/en\/japan-evening-at-the-quai-branly-museum\/"},"author":{"name":"olivia","@id":"https:\/\/www.familinparis.fr\/en\/#\/schema\/person\/a87467bb417cd0c77d0a7bb5d1d78ac5"},"headline":"Japan evening at the Quai Branly Museum","datePublished":"2023-03-06T18:07:53+00:00","dateModified":"2026-01-22T10:27:41+00:00","mainEntityOfPage":{"@id":"https:\/\/www.familinparis.fr\/en\/japan-evening-at-the-quai-branly-museum\/"},"wordCount":165,"commentCount":0,"image":{"@id":"https:\/\/www.familinparis.fr\/en\/japan-evening-at-the-quai-branly-museum\/#primaryimage"},"thumbnailUrl":"https:\/\/www.familinparis.fr\/wp-content\/uploads\/actualites\/mars\/soiree-japon-quai-branly.jpg","articleSection":["Past events"],"inLanguage":"en-US","potentialAction":[{"@type":"CommentAction","name":"Comment","target":["https:\/\/www.familinparis.fr\/en\/japan-evening-at-the-quai-branly-museum\/#respond"]}]},{"@type":"WebPage","@id":"https:\/\/www.familinparis.fr\/en\/japan-evening-at-the-quai-branly-museum\/","url":"https:\/\/www.familinparis.fr\/en\/japan-evening-at-the-quai-branly-museum\/","name":"Japan evening at the Mus\u00e9e du Quai Branly on March 17, 2023","isPartOf":{"@id":"https:\/\/www.familinparis.fr\/en\/#website"},"primaryImageOfPage":{"@id":"https:\/\/www.familinparis.fr\/en\/japan-evening-at-the-quai-branly-museum\/#primaryimage"},"image":{"@id":"https:\/\/www.familinparis.fr\/en\/japan-evening-at-the-quai-branly-museum\/#primaryimage"},"thumbnailUrl":"https:\/\/www.familinparis.fr\/wp-content\/uploads\/actualites\/mars\/soiree-japon-quai-branly.jpg","datePublished":"2023-03-06T18:07:53+00:00","dateModified":"2026-01-22T10:27:41+00:00","author":{"@id":"https:\/\/www.familinparis.fr\/en\/#\/schema\/person\/a87467bb417cd0c77d0a7bb5d1d78ac5"},"description":"Free admission and free entertainment during this evening with family or friends. From 7 p.m. to midnight, immerse yourself in Japanese pop culture","breadcrumb":{"@id":"https:\/\/www.familinparis.fr\/en\/japan-evening-at-the-quai-branly-museum\/#breadcrumb"},"inLanguage":"en-US","potentialAction":[{"@type":"ReadAction","target":["https:\/\/www.familinparis.fr\/en\/japan-evening-at-the-quai-branly-museum\/"]}]},{"@type":"ImageObject","inLanguage":"en-US","@id":"https:\/\/www.familinparis.fr\/en\/japan-evening-at-the-quai-branly-museum\/#primaryimage","url":"https:\/\/www.familinparis.fr\/wp-content\/uploads\/actualites\/mars\/soiree-japon-quai-branly.jpg","contentUrl":"https:\/\/www.familinparis.fr\/wp-content\/uploads\/actualites\/mars\/soiree-japon-quai-branly.jpg","width":530,"height":757,"caption":"soir\u00e9e Japon grauite au mus\u00e9e du Quai Branly Jacques Chirac"},{"@type":"BreadcrumbList","@id":"https:\/\/www.familinparis.fr\/en\/japan-evening-at-the-quai-branly-museum\/#breadcrumb","itemListElement":[{"@type":"ListItem","position":1,"name":"Home","item":"https:\/\/www.familinparis.fr\/en\/"},{"@type":"ListItem","position":2,"name":"Past events","item":"https:\/\/www.familinparis.fr\/en\/categorie\/past-events\/"},{"@type":"ListItem","position":3,"name":"Japan evening at the Quai Branly Museum"}]},{"@type":"WebSite","@id":"https:\/\/www.familinparis.fr\/en\/#website","url":"https:\/\/www.familinparis.fr\/en\/","name":"Familin&#039;Paris","description":"Visiter le meilleur de Paris avec des enfants : sorties, spectacles, adresses de restaurants, shopping, bons plans...","potentialAction":[{"@type":"SearchAction","target":{"@type":"EntryPoint","urlTemplate":"https:\/\/www.familinparis.fr\/en\/?s={search_term_string}"},"query-input":{"@type":"PropertyValueSpecification","valueRequired":true,"valueName":"search_term_string"}}],"inLanguage":"en-US"},{"@type":"Person","@id":"https:\/\/www.familinparis.fr\/en\/#\/schema\/person\/a87467bb417cd0c77d0a7bb5d1d78ac5","name":"olivia","image":{"@type":"ImageObject","inLanguage":"en-US","@id":"https:\/\/secure.gravatar.com\/avatar\/cbca07f1dfea20f457a666a1b84ed5cf1364773d1378c6f10fd36c354eef1ef8?s=96&d=identicon&r=g","url":"https:\/\/secure.gravatar.com\/avatar\/cbca07f1dfea20f457a666a1b84ed5cf1364773d1378c6f10fd36c354eef1ef8?s=96&d=identicon&r=g","contentUrl":"https:\/\/secure.gravatar.com\/avatar\/cbca07f1dfea20f457a666a1b84ed5cf1364773d1378c6f10fd36c354eef1ef8?s=96&d=identicon&r=g","caption":"olivia"}}]}},"uagb_featured_image_src":{"full":["https:\/\/www.familinparis.fr\/wp-content\/uploads\/actualites\/mars\/soiree-japon-quai-branly.jpg",530,757,false],"thumbnail":["https:\/\/www.familinparis.fr\/wp-content\/uploads\/actualites\/mars\/soiree-japon-quai-branly-150x150.jpg",150,150,true],"medium":["https:\/\/www.familinparis.fr\/wp-content\/uploads\/actualites\/mars\/soiree-japon-quai-branly-210x300.jpg",210,300,true],"medium_large":["https:\/\/www.familinparis.fr\/wp-content\/uploads\/actualites\/mars\/soiree-japon-quai-branly.jpg",530,757,false],"large":["https:\/\/www.familinparis.fr\/wp-content\/uploads\/actualites\/mars\/soiree-japon-quai-branly.jpg",530,757,false],"1536x1536":["https:\/\/www.familinparis.fr\/wp-content\/uploads\/actualites\/mars\/soiree-japon-quai-branly.jpg",530,757,false],"2048x2048":["https:\/\/www.familinparis.fr\/wp-content\/uploads\/actualites\/mars\/soiree-japon-quai-branly.jpg",530,757,false],"home-thumb":["https:\/\/www.familinparis.fr\/wp-content\/uploads\/actualites\/mars\/soiree-japon-quai-branly-511x730.jpg",511,730,true],"home-slider":["https:\/\/www.familinparis.fr\/wp-content\/uploads\/actualites\/mars\/soiree-japon-quai-branly-530x600.jpg",530,600,true],"lightbox-slider-size":["https:\/\/www.familinparis.fr\/wp-content\/uploads\/actualites\/mars\/soiree-japon-quai-branly-530x282.jpg",530,282,true],"post-thumbnail":["https:\/\/www.familinparis.fr\/wp-content\/uploads\/actualites\/mars\/soiree-japon-quai-branly-270x180.jpg",270,180,true],"cheerup-main":["https:\/\/www.familinparis.fr\/wp-content\/uploads\/actualites\/mars\/soiree-japon-quai-branly-530x400.jpg",530,400,true],"cheerup-main-full":["https:\/\/www.familinparis.fr\/wp-content\/uploads\/actualites\/mars\/soiree-japon-quai-branly-530x508.jpg",530,508,true],"cheerup-slider-alt":["https:\/\/www.familinparis.fr\/wp-content\/uploads\/actualites\/mars\/soiree-japon-quai-branly-530x508.jpg",530,508,true],"cheerup-slider-trendy":["https:\/\/www.familinparis.fr\/wp-content\/uploads\/actualites\/mars\/soiree-japon-quai-branly-530x508.jpg",530,508,true],"cheerup-slider-stylish":["https:\/\/www.familinparis.fr\/wp-content\/uploads\/actualites\/mars\/soiree-japon-quai-branly-530x515.jpg",530,515,true],"cheerup-slider-grid":["https:\/\/www.familinparis.fr\/wp-content\/uploads\/actualites\/mars\/soiree-japon-quai-branly-530x600.jpg",530,600,true],"cheerup-slider-grid-sm":["https:\/\/www.familinparis.fr\/wp-content\/uploads\/actualites\/mars\/soiree-japon-quai-branly-300x300.jpg",300,300,true],"cheerup-slider-carousel":["https:\/\/www.familinparis.fr\/wp-content\/uploads\/actualites\/mars\/soiree-japon-quai-branly-370x370.jpg",370,370,true],"cheerup-slider-grid-b":["https:\/\/www.familinparis.fr\/wp-content\/uploads\/actualites\/mars\/soiree-japon-quai-branly-530x466.jpg",530,466,true],"cheerup-slider-grid-b-sm":["https:\/\/www.familinparis.fr\/wp-content\/uploads\/actualites\/mars\/soiree-japon-quai-branly-306x466.jpg",306,466,true],"cheerup-slider-bold-sm":["https:\/\/www.familinparis.fr\/wp-content\/uploads\/actualites\/mars\/soiree-japon-quai-branly-150x150.jpg",150,150,true],"cheerup-grid":["https:\/\/www.familinparis.fr\/wp-content\/uploads\/actualites\/mars\/soiree-japon-quai-branly-370x285.jpg",370,285,true],"cheerup-carousel":["https:\/\/www.familinparis.fr\/wp-content\/uploads\/actualites\/mars\/soiree-japon-quai-branly-270x180.jpg",270,180,true],"cheerup-carousel-b":["https:\/\/www.familinparis.fr\/wp-content\/uploads\/actualites\/mars\/soiree-japon-quai-branly-370x285.jpg",370,285,true],"cheerup-list":["https:\/\/www.familinparis.fr\/wp-content\/uploads\/actualites\/mars\/soiree-japon-quai-branly-260x200.jpg",260,200,true],"cheerup-list-b":["https:\/\/www.familinparis.fr\/wp-content\/uploads\/actualites\/mars\/soiree-japon-quai-branly-370x305.jpg",370,305,true],"cheerup-thumb":["https:\/\/www.familinparis.fr\/wp-content\/uploads\/actualites\/mars\/soiree-japon-quai-branly-87x67.jpg",87,67,true],"cheerup-thumb-alt":["https:\/\/www.familinparis.fr\/wp-content\/uploads\/actualites\/mars\/soiree-japon-quai-branly-150x150.jpg",150,150,true]},"uagb_author_info":{"display_name":"olivia","author_link":"https:\/\/www.familinparis.fr\/en\/author\/olivia\/"},"uagb_comment_info":0,"uagb_excerpt":"April 23, 2023","_links":{"self":[{"href":"https:\/\/www.familinparis.fr\/en\/wp-json\/wp\/v2\/posts\/135120","targetHints":{"allow":["GET"]}}],"collection":[{"href":"https:\/\/www.familinparis.fr\/en\/wp-json\/wp\/v2\/posts"}],"about":[{"href":"https:\/\/www.familinparis.fr\/en\/wp-json\/wp\/v2\/types\/post"}],"author":[{"embeddable":true,"href":"https:\/\/www.familinparis.fr\/en\/wp-json\/wp\/v2\/users\/5"}],"replies":[{"embeddable":true,"href":"https:\/\/www.familinparis.fr\/en\/wp-json\/wp\/v2\/comments?post=135120"}],"version-history":[{"count":0,"href":"https:\/\/www.familinparis.fr\/en\/wp-json\/wp\/v2\/posts\/135120\/revisions"}],"wp:featuredmedia":[{"embeddable":true,"href":"https:\/\/www.familinparis.fr\/en\/wp-json\/wp\/v2\/media\/131897"}],"wp:attachment":[{"href":"https:\/\/www.familinparis.fr\/en\/wp-json\/wp\/v2\/media?parent=135120"}],"wp:term":[{"taxonomy":"category","embeddable":true,"href":"https:\/\/www.familinparis.fr\/en\/wp-json\/wp\/v2\/categories?post=135120"},{"taxonomy":"post_tag","embeddable":true,"href":"https:\/\/www.familinparis.fr\/en\/wp-json\/wp\/v2\/tags?post=135120"}],"curies":[{"name":"wp","href":"https:\/\/api.w.org\/{rel}","templated":true}]}}