{"id":134886,"date":"2021-08-08T17:53:44","date_gmt":"2021-08-08T15:53:44","guid":{"rendered":"https:\/\/www.familinparis.fr\/the-parc-de-la-villette-educational-farm\/"},"modified":"2026-02-12T14:37:37","modified_gmt":"2026-02-12T12:37:37","slug":"the-parc-de-la-villette-educational-farm","status":"publish","type":"post","link":"https:\/\/www.familinparis.fr\/en\/the-parc-de-la-villette-educational-farm\/","title":{"rendered":"The Parc de La Villette educational farm"},"content":{"rendered":"<div class=\"lazyblock-baseline-1QRYPW wp-block-lazyblock-baseline\"><div class=\"baseline\">&#8211; GRATUIT &#8211;<br \/>  Samedi et dimanche toute l&#8217;ann\u00e9e sauf en d\u00e9cembre et janvier<\/div><\/div>\n<div style=\"height:21px\" aria-hidden=\"true\" class=\"wp-block-spacer\"><\/div>\n<div class=\"lazyblock-etiquettes-1d1ODj wp-block-lazyblock-etiquettes\"><div class=\"labels__fam\">\n        <a href=\"\/ferme-pedagogique-ile-de-france\/\" class=\"labels__fam-color-yellow labels__fam-radius-rounded\">\n        Educational farms      <\/a>\n        <a href=\"\/parc-animalier-paris-ile-de-france\/\" class=\"labels__fam-color-lightBlue labels__fam-radius-rounded\">\n        Animals      <\/a>\n        <a href=\"\/parc-et-jardin-parisien\/\" class=\"labels__fam-color-pink labels__fam-radius-rounded\">\n        Parks and gardens      <\/a>\n  <\/div><\/div>\n<div style=\"height:19px\" aria-hidden=\"true\" class=\"wp-block-spacer\"><\/div>\n\n<div class=\"wp-block-columns is-layout-flex wp-container-core-columns-is-layout-9d6595d7 wp-block-columns-is-layout-flex\">\n<div class=\"wp-block-column is-layout-flow wp-block-column-is-layout-flow\">\n<section class=\"wp-block-uagb-section uagb-section__wrap uagb-section__background-none uagb-block-efe9df78\"><div class=\"uagb-section__overlay\"><\/div><div class=\"uagb-section__inner-wrap\">\n<h3 class=\"wp-block-heading has-luminous-vivid-orange-color has-text-color\">Jusqu&#8217;\u00e0 la fin novembre 2025<\/h3>\n\n\n\n<ul class=\"wp-block-list\">\n<li><strong>Opening hours<\/strong> :  \n<ul class=\"wp-block-list\">\n<li><strong>D&#8217;avril \u00e0 octobre :<\/strong> samedi et dimanche de 15h \u00e0 19h<\/li>\n\n\n\n<li><strong>En novembre :<\/strong> samedi et dimanche de 14h30 \u00e0 17h30<\/li>\n<\/ul>\n<\/li>\n\n\n\n<li><strong>Fermeture annuelle<\/strong> en d\u00e9cembre et janvier<\/li>\n\n\n\n<li><strong>Free for all<\/strong><\/li>\n\n\n\n<li><strong>Des pr\u00e9sentations sur la Ferme en automne <\/strong>ont lieu tout les apr\u00e8s-midi adapt\u00e9 \u00e0 tous les publics <\/li>\n\n\n\n<li>Un guide d&#8217;exploration et un livret &#8220;Facile \u00e0 lire et \u00e0 comprendre&#8221; permet d\u2019accompagner la visite<\/li>\n\n\n\n<li>The educational farm of La Villette<strong> is supported by the Adrienne and Pierre Sommer Foundation <\/strong>, which has been committed for 50 years<strong> to animal mediation <\/strong>through information, funding for field initiatives and research<\/li>\n<\/ul>\n<\/div><\/section>\n<\/div>\n\n\n\n<div class=\"wp-block-column is-layout-flow wp-block-column-is-layout-flow\">\n<section class=\"wp-block-uagb-section uagb-section__wrap uagb-section__background-none uagb-block-e9a0a3d5\"><div class=\"uagb-section__overlay\"><\/div><div class=\"uagb-section__inner-wrap\">\n<h2 class=\"wp-block-heading\">La ferme p\u00e9dagogique de la Villette<\/h2>\n\n\n\n<p class=\"has-text-align-left\"><strong>ll y a comme un air de vacances \u00e0 la campagne<\/strong> au Parc de La Villette ! Laissez-vous conduire au d\u00e9tour des jardins passagers vers une paisible compagnie d&#8217;animaux de ferme qui <strong>viennent d&#8217;\u00e9levages engag\u00e9s dans la pr\u00e9servation des esp\u00e8ces et le bien-\u00eatre animal<\/strong>. <\/p>\n\n\n\n<p class=\"has-text-align-left\">Un moment id\u00e9al le <a href=\"https:\/\/www.familinparis.fr\/quoi-faire-ce-week-end\/\">week-end<\/a>, <a href=\"https:\/\/www.familinparis.fr\/sortie-gratuite\/\">gratuit<\/a> et tout en douceur<a href=\"https:\/\/www.familinparis.fr\/paris-pour-les-petits\/\"> avec les petits <\/a>pour aller \u00e0 la rencontre des deux copines, <strong>Quoquine<\/strong>\u00a0et<strong>\u00a0Lerminette<\/strong>, les deux \u00e2nesses de Sardaigne venues passer leur retraite \u00e0 Paris et trois g\u00e9n\u00e9rations de ch\u00e8vres des foss\u00e9s (Prune la grande m\u00e8re, Olive la m\u00e8re, Ula et Utopie les petites filles)<\/p>\n\n\n\n<p>La basse-cour ne serait pas compl\u00e8te sans les 6 poules de races anciennes et les adorables lapins (dits b\u00e9liers nains Minilop et papillons noir et blanc) issus de parents \u00e9lev\u00e9s dans une <strong>relation proche avec les humains<\/strong>. Enfin, les enfants feront la connaissance de <strong>Uru et Malice<\/strong>, les deux moutons noirs du Velay qui assurent l&#8217;<strong>\u00e9co-patur\u00e2ge du parc au long de l&#8217;ann\u00e9e.<\/strong><\/p>\n\n\n\n<p>Les abeilles attendent aussi leur petit public pour une d\u00e9couverte du monde fascinant des ruches du <a href=\"https:\/\/www.familinparis.fr\/?s=La+Villette\">Parc de La Villette<\/a><\/p>\n\n\n\n<p>Parent-child workshops (for a fee) are offered to accompany the discovery of the world of the farm<\/p>\n<\/div><\/section>\n<\/div>\n<\/div>\n\n<div style=\"height:37px\" aria-hidden=\"true\" class=\"wp-block-spacer\"><\/div>\n\n<section class=\"wp-block-uagb-section uagb-section__wrap uagb-section__background-none uagb-block-431c37f4\"><div class=\"uagb-section__overlay\"><\/div><div class=\"uagb-section__inner-wrap\">\n<h2 class=\"wp-block-heading\">Les Ateliers \u00e0 la ferme <\/h2>\n\n\n\n<ul class=\"wp-block-list\">\n<li><strong>&#8220;Les Matins fermiers&#8221; &#8211; atelier nature \u00e0 la ferme de La Villette &#8211; 3-10 ans &#8211;<\/strong> (Dur\u00e9e 1h30) &#8211; R\u00e9servation en ligne sur le site de La Villette &#8211; rubrique ateliers enfants &#8211; Les dimanches en juin et juillet<\/li>\n<\/ul>\n\n\n\n<ul class=\"wp-block-list\">\n<li><strong>&#8220;Ateliers adultes&#8221; <\/strong>: ateliers pratiques en pleine nature (payants)\n<ul class=\"wp-block-list\">\n<li> <strong>jardinage \u00e9cologique<\/strong> (gratuit le vendredi de la fin mars au 20 juin de 14h30 \u00e0 17h)<\/li>\n\n\n\n<li><strong>L&#8217;Ecole des poules<\/strong> &#8211; le 27 avril et 15 juin 2025<\/li>\n\n\n\n<li><strong>Cyanobotanique<\/strong> &#8211; le 22 juin 10h30-13h30<\/li>\n\n\n\n<li><strong>Villette sophronique<\/strong> (sophrologie) &#8211; le 28 juin 11h-13h<\/li>\n\n\n\n<li><strong>un amour de chien, ou l&#8217;histoire des chiens de Paris<\/strong> &#8211; 29 juin 11h-13h<\/li>\n\n\n\n<li><strong>Apiculture<\/strong> &#8211; 5 juillet et 30 ao\u00fbt 2025 &#8211; 11h-13h<\/li>\n\n\n\n<li><strong>Veill\u00e9e chauves-souris<\/strong> &#8211; 19 juillet 20h15-22h15<\/li>\n<\/ul>\n<\/li>\n<\/ul>\n<\/div><\/section>\n\n<div style=\"height:50px\" aria-hidden=\"true\" class=\"wp-block-spacer\"><\/div>\n\n<figure class=\"wp-block-embed is-type-video is-provider-youtube wp-block-embed-youtube wp-embed-aspect-16-9 wp-has-aspect-ratio\"><div class=\"wp-block-embed__wrapper\">\n<iframe title=\"La Ferme de la Villette \u2022 Rencontre avec S\u00e9bastien\" width=\"770\" height=\"433\" src=\"https:\/\/www.youtube.com\/embed\/Y4BUDr5vQPE?feature=oembed\" frameborder=\"0\" allow=\"accelerometer; autoplay; clipboard-write; encrypted-media; gyroscope; picture-in-picture; web-share\" referrerpolicy=\"strict-origin-when-cross-origin\" allowfullscreen><\/iframe>\n<\/div><figcaption class=\"wp-element-caption\">La Ferme de La Villette<\/figcaption><\/figure>\n\n<div style=\"height:31px\" aria-hidden=\"true\" class=\"wp-block-spacer\"><\/div>\n<div class=\"lazyblock-grids-2tHfRE wp-block-lazyblock-grids\"><div class=\"row new-grids grids-style-2\">\n        <div class=\"col-12 grid-title\">\n        <h2 class=\"c-blue\">Free in and around Paris<\/h2>\n\n            <\/div>\n        \n    <div class=\"col-12 grids columns-4\">\n        \n\n<div class=\"grid\">\n\t<a href=\"https:\/\/www.familinparis.fr\/en\/nature-festival-2024\/\" target=\"_self\">\n\t    <div class=\"image\" style=\"background-image:url('https:\/\/www.familinparis.fr\/wp-content\/uploads\/2025\/05\/fete-de-la-nature-2025-large-564x282.jpg')\">\n\t    \t\t\t\t\t    <\/div>\n\t    <div class=\"texte\">\n\t        <h5><\/h5>\n\t        <h3>Nature Festival 2024<\/h3>\n\t        <div class=\"tags\">\n\t        \t\t        \t<span><\/span>\n\t        <\/div>\n\t        <div class=\"bas\">\n        \t\t<div class=\"prix\">\n        \t\t\t        \t\t<\/div>\n            \t<div class=\"review-stars\" data-productId=\"\">\n            \t<\/div>\n\t        <\/div>\n\t    <\/div>\n\t<\/a>\n<\/div>\n\n<div class=\"grid\">\n\t<a href=\"https:\/\/www.familinparis.fr\/en\/hors-control-la-boum-pour-enfant-gratuit\/\" target=\"_self\">\n\t    <div class=\"image\" style=\"background-image:url('https:\/\/www.familinparis.fr\/wp-content\/uploads\/2024\/10\/Capture-decran-2025-08-06-171103-564x282.jpg')\">\n\t    \t\t    \t<div class=\"dateOnImg\">May 10 and June 8, 2025<\/div>\n\t    \t\t\t\t\t    <\/div>\n\t    <div class=\"texte\">\n\t        <h5>Ground Control (Paris 12th)<\/h5>\n\t        <h3>Hors Control, the children&#8217;s party<\/h3>\n\t        <div class=\"tags\">\n\t        \t\t        \t\t<span>For everyone<\/span>\n\t        \t\t        \t<span>Free  <\/span>\n\t        <\/div>\n\t        <div class=\"bas\">\n        \t\t<div class=\"prix\">\n        \t\t\t        \t\t<\/div>\n            \t<div class=\"review-stars\" data-productId=\"\">\n            \t<\/div>\n\t        <\/div>\n\t    <\/div>\n\t<\/a>\n<\/div>\n\n<div class=\"grid\">\n\t<a href=\"https:\/\/www.familinparis.fr\/en\/the-museum-of-modern-art-in-paris\/\" target=\"_self\">\n\t    <div class=\"image\" style=\"background-image:url('https:\/\/www.familinparis.fr\/wp-content\/uploads\/photos-familinparis-2021\/mus\u00e9e\/musee-picasso\/oeuvre-picasso-musee-picasso-\u00a9FamilinParis-867x1009-1-564x282.jpg')\">\n\t    \t\t\t\t\t    <\/div>\n\t    <div class=\"texte\">\n\t        <h5><\/h5>\n\t        <h3>The Museum of Modern Art in Paris<\/h3>\n\t        <div class=\"tags\">\n\t        \t\t        \t<span><\/span>\n\t        <\/div>\n\t        <div class=\"bas\">\n        \t\t<div class=\"prix\">\n        \t\t\t        \t\t<\/div>\n            \t<div class=\"review-stars\" data-productId=\"\">\n            \t<\/div>\n\t        <\/div>\n\t    <\/div>\n\t<\/a>\n<\/div>\n\n<div class=\"grid\">\n\t<a href=\"https:\/\/www.familinparis.fr\/en\/visit-notre-dame-de-paris\/\" target=\"_self\">\n\t    <div class=\"image\" style=\"background-image:url('https:\/\/www.familinparis.fr\/wp-content\/uploads\/2024\/12\/cathedral-738118_1280-564x282.jpeg')\">\n\t    \t\t    \t<div class=\"dateOnImg\">Tous les jours<\/div>\n\t    \t\t\t\t\t    <\/div>\n\t    <div class=\"texte\">\n\t        <h5>Notre-Dame de Paris<\/h5>\n\t        <h3>Reopening of Notre-Dame de Paris<\/h3>\n\t        <div class=\"tags\">\n\t        \t\t        \t\t<span>Pour tous<\/span>\n\t        \t\t        \t<span>7h45 \u00e0 19h<\/span>\n\t        <\/div>\n\t        <div class=\"bas\">\n        \t\t<div class=\"prix\">\n        \t\t\t        \t\t<\/div>\n            \t<div class=\"review-stars\" data-productId=\"\">\n            \t<\/div>\n\t        <\/div>\n\t    <\/div>\n\t<\/a>\n<\/div>    <\/div>\n\n            <div class=\"col-12 t-center m-b-20\">\n            <div class=\"labels__fam\">\n                                    <a href=\"\/sortie-gratuite\/\" class=\"labels__fam-color-secondary labels__fam-radius-rounded\">\n                        Even more free activities                    <\/a>\n                                    <a href=\"\/le-bassin-de-la-villette\/\" class=\"labels__fam-color-secondary labels__fam-radius-rounded\">\n                        The Villette district                    <\/a>\n                                    <a href=\"\/ferme-pedagogique-ile-de-france\/\" class=\"labels__fam-color-secondary labels__fam-radius-rounded\">\n                        All educational farms                    <\/a>\n                            <\/div>\n        <\/div>\n    \n    \n\n<\/div>\n<\/div><div class=\"lazyblock-grids-Nf84U wp-block-lazyblock-grids\"><div class=\"row new-grids grids-style-2\">\n        <div class=\"col-12 grid-title\">\n        <h2 class=\"c-blue\">Les fermes p\u00e9dagogiques<\/h2>\n\n            <\/div>\n        \n    <div class=\"col-12 grids columns-4\">\n        \n\n<div class=\"grid\">\n\t<a href=\"https:\/\/www.familinparis.fr\/en\/atelier-pain-et-visite-ferme-de-gally-saint-cyr-78\/\" target=\"_self\">\n\t    <div class=\"image\" style=\"background-image:url('https:\/\/www.familinparis.fr\/wp-content\/uploads\/Animaux\/poules-sh_24331018-564x282.jpg')\">\n\t    \t\t    \t<div class=\"dateOnImg\">Jusqu&#8217;au 30 avril 2025<\/div>\n\t    \t\t\t\t\t    <\/div>\n\t    <div class=\"texte\">\n\t        <h5>Ferme ouverte de Saint-Cyr-l&#8217;Ecole<\/h5>\n\t        <h3>Bread and animal workshop, at the Ferme de Gally Saint-Cyr (78)<\/h3>\n\t        <div class=\"tags\">\n\t        \t\t        \t\t<span>de 3 \u00e0 12 ans <\/span>\n\t        \t\t        \t<span>45 min<\/span>\n\t        <\/div>\n\t        <div class=\"bas\">\n        \t\t<div class=\"prix\">\n        \t\t\t        \t\t<\/div>\n            \t<div class=\"review-stars\" data-productId=\"\">\n            \t<\/div>\n\t        <\/div>\n\t    <\/div>\n\t<\/a>\n<\/div>\n\n<div class=\"grid\">\n\t<a href=\"https:\/\/www.familinparis.fr\/en\/educational-farm-in-paris-noahs-world-for-children\/\" target=\"_self\">\n\t    <div class=\"image\" style=\"background-image:url('https:\/\/www.familinparis.fr\/wp-content\/uploads\/Animaux\/Monde-de-Noe\/Monde-de-noe--564x282.jpg')\">\n\t    \t\t    \t<div class=\"dateOnImg\">7j\/7<\/div>\n\t    \t\t\t\t\t\t\t\t<div class=\"rond-blanc-age\"><span>from <span class=\"age-number\">1<\/span> yo<\/span><\/div>\n\t\t\t\t    <\/div>\n\t    <div class=\"texte\">\n\t        <h5>Dans le 14\u00e8me et le 16\u00e8me <\/h5>\n\t        <h3>Finding Noah, the immersive experience on the animal world<\/h3>\n\t        <div class=\"tags\">\n\t        \t\t        \t\t<span>Ferme p\u00e9dadogique<\/span>\n\t        \t\t        \t<span>1h environ<\/span>\n\t        <\/div>\n\t        <div class=\"bas\">\n        \t\t<div class=\"prix\">\n        \t\t\t        \t\t<\/div>\n            \t<div class=\"review-stars\" data-productId=\"\">\n            \t<\/div>\n\t        <\/div>\n\t    <\/div>\n\t<\/a>\n<\/div>\n\n<div class=\"grid\">\n\t<a href=\"https:\/\/www.familinparis.fr\/en\/bread-and-animals-workshop-at-ferme-de-gally-in-sartrouville\/\" target=\"_self\">\n\t    <div class=\"image\" style=\"background-image:url('https:\/\/www.familinparis.fr\/wp-content\/uploads\/2024\/11\/atelier-fabrication-pain-564x282.jpg')\">\n\t    \t\t    \t<div class=\"dateOnImg\">Jusqu&#8217;au 30 avril 2025<\/div>\n\t    \t\t\t\t\t    <\/div>\n\t    <div class=\"texte\">\n\t        <h5>Ferme de Gally Sartrouville<\/h5>\n\t        <h3>Bread and animal workshop at the Ferme de Gally in Sartrouville (78)<\/h3>\n\t        <div class=\"tags\">\n\t        \t\t        \t\t<span>de 3 \u00e0 12 ans <\/span>\n\t        \t\t        \t<span>45min<\/span>\n\t        <\/div>\n\t        <div class=\"bas\">\n        \t\t<div class=\"prix\">\n        \t\t\t        \t\t<\/div>\n            \t<div class=\"review-stars\" data-productId=\"\">\n            \t<\/div>\n\t        <\/div>\n\t    <\/div>\n\t<\/a>\n<\/div>\n\n<div class=\"grid\">\n\t<a href=\"https:\/\/www.familinparis.fr\/en\/bread-and-animal-workshop-at-the-saint-denis-farm\/\" target=\"_self\">\n\t    <div class=\"image\" style=\"background-image:url('https:\/\/www.familinparis.fr\/wp-content\/uploads\/Animaux\/ferme\/ferme-pedagogique-mouton-564x282.jpg')\">\n\t    \t\t    \t<div class=\"dateOnImg\">Jusqu&#8217;au 13 avril 2025<\/div>\n\t    \t\t\t\t\t    <\/div>\n\t    <div class=\"texte\">\n\t        <h5>La Ferme ouverte de de saint-Denis<\/h5>\n\t        <h3>Bread and Animals Workshop, at the Open Farm of Saint-Denis<\/h3>\n\t        <div class=\"tags\">\n\t        \t\t        \t\t<span>de 3 \u00e0 12 ans <\/span>\n\t        \t\t        \t<span>atelier de 45min <\/span>\n\t        <\/div>\n\t        <div class=\"bas\">\n        \t\t<div class=\"prix\">\n        \t\t\t        \t\t<\/div>\n            \t<div class=\"review-stars\" data-productId=\"\">\n            \t<\/div>\n\t        <\/div>\n\t    <\/div>\n\t<\/a>\n<\/div>\n\n<div class=\"grid\">\n\t<a href=\"https:\/\/www.familinparis.fr\/en\/malowe-nature-the-educational-farm\/\" target=\"_self\">\n\t    <div class=\"image\" style=\"background-image:url('https:\/\/www.familinparis.fr\/wp-content\/uploads\/Animaux\/Malowe-Nature\/enfants-564x282.jpg')\">\n\t    \t\t\t\t\t    <\/div>\n\t    <div class=\"texte\">\n\t        <h5><\/h5>\n\t        <h3>Malowe Nature, the educational farm<\/h3>\n\t        <div class=\"tags\">\n\t        \t\t        \t<span><\/span>\n\t        <\/div>\n\t        <div class=\"bas\">\n        \t\t<div class=\"prix\">\n        \t\t\t        \t\t<\/div>\n            \t<div class=\"review-stars\" data-productId=\"\">\n            \t<\/div>\n\t        <\/div>\n\t    <\/div>\n\t<\/a>\n<\/div>\n\n<div class=\"grid\">\n\t<a href=\"https:\/\/www.familinparis.fr\/en\/the-open-farm-of-saint-denis\/\" target=\"_self\">\n\t    <div class=\"image\" style=\"background-image:url('https:\/\/www.familinparis.fr\/wp-content\/uploads\/LOISIRS\/fermes\/ferme-pedagogique-poussin-564x282.jpg')\">\n\t    \t\t    \t<div class=\"dateOnImg\">Less than 6 euros for admission<\/div>\n\t    \t\t\t\t\t    <\/div>\n\t    <div class=\"texte\">\n\t        <h5>In Saint-Denis (93)<\/h5>\n\t        <h3>The open farm of Saint-Denis<\/h3>\n\t        <div class=\"tags\">\n\t        \t\t        \t<span><\/span>\n\t        <\/div>\n\t        <div class=\"bas\">\n        \t\t<div class=\"prix\">\n        \t\t\t        \t\t<\/div>\n            \t<div class=\"review-stars\" data-productId=\"\">\n            \t<\/div>\n\t        <\/div>\n\t    <\/div>\n\t<\/a>\n<\/div>\n\n<div class=\"grid\">\n\t<a href=\"https:\/\/www.familinparis.fr\/en\/the-gally-farm-saint-cyr-lecole\/\" target=\"_self\">\n\t    <div class=\"image\" style=\"background-image:url('https:\/\/www.familinparis.fr\/wp-content\/uploads\/LOISIRS\/fermes\/ferme-pedagogique-poussin-564x282.jpg')\">\n\t    \t\t    \t<div class=\"dateOnImg\">Less than 5.50 euros per entry<\/div>\n\t    \t\t\t\t\t    <\/div>\n\t    <div class=\"texte\">\n\t        <h5>In the Yvelines (78)<\/h5>\n\t        <h3>The Gally farm (Saint-Cyr-l&#8217;\u00e9cole)<\/h3>\n\t        <div class=\"tags\">\n\t        \t\t        \t<span><\/span>\n\t        <\/div>\n\t        <div class=\"bas\">\n        \t\t<div class=\"prix\">\n        \t\t\t        \t\t<\/div>\n            \t<div class=\"review-stars\" data-productId=\"\">\n            \t<\/div>\n\t        <\/div>\n\t    <\/div>\n\t<\/a>\n<\/div>\n\n<div class=\"grid\">\n\t<a href=\"https:\/\/www.familinparis.fr\/en\/the-national-sheepfold-of-rambouillet\/\" target=\"_self\">\n\t    <div class=\"image\" style=\"background-image:url('https:\/\/www.familinparis.fr\/wp-content\/uploads\/LOISIRS\/fermes\/ferme-pedagogique-mouton-564x282.jpg')\">\n\t    \t\t    \t<div class=\"dateOnImg\">Less than 9 euros for admission<\/div>\n\t    \t\t\t\t\t    <\/div>\n\t    <div class=\"texte\">\n\t        <h5>In Rambouillet in the Yvelines (78)<\/h5>\n\t        <h3>The national sheepfold of Rambouillet<\/h3>\n\t        <div class=\"tags\">\n\t        \t\t        \t<span><\/span>\n\t        <\/div>\n\t        <div class=\"bas\">\n        \t\t<div class=\"prix\">\n        \t\t\t        \t\t<\/div>\n            \t<div class=\"review-stars\" data-productId=\"\">\n            \t<\/div>\n\t        <\/div>\n\t    <\/div>\n\t<\/a>\n<\/div>    <\/div>\n\n    \n    \n\n<\/div>\n<\/div>\n<div style=\"height:24px\" aria-hidden=\"true\" class=\"wp-block-spacer\"><\/div>\n\n<div class=\"wp-block-group\"><div class=\"wp-block-group__inner-container is-layout-constrained wp-block-group-is-layout-constrained\">\n<div class=\"wp-block-buttons is-content-justification-center is-layout-flex wp-container-core-buttons-is-layout-5e6b19ed wp-block-buttons-is-layout-flex\">\n<div class=\"wp-block-button\"><a class=\"wp-block-button__link has-white-color has-text-color has-background wp-element-button\" href=\"https:\/\/www.familinparis.fr\/en\/where-to-see-animals-in-paris-and-ile-de-france\/\" style=\"background-color:#db384b\" target=\"_blank\" rel=\"noreferrer noopener\">Ou voir des animaux ?<\/a><\/div>\n\n\n\n<div class=\"wp-block-button\"><a class=\"wp-block-button__link has-white-color has-text-color has-background wp-element-button\" href=\"https:\/\/www.familinparis.fr\/en\/paris-with-a-small-child\/\" style=\"background-color:#db384b\">Que faire avec les 3-6 ans ?<\/a><\/div>\n<\/div>\n<\/div><\/div>\n\n<p><\/p>\n","protected":false},"excerpt":{"rendered":"<p>Until November 25, 2024  <\/p>\n","protected":false},"author":12,"featured_media":132143,"comment_status":"open","ping_status":"open","sticky":false,"template":"","format":"standard","meta":{"_uag_custom_page_level_css":"","footnotes":""},"categories":[1242,1337],"tags":[1208,1226,1320,1209,1547,1550,1295,1369,1302],"class_list":{"0":"post-134886","1":"post","2":"type-post","3":"status-publish","4":"format-standard","5":"has-post-thumbnail","7":"category-animals","8":"category-farm","9":"tag-for-3-6-year-olds","10":"tag-for-7-12-year-olds","11":"tag-free","12":"tag-good-looking","13":"tag-paris","14":"tag-paris-en","15":"tag-sunday","16":"tag-the-villette-district-and-canal-saint-martin","17":"tag-weekend"},"yoast_head":"<!-- This site is optimized with the Yoast SEO plugin v27.2 - https:\/\/yoast.com\/product\/yoast-seo-wordpress\/ -->\n<title>FREE | The educational farm of the Parc de la Villette<\/title>\n<meta name=\"description\" content=\"Until November 25, 2024. Free and free access. The educational farm to learn everything about the animals. Ideal with little ones\" \/>\n<meta name=\"robots\" content=\"index, follow, max-snippet:-1, max-image-preview:large, max-video-preview:-1\" \/>\n<link rel=\"canonical\" href=\"https:\/\/www.familinparis.fr\/en\/the-parc-de-la-villette-educational-farm\/\" \/>\n<meta property=\"og:locale\" content=\"en_US\" \/>\n<meta property=\"og:type\" content=\"article\" \/>\n<meta property=\"og:title\" content=\"FREE | The educational farm of the Parc de la Villette\" \/>\n<meta property=\"og:description\" content=\"Until November 25, 2024. Free and free access. The educational farm to learn everything about the animals. Ideal with little ones\" \/>\n<meta property=\"og:url\" content=\"https:\/\/www.familinparis.fr\/en\/the-parc-de-la-villette-educational-farm\/\" \/>\n<meta property=\"og:site_name\" content=\"Familin&#039;Paris\" \/>\n<meta property=\"article:published_time\" content=\"2021-08-08T15:53:44+00:00\" \/>\n<meta property=\"article:modified_time\" content=\"2026-02-12T12:37:37+00:00\" \/>\n<meta property=\"og:image\" content=\"https:\/\/www.familinparis.fr\/wp-content\/uploads\/2023\/06\/Ferme-pedagogique-la-villette-2023-1.jpg-1.jpg\" \/>\n\t<meta property=\"og:image:width\" content=\"308\" \/>\n\t<meta property=\"og:image:height\" content=\"301\" \/>\n\t<meta property=\"og:image:type\" content=\"image\/jpeg\" \/>\n<meta name=\"author\" content=\"Magali\" \/>\n<meta name=\"twitter:card\" content=\"summary_large_image\" \/>\n<meta name=\"twitter:label1\" content=\"Written by\" \/>\n\t<meta name=\"twitter:data1\" content=\"Magali\" \/>\n\t<meta name=\"twitter:label2\" content=\"Est. reading time\" \/>\n\t<meta name=\"twitter:data2\" content=\"2 minutes\" \/>\n<script type=\"application\/ld+json\" class=\"yoast-schema-graph\">{\"@context\":\"https:\/\/schema.org\",\"@graph\":[{\"@type\":\"Article\",\"@id\":\"https:\/\/www.familinparis.fr\/en\/the-parc-de-la-villette-educational-farm\/#article\",\"isPartOf\":{\"@id\":\"https:\/\/www.familinparis.fr\/en\/the-parc-de-la-villette-educational-farm\/\"},\"author\":{\"name\":\"Magali\",\"@id\":\"https:\/\/www.familinparis.fr\/en\/#\/schema\/person\/76ad1a7946173a69e7244f034bfcbca6\"},\"headline\":\"The Parc de La Villette educational farm\",\"datePublished\":\"2021-08-08T15:53:44+00:00\",\"dateModified\":\"2026-02-12T12:37:37+00:00\",\"mainEntityOfPage\":{\"@id\":\"https:\/\/www.familinparis.fr\/en\/the-parc-de-la-villette-educational-farm\/\"},\"wordCount\":471,\"commentCount\":0,\"image\":{\"@id\":\"https:\/\/www.familinparis.fr\/en\/the-parc-de-la-villette-educational-farm\/#primaryimage\"},\"thumbnailUrl\":\"https:\/\/www.familinparis.fr\/wp-content\/uploads\/2023\/06\/Ferme-pedagogique-la-villette-2023-1.jpg-1.jpg\",\"keywords\":[\"For 3-6 year olds\",\"For 7-12 year olds\",\"free\",\"Good looking\",\"Paris\",\"Paris\",\"Sunday\",\"The Villette district (and Canal-Saint-Martin)\",\"weekend\"],\"articleSection\":[\"Animals\",\"Farm\"],\"inLanguage\":\"en-US\",\"potentialAction\":[{\"@type\":\"CommentAction\",\"name\":\"Comment\",\"target\":[\"https:\/\/www.familinparis.fr\/en\/the-parc-de-la-villette-educational-farm\/#respond\"]}]},{\"@type\":\"WebPage\",\"@id\":\"https:\/\/www.familinparis.fr\/en\/the-parc-de-la-villette-educational-farm\/\",\"url\":\"https:\/\/www.familinparis.fr\/en\/the-parc-de-la-villette-educational-farm\/\",\"name\":\"FREE | The educational farm of the Parc de la Villette\",\"isPartOf\":{\"@id\":\"https:\/\/www.familinparis.fr\/en\/#website\"},\"primaryImageOfPage\":{\"@id\":\"https:\/\/www.familinparis.fr\/en\/the-parc-de-la-villette-educational-farm\/#primaryimage\"},\"image\":{\"@id\":\"https:\/\/www.familinparis.fr\/en\/the-parc-de-la-villette-educational-farm\/#primaryimage\"},\"thumbnailUrl\":\"https:\/\/www.familinparis.fr\/wp-content\/uploads\/2023\/06\/Ferme-pedagogique-la-villette-2023-1.jpg-1.jpg\",\"datePublished\":\"2021-08-08T15:53:44+00:00\",\"dateModified\":\"2026-02-12T12:37:37+00:00\",\"author\":{\"@id\":\"https:\/\/www.familinparis.fr\/en\/#\/schema\/person\/76ad1a7946173a69e7244f034bfcbca6\"},\"description\":\"Until November 25, 2024. Free and free access. The educational farm to learn everything about the animals. Ideal with little ones\",\"breadcrumb\":{\"@id\":\"https:\/\/www.familinparis.fr\/en\/the-parc-de-la-villette-educational-farm\/#breadcrumb\"},\"inLanguage\":\"en-US\",\"potentialAction\":[{\"@type\":\"ReadAction\",\"target\":[\"https:\/\/www.familinparis.fr\/en\/the-parc-de-la-villette-educational-farm\/\"]}]},{\"@type\":\"ImageObject\",\"inLanguage\":\"en-US\",\"@id\":\"https:\/\/www.familinparis.fr\/en\/the-parc-de-la-villette-educational-farm\/#primaryimage\",\"url\":\"https:\/\/www.familinparis.fr\/wp-content\/uploads\/2023\/06\/Ferme-pedagogique-la-villette-2023-1.jpg-1.jpg\",\"contentUrl\":\"https:\/\/www.familinparis.fr\/wp-content\/uploads\/2023\/06\/Ferme-pedagogique-la-villette-2023-1.jpg-1.jpg\",\"width\":308,\"height\":301},{\"@type\":\"BreadcrumbList\",\"@id\":\"https:\/\/www.familinparis.fr\/en\/the-parc-de-la-villette-educational-farm\/#breadcrumb\",\"itemListElement\":[{\"@type\":\"ListItem\",\"position\":1,\"name\":\"Home\",\"item\":\"https:\/\/www.familinparis.fr\/en\/\"},{\"@type\":\"ListItem\",\"position\":2,\"name\":\"Animals\",\"item\":\"https:\/\/www.familinparis.fr\/en\/categorie\/animals\/\"},{\"@type\":\"ListItem\",\"position\":3,\"name\":\"The Parc de La Villette educational farm\"}]},{\"@type\":\"WebSite\",\"@id\":\"https:\/\/www.familinparis.fr\/en\/#website\",\"url\":\"https:\/\/www.familinparis.fr\/en\/\",\"name\":\"Familin&#039;Paris\",\"description\":\"Visiter le meilleur de Paris avec des enfants : sorties, spectacles, adresses de restaurants, shopping, bons plans...\",\"potentialAction\":[{\"@type\":\"SearchAction\",\"target\":{\"@type\":\"EntryPoint\",\"urlTemplate\":\"https:\/\/www.familinparis.fr\/en\/?s={search_term_string}\"},\"query-input\":{\"@type\":\"PropertyValueSpecification\",\"valueRequired\":true,\"valueName\":\"search_term_string\"}}],\"inLanguage\":\"en-US\"},{\"@type\":\"Person\",\"@id\":\"https:\/\/www.familinparis.fr\/en\/#\/schema\/person\/76ad1a7946173a69e7244f034bfcbca6\",\"name\":\"Magali\",\"image\":{\"@type\":\"ImageObject\",\"inLanguage\":\"en-US\",\"@id\":\"https:\/\/secure.gravatar.com\/avatar\/5784aec9c0ccc7e91e71b0573d0870889e43807ad8b24908c501df25e58fa11a?s=96&d=identicon&r=g\",\"url\":\"https:\/\/secure.gravatar.com\/avatar\/5784aec9c0ccc7e91e71b0573d0870889e43807ad8b24908c501df25e58fa11a?s=96&d=identicon&r=g\",\"contentUrl\":\"https:\/\/secure.gravatar.com\/avatar\/5784aec9c0ccc7e91e71b0573d0870889e43807ad8b24908c501df25e58fa11a?s=96&d=identicon&r=g\",\"caption\":\"Magali\"}}]}<\/script>\n<!-- \/ Yoast SEO plugin. -->","yoast_head_json":{"title":"FREE | The educational farm of the Parc de la Villette","description":"Until November 25, 2024. Free and free access. The educational farm to learn everything about the animals. Ideal with little ones","robots":{"index":"index","follow":"follow","max-snippet":"max-snippet:-1","max-image-preview":"max-image-preview:large","max-video-preview":"max-video-preview:-1"},"canonical":"https:\/\/www.familinparis.fr\/en\/the-parc-de-la-villette-educational-farm\/","og_locale":"en_US","og_type":"article","og_title":"FREE | The educational farm of the Parc de la Villette","og_description":"Until November 25, 2024. Free and free access. The educational farm to learn everything about the animals. Ideal with little ones","og_url":"https:\/\/www.familinparis.fr\/en\/the-parc-de-la-villette-educational-farm\/","og_site_name":"Familin&#039;Paris","article_published_time":"2021-08-08T15:53:44+00:00","article_modified_time":"2026-02-12T12:37:37+00:00","og_image":[{"width":308,"height":301,"url":"https:\/\/www.familinparis.fr\/wp-content\/uploads\/2023\/06\/Ferme-pedagogique-la-villette-2023-1.jpg-1.jpg","type":"image\/jpeg"}],"author":"Magali","twitter_card":"summary_large_image","twitter_misc":{"Written by":"Magali","Est. reading time":"2 minutes"},"schema":{"@context":"https:\/\/schema.org","@graph":[{"@type":"Article","@id":"https:\/\/www.familinparis.fr\/en\/the-parc-de-la-villette-educational-farm\/#article","isPartOf":{"@id":"https:\/\/www.familinparis.fr\/en\/the-parc-de-la-villette-educational-farm\/"},"author":{"name":"Magali","@id":"https:\/\/www.familinparis.fr\/en\/#\/schema\/person\/76ad1a7946173a69e7244f034bfcbca6"},"headline":"The Parc de La Villette educational farm","datePublished":"2021-08-08T15:53:44+00:00","dateModified":"2026-02-12T12:37:37+00:00","mainEntityOfPage":{"@id":"https:\/\/www.familinparis.fr\/en\/the-parc-de-la-villette-educational-farm\/"},"wordCount":471,"commentCount":0,"image":{"@id":"https:\/\/www.familinparis.fr\/en\/the-parc-de-la-villette-educational-farm\/#primaryimage"},"thumbnailUrl":"https:\/\/www.familinparis.fr\/wp-content\/uploads\/2023\/06\/Ferme-pedagogique-la-villette-2023-1.jpg-1.jpg","keywords":["For 3-6 year olds","For 7-12 year olds","free","Good looking","Paris","Paris","Sunday","The Villette district (and Canal-Saint-Martin)","weekend"],"articleSection":["Animals","Farm"],"inLanguage":"en-US","potentialAction":[{"@type":"CommentAction","name":"Comment","target":["https:\/\/www.familinparis.fr\/en\/the-parc-de-la-villette-educational-farm\/#respond"]}]},{"@type":"WebPage","@id":"https:\/\/www.familinparis.fr\/en\/the-parc-de-la-villette-educational-farm\/","url":"https:\/\/www.familinparis.fr\/en\/the-parc-de-la-villette-educational-farm\/","name":"FREE | The educational farm of the Parc de la Villette","isPartOf":{"@id":"https:\/\/www.familinparis.fr\/en\/#website"},"primaryImageOfPage":{"@id":"https:\/\/www.familinparis.fr\/en\/the-parc-de-la-villette-educational-farm\/#primaryimage"},"image":{"@id":"https:\/\/www.familinparis.fr\/en\/the-parc-de-la-villette-educational-farm\/#primaryimage"},"thumbnailUrl":"https:\/\/www.familinparis.fr\/wp-content\/uploads\/2023\/06\/Ferme-pedagogique-la-villette-2023-1.jpg-1.jpg","datePublished":"2021-08-08T15:53:44+00:00","dateModified":"2026-02-12T12:37:37+00:00","author":{"@id":"https:\/\/www.familinparis.fr\/en\/#\/schema\/person\/76ad1a7946173a69e7244f034bfcbca6"},"description":"Until November 25, 2024. Free and free access. The educational farm to learn everything about the animals. Ideal with little ones","breadcrumb":{"@id":"https:\/\/www.familinparis.fr\/en\/the-parc-de-la-villette-educational-farm\/#breadcrumb"},"inLanguage":"en-US","potentialAction":[{"@type":"ReadAction","target":["https:\/\/www.familinparis.fr\/en\/the-parc-de-la-villette-educational-farm\/"]}]},{"@type":"ImageObject","inLanguage":"en-US","@id":"https:\/\/www.familinparis.fr\/en\/the-parc-de-la-villette-educational-farm\/#primaryimage","url":"https:\/\/www.familinparis.fr\/wp-content\/uploads\/2023\/06\/Ferme-pedagogique-la-villette-2023-1.jpg-1.jpg","contentUrl":"https:\/\/www.familinparis.fr\/wp-content\/uploads\/2023\/06\/Ferme-pedagogique-la-villette-2023-1.jpg-1.jpg","width":308,"height":301},{"@type":"BreadcrumbList","@id":"https:\/\/www.familinparis.fr\/en\/the-parc-de-la-villette-educational-farm\/#breadcrumb","itemListElement":[{"@type":"ListItem","position":1,"name":"Home","item":"https:\/\/www.familinparis.fr\/en\/"},{"@type":"ListItem","position":2,"name":"Animals","item":"https:\/\/www.familinparis.fr\/en\/categorie\/animals\/"},{"@type":"ListItem","position":3,"name":"The Parc de La Villette educational farm"}]},{"@type":"WebSite","@id":"https:\/\/www.familinparis.fr\/en\/#website","url":"https:\/\/www.familinparis.fr\/en\/","name":"Familin&#039;Paris","description":"Visiter le meilleur de Paris avec des enfants : sorties, spectacles, adresses de restaurants, shopping, bons plans...","potentialAction":[{"@type":"SearchAction","target":{"@type":"EntryPoint","urlTemplate":"https:\/\/www.familinparis.fr\/en\/?s={search_term_string}"},"query-input":{"@type":"PropertyValueSpecification","valueRequired":true,"valueName":"search_term_string"}}],"inLanguage":"en-US"},{"@type":"Person","@id":"https:\/\/www.familinparis.fr\/en\/#\/schema\/person\/76ad1a7946173a69e7244f034bfcbca6","name":"Magali","image":{"@type":"ImageObject","inLanguage":"en-US","@id":"https:\/\/secure.gravatar.com\/avatar\/5784aec9c0ccc7e91e71b0573d0870889e43807ad8b24908c501df25e58fa11a?s=96&d=identicon&r=g","url":"https:\/\/secure.gravatar.com\/avatar\/5784aec9c0ccc7e91e71b0573d0870889e43807ad8b24908c501df25e58fa11a?s=96&d=identicon&r=g","contentUrl":"https:\/\/secure.gravatar.com\/avatar\/5784aec9c0ccc7e91e71b0573d0870889e43807ad8b24908c501df25e58fa11a?s=96&d=identicon&r=g","caption":"Magali"}}]}},"uagb_featured_image_src":{"full":["https:\/\/www.familinparis.fr\/wp-content\/uploads\/2023\/06\/Ferme-pedagogique-la-villette-2023-1.jpg-1.jpg",308,301,false],"thumbnail":["https:\/\/www.familinparis.fr\/wp-content\/uploads\/2023\/06\/Ferme-pedagogique-la-villette-2023-1.jpg-1-150x150.jpg",150,150,true],"medium":["https:\/\/www.familinparis.fr\/wp-content\/uploads\/2023\/06\/Ferme-pedagogique-la-villette-2023-1.jpg-1-300x293.jpg",300,293,true],"medium_large":["https:\/\/www.familinparis.fr\/wp-content\/uploads\/2023\/06\/Ferme-pedagogique-la-villette-2023-1.jpg-1.jpg",308,301,false],"large":["https:\/\/www.familinparis.fr\/wp-content\/uploads\/2023\/06\/Ferme-pedagogique-la-villette-2023-1.jpg-1.jpg",308,301,false],"1536x1536":["https:\/\/www.familinparis.fr\/wp-content\/uploads\/2023\/06\/Ferme-pedagogique-la-villette-2023-1.jpg-1.jpg",308,301,false],"2048x2048":["https:\/\/www.familinparis.fr\/wp-content\/uploads\/2023\/06\/Ferme-pedagogique-la-villette-2023-1.jpg-1.jpg",308,301,false],"home-thumb":["https:\/\/www.familinparis.fr\/wp-content\/uploads\/2023\/06\/Ferme-pedagogique-la-villette-2023-1.jpg-1.jpg",308,301,false],"home-slider":["https:\/\/www.familinparis.fr\/wp-content\/uploads\/2023\/06\/Ferme-pedagogique-la-villette-2023-1.jpg-1.jpg",308,301,false],"lightbox-slider-size":["https:\/\/www.familinparis.fr\/wp-content\/uploads\/2023\/06\/Ferme-pedagogique-la-villette-2023-1.jpg-1-308x282.jpg",308,282,true],"post-thumbnail":["https:\/\/www.familinparis.fr\/wp-content\/uploads\/2023\/06\/Ferme-pedagogique-la-villette-2023-1.jpg-1-270x180.jpg",270,180,true],"cheerup-main":["https:\/\/www.familinparis.fr\/wp-content\/uploads\/2023\/06\/Ferme-pedagogique-la-villette-2023-1.jpg-1.jpg",308,301,false],"cheerup-main-full":["https:\/\/www.familinparis.fr\/wp-content\/uploads\/2023\/06\/Ferme-pedagogique-la-villette-2023-1.jpg-1.jpg",308,301,false],"cheerup-slider-alt":["https:\/\/www.familinparis.fr\/wp-content\/uploads\/2023\/06\/Ferme-pedagogique-la-villette-2023-1.jpg-1.jpg",308,301,false],"cheerup-slider-trendy":["https:\/\/www.familinparis.fr\/wp-content\/uploads\/2023\/06\/Ferme-pedagogique-la-villette-2023-1.jpg-1.jpg",308,301,false],"cheerup-slider-stylish":["https:\/\/www.familinparis.fr\/wp-content\/uploads\/2023\/06\/Ferme-pedagogique-la-villette-2023-1.jpg-1.jpg",308,301,false],"cheerup-slider-grid":["https:\/\/www.familinparis.fr\/wp-content\/uploads\/2023\/06\/Ferme-pedagogique-la-villette-2023-1.jpg-1.jpg",308,301,false],"cheerup-slider-grid-sm":["https:\/\/www.familinparis.fr\/wp-content\/uploads\/2023\/06\/Ferme-pedagogique-la-villette-2023-1.jpg-1-300x300.jpg",300,300,true],"cheerup-slider-carousel":["https:\/\/www.familinparis.fr\/wp-content\/uploads\/2023\/06\/Ferme-pedagogique-la-villette-2023-1.jpg-1.jpg",308,301,false],"cheerup-slider-grid-b":["https:\/\/www.familinparis.fr\/wp-content\/uploads\/2023\/06\/Ferme-pedagogique-la-villette-2023-1.jpg-1.jpg",308,301,false],"cheerup-slider-grid-b-sm":["https:\/\/www.familinparis.fr\/wp-content\/uploads\/2023\/06\/Ferme-pedagogique-la-villette-2023-1.jpg-1-306x301.jpg",306,301,true],"cheerup-slider-bold-sm":["https:\/\/www.familinparis.fr\/wp-content\/uploads\/2023\/06\/Ferme-pedagogique-la-villette-2023-1.jpg-1-150x150.jpg",150,150,true],"cheerup-grid":["https:\/\/www.familinparis.fr\/wp-content\/uploads\/2023\/06\/Ferme-pedagogique-la-villette-2023-1.jpg-1-308x285.jpg",308,285,true],"cheerup-carousel":["https:\/\/www.familinparis.fr\/wp-content\/uploads\/2023\/06\/Ferme-pedagogique-la-villette-2023-1.jpg-1-270x180.jpg",270,180,true],"cheerup-carousel-b":["https:\/\/www.familinparis.fr\/wp-content\/uploads\/2023\/06\/Ferme-pedagogique-la-villette-2023-1.jpg-1-308x285.jpg",308,285,true],"cheerup-list":["https:\/\/www.familinparis.fr\/wp-content\/uploads\/2023\/06\/Ferme-pedagogique-la-villette-2023-1.jpg-1-260x200.jpg",260,200,true],"cheerup-list-b":["https:\/\/www.familinparis.fr\/wp-content\/uploads\/2023\/06\/Ferme-pedagogique-la-villette-2023-1.jpg-1.jpg",308,301,false],"cheerup-thumb":["https:\/\/www.familinparis.fr\/wp-content\/uploads\/2023\/06\/Ferme-pedagogique-la-villette-2023-1.jpg-1-87x67.jpg",87,67,true],"cheerup-thumb-alt":["https:\/\/www.familinparis.fr\/wp-content\/uploads\/2023\/06\/Ferme-pedagogique-la-villette-2023-1.jpg-1-150x150.jpg",150,150,true]},"uagb_author_info":{"display_name":"Magali","author_link":"https:\/\/www.familinparis.fr\/en\/author\/tapuscrit\/"},"uagb_comment_info":0,"uagb_excerpt":"Until November 25, 2024","_links":{"self":[{"href":"https:\/\/www.familinparis.fr\/en\/wp-json\/wp\/v2\/posts\/134886","targetHints":{"allow":["GET"]}}],"collection":[{"href":"https:\/\/www.familinparis.fr\/en\/wp-json\/wp\/v2\/posts"}],"about":[{"href":"https:\/\/www.familinparis.fr\/en\/wp-json\/wp\/v2\/types\/post"}],"author":[{"embeddable":true,"href":"https:\/\/www.familinparis.fr\/en\/wp-json\/wp\/v2\/users\/12"}],"replies":[{"embeddable":true,"href":"https:\/\/www.familinparis.fr\/en\/wp-json\/wp\/v2\/comments?post=134886"}],"version-history":[{"count":0,"href":"https:\/\/www.familinparis.fr\/en\/wp-json\/wp\/v2\/posts\/134886\/revisions"}],"wp:featuredmedia":[{"embeddable":true,"href":"https:\/\/www.familinparis.fr\/en\/wp-json\/wp\/v2\/media\/132143"}],"wp:attachment":[{"href":"https:\/\/www.familinparis.fr\/en\/wp-json\/wp\/v2\/media?parent=134886"}],"wp:term":[{"taxonomy":"category","embeddable":true,"href":"https:\/\/www.familinparis.fr\/en\/wp-json\/wp\/v2\/categories?post=134886"},{"taxonomy":"post_tag","embeddable":true,"href":"https:\/\/www.familinparis.fr\/en\/wp-json\/wp\/v2\/tags?post=134886"}],"curies":[{"name":"wp","href":"https:\/\/api.w.org\/{rel}","templated":true}]}}