{"id":134757,"date":"2026-02-20T20:26:00","date_gmt":"2026-02-20T18:26:00","guid":{"rendered":"https:\/\/www.familinparis.fr\/family-weekend-at-the-petit-palais\/"},"modified":"2026-01-22T12:27:38","modified_gmt":"2026-01-22T10:27:38","slug":"family-weekend-at-the-petit-palais","status":"publish","type":"post","link":"https:\/\/www.familinparis.fr\/en\/family-weekend-at-the-petit-palais\/","title":{"rendered":"Family weekend at the Petit Palais"},"content":{"rendered":"<div class=\"lazyblock-baseline-CryGe wp-block-lazyblock-baseline\"><div class=\"baseline\">\u00c9V\u00c8NEMENT TERMIN\u00c9<br \/>&#8220;Les Moomins d\u00e9barquent au Petit Palais&#8221;, le nouveau we en famille<br \/>Les 6 et 7 d\u00e9cembre 2025<br \/>Gratuit pour tous<\/div><\/div><div class=\"wp-block-image\">\n<figure class=\"aligncenter size-full\"><img decoding=\"async\" width=\"900\" height=\"510\" src=\"https:\/\/www.familinparis.fr\/wp-content\/uploads\/Mus&#xE9;es\/Petit-Palais\/WE-famille-petit-palais-moomies.jpg\" alt=\"We en famille au petit palais - d&#xE9;cembre 2025\" class=\"wp-image-149131\" \/><\/figure>\n<\/div>\n<div class=\"wp-block-columns is-layout-flex wp-container-core-columns-is-layout-9d6595d7 wp-block-columns-is-layout-flex\">\n<div class=\"wp-block-column is-layout-flow wp-block-column-is-layout-flow\">\n<section class=\"wp-block-uagb-section uagb-section__wrap uagb-section__background-none uagb-block-67a706df\"><div class=\"uagb-section__overlay\"><\/div><div class=\"uagb-section__inner-wrap\">\n<ul class=\"wp-block-list\">\n<li><strong>ON AIME<\/strong> : des activit\u00e9s gratuites et en acc\u00e8s libre r\u00e9serv\u00e9es aux familles pour d\u00e9couvrir la Finlande, les Moomins et les collections permanentes du Petit Palais<\/li>\n\n\n\n<li><strong>\u00c2GE<\/strong> : pour tous, d\u00e8s 3 ans<\/li>\n\n\n\n<li><strong>DATE ET HORAIRES :<\/strong> les 6 et 7 d\u00e9cembre 2025 de 13h30 \u00e0 17h<\/li>\n\n\n\n<li><strong>LOCATION<\/strong> : Petit Palais (Paris 8th)<\/li>\n\n\n\n<li><strong>GRATUIT\u00c9<\/strong> : animations et exposition gratuites pour les enfants. <\/li>\n\n\n\n<li><strong>TARIF :<\/strong> attention, l&#8217;entr\u00e9e de l&#8217;exposition est payante pour les parents <\/li>\n<\/ul>\n<\/div><\/section>\n\n\n\n<div style=\"height:17px\" aria-hidden=\"true\" class=\"wp-block-spacer\"><\/div>\n\n\n\n<section class=\"wp-block-uagb-section uagb-section__wrap uagb-section__background-none uagb-block-6f9b7872\"><div class=\"uagb-section__overlay\"><\/div><div class=\"uagb-section__inner-wrap\">\n<h2 class=\"wp-block-heading has-text-align-left h2-orange\">On the program of this Family Weekend:<\/h2>\n\n\n\n<ul class=\"wp-block-list\">\n<li><strong>Rencontre avec les Moomins<\/strong><\/li>\n\n\n\n<li><strong>Ateliers coloriages<\/strong> (en continu de 13h30 \u00e0 17h- les enfants doivent \u00eatre accompagn\u00e9s par un adulte)<\/li>\n\n\n\n<li><strong>Projections de dessins anim\u00e9s<\/strong> : plongez dans le quotidien hivernal de la Vall\u00e9e des Moomins avec la projection de plusieurs \u00e9pisodes de la s\u00e9rie anim\u00e9e<\/li>\n\n\n\n<li><strong>Visite autonome de l&#8217;exposition<\/strong> &#8220;Pekka Halonen, Un hymne \u00e0 la Finlande&#8221; &#8211; d\u00e9couvrez dans les salles le parcours cont\u00e9 de Pyry, le flocon turbulent, pour les 6\/10 ans<\/li>\n\n\n\n<li><strong>Conte : Le fol hiver des Moomins<\/strong> &#8211; Installez-vous confortablement dans votre fauteuil pour \u00e9couter quelques aventures des Moomins. Histoire cont\u00e9e par Maximilien Morgan, com\u00e9dien et metteur en sc\u00e8ne du collectif LAMA (les enfants doivent \u00eatre accompagn\u00e9s par un adulte)<\/li>\n<\/ul>\n<\/div><\/section>\n<\/div>\n\n\n\n<div class=\"wp-block-column is-layout-flow wp-block-column-is-layout-flow\">\n<section class=\"wp-block-uagb-section uagb-section__wrap uagb-section__background-none uagb-block-6766140d\"><div class=\"uagb-section__overlay\"><\/div><div class=\"uagb-section__inner-wrap\">\n<h2 class=\"wp-block-heading has-text-align-left h2-orange\">&#8220;Les Moomins d\u00e9barquent&#8221; au Petit Palais<\/h2>\n\n\n\n<p>A l&#8217;occasion de l&#8217;exposition &#8220;Pekka Halonen, Un hymne \u00e0 la Finlande&#8221;, <a href=\"\/petit-palais-expo\/\">le Petit Palais<\/a> invite, le temps d&#8217;un<a href=\"https:\/\/www.familinparis.fr\/quoi-faire-ce-week-end\/\"> week-end<\/a>, parents et enfants \u00e0 c\u00e9l\u00e9brer l\u2019arriv\u00e9e de l\u2019hiver et la f\u00eate nationale de la Finlande. <\/p>\n\n\n\n<p>C&#8217;est l&#8217;occasion de <strong>d\u00e9couvrir l<\/strong>&#8216;univers des c\u00e9l\u00e8bres trolls, tout ronds comme des hippopotames, venus tout droit de Finlande et imagin\u00e9s par l\u2019\u00e9crivaine et illustratrice Tove Jansson<\/p>\n\n\n\n<p>Au programme de ce week-end en famille : rencontre avec les Moomins, ateliers, projections de dessins anim\u00e9s, visites, contes&#8230;<\/p>\n\n\n\n<p><a href=\"\/sortie-gratuite\/\" rel=\"sponsored nofollow\">Toutes les activit\u00e9s sont gratuites<\/a> et sans r\u00e9servation, sous r\u00e9serve des places disponibles<\/p>\n<\/div><\/section>\n<\/div>\n<\/div>\n\n<div style=\"height:50px\" aria-hidden=\"true\" class=\"wp-block-spacer\"><\/div>\n<div class=\"wp-block-image\">\n<figure class=\"aligncenter size-full\"><img decoding=\"async\" width=\"900\" height=\"323\" src=\"https:\/\/www.familinparis.fr\/wp-content\/uploads\/Mus&#xE9;es\/Petit-Palais\/pekka-halonen-paysage-dhiver-a-myllykyla-1896.jpg\" alt=\"Exposition au Petit Palais - sept 2025 &#xE0; janvier 2026\" class=\"wp-image-149135\" \/><figcaption class=\"wp-element-caption\">Pekka Halonen paysage d&#8217;hiver \u00e0 Myllykyla (1896)<\/figcaption><\/figure>\n<\/div><div class=\"wp-block-image\">\n<figure class=\"aligncenter size-full\"><img decoding=\"async\" width=\"184\" height=\"182\" src=\"https:\/\/www.familinparis.fr\/wp-content\/uploads\/Dessins\/KID-ADO\/boy-ballon.png\" alt=\"We with the family\" class=\"wp-image-28006\" srcset=\"https:\/\/www.familinparis.fr\/wp-content\/uploads\/Dessins\/KID-ADO\/boy-ballon.png 184w, https:\/\/www.familinparis.fr\/wp-content\/uploads\/Dessins\/KID-ADO\/boy-ballon-50x50.png 50w\" sizes=\"(max-width: 184px) 100vw, 184px\" \/><\/figure>\n<\/div>\n<div style=\"height:10px\" aria-hidden=\"true\" class=\"wp-block-spacer\"><\/div>\n<div class=\"lazyblock-grids-1vS5mn wp-block-lazyblock-grids\"><!--\n<div class=\"row new-grids grids-style-2\">\n    <div class=\"glide grid-carousel\">\n        <div class=\"grid-title grid-carousel--title\">\n            <div>\n                                    <h2>A FAIRE DANS LES ENVIRONS DU PETIT PALAIS<\/h2>\n                                            <\/div>\n            <div>\n                <div class=\"glide__arrows\" data-glide-el=\"controls\">\n                    <button class=\"glide__arrow glide__arrow--left\" data-glide-dir=\"|&lt;\"><i class=\"fa fa-angle-left\"><\/i><\/button>\n                    <button class=\"glide__arrow glide__arrow--right\" data-glide-dir=\"|&gt;\"><i class=\"fa fa-angle-right\"><\/i><\/button>\n                <\/div>\n            <\/div>\n        <\/div>\n        \n        <div class=\"glide__track\" data-glide-el=\"track\">\n            <ul class=\"glide__slides\">\n                <li class=\"glide__slide\">\n\n<div class=\"grid\">\n\t<a href=\"https:\/\/www.familinparis.fr\/en\/guided-tour-of-paris-the-2024-olympic-games-pierre-de-coubertin-elyrea\/\" target=\"_self\">\n\t    <div class=\"image\" style=\"background-image:url('https:\/\/www.familinparis.fr\/wp-content\/uploads\/Visite-theatralisee\/Paris-Olympique-champs-elysees-564x282.jpg')\">\n\t    \t\t    \t<div class=\"dateOnImg\">mercredi, samedi, dimanche<\/div>\n\t    \t\t\t\t\t\t\t\t<div class=\"rond-blanc-age\"><span>from <span class=\"age-number\">8<\/span> yo<\/span><\/div>\n\t\t\t\t    <\/div>\n\t    <div class=\"texte\">\n\t        <h5>Autour de la Concorde <\/h5>\n\t        <h3>Paris in Olympic form!<\/h3>\n\t        <div class=\"tags\">\n\t        \t\t        \t\t<span>VISITE TH\u00c9\u00c2TRALIS\u00c9E<\/span>\n\t        \t\t        \t<span>1H30<\/span>\n\t        <\/div>\n\t        <div class=\"bas\">\n        \t\t<div class=\"prix\">\n        \t\t\t        \t\t<\/div>\n            \t<div class=\"review-stars\" data-productId=\"\">\n            \t<\/div>\n\t        <\/div>\n\t    <\/div>\n\t<\/a>\n<\/div><\/li><li class=\"glide__slide\">\n\n<div class=\"grid\">\n\t<a href=\"https:\/\/www.familinparis.fr\/en\/amphibious-bus-tour-of-paris-on-the-seine\/\" target=\"_self\">\n\t    <div class=\"image\" style=\"background-image:url('https:\/\/www.familinparis.fr\/wp-content\/uploads\/2025\/06\/\u00a9Les-Carnards-de-la-Seine-1-564x282.jpg')\">\n\t    \t\t    \t<div class=\"dateOnImg\">Every day (except WE)<\/div>\n\t    \t\t\t\t\t    <\/div>\n\t    <div class=\"texte\">\n\t        <h5>Paris and Haut-de-Seine<\/h5>\n\t        <h3>Paris amphibious bus tour on the Seine<\/h3>\n\t        <div class=\"tags\">\n\t        \t\t        \t\t<span>Original<\/span>\n\t        \t\t        \t<span>2 hours<\/span>\n\t        <\/div>\n\t        <div class=\"bas\">\n        \t\t<div class=\"prix\">\n        \t\t\t        \t\t<\/div>\n            \t<div class=\"review-stars\" data-productId=\"\">\n            \t<\/div>\n\t        <\/div>\n\t    <\/div>\n\t<\/a>\n<\/div><\/li><li class=\"glide__slide\">\n\n<div class=\"grid\">\n\t<a href=\"https:\/\/www.familinparis.fr\/en\/guided-hoverboard-tour-of-paris\/\" target=\"_self\">\n\t    <div class=\"image\" style=\"background-image:url('https:\/\/www.familinparis.fr\/wp-content\/uploads\/photos-partenaires\/balade-paris-en-hoverboard-564x282.jpg')\">\n\t    \t\t    \t<div class=\"dateOnImg\">7 days a week<\/div>\n\t    \t\t\t\t\t    <\/div>\n\t    <div class=\"texte\">\n\t        <h5>Pont Alexandre III - Paris 7th<\/h5>\n\t        <h3>Hoverboard: fun and original ride on the banks of the Seine<\/h3>\n\t        <div class=\"tags\">\n\t        \t\t        \t\t<span>Guided walk<\/span>\n\t        \t\t        \t<span>1h30<\/span>\n\t        <\/div>\n\t        <div class=\"bas\">\n        \t\t<div class=\"prix\">\n        \t\t\t\t        \t\t\t<span>From<\/span>\n\t        \t\t\t<span class=\"\"> 40\u20ac<\/span>\n\t        \t\t\t\t        \t\t        \t\t<\/div>\n            \t<div class=\"review-stars\" data-productId=\"9\">\n            \t<\/div>\n\t        <\/div>\n\t    <\/div>\n\t<\/a>\n<\/div><\/li><li class=\"glide__slide\">\n\n<div class=\"grid\">\n\t<a href=\"https:\/\/www.familinparis.fr\/en\/arc-de-triomphe-tickets\/\" target=\"_self\">\n\t    <div class=\"image\" style=\"background-image:url('https:\/\/www.familinparis.fr\/wp-content\/uploads\/Monuments\/arc-de-trimphe\/arc-de-triomphe-PLD-564x282.jpg')\">\n\t    \t\t    \t<div class=\"dateOnImg\">7j\/7<\/div>\n\t    \t\t\t\t\t\t\t\t<div class=\"rond-blanc-age\"><span>For all<\/span><\/div>\n\t\t\t\t    <\/div>\n\t    <div class=\"texte\">\n\t        <h5>Place de l'Etoile (Paris 8e)<\/h5>\n\t        <h3>The Arc de Triomphe, an exceptional view of Paris<\/h3>\n\t        <div class=\"tags\">\n\t        \t\t        \t\t<span>Gratuit pour les enfants<\/span>\n\t        \t\t        \t<span><\/span>\n\t        <\/div>\n\t        <div class=\"bas\">\n        \t\t<div class=\"prix\">\n        \t\t\t        \t\t<\/div>\n            \t<div class=\"review-stars\" data-productId=\"\">\n            \t<\/div>\n\t        <\/div>\n\t    <\/div>\n\t<\/a>\n<\/div><\/li><li class=\"glide__slide\">\n\n<div class=\"grid\">\n\t<a href=\"https:\/\/www.familinparis.fr\/en\/ceremony-of-the-great-relief-of-the-republican-guard\/\" target=\"_self\">\n\t    <div class=\"image\" style=\"background-image:url('https:\/\/www.familinparis.fr\/wp-content\/uploads\/GRATUIT\/Garde-republicaine-sh_581694124-564x282.jpg')\">\n\t    \t\t\t\t\t    <\/div>\n\t    <div class=\"texte\">\n\t        <h5><\/h5>\n\t        <h3>Ceremony of the great relief of the Republican Guard<\/h3>\n\t        <div class=\"tags\">\n\t        \t\t        \t<span><\/span>\n\t        <\/div>\n\t        <div class=\"bas\">\n        \t\t<div class=\"prix\">\n        \t\t\t        \t\t<\/div>\n            \t<div class=\"review-stars\" data-productId=\"\">\n            \t<\/div>\n\t        <\/div>\n\t    <\/div>\n\t<\/a>\n<\/div><\/li><li class=\"glide__slide\">\n\n<div class=\"grid\">\n\t<a href=\"https:\/\/www.familinparis.fr\/en\/the-hotel-de-la-marine\/\" target=\"_self\">\n\t    <div class=\"image\" style=\"background-image:url('https:\/\/www.familinparis.fr\/wp-content\/uploads\/Mus\u00e9es\/hotel-de-la-marine\/detail-plafond-hotel-de-la-marine-place-de-la-concorde-564x282.jpg')\">\n\t    \t\t\t\t\t    <\/div>\n\t    <div class=\"texte\">\n\t        <h5><\/h5>\n\t        <h3>The H\u00f4tel de la Marine<\/h3>\n\t        <div class=\"tags\">\n\t        \t\t        \t<span><\/span>\n\t        <\/div>\n\t        <div class=\"bas\">\n        \t\t<div class=\"prix\">\n        \t\t\t        \t\t<\/div>\n            \t<div class=\"review-stars\" data-productId=\"\">\n            \t<\/div>\n\t        <\/div>\n\t    <\/div>\n\t<\/a>\n<\/div><\/li><li class=\"glide__slide\">\n\n<div class=\"grid\">\n\t<a href=\"https:\/\/www.familinparis.fr\/en\/the-yves-saint-laurent-museum-paris\/\" target=\"_self\">\n\t    <div class=\"image\" style=\"background-image:url('https:\/\/www.familinparis.fr\/wp-content\/uploads\/2022\/12\/musee-YSL_paris-\u00a9-Musee-Yves-Saint-Laurent-564x282.jpg')\">\n\t    \t\t\t\t\t    <\/div>\n\t    <div class=\"texte\">\n\t        <h5><\/h5>\n\t        <h3>The Yves Saint-Laurent Museum Paris<\/h3>\n\t        <div class=\"tags\">\n\t        \t\t        \t<span><\/span>\n\t        <\/div>\n\t        <div class=\"bas\">\n        \t\t<div class=\"prix\">\n        \t\t\t        \t\t<\/div>\n            \t<div class=\"review-stars\" data-productId=\"\">\n            \t<\/div>\n\t        <\/div>\n\t    <\/div>\n\t<\/a>\n<\/div><\/li><li class=\"glide__slide\">\n\n<div class=\"grid\">\n\t<a href=\"https:\/\/www.familinparis.fr\/en\/petite-foret-cafe-and-workshops\/\" target=\"_self\">\n\t    <div class=\"image\" style=\"background-image:url('https:\/\/www.familinparis.fr\/wp-content\/uploads\/2024\/08\/Petite-Foret-cafe-atelier-2\u00a9HanaLeVan-564x282.jpg')\">\n\t    \t\t    \t<div class=\"dateOnImg\">Monday to Saturday<\/div>\n\t    \t\t\t\t\t    <\/div>\n\t    <div class=\"texte\">\n\t        <h5>In the 8th<\/h5>\n\t        <h3>Petite For\u00eat - caf\u00e9 and workshops<\/h3>\n\t        <div class=\"tags\">\n\t        \t\t        \t\t<span>For everyone<\/span>\n\t        \t\t        \t<span>9:30 a.m.-6:30 p.m.<\/span>\n\t        <\/div>\n\t        <div class=\"bas\">\n        \t\t<div class=\"prix\">\n        \t\t\t        \t\t<\/div>\n            \t<div class=\"review-stars\" data-productId=\"\">\n            \t<\/div>\n\t        <\/div>\n\t    <\/div>\n\t<\/a>\n<\/div><\/li><li class=\"glide__slide\">\n\n<div class=\"grid\">\n\t<a href=\"https:\/\/www.familinparis.fr\/en\/the-laduree-tea-room\/\" target=\"_self\">\n\t    <div class=\"image\" style=\"background-image:url('https:\/\/www.familinparis.fr\/wp-content\/uploads\/Restaurants\/Salon-de-th\u00e9\/salon-de-the-laduree-PLD-564x282.jpg')\">\n\t    \t\t\t\t\t    <\/div>\n\t    <div class=\"texte\">\n\t        <h5><\/h5>\n\t        <h3>The Ladur\u00e9e Tea Room<\/h3>\n\t        <div class=\"tags\">\n\t        \t\t        \t<span><\/span>\n\t        <\/div>\n\t        <div class=\"bas\">\n        \t\t<div class=\"prix\">\n        \t\t\t        \t\t<\/div>\n            \t<div class=\"review-stars\" data-productId=\"\">\n            \t<\/div>\n\t        <\/div>\n\t    <\/div>\n\t<\/a>\n<\/div><\/li>            <\/ul>\n        <\/div>\n    <\/div>\n    \n    <\/div>\n-->\n<style type=\"text\/css\">\n    .swiper{\n        width: 100%;\n    }\n    .grid-carousel__arrows {\n        display: flex;\n        gap: 1rem;\n\n    }\n    button.grid-carousel__arrow {\n        background: #008098;\n        border-radius: 50%;\n        height: 50px;\n        width: 50px;\n        border: 2px solid #008098;\n        color: #ffff;\n        padding: 0px;\n        text-align: center;\n    }\n\n    button.grid-carousel__arrow.swiper-button-disabled{\n        opacity: .15;\n    }\n    .grid-carousel .swiper-slide {\n         min-width: 300px;\n    }\n    @media (max-width: 799px) {\n        .grid-carousel__arrows {\n            display: none;\n        }\n        .grid-carousel .swiper-slide {\n            width: 40%;\n        }\n    }\n    @media (max-width: 529px) {\n        .grid-carousel .swiper-slide {\n            width: 75%;\n        }\n    }\n<\/style>\n\n<div class=\"row new-grids grids-style-2\">\n    <div class=\"swiper grid-carousel\">\n        <div class=\"grid-title grid-carousel--title\">\n            <div>\n                                    <h2>A FAIRE DANS LES ENVIRONS DU PETIT PALAIS<\/h2>\n                                            <\/div>\n            <div>\n                <div class=\"grid-carousel__arrows\">\n                    <button class=\"grid-carousel__arrow grid-carousel__arrow--left\">\n                        <i class=\"fa fa-angle-left\"><\/i>\n                    <\/button>\n                    <button class=\"grid-carousel__arrow grid-carousel__arrow--right\">\n                        <i class=\"fa fa-angle-right\"><\/i>\n                    <\/button>\n                <\/div>\n            <\/div>\n        <\/div>\n        \n        <div class=\"swiper-wrapper\">\n            <div class=\"swiper-slide\">\n\n<div class=\"grid\">\n\t<a href=\"https:\/\/www.familinparis.fr\/en\/guided-tour-of-paris-the-2024-olympic-games-pierre-de-coubertin-elyrea\/\" target=\"_self\">\n\t    <div class=\"image\" style=\"background-image:url('https:\/\/www.familinparis.fr\/wp-content\/uploads\/Visite-theatralisee\/Paris-Olympique-champs-elysees-564x282.jpg')\">\n\t    \t\t    \t<div class=\"dateOnImg\">mercredi, samedi, dimanche<\/div>\n\t    \t\t\t\t\t\t\t\t<div class=\"rond-blanc-age\"><span>from <span class=\"age-number\">8<\/span> yo<\/span><\/div>\n\t\t\t\t    <\/div>\n\t    <div class=\"texte\">\n\t        <h5>Autour de la Concorde <\/h5>\n\t        <h3>Paris in Olympic form!<\/h3>\n\t        <div class=\"tags\">\n\t        \t\t        \t\t<span>VISITE TH\u00c9\u00c2TRALIS\u00c9E<\/span>\n\t        \t\t        \t<span>1H30<\/span>\n\t        <\/div>\n\t        <div class=\"bas\">\n        \t\t<div class=\"prix\">\n        \t\t\t        \t\t<\/div>\n            \t<div class=\"review-stars\" data-productId=\"\">\n            \t<\/div>\n\t        <\/div>\n\t    <\/div>\n\t<\/a>\n<\/div><\/div><div class=\"swiper-slide\">\n\n<div class=\"grid\">\n\t<a href=\"https:\/\/www.familinparis.fr\/en\/amphibious-bus-tour-of-paris-on-the-seine\/\" target=\"_self\">\n\t    <div class=\"image\" style=\"background-image:url('https:\/\/www.familinparis.fr\/wp-content\/uploads\/2025\/06\/\u00a9Les-Carnards-de-la-Seine-1-564x282.jpg')\">\n\t    \t\t    \t<div class=\"dateOnImg\">Every day (except WE)<\/div>\n\t    \t\t\t\t\t    <\/div>\n\t    <div class=\"texte\">\n\t        <h5>Paris and Haut-de-Seine<\/h5>\n\t        <h3>Paris amphibious bus tour on the Seine<\/h3>\n\t        <div class=\"tags\">\n\t        \t\t        \t\t<span>Original<\/span>\n\t        \t\t        \t<span>2 hours<\/span>\n\t        <\/div>\n\t        <div class=\"bas\">\n        \t\t<div class=\"prix\">\n        \t\t\t        \t\t<\/div>\n            \t<div class=\"review-stars\" data-productId=\"\">\n            \t<\/div>\n\t        <\/div>\n\t    <\/div>\n\t<\/a>\n<\/div><\/div><div class=\"swiper-slide\">\n\n<div class=\"grid\">\n\t<a href=\"https:\/\/www.familinparis.fr\/en\/guided-hoverboard-tour-of-paris\/\" target=\"_self\">\n\t    <div class=\"image\" style=\"background-image:url('https:\/\/www.familinparis.fr\/wp-content\/uploads\/photos-partenaires\/balade-paris-en-hoverboard-564x282.jpg')\">\n\t    \t\t    \t<div class=\"dateOnImg\">7 days a week<\/div>\n\t    \t\t\t\t\t    <\/div>\n\t    <div class=\"texte\">\n\t        <h5>Pont Alexandre III &#8211; Paris 7th<\/h5>\n\t        <h3>Hoverboard: fun and original ride on the banks of the Seine<\/h3>\n\t        <div class=\"tags\">\n\t        \t\t        \t\t<span>Guided walk<\/span>\n\t        \t\t        \t<span>1h30<\/span>\n\t        <\/div>\n\t        <div class=\"bas\">\n        \t\t<div class=\"prix\">\n        \t\t\t\t        \t\t\t<span>From<\/span>\n\t        \t\t\t<span class=\"\"> 40\u20ac<\/span>\n\t        \t\t\t\t        \t\t        \t\t<\/div>\n            \t<div class=\"review-stars\" data-productId=\"9\">\n            \t<\/div>\n\t        <\/div>\n\t    <\/div>\n\t<\/a>\n<\/div><\/div><div class=\"swiper-slide\">\n\n<div class=\"grid\">\n\t<a href=\"https:\/\/www.familinparis.fr\/en\/arc-de-triomphe-tickets\/\" target=\"_self\">\n\t    <div class=\"image\" style=\"background-image:url('https:\/\/www.familinparis.fr\/wp-content\/uploads\/Monuments\/arc-de-trimphe\/arc-de-triomphe-PLD-564x282.jpg')\">\n\t    \t\t    \t<div class=\"dateOnImg\">7j\/7<\/div>\n\t    \t\t\t\t\t\t\t\t<div class=\"rond-blanc-age\"><span>For all<\/span><\/div>\n\t\t\t\t    <\/div>\n\t    <div class=\"texte\">\n\t        <h5>Place de l&#8217;Etoile (Paris 8e)<\/h5>\n\t        <h3>The Arc de Triomphe, an exceptional view of Paris<\/h3>\n\t        <div class=\"tags\">\n\t        \t\t        \t\t<span>Gratuit pour les enfants<\/span>\n\t        \t\t        \t<span><\/span>\n\t        <\/div>\n\t        <div class=\"bas\">\n        \t\t<div class=\"prix\">\n        \t\t\t        \t\t<\/div>\n            \t<div class=\"review-stars\" data-productId=\"\">\n            \t<\/div>\n\t        <\/div>\n\t    <\/div>\n\t<\/a>\n<\/div><\/div><div class=\"swiper-slide\">\n\n<div class=\"grid\">\n\t<a href=\"https:\/\/www.familinparis.fr\/en\/ceremony-of-the-great-relief-of-the-republican-guard\/\" target=\"_self\">\n\t    <div class=\"image\" style=\"background-image:url('https:\/\/www.familinparis.fr\/wp-content\/uploads\/GRATUIT\/Garde-republicaine-sh_581694124-564x282.jpg')\">\n\t    \t\t\t\t\t    <\/div>\n\t    <div class=\"texte\">\n\t        <h5><\/h5>\n\t        <h3>Ceremony of the great relief of the Republican Guard<\/h3>\n\t        <div class=\"tags\">\n\t        \t\t        \t<span><\/span>\n\t        <\/div>\n\t        <div class=\"bas\">\n        \t\t<div class=\"prix\">\n        \t\t\t        \t\t<\/div>\n            \t<div class=\"review-stars\" data-productId=\"\">\n            \t<\/div>\n\t        <\/div>\n\t    <\/div>\n\t<\/a>\n<\/div><\/div><div class=\"swiper-slide\">\n\n<div class=\"grid\">\n\t<a href=\"https:\/\/www.familinparis.fr\/en\/the-hotel-de-la-marine\/\" target=\"_self\">\n\t    <div class=\"image\" style=\"background-image:url('https:\/\/www.familinparis.fr\/wp-content\/uploads\/Mus\u00e9es\/hotel-de-la-marine\/detail-plafond-hotel-de-la-marine-place-de-la-concorde-564x282.jpg')\">\n\t    \t\t\t\t\t    <\/div>\n\t    <div class=\"texte\">\n\t        <h5><\/h5>\n\t        <h3>The H\u00f4tel de la Marine<\/h3>\n\t        <div class=\"tags\">\n\t        \t\t        \t<span><\/span>\n\t        <\/div>\n\t        <div class=\"bas\">\n        \t\t<div class=\"prix\">\n        \t\t\t        \t\t<\/div>\n            \t<div class=\"review-stars\" data-productId=\"\">\n            \t<\/div>\n\t        <\/div>\n\t    <\/div>\n\t<\/a>\n<\/div><\/div><div class=\"swiper-slide\">\n\n<div class=\"grid\">\n\t<a href=\"https:\/\/www.familinparis.fr\/en\/the-yves-saint-laurent-museum-paris\/\" target=\"_self\">\n\t    <div class=\"image\" style=\"background-image:url('https:\/\/www.familinparis.fr\/wp-content\/uploads\/2022\/12\/musee-YSL_paris-\u00a9-Musee-Yves-Saint-Laurent-564x282.jpg')\">\n\t    \t\t\t\t\t    <\/div>\n\t    <div class=\"texte\">\n\t        <h5><\/h5>\n\t        <h3>The Yves Saint-Laurent Museum Paris<\/h3>\n\t        <div class=\"tags\">\n\t        \t\t        \t<span><\/span>\n\t        <\/div>\n\t        <div class=\"bas\">\n        \t\t<div class=\"prix\">\n        \t\t\t        \t\t<\/div>\n            \t<div class=\"review-stars\" data-productId=\"\">\n            \t<\/div>\n\t        <\/div>\n\t    <\/div>\n\t<\/a>\n<\/div><\/div><div class=\"swiper-slide\">\n\n<div class=\"grid\">\n\t<a href=\"https:\/\/www.familinparis.fr\/en\/petite-foret-cafe-and-workshops\/\" target=\"_self\">\n\t    <div class=\"image\" style=\"background-image:url('https:\/\/www.familinparis.fr\/wp-content\/uploads\/2024\/08\/Petite-Foret-cafe-atelier-2\u00a9HanaLeVan-564x282.jpg')\">\n\t    \t\t    \t<div class=\"dateOnImg\">Monday to Saturday<\/div>\n\t    \t\t\t\t\t    <\/div>\n\t    <div class=\"texte\">\n\t        <h5>In the 8th<\/h5>\n\t        <h3>Petite For\u00eat &#8211; caf\u00e9 and workshops<\/h3>\n\t        <div class=\"tags\">\n\t        \t\t        \t\t<span>For everyone<\/span>\n\t        \t\t        \t<span>9:30 a.m.-6:30 p.m.<\/span>\n\t        <\/div>\n\t        <div class=\"bas\">\n        \t\t<div class=\"prix\">\n        \t\t\t        \t\t<\/div>\n            \t<div class=\"review-stars\" data-productId=\"\">\n            \t<\/div>\n\t        <\/div>\n\t    <\/div>\n\t<\/a>\n<\/div><\/div><div class=\"swiper-slide\">\n\n<div class=\"grid\">\n\t<a href=\"https:\/\/www.familinparis.fr\/en\/the-laduree-tea-room\/\" target=\"_self\">\n\t    <div class=\"image\" style=\"background-image:url('https:\/\/www.familinparis.fr\/wp-content\/uploads\/Restaurants\/Salon-de-th\u00e9\/salon-de-the-laduree-PLD-564x282.jpg')\">\n\t    \t\t\t\t\t    <\/div>\n\t    <div class=\"texte\">\n\t        <h5><\/h5>\n\t        <h3>The Ladur\u00e9e Tea Room<\/h3>\n\t        <div class=\"tags\">\n\t        \t\t        \t<span><\/span>\n\t        <\/div>\n\t        <div class=\"bas\">\n        \t\t<div class=\"prix\">\n        \t\t\t        \t\t<\/div>\n            \t<div class=\"review-stars\" data-productId=\"\">\n            \t<\/div>\n\t        <\/div>\n\t    <\/div>\n\t<\/a>\n<\/div><\/div>        <\/div>\n    <\/div>\n    \n    <\/div>\n\n<\/div>","protected":false},"excerpt":{"rendered":"<p>February 10 and 11, 2024<\/p>\n","protected":false},"author":5,"featured_media":149132,"comment_status":"open","ping_status":"open","sticky":false,"template":"","format":"standard","meta":{"_uag_custom_page_level_css":"","footnotes":""},"categories":[85,1035],"tags":[1084,889],"class_list":{"0":"post-134757","1":"post","2":"type-post","3":"status-publish","4":"format-standard","5":"has-post-thumbnail","7":"category-actualites","8":"category-archives","9":"tag-archive-mars","10":"tag-fevrier"},"yoast_head":"<!-- This site is optimized with the Yoast SEO plugin v27.2 - https:\/\/yoast.com\/product\/yoast-seo-wordpress\/ -->\n<title>Family weekend at the Petit Palais \u2014 February 10 and 11, 2024<\/title>\n<meta name=\"description\" content=\"During the Family Weekend at the Petit Palais, free activities for children from 3 years old, around birds in painting\" \/>\n<meta name=\"robots\" content=\"index, follow, max-snippet:-1, max-image-preview:large, max-video-preview:-1\" \/>\n<link rel=\"canonical\" href=\"https:\/\/www.familinparis.fr\/en\/family-weekend-at-the-petit-palais\/\" \/>\n<meta property=\"og:locale\" content=\"en_US\" \/>\n<meta property=\"og:type\" content=\"article\" \/>\n<meta property=\"og:title\" content=\"Family weekend at the Petit Palais \u2014 February 10 and 11, 2024\" \/>\n<meta property=\"og:description\" content=\"During the Family Weekend at the Petit Palais, free activities for children from 3 years old, around birds in painting\" \/>\n<meta property=\"og:url\" content=\"https:\/\/www.familinparis.fr\/en\/family-weekend-at-the-petit-palais\/\" \/>\n<meta property=\"og:site_name\" content=\"Familin&#039;Paris\" \/>\n<meta property=\"article:published_time\" content=\"2026-02-20T18:26:00+00:00\" \/>\n<meta property=\"og:image\" content=\"https:\/\/www.familinparis.fr\/wp-content\/uploads\/Mus\u00e9es\/Petit-Palais\/WE-famille-petit-palais-moomies.jpg\" \/>\n\t<meta property=\"og:image:width\" content=\"900\" \/>\n\t<meta property=\"og:image:height\" content=\"510\" \/>\n\t<meta property=\"og:image:type\" content=\"image\/jpeg\" \/>\n<meta name=\"author\" content=\"olivia\" \/>\n<meta name=\"twitter:card\" content=\"summary_large_image\" \/>\n<meta name=\"twitter:label1\" content=\"Written by\" \/>\n\t<meta name=\"twitter:data1\" content=\"olivia\" \/>\n\t<meta name=\"twitter:label2\" content=\"Est. reading time\" \/>\n\t<meta name=\"twitter:data2\" content=\"2 minutes\" \/>\n<script type=\"application\/ld+json\" class=\"yoast-schema-graph\">{\"@context\":\"https:\/\/schema.org\",\"@graph\":[{\"@type\":\"Article\",\"@id\":\"https:\/\/www.familinparis.fr\/en\/family-weekend-at-the-petit-palais\/#article\",\"isPartOf\":{\"@id\":\"https:\/\/www.familinparis.fr\/en\/family-weekend-at-the-petit-palais\/\"},\"author\":{\"name\":\"olivia\",\"@id\":\"https:\/\/www.familinparis.fr\/en\/#\/schema\/person\/a87467bb417cd0c77d0a7bb5d1d78ac5\"},\"headline\":\"Family weekend at the Petit Palais\",\"datePublished\":\"2026-02-20T18:26:00+00:00\",\"mainEntityOfPage\":{\"@id\":\"https:\/\/www.familinparis.fr\/en\/family-weekend-at-the-petit-palais\/\"},\"wordCount\":327,\"commentCount\":0,\"image\":{\"@id\":\"https:\/\/www.familinparis.fr\/en\/family-weekend-at-the-petit-palais\/#primaryimage\"},\"thumbnailUrl\":\"https:\/\/www.familinparis.fr\/wp-content\/uploads\/Mus\u00e9es\/Petit-Palais\/WE-famille-petit-palais-moomies.jpg\",\"keywords\":[\"archive mars\",\"F\u00e9vrier\"],\"articleSection\":[\"Actualit\u00e9s\",\"Archives\"],\"inLanguage\":\"en-US\",\"potentialAction\":[{\"@type\":\"CommentAction\",\"name\":\"Comment\",\"target\":[\"https:\/\/www.familinparis.fr\/en\/family-weekend-at-the-petit-palais\/#respond\"]}]},{\"@type\":\"WebPage\",\"@id\":\"https:\/\/www.familinparis.fr\/en\/family-weekend-at-the-petit-palais\/\",\"url\":\"https:\/\/www.familinparis.fr\/en\/family-weekend-at-the-petit-palais\/\",\"name\":\"Family weekend at the Petit Palais \u2014 February 10 and 11, 2024\",\"isPartOf\":{\"@id\":\"https:\/\/www.familinparis.fr\/en\/#website\"},\"primaryImageOfPage\":{\"@id\":\"https:\/\/www.familinparis.fr\/en\/family-weekend-at-the-petit-palais\/#primaryimage\"},\"image\":{\"@id\":\"https:\/\/www.familinparis.fr\/en\/family-weekend-at-the-petit-palais\/#primaryimage\"},\"thumbnailUrl\":\"https:\/\/www.familinparis.fr\/wp-content\/uploads\/Mus\u00e9es\/Petit-Palais\/WE-famille-petit-palais-moomies.jpg\",\"datePublished\":\"2026-02-20T18:26:00+00:00\",\"author\":{\"@id\":\"https:\/\/www.familinparis.fr\/en\/#\/schema\/person\/a87467bb417cd0c77d0a7bb5d1d78ac5\"},\"description\":\"During the Family Weekend at the Petit Palais, free activities for children from 3 years old, around birds in painting\",\"breadcrumb\":{\"@id\":\"https:\/\/www.familinparis.fr\/en\/family-weekend-at-the-petit-palais\/#breadcrumb\"},\"inLanguage\":\"en-US\",\"potentialAction\":[{\"@type\":\"ReadAction\",\"target\":[\"https:\/\/www.familinparis.fr\/en\/family-weekend-at-the-petit-palais\/\"]}]},{\"@type\":\"ImageObject\",\"inLanguage\":\"en-US\",\"@id\":\"https:\/\/www.familinparis.fr\/en\/family-weekend-at-the-petit-palais\/#primaryimage\",\"url\":\"https:\/\/www.familinparis.fr\/wp-content\/uploads\/Mus\u00e9es\/Petit-Palais\/WE-famille-petit-palais-moomies.jpg\",\"contentUrl\":\"https:\/\/www.familinparis.fr\/wp-content\/uploads\/Mus\u00e9es\/Petit-Palais\/WE-famille-petit-palais-moomies.jpg\",\"width\":900,\"height\":510,\"caption\":\"We en famille au petit palais - d\u00e9cembre 2025\"},{\"@type\":\"BreadcrumbList\",\"@id\":\"https:\/\/www.familinparis.fr\/en\/family-weekend-at-the-petit-palais\/#breadcrumb\",\"itemListElement\":[{\"@type\":\"ListItem\",\"position\":1,\"name\":\"Home\",\"item\":\"https:\/\/www.familinparis.fr\/en\/\"},{\"@type\":\"ListItem\",\"position\":2,\"name\":\"News\",\"item\":\"https:\/\/www.familinparis.fr\/en\/categorie\/news\/\"},{\"@type\":\"ListItem\",\"position\":3,\"name\":\"Family weekend at the Petit Palais\"}]},{\"@type\":\"WebSite\",\"@id\":\"https:\/\/www.familinparis.fr\/en\/#website\",\"url\":\"https:\/\/www.familinparis.fr\/en\/\",\"name\":\"Familin&#039;Paris\",\"description\":\"Visiter le meilleur de Paris avec des enfants : sorties, spectacles, adresses de restaurants, shopping, bons plans...\",\"potentialAction\":[{\"@type\":\"SearchAction\",\"target\":{\"@type\":\"EntryPoint\",\"urlTemplate\":\"https:\/\/www.familinparis.fr\/en\/?s={search_term_string}\"},\"query-input\":{\"@type\":\"PropertyValueSpecification\",\"valueRequired\":true,\"valueName\":\"search_term_string\"}}],\"inLanguage\":\"en-US\"},{\"@type\":\"Person\",\"@id\":\"https:\/\/www.familinparis.fr\/en\/#\/schema\/person\/a87467bb417cd0c77d0a7bb5d1d78ac5\",\"name\":\"olivia\",\"image\":{\"@type\":\"ImageObject\",\"inLanguage\":\"en-US\",\"@id\":\"https:\/\/secure.gravatar.com\/avatar\/cbca07f1dfea20f457a666a1b84ed5cf1364773d1378c6f10fd36c354eef1ef8?s=96&d=identicon&r=g\",\"url\":\"https:\/\/secure.gravatar.com\/avatar\/cbca07f1dfea20f457a666a1b84ed5cf1364773d1378c6f10fd36c354eef1ef8?s=96&d=identicon&r=g\",\"contentUrl\":\"https:\/\/secure.gravatar.com\/avatar\/cbca07f1dfea20f457a666a1b84ed5cf1364773d1378c6f10fd36c354eef1ef8?s=96&d=identicon&r=g\",\"caption\":\"olivia\"}}]}<\/script>\n<!-- \/ Yoast SEO plugin. -->","yoast_head_json":{"title":"Family weekend at the Petit Palais \u2014 February 10 and 11, 2024","description":"During the Family Weekend at the Petit Palais, free activities for children from 3 years old, around birds in painting","robots":{"index":"index","follow":"follow","max-snippet":"max-snippet:-1","max-image-preview":"max-image-preview:large","max-video-preview":"max-video-preview:-1"},"canonical":"https:\/\/www.familinparis.fr\/en\/family-weekend-at-the-petit-palais\/","og_locale":"en_US","og_type":"article","og_title":"Family weekend at the Petit Palais \u2014 February 10 and 11, 2024","og_description":"During the Family Weekend at the Petit Palais, free activities for children from 3 years old, around birds in painting","og_url":"https:\/\/www.familinparis.fr\/en\/family-weekend-at-the-petit-palais\/","og_site_name":"Familin&#039;Paris","article_published_time":"2026-02-20T18:26:00+00:00","og_image":[{"width":900,"height":510,"url":"https:\/\/www.familinparis.fr\/wp-content\/uploads\/Mus\u00e9es\/Petit-Palais\/WE-famille-petit-palais-moomies.jpg","type":"image\/jpeg"}],"author":"olivia","twitter_card":"summary_large_image","twitter_misc":{"Written by":"olivia","Est. reading time":"2 minutes"},"schema":{"@context":"https:\/\/schema.org","@graph":[{"@type":"Article","@id":"https:\/\/www.familinparis.fr\/en\/family-weekend-at-the-petit-palais\/#article","isPartOf":{"@id":"https:\/\/www.familinparis.fr\/en\/family-weekend-at-the-petit-palais\/"},"author":{"name":"olivia","@id":"https:\/\/www.familinparis.fr\/en\/#\/schema\/person\/a87467bb417cd0c77d0a7bb5d1d78ac5"},"headline":"Family weekend at the Petit Palais","datePublished":"2026-02-20T18:26:00+00:00","mainEntityOfPage":{"@id":"https:\/\/www.familinparis.fr\/en\/family-weekend-at-the-petit-palais\/"},"wordCount":327,"commentCount":0,"image":{"@id":"https:\/\/www.familinparis.fr\/en\/family-weekend-at-the-petit-palais\/#primaryimage"},"thumbnailUrl":"https:\/\/www.familinparis.fr\/wp-content\/uploads\/Mus\u00e9es\/Petit-Palais\/WE-famille-petit-palais-moomies.jpg","keywords":["archive mars","F\u00e9vrier"],"articleSection":["Actualit\u00e9s","Archives"],"inLanguage":"en-US","potentialAction":[{"@type":"CommentAction","name":"Comment","target":["https:\/\/www.familinparis.fr\/en\/family-weekend-at-the-petit-palais\/#respond"]}]},{"@type":"WebPage","@id":"https:\/\/www.familinparis.fr\/en\/family-weekend-at-the-petit-palais\/","url":"https:\/\/www.familinparis.fr\/en\/family-weekend-at-the-petit-palais\/","name":"Family weekend at the Petit Palais \u2014 February 10 and 11, 2024","isPartOf":{"@id":"https:\/\/www.familinparis.fr\/en\/#website"},"primaryImageOfPage":{"@id":"https:\/\/www.familinparis.fr\/en\/family-weekend-at-the-petit-palais\/#primaryimage"},"image":{"@id":"https:\/\/www.familinparis.fr\/en\/family-weekend-at-the-petit-palais\/#primaryimage"},"thumbnailUrl":"https:\/\/www.familinparis.fr\/wp-content\/uploads\/Mus\u00e9es\/Petit-Palais\/WE-famille-petit-palais-moomies.jpg","datePublished":"2026-02-20T18:26:00+00:00","author":{"@id":"https:\/\/www.familinparis.fr\/en\/#\/schema\/person\/a87467bb417cd0c77d0a7bb5d1d78ac5"},"description":"During the Family Weekend at the Petit Palais, free activities for children from 3 years old, around birds in painting","breadcrumb":{"@id":"https:\/\/www.familinparis.fr\/en\/family-weekend-at-the-petit-palais\/#breadcrumb"},"inLanguage":"en-US","potentialAction":[{"@type":"ReadAction","target":["https:\/\/www.familinparis.fr\/en\/family-weekend-at-the-petit-palais\/"]}]},{"@type":"ImageObject","inLanguage":"en-US","@id":"https:\/\/www.familinparis.fr\/en\/family-weekend-at-the-petit-palais\/#primaryimage","url":"https:\/\/www.familinparis.fr\/wp-content\/uploads\/Mus\u00e9es\/Petit-Palais\/WE-famille-petit-palais-moomies.jpg","contentUrl":"https:\/\/www.familinparis.fr\/wp-content\/uploads\/Mus\u00e9es\/Petit-Palais\/WE-famille-petit-palais-moomies.jpg","width":900,"height":510,"caption":"We en famille au petit palais - d\u00e9cembre 2025"},{"@type":"BreadcrumbList","@id":"https:\/\/www.familinparis.fr\/en\/family-weekend-at-the-petit-palais\/#breadcrumb","itemListElement":[{"@type":"ListItem","position":1,"name":"Home","item":"https:\/\/www.familinparis.fr\/en\/"},{"@type":"ListItem","position":2,"name":"News","item":"https:\/\/www.familinparis.fr\/en\/categorie\/news\/"},{"@type":"ListItem","position":3,"name":"Family weekend at the Petit Palais"}]},{"@type":"WebSite","@id":"https:\/\/www.familinparis.fr\/en\/#website","url":"https:\/\/www.familinparis.fr\/en\/","name":"Familin&#039;Paris","description":"Visiter le meilleur de Paris avec des enfants : sorties, spectacles, adresses de restaurants, shopping, bons plans...","potentialAction":[{"@type":"SearchAction","target":{"@type":"EntryPoint","urlTemplate":"https:\/\/www.familinparis.fr\/en\/?s={search_term_string}"},"query-input":{"@type":"PropertyValueSpecification","valueRequired":true,"valueName":"search_term_string"}}],"inLanguage":"en-US"},{"@type":"Person","@id":"https:\/\/www.familinparis.fr\/en\/#\/schema\/person\/a87467bb417cd0c77d0a7bb5d1d78ac5","name":"olivia","image":{"@type":"ImageObject","inLanguage":"en-US","@id":"https:\/\/secure.gravatar.com\/avatar\/cbca07f1dfea20f457a666a1b84ed5cf1364773d1378c6f10fd36c354eef1ef8?s=96&d=identicon&r=g","url":"https:\/\/secure.gravatar.com\/avatar\/cbca07f1dfea20f457a666a1b84ed5cf1364773d1378c6f10fd36c354eef1ef8?s=96&d=identicon&r=g","contentUrl":"https:\/\/secure.gravatar.com\/avatar\/cbca07f1dfea20f457a666a1b84ed5cf1364773d1378c6f10fd36c354eef1ef8?s=96&d=identicon&r=g","caption":"olivia"}}]}},"uagb_featured_image_src":{"full":["https:\/\/www.familinparis.fr\/wp-content\/uploads\/Mus\u00e9es\/Petit-Palais\/WE-famille-petit-palais-moomies.jpg",900,510,false],"thumbnail":["https:\/\/www.familinparis.fr\/wp-content\/uploads\/Mus\u00e9es\/Petit-Palais\/WE-famille-petit-palais-moomies-150x150.jpg",150,150,true],"medium":["https:\/\/www.familinparis.fr\/wp-content\/uploads\/Mus\u00e9es\/Petit-Palais\/WE-famille-petit-palais-moomies-300x170.jpg",300,170,true],"medium_large":["https:\/\/www.familinparis.fr\/wp-content\/uploads\/Mus\u00e9es\/Petit-Palais\/WE-famille-petit-palais-moomies-768x435.jpg",768,435,true],"large":["https:\/\/www.familinparis.fr\/wp-content\/uploads\/Mus\u00e9es\/Petit-Palais\/WE-famille-petit-palais-moomies.jpg",770,436,false],"1536x1536":["https:\/\/www.familinparis.fr\/wp-content\/uploads\/Mus\u00e9es\/Petit-Palais\/WE-famille-petit-palais-moomies.jpg",900,510,false],"2048x2048":["https:\/\/www.familinparis.fr\/wp-content\/uploads\/Mus\u00e9es\/Petit-Palais\/WE-famille-petit-palais-moomies.jpg",900,510,false],"home-thumb":["https:\/\/www.familinparis.fr\/wp-content\/uploads\/Mus\u00e9es\/Petit-Palais\/WE-famille-petit-palais-moomies-730x414.jpg",730,414,true],"home-slider":["https:\/\/www.familinparis.fr\/wp-content\/uploads\/Mus\u00e9es\/Petit-Palais\/WE-famille-petit-palais-moomies-800x510.jpg",800,510,true],"lightbox-slider-size":["https:\/\/www.familinparis.fr\/wp-content\/uploads\/Mus\u00e9es\/Petit-Palais\/WE-famille-petit-palais-moomies-564x282.jpg",564,282,true],"post-thumbnail":["https:\/\/www.familinparis.fr\/wp-content\/uploads\/Mus\u00e9es\/Petit-Palais\/WE-famille-petit-palais-moomies-270x180.jpg",270,180,true],"cheerup-main":["https:\/\/www.familinparis.fr\/wp-content\/uploads\/Mus\u00e9es\/Petit-Palais\/WE-famille-petit-palais-moomies-770x400.jpg",770,400,true],"cheerup-main-full":["https:\/\/www.familinparis.fr\/wp-content\/uploads\/Mus\u00e9es\/Petit-Palais\/WE-famille-petit-palais-moomies-900x508.jpg",900,508,true],"cheerup-slider-alt":["https:\/\/www.familinparis.fr\/wp-content\/uploads\/Mus\u00e9es\/Petit-Palais\/WE-famille-petit-palais-moomies-900x508.jpg",900,508,true],"cheerup-slider-trendy":["https:\/\/www.familinparis.fr\/wp-content\/uploads\/Mus\u00e9es\/Petit-Palais\/WE-famille-petit-palais-moomies-900x508.jpg",900,508,true],"cheerup-slider-stylish":["https:\/\/www.familinparis.fr\/wp-content\/uploads\/Mus\u00e9es\/Petit-Palais\/WE-famille-petit-palais-moomies.jpg",900,510,false],"cheerup-slider-grid":["https:\/\/www.familinparis.fr\/wp-content\/uploads\/Mus\u00e9es\/Petit-Palais\/WE-famille-petit-palais-moomies-870x510.jpg",870,510,true],"cheerup-slider-grid-sm":["https:\/\/www.familinparis.fr\/wp-content\/uploads\/Mus\u00e9es\/Petit-Palais\/WE-famille-petit-palais-moomies-300x300.jpg",300,300,true],"cheerup-slider-carousel":["https:\/\/www.familinparis.fr\/wp-content\/uploads\/Mus\u00e9es\/Petit-Palais\/WE-famille-petit-palais-moomies-370x370.jpg",370,370,true],"cheerup-slider-grid-b":["https:\/\/www.familinparis.fr\/wp-content\/uploads\/Mus\u00e9es\/Petit-Palais\/WE-famille-petit-palais-moomies-554x466.jpg",554,466,true],"cheerup-slider-grid-b-sm":["https:\/\/www.familinparis.fr\/wp-content\/uploads\/Mus\u00e9es\/Petit-Palais\/WE-famille-petit-palais-moomies-306x466.jpg",306,466,true],"cheerup-slider-bold-sm":["https:\/\/www.familinparis.fr\/wp-content\/uploads\/Mus\u00e9es\/Petit-Palais\/WE-famille-petit-palais-moomies-150x150.jpg",150,150,true],"cheerup-grid":["https:\/\/www.familinparis.fr\/wp-content\/uploads\/Mus\u00e9es\/Petit-Palais\/WE-famille-petit-palais-moomies-370x285.jpg",370,285,true],"cheerup-carousel":["https:\/\/www.familinparis.fr\/wp-content\/uploads\/Mus\u00e9es\/Petit-Palais\/WE-famille-petit-palais-moomies-270x180.jpg",270,180,true],"cheerup-carousel-b":["https:\/\/www.familinparis.fr\/wp-content\/uploads\/Mus\u00e9es\/Petit-Palais\/WE-famille-petit-palais-moomies-370x285.jpg",370,285,true],"cheerup-list":["https:\/\/www.familinparis.fr\/wp-content\/uploads\/Mus\u00e9es\/Petit-Palais\/WE-famille-petit-palais-moomies-260x200.jpg",260,200,true],"cheerup-list-b":["https:\/\/www.familinparis.fr\/wp-content\/uploads\/Mus\u00e9es\/Petit-Palais\/WE-famille-petit-palais-moomies-370x305.jpg",370,305,true],"cheerup-thumb":["https:\/\/www.familinparis.fr\/wp-content\/uploads\/Mus\u00e9es\/Petit-Palais\/WE-famille-petit-palais-moomies-87x67.jpg",87,67,true],"cheerup-thumb-alt":["https:\/\/www.familinparis.fr\/wp-content\/uploads\/Mus\u00e9es\/Petit-Palais\/WE-famille-petit-palais-moomies-150x150.jpg",150,150,true]},"uagb_author_info":{"display_name":"olivia","author_link":"https:\/\/www.familinparis.fr\/en\/author\/olivia\/"},"uagb_comment_info":0,"uagb_excerpt":"February 10 and 11, 2024","_links":{"self":[{"href":"https:\/\/www.familinparis.fr\/en\/wp-json\/wp\/v2\/posts\/134757","targetHints":{"allow":["GET"]}}],"collection":[{"href":"https:\/\/www.familinparis.fr\/en\/wp-json\/wp\/v2\/posts"}],"about":[{"href":"https:\/\/www.familinparis.fr\/en\/wp-json\/wp\/v2\/types\/post"}],"author":[{"embeddable":true,"href":"https:\/\/www.familinparis.fr\/en\/wp-json\/wp\/v2\/users\/5"}],"replies":[{"embeddable":true,"href":"https:\/\/www.familinparis.fr\/en\/wp-json\/wp\/v2\/comments?post=134757"}],"version-history":[{"count":0,"href":"https:\/\/www.familinparis.fr\/en\/wp-json\/wp\/v2\/posts\/134757\/revisions"}],"wp:featuredmedia":[{"embeddable":true,"href":"https:\/\/www.familinparis.fr\/en\/wp-json\/wp\/v2\/media\/149132"}],"wp:attachment":[{"href":"https:\/\/www.familinparis.fr\/en\/wp-json\/wp\/v2\/media?parent=134757"}],"wp:term":[{"taxonomy":"category","embeddable":true,"href":"https:\/\/www.familinparis.fr\/en\/wp-json\/wp\/v2\/categories?post=134757"},{"taxonomy":"post_tag","embeddable":true,"href":"https:\/\/www.familinparis.fr\/en\/wp-json\/wp\/v2\/tags?post=134757"}],"curies":[{"name":"wp","href":"https:\/\/api.w.org\/{rel}","templated":true}]}}