{"id":134736,"date":"2023-12-24T10:14:00","date_gmt":"2023-12-24T08:14:00","guid":{"rendered":"https:\/\/www.familinparis.fr\/the-hunchback-of-notre-dame\/"},"modified":"2024-11-16T17:04:26","modified_gmt":"2024-11-16T15:04:26","slug":"the-hunchback-of-notre-dame","status":"publish","type":"post","link":"https:\/\/www.familinparis.fr\/en\/the-hunchback-of-notre-dame\/","title":{"rendered":"The Hunchback of Notre Dame"},"content":{"rendered":"<div class=\"lazyblock-baseline-Z3zRPF wp-block-lazyblock-baseline\"><div class=\"baseline\">-THEATRE-<br>2017 Moli\u00e8re Award for Young Audience<\/div><\/div><div class=\"lazyblock-infos-pratiques-24WVB wp-block-lazyblock-infos-pratiques\"><div class=\"read-more go-to\" data-goto=\"infos-sup\">\n  <a href=\"#\">\n    <span class=\"rien\">\n      <i class=\"fa fa-map-marker\"><\/i> See practical information    <\/span>\n  <\/a>\n<\/div><\/div>\n<div style=\"height:29px\" aria-hidden=\"true\" class=\"wp-block-spacer\"><\/div>\n\n<section class=\"wp-block-uagb-section uagb-section__wrap uagb-section__background-none uagb-block-2ba66fa9\"><div class=\"uagb-section__overlay\"><\/div><div class=\"uagb-section__inner-wrap\">\n<div class=\"wp-block-columns is-layout-flex wp-container-core-columns-is-layout-9d6595d7 wp-block-columns-is-layout-flex\">\n<div class=\"wp-block-column is-layout-flow wp-block-column-is-layout-flow\" style=\"flex-basis:66.66%\">\n<h2 class=\"wp-block-heading\">The Hunchback of Notre-Dame, an original, funny and poetic version of Victor Hugo&#8217;s masterpiece<\/h2>\n\n\n\n<ul class=\"wp-block-list\">\n<li><strong>WE LIKE:<\/strong> a new, funny and modern version of Victor Hugo&#8217;s masterpiece<\/li>\n\n\n\n<li><strong>AGE: <\/strong>5 to 12 years old<\/li>\n\n\n\n<li><strong>DATE: <\/strong> until May 4, 2025<\/li>\n\n\n\n<li><strong>DURATION<\/strong> : 1 hour<\/li>\n\n\n\n<li><strong>LOCATION:<\/strong> Th\u00e9\u00e2tre de la Ga\u00eet\u00e9 Montparnasse (Paris 14th)<\/li>\n<\/ul>\n\n\n\n<div class=\"wp-block-buttons is-horizontal is-content-justification-center is-layout-flex wp-container-core-buttons-is-layout-499968f5 wp-block-buttons-is-layout-flex\">\n<div class=\"wp-block-button\"><a class=\"wp-block-button__link has-white-color has-text-color has-background wp-element-button\" href=\"https:\/\/tracking.publicidees.com\/clic.php?progid=2986&amp;partid=39280&amp;dpl=https%3A%2F%2Fwww.ticketac.com%2Fspectacles%2Fle-bossu-de-notre-dame-theatre-de-la-gaite-montparnasse.htm\" style=\"background-color:#db384b\" target=\"_blank\" rel=\"noreferrer noopener\">I BOOK MY TICKETS<br\/>(up to 30% off)<\/a><\/div>\n<\/div>\n\n\n\n<ul class=\"wp-block-list\">\n<li>Another show by Olivier Soliv\u00e9r\u00e8s! He is the author and director of <em><a href=\"https:\/\/www.familinparis.fr\/la-piece-ados-grand-point-virgule\/\">Teens,<\/a><\/em> <em><a href=\"https:\/\/www.familinparis.fr\/chevaliers-theatre-jeune-public\/\">Knights, Princess and Dragons<\/a><\/em>, <em><a href=\"https:\/\/www.familinparis.fr\/au-pays-du-pere-noel-theatre-enfant\/\">In the Land of Santa Claus<\/a><\/em>, and the latest <a href=\"https:\/\/www.familinparis.fr\/spectacle-musical-blanche-neige-paris\/\">Snow White and the 7 Dwarfs<\/a>. His shows for young audiences are always a guarantee of quality and great entertainment. Not to be missed!   <\/li>\n\n\n\n<li>Here, in this adaptation of The Hunchback of Notre-Dame, he takes us back to the fifteenth century, in sumptuous settings, for an original, funny and poetic version of Victor Hugo&#8217;s masterpiece<\/li>\n\n\n\n<li><strong>Sword fights, chases, duels, intrigues, love stories, action and also poetry and humour are on the programme of this twirling show<\/strong><\/li>\n\n\n\n<li><strong>A show for the whole family that we highly recommend<\/strong><\/li>\n<\/ul>\n<\/div>\n\n\n\n<div class=\"wp-block-column is-layout-flow wp-block-column-is-layout-flow\" style=\"flex-basis:33.33%\">\n<figure class=\"wp-block-image size-large\"><img decoding=\"async\" width=\"500\" height=\"750\" src=\"\/wp-content\/uploads\/Spectacles\/MUSICAL\/bossu-gaite.jpg\" alt=\"The Hunchback of Notre Dame at the Theatre  \" class=\"wp-image-59897\" srcset=\"https:\/\/www.familinparis.fr\/wp-content\/uploads\/Spectacles\/MUSICAL\/bossu-gaite.jpg 500w, https:\/\/www.familinparis.fr\/wp-content\/uploads\/Spectacles\/MUSICAL\/bossu-gaite-200x300.jpg 200w, https:\/\/www.familinparis.fr\/wp-content\/uploads\/Spectacles\/MUSICAL\/bossu-gaite-8x12.jpg 8w, https:\/\/www.familinparis.fr\/wp-content\/uploads\/Spectacles\/MUSICAL\/bossu-gaite-487x730.jpg 487w\" sizes=\"(max-width: 500px) 100vw, 500px\" \/><\/figure>\n<\/div>\n<\/div>\n\n\n\n<h2 class=\"wp-block-heading\">The press is talking about it&#8230;<\/h2>\n\n\n\n<p><strong>Le Parisien<\/strong> &#8211;  <em>All the ingredients of a good piece are there! Victor Hugo would be proud of this spectacle. <\/em><br\/><strong>Periscope<\/strong> &#8211;  <em>A very original, dynamic and frankly very funny adaptation. The comical situations follow one another in a cascade to the delight of the audience. To be discovered by the whole family.  <\/em><br\/><strong>Elle magazine <\/strong>&#8211; <em>From sword fights to jokes that make people laugh from 4 to 104 years old, this adaptation is a very nice surprise!<\/em><\/p>\n<\/div><\/section>\n\n<div style=\"height:50px\" aria-hidden=\"true\" class=\"wp-block-spacer\"><\/div>\n\n<figure class=\"wp-block-embed is-type-video is-provider-youtube wp-block-embed-youtube wp-embed-aspect-16-9 wp-has-aspect-ratio\"><div class=\"wp-block-embed__wrapper\"> \n<iframe title=\"Teaser -  Le Bossu de Notre Dame\" width=\"770\" height=\"433\" src=\"https:\/\/www.youtube.com\/embed\/wvILee5LnCQ?feature=oembed\" frameborder=\"0\" allow=\"accelerometer; autoplay; clipboard-write; encrypted-media; gyroscope; picture-in-picture; web-share\" referrerpolicy=\"strict-origin-when-cross-origin\" allowfullscreen><\/iframe>\n <\/div><\/figure>\n\n<div style=\"height:70px\" aria-hidden=\"true\" class=\"wp-block-spacer\"><\/div>\n<div class=\"lazyblock-grids-1cXgQQ wp-block-lazyblock-grids\"><div class=\"row new-grids grids-style-2\">\n        <div class=\"col-12 grid-title\">\n        <h2 class=\"c-blue\">Theatre in Paris with the family<\/h2>\n\n            <\/div>\n        \n    <div class=\"col-12 grids columns-4\">\n        \n\n<div class=\"grid\">\n\t<a href=\"https:\/\/www.familinparis.fr\/en\/odysee-the-musical-conference\/\" target=\"_self\">\n\t    <div class=\"image\" style=\"background-image:url('https:\/\/www.familinparis.fr\/wp-content\/uploads\/Spectacles\/MUSICAL\/kid\/affiche-odyssee-550x282.jpg')\">\n\t    \t\t\t\t\t    <\/div>\n\t    <div class=\"texte\">\n\t        <h5><\/h5>\n\t        <h3>Odys\u00e9e, the musical conference<\/h3>\n\t        <div class=\"tags\">\n\t        \t\t        \t<span><\/span>\n\t        <\/div>\n\t        <div class=\"bas\">\n        \t\t<div class=\"prix\">\n        \t\t\t        \t\t<\/div>\n            \t<div class=\"review-stars\" data-productId=\"\">\n            \t<\/div>\n\t        <\/div>\n\t    <\/div>\n\t<\/a>\n<\/div>\n\n<div class=\"grid\">\n\t<a href=\"https:\/\/www.familinparis.fr\/en\/spitz\/\" target=\"_self\">\n\t    <div class=\"image\" style=\"background-image:url('https:\/\/www.familinparis.fr\/wp-content\/uploads\/THEATRE\/Petits\/loulou-theatre-lepic-1-400x282.jpg')\">\n\t    \t\t\t\t\t    <\/div>\n\t    <div class=\"texte\">\n\t        <h5><\/h5>\n\t        <h3>Spitz<\/h3>\n\t        <div class=\"tags\">\n\t        \t\t        \t<span><\/span>\n\t        <\/div>\n\t        <div class=\"bas\">\n        \t\t<div class=\"prix\">\n        \t\t\t        \t\t<\/div>\n            \t<div class=\"review-stars\" data-productId=\"\">\n            \t<\/div>\n\t        <\/div>\n\t    <\/div>\n\t<\/a>\n<\/div>\n\n<div class=\"grid\">\n\t<a href=\"https:\/\/www.familinparis.fr\/en\/great-red-riding-hood-and-the-little-wolf\/\" target=\"_self\">\n\t    <div class=\"image\" style=\"background-image:url('https:\/\/www.familinparis.fr\/wp-content\/uploads\/THEATRE\/Kids\/le-grand-chaperon-rouge-564x282.jpg')\">\n\t    \t\t    \t<div class=\"dateOnImg\">Until November 13, 2024<\/div>\n\t    \t\t\t\t\t    <\/div>\n\t    <div class=\"texte\">\n\t        <h5>At the Essa\u00efon theater (Paris 4th)<\/h5>\n\t        <h3>Great Red Riding Hood and the Little Wolf<\/h3>\n\t        <div class=\"tags\">\n\t        \t\t        \t\t<span>For ages 3 &#8211; 10<\/span>\n\t        \t\t        \t<span>50 minutes<\/span>\n\t        <\/div>\n\t        <div class=\"bas\">\n        \t\t<div class=\"prix\">\n        \t\t\t        \t\t<\/div>\n            \t<div class=\"review-stars\" data-productId=\"\">\n            \t<\/div>\n\t        <\/div>\n\t    <\/div>\n\t<\/a>\n<\/div>\n\n<div class=\"grid\">\n\t<a href=\"https:\/\/www.familinparis.fr\/en\/teens\/\" target=\"_self\">\n\t    <div class=\"image\" style=\"background-image:url('https:\/\/www.familinparis.fr\/wp-content\/uploads\/THEATRE\/Ados\/piece-de-theatre-ados-paris-490x282.jpg')\">\n\t    \t\t\t\t\t    <\/div>\n\t    <div class=\"texte\">\n\t        <h5><\/h5>\n\t        <h3>Teens<\/h3>\n\t        <div class=\"tags\">\n\t        \t\t        \t<span><\/span>\n\t        <\/div>\n\t        <div class=\"bas\">\n        \t\t<div class=\"prix\">\n        \t\t\t        \t\t<\/div>\n            \t<div class=\"review-stars\" data-productId=\"\">\n            \t<\/div>\n\t        <\/div>\n\t    <\/div>\n\t<\/a>\n<\/div>    <\/div>\n\n            <div class=\"col-12 t-center m-b-20\">\n            <div class=\"labels__fam\">\n                                    <a href=\"\/theatre-enfant\/\" class=\"labels__fam-color-secondary labels__fam-radius-rounded\">\n                        See all plays for young audiences                    <\/a>\n                            <\/div>\n        <\/div>\n    \n    \n\n<\/div>\n<\/div>\n<div class=\"wp-block-buttons is-horizontal is-content-justification-center is-layout-flex wp-container-core-buttons-is-layout-499968f5 wp-block-buttons-is-layout-flex\">\n<div class=\"wp-block-button\"><a class=\"wp-block-button__link has-white-color has-text-color has-background wp-element-button\" href=\"https:\/\/www.familinparis.fr\/en\/shows-for-children-and-teenagers-in-paris\/\" style=\"border-radius:1px;background-color:#00809b\">THE BEST SHOWS<\/a><\/div>\n\n\n\n<div class=\"wp-block-button\"><a class=\"wp-block-button__link has-white-color has-text-color has-background wp-element-button\" href=\"https:\/\/www.familinparis.fr\/en\/must-see-family-exhibitions-in-paris\/\" style=\"border-radius:1px;background-color:#00809b\">THE BEST EXHIBITIONS<\/a><\/div>\n<\/div>\n\n<div style=\"height:29px\" aria-hidden=\"true\" class=\"wp-block-spacer\"><\/div>\n","protected":false},"excerpt":{"rendered":"","protected":false},"author":5,"featured_media":130727,"comment_status":"open","ping_status":"open","sticky":false,"template":"","format":"standard","meta":{"_uag_custom_page_level_css":"","footnotes":""},"categories":[1310,1356],"tags":[446,1231,1208,1226,1250,1212,1228,1214,1207,1257,1241],"class_list":{"0":"post-134736","1":"post","2":"type-post","3":"status-publish","4":"format-standard","5":"has-post-thumbnail","7":"category-shows","8":"category-theater","9":"tag-8-mai","10":"tag-easter-monday","11":"tag-for-3-6-year-olds","12":"tag-for-7-12-year-olds","13":"tag-less-than-20-euros","14":"tag-may-1","15":"tag-may-8","16":"tag-november-1","17":"tag-promo-en","18":"tag-rain","19":"tag-wednesday"},"yoast_head":"<!-- This site is optimized with the Yoast SEO plugin v27.2 - https:\/\/yoast.com\/product\/yoast-seo-wordpress\/ -->\n<title>The Hunchback of Notre-Dame at the Ga\u00eet\u00e9 Montparnasse in Paris<\/title>\n<meta name=\"description\" content=\"Show for children, from 5 years old. The Hunchback of Notre-Dame, at the Gait\u00e9 Montparnasse. Based on the novel by Victor Hugo.\" \/>\n<meta name=\"robots\" content=\"index, follow, max-snippet:-1, max-image-preview:large, max-video-preview:-1\" \/>\n<link rel=\"canonical\" href=\"https:\/\/www.familinparis.fr\/en\/the-hunchback-of-notre-dame\/\" \/>\n<meta property=\"og:locale\" content=\"en_US\" \/>\n<meta property=\"og:type\" content=\"article\" \/>\n<meta property=\"og:title\" content=\"The Hunchback of Notre-Dame at the Ga\u00eet\u00e9 Montparnasse in Paris\" \/>\n<meta property=\"og:description\" content=\"Show for children, from 5 years old. The Hunchback of Notre-Dame, at the Gait\u00e9 Montparnasse. Based on the novel by Victor Hugo.\" \/>\n<meta property=\"og:url\" content=\"https:\/\/www.familinparis.fr\/en\/the-hunchback-of-notre-dame\/\" \/>\n<meta property=\"og:site_name\" content=\"Familin&#039;Paris\" \/>\n<meta property=\"article:published_time\" content=\"2023-12-24T08:14:00+00:00\" \/>\n<meta property=\"article:modified_time\" content=\"2024-11-16T15:04:26+00:00\" \/>\n<meta property=\"og:image\" content=\"https:\/\/www.familinparis.fr\/wp-content\/uploads\/Spectacles\/MUSICAL\/bossu-gaite.jpg\" \/>\n\t<meta property=\"og:image:width\" content=\"500\" \/>\n\t<meta property=\"og:image:height\" content=\"750\" \/>\n\t<meta property=\"og:image:type\" content=\"image\/jpeg\" \/>\n<meta name=\"author\" content=\"olivia\" \/>\n<meta name=\"twitter:card\" content=\"summary_large_image\" \/>\n<meta name=\"twitter:label1\" content=\"Written by\" \/>\n\t<meta name=\"twitter:data1\" content=\"olivia\" \/>\n\t<meta name=\"twitter:label2\" content=\"Est. reading time\" \/>\n\t<meta name=\"twitter:data2\" content=\"1 minute\" \/>\n<script type=\"application\/ld+json\" class=\"yoast-schema-graph\">{\"@context\":\"https:\/\/schema.org\",\"@graph\":[{\"@type\":\"Article\",\"@id\":\"https:\/\/www.familinparis.fr\/en\/the-hunchback-of-notre-dame\/#article\",\"isPartOf\":{\"@id\":\"https:\/\/www.familinparis.fr\/en\/the-hunchback-of-notre-dame\/\"},\"author\":{\"name\":\"olivia\",\"@id\":\"https:\/\/www.familinparis.fr\/en\/#\/schema\/person\/a87467bb417cd0c77d0a7bb5d1d78ac5\"},\"headline\":\"The Hunchback of Notre Dame\",\"datePublished\":\"2023-12-24T08:14:00+00:00\",\"dateModified\":\"2024-11-16T15:04:26+00:00\",\"mainEntityOfPage\":{\"@id\":\"https:\/\/www.familinparis.fr\/en\/the-hunchback-of-notre-dame\/\"},\"wordCount\":268,\"commentCount\":0,\"image\":{\"@id\":\"https:\/\/www.familinparis.fr\/en\/the-hunchback-of-notre-dame\/#primaryimage\"},\"thumbnailUrl\":\"https:\/\/www.familinparis.fr\/wp-content\/uploads\/Spectacles\/MUSICAL\/bossu-gaite.jpg\",\"keywords\":[\"8 mai\",\"Easter Monday\",\"For 3-6 year olds\",\"For 7-12 year olds\",\"Less than 20 euros\",\"May 1\",\"May 8\",\"November 1\",\"promo\",\"rain\",\"Wednesday\"],\"articleSection\":[\"Shows\",\"Theater\"],\"inLanguage\":\"en-US\",\"potentialAction\":[{\"@type\":\"CommentAction\",\"name\":\"Comment\",\"target\":[\"https:\/\/www.familinparis.fr\/en\/the-hunchback-of-notre-dame\/#respond\"]}]},{\"@type\":\"WebPage\",\"@id\":\"https:\/\/www.familinparis.fr\/en\/the-hunchback-of-notre-dame\/\",\"url\":\"https:\/\/www.familinparis.fr\/en\/the-hunchback-of-notre-dame\/\",\"name\":\"The Hunchback of Notre-Dame at the Ga\u00eet\u00e9 Montparnasse in Paris\",\"isPartOf\":{\"@id\":\"https:\/\/www.familinparis.fr\/en\/#website\"},\"primaryImageOfPage\":{\"@id\":\"https:\/\/www.familinparis.fr\/en\/the-hunchback-of-notre-dame\/#primaryimage\"},\"image\":{\"@id\":\"https:\/\/www.familinparis.fr\/en\/the-hunchback-of-notre-dame\/#primaryimage\"},\"thumbnailUrl\":\"https:\/\/www.familinparis.fr\/wp-content\/uploads\/Spectacles\/MUSICAL\/bossu-gaite.jpg\",\"datePublished\":\"2023-12-24T08:14:00+00:00\",\"dateModified\":\"2024-11-16T15:04:26+00:00\",\"author\":{\"@id\":\"https:\/\/www.familinparis.fr\/en\/#\/schema\/person\/a87467bb417cd0c77d0a7bb5d1d78ac5\"},\"description\":\"Show for children, from 5 years old. The Hunchback of Notre-Dame, at the Gait\u00e9 Montparnasse. Based on the novel by Victor Hugo.\",\"breadcrumb\":{\"@id\":\"https:\/\/www.familinparis.fr\/en\/the-hunchback-of-notre-dame\/#breadcrumb\"},\"inLanguage\":\"en-US\",\"potentialAction\":[{\"@type\":\"ReadAction\",\"target\":[\"https:\/\/www.familinparis.fr\/en\/the-hunchback-of-notre-dame\/\"]}]},{\"@type\":\"ImageObject\",\"inLanguage\":\"en-US\",\"@id\":\"https:\/\/www.familinparis.fr\/en\/the-hunchback-of-notre-dame\/#primaryimage\",\"url\":\"https:\/\/www.familinparis.fr\/wp-content\/uploads\/Spectacles\/MUSICAL\/bossu-gaite.jpg\",\"contentUrl\":\"https:\/\/www.familinparis.fr\/wp-content\/uploads\/Spectacles\/MUSICAL\/bossu-gaite.jpg\",\"width\":500,\"height\":750},{\"@type\":\"BreadcrumbList\",\"@id\":\"https:\/\/www.familinparis.fr\/en\/the-hunchback-of-notre-dame\/#breadcrumb\",\"itemListElement\":[{\"@type\":\"ListItem\",\"position\":1,\"name\":\"Home\",\"item\":\"https:\/\/www.familinparis.fr\/en\/\"},{\"@type\":\"ListItem\",\"position\":2,\"name\":\"Exposition\",\"item\":\"https:\/\/www.familinparis.fr\/en\/categorie\/exposition-en\/\"},{\"@type\":\"ListItem\",\"position\":3,\"name\":\"The Hunchback of Notre Dame\"}]},{\"@type\":\"WebSite\",\"@id\":\"https:\/\/www.familinparis.fr\/en\/#website\",\"url\":\"https:\/\/www.familinparis.fr\/en\/\",\"name\":\"Familin&#039;Paris\",\"description\":\"Visiter le meilleur de Paris avec des enfants : sorties, spectacles, adresses de restaurants, shopping, bons plans...\",\"potentialAction\":[{\"@type\":\"SearchAction\",\"target\":{\"@type\":\"EntryPoint\",\"urlTemplate\":\"https:\/\/www.familinparis.fr\/en\/?s={search_term_string}\"},\"query-input\":{\"@type\":\"PropertyValueSpecification\",\"valueRequired\":true,\"valueName\":\"search_term_string\"}}],\"inLanguage\":\"en-US\"},{\"@type\":\"Person\",\"@id\":\"https:\/\/www.familinparis.fr\/en\/#\/schema\/person\/a87467bb417cd0c77d0a7bb5d1d78ac5\",\"name\":\"olivia\",\"image\":{\"@type\":\"ImageObject\",\"inLanguage\":\"en-US\",\"@id\":\"https:\/\/secure.gravatar.com\/avatar\/cbca07f1dfea20f457a666a1b84ed5cf1364773d1378c6f10fd36c354eef1ef8?s=96&d=identicon&r=g\",\"url\":\"https:\/\/secure.gravatar.com\/avatar\/cbca07f1dfea20f457a666a1b84ed5cf1364773d1378c6f10fd36c354eef1ef8?s=96&d=identicon&r=g\",\"contentUrl\":\"https:\/\/secure.gravatar.com\/avatar\/cbca07f1dfea20f457a666a1b84ed5cf1364773d1378c6f10fd36c354eef1ef8?s=96&d=identicon&r=g\",\"caption\":\"olivia\"}}]}<\/script>\n<!-- \/ Yoast SEO plugin. -->","yoast_head_json":{"title":"The Hunchback of Notre-Dame at the Ga\u00eet\u00e9 Montparnasse in Paris","description":"Show for children, from 5 years old. The Hunchback of Notre-Dame, at the Gait\u00e9 Montparnasse. Based on the novel by Victor Hugo.","robots":{"index":"index","follow":"follow","max-snippet":"max-snippet:-1","max-image-preview":"max-image-preview:large","max-video-preview":"max-video-preview:-1"},"canonical":"https:\/\/www.familinparis.fr\/en\/the-hunchback-of-notre-dame\/","og_locale":"en_US","og_type":"article","og_title":"The Hunchback of Notre-Dame at the Ga\u00eet\u00e9 Montparnasse in Paris","og_description":"Show for children, from 5 years old. The Hunchback of Notre-Dame, at the Gait\u00e9 Montparnasse. Based on the novel by Victor Hugo.","og_url":"https:\/\/www.familinparis.fr\/en\/the-hunchback-of-notre-dame\/","og_site_name":"Familin&#039;Paris","article_published_time":"2023-12-24T08:14:00+00:00","article_modified_time":"2024-11-16T15:04:26+00:00","og_image":[{"width":500,"height":750,"url":"https:\/\/www.familinparis.fr\/wp-content\/uploads\/Spectacles\/MUSICAL\/bossu-gaite.jpg","type":"image\/jpeg"}],"author":"olivia","twitter_card":"summary_large_image","twitter_misc":{"Written by":"olivia","Est. reading time":"1 minute"},"schema":{"@context":"https:\/\/schema.org","@graph":[{"@type":"Article","@id":"https:\/\/www.familinparis.fr\/en\/the-hunchback-of-notre-dame\/#article","isPartOf":{"@id":"https:\/\/www.familinparis.fr\/en\/the-hunchback-of-notre-dame\/"},"author":{"name":"olivia","@id":"https:\/\/www.familinparis.fr\/en\/#\/schema\/person\/a87467bb417cd0c77d0a7bb5d1d78ac5"},"headline":"The Hunchback of Notre Dame","datePublished":"2023-12-24T08:14:00+00:00","dateModified":"2024-11-16T15:04:26+00:00","mainEntityOfPage":{"@id":"https:\/\/www.familinparis.fr\/en\/the-hunchback-of-notre-dame\/"},"wordCount":268,"commentCount":0,"image":{"@id":"https:\/\/www.familinparis.fr\/en\/the-hunchback-of-notre-dame\/#primaryimage"},"thumbnailUrl":"https:\/\/www.familinparis.fr\/wp-content\/uploads\/Spectacles\/MUSICAL\/bossu-gaite.jpg","keywords":["8 mai","Easter Monday","For 3-6 year olds","For 7-12 year olds","Less than 20 euros","May 1","May 8","November 1","promo","rain","Wednesday"],"articleSection":["Shows","Theater"],"inLanguage":"en-US","potentialAction":[{"@type":"CommentAction","name":"Comment","target":["https:\/\/www.familinparis.fr\/en\/the-hunchback-of-notre-dame\/#respond"]}]},{"@type":"WebPage","@id":"https:\/\/www.familinparis.fr\/en\/the-hunchback-of-notre-dame\/","url":"https:\/\/www.familinparis.fr\/en\/the-hunchback-of-notre-dame\/","name":"The Hunchback of Notre-Dame at the Ga\u00eet\u00e9 Montparnasse in Paris","isPartOf":{"@id":"https:\/\/www.familinparis.fr\/en\/#website"},"primaryImageOfPage":{"@id":"https:\/\/www.familinparis.fr\/en\/the-hunchback-of-notre-dame\/#primaryimage"},"image":{"@id":"https:\/\/www.familinparis.fr\/en\/the-hunchback-of-notre-dame\/#primaryimage"},"thumbnailUrl":"https:\/\/www.familinparis.fr\/wp-content\/uploads\/Spectacles\/MUSICAL\/bossu-gaite.jpg","datePublished":"2023-12-24T08:14:00+00:00","dateModified":"2024-11-16T15:04:26+00:00","author":{"@id":"https:\/\/www.familinparis.fr\/en\/#\/schema\/person\/a87467bb417cd0c77d0a7bb5d1d78ac5"},"description":"Show for children, from 5 years old. The Hunchback of Notre-Dame, at the Gait\u00e9 Montparnasse. Based on the novel by Victor Hugo.","breadcrumb":{"@id":"https:\/\/www.familinparis.fr\/en\/the-hunchback-of-notre-dame\/#breadcrumb"},"inLanguage":"en-US","potentialAction":[{"@type":"ReadAction","target":["https:\/\/www.familinparis.fr\/en\/the-hunchback-of-notre-dame\/"]}]},{"@type":"ImageObject","inLanguage":"en-US","@id":"https:\/\/www.familinparis.fr\/en\/the-hunchback-of-notre-dame\/#primaryimage","url":"https:\/\/www.familinparis.fr\/wp-content\/uploads\/Spectacles\/MUSICAL\/bossu-gaite.jpg","contentUrl":"https:\/\/www.familinparis.fr\/wp-content\/uploads\/Spectacles\/MUSICAL\/bossu-gaite.jpg","width":500,"height":750},{"@type":"BreadcrumbList","@id":"https:\/\/www.familinparis.fr\/en\/the-hunchback-of-notre-dame\/#breadcrumb","itemListElement":[{"@type":"ListItem","position":1,"name":"Home","item":"https:\/\/www.familinparis.fr\/en\/"},{"@type":"ListItem","position":2,"name":"Exposition","item":"https:\/\/www.familinparis.fr\/en\/categorie\/exposition-en\/"},{"@type":"ListItem","position":3,"name":"The Hunchback of Notre Dame"}]},{"@type":"WebSite","@id":"https:\/\/www.familinparis.fr\/en\/#website","url":"https:\/\/www.familinparis.fr\/en\/","name":"Familin&#039;Paris","description":"Visiter le meilleur de Paris avec des enfants : sorties, spectacles, adresses de restaurants, shopping, bons plans...","potentialAction":[{"@type":"SearchAction","target":{"@type":"EntryPoint","urlTemplate":"https:\/\/www.familinparis.fr\/en\/?s={search_term_string}"},"query-input":{"@type":"PropertyValueSpecification","valueRequired":true,"valueName":"search_term_string"}}],"inLanguage":"en-US"},{"@type":"Person","@id":"https:\/\/www.familinparis.fr\/en\/#\/schema\/person\/a87467bb417cd0c77d0a7bb5d1d78ac5","name":"olivia","image":{"@type":"ImageObject","inLanguage":"en-US","@id":"https:\/\/secure.gravatar.com\/avatar\/cbca07f1dfea20f457a666a1b84ed5cf1364773d1378c6f10fd36c354eef1ef8?s=96&d=identicon&r=g","url":"https:\/\/secure.gravatar.com\/avatar\/cbca07f1dfea20f457a666a1b84ed5cf1364773d1378c6f10fd36c354eef1ef8?s=96&d=identicon&r=g","contentUrl":"https:\/\/secure.gravatar.com\/avatar\/cbca07f1dfea20f457a666a1b84ed5cf1364773d1378c6f10fd36c354eef1ef8?s=96&d=identicon&r=g","caption":"olivia"}}]}},"uagb_featured_image_src":{"full":["https:\/\/www.familinparis.fr\/wp-content\/uploads\/Spectacles\/MUSICAL\/bossu-gaite.jpg",500,750,false],"thumbnail":["https:\/\/www.familinparis.fr\/wp-content\/uploads\/Spectacles\/MUSICAL\/bossu-gaite-150x150.jpg",150,150,true],"medium":["https:\/\/www.familinparis.fr\/wp-content\/uploads\/Spectacles\/MUSICAL\/bossu-gaite-200x300.jpg",200,300,true],"medium_large":["https:\/\/www.familinparis.fr\/wp-content\/uploads\/Spectacles\/MUSICAL\/bossu-gaite.jpg",500,750,false],"large":["https:\/\/www.familinparis.fr\/wp-content\/uploads\/Spectacles\/MUSICAL\/bossu-gaite.jpg",500,750,false],"1536x1536":["https:\/\/www.familinparis.fr\/wp-content\/uploads\/Spectacles\/MUSICAL\/bossu-gaite.jpg",500,750,false],"2048x2048":["https:\/\/www.familinparis.fr\/wp-content\/uploads\/Spectacles\/MUSICAL\/bossu-gaite.jpg",500,750,false],"home-thumb":["https:\/\/www.familinparis.fr\/wp-content\/uploads\/Spectacles\/MUSICAL\/bossu-gaite-487x730.jpg",487,730,true],"home-slider":["https:\/\/www.familinparis.fr\/wp-content\/uploads\/Spectacles\/MUSICAL\/bossu-gaite-500x600.jpg",500,600,true],"lightbox-slider-size":["https:\/\/www.familinparis.fr\/wp-content\/uploads\/Spectacles\/MUSICAL\/bossu-gaite-500x282.jpg",500,282,true],"post-thumbnail":["https:\/\/www.familinparis.fr\/wp-content\/uploads\/Spectacles\/MUSICAL\/bossu-gaite-270x180.jpg",270,180,true],"cheerup-main":["https:\/\/www.familinparis.fr\/wp-content\/uploads\/Spectacles\/MUSICAL\/bossu-gaite-500x400.jpg",500,400,true],"cheerup-main-full":["https:\/\/www.familinparis.fr\/wp-content\/uploads\/Spectacles\/MUSICAL\/bossu-gaite-500x508.jpg",500,508,true],"cheerup-slider-alt":["https:\/\/www.familinparis.fr\/wp-content\/uploads\/Spectacles\/MUSICAL\/bossu-gaite-500x508.jpg",500,508,true],"cheerup-slider-trendy":["https:\/\/www.familinparis.fr\/wp-content\/uploads\/Spectacles\/MUSICAL\/bossu-gaite-500x508.jpg",500,508,true],"cheerup-slider-stylish":["https:\/\/www.familinparis.fr\/wp-content\/uploads\/Spectacles\/MUSICAL\/bossu-gaite-500x515.jpg",500,515,true],"cheerup-slider-grid":["https:\/\/www.familinparis.fr\/wp-content\/uploads\/Spectacles\/MUSICAL\/bossu-gaite-500x600.jpg",500,600,true],"cheerup-slider-grid-sm":["https:\/\/www.familinparis.fr\/wp-content\/uploads\/Spectacles\/MUSICAL\/bossu-gaite-300x300.jpg",300,300,true],"cheerup-slider-carousel":["https:\/\/www.familinparis.fr\/wp-content\/uploads\/Spectacles\/MUSICAL\/bossu-gaite-370x370.jpg",370,370,true],"cheerup-slider-grid-b":["https:\/\/www.familinparis.fr\/wp-content\/uploads\/Spectacles\/MUSICAL\/bossu-gaite-500x466.jpg",500,466,true],"cheerup-slider-grid-b-sm":["https:\/\/www.familinparis.fr\/wp-content\/uploads\/Spectacles\/MUSICAL\/bossu-gaite-306x466.jpg",306,466,true],"cheerup-slider-bold-sm":["https:\/\/www.familinparis.fr\/wp-content\/uploads\/Spectacles\/MUSICAL\/bossu-gaite-150x150.jpg",150,150,true],"cheerup-grid":["https:\/\/www.familinparis.fr\/wp-content\/uploads\/Spectacles\/MUSICAL\/bossu-gaite-370x285.jpg",370,285,true],"cheerup-carousel":["https:\/\/www.familinparis.fr\/wp-content\/uploads\/Spectacles\/MUSICAL\/bossu-gaite-270x180.jpg",270,180,true],"cheerup-carousel-b":["https:\/\/www.familinparis.fr\/wp-content\/uploads\/Spectacles\/MUSICAL\/bossu-gaite-370x285.jpg",370,285,true],"cheerup-list":["https:\/\/www.familinparis.fr\/wp-content\/uploads\/Spectacles\/MUSICAL\/bossu-gaite-260x200.jpg",260,200,true],"cheerup-list-b":["https:\/\/www.familinparis.fr\/wp-content\/uploads\/Spectacles\/MUSICAL\/bossu-gaite-370x305.jpg",370,305,true],"cheerup-thumb":["https:\/\/www.familinparis.fr\/wp-content\/uploads\/Spectacles\/MUSICAL\/bossu-gaite-87x67.jpg",87,67,true],"cheerup-thumb-alt":["https:\/\/www.familinparis.fr\/wp-content\/uploads\/Spectacles\/MUSICAL\/bossu-gaite-150x150.jpg",150,150,true]},"uagb_author_info":{"display_name":"olivia","author_link":"https:\/\/www.familinparis.fr\/en\/author\/olivia\/"},"uagb_comment_info":0,"uagb_excerpt":null,"_links":{"self":[{"href":"https:\/\/www.familinparis.fr\/en\/wp-json\/wp\/v2\/posts\/134736","targetHints":{"allow":["GET"]}}],"collection":[{"href":"https:\/\/www.familinparis.fr\/en\/wp-json\/wp\/v2\/posts"}],"about":[{"href":"https:\/\/www.familinparis.fr\/en\/wp-json\/wp\/v2\/types\/post"}],"author":[{"embeddable":true,"href":"https:\/\/www.familinparis.fr\/en\/wp-json\/wp\/v2\/users\/5"}],"replies":[{"embeddable":true,"href":"https:\/\/www.familinparis.fr\/en\/wp-json\/wp\/v2\/comments?post=134736"}],"version-history":[{"count":0,"href":"https:\/\/www.familinparis.fr\/en\/wp-json\/wp\/v2\/posts\/134736\/revisions"}],"wp:featuredmedia":[{"embeddable":true,"href":"https:\/\/www.familinparis.fr\/en\/wp-json\/wp\/v2\/media\/130727"}],"wp:attachment":[{"href":"https:\/\/www.familinparis.fr\/en\/wp-json\/wp\/v2\/media?parent=134736"}],"wp:term":[{"taxonomy":"category","embeddable":true,"href":"https:\/\/www.familinparis.fr\/en\/wp-json\/wp\/v2\/categories?post=134736"},{"taxonomy":"post_tag","embeddable":true,"href":"https:\/\/www.familinparis.fr\/en\/wp-json\/wp\/v2\/tags?post=134736"}],"curies":[{"name":"wp","href":"https:\/\/api.w.org\/{rel}","templated":true}]}}