{"id":134677,"date":"2023-11-16T18:58:35","date_gmt":"2023-11-16T16:58:35","guid":{"rendered":"https:\/\/www.familinparis.fr\/ceremony-of-the-great-relief-of-the-republican-guard\/"},"modified":"2024-11-16T17:03:53","modified_gmt":"2024-11-16T15:03:53","slug":"ceremony-of-the-great-relief-of-the-republican-guard","status":"publish","type":"post","link":"https:\/\/www.familinparis.fr\/en\/ceremony-of-the-great-relief-of-the-republican-guard\/","title":{"rendered":"Ceremony of the great relief of the Republican Guard"},"content":{"rendered":"<div class=\"lazyblock-baseline-K3hfe wp-block-lazyblock-baseline\"><div class=\"baseline\">-FREE- <br>Every 1st Tuesday of each month  <\/div><\/div><div class=\"lazyblock-infos-pratiques-2mwJ8D wp-block-lazyblock-infos-pratiques\"><div class=\"read-more go-to\" data-goto=\"infos-sup\">\n  <a href=\"#\">\n    <span class=\"rien\">\n      <i class=\"fa fa-map-marker\"><\/i> See practical information    <\/span>\n  <\/a>\n<\/div><\/div>\n<section class=\"wp-block-uagb-section uagb-section__wrap uagb-section__background-color uagb-block-c8a033cd\"><div class=\"uagb-section__overlay\"><\/div><div class=\"uagb-section__inner-wrap\">\n<ul class=\"wp-block-list\">\n<li><strong>WE LIKE<\/strong> : a historical tradition to see with the family, it&#8217;s free and original<\/li>\n\n\n\n<li><strong>AGE <\/strong>: for all<\/li>\n\n\n\n<li><strong>DATE <\/strong>: Every 1st Tuesday of each month<\/li>\n\n\n\n<li><strong>SCHEDULE <\/strong>: from 9 a.m.<\/li>\n\n\n\n<li><strong>LOCATION<\/strong> : in front of the \u00c9lys\u00e9e Palace (Paris<sup>8th<\/sup>)<\/li>\n<\/ul>\n<\/div><\/section>\n\n<div style=\"height:60px\" aria-hidden=\"true\" class=\"wp-block-spacer\"><\/div>\n\n<figure class=\"wp-block-embed is-type-video is-provider-youtube wp-block-embed-youtube wp-embed-aspect-16-9 wp-has-aspect-ratio\"><div class=\"wp-block-embed__wrapper\"> \n<iframe title=\"Rel\u00e8ve de la Garde.Tous les premiers mardis du mois.\" width=\"770\" height=\"433\" src=\"https:\/\/www.youtube.com\/embed\/vRG1SnY6xu0?feature=oembed\" frameborder=\"0\" allow=\"accelerometer; autoplay; clipboard-write; encrypted-media; gyroscope; picture-in-picture; web-share\" referrerpolicy=\"strict-origin-when-cross-origin\" allowfullscreen><\/iframe>\n <\/div><figcaption class=\"wp-element-caption\">Changing of the Guard.Every first Tuesday of the month. \u00c9lys\u00e9e.   <\/figcaption><\/figure>\n\n<div style=\"height:29px\" aria-hidden=\"true\" class=\"wp-block-spacer\"><\/div>\n\n<section class=\"wp-block-uagb-section uagb-section__wrap uagb-section__background-none uagb-block-52561d48\"><div class=\"uagb-section__overlay\"><\/div><div class=\"uagb-section__inner-wrap\">\n<h2 class=\"wp-block-heading has-text-align-center\">Ceremony of the great relief of the Republican Guard: a free and original event<\/h2>\n\n\n\n<ul class=\"wp-block-list\">\n<li><strong>We can once again attend the ceremony of the great relief of the 1st Infantry Regiment of the Republican Guard in front of the \u00c9lys\u00e9e Palace<\/strong><\/li>\n\n\n\n<li>For the first time in 27 years, this ceremony is once again visible to the public.  <\/li>\n\n\n\n<li>This old tradition, brought up to date by President Emmanuel Macron, is a <strong>way of reaffirming the role of French institutions<\/strong>. She introduces the youngest to<strong> the impressive costumes, and in particular the shako, this very specific helmet with cockade and scarlet red plume, but also real swords!<\/strong> <\/li>\n\n\n\n<li>A little reminder: the Republican Guard is a section of the national gendarmerie which is made up of 3400 people. They ensure the security of the President of the Republic, the institutions and the Assembly <\/li>\n\n\n\n<li>This ceremony took place every day between 1909 and 1996 at 7:45 a.m  <\/li>\n\n\n\n<li>The great new generation, which you<strong> can attend every 1st Tuesday of the month from 9 a.m.<\/strong>, is inspired by the ancient ceremonial, with the step in cadence, and to the sound of the bugle<\/li>\n\n\n\n<li><strong>How does the ceremony take place?  <\/strong>Two sections of 16 soldiers parade along Avenue Marigny and Rue de l&#8217;\u00c9lys\u00e9e to cross paths along the gate of honour of the \u00c9lys\u00e9e Palace, rue du Faubourg Saint-Honor\u00e9<\/li>\n\n\n\n<li>After military salutes and exchanges of instructions between the two section chiefs, the new guard replaced the old one for a period of 24 hours<\/li>\n\n\n\n<li>You will be able <strong>to attend this exceptional solemn ceremony free of charge<\/strong><\/li>\n<\/ul>\n<\/div><\/section>\n\n<div class=\"wp-block-columns is-layout-flex wp-container-core-columns-is-layout-9d6595d7 wp-block-columns-is-layout-flex\">\n<div class=\"wp-block-column is-layout-flow wp-block-column-is-layout-flow\"><div class=\"lazyblock-grids-Z26u17W wp-block-lazyblock-grids\"><div class=\"row new-grids grids-style-2\">\n        <div class=\"col-12 grid-title\">\n        <h2 class=\"c-blue\">Free activities in Paris<\/h2>\n\n            <\/div>\n        \n    <div class=\"col-12 grids columns-4\">\n        \n\n<div class=\"grid\">\n\t<a href=\"https:\/\/www.familinparis.fr\/en\/nature-festival-2024\/\" target=\"_self\">\n\t    <div class=\"image\" style=\"background-image:url('https:\/\/www.familinparis.fr\/wp-content\/uploads\/2025\/05\/fete-de-la-nature-2025-large-564x282.jpg')\">\n\t    \t\t\t\t\t    <\/div>\n\t    <div class=\"texte\">\n\t        <h5><\/h5>\n\t        <h3>Nature Festival 2024<\/h3>\n\t        <div class=\"tags\">\n\t        \t\t        \t<span><\/span>\n\t        <\/div>\n\t        <div class=\"bas\">\n        \t\t<div class=\"prix\">\n        \t\t\t        \t\t<\/div>\n            \t<div class=\"review-stars\" data-productId=\"\">\n            \t<\/div>\n\t        <\/div>\n\t    <\/div>\n\t<\/a>\n<\/div>\n\n<div class=\"grid\">\n\t<a href=\"https:\/\/www.familinparis.fr\/en\/hors-control-la-boum-pour-enfant-gratuit\/\" target=\"_self\">\n\t    <div class=\"image\" style=\"background-image:url('https:\/\/www.familinparis.fr\/wp-content\/uploads\/2024\/10\/Capture-decran-2025-08-06-171103-564x282.jpg')\">\n\t    \t\t    \t<div class=\"dateOnImg\">May 10 and June 8, 2025<\/div>\n\t    \t\t\t\t\t    <\/div>\n\t    <div class=\"texte\">\n\t        <h5>Ground Control (Paris 12th)<\/h5>\n\t        <h3>Hors Control, the children&#8217;s party<\/h3>\n\t        <div class=\"tags\">\n\t        \t\t        \t\t<span>For everyone<\/span>\n\t        \t\t        \t<span>Free  <\/span>\n\t        <\/div>\n\t        <div class=\"bas\">\n        \t\t<div class=\"prix\">\n        \t\t\t        \t\t<\/div>\n            \t<div class=\"review-stars\" data-productId=\"\">\n            \t<\/div>\n\t        <\/div>\n\t    <\/div>\n\t<\/a>\n<\/div>\n\n<div class=\"grid\">\n\t<a href=\"https:\/\/www.familinparis.fr\/en\/the-museum-of-modern-art-in-paris\/\" target=\"_self\">\n\t    <div class=\"image\" style=\"background-image:url('https:\/\/www.familinparis.fr\/wp-content\/uploads\/photos-familinparis-2021\/mus\u00e9e\/musee-picasso\/oeuvre-picasso-musee-picasso-\u00a9FamilinParis-867x1009-1-564x282.jpg')\">\n\t    \t\t\t\t\t    <\/div>\n\t    <div class=\"texte\">\n\t        <h5><\/h5>\n\t        <h3>The Museum of Modern Art in Paris<\/h3>\n\t        <div class=\"tags\">\n\t        \t\t        \t<span><\/span>\n\t        <\/div>\n\t        <div class=\"bas\">\n        \t\t<div class=\"prix\">\n        \t\t\t        \t\t<\/div>\n            \t<div class=\"review-stars\" data-productId=\"\">\n            \t<\/div>\n\t        <\/div>\n\t    <\/div>\n\t<\/a>\n<\/div>\n\n<div class=\"grid\">\n\t<a href=\"https:\/\/www.familinparis.fr\/en\/visit-notre-dame-de-paris\/\" target=\"_self\">\n\t    <div class=\"image\" style=\"background-image:url('https:\/\/www.familinparis.fr\/wp-content\/uploads\/2024\/12\/cathedral-738118_1280-564x282.jpeg')\">\n\t    \t\t    \t<div class=\"dateOnImg\">Tous les jours<\/div>\n\t    \t\t\t\t\t    <\/div>\n\t    <div class=\"texte\">\n\t        <h5>Notre-Dame de Paris<\/h5>\n\t        <h3>Reopening of Notre-Dame de Paris<\/h3>\n\t        <div class=\"tags\">\n\t        \t\t        \t\t<span>Pour tous<\/span>\n\t        \t\t        \t<span>7h45 \u00e0 19h<\/span>\n\t        <\/div>\n\t        <div class=\"bas\">\n        \t\t<div class=\"prix\">\n        \t\t\t        \t\t<\/div>\n            \t<div class=\"review-stars\" data-productId=\"\">\n            \t<\/div>\n\t        <\/div>\n\t    <\/div>\n\t<\/a>\n<\/div>    <\/div>\n\n            <div class=\"col-12 t-center m-b-20\">\n            <div class=\"labels__fam\">\n                                    <a href=\"\/sortie-gratuite\/\" class=\"labels__fam-color-secondary labels__fam-radius-rounded\">\n                        Free Betting                    <\/a>\n                                    <a href=\"\/offre-groupon-famille-enfant\/\" class=\"labels__fam-color-secondary labels__fam-radius-rounded\">\n                        Discounted activities                    <\/a>\n                                    <a href=\"\/visite-monument-parisien\/\" class=\"labels__fam-color-secondary labels__fam-radius-rounded\">\n                        Monuments with the family                    <\/a>\n                            <\/div>\n        <\/div>\n    \n    \n\n<\/div>\n<\/div><\/div>\n<\/div>\n\n<div style=\"height:60px\" aria-hidden=\"true\" class=\"wp-block-spacer\"><\/div>\n\n<div data-tiqets-widget=\"discovery\" data-cards-layout=\"responsive\" data-content-type=\"exhibition\" data-item_count=\"20\" data-destination-type=\"city\" data-destination-id=\"66746\" data-partner=\"familinparis\" data-tq-campaign=\"banni\u00e8re-expo-releve-gard\"><\/div>\n","protected":false},"excerpt":{"rendered":"<p>The 1st Tuesday of the month<\/p>\n","protected":false},"author":12,"featured_media":132479,"comment_status":"open","ping_status":"open","sticky":false,"template":"","format":"standard","meta":{"_uag_custom_page_level_css":"","footnotes":""},"categories":[1246,1325],"tags":[1385,1208,1226,1206,1320,1209,1225],"class_list":{"0":"post-134677","1":"post","2":"type-post","3":"status-publish","4":"format-standard","5":"has-post-thumbnail","7":"category-leisure-en","8":"category-monuments-en","9":"tag-champs-elysees-district","10":"tag-for-3-6-year-olds","11":"tag-for-7-12-year-olds","12":"tag-for-teens","13":"tag-free","14":"tag-good-looking","15":"tag-unusual"},"yoast_head":"<!-- This site is optimized with the Yoast SEO plugin v27.2 - https:\/\/yoast.com\/product\/yoast-seo-wordpress\/ -->\n<title>FREE | Ceremony for the Changing of the Republican Guard<\/title>\n<meta name=\"description\" content=\"For everyone. Every 1st Tuesday of the month, the public relief of the Republican Guard takes place in front of the Elys\u00e9e Palace.\" \/>\n<meta name=\"robots\" content=\"index, follow, max-snippet:-1, max-image-preview:large, max-video-preview:-1\" \/>\n<link rel=\"canonical\" href=\"https:\/\/www.familinparis.fr\/en\/ceremony-of-the-great-relief-of-the-republican-guard\/\" \/>\n<meta property=\"og:locale\" content=\"en_US\" \/>\n<meta property=\"og:type\" content=\"article\" \/>\n<meta property=\"og:title\" content=\"FREE | Ceremony for the Changing of the Republican Guard\" \/>\n<meta property=\"og:description\" content=\"For everyone. Every 1st Tuesday of the month, the public relief of the Republican Guard takes place in front of the Elys\u00e9e Palace.\" \/>\n<meta property=\"og:url\" content=\"https:\/\/www.familinparis.fr\/en\/ceremony-of-the-great-relief-of-the-republican-guard\/\" \/>\n<meta property=\"og:site_name\" content=\"Familin&#039;Paris\" \/>\n<meta property=\"article:published_time\" content=\"2023-11-16T16:58:35+00:00\" \/>\n<meta property=\"article:modified_time\" content=\"2024-11-16T15:03:53+00:00\" \/>\n<meta property=\"og:image\" content=\"https:\/\/www.familinparis.fr\/wp-content\/uploads\/GRATUIT\/Garde-republicaine-sh_581694124.jpg\" \/>\n\t<meta property=\"og:image:width\" content=\"1000\" \/>\n\t<meta property=\"og:image:height\" content=\"666\" \/>\n\t<meta property=\"og:image:type\" content=\"image\/jpeg\" \/>\n<meta name=\"author\" content=\"Magali\" \/>\n<meta name=\"twitter:card\" content=\"summary_large_image\" \/>\n<meta name=\"twitter:label1\" content=\"Written by\" \/>\n\t<meta name=\"twitter:data1\" content=\"Magali\" \/>\n\t<meta name=\"twitter:label2\" content=\"Est. reading time\" \/>\n\t<meta name=\"twitter:data2\" content=\"2 minutes\" \/>\n<script type=\"application\/ld+json\" class=\"yoast-schema-graph\">{\"@context\":\"https:\/\/schema.org\",\"@graph\":[{\"@type\":\"Article\",\"@id\":\"https:\/\/www.familinparis.fr\/en\/ceremony-of-the-great-relief-of-the-republican-guard\/#article\",\"isPartOf\":{\"@id\":\"https:\/\/www.familinparis.fr\/en\/ceremony-of-the-great-relief-of-the-republican-guard\/\"},\"author\":{\"name\":\"Magali\",\"@id\":\"https:\/\/www.familinparis.fr\/en\/#\/schema\/person\/76ad1a7946173a69e7244f034bfcbca6\"},\"headline\":\"Ceremony of the great relief of the Republican Guard\",\"datePublished\":\"2023-11-16T16:58:35+00:00\",\"dateModified\":\"2024-11-16T15:03:53+00:00\",\"mainEntityOfPage\":{\"@id\":\"https:\/\/www.familinparis.fr\/en\/ceremony-of-the-great-relief-of-the-republican-guard\/\"},\"wordCount\":327,\"commentCount\":0,\"image\":{\"@id\":\"https:\/\/www.familinparis.fr\/en\/ceremony-of-the-great-relief-of-the-republican-guard\/#primaryimage\"},\"thumbnailUrl\":\"https:\/\/www.familinparis.fr\/wp-content\/uploads\/GRATUIT\/Garde-republicaine-sh_581694124.jpg\",\"keywords\":[\"Champs-Elys\u00e9es district\",\"For 3-6 year olds\",\"For 7-12 year olds\",\"For teens\",\"free\",\"Good looking\",\"unusual\"],\"articleSection\":[\"Leisure\",\"Monuments\"],\"inLanguage\":\"en-US\",\"potentialAction\":[{\"@type\":\"CommentAction\",\"name\":\"Comment\",\"target\":[\"https:\/\/www.familinparis.fr\/en\/ceremony-of-the-great-relief-of-the-republican-guard\/#respond\"]}]},{\"@type\":\"WebPage\",\"@id\":\"https:\/\/www.familinparis.fr\/en\/ceremony-of-the-great-relief-of-the-republican-guard\/\",\"url\":\"https:\/\/www.familinparis.fr\/en\/ceremony-of-the-great-relief-of-the-republican-guard\/\",\"name\":\"FREE | Ceremony for the Changing of the Republican Guard\",\"isPartOf\":{\"@id\":\"https:\/\/www.familinparis.fr\/en\/#website\"},\"primaryImageOfPage\":{\"@id\":\"https:\/\/www.familinparis.fr\/en\/ceremony-of-the-great-relief-of-the-republican-guard\/#primaryimage\"},\"image\":{\"@id\":\"https:\/\/www.familinparis.fr\/en\/ceremony-of-the-great-relief-of-the-republican-guard\/#primaryimage\"},\"thumbnailUrl\":\"https:\/\/www.familinparis.fr\/wp-content\/uploads\/GRATUIT\/Garde-republicaine-sh_581694124.jpg\",\"datePublished\":\"2023-11-16T16:58:35+00:00\",\"dateModified\":\"2024-11-16T15:03:53+00:00\",\"author\":{\"@id\":\"https:\/\/www.familinparis.fr\/en\/#\/schema\/person\/76ad1a7946173a69e7244f034bfcbca6\"},\"description\":\"For everyone. Every 1st Tuesday of the month, the public relief of the Republican Guard takes place in front of the Elys\u00e9e Palace.\",\"breadcrumb\":{\"@id\":\"https:\/\/www.familinparis.fr\/en\/ceremony-of-the-great-relief-of-the-republican-guard\/#breadcrumb\"},\"inLanguage\":\"en-US\",\"potentialAction\":[{\"@type\":\"ReadAction\",\"target\":[\"https:\/\/www.familinparis.fr\/en\/ceremony-of-the-great-relief-of-the-republican-guard\/\"]}]},{\"@type\":\"ImageObject\",\"inLanguage\":\"en-US\",\"@id\":\"https:\/\/www.familinparis.fr\/en\/ceremony-of-the-great-relief-of-the-republican-guard\/#primaryimage\",\"url\":\"https:\/\/www.familinparis.fr\/wp-content\/uploads\/GRATUIT\/Garde-republicaine-sh_581694124.jpg\",\"contentUrl\":\"https:\/\/www.familinparis.fr\/wp-content\/uploads\/GRATUIT\/Garde-republicaine-sh_581694124.jpg\",\"width\":1000,\"height\":666},{\"@type\":\"BreadcrumbList\",\"@id\":\"https:\/\/www.familinparis.fr\/en\/ceremony-of-the-great-relief-of-the-republican-guard\/#breadcrumb\",\"itemListElement\":[{\"@type\":\"ListItem\",\"position\":1,\"name\":\"Home\",\"item\":\"https:\/\/www.familinparis.fr\/en\/\"},{\"@type\":\"ListItem\",\"position\":2,\"name\":\"Exposition\",\"item\":\"https:\/\/www.familinparis.fr\/en\/categorie\/exposition-en\/\"},{\"@type\":\"ListItem\",\"position\":3,\"name\":\"Ceremony of the great relief of the Republican Guard\"}]},{\"@type\":\"WebSite\",\"@id\":\"https:\/\/www.familinparis.fr\/en\/#website\",\"url\":\"https:\/\/www.familinparis.fr\/en\/\",\"name\":\"Familin&#039;Paris\",\"description\":\"Visiter le meilleur de Paris avec des enfants : sorties, spectacles, adresses de restaurants, shopping, bons plans...\",\"potentialAction\":[{\"@type\":\"SearchAction\",\"target\":{\"@type\":\"EntryPoint\",\"urlTemplate\":\"https:\/\/www.familinparis.fr\/en\/?s={search_term_string}\"},\"query-input\":{\"@type\":\"PropertyValueSpecification\",\"valueRequired\":true,\"valueName\":\"search_term_string\"}}],\"inLanguage\":\"en-US\"},{\"@type\":\"Person\",\"@id\":\"https:\/\/www.familinparis.fr\/en\/#\/schema\/person\/76ad1a7946173a69e7244f034bfcbca6\",\"name\":\"Magali\",\"image\":{\"@type\":\"ImageObject\",\"inLanguage\":\"en-US\",\"@id\":\"https:\/\/secure.gravatar.com\/avatar\/5784aec9c0ccc7e91e71b0573d0870889e43807ad8b24908c501df25e58fa11a?s=96&d=identicon&r=g\",\"url\":\"https:\/\/secure.gravatar.com\/avatar\/5784aec9c0ccc7e91e71b0573d0870889e43807ad8b24908c501df25e58fa11a?s=96&d=identicon&r=g\",\"contentUrl\":\"https:\/\/secure.gravatar.com\/avatar\/5784aec9c0ccc7e91e71b0573d0870889e43807ad8b24908c501df25e58fa11a?s=96&d=identicon&r=g\",\"caption\":\"Magali\"}}]}<\/script>\n<!-- \/ Yoast SEO plugin. -->","yoast_head_json":{"title":"FREE | Ceremony for the Changing of the Republican Guard","description":"For everyone. Every 1st Tuesday of the month, the public relief of the Republican Guard takes place in front of the Elys\u00e9e Palace.","robots":{"index":"index","follow":"follow","max-snippet":"max-snippet:-1","max-image-preview":"max-image-preview:large","max-video-preview":"max-video-preview:-1"},"canonical":"https:\/\/www.familinparis.fr\/en\/ceremony-of-the-great-relief-of-the-republican-guard\/","og_locale":"en_US","og_type":"article","og_title":"FREE | Ceremony for the Changing of the Republican Guard","og_description":"For everyone. Every 1st Tuesday of the month, the public relief of the Republican Guard takes place in front of the Elys\u00e9e Palace.","og_url":"https:\/\/www.familinparis.fr\/en\/ceremony-of-the-great-relief-of-the-republican-guard\/","og_site_name":"Familin&#039;Paris","article_published_time":"2023-11-16T16:58:35+00:00","article_modified_time":"2024-11-16T15:03:53+00:00","og_image":[{"width":1000,"height":666,"url":"https:\/\/www.familinparis.fr\/wp-content\/uploads\/GRATUIT\/Garde-republicaine-sh_581694124.jpg","type":"image\/jpeg"}],"author":"Magali","twitter_card":"summary_large_image","twitter_misc":{"Written by":"Magali","Est. reading time":"2 minutes"},"schema":{"@context":"https:\/\/schema.org","@graph":[{"@type":"Article","@id":"https:\/\/www.familinparis.fr\/en\/ceremony-of-the-great-relief-of-the-republican-guard\/#article","isPartOf":{"@id":"https:\/\/www.familinparis.fr\/en\/ceremony-of-the-great-relief-of-the-republican-guard\/"},"author":{"name":"Magali","@id":"https:\/\/www.familinparis.fr\/en\/#\/schema\/person\/76ad1a7946173a69e7244f034bfcbca6"},"headline":"Ceremony of the great relief of the Republican Guard","datePublished":"2023-11-16T16:58:35+00:00","dateModified":"2024-11-16T15:03:53+00:00","mainEntityOfPage":{"@id":"https:\/\/www.familinparis.fr\/en\/ceremony-of-the-great-relief-of-the-republican-guard\/"},"wordCount":327,"commentCount":0,"image":{"@id":"https:\/\/www.familinparis.fr\/en\/ceremony-of-the-great-relief-of-the-republican-guard\/#primaryimage"},"thumbnailUrl":"https:\/\/www.familinparis.fr\/wp-content\/uploads\/GRATUIT\/Garde-republicaine-sh_581694124.jpg","keywords":["Champs-Elys\u00e9es district","For 3-6 year olds","For 7-12 year olds","For teens","free","Good looking","unusual"],"articleSection":["Leisure","Monuments"],"inLanguage":"en-US","potentialAction":[{"@type":"CommentAction","name":"Comment","target":["https:\/\/www.familinparis.fr\/en\/ceremony-of-the-great-relief-of-the-republican-guard\/#respond"]}]},{"@type":"WebPage","@id":"https:\/\/www.familinparis.fr\/en\/ceremony-of-the-great-relief-of-the-republican-guard\/","url":"https:\/\/www.familinparis.fr\/en\/ceremony-of-the-great-relief-of-the-republican-guard\/","name":"FREE | Ceremony for the Changing of the Republican Guard","isPartOf":{"@id":"https:\/\/www.familinparis.fr\/en\/#website"},"primaryImageOfPage":{"@id":"https:\/\/www.familinparis.fr\/en\/ceremony-of-the-great-relief-of-the-republican-guard\/#primaryimage"},"image":{"@id":"https:\/\/www.familinparis.fr\/en\/ceremony-of-the-great-relief-of-the-republican-guard\/#primaryimage"},"thumbnailUrl":"https:\/\/www.familinparis.fr\/wp-content\/uploads\/GRATUIT\/Garde-republicaine-sh_581694124.jpg","datePublished":"2023-11-16T16:58:35+00:00","dateModified":"2024-11-16T15:03:53+00:00","author":{"@id":"https:\/\/www.familinparis.fr\/en\/#\/schema\/person\/76ad1a7946173a69e7244f034bfcbca6"},"description":"For everyone. Every 1st Tuesday of the month, the public relief of the Republican Guard takes place in front of the Elys\u00e9e Palace.","breadcrumb":{"@id":"https:\/\/www.familinparis.fr\/en\/ceremony-of-the-great-relief-of-the-republican-guard\/#breadcrumb"},"inLanguage":"en-US","potentialAction":[{"@type":"ReadAction","target":["https:\/\/www.familinparis.fr\/en\/ceremony-of-the-great-relief-of-the-republican-guard\/"]}]},{"@type":"ImageObject","inLanguage":"en-US","@id":"https:\/\/www.familinparis.fr\/en\/ceremony-of-the-great-relief-of-the-republican-guard\/#primaryimage","url":"https:\/\/www.familinparis.fr\/wp-content\/uploads\/GRATUIT\/Garde-republicaine-sh_581694124.jpg","contentUrl":"https:\/\/www.familinparis.fr\/wp-content\/uploads\/GRATUIT\/Garde-republicaine-sh_581694124.jpg","width":1000,"height":666},{"@type":"BreadcrumbList","@id":"https:\/\/www.familinparis.fr\/en\/ceremony-of-the-great-relief-of-the-republican-guard\/#breadcrumb","itemListElement":[{"@type":"ListItem","position":1,"name":"Home","item":"https:\/\/www.familinparis.fr\/en\/"},{"@type":"ListItem","position":2,"name":"Exposition","item":"https:\/\/www.familinparis.fr\/en\/categorie\/exposition-en\/"},{"@type":"ListItem","position":3,"name":"Ceremony of the great relief of the Republican Guard"}]},{"@type":"WebSite","@id":"https:\/\/www.familinparis.fr\/en\/#website","url":"https:\/\/www.familinparis.fr\/en\/","name":"Familin&#039;Paris","description":"Visiter le meilleur de Paris avec des enfants : sorties, spectacles, adresses de restaurants, shopping, bons plans...","potentialAction":[{"@type":"SearchAction","target":{"@type":"EntryPoint","urlTemplate":"https:\/\/www.familinparis.fr\/en\/?s={search_term_string}"},"query-input":{"@type":"PropertyValueSpecification","valueRequired":true,"valueName":"search_term_string"}}],"inLanguage":"en-US"},{"@type":"Person","@id":"https:\/\/www.familinparis.fr\/en\/#\/schema\/person\/76ad1a7946173a69e7244f034bfcbca6","name":"Magali","image":{"@type":"ImageObject","inLanguage":"en-US","@id":"https:\/\/secure.gravatar.com\/avatar\/5784aec9c0ccc7e91e71b0573d0870889e43807ad8b24908c501df25e58fa11a?s=96&d=identicon&r=g","url":"https:\/\/secure.gravatar.com\/avatar\/5784aec9c0ccc7e91e71b0573d0870889e43807ad8b24908c501df25e58fa11a?s=96&d=identicon&r=g","contentUrl":"https:\/\/secure.gravatar.com\/avatar\/5784aec9c0ccc7e91e71b0573d0870889e43807ad8b24908c501df25e58fa11a?s=96&d=identicon&r=g","caption":"Magali"}}]}},"uagb_featured_image_src":{"full":["https:\/\/www.familinparis.fr\/wp-content\/uploads\/GRATUIT\/Garde-republicaine-sh_581694124.jpg",1000,666,false],"thumbnail":["https:\/\/www.familinparis.fr\/wp-content\/uploads\/GRATUIT\/Garde-republicaine-sh_581694124-150x150.jpg",150,150,true],"medium":["https:\/\/www.familinparis.fr\/wp-content\/uploads\/GRATUIT\/Garde-republicaine-sh_581694124-300x200.jpg",300,200,true],"medium_large":["https:\/\/www.familinparis.fr\/wp-content\/uploads\/GRATUIT\/Garde-republicaine-sh_581694124-768x511.jpg",768,511,true],"large":["https:\/\/www.familinparis.fr\/wp-content\/uploads\/GRATUIT\/Garde-republicaine-sh_581694124.jpg",770,513,false],"1536x1536":["https:\/\/www.familinparis.fr\/wp-content\/uploads\/GRATUIT\/Garde-republicaine-sh_581694124.jpg",1000,666,false],"2048x2048":["https:\/\/www.familinparis.fr\/wp-content\/uploads\/GRATUIT\/Garde-republicaine-sh_581694124.jpg",1000,666,false],"home-thumb":["https:\/\/www.familinparis.fr\/wp-content\/uploads\/GRATUIT\/Garde-republicaine-sh_581694124-730x486.jpg",730,486,true],"home-slider":["https:\/\/www.familinparis.fr\/wp-content\/uploads\/GRATUIT\/Garde-republicaine-sh_581694124-800x600.jpg",800,600,true],"lightbox-slider-size":["https:\/\/www.familinparis.fr\/wp-content\/uploads\/GRATUIT\/Garde-republicaine-sh_581694124-564x282.jpg",564,282,true],"post-thumbnail":["https:\/\/www.familinparis.fr\/wp-content\/uploads\/GRATUIT\/Garde-republicaine-sh_581694124-270x180.jpg",270,180,true],"cheerup-main":["https:\/\/www.familinparis.fr\/wp-content\/uploads\/GRATUIT\/Garde-republicaine-sh_581694124-770x400.jpg",770,400,true],"cheerup-main-full":["https:\/\/www.familinparis.fr\/wp-content\/uploads\/GRATUIT\/Garde-republicaine-sh_581694124-1000x508.jpg",1000,508,true],"cheerup-slider-alt":["https:\/\/www.familinparis.fr\/wp-content\/uploads\/GRATUIT\/Garde-republicaine-sh_581694124-1000x508.jpg",1000,508,true],"cheerup-slider-trendy":["https:\/\/www.familinparis.fr\/wp-content\/uploads\/GRATUIT\/Garde-republicaine-sh_581694124-960x508.jpg",960,508,true],"cheerup-slider-stylish":["https:\/\/www.familinparis.fr\/wp-content\/uploads\/GRATUIT\/Garde-republicaine-sh_581694124-900x515.jpg",900,515,true],"cheerup-slider-grid":["https:\/\/www.familinparis.fr\/wp-content\/uploads\/GRATUIT\/Garde-republicaine-sh_581694124-870x600.jpg",870,600,true],"cheerup-slider-grid-sm":["https:\/\/www.familinparis.fr\/wp-content\/uploads\/GRATUIT\/Garde-republicaine-sh_581694124-300x300.jpg",300,300,true],"cheerup-slider-carousel":["https:\/\/www.familinparis.fr\/wp-content\/uploads\/GRATUIT\/Garde-republicaine-sh_581694124-370x370.jpg",370,370,true],"cheerup-slider-grid-b":["https:\/\/www.familinparis.fr\/wp-content\/uploads\/GRATUIT\/Garde-republicaine-sh_581694124-554x466.jpg",554,466,true],"cheerup-slider-grid-b-sm":["https:\/\/www.familinparis.fr\/wp-content\/uploads\/GRATUIT\/Garde-republicaine-sh_581694124-306x466.jpg",306,466,true],"cheerup-slider-bold-sm":["https:\/\/www.familinparis.fr\/wp-content\/uploads\/GRATUIT\/Garde-republicaine-sh_581694124-150x150.jpg",150,150,true],"cheerup-grid":["https:\/\/www.familinparis.fr\/wp-content\/uploads\/GRATUIT\/Garde-republicaine-sh_581694124-370x285.jpg",370,285,true],"cheerup-carousel":["https:\/\/www.familinparis.fr\/wp-content\/uploads\/GRATUIT\/Garde-republicaine-sh_581694124-270x180.jpg",270,180,true],"cheerup-carousel-b":["https:\/\/www.familinparis.fr\/wp-content\/uploads\/GRATUIT\/Garde-republicaine-sh_581694124-370x285.jpg",370,285,true],"cheerup-list":["https:\/\/www.familinparis.fr\/wp-content\/uploads\/GRATUIT\/Garde-republicaine-sh_581694124-260x200.jpg",260,200,true],"cheerup-list-b":["https:\/\/www.familinparis.fr\/wp-content\/uploads\/GRATUIT\/Garde-republicaine-sh_581694124-370x305.jpg",370,305,true],"cheerup-thumb":["https:\/\/www.familinparis.fr\/wp-content\/uploads\/GRATUIT\/Garde-republicaine-sh_581694124-87x67.jpg",87,67,true],"cheerup-thumb-alt":["https:\/\/www.familinparis.fr\/wp-content\/uploads\/GRATUIT\/Garde-republicaine-sh_581694124-150x150.jpg",150,150,true]},"uagb_author_info":{"display_name":"Magali","author_link":"https:\/\/www.familinparis.fr\/en\/author\/tapuscrit\/"},"uagb_comment_info":0,"uagb_excerpt":"The 1st Tuesday of the month","_links":{"self":[{"href":"https:\/\/www.familinparis.fr\/en\/wp-json\/wp\/v2\/posts\/134677","targetHints":{"allow":["GET"]}}],"collection":[{"href":"https:\/\/www.familinparis.fr\/en\/wp-json\/wp\/v2\/posts"}],"about":[{"href":"https:\/\/www.familinparis.fr\/en\/wp-json\/wp\/v2\/types\/post"}],"author":[{"embeddable":true,"href":"https:\/\/www.familinparis.fr\/en\/wp-json\/wp\/v2\/users\/12"}],"replies":[{"embeddable":true,"href":"https:\/\/www.familinparis.fr\/en\/wp-json\/wp\/v2\/comments?post=134677"}],"version-history":[{"count":0,"href":"https:\/\/www.familinparis.fr\/en\/wp-json\/wp\/v2\/posts\/134677\/revisions"}],"wp:featuredmedia":[{"embeddable":true,"href":"https:\/\/www.familinparis.fr\/en\/wp-json\/wp\/v2\/media\/132479"}],"wp:attachment":[{"href":"https:\/\/www.familinparis.fr\/en\/wp-json\/wp\/v2\/media?parent=134677"}],"wp:term":[{"taxonomy":"category","embeddable":true,"href":"https:\/\/www.familinparis.fr\/en\/wp-json\/wp\/v2\/categories?post=134677"},{"taxonomy":"post_tag","embeddable":true,"href":"https:\/\/www.familinparis.fr\/en\/wp-json\/wp\/v2\/tags?post=134677"}],"curies":[{"name":"wp","href":"https:\/\/api.w.org\/{rel}","templated":true}]}}