{"id":134605,"date":"2023-10-20T06:39:10","date_gmt":"2023-10-20T04:39:10","guid":{"rendered":"https:\/\/www.familinparis.fr\/alice-at-the-country-of-wonders\/"},"modified":"2024-11-16T17:03:30","modified_gmt":"2024-11-16T15:03:30","slug":"alice-at-the-country-of-wonders","status":"publish","type":"post","link":"https:\/\/www.familinparis.fr\/en\/alice-at-the-country-of-wonders\/","title":{"rendered":"Alice at the Country of Wonders"},"content":{"rendered":"<div class=\"lazyblock-baseline-1WSUt7 wp-block-lazyblock-baseline\"><div class=\"baseline\">-Musical- <br>With the family, from 5 years old<\/div><\/div><div class=\"lazyblock-infos-pratiques-Z1sDlVf wp-block-lazyblock-infos-pratiques\"><div class=\"read-more go-to\" data-goto=\"infos-sup\">\n  <a href=\"#\">\n    <span class=\"rien\">\n      <i class=\"fa fa-map-marker\"><\/i> See practical information    <\/span>\n  <\/a>\n<\/div><\/div>\n<section class=\"wp-block-uagb-section uagb-section__wrap uagb-section__background-color uagb-block-85b57e1c\"><div class=\"uagb-section__overlay\"><\/div><div class=\"uagb-section__inner-wrap\">\n<div class=\"wp-block-columns is-layout-flex wp-container-core-columns-is-layout-9d6595d7 wp-block-columns-is-layout-flex\">\n<div class=\"wp-block-column is-layout-flow wp-block-column-is-layout-flow\" style=\"flex-basis:66.66%\">\n<h2 class=\"wp-block-heading has-text-align-left\">  &#8220;<strong>Alice in Wonderland<\/strong>&#8221; &#8211; The jazzy family show<\/h2>\n\n\n\n<ul class=\"wp-block-list\">\n<li><strong>WE LIKE:<\/strong> Alice&#8217;s wonderful world and the Jazzy rhythm<\/li>\n\n\n\n<li><strong>AGE:<\/strong> from 5 years old<\/li>\n\n\n\n<li><strong style=\"color: initial\">DATE:<\/strong> until January 7, <span style=\"color: initial\"> <\/span>2024<\/li>\n\n\n\n<li><strong>DAYS<\/strong> : Saturdays\/Sundays at 2pm and during school holidays from Tuesday to Sunday at 2pm  <\/li>\n\n\n\n<li><strong>DURATION: <\/strong>1h15<\/li>\n\n\n\n<li><strong>LOCATION:<\/strong> at the Th\u00e9\u00e2tre de la Bruy\u00e8re (Paris, 9th)<\/li>\n<\/ul>\n\n\n\n<div class=\"wp-block-buttons is-horizontal is-content-justification-center is-layout-flex wp-container-core-buttons-is-layout-499968f5 wp-block-buttons-is-layout-flex\">\n<div class=\"wp-block-button\"><a class=\"wp-block-button__link has-white-color has-text-color has-background wp-element-button\" href=\"https:\/\/tracking.publicidees.com\/clic.php?progid=2986&amp;partid=39280&amp;dpl=https%3A%2F%2Fwww.ticketac.com%2Fspectacles%2Falice-au-pays-des-merveilles\" style=\"background-color:#db384b\" target=\"_blank\" rel=\"noreferrer noopener nofollow\">SHOW OVER<\/a><\/div>\n<\/div>\n\n\n\n<div class=\"wp-block-buttons is-horizontal is-content-justification-center is-layout-flex wp-container-core-buttons-is-layout-499968f5 wp-block-buttons-is-layout-flex\">\n<div class=\"wp-block-button\"><a class=\"wp-block-button__link has-white-color has-text-color has-background wp-element-button\" href=\"https:\/\/www.familinparis.fr\/en\/plays-for-children-and-teenagers-in-paris\/\" style=\"background-color:#db384b\">DISCOVER THE SHOWS CURRENTLY PLAYING<\/a><\/div>\n<\/div>\n\n\n\n<ul class=\"wp-block-list\">\n<li>With more than 50,000 spectators in France and elsewhere, the musical show returns to Paris at the La Bruy\u00e8re theater<\/li>\n\n\n\n<li>Adapted from Lewis Carroll&#8217;s tale, the musical takes us as a family to follow Alice on a fantastic and above all jazzy journey!<\/li>\n\n\n\n<li>Each one more incredible than the last, we will meet the zany characters embodied by a troupe of great actors dancers and singers<\/li>\n\n\n\n<li>The white rabbit, the caterpillar, the Cheshire cat but also the king, the queen of hearts or the mad hatter<\/li>\n\n\n\n<li>All of them will be there to take us into the frantic and joyful rhythm of Alice&#8217;s imagination who is determined to grow up!<\/li>\n<\/ul>\n\n\n\n<p>This show full of joy is a timeless moment that will appeal to young and old alike<\/p>\n\n\n\n<p><\/p>\n\n\n\n<p><\/p>\n\n\n\n<p><\/p>\n<\/div>\n\n\n\n<div class=\"wp-block-column is-layout-flow wp-block-column-is-layout-flow\" style=\"flex-basis:33.33%\">\n<div style=\"height:100px\" aria-hidden=\"true\" class=\"wp-block-spacer\"><\/div>\n\n\n<div class=\"wp-block-image\">\n<figure class=\"aligncenter size-full\"><a href=\"https:\/\/www.familinparis.fr\/en\/plays-for-children-and-teenagers-in-paris\/\"><img decoding=\"async\" width=\"650\" height=\"975\" src=\"https:\/\/www.familinparis.fr\/wp-content\/uploads\/Spectacles\/MUSICAL\/kid\/alice-au-pays-des-merveilles-theatre-bruyere-20231.jpg\" alt=\"Children's show: Alice in Wonderland\" class=\"wp-image-106165\" srcset=\"https:\/\/www.familinparis.fr\/wp-content\/uploads\/Spectacles\/MUSICAL\/kid\/alice-au-pays-des-merveilles-theatre-bruyere-20231.jpg 650w, https:\/\/www.familinparis.fr\/wp-content\/uploads\/Spectacles\/MUSICAL\/kid\/alice-au-pays-des-merveilles-theatre-bruyere-20231-200x300.jpg 200w, https:\/\/www.familinparis.fr\/wp-content\/uploads\/Spectacles\/MUSICAL\/kid\/alice-au-pays-des-merveilles-theatre-bruyere-20231-8x12.jpg 8w, https:\/\/www.familinparis.fr\/wp-content\/uploads\/Spectacles\/MUSICAL\/kid\/alice-au-pays-des-merveilles-theatre-bruyere-20231-487x730.jpg 487w\" sizes=\"(max-width: 650px) 100vw, 650px\" \/><\/a><\/figure>\n<\/div><\/div>\n<\/div>\n<\/div><\/section>\n\n<div style=\"height:30px\" aria-hidden=\"true\" class=\"wp-block-spacer\"><\/div>\n\n<section class=\"wp-block-uagb-section uagb-section__wrap uagb-section__background-none uagb-block-e3087137\"><div class=\"uagb-section__overlay\"><\/div><div class=\"uagb-section__inner-wrap\">\n<section class=\"wp-block-uagb-section uagb-section__wrap uagb-section__background-color uagb-block-04621541\"><div class=\"uagb-section__overlay\"><\/div><div class=\"uagb-section__inner-wrap\">\n<div class=\"wp-block-columns is-layout-flex wp-container-core-columns-is-layout-9d6595d7 wp-block-columns-is-layout-flex\">\n<div class=\"wp-block-column is-vertically-aligned-center is-layout-flow wp-block-column-is-layout-flow\" style=\"flex-basis:66.66%\">\n<h2 class=\"wp-block-heading\">La Presse talks about it&#8230;!<\/h2>\n<\/div>\n<\/div>\n\n\n\n<p><strong>T\u00c9L\u00c9RAMA.FR &#8211; <\/strong><em>&#8220;Lewis Carroll&#8217;s classic is here transformed into a rather successful jazzy score [&#8230;]. Alice is sufficiently convincing to the mittens as well as the companions.&#8221;<\/em><\/p>\n\n\n\n<p><strong>LE CANARD ENCHA\u00ceN\u00c9<\/strong> &#8211; <em>&#8220;The songs, all well put together, sung to jazzy tunes or tender melodies, are served by performers with communicative enthusiasm.&#8221;<\/em><\/p>\n\n\n\n<p><strong>FRANCE 3 <\/strong>&#8211; &#8220;<em>With its costumes and picturesque characters, Alice, the musical is represented in a revisited, zany and rock&#8217;n&#8217;roll version.&#8221;<\/em><\/p>\n<\/div><\/section>\n<\/div><\/section>\n\n<div style=\"height:30px\" aria-hidden=\"true\" class=\"wp-block-spacer\"><\/div>\n\n<figure class=\"wp-block-embed is-type-video is-provider-youtube wp-block-embed-youtube wp-embed-aspect-16-9 wp-has-aspect-ratio\"><div class=\"wp-block-embed__wrapper\"> \n<iframe title=\"Alice, la com\u00e9die musicale - BANDE-ANNONCE \u2728\" width=\"770\" height=\"433\" src=\"https:\/\/www.youtube.com\/embed\/PyiTB3UBfWA?feature=oembed\" frameborder=\"0\" allow=\"accelerometer; autoplay; clipboard-write; encrypted-media; gyroscope; picture-in-picture; web-share\" referrerpolicy=\"strict-origin-when-cross-origin\" allowfullscreen><\/iframe>\n <\/div><figcaption class=\"wp-element-caption\">Alice, the musical &#8211; TRAILER<\/figcaption><\/figure>\n\n<div style=\"height:30px\" aria-hidden=\"true\" class=\"wp-block-spacer\"><\/div>\n\n<h2 class=\"wp-block-heading has-text-align-center p-b-10 p-t-10 has-background\" style=\"background-color:#fa395f\">At the moment, in and around Paris<\/h2>\n\n\t\t\t<div class=\"wp-block-uagb-post-grid uagb-post-grid  uagb-post__image-position-top uagb-post__image-enabled uagb-block-b5563b30     uagb-post__items uagb-post__columns-5 is-grid uagb-post__columns-tablet-2 uagb-post__columns-mobile-1 uagb-post__equal-height\" data-total=\"107\" style=\"\">\n\n\t\t\t\t\t\t\t\t\t\t\t\t<article class=\"uagb-post__inner-wrap\">\t\t\t\t\t\t\t\t<div class='uagb-post__image'>\n\t\t\t\t\t\t\t\t\t<a href=\"https:\/\/www.familinparis.fr\/en\/in-napoleons-boots-family-visit\/\" target=\"_self\" rel=\"bookmark noopener noreferrer\" class='uagb-image-ratio-inherit'><img decoding=\"async\" width=\"150\" height=\"150\" src=\"https:\/\/www.familinparis.fr\/wp-content\/uploads\/photos-partenaires\/visite-guidee\/Napoleon-aux-invalides-ludo-et-sophie-150x150.jpg\" class=\"attachment-thumbnail size-thumbnail\" alt=\"\" srcset=\"https:\/\/www.familinparis.fr\/wp-content\/uploads\/photos-partenaires\/visite-guidee\/Napoleon-aux-invalides-ludo-et-sophie-150x150.jpg 150w, https:\/\/www.familinparis.fr\/wp-content\/uploads\/photos-partenaires\/visite-guidee\/Napoleon-aux-invalides-ludo-et-sophie-300x300.jpg 300w, https:\/\/www.familinparis.fr\/wp-content\/uploads\/photos-partenaires\/visite-guidee\/Napoleon-aux-invalides-ludo-et-sophie-370x370.jpg 370w, https:\/\/www.familinparis.fr\/wp-content\/uploads\/photos-partenaires\/visite-guidee\/Napoleon-aux-invalides-ludo-et-sophie-50x50.jpg 50w\" sizes=\"(max-width: 150px) 100vw, 150px\" \/>\t\t\t\t\t<\/a>\n\t\t\t\t\t\t\t<\/div>\n\t\t\t\t\t\t<h4 class=\"uagb-post__title uagb-post__text\">\n\t\t\t\t<a href=\"https:\/\/www.familinparis.fr\/en\/in-napoleons-boots-family-visit\/\" target=\"_self\" rel=\"bookmark noopener noreferrer\">&#8220;In Napoleon&#8217;s boots&#8221; (family visit)<\/a>\n\t\t\t<\/h4>\n\t\t\t\t\t\t<div class='uagb-post__text uagb-post-grid-byline'>\n\t\t\t\t\t\t\t<\/div>\n\t\t\t\n\t\t\t\t\t\t\t\t\t<\/article>\n\t\t\t\t\t\t\t\t\t\t\t\t\t\t\t\t<article class=\"uagb-post__inner-wrap\">\t\t\t\t\t\t\t\t<div class='uagb-post__image'>\n\t\t\t\t\t\t\t\t\t<a href=\"https:\/\/www.familinparis.fr\/en\/the-city-of-children-cite-des-sciences-in-paris\/\" target=\"_self\" rel=\"bookmark noopener noreferrer\" class='uagb-image-ratio-inherit'><img decoding=\"async\" width=\"150\" height=\"150\" src=\"https:\/\/www.familinparis.fr\/wp-content\/uploads\/2022\/08\/la-cite-des-enfants-600x300-1-150x150.png\" class=\"attachment-thumbnail size-thumbnail\" alt=\"Affiche de La Cit\u00e9 des enfant 5-10 ans -2025\" srcset=\"https:\/\/www.familinparis.fr\/wp-content\/uploads\/2022\/08\/la-cite-des-enfants-600x300-1-150x150.png 150w, https:\/\/www.familinparis.fr\/wp-content\/uploads\/2022\/08\/la-cite-des-enfants-600x300-1-300x300.png 300w\" sizes=\"(max-width: 150px) 100vw, 150px\" \/>\t\t\t\t\t<\/a>\n\t\t\t\t\t\t\t<\/div>\n\t\t\t\t\t\t<h4 class=\"uagb-post__title uagb-post__text\">\n\t\t\t\t<a href=\"https:\/\/www.familinparis.fr\/en\/the-city-of-children-cite-des-sciences-in-paris\/\" target=\"_self\" rel=\"bookmark noopener noreferrer\">The City of Children: Cit\u00e9 des Sciences in Paris<\/a>\n\t\t\t<\/h4>\n\t\t\t\t\t\t<div class='uagb-post__text uagb-post-grid-byline'>\n\t\t\t\t\t\t\t<\/div>\n\t\t\t\n\t\t\t\t\t\t\t\t\t<\/article>\n\t\t\t\t\t\t\t\t\t\t\t\t\t\t\t\t<article class=\"uagb-post__inner-wrap\">\t\t\t\t\t\t\t\t<div class='uagb-post__image'>\n\t\t\t\t\t\t\t\t\t<a href=\"https:\/\/www.familinparis.fr\/en\/magic-workshop-for-6-8-year-olds\/\" target=\"_self\" rel=\"bookmark noopener noreferrer\" class='uagb-image-ratio-inherit'><img decoding=\"async\" width=\"150\" height=\"150\" src=\"https:\/\/www.familinparis.fr\/wp-content\/uploads\/photos-partenaires\/musee-de-la-magie-paris-150x150.jpg\" class=\"attachment-thumbnail size-thumbnail\" alt=\"\" srcset=\"https:\/\/www.familinparis.fr\/wp-content\/uploads\/photos-partenaires\/musee-de-la-magie-paris-150x150.jpg 150w, https:\/\/www.familinparis.fr\/wp-content\/uploads\/photos-partenaires\/musee-de-la-magie-paris-300x300.jpg 300w, https:\/\/www.familinparis.fr\/wp-content\/uploads\/photos-partenaires\/musee-de-la-magie-paris-370x370.jpg 370w, https:\/\/www.familinparis.fr\/wp-content\/uploads\/photos-partenaires\/musee-de-la-magie-paris-50x50.jpg 50w\" sizes=\"(max-width: 150px) 100vw, 150px\" \/>\t\t\t\t\t<\/a>\n\t\t\t\t\t\t\t<\/div>\n\t\t\t\t\t\t<h4 class=\"uagb-post__title uagb-post__text\">\n\t\t\t\t<a href=\"https:\/\/www.familinparis.fr\/en\/magic-workshop-for-6-8-year-olds\/\" target=\"_self\" rel=\"bookmark noopener noreferrer\">Magic Workshop for 6-8 year olds<\/a>\n\t\t\t<\/h4>\n\t\t\t\t\t\t<div class='uagb-post__text uagb-post-grid-byline'>\n\t\t\t\t\t\t\t<\/div>\n\t\t\t\n\t\t\t\t\t\t\t\t\t<\/article>\n\t\t\t\t\t\t\t\t\t\t\t\t\t\t\t\t<article class=\"uagb-post__inner-wrap\">\t\t\t\t\t\t\t\t<div class='uagb-post__image'>\n\t\t\t\t\t\t\t\t\t<a href=\"https:\/\/www.familinparis.fr\/en\/the-masterpieces-of-the-louvre-children-vip-visit\/\" target=\"_self\" rel=\"bookmark noopener noreferrer\" class='uagb-image-ratio-inherit'><img decoding=\"async\" width=\"150\" height=\"150\" src=\"https:\/\/www.familinparis.fr\/wp-content\/uploads\/Visite-guidee-musee\/chefs-d-oeuvre-louvre-enfants-150x150.jpg\" class=\"attachment-thumbnail size-thumbnail\" alt=\"\" srcset=\"https:\/\/www.familinparis.fr\/wp-content\/uploads\/Visite-guidee-musee\/chefs-d-oeuvre-louvre-enfants-150x150.jpg 150w, https:\/\/www.familinparis.fr\/wp-content\/uploads\/Visite-guidee-musee\/chefs-d-oeuvre-louvre-enfants-50x50.jpg 50w\" sizes=\"(max-width: 150px) 100vw, 150px\" \/>\t\t\t\t\t<\/a>\n\t\t\t\t\t\t\t<\/div>\n\t\t\t\t\t\t<h4 class=\"uagb-post__title uagb-post__text\">\n\t\t\t\t<a href=\"https:\/\/www.familinparis.fr\/en\/the-masterpieces-of-the-louvre-children-vip-visit\/\" target=\"_self\" rel=\"bookmark noopener noreferrer\">The masterpieces of the Louvre &#8211; Children (VIP)<\/a>\n\t\t\t<\/h4>\n\t\t\t\t\t\t<div class='uagb-post__text uagb-post-grid-byline'>\n\t\t\t\t\t\t\t<\/div>\n\t\t\t\n\t\t\t\t\t\t\t\t\t<\/article>\n\t\t\t\t\t\t\t\t\t\t\t\t\t\t\t\t<article class=\"uagb-post__inner-wrap\">\t\t\t\t\t\t\t\t<div class='uagb-post__image'>\n\t\t\t\t\t\t\t\t\t<a href=\"https:\/\/www.familinparis.fr\/en\/the-castle-of-vaux-le-vicomte\/\" target=\"_self\" rel=\"bookmark noopener noreferrer\" class='uagb-image-ratio-inherit'><img decoding=\"async\" width=\"150\" height=\"150\" src=\"https:\/\/www.familinparis.fr\/wp-content\/uploads\/Chateaux\/vaux-le-vicomte\/Vaux-le-vicomte-dome-@FamilinParis-150x150.jpg\" class=\"attachment-thumbnail size-thumbnail\" alt=\"\" srcset=\"https:\/\/www.familinparis.fr\/wp-content\/uploads\/Chateaux\/vaux-le-vicomte\/Vaux-le-vicomte-dome-@FamilinParis-150x150.jpg 150w, https:\/\/www.familinparis.fr\/wp-content\/uploads\/Chateaux\/vaux-le-vicomte\/Vaux-le-vicomte-dome-@FamilinParis-300x300.jpg 300w, https:\/\/www.familinparis.fr\/wp-content\/uploads\/Chateaux\/vaux-le-vicomte\/Vaux-le-vicomte-dome-@FamilinParis-370x370.jpg 370w, https:\/\/www.familinparis.fr\/wp-content\/uploads\/Chateaux\/vaux-le-vicomte\/Vaux-le-vicomte-dome-@FamilinParis-50x50.jpg 50w\" sizes=\"(max-width: 150px) 100vw, 150px\" \/>\t\t\t\t\t<\/a>\n\t\t\t\t\t\t\t<\/div>\n\t\t\t\t\t\t<h4 class=\"uagb-post__title uagb-post__text\">\n\t\t\t\t<a href=\"https:\/\/www.familinparis.fr\/en\/the-castle-of-vaux-le-vicomte\/\" target=\"_self\" rel=\"bookmark noopener noreferrer\">The castle of Vaux-le-Vicomte<\/a>\n\t\t\t<\/h4>\n\t\t\t\t\t\t<div class='uagb-post__text uagb-post-grid-byline'>\n\t\t\t\t\t\t\t<\/div>\n\t\t\t\n\t\t\t\t\t\t\t\t\t<\/article>\n\t\t\t\t\t\t\t\t\t\t\t\t\t\t\t\t<article class=\"uagb-post__inner-wrap\">\t\t\t\t\t\t\t\t<div class='uagb-post__image'>\n\t\t\t\t\t\t\t\t\t<a href=\"https:\/\/www.familinparis.fr\/en\/virtual-reality-guided-tour-of-the-eiffel-tower-district-the-symbol-of-paris\/\" target=\"_self\" rel=\"bookmark noopener noreferrer\" class='uagb-image-ratio-inherit'><img decoding=\"async\" width=\"150\" height=\"150\" src=\"https:\/\/www.familinparis.fr\/wp-content\/uploads\/2026\/04\/experience_VR_le_symbole_de_paris-150x150.png\" class=\"attachment-thumbnail size-thumbnail\" alt=\"Le Symbole de Paris, exp\u00e9rience en VR\" srcset=\"https:\/\/www.familinparis.fr\/wp-content\/uploads\/2026\/04\/experience_VR_le_symbole_de_paris-150x150.png 150w, https:\/\/www.familinparis.fr\/wp-content\/uploads\/2026\/04\/experience_VR_le_symbole_de_paris-300x300.png 300w, https:\/\/www.familinparis.fr\/wp-content\/uploads\/2026\/04\/experience_VR_le_symbole_de_paris-370x370.png 370w, https:\/\/www.familinparis.fr\/wp-content\/uploads\/2026\/04\/experience_VR_le_symbole_de_paris.png 695w\" sizes=\"(max-width: 150px) 100vw, 150px\" \/>\t\t\t\t\t<\/a>\n\t\t\t\t\t\t\t<\/div>\n\t\t\t\t\t\t<h4 class=\"uagb-post__title uagb-post__text\">\n\t\t\t\t<a href=\"https:\/\/www.familinparis.fr\/en\/virtual-reality-guided-tour-of-the-eiffel-tower-district-the-symbol-of-paris\/\" target=\"_self\" rel=\"bookmark noopener noreferrer\">The Symbol of Paris &#8211; VR Experience<\/a>\n\t\t\t<\/h4>\n\t\t\t\t\t\t<div class='uagb-post__text uagb-post-grid-byline'>\n\t\t\t\t\t\t\t<\/div>\n\t\t\t\n\t\t\t\t\t\t\t\t\t<\/article>\n\t\t\t\t\t\t\t\t\t\t\t\t\t\t\t\t<article class=\"uagb-post__inner-wrap\">\t\t\t\t\t\t\t\t<div class='uagb-post__image'>\n\t\t\t\t\t\t\t\t\t<a href=\"https:\/\/www.familinparis.fr\/en\/ouvert-le-1er-mai\/\" target=\"_self\" rel=\"bookmark noopener noreferrer\" class='uagb-image-ratio-inherit'><img decoding=\"async\" width=\"150\" height=\"150\" src=\"https:\/\/www.familinparis.fr\/wp-content\/uploads\/Quartier\/palais-royal-colonne-buren-paris-enfant-SH-150x150.jpg\" class=\"attachment-thumbnail size-thumbnail\" alt=\"\" srcset=\"https:\/\/www.familinparis.fr\/wp-content\/uploads\/Quartier\/palais-royal-colonne-buren-paris-enfant-SH-150x150.jpg 150w, https:\/\/www.familinparis.fr\/wp-content\/uploads\/Quartier\/palais-royal-colonne-buren-paris-enfant-SH-300x300.jpg 300w, https:\/\/www.familinparis.fr\/wp-content\/uploads\/Quartier\/palais-royal-colonne-buren-paris-enfant-SH-370x370.jpg 370w, https:\/\/www.familinparis.fr\/wp-content\/uploads\/Quartier\/palais-royal-colonne-buren-paris-enfant-SH-50x50.jpg 50w\" sizes=\"(max-width: 150px) 100vw, 150px\" \/>\t\t\t\t\t<\/a>\n\t\t\t\t\t\t\t<\/div>\n\t\t\t\t\t\t<h4 class=\"uagb-post__title uagb-post__text\">\n\t\t\t\t<a href=\"https:\/\/www.familinparis.fr\/en\/ouvert-le-1er-mai\/\" target=\"_self\" rel=\"bookmark noopener noreferrer\">What to do in Paris on May 1, 2026? It&#8217;s Friday, a long weekend is looming!<\/a>\n\t\t\t<\/h4>\n\t\t\t\t\t\t<div class='uagb-post__text uagb-post-grid-byline'>\n\t\t\t\t\t\t\t<\/div>\n\t\t\t\n\t\t\t\t\t\t\t\t\t<\/article>\n\t\t\t\t\t\t\t\t\t\t\t\t\t\t\t\t<article class=\"uagb-post__inner-wrap\">\t\t\t\t\t\t\t\t<div class='uagb-post__image'>\n\t\t\t\t\t\t\t\t\t<a href=\"https:\/\/www.familinparis.fr\/en\/ballet-of-lights-cendrillon-we-call-it-ballet-paris\/\" target=\"_self\" rel=\"bookmark noopener noreferrer\" class='uagb-image-ratio-inherit'><img decoding=\"async\" width=\"150\" height=\"150\" src=\"https:\/\/www.familinparis.fr\/wp-content\/uploads\/2026\/04\/ballet-of-lights-cendrillon-150x150.jpg\" class=\"attachment-thumbnail size-thumbnail\" alt=\"Cendrillon, ballet of Light\" srcset=\"https:\/\/www.familinparis.fr\/wp-content\/uploads\/2026\/04\/ballet-of-lights-cendrillon-150x150.jpg 150w, https:\/\/www.familinparis.fr\/wp-content\/uploads\/2026\/04\/ballet-of-lights-cendrillon-300x300.jpg 300w, https:\/\/www.familinparis.fr\/wp-content\/uploads\/2026\/04\/ballet-of-lights-cendrillon-370x370.jpg 370w, https:\/\/www.familinparis.fr\/wp-content\/uploads\/2026\/04\/ballet-of-lights-cendrillon.jpg 720w\" sizes=\"(max-width: 150px) 100vw, 150px\" \/>\t\t\t\t\t<\/a>\n\t\t\t\t\t\t\t<\/div>\n\t\t\t\t\t\t<h4 class=\"uagb-post__title uagb-post__text\">\n\t\t\t\t<a href=\"https:\/\/www.familinparis.fr\/en\/ballet-of-lights-cendrillon-we-call-it-ballet-paris\/\" target=\"_self\" rel=\"bookmark noopener noreferrer\">Cinderella &#8211; Ballet of Lights<\/a>\n\t\t\t<\/h4>\n\t\t\t\t\t\t<div class='uagb-post__text uagb-post-grid-byline'>\n\t\t\t\t\t\t\t<\/div>\n\t\t\t\n\t\t\t\t\t\t\t\t\t<\/article>\n\t\t\t\t\t\t\t\t\t\t\t\t\t\t\t\t<article class=\"uagb-post__inner-wrap\">\t\t\t\t\t\t\t\t<div class='uagb-post__image'>\n\t\t\t\t\t\t\t\t\t<a href=\"https:\/\/www.familinparis.fr\/en\/the-cherqui-foundation-in-aubervilliers-93\/\" target=\"_self\" rel=\"bookmark noopener noreferrer\" class='uagb-image-ratio-inherit'><img decoding=\"async\" width=\"150\" height=\"150\" src=\"https:\/\/www.familinparis.fr\/wp-content\/uploads\/2026\/04\/fondation-chergui-aubervilliers-93-2-150x150.jpg\" class=\"attachment-thumbnail size-thumbnail\" alt=\"Fondation Cherqui \u00e0 Aubervilliers 93\" srcset=\"https:\/\/www.familinparis.fr\/wp-content\/uploads\/2026\/04\/fondation-chergui-aubervilliers-93-2-150x150.jpg 150w, https:\/\/www.familinparis.fr\/wp-content\/uploads\/2026\/04\/fondation-chergui-aubervilliers-93-2-300x300.jpg 300w, https:\/\/www.familinparis.fr\/wp-content\/uploads\/2026\/04\/fondation-chergui-aubervilliers-93-2-370x370.jpg 370w, https:\/\/www.familinparis.fr\/wp-content\/uploads\/2026\/04\/fondation-chergui-aubervilliers-93-2.jpg 720w\" sizes=\"(max-width: 150px) 100vw, 150px\" \/>\t\t\t\t\t<\/a>\n\t\t\t\t\t\t\t<\/div>\n\t\t\t\t\t\t<h4 class=\"uagb-post__title uagb-post__text\">\n\t\t\t\t<a href=\"https:\/\/www.familinparis.fr\/en\/the-cherqui-foundation-in-aubervilliers-93\/\" target=\"_self\" rel=\"bookmark noopener noreferrer\">The Cherqui Foundation<\/a>\n\t\t\t<\/h4>\n\t\t\t\t\t\t<div class='uagb-post__text uagb-post-grid-byline'>\n\t\t\t\t\t\t\t<\/div>\n\t\t\t\n\t\t\t\t\t\t\t\t\t<\/article>\n\t\t\t\t\t\t\t\t\t\t\t\t\t\t\t\t<article class=\"uagb-post__inner-wrap\">\t\t\t\t\t\t\t\t<div class='uagb-post__image'>\n\t\t\t\t\t\t\t\t\t<a href=\"https:\/\/www.familinparis.fr\/en\/exposition-calder-fondation-louis-vuitton-billet\/\" target=\"_self\" rel=\"bookmark noopener noreferrer\" class='uagb-image-ratio-inherit'><img decoding=\"async\" width=\"150\" height=\"150\" src=\"https:\/\/www.familinparis.fr\/wp-content\/uploads\/2026\/04\/exposition-calder-fondation-louis-vuitton-150x150.jpg\" class=\"attachment-thumbnail size-thumbnail\" alt=\"affiche de l&#039;exposition &quot;Calder. R\u00eaver en \u00e9quilibre&quot;, \u00e0 la Fondation Louis Vuitton- Jusqu&#039;au 16 ao\u00fbt 2026\" srcset=\"https:\/\/www.familinparis.fr\/wp-content\/uploads\/2026\/04\/exposition-calder-fondation-louis-vuitton-150x150.jpg 150w, https:\/\/www.familinparis.fr\/wp-content\/uploads\/2026\/04\/exposition-calder-fondation-louis-vuitton-300x300.jpg 300w, https:\/\/www.familinparis.fr\/wp-content\/uploads\/2026\/04\/exposition-calder-fondation-louis-vuitton-370x370.jpg 370w\" sizes=\"(max-width: 150px) 100vw, 150px\" \/>\t\t\t\t\t<\/a>\n\t\t\t\t\t\t\t<\/div>\n\t\t\t\t\t\t<h4 class=\"uagb-post__title uagb-post__text\">\n\t\t\t\t<a href=\"https:\/\/www.familinparis.fr\/en\/exposition-calder-fondation-louis-vuitton-billet\/\" target=\"_self\" rel=\"bookmark noopener noreferrer\">Calder. Dreaming in balance<\/a>\n\t\t\t<\/h4>\n\t\t\t\t\t\t<div class='uagb-post__text uagb-post-grid-byline'>\n\t\t\t\t\t\t\t<\/div>\n\t\t\t\n\t\t\t\t\t\t\t\t\t<\/article>\n\t\t\t\t\t\t\t\t\t\t\t\t\t\t\t\t<article class=\"uagb-post__inner-wrap\">\t\t\t\t\t\t\t\t<div class='uagb-post__image'>\n\t\t\t\t\t\t\t\t\t<a href=\"https:\/\/www.familinparis.fr\/en\/magical-journey-to-the-land-of-the-elephant-god-ganesh-storytelling-tour\/\" target=\"_self\" rel=\"bookmark noopener noreferrer\" class='uagb-image-ratio-inherit'><img decoding=\"async\" width=\"150\" height=\"150\" src=\"https:\/\/www.familinparis.fr\/wp-content\/uploads\/photos-partenaires\/visite-guidee\/visite-enfant-famille-scolaire-musee-guimet-150x150.jpg\" class=\"attachment-thumbnail size-thumbnail\" alt=\"\" srcset=\"https:\/\/www.familinparis.fr\/wp-content\/uploads\/photos-partenaires\/visite-guidee\/visite-enfant-famille-scolaire-musee-guimet-150x150.jpg 150w, https:\/\/www.familinparis.fr\/wp-content\/uploads\/photos-partenaires\/visite-guidee\/visite-enfant-famille-scolaire-musee-guimet-300x300.jpg 300w, https:\/\/www.familinparis.fr\/wp-content\/uploads\/photos-partenaires\/visite-guidee\/visite-enfant-famille-scolaire-musee-guimet-370x370.jpg 370w, https:\/\/www.familinparis.fr\/wp-content\/uploads\/photos-partenaires\/visite-guidee\/visite-enfant-famille-scolaire-musee-guimet-50x50.jpg 50w\" sizes=\"(max-width: 150px) 100vw, 150px\" \/>\t\t\t\t\t<\/a>\n\t\t\t\t\t\t\t<\/div>\n\t\t\t\t\t\t<h4 class=\"uagb-post__title uagb-post__text\">\n\t\t\t\t<a href=\"https:\/\/www.familinparis.fr\/en\/magical-journey-to-the-land-of-the-elephant-god-ganesh-storytelling-tour\/\" target=\"_self\" rel=\"bookmark noopener noreferrer\">Magical Journey to the Land of the Elephant God Ganesh (Storytelling Tour)<\/a>\n\t\t\t<\/h4>\n\t\t\t\t\t\t<div class='uagb-post__text uagb-post-grid-byline'>\n\t\t\t\t\t\t\t<\/div>\n\t\t\t\n\t\t\t\t\t\t\t\t\t<\/article>\n\t\t\t\t\t\t\t\t\t\t\t\t\t\t\t\t<article class=\"uagb-post__inner-wrap\">\t\t\t\t\t\t\t\t<div class='uagb-post__image'>\n\t\t\t\t\t\t\t\t\t<a href=\"https:\/\/www.familinparis.fr\/en\/magic-course-for-8-12-year-olds\/\" target=\"_self\" rel=\"bookmark noopener noreferrer\" class='uagb-image-ratio-inherit'><img decoding=\"async\" width=\"150\" height=\"150\" src=\"https:\/\/www.familinparis.fr\/wp-content\/uploads\/2023\/01\/museedesautomates-\u00a9museedelamagie-150x150.jpg\" class=\"attachment-thumbnail size-thumbnail\" alt=\"\" srcset=\"https:\/\/www.familinparis.fr\/wp-content\/uploads\/2023\/01\/museedesautomates-\u00a9museedelamagie-150x150.jpg 150w, https:\/\/www.familinparis.fr\/wp-content\/uploads\/2023\/01\/museedesautomates-\u00a9museedelamagie-300x300.jpg 300w, https:\/\/www.familinparis.fr\/wp-content\/uploads\/2023\/01\/museedesautomates-\u00a9museedelamagie-370x370.jpg 370w, https:\/\/www.familinparis.fr\/wp-content\/uploads\/2023\/01\/museedesautomates-\u00a9museedelamagie-50x50.jpg 50w\" sizes=\"(max-width: 150px) 100vw, 150px\" \/>\t\t\t\t\t<\/a>\n\t\t\t\t\t\t\t<\/div>\n\t\t\t\t\t\t<h4 class=\"uagb-post__title uagb-post__text\">\n\t\t\t\t<a href=\"https:\/\/www.familinparis.fr\/en\/magic-course-for-8-12-year-olds\/\" target=\"_self\" rel=\"bookmark noopener noreferrer\">Magic course for 8-12 year olds<\/a>\n\t\t\t<\/h4>\n\t\t\t\t\t\t<div class='uagb-post__text uagb-post-grid-byline'>\n\t\t\t\t\t\t\t<\/div>\n\t\t\t\n\t\t\t\t\t\t\t\t\t<\/article>\n\t\t\t\t\t\t\t\t\t\t\t\t\t\t\t\t<article class=\"uagb-post__inner-wrap\">\t\t\t\t\t\t\t\t<div class='uagb-post__image'>\n\t\t\t\t\t\t\t\t\t<a href=\"https:\/\/www.familinparis.fr\/en\/les-grandes-eaux-musicales\/\" target=\"_self\" rel=\"bookmark noopener noreferrer\" class='uagb-image-ratio-inherit'><img decoding=\"async\" width=\"150\" height=\"150\" src=\"https:\/\/www.familinparis.fr\/wp-content\/uploads\/Chateaux\/Versailles\/Versailles-fontaines-PLD-150x150.jpg\" class=\"attachment-thumbnail size-thumbnail\" alt=\"\" srcset=\"https:\/\/www.familinparis.fr\/wp-content\/uploads\/Chateaux\/Versailles\/Versailles-fontaines-PLD-150x150.jpg 150w, https:\/\/www.familinparis.fr\/wp-content\/uploads\/Chateaux\/Versailles\/Versailles-fontaines-PLD-300x300.jpg 300w, https:\/\/www.familinparis.fr\/wp-content\/uploads\/Chateaux\/Versailles\/Versailles-fontaines-PLD-370x370.jpg 370w, https:\/\/www.familinparis.fr\/wp-content\/uploads\/Chateaux\/Versailles\/Versailles-fontaines-PLD-50x50.jpg 50w\" sizes=\"(max-width: 150px) 100vw, 150px\" \/>\t\t\t\t\t<\/a>\n\t\t\t\t\t\t\t<\/div>\n\t\t\t\t\t\t<h4 class=\"uagb-post__title uagb-post__text\">\n\t\t\t\t<a href=\"https:\/\/www.familinparis.fr\/en\/les-grandes-eaux-musicales\/\" target=\"_self\" rel=\"bookmark noopener noreferrer\">The Musical Fountains Show<\/a>\n\t\t\t<\/h4>\n\t\t\t\t\t\t<div class='uagb-post__text uagb-post-grid-byline'>\n\t\t\t\t\t\t\t<\/div>\n\t\t\t\n\t\t\t\t\t\t\t\t\t<\/article>\n\t\t\t\t\t\t\t\t\t\t\t\t\t\t\t\t<article class=\"uagb-post__inner-wrap\">\t\t\t\t\t\t\t\t<div class='uagb-post__image'>\n\t\t\t\t\t\t\t\t\t<a href=\"https:\/\/www.familinparis.fr\/en\/when-i-grow-up-i-will-be-pantheonized-family-visit\/\" target=\"_self\" rel=\"bookmark noopener noreferrer\" class='uagb-image-ratio-inherit'><img decoding=\"async\" width=\"150\" height=\"150\" src=\"https:\/\/www.familinparis.fr\/wp-content\/uploads\/photos-partenaires\/visite-guidee\/visite-famille-pantheon-ludo-et-sophie-150x150.jpg\" class=\"attachment-thumbnail size-thumbnail\" alt=\"\" srcset=\"https:\/\/www.familinparis.fr\/wp-content\/uploads\/photos-partenaires\/visite-guidee\/visite-famille-pantheon-ludo-et-sophie-150x150.jpg 150w, https:\/\/www.familinparis.fr\/wp-content\/uploads\/photos-partenaires\/visite-guidee\/visite-famille-pantheon-ludo-et-sophie-300x300.jpg 300w, https:\/\/www.familinparis.fr\/wp-content\/uploads\/photos-partenaires\/visite-guidee\/visite-famille-pantheon-ludo-et-sophie-370x370.jpg 370w, https:\/\/www.familinparis.fr\/wp-content\/uploads\/photos-partenaires\/visite-guidee\/visite-famille-pantheon-ludo-et-sophie-50x50.jpg 50w\" sizes=\"(max-width: 150px) 100vw, 150px\" \/>\t\t\t\t\t<\/a>\n\t\t\t\t\t\t\t<\/div>\n\t\t\t\t\t\t<h4 class=\"uagb-post__title uagb-post__text\">\n\t\t\t\t<a href=\"https:\/\/www.familinparis.fr\/en\/when-i-grow-up-i-will-be-pantheonized-family-visit\/\" target=\"_self\" rel=\"bookmark noopener noreferrer\">When I grow up, I will be pantheonized (family visit)<\/a>\n\t\t\t<\/h4>\n\t\t\t\t\t\t<div class='uagb-post__text uagb-post-grid-byline'>\n\t\t\t\t\t\t\t<\/div>\n\t\t\t\n\t\t\t\t\t\t\t\t\t<\/article>\n\t\t\t\t\t\t\t\t\t\t\t\t\t\t\t\t<article class=\"uagb-post__inner-wrap\">\t\t\t\t\t\t\t\t<div class='uagb-post__image'>\n\t\t\t\t\t\t\t\t\t<a href=\"https:\/\/www.familinparis.fr\/en\/dinosaure\/\" target=\"_self\" rel=\"bookmark noopener noreferrer\" class='uagb-image-ratio-inherit'><img decoding=\"async\" width=\"150\" height=\"150\" src=\"https:\/\/www.familinparis.fr\/wp-content\/uploads\/2025\/11\/Capture-decran-2025-11-27-a-16.38.34-150x150.png\" class=\"attachment-thumbnail size-thumbnail\" alt=\"Plan\u00e8te pr\u00e9historique : Dinosaures, l&#039;Exp\u00e9rience immersive \u00e0 l\u2019Atelier des Lumi\u00e8res 2025\" srcset=\"https:\/\/www.familinparis.fr\/wp-content\/uploads\/2025\/11\/Capture-decran-2025-11-27-a-16.38.34-150x150.png 150w, https:\/\/www.familinparis.fr\/wp-content\/uploads\/2025\/11\/Capture-decran-2025-11-27-a-16.38.34-300x300.png 300w, https:\/\/www.familinparis.fr\/wp-content\/uploads\/2025\/11\/Capture-decran-2025-11-27-a-16.38.34-370x370.png 370w, https:\/\/www.familinparis.fr\/wp-content\/uploads\/2025\/11\/Capture-decran-2025-11-27-a-16.38.34.png 700w\" sizes=\"(max-width: 150px) 100vw, 150px\" \/>\t\t\t\t\t<\/a>\n\t\t\t\t\t\t\t<\/div>\n\t\t\t\t\t\t<h4 class=\"uagb-post__title uagb-post__text\">\n\t\t\t\t<a href=\"https:\/\/www.familinparis.fr\/en\/dinosaure\/\" target=\"_self\" rel=\"bookmark noopener noreferrer\">Prehistoric Planet: Dinosaurs<\/a>\n\t\t\t<\/h4>\n\t\t\t\t\t\t<div class='uagb-post__text uagb-post-grid-byline'>\n\t\t\t\t\t\t\t<\/div>\n\t\t\t\n\t\t\t\t\t\t\t\t\t<\/article>\n\t\t\t\t\t\t\t\t\t\t\t<\/div>\n\t\t\t\n<div style=\"height:43px\" aria-hidden=\"true\" class=\"wp-block-spacer\"><\/div>\n\n<div class=\"wp-block-buttons is-horizontal is-content-justification-center is-layout-flex wp-container-core-buttons-is-layout-499968f5 wp-block-buttons-is-layout-flex\">\n<div class=\"wp-block-button\"><a class=\"wp-block-button__link has-white-color has-text-color has-background wp-element-button\" href=\"https:\/\/www.familinparis.fr\/en\/shows-for-children-and-teenagers-in-paris\/\" style=\"border-radius:1px;background-color:#00809b\">THE BEST SHOWS  <\/a><\/div>\n\n\n\n<div class=\"wp-block-button\"><a class=\"wp-block-button__link has-white-color has-text-color has-background wp-element-button\" href=\"https:\/\/www.familinparis.fr\/en\/must-see-family-exhibitions-in-paris\/\" style=\"border-radius:1px;background-color:#00809b\">THE BEST EXHIBITIONS  <\/a><\/div>\n<\/div>\n\n<div style=\"height:70px\" aria-hidden=\"true\" class=\"wp-block-spacer\"><\/div>\n","protected":false},"excerpt":{"rendered":"<p>Until January 7, 2024<\/p>\n","protected":false},"author":12,"featured_media":132367,"comment_status":"open","ping_status":"open","sticky":false,"template":"","format":"standard","meta":{"_uag_custom_page_level_css":"","footnotes":""},"categories":[1253],"tags":[1399],"class_list":{"0":"post-134605","1":"post","2":"type-post","3":"status-publish","4":"format-standard","5":"has-post-thumbnail","7":"category-past-events","8":"tag-shows-archives"},"yoast_head":"<!-- This site is optimized with the Yoast SEO plugin v27.2 - https:\/\/yoast.com\/product\/yoast-seo-wordpress\/ -->\n<title>CHILDREN&#039;S SHOW | &quot;Alice in Wonderland&quot; - From 5 years old<\/title>\n<meta name=\"description\" content=\"A show for children in Paris, at the Th\u00e9\u00e2tre la Bruy\u00e8re. Alice in Wonderland, musical comedy version. Great success!\" \/>\n<meta name=\"robots\" content=\"index, follow, max-snippet:-1, max-image-preview:large, max-video-preview:-1\" \/>\n<link rel=\"canonical\" href=\"https:\/\/www.familinparis.fr\/en\/alice-at-the-country-of-wonders\/\" \/>\n<meta property=\"og:locale\" content=\"en_US\" \/>\n<meta property=\"og:type\" content=\"article\" \/>\n<meta property=\"og:title\" content=\"CHILDREN&#039;S SHOW | &quot;Alice in Wonderland&quot; - From 5 years old\" \/>\n<meta property=\"og:description\" content=\"A show for children in Paris, at the Th\u00e9\u00e2tre la Bruy\u00e8re. Alice in Wonderland, musical comedy version. Great success!\" \/>\n<meta property=\"og:url\" content=\"https:\/\/www.familinparis.fr\/en\/alice-at-the-country-of-wonders\/\" \/>\n<meta property=\"og:site_name\" content=\"Familin&#039;Paris\" \/>\n<meta property=\"article:published_time\" content=\"2023-10-20T04:39:10+00:00\" \/>\n<meta property=\"article:modified_time\" content=\"2024-11-16T15:03:30+00:00\" \/>\n<meta property=\"og:image\" content=\"https:\/\/www.familinparis.fr\/wp-content\/uploads\/Spectacles\/MUSICAL\/kid\/alice-au-pays-des-merveilles-theatre-bruyere-20231.jpg\" \/>\n\t<meta property=\"og:image:width\" content=\"650\" \/>\n\t<meta property=\"og:image:height\" content=\"975\" \/>\n\t<meta property=\"og:image:type\" content=\"image\/jpeg\" \/>\n<meta name=\"author\" content=\"Magali\" \/>\n<meta name=\"twitter:card\" content=\"summary_large_image\" \/>\n<meta name=\"twitter:label1\" content=\"Written by\" \/>\n\t<meta name=\"twitter:data1\" content=\"Magali\" \/>\n\t<meta name=\"twitter:label2\" content=\"Est. reading time\" \/>\n\t<meta name=\"twitter:data2\" content=\"1 minute\" \/>\n<script type=\"application\/ld+json\" class=\"yoast-schema-graph\">{\"@context\":\"https:\/\/schema.org\",\"@graph\":[{\"@type\":\"Article\",\"@id\":\"https:\/\/www.familinparis.fr\/en\/alice-at-the-country-of-wonders\/#article\",\"isPartOf\":{\"@id\":\"https:\/\/www.familinparis.fr\/en\/alice-at-the-country-of-wonders\/\"},\"author\":{\"name\":\"Magali\",\"@id\":\"https:\/\/www.familinparis.fr\/en\/#\/schema\/person\/76ad1a7946173a69e7244f034bfcbca6\"},\"headline\":\"Alice at the Country of Wonders\",\"datePublished\":\"2023-10-20T04:39:10+00:00\",\"dateModified\":\"2024-11-16T15:03:30+00:00\",\"mainEntityOfPage\":{\"@id\":\"https:\/\/www.familinparis.fr\/en\/alice-at-the-country-of-wonders\/\"},\"wordCount\":302,\"commentCount\":0,\"image\":{\"@id\":\"https:\/\/www.familinparis.fr\/en\/alice-at-the-country-of-wonders\/#primaryimage\"},\"thumbnailUrl\":\"https:\/\/www.familinparis.fr\/wp-content\/uploads\/Spectacles\/MUSICAL\/kid\/alice-au-pays-des-merveilles-theatre-bruyere-20231.jpg\",\"keywords\":[\"Shows archives\"],\"articleSection\":[\"Past events\"],\"inLanguage\":\"en-US\",\"potentialAction\":[{\"@type\":\"CommentAction\",\"name\":\"Comment\",\"target\":[\"https:\/\/www.familinparis.fr\/en\/alice-at-the-country-of-wonders\/#respond\"]}]},{\"@type\":\"WebPage\",\"@id\":\"https:\/\/www.familinparis.fr\/en\/alice-at-the-country-of-wonders\/\",\"url\":\"https:\/\/www.familinparis.fr\/en\/alice-at-the-country-of-wonders\/\",\"name\":\"CHILDREN'S SHOW | \\\"Alice in Wonderland\\\" - From 5 years old\",\"isPartOf\":{\"@id\":\"https:\/\/www.familinparis.fr\/en\/#website\"},\"primaryImageOfPage\":{\"@id\":\"https:\/\/www.familinparis.fr\/en\/alice-at-the-country-of-wonders\/#primaryimage\"},\"image\":{\"@id\":\"https:\/\/www.familinparis.fr\/en\/alice-at-the-country-of-wonders\/#primaryimage\"},\"thumbnailUrl\":\"https:\/\/www.familinparis.fr\/wp-content\/uploads\/Spectacles\/MUSICAL\/kid\/alice-au-pays-des-merveilles-theatre-bruyere-20231.jpg\",\"datePublished\":\"2023-10-20T04:39:10+00:00\",\"dateModified\":\"2024-11-16T15:03:30+00:00\",\"author\":{\"@id\":\"https:\/\/www.familinparis.fr\/en\/#\/schema\/person\/76ad1a7946173a69e7244f034bfcbca6\"},\"description\":\"A show for children in Paris, at the Th\u00e9\u00e2tre la Bruy\u00e8re. Alice in Wonderland, musical comedy version. Great success!\",\"breadcrumb\":{\"@id\":\"https:\/\/www.familinparis.fr\/en\/alice-at-the-country-of-wonders\/#breadcrumb\"},\"inLanguage\":\"en-US\",\"potentialAction\":[{\"@type\":\"ReadAction\",\"target\":[\"https:\/\/www.familinparis.fr\/en\/alice-at-the-country-of-wonders\/\"]}]},{\"@type\":\"ImageObject\",\"inLanguage\":\"en-US\",\"@id\":\"https:\/\/www.familinparis.fr\/en\/alice-at-the-country-of-wonders\/#primaryimage\",\"url\":\"https:\/\/www.familinparis.fr\/wp-content\/uploads\/Spectacles\/MUSICAL\/kid\/alice-au-pays-des-merveilles-theatre-bruyere-20231.jpg\",\"contentUrl\":\"https:\/\/www.familinparis.fr\/wp-content\/uploads\/Spectacles\/MUSICAL\/kid\/alice-au-pays-des-merveilles-theatre-bruyere-20231.jpg\",\"width\":650,\"height\":975},{\"@type\":\"BreadcrumbList\",\"@id\":\"https:\/\/www.familinparis.fr\/en\/alice-at-the-country-of-wonders\/#breadcrumb\",\"itemListElement\":[{\"@type\":\"ListItem\",\"position\":1,\"name\":\"Home\",\"item\":\"https:\/\/www.familinparis.fr\/en\/\"},{\"@type\":\"ListItem\",\"position\":2,\"name\":\"Exposition\",\"item\":\"https:\/\/www.familinparis.fr\/en\/categorie\/exposition-en\/\"},{\"@type\":\"ListItem\",\"position\":3,\"name\":\"Alice at the Country of Wonders\"}]},{\"@type\":\"WebSite\",\"@id\":\"https:\/\/www.familinparis.fr\/en\/#website\",\"url\":\"https:\/\/www.familinparis.fr\/en\/\",\"name\":\"Familin&#039;Paris\",\"description\":\"Visiter le meilleur de Paris avec des enfants : sorties, spectacles, adresses de restaurants, shopping, bons plans...\",\"potentialAction\":[{\"@type\":\"SearchAction\",\"target\":{\"@type\":\"EntryPoint\",\"urlTemplate\":\"https:\/\/www.familinparis.fr\/en\/?s={search_term_string}\"},\"query-input\":{\"@type\":\"PropertyValueSpecification\",\"valueRequired\":true,\"valueName\":\"search_term_string\"}}],\"inLanguage\":\"en-US\"},{\"@type\":\"Person\",\"@id\":\"https:\/\/www.familinparis.fr\/en\/#\/schema\/person\/76ad1a7946173a69e7244f034bfcbca6\",\"name\":\"Magali\",\"image\":{\"@type\":\"ImageObject\",\"inLanguage\":\"en-US\",\"@id\":\"https:\/\/secure.gravatar.com\/avatar\/5784aec9c0ccc7e91e71b0573d0870889e43807ad8b24908c501df25e58fa11a?s=96&d=identicon&r=g\",\"url\":\"https:\/\/secure.gravatar.com\/avatar\/5784aec9c0ccc7e91e71b0573d0870889e43807ad8b24908c501df25e58fa11a?s=96&d=identicon&r=g\",\"contentUrl\":\"https:\/\/secure.gravatar.com\/avatar\/5784aec9c0ccc7e91e71b0573d0870889e43807ad8b24908c501df25e58fa11a?s=96&d=identicon&r=g\",\"caption\":\"Magali\"}}]}<\/script>\n<!-- \/ Yoast SEO plugin. -->","yoast_head_json":{"title":"CHILDREN'S SHOW | \"Alice in Wonderland\" - From 5 years old","description":"A show for children in Paris, at the Th\u00e9\u00e2tre la Bruy\u00e8re. Alice in Wonderland, musical comedy version. Great success!","robots":{"index":"index","follow":"follow","max-snippet":"max-snippet:-1","max-image-preview":"max-image-preview:large","max-video-preview":"max-video-preview:-1"},"canonical":"https:\/\/www.familinparis.fr\/en\/alice-at-the-country-of-wonders\/","og_locale":"en_US","og_type":"article","og_title":"CHILDREN'S SHOW | \"Alice in Wonderland\" - From 5 years old","og_description":"A show for children in Paris, at the Th\u00e9\u00e2tre la Bruy\u00e8re. Alice in Wonderland, musical comedy version. Great success!","og_url":"https:\/\/www.familinparis.fr\/en\/alice-at-the-country-of-wonders\/","og_site_name":"Familin&#039;Paris","article_published_time":"2023-10-20T04:39:10+00:00","article_modified_time":"2024-11-16T15:03:30+00:00","og_image":[{"width":650,"height":975,"url":"https:\/\/www.familinparis.fr\/wp-content\/uploads\/Spectacles\/MUSICAL\/kid\/alice-au-pays-des-merveilles-theatre-bruyere-20231.jpg","type":"image\/jpeg"}],"author":"Magali","twitter_card":"summary_large_image","twitter_misc":{"Written by":"Magali","Est. reading time":"1 minute"},"schema":{"@context":"https:\/\/schema.org","@graph":[{"@type":"Article","@id":"https:\/\/www.familinparis.fr\/en\/alice-at-the-country-of-wonders\/#article","isPartOf":{"@id":"https:\/\/www.familinparis.fr\/en\/alice-at-the-country-of-wonders\/"},"author":{"name":"Magali","@id":"https:\/\/www.familinparis.fr\/en\/#\/schema\/person\/76ad1a7946173a69e7244f034bfcbca6"},"headline":"Alice at the Country of Wonders","datePublished":"2023-10-20T04:39:10+00:00","dateModified":"2024-11-16T15:03:30+00:00","mainEntityOfPage":{"@id":"https:\/\/www.familinparis.fr\/en\/alice-at-the-country-of-wonders\/"},"wordCount":302,"commentCount":0,"image":{"@id":"https:\/\/www.familinparis.fr\/en\/alice-at-the-country-of-wonders\/#primaryimage"},"thumbnailUrl":"https:\/\/www.familinparis.fr\/wp-content\/uploads\/Spectacles\/MUSICAL\/kid\/alice-au-pays-des-merveilles-theatre-bruyere-20231.jpg","keywords":["Shows archives"],"articleSection":["Past events"],"inLanguage":"en-US","potentialAction":[{"@type":"CommentAction","name":"Comment","target":["https:\/\/www.familinparis.fr\/en\/alice-at-the-country-of-wonders\/#respond"]}]},{"@type":"WebPage","@id":"https:\/\/www.familinparis.fr\/en\/alice-at-the-country-of-wonders\/","url":"https:\/\/www.familinparis.fr\/en\/alice-at-the-country-of-wonders\/","name":"CHILDREN'S SHOW | \"Alice in Wonderland\" - From 5 years old","isPartOf":{"@id":"https:\/\/www.familinparis.fr\/en\/#website"},"primaryImageOfPage":{"@id":"https:\/\/www.familinparis.fr\/en\/alice-at-the-country-of-wonders\/#primaryimage"},"image":{"@id":"https:\/\/www.familinparis.fr\/en\/alice-at-the-country-of-wonders\/#primaryimage"},"thumbnailUrl":"https:\/\/www.familinparis.fr\/wp-content\/uploads\/Spectacles\/MUSICAL\/kid\/alice-au-pays-des-merveilles-theatre-bruyere-20231.jpg","datePublished":"2023-10-20T04:39:10+00:00","dateModified":"2024-11-16T15:03:30+00:00","author":{"@id":"https:\/\/www.familinparis.fr\/en\/#\/schema\/person\/76ad1a7946173a69e7244f034bfcbca6"},"description":"A show for children in Paris, at the Th\u00e9\u00e2tre la Bruy\u00e8re. Alice in Wonderland, musical comedy version. Great success!","breadcrumb":{"@id":"https:\/\/www.familinparis.fr\/en\/alice-at-the-country-of-wonders\/#breadcrumb"},"inLanguage":"en-US","potentialAction":[{"@type":"ReadAction","target":["https:\/\/www.familinparis.fr\/en\/alice-at-the-country-of-wonders\/"]}]},{"@type":"ImageObject","inLanguage":"en-US","@id":"https:\/\/www.familinparis.fr\/en\/alice-at-the-country-of-wonders\/#primaryimage","url":"https:\/\/www.familinparis.fr\/wp-content\/uploads\/Spectacles\/MUSICAL\/kid\/alice-au-pays-des-merveilles-theatre-bruyere-20231.jpg","contentUrl":"https:\/\/www.familinparis.fr\/wp-content\/uploads\/Spectacles\/MUSICAL\/kid\/alice-au-pays-des-merveilles-theatre-bruyere-20231.jpg","width":650,"height":975},{"@type":"BreadcrumbList","@id":"https:\/\/www.familinparis.fr\/en\/alice-at-the-country-of-wonders\/#breadcrumb","itemListElement":[{"@type":"ListItem","position":1,"name":"Home","item":"https:\/\/www.familinparis.fr\/en\/"},{"@type":"ListItem","position":2,"name":"Exposition","item":"https:\/\/www.familinparis.fr\/en\/categorie\/exposition-en\/"},{"@type":"ListItem","position":3,"name":"Alice at the Country of Wonders"}]},{"@type":"WebSite","@id":"https:\/\/www.familinparis.fr\/en\/#website","url":"https:\/\/www.familinparis.fr\/en\/","name":"Familin&#039;Paris","description":"Visiter le meilleur de Paris avec des enfants : sorties, spectacles, adresses de restaurants, shopping, bons plans...","potentialAction":[{"@type":"SearchAction","target":{"@type":"EntryPoint","urlTemplate":"https:\/\/www.familinparis.fr\/en\/?s={search_term_string}"},"query-input":{"@type":"PropertyValueSpecification","valueRequired":true,"valueName":"search_term_string"}}],"inLanguage":"en-US"},{"@type":"Person","@id":"https:\/\/www.familinparis.fr\/en\/#\/schema\/person\/76ad1a7946173a69e7244f034bfcbca6","name":"Magali","image":{"@type":"ImageObject","inLanguage":"en-US","@id":"https:\/\/secure.gravatar.com\/avatar\/5784aec9c0ccc7e91e71b0573d0870889e43807ad8b24908c501df25e58fa11a?s=96&d=identicon&r=g","url":"https:\/\/secure.gravatar.com\/avatar\/5784aec9c0ccc7e91e71b0573d0870889e43807ad8b24908c501df25e58fa11a?s=96&d=identicon&r=g","contentUrl":"https:\/\/secure.gravatar.com\/avatar\/5784aec9c0ccc7e91e71b0573d0870889e43807ad8b24908c501df25e58fa11a?s=96&d=identicon&r=g","caption":"Magali"}}]}},"uagb_featured_image_src":{"full":["https:\/\/www.familinparis.fr\/wp-content\/uploads\/Spectacles\/MUSICAL\/kid\/alice-au-pays-des-merveilles-theatre-bruyere-20231.jpg",650,975,false],"thumbnail":["https:\/\/www.familinparis.fr\/wp-content\/uploads\/Spectacles\/MUSICAL\/kid\/alice-au-pays-des-merveilles-theatre-bruyere-20231-150x150.jpg",150,150,true],"medium":["https:\/\/www.familinparis.fr\/wp-content\/uploads\/Spectacles\/MUSICAL\/kid\/alice-au-pays-des-merveilles-theatre-bruyere-20231-200x300.jpg",200,300,true],"medium_large":["https:\/\/www.familinparis.fr\/wp-content\/uploads\/Spectacles\/MUSICAL\/kid\/alice-au-pays-des-merveilles-theatre-bruyere-20231.jpg",650,975,false],"large":["https:\/\/www.familinparis.fr\/wp-content\/uploads\/Spectacles\/MUSICAL\/kid\/alice-au-pays-des-merveilles-theatre-bruyere-20231.jpg",650,975,false],"1536x1536":["https:\/\/www.familinparis.fr\/wp-content\/uploads\/Spectacles\/MUSICAL\/kid\/alice-au-pays-des-merveilles-theatre-bruyere-20231.jpg",650,975,false],"2048x2048":["https:\/\/www.familinparis.fr\/wp-content\/uploads\/Spectacles\/MUSICAL\/kid\/alice-au-pays-des-merveilles-theatre-bruyere-20231.jpg",650,975,false],"home-thumb":["https:\/\/www.familinparis.fr\/wp-content\/uploads\/Spectacles\/MUSICAL\/kid\/alice-au-pays-des-merveilles-theatre-bruyere-20231-487x730.jpg",487,730,true],"home-slider":["https:\/\/www.familinparis.fr\/wp-content\/uploads\/Spectacles\/MUSICAL\/kid\/alice-au-pays-des-merveilles-theatre-bruyere-20231-650x600.jpg",650,600,true],"lightbox-slider-size":["https:\/\/www.familinparis.fr\/wp-content\/uploads\/Spectacles\/MUSICAL\/kid\/alice-au-pays-des-merveilles-theatre-bruyere-20231-564x282.jpg",564,282,true],"post-thumbnail":["https:\/\/www.familinparis.fr\/wp-content\/uploads\/Spectacles\/MUSICAL\/kid\/alice-au-pays-des-merveilles-theatre-bruyere-20231-270x180.jpg",270,180,true],"cheerup-main":["https:\/\/www.familinparis.fr\/wp-content\/uploads\/Spectacles\/MUSICAL\/kid\/alice-au-pays-des-merveilles-theatre-bruyere-20231-650x400.jpg",650,400,true],"cheerup-main-full":["https:\/\/www.familinparis.fr\/wp-content\/uploads\/Spectacles\/MUSICAL\/kid\/alice-au-pays-des-merveilles-theatre-bruyere-20231-650x508.jpg",650,508,true],"cheerup-slider-alt":["https:\/\/www.familinparis.fr\/wp-content\/uploads\/Spectacles\/MUSICAL\/kid\/alice-au-pays-des-merveilles-theatre-bruyere-20231-650x508.jpg",650,508,true],"cheerup-slider-trendy":["https:\/\/www.familinparis.fr\/wp-content\/uploads\/Spectacles\/MUSICAL\/kid\/alice-au-pays-des-merveilles-theatre-bruyere-20231-650x508.jpg",650,508,true],"cheerup-slider-stylish":["https:\/\/www.familinparis.fr\/wp-content\/uploads\/Spectacles\/MUSICAL\/kid\/alice-au-pays-des-merveilles-theatre-bruyere-20231-650x515.jpg",650,515,true],"cheerup-slider-grid":["https:\/\/www.familinparis.fr\/wp-content\/uploads\/Spectacles\/MUSICAL\/kid\/alice-au-pays-des-merveilles-theatre-bruyere-20231-650x600.jpg",650,600,true],"cheerup-slider-grid-sm":["https:\/\/www.familinparis.fr\/wp-content\/uploads\/Spectacles\/MUSICAL\/kid\/alice-au-pays-des-merveilles-theatre-bruyere-20231-300x300.jpg",300,300,true],"cheerup-slider-carousel":["https:\/\/www.familinparis.fr\/wp-content\/uploads\/Spectacles\/MUSICAL\/kid\/alice-au-pays-des-merveilles-theatre-bruyere-20231-370x370.jpg",370,370,true],"cheerup-slider-grid-b":["https:\/\/www.familinparis.fr\/wp-content\/uploads\/Spectacles\/MUSICAL\/kid\/alice-au-pays-des-merveilles-theatre-bruyere-20231-554x466.jpg",554,466,true],"cheerup-slider-grid-b-sm":["https:\/\/www.familinparis.fr\/wp-content\/uploads\/Spectacles\/MUSICAL\/kid\/alice-au-pays-des-merveilles-theatre-bruyere-20231-306x466.jpg",306,466,true],"cheerup-slider-bold-sm":["https:\/\/www.familinparis.fr\/wp-content\/uploads\/Spectacles\/MUSICAL\/kid\/alice-au-pays-des-merveilles-theatre-bruyere-20231-150x150.jpg",150,150,true],"cheerup-grid":["https:\/\/www.familinparis.fr\/wp-content\/uploads\/Spectacles\/MUSICAL\/kid\/alice-au-pays-des-merveilles-theatre-bruyere-20231-370x285.jpg",370,285,true],"cheerup-carousel":["https:\/\/www.familinparis.fr\/wp-content\/uploads\/Spectacles\/MUSICAL\/kid\/alice-au-pays-des-merveilles-theatre-bruyere-20231-270x180.jpg",270,180,true],"cheerup-carousel-b":["https:\/\/www.familinparis.fr\/wp-content\/uploads\/Spectacles\/MUSICAL\/kid\/alice-au-pays-des-merveilles-theatre-bruyere-20231-370x285.jpg",370,285,true],"cheerup-list":["https:\/\/www.familinparis.fr\/wp-content\/uploads\/Spectacles\/MUSICAL\/kid\/alice-au-pays-des-merveilles-theatre-bruyere-20231-260x200.jpg",260,200,true],"cheerup-list-b":["https:\/\/www.familinparis.fr\/wp-content\/uploads\/Spectacles\/MUSICAL\/kid\/alice-au-pays-des-merveilles-theatre-bruyere-20231-370x305.jpg",370,305,true],"cheerup-thumb":["https:\/\/www.familinparis.fr\/wp-content\/uploads\/Spectacles\/MUSICAL\/kid\/alice-au-pays-des-merveilles-theatre-bruyere-20231-87x67.jpg",87,67,true],"cheerup-thumb-alt":["https:\/\/www.familinparis.fr\/wp-content\/uploads\/Spectacles\/MUSICAL\/kid\/alice-au-pays-des-merveilles-theatre-bruyere-20231-150x150.jpg",150,150,true]},"uagb_author_info":{"display_name":"Magali","author_link":"https:\/\/www.familinparis.fr\/en\/author\/tapuscrit\/"},"uagb_comment_info":0,"uagb_excerpt":"Until January 7, 2024","_links":{"self":[{"href":"https:\/\/www.familinparis.fr\/en\/wp-json\/wp\/v2\/posts\/134605","targetHints":{"allow":["GET"]}}],"collection":[{"href":"https:\/\/www.familinparis.fr\/en\/wp-json\/wp\/v2\/posts"}],"about":[{"href":"https:\/\/www.familinparis.fr\/en\/wp-json\/wp\/v2\/types\/post"}],"author":[{"embeddable":true,"href":"https:\/\/www.familinparis.fr\/en\/wp-json\/wp\/v2\/users\/12"}],"replies":[{"embeddable":true,"href":"https:\/\/www.familinparis.fr\/en\/wp-json\/wp\/v2\/comments?post=134605"}],"version-history":[{"count":0,"href":"https:\/\/www.familinparis.fr\/en\/wp-json\/wp\/v2\/posts\/134605\/revisions"}],"wp:featuredmedia":[{"embeddable":true,"href":"https:\/\/www.familinparis.fr\/en\/wp-json\/wp\/v2\/media\/132367"}],"wp:attachment":[{"href":"https:\/\/www.familinparis.fr\/en\/wp-json\/wp\/v2\/media?parent=134605"}],"wp:term":[{"taxonomy":"category","embeddable":true,"href":"https:\/\/www.familinparis.fr\/en\/wp-json\/wp\/v2\/categories?post=134605"},{"taxonomy":"post_tag","embeddable":true,"href":"https:\/\/www.familinparis.fr\/en\/wp-json\/wp\/v2\/tags?post=134605"}],"curies":[{"name":"wp","href":"https:\/\/api.w.org\/{rel}","templated":true}]}}