{"id":134572,"date":"2023-09-16T07:47:54","date_gmt":"2023-09-16T05:47:54","guid":{"rendered":"https:\/\/www.familinparis.fr\/if-versailles-was-told-to-me-private-tour\/"},"modified":"2024-11-16T17:03:13","modified_gmt":"2024-11-16T15:03:13","slug":"if-versailles-was-told-to-me-private-tour","status":"publish","type":"post","link":"https:\/\/www.familinparis.fr\/en\/if-versailles-was-told-to-me-private-tour\/","title":{"rendered":"If Versailles was told to me (private tour)"},"content":{"rendered":"<div class=\"lazyblock-etoiles-regiondo-Y7UfY wp-block-lazyblock-etoiles-regiondo\">\n<div class=\"familin-rating t-center\">\n  <a href=\"#familin-reviews\">\n      <svg width=\"23px\" height=\"22px\" viewBox=\"0 0 233 222\" version=\"1.1\" xmlns=\"http:\/\/www.w3.org\/2000\/svg\" xmlns:xlink=\"http:\/\/www.w3.org\/1999\/xlink\">\n      <title>Star<\/title>\n      <g id=\"Page-1\" stroke=\"none\" stroke-width=\"1\" fill=\"none\" fill-rule=\"evenodd\">\n        <g id=\"star\" fill-rule=\"nonzero\">\n          <polygon id=\"Star-Copy\" fill=\"#F7B500\" points=\"116.5 183.75 44.4963066 221.604582 58.2477884 141.427291 -0.00442324616 84.6454182 80.4981533 72.9477091 116.5 0 152.501847 72.9477091 233.004423 84.6454182 174.752212 141.427291 188.503693 221.604582\"><\/polygon>\n                  <\/g>\n      <\/g>\n    <\/svg>\n      <svg width=\"23px\" height=\"22px\" viewBox=\"0 0 233 222\" version=\"1.1\" xmlns=\"http:\/\/www.w3.org\/2000\/svg\" xmlns:xlink=\"http:\/\/www.w3.org\/1999\/xlink\">\n      <title>Star<\/title>\n      <g id=\"Page-1\" stroke=\"none\" stroke-width=\"1\" fill=\"none\" fill-rule=\"evenodd\">\n        <g id=\"star\" fill-rule=\"nonzero\">\n          <polygon id=\"Star-Copy\" fill=\"#F7B500\" points=\"116.5 183.75 44.4963066 221.604582 58.2477884 141.427291 -0.00442324616 84.6454182 80.4981533 72.9477091 116.5 0 152.501847 72.9477091 233.004423 84.6454182 174.752212 141.427291 188.503693 221.604582\"><\/polygon>\n                  <\/g>\n      <\/g>\n    <\/svg>\n      <svg width=\"23px\" height=\"22px\" viewBox=\"0 0 233 222\" version=\"1.1\" xmlns=\"http:\/\/www.w3.org\/2000\/svg\" xmlns:xlink=\"http:\/\/www.w3.org\/1999\/xlink\">\n      <title>Star<\/title>\n      <g id=\"Page-1\" stroke=\"none\" stroke-width=\"1\" fill=\"none\" fill-rule=\"evenodd\">\n        <g id=\"star\" fill-rule=\"nonzero\">\n          <polygon id=\"Star-Copy\" fill=\"#F7B500\" points=\"116.5 183.75 44.4963066 221.604582 58.2477884 141.427291 -0.00442324616 84.6454182 80.4981533 72.9477091 116.5 0 152.501847 72.9477091 233.004423 84.6454182 174.752212 141.427291 188.503693 221.604582\"><\/polygon>\n                  <\/g>\n      <\/g>\n    <\/svg>\n      <svg width=\"23px\" height=\"22px\" viewBox=\"0 0 233 222\" version=\"1.1\" xmlns=\"http:\/\/www.w3.org\/2000\/svg\" xmlns:xlink=\"http:\/\/www.w3.org\/1999\/xlink\">\n      <title>Star<\/title>\n      <g id=\"Page-1\" stroke=\"none\" stroke-width=\"1\" fill=\"none\" fill-rule=\"evenodd\">\n        <g id=\"star\" fill-rule=\"nonzero\">\n          <polygon id=\"Star-Copy\" fill=\"#F7B500\" points=\"116.5 183.75 44.4963066 221.604582 58.2477884 141.427291 -0.00442324616 84.6454182 80.4981533 72.9477091 116.5 0 152.501847 72.9477091 233.004423 84.6454182 174.752212 141.427291 188.503693 221.604582\"><\/polygon>\n                  <\/g>\n      <\/g>\n    <\/svg>\n      <svg width=\"23px\" height=\"22px\" viewBox=\"0 0 233 222\" version=\"1.1\" xmlns=\"http:\/\/www.w3.org\/2000\/svg\" xmlns:xlink=\"http:\/\/www.w3.org\/1999\/xlink\">\n      <title>Star<\/title>\n      <g id=\"Page-1\" stroke=\"none\" stroke-width=\"1\" fill=\"none\" fill-rule=\"evenodd\">\n        <g id=\"star\" fill-rule=\"nonzero\">\n          <polygon id=\"Star-Copy\" fill=\"#D8D8D8\" points=\"116.5 183.75 44.4963066 221.604582 58.2477884 141.427291 -0.00442324616 84.6454182 80.4981533 72.9477091 116.5 0 152.501847 72.9477091 233.004423 84.6454182 174.752212 141.427291 188.503693 221.604582\"><\/polygon>\n                      <path d=\"M116.544577,0.092 L116.999577,1.014 L116.999577,184.013 L116.5,183.75 L44.4963066,221.604582 L58.2477884,141.427291 L-0.00442324616,84.6454182 L80.4981533,72.9477091 L116.444577,0.112 L116.544577,0.092 Z\" id=\"Combined-Shape\" fill=\"#F7B500\"><\/path>\n                  <\/g>\n      <\/g>\n    <\/svg>\n    <span class=\"rating-text\">&#8211; 2 avis<\/span>\n  <\/a>\n<\/div>\n\n<!-- micro-format -->\n<script type=\"application\/ld+json\">\n{\n  \"@context\": \"https:\/\/schema.org\/\",\n  \"@type\": \"Product\",\n  \"name\": \"If Versailles was told to me (private tour)\",\n  \"image\": [\n    \"https:\/\/www.familinparis.fr\/wp-content\/uploads\/2023\/08\/visite-versailles-famille-270x180.jpg\"\n  ],\n  \"aggregateRating\": {\n    \"@type\": \"AggregateRating\",\n    \"ratingValue\": \"4.5\",\n    \"reviewCount\": \"2\"\n  }\n}\n<\/script>\n<!-- micro-format-->\n\n<\/div><div class=\"lazyblock-baseline-1SUXCX wp-block-lazyblock-baseline\"><div class=\"baseline\">From 7 years old<\/div><\/div><div class=\"lazyblock-infos-pratiques-Ci250 wp-block-lazyblock-infos-pratiques\"><div class=\"read-more go-to\" data-goto=\"infos-sup\">\n  <a href=\"#\">\n    <span class=\"rien\">\n      <i class=\"fa fa-map-marker\"><\/i> See practical information    <\/span>\n  <\/a>\n<\/div><\/div>\n<div style=\"height:21px\" aria-hidden=\"true\" class=\"wp-block-spacer\"><\/div>\n<div class=\"wp-block-image\">\n<figure class=\"aligncenter size-large\"><img decoding=\"async\" width=\"1024\" height=\"576\" src=\"https:\/\/www.familinparis.fr\/wp-content\/uploads\/2023\/08\/visite-versailles-famille-1024x576.jpg\" alt=\"\" class=\"wp-image-102428\" srcset=\"https:\/\/www.familinparis.fr\/wp-content\/uploads\/2023\/08\/visite-versailles-famille-1024x576.jpg 1024w, https:\/\/www.familinparis.fr\/wp-content\/uploads\/2023\/08\/visite-versailles-famille-300x169.jpg 300w, https:\/\/www.familinparis.fr\/wp-content\/uploads\/2023\/08\/visite-versailles-famille-768x432.jpg 768w, https:\/\/www.familinparis.fr\/wp-content\/uploads\/2023\/08\/visite-versailles-famille-18x10.jpg 18w, https:\/\/www.familinparis.fr\/wp-content\/uploads\/2023\/08\/visite-versailles-famille-730x410.jpg 730w, https:\/\/www.familinparis.fr\/wp-content\/uploads\/2023\/08\/visite-versailles-famille.jpg 1067w\" sizes=\"(max-width: 1024px) 100vw, 1024px\" \/><\/figure>\n<\/div>\n<div class=\"wp-block-columns is-layout-flex wp-container-core-columns-is-layout-9d6595d7 wp-block-columns-is-layout-flex\">\n<div class=\"wp-block-column is-layout-flow wp-block-column-is-layout-flow\" style=\"flex-basis:66.66%\">\n<h2 class=\"wp-block-heading has-text-align-center\">&#8220;If Versailles was told to me&#8221; (private tour)<\/h2>\n\n\n\n<p>The noble floor of the castle, the Royal Chapel, the State Apartments and the famous Hall of Mirrors are among the wonders visited during this guided tour. <br\/><br\/>The tour guide will make you relive the day of a king,<strong>punctuated by the servitudes of etiquette that Louis XIV had put in place to make the nobility docile.<\/strong><\/p>\n\n\n\n<p>Versailles and its palace are the undisputed symbol of the French monarchy. King <strong>Louis XIV<\/strong> wanted to make it a place of splendour and festivities to entertain his courtiers, and in 1668 launched major works to enlarge the castle built by his father Louis XIII. <br\/><br\/>The Sun King&#8217;s successors never ceased to embellish the palace. The Palace of Versailles was looted and emptied during the French Revolution (paintings, furniture, knick-knacks, etc.). Versailles became the political capital from 1682 to 1789.  <\/p>\n<\/div>\n\n\n\n<div class=\"wp-block-column is-layout-flow wp-block-column-is-layout-flow\" style=\"flex-basis:33.33%\">\n<div style=\"height:33px\" aria-hidden=\"true\" class=\"wp-block-spacer\"><\/div>\n\n\n\n<p class=\"red-logo\"><strong>Choose the date (and time) you would like to privatize a family visit. The availability of the guide will be confirmed within 48 hours max. Your transaction will only be charged after confirmation of availability <\/strong>.<\/p>\n\n\n\n<booking-widget widget-id=\"66f8f2ac-cd74-45e4-92e7-c3e8086277a0\"><\/booking-widget><script type=\"text\/javascript\" src=\"https:\/\/widgets.regiondo.net\/booking\/v1\/booking-widget.min.js\"><\/script>\n\n\n\n<div class=\"wp-block-buttons is-horizontal is-content-justification-center is-layout-flex wp-container-core-buttons-is-layout-499968f5 wp-block-buttons-is-layout-flex\">\n<div class=\"wp-block-button\"><a class=\"wp-block-button__link has-white-color has-text-color has-background wp-element-button\" href=\"https:\/\/www.familinparis.fr\/en\/museums-our-guided-family-tours\/\" style=\"background-color:#db384b\" target=\"_blank\" rel=\"noreferrer noopener nofollow\">You haven&#8217;t found what you&#8217;re looking for!<br\/>\u2192 See other family tours  <\/a><\/div>\n<\/div>\n<\/div>\n<\/div>\n\n<div style=\"height:14px\" aria-hidden=\"true\" class=\"wp-block-spacer\"><\/div>\n\n<div class=\"wp-block-columns is-layout-flex wp-container-core-columns-is-layout-9d6595d7 wp-block-columns-is-layout-flex\">\n<div class=\"wp-block-column is-layout-flow wp-block-column-is-layout-flow\">\n<section class=\"wp-block-uagb-section uagb-section__wrap uagb-section__background-undefined uagb-block-083126e9\"><div class=\"uagb-section__overlay\"><\/div><div class=\"uagb-section__inner-wrap\">\n<h2 class=\"wp-block-heading has-text-align-center\">Prices and information for scheduled visits<\/h2>\n\n\n\n<ul class=\"wp-block-list\">\n<li><strong>Duration <\/strong>: 1h30<\/li>\n\n\n\n<li><strong>Meeting point<\/strong> : at the Palace of Versailles<\/li>\n\n\n\n<li>This tour is led by <strong>tour guides<\/strong><\/li>\n\n\n\n<li>An adult seat is necessarily associated with a child seat<\/li>\n\n\n\n<li>Tour in English  <\/li>\n<\/ul>\n<\/div><\/section>\n<\/div>\n\n\n\n<div class=\"wp-block-column is-layout-flow wp-block-column-is-layout-flow\">\n<section class=\"wp-block-uagb-section uagb-section__wrap uagb-section__background-undefined uagb-block-e7ac9ce3\"><div class=\"uagb-section__overlay\"><\/div><div class=\"uagb-section__inner-wrap\">\n<h2 class=\"wp-block-heading has-text-align-center\">Are you looking for a school or extracurricular outing<\/h2>\n\n\n\n<ul class=\"wp-block-list\">\n<li><strong>For whom <\/strong>: primary, early middle school<\/li>\n\n\n\n<li><strong>Price <\/strong>: from 250 euros per visit  <\/li>\n\n\n\n<li>20% increase on Sundays and public holidays  <\/li>\n\n\n\n<li><strong>Number<\/strong> : max. 25 people (adults and\/or children) <\/li>\n\n\n\n<li>Tour in French or English<\/li>\n<\/ul>\n\n\n\n<div class=\"wp-block-buttons is-horizontal is-content-justification-center is-layout-flex wp-container-core-buttons-is-layout-499968f5 wp-block-buttons-is-layout-flex\">\n<div class=\"wp-block-button\"><a class=\"wp-block-button__link has-white-color has-text-color has-background wp-element-button\" href=\"https:\/\/www.familinparis.fr\/en\/contact-us\/\" style=\"background-color:#db384b\" target=\"_blank\" rel=\"noreferrer noopener nofollow\">Request a quote<\/a><\/div>\n<\/div>\n<\/div><\/section>\n<\/div>\n<\/div>\n\n<div style=\"height:50px\" aria-hidden=\"true\" class=\"wp-block-spacer\"><\/div>\n\n<div class=\"wp-block-buttons is-layout-flex wp-block-buttons-is-layout-flex\">\n<div class=\"wp-block-button aligncenter\"><a class=\"wp-block-button__link has-white-color has-luminous-vivid-orange-background-color has-text-color has-background wp-element-button\" href=\"https:\/\/www.familinparis.fr\/en\/museums-our-guided-family-tours\/\" style=\"border-radius:1px\">The calendar of family visits to museums<\/a><\/div>\n<\/div>\n\n<div style=\"height:50px\" aria-hidden=\"true\" class=\"wp-block-spacer\"><\/div>\n<div class=\"lazyblock-avis-regiondo-Z2eTUiu wp-block-lazyblock-avis-regiondo\"><div id=\"familin-reviews\">\n  <div class=\"t-center\">\n    <span class=\"section-head\"><span class=\"title\">Retrouvez la liste de nos avis<\/span><\/span>\n  <\/div>\n  \n  \n  <div class=\"reviews\">\n          <div class=\"card\" data-page=\"1\">\n        <div class=\"card-body\">\n          <h5 class=\"card-title mb-1\">\n                          <svg width=\"17px\" height=\"16px\" viewBox=\"0 0 233 222\" version=\"1.1\" xmlns=\"http:\/\/www.w3.org\/2000\/svg\" xmlns:xlink=\"http:\/\/www.w3.org\/1999\/xlink\">\n                <title>Star<\/title>\n                                <g id=\"Page-1\" stroke=\"none\" stroke-width=\"1\" fill=\"none\" fill-rule=\"evenodd\">\n                  <polygon id=\"Star\" fill=\"#F7B500\" points=\"116.5 183.75 44.4963066 221.604582 58.2477884 141.427291 -0.00442324616 84.6454182 80.4981533 72.9477091 116.5 0 152.501847 72.9477091 233.004423 84.6454182 174.752212 141.427291 188.503693 221.604582\"><\/polygon>\n                <\/g>\n                              <\/svg>\n                          <svg width=\"17px\" height=\"16px\" viewBox=\"0 0 233 222\" version=\"1.1\" xmlns=\"http:\/\/www.w3.org\/2000\/svg\" xmlns:xlink=\"http:\/\/www.w3.org\/1999\/xlink\">\n                <title>Star<\/title>\n                                <g id=\"Page-1\" stroke=\"none\" stroke-width=\"1\" fill=\"none\" fill-rule=\"evenodd\">\n                  <polygon id=\"Star\" fill=\"#F7B500\" points=\"116.5 183.75 44.4963066 221.604582 58.2477884 141.427291 -0.00442324616 84.6454182 80.4981533 72.9477091 116.5 0 152.501847 72.9477091 233.004423 84.6454182 174.752212 141.427291 188.503693 221.604582\"><\/polygon>\n                <\/g>\n                              <\/svg>\n                          <svg width=\"17px\" height=\"16px\" viewBox=\"0 0 233 222\" version=\"1.1\" xmlns=\"http:\/\/www.w3.org\/2000\/svg\" xmlns:xlink=\"http:\/\/www.w3.org\/1999\/xlink\">\n                <title>Star<\/title>\n                                <g id=\"Page-1\" stroke=\"none\" stroke-width=\"1\" fill=\"none\" fill-rule=\"evenodd\">\n                  <polygon id=\"Star\" fill=\"#F7B500\" points=\"116.5 183.75 44.4963066 221.604582 58.2477884 141.427291 -0.00442324616 84.6454182 80.4981533 72.9477091 116.5 0 152.501847 72.9477091 233.004423 84.6454182 174.752212 141.427291 188.503693 221.604582\"><\/polygon>\n                <\/g>\n                              <\/svg>\n                          <svg width=\"17px\" height=\"16px\" viewBox=\"0 0 233 222\" version=\"1.1\" xmlns=\"http:\/\/www.w3.org\/2000\/svg\" xmlns:xlink=\"http:\/\/www.w3.org\/1999\/xlink\">\n                <title>Star<\/title>\n                                <g id=\"Page-1\" stroke=\"none\" stroke-width=\"1\" fill=\"none\" fill-rule=\"evenodd\">\n                  <polygon id=\"Star\" fill=\"#F7B500\" points=\"116.5 183.75 44.4963066 221.604582 58.2477884 141.427291 -0.00442324616 84.6454182 80.4981533 72.9477091 116.5 0 152.501847 72.9477091 233.004423 84.6454182 174.752212 141.427291 188.503693 221.604582\"><\/polygon>\n                <\/g>\n                              <\/svg>\n                          <svg width=\"17px\" height=\"16px\" viewBox=\"0 0 233 222\" version=\"1.1\" xmlns=\"http:\/\/www.w3.org\/2000\/svg\" xmlns:xlink=\"http:\/\/www.w3.org\/1999\/xlink\">\n                <title>Star<\/title>\n                                <g id=\"Page-1\" stroke=\"none\" stroke-width=\"1\" fill=\"none\" fill-rule=\"evenodd\">\n                  <polygon id=\"Star\" fill=\"#F7B500\" points=\"116.5 183.75 44.4963066 221.604582 58.2477884 141.427291 -0.00442324616 84.6454182 80.4981533 72.9477091 116.5 0 152.501847 72.9477091 233.004423 84.6454182 174.752212 141.427291 188.503693 221.604582\"><\/polygon>\n                <\/g>\n                              <\/svg>\n             <span> &#8211; &nbsp;Un must pour visiter Versailles en famille!<\/span>\n          <\/h5>\n          <h6 class=\"card-subtitle mt-0 mb-2 text-muted\">\u00c9crit par Catherine Gingues, le 09-07-2024<\/h6>\n          <p class=\"card-text\"> Notre guide Natalina a su captiver nos 2 gar\u00e7ons de 6 et 8 ans tout au long de la visite avec des anecdotes sur l\u2019histoire de Versailles. Elle r\u00e9pondait \u00e0 toutes leurs questions aussi farfelues soit-elles. Nous la recommandons vivement pour toute visite de Versailles avec des enfants! <\/p>\n                  <\/div>\n      <\/div>\n          <div class=\"card\" data-page=\"1\">\n        <div class=\"card-body\">\n          <h5 class=\"card-title mb-1\">\n                          <svg width=\"17px\" height=\"16px\" viewBox=\"0 0 233 222\" version=\"1.1\" xmlns=\"http:\/\/www.w3.org\/2000\/svg\" xmlns:xlink=\"http:\/\/www.w3.org\/1999\/xlink\">\n                <title>Star<\/title>\n                                <g id=\"Page-1\" stroke=\"none\" stroke-width=\"1\" fill=\"none\" fill-rule=\"evenodd\">\n                  <polygon id=\"Star\" fill=\"#F7B500\" points=\"116.5 183.75 44.4963066 221.604582 58.2477884 141.427291 -0.00442324616 84.6454182 80.4981533 72.9477091 116.5 0 152.501847 72.9477091 233.004423 84.6454182 174.752212 141.427291 188.503693 221.604582\"><\/polygon>\n                <\/g>\n                              <\/svg>\n                          <svg width=\"17px\" height=\"16px\" viewBox=\"0 0 233 222\" version=\"1.1\" xmlns=\"http:\/\/www.w3.org\/2000\/svg\" xmlns:xlink=\"http:\/\/www.w3.org\/1999\/xlink\">\n                <title>Star<\/title>\n                                <g id=\"Page-1\" stroke=\"none\" stroke-width=\"1\" fill=\"none\" fill-rule=\"evenodd\">\n                  <polygon id=\"Star\" fill=\"#F7B500\" points=\"116.5 183.75 44.4963066 221.604582 58.2477884 141.427291 -0.00442324616 84.6454182 80.4981533 72.9477091 116.5 0 152.501847 72.9477091 233.004423 84.6454182 174.752212 141.427291 188.503693 221.604582\"><\/polygon>\n                <\/g>\n                              <\/svg>\n                          <svg width=\"17px\" height=\"16px\" viewBox=\"0 0 233 222\" version=\"1.1\" xmlns=\"http:\/\/www.w3.org\/2000\/svg\" xmlns:xlink=\"http:\/\/www.w3.org\/1999\/xlink\">\n                <title>Star<\/title>\n                                <g id=\"Page-1\" stroke=\"none\" stroke-width=\"1\" fill=\"none\" fill-rule=\"evenodd\">\n                  <polygon id=\"Star\" fill=\"#F7B500\" points=\"116.5 183.75 44.4963066 221.604582 58.2477884 141.427291 -0.00442324616 84.6454182 80.4981533 72.9477091 116.5 0 152.501847 72.9477091 233.004423 84.6454182 174.752212 141.427291 188.503693 221.604582\"><\/polygon>\n                <\/g>\n                              <\/svg>\n                          <svg width=\"17px\" height=\"16px\" viewBox=\"0 0 233 222\" version=\"1.1\" xmlns=\"http:\/\/www.w3.org\/2000\/svg\" xmlns:xlink=\"http:\/\/www.w3.org\/1999\/xlink\">\n                <title>Star<\/title>\n                                <g id=\"Page-1\" stroke=\"none\" stroke-width=\"1\" fill=\"none\" fill-rule=\"evenodd\">\n                  <polygon id=\"Star\" fill=\"#F7B500\" points=\"116.5 183.75 44.4963066 221.604582 58.2477884 141.427291 -0.00442324616 84.6454182 80.4981533 72.9477091 116.5 0 152.501847 72.9477091 233.004423 84.6454182 174.752212 141.427291 188.503693 221.604582\"><\/polygon>\n                <\/g>\n                              <\/svg>\n                          <svg width=\"17px\" height=\"16px\" viewBox=\"0 0 233 222\" version=\"1.1\" xmlns=\"http:\/\/www.w3.org\/2000\/svg\" xmlns:xlink=\"http:\/\/www.w3.org\/1999\/xlink\">\n                <title>Star<\/title>\n                                <g id=\"Page-1\" stroke=\"none\" stroke-width=\"1\" fill=\"none\" fill-rule=\"evenodd\">\n                  <polygon id=\"Star\" fill=\"#D8D8D8\" points=\"116.5 183.75 44.4963066 221.604582 58.2477884 141.427291 -0.00442324616 84.6454182 80.4981533 72.9477091 116.5 0 152.501847 72.9477091 233.004423 84.6454182 174.752212 141.427291 188.503693 221.604582\"><\/polygon>\n                <\/g>\n                              <\/svg>\n             <span> &#8211; &nbsp;Tr\u00e8s plaisant<\/span>\n          <\/h5>\n          <h6 class=\"card-subtitle mt-0 mb-2 text-muted\">\u00c9crit par Stephanie Troncale Rogers, le 04-11-2023<\/h6>\n          <p class=\"card-text\"> Nous avons ador\u00e9 notre visite et notre guide \u00e9tait super sympa et tr\u00e8s int\u00e9ressante. \r\nLe fait d\u2019avoir son num\u00e9ro de portable personnel a \u00e9t\u00e9 tr\u00e8s pratique!! \r\nTout \u00e0 fait \u00e0 recommander surtout pour une premi\u00e8re visite du ch\u00e2teau avec des enfants\/ados\u2026 <\/p>\n                  <\/div>\n      <\/div>\n        \n  <\/div>\n    \n  <script>\n    let reviewsPagination = 1,\n      reviewsMaxPages = 0.66666666666667      \n    function updateReviewsPage(page){\n      page == 1 ? $('#prev_page').prop(\"disabled\", true) : $('#prev_page').prop(\"disabled\", false);\n      page == reviewsMaxPages ? $('#next_page').prop(\"disabled\", true) : $('#next_page').prop(\"disabled\", false);\n      if(reviewsMaxPages == 0) $('.reviews-pagination').hide();\n      $('.reviews .card').hide();\n      $('.reviews .card[data-page=\"'+page+'\"]').show();\n    }\n    updateReviewsPage(reviewsPagination);\n    \n    \n    $( \"#prev_page\" ).click(function() {\n      reviewsPagination--;\n      updateReviewsPage(reviewsPagination);\n    });\n    $( \"#next_page\" ).click(function() {\n      reviewsPagination++;\n      updateReviewsPage(reviewsPagination);\n    });\n  <\/script>\n<\/div>\n<\/div>\n<div style=\"height:100px\" aria-hidden=\"true\" class=\"wp-block-spacer\"><\/div>\n","protected":false},"excerpt":{"rendered":"<p>Discover the wonderful world of illusionists. Ideal from 5 years old <\/p>\n","protected":false},"author":6,"featured_media":132198,"comment_status":"open","ping_status":"open","sticky":false,"template":"","format":"standard","meta":{"_uag_custom_page_level_css":"","footnotes":""},"categories":[1332,11,1300,1367],"tags":[1251,1226,1433,952,1257,1241,1247],"class_list":{"0":"post-134572","1":"post","2":"type-post","3":"status-publish","4":"format-standard","5":"has-post-thumbnail","7":"category-castles","8":"category-musee","9":"category-museums","10":"category-private-tours","11":"tag-estate-of-versailles","12":"tag-for-7-12-year-olds","13":"tag-ludo-and-sophie","14":"tag-mercredi","15":"tag-rain","16":"tag-wednesday","17":"tag-yvelines-en"},"yoast_head":"<!-- This site is optimized with the Yoast SEO plugin v27.2 - https:\/\/yoast.com\/product\/yoast-seo-wordpress\/ -->\n<title>Palace of Versailles | Private guided family tour (from 7 years old)<\/title>\n<meta name=\"description\" content=\"A VIP guided tour of the Palace of Versailles with the family, with children from 7 years old. Private tour with a guide 1h30\" \/>\n<meta name=\"robots\" content=\"index, follow, max-snippet:-1, max-image-preview:large, max-video-preview:-1\" \/>\n<link rel=\"canonical\" href=\"https:\/\/www.familinparis.fr\/en\/if-versailles-was-told-to-me-private-tour\/\" \/>\n<meta property=\"og:locale\" content=\"en_US\" \/>\n<meta property=\"og:type\" content=\"article\" \/>\n<meta property=\"og:title\" content=\"Palace of Versailles | Private guided family tour (from 7 years old)\" \/>\n<meta property=\"og:description\" content=\"A VIP guided tour of the Palace of Versailles with the family, with children from 7 years old. Private tour with a guide 1h30\" \/>\n<meta property=\"og:url\" content=\"https:\/\/www.familinparis.fr\/en\/if-versailles-was-told-to-me-private-tour\/\" \/>\n<meta property=\"og:site_name\" content=\"Familin&#039;Paris\" \/>\n<meta property=\"article:published_time\" content=\"2023-09-16T05:47:54+00:00\" \/>\n<meta property=\"article:modified_time\" content=\"2024-11-16T15:03:13+00:00\" \/>\n<meta property=\"og:image\" content=\"https:\/\/www.familinparis.fr\/wp-content\/uploads\/2023\/08\/visite-versailles-famille.jpg\" \/>\n\t<meta property=\"og:image:width\" content=\"1067\" \/>\n\t<meta property=\"og:image:height\" content=\"600\" \/>\n\t<meta property=\"og:image:type\" content=\"image\/jpeg\" \/>\n<meta name=\"author\" content=\"Agn\u00e8s\" \/>\n<meta name=\"twitter:card\" content=\"summary_large_image\" \/>\n<meta name=\"twitter:label1\" content=\"Written by\" \/>\n\t<meta name=\"twitter:data1\" content=\"Agn\u00e8s\" \/>\n\t<meta name=\"twitter:label2\" content=\"Est. reading time\" \/>\n\t<meta name=\"twitter:data2\" content=\"1 minute\" \/>\n<script type=\"application\/ld+json\" class=\"yoast-schema-graph\">{\"@context\":\"https:\/\/schema.org\",\"@graph\":[{\"@type\":\"Article\",\"@id\":\"https:\/\/www.familinparis.fr\/en\/if-versailles-was-told-to-me-private-tour\/#article\",\"isPartOf\":{\"@id\":\"https:\/\/www.familinparis.fr\/en\/if-versailles-was-told-to-me-private-tour\/\"},\"author\":{\"name\":\"Agn\u00e8s\",\"@id\":\"https:\/\/www.familinparis.fr\/en\/#\/schema\/person\/20deb9130cb58f76b535d316fe0aa31f\"},\"headline\":\"If Versailles was told to me (private tour)\",\"datePublished\":\"2023-09-16T05:47:54+00:00\",\"dateModified\":\"2024-11-16T15:03:13+00:00\",\"mainEntityOfPage\":{\"@id\":\"https:\/\/www.familinparis.fr\/en\/if-versailles-was-told-to-me-private-tour\/\"},\"wordCount\":281,\"commentCount\":0,\"image\":{\"@id\":\"https:\/\/www.familinparis.fr\/en\/if-versailles-was-told-to-me-private-tour\/#primaryimage\"},\"thumbnailUrl\":\"https:\/\/www.familinparis.fr\/wp-content\/uploads\/2023\/08\/visite-versailles-famille.jpg\",\"keywords\":[\"Estate of Versailles\",\"For 7-12 year olds\",\"Ludo and Sophie\",\"Mercredi\",\"rain\",\"Wednesday\",\"Yvelines\"],\"articleSection\":[\"Castles\",\"Mus\u00e9es\",\"Museums\",\"Private tours\"],\"inLanguage\":\"en-US\",\"potentialAction\":[{\"@type\":\"CommentAction\",\"name\":\"Comment\",\"target\":[\"https:\/\/www.familinparis.fr\/en\/if-versailles-was-told-to-me-private-tour\/#respond\"]}]},{\"@type\":\"WebPage\",\"@id\":\"https:\/\/www.familinparis.fr\/en\/if-versailles-was-told-to-me-private-tour\/\",\"url\":\"https:\/\/www.familinparis.fr\/en\/if-versailles-was-told-to-me-private-tour\/\",\"name\":\"Palace of Versailles | Private guided family tour (from 7 years old)\",\"isPartOf\":{\"@id\":\"https:\/\/www.familinparis.fr\/en\/#website\"},\"primaryImageOfPage\":{\"@id\":\"https:\/\/www.familinparis.fr\/en\/if-versailles-was-told-to-me-private-tour\/#primaryimage\"},\"image\":{\"@id\":\"https:\/\/www.familinparis.fr\/en\/if-versailles-was-told-to-me-private-tour\/#primaryimage\"},\"thumbnailUrl\":\"https:\/\/www.familinparis.fr\/wp-content\/uploads\/2023\/08\/visite-versailles-famille.jpg\",\"datePublished\":\"2023-09-16T05:47:54+00:00\",\"dateModified\":\"2024-11-16T15:03:13+00:00\",\"author\":{\"@id\":\"https:\/\/www.familinparis.fr\/en\/#\/schema\/person\/20deb9130cb58f76b535d316fe0aa31f\"},\"description\":\"A VIP guided tour of the Palace of Versailles with the family, with children from 7 years old. Private tour with a guide 1h30\",\"breadcrumb\":{\"@id\":\"https:\/\/www.familinparis.fr\/en\/if-versailles-was-told-to-me-private-tour\/#breadcrumb\"},\"inLanguage\":\"en-US\",\"potentialAction\":[{\"@type\":\"ReadAction\",\"target\":[\"https:\/\/www.familinparis.fr\/en\/if-versailles-was-told-to-me-private-tour\/\"]}]},{\"@type\":\"ImageObject\",\"inLanguage\":\"en-US\",\"@id\":\"https:\/\/www.familinparis.fr\/en\/if-versailles-was-told-to-me-private-tour\/#primaryimage\",\"url\":\"https:\/\/www.familinparis.fr\/wp-content\/uploads\/2023\/08\/visite-versailles-famille.jpg\",\"contentUrl\":\"https:\/\/www.familinparis.fr\/wp-content\/uploads\/2023\/08\/visite-versailles-famille.jpg\",\"width\":1067,\"height\":600},{\"@type\":\"BreadcrumbList\",\"@id\":\"https:\/\/www.familinparis.fr\/en\/if-versailles-was-told-to-me-private-tour\/#breadcrumb\",\"itemListElement\":[{\"@type\":\"ListItem\",\"position\":1,\"name\":\"Home\",\"item\":\"https:\/\/www.familinparis.fr\/en\/\"},{\"@type\":\"ListItem\",\"position\":2,\"name\":\"Castles\",\"item\":\"https:\/\/www.familinparis.fr\/en\/categorie\/castles\/\"},{\"@type\":\"ListItem\",\"position\":3,\"name\":\"If Versailles was told to me (private tour)\"}]},{\"@type\":\"WebSite\",\"@id\":\"https:\/\/www.familinparis.fr\/en\/#website\",\"url\":\"https:\/\/www.familinparis.fr\/en\/\",\"name\":\"Familin&#039;Paris\",\"description\":\"Visiter le meilleur de Paris avec des enfants : sorties, spectacles, adresses de restaurants, shopping, bons plans...\",\"potentialAction\":[{\"@type\":\"SearchAction\",\"target\":{\"@type\":\"EntryPoint\",\"urlTemplate\":\"https:\/\/www.familinparis.fr\/en\/?s={search_term_string}\"},\"query-input\":{\"@type\":\"PropertyValueSpecification\",\"valueRequired\":true,\"valueName\":\"search_term_string\"}}],\"inLanguage\":\"en-US\"},{\"@type\":\"Person\",\"@id\":\"https:\/\/www.familinparis.fr\/en\/#\/schema\/person\/20deb9130cb58f76b535d316fe0aa31f\",\"name\":\"Agn\u00e8s\",\"image\":{\"@type\":\"ImageObject\",\"inLanguage\":\"en-US\",\"@id\":\"https:\/\/secure.gravatar.com\/avatar\/0ff338e2776ca662585d438b3bc140cbe7b54659207d3329065be97ffb37fa5a?s=96&d=identicon&r=g\",\"url\":\"https:\/\/secure.gravatar.com\/avatar\/0ff338e2776ca662585d438b3bc140cbe7b54659207d3329065be97ffb37fa5a?s=96&d=identicon&r=g\",\"contentUrl\":\"https:\/\/secure.gravatar.com\/avatar\/0ff338e2776ca662585d438b3bc140cbe7b54659207d3329065be97ffb37fa5a?s=96&d=identicon&r=g\",\"caption\":\"Agn\u00e8s\"}}]}<\/script>\n<!-- \/ Yoast SEO plugin. -->","yoast_head_json":{"title":"Palace of Versailles | Private guided family tour (from 7 years old)","description":"A VIP guided tour of the Palace of Versailles with the family, with children from 7 years old. Private tour with a guide 1h30","robots":{"index":"index","follow":"follow","max-snippet":"max-snippet:-1","max-image-preview":"max-image-preview:large","max-video-preview":"max-video-preview:-1"},"canonical":"https:\/\/www.familinparis.fr\/en\/if-versailles-was-told-to-me-private-tour\/","og_locale":"en_US","og_type":"article","og_title":"Palace of Versailles | Private guided family tour (from 7 years old)","og_description":"A VIP guided tour of the Palace of Versailles with the family, with children from 7 years old. Private tour with a guide 1h30","og_url":"https:\/\/www.familinparis.fr\/en\/if-versailles-was-told-to-me-private-tour\/","og_site_name":"Familin&#039;Paris","article_published_time":"2023-09-16T05:47:54+00:00","article_modified_time":"2024-11-16T15:03:13+00:00","og_image":[{"width":1067,"height":600,"url":"https:\/\/www.familinparis.fr\/wp-content\/uploads\/2023\/08\/visite-versailles-famille.jpg","type":"image\/jpeg"}],"author":"Agn\u00e8s","twitter_card":"summary_large_image","twitter_misc":{"Written by":"Agn\u00e8s","Est. reading time":"1 minute"},"schema":{"@context":"https:\/\/schema.org","@graph":[{"@type":"Article","@id":"https:\/\/www.familinparis.fr\/en\/if-versailles-was-told-to-me-private-tour\/#article","isPartOf":{"@id":"https:\/\/www.familinparis.fr\/en\/if-versailles-was-told-to-me-private-tour\/"},"author":{"name":"Agn\u00e8s","@id":"https:\/\/www.familinparis.fr\/en\/#\/schema\/person\/20deb9130cb58f76b535d316fe0aa31f"},"headline":"If Versailles was told to me (private tour)","datePublished":"2023-09-16T05:47:54+00:00","dateModified":"2024-11-16T15:03:13+00:00","mainEntityOfPage":{"@id":"https:\/\/www.familinparis.fr\/en\/if-versailles-was-told-to-me-private-tour\/"},"wordCount":281,"commentCount":0,"image":{"@id":"https:\/\/www.familinparis.fr\/en\/if-versailles-was-told-to-me-private-tour\/#primaryimage"},"thumbnailUrl":"https:\/\/www.familinparis.fr\/wp-content\/uploads\/2023\/08\/visite-versailles-famille.jpg","keywords":["Estate of Versailles","For 7-12 year olds","Ludo and Sophie","Mercredi","rain","Wednesday","Yvelines"],"articleSection":["Castles","Mus\u00e9es","Museums","Private tours"],"inLanguage":"en-US","potentialAction":[{"@type":"CommentAction","name":"Comment","target":["https:\/\/www.familinparis.fr\/en\/if-versailles-was-told-to-me-private-tour\/#respond"]}]},{"@type":"WebPage","@id":"https:\/\/www.familinparis.fr\/en\/if-versailles-was-told-to-me-private-tour\/","url":"https:\/\/www.familinparis.fr\/en\/if-versailles-was-told-to-me-private-tour\/","name":"Palace of Versailles | Private guided family tour (from 7 years old)","isPartOf":{"@id":"https:\/\/www.familinparis.fr\/en\/#website"},"primaryImageOfPage":{"@id":"https:\/\/www.familinparis.fr\/en\/if-versailles-was-told-to-me-private-tour\/#primaryimage"},"image":{"@id":"https:\/\/www.familinparis.fr\/en\/if-versailles-was-told-to-me-private-tour\/#primaryimage"},"thumbnailUrl":"https:\/\/www.familinparis.fr\/wp-content\/uploads\/2023\/08\/visite-versailles-famille.jpg","datePublished":"2023-09-16T05:47:54+00:00","dateModified":"2024-11-16T15:03:13+00:00","author":{"@id":"https:\/\/www.familinparis.fr\/en\/#\/schema\/person\/20deb9130cb58f76b535d316fe0aa31f"},"description":"A VIP guided tour of the Palace of Versailles with the family, with children from 7 years old. Private tour with a guide 1h30","breadcrumb":{"@id":"https:\/\/www.familinparis.fr\/en\/if-versailles-was-told-to-me-private-tour\/#breadcrumb"},"inLanguage":"en-US","potentialAction":[{"@type":"ReadAction","target":["https:\/\/www.familinparis.fr\/en\/if-versailles-was-told-to-me-private-tour\/"]}]},{"@type":"ImageObject","inLanguage":"en-US","@id":"https:\/\/www.familinparis.fr\/en\/if-versailles-was-told-to-me-private-tour\/#primaryimage","url":"https:\/\/www.familinparis.fr\/wp-content\/uploads\/2023\/08\/visite-versailles-famille.jpg","contentUrl":"https:\/\/www.familinparis.fr\/wp-content\/uploads\/2023\/08\/visite-versailles-famille.jpg","width":1067,"height":600},{"@type":"BreadcrumbList","@id":"https:\/\/www.familinparis.fr\/en\/if-versailles-was-told-to-me-private-tour\/#breadcrumb","itemListElement":[{"@type":"ListItem","position":1,"name":"Home","item":"https:\/\/www.familinparis.fr\/en\/"},{"@type":"ListItem","position":2,"name":"Castles","item":"https:\/\/www.familinparis.fr\/en\/categorie\/castles\/"},{"@type":"ListItem","position":3,"name":"If Versailles was told to me (private tour)"}]},{"@type":"WebSite","@id":"https:\/\/www.familinparis.fr\/en\/#website","url":"https:\/\/www.familinparis.fr\/en\/","name":"Familin&#039;Paris","description":"Visiter le meilleur de Paris avec des enfants : sorties, spectacles, adresses de restaurants, shopping, bons plans...","potentialAction":[{"@type":"SearchAction","target":{"@type":"EntryPoint","urlTemplate":"https:\/\/www.familinparis.fr\/en\/?s={search_term_string}"},"query-input":{"@type":"PropertyValueSpecification","valueRequired":true,"valueName":"search_term_string"}}],"inLanguage":"en-US"},{"@type":"Person","@id":"https:\/\/www.familinparis.fr\/en\/#\/schema\/person\/20deb9130cb58f76b535d316fe0aa31f","name":"Agn\u00e8s","image":{"@type":"ImageObject","inLanguage":"en-US","@id":"https:\/\/secure.gravatar.com\/avatar\/0ff338e2776ca662585d438b3bc140cbe7b54659207d3329065be97ffb37fa5a?s=96&d=identicon&r=g","url":"https:\/\/secure.gravatar.com\/avatar\/0ff338e2776ca662585d438b3bc140cbe7b54659207d3329065be97ffb37fa5a?s=96&d=identicon&r=g","contentUrl":"https:\/\/secure.gravatar.com\/avatar\/0ff338e2776ca662585d438b3bc140cbe7b54659207d3329065be97ffb37fa5a?s=96&d=identicon&r=g","caption":"Agn\u00e8s"}}]}},"uagb_featured_image_src":{"full":["https:\/\/www.familinparis.fr\/wp-content\/uploads\/2023\/08\/visite-versailles-famille.jpg",1067,600,false],"thumbnail":["https:\/\/www.familinparis.fr\/wp-content\/uploads\/2023\/08\/visite-versailles-famille-150x150.jpg",150,150,true],"medium":["https:\/\/www.familinparis.fr\/wp-content\/uploads\/2023\/08\/visite-versailles-famille-300x169.jpg",300,169,true],"medium_large":["https:\/\/www.familinparis.fr\/wp-content\/uploads\/2023\/08\/visite-versailles-famille-768x432.jpg",768,432,true],"large":["https:\/\/www.familinparis.fr\/wp-content\/uploads\/2023\/08\/visite-versailles-famille-1024x576.jpg",770,433,true],"1536x1536":["https:\/\/www.familinparis.fr\/wp-content\/uploads\/2023\/08\/visite-versailles-famille.jpg",1067,600,false],"2048x2048":["https:\/\/www.familinparis.fr\/wp-content\/uploads\/2023\/08\/visite-versailles-famille.jpg",1067,600,false],"home-thumb":["https:\/\/www.familinparis.fr\/wp-content\/uploads\/2023\/08\/visite-versailles-famille-730x410.jpg",730,410,true],"home-slider":["https:\/\/www.familinparis.fr\/wp-content\/uploads\/2023\/08\/visite-versailles-famille-800x600.jpg",800,600,true],"lightbox-slider-size":["https:\/\/www.familinparis.fr\/wp-content\/uploads\/2023\/08\/visite-versailles-famille-564x282.jpg",564,282,true],"post-thumbnail":["https:\/\/www.familinparis.fr\/wp-content\/uploads\/2023\/08\/visite-versailles-famille-270x180.jpg",270,180,true],"cheerup-main":["https:\/\/www.familinparis.fr\/wp-content\/uploads\/2023\/08\/visite-versailles-famille-770x400.jpg",770,400,true],"cheerup-main-full":["https:\/\/www.familinparis.fr\/wp-content\/uploads\/2023\/08\/visite-versailles-famille-1067x508.jpg",1067,508,true],"cheerup-slider-alt":["https:\/\/www.familinparis.fr\/wp-content\/uploads\/2023\/08\/visite-versailles-famille-1067x508.jpg",1067,508,true],"cheerup-slider-trendy":["https:\/\/www.familinparis.fr\/wp-content\/uploads\/2023\/08\/visite-versailles-famille-960x508.jpg",960,508,true],"cheerup-slider-stylish":["https:\/\/www.familinparis.fr\/wp-content\/uploads\/2023\/08\/visite-versailles-famille-900x515.jpg",900,515,true],"cheerup-slider-grid":["https:\/\/www.familinparis.fr\/wp-content\/uploads\/2023\/08\/visite-versailles-famille-870x600.jpg",870,600,true],"cheerup-slider-grid-sm":["https:\/\/www.familinparis.fr\/wp-content\/uploads\/2023\/08\/visite-versailles-famille-300x300.jpg",300,300,true],"cheerup-slider-carousel":["https:\/\/www.familinparis.fr\/wp-content\/uploads\/2023\/08\/visite-versailles-famille-370x370.jpg",370,370,true],"cheerup-slider-grid-b":["https:\/\/www.familinparis.fr\/wp-content\/uploads\/2023\/08\/visite-versailles-famille-554x466.jpg",554,466,true],"cheerup-slider-grid-b-sm":["https:\/\/www.familinparis.fr\/wp-content\/uploads\/2023\/08\/visite-versailles-famille-306x466.jpg",306,466,true],"cheerup-slider-bold-sm":["https:\/\/www.familinparis.fr\/wp-content\/uploads\/2023\/08\/visite-versailles-famille-150x150.jpg",150,150,true],"cheerup-grid":["https:\/\/www.familinparis.fr\/wp-content\/uploads\/2023\/08\/visite-versailles-famille-370x285.jpg",370,285,true],"cheerup-carousel":["https:\/\/www.familinparis.fr\/wp-content\/uploads\/2023\/08\/visite-versailles-famille-270x180.jpg",270,180,true],"cheerup-carousel-b":["https:\/\/www.familinparis.fr\/wp-content\/uploads\/2023\/08\/visite-versailles-famille-370x285.jpg",370,285,true],"cheerup-list":["https:\/\/www.familinparis.fr\/wp-content\/uploads\/2023\/08\/visite-versailles-famille-260x200.jpg",260,200,true],"cheerup-list-b":["https:\/\/www.familinparis.fr\/wp-content\/uploads\/2023\/08\/visite-versailles-famille-370x305.jpg",370,305,true],"cheerup-thumb":["https:\/\/www.familinparis.fr\/wp-content\/uploads\/2023\/08\/visite-versailles-famille-87x67.jpg",87,67,true],"cheerup-thumb-alt":["https:\/\/www.familinparis.fr\/wp-content\/uploads\/2023\/08\/visite-versailles-famille-150x150.jpg",150,150,true]},"uagb_author_info":{"display_name":"Agn\u00e8s","author_link":"https:\/\/www.familinparis.fr\/en\/author\/agnes\/"},"uagb_comment_info":0,"uagb_excerpt":"Discover the wonderful world of illusionists. Ideal from 5 years old","_links":{"self":[{"href":"https:\/\/www.familinparis.fr\/en\/wp-json\/wp\/v2\/posts\/134572","targetHints":{"allow":["GET"]}}],"collection":[{"href":"https:\/\/www.familinparis.fr\/en\/wp-json\/wp\/v2\/posts"}],"about":[{"href":"https:\/\/www.familinparis.fr\/en\/wp-json\/wp\/v2\/types\/post"}],"author":[{"embeddable":true,"href":"https:\/\/www.familinparis.fr\/en\/wp-json\/wp\/v2\/users\/6"}],"replies":[{"embeddable":true,"href":"https:\/\/www.familinparis.fr\/en\/wp-json\/wp\/v2\/comments?post=134572"}],"version-history":[{"count":0,"href":"https:\/\/www.familinparis.fr\/en\/wp-json\/wp\/v2\/posts\/134572\/revisions"}],"wp:featuredmedia":[{"embeddable":true,"href":"https:\/\/www.familinparis.fr\/en\/wp-json\/wp\/v2\/media\/132198"}],"wp:attachment":[{"href":"https:\/\/www.familinparis.fr\/en\/wp-json\/wp\/v2\/media?parent=134572"}],"wp:term":[{"taxonomy":"category","embeddable":true,"href":"https:\/\/www.familinparis.fr\/en\/wp-json\/wp\/v2\/categories?post=134572"},{"taxonomy":"post_tag","embeddable":true,"href":"https:\/\/www.familinparis.fr\/en\/wp-json\/wp\/v2\/tags?post=134572"}],"curies":[{"name":"wp","href":"https:\/\/api.w.org\/{rel}","templated":true}]}}