{"id":134500,"date":"2020-06-05T18:45:00","date_gmt":"2020-06-05T16:45:00","guid":{"rendered":"https:\/\/www.familinparis.fr\/babies-concerts-at-the-theatre-de-latelier\/"},"modified":"2024-11-18T15:28:55","modified_gmt":"2024-11-18T13:28:55","slug":"babies-concerts-at-the-theatre-de-latelier","status":"publish","type":"post","link":"https:\/\/www.familinparis.fr\/en\/babies-concerts-at-the-theatre-de-latelier\/","title":{"rendered":"Babies concerts at the Th\u00e9\u00e2tre de l&#8217;Atelier"},"content":{"rendered":"<div class=\"lazyblock-baseline-ZkOm2E wp-block-lazyblock-baseline\"><div class=\"baseline\">Classical concerts designed for 0 to 5 year olds<\/div><\/div><div class=\"lazyblock-infos-pratiques-Z1AbgH2 wp-block-lazyblock-infos-pratiques\"><div class=\"read-more go-to\" data-goto=\"infos-sup\">\n  <a href=\"#\">\n    <span class=\"rien\">\n      <i class=\"fa fa-map-marker\"><\/i> See practical information    <\/span>\n  <\/a>\n<\/div><\/div>\n<div style=\"height:15px\" aria-hidden=\"true\" class=\"wp-block-spacer\"><\/div>\n\n<div class=\"wp-block-buttons is-horizontal is-content-justification-center is-layout-flex wp-container-core-buttons-is-layout-499968f5 wp-block-buttons-is-layout-flex\">\n<div class=\"wp-block-button\"><a class=\"wp-block-button__link has-white-color has-text-color has-background wp-element-button\" href=\"https:\/\/www.awin1.com\/cread.php?awinmid=12494&amp;awinaffid=291657&amp;ued=https%3A%2F%2Fwww.fnactickets.com%2Fticket-evenement%2Fmusique-concert-pour-enfants-bebe-concerts-manatbe4-lt.htm\" style=\"background-color:#da3649\" target=\"_blank\" rel=\"noreferrer noopener\">BOOK A BABY CONCERT<\/a><\/div>\n<\/div>\n\n<div style=\"height:15px\" aria-hidden=\"true\" class=\"wp-block-spacer\"><\/div>\n\n<div style=\"height:15px\" aria-hidden=\"true\" class=\"wp-block-spacer\"><\/div>\n<div class=\"wp-block-image\">\n<figure class=\"aligncenter size-full\"><a href=\"ticketmaster-fr.tm7516.net\/JzPdma\" target=\"_blank\" rel=\"noreferrer noopener nofollow\"><img decoding=\"async\" width=\"1024\" height=\"539\" src=\"https:\/\/www.familinparis.fr\/wp-content\/uploads\/2023\/06\/bebe-concert-orchestre-lamoureux.jpg\" alt=\"\" class=\"wp-image-98330\" srcset=\"https:\/\/www.familinparis.fr\/wp-content\/uploads\/2023\/06\/bebe-concert-orchestre-lamoureux.jpg 1024w, https:\/\/www.familinparis.fr\/wp-content\/uploads\/2023\/06\/bebe-concert-orchestre-lamoureux-300x158.jpg 300w, https:\/\/www.familinparis.fr\/wp-content\/uploads\/2023\/06\/bebe-concert-orchestre-lamoureux-768x404.jpg 768w, https:\/\/www.familinparis.fr\/wp-content\/uploads\/2023\/06\/bebe-concert-orchestre-lamoureux-18x9.jpg 18w, https:\/\/www.familinparis.fr\/wp-content\/uploads\/2023\/06\/bebe-concert-orchestre-lamoureux-730x384.jpg 730w\" sizes=\"(max-width: 1024px) 100vw, 1024px\" \/><\/a><\/figure>\n<\/div>\n<div style=\"height:63px\" aria-hidden=\"true\" class=\"wp-block-spacer\"><\/div>\n\n<div class=\"wp-block-columns is-layout-flex wp-container-core-columns-is-layout-9d6595d7 wp-block-columns-is-layout-flex\">\n<div class=\"wp-block-column is-layout-flow wp-block-column-is-layout-flow\">\n<section class=\"wp-block-uagb-section uagb-section__wrap uagb-section__background-color uagb-block-0c587e28 border-orange\"><div class=\"uagb-section__overlay\"><\/div><div class=\"uagb-section__inner-wrap\">\n<h2 class=\"wp-block-heading has-text-align-center\">The Babies concerts<\/h2>\n\n\n\n<ul class=\"wp-block-list\">\n<li><strong>WE LIKE<\/strong> : Awakening children to classical music with the Lamoureux orchestra<\/li>\n\n\n\n<li><strong>AGE<\/strong> : for 0 to 5 years old<\/li>\n\n\n\n<li><strong>DURATION<\/strong> : 30-minute concert<\/li>\n\n\n\n<li><strong>PRICE<\/strong> : \u20ac22 for adults and \u20ac11 for children<\/li>\n\n\n\n<li><strong>WHEN:<\/strong> One weekend per month<\/li>\n\n\n\n<li><strong>OPENING HOURS:<\/strong> Saturday: 10am \/ 11.15am \/ 3pm \/ 4.15pm &amp; Sunday: 10am \/ 11.15am  <\/li>\n\n\n\n<li><strong>LOCATION<\/strong> : at the Th\u00e9\u00e2tre de l&#8217;Atelier (Paris 18th)  <\/li>\n<\/ul>\n\n\n\n<div style=\"height:28px\" aria-hidden=\"true\" class=\"wp-block-spacer\"><\/div>\n\n\n\n<div class=\"wp-block-buttons is-horizontal is-content-justification-center is-layout-flex wp-container-core-buttons-is-layout-499968f5 wp-block-buttons-is-layout-flex\">\n<div class=\"wp-block-button\"><a class=\"wp-block-button__link has-white-color has-text-color has-background wp-element-button\" href=\"https:\/\/www.awin1.com\/cread.php?awinmid=12494&amp;awinaffid=291657&amp;ued=https%3A%2F%2Fwww.fnactickets.com%2Fticket-evenement%2Fmusique-concert-pour-enfants-bebe-concerts-manatbe4-lt.htm\" style=\"background-color:#da3649\" target=\"_blank\" rel=\"noreferrer noopener\">BOOK A BABY CONCERT<\/a><\/div>\n<\/div>\n\n\n<div class=\"wp-block-image\">\n<figure class=\"aligncenter size-medium\"><img decoding=\"async\" width=\"300\" height=\"74\" src=\"https:\/\/www.familinparis.fr\/wp-content\/uploads\/Dessins\/Concert\/dessin-musique-concert-sh_216291559-300x74.jpg\" alt=\"music for children at the Philharmonie de Paris\" class=\"wp-image-77930\" srcset=\"https:\/\/www.familinparis.fr\/wp-content\/uploads\/Dessins\/Concert\/dessin-musique-concert-sh_216291559-300x74.jpg 300w, https:\/\/www.familinparis.fr\/wp-content\/uploads\/Dessins\/Concert\/dessin-musique-concert-sh_216291559-768x189.jpg 768w, https:\/\/www.familinparis.fr\/wp-content\/uploads\/Dessins\/Concert\/dessin-musique-concert-sh_216291559-18x4.jpg 18w, https:\/\/www.familinparis.fr\/wp-content\/uploads\/Dessins\/Concert\/dessin-musique-concert-sh_216291559-730x180.jpg 730w, https:\/\/www.familinparis.fr\/wp-content\/uploads\/Dessins\/Concert\/dessin-musique-concert-sh_216291559.jpg 827w\" sizes=\"(max-width: 300px) 100vw, 300px\" \/><\/figure>\n<\/div><\/div><\/section>\n<\/div>\n\n\n\n<div class=\"wp-block-column is-layout-flow wp-block-column-is-layout-flow\">\n<section class=\"wp-block-uagb-section uagb-section__wrap uagb-section__background-color uagb-block-c5c6136a border-green\"><div class=\"uagb-section__overlay\"><\/div><div class=\"uagb-section__inner-wrap\">\n<h2 class=\"wp-block-heading has-text-align-center\">Season 2024\/2025<\/h2>\n\n\n\n<ul class=\"wp-block-list\">\n<li><strong>Saturday, November 23, 2024<\/strong> at 10 am, 11:15 am, 3 pm, 4:15 pm \u2022 <strong>IN FANFARE<\/strong><\/li>\n\n\n\n<li><strong>Sunday 24 November 2024<\/strong> at 10 am, 11:15 am \u2022 <strong>IN FANFARE<\/strong><\/li>\n\n\n\n<li><strong>Saturday 14 December<\/strong> <strong>2024<\/strong> at 10 am I 11:15 am I 3 pm I 4:15 pm \u2022 <strong>BALLERINE<\/strong><\/li>\n\n\n\n<li>Sunday 15 December 2024 at 10 am I 11:15 am \u2022 <strong>BALLERINE<\/strong><\/li>\n\n\n\n<li><strong>Saturday, January 11, 2025<\/strong> at 10 am, 11:15 am \u2022 <strong>NEW YEAR<\/strong><\/li>\n\n\n\n<li><strong>Sunday, January 12, 2025<\/strong> at 10 am, 11:15 am, 3 pm and 4:15 pm \u2022 <strong>NEW YEAR<\/strong><\/li>\n\n\n\n<li><strong>Saturday, February 8, 2025<\/strong> at 10 am, 11:15 am \u2022 <strong>STRINGS AND ACCORDION<\/strong><\/li>\n\n\n\n<li><strong>Sunday, February 9, 2025<\/strong> at 10 a.m. and 11:15 a.m. \u2022 <strong>STRINGS AND ACCORDION<\/strong><\/li>\n\n\n\n<li><strong>Saturday, April 5, 2025<\/strong> at 10 am, 11:15 am, 3 pm and 4:15 pm \u2022 <strong>PERCUSSION AROUND THE WORLD<\/strong><\/li>\n\n\n\n<li><strong>Sunday, April 6, 2025<\/strong> at 10 a.m. and 11:15 a.m. \u2022 <strong>PERCUSSION AROUND THE WORLD<\/strong><\/li>\n\n\n\n<li>Saturday 24 May 2025 at <strong>10 am, 11.15 am, 3 pm and 4.15 pm<\/strong> \u2022 <strong>M\u00c9LODIES D&#8217;ORIENT<\/strong><\/li>\n\n\n\n<li>Sunday, April 7, 2025 at 10 a.m. and 11:15 a.m. \u2022 <strong>M\u00c9LODIES D&#8217;ORIENT<\/strong><\/li>\n\n\n\n<li><strong>Saturday 14 June 2025<\/strong> at 10 am, 11.15 am, 3 pm and 4.15 pm \u2022 <strong>VIVALDI<\/strong><\/li>\n\n\n\n<li><strong>Sunday 15 June 2025 <\/strong>at 10 am and 11:15 am \u2022 <strong>VIVALDI<\/strong><\/li>\n<\/ul>\n<\/div><\/section>\n<\/div>\n<\/div>\n\n<div style=\"height:30px\" aria-hidden=\"true\" class=\"wp-block-spacer\"><\/div>\n\n<hr class=\"wp-block-separator has-alpha-channel-opacity\"\/>\n\n<h2 class=\"wp-block-heading has-text-align-center h2-orange\">The concept of the Baby Concerts<\/h2>\n\n<ul class=\"wp-block-list\">\n<li>In an intimate and relaxed atmosphere,<strong> the Lamoureux Orchestra plays musical pieces for 30 minutes<\/strong> for very young children<\/li>\n\n\n\n<li>These classical concerts for toddlers take place one weekend a month (several performances during the weekend)<\/li>\n\n\n\n<li>Parents and children will attend these &#8220;Family&#8221; concerts in<strong> an environment adapted to babies<\/strong> : listening times alternate with moments of interaction<\/li>\n\n\n\n<li><strong>Interactive concerts<\/strong> where musicians invite themselves into the room in the middle of the audience<\/li>\n\n\n\n<li>A special musical moment during which your child will discover the symphonic music and the instruments of the orchestra<\/li>\n<\/ul>\n\n<hr class=\"wp-block-separator has-alpha-channel-opacity\"\/>\n\n<div style=\"height:31px\" aria-hidden=\"true\" class=\"wp-block-spacer\"><\/div>\n<div class=\"lazyblock-grids-3TjCq wp-block-lazyblock-grids\"><div class=\"row new-grids grids-style-2\">\n        <div class=\"col-12 grid-title\">\n        <h2 class=\"c-blue\">All concerts for young audiences<\/h2>\n\n            <\/div>\n        \n    <div class=\"col-12 grids columns-4\">\n        \n\n<div class=\"grid\">\n\t<a href=\"https:\/\/www.familinparis.fr\/en\/a-family-concert-at-the-opera-comique\/\" target=\"_self\">\n\t    <div class=\"image\" style=\"background-image:url('https:\/\/www.familinparis.fr\/wp-content\/uploads\/Spectacles\/MUSICAL\/En-famille-opera-comique-564x282.jpg')\">\n\t    \t\t    \t<div class=\"dateOnImg\">29 mars &#8211; 14 juin<\/div>\n\t    \t\t\t\t\t    <\/div>\n\t    <div class=\"texte\">\n\t        <h5>Op\u00e9ra Comique (Paris 2e)<\/h5>\n\t        <h3>Op\u00e9ra Comique: family workshops &#8220;Voices in sharing&#8221;<\/h3>\n\t        <div class=\"tags\">\n\t        \t\t        \t\t<span>D\u00e8s 6 ans<\/span>\n\t        \t\t        \t<span>1 heure<\/span>\n\t        <\/div>\n\t        <div class=\"bas\">\n        \t\t<div class=\"prix\">\n        \t\t\t\t        \t\t\t<span>From<\/span>\n\t        \t\t\t<span class=\"\">12\u20ac<\/span>\n\t        \t\t\t\t        \t\t        \t\t<\/div>\n            \t<div class=\"review-stars\" data-productId=\"72\">\n            \t<\/div>\n\t        <\/div>\n\t    <\/div>\n\t<\/a>\n<\/div>\n\n<div class=\"grid\">\n\t<a href=\"https:\/\/www.familinparis.fr\/en\/candlelight-concert-in-paris\/\" target=\"_self\">\n\t    <div class=\"image\" style=\"background-image:url('https:\/\/www.familinparis.fr\/wp-content\/uploads\/2026\/01\/les-concerts-candelight-564x282.jpg')\">\n\t    \t\t    \t<div class=\"dateOnImg\">Nombreuses dates<\/div>\n\t    \t\t\t\t\t\t\t\t<div class=\"rond-blanc-age\"><span>For all<\/span><\/div>\n\t\t\t\t    <\/div>\n\t    <div class=\"texte\">\n\t        <h5>A Paris<\/h5>\n\t        <h3>Les concerts Candlelight<\/h3>\n\t        <div class=\"tags\">\n\t        \t\t        \t\t<span>CONCERTS ATYPIQUES<\/span>\n\t        \t\t        \t<span>1h<\/span>\n\t        <\/div>\n\t        <div class=\"bas\">\n        \t\t<div class=\"prix\">\n        \t\t\t\t        \t\t\t<span>From<\/span>\n\t        \t\t\t<span class=\"\">25\u20ac<\/span>\n\t        \t\t\t\t        \t\t        \t\t<\/div>\n            \t<div class=\"review-stars\" data-productId=\"\">\n            \t<\/div>\n\t        <\/div>\n\t    <\/div>\n\t<\/a>\n<\/div>\n\n<div class=\"grid\">\n\t<a href=\"https:\/\/www.familinparis.fr\/en\/concerts-for-young-audiences-at-the-theatre-des-champs-elysees\/\" target=\"_self\">\n\t    <div class=\"image\" style=\"background-image:url('https:\/\/www.familinparis.fr\/wp-content\/uploads\/Spectacles\/concerts\/theatre-des-champs-elysees-564x282.jpg')\">\n\t    \t\t\t\t\t    <\/div>\n\t    <div class=\"texte\">\n\t        <h5><\/h5>\n\t        <h3>Concerts for young audiences at the Th\u00e9\u00e2tre des Champs-Elys\u00e9es<\/h3>\n\t        <div class=\"tags\">\n\t        \t\t        \t<span><\/span>\n\t        <\/div>\n\t        <div class=\"bas\">\n        \t\t<div class=\"prix\">\n        \t\t\t        \t\t<\/div>\n            \t<div class=\"review-stars\" data-productId=\"\">\n            \t<\/div>\n\t        <\/div>\n\t    <\/div>\n\t<\/a>\n<\/div>\n\n<div class=\"grid\">\n\t<a href=\"https:\/\/www.familinparis.fr\/en\/luminiscence-paris-immersive-show\/\" target=\"_self\">\n\t    <div class=\"image\" style=\"background-image:url('https:\/\/www.familinparis.fr\/wp-content\/uploads\/2024\/03\/luminiscence-saint-eustache-paris-1er-\u00a9Mikhail-Sytenkov-564x282.jpg')\">\n\t    \t\t    \t<div class=\"dateOnImg\">30% OFF<\/div>\n\t    \t\t\t\t\t    <\/div>\n\t    <div class=\"texte\">\n\t        <h5>At the Saint-Eustache church<\/h5>\n\t        <h3>Luminiscence Paris: Immersive show<\/h3>\n\t        <div class=\"tags\">\n\t        \t\t        \t\t<span>From 6 years old<\/span>\n\t        \t\t        \t<span>40mn<\/span>\n\t        <\/div>\n\t        <div class=\"bas\">\n        \t\t<div class=\"prix\">\n        \t\t\t        \t\t<\/div>\n            \t<div class=\"review-stars\" data-productId=\"\">\n            \t<\/div>\n\t        <\/div>\n\t    <\/div>\n\t<\/a>\n<\/div>    <\/div>\n\n            <div class=\"col-12 t-center m-b-20\">\n            <div class=\"labels__fam\">\n                                    <a href=\"\/concerts-enfant-paris\/\" class=\"labels__fam-color-secondary labels__fam-radius-rounded\">\n                        See all concerts                      <\/a>\n                            <\/div>\n        <\/div>\n    \n    \n\n<\/div>\n<\/div>\n<div style=\"height:50px\" aria-hidden=\"true\" class=\"wp-block-spacer\"><\/div>\n<div class=\"lazyblock-grids-Z1DCUJb wp-block-lazyblock-grids\"><div class=\"row new-grids grids-style-2\">\n        <div class=\"col-12 grid-title\">\n        <h2 class=\"c-blue\">What to do in Paris with toddlers?<\/h2>\n\n            <\/div>\n        \n    <div class=\"col-12 grids columns-4\">\n        \n\n<div class=\"grid\">\n\t<a href=\"https:\/\/www.familinparis.fr\/en\/the-city-of-children-cite-des-sciences-in-paris\/\" target=\"_self\">\n\t    <div class=\"image\" style=\"background-image:url('https:\/\/www.familinparis.fr\/wp-content\/uploads\/2022\/08\/la-cite-des-enfants-600x300-1-452x282.png')\">\n\t    \t\t\t\t\t    <\/div>\n\t    <div class=\"texte\">\n\t        <h5><\/h5>\n\t        <h3>The City of Children: Cit\u00e9 des Sciences in Paris<\/h3>\n\t        <div class=\"tags\">\n\t        \t\t        \t<span><\/span>\n\t        <\/div>\n\t        <div class=\"bas\">\n        \t\t<div class=\"prix\">\n        \t\t\t        \t\t<\/div>\n            \t<div class=\"review-stars\" data-productId=\"\">\n            \t<\/div>\n\t        <\/div>\n\t    <\/div>\n\t<\/a>\n<\/div>\n\n<div class=\"grid\">\n\t<a href=\"https:\/\/www.familinparis.fr\/en\/magic-workshop-for-6-8-year-olds\/\" target=\"_self\">\n\t    <div class=\"image\" style=\"background-image:url('https:\/\/www.familinparis.fr\/wp-content\/uploads\/photos-partenaires\/musee-de-la-magie-paris-564x282.jpg')\">\n\t    \t\t    \t<div class=\"dateOnImg\">School holidays + public holidays<\/div>\n\t    \t\t\t\t\t    <\/div>\n\t    <div class=\"texte\">\n\t        <h5>Museum of Magic and Automata (Paris 4th)<\/h5>\n\t        <h3>Magic Workshop for 6-8 year olds<\/h3>\n\t        <div class=\"tags\">\n\t        \t\t        \t\t<span>6 &#8211; 8 years old<\/span>\n\t        \t\t        \t<span>2h30<\/span>\n\t        <\/div>\n\t        <div class=\"bas\">\n        \t\t<div class=\"prix\">\n        \t\t\t        \t\t<\/div>\n            \t<div class=\"review-stars\" data-productId=\"67\">\n            \t<\/div>\n\t        <\/div>\n\t    <\/div>\n\t<\/a>\n<\/div>\n\n<div class=\"grid\">\n\t<a href=\"https:\/\/www.familinparis.fr\/en\/the-castle-of-vaux-le-vicomte\/\" target=\"_self\">\n\t    <div class=\"image\" style=\"background-image:url('https:\/\/www.familinparis.fr\/wp-content\/uploads\/Chateaux\/vaux-le-vicomte\/Vaux-le-vicomte-dome-@FamilinParis-564x282.jpg')\">\n\t    \t\t\t\t\t    <\/div>\n\t    <div class=\"texte\">\n\t        <h5><\/h5>\n\t        <h3>The castle of Vaux-le-Vicomte<\/h3>\n\t        <div class=\"tags\">\n\t        \t\t        \t<span><\/span>\n\t        <\/div>\n\t        <div class=\"bas\">\n        \t\t<div class=\"prix\">\n        \t\t\t        \t\t<\/div>\n            \t<div class=\"review-stars\" data-productId=\"\">\n            \t<\/div>\n\t        <\/div>\n\t    <\/div>\n\t<\/a>\n<\/div>\n\n<div class=\"grid\">\n\t<a href=\"https:\/\/www.familinparis.fr\/en\/ballet-of-lights-cendrillon-we-call-it-ballet-paris\/\" target=\"_self\">\n\t    <div class=\"image\" style=\"background-image:url('https:\/\/www.familinparis.fr\/wp-content\/uploads\/2026\/04\/ballet-of-lights-cendrillon-564x282.jpg')\">\n\t    \t\t    \t<div class=\"dateOnImg\">1 samedi par mois<\/div>\n\t    \t\t\t\t\t\t\t\t<div class=\"rond-blanc-age\"><span>from <span class=\"age-number\">5<\/span> yo<\/span><\/div>\n\t\t\t\t    <\/div>\n\t    <div class=\"texte\">\n\t        <h5>A la Scala (10\u00e8me)<\/h5>\n\t        <h3>Cinderella &#8211; Ballet of Lights<\/h3>\n\t        <div class=\"tags\">\n\t        \t\t        \t\t<span>BALLET F\u00c9ERIQUE<\/span>\n\t        \t\t        \t<span>1h<\/span>\n\t        <\/div>\n\t        <div class=\"bas\">\n        \t\t<div class=\"prix\">\n        \t\t\t        \t\t<\/div>\n            \t<div class=\"review-stars\" data-productId=\"\">\n            \t<\/div>\n\t        <\/div>\n\t    <\/div>\n\t<\/a>\n<\/div>    <\/div>\n\n            <div class=\"col-12 t-center m-b-20\">\n            <div class=\"labels__fam\">\n                                    <a href=\"\/activite-sortie-avec-un-bebe-paris\/\" class=\"labels__fam-color-secondary labels__fam-radius-rounded\">\n                        With 0-3 year olds                    <\/a>\n                                    <a href=\"\/paris-pour-les-petits\/\" class=\"labels__fam-color-secondary labels__fam-radius-rounded\">\n                        With 3-6 year olds                    <\/a>\n                            <\/div>\n        <\/div>\n    \n    \n\n<\/div>\n<\/div>\n<div style=\"height:50px\" aria-hidden=\"true\" class=\"wp-block-spacer\"><\/div>\n","protected":false},"excerpt":{"rendered":"<p>Classical concerts designed for 0 to 5 year olds \u2014 One weekend per month<\/p>\n","protected":false},"author":5,"featured_media":132148,"comment_status":"open","ping_status":"open","sticky":false,"template":"","format":"standard","meta":{"_uag_custom_page_level_css":"","footnotes":""},"categories":[85,1252],"tags":[],"class_list":{"0":"post-134500","1":"post","2":"type-post","3":"status-publish","4":"format-standard","5":"has-post-thumbnail","7":"category-actualites","8":"category-archives-en"},"yoast_head":"<!-- This site is optimized with the Yoast SEO plugin v27.2 - https:\/\/yoast.com\/product\/yoast-seo-wordpress\/ -->\n<title>Les B\u00e9b\u00e9 concerts de l&#039;orchestre Lamoureux | Season 2023\/2024<\/title>\n<meta name=\"description\" content=\"Classical concert in Paris for babies and young children. At the Th\u00e9\u00e2tre de l&#039;Atelier (Paris 18th). For children under 5 years old\" \/>\n<meta name=\"robots\" content=\"index, follow, max-snippet:-1, max-image-preview:large, max-video-preview:-1\" \/>\n<link rel=\"canonical\" href=\"https:\/\/www.familinparis.fr\/en\/babies-concerts-at-the-theatre-de-latelier\/\" \/>\n<meta property=\"og:locale\" content=\"en_US\" \/>\n<meta property=\"og:type\" content=\"article\" \/>\n<meta property=\"og:title\" content=\"Les B\u00e9b\u00e9 concerts de l&#039;orchestre Lamoureux | Season 2023\/2024\" \/>\n<meta property=\"og:description\" content=\"Classical concert in Paris for babies and young children. At the Th\u00e9\u00e2tre de l&#039;Atelier (Paris 18th). For children under 5 years old\" \/>\n<meta property=\"og:url\" content=\"https:\/\/www.familinparis.fr\/en\/babies-concerts-at-the-theatre-de-latelier\/\" \/>\n<meta property=\"og:site_name\" content=\"Familin&#039;Paris\" \/>\n<meta property=\"article:published_time\" content=\"2020-06-05T16:45:00+00:00\" \/>\n<meta property=\"article:modified_time\" content=\"2024-11-18T13:28:55+00:00\" \/>\n<meta property=\"og:image\" content=\"https:\/\/www.familinparis.fr\/wp-content\/uploads\/2023\/06\/bebe-concert-orchestre-lamoureux.jpg\" \/>\n\t<meta property=\"og:image:width\" content=\"1024\" \/>\n\t<meta property=\"og:image:height\" content=\"539\" \/>\n\t<meta property=\"og:image:type\" content=\"image\/jpeg\" \/>\n<meta name=\"author\" content=\"olivia\" \/>\n<meta name=\"twitter:card\" content=\"summary_large_image\" \/>\n<meta name=\"twitter:label1\" content=\"Written by\" \/>\n\t<meta name=\"twitter:data1\" content=\"olivia\" \/>\n\t<meta name=\"twitter:label2\" content=\"Est. reading time\" \/>\n\t<meta name=\"twitter:data2\" content=\"1 minute\" \/>\n<script type=\"application\/ld+json\" class=\"yoast-schema-graph\">{\"@context\":\"https:\/\/schema.org\",\"@graph\":[{\"@type\":\"Article\",\"@id\":\"https:\/\/www.familinparis.fr\/en\/babies-concerts-at-the-theatre-de-latelier\/#article\",\"isPartOf\":{\"@id\":\"https:\/\/www.familinparis.fr\/en\/babies-concerts-at-the-theatre-de-latelier\/\"},\"author\":{\"name\":\"olivia\",\"@id\":\"https:\/\/www.familinparis.fr\/en\/#\/schema\/person\/a87467bb417cd0c77d0a7bb5d1d78ac5\"},\"headline\":\"Babies concerts at the Th\u00e9\u00e2tre de l&#8217;Atelier\",\"datePublished\":\"2020-06-05T16:45:00+00:00\",\"dateModified\":\"2024-11-18T13:28:55+00:00\",\"mainEntityOfPage\":{\"@id\":\"https:\/\/www.familinparis.fr\/en\/babies-concerts-at-the-theatre-de-latelier\/\"},\"wordCount\":301,\"commentCount\":0,\"image\":{\"@id\":\"https:\/\/www.familinparis.fr\/en\/babies-concerts-at-the-theatre-de-latelier\/#primaryimage\"},\"thumbnailUrl\":\"https:\/\/www.familinparis.fr\/wp-content\/uploads\/2023\/06\/bebe-concert-orchestre-lamoureux.jpg\",\"articleSection\":[\"Actualit\u00e9s\",\"Archives\"],\"inLanguage\":\"en-US\",\"potentialAction\":[{\"@type\":\"CommentAction\",\"name\":\"Comment\",\"target\":[\"https:\/\/www.familinparis.fr\/en\/babies-concerts-at-the-theatre-de-latelier\/#respond\"]}]},{\"@type\":\"WebPage\",\"@id\":\"https:\/\/www.familinparis.fr\/en\/babies-concerts-at-the-theatre-de-latelier\/\",\"url\":\"https:\/\/www.familinparis.fr\/en\/babies-concerts-at-the-theatre-de-latelier\/\",\"name\":\"Les B\u00e9b\u00e9 concerts de l'orchestre Lamoureux | Season 2023\/2024\",\"isPartOf\":{\"@id\":\"https:\/\/www.familinparis.fr\/en\/#website\"},\"primaryImageOfPage\":{\"@id\":\"https:\/\/www.familinparis.fr\/en\/babies-concerts-at-the-theatre-de-latelier\/#primaryimage\"},\"image\":{\"@id\":\"https:\/\/www.familinparis.fr\/en\/babies-concerts-at-the-theatre-de-latelier\/#primaryimage\"},\"thumbnailUrl\":\"https:\/\/www.familinparis.fr\/wp-content\/uploads\/2023\/06\/bebe-concert-orchestre-lamoureux.jpg\",\"datePublished\":\"2020-06-05T16:45:00+00:00\",\"dateModified\":\"2024-11-18T13:28:55+00:00\",\"author\":{\"@id\":\"https:\/\/www.familinparis.fr\/en\/#\/schema\/person\/a87467bb417cd0c77d0a7bb5d1d78ac5\"},\"description\":\"Classical concert in Paris for babies and young children. At the Th\u00e9\u00e2tre de l'Atelier (Paris 18th). For children under 5 years old\",\"breadcrumb\":{\"@id\":\"https:\/\/www.familinparis.fr\/en\/babies-concerts-at-the-theatre-de-latelier\/#breadcrumb\"},\"inLanguage\":\"en-US\",\"potentialAction\":[{\"@type\":\"ReadAction\",\"target\":[\"https:\/\/www.familinparis.fr\/en\/babies-concerts-at-the-theatre-de-latelier\/\"]}]},{\"@type\":\"ImageObject\",\"inLanguage\":\"en-US\",\"@id\":\"https:\/\/www.familinparis.fr\/en\/babies-concerts-at-the-theatre-de-latelier\/#primaryimage\",\"url\":\"https:\/\/www.familinparis.fr\/wp-content\/uploads\/2023\/06\/bebe-concert-orchestre-lamoureux.jpg\",\"contentUrl\":\"https:\/\/www.familinparis.fr\/wp-content\/uploads\/2023\/06\/bebe-concert-orchestre-lamoureux.jpg\",\"width\":1024,\"height\":539},{\"@type\":\"BreadcrumbList\",\"@id\":\"https:\/\/www.familinparis.fr\/en\/babies-concerts-at-the-theatre-de-latelier\/#breadcrumb\",\"itemListElement\":[{\"@type\":\"ListItem\",\"position\":1,\"name\":\"Home\",\"item\":\"https:\/\/www.familinparis.fr\/en\/\"},{\"@type\":\"ListItem\",\"position\":2,\"name\":\"Archives\",\"item\":\"https:\/\/www.familinparis.fr\/en\/categorie\/archives-en\/\"},{\"@type\":\"ListItem\",\"position\":3,\"name\":\"Babies concerts at the Th\u00e9\u00e2tre de l&rsquo;Atelier\"}]},{\"@type\":\"WebSite\",\"@id\":\"https:\/\/www.familinparis.fr\/en\/#website\",\"url\":\"https:\/\/www.familinparis.fr\/en\/\",\"name\":\"Familin&#039;Paris\",\"description\":\"Visiter le meilleur de Paris avec des enfants : sorties, spectacles, adresses de restaurants, shopping, bons plans...\",\"potentialAction\":[{\"@type\":\"SearchAction\",\"target\":{\"@type\":\"EntryPoint\",\"urlTemplate\":\"https:\/\/www.familinparis.fr\/en\/?s={search_term_string}\"},\"query-input\":{\"@type\":\"PropertyValueSpecification\",\"valueRequired\":true,\"valueName\":\"search_term_string\"}}],\"inLanguage\":\"en-US\"},{\"@type\":\"Person\",\"@id\":\"https:\/\/www.familinparis.fr\/en\/#\/schema\/person\/a87467bb417cd0c77d0a7bb5d1d78ac5\",\"name\":\"olivia\",\"image\":{\"@type\":\"ImageObject\",\"inLanguage\":\"en-US\",\"@id\":\"https:\/\/secure.gravatar.com\/avatar\/cbca07f1dfea20f457a666a1b84ed5cf1364773d1378c6f10fd36c354eef1ef8?s=96&d=identicon&r=g\",\"url\":\"https:\/\/secure.gravatar.com\/avatar\/cbca07f1dfea20f457a666a1b84ed5cf1364773d1378c6f10fd36c354eef1ef8?s=96&d=identicon&r=g\",\"contentUrl\":\"https:\/\/secure.gravatar.com\/avatar\/cbca07f1dfea20f457a666a1b84ed5cf1364773d1378c6f10fd36c354eef1ef8?s=96&d=identicon&r=g\",\"caption\":\"olivia\"}}]}<\/script>\n<!-- \/ Yoast SEO plugin. -->","yoast_head_json":{"title":"Les B\u00e9b\u00e9 concerts de l'orchestre Lamoureux | Season 2023\/2024","description":"Classical concert in Paris for babies and young children. At the Th\u00e9\u00e2tre de l'Atelier (Paris 18th). For children under 5 years old","robots":{"index":"index","follow":"follow","max-snippet":"max-snippet:-1","max-image-preview":"max-image-preview:large","max-video-preview":"max-video-preview:-1"},"canonical":"https:\/\/www.familinparis.fr\/en\/babies-concerts-at-the-theatre-de-latelier\/","og_locale":"en_US","og_type":"article","og_title":"Les B\u00e9b\u00e9 concerts de l'orchestre Lamoureux | Season 2023\/2024","og_description":"Classical concert in Paris for babies and young children. At the Th\u00e9\u00e2tre de l'Atelier (Paris 18th). For children under 5 years old","og_url":"https:\/\/www.familinparis.fr\/en\/babies-concerts-at-the-theatre-de-latelier\/","og_site_name":"Familin&#039;Paris","article_published_time":"2020-06-05T16:45:00+00:00","article_modified_time":"2024-11-18T13:28:55+00:00","og_image":[{"width":1024,"height":539,"url":"https:\/\/www.familinparis.fr\/wp-content\/uploads\/2023\/06\/bebe-concert-orchestre-lamoureux.jpg","type":"image\/jpeg"}],"author":"olivia","twitter_card":"summary_large_image","twitter_misc":{"Written by":"olivia","Est. reading time":"1 minute"},"schema":{"@context":"https:\/\/schema.org","@graph":[{"@type":"Article","@id":"https:\/\/www.familinparis.fr\/en\/babies-concerts-at-the-theatre-de-latelier\/#article","isPartOf":{"@id":"https:\/\/www.familinparis.fr\/en\/babies-concerts-at-the-theatre-de-latelier\/"},"author":{"name":"olivia","@id":"https:\/\/www.familinparis.fr\/en\/#\/schema\/person\/a87467bb417cd0c77d0a7bb5d1d78ac5"},"headline":"Babies concerts at the Th\u00e9\u00e2tre de l&#8217;Atelier","datePublished":"2020-06-05T16:45:00+00:00","dateModified":"2024-11-18T13:28:55+00:00","mainEntityOfPage":{"@id":"https:\/\/www.familinparis.fr\/en\/babies-concerts-at-the-theatre-de-latelier\/"},"wordCount":301,"commentCount":0,"image":{"@id":"https:\/\/www.familinparis.fr\/en\/babies-concerts-at-the-theatre-de-latelier\/#primaryimage"},"thumbnailUrl":"https:\/\/www.familinparis.fr\/wp-content\/uploads\/2023\/06\/bebe-concert-orchestre-lamoureux.jpg","articleSection":["Actualit\u00e9s","Archives"],"inLanguage":"en-US","potentialAction":[{"@type":"CommentAction","name":"Comment","target":["https:\/\/www.familinparis.fr\/en\/babies-concerts-at-the-theatre-de-latelier\/#respond"]}]},{"@type":"WebPage","@id":"https:\/\/www.familinparis.fr\/en\/babies-concerts-at-the-theatre-de-latelier\/","url":"https:\/\/www.familinparis.fr\/en\/babies-concerts-at-the-theatre-de-latelier\/","name":"Les B\u00e9b\u00e9 concerts de l'orchestre Lamoureux | Season 2023\/2024","isPartOf":{"@id":"https:\/\/www.familinparis.fr\/en\/#website"},"primaryImageOfPage":{"@id":"https:\/\/www.familinparis.fr\/en\/babies-concerts-at-the-theatre-de-latelier\/#primaryimage"},"image":{"@id":"https:\/\/www.familinparis.fr\/en\/babies-concerts-at-the-theatre-de-latelier\/#primaryimage"},"thumbnailUrl":"https:\/\/www.familinparis.fr\/wp-content\/uploads\/2023\/06\/bebe-concert-orchestre-lamoureux.jpg","datePublished":"2020-06-05T16:45:00+00:00","dateModified":"2024-11-18T13:28:55+00:00","author":{"@id":"https:\/\/www.familinparis.fr\/en\/#\/schema\/person\/a87467bb417cd0c77d0a7bb5d1d78ac5"},"description":"Classical concert in Paris for babies and young children. At the Th\u00e9\u00e2tre de l'Atelier (Paris 18th). For children under 5 years old","breadcrumb":{"@id":"https:\/\/www.familinparis.fr\/en\/babies-concerts-at-the-theatre-de-latelier\/#breadcrumb"},"inLanguage":"en-US","potentialAction":[{"@type":"ReadAction","target":["https:\/\/www.familinparis.fr\/en\/babies-concerts-at-the-theatre-de-latelier\/"]}]},{"@type":"ImageObject","inLanguage":"en-US","@id":"https:\/\/www.familinparis.fr\/en\/babies-concerts-at-the-theatre-de-latelier\/#primaryimage","url":"https:\/\/www.familinparis.fr\/wp-content\/uploads\/2023\/06\/bebe-concert-orchestre-lamoureux.jpg","contentUrl":"https:\/\/www.familinparis.fr\/wp-content\/uploads\/2023\/06\/bebe-concert-orchestre-lamoureux.jpg","width":1024,"height":539},{"@type":"BreadcrumbList","@id":"https:\/\/www.familinparis.fr\/en\/babies-concerts-at-the-theatre-de-latelier\/#breadcrumb","itemListElement":[{"@type":"ListItem","position":1,"name":"Home","item":"https:\/\/www.familinparis.fr\/en\/"},{"@type":"ListItem","position":2,"name":"Archives","item":"https:\/\/www.familinparis.fr\/en\/categorie\/archives-en\/"},{"@type":"ListItem","position":3,"name":"Babies concerts at the Th\u00e9\u00e2tre de l&rsquo;Atelier"}]},{"@type":"WebSite","@id":"https:\/\/www.familinparis.fr\/en\/#website","url":"https:\/\/www.familinparis.fr\/en\/","name":"Familin&#039;Paris","description":"Visiter le meilleur de Paris avec des enfants : sorties, spectacles, adresses de restaurants, shopping, bons plans...","potentialAction":[{"@type":"SearchAction","target":{"@type":"EntryPoint","urlTemplate":"https:\/\/www.familinparis.fr\/en\/?s={search_term_string}"},"query-input":{"@type":"PropertyValueSpecification","valueRequired":true,"valueName":"search_term_string"}}],"inLanguage":"en-US"},{"@type":"Person","@id":"https:\/\/www.familinparis.fr\/en\/#\/schema\/person\/a87467bb417cd0c77d0a7bb5d1d78ac5","name":"olivia","image":{"@type":"ImageObject","inLanguage":"en-US","@id":"https:\/\/secure.gravatar.com\/avatar\/cbca07f1dfea20f457a666a1b84ed5cf1364773d1378c6f10fd36c354eef1ef8?s=96&d=identicon&r=g","url":"https:\/\/secure.gravatar.com\/avatar\/cbca07f1dfea20f457a666a1b84ed5cf1364773d1378c6f10fd36c354eef1ef8?s=96&d=identicon&r=g","contentUrl":"https:\/\/secure.gravatar.com\/avatar\/cbca07f1dfea20f457a666a1b84ed5cf1364773d1378c6f10fd36c354eef1ef8?s=96&d=identicon&r=g","caption":"olivia"}}]}},"uagb_featured_image_src":{"full":["https:\/\/www.familinparis.fr\/wp-content\/uploads\/2023\/06\/bebe-concert-orchestre-lamoureux.jpg",1024,539,false],"thumbnail":["https:\/\/www.familinparis.fr\/wp-content\/uploads\/2023\/06\/bebe-concert-orchestre-lamoureux-150x150.jpg",150,150,true],"medium":["https:\/\/www.familinparis.fr\/wp-content\/uploads\/2023\/06\/bebe-concert-orchestre-lamoureux-300x158.jpg",300,158,true],"medium_large":["https:\/\/www.familinparis.fr\/wp-content\/uploads\/2023\/06\/bebe-concert-orchestre-lamoureux-768x404.jpg",768,404,true],"large":["https:\/\/www.familinparis.fr\/wp-content\/uploads\/2023\/06\/bebe-concert-orchestre-lamoureux.jpg",770,405,false],"1536x1536":["https:\/\/www.familinparis.fr\/wp-content\/uploads\/2023\/06\/bebe-concert-orchestre-lamoureux.jpg",1024,539,false],"2048x2048":["https:\/\/www.familinparis.fr\/wp-content\/uploads\/2023\/06\/bebe-concert-orchestre-lamoureux.jpg",1024,539,false],"home-thumb":["https:\/\/www.familinparis.fr\/wp-content\/uploads\/2023\/06\/bebe-concert-orchestre-lamoureux-730x384.jpg",730,384,true],"home-slider":["https:\/\/www.familinparis.fr\/wp-content\/uploads\/2023\/06\/bebe-concert-orchestre-lamoureux-800x539.jpg",800,539,true],"lightbox-slider-size":["https:\/\/www.familinparis.fr\/wp-content\/uploads\/2023\/06\/bebe-concert-orchestre-lamoureux-564x282.jpg",564,282,true],"post-thumbnail":["https:\/\/www.familinparis.fr\/wp-content\/uploads\/2023\/06\/bebe-concert-orchestre-lamoureux-270x180.jpg",270,180,true],"cheerup-main":["https:\/\/www.familinparis.fr\/wp-content\/uploads\/2023\/06\/bebe-concert-orchestre-lamoureux-770x400.jpg",770,400,true],"cheerup-main-full":["https:\/\/www.familinparis.fr\/wp-content\/uploads\/2023\/06\/bebe-concert-orchestre-lamoureux-1024x508.jpg",1024,508,true],"cheerup-slider-alt":["https:\/\/www.familinparis.fr\/wp-content\/uploads\/2023\/06\/bebe-concert-orchestre-lamoureux-1024x508.jpg",1024,508,true],"cheerup-slider-trendy":["https:\/\/www.familinparis.fr\/wp-content\/uploads\/2023\/06\/bebe-concert-orchestre-lamoureux-960x508.jpg",960,508,true],"cheerup-slider-stylish":["https:\/\/www.familinparis.fr\/wp-content\/uploads\/2023\/06\/bebe-concert-orchestre-lamoureux-900x515.jpg",900,515,true],"cheerup-slider-grid":["https:\/\/www.familinparis.fr\/wp-content\/uploads\/2023\/06\/bebe-concert-orchestre-lamoureux-870x539.jpg",870,539,true],"cheerup-slider-grid-sm":["https:\/\/www.familinparis.fr\/wp-content\/uploads\/2023\/06\/bebe-concert-orchestre-lamoureux-300x300.jpg",300,300,true],"cheerup-slider-carousel":["https:\/\/www.familinparis.fr\/wp-content\/uploads\/2023\/06\/bebe-concert-orchestre-lamoureux-370x370.jpg",370,370,true],"cheerup-slider-grid-b":["https:\/\/www.familinparis.fr\/wp-content\/uploads\/2023\/06\/bebe-concert-orchestre-lamoureux-554x466.jpg",554,466,true],"cheerup-slider-grid-b-sm":["https:\/\/www.familinparis.fr\/wp-content\/uploads\/2023\/06\/bebe-concert-orchestre-lamoureux-306x466.jpg",306,466,true],"cheerup-slider-bold-sm":["https:\/\/www.familinparis.fr\/wp-content\/uploads\/2023\/06\/bebe-concert-orchestre-lamoureux-150x150.jpg",150,150,true],"cheerup-grid":["https:\/\/www.familinparis.fr\/wp-content\/uploads\/2023\/06\/bebe-concert-orchestre-lamoureux-370x285.jpg",370,285,true],"cheerup-carousel":["https:\/\/www.familinparis.fr\/wp-content\/uploads\/2023\/06\/bebe-concert-orchestre-lamoureux-270x180.jpg",270,180,true],"cheerup-carousel-b":["https:\/\/www.familinparis.fr\/wp-content\/uploads\/2023\/06\/bebe-concert-orchestre-lamoureux-370x285.jpg",370,285,true],"cheerup-list":["https:\/\/www.familinparis.fr\/wp-content\/uploads\/2023\/06\/bebe-concert-orchestre-lamoureux-260x200.jpg",260,200,true],"cheerup-list-b":["https:\/\/www.familinparis.fr\/wp-content\/uploads\/2023\/06\/bebe-concert-orchestre-lamoureux-370x305.jpg",370,305,true],"cheerup-thumb":["https:\/\/www.familinparis.fr\/wp-content\/uploads\/2023\/06\/bebe-concert-orchestre-lamoureux-87x67.jpg",87,67,true],"cheerup-thumb-alt":["https:\/\/www.familinparis.fr\/wp-content\/uploads\/2023\/06\/bebe-concert-orchestre-lamoureux-150x150.jpg",150,150,true]},"uagb_author_info":{"display_name":"olivia","author_link":"https:\/\/www.familinparis.fr\/en\/author\/olivia\/"},"uagb_comment_info":0,"uagb_excerpt":"Classical concerts designed for 0 to 5 year olds \u2014 One weekend per month","_links":{"self":[{"href":"https:\/\/www.familinparis.fr\/en\/wp-json\/wp\/v2\/posts\/134500","targetHints":{"allow":["GET"]}}],"collection":[{"href":"https:\/\/www.familinparis.fr\/en\/wp-json\/wp\/v2\/posts"}],"about":[{"href":"https:\/\/www.familinparis.fr\/en\/wp-json\/wp\/v2\/types\/post"}],"author":[{"embeddable":true,"href":"https:\/\/www.familinparis.fr\/en\/wp-json\/wp\/v2\/users\/5"}],"replies":[{"embeddable":true,"href":"https:\/\/www.familinparis.fr\/en\/wp-json\/wp\/v2\/comments?post=134500"}],"version-history":[{"count":0,"href":"https:\/\/www.familinparis.fr\/en\/wp-json\/wp\/v2\/posts\/134500\/revisions"}],"wp:featuredmedia":[{"embeddable":true,"href":"https:\/\/www.familinparis.fr\/en\/wp-json\/wp\/v2\/media\/132148"}],"wp:attachment":[{"href":"https:\/\/www.familinparis.fr\/en\/wp-json\/wp\/v2\/media?parent=134500"}],"wp:term":[{"taxonomy":"category","embeddable":true,"href":"https:\/\/www.familinparis.fr\/en\/wp-json\/wp\/v2\/categories?post=134500"},{"taxonomy":"post_tag","embeddable":true,"href":"https:\/\/www.familinparis.fr\/en\/wp-json\/wp\/v2\/tags?post=134500"}],"curies":[{"name":"wp","href":"https:\/\/api.w.org\/{rel}","templated":true}]}}