{"id":134432,"date":"2024-04-22T08:47:59","date_gmt":"2024-04-22T06:47:59","guid":{"rendered":"https:\/\/www.familinparis.fr\/the-dead-poets-circle\/"},"modified":"2024-11-18T15:29:38","modified_gmt":"2024-11-18T13:29:38","slug":"the-dead-poets-circle","status":"publish","type":"post","link":"https:\/\/www.familinparis.fr\/en\/the-dead-poets-circle\/","title":{"rendered":"The Dead Poets Circle"},"content":{"rendered":"<div class=\"lazyblock-baseline-PZefdw wp-block-lazyblock-baseline\"><div class=\"baseline\">-Theatre-<\/div><\/div><div class=\"lazyblock-infos-pratiques-cEmRMk wp-block-lazyblock-infos-pratiques\"><div class=\"read-more go-to\" data-goto=\"infos-sup\">\n  <a href=\"#\">\n    <span class=\"rien\">\n      <i class=\"fa fa-map-marker\"><\/i> See practical information    <\/span>\n  <\/a>\n<\/div><\/div>\n<section class=\"wp-block-uagb-section uagb-section__wrap uagb-section__background-color uagb-block-59f70fce\"><div class=\"uagb-section__overlay\"><\/div><div class=\"uagb-section__inner-wrap\">\n<div class=\"wp-block-columns is-layout-flex wp-container-core-columns-is-layout-9d6595d7 wp-block-columns-is-layout-flex\">\n<div class=\"wp-block-column is-layout-flow wp-block-column-is-layout-flow\" style=\"flex-basis:66.66%\">\n<ul class=\"wp-block-list\">\n<li><strong>WE LIKE<\/strong> : this theatrical adaptation of the cult film that marked an entire generation &#8211; A nice surprise!<\/li>\n\n\n\n<li><strong>AGE:<\/strong> from 11 years old<\/li>\n\n\n\n<li><strong style=\"color: initial\">DATE <\/strong>: until December 29,<span style=\"color: initial\"> <\/span>2024<\/li>\n\n\n\n<li><strong>DURATION: <\/strong>1h30<\/li>\n\n\n\n<li><strong>PLACE:<\/strong> Th\u00e9\u00e2tre Libre (Paris 10th)<\/li>\n<\/ul>\n\n\n\n<div class=\"wp-block-buttons is-horizontal is-content-justification-center is-layout-flex wp-container-core-buttons-is-layout-499968f5 wp-block-buttons-is-layout-flex\">\n<div class=\"wp-block-button m-b-30\"><a class=\"wp-block-button__link has-white-color has-text-color has-background wp-element-button\" href=\"https:\/\/tracking.publicidees.com\/clic.php?progid=2986&amp;partid=39280&amp;dpl=https%3A%2F%2Fwww.ticketac.com%2Fspectacles%2Fle-cercle-des-poetes-disparus\" style=\"border-radius:10px;background-color:#fa395f\" target=\"_blank\" rel=\"noreferrer noopener nofollow\">I BOOK MY TICKETS<\/a><\/div>\n<\/div>\n\n\n\n<h2 class=\"wp-block-heading\"><em><strong>&#8220;<\/strong><\/em>The Dead Poets Circle&#8221;: for the 1st time in the theatre &#8211; A great success!  <\/h2>\n\n\n\n<ul class=\"wp-block-list\">\n<li>The story takes place in a boarding school for boys whose motto is: tradition, honor, discipline.  <\/li>\n\n\n\n<li>Everything changes with the arrival of a new literature teacher who opens up new horizons and shakes up conventions, to make young students discover the true meaning of life&#8230;<\/li>\n\n\n\n<li>Directed by Olivier Soliv\u00e9r\u00e8s (whose shows for young people we love) and with St\u00e9phane Freiss in the lead, in the role of the charismatic and iconoclastic professor<\/li>\n\n\n\n<li><strong>The Dead Poets Society is nominated in 6 different categories at the<\/strong> <strong>2024<\/strong> Moli\u00e8res, including Best Actor for St\u00e9phane Freiss and Best Director for Olivier Soliv\u00e9r\u00e8s<\/li>\n\n\n\n<li><strong>A strong piece that will appeal to children (from 11 years old) as well as teenagers<\/strong><\/li>\n\n\n\n<li>A 1h30 show<\/li>\n<\/ul>\n<\/div>\n\n\n\n<div class=\"wp-block-column is-layout-flow wp-block-column-is-layout-flow\" style=\"flex-basis:33.33%\">\n<figure class=\"wp-block-image size-full\"><img decoding=\"async\" width=\"700\" height=\"1050\" src=\"https:\/\/www.familinparis.fr\/wp-content\/uploads\/THEATRE\/Ados\/cercle-des-poetes-disparus.jpg\" alt=\"The Dead Poets Circle\" class=\"wp-image-116653\" srcset=\"https:\/\/www.familinparis.fr\/wp-content\/uploads\/THEATRE\/Ados\/cercle-des-poetes-disparus.jpg 700w, https:\/\/www.familinparis.fr\/wp-content\/uploads\/THEATRE\/Ados\/cercle-des-poetes-disparus-200x300.jpg 200w, https:\/\/www.familinparis.fr\/wp-content\/uploads\/THEATRE\/Ados\/cercle-des-poetes-disparus-683x1024.jpg 683w, https:\/\/www.familinparis.fr\/wp-content\/uploads\/THEATRE\/Ados\/cercle-des-poetes-disparus-8x12.jpg 8w, https:\/\/www.familinparis.fr\/wp-content\/uploads\/THEATRE\/Ados\/cercle-des-poetes-disparus-487x730.jpg 487w\" sizes=\"(max-width: 700px) 100vw, 700px\" \/><\/figure>\n\n\n\n<div style=\"height:24px\" aria-hidden=\"true\" class=\"wp-block-spacer\"><\/div>\n<\/div>\n<\/div>\n\n\n\n<hr class=\"wp-block-separator has-alpha-channel-opacity\"\/>\n\n\n\n<h2 class=\"wp-block-heading\">La Presse talks about it&#8230;<\/h2>\n\n\n\n<ul class=\"wp-block-list\">\n<li><strong>Le Figaro<\/strong> : &#8220;<em>Rare. Jubilant. All generations are there to applaud Mr. Keating. St\u00e9phane Freiss seduces with his casualness. He played wonderfully this non-conformism to which his flock would later pay tribute. He doesn&#8217;t just bewitch his class, he also embraces the audience. The gamble paid off.      <\/em>&#8220;<\/li>\n\n\n\n<li><strong>Le Parisien <\/strong>: &#8220;<em>Sublime. Magic. Wonderful. A high-flying theatrical whirlwind. The actors are breathtaking in their energy and talent. At the end of the first performances, the audience jumps to its feet to applaud this jewel at the top of its lungs     <\/em>.&#8221;<\/li>\n\n\n\n<li><strong>Le Monde<\/strong> : &#8220;<em>Faithful adaptation by G\u00e9rald Sibleyras, and direction both fluid and spirited by Olivier Soliv\u00e9r\u00e8s. Emotion catches us. The cult scenes of the film brilliantly pass the ramp of the theatrical adaptation. Both excited and overwhelmed, the audience applauded wildly and gave a standing ovation to this exhilarating ode to the urgency of living   <\/em>.&#8221;<\/li>\n\n\n\n<li><strong>T\u00e9l\u00e9rama<\/strong> : &#8220;<em>Lively, seductive, brilliant, St\u00e9phane Freiss exudes his charisma on stage. His students also have a sense of humour and talent. Triumph in the room for this magical, funny and sad story  <\/em>&#8220;<\/li>\n<\/ul>\n<\/div><\/section>\n\n<div style=\"height:32px\" aria-hidden=\"true\" class=\"wp-block-spacer\"><\/div>\n\n<figure class=\"wp-block-embed is-type-video is-provider-youtube wp-block-embed-youtube wp-embed-aspect-16-9 wp-has-aspect-ratio\"><div class=\"wp-block-embed__wrapper\">\nhttps:\/\/www.youtube.com\/watch?v=EBWVFGpks-Y\n<\/div><\/figure>\n\n<div style=\"height:40px\" aria-hidden=\"true\" class=\"wp-block-spacer\"><\/div>\n<div class=\"lazyblock-grids-Z1kPbJe wp-block-lazyblock-grids\"><div class=\"row new-grids grids-style-2\">\n        <div class=\"col-12 grid-title\">\n        <h2 class=\"c-blue\">Other family shows<\/h2>\n\n            <\/div>\n        \n    <div class=\"col-12 grids columns-4\">\n        \n\n<div class=\"grid\">\n\t<a href=\"https:\/\/www.familinparis.fr\/en\/magic-workshop-for-6-8-year-olds\/\" target=\"_self\">\n\t    <div class=\"image\" style=\"background-image:url('https:\/\/www.familinparis.fr\/wp-content\/uploads\/photos-partenaires\/musee-de-la-magie-paris-564x282.jpg')\">\n\t    \t\t    \t<div class=\"dateOnImg\">School holidays + public holidays<\/div>\n\t    \t\t\t\t\t    <\/div>\n\t    <div class=\"texte\">\n\t        <h5>Museum of Magic and Automata (Paris 4th)<\/h5>\n\t        <h3>Magic Workshop for 6-8 year olds<\/h3>\n\t        <div class=\"tags\">\n\t        \t\t        \t\t<span>6 &#8211; 8 years old<\/span>\n\t        \t\t        \t<span>2h30<\/span>\n\t        <\/div>\n\t        <div class=\"bas\">\n        \t\t<div class=\"prix\">\n        \t\t\t        \t\t<\/div>\n            \t<div class=\"review-stars\" data-productId=\"67\">\n            \t<\/div>\n\t        <\/div>\n\t    <\/div>\n\t<\/a>\n<\/div>\n\n<div class=\"grid\">\n\t<a href=\"https:\/\/www.familinparis.fr\/en\/ballet-of-lights-cendrillon-we-call-it-ballet-paris\/\" target=\"_self\">\n\t    <div class=\"image\" style=\"background-image:url('https:\/\/www.familinparis.fr\/wp-content\/uploads\/2026\/04\/ballet-of-lights-cendrillon-564x282.jpg')\">\n\t    \t\t    \t<div class=\"dateOnImg\">1 samedi par mois<\/div>\n\t    \t\t\t\t\t\t\t\t<div class=\"rond-blanc-age\"><span>from <span class=\"age-number\">5<\/span> yo<\/span><\/div>\n\t\t\t\t    <\/div>\n\t    <div class=\"texte\">\n\t        <h5>A la Scala (10\u00e8me)<\/h5>\n\t        <h3>Cinderella &#8211; Ballet of Lights<\/h3>\n\t        <div class=\"tags\">\n\t        \t\t        \t\t<span>BALLET F\u00c9ERIQUE<\/span>\n\t        \t\t        \t<span>1h<\/span>\n\t        <\/div>\n\t        <div class=\"bas\">\n        \t\t<div class=\"prix\">\n        \t\t\t        \t\t<\/div>\n            \t<div class=\"review-stars\" data-productId=\"\">\n            \t<\/div>\n\t        <\/div>\n\t    <\/div>\n\t<\/a>\n<\/div>\n\n<div class=\"grid\">\n\t<a href=\"https:\/\/www.familinparis.fr\/en\/magic-course-for-8-12-year-olds\/\" target=\"_self\">\n\t    <div class=\"image\" style=\"background-image:url('https:\/\/www.familinparis.fr\/wp-content\/uploads\/2023\/01\/museedesautomates-\u00a9museedelamagie-564x282.jpg')\">\n\t    \t\t    \t<div class=\"dateOnImg\">School holidays &#8211; Afternoon<\/div>\n\t    \t\t\t\t\t    <\/div>\n\t    <div class=\"texte\">\n\t        <h5>At the Museum of Magic and Automata<\/h5>\n\t        <h3>Magic course for 8-12 year olds<\/h3>\n\t        <div class=\"tags\">\n\t        \t\t        \t\t<span>  8 &#8211; 12 years old<\/span>\n\t        \t\t        \t<span>3 hours<\/span>\n\t        <\/div>\n\t        <div class=\"bas\">\n        \t\t<div class=\"prix\">\n        \t\t\t        \t\t<\/div>\n            \t<div class=\"review-stars\" data-productId=\"103\">\n            \t<\/div>\n\t        <\/div>\n\t    <\/div>\n\t<\/a>\n<\/div>\n\n<div class=\"grid\">\n\t<a href=\"https:\/\/www.familinparis.fr\/en\/les-grandes-eaux-musicales\/\" target=\"_self\">\n\t    <div class=\"image\" style=\"background-image:url('https:\/\/www.familinparis.fr\/wp-content\/uploads\/Chateaux\/Versailles\/Versailles-fontaines-PLD-564x282.jpg')\">\n\t    \t\t    \t<div class=\"dateOnImg\">Until November 1, 2026<\/div>\n\t    \t\t\t\t\t    <\/div>\n\t    <div class=\"texte\">\n\t        <h5>Palace of Versailles Park (78)<\/h5>\n\t        <h3>The Musical Fountains Show<\/h3>\n\t        <div class=\"tags\">\n\t        \t\t        \t\t<span>Park<\/span>\n\t        \t\t        \t<span>Min 2 hours<\/span>\n\t        <\/div>\n\t        <div class=\"bas\">\n        \t\t<div class=\"prix\">\n        \t\t\t        \t\t<\/div>\n            \t<div class=\"review-stars\" data-productId=\"\">\n            \t<\/div>\n\t        <\/div>\n\t    <\/div>\n\t<\/a>\n<\/div>    <\/div>\n\n            <div class=\"col-12 t-center m-b-20\">\n            <div class=\"labels__fam\">\n                                    <a href=\"\/piece-de-theatre-pour-ado\/\" class=\"labels__fam-color-secondary labels__fam-radius-rounded\">\n                        Theatre with teenagers                    <\/a>\n                                    <a href=\"\/concerts-enfant-paris\/\" class=\"labels__fam-color-secondary labels__fam-radius-rounded\">\n                        The best concerts for young audiences                    <\/a>\n                            <\/div>\n        <\/div>\n    \n    \n\n<\/div>\n<\/div>\n<div style=\"height:66px\" aria-hidden=\"true\" class=\"wp-block-spacer\"><\/div>\n","protected":false},"excerpt":{"rendered":"<p>Until May 26, 2024<\/p>\n","protected":false},"author":5,"featured_media":132941,"comment_status":"open","ping_status":"open","sticky":false,"template":"","format":"standard","meta":{"_uag_custom_page_level_css":"","footnotes":""},"categories":[1310,1356],"tags":[446,1206,1212,1228,1217],"class_list":{"0":"post-134432","1":"post","2":"type-post","3":"status-publish","4":"format-standard","5":"has-post-thumbnail","7":"category-shows","8":"category-theater","9":"tag-8-mai","10":"tag-for-teens","11":"tag-may-1","12":"tag-may-8","13":"tag-pentecost"},"yoast_head":"<!-- This site is optimized with the Yoast SEO plugin v27.2 - https:\/\/yoast.com\/product\/yoast-seo-wordpress\/ -->\n<title>The Dead Poets Society: Theatrical adaptation of the cult film<\/title>\n<meta name=\"description\" content=\"Very successful adaptation of the film &quot;The Dead Poets Society&quot; \u2014 Family show, ideal from 11 years old \u2014 At the Th\u00e9\u00e2tre Libre (Paris 11th)\" \/>\n<meta name=\"robots\" content=\"index, follow, max-snippet:-1, max-image-preview:large, max-video-preview:-1\" \/>\n<link rel=\"canonical\" href=\"https:\/\/www.familinparis.fr\/en\/the-dead-poets-circle\/\" \/>\n<meta property=\"og:locale\" content=\"en_US\" \/>\n<meta property=\"og:type\" content=\"article\" \/>\n<meta property=\"og:title\" content=\"The Dead Poets Society: Theatrical adaptation of the cult film\" \/>\n<meta property=\"og:description\" content=\"Very successful adaptation of the film &quot;The Dead Poets Society&quot; \u2014 Family show, ideal from 11 years old \u2014 At the Th\u00e9\u00e2tre Libre (Paris 11th)\" \/>\n<meta property=\"og:url\" content=\"https:\/\/www.familinparis.fr\/en\/the-dead-poets-circle\/\" \/>\n<meta property=\"og:site_name\" content=\"Familin&#039;Paris\" \/>\n<meta property=\"article:published_time\" content=\"2024-04-22T06:47:59+00:00\" \/>\n<meta property=\"article:modified_time\" content=\"2024-11-18T13:29:38+00:00\" \/>\n<meta property=\"og:image\" content=\"https:\/\/www.familinparis.fr\/wp-content\/uploads\/THEATRE\/Ados\/cercle-des-poetes-disparus.jpg\" \/>\n\t<meta property=\"og:image:width\" content=\"700\" \/>\n\t<meta property=\"og:image:height\" content=\"1050\" \/>\n\t<meta property=\"og:image:type\" content=\"image\/jpeg\" \/>\n<meta name=\"author\" content=\"olivia\" \/>\n<meta name=\"twitter:card\" content=\"summary_large_image\" \/>\n<meta name=\"twitter:label1\" content=\"Written by\" \/>\n\t<meta name=\"twitter:data1\" content=\"olivia\" \/>\n\t<meta name=\"twitter:label2\" content=\"Est. reading time\" \/>\n\t<meta name=\"twitter:data2\" content=\"2 minutes\" \/>\n<script type=\"application\/ld+json\" class=\"yoast-schema-graph\">{\"@context\":\"https:\/\/schema.org\",\"@graph\":[{\"@type\":\"Article\",\"@id\":\"https:\/\/www.familinparis.fr\/en\/the-dead-poets-circle\/#article\",\"isPartOf\":{\"@id\":\"https:\/\/www.familinparis.fr\/en\/the-dead-poets-circle\/\"},\"author\":{\"name\":\"olivia\",\"@id\":\"https:\/\/www.familinparis.fr\/en\/#\/schema\/person\/a87467bb417cd0c77d0a7bb5d1d78ac5\"},\"headline\":\"The Dead Poets Circle\",\"datePublished\":\"2024-04-22T06:47:59+00:00\",\"dateModified\":\"2024-11-18T13:29:38+00:00\",\"mainEntityOfPage\":{\"@id\":\"https:\/\/www.familinparis.fr\/en\/the-dead-poets-circle\/\"},\"wordCount\":371,\"commentCount\":0,\"image\":{\"@id\":\"https:\/\/www.familinparis.fr\/en\/the-dead-poets-circle\/#primaryimage\"},\"thumbnailUrl\":\"https:\/\/www.familinparis.fr\/wp-content\/uploads\/THEATRE\/Ados\/cercle-des-poetes-disparus.jpg\",\"keywords\":[\"8 mai\",\"For teens\",\"May 1\",\"May 8\",\"Pentecost\"],\"articleSection\":[\"Shows\",\"Theater\"],\"inLanguage\":\"en-US\",\"potentialAction\":[{\"@type\":\"CommentAction\",\"name\":\"Comment\",\"target\":[\"https:\/\/www.familinparis.fr\/en\/the-dead-poets-circle\/#respond\"]}]},{\"@type\":\"WebPage\",\"@id\":\"https:\/\/www.familinparis.fr\/en\/the-dead-poets-circle\/\",\"url\":\"https:\/\/www.familinparis.fr\/en\/the-dead-poets-circle\/\",\"name\":\"The Dead Poets Society: Theatrical adaptation of the cult film\",\"isPartOf\":{\"@id\":\"https:\/\/www.familinparis.fr\/en\/#website\"},\"primaryImageOfPage\":{\"@id\":\"https:\/\/www.familinparis.fr\/en\/the-dead-poets-circle\/#primaryimage\"},\"image\":{\"@id\":\"https:\/\/www.familinparis.fr\/en\/the-dead-poets-circle\/#primaryimage\"},\"thumbnailUrl\":\"https:\/\/www.familinparis.fr\/wp-content\/uploads\/THEATRE\/Ados\/cercle-des-poetes-disparus.jpg\",\"datePublished\":\"2024-04-22T06:47:59+00:00\",\"dateModified\":\"2024-11-18T13:29:38+00:00\",\"author\":{\"@id\":\"https:\/\/www.familinparis.fr\/en\/#\/schema\/person\/a87467bb417cd0c77d0a7bb5d1d78ac5\"},\"description\":\"Very successful adaptation of the film \\\"The Dead Poets Society\\\" \u2014 Family show, ideal from 11 years old \u2014 At the Th\u00e9\u00e2tre Libre (Paris 11th)\",\"breadcrumb\":{\"@id\":\"https:\/\/www.familinparis.fr\/en\/the-dead-poets-circle\/#breadcrumb\"},\"inLanguage\":\"en-US\",\"potentialAction\":[{\"@type\":\"ReadAction\",\"target\":[\"https:\/\/www.familinparis.fr\/en\/the-dead-poets-circle\/\"]}]},{\"@type\":\"ImageObject\",\"inLanguage\":\"en-US\",\"@id\":\"https:\/\/www.familinparis.fr\/en\/the-dead-poets-circle\/#primaryimage\",\"url\":\"https:\/\/www.familinparis.fr\/wp-content\/uploads\/THEATRE\/Ados\/cercle-des-poetes-disparus.jpg\",\"contentUrl\":\"https:\/\/www.familinparis.fr\/wp-content\/uploads\/THEATRE\/Ados\/cercle-des-poetes-disparus.jpg\",\"width\":700,\"height\":1050},{\"@type\":\"BreadcrumbList\",\"@id\":\"https:\/\/www.familinparis.fr\/en\/the-dead-poets-circle\/#breadcrumb\",\"itemListElement\":[{\"@type\":\"ListItem\",\"position\":1,\"name\":\"Home\",\"item\":\"https:\/\/www.familinparis.fr\/en\/\"},{\"@type\":\"ListItem\",\"position\":2,\"name\":\"Shows\",\"item\":\"https:\/\/www.familinparis.fr\/en\/categorie\/shows\/\"},{\"@type\":\"ListItem\",\"position\":3,\"name\":\"Theater\",\"item\":\"https:\/\/www.familinparis.fr\/en\/categorie\/shows\/theater\/\"},{\"@type\":\"ListItem\",\"position\":4,\"name\":\"The Dead Poets Circle\"}]},{\"@type\":\"WebSite\",\"@id\":\"https:\/\/www.familinparis.fr\/en\/#website\",\"url\":\"https:\/\/www.familinparis.fr\/en\/\",\"name\":\"Familin&#039;Paris\",\"description\":\"Visiter le meilleur de Paris avec des enfants : sorties, spectacles, adresses de restaurants, shopping, bons plans...\",\"potentialAction\":[{\"@type\":\"SearchAction\",\"target\":{\"@type\":\"EntryPoint\",\"urlTemplate\":\"https:\/\/www.familinparis.fr\/en\/?s={search_term_string}\"},\"query-input\":{\"@type\":\"PropertyValueSpecification\",\"valueRequired\":true,\"valueName\":\"search_term_string\"}}],\"inLanguage\":\"en-US\"},{\"@type\":\"Person\",\"@id\":\"https:\/\/www.familinparis.fr\/en\/#\/schema\/person\/a87467bb417cd0c77d0a7bb5d1d78ac5\",\"name\":\"olivia\",\"image\":{\"@type\":\"ImageObject\",\"inLanguage\":\"en-US\",\"@id\":\"https:\/\/secure.gravatar.com\/avatar\/cbca07f1dfea20f457a666a1b84ed5cf1364773d1378c6f10fd36c354eef1ef8?s=96&d=identicon&r=g\",\"url\":\"https:\/\/secure.gravatar.com\/avatar\/cbca07f1dfea20f457a666a1b84ed5cf1364773d1378c6f10fd36c354eef1ef8?s=96&d=identicon&r=g\",\"contentUrl\":\"https:\/\/secure.gravatar.com\/avatar\/cbca07f1dfea20f457a666a1b84ed5cf1364773d1378c6f10fd36c354eef1ef8?s=96&d=identicon&r=g\",\"caption\":\"olivia\"}}]}<\/script>\n<!-- \/ Yoast SEO plugin. -->","yoast_head_json":{"title":"The Dead Poets Society: Theatrical adaptation of the cult film","description":"Very successful adaptation of the film \"The Dead Poets Society\" \u2014 Family show, ideal from 11 years old \u2014 At the Th\u00e9\u00e2tre Libre (Paris 11th)","robots":{"index":"index","follow":"follow","max-snippet":"max-snippet:-1","max-image-preview":"max-image-preview:large","max-video-preview":"max-video-preview:-1"},"canonical":"https:\/\/www.familinparis.fr\/en\/the-dead-poets-circle\/","og_locale":"en_US","og_type":"article","og_title":"The Dead Poets Society: Theatrical adaptation of the cult film","og_description":"Very successful adaptation of the film \"The Dead Poets Society\" \u2014 Family show, ideal from 11 years old \u2014 At the Th\u00e9\u00e2tre Libre (Paris 11th)","og_url":"https:\/\/www.familinparis.fr\/en\/the-dead-poets-circle\/","og_site_name":"Familin&#039;Paris","article_published_time":"2024-04-22T06:47:59+00:00","article_modified_time":"2024-11-18T13:29:38+00:00","og_image":[{"width":700,"height":1050,"url":"https:\/\/www.familinparis.fr\/wp-content\/uploads\/THEATRE\/Ados\/cercle-des-poetes-disparus.jpg","type":"image\/jpeg"}],"author":"olivia","twitter_card":"summary_large_image","twitter_misc":{"Written by":"olivia","Est. reading time":"2 minutes"},"schema":{"@context":"https:\/\/schema.org","@graph":[{"@type":"Article","@id":"https:\/\/www.familinparis.fr\/en\/the-dead-poets-circle\/#article","isPartOf":{"@id":"https:\/\/www.familinparis.fr\/en\/the-dead-poets-circle\/"},"author":{"name":"olivia","@id":"https:\/\/www.familinparis.fr\/en\/#\/schema\/person\/a87467bb417cd0c77d0a7bb5d1d78ac5"},"headline":"The Dead Poets Circle","datePublished":"2024-04-22T06:47:59+00:00","dateModified":"2024-11-18T13:29:38+00:00","mainEntityOfPage":{"@id":"https:\/\/www.familinparis.fr\/en\/the-dead-poets-circle\/"},"wordCount":371,"commentCount":0,"image":{"@id":"https:\/\/www.familinparis.fr\/en\/the-dead-poets-circle\/#primaryimage"},"thumbnailUrl":"https:\/\/www.familinparis.fr\/wp-content\/uploads\/THEATRE\/Ados\/cercle-des-poetes-disparus.jpg","keywords":["8 mai","For teens","May 1","May 8","Pentecost"],"articleSection":["Shows","Theater"],"inLanguage":"en-US","potentialAction":[{"@type":"CommentAction","name":"Comment","target":["https:\/\/www.familinparis.fr\/en\/the-dead-poets-circle\/#respond"]}]},{"@type":"WebPage","@id":"https:\/\/www.familinparis.fr\/en\/the-dead-poets-circle\/","url":"https:\/\/www.familinparis.fr\/en\/the-dead-poets-circle\/","name":"The Dead Poets Society: Theatrical adaptation of the cult film","isPartOf":{"@id":"https:\/\/www.familinparis.fr\/en\/#website"},"primaryImageOfPage":{"@id":"https:\/\/www.familinparis.fr\/en\/the-dead-poets-circle\/#primaryimage"},"image":{"@id":"https:\/\/www.familinparis.fr\/en\/the-dead-poets-circle\/#primaryimage"},"thumbnailUrl":"https:\/\/www.familinparis.fr\/wp-content\/uploads\/THEATRE\/Ados\/cercle-des-poetes-disparus.jpg","datePublished":"2024-04-22T06:47:59+00:00","dateModified":"2024-11-18T13:29:38+00:00","author":{"@id":"https:\/\/www.familinparis.fr\/en\/#\/schema\/person\/a87467bb417cd0c77d0a7bb5d1d78ac5"},"description":"Very successful adaptation of the film \"The Dead Poets Society\" \u2014 Family show, ideal from 11 years old \u2014 At the Th\u00e9\u00e2tre Libre (Paris 11th)","breadcrumb":{"@id":"https:\/\/www.familinparis.fr\/en\/the-dead-poets-circle\/#breadcrumb"},"inLanguage":"en-US","potentialAction":[{"@type":"ReadAction","target":["https:\/\/www.familinparis.fr\/en\/the-dead-poets-circle\/"]}]},{"@type":"ImageObject","inLanguage":"en-US","@id":"https:\/\/www.familinparis.fr\/en\/the-dead-poets-circle\/#primaryimage","url":"https:\/\/www.familinparis.fr\/wp-content\/uploads\/THEATRE\/Ados\/cercle-des-poetes-disparus.jpg","contentUrl":"https:\/\/www.familinparis.fr\/wp-content\/uploads\/THEATRE\/Ados\/cercle-des-poetes-disparus.jpg","width":700,"height":1050},{"@type":"BreadcrumbList","@id":"https:\/\/www.familinparis.fr\/en\/the-dead-poets-circle\/#breadcrumb","itemListElement":[{"@type":"ListItem","position":1,"name":"Home","item":"https:\/\/www.familinparis.fr\/en\/"},{"@type":"ListItem","position":2,"name":"Shows","item":"https:\/\/www.familinparis.fr\/en\/categorie\/shows\/"},{"@type":"ListItem","position":3,"name":"Theater","item":"https:\/\/www.familinparis.fr\/en\/categorie\/shows\/theater\/"},{"@type":"ListItem","position":4,"name":"The Dead Poets Circle"}]},{"@type":"WebSite","@id":"https:\/\/www.familinparis.fr\/en\/#website","url":"https:\/\/www.familinparis.fr\/en\/","name":"Familin&#039;Paris","description":"Visiter le meilleur de Paris avec des enfants : sorties, spectacles, adresses de restaurants, shopping, bons plans...","potentialAction":[{"@type":"SearchAction","target":{"@type":"EntryPoint","urlTemplate":"https:\/\/www.familinparis.fr\/en\/?s={search_term_string}"},"query-input":{"@type":"PropertyValueSpecification","valueRequired":true,"valueName":"search_term_string"}}],"inLanguage":"en-US"},{"@type":"Person","@id":"https:\/\/www.familinparis.fr\/en\/#\/schema\/person\/a87467bb417cd0c77d0a7bb5d1d78ac5","name":"olivia","image":{"@type":"ImageObject","inLanguage":"en-US","@id":"https:\/\/secure.gravatar.com\/avatar\/cbca07f1dfea20f457a666a1b84ed5cf1364773d1378c6f10fd36c354eef1ef8?s=96&d=identicon&r=g","url":"https:\/\/secure.gravatar.com\/avatar\/cbca07f1dfea20f457a666a1b84ed5cf1364773d1378c6f10fd36c354eef1ef8?s=96&d=identicon&r=g","contentUrl":"https:\/\/secure.gravatar.com\/avatar\/cbca07f1dfea20f457a666a1b84ed5cf1364773d1378c6f10fd36c354eef1ef8?s=96&d=identicon&r=g","caption":"olivia"}}]}},"uagb_featured_image_src":{"full":["https:\/\/www.familinparis.fr\/wp-content\/uploads\/THEATRE\/Ados\/cercle-des-poetes-disparus.jpg",700,1050,false],"thumbnail":["https:\/\/www.familinparis.fr\/wp-content\/uploads\/THEATRE\/Ados\/cercle-des-poetes-disparus-150x150.jpg",150,150,true],"medium":["https:\/\/www.familinparis.fr\/wp-content\/uploads\/THEATRE\/Ados\/cercle-des-poetes-disparus-200x300.jpg",200,300,true],"medium_large":["https:\/\/www.familinparis.fr\/wp-content\/uploads\/THEATRE\/Ados\/cercle-des-poetes-disparus.jpg",700,1050,false],"large":["https:\/\/www.familinparis.fr\/wp-content\/uploads\/THEATRE\/Ados\/cercle-des-poetes-disparus-683x1024.jpg",683,1024,true],"1536x1536":["https:\/\/www.familinparis.fr\/wp-content\/uploads\/THEATRE\/Ados\/cercle-des-poetes-disparus.jpg",700,1050,false],"2048x2048":["https:\/\/www.familinparis.fr\/wp-content\/uploads\/THEATRE\/Ados\/cercle-des-poetes-disparus.jpg",700,1050,false],"home-thumb":["https:\/\/www.familinparis.fr\/wp-content\/uploads\/THEATRE\/Ados\/cercle-des-poetes-disparus-487x730.jpg",487,730,true],"home-slider":["https:\/\/www.familinparis.fr\/wp-content\/uploads\/THEATRE\/Ados\/cercle-des-poetes-disparus-700x600.jpg",700,600,true],"lightbox-slider-size":["https:\/\/www.familinparis.fr\/wp-content\/uploads\/THEATRE\/Ados\/cercle-des-poetes-disparus-564x282.jpg",564,282,true],"post-thumbnail":["https:\/\/www.familinparis.fr\/wp-content\/uploads\/THEATRE\/Ados\/cercle-des-poetes-disparus-270x180.jpg",270,180,true],"cheerup-main":["https:\/\/www.familinparis.fr\/wp-content\/uploads\/THEATRE\/Ados\/cercle-des-poetes-disparus-700x400.jpg",700,400,true],"cheerup-main-full":["https:\/\/www.familinparis.fr\/wp-content\/uploads\/THEATRE\/Ados\/cercle-des-poetes-disparus-700x508.jpg",700,508,true],"cheerup-slider-alt":["https:\/\/www.familinparis.fr\/wp-content\/uploads\/THEATRE\/Ados\/cercle-des-poetes-disparus-700x508.jpg",700,508,true],"cheerup-slider-trendy":["https:\/\/www.familinparis.fr\/wp-content\/uploads\/THEATRE\/Ados\/cercle-des-poetes-disparus-700x508.jpg",700,508,true],"cheerup-slider-stylish":["https:\/\/www.familinparis.fr\/wp-content\/uploads\/THEATRE\/Ados\/cercle-des-poetes-disparus-700x515.jpg",700,515,true],"cheerup-slider-grid":["https:\/\/www.familinparis.fr\/wp-content\/uploads\/THEATRE\/Ados\/cercle-des-poetes-disparus-700x600.jpg",700,600,true],"cheerup-slider-grid-sm":["https:\/\/www.familinparis.fr\/wp-content\/uploads\/THEATRE\/Ados\/cercle-des-poetes-disparus-300x300.jpg",300,300,true],"cheerup-slider-carousel":["https:\/\/www.familinparis.fr\/wp-content\/uploads\/THEATRE\/Ados\/cercle-des-poetes-disparus-370x370.jpg",370,370,true],"cheerup-slider-grid-b":["https:\/\/www.familinparis.fr\/wp-content\/uploads\/THEATRE\/Ados\/cercle-des-poetes-disparus-554x466.jpg",554,466,true],"cheerup-slider-grid-b-sm":["https:\/\/www.familinparis.fr\/wp-content\/uploads\/THEATRE\/Ados\/cercle-des-poetes-disparus-306x466.jpg",306,466,true],"cheerup-slider-bold-sm":["https:\/\/www.familinparis.fr\/wp-content\/uploads\/THEATRE\/Ados\/cercle-des-poetes-disparus-150x150.jpg",150,150,true],"cheerup-grid":["https:\/\/www.familinparis.fr\/wp-content\/uploads\/THEATRE\/Ados\/cercle-des-poetes-disparus-370x285.jpg",370,285,true],"cheerup-carousel":["https:\/\/www.familinparis.fr\/wp-content\/uploads\/THEATRE\/Ados\/cercle-des-poetes-disparus-270x180.jpg",270,180,true],"cheerup-carousel-b":["https:\/\/www.familinparis.fr\/wp-content\/uploads\/THEATRE\/Ados\/cercle-des-poetes-disparus-370x285.jpg",370,285,true],"cheerup-list":["https:\/\/www.familinparis.fr\/wp-content\/uploads\/THEATRE\/Ados\/cercle-des-poetes-disparus-260x200.jpg",260,200,true],"cheerup-list-b":["https:\/\/www.familinparis.fr\/wp-content\/uploads\/THEATRE\/Ados\/cercle-des-poetes-disparus-370x305.jpg",370,305,true],"cheerup-thumb":["https:\/\/www.familinparis.fr\/wp-content\/uploads\/THEATRE\/Ados\/cercle-des-poetes-disparus-87x67.jpg",87,67,true],"cheerup-thumb-alt":["https:\/\/www.familinparis.fr\/wp-content\/uploads\/THEATRE\/Ados\/cercle-des-poetes-disparus-150x150.jpg",150,150,true]},"uagb_author_info":{"display_name":"olivia","author_link":"https:\/\/www.familinparis.fr\/en\/author\/olivia\/"},"uagb_comment_info":0,"uagb_excerpt":"Until May 26, 2024","_links":{"self":[{"href":"https:\/\/www.familinparis.fr\/en\/wp-json\/wp\/v2\/posts\/134432","targetHints":{"allow":["GET"]}}],"collection":[{"href":"https:\/\/www.familinparis.fr\/en\/wp-json\/wp\/v2\/posts"}],"about":[{"href":"https:\/\/www.familinparis.fr\/en\/wp-json\/wp\/v2\/types\/post"}],"author":[{"embeddable":true,"href":"https:\/\/www.familinparis.fr\/en\/wp-json\/wp\/v2\/users\/5"}],"replies":[{"embeddable":true,"href":"https:\/\/www.familinparis.fr\/en\/wp-json\/wp\/v2\/comments?post=134432"}],"version-history":[{"count":0,"href":"https:\/\/www.familinparis.fr\/en\/wp-json\/wp\/v2\/posts\/134432\/revisions"}],"wp:featuredmedia":[{"embeddable":true,"href":"https:\/\/www.familinparis.fr\/en\/wp-json\/wp\/v2\/media\/132941"}],"wp:attachment":[{"href":"https:\/\/www.familinparis.fr\/en\/wp-json\/wp\/v2\/media?parent=134432"}],"wp:term":[{"taxonomy":"category","embeddable":true,"href":"https:\/\/www.familinparis.fr\/en\/wp-json\/wp\/v2\/categories?post=134432"},{"taxonomy":"post_tag","embeddable":true,"href":"https:\/\/www.familinparis.fr\/en\/wp-json\/wp\/v2\/tags?post=134432"}],"curies":[{"name":"wp","href":"https:\/\/api.w.org\/{rel}","templated":true}]}}