{"id":134374,"date":"2026-04-13T09:23:36","date_gmt":"2026-04-13T07:23:36","guid":{"rendered":"https:\/\/www.familinparis.fr\/the-world-with-the-family-easter-holiday-programme-2024\/"},"modified":"2026-02-12T14:37:40","modified_gmt":"2026-02-12T12:37:40","slug":"the-world-with-the-family-easter-holiday-programme-2024","status":"publish","type":"post","link":"https:\/\/www.familinparis.fr\/en\/the-world-with-the-family-easter-holiday-programme-2024\/","title":{"rendered":"The world with the family (Easter holiday programme 2024)"},"content":{"rendered":"<div class=\"lazyblock-baseline-zHQaBT wp-block-lazyblock-baseline\"><div class=\"baseline\">PAST EVENT<\/div><\/div>\n<div style=\"height:25px\" aria-hidden=\"true\" class=\"wp-block-spacer\"><\/div>\n\n<div class=\"wp-block-uagb-marketing-button uagb-marketing-btn__align-center uagb-marketing-btn__align-text-center uagb-marketing-btn__icon-after uagb-block-3b5a292b wp-block-button m-b-10\"><a href=\"https:\/\/www.familinparis.fr\/inscription-newsletter\/\" class=\"uagb-marketing-btn__link wp-block-button__link\" target=\"_blank\" rel=\"noopener noreferrer\"><h2 class=\"uagb-marketing-btn__title\">Pour ne pas ratez pas l&#8217;actualit\u00e9  \u00e0 Paris !<br \/> <\/h2><p class=\"uagb-marketing-btn__prefix\"><strong>Je m&#8217;inscris \u00e0 la Newsletter<\/strong><\/p><\/a><\/div>\n<div class=\"lazyblock-grids-Z2dPgTc wp-block-lazyblock-grids\"><div class=\"row new-grids grids-style-2\">\n        <div class=\"col-12 grid-title\">\n        <h2 class=\"c-blue\">What to do in Paris with your family?<\/h2>\n\n            <\/div>\n        \n    <div class=\"col-12 grids columns-4\">\n        \n\n<div class=\"grid\">\n\t<a href=\"https:\/\/www.familinparis.fr\/en\/in-napoleons-boots-family-visit\/\" target=\"_self\">\n\t    <div class=\"image\" style=\"background-image:url('https:\/\/www.familinparis.fr\/wp-content\/uploads\/photos-partenaires\/visite-guidee\/Napoleon-aux-invalides-ludo-et-sophie-564x282.jpg')\">\n\t    \t\t    \t<div class=\"dateOnImg\">21 d\u00e9cembre<\/div>\n\t    \t\t\t\t\t\t\t\t<div class=\"rond-blanc-age\"><span>from <span class=\"age-number\">8<\/span> to <span class=\"age-number\">14<\/span> yo<\/span><\/div>\n\t\t\t\t    <\/div>\n\t    <div class=\"texte\">\n\t        <h5>Au mus\u00e9e des Invalides (dans le 7\u00e8me)<\/h5>\n\t        <h3>&#8220;In Napoleon&#8217;s boots&#8221; (family visit)<\/h3>\n\t        <div class=\"tags\">\n\t        \t\t        \t\t<span>VISITE FAMILLE<\/span>\n\t        \t\t        \t<span>1h30<\/span>\n\t        <\/div>\n\t        <div class=\"bas\">\n        \t\t<div class=\"prix\">\n        \t\t\t        \t\t<\/div>\n            \t<div class=\"review-stars\" data-productId=\"280\">\n            \t<\/div>\n\t        <\/div>\n\t    <\/div>\n\t<\/a>\n<\/div>\n\n<div class=\"grid\">\n\t<a href=\"https:\/\/www.familinparis.fr\/en\/who-benefits-from-the-crime-survey-visit\/\" target=\"_self\">\n\t    <div class=\"image\" style=\"background-image:url('https:\/\/www.familinparis.fr\/wp-content\/uploads\/2026\/04\/Histoire-des-grands-criminels.-musee-de-la-police-564x282.jpg')\">\n\t    \t\t\t\t\t    <\/div>\n\t    <div class=\"texte\">\n\t        <h5><\/h5>\n\t        <h3>Who benefits from the crime? (survey visit)<\/h3>\n\t        <div class=\"tags\">\n\t        \t\t        \t<span><\/span>\n\t        <\/div>\n\t        <div class=\"bas\">\n        \t\t<div class=\"prix\">\n        \t\t\t\t        \t\t\t<span>From<\/span>\n\t        \t\t\t<span class=\"\">18\u20ac<\/span>\n\t        \t\t\t\t        \t\t        \t\t<\/div>\n            \t<div class=\"review-stars\" data-productId=\"397\">\n            \t<\/div>\n\t        <\/div>\n\t    <\/div>\n\t<\/a>\n<\/div>\n\n<div class=\"grid\">\n\t<a href=\"https:\/\/www.familinparis.fr\/en\/the-city-of-children-cite-des-sciences-in-paris\/\" target=\"_self\">\n\t    <div class=\"image\" style=\"background-image:url('https:\/\/www.familinparis.fr\/wp-content\/uploads\/2022\/08\/la-cite-des-enfants-600x300-1-452x282.png')\">\n\t    \t\t\t\t\t    <\/div>\n\t    <div class=\"texte\">\n\t        <h5><\/h5>\n\t        <h3>The City of Children: Cit\u00e9 des Sciences in Paris<\/h3>\n\t        <div class=\"tags\">\n\t        \t\t        \t<span><\/span>\n\t        <\/div>\n\t        <div class=\"bas\">\n        \t\t<div class=\"prix\">\n        \t\t\t        \t\t<\/div>\n            \t<div class=\"review-stars\" data-productId=\"\">\n            \t<\/div>\n\t        <\/div>\n\t    <\/div>\n\t<\/a>\n<\/div>\n\n<div class=\"grid\">\n\t<a href=\"https:\/\/www.familinparis.fr\/en\/the-masterpieces-of-the-louvre-children-vip-visit\/\" target=\"_self\">\n\t    <div class=\"image\" style=\"background-image:url('https:\/\/www.familinparis.fr\/wp-content\/uploads\/Visite-guidee-musee\/chefs-d-oeuvre-louvre-enfants.jpg')\">\n\t    \t\t\t\t\t    <\/div>\n\t    <div class=\"texte\">\n\t        <h5>At the Louvre Museum<\/h5>\n\t        <h3>The masterpieces of the Louvre &#8211; Children (VIP)<\/h3>\n\t        <div class=\"tags\">\n\t        \t\t        \t\t<span>From 7 years old<\/span>\n\t        \t\t        \t<span>1h30<\/span>\n\t        <\/div>\n\t        <div class=\"bas\">\n        \t\t<div class=\"prix\">\n        \t\t\t        \t\t<\/div>\n            \t<div class=\"review-stars\" data-productId=\"172\">\n            \t<\/div>\n\t        <\/div>\n\t    <\/div>\n\t<\/a>\n<\/div>    <\/div>\n\n            <div class=\"col-12 t-center m-b-20\">\n            <div class=\"labels__fam\">\n                                    <a href=\"https:\/\/www.familinparis.fr\/activite-sortie-avec-un-bebe-paris\/\" class=\"labels__fam-color-secondary labels__fam-radius-rounded\">\n                        With 0-3 year olds                    <\/a>\n                                    <a href=\"https:\/\/www.familinparis.fr\/paris-pour-les-petits\/\" class=\"labels__fam-color-secondary labels__fam-radius-rounded\">\n                        With 3-6 year olds                    <\/a>\n                                    <a href=\"https:\/\/www.familinparis.fr\/sortie-enfant-paris\/\" class=\"labels__fam-color-secondary labels__fam-radius-rounded\">\n                        With 7-12 year olds                    <\/a>\n                                    <a href=\"https:\/\/www.familinparis.fr\/paris-avec-des-ados\/\" class=\"labels__fam-color-secondary labels__fam-radius-rounded\">\n                        With teenagers                    <\/a>\n                            <\/div>\n        <\/div>\n    \n    \n\n<\/div>\n<\/div>\n<div style=\"height:25px\" aria-hidden=\"true\" class=\"wp-block-spacer\"><\/div>\n\n<section class=\"wp-block-uagb-section uagb-section__wrap uagb-section__background-color uagb-block-7e4a4048\"><div class=\"uagb-section__overlay\"><\/div><div class=\"uagb-section__inner-wrap\">\n<div class=\"wp-block-columns is-layout-flex wp-container-core-columns-is-layout-9d6595d7 wp-block-columns-is-layout-flex\">\n<div class=\"wp-block-column is-layout-flow wp-block-column-is-layout-flow\" style=\"flex-basis:100%\">\n<div class=\"wp-block-columns is-layout-flex wp-container-core-columns-is-layout-9d6595d7 wp-block-columns-is-layout-flex\">\n<div class=\"wp-block-column is-layout-flow wp-block-column-is-layout-flow\" style=\"flex-basis:70%\">\n<h2 class=\"wp-block-heading has-text-align-center\">THE FAMILY WORLD &#8211; APRIL 2024<\/h2>\n\n\n\n<ul class=\"wp-block-list\">\n<li><strong>WE LIKE:<\/strong> a variety of activities to share with the family<\/li>\n\n\n\n<li><strong>LOCATION <\/strong>: mus\u00e9e du quai Branly &#8211; Jacques Chirac (Paris 7th)<\/li>\n\n\n\n<li><strong>WHEN:<\/strong> April 6 to 21, 2024<\/li>\n\n\n\n<li><strong><strong>AGE<\/strong> : <\/strong>all audiences, families<\/li>\n\n\n\n<li class=\"noreferrer noopener nofollow\"><strong><strong>AU PROGRAMME<\/strong> :  <\/strong>visites cont\u00e9es, ateliers, visites guid\u00e9es, dimanche festif en famille<\/li>\n\n\n\n<li><strong>ACCESS TO THE MUSEUM: <\/strong>access to the permanent collections and temporary exhibitions is at the rate of \u20ac14 (reduced rate \u20ac11); free for under 18s and under 26s who are residents of the European Union. The activities are at the rate of 16\u20ac (reduced rate 8\u20ac); Access to the museum is included in the activity ticket <\/li>\n<\/ul>\n<\/div>\n\n\n\n<div class=\"wp-block-column is-layout-flow wp-block-column-is-layout-flow\" style=\"flex-basis:30%\">\n<figure class=\"wp-block-image size-full\"><img decoding=\"async\" width=\"586\" height=\"877\" src=\"https:\/\/www.familinparis.fr\/wp-content\/uploads\/Mus&#xE9;es\/Quai-Branly\/Affiche-FAMILLE.jpg\" alt=\"The World in the Family at the Mus&#xE9;e du Quai Branly - Jacques Chirac\" class=\"wp-image-104480\" \/><\/figure>\n<\/div>\n<\/div>\n<\/div>\n<\/div>\n<\/div><\/section>\n\n<div style=\"height:40px\" aria-hidden=\"true\" class=\"wp-block-spacer\"><\/div>\n\n<section class=\"wp-block-uagb-section uagb-section__wrap uagb-section__background-color uagb-block-191f1d45\"><div class=\"uagb-section__overlay\"><\/div><div class=\"uagb-section__inner-wrap\">\n<h2 class=\"wp-block-heading has-text-align-center\" style=\"font-size:30px\">&#8220;THE WORLD IN THE FAMILY&#8221; <br \/>(The programme for the Easter holidays 2024)<\/h2>\n\n\n\n<p id=\"noreferrer-noopener-nofollow\">Pendant les vacances de printemps, le\u00a0<a href=\"https:\/\/www.quaibranly.fr\/fr\/\" rel=\"nofollow\">m<\/a>us\u00e9e du quai Branly \u2013 Jacques Chirac\u00a0propose de nombreuses activit\u00e9s pour les familles. Elles permettent de (re)d\u00e9couvrir les collections permanentes du mus\u00e9e.<\/p>\n\n\n\n<p>&#8220;The World in the Family&#8221; is aimed at all children, even toddlers.<\/p>\n\n\n\n<p><\/p>\n\n\n\n<ul class=\"wp-block-list\">\n<li><strong>STORYTELLING TOURS:  <\/strong>\n<ul class=\"wp-block-list\">\n<li class=\"noreferrer noopener nofollow\"><strong>pour les 0-3 ans :<\/strong> &#8220;Ma petite visite cont\u00e9e, maman serpent&#8221; &#8211; Un conteur vous accompagne pour une premi\u00e8re d\u00e9couverte du mus\u00e9e, en histoires et en chansons<\/li>\n\n\n\n<li class=\"noreferrer noopener nofollow\"><strong>pour les 0-3 ans :<\/strong> &#8220;Ma petite visite cont\u00e9e, le voyage de petit ours&#8221; &#8211; Suivez Petit ours dans son voyage \u00e0 travers les continents. Un conteur accompagne les enfants dans le mus\u00e9e en histoires et en chansons<\/li>\n\n\n\n<li class=\"noreferrer noopener nofollow\"><strong>pour les 3-5 ans <\/strong>: &#8220;Autour du monde&#8221; &#8211; Un voyage en histoires et en chansons pour un \u00e9veil des tout-petits aux \u0153uvres d&#8217;Afrique, d&#8217;Asie, d&#8217;Oc\u00e9anie et des Am\u00e9riques<\/li>\n\n\n\n<li class=\"noreferrer noopener nofollow\"><strong>pour les 3-5 ans <\/strong>: &#8220;Le monde en couleur&#8221; &#8211; Explorez, ressentez et percevez les collections autrement, \u00e0 travers les formes et les couleurs, en chanson et en musique<\/li>\n\n\n\n<li class=\"noreferrer noopener nofollow\"><strong>pour les 6 ans et plus<\/strong> : &#8220;Afrique&#8221; &#8211; Du c\u0153ur du Sahara \u00e0 la pointe du Cap, de l&#8217;oc\u00e9an Atlantique \u00e0 l&#8217;oc\u00e9an Indien, d\u00e9couvrez la terre originelle et partez \u00e0 la rencontre des esprits<\/li>\n\n\n\n<li class=\"noreferrer noopener nofollow\"><strong>pour les 6 ans et plus<\/strong> : &#8220;Am\u00e9rique&#8221; &#8211; Du p\u00f4le nord au p\u00f4le sud, d\u00e9couvrez les histoires de la jeune Am\u00e9rique<\/li>\n\n\n\n<li class=\"noreferrer noopener nofollow\"><strong>pour les 6 ans et plus<\/strong> : &#8220;Devins et sorciers&#8221; &#8211; Au fil de ses r\u00e9cits, un conteur r\u00e9v\u00e8le aux enfants les secrets des devins, sorciers, chamanes et gu\u00e9risseurs des quatre coins du monde<\/li>\n\n\n\n<li class=\"noreferrer noopener nofollow\"><strong>pour les 6 ans et plus<\/strong> : &#8220;Mexica&#8221; -Au son des mythes et l\u00e9gendes, embarquez pour un voyage \u00e0 travers le temps \u00e0 la d\u00e9couverte de la civilisation Mexica<\/li>\n<\/ul>\n<\/li>\n<\/ul>\n\n\n\n<p><\/p>\n\n\n\n<ul class=\"wp-block-list\">\n<li><strong>GUIDED TOURS:  <\/strong>\n<ul class=\"wp-block-list\">\n<li><strong>pour les 3-5 ans <\/strong>: &#8220;Les sens en \u00e9veil&#8221; -Une visite pour contempler, chanter, toucher et aimer tout l\u2019art du monde<\/li>\n\n\n\n<li class=\"noreferrer noopener nofollow\"><strong>pour les 3-5 ans <\/strong>: &#8220;De la t\u00eate aux pieds&#8221; &#8211; Une visite d\u00e9di\u00e9e aux tout-petits, pour appr\u00e9hender les \u0153uvres en mettant leur propre corps en action !<\/li>\n\n\n\n<li class=\"noreferrer noopener nofollow\"><strong>\u00e0 partir de 6 ans<\/strong> : &#8220;La piste des animaux&#8221; &#8211; De peaux de serpent en dents de cochons, identifiez les mat\u00e9riaux d\u2019origine animale\u2026 et retrouvez le bestiaire cach\u00e9 dans les objets venus des quatre coins du monde !<\/li>\n\n\n\n<li class=\"noreferrer noopener nofollow\"><strong>\u00e0 partir de 6 ans<\/strong> : &#8220;Le secret du masque&#8221; &#8211; En traversant l\u2019Afrique, l\u2019Asie, l\u2019Oc\u00e9anie et les Am\u00e9riques, d\u00e9couvrez des masques con\u00e7us avec des mat\u00e9riaux vari\u00e9s et \u00e0 des fins diff\u00e9rentes<\/li>\n\n\n\n<li class=\"noreferrer noopener nofollow\"><strong>\u00e0 partir de 6 ans<\/strong> : &#8220;Chacun ses go\u00fbts&#8221; &#8211; Faites votre choix ! D\u00e9signez au guide l\u2019objet qui vous intrigue le plus, et tentez ensemble de d\u00e9couvrir ce qui lui donne sa valeur, dans sa culture d\u2019origine et dans les vitrines du mus\u00e9e<\/li>\n\n\n\n<li class=\"noreferrer noopener nofollow\"><strong>\u00e0 partir de 6 ans<\/strong> : &#8220;En piste pour les jeux&#8221; &#8211; \u00c0 l&#8217;occasion des Jeux Olympiques et Paralympiques de Paris 2024, (re)d\u00e9couvrez les collections du mus\u00e9e sous un angle in\u00e9dit, \u00e0 travers une visite d\u00e9di\u00e9e au corps, au sport et au d\u00e9passement de soi<\/li>\n\n\n\n<li class=\"noreferrer noopener nofollow\"><strong>\u00e0 partir de 6 ans<\/strong> : &#8220;Mexica en famille&#8221; &#8211; Direction le Mexique et la cit\u00e9 mythique de Tenochtitlan pour une \u00e9chapp\u00e9e en famille sur les traces de la civilisation mexica !<\/li>\n<\/ul>\n<\/li>\n<\/ul>\n\n\n\n<p><\/p>\n\n\n\n<ul class=\"wp-block-list\">\n<li><strong>THE WORKSHOPS:  <\/strong>\n<ul class=\"wp-block-list\">\n<li class=\"noreferrer noopener nofollow\"><strong>pour les 3-5 ans <\/strong>: &#8220;La pluie&#8221; &#8211; Un atelier po\u00e9tique sur les sons, les rites et les coutumes li\u00e9es \u00e0 la pluie!<\/li>\n\n\n\n<li class=\"noreferrer noopener nofollow\"><strong>pour les 3-5 ans <\/strong>: &#8220;Objet magique&#8221; &#8211; Grelots, perles, coquillages : \u00e0 l\u2019\u00e9cole des sorciers d\u2019Afrique centrale, les enfants composent leur propre recette de protection<\/li>\n\n\n\n<li class=\"noreferrer noopener nofollow\"><strong>pour les 3-5 ans <\/strong>: &#8220;Marionnettes secr\u00e8tes&#8221; &#8211; Bois, dents de cochon, toiles d\u2019araign\u00e9e : de fabuleuses marionnettes du Vanuatu r\u00e9v\u00e8lent leurs myst\u00e8res<\/li>\n\n\n\n<li class=\"noreferrer noopener nofollow\"><strong>pour les 3-5 ans <\/strong>: &#8220;Poup\u00e9es d&#8217;Arizona&#8221; &#8211; Direction les plaines am\u00e9ricaines pour une d\u00e9couverte en famille de la culture hopi !<\/li>\n\n\n\n<li class=\"noreferrer noopener nofollow\"><strong>pour les 6 ans et + <\/strong>: &#8220;Trop Styl\u00e9&#8221; &#8211; Apprentis stylistes ? Venez puiser l&#8217;inspiration au c\u0153ur des collections du mus\u00e9e pour imaginer votre prochaine collection !<\/li>\n\n\n\n<li class=\"noreferrer noopener nofollow\"><strong>pour les 6 ans et + <\/strong>: &#8220;Mexica&#8221; &#8211; Entrez dans la peau d&#8217;un arch\u00e9ologue et d\u00e9couvrez un site de fouilles mexica ! D\u00e9couvrez ensuite l&#8217;exposition &#8220;Mexica. Des dons et des dieux au Templo Mayor&#8221;<\/li>\n\n\n\n<li class=\"noreferrer noopener nofollow\"><strong>pour les 6 &#8211; 8 ans<\/strong> : &#8220;Au coeur des masques&#8221; &#8211; Cr\u00e9ez votre propre masque de protection sur le mod\u00e8le des artistes d\u2019Afrique centrale<\/li>\n\n\n\n<li class=\"noreferrer noopener nofollow\"><strong>\u00e0 partir de 6 ans<\/strong> : &#8220;Peindre le r\u00eave&#8221; &#8211; D\u00e9couvrez les \u0153uvres et les mythes aborig\u00e8nes, puis peignez votre propre \u00ab r\u00eave \u00bb !<\/li>\n\n\n\n<li><strong>\u00e0 partir de 6 ans<\/strong> : &#8220;Chasseurs de fant\u00f4mes&#8221; &#8211; Anc\u00eatres, esprits, revenants, vampires, zombies, forces de l\u2019au-del\u00e0\u2026 Partez \u00e0 la chasse aux fant\u00f4mes dans les collections !<\/li>\n\n\n\n<li class=\"noreferrer noopener nofollow\"><strong>pour les 9 &#8211; 12 ans<\/strong> : &#8220;Destination musiques&#8221; &#8211; Partez \u00e0 la rencontre des cultures du monde par le chemin des sons !<\/li>\n<\/ul>\n<\/li>\n<\/ul>\n\n\n\n<div style=\"height:46px\" aria-hidden=\"true\" class=\"wp-block-spacer\"><\/div>\n\n\n\n<p><a id=\"_msocom_1\"><\/a><\/p>\n<\/div><\/section>\n\n<div style=\"height:42px\" aria-hidden=\"true\" class=\"wp-block-spacer\"><\/div>\n<div class=\"lazyblock-grids-Z279HEB wp-block-lazyblock-grids\"><div class=\"row new-grids grids-style-2\">\n        <div class=\"col-12 grid-title\">\n        <h2 class=\"c-blue\">What to do in Paris during the Easter holidays?<\/h2>\n\n            <\/div>\n        \n    <div class=\"col-12 grids columns-4\">\n        \n\n<div class=\"grid\">\n\t<a href=\"https:\/\/www.familinparis.fr\/en\/in-napoleons-boots-family-visit\/\" target=\"_self\">\n\t    <div class=\"image\" style=\"background-image:url('https:\/\/www.familinparis.fr\/wp-content\/uploads\/photos-partenaires\/visite-guidee\/Napoleon-aux-invalides-ludo-et-sophie-564x282.jpg')\">\n\t    \t\t    \t<div class=\"dateOnImg\">21 d\u00e9cembre<\/div>\n\t    \t\t\t\t\t\t\t\t<div class=\"rond-blanc-age\"><span>from <span class=\"age-number\">8<\/span> to <span class=\"age-number\">14<\/span> yo<\/span><\/div>\n\t\t\t\t    <\/div>\n\t    <div class=\"texte\">\n\t        <h5>Au mus\u00e9e des Invalides (dans le 7\u00e8me)<\/h5>\n\t        <h3>&#8220;In Napoleon&#8217;s boots&#8221; (family visit)<\/h3>\n\t        <div class=\"tags\">\n\t        \t\t        \t\t<span>VISITE FAMILLE<\/span>\n\t        \t\t        \t<span>1h30<\/span>\n\t        <\/div>\n\t        <div class=\"bas\">\n        \t\t<div class=\"prix\">\n        \t\t\t        \t\t<\/div>\n            \t<div class=\"review-stars\" data-productId=\"280\">\n            \t<\/div>\n\t        <\/div>\n\t    <\/div>\n\t<\/a>\n<\/div>\n\n<div class=\"grid\">\n\t<a href=\"https:\/\/www.familinparis.fr\/en\/who-benefits-from-the-crime-survey-visit\/\" target=\"_self\">\n\t    <div class=\"image\" style=\"background-image:url('https:\/\/www.familinparis.fr\/wp-content\/uploads\/2026\/04\/Histoire-des-grands-criminels.-musee-de-la-police-564x282.jpg')\">\n\t    \t\t\t\t\t    <\/div>\n\t    <div class=\"texte\">\n\t        <h5><\/h5>\n\t        <h3>Who benefits from the crime? (survey visit)<\/h3>\n\t        <div class=\"tags\">\n\t        \t\t        \t<span><\/span>\n\t        <\/div>\n\t        <div class=\"bas\">\n        \t\t<div class=\"prix\">\n        \t\t\t\t        \t\t\t<span>From<\/span>\n\t        \t\t\t<span class=\"\">18\u20ac<\/span>\n\t        \t\t\t\t        \t\t        \t\t<\/div>\n            \t<div class=\"review-stars\" data-productId=\"397\">\n            \t<\/div>\n\t        <\/div>\n\t    <\/div>\n\t<\/a>\n<\/div>\n\n<div class=\"grid\">\n\t<a href=\"https:\/\/www.familinparis.fr\/en\/the-city-of-children-cite-des-sciences-in-paris\/\" target=\"_self\">\n\t    <div class=\"image\" style=\"background-image:url('https:\/\/www.familinparis.fr\/wp-content\/uploads\/2022\/08\/la-cite-des-enfants-600x300-1-452x282.png')\">\n\t    \t\t\t\t\t    <\/div>\n\t    <div class=\"texte\">\n\t        <h5><\/h5>\n\t        <h3>The City of Children: Cit\u00e9 des Sciences in Paris<\/h3>\n\t        <div class=\"tags\">\n\t        \t\t        \t<span><\/span>\n\t        <\/div>\n\t        <div class=\"bas\">\n        \t\t<div class=\"prix\">\n        \t\t\t        \t\t<\/div>\n            \t<div class=\"review-stars\" data-productId=\"\">\n            \t<\/div>\n\t        <\/div>\n\t    <\/div>\n\t<\/a>\n<\/div>\n\n<div class=\"grid\">\n\t<a href=\"https:\/\/www.familinparis.fr\/en\/the-masterpieces-of-the-louvre-children-vip-visit\/\" target=\"_self\">\n\t    <div class=\"image\" style=\"background-image:url('https:\/\/www.familinparis.fr\/wp-content\/uploads\/Visite-guidee-musee\/chefs-d-oeuvre-louvre-enfants.jpg')\">\n\t    \t\t\t\t\t    <\/div>\n\t    <div class=\"texte\">\n\t        <h5>At the Louvre Museum<\/h5>\n\t        <h3>The masterpieces of the Louvre &#8211; Children (VIP)<\/h3>\n\t        <div class=\"tags\">\n\t        \t\t        \t\t<span>From 7 years old<\/span>\n\t        \t\t        \t<span>1h30<\/span>\n\t        <\/div>\n\t        <div class=\"bas\">\n        \t\t<div class=\"prix\">\n        \t\t\t        \t\t<\/div>\n            \t<div class=\"review-stars\" data-productId=\"172\">\n            \t<\/div>\n\t        <\/div>\n\t    <\/div>\n\t<\/a>\n<\/div>\n\n<div class=\"grid\">\n\t<a href=\"https:\/\/www.familinparis.fr\/en\/magic-course-for-8-12-year-olds\/\" target=\"_self\">\n\t    <div class=\"image\" style=\"background-image:url('https:\/\/www.familinparis.fr\/wp-content\/uploads\/2023\/01\/museedesautomates-\u00a9museedelamagie-564x282.jpg')\">\n\t    \t\t    \t<div class=\"dateOnImg\">School holidays &#8211; Afternoon<\/div>\n\t    \t\t\t\t\t    <\/div>\n\t    <div class=\"texte\">\n\t        <h5>At the Museum of Magic and Automata<\/h5>\n\t        <h3>Magic course for 8-12 year olds<\/h3>\n\t        <div class=\"tags\">\n\t        \t\t        \t\t<span>  8 &#8211; 12 years old<\/span>\n\t        \t\t        \t<span>3 hours<\/span>\n\t        <\/div>\n\t        <div class=\"bas\">\n        \t\t<div class=\"prix\">\n        \t\t\t        \t\t<\/div>\n            \t<div class=\"review-stars\" data-productId=\"103\">\n            \t<\/div>\n\t        <\/div>\n\t    <\/div>\n\t<\/a>\n<\/div>\n\n<div class=\"grid\">\n\t<a href=\"https:\/\/www.familinparis.fr\/en\/the-paris-sewer-museum\/\" target=\"_self\">\n\t    <div class=\"image\" style=\"background-image:url('https:\/\/www.familinparis.fr\/wp-content\/uploads\/Mus\u00e9es\/Musee-des-egouts\/musee-des-egouts-paris@Olivier.Placet-564x282.jpg')\">\n\t    \t\t    \t<div class=\"dateOnImg\">Du mardi au dimanche<\/div>\n\t    \t\t\t\t\t    <\/div>\n\t    <div class=\"texte\">\n\t        <h5>Pont de l\u2019Alma (Paris 7\u00e8me)<\/h5>\n\t        <h3>The Sewer Museum<\/h3>\n\t        <div class=\"tags\">\n\t        \t\t        \t\t<span>D\u00e8s 7-8 ans<\/span>\n\t        \t\t        \t<span>1h<\/span>\n\t        <\/div>\n\t        <div class=\"bas\">\n        \t\t<div class=\"prix\">\n        \t\t\t\t        \t\t\t<span>From<\/span>\n\t        \t\t\t<span class=\"\">9\u20ac<\/span>\n\t        \t\t\t\t        \t\t        \t\t<\/div>\n            \t<div class=\"review-stars\" data-productId=\"\">\n            \t<\/div>\n\t        <\/div>\n\t    <\/div>\n\t<\/a>\n<\/div>\n\n<div class=\"grid\">\n\t<a href=\"https:\/\/www.familinparis.fr\/en\/tell-me-about-montmartre-fun-tour\/\" target=\"_self\">\n\t    <div class=\"image\" style=\"background-image:url('https:\/\/www.familinparis.fr\/wp-content\/uploads\/photos-partenaires\/visite-guidee\/visite-ludique-en-famille-a-montmartre-564x282.jpg')\">\n\t    \t\t    \t<div class=\"dateOnImg\">Multiple dates<\/div>\n\t    \t\t\t\t\t    <\/div>\n\t    <div class=\"texte\">\n\t        <h5>In Montmartre (18th)<\/h5>\n\t        <h3>Tell me about Montmartre (fun tour)<\/h3>\n\t        <div class=\"tags\">\n\t        \t\t        \t\t<span>From 6 years old<\/span>\n\t        \t\t        \t<span>1h30<\/span>\n\t        <\/div>\n\t        <div class=\"bas\">\n        \t\t<div class=\"prix\">\n        \t\t\t        \t\t<\/div>\n            \t<div class=\"review-stars\" data-productId=\"163\">\n            \t<\/div>\n\t        <\/div>\n\t    <\/div>\n\t<\/a>\n<\/div>\n\n<div class=\"grid\">\n\t<a href=\"https:\/\/www.familinparis.fr\/en\/the-masterpieces-of-the-louvre-explained-to-children\/\" target=\"_self\">\n\t    <div class=\"image\" style=\"background-image:url('https:\/\/www.familinparis.fr\/wp-content\/uploads\/photos-partenaires\/jeu-de-piste\/mission-anniversaire-grece-au-louvre-1500x676-1-564x282.jpg')\">\n\t    \t\t    \t<div class=\"dateOnImg\">French tour only<\/div>\n\t    \t\t\t\t\t    <\/div>\n\t    <div class=\"texte\">\n\t        <h5>At the Louvre Museum<\/h5>\n\t        <h3>The masterpieces of the Louvre explained to children<\/h3>\n\t        <div class=\"tags\">\n\t        \t\t        \t\t<span>From 7 years old<\/span>\n\t        \t\t        \t<span>1h30<\/span>\n\t        <\/div>\n\t        <div class=\"bas\">\n        \t\t<div class=\"prix\">\n        \t\t\t        \t\t<\/div>\n            \t<div class=\"review-stars\" data-productId=\"143\">\n            \t<\/div>\n\t        <\/div>\n\t    <\/div>\n\t<\/a>\n<\/div>    <\/div>\n\n            <div class=\"col-12 t-center m-b-20\">\n            <div class=\"labels__fam\">\n                                    <a href=\"\/vacances-de-paques\/\" class=\"labels__fam-color-secondary labels__fam-radius-rounded\">\n                        EASTER HOLIDAYS IN PARIS: ALL OUR SUGGESTIONS                    <\/a>\n                            <\/div>\n        <\/div>\n    \n    \n\n<\/div>\n<\/div>\n<div style=\"height:63px\" aria-hidden=\"true\" class=\"wp-block-spacer\"><\/div>\n\n<div class=\"wp-block-buttons is-horizontal is-content-justification-center is-layout-flex wp-container-core-buttons-is-layout-499968f5 wp-block-buttons-is-layout-flex\">\n<div class=\"wp-block-button\"><a class=\"wp-block-button__link has-white-color has-text-color has-background wp-element-button\" href=\"https:\/\/www.familinparis.fr\/en\/paris-with-a-small-child\/\" style=\"border-radius:1px;background-color:#00809b\">PARIS WITH LITTLE ONES<\/a><\/div>\n\n\n\n<div class=\"wp-block-button\"><a class=\"wp-block-button__link has-white-color has-text-color has-background wp-element-button\" href=\"https:\/\/www.familinparis.fr\/en\/sortie-enfant-paris\/\" style=\"border-radius:1px;background-color:#00809b\">PARIS WITH KIDS<\/a><\/div>\n\n\n\n<div class=\"wp-block-button\"><a class=\"wp-block-button__link has-white-color has-text-color has-background wp-element-button\" href=\"https:\/\/www.familinparis.fr\/en\/what-to-do-in-paris-with-a-teenager\/\" style=\"border-radius:1px;background-color:#00809b\">PARIS WITH TEENAGERS<\/a><\/div>\n<\/div>\n\n<div style=\"height:63px\" aria-hidden=\"true\" class=\"wp-block-spacer\"><\/div>\n","protected":false},"excerpt":{"rendered":"<p>From 6 to 21 April 2024<\/p>\n","protected":false},"author":5,"featured_media":148001,"comment_status":"open","ping_status":"open","sticky":false,"template":"","format":"standard","meta":{"_uag_custom_page_level_css":"","footnotes":""},"categories":[192,1200],"tags":[1219,1386,1208,1226,1372,1547],"class_list":{"0":"post-134374","1":"post","2":"type-post","3":"status-publish","4":"format-standard","5":"has-post-thumbnail","7":"category-ateliers","8":"category-news","9":"tag-april","10":"tag-easter-holidays","11":"tag-for-3-6-year-olds","12":"tag-for-7-12-year-olds","13":"tag-may","14":"tag-paris"},"yoast_head":"<!-- This site is optimized with the Yoast SEO plugin v27.2 - https:\/\/yoast.com\/product\/yoast-seo-wordpress\/ -->\n<title>&quot;The family world at Easter&quot; mus\u00e9e du quai Branly-Jacques Chirac<\/title>\n<meta name=\"description\" content=\"From 6 to 21 April 2024 - &quot;THE WORLD IN THE FAMILY&quot;: the programme for the Easter holidays&gt;&gt; . All family activities. - 3-12 years old.\" \/>\n<meta name=\"robots\" content=\"index, follow, max-snippet:-1, max-image-preview:large, max-video-preview:-1\" \/>\n<link rel=\"canonical\" href=\"https:\/\/www.familinparis.fr\/en\/the-world-with-the-family-easter-holiday-programme-2024\/\" \/>\n<meta property=\"og:locale\" content=\"en_US\" \/>\n<meta property=\"og:type\" content=\"article\" \/>\n<meta property=\"og:title\" content=\"&quot;The family world at Easter&quot; mus\u00e9e du quai Branly-Jacques Chirac\" \/>\n<meta property=\"og:description\" content=\"From 6 to 21 April 2024 - &quot;THE WORLD IN THE FAMILY&quot;: the programme for the Easter holidays&gt;&gt; . All family activities. - 3-12 years old.\" \/>\n<meta property=\"og:url\" content=\"https:\/\/www.familinparis.fr\/en\/the-world-with-the-family-easter-holiday-programme-2024\/\" \/>\n<meta property=\"og:site_name\" content=\"Familin&#039;Paris\" \/>\n<meta property=\"article:published_time\" content=\"2026-04-13T07:23:36+00:00\" \/>\n<meta property=\"og:image\" content=\"https:\/\/www.familinparis.fr\/wp-content\/uploads\/Mus\u00e9es\/Quai-Branly\/LE-MONDE-EN-FAMILLE-2025.jpg\" \/>\n\t<meta property=\"og:image:width\" content=\"600\" \/>\n\t<meta property=\"og:image:height\" content=\"1067\" \/>\n\t<meta property=\"og:image:type\" content=\"image\/jpeg\" \/>\n<meta name=\"author\" content=\"olivia\" \/>\n<meta name=\"twitter:card\" content=\"summary_large_image\" \/>\n<meta name=\"twitter:label1\" content=\"Written by\" \/>\n\t<meta name=\"twitter:data1\" content=\"olivia\" \/>\n\t<meta name=\"twitter:label2\" content=\"Est. reading time\" \/>\n\t<meta name=\"twitter:data2\" content=\"5 minutes\" \/>\n<script type=\"application\/ld+json\" class=\"yoast-schema-graph\">{\"@context\":\"https:\/\/schema.org\",\"@graph\":[{\"@type\":\"Article\",\"@id\":\"https:\/\/www.familinparis.fr\/en\/the-world-with-the-family-easter-holiday-programme-2024\/#article\",\"isPartOf\":{\"@id\":\"https:\/\/www.familinparis.fr\/en\/the-world-with-the-family-easter-holiday-programme-2024\/\"},\"author\":{\"name\":\"olivia\",\"@id\":\"https:\/\/www.familinparis.fr\/en\/#\/schema\/person\/a87467bb417cd0c77d0a7bb5d1d78ac5\"},\"headline\":\"The world with the family (Easter holiday programme 2024)\",\"datePublished\":\"2026-04-13T07:23:36+00:00\",\"mainEntityOfPage\":{\"@id\":\"https:\/\/www.familinparis.fr\/en\/the-world-with-the-family-easter-holiday-programme-2024\/\"},\"wordCount\":947,\"commentCount\":0,\"image\":{\"@id\":\"https:\/\/www.familinparis.fr\/en\/the-world-with-the-family-easter-holiday-programme-2024\/#primaryimage\"},\"thumbnailUrl\":\"https:\/\/www.familinparis.fr\/wp-content\/uploads\/Mus\u00e9es\/Quai-Branly\/LE-MONDE-EN-FAMILLE-2025.jpg\",\"keywords\":[\"April\",\"Easter holidays\",\"For 3-6 year olds\",\"For 7-12 year olds\",\"May\",\"Paris\"],\"articleSection\":[\"Ateliers\",\"News\"],\"inLanguage\":\"en-US\",\"potentialAction\":[{\"@type\":\"CommentAction\",\"name\":\"Comment\",\"target\":[\"https:\/\/www.familinparis.fr\/en\/the-world-with-the-family-easter-holiday-programme-2024\/#respond\"]}]},{\"@type\":\"WebPage\",\"@id\":\"https:\/\/www.familinparis.fr\/en\/the-world-with-the-family-easter-holiday-programme-2024\/\",\"url\":\"https:\/\/www.familinparis.fr\/en\/the-world-with-the-family-easter-holiday-programme-2024\/\",\"name\":\"\\\"The family world at Easter\\\" mus\u00e9e du quai Branly-Jacques Chirac\",\"isPartOf\":{\"@id\":\"https:\/\/www.familinparis.fr\/en\/#website\"},\"primaryImageOfPage\":{\"@id\":\"https:\/\/www.familinparis.fr\/en\/the-world-with-the-family-easter-holiday-programme-2024\/#primaryimage\"},\"image\":{\"@id\":\"https:\/\/www.familinparis.fr\/en\/the-world-with-the-family-easter-holiday-programme-2024\/#primaryimage\"},\"thumbnailUrl\":\"https:\/\/www.familinparis.fr\/wp-content\/uploads\/Mus\u00e9es\/Quai-Branly\/LE-MONDE-EN-FAMILLE-2025.jpg\",\"datePublished\":\"2026-04-13T07:23:36+00:00\",\"author\":{\"@id\":\"https:\/\/www.familinparis.fr\/en\/#\/schema\/person\/a87467bb417cd0c77d0a7bb5d1d78ac5\"},\"description\":\"From 6 to 21 April 2024 - \\\"THE WORLD IN THE FAMILY\\\": the programme for the Easter holidays>> . All family activities. - 3-12 years old.\",\"breadcrumb\":{\"@id\":\"https:\/\/www.familinparis.fr\/en\/the-world-with-the-family-easter-holiday-programme-2024\/#breadcrumb\"},\"inLanguage\":\"en-US\",\"potentialAction\":[{\"@type\":\"ReadAction\",\"target\":[\"https:\/\/www.familinparis.fr\/en\/the-world-with-the-family-easter-holiday-programme-2024\/\"]}]},{\"@type\":\"ImageObject\",\"inLanguage\":\"en-US\",\"@id\":\"https:\/\/www.familinparis.fr\/en\/the-world-with-the-family-easter-holiday-programme-2024\/#primaryimage\",\"url\":\"https:\/\/www.familinparis.fr\/wp-content\/uploads\/Mus\u00e9es\/Quai-Branly\/LE-MONDE-EN-FAMILLE-2025.jpg\",\"contentUrl\":\"https:\/\/www.familinparis.fr\/wp-content\/uploads\/Mus\u00e9es\/Quai-Branly\/LE-MONDE-EN-FAMILLE-2025.jpg\",\"width\":600,\"height\":1067,\"caption\":\"Le monde en famille, au mus\u00e9e du Quai Branly - Jacques Chirac\"},{\"@type\":\"BreadcrumbList\",\"@id\":\"https:\/\/www.familinparis.fr\/en\/the-world-with-the-family-easter-holiday-programme-2024\/#breadcrumb\",\"itemListElement\":[{\"@type\":\"ListItem\",\"position\":1,\"name\":\"Home\",\"item\":\"https:\/\/www.familinparis.fr\/en\/\"},{\"@type\":\"ListItem\",\"position\":2,\"name\":\"Workshops\",\"item\":\"https:\/\/www.familinparis.fr\/en\/categorie\/workshops\/\"},{\"@type\":\"ListItem\",\"position\":3,\"name\":\"The world with the family (Easter holiday programme 2024)\"}]},{\"@type\":\"WebSite\",\"@id\":\"https:\/\/www.familinparis.fr\/en\/#website\",\"url\":\"https:\/\/www.familinparis.fr\/en\/\",\"name\":\"Familin&#039;Paris\",\"description\":\"Visiter le meilleur de Paris avec des enfants : sorties, spectacles, adresses de restaurants, shopping, bons plans...\",\"potentialAction\":[{\"@type\":\"SearchAction\",\"target\":{\"@type\":\"EntryPoint\",\"urlTemplate\":\"https:\/\/www.familinparis.fr\/en\/?s={search_term_string}\"},\"query-input\":{\"@type\":\"PropertyValueSpecification\",\"valueRequired\":true,\"valueName\":\"search_term_string\"}}],\"inLanguage\":\"en-US\"},{\"@type\":\"Person\",\"@id\":\"https:\/\/www.familinparis.fr\/en\/#\/schema\/person\/a87467bb417cd0c77d0a7bb5d1d78ac5\",\"name\":\"olivia\",\"image\":{\"@type\":\"ImageObject\",\"inLanguage\":\"en-US\",\"@id\":\"https:\/\/secure.gravatar.com\/avatar\/cbca07f1dfea20f457a666a1b84ed5cf1364773d1378c6f10fd36c354eef1ef8?s=96&d=identicon&r=g\",\"url\":\"https:\/\/secure.gravatar.com\/avatar\/cbca07f1dfea20f457a666a1b84ed5cf1364773d1378c6f10fd36c354eef1ef8?s=96&d=identicon&r=g\",\"contentUrl\":\"https:\/\/secure.gravatar.com\/avatar\/cbca07f1dfea20f457a666a1b84ed5cf1364773d1378c6f10fd36c354eef1ef8?s=96&d=identicon&r=g\",\"caption\":\"olivia\"}}]}<\/script>\n<!-- \/ Yoast SEO plugin. -->","yoast_head_json":{"title":"\"The family world at Easter\" mus\u00e9e du quai Branly-Jacques Chirac","description":"From 6 to 21 April 2024 - \"THE WORLD IN THE FAMILY\": the programme for the Easter holidays>> . All family activities. - 3-12 years old.","robots":{"index":"index","follow":"follow","max-snippet":"max-snippet:-1","max-image-preview":"max-image-preview:large","max-video-preview":"max-video-preview:-1"},"canonical":"https:\/\/www.familinparis.fr\/en\/the-world-with-the-family-easter-holiday-programme-2024\/","og_locale":"en_US","og_type":"article","og_title":"\"The family world at Easter\" mus\u00e9e du quai Branly-Jacques Chirac","og_description":"From 6 to 21 April 2024 - \"THE WORLD IN THE FAMILY\": the programme for the Easter holidays>> . All family activities. - 3-12 years old.","og_url":"https:\/\/www.familinparis.fr\/en\/the-world-with-the-family-easter-holiday-programme-2024\/","og_site_name":"Familin&#039;Paris","article_published_time":"2026-04-13T07:23:36+00:00","og_image":[{"width":600,"height":1067,"url":"https:\/\/www.familinparis.fr\/wp-content\/uploads\/Mus\u00e9es\/Quai-Branly\/LE-MONDE-EN-FAMILLE-2025.jpg","type":"image\/jpeg"}],"author":"olivia","twitter_card":"summary_large_image","twitter_misc":{"Written by":"olivia","Est. reading time":"5 minutes"},"schema":{"@context":"https:\/\/schema.org","@graph":[{"@type":"Article","@id":"https:\/\/www.familinparis.fr\/en\/the-world-with-the-family-easter-holiday-programme-2024\/#article","isPartOf":{"@id":"https:\/\/www.familinparis.fr\/en\/the-world-with-the-family-easter-holiday-programme-2024\/"},"author":{"name":"olivia","@id":"https:\/\/www.familinparis.fr\/en\/#\/schema\/person\/a87467bb417cd0c77d0a7bb5d1d78ac5"},"headline":"The world with the family (Easter holiday programme 2024)","datePublished":"2026-04-13T07:23:36+00:00","mainEntityOfPage":{"@id":"https:\/\/www.familinparis.fr\/en\/the-world-with-the-family-easter-holiday-programme-2024\/"},"wordCount":947,"commentCount":0,"image":{"@id":"https:\/\/www.familinparis.fr\/en\/the-world-with-the-family-easter-holiday-programme-2024\/#primaryimage"},"thumbnailUrl":"https:\/\/www.familinparis.fr\/wp-content\/uploads\/Mus\u00e9es\/Quai-Branly\/LE-MONDE-EN-FAMILLE-2025.jpg","keywords":["April","Easter holidays","For 3-6 year olds","For 7-12 year olds","May","Paris"],"articleSection":["Ateliers","News"],"inLanguage":"en-US","potentialAction":[{"@type":"CommentAction","name":"Comment","target":["https:\/\/www.familinparis.fr\/en\/the-world-with-the-family-easter-holiday-programme-2024\/#respond"]}]},{"@type":"WebPage","@id":"https:\/\/www.familinparis.fr\/en\/the-world-with-the-family-easter-holiday-programme-2024\/","url":"https:\/\/www.familinparis.fr\/en\/the-world-with-the-family-easter-holiday-programme-2024\/","name":"\"The family world at Easter\" mus\u00e9e du quai Branly-Jacques Chirac","isPartOf":{"@id":"https:\/\/www.familinparis.fr\/en\/#website"},"primaryImageOfPage":{"@id":"https:\/\/www.familinparis.fr\/en\/the-world-with-the-family-easter-holiday-programme-2024\/#primaryimage"},"image":{"@id":"https:\/\/www.familinparis.fr\/en\/the-world-with-the-family-easter-holiday-programme-2024\/#primaryimage"},"thumbnailUrl":"https:\/\/www.familinparis.fr\/wp-content\/uploads\/Mus\u00e9es\/Quai-Branly\/LE-MONDE-EN-FAMILLE-2025.jpg","datePublished":"2026-04-13T07:23:36+00:00","author":{"@id":"https:\/\/www.familinparis.fr\/en\/#\/schema\/person\/a87467bb417cd0c77d0a7bb5d1d78ac5"},"description":"From 6 to 21 April 2024 - \"THE WORLD IN THE FAMILY\": the programme for the Easter holidays>> . All family activities. - 3-12 years old.","breadcrumb":{"@id":"https:\/\/www.familinparis.fr\/en\/the-world-with-the-family-easter-holiday-programme-2024\/#breadcrumb"},"inLanguage":"en-US","potentialAction":[{"@type":"ReadAction","target":["https:\/\/www.familinparis.fr\/en\/the-world-with-the-family-easter-holiday-programme-2024\/"]}]},{"@type":"ImageObject","inLanguage":"en-US","@id":"https:\/\/www.familinparis.fr\/en\/the-world-with-the-family-easter-holiday-programme-2024\/#primaryimage","url":"https:\/\/www.familinparis.fr\/wp-content\/uploads\/Mus\u00e9es\/Quai-Branly\/LE-MONDE-EN-FAMILLE-2025.jpg","contentUrl":"https:\/\/www.familinparis.fr\/wp-content\/uploads\/Mus\u00e9es\/Quai-Branly\/LE-MONDE-EN-FAMILLE-2025.jpg","width":600,"height":1067,"caption":"Le monde en famille, au mus\u00e9e du Quai Branly - Jacques Chirac"},{"@type":"BreadcrumbList","@id":"https:\/\/www.familinparis.fr\/en\/the-world-with-the-family-easter-holiday-programme-2024\/#breadcrumb","itemListElement":[{"@type":"ListItem","position":1,"name":"Home","item":"https:\/\/www.familinparis.fr\/en\/"},{"@type":"ListItem","position":2,"name":"Workshops","item":"https:\/\/www.familinparis.fr\/en\/categorie\/workshops\/"},{"@type":"ListItem","position":3,"name":"The world with the family (Easter holiday programme 2024)"}]},{"@type":"WebSite","@id":"https:\/\/www.familinparis.fr\/en\/#website","url":"https:\/\/www.familinparis.fr\/en\/","name":"Familin&#039;Paris","description":"Visiter le meilleur de Paris avec des enfants : sorties, spectacles, adresses de restaurants, shopping, bons plans...","potentialAction":[{"@type":"SearchAction","target":{"@type":"EntryPoint","urlTemplate":"https:\/\/www.familinparis.fr\/en\/?s={search_term_string}"},"query-input":{"@type":"PropertyValueSpecification","valueRequired":true,"valueName":"search_term_string"}}],"inLanguage":"en-US"},{"@type":"Person","@id":"https:\/\/www.familinparis.fr\/en\/#\/schema\/person\/a87467bb417cd0c77d0a7bb5d1d78ac5","name":"olivia","image":{"@type":"ImageObject","inLanguage":"en-US","@id":"https:\/\/secure.gravatar.com\/avatar\/cbca07f1dfea20f457a666a1b84ed5cf1364773d1378c6f10fd36c354eef1ef8?s=96&d=identicon&r=g","url":"https:\/\/secure.gravatar.com\/avatar\/cbca07f1dfea20f457a666a1b84ed5cf1364773d1378c6f10fd36c354eef1ef8?s=96&d=identicon&r=g","contentUrl":"https:\/\/secure.gravatar.com\/avatar\/cbca07f1dfea20f457a666a1b84ed5cf1364773d1378c6f10fd36c354eef1ef8?s=96&d=identicon&r=g","caption":"olivia"}}]}},"uagb_featured_image_src":{"full":["https:\/\/www.familinparis.fr\/wp-content\/uploads\/Mus\u00e9es\/Quai-Branly\/LE-MONDE-EN-FAMILLE-2025.jpg",600,1067,false],"thumbnail":["https:\/\/www.familinparis.fr\/wp-content\/uploads\/Mus\u00e9es\/Quai-Branly\/LE-MONDE-EN-FAMILLE-2025-150x150.jpg",150,150,true],"medium":["https:\/\/www.familinparis.fr\/wp-content\/uploads\/Mus\u00e9es\/Quai-Branly\/LE-MONDE-EN-FAMILLE-2025-169x300.jpg",169,300,true],"medium_large":["https:\/\/www.familinparis.fr\/wp-content\/uploads\/Mus\u00e9es\/Quai-Branly\/LE-MONDE-EN-FAMILLE-2025.jpg",600,1067,false],"large":["https:\/\/www.familinparis.fr\/wp-content\/uploads\/Mus\u00e9es\/Quai-Branly\/LE-MONDE-EN-FAMILLE-2025-576x1024.jpg",576,1024,true],"1536x1536":["https:\/\/www.familinparis.fr\/wp-content\/uploads\/Mus\u00e9es\/Quai-Branly\/LE-MONDE-EN-FAMILLE-2025.jpg",600,1067,false],"2048x2048":["https:\/\/www.familinparis.fr\/wp-content\/uploads\/Mus\u00e9es\/Quai-Branly\/LE-MONDE-EN-FAMILLE-2025.jpg",600,1067,false],"home-thumb":["https:\/\/www.familinparis.fr\/wp-content\/uploads\/Mus\u00e9es\/Quai-Branly\/LE-MONDE-EN-FAMILLE-2025-410x730.jpg",410,730,true],"home-slider":["https:\/\/www.familinparis.fr\/wp-content\/uploads\/Mus\u00e9es\/Quai-Branly\/LE-MONDE-EN-FAMILLE-2025-600x600.jpg",600,600,true],"lightbox-slider-size":["https:\/\/www.familinparis.fr\/wp-content\/uploads\/Mus\u00e9es\/Quai-Branly\/LE-MONDE-EN-FAMILLE-2025-564x282.jpg",564,282,true],"post-thumbnail":["https:\/\/www.familinparis.fr\/wp-content\/uploads\/Mus\u00e9es\/Quai-Branly\/LE-MONDE-EN-FAMILLE-2025-270x180.jpg",270,180,true],"cheerup-main":["https:\/\/www.familinparis.fr\/wp-content\/uploads\/Mus\u00e9es\/Quai-Branly\/LE-MONDE-EN-FAMILLE-2025-600x400.jpg",600,400,true],"cheerup-main-full":["https:\/\/www.familinparis.fr\/wp-content\/uploads\/Mus\u00e9es\/Quai-Branly\/LE-MONDE-EN-FAMILLE-2025-600x508.jpg",600,508,true],"cheerup-slider-alt":["https:\/\/www.familinparis.fr\/wp-content\/uploads\/Mus\u00e9es\/Quai-Branly\/LE-MONDE-EN-FAMILLE-2025-600x508.jpg",600,508,true],"cheerup-slider-trendy":["https:\/\/www.familinparis.fr\/wp-content\/uploads\/Mus\u00e9es\/Quai-Branly\/LE-MONDE-EN-FAMILLE-2025-600x508.jpg",600,508,true],"cheerup-slider-stylish":["https:\/\/www.familinparis.fr\/wp-content\/uploads\/Mus\u00e9es\/Quai-Branly\/LE-MONDE-EN-FAMILLE-2025-600x515.jpg",600,515,true],"cheerup-slider-grid":["https:\/\/www.familinparis.fr\/wp-content\/uploads\/Mus\u00e9es\/Quai-Branly\/LE-MONDE-EN-FAMILLE-2025-600x600.jpg",600,600,true],"cheerup-slider-grid-sm":["https:\/\/www.familinparis.fr\/wp-content\/uploads\/Mus\u00e9es\/Quai-Branly\/LE-MONDE-EN-FAMILLE-2025-300x300.jpg",300,300,true],"cheerup-slider-carousel":["https:\/\/www.familinparis.fr\/wp-content\/uploads\/Mus\u00e9es\/Quai-Branly\/LE-MONDE-EN-FAMILLE-2025-370x370.jpg",370,370,true],"cheerup-slider-grid-b":["https:\/\/www.familinparis.fr\/wp-content\/uploads\/Mus\u00e9es\/Quai-Branly\/LE-MONDE-EN-FAMILLE-2025-554x466.jpg",554,466,true],"cheerup-slider-grid-b-sm":["https:\/\/www.familinparis.fr\/wp-content\/uploads\/Mus\u00e9es\/Quai-Branly\/LE-MONDE-EN-FAMILLE-2025-306x466.jpg",306,466,true],"cheerup-slider-bold-sm":["https:\/\/www.familinparis.fr\/wp-content\/uploads\/Mus\u00e9es\/Quai-Branly\/LE-MONDE-EN-FAMILLE-2025-150x150.jpg",150,150,true],"cheerup-grid":["https:\/\/www.familinparis.fr\/wp-content\/uploads\/Mus\u00e9es\/Quai-Branly\/LE-MONDE-EN-FAMILLE-2025-370x285.jpg",370,285,true],"cheerup-carousel":["https:\/\/www.familinparis.fr\/wp-content\/uploads\/Mus\u00e9es\/Quai-Branly\/LE-MONDE-EN-FAMILLE-2025-270x180.jpg",270,180,true],"cheerup-carousel-b":["https:\/\/www.familinparis.fr\/wp-content\/uploads\/Mus\u00e9es\/Quai-Branly\/LE-MONDE-EN-FAMILLE-2025-370x285.jpg",370,285,true],"cheerup-list":["https:\/\/www.familinparis.fr\/wp-content\/uploads\/Mus\u00e9es\/Quai-Branly\/LE-MONDE-EN-FAMILLE-2025-260x200.jpg",260,200,true],"cheerup-list-b":["https:\/\/www.familinparis.fr\/wp-content\/uploads\/Mus\u00e9es\/Quai-Branly\/LE-MONDE-EN-FAMILLE-2025-370x305.jpg",370,305,true],"cheerup-thumb":["https:\/\/www.familinparis.fr\/wp-content\/uploads\/Mus\u00e9es\/Quai-Branly\/LE-MONDE-EN-FAMILLE-2025-87x67.jpg",87,67,true],"cheerup-thumb-alt":["https:\/\/www.familinparis.fr\/wp-content\/uploads\/Mus\u00e9es\/Quai-Branly\/LE-MONDE-EN-FAMILLE-2025-150x150.jpg",150,150,true]},"uagb_author_info":{"display_name":"olivia","author_link":"https:\/\/www.familinparis.fr\/en\/author\/olivia\/"},"uagb_comment_info":0,"uagb_excerpt":"From 6 to 21 April 2024","_links":{"self":[{"href":"https:\/\/www.familinparis.fr\/en\/wp-json\/wp\/v2\/posts\/134374","targetHints":{"allow":["GET"]}}],"collection":[{"href":"https:\/\/www.familinparis.fr\/en\/wp-json\/wp\/v2\/posts"}],"about":[{"href":"https:\/\/www.familinparis.fr\/en\/wp-json\/wp\/v2\/types\/post"}],"author":[{"embeddable":true,"href":"https:\/\/www.familinparis.fr\/en\/wp-json\/wp\/v2\/users\/5"}],"replies":[{"embeddable":true,"href":"https:\/\/www.familinparis.fr\/en\/wp-json\/wp\/v2\/comments?post=134374"}],"version-history":[{"count":0,"href":"https:\/\/www.familinparis.fr\/en\/wp-json\/wp\/v2\/posts\/134374\/revisions"}],"wp:featuredmedia":[{"embeddable":true,"href":"https:\/\/www.familinparis.fr\/en\/wp-json\/wp\/v2\/media\/148001"}],"wp:attachment":[{"href":"https:\/\/www.familinparis.fr\/en\/wp-json\/wp\/v2\/media?parent=134374"}],"wp:term":[{"taxonomy":"category","embeddable":true,"href":"https:\/\/www.familinparis.fr\/en\/wp-json\/wp\/v2\/categories?post=134374"},{"taxonomy":"post_tag","embeddable":true,"href":"https:\/\/www.familinparis.fr\/en\/wp-json\/wp\/v2\/tags?post=134374"}],"curies":[{"name":"wp","href":"https:\/\/api.w.org\/{rel}","templated":true}]}}