{"id":134274,"date":"2025-05-01T10:47:00","date_gmt":"2025-05-01T08:47:00","guid":{"rendered":"https:\/\/www.familinparis.fr\/rendezvous-in-the-gardens-2024\/"},"modified":"2026-02-12T13:19:43","modified_gmt":"2026-02-12T11:19:43","slug":"rendezvous-in-the-gardens-2024","status":"publish","type":"post","link":"https:\/\/www.familinparis.fr\/en\/rendezvous-in-the-gardens-2024\/","title":{"rendered":"Rendezvous in the gardens 2024"},"content":{"rendered":"<div class=\"lazyblock-baseline-1WSUt7 wp-block-lazyblock-baseline\"><div class=\"baseline\">&#8211; \u00c9V\u00c8NEMENT GRATUIT TERMIN\u00c9- <\/div><\/div><div class=\"lazyblock-infos-pratiques-Z1sDlVf wp-block-lazyblock-infos-pratiques\"><div class=\"read-more go-to\" data-goto=\"infos-sup\">\n  <a href=\"#\">\n    <span class=\"rien\">\n      <i class=\"fa fa-map-marker\"><\/i> See practical information    <\/span>\n  <\/a>\n<\/div><\/div>\n<div style=\"height:19px\" aria-hidden=\"true\" class=\"wp-block-spacer\"><\/div>\n<div class=\"lazyblock-grids-2iF71x wp-block-lazyblock-grids\"><div class=\"row new-grids grids-style-2\">\n        <div class=\"col-12 grid-title\">\n        <h2 class=\"c-blue\">Que faire \u00e0 Paris par beau temps ?<\/h2>\n\n            <\/div>\n        \n    <div class=\"col-12 grids columns-4\">\n        \n\n<div class=\"grid\">\n\t<a href=\"https:\/\/www.familinparis.fr\/en\/happy-holi-jardin-acclimatation\/\" target=\"_self\">\n\t    <div class=\"image\" style=\"background-image:url('https:\/\/www.familinparis.fr\/wp-content\/uploads\/actualites\/HOLI-mise-en-avant-564x282.jpg')\">\n\t    \t\t    \t<div class=\"dateOnImg\">Sunday, May 26, 2024<\/div>\n\t    \t\t\t\t\t    <\/div>\n\t    <div class=\"texte\">\n\t        <h5>At the Jardin d&#8217;Acclimatation<\/h5>\n\t        <h3>Happy Holi 2025<\/h3>\n\t        <div class=\"tags\">\n\t        \t\t        \t\t<span>All audiences<\/span>\n\t        \t\t        \t<span>From 10:00 am to 7:00 pm<\/span>\n\t        <\/div>\n\t        <div class=\"bas\">\n        \t\t<div class=\"prix\">\n        \t\t\t        \t\t<\/div>\n            \t<div class=\"review-stars\" data-productId=\"\">\n            \t<\/div>\n\t        <\/div>\n\t    <\/div>\n\t<\/a>\n<\/div>\n\n<div class=\"grid\">\n\t<a href=\"https:\/\/www.familinparis.fr\/en\/the-castle-of-vaux-le-vicomte\/\" target=\"_self\">\n\t    <div class=\"image\" style=\"background-image:url('https:\/\/www.familinparis.fr\/wp-content\/uploads\/Chateaux\/vaux-le-vicomte\/Vaux-le-vicomte-dome-@FamilinParis-564x282.jpg')\">\n\t    \t\t\t\t\t    <\/div>\n\t    <div class=\"texte\">\n\t        <h5><\/h5>\n\t        <h3>The castle of Vaux-le-Vicomte<\/h3>\n\t        <div class=\"tags\">\n\t        \t\t        \t<span><\/span>\n\t        <\/div>\n\t        <div class=\"bas\">\n        \t\t<div class=\"prix\">\n        \t\t\t        \t\t<\/div>\n            \t<div class=\"review-stars\" data-productId=\"\">\n            \t<\/div>\n\t        <\/div>\n\t    <\/div>\n\t<\/a>\n<\/div>\n\n<div class=\"grid\">\n\t<a href=\"https:\/\/www.familinparis.fr\/en\/virtual-reality-guided-tour-of-the-eiffel-tower-district-the-symbol-of-paris\/\" target=\"_self\">\n\t    <div class=\"image\" style=\"background-image:url('https:\/\/www.familinparis.fr\/wp-content\/uploads\/2026\/04\/experience_VR_le_symbole_de_paris-564x282.png')\">\n\t    \t\t    \t<div class=\"dateOnImg\">until May 31, 2026<\/div>\n\t    \t\t\t\t\t    <\/div>\n\t    <div class=\"texte\">\n\t        <h5>Champs de Mars, Paris 7th<\/h5>\n\t        <h3>The Symbol of Paris &#8211; VR Experience<\/h3>\n\t        <div class=\"tags\">\n\t        \t\t        \t\t<span>RV tour<\/span>\n\t        \t\t        \t<span>1h<\/span>\n\t        <\/div>\n\t        <div class=\"bas\">\n        \t\t<div class=\"prix\">\n        \t\t\t\t        \t\t\t<span>From<\/span>\n\t        \t\t\t<span class=\"\">19\u20ac\u20ac<\/span>\n\t        \t\t\t\t        \t\t        \t\t<\/div>\n            \t<div class=\"review-stars\" data-productId=\"\">\n            \t<\/div>\n\t        <\/div>\n\t    <\/div>\n\t<\/a>\n<\/div>\n\n<div class=\"grid\">\n\t<a href=\"https:\/\/www.familinparis.fr\/en\/les-grandes-eaux-musicales\/\" target=\"_self\">\n\t    <div class=\"image\" style=\"background-image:url('https:\/\/www.familinparis.fr\/wp-content\/uploads\/Chateaux\/Versailles\/Versailles-fontaines-PLD-564x282.jpg')\">\n\t    \t\t    \t<div class=\"dateOnImg\">Until November 1, 2026<\/div>\n\t    \t\t\t\t\t    <\/div>\n\t    <div class=\"texte\">\n\t        <h5>Palace of Versailles Park (78)<\/h5>\n\t        <h3>The Musical Fountains Show<\/h3>\n\t        <div class=\"tags\">\n\t        \t\t        \t\t<span>Park<\/span>\n\t        \t\t        \t<span>Min 2 hours<\/span>\n\t        <\/div>\n\t        <div class=\"bas\">\n        \t\t<div class=\"prix\">\n        \t\t\t        \t\t<\/div>\n            \t<div class=\"review-stars\" data-productId=\"\">\n            \t<\/div>\n\t        <\/div>\n\t    <\/div>\n\t<\/a>\n<\/div>\n\n<div class=\"grid\">\n\t<a href=\"https:\/\/www.familinparis.fr\/en\/visite-en-famille-street-art-butte-aux-cailles-13eme\/\" target=\"_self\">\n\t    <div class=\"image\" style=\"background-image:url('https:\/\/www.familinparis.fr\/wp-content\/uploads\/photos-familinparis-2021\/quartier\/street-art-butte-aux-cailles-\u00a9FamilinParis-564x282.jpg')\">\n\t    \t\t    \t<div class=\"dateOnImg\">24 ao\u00fbt<\/div>\n\t    \t\t\t\t\t    <\/div>\n\t    <div class=\"texte\">\n\t        <h5>Dans le quartier de la Butte-aux-Cailles<\/h5>\n\t        <h3>Street Art explained to children + mini-workshop (family visit)<\/h3>\n\t        <div class=\"tags\">\n\t        \t\t        \t\t<span>D\u00e8s 7 ans<\/span>\n\t        \t\t        \t<span><\/span>\n\t        <\/div>\n\t        <div class=\"bas\">\n        \t\t<div class=\"prix\">\n        \t\t\t\t        \t\t\t<span>From<\/span>\n\t        \t\t\t<span class=\"\">17\u20ac<\/span>\n\t        \t\t\t\t        \t\t        \t\t<\/div>\n            \t<div class=\"review-stars\" data-productId=\"210\">\n            \t<\/div>\n\t        <\/div>\n\t    <\/div>\n\t<\/a>\n<\/div>\n\n<div class=\"grid\">\n\t<a href=\"https:\/\/www.familinparis.fr\/en\/tree-climbing-around-paris\/\" target=\"_self\">\n\t    <div class=\"image\" style=\"background-image:url('https:\/\/www.familinparis.fr\/wp-content\/uploads\/LOISIRS\/accrobranche\/accrobranche-a-paris-et-environ-de-paris-564x282.jpg')\">\n\t    \t\t\t\t\t    <\/div>\n\t    <div class=\"texte\">\n\t        <h5><\/h5>\n\t        <h3>Tree climbing around Paris<\/h3>\n\t        <div class=\"tags\">\n\t        \t\t        \t<span><\/span>\n\t        <\/div>\n\t        <div class=\"bas\">\n        \t\t<div class=\"prix\">\n        \t\t\t        \t\t<\/div>\n            \t<div class=\"review-stars\" data-productId=\"\">\n            \t<\/div>\n\t        <\/div>\n\t    <\/div>\n\t<\/a>\n<\/div>\n\n<div class=\"grid\">\n\t<a href=\"https:\/\/www.familinparis.fr\/en\/tell-me-about-montmartre-fun-tour\/\" target=\"_self\">\n\t    <div class=\"image\" style=\"background-image:url('https:\/\/www.familinparis.fr\/wp-content\/uploads\/photos-partenaires\/visite-guidee\/visite-ludique-en-famille-a-montmartre-564x282.jpg')\">\n\t    \t\t    \t<div class=\"dateOnImg\">Multiple dates<\/div>\n\t    \t\t\t\t\t    <\/div>\n\t    <div class=\"texte\">\n\t        <h5>In Montmartre (18th)<\/h5>\n\t        <h3>Tell me about Montmartre (fun tour)<\/h3>\n\t        <div class=\"tags\">\n\t        \t\t        \t\t<span>From 6 years old<\/span>\n\t        \t\t        \t<span>1h30<\/span>\n\t        <\/div>\n\t        <div class=\"bas\">\n        \t\t<div class=\"prix\">\n        \t\t\t        \t\t<\/div>\n            \t<div class=\"review-stars\" data-productId=\"163\">\n            \t<\/div>\n\t        <\/div>\n\t    <\/div>\n\t<\/a>\n<\/div>\n\n<div class=\"grid\">\n\t<a href=\"https:\/\/www.familinparis.fr\/en\/mystery-children-cruise-of-paris\/\" target=\"_self\">\n\t    <div class=\"image\" style=\"background-image:url('https:\/\/www.familinparis.fr\/wp-content\/uploads\/photos-partenaires\/vedette-de-paris-\u00a9Couloir3_VDP16-564x282.jpg')\">\n\t    \t\t    \t<div class=\"dateOnImg\">7 days a week<\/div>\n\t    \t\t\t\t\t    <\/div>\n\t    <div class=\"texte\">\n\t        <h5>At the foot of the Eiffel Tower<\/h5>\n\t        <h3>Family Cruise of the Vedettes de Paris<\/h3>\n\t        <div class=\"tags\">\n\t        \t\t        \t\t<span>PROMO on duo tickets<\/span>\n\t        \t\t        \t<span>1h<\/span>\n\t        <\/div>\n\t        <div class=\"bas\">\n        \t\t<div class=\"prix\">\n        \t\t\t\t        \t\t\t<span>From<\/span>\n\t        \t\t\t<span class=\"chiffre-barre\">9\u20ac<\/span>\n\t        \t\t\t<span class=\"chiffre\">8,50\u20ac<\/span>\t        \t\t        \t\t<\/div>\n            \t<div class=\"review-stars\" data-productId=\"4\">\n            \t<\/div>\n\t        <\/div>\n\t    <\/div>\n\t<\/a>\n<\/div>\n\n<div class=\"grid\">\n\t<a href=\"https:\/\/www.familinparis.fr\/en\/nature-festival-2024\/\" target=\"_self\">\n\t    <div class=\"image\" style=\"background-image:url('https:\/\/www.familinparis.fr\/wp-content\/uploads\/2025\/05\/fete-de-la-nature-2025-large-564x282.jpg')\">\n\t    \t\t\t\t\t    <\/div>\n\t    <div class=\"texte\">\n\t        <h5><\/h5>\n\t        <h3>Nature Festival 2024<\/h3>\n\t        <div class=\"tags\">\n\t        \t\t        \t<span><\/span>\n\t        <\/div>\n\t        <div class=\"bas\">\n        \t\t<div class=\"prix\">\n        \t\t\t        \t\t<\/div>\n            \t<div class=\"review-stars\" data-productId=\"\">\n            \t<\/div>\n\t        <\/div>\n\t    <\/div>\n\t<\/a>\n<\/div>\n\n<div class=\"grid\">\n\t<a href=\"https:\/\/www.familinparis.fr\/en\/the-heroes-of-mythology-at-the-tuileries-visit-treasure-hunt\/\" target=\"_self\">\n\t    <div class=\"image\" style=\"background-image:url('https:\/\/www.familinparis.fr\/wp-content\/uploads\/photos-partenaires\/visite-guidee\/heros-de-la-mythologie-tuileries-ludo-et-sophie-564x282.jpg')\">\n\t    \t\t    \t<div class=\"dateOnImg\">Multiple dates<\/div>\n\t    \t\t\t\t\t    <\/div>\n\t    <div class=\"texte\">\n\t        <h5>At the Tuileries (Paris 1st)<\/h5>\n\t        <h3>The heroes of Mythology at the Tuileries (visit-treasure hunt)<\/h3>\n\t        <div class=\"tags\">\n\t        \t\t        \t\t<span>6-12 years old<\/span>\n\t        \t\t        \t<span>1h30<\/span>\n\t        <\/div>\n\t        <div class=\"bas\">\n        \t\t<div class=\"prix\">\n        \t\t\t\t        \t\t\t<span>From<\/span>\n\t        \t\t\t<span class=\"\">18\u20ac<\/span>\n\t        \t\t\t\t        \t\t        \t\t<\/div>\n            \t<div class=\"review-stars\" data-productId=\"158\">\n            \t<\/div>\n\t        <\/div>\n\t    <\/div>\n\t<\/a>\n<\/div>\n\n<div class=\"grid\">\n\t<a href=\"https:\/\/www.familinparis.fr\/en\/guided-tour-of-paris-under-the-occupation-josephine-baker-elyrea\/\" target=\"_self\">\n\t    <div class=\"image\" style=\"background-image:url('https:\/\/www.familinparis.fr\/wp-content\/uploads\/Visite-theatralisee\/visite-josephine-baker-564x282.jpg')\">\n\t    \t\t    \t<div class=\"dateOnImg\">mercredi, samedi, dimanche<\/div>\n\t    \t\t\t\t\t\t\t\t<div class=\"rond-blanc-age\"><span>from <span class=\"age-number\">10<\/span> yo<\/span><\/div>\n\t\t\t\t    <\/div>\n\t    <div class=\"texte\">\n\t        <h5>Quartier de l&#8217;Op\u00e9ra<\/h5>\n\t        <h3>Josephine Baker and Paris under the Occupation<\/h3>\n\t        <div class=\"tags\">\n\t        \t\t        \t\t<span>VISITE TH\u00c9\u00c2TRALIS\u00c9E<\/span>\n\t        \t\t        \t<span>1h30<\/span>\n\t        <\/div>\n\t        <div class=\"bas\">\n        \t\t<div class=\"prix\">\n        \t\t\t        \t\t<\/div>\n            \t<div class=\"review-stars\" data-productId=\"\">\n            \t<\/div>\n\t        <\/div>\n\t    <\/div>\n\t<\/a>\n<\/div>\n\n<div class=\"grid\">\n\t<a href=\"https:\/\/www.familinparis.fr\/en\/idees-avec-un-ado-pour-les-vacances-de-paques-autour-de-paris\/\" target=\"_self\">\n\t    <div class=\"image\" style=\"background-image:url('https:\/\/www.familinparis.fr\/wp-content\/uploads\/Visites-Insolites\/Versailles\/2-heures-roi-versailles-564x282.jpg')\">\n\t    \t\t\t\t\t    <\/div>\n\t    <div class=\"texte\">\n\t        <h5><\/h5>\n\t        <h3>What to do with a teenager outside Paris at Easter?<\/h3>\n\t        <div class=\"tags\">\n\t        \t\t        \t<span><\/span>\n\t        <\/div>\n\t        <div class=\"bas\">\n        \t\t<div class=\"prix\">\n        \t\t\t        \t\t<\/div>\n            \t<div class=\"review-stars\" data-productId=\"\">\n            \t<\/div>\n\t        <\/div>\n\t    <\/div>\n\t<\/a>\n<\/div>    <\/div>\n\n    \n    \n\n<\/div>\n<\/div>\n<figure class=\"wp-block-image size-full is-resized\"><img decoding=\"async\" width=\"600\" height=\"900\" src=\"https:\/\/www.familinparis.fr\/wp-content\/uploads\/actualites\/juin\/RDV-Jardin-2025-Affich.jpg\" alt=\"Rendez-vous au jardin\" class=\"wp-image-142298\" style=\"width:812px;height:auto\" srcset=\"https:\/\/www.familinparis.fr\/wp-content\/uploads\/actualites\/juin\/RDV-Jardin-2025-Affich.jpg 600w, https:\/\/www.familinparis.fr\/wp-content\/uploads\/actualites\/juin\/RDV-Jardin-2025-Affich-200x300.jpg 200w, https:\/\/www.familinparis.fr\/wp-content\/uploads\/actualites\/juin\/RDV-Jardin-2025-Affich-487x730.jpg 487w\" sizes=\"(max-width: 600px) 100vw, 600px\" \/><\/figure>\n\n<div style=\"height:13px\" aria-hidden=\"true\" class=\"wp-block-spacer\"><\/div>\n\n<div class=\"wp-block-columns is-layout-flex wp-container-core-columns-is-layout-9d6595d7 wp-block-columns-is-layout-flex\">\n<div class=\"wp-block-column is-layout-flow wp-block-column-is-layout-flow\">\n<section class=\"wp-block-uagb-section uagb-section__wrap uagb-section__background-none uagb-block-e5b0db20\"><div class=\"uagb-section__overlay\"><\/div><div class=\"uagb-section__inner-wrap\">\n<ul class=\"wp-block-list\">\n<li><strong>Age:<\/strong> for all<\/li>\n\n\n\n<li><strong>Where<\/strong>: in Paris and throughout <a href=\"https:\/\/www.familinparis.fr\/en\/activities-and-outings-in-ile-de-france\/\">the \u00cele-de-France<\/a> region<\/li>\n\n\n\n<li><strong>Quand <\/strong>:\u00a0du 6 au 8 juin 2025, pendant le Week-end de la Pentec\u00f4te<\/li>\n\n\n\n<li><strong>Opening hours<\/strong> : all day<\/li>\n\n\n\n<li><strong>Prices<\/strong> : free except workshops<\/li>\n\n\n\n<li><strong>Registration<\/strong> :  \n<ul class=\"wp-block-list\">\n<li>For workshops and visits, it is advisable to find out how to register  <\/li>\n<\/ul>\n<\/li>\n<\/ul>\n\n\n\n<div style=\"height:50px\" aria-hidden=\"true\" class=\"wp-block-spacer\"><\/div>\n\n\n\n<div class=\"wp-block-buttons is-layout-flex wp-block-buttons-is-layout-flex\">\n<div class=\"wp-block-button\"><a class=\"wp-block-button__link has-white-color has-text-color has-background has-link-color wp-element-button\" href=\"https:\/\/www.parcsetjardins.fr\/actualites\/manifestations-nationales\/rendez-vous-aux-jardins-2025-2315\" style=\"background-color:#db384b\" target=\"_blank\" rel=\" noreferrer noopener nofollow\">Le Programme des Rendez-vous au jardin 2025<\/a><\/div>\n<\/div>\n\n\n\n<div style=\"height:48px\" aria-hidden=\"true\" class=\"wp-block-spacer\"><\/div>\n<\/div><\/section>\n\n\n\n<div style=\"height:198px\" aria-hidden=\"true\" class=\"wp-block-spacer\"><\/div>\n<\/div>\n\n\n\n<div class=\"wp-block-column is-layout-flow wp-block-column-is-layout-flow\">\n<section class=\"wp-block-uagb-section uagb-section__wrap uagb-section__background-none uagb-block-1807e0b3\"><div class=\"uagb-section__overlay\"><\/div><div class=\"uagb-section__inner-wrap\">\n<h2 class=\"wp-block-heading\">Un week-end en famille et en pleine nature sous le signe <strong>&#8220;Jardins de pierres, pierres de jardins<\/strong>&#8220;<\/h2>\n\n\n\n<p>Cette ann\u00e9e ce sont <strong>les liens entre le min\u00e9ral et le v\u00e9g\u00e9tal,<\/strong> en explorant la mani\u00e8re dont la pierre fa\u00e7onne et enrichit nos espaces verts qui seront \u00e0 l&#8217;honneur pour f\u00eater la 22<sup>e<\/sup> \u00e9dition des <strong>Rendez-vous aux jardins<\/strong><\/p>\n\n\n\n<p>ateliers et visites accompagn\u00e9s de professionnels : jardiniers, guides conf\u00e9renciers et m\u00eame historiens, tous passionn\u00e9s et amoureux des jardins !<\/p>\n\n\n\n<h2 class=\"wp-block-heading\"><strong>Au programme<\/strong> : <\/h2>\n\n\n\n<p>Au fil de la balade, notre regard sera tourn\u00e9 vers les pierres lev\u00e9es en Chine et l&#8217;influence des jardins de pierres d&#8217;Extr\u00eame Orient, les grottes, ruines et rochers qui ont fait la mode des jardins au XVIIIe si\u00e8cle, les jardins d&#8217;\u00e9ternit\u00e9 que sont les cimeti\u00e8res (qui rec\u00e8lent une faune et une flore insoup\u00e7onn\u00e9es) &#8230; <\/p>\n\n\n\n<p>Et pour nous transporter plus loin dans l&#8217;histoire et \u00e9veiller notre imaginaire, nous les \u00e9couterons parler de la statuaire et du mobilier en pierre, de la rocaille, des fontaines, de leurs ornements et de l&#8217;eau &#8230;<\/p>\n\n\n\n<p>Les Rendez-vous aux jardins seront encore une fois passionnants. A d\u00e9couvrir sous l&#8217;angle de la min\u00e9ralit\u00e9, de l&#8217;art et de la beaut\u00e9 !<\/p>\n\n\n\n<p>It&#8217;s an ideal moment to share with children away from screens and in contact with simple and beautiful things<\/p>\n<\/div><\/section>\n<\/div>\n<\/div>\n\n<div style=\"height:52px\" aria-hidden=\"true\" class=\"wp-block-spacer\"><\/div>\n\n<h2 class=\"wp-block-heading has-text-align-center has-luminous-vivid-orange-color has-text-color has-link-color wp-elements-cba2d09955db9c759ee0e50e823bfe56\">Edition 2025 &#8211; JARDINS DE PIERRES &#8211; PIERRES DE JARDINS \ud83c\udf33<\/h2>\n\n<div style=\"height:42px\" aria-hidden=\"true\" class=\"wp-block-spacer\"><\/div>\n\n<div class=\"wp-block-columns is-layout-flex wp-container-core-columns-is-layout-9d6595d7 wp-block-columns-is-layout-flex\">\n<div class=\"wp-block-column is-layout-flow wp-block-column-is-layout-flow\" style=\"flex-basis:50%\">\n<section class=\"wp-block-uagb-section uagb-section__wrap uagb-section__background-none uagb-block-e16dd589\"><div class=\"uagb-section__overlay\"><\/div><div class=\"uagb-section__inner-wrap\">\n<h2 class=\"wp-block-heading\"> Domaine national du Palais-Royal &#8211; (1er)<\/h2>\n\n\n\n<ul class=\"wp-block-list\">\n<li>Samedi et dimanche &#8211; de 10h30 \u00e0 11h45 et de 14h30 \u00e0 15h45<\/li>\n\n\n\n<li>Guided walk with the garden teams<\/li>\n\n\n\n<li>&#8220;Une histoire des sculptures dans le jardin du Palais-Royal&#8221; et <mark style=\"background-color:rgba(0, 0, 0, 0)\" class=\"has-inline-color has-luminous-vivid-orange-color\">&#8220;On met les voiles &#8221; (petits bateaux sur l&#8217;eau du bassin pour petits et grands)<\/mark><\/li>\n<\/ul>\n<\/div><\/section>\n\n\n\n<div style=\"height:19px\" aria-hidden=\"true\" class=\"wp-block-spacer\"><\/div>\n\n\n\n<section class=\"wp-block-uagb-section uagb-section__wrap uagb-section__background-none uagb-block-56982958\"><div class=\"uagb-section__overlay\"><\/div><div class=\"uagb-section__inner-wrap\">\n<h2 class=\"wp-block-heading\"><a href=\"\/le-jardin-des-tuileries\/\">Jardin des Tuileries<\/a>, entr\u00e9e Lemonnier &amp; Domaine national du Louvre (1er)<\/h2>\n\n\n\n<ul id=\"block-2b041c04-2add-43e6-9e58-3b5c213079bd\" class=\"wp-block-list\">\n<li>Samedi et dimanche 10h30 &#8211; 12h &#8211; &#8220;Visite d\u00e9couverte des sculptures du jardin&#8221;<\/li>\n\n\n\n<li><strong>Samedi et et dimanche 14h30-18h30 <\/strong>&#8211; &#8220;<mark style=\"background-color:rgba(0, 0, 0, 0)\" class=\"has-inline-color has-luminous-vivid-orange-color\">Atelier familles La grotte merveilleuse de Bernard Palissy&#8221;<\/mark><\/li>\n\n\n\n<li><strong>Samedi et dimanche 10h-12h30 &#8211;<\/strong> <mark style=\"background-color:rgba(0, 0, 0, 0)\" class=\"has-inline-color has-luminous-vivid-orange-color\">&#8220;Atelier Dessiner au jardin&#8221; <\/mark>(sur r\u00e9servation sur le site)<\/li>\n\n\n\n<li>Samedi et dimanche 10h-12h et 13h-16h &#8211; &#8220;Rencontre avec l\u2019apiculteur du rucher du Domaine National du Louvre et des Tuileries&#8221;<\/li>\n\n\n\n<li>Samedi et dimanche 10h-16h &#8211; &#8220;Atelier-d\u00e9monstration de taille de pierre&#8221;<\/li>\n\n\n\n<li>samedi 7 juin 2025 de 14h \u00e0 17h &#8211; Rendez-vous au bosquet des oiseaux. Rencontre &#8220;A la d\u00e9couverte des pierres du jardin&#8221;<\/li>\n<\/ul>\n<\/div><\/section>\n\n\n\n<div style=\"height:20px\" aria-hidden=\"true\" class=\"wp-block-spacer\"><\/div>\n\n\n\n<section class=\"wp-block-uagb-section uagb-section__wrap uagb-section__background-none uagb-block-ad145f2e\"><div class=\"uagb-section__overlay\"><\/div><div class=\"uagb-section__inner-wrap\">\n<h2 class=\"wp-block-heading\">H\u00f4tel de Sully &#8211; (4e)<\/h2>\n\n\n\n<ul class=\"wp-block-list\">\n<li><strong>Samedi 10h-17h <\/strong>&#8211; <mark style=\"background-color:rgba(0, 0, 0, 0)\" class=\"has-inline-color has-luminous-vivid-orange-color\">&#8220;Atelier Cultivons notre avenir&#8221;<\/mark><\/li>\n<\/ul>\n<\/div><\/section>\n\n\n\n<div style=\"height:20px\" aria-hidden=\"true\" class=\"wp-block-spacer\"><\/div>\n\n\n\n<section class=\"wp-block-uagb-section uagb-section__wrap uagb-section__background-none uagb-block-ecaf5f45\"><div class=\"uagb-section__overlay\"><\/div><div class=\"uagb-section__inner-wrap\">\n<h2 class=\"wp-block-heading\">Mus\u00e9e Delacroix &#8211; (6e)<\/h2>\n\n\n\n<p>R\u00e9servation : activites-delacroix@louvre.fr<\/p>\n\n\n\n<ul class=\"wp-block-list\">\n<li><strong>Samedi 10h-12h<\/strong> &#8211; &#8220;Ateliers de rempotage&#8221;<\/li>\n\n\n\n<li>14 \u20ac (plein tarif), 5 \u20ac (tarif r\u00e9duit) &#8211; apportez des gants de jardinage<\/li>\n<\/ul>\n<\/div><\/section>\n\n\n\n<div style=\"height:22px\" aria-hidden=\"true\" class=\"wp-block-spacer\"><\/div>\n\n\n\n<section class=\"wp-block-uagb-section uagb-section__wrap uagb-section__background-none uagb-block-90c808b6\"><div class=\"uagb-section__overlay\"><\/div><div class=\"uagb-section__inner-wrap\">\n<h2 class=\"wp-block-heading\">Jardin du mus\u00e9e Zadkine &#8211; (6e)<\/h2>\n\n\n\n<ul class=\"wp-block-list\">\n<li><strong>Samedi 14h30 &#8211; 15h30 et 16h30 <\/strong>&#8220;Concerts des ateliers au jardin, par les \u00e9l\u00e8ves du conservatoire Jean-Philippe Rameau&#8221;<\/li>\n\n\n\n<li><strong>Dimanche \u00e0 10h15, 14h et 16h &#8211; <\/strong><mark style=\"background-color:rgba(0, 0, 0, 0)\" class=\"has-inline-color has-luminous-vivid-orange-color\">&#8220;Aquarelle au jardin &#8211; Visite-atelier en famille&#8221; (d\u00e8s 6 ans + sur r\u00e9servation)<\/mark><\/li>\n<\/ul>\n<\/div><\/section>\n\n\n\n<div style=\"height:21px\" aria-hidden=\"true\" class=\"wp-block-spacer\"><\/div>\n\n\n\n<section class=\"wp-block-uagb-section uagb-section__wrap uagb-section__background-none uagb-block-45f52cb5\"><div class=\"uagb-section__overlay\"><\/div><div class=\"uagb-section__inner-wrap\">\n<h2 class=\"wp-block-heading\">Jardin du <a href=\"\/musee-du-quai-branly-jacques-chirac-horaires\/\">mus\u00e9e du quai Branly &#8211; Jacques Chirac-<\/a> (7e)<\/h2>\n\n\n\n<p>inscription sur place 30 min avant le d\u00e9but de la visite<\/p>\n\n\n\n<ul class=\"wp-block-list\">\n<li><strong>Samedi 15h, 16, et 17h<\/strong> (dur\u00e9e 50 min) &#8211; <strong>visite &#8220;Jardin d&#8217;artistes&#8221;<\/strong><\/li>\n\n\n\n<li>Dimanche : 15h, 16h et 17h : performances de la fanfare Fanfara\u00ef <\/li>\n<\/ul>\n<\/div><\/section>\n<\/div>\n\n\n\n<div class=\"wp-block-column is-layout-flow wp-block-column-is-layout-flow\" style=\"flex-basis:50%\">\n<section class=\"wp-block-uagb-section uagb-section__wrap uagb-section__background-none uagb-block-c4446a6e\"><div class=\"uagb-section__overlay\"><\/div><div class=\"uagb-section__inner-wrap\">\n<h2 class=\"wp-block-heading\">Monument aux Droits de l&#8217;Homme &#8211; Champ-de-Mars (7e)<\/h2>\n\n\n\n<p>r\u00e9servation Inscription : presse.acm@gmail-com<\/p>\n\n\n\n<ul class=\"wp-block-list\">\n<li><strong>samedi de 10h \u00e0 11h <\/strong>&#8211; &#8220;Visite guid\u00e9e du Monument des Droits de l&#8217;Homme par son architecte&#8221; <\/li>\n<\/ul>\n<\/div><\/section>\n\n\n\n<div style=\"height:19px\" aria-hidden=\"true\" class=\"wp-block-spacer\"><\/div>\n\n\n\n<section class=\"wp-block-uagb-section uagb-section__wrap uagb-section__background-none uagb-block-c9edd8fe\"><div class=\"uagb-section__overlay\"><\/div><div class=\"uagb-section__inner-wrap\">\n<h2 class=\"wp-block-heading\">Mus\u00e9e des Plans-Reliefs \u00e0 l&#8217;<a href=\"\/musee-de-l-armee\/\">H\u00f4tel des Invalides<\/a> (7e)<\/h2>\n\n\n\n<p>r\u00e9servation obligatoire : pedagogie.plans-reliefs@culture.gouv.fr<\/p>\n\n\n\n<ul class=\"wp-block-list\">\n<li>Vendredi \u00e0 10h15 et 13h : &#8220;Les jardins des plans-reliefs&#8221;<\/li>\n\n\n\n<li><strong>Samedi de 11h \u00e0 13h :<\/strong> <mark style=\"background-color:rgba(0, 0, 0, 0)\" class=\"has-inline-color has-luminous-vivid-orange-color\">&#8220;Atelier famille : dessine les jardins des plans-reliefs<\/mark><\/li>\n<\/ul>\n<\/div><\/section>\n\n\n\n<div style=\"height:20px\" aria-hidden=\"true\" class=\"wp-block-spacer\"><\/div>\n\n\n\n<section class=\"wp-block-uagb-section uagb-section__wrap uagb-section__background-none uagb-block-a40e01ba\"><div class=\"uagb-section__overlay\"><\/div><div class=\"uagb-section__inner-wrap\">\n<h2 class=\"wp-block-heading\">La Chapelle expiatoire (8e)<\/h2>\n\n\n\n<p>(7\u20ac \/ gratuit -26 UE)<\/p>\n\n\n\n<ul class=\"wp-block-list\">\n<li><strong>Vendredi, samedi et dimanche &#8211; <\/strong>14h30-15h30 et 16h30-17h30  : \u00ab La Chapelle expiatoire, histoire d&#8217;un jardin, m\u00e9moire d&#8217;un quartier \u00bb et \u00ab La Chapelle expiatoire, une architecture v\u00e9g\u00e9tale \u00bb<\/li>\n<\/ul>\n<\/div><\/section>\n\n\n\n<div style=\"height:20px\" aria-hidden=\"true\" class=\"wp-block-spacer\"><\/div>\n\n\n\n<section class=\"wp-block-uagb-section uagb-section__wrap uagb-section__background-none uagb-block-6eb7b5fd\"><div class=\"uagb-section__overlay\"><\/div><div class=\"uagb-section__inner-wrap\">\n<h2 class=\"wp-block-heading\">Mus\u00e9e Bourdelle &#8211; (15\u00e8me)<\/h2>\n\n\n\n<p>r\u00e9servation bourdelle.reservation@paris.fr<\/p>\n\n\n\n<ul class=\"wp-block-list\">\n<li><strong>Samedi \u00e0 10h, 11h30, 14h, 15h30 &#8211;<\/strong> <mark style=\"background-color:rgba(0, 0, 0, 0)\" class=\"has-inline-color has-luminous-vivid-orange-color\">&#8220;atelier cyanotype&#8221; <\/mark><strong>(d\u00e8s 6 ans )<\/strong><\/li>\n\n\n\n<li><strong>Samedi 10h30, 14h et 16h <\/strong>&#8211; <mark style=\"background-color:rgba(0, 0, 0, 0)\" class=\"has-inline-color has-luminous-vivid-orange-color\">&#8220;Visite des jardins en famille&#8221; ( d\u00e8s 7 ans)<\/mark><\/li>\n\n\n\n<li><strong>Samedi et dimanche de 10h \u00e0 12h &#8211; <\/strong><mark style=\"background-color:rgba(0, 0, 0, 0)\" class=\"has-inline-color has-luminous-vivid-orange-color\">Atelier de modelage \u00ab Bestiaire du jardin \u00bb (d\u00e8s 5 ans)<\/mark><\/li>\n\n\n\n<li><strong>dimanche de 14h \u00e0 16h et 16h-18h &#8211; <\/strong><mark style=\"background-color:rgba(0, 0, 0, 0)\" class=\"has-inline-color has-luminous-vivid-orange-color\">Atelier de modelage \u00ab Frise v\u00e9g\u00e9tale en bas-relief \u00bb ( d\u00e8s 6 ans)<\/mark><\/li>\n<\/ul>\n<\/div><\/section>\n\n\n\n<div style=\"height:20px\" aria-hidden=\"true\" class=\"wp-block-spacer\"><\/div>\n\n\n\n<section class=\"wp-block-uagb-section uagb-section__wrap uagb-section__background-none uagb-block-0ccd4215\"><div class=\"uagb-section__overlay\"><\/div><div class=\"uagb-section__inner-wrap\">\n<h2 class=\"wp-block-heading\"><a href=\"\/le-musee-guimet-paris\/\">Mus\u00e9e Guimet<\/a> &#8211; Jardin de l&#8217;H\u00f4tel Heidelbach <a href=\"\/le-quartier-du-trocadero-75016\/\">(16e, trocad\u00e9ro)<\/a><\/h2>\n\n\n\n<ul class=\"wp-block-list\">\n<li>samedi et dimanche de 11h30 \u00e0 16h35 &#8220;D\u00e9couverte du jardin et du pavillon de th\u00e9 (35 min) <\/li>\n<\/ul>\n<\/div><\/section>\n\n\n\n<div style=\"height:20px\" aria-hidden=\"true\" class=\"wp-block-spacer\"><\/div>\n\n\n\n<section class=\"wp-block-uagb-section uagb-section__wrap uagb-section__background-none uagb-block-3f3c4fd8\"><div class=\"uagb-section__overlay\"><\/div><div class=\"uagb-section__inner-wrap\">\n<h2 class=\"wp-block-heading\">Pavillon et parc de Bagatelle <a href=\"\/le-quartier-du-bois-de-boulogne-et-16eme\/\">(16e, Bois de Boulogne)<\/a><\/h2>\n\n\n\n<p>(Entr\u00e9e du Parc Tarif : 2,70\u20ac)<\/p>\n\n\n\n<ul class=\"wp-block-list\">\n<li><strong>Samedi et dimanche de 14h30 \u00e0 16h &#8211;<\/strong> <mark style=\"background-color:rgba(0, 0, 0, 0)\" class=\"has-inline-color has-luminous-vivid-orange-color\">Spectacle pour enfant &#8220;Roses, ronces et jardins en chansons par la Compagnie REGARDE IL NEIGE&#8221; (d\u00e8s 2 ans)<\/mark><\/li>\n\n\n\n<li><strong>Vendredi et samedi de 10h \u00e0 18h &#8211; <\/strong><mark style=\"background-color:rgba(0, 0, 0, 0)\" class=\"has-inline-color has-luminous-vivid-orange-color\">&#8220;Pr\u00e9sentation du Jardin Botanique de Paris (d\u00e8s 4 ans )<\/mark><\/li>\n\n\n\n<li>Samedi 14h-14h30 &#8211; &#8220;Bapt\u00eame du rosier Honey Perfumella\u00ae&#8221; <\/li>\n\n\n\n<li>Samedi et dimanche 10h-17h &#8211; &#8220;Visite du parc, des roseraies, du jardin m\u00e9diterran\u00e9en&#8221;<\/li>\n\n\n\n<li>Samedi et dimanche 14h-18h : &#8220;Animation musicale dans la roseraie par Jean-Pierre Bertrand&#8221;<\/li>\n<\/ul>\n<\/div><\/section>\n\n\n\n<div style=\"height:21px\" aria-hidden=\"true\" class=\"wp-block-spacer\"><\/div>\n\n\n\n<section class=\"wp-block-uagb-section uagb-section__wrap uagb-section__background-none uagb-block-1bd1d415\"><div class=\"uagb-section__overlay\"><\/div><div class=\"uagb-section__inner-wrap\">\n<h2 class=\"wp-block-heading\">Le Shakirail collectif des jardins ( 18\u00e8me) <\/h2>\n\n\n\n<p>Au 72 Rue Riquet, sur inscription jardins.shakirail@curry-vavart.com<\/p>\n\n\n\n<ul class=\"wp-block-list\">\n<li><strong>samedi de 14h30 \u00e0 17h30<\/strong> &#8211; <mark style=\"background-color:rgba(0, 0, 0, 0)\" class=\"has-inline-color has-luminous-vivid-orange-color\">balade en petit train avec des arr\u00eats dans chaque jardin du collectif et une visite guid\u00e9e &#8211; <\/mark><\/li>\n<\/ul>\n<\/div><\/section>\n<\/div>\n<\/div>\n\n<div style=\"height:51px\" aria-hidden=\"true\" class=\"wp-block-spacer\"><\/div>\n\n<section class=\"wp-block-uagb-section uagb-section__wrap uagb-section__background-none uagb-block-5f60ecf9\"><div class=\"uagb-section__overlay\"><\/div><div class=\"uagb-section__inner-wrap\">\n<h2 class=\"wp-block-heading\">And a selection of events at the gardens in \u00cele-de-France!<\/h2>\n\n\n\n<h3 class=\"wp-block-heading\"><a href=\"\/sortir-en-famille-en-seine-et-marne\/\">En Seine et Marne (77)<\/a><\/h3>\n\n\n\n<ul class=\"wp-block-list\">\n<li><mark style=\"background-color:rgba(0, 0, 0, 0)\" class=\"has-inline-color has-luminous-vivid-orange-color\">Parc du Ch\u00e2teau de Champs -sur-Marne <\/mark>&#8211; (gratuit)\n<ul class=\"wp-block-list\">\n<li>Vendredi 10h-17h  &#8211; Jeu de piste dans le parc <\/li>\n\n\n\n<li>Samedi 10h30-12h00 \/ 15h-16h30 &#8211; Les coulisse du parc visite avec la cheffe jardinier<\/li>\n\n\n\n<li>Samedi et dimanche : 14h-17h &#8211; Atelier rempotage (Lieu : Devant l&#8217;Orangerie.)<\/li>\n<\/ul>\n<\/li>\n<\/ul>\n\n\n\n<h3 class=\"wp-block-heading\"><a href=\"\/sortir-en-famille-dans-les-yvelines\/\">Dans les Yvelines (78)<\/a><\/h3>\n\n\n\n<ul class=\"wp-block-list\">\n<li><mark style=\"background-color:rgba(0, 0, 0, 0)\" class=\"has-inline-color has-luminous-vivid-orange-color\">Au Ch\u00e2teau de Maison Laffitte :<\/mark>\n<ul class=\"wp-block-list\">\n<li>Samedi 14h-18h &#8211; Installations d&#8217;artistes et ateliers participatifs (oeuvre collective)<\/li>\n\n\n\n<li>Samedi 14h30-16h30 &#8211; <strong>Visite des bords de Seine autour du ch\u00e2teau de Maisons<\/strong><\/li>\n\n\n\n<li>Samedi 15h-16h30 et dimanche 15h-16h30 &#8211; <strong>Atelier famille (3-5ans) Jardin des 5 sens<\/strong> <\/li>\n\n\n\n<li>Dimanche 10h-11h30 &#8211; <strong>Visite et observation des oiseaux du parc du ch\u00e2teau de Maisons<\/strong> avec la LPO<\/li>\n\n\n\n<li>Dimanche 15h-16h30 &#8211; Sylvoth\u00e9rapie au ch\u00e2teau <\/li>\n<\/ul>\n<\/li>\n\n\n\n<li><mark style=\"background-color:rgba(0, 0, 0, 0)\" class=\"has-inline-color has-luminous-vivid-orange-color\">Domaine de Saint-Germain-en-Laye &#8211; <\/mark>\n<ul class=\"wp-block-list\">\n<li>samedi 11h-12h30 et dimanche 14h-15h30 (sur inscription, \u00e0 partir de 13 ans <\/li>\n\n\n\n<li>Visite bucolique sur l&#8217;histoire, l&#8217;architecture et le domaine national<\/li>\n<\/ul>\n<\/li>\n\n\n\n<li><mark style=\"background-color:rgba(0, 0, 0, 0)\" class=\"has-inline-color has-luminous-vivid-orange-color\">Jardins de Juliette \u00e0 Elancourt <\/mark>&#8211; Samedi 13h-18h et dimanche 12h-17h &#8211; (43 route de Montfort, Hameau du Launay)\n<ul class=\"wp-block-list\">\n<li>4000m<sup>2<\/sup> de jardin exotique, japonais, m\u00e9di\u00e9val, et romantique. Mais aussi des Vergers, potagers<\/li>\n\n\n\n<li>Visite libre et gratuite ou guid\u00e9e sur demande <\/li>\n<\/ul>\n<\/li>\n<\/ul>\n\n\n\n<h3 class=\"wp-block-heading\"><a href=\"\/sortir-en-famille-dans-les-hauts-de-seine\/\">Dans les Hauts-de-Seine (92)<\/a><\/h3>\n\n\n\n<ul class=\"wp-block-list\">\n<li><mark style=\"background-color:rgba(0, 0, 0, 0)\" class=\"has-inline-color has-luminous-vivid-orange-color\">Domaine National de Saint-Cloud :<\/mark>\n<ul class=\"wp-block-list\">\n<li>Samedi \u00e0 14h30 &#8211; <strong>Visite guid\u00e9e avec la cheffe jardinier du domaine<\/strong><\/li>\n\n\n\n<li>Dimanche 15h, 16h et 17h &#8211; balade dans les jeux d&#8217;eau<\/li>\n\n\n\n<li>Dimanche \u00e0 14h30 &#8211; <strong>Les coulisses des Jeux d&#8217;eau<\/strong><\/li>\n\n\n\n<li>Samedi et dimanche de 14h \u00e0 17h30 &#8211; mosa\u00efque participative <\/li>\n<\/ul>\n<\/li>\n\n\n\n<li><mark style=\"background-color:rgba(0, 0, 0, 0)\" class=\"has-inline-color has-luminous-vivid-orange-color\">Jardins du Mus\u00e9e Albert Khan \u00e0 Boulogne : <\/mark>\n<ul class=\"wp-block-list\">\n<li>Samedi et dimanche 11h15-12h15 &#8211; Atelier jardinage en famille (\u00e0 partir de 4 ans)<\/li>\n\n\n\n<li>Samedi et dimanche de 14h \u00e0 18h &#8211; d\u00e9couvrez le jardin avec l&#8217;appli Pl@ntnet<\/li>\n\n\n\n<li>Samedi et dimanche \u00e0 14h, 15h, 16h &#8211; l<strong>e jardin \u00e0 sc\u00e8nes paysag\u00e8res du mus\u00e9e Albert-Kahn avec une m\u00e9diatrice et un jardinier<\/strong><\/li>\n\n\n\n<li>Samedi de 14h \u00e0 18h &#8211; Lectures et contes au jardin : &#8220;<strong>La voix des pierres <\/strong>&#8220;<\/li>\n\n\n\n<li>Samedi et dimanche \u00e0 14h30, 15h30, 16,h30, 17h30 : village japonais, jardin anglais, verger-roseraie<\/li>\n\n\n\n<li>Dimanche 13h-17h &#8211; &#8220;<strong>Atelier Cultivons notre avenir<\/strong>&#8220;<\/li>\n\n\n\n<li>Dimanche 15h-18h &#8211; Concerts au jardins<\/li>\n<\/ul>\n<\/li>\n<\/ul>\n<\/div><\/section>\n\n<div style=\"height:34px\" aria-hidden=\"true\" class=\"wp-block-spacer\"><\/div>\n\n<h2 class=\"wp-block-heading has-text-align-left\">FAQ<\/h2>\n<div class=\"wp-block-uagb-faq uagb-faq__outer-wrap uagb-block-fd8907ee uagb-faq-icon-row uagb-faq-layout-accordion uagb-faq-expand-first-false uagb-faq-inactive-other-true uagb-faq__wrap uagb-buttons-layout-wrap uagb-faq-equal-height     \" data-faqtoggle=\"true\" role=\"tablist\"><div class=\"wp-block-uagb-faq-child uagb-faq-child__outer-wrap uagb-faq-item uagb-block-61143e6f \" role=\"tab\" tabindex=\"0\"><div class=\"uagb-faq-questions-button uagb-faq-questions\">\t\t\t<span class=\"uagb-icon uagb-faq-icon-wrap\">\n\t\t\t\t\t\t\t\t<svg xmlns=\"https:\/\/www.w3.org\/2000\/svg\" viewBox= \"0 0 448 512\"><path d=\"M432 256c0 17.69-14.33 32.01-32 32.01H256v144c0 17.69-14.33 31.99-32 31.99s-32-14.3-32-31.99v-144H48c-17.67 0-32-14.32-32-32.01s14.33-31.99 32-31.99H192v-144c0-17.69 14.33-32.01 32-32.01s32 14.32 32 32.01v144h144C417.7 224 432 238.3 432 256z\"><\/path><\/svg>\n\t\t\t\t\t\t\t<\/span>\n\t\t\t\t\t\t<span class=\"uagb-icon-active uagb-faq-icon-wrap\">\n\t\t\t\t\t\t\t\t<svg xmlns=\"https:\/\/www.w3.org\/2000\/svg\" viewBox= \"0 0 448 512\"><path d=\"M400 288h-352c-17.69 0-32-14.32-32-32.01s14.31-31.99 32-31.99h352c17.69 0 32 14.3 32 31.99S417.7 288 400 288z\"><\/path><\/svg>\n\t\t\t\t\t\t\t<\/span>\n\t\t\t<span class=\"uagb-question\">Do I need to book for the activities?<\/span><\/div><div class=\"uagb-faq-content\"><p>Some activities require registration by sending an email to the organizing institution, while others are free and continuous throughout the day<\/p><\/div><\/div><\/div>\n<div style=\"height:31px\" aria-hidden=\"true\" class=\"wp-block-spacer\"><\/div>\n\n<div style=\"height:0px\" aria-hidden=\"true\" class=\"wp-block-spacer\"><\/div>\n\n<div style=\"height:21px\" aria-hidden=\"true\" class=\"wp-block-spacer\"><\/div>\n<div class=\"lazyblock-grids-ZwRixz wp-block-lazyblock-grids\"><div class=\"row new-grids grids-style-2\">\n        <div class=\"col-12 grid-title\">\n        <h2 class=\"c-blue\">Exhibitions at the moment<\/h2>\n\n            <\/div>\n        \n    <div class=\"col-12 grids columns-4\">\n        \n\n<div class=\"grid\">\n\t<a href=\"https:\/\/www.familinparis.fr\/en\/exposition-calder-fondation-louis-vuitton-billet\/\" target=\"_self\">\n\t    <div class=\"image\" style=\"background-image:url('https:\/\/www.familinparis.fr\/wp-content\/uploads\/2026\/04\/exposition-calder-fondation-louis-vuitton-564x282.jpg')\">\n\t    \t\t    \t<div class=\"dateOnImg\">jusqu&#8217;au 16 ao\u00fbt 2026<\/div>\n\t    \t\t\t\t\t    <\/div>\n\t    <div class=\"texte\">\n\t        <h5>Fondation Louis Vuitton<\/h5>\n\t        <h3>Calder. Dreaming in balance<\/h3>\n\t        <div class=\"tags\">\n\t        \t\t        \t\t<span>EXPOSITION<\/span>\n\t        \t\t        \t<span>1h30<\/span>\n\t        <\/div>\n\t        <div class=\"bas\">\n        \t\t<div class=\"prix\">\n        \t\t\t        \t\t<\/div>\n            \t<div class=\"review-stars\" data-productId=\"\">\n            \t<\/div>\n\t        <\/div>\n\t    <\/div>\n\t<\/a>\n<\/div>\n\n<div class=\"grid\">\n\t<a href=\"https:\/\/www.familinparis.fr\/en\/titanic-immersive-exhibition-grande-halle-de-la-villette-75019\/\" target=\"_self\">\n\t    <div class=\"image\" style=\"background-image:url('https:\/\/www.familinparis.fr\/wp-content\/uploads\/2026\/04\/La-Legende-Du-Titanic-exposition-ultime-exposition-immersive-grande-halle-la-villette-2026-564x282.jpg')\">\n\t    \t\t    \t<div class=\"dateOnImg\">jusqu&#8217;au 31 ao\u00fbt 2026<\/div>\n\t    \t\t\t\t\t\t\t\t<div class=\"rond-blanc-age\"><span>For all<\/span><\/div>\n\t\t\t\t    <\/div>\n\t    <div class=\"texte\">\n\t        <h5>La Grande Halle de La Villette <\/h5>\n\t        <h3>The Legend of the Titanic: The Ultimate Exhibition<\/h3>\n\t        <div class=\"tags\">\n\t        \t\t        \t\t<span>exposition immersive<\/span>\n\t        \t\t        \t<span>1h30<\/span>\n\t        <\/div>\n\t        <div class=\"bas\">\n        \t\t<div class=\"prix\">\n        \t\t\t        \t\t<\/div>\n            \t<div class=\"review-stars\" data-productId=\"\">\n            \t<\/div>\n\t        <\/div>\n\t    <\/div>\n\t<\/a>\n<\/div>\n\n<div class=\"grid\">\n\t<a href=\"https:\/\/www.familinparis.fr\/en\/unicorn-exhibition-at-the-cluny-museum-75005\/\" target=\"_self\">\n\t    <div class=\"image\" style=\"background-image:url('https:\/\/www.familinparis.fr\/wp-content\/uploads\/2026\/03\/licornes-expo-musee-cluny-2026-456x282.jpg')\">\n\t    \t\t    \t<div class=\"dateOnImg\">jusqu&#8217;au 12 juillet 2026<\/div>\n\t    \t\t\t\t\t\t\t\t<div class=\"rond-blanc-age\"><span>from <span class=\"age-number\">6<\/span> yo<\/span><\/div>\n\t\t\t\t    <\/div>\n\t    <div class=\"texte\">\n\t        <h5>Mus\u00e9e de Cluny &#8211; Paris 5\u00e8me<\/h5>\n\t        <h3>Unicorns! At the Museum of Cluny<\/h3>\n\t        <div class=\"tags\">\n\t        \t\t        \t\t<span>exposition<\/span>\n\t        \t\t        \t<span>1h<\/span>\n\t        <\/div>\n\t        <div class=\"bas\">\n        \t\t<div class=\"prix\">\n        \t\t\t        \t\t<\/div>\n            \t<div class=\"review-stars\" data-productId=\"\">\n            \t<\/div>\n\t        <\/div>\n\t    <\/div>\n\t<\/a>\n<\/div>\n\n<div class=\"grid\">\n\t<a href=\"https:\/\/www.familinparis.fr\/en\/renaissance-la-nouvelle-experience-immersive-a-l-atelier-des-lumieres\/\" target=\"_self\">\n\t    <div class=\"image\" style=\"background-image:url('https:\/\/www.familinparis.fr\/wp-content\/uploads\/Expos\/2026\/Renaissance-affiche-500x282.jpg')\">\n\t    \t\t    \t<div class=\"dateOnImg\">Until June 28, 2026<\/div>\n\t    \t\t\t\t\t    <\/div>\n\t    <div class=\"texte\">\n\t        <h5>The Atelier des Lumi\u00e8res (Paris 11th)<\/h5>\n\t        <h3>Renaissance at the Atelier des Lumi\u00e8res<\/h3>\n\t        <div class=\"tags\">\n\t        \t\t        \t\t<span>Immersive Exhibition<\/span>\n\t        \t\t        \t<span>50 minutes<\/span>\n\t        <\/div>\n\t        <div class=\"bas\">\n        \t\t<div class=\"prix\">\n        \t\t\t        \t\t<\/div>\n            \t<div class=\"review-stars\" data-productId=\"\">\n            \t<\/div>\n\t        <\/div>\n\t    <\/div>\n\t<\/a>\n<\/div>    <\/div>\n\n            <div class=\"col-12 t-center m-b-20\">\n            <div class=\"labels__fam\">\n                                    <a href=\"\/expo-enfants\/\" class=\"labels__fam-color-secondary labels__fam-radius-rounded\">\n                        See all exhibitions                    <\/a>\n                            <\/div>\n        <\/div>\n    \n    \n\n<\/div>\n<\/div>\n<div style=\"height:11px\" aria-hidden=\"true\" class=\"wp-block-spacer\"><\/div>\n\n<div class=\"wp-block-buttons m-b-20 is-content-justification-center is-layout-flex wp-container-core-buttons-is-layout-16018d1d wp-block-buttons-is-layout-flex\">\n<div class=\"wp-block-button\"><a class=\"wp-block-button__link has-white-color has-text-color has-background wp-element-button\" href=\"https:\/\/www.familinparis.fr\/en\/plays-for-children-and-teenagers-in-paris\/\" style=\"background-color:#00809b\">The theatre<\/a><\/div>\n\n\n\n<div class=\"wp-block-button\"><a class=\"wp-block-button__link has-white-color has-text-color has-background wp-element-button\" href=\"https:\/\/www.familinparis.fr\/en\/circus-shows-in-paris\/\" style=\"background-color:#00809b\">The circus<\/a><\/div>\n\n\n\n<div class=\"wp-block-button\"><a class=\"wp-block-button__link has-white-color has-text-color has-background wp-element-button\" href=\"https:\/\/www.familinparis.fr\/en\/magic-show-in-paris-for-fans\/\" style=\"background-color:#00809b\">The magic<\/a><\/div>\n<\/div>\n","protected":false},"excerpt":{"rendered":"<p>May 31 to June 2, 2024<\/p>\n","protected":false},"author":12,"featured_media":153013,"comment_status":"open","ping_status":"open","sticky":false,"template":"","format":"standard","meta":{"_uag_custom_page_level_css":"","footnotes":""},"categories":[1252],"tags":[1268],"class_list":{"0":"post-134274","1":"post","2":"type-post","3":"status-publish","4":"format-standard","5":"has-post-thumbnail","7":"category-archives-en","8":"tag-june-archive"},"yoast_head":"<!-- This site is optimized with the Yoast SEO plugin v27.2 - https:\/\/yoast.com\/product\/yoast-seo-wordpress\/ -->\n<title>Rendezvous in the Gardens 2024 | June 1-2, 2024<\/title>\n<meta name=\"description\" content=\"June 1 and 2, 2024, in Paris and Ile-de-France. Free event with workshops on the theme of the 5 senses\" \/>\n<meta name=\"robots\" content=\"index, follow, max-snippet:-1, max-image-preview:large, max-video-preview:-1\" \/>\n<link rel=\"canonical\" href=\"https:\/\/www.familinparis.fr\/en\/rendezvous-in-the-gardens-2024\/\" \/>\n<meta property=\"og:locale\" content=\"en_US\" \/>\n<meta property=\"og:type\" content=\"article\" \/>\n<meta property=\"og:title\" content=\"Rendezvous in the Gardens 2024 | June 1-2, 2024\" \/>\n<meta property=\"og:description\" content=\"June 1 and 2, 2024, in Paris and Ile-de-France. Free event with workshops on the theme of the 5 senses\" \/>\n<meta property=\"og:url\" content=\"https:\/\/www.familinparis.fr\/en\/rendezvous-in-the-gardens-2024\/\" \/>\n<meta property=\"og:site_name\" content=\"Familin&#039;Paris\" \/>\n<meta property=\"article:published_time\" content=\"2025-05-01T08:47:00+00:00\" \/>\n<meta property=\"article:modified_time\" content=\"2026-02-12T11:19:43+00:00\" \/>\n<meta property=\"og:image\" content=\"https:\/\/www.familinparis.fr\/wp-content\/uploads\/actualites\/juin\/RDV-Jardin-2025-Affich.jpg\" \/>\n\t<meta property=\"og:image:width\" content=\"600\" \/>\n\t<meta property=\"og:image:height\" content=\"900\" \/>\n\t<meta property=\"og:image:type\" content=\"image\/jpeg\" \/>\n<meta name=\"author\" content=\"Magali\" \/>\n<meta name=\"twitter:card\" content=\"summary_large_image\" \/>\n<meta name=\"twitter:label1\" content=\"Written by\" \/>\n\t<meta name=\"twitter:data1\" content=\"Magali\" \/>\n\t<meta name=\"twitter:label2\" content=\"Est. reading time\" \/>\n\t<meta name=\"twitter:data2\" content=\"6 minutes\" \/>\n<script type=\"application\/ld+json\" class=\"yoast-schema-graph\">{\"@context\":\"https:\/\/schema.org\",\"@graph\":[{\"@type\":\"Article\",\"@id\":\"https:\/\/www.familinparis.fr\/en\/rendezvous-in-the-gardens-2024\/#article\",\"isPartOf\":{\"@id\":\"https:\/\/www.familinparis.fr\/en\/rendezvous-in-the-gardens-2024\/\"},\"author\":{\"name\":\"Magali\",\"@id\":\"https:\/\/www.familinparis.fr\/en\/#\/schema\/person\/76ad1a7946173a69e7244f034bfcbca6\"},\"headline\":\"Rendezvous in the gardens 2024\",\"datePublished\":\"2025-05-01T08:47:00+00:00\",\"dateModified\":\"2026-02-12T11:19:43+00:00\",\"mainEntityOfPage\":{\"@id\":\"https:\/\/www.familinparis.fr\/en\/rendezvous-in-the-gardens-2024\/\"},\"wordCount\":1302,\"commentCount\":0,\"image\":{\"@id\":\"https:\/\/www.familinparis.fr\/en\/rendezvous-in-the-gardens-2024\/#primaryimage\"},\"thumbnailUrl\":\"https:\/\/www.familinparis.fr\/wp-content\/uploads\/2025\/05\/rendez-vous-aux-jardins-2026.jpg\",\"keywords\":[\"June Archive\"],\"articleSection\":[\"Archives\"],\"inLanguage\":\"en-US\",\"potentialAction\":[{\"@type\":\"CommentAction\",\"name\":\"Comment\",\"target\":[\"https:\/\/www.familinparis.fr\/en\/rendezvous-in-the-gardens-2024\/#respond\"]}]},{\"@type\":\"WebPage\",\"@id\":\"https:\/\/www.familinparis.fr\/en\/rendezvous-in-the-gardens-2024\/\",\"url\":\"https:\/\/www.familinparis.fr\/en\/rendezvous-in-the-gardens-2024\/\",\"name\":\"Rendezvous in the Gardens 2024 | June 1-2, 2024\",\"isPartOf\":{\"@id\":\"https:\/\/www.familinparis.fr\/en\/#website\"},\"primaryImageOfPage\":{\"@id\":\"https:\/\/www.familinparis.fr\/en\/rendezvous-in-the-gardens-2024\/#primaryimage\"},\"image\":{\"@id\":\"https:\/\/www.familinparis.fr\/en\/rendezvous-in-the-gardens-2024\/#primaryimage\"},\"thumbnailUrl\":\"https:\/\/www.familinparis.fr\/wp-content\/uploads\/2025\/05\/rendez-vous-aux-jardins-2026.jpg\",\"datePublished\":\"2025-05-01T08:47:00+00:00\",\"dateModified\":\"2026-02-12T11:19:43+00:00\",\"author\":{\"@id\":\"https:\/\/www.familinparis.fr\/en\/#\/schema\/person\/76ad1a7946173a69e7244f034bfcbca6\"},\"description\":\"June 1 and 2, 2024, in Paris and Ile-de-France. Free event with workshops on the theme of the 5 senses\",\"breadcrumb\":{\"@id\":\"https:\/\/www.familinparis.fr\/en\/rendezvous-in-the-gardens-2024\/#breadcrumb\"},\"inLanguage\":\"en-US\",\"potentialAction\":[{\"@type\":\"ReadAction\",\"target\":[\"https:\/\/www.familinparis.fr\/en\/rendezvous-in-the-gardens-2024\/\"]}]},{\"@type\":\"ImageObject\",\"inLanguage\":\"en-US\",\"@id\":\"https:\/\/www.familinparis.fr\/en\/rendezvous-in-the-gardens-2024\/#primaryimage\",\"url\":\"https:\/\/www.familinparis.fr\/wp-content\/uploads\/2025\/05\/rendez-vous-aux-jardins-2026.jpg\",\"contentUrl\":\"https:\/\/www.familinparis.fr\/wp-content\/uploads\/2025\/05\/rendez-vous-aux-jardins-2026.jpg\",\"width\":360,\"height\":509},{\"@type\":\"BreadcrumbList\",\"@id\":\"https:\/\/www.familinparis.fr\/en\/rendezvous-in-the-gardens-2024\/#breadcrumb\",\"itemListElement\":[{\"@type\":\"ListItem\",\"position\":1,\"name\":\"Home\",\"item\":\"https:\/\/www.familinparis.fr\/en\/\"},{\"@type\":\"ListItem\",\"position\":2,\"name\":\"Archives\",\"item\":\"https:\/\/www.familinparis.fr\/en\/categorie\/archives-en\/\"},{\"@type\":\"ListItem\",\"position\":3,\"name\":\"Rendezvous in the gardens 2024\"}]},{\"@type\":\"WebSite\",\"@id\":\"https:\/\/www.familinparis.fr\/en\/#website\",\"url\":\"https:\/\/www.familinparis.fr\/en\/\",\"name\":\"Familin&#039;Paris\",\"description\":\"Visiter le meilleur de Paris avec des enfants : sorties, spectacles, adresses de restaurants, shopping, bons plans...\",\"potentialAction\":[{\"@type\":\"SearchAction\",\"target\":{\"@type\":\"EntryPoint\",\"urlTemplate\":\"https:\/\/www.familinparis.fr\/en\/?s={search_term_string}\"},\"query-input\":{\"@type\":\"PropertyValueSpecification\",\"valueRequired\":true,\"valueName\":\"search_term_string\"}}],\"inLanguage\":\"en-US\"},{\"@type\":\"Person\",\"@id\":\"https:\/\/www.familinparis.fr\/en\/#\/schema\/person\/76ad1a7946173a69e7244f034bfcbca6\",\"name\":\"Magali\",\"image\":{\"@type\":\"ImageObject\",\"inLanguage\":\"en-US\",\"@id\":\"https:\/\/secure.gravatar.com\/avatar\/5784aec9c0ccc7e91e71b0573d0870889e43807ad8b24908c501df25e58fa11a?s=96&d=identicon&r=g\",\"url\":\"https:\/\/secure.gravatar.com\/avatar\/5784aec9c0ccc7e91e71b0573d0870889e43807ad8b24908c501df25e58fa11a?s=96&d=identicon&r=g\",\"contentUrl\":\"https:\/\/secure.gravatar.com\/avatar\/5784aec9c0ccc7e91e71b0573d0870889e43807ad8b24908c501df25e58fa11a?s=96&d=identicon&r=g\",\"caption\":\"Magali\"}}]}<\/script>\n<!-- \/ Yoast SEO plugin. -->","yoast_head_json":{"title":"Rendezvous in the Gardens 2024 | June 1-2, 2024","description":"June 1 and 2, 2024, in Paris and Ile-de-France. Free event with workshops on the theme of the 5 senses","robots":{"index":"index","follow":"follow","max-snippet":"max-snippet:-1","max-image-preview":"max-image-preview:large","max-video-preview":"max-video-preview:-1"},"canonical":"https:\/\/www.familinparis.fr\/en\/rendezvous-in-the-gardens-2024\/","og_locale":"en_US","og_type":"article","og_title":"Rendezvous in the Gardens 2024 | June 1-2, 2024","og_description":"June 1 and 2, 2024, in Paris and Ile-de-France. Free event with workshops on the theme of the 5 senses","og_url":"https:\/\/www.familinparis.fr\/en\/rendezvous-in-the-gardens-2024\/","og_site_name":"Familin&#039;Paris","article_published_time":"2025-05-01T08:47:00+00:00","article_modified_time":"2026-02-12T11:19:43+00:00","og_image":[{"width":600,"height":900,"url":"https:\/\/www.familinparis.fr\/wp-content\/uploads\/actualites\/juin\/RDV-Jardin-2025-Affich.jpg","type":"image\/jpeg"}],"author":"Magali","twitter_card":"summary_large_image","twitter_misc":{"Written by":"Magali","Est. reading time":"6 minutes"},"schema":{"@context":"https:\/\/schema.org","@graph":[{"@type":"Article","@id":"https:\/\/www.familinparis.fr\/en\/rendezvous-in-the-gardens-2024\/#article","isPartOf":{"@id":"https:\/\/www.familinparis.fr\/en\/rendezvous-in-the-gardens-2024\/"},"author":{"name":"Magali","@id":"https:\/\/www.familinparis.fr\/en\/#\/schema\/person\/76ad1a7946173a69e7244f034bfcbca6"},"headline":"Rendezvous in the gardens 2024","datePublished":"2025-05-01T08:47:00+00:00","dateModified":"2026-02-12T11:19:43+00:00","mainEntityOfPage":{"@id":"https:\/\/www.familinparis.fr\/en\/rendezvous-in-the-gardens-2024\/"},"wordCount":1302,"commentCount":0,"image":{"@id":"https:\/\/www.familinparis.fr\/en\/rendezvous-in-the-gardens-2024\/#primaryimage"},"thumbnailUrl":"https:\/\/www.familinparis.fr\/wp-content\/uploads\/2025\/05\/rendez-vous-aux-jardins-2026.jpg","keywords":["June Archive"],"articleSection":["Archives"],"inLanguage":"en-US","potentialAction":[{"@type":"CommentAction","name":"Comment","target":["https:\/\/www.familinparis.fr\/en\/rendezvous-in-the-gardens-2024\/#respond"]}]},{"@type":"WebPage","@id":"https:\/\/www.familinparis.fr\/en\/rendezvous-in-the-gardens-2024\/","url":"https:\/\/www.familinparis.fr\/en\/rendezvous-in-the-gardens-2024\/","name":"Rendezvous in the Gardens 2024 | June 1-2, 2024","isPartOf":{"@id":"https:\/\/www.familinparis.fr\/en\/#website"},"primaryImageOfPage":{"@id":"https:\/\/www.familinparis.fr\/en\/rendezvous-in-the-gardens-2024\/#primaryimage"},"image":{"@id":"https:\/\/www.familinparis.fr\/en\/rendezvous-in-the-gardens-2024\/#primaryimage"},"thumbnailUrl":"https:\/\/www.familinparis.fr\/wp-content\/uploads\/2025\/05\/rendez-vous-aux-jardins-2026.jpg","datePublished":"2025-05-01T08:47:00+00:00","dateModified":"2026-02-12T11:19:43+00:00","author":{"@id":"https:\/\/www.familinparis.fr\/en\/#\/schema\/person\/76ad1a7946173a69e7244f034bfcbca6"},"description":"June 1 and 2, 2024, in Paris and Ile-de-France. Free event with workshops on the theme of the 5 senses","breadcrumb":{"@id":"https:\/\/www.familinparis.fr\/en\/rendezvous-in-the-gardens-2024\/#breadcrumb"},"inLanguage":"en-US","potentialAction":[{"@type":"ReadAction","target":["https:\/\/www.familinparis.fr\/en\/rendezvous-in-the-gardens-2024\/"]}]},{"@type":"ImageObject","inLanguage":"en-US","@id":"https:\/\/www.familinparis.fr\/en\/rendezvous-in-the-gardens-2024\/#primaryimage","url":"https:\/\/www.familinparis.fr\/wp-content\/uploads\/2025\/05\/rendez-vous-aux-jardins-2026.jpg","contentUrl":"https:\/\/www.familinparis.fr\/wp-content\/uploads\/2025\/05\/rendez-vous-aux-jardins-2026.jpg","width":360,"height":509},{"@type":"BreadcrumbList","@id":"https:\/\/www.familinparis.fr\/en\/rendezvous-in-the-gardens-2024\/#breadcrumb","itemListElement":[{"@type":"ListItem","position":1,"name":"Home","item":"https:\/\/www.familinparis.fr\/en\/"},{"@type":"ListItem","position":2,"name":"Archives","item":"https:\/\/www.familinparis.fr\/en\/categorie\/archives-en\/"},{"@type":"ListItem","position":3,"name":"Rendezvous in the gardens 2024"}]},{"@type":"WebSite","@id":"https:\/\/www.familinparis.fr\/en\/#website","url":"https:\/\/www.familinparis.fr\/en\/","name":"Familin&#039;Paris","description":"Visiter le meilleur de Paris avec des enfants : sorties, spectacles, adresses de restaurants, shopping, bons plans...","potentialAction":[{"@type":"SearchAction","target":{"@type":"EntryPoint","urlTemplate":"https:\/\/www.familinparis.fr\/en\/?s={search_term_string}"},"query-input":{"@type":"PropertyValueSpecification","valueRequired":true,"valueName":"search_term_string"}}],"inLanguage":"en-US"},{"@type":"Person","@id":"https:\/\/www.familinparis.fr\/en\/#\/schema\/person\/76ad1a7946173a69e7244f034bfcbca6","name":"Magali","image":{"@type":"ImageObject","inLanguage":"en-US","@id":"https:\/\/secure.gravatar.com\/avatar\/5784aec9c0ccc7e91e71b0573d0870889e43807ad8b24908c501df25e58fa11a?s=96&d=identicon&r=g","url":"https:\/\/secure.gravatar.com\/avatar\/5784aec9c0ccc7e91e71b0573d0870889e43807ad8b24908c501df25e58fa11a?s=96&d=identicon&r=g","contentUrl":"https:\/\/secure.gravatar.com\/avatar\/5784aec9c0ccc7e91e71b0573d0870889e43807ad8b24908c501df25e58fa11a?s=96&d=identicon&r=g","caption":"Magali"}}]}},"uagb_featured_image_src":{"full":["https:\/\/www.familinparis.fr\/wp-content\/uploads\/2025\/05\/rendez-vous-aux-jardins-2026.jpg",360,509,false],"thumbnail":["https:\/\/www.familinparis.fr\/wp-content\/uploads\/2025\/05\/rendez-vous-aux-jardins-2026-150x150.jpg",150,150,true],"medium":["https:\/\/www.familinparis.fr\/wp-content\/uploads\/2025\/05\/rendez-vous-aux-jardins-2026-212x300.jpg",212,300,true],"medium_large":["https:\/\/www.familinparis.fr\/wp-content\/uploads\/2025\/05\/rendez-vous-aux-jardins-2026.jpg",360,509,false],"large":["https:\/\/www.familinparis.fr\/wp-content\/uploads\/2025\/05\/rendez-vous-aux-jardins-2026.jpg",360,509,false],"1536x1536":["https:\/\/www.familinparis.fr\/wp-content\/uploads\/2025\/05\/rendez-vous-aux-jardins-2026.jpg",360,509,false],"2048x2048":["https:\/\/www.familinparis.fr\/wp-content\/uploads\/2025\/05\/rendez-vous-aux-jardins-2026.jpg",360,509,false],"home-thumb":["https:\/\/www.familinparis.fr\/wp-content\/uploads\/2025\/05\/rendez-vous-aux-jardins-2026.jpg",360,509,false],"home-slider":["https:\/\/www.familinparis.fr\/wp-content\/uploads\/2025\/05\/rendez-vous-aux-jardins-2026.jpg",360,509,false],"lightbox-slider-size":["https:\/\/www.familinparis.fr\/wp-content\/uploads\/2025\/05\/rendez-vous-aux-jardins-2026-360x282.jpg",360,282,true],"post-thumbnail":["https:\/\/www.familinparis.fr\/wp-content\/uploads\/2025\/05\/rendez-vous-aux-jardins-2026-270x180.jpg",270,180,true],"cheerup-main":["https:\/\/www.familinparis.fr\/wp-content\/uploads\/2025\/05\/rendez-vous-aux-jardins-2026-360x400.jpg",360,400,true],"cheerup-main-full":["https:\/\/www.familinparis.fr\/wp-content\/uploads\/2025\/05\/rendez-vous-aux-jardins-2026.jpg",359,508,false],"cheerup-slider-alt":["https:\/\/www.familinparis.fr\/wp-content\/uploads\/2025\/05\/rendez-vous-aux-jardins-2026.jpg",359,508,false],"cheerup-slider-trendy":["https:\/\/www.familinparis.fr\/wp-content\/uploads\/2025\/05\/rendez-vous-aux-jardins-2026.jpg",359,508,false],"cheerup-slider-stylish":["https:\/\/www.familinparis.fr\/wp-content\/uploads\/2025\/05\/rendez-vous-aux-jardins-2026.jpg",360,509,false],"cheerup-slider-grid":["https:\/\/www.familinparis.fr\/wp-content\/uploads\/2025\/05\/rendez-vous-aux-jardins-2026.jpg",360,509,false],"cheerup-slider-grid-sm":["https:\/\/www.familinparis.fr\/wp-content\/uploads\/2025\/05\/rendez-vous-aux-jardins-2026-300x300.jpg",300,300,true],"cheerup-slider-carousel":["https:\/\/www.familinparis.fr\/wp-content\/uploads\/2025\/05\/rendez-vous-aux-jardins-2026-360x370.jpg",360,370,true],"cheerup-slider-grid-b":["https:\/\/www.familinparis.fr\/wp-content\/uploads\/2025\/05\/rendez-vous-aux-jardins-2026-360x466.jpg",360,466,true],"cheerup-slider-grid-b-sm":["https:\/\/www.familinparis.fr\/wp-content\/uploads\/2025\/05\/rendez-vous-aux-jardins-2026-306x466.jpg",306,466,true],"cheerup-slider-bold-sm":["https:\/\/www.familinparis.fr\/wp-content\/uploads\/2025\/05\/rendez-vous-aux-jardins-2026-150x150.jpg",150,150,true],"cheerup-grid":["https:\/\/www.familinparis.fr\/wp-content\/uploads\/2025\/05\/rendez-vous-aux-jardins-2026-360x285.jpg",360,285,true],"cheerup-carousel":["https:\/\/www.familinparis.fr\/wp-content\/uploads\/2025\/05\/rendez-vous-aux-jardins-2026-270x180.jpg",270,180,true],"cheerup-carousel-b":["https:\/\/www.familinparis.fr\/wp-content\/uploads\/2025\/05\/rendez-vous-aux-jardins-2026-360x285.jpg",360,285,true],"cheerup-list":["https:\/\/www.familinparis.fr\/wp-content\/uploads\/2025\/05\/rendez-vous-aux-jardins-2026-260x200.jpg",260,200,true],"cheerup-list-b":["https:\/\/www.familinparis.fr\/wp-content\/uploads\/2025\/05\/rendez-vous-aux-jardins-2026-360x305.jpg",360,305,true],"cheerup-thumb":["https:\/\/www.familinparis.fr\/wp-content\/uploads\/2025\/05\/rendez-vous-aux-jardins-2026-87x67.jpg",87,67,true],"cheerup-thumb-alt":["https:\/\/www.familinparis.fr\/wp-content\/uploads\/2025\/05\/rendez-vous-aux-jardins-2026-150x150.jpg",150,150,true]},"uagb_author_info":{"display_name":"Magali","author_link":"https:\/\/www.familinparis.fr\/en\/author\/tapuscrit\/"},"uagb_comment_info":0,"uagb_excerpt":"May 31 to June 2, 2024","_links":{"self":[{"href":"https:\/\/www.familinparis.fr\/en\/wp-json\/wp\/v2\/posts\/134274","targetHints":{"allow":["GET"]}}],"collection":[{"href":"https:\/\/www.familinparis.fr\/en\/wp-json\/wp\/v2\/posts"}],"about":[{"href":"https:\/\/www.familinparis.fr\/en\/wp-json\/wp\/v2\/types\/post"}],"author":[{"embeddable":true,"href":"https:\/\/www.familinparis.fr\/en\/wp-json\/wp\/v2\/users\/12"}],"replies":[{"embeddable":true,"href":"https:\/\/www.familinparis.fr\/en\/wp-json\/wp\/v2\/comments?post=134274"}],"version-history":[{"count":0,"href":"https:\/\/www.familinparis.fr\/en\/wp-json\/wp\/v2\/posts\/134274\/revisions"}],"wp:featuredmedia":[{"embeddable":true,"href":"https:\/\/www.familinparis.fr\/en\/wp-json\/wp\/v2\/media\/153013"}],"wp:attachment":[{"href":"https:\/\/www.familinparis.fr\/en\/wp-json\/wp\/v2\/media?parent=134274"}],"wp:term":[{"taxonomy":"category","embeddable":true,"href":"https:\/\/www.familinparis.fr\/en\/wp-json\/wp\/v2\/categories?post=134274"},{"taxonomy":"post_tag","embeddable":true,"href":"https:\/\/www.familinparis.fr\/en\/wp-json\/wp\/v2\/tags?post=134274"}],"curies":[{"name":"wp","href":"https:\/\/api.w.org\/{rel}","templated":true}]}}