{"id":134152,"date":"2024-08-23T18:59:31","date_gmt":"2024-08-23T16:59:31","guid":{"rendered":"https:\/\/www.familinparis.fr\/the-great-romantic-weekend\/"},"modified":"2024-11-18T15:31:28","modified_gmt":"2024-11-18T13:31:28","slug":"the-great-romantic-weekend","status":"publish","type":"post","link":"https:\/\/www.familinparis.fr\/en\/the-great-romantic-weekend\/","title":{"rendered":"The great romantic weekend"},"content":{"rendered":"<div class=\"lazyblock-baseline-12vk2S wp-block-lazyblock-baseline\"><div class=\"baseline\">Event ended<\/div><\/div><div class=\"lazyblock-grids-ATJbk wp-block-lazyblock-grids\"><div class=\"row new-grids grids-style-2\">\n        <div class=\"col-12 grid-title\">\n        <h2 class=\"c-blue\">Current or upcoming exhibitions<\/h2>\n\n            <\/div>\n        \n    <div class=\"col-12 grids columns-4\">\n        \n\n<div class=\"grid\">\n\t<a href=\"https:\/\/www.familinparis.fr\/en\/exposition-calder-fondation-louis-vuitton-billet\/\" target=\"_self\">\n\t    <div class=\"image\" style=\"background-image:url('https:\/\/www.familinparis.fr\/wp-content\/uploads\/2026\/04\/exposition-calder-fondation-louis-vuitton-564x282.jpg')\">\n\t    \t\t    \t<div class=\"dateOnImg\">jusqu&#8217;au 16 ao\u00fbt 2026<\/div>\n\t    \t\t\t\t\t    <\/div>\n\t    <div class=\"texte\">\n\t        <h5>Fondation Louis Vuitton<\/h5>\n\t        <h3>Calder. Dreaming in balance<\/h3>\n\t        <div class=\"tags\">\n\t        \t\t        \t\t<span>EXPOSITION<\/span>\n\t        \t\t        \t<span>1h30<\/span>\n\t        <\/div>\n\t        <div class=\"bas\">\n        \t\t<div class=\"prix\">\n        \t\t\t        \t\t<\/div>\n            \t<div class=\"review-stars\" data-productId=\"\">\n            \t<\/div>\n\t        <\/div>\n\t    <\/div>\n\t<\/a>\n<\/div>\n\n<div class=\"grid\">\n\t<a href=\"https:\/\/www.familinparis.fr\/en\/titanic-immersive-exhibition-grande-halle-de-la-villette-75019\/\" target=\"_self\">\n\t    <div class=\"image\" style=\"background-image:url('https:\/\/www.familinparis.fr\/wp-content\/uploads\/2026\/04\/La-Legende-Du-Titanic-exposition-ultime-exposition-immersive-grande-halle-la-villette-2026-564x282.jpg')\">\n\t    \t\t    \t<div class=\"dateOnImg\">jusqu&#8217;au 31 ao\u00fbt 2026<\/div>\n\t    \t\t\t\t\t\t\t\t<div class=\"rond-blanc-age\"><span>For all<\/span><\/div>\n\t\t\t\t    <\/div>\n\t    <div class=\"texte\">\n\t        <h5>La Grande Halle de La Villette <\/h5>\n\t        <h3>The Legend of the Titanic: The Ultimate Exhibition<\/h3>\n\t        <div class=\"tags\">\n\t        \t\t        \t\t<span>exposition immersive<\/span>\n\t        \t\t        \t<span>1h30<\/span>\n\t        <\/div>\n\t        <div class=\"bas\">\n        \t\t<div class=\"prix\">\n        \t\t\t        \t\t<\/div>\n            \t<div class=\"review-stars\" data-productId=\"\">\n            \t<\/div>\n\t        <\/div>\n\t    <\/div>\n\t<\/a>\n<\/div>\n\n<div class=\"grid\">\n\t<a href=\"https:\/\/www.familinparis.fr\/en\/unicorn-exhibition-at-the-cluny-museum-75005\/\" target=\"_self\">\n\t    <div class=\"image\" style=\"background-image:url('https:\/\/www.familinparis.fr\/wp-content\/uploads\/2026\/03\/licornes-expo-musee-cluny-2026-456x282.jpg')\">\n\t    \t\t    \t<div class=\"dateOnImg\">jusqu&#8217;au 12 juillet 2026<\/div>\n\t    \t\t\t\t\t\t\t\t<div class=\"rond-blanc-age\"><span>from <span class=\"age-number\">6<\/span> yo<\/span><\/div>\n\t\t\t\t    <\/div>\n\t    <div class=\"texte\">\n\t        <h5>Mus\u00e9e de Cluny &#8211; Paris 5\u00e8me<\/h5>\n\t        <h3>Unicorns! At the Museum of Cluny<\/h3>\n\t        <div class=\"tags\">\n\t        \t\t        \t\t<span>exposition<\/span>\n\t        \t\t        \t<span>1h<\/span>\n\t        <\/div>\n\t        <div class=\"bas\">\n        \t\t<div class=\"prix\">\n        \t\t\t        \t\t<\/div>\n            \t<div class=\"review-stars\" data-productId=\"\">\n            \t<\/div>\n\t        <\/div>\n\t    <\/div>\n\t<\/a>\n<\/div>\n\n<div class=\"grid\">\n\t<a href=\"https:\/\/www.familinparis.fr\/en\/renaissance-la-nouvelle-experience-immersive-a-l-atelier-des-lumieres\/\" target=\"_self\">\n\t    <div class=\"image\" style=\"background-image:url('https:\/\/www.familinparis.fr\/wp-content\/uploads\/Expos\/2026\/Renaissance-affiche-500x282.jpg')\">\n\t    \t\t    \t<div class=\"dateOnImg\">Until June 28, 2026<\/div>\n\t    \t\t\t\t\t    <\/div>\n\t    <div class=\"texte\">\n\t        <h5>The Atelier des Lumi\u00e8res (Paris 11th)<\/h5>\n\t        <h3>Renaissance at the Atelier des Lumi\u00e8res<\/h3>\n\t        <div class=\"tags\">\n\t        \t\t        \t\t<span>Immersive Exhibition<\/span>\n\t        \t\t        \t<span>50 minutes<\/span>\n\t        <\/div>\n\t        <div class=\"bas\">\n        \t\t<div class=\"prix\">\n        \t\t\t        \t\t<\/div>\n            \t<div class=\"review-stars\" data-productId=\"\">\n            \t<\/div>\n\t        <\/div>\n\t    <\/div>\n\t<\/a>\n<\/div>    <\/div>\n\n            <div class=\"col-12 t-center m-b-20\">\n            <div class=\"labels__fam\">\n                                    <a href=\"\/expo-enfants\/\" class=\"labels__fam-color-secondary labels__fam-radius-rounded\">\n                        See all exhibitions                    <\/a>\n                                    <a href=\"\/musee-incontournable-paris\/\" class=\"labels__fam-color-secondary labels__fam-radius-rounded\">\n                        Museums with the family                    <\/a>\n                                    <a href=\"\/bons-plans\/\" class=\"labels__fam-color-secondary labels__fam-radius-rounded\">\n                        Outings GOOD DEALS                      <\/a>\n                            <\/div>\n        <\/div>\n    \n    \n\n<\/div>\n<\/div>\n<hr class=\"wp-block-separator has-alpha-channel-opacity\"\/>\n<div class=\"lazyblock-infos-pratiques-fQMkR wp-block-lazyblock-infos-pratiques\"><div class=\"read-more go-to\" data-goto=\"infos-sup\">\n  <a href=\"#\">\n    <span class=\"rien\">\n      <i class=\"fa fa-map-marker\"><\/i> See practical information    <\/span>\n  <\/a>\n<\/div><\/div><div class=\"wp-block-image\">\n<figure class=\"aligncenter size-full\"><img decoding=\"async\" src=\"https:\/\/www.familinparis.fr\/wp-content\/uploads\/photos-familinparis-2021\/mus&#xE9;e\/musee-de-la-vie-romantique\/musee-de-la-vie-romantique-cour-&#xA9;FamilinParis-1280x960-1.jpg\" alt=\"Museum of Romantic Life\" class=\"wp-image-52704\" style=\"aspect-ratio:3\/2;object-fit:cover\"\/><\/figure>\n<\/div>\n<div style=\"height:100px\" aria-hidden=\"true\" class=\"wp-block-spacer\"><\/div>\n\n<div class=\"wp-block-columns is-layout-flex wp-container-core-columns-is-layout-9d6595d7 wp-block-columns-is-layout-flex\">\n<div class=\"wp-block-column is-layout-flow wp-block-column-is-layout-flow\">\n<section class=\"wp-block-uagb-section uagb-section__wrap uagb-section__background-none uagb-block-3ecfdddb\"><div class=\"uagb-section__overlay\"><\/div><div class=\"uagb-section__inner-wrap\">\n<ul class=\"wp-block-list\">\n<li><strong>We like <\/strong>: a free weekend for young and old alike to discover this small museum&#8230; so romantic<\/li>\n\n\n\n<li><strong>Age:<\/strong> for all,<strong> <\/strong>from 3 years old<strong> <\/strong><\/li>\n\n\n\n<li><strong>Where<\/strong> : at the Mus\u00e9e de La Vie Romantique (Paris 9th)<\/li>\n\n\n\n<li><strong>When <\/strong>: September 13, 14 and 15, 2024<\/li>\n\n\n\n<li><strong>Prices <\/strong>: free access to all activities, subject to availability  <\/li>\n\n\n\n<li><strong>Reservation recommended<\/strong>, on the museum&#8217;s website<\/li>\n<\/ul>\n<\/div><\/section>\n<\/div>\n\n\n\n<div class=\"wp-block-column is-layout-flow wp-block-column-is-layout-flow\">\n<section class=\"wp-block-uagb-section uagb-section__wrap uagb-section__background-none uagb-block-a682d6dc\"><div class=\"uagb-section__overlay\"><\/div><div class=\"uagb-section__inner-wrap\">\n<h2 class=\"wp-block-heading\">A free and family-friendly event  <\/h2>\n\n\n\n<p><a href=\"https:\/\/www.familinparis.fr\/en\/the-montmartre-district\/\">Not far from Montmartre<\/a>, <strong>for a <\/strong><a href=\"https:\/\/www.familinparis.fr\/en\/what-to-do-in-paris-this-weekend\/\">weekend<\/a>, <strong>the Mus\u00e9e de Vie Romantique <\/strong><strong>is organizing an exceptional weekend under the sign of celebration<\/strong> to close the exhibition &#8220;<em>G\u00e9ricault&#8217;s Horses<\/em>&#8221; and before its closure for renovation.<\/p>\n\n\n\n<p>Parents and children will be welcomed to <strong>discover the exhibition and the museum&#8217;s collections<\/strong> thanks to a special programme.<\/p>\n\n\n\n<p><strong>On the program of these 3 festive days: <\/strong>Open-air cinema, tales and children&#8217;s shows, offbeat and surprising visits, party for 3-12 year olds, Dj set by Mr Bonus, resident of the Rosa Bonheur<\/p>\n<\/div><\/section>\n<\/div>\n<\/div>\n\n<section class=\"wp-block-uagb-section uagb-section__wrap uagb-section__background-none uagb-block-e0746728\"><div class=\"uagb-section__overlay\"><\/div><div class=\"uagb-section__inner-wrap\">\n<h2 class=\"wp-block-heading has-text-align-center\">The program of the festive weekend <br\/>of the Museum of Romantic Life<\/h2>\n\n\n\n<h3 class=\"wp-block-heading has-text-align-center has-medium-font-size\"><strong>September 13, 14 and 15, 2024<\/strong><\/h3>\n\n\n\n<div style=\"height:42px\" aria-hidden=\"true\" class=\"wp-block-spacer\"><\/div>\n\n\n\n<h3 class=\"wp-block-heading\"><strong>Friday 13 September<\/strong><strong>: <strong>Open-air cinema, 7:15 pm &#8211; 10:30 pm<\/strong><\/strong> (for teenagers)<\/h3>\n\n\n\n<ul class=\"wp-block-list\">\n<li><strong>Broadcast of the first episode of <em>L&#8217;Arm\u00e9e des romantiques<\/em>.<\/strong><\/li>\n\n\n\n<li>A four-episode animated documentary series directed by Am\u00e9lie Harrault produced by Silex Films and Arte France.  <\/li>\n\n\n\n<li>This event series tells the story of the literary and artistic scene in Paris in the nineteenth century. Hugo, Sand, Balzac, Dumas, Delacroix, Nerval, Baudelaire&#8230; are the magnificent heroes of the first all-animated saga on the History of Art and ideas by Am\u00e9lie Harrault, director of &#8221; <em>Adventurers of Modern Art<\/em> &#8221; and &#8221; <em>Mademoiselle Kiki and the Montparnos <\/em>&#8220;. <\/li>\n\n\n\n<li><strong>Aired episode: <em>The Romantic Revolution 1827-1832<\/em><\/strong><\/li>\n\n\n\n<li>Registration<strong>on the museum&#8217;s website<\/strong><\/li>\n\n\n\n<li><strong>7:15 p.m. <\/strong>: Doors open<\/li>\n\n\n\n<li><strong>8:30 p.m.<\/strong> : Introduction to Romanticism and Series by the creator of the series and the director of the museum<\/li>\n\n\n\n<li><strong>9 p.m.:<\/strong> Start of the screening<\/li>\n<\/ul>\n\n\n\n<div style=\"height:20px\" aria-hidden=\"true\" class=\"wp-block-spacer\"><\/div>\n\n\n\n<h3 class=\"wp-block-heading has-text-align-center\"><strong>Saturday, September 14<\/strong><\/h3>\n\n\n\n<ul class=\"wp-block-list\">\n<li><em><strong>The explosive visits of Champion &amp; Ultrason<\/strong><\/em> (from 11 years old)\n<ul class=\"wp-block-list\">\n<li>The modern clown duo Champion &amp; Ultrason returns to the museum and offers quirky and fun tours of the permanent collections.<\/li>\n\n\n\n<li><strong>Several sessions from 10 am to 12:30 pm, duration 20 min.<\/strong><\/li>\n\n\n\n<li><strong>All audiences from 11 years old<\/strong><\/li>\n\n\n\n<li><strong>Free<\/strong><\/li>\n<\/ul>\n<\/li>\n<\/ul>\n\n\n\n<p><\/p>\n\n\n\n<ul class=\"wp-block-list\">\n<li><em><strong>Laure&#8217;s Tales (<\/strong><\/em> from 5 years old)\n<ul class=\"wp-block-list\">\n<li>In the courtyard, the storyteller Laure Urgin will tell the most beautiful stories of her repertoire for attentive little ears aged 5 and over.<\/li>\n\n\n\n<li><strong>Several sessions from 10:30 am to 12:30 pm, duration 30 min.<\/strong><\/li>\n\n\n\n<li><strong>Free<\/strong><\/li>\n<\/ul>\n<\/li>\n<\/ul>\n\n\n\n<p><\/p>\n\n\n\n<ul class=\"wp-block-list\">\n<li><strong><em>Entertainment stands<\/em><\/strong> (for toddlers)\n<ul class=\"wp-block-list\">\n<li>Two stands will be set up in the courtyard: one for making fans and the other for colouring.<\/li>\n\n\n\n<li><strong>Continuous from 10 a.m. to 12 p.m.<\/strong><\/li>\n\n\n\n<li><strong>Free<\/strong><\/li>\n<\/ul>\n<\/li>\n<\/ul>\n\n\n\n<p><\/p>\n\n\n\n<ul class=\"wp-block-list\">\n<li><em><strong>Music and theatrical sessions<\/strong><\/em>\n<ul class=\"wp-block-list\">\n<li>With the accordionist class of the CRR and the P\u00f4le sup\u00e9rieur de Paris Boulogne Billancourt and the theater class of the Camille Saint-Sa\u00ebns conservatory, 8th arrondissement.<\/li>\n\n\n\n<li><strong>Several sessions from 12:30 pm to 4 pm<\/strong><\/li>\n\n\n\n<li><strong>Free<\/strong><\/li>\n<\/ul>\n<\/li>\n<\/ul>\n\n\n\n<p><\/p>\n\n\n\n<ul class=\"wp-block-list\">\n<li><strong><em>When my heart goes BOOM<\/em><\/strong> (for 3-12 year olds)\n<ul class=\"wp-block-list\">\n<li>THE party reserved for 3-12 year olds by &#8220;Les doigts dans la prise&#8221; with Dj, animator and make-up artist<\/li>\n\n\n\n<li><strong>From 4 pm to 6 pm<\/strong><\/li>\n\n\n\n<li><strong>Free<\/strong><\/li>\n<\/ul>\n<\/li>\n<\/ul>\n\n\n\n<p><\/p>\n\n\n\n<ul class=\"wp-block-list\">\n<li><em><strong>Romantic paradise<\/strong><\/em> (for grown-ups!)\n<ul class=\"wp-block-list\">\n<li><strong>DJ set in the garden, exceptional nocturnal in the exhibition and the permanent collections.<\/strong><\/li>\n\n\n\n<li>From 6:30 p.m., Mr. Bonus, Resident Dj at Rosa Bonheur, will transform the courtyard into a dancefloor for a memorable evening.<\/li>\n\n\n\n<li><strong>From 6:30 pm to 11 pm<\/strong><\/li>\n\n\n\n<li><strong>Free<\/strong><\/li>\n<\/ul>\n<\/li>\n<\/ul>\n\n\n\n<h3 class=\"wp-block-heading has-text-align-center\"><strong>Sunday, September 15<\/strong><\/h3>\n\n\n\n<div style=\"height:20px\" aria-hidden=\"true\" class=\"wp-block-spacer\"><\/div>\n\n\n\n<ul class=\"wp-block-list\">\n<li><\/li>\n<\/ul>\n\n\n\n<ul class=\"wp-block-list\">\n<li><em><strong>The explosive flash visits of Champion &amp; Ultrason<\/strong><\/em> (from 11 years old)\n<ul class=\"wp-block-list\">\n<li>The modern clown duo Champion &amp; Ultrason returns to the museum and offers quirky and fun flash tours of the permanent collections.<\/li>\n\n\n\n<li><strong>Several sessions from 10 am to 12:30 pm, duration 20 min.<\/strong><\/li>\n\n\n\n<li><strong>All audiences from 11 years old<\/strong><\/li>\n\n\n\n<li><strong>Free<\/strong><\/li>\n<\/ul>\n<\/li>\n<\/ul>\n\n\n\n<p><\/p>\n\n\n\n<ul class=\"wp-block-list\">\n<li><em><strong>Eternal Stories, based on Grimm, Andersen and Perrault<\/strong><\/em> (from 8 years old)\n<ul class=\"wp-block-list\">\n<li>This show by the company <em>Les Dramaticules<\/em> plunges us into fantastic universes where flutes are enchanting, matches hypnotic and keys magical.<\/li>\n\n\n\n<li><strong>Session at 10:30 am, duration 40 min.<\/strong><\/li>\n\n\n\n<li><strong>All audiences from 8 years old<\/strong><\/li>\n\n\n\n<li><strong>Free<\/strong><\/li>\n<\/ul>\n<\/li>\n<\/ul>\n\n\n\n<p><\/p>\n\n\n\n<ul class=\"wp-block-list\">\n<li><strong><em>Romantic Chill<\/em><\/strong>\n<ul class=\"wp-block-list\">\n<li>From 2:30 p.m. to 6 p.m., Mr Bonus will set the courtyard and garden to music for a romantic atmosphere.<\/li>\n<\/ul>\n<\/li>\n<\/ul>\n\n\n\n<ul class=\"wp-block-list\">\n<li><\/li>\n<\/ul>\n<\/div><\/section>\n\n<div style=\"height:0px\" aria-hidden=\"true\" class=\"wp-block-spacer\"><\/div>\n\n<div style=\"height:11px\" aria-hidden=\"true\" class=\"wp-block-spacer\"><\/div>\n\n<div class=\"wp-block-buttons m-b-20 is-content-justification-center is-layout-flex wp-container-core-buttons-is-layout-16018d1d wp-block-buttons-is-layout-flex\">\n<div class=\"wp-block-button\"><a class=\"wp-block-button__link has-white-color has-text-color has-background wp-element-button\" href=\"https:\/\/www.familinparis.fr\/en\/plays-for-children-and-teenagers-in-paris\/\" style=\"background-color:#00809b\">The theatre<\/a><\/div>\n\n\n\n<div class=\"wp-block-button\"><a class=\"wp-block-button__link has-white-color has-text-color has-background wp-element-button\" href=\"https:\/\/www.familinparis.fr\/en\/circus-shows-in-paris\/\" style=\"background-color:#00809b\">The circus<\/a><\/div>\n\n\n\n<div class=\"wp-block-button\"><a class=\"wp-block-button__link has-white-color has-text-color has-background wp-element-button\" href=\"https:\/\/www.familinparis.fr\/en\/magic-show-in-paris-for-fans\/\" style=\"background-color:#00809b\">The magic<\/a><\/div>\n<\/div>\n\n<div style=\"height:22px\" aria-hidden=\"true\" class=\"wp-block-spacer\"><\/div>\n","protected":false},"excerpt":{"rendered":"<p>Saturday 27 and Sunday 28 April<\/p>\n","protected":false},"author":5,"featured_media":130470,"comment_status":"open","ping_status":"open","sticky":false,"template":"","format":"standard","meta":{"_uag_custom_page_level_css":"","footnotes":""},"categories":[1253],"tags":[1397],"class_list":{"0":"post-134152","1":"post","2":"type-post","3":"status-publish","4":"format-standard","5":"has-post-thumbnail","7":"category-past-events","8":"tag-september-archive"},"yoast_head":"<!-- This site is optimized with the Yoast SEO plugin v27.2 - https:\/\/yoast.com\/product\/yoast-seo-wordpress\/ -->\n<title>FREE | Family weekend at the Museum of Romantic Life<\/title>\n<meta name=\"description\" content=\"Free and festive activities at the Mus\u00e9e de la Vie Romantique in Paris. For everyone, from 3 years old. The weekend of 13, 14 and 15 September 2024\" \/>\n<meta name=\"robots\" content=\"index, follow, max-snippet:-1, max-image-preview:large, max-video-preview:-1\" \/>\n<link rel=\"canonical\" href=\"https:\/\/www.familinparis.fr\/en\/the-great-romantic-weekend\/\" \/>\n<meta property=\"og:locale\" content=\"en_US\" \/>\n<meta property=\"og:type\" content=\"article\" \/>\n<meta property=\"og:title\" content=\"FREE | Family weekend at the Museum of Romantic Life\" \/>\n<meta property=\"og:description\" content=\"Free and festive activities at the Mus\u00e9e de la Vie Romantique in Paris. For everyone, from 3 years old. The weekend of 13, 14 and 15 September 2024\" \/>\n<meta property=\"og:url\" content=\"https:\/\/www.familinparis.fr\/en\/the-great-romantic-weekend\/\" \/>\n<meta property=\"og:site_name\" content=\"Familin&#039;Paris\" \/>\n<meta property=\"article:published_time\" content=\"2024-08-23T16:59:31+00:00\" \/>\n<meta property=\"article:modified_time\" content=\"2024-11-18T13:31:28+00:00\" \/>\n<meta property=\"og:image\" content=\"https:\/\/www.familinparis.fr\/wp-content\/uploads\/photos-familinparis-2021\/mus\u00e9e\/musee-de-la-vie-romantique\/musee-de-la-vie-romantique-75009-\u00a9FamilinParis-960x958-1.jpg\" \/>\n\t<meta property=\"og:image:width\" content=\"960\" \/>\n\t<meta property=\"og:image:height\" content=\"958\" \/>\n\t<meta property=\"og:image:type\" content=\"image\/jpeg\" \/>\n<meta name=\"author\" content=\"olivia\" \/>\n<meta name=\"twitter:card\" content=\"summary_large_image\" \/>\n<meta name=\"twitter:label1\" content=\"Written by\" \/>\n\t<meta name=\"twitter:data1\" content=\"olivia\" \/>\n\t<meta name=\"twitter:label2\" content=\"Est. reading time\" \/>\n\t<meta name=\"twitter:data2\" content=\"3 minutes\" \/>\n<script type=\"application\/ld+json\" class=\"yoast-schema-graph\">{\"@context\":\"https:\/\/schema.org\",\"@graph\":[{\"@type\":\"Article\",\"@id\":\"https:\/\/www.familinparis.fr\/en\/the-great-romantic-weekend\/#article\",\"isPartOf\":{\"@id\":\"https:\/\/www.familinparis.fr\/en\/the-great-romantic-weekend\/\"},\"author\":{\"name\":\"olivia\",\"@id\":\"https:\/\/www.familinparis.fr\/en\/#\/schema\/person\/a87467bb417cd0c77d0a7bb5d1d78ac5\"},\"headline\":\"The great romantic weekend\",\"datePublished\":\"2024-08-23T16:59:31+00:00\",\"dateModified\":\"2024-11-18T13:31:28+00:00\",\"mainEntityOfPage\":{\"@id\":\"https:\/\/www.familinparis.fr\/en\/the-great-romantic-weekend\/\"},\"wordCount\":652,\"commentCount\":0,\"image\":{\"@id\":\"https:\/\/www.familinparis.fr\/en\/the-great-romantic-weekend\/#primaryimage\"},\"thumbnailUrl\":\"https:\/\/www.familinparis.fr\/wp-content\/uploads\/photos-familinparis-2021\/mus\u00e9e\/musee-de-la-vie-romantique\/musee-de-la-vie-romantique-75009-\u00a9FamilinParis-960x958-1.jpg\",\"keywords\":[\"September Archive\"],\"articleSection\":[\"Past events\"],\"inLanguage\":\"en-US\",\"potentialAction\":[{\"@type\":\"CommentAction\",\"name\":\"Comment\",\"target\":[\"https:\/\/www.familinparis.fr\/en\/the-great-romantic-weekend\/#respond\"]}]},{\"@type\":\"WebPage\",\"@id\":\"https:\/\/www.familinparis.fr\/en\/the-great-romantic-weekend\/\",\"url\":\"https:\/\/www.familinparis.fr\/en\/the-great-romantic-weekend\/\",\"name\":\"FREE | Family weekend at the Museum of Romantic Life\",\"isPartOf\":{\"@id\":\"https:\/\/www.familinparis.fr\/en\/#website\"},\"primaryImageOfPage\":{\"@id\":\"https:\/\/www.familinparis.fr\/en\/the-great-romantic-weekend\/#primaryimage\"},\"image\":{\"@id\":\"https:\/\/www.familinparis.fr\/en\/the-great-romantic-weekend\/#primaryimage\"},\"thumbnailUrl\":\"https:\/\/www.familinparis.fr\/wp-content\/uploads\/photos-familinparis-2021\/mus\u00e9e\/musee-de-la-vie-romantique\/musee-de-la-vie-romantique-75009-\u00a9FamilinParis-960x958-1.jpg\",\"datePublished\":\"2024-08-23T16:59:31+00:00\",\"dateModified\":\"2024-11-18T13:31:28+00:00\",\"author\":{\"@id\":\"https:\/\/www.familinparis.fr\/en\/#\/schema\/person\/a87467bb417cd0c77d0a7bb5d1d78ac5\"},\"description\":\"Free and festive activities at the Mus\u00e9e de la Vie Romantique in Paris. For everyone, from 3 years old. The weekend of 13, 14 and 15 September 2024\",\"breadcrumb\":{\"@id\":\"https:\/\/www.familinparis.fr\/en\/the-great-romantic-weekend\/#breadcrumb\"},\"inLanguage\":\"en-US\",\"potentialAction\":[{\"@type\":\"ReadAction\",\"target\":[\"https:\/\/www.familinparis.fr\/en\/the-great-romantic-weekend\/\"]}]},{\"@type\":\"ImageObject\",\"inLanguage\":\"en-US\",\"@id\":\"https:\/\/www.familinparis.fr\/en\/the-great-romantic-weekend\/#primaryimage\",\"url\":\"https:\/\/www.familinparis.fr\/wp-content\/uploads\/photos-familinparis-2021\/mus\u00e9e\/musee-de-la-vie-romantique\/musee-de-la-vie-romantique-75009-\u00a9FamilinParis-960x958-1.jpg\",\"contentUrl\":\"https:\/\/www.familinparis.fr\/wp-content\/uploads\/photos-familinparis-2021\/mus\u00e9e\/musee-de-la-vie-romantique\/musee-de-la-vie-romantique-75009-\u00a9FamilinParis-960x958-1.jpg\",\"width\":960,\"height\":958},{\"@type\":\"BreadcrumbList\",\"@id\":\"https:\/\/www.familinparis.fr\/en\/the-great-romantic-weekend\/#breadcrumb\",\"itemListElement\":[{\"@type\":\"ListItem\",\"position\":1,\"name\":\"Home\",\"item\":\"https:\/\/www.familinparis.fr\/en\/\"},{\"@type\":\"ListItem\",\"position\":2,\"name\":\"Past events\",\"item\":\"https:\/\/www.familinparis.fr\/en\/categorie\/past-events\/\"},{\"@type\":\"ListItem\",\"position\":3,\"name\":\"The great romantic weekend\"}]},{\"@type\":\"WebSite\",\"@id\":\"https:\/\/www.familinparis.fr\/en\/#website\",\"url\":\"https:\/\/www.familinparis.fr\/en\/\",\"name\":\"Familin&#039;Paris\",\"description\":\"Visiter le meilleur de Paris avec des enfants : sorties, spectacles, adresses de restaurants, shopping, bons plans...\",\"potentialAction\":[{\"@type\":\"SearchAction\",\"target\":{\"@type\":\"EntryPoint\",\"urlTemplate\":\"https:\/\/www.familinparis.fr\/en\/?s={search_term_string}\"},\"query-input\":{\"@type\":\"PropertyValueSpecification\",\"valueRequired\":true,\"valueName\":\"search_term_string\"}}],\"inLanguage\":\"en-US\"},{\"@type\":\"Person\",\"@id\":\"https:\/\/www.familinparis.fr\/en\/#\/schema\/person\/a87467bb417cd0c77d0a7bb5d1d78ac5\",\"name\":\"olivia\",\"image\":{\"@type\":\"ImageObject\",\"inLanguage\":\"en-US\",\"@id\":\"https:\/\/secure.gravatar.com\/avatar\/cbca07f1dfea20f457a666a1b84ed5cf1364773d1378c6f10fd36c354eef1ef8?s=96&d=identicon&r=g\",\"url\":\"https:\/\/secure.gravatar.com\/avatar\/cbca07f1dfea20f457a666a1b84ed5cf1364773d1378c6f10fd36c354eef1ef8?s=96&d=identicon&r=g\",\"contentUrl\":\"https:\/\/secure.gravatar.com\/avatar\/cbca07f1dfea20f457a666a1b84ed5cf1364773d1378c6f10fd36c354eef1ef8?s=96&d=identicon&r=g\",\"caption\":\"olivia\"}}]}<\/script>\n<!-- \/ Yoast SEO plugin. -->","yoast_head_json":{"title":"FREE | Family weekend at the Museum of Romantic Life","description":"Free and festive activities at the Mus\u00e9e de la Vie Romantique in Paris. For everyone, from 3 years old. The weekend of 13, 14 and 15 September 2024","robots":{"index":"index","follow":"follow","max-snippet":"max-snippet:-1","max-image-preview":"max-image-preview:large","max-video-preview":"max-video-preview:-1"},"canonical":"https:\/\/www.familinparis.fr\/en\/the-great-romantic-weekend\/","og_locale":"en_US","og_type":"article","og_title":"FREE | Family weekend at the Museum of Romantic Life","og_description":"Free and festive activities at the Mus\u00e9e de la Vie Romantique in Paris. For everyone, from 3 years old. The weekend of 13, 14 and 15 September 2024","og_url":"https:\/\/www.familinparis.fr\/en\/the-great-romantic-weekend\/","og_site_name":"Familin&#039;Paris","article_published_time":"2024-08-23T16:59:31+00:00","article_modified_time":"2024-11-18T13:31:28+00:00","og_image":[{"width":960,"height":958,"url":"https:\/\/www.familinparis.fr\/wp-content\/uploads\/photos-familinparis-2021\/mus\u00e9e\/musee-de-la-vie-romantique\/musee-de-la-vie-romantique-75009-\u00a9FamilinParis-960x958-1.jpg","type":"image\/jpeg"}],"author":"olivia","twitter_card":"summary_large_image","twitter_misc":{"Written by":"olivia","Est. reading time":"3 minutes"},"schema":{"@context":"https:\/\/schema.org","@graph":[{"@type":"Article","@id":"https:\/\/www.familinparis.fr\/en\/the-great-romantic-weekend\/#article","isPartOf":{"@id":"https:\/\/www.familinparis.fr\/en\/the-great-romantic-weekend\/"},"author":{"name":"olivia","@id":"https:\/\/www.familinparis.fr\/en\/#\/schema\/person\/a87467bb417cd0c77d0a7bb5d1d78ac5"},"headline":"The great romantic weekend","datePublished":"2024-08-23T16:59:31+00:00","dateModified":"2024-11-18T13:31:28+00:00","mainEntityOfPage":{"@id":"https:\/\/www.familinparis.fr\/en\/the-great-romantic-weekend\/"},"wordCount":652,"commentCount":0,"image":{"@id":"https:\/\/www.familinparis.fr\/en\/the-great-romantic-weekend\/#primaryimage"},"thumbnailUrl":"https:\/\/www.familinparis.fr\/wp-content\/uploads\/photos-familinparis-2021\/mus\u00e9e\/musee-de-la-vie-romantique\/musee-de-la-vie-romantique-75009-\u00a9FamilinParis-960x958-1.jpg","keywords":["September Archive"],"articleSection":["Past events"],"inLanguage":"en-US","potentialAction":[{"@type":"CommentAction","name":"Comment","target":["https:\/\/www.familinparis.fr\/en\/the-great-romantic-weekend\/#respond"]}]},{"@type":"WebPage","@id":"https:\/\/www.familinparis.fr\/en\/the-great-romantic-weekend\/","url":"https:\/\/www.familinparis.fr\/en\/the-great-romantic-weekend\/","name":"FREE | Family weekend at the Museum of Romantic Life","isPartOf":{"@id":"https:\/\/www.familinparis.fr\/en\/#website"},"primaryImageOfPage":{"@id":"https:\/\/www.familinparis.fr\/en\/the-great-romantic-weekend\/#primaryimage"},"image":{"@id":"https:\/\/www.familinparis.fr\/en\/the-great-romantic-weekend\/#primaryimage"},"thumbnailUrl":"https:\/\/www.familinparis.fr\/wp-content\/uploads\/photos-familinparis-2021\/mus\u00e9e\/musee-de-la-vie-romantique\/musee-de-la-vie-romantique-75009-\u00a9FamilinParis-960x958-1.jpg","datePublished":"2024-08-23T16:59:31+00:00","dateModified":"2024-11-18T13:31:28+00:00","author":{"@id":"https:\/\/www.familinparis.fr\/en\/#\/schema\/person\/a87467bb417cd0c77d0a7bb5d1d78ac5"},"description":"Free and festive activities at the Mus\u00e9e de la Vie Romantique in Paris. For everyone, from 3 years old. The weekend of 13, 14 and 15 September 2024","breadcrumb":{"@id":"https:\/\/www.familinparis.fr\/en\/the-great-romantic-weekend\/#breadcrumb"},"inLanguage":"en-US","potentialAction":[{"@type":"ReadAction","target":["https:\/\/www.familinparis.fr\/en\/the-great-romantic-weekend\/"]}]},{"@type":"ImageObject","inLanguage":"en-US","@id":"https:\/\/www.familinparis.fr\/en\/the-great-romantic-weekend\/#primaryimage","url":"https:\/\/www.familinparis.fr\/wp-content\/uploads\/photos-familinparis-2021\/mus\u00e9e\/musee-de-la-vie-romantique\/musee-de-la-vie-romantique-75009-\u00a9FamilinParis-960x958-1.jpg","contentUrl":"https:\/\/www.familinparis.fr\/wp-content\/uploads\/photos-familinparis-2021\/mus\u00e9e\/musee-de-la-vie-romantique\/musee-de-la-vie-romantique-75009-\u00a9FamilinParis-960x958-1.jpg","width":960,"height":958},{"@type":"BreadcrumbList","@id":"https:\/\/www.familinparis.fr\/en\/the-great-romantic-weekend\/#breadcrumb","itemListElement":[{"@type":"ListItem","position":1,"name":"Home","item":"https:\/\/www.familinparis.fr\/en\/"},{"@type":"ListItem","position":2,"name":"Past events","item":"https:\/\/www.familinparis.fr\/en\/categorie\/past-events\/"},{"@type":"ListItem","position":3,"name":"The great romantic weekend"}]},{"@type":"WebSite","@id":"https:\/\/www.familinparis.fr\/en\/#website","url":"https:\/\/www.familinparis.fr\/en\/","name":"Familin&#039;Paris","description":"Visiter le meilleur de Paris avec des enfants : sorties, spectacles, adresses de restaurants, shopping, bons plans...","potentialAction":[{"@type":"SearchAction","target":{"@type":"EntryPoint","urlTemplate":"https:\/\/www.familinparis.fr\/en\/?s={search_term_string}"},"query-input":{"@type":"PropertyValueSpecification","valueRequired":true,"valueName":"search_term_string"}}],"inLanguage":"en-US"},{"@type":"Person","@id":"https:\/\/www.familinparis.fr\/en\/#\/schema\/person\/a87467bb417cd0c77d0a7bb5d1d78ac5","name":"olivia","image":{"@type":"ImageObject","inLanguage":"en-US","@id":"https:\/\/secure.gravatar.com\/avatar\/cbca07f1dfea20f457a666a1b84ed5cf1364773d1378c6f10fd36c354eef1ef8?s=96&d=identicon&r=g","url":"https:\/\/secure.gravatar.com\/avatar\/cbca07f1dfea20f457a666a1b84ed5cf1364773d1378c6f10fd36c354eef1ef8?s=96&d=identicon&r=g","contentUrl":"https:\/\/secure.gravatar.com\/avatar\/cbca07f1dfea20f457a666a1b84ed5cf1364773d1378c6f10fd36c354eef1ef8?s=96&d=identicon&r=g","caption":"olivia"}}]}},"uagb_featured_image_src":{"full":["https:\/\/www.familinparis.fr\/wp-content\/uploads\/photos-familinparis-2021\/mus\u00e9e\/musee-de-la-vie-romantique\/musee-de-la-vie-romantique-75009-\u00a9FamilinParis-960x958-1.jpg",960,958,false],"thumbnail":["https:\/\/www.familinparis.fr\/wp-content\/uploads\/photos-familinparis-2021\/mus\u00e9e\/musee-de-la-vie-romantique\/musee-de-la-vie-romantique-75009-\u00a9FamilinParis-960x958-1-150x150.jpg",150,150,true],"medium":["https:\/\/www.familinparis.fr\/wp-content\/uploads\/photos-familinparis-2021\/mus\u00e9e\/musee-de-la-vie-romantique\/musee-de-la-vie-romantique-75009-\u00a9FamilinParis-960x958-1-300x300.jpg",300,300,true],"medium_large":["https:\/\/www.familinparis.fr\/wp-content\/uploads\/photos-familinparis-2021\/mus\u00e9e\/musee-de-la-vie-romantique\/musee-de-la-vie-romantique-75009-\u00a9FamilinParis-960x958-1.jpg",768,766,false],"large":["https:\/\/www.familinparis.fr\/wp-content\/uploads\/photos-familinparis-2021\/mus\u00e9e\/musee-de-la-vie-romantique\/musee-de-la-vie-romantique-75009-\u00a9FamilinParis-960x958-1.jpg",770,768,false],"1536x1536":["https:\/\/www.familinparis.fr\/wp-content\/uploads\/photos-familinparis-2021\/mus\u00e9e\/musee-de-la-vie-romantique\/musee-de-la-vie-romantique-75009-\u00a9FamilinParis-960x958-1.jpg",960,958,false],"2048x2048":["https:\/\/www.familinparis.fr\/wp-content\/uploads\/photos-familinparis-2021\/mus\u00e9e\/musee-de-la-vie-romantique\/musee-de-la-vie-romantique-75009-\u00a9FamilinParis-960x958-1.jpg",960,958,false],"home-thumb":["https:\/\/www.familinparis.fr\/wp-content\/uploads\/photos-familinparis-2021\/mus\u00e9e\/musee-de-la-vie-romantique\/musee-de-la-vie-romantique-75009-\u00a9FamilinParis-960x958-1-730x728.jpg",730,728,true],"home-slider":["https:\/\/www.familinparis.fr\/wp-content\/uploads\/photos-familinparis-2021\/mus\u00e9e\/musee-de-la-vie-romantique\/musee-de-la-vie-romantique-75009-\u00a9FamilinParis-960x958-1-800x600.jpg",800,600,true],"lightbox-slider-size":["https:\/\/www.familinparis.fr\/wp-content\/uploads\/photos-familinparis-2021\/mus\u00e9e\/musee-de-la-vie-romantique\/musee-de-la-vie-romantique-75009-\u00a9FamilinParis-960x958-1-564x282.jpg",564,282,true],"post-thumbnail":["https:\/\/www.familinparis.fr\/wp-content\/uploads\/photos-familinparis-2021\/mus\u00e9e\/musee-de-la-vie-romantique\/musee-de-la-vie-romantique-75009-\u00a9FamilinParis-960x958-1-270x180.jpg",270,180,true],"cheerup-main":["https:\/\/www.familinparis.fr\/wp-content\/uploads\/photos-familinparis-2021\/mus\u00e9e\/musee-de-la-vie-romantique\/musee-de-la-vie-romantique-75009-\u00a9FamilinParis-960x958-1-770x400.jpg",770,400,true],"cheerup-main-full":["https:\/\/www.familinparis.fr\/wp-content\/uploads\/photos-familinparis-2021\/mus\u00e9e\/musee-de-la-vie-romantique\/musee-de-la-vie-romantique-75009-\u00a9FamilinParis-960x958-1-960x508.jpg",960,508,true],"cheerup-slider-alt":["https:\/\/www.familinparis.fr\/wp-content\/uploads\/photos-familinparis-2021\/mus\u00e9e\/musee-de-la-vie-romantique\/musee-de-la-vie-romantique-75009-\u00a9FamilinParis-960x958-1-960x508.jpg",960,508,true],"cheerup-slider-trendy":["https:\/\/www.familinparis.fr\/wp-content\/uploads\/photos-familinparis-2021\/mus\u00e9e\/musee-de-la-vie-romantique\/musee-de-la-vie-romantique-75009-\u00a9FamilinParis-960x958-1-960x508.jpg",960,508,true],"cheerup-slider-stylish":["https:\/\/www.familinparis.fr\/wp-content\/uploads\/photos-familinparis-2021\/mus\u00e9e\/musee-de-la-vie-romantique\/musee-de-la-vie-romantique-75009-\u00a9FamilinParis-960x958-1-900x515.jpg",900,515,true],"cheerup-slider-grid":["https:\/\/www.familinparis.fr\/wp-content\/uploads\/photos-familinparis-2021\/mus\u00e9e\/musee-de-la-vie-romantique\/musee-de-la-vie-romantique-75009-\u00a9FamilinParis-960x958-1-870x600.jpg",870,600,true],"cheerup-slider-grid-sm":["https:\/\/www.familinparis.fr\/wp-content\/uploads\/photos-familinparis-2021\/mus\u00e9e\/musee-de-la-vie-romantique\/musee-de-la-vie-romantique-75009-\u00a9FamilinParis-960x958-1-300x300.jpg",300,300,true],"cheerup-slider-carousel":["https:\/\/www.familinparis.fr\/wp-content\/uploads\/photos-familinparis-2021\/mus\u00e9e\/musee-de-la-vie-romantique\/musee-de-la-vie-romantique-75009-\u00a9FamilinParis-960x958-1-370x370.jpg",370,370,true],"cheerup-slider-grid-b":["https:\/\/www.familinparis.fr\/wp-content\/uploads\/photos-familinparis-2021\/mus\u00e9e\/musee-de-la-vie-romantique\/musee-de-la-vie-romantique-75009-\u00a9FamilinParis-960x958-1-554x466.jpg",554,466,true],"cheerup-slider-grid-b-sm":["https:\/\/www.familinparis.fr\/wp-content\/uploads\/photos-familinparis-2021\/mus\u00e9e\/musee-de-la-vie-romantique\/musee-de-la-vie-romantique-75009-\u00a9FamilinParis-960x958-1-306x466.jpg",306,466,true],"cheerup-slider-bold-sm":["https:\/\/www.familinparis.fr\/wp-content\/uploads\/photos-familinparis-2021\/mus\u00e9e\/musee-de-la-vie-romantique\/musee-de-la-vie-romantique-75009-\u00a9FamilinParis-960x958-1-150x150.jpg",150,150,true],"cheerup-grid":["https:\/\/www.familinparis.fr\/wp-content\/uploads\/photos-familinparis-2021\/mus\u00e9e\/musee-de-la-vie-romantique\/musee-de-la-vie-romantique-75009-\u00a9FamilinParis-960x958-1-370x285.jpg",370,285,true],"cheerup-carousel":["https:\/\/www.familinparis.fr\/wp-content\/uploads\/photos-familinparis-2021\/mus\u00e9e\/musee-de-la-vie-romantique\/musee-de-la-vie-romantique-75009-\u00a9FamilinParis-960x958-1-270x180.jpg",270,180,true],"cheerup-carousel-b":["https:\/\/www.familinparis.fr\/wp-content\/uploads\/photos-familinparis-2021\/mus\u00e9e\/musee-de-la-vie-romantique\/musee-de-la-vie-romantique-75009-\u00a9FamilinParis-960x958-1-370x285.jpg",370,285,true],"cheerup-list":["https:\/\/www.familinparis.fr\/wp-content\/uploads\/photos-familinparis-2021\/mus\u00e9e\/musee-de-la-vie-romantique\/musee-de-la-vie-romantique-75009-\u00a9FamilinParis-960x958-1-260x200.jpg",260,200,true],"cheerup-list-b":["https:\/\/www.familinparis.fr\/wp-content\/uploads\/photos-familinparis-2021\/mus\u00e9e\/musee-de-la-vie-romantique\/musee-de-la-vie-romantique-75009-\u00a9FamilinParis-960x958-1-370x305.jpg",370,305,true],"cheerup-thumb":["https:\/\/www.familinparis.fr\/wp-content\/uploads\/photos-familinparis-2021\/mus\u00e9e\/musee-de-la-vie-romantique\/musee-de-la-vie-romantique-75009-\u00a9FamilinParis-960x958-1-87x67.jpg",87,67,true],"cheerup-thumb-alt":["https:\/\/www.familinparis.fr\/wp-content\/uploads\/photos-familinparis-2021\/mus\u00e9e\/musee-de-la-vie-romantique\/musee-de-la-vie-romantique-75009-\u00a9FamilinParis-960x958-1-150x150.jpg",150,150,true]},"uagb_author_info":{"display_name":"olivia","author_link":"https:\/\/www.familinparis.fr\/en\/author\/olivia\/"},"uagb_comment_info":0,"uagb_excerpt":"Saturday 27 and Sunday 28 April","_links":{"self":[{"href":"https:\/\/www.familinparis.fr\/en\/wp-json\/wp\/v2\/posts\/134152","targetHints":{"allow":["GET"]}}],"collection":[{"href":"https:\/\/www.familinparis.fr\/en\/wp-json\/wp\/v2\/posts"}],"about":[{"href":"https:\/\/www.familinparis.fr\/en\/wp-json\/wp\/v2\/types\/post"}],"author":[{"embeddable":true,"href":"https:\/\/www.familinparis.fr\/en\/wp-json\/wp\/v2\/users\/5"}],"replies":[{"embeddable":true,"href":"https:\/\/www.familinparis.fr\/en\/wp-json\/wp\/v2\/comments?post=134152"}],"version-history":[{"count":0,"href":"https:\/\/www.familinparis.fr\/en\/wp-json\/wp\/v2\/posts\/134152\/revisions"}],"wp:featuredmedia":[{"embeddable":true,"href":"https:\/\/www.familinparis.fr\/en\/wp-json\/wp\/v2\/media\/130470"}],"wp:attachment":[{"href":"https:\/\/www.familinparis.fr\/en\/wp-json\/wp\/v2\/media?parent=134152"}],"wp:term":[{"taxonomy":"category","embeddable":true,"href":"https:\/\/www.familinparis.fr\/en\/wp-json\/wp\/v2\/categories?post=134152"},{"taxonomy":"post_tag","embeddable":true,"href":"https:\/\/www.familinparis.fr\/en\/wp-json\/wp\/v2\/tags?post=134152"}],"curies":[{"name":"wp","href":"https:\/\/api.w.org\/{rel}","templated":true}]}}