{"id":134127,"date":"2024-08-19T22:30:03","date_gmt":"2024-08-19T20:30:03","guid":{"rendered":"https:\/\/www.familinparis.fr\/memo-run-the-race-against-oblivion\/"},"modified":"2024-11-18T15:31:28","modified_gmt":"2024-11-18T13:31:28","slug":"memo-run-the-race-against-oblivion","status":"publish","type":"post","link":"https:\/\/www.familinparis.fr\/en\/memo-run-the-race-against-oblivion\/","title":{"rendered":"Memo run, the race against oblivion"},"content":{"rendered":"<div class=\"lazyblock-baseline-Z2nSU8r wp-block-lazyblock-baseline\"><div class=\"baseline\">EVENT ENDED<\/div><\/div><div class=\"lazyblock-grids-1Kmxry wp-block-lazyblock-grids\"><div class=\"row new-grids grids-style-2\">\n        <div class=\"col-12 grid-title\">\n        <h2 class=\"c-blue\">What to do this weekend in Paris?<\/h2>\n\n            <\/div>\n        \n    <div class=\"col-12 grids columns-4\">\n        \n\n<div class=\"grid\">\n\t<a href=\"https:\/\/www.familinparis.fr\/en\/the-masterpieces-of-the-louvre-children-vip-visit\/\" target=\"_self\">\n\t    <div class=\"image\" style=\"background-image:url('https:\/\/www.familinparis.fr\/wp-content\/uploads\/Visite-guidee-musee\/chefs-d-oeuvre-louvre-enfants.jpg')\">\n\t    \t\t\t\t\t    <\/div>\n\t    <div class=\"texte\">\n\t        <h5>At the Louvre Museum<\/h5>\n\t        <h3>The masterpieces of the Louvre &#8211; Children (VIP)<\/h3>\n\t        <div class=\"tags\">\n\t        \t\t        \t\t<span>From 7 years old<\/span>\n\t        \t\t        \t<span>1h30<\/span>\n\t        <\/div>\n\t        <div class=\"bas\">\n        \t\t<div class=\"prix\">\n        \t\t\t        \t\t<\/div>\n            \t<div class=\"review-stars\" data-productId=\"172\">\n            \t<\/div>\n\t        <\/div>\n\t    <\/div>\n\t<\/a>\n<\/div>\n\n<div class=\"grid\">\n\t<a href=\"https:\/\/www.familinparis.fr\/en\/magical-journey-to-the-land-of-the-elephant-god-ganesh-storytelling-tour\/\" target=\"_self\">\n\t    <div class=\"image\" style=\"background-image:url('https:\/\/www.familinparis.fr\/wp-content\/uploads\/photos-partenaires\/visite-guidee\/visite-enfant-famille-scolaire-musee-guimet-564x282.jpg')\">\n\t    \t\t    \t<div class=\"dateOnImg\">Next date: March 1  <\/div>\n\t    \t\t\t\t\t    <\/div>\n\t    <div class=\"texte\">\n\t        <h5>At the Guimet Museum<\/h5>\n\t        <h3>Magical Journey to the Land of the Elephant God Ganesh (Storytelling Tour)<\/h3>\n\t        <div class=\"tags\">\n\t        \t\t        \t\t<span>For 7-14 year olds<\/span>\n\t        \t\t        \t<span><\/span>\n\t        <\/div>\n\t        <div class=\"bas\">\n        \t\t<div class=\"prix\">\n        \t\t\t        \t\t<\/div>\n            \t<div class=\"review-stars\" data-productId=\"217\">\n            \t<\/div>\n\t        <\/div>\n\t    <\/div>\n\t<\/a>\n<\/div>\n\n<div class=\"grid\">\n\t<a href=\"https:\/\/www.familinparis.fr\/en\/les-grandes-eaux-musicales\/\" target=\"_self\">\n\t    <div class=\"image\" style=\"background-image:url('https:\/\/www.familinparis.fr\/wp-content\/uploads\/Chateaux\/Versailles\/Versailles-fontaines-PLD-564x282.jpg')\">\n\t    \t\t    \t<div class=\"dateOnImg\">Until November 1, 2026<\/div>\n\t    \t\t\t\t\t    <\/div>\n\t    <div class=\"texte\">\n\t        <h5>Palace of Versailles Park (78)<\/h5>\n\t        <h3>The Musical Fountains Show<\/h3>\n\t        <div class=\"tags\">\n\t        \t\t        \t\t<span>Park<\/span>\n\t        \t\t        \t<span>Min 2 hours<\/span>\n\t        <\/div>\n\t        <div class=\"bas\">\n        \t\t<div class=\"prix\">\n        \t\t\t        \t\t<\/div>\n            \t<div class=\"review-stars\" data-productId=\"\">\n            \t<\/div>\n\t        <\/div>\n\t    <\/div>\n\t<\/a>\n<\/div>\n\n<div class=\"grid\">\n\t<a href=\"https:\/\/www.familinparis.fr\/en\/guided-tour-of-paris-under-the-occupation-josephine-baker-elyrea\/\" target=\"_self\">\n\t    <div class=\"image\" style=\"background-image:url('https:\/\/www.familinparis.fr\/wp-content\/uploads\/Visite-theatralisee\/visite-josephine-baker-564x282.jpg')\">\n\t    \t\t    \t<div class=\"dateOnImg\">mercredi, samedi, dimanche<\/div>\n\t    \t\t\t\t\t\t\t\t<div class=\"rond-blanc-age\"><span>from <span class=\"age-number\">10<\/span> yo<\/span><\/div>\n\t\t\t\t    <\/div>\n\t    <div class=\"texte\">\n\t        <h5>Quartier de l&#8217;Op\u00e9ra<\/h5>\n\t        <h3>Josephine Baker and Paris under the Occupation<\/h3>\n\t        <div class=\"tags\">\n\t        \t\t        \t\t<span>VISITE TH\u00c9\u00c2TRALIS\u00c9E<\/span>\n\t        \t\t        \t<span>1h30<\/span>\n\t        <\/div>\n\t        <div class=\"bas\">\n        \t\t<div class=\"prix\">\n        \t\t\t        \t\t<\/div>\n            \t<div class=\"review-stars\" data-productId=\"\">\n            \t<\/div>\n\t        <\/div>\n\t    <\/div>\n\t<\/a>\n<\/div>    <\/div>\n\n            <div class=\"col-12 t-center m-b-20\">\n            <div class=\"labels__fam\">\n                                    <a href=\"https:\/\/www.familinparis.fr\/quoi-faire-ce-week-end\/\" class=\"labels__fam-color-secondary labels__fam-radius-rounded\">\n                        All the news in Paris this weekend                    <\/a>\n                            <\/div>\n        <\/div>\n    \n    \n\n<\/div>\n<\/div><div class=\"lazyblock-grids-Ic6mk wp-block-lazyblock-grids\"><div class=\"row new-grids grids-style-2\">\n        <div class=\"col-12 grid-title\">\n        <h2 class=\"c-blue\">What to do in Paris in September?<\/h2>\n\n            <\/div>\n        \n    <div class=\"col-12 grids columns-4\">\n        \n\n<div class=\"grid\">\n\t<a href=\"https:\/\/www.familinparis.fr\/en\/les-grandes-eaux-musicales\/\" target=\"_self\">\n\t    <div class=\"image\" style=\"background-image:url('https:\/\/www.familinparis.fr\/wp-content\/uploads\/Chateaux\/Versailles\/Versailles-fontaines-PLD-564x282.jpg')\">\n\t    \t\t    \t<div class=\"dateOnImg\">Until November 1, 2026<\/div>\n\t    \t\t\t\t\t    <\/div>\n\t    <div class=\"texte\">\n\t        <h5>Palace of Versailles Park (78)<\/h5>\n\t        <h3>The Musical Fountains Show<\/h3>\n\t        <div class=\"tags\">\n\t        \t\t        \t\t<span>Park<\/span>\n\t        \t\t        \t<span>Min 2 hours<\/span>\n\t        <\/div>\n\t        <div class=\"bas\">\n        \t\t<div class=\"prix\">\n        \t\t\t        \t\t<\/div>\n            \t<div class=\"review-stars\" data-productId=\"\">\n            \t<\/div>\n\t        <\/div>\n\t    <\/div>\n\t<\/a>\n<\/div>\n\n<div class=\"grid\">\n\t<a href=\"https:\/\/www.familinparis.fr\/en\/science-experiences-at-bercy-village\/\" target=\"_self\">\n\t    <div class=\"image\" style=\"background-image:url('https:\/\/www.familinparis.fr\/wp-content\/uploads\/photos-partenaires\/Science-experiences\/Volcan-1-564x282.jpg')\">\n\t    \t\t    \t<div class=\"dateOnImg\">7 days a week<\/div>\n\t    \t\t\t\t\t    <\/div>\n\t    <div class=\"texte\">\n\t        <h5>Bercy (Paris 12th)<\/h5>\n\t        <h3>Science Experiences at Bercy Village<\/h3>\n\t        <div class=\"tags\">\n\t        \t\t        \t\t<span>From 5 years old<\/span>\n\t        \t\t        \t<span>Promo : 5%<\/span>\n\t        <\/div>\n\t        <div class=\"bas\">\n        \t\t<div class=\"prix\">\n        \t\t\t        \t\t<\/div>\n            \t<div class=\"review-stars\" data-productId=\"\">\n            \t<\/div>\n\t        <\/div>\n\t    <\/div>\n\t<\/a>\n<\/div>\n\n<div class=\"grid\">\n\t<a href=\"https:\/\/www.familinparis.fr\/en\/educational-farm-in-paris-noahs-world-for-children\/\" target=\"_self\">\n\t    <div class=\"image\" style=\"background-image:url('https:\/\/www.familinparis.fr\/wp-content\/uploads\/Animaux\/Monde-de-Noe\/Monde-de-noe--564x282.jpg')\">\n\t    \t\t    \t<div class=\"dateOnImg\">7j\/7<\/div>\n\t    \t\t\t\t\t\t\t\t<div class=\"rond-blanc-age\"><span>from <span class=\"age-number\">1<\/span> yo<\/span><\/div>\n\t\t\t\t    <\/div>\n\t    <div class=\"texte\">\n\t        <h5>Dans le 14\u00e8me et le 16\u00e8me <\/h5>\n\t        <h3>Finding Noah, the immersive experience on the animal world<\/h3>\n\t        <div class=\"tags\">\n\t        \t\t        \t\t<span>Ferme p\u00e9dadogique<\/span>\n\t        \t\t        \t<span>1h environ<\/span>\n\t        <\/div>\n\t        <div class=\"bas\">\n        \t\t<div class=\"prix\">\n        \t\t\t        \t\t<\/div>\n            \t<div class=\"review-stars\" data-productId=\"\">\n            \t<\/div>\n\t        <\/div>\n\t    <\/div>\n\t<\/a>\n<\/div>\n\n<div class=\"grid\">\n\t<a href=\"https:\/\/www.familinparis.fr\/en\/visite-guidee-stade-de-france\/\" target=\"_self\">\n\t    <div class=\"image\" style=\"background-image:url('https:\/\/www.familinparis.fr\/wp-content\/uploads\/photos-partenaires\/stade-de-france-Macary-Zublenaet-Regembal-Costantini-Architectes-ADAGP-Paris\u20132016-F-Aguilhon-C-Jamet-564x282.jpg')\">\n\t    \t\t    \t<div class=\"dateOnImg\">Jusqu&#8217;au 30 juillet<\/div>\n\t    \t\t\t\t\t    <\/div>\n\t    <div class=\"texte\">\n\t        <h5>In Saint-Denis (93)<\/h5>\n\t        <h3>Behind-the-scenes tour of the Stade de France<\/h3>\n\t        <div class=\"tags\">\n\t        \t\t        \t\t<span>D\u00e8s 5-6 ans<\/span>\n\t        \t\t        \t<span>90mn<\/span>\n\t        <\/div>\n\t        <div class=\"bas\">\n        \t\t<div class=\"prix\">\n        \t\t\t        \t\t<\/div>\n            \t<div class=\"review-stars\" data-productId=\"\">\n            \t<\/div>\n\t        <\/div>\n\t    <\/div>\n\t<\/a>\n<\/div>    <\/div>\n\n            <div class=\"col-12 t-center m-b-20\">\n            <div class=\"labels__fam\">\n                                    <a href=\"\/quoi-faire-en-septembre\/\" class=\"labels__fam-color-secondary labels__fam-radius-rounded\">\n                        Paris in September                    <\/a>\n                            <\/div>\n        <\/div>\n    \n    \n\n<\/div>\n<\/div>\n<div style=\"height:40px\" aria-hidden=\"true\" class=\"wp-block-spacer\"><\/div>\n\n<section class=\"wp-block-uagb-section uagb-section__wrap uagb-section__background-undefined uagb-block-69e7945b\"><div class=\"uagb-section__overlay\"><\/div><div class=\"uagb-section__inner-wrap\">\n<div class=\"wp-block-columns is-layout-flex wp-container-core-columns-is-layout-9d6595d7 wp-block-columns-is-layout-flex\">\n<div class=\"wp-block-column is-layout-flow wp-block-column-is-layout-flow\" style=\"flex-basis:66.66%\">\n<ul class=\"wp-block-list\">\n<li><strong>We like:<\/strong> solidarity races for <strong>children and teenagers looking for a challenge<\/strong>, under the patronage of Marie-Jos\u00e9 PEREC<\/li>\n\n\n\n<li><strong>Age<\/strong> : from 6 years old<\/li>\n\n\n\n<li><strong>When:<\/strong> September 21 and 22, 2024<\/li>\n\n\n\n<li><strong>Where<\/strong> : Esplanade Saint Louis (entrance to the Bois de Vincennes)<\/li>\n\n\n\n<li><strong>What<\/strong> : Runs and walks for kids and teens<\/li>\n\n\n\n<li><strong>Price <\/strong>: from \u20ac11 (100% of donations and registration fees are donated to the &#8220;France Alzheimer&#8221; association)<\/li>\n<\/ul>\n\n\n\n<div class=\"wp-block-buttons m-b-20 is-content-justification-center is-layout-flex wp-container-core-buttons-is-layout-16018d1d wp-block-buttons-is-layout-flex\"><\/div>\n<\/div>\n\n\n\n<div class=\"wp-block-column is-layout-flow wp-block-column-is-layout-flow\" style=\"flex-basis:33.33%\"><div class=\"wp-block-image\">\n<figure class=\"aligncenter size-full\"><img decoding=\"async\" width=\"320\" height=\"320\" src=\"https:\/\/www.familinparis.fr\/wp-content\/uploads\/actualites\/septembre\/course-solidaire-memorun-france-alzheimer-Petite.jpeg\" alt=\"Memo Run, the solidarity race\" class=\"wp-image-122794\" srcset=\"https:\/\/www.familinparis.fr\/wp-content\/uploads\/actualites\/septembre\/course-solidaire-memorun-france-alzheimer-Petite.jpeg 320w, https:\/\/www.familinparis.fr\/wp-content\/uploads\/actualites\/septembre\/course-solidaire-memorun-france-alzheimer-Petite-300x300.jpeg 300w, https:\/\/www.familinparis.fr\/wp-content\/uploads\/actualites\/septembre\/course-solidaire-memorun-france-alzheimer-Petite-150x150.jpeg 150w, https:\/\/www.familinparis.fr\/wp-content\/uploads\/actualites\/septembre\/course-solidaire-memorun-france-alzheimer-Petite-12x12.jpeg 12w\" sizes=\"(max-width: 320px) 100vw, 320px\" \/><\/figure>\n<\/div>\n\n\n<p><\/p>\n<\/div>\n<\/div>\n\n\n\n<h2 class=\"wp-block-heading\">M\u00e9mo Run, a sporting, festive and solidarity event<\/h2>\n\n\n\n<ul class=\"wp-block-list\">\n<li>2nd edition of Memo Run<\/li>\n\n\n\n<li>MEMORUN aims to bring together sick people, caregivers and the general public around <strong>a sporting and festive event<\/strong><\/li>\n\n\n\n<li>It is a way to learn about and raise awareness about the disease as much as possible, but also to support research  <\/li>\n\n\n\n<li>The second objective of MEMORUN is to make running and sport, in general, accessible to everyone<\/li>\n\n\n\n<li>Activities supervised by high-level athletes, including tennis (2 courts) and table tennis<\/li>\n<\/ul>\n<\/div><\/section>\n\n<div style=\"height:40px\" aria-hidden=\"true\" class=\"wp-block-spacer\"><\/div>\n\n<div class=\"wp-block-columns is-layout-flex wp-container-core-columns-is-layout-9d6595d7 wp-block-columns-is-layout-flex\">\n<div class=\"wp-block-column is-layout-flow wp-block-column-is-layout-flow\">\n<section class=\"wp-block-uagb-section uagb-section__wrap uagb-section__background-color uagb-block-72c033de border-yellow\"><div class=\"uagb-section__overlay\"><\/div><div class=\"uagb-section__inner-wrap\">\n<h2 class=\"wp-block-heading has-text-align-center\">The race for kids<\/h2>\n\n\n\n<ul class=\"wp-block-list\">\n<li><strong><strong>AGE:<\/strong><\/strong> 6 to 12 years old<\/li>\n\n\n\n<li><strong>1 KM AND 2 KM<\/strong><\/li>\n\n\n\n<li>September 21 at 1 p.m.<\/li>\n\n\n\n<li>Medical certificate not required<\/li>\n<\/ul>\n\n\n\n<div class=\"wp-block-buttons is-horizontal is-content-justification-center is-layout-flex wp-container-core-buttons-is-layout-499968f5 wp-block-buttons-is-layout-flex\">\n<div class=\"wp-block-button\"><a class=\"wp-block-button__link has-white-color has-text-color has-background wp-element-button\" href=\"https:\/\/www.njuko.net\/memorun2024francealzheimer\/register\/111882\" style=\"background-color:#db384b\" target=\"_blank\" rel=\"noreferrer noopener nofollow\">TICKETING<\/a><\/div>\n<\/div>\n<\/div><\/section>\n<\/div>\n\n\n\n<div class=\"wp-block-column is-layout-flow wp-block-column-is-layout-flow\">\n<section class=\"wp-block-uagb-section uagb-section__wrap uagb-section__background-color uagb-block-b43a0683 border-green\"><div class=\"uagb-section__overlay\"><\/div><div class=\"uagb-section__inner-wrap\">\n<h2 class=\"wp-block-heading has-text-align-center\">5 kms walk<\/h2>\n\n\n\n<ul class=\"wp-block-list\">\n<li><strong><strong>AGE:<\/strong><\/strong> for all from 6 years old<\/li>\n\n\n\n<li>September 21 at 3 p.m.<\/li>\n\n\n\n<li>Medical certificate not required<\/li>\n<\/ul>\n\n\n\n<div class=\"wp-block-buttons is-horizontal is-content-justification-center is-layout-flex wp-container-core-buttons-is-layout-499968f5 wp-block-buttons-is-layout-flex\">\n<div class=\"wp-block-button\"><a class=\"wp-block-button__link has-white-color has-text-color has-background wp-element-button\" href=\"https:\/\/www.njuko.net\/memorun2024francealzheimer\/register\/111883\" style=\"background-color:#db384b\" target=\"_blank\" rel=\"noreferrer noopener nofollow\">TICKETING<\/a><\/div>\n<\/div>\n<\/div><\/section>\n<\/div>\n<\/div>\n\n<div style=\"height:43px\" aria-hidden=\"true\" class=\"wp-block-spacer\"><\/div>\n\n<div class=\"wp-block-columns is-layout-flex wp-container-core-columns-is-layout-9d6595d7 wp-block-columns-is-layout-flex\">\n<div class=\"wp-block-column is-layout-flow wp-block-column-is-layout-flow\">\n<section class=\"wp-block-uagb-section uagb-section__wrap uagb-section__background-color uagb-block-bbd9ec9c\"><div class=\"uagb-section__overlay\"><\/div><div class=\"uagb-section__inner-wrap\">\n<h2 class=\"wp-block-heading has-text-align-center\">5 kms race<\/h2>\n\n\n\n<ul class=\"wp-block-list\">\n<li><strong><strong>AGE:<\/strong><\/strong> from 16 years old<\/li>\n\n\n\n<li>September 21 at 10 a.m.<\/li>\n\n\n\n<li>Timed race<\/li>\n\n\n\n<li>Medical certificate required<\/li>\n<\/ul>\n\n\n\n<div class=\"wp-block-buttons is-horizontal is-content-justification-center is-layout-flex wp-container-core-buttons-is-layout-499968f5 wp-block-buttons-is-layout-flex\">\n<div class=\"wp-block-button\"><a class=\"wp-block-button__link has-white-color has-text-color has-background wp-element-button\" href=\"https:\/\/www.njuko.net\/memorun2024francealzheimer\/select_competition\" style=\"background-color:#db384b\" target=\"_blank\" rel=\"noreferrer noopener nofollow\">TICKETING<\/a><\/div>\n<\/div>\n<\/div><\/section>\n<\/div>\n\n\n\n<div class=\"wp-block-column is-layout-flow wp-block-column-is-layout-flow\">\n<section class=\"wp-block-uagb-section uagb-section__wrap uagb-section__background-color uagb-block-d60cd54e border-orange\"><div class=\"uagb-section__overlay\"><\/div><div class=\"uagb-section__inner-wrap\">\n<h2 class=\"wp-block-heading has-text-align-center\">10 kms run<\/h2>\n\n\n\n<ul class=\"wp-block-list\">\n<li><strong><strong>AGE:<\/strong><\/strong> from 16 years old<\/li>\n\n\n\n<li>September 22 at 10 a.m.<\/li>\n\n\n\n<li>Timed race<\/li>\n\n\n\n<li>Medical certificate required<\/li>\n<\/ul>\n\n\n\n<div class=\"wp-block-buttons is-horizontal is-content-justification-center is-layout-flex wp-container-core-buttons-is-layout-499968f5 wp-block-buttons-is-layout-flex\">\n<div class=\"wp-block-button\"><a class=\"wp-block-button__link has-white-color has-text-color has-background wp-element-button\" href=\"https:\/\/www.njuko.net\/memorun2024francealzheimer\/select_competition\" style=\"background-color:#db384b\" target=\"_blank\" rel=\"noreferrer noopener nofollow\">TICKETING<\/a><\/div>\n<\/div>\n<\/div><\/section>\n<\/div>\n<\/div>\n\n<div style=\"height:50px\" aria-hidden=\"true\" class=\"wp-block-spacer\"><\/div>\n<div class=\"wp-block-image\">\n<figure class=\"aligncenter size-medium\"><img decoding=\"async\" width=\"300\" height=\"143\" src=\"https:\/\/www.familinparis.fr\/wp-content\/uploads\/Dessins\/marche-300x143.jpg\" alt=\"Memo Run, the solidarity race for children and teenagers\" class=\"wp-image-982\" srcset=\"https:\/\/www.familinparis.fr\/wp-content\/uploads\/Dessins\/marche-300x143.jpg 300w, https:\/\/www.familinparis.fr\/wp-content\/uploads\/Dessins\/marche-768x367.jpg 768w, https:\/\/www.familinparis.fr\/wp-content\/uploads\/Dessins\/marche-1024x489.jpg 1024w, https:\/\/www.familinparis.fr\/wp-content\/uploads\/Dessins\/marche-730x349.jpg 730w\" sizes=\"(max-width: 300px) 100vw, 300px\" \/><\/figure>\n<\/div>\n<div style=\"height:50px\" aria-hidden=\"true\" class=\"wp-block-spacer\"><\/div>\n\n<div style=\"height:55px\" aria-hidden=\"true\" class=\"wp-block-spacer\"><\/div>\n\n<div class=\"wp-block-buttons is-horizontal is-content-justification-center is-layout-flex wp-container-core-buttons-is-layout-499968f5 wp-block-buttons-is-layout-flex\">\n<div class=\"wp-block-button\"><a class=\"wp-block-button__link has-white-color has-text-color has-background wp-element-button\" href=\"https:\/\/www.familinparis.fr\/en\/what-to-do-in-paris-this-weekend\/\" style=\"border-radius:1px;background-color:#00809b\">Ideas for this weekend<\/a><\/div>\n\n\n\n<div class=\"wp-block-button\"><a class=\"wp-block-button__link has-white-color has-text-color has-background wp-element-button\" style=\"border-radius:1px;background-color:#00809b\">Paris with Kids<\/a><\/div>\n\n\n\n<div class=\"wp-block-button\"><a class=\"wp-block-button__link has-white-color has-text-color has-background wp-element-button\" href=\"https:\/\/www.familinparis.fr\/en\/what-to-do-in-paris-with-a-teenager\/\" style=\"border-radius:1px;background-color:#00809b\">Paris with teenagers<\/a><\/div>\n<\/div>\n\n<div style=\"height:55px\" aria-hidden=\"true\" class=\"wp-block-spacer\"><\/div>\n","protected":false},"excerpt":{"rendered":"<p>October 12, 2024<\/p>\n","protected":false},"author":5,"featured_media":146497,"comment_status":"closed","ping_status":"closed","sticky":false,"template":"","format":"standard","meta":{"_uag_custom_page_level_css":"","footnotes":""},"categories":[1035,1252],"tags":[1026,1397],"class_list":{"0":"post-134127","1":"post","2":"type-post","3":"status-publish","4":"format-standard","5":"has-post-thumbnail","7":"category-archives","8":"category-archives-en","9":"tag-archive-septembre","10":"tag-september-archive"},"yoast_head":"<!-- This site is optimized with the Yoast SEO plugin v27.2 - https:\/\/yoast.com\/product\/yoast-seo-wordpress\/ -->\n<title>Memo run 2024 | Solidarity race in the Bois de Vincennes<\/title>\n<meta name=\"description\" content=\"The sporting challenge for the whole family. Race for 6\/12 year olds and teenagers - &gt;&gt; 21 and 22 September 2024 \/\/ Discover all the info\" \/>\n<meta name=\"robots\" content=\"index, follow, max-snippet:-1, max-image-preview:large, max-video-preview:-1\" \/>\n<link rel=\"canonical\" href=\"https:\/\/www.familinparis.fr\/en\/memo-run-the-race-against-oblivion\/\" \/>\n<meta property=\"og:locale\" content=\"en_US\" \/>\n<meta property=\"og:type\" content=\"article\" \/>\n<meta property=\"og:title\" content=\"Memo run 2024 | Solidarity race in the Bois de Vincennes\" \/>\n<meta property=\"og:description\" content=\"The sporting challenge for the whole family. Race for 6\/12 year olds and teenagers - &gt;&gt; 21 and 22 September 2024 \/\/ Discover all the info\" \/>\n<meta property=\"og:url\" content=\"https:\/\/www.familinparis.fr\/en\/memo-run-the-race-against-oblivion\/\" \/>\n<meta property=\"og:site_name\" content=\"Familin&#039;Paris\" \/>\n<meta property=\"article:published_time\" content=\"2024-08-19T20:30:03+00:00\" \/>\n<meta property=\"article:modified_time\" content=\"2024-11-18T13:31:28+00:00\" \/>\n<meta property=\"og:image\" content=\"https:\/\/www.familinparis.fr\/wp-content\/uploads\/2024\/08\/course-solidaire-memorun-600x300-1.png\" \/>\n\t<meta property=\"og:image:width\" content=\"600\" \/>\n\t<meta property=\"og:image:height\" content=\"263\" \/>\n\t<meta property=\"og:image:type\" content=\"image\/png\" \/>\n<meta name=\"author\" content=\"olivia\" \/>\n<meta name=\"twitter:card\" content=\"summary_large_image\" \/>\n<meta name=\"twitter:label1\" content=\"Written by\" \/>\n\t<meta name=\"twitter:data1\" content=\"olivia\" \/>\n\t<meta name=\"twitter:label2\" content=\"Est. reading time\" \/>\n\t<meta name=\"twitter:data2\" content=\"1 minute\" \/>\n<script type=\"application\/ld+json\" class=\"yoast-schema-graph\">{\"@context\":\"https:\/\/schema.org\",\"@graph\":[{\"@type\":\"Article\",\"@id\":\"https:\/\/www.familinparis.fr\/en\/memo-run-the-race-against-oblivion\/#article\",\"isPartOf\":{\"@id\":\"https:\/\/www.familinparis.fr\/en\/memo-run-the-race-against-oblivion\/\"},\"author\":{\"name\":\"olivia\",\"@id\":\"https:\/\/www.familinparis.fr\/en\/#\/schema\/person\/a87467bb417cd0c77d0a7bb5d1d78ac5\"},\"headline\":\"Memo run, the race against oblivion\",\"datePublished\":\"2024-08-19T20:30:03+00:00\",\"dateModified\":\"2024-11-18T13:31:28+00:00\",\"mainEntityOfPage\":{\"@id\":\"https:\/\/www.familinparis.fr\/en\/memo-run-the-race-against-oblivion\/\"},\"wordCount\":223,\"image\":{\"@id\":\"https:\/\/www.familinparis.fr\/en\/memo-run-the-race-against-oblivion\/#primaryimage\"},\"thumbnailUrl\":\"https:\/\/www.familinparis.fr\/wp-content\/uploads\/2024\/08\/course-solidaire-memorun-600x300-1.png\",\"keywords\":[\"archive septembre\",\"September Archive\"],\"articleSection\":[\"Archives\",\"Archives\"],\"inLanguage\":\"en-US\"},{\"@type\":\"WebPage\",\"@id\":\"https:\/\/www.familinparis.fr\/en\/memo-run-the-race-against-oblivion\/\",\"url\":\"https:\/\/www.familinparis.fr\/en\/memo-run-the-race-against-oblivion\/\",\"name\":\"Memo run 2024 | Solidarity race in the Bois de Vincennes\",\"isPartOf\":{\"@id\":\"https:\/\/www.familinparis.fr\/en\/#website\"},\"primaryImageOfPage\":{\"@id\":\"https:\/\/www.familinparis.fr\/en\/memo-run-the-race-against-oblivion\/#primaryimage\"},\"image\":{\"@id\":\"https:\/\/www.familinparis.fr\/en\/memo-run-the-race-against-oblivion\/#primaryimage\"},\"thumbnailUrl\":\"https:\/\/www.familinparis.fr\/wp-content\/uploads\/2024\/08\/course-solidaire-memorun-600x300-1.png\",\"datePublished\":\"2024-08-19T20:30:03+00:00\",\"dateModified\":\"2024-11-18T13:31:28+00:00\",\"author\":{\"@id\":\"https:\/\/www.familinparis.fr\/en\/#\/schema\/person\/a87467bb417cd0c77d0a7bb5d1d78ac5\"},\"description\":\"The sporting challenge for the whole family. Race for 6\/12 year olds and teenagers - >> 21 and 22 September 2024 \/\/ Discover all the info\",\"breadcrumb\":{\"@id\":\"https:\/\/www.familinparis.fr\/en\/memo-run-the-race-against-oblivion\/#breadcrumb\"},\"inLanguage\":\"en-US\",\"potentialAction\":[{\"@type\":\"ReadAction\",\"target\":[\"https:\/\/www.familinparis.fr\/en\/memo-run-the-race-against-oblivion\/\"]}]},{\"@type\":\"ImageObject\",\"inLanguage\":\"en-US\",\"@id\":\"https:\/\/www.familinparis.fr\/en\/memo-run-the-race-against-oblivion\/#primaryimage\",\"url\":\"https:\/\/www.familinparis.fr\/wp-content\/uploads\/2024\/08\/course-solidaire-memorun-600x300-1.png\",\"contentUrl\":\"https:\/\/www.familinparis.fr\/wp-content\/uploads\/2024\/08\/course-solidaire-memorun-600x300-1.png\",\"width\":600,\"height\":263,\"caption\":\"M\u00e9mo run 2025 course solidaire\"},{\"@type\":\"BreadcrumbList\",\"@id\":\"https:\/\/www.familinparis.fr\/en\/memo-run-the-race-against-oblivion\/#breadcrumb\",\"itemListElement\":[{\"@type\":\"ListItem\",\"position\":1,\"name\":\"Home\",\"item\":\"https:\/\/www.familinparis.fr\/en\/\"},{\"@type\":\"ListItem\",\"position\":2,\"name\":\"Archives\",\"item\":\"https:\/\/www.familinparis.fr\/en\/categorie\/archives-en\/\"},{\"@type\":\"ListItem\",\"position\":3,\"name\":\"Memo run, the race against oblivion\"}]},{\"@type\":\"WebSite\",\"@id\":\"https:\/\/www.familinparis.fr\/en\/#website\",\"url\":\"https:\/\/www.familinparis.fr\/en\/\",\"name\":\"Familin&#039;Paris\",\"description\":\"Visiter le meilleur de Paris avec des enfants : sorties, spectacles, adresses de restaurants, shopping, bons plans...\",\"potentialAction\":[{\"@type\":\"SearchAction\",\"target\":{\"@type\":\"EntryPoint\",\"urlTemplate\":\"https:\/\/www.familinparis.fr\/en\/?s={search_term_string}\"},\"query-input\":{\"@type\":\"PropertyValueSpecification\",\"valueRequired\":true,\"valueName\":\"search_term_string\"}}],\"inLanguage\":\"en-US\"},{\"@type\":\"Person\",\"@id\":\"https:\/\/www.familinparis.fr\/en\/#\/schema\/person\/a87467bb417cd0c77d0a7bb5d1d78ac5\",\"name\":\"olivia\",\"image\":{\"@type\":\"ImageObject\",\"inLanguage\":\"en-US\",\"@id\":\"https:\/\/secure.gravatar.com\/avatar\/cbca07f1dfea20f457a666a1b84ed5cf1364773d1378c6f10fd36c354eef1ef8?s=96&d=identicon&r=g\",\"url\":\"https:\/\/secure.gravatar.com\/avatar\/cbca07f1dfea20f457a666a1b84ed5cf1364773d1378c6f10fd36c354eef1ef8?s=96&d=identicon&r=g\",\"contentUrl\":\"https:\/\/secure.gravatar.com\/avatar\/cbca07f1dfea20f457a666a1b84ed5cf1364773d1378c6f10fd36c354eef1ef8?s=96&d=identicon&r=g\",\"caption\":\"olivia\"}}]}<\/script>\n<!-- \/ Yoast SEO plugin. -->","yoast_head_json":{"title":"Memo run 2024 | Solidarity race in the Bois de Vincennes","description":"The sporting challenge for the whole family. Race for 6\/12 year olds and teenagers - >> 21 and 22 September 2024 \/\/ Discover all the info","robots":{"index":"index","follow":"follow","max-snippet":"max-snippet:-1","max-image-preview":"max-image-preview:large","max-video-preview":"max-video-preview:-1"},"canonical":"https:\/\/www.familinparis.fr\/en\/memo-run-the-race-against-oblivion\/","og_locale":"en_US","og_type":"article","og_title":"Memo run 2024 | Solidarity race in the Bois de Vincennes","og_description":"The sporting challenge for the whole family. Race for 6\/12 year olds and teenagers - >> 21 and 22 September 2024 \/\/ Discover all the info","og_url":"https:\/\/www.familinparis.fr\/en\/memo-run-the-race-against-oblivion\/","og_site_name":"Familin&#039;Paris","article_published_time":"2024-08-19T20:30:03+00:00","article_modified_time":"2024-11-18T13:31:28+00:00","og_image":[{"width":600,"height":263,"url":"https:\/\/www.familinparis.fr\/wp-content\/uploads\/2024\/08\/course-solidaire-memorun-600x300-1.png","type":"image\/png"}],"author":"olivia","twitter_card":"summary_large_image","twitter_misc":{"Written by":"olivia","Est. reading time":"1 minute"},"schema":{"@context":"https:\/\/schema.org","@graph":[{"@type":"Article","@id":"https:\/\/www.familinparis.fr\/en\/memo-run-the-race-against-oblivion\/#article","isPartOf":{"@id":"https:\/\/www.familinparis.fr\/en\/memo-run-the-race-against-oblivion\/"},"author":{"name":"olivia","@id":"https:\/\/www.familinparis.fr\/en\/#\/schema\/person\/a87467bb417cd0c77d0a7bb5d1d78ac5"},"headline":"Memo run, the race against oblivion","datePublished":"2024-08-19T20:30:03+00:00","dateModified":"2024-11-18T13:31:28+00:00","mainEntityOfPage":{"@id":"https:\/\/www.familinparis.fr\/en\/memo-run-the-race-against-oblivion\/"},"wordCount":223,"image":{"@id":"https:\/\/www.familinparis.fr\/en\/memo-run-the-race-against-oblivion\/#primaryimage"},"thumbnailUrl":"https:\/\/www.familinparis.fr\/wp-content\/uploads\/2024\/08\/course-solidaire-memorun-600x300-1.png","keywords":["archive septembre","September Archive"],"articleSection":["Archives","Archives"],"inLanguage":"en-US"},{"@type":"WebPage","@id":"https:\/\/www.familinparis.fr\/en\/memo-run-the-race-against-oblivion\/","url":"https:\/\/www.familinparis.fr\/en\/memo-run-the-race-against-oblivion\/","name":"Memo run 2024 | Solidarity race in the Bois de Vincennes","isPartOf":{"@id":"https:\/\/www.familinparis.fr\/en\/#website"},"primaryImageOfPage":{"@id":"https:\/\/www.familinparis.fr\/en\/memo-run-the-race-against-oblivion\/#primaryimage"},"image":{"@id":"https:\/\/www.familinparis.fr\/en\/memo-run-the-race-against-oblivion\/#primaryimage"},"thumbnailUrl":"https:\/\/www.familinparis.fr\/wp-content\/uploads\/2024\/08\/course-solidaire-memorun-600x300-1.png","datePublished":"2024-08-19T20:30:03+00:00","dateModified":"2024-11-18T13:31:28+00:00","author":{"@id":"https:\/\/www.familinparis.fr\/en\/#\/schema\/person\/a87467bb417cd0c77d0a7bb5d1d78ac5"},"description":"The sporting challenge for the whole family. Race for 6\/12 year olds and teenagers - >> 21 and 22 September 2024 \/\/ Discover all the info","breadcrumb":{"@id":"https:\/\/www.familinparis.fr\/en\/memo-run-the-race-against-oblivion\/#breadcrumb"},"inLanguage":"en-US","potentialAction":[{"@type":"ReadAction","target":["https:\/\/www.familinparis.fr\/en\/memo-run-the-race-against-oblivion\/"]}]},{"@type":"ImageObject","inLanguage":"en-US","@id":"https:\/\/www.familinparis.fr\/en\/memo-run-the-race-against-oblivion\/#primaryimage","url":"https:\/\/www.familinparis.fr\/wp-content\/uploads\/2024\/08\/course-solidaire-memorun-600x300-1.png","contentUrl":"https:\/\/www.familinparis.fr\/wp-content\/uploads\/2024\/08\/course-solidaire-memorun-600x300-1.png","width":600,"height":263,"caption":"M\u00e9mo run 2025 course solidaire"},{"@type":"BreadcrumbList","@id":"https:\/\/www.familinparis.fr\/en\/memo-run-the-race-against-oblivion\/#breadcrumb","itemListElement":[{"@type":"ListItem","position":1,"name":"Home","item":"https:\/\/www.familinparis.fr\/en\/"},{"@type":"ListItem","position":2,"name":"Archives","item":"https:\/\/www.familinparis.fr\/en\/categorie\/archives-en\/"},{"@type":"ListItem","position":3,"name":"Memo run, the race against oblivion"}]},{"@type":"WebSite","@id":"https:\/\/www.familinparis.fr\/en\/#website","url":"https:\/\/www.familinparis.fr\/en\/","name":"Familin&#039;Paris","description":"Visiter le meilleur de Paris avec des enfants : sorties, spectacles, adresses de restaurants, shopping, bons plans...","potentialAction":[{"@type":"SearchAction","target":{"@type":"EntryPoint","urlTemplate":"https:\/\/www.familinparis.fr\/en\/?s={search_term_string}"},"query-input":{"@type":"PropertyValueSpecification","valueRequired":true,"valueName":"search_term_string"}}],"inLanguage":"en-US"},{"@type":"Person","@id":"https:\/\/www.familinparis.fr\/en\/#\/schema\/person\/a87467bb417cd0c77d0a7bb5d1d78ac5","name":"olivia","image":{"@type":"ImageObject","inLanguage":"en-US","@id":"https:\/\/secure.gravatar.com\/avatar\/cbca07f1dfea20f457a666a1b84ed5cf1364773d1378c6f10fd36c354eef1ef8?s=96&d=identicon&r=g","url":"https:\/\/secure.gravatar.com\/avatar\/cbca07f1dfea20f457a666a1b84ed5cf1364773d1378c6f10fd36c354eef1ef8?s=96&d=identicon&r=g","contentUrl":"https:\/\/secure.gravatar.com\/avatar\/cbca07f1dfea20f457a666a1b84ed5cf1364773d1378c6f10fd36c354eef1ef8?s=96&d=identicon&r=g","caption":"olivia"}}]}},"uagb_featured_image_src":{"full":["https:\/\/www.familinparis.fr\/wp-content\/uploads\/2024\/08\/course-solidaire-memorun-600x300-1.png",600,263,false],"thumbnail":["https:\/\/www.familinparis.fr\/wp-content\/uploads\/2024\/08\/course-solidaire-memorun-600x300-1-150x150.png",150,150,true],"medium":["https:\/\/www.familinparis.fr\/wp-content\/uploads\/2024\/08\/course-solidaire-memorun-600x300-1-300x132.png",300,132,true],"medium_large":["https:\/\/www.familinparis.fr\/wp-content\/uploads\/2024\/08\/course-solidaire-memorun-600x300-1.png",600,263,false],"large":["https:\/\/www.familinparis.fr\/wp-content\/uploads\/2024\/08\/course-solidaire-memorun-600x300-1.png",600,263,false],"1536x1536":["https:\/\/www.familinparis.fr\/wp-content\/uploads\/2024\/08\/course-solidaire-memorun-600x300-1.png",600,263,false],"2048x2048":["https:\/\/www.familinparis.fr\/wp-content\/uploads\/2024\/08\/course-solidaire-memorun-600x300-1.png",600,263,false],"home-thumb":["https:\/\/www.familinparis.fr\/wp-content\/uploads\/2024\/08\/course-solidaire-memorun-600x300-1.png",600,263,false],"home-slider":["https:\/\/www.familinparis.fr\/wp-content\/uploads\/2024\/08\/course-solidaire-memorun-600x300-1.png",600,263,false],"lightbox-slider-size":["https:\/\/www.familinparis.fr\/wp-content\/uploads\/2024\/08\/course-solidaire-memorun-600x300-1-564x263.png",564,263,true],"post-thumbnail":["https:\/\/www.familinparis.fr\/wp-content\/uploads\/2024\/08\/course-solidaire-memorun-600x300-1-270x180.png",270,180,true],"cheerup-main":["https:\/\/www.familinparis.fr\/wp-content\/uploads\/2024\/08\/course-solidaire-memorun-600x300-1.png",600,263,false],"cheerup-main-full":["https:\/\/www.familinparis.fr\/wp-content\/uploads\/2024\/08\/course-solidaire-memorun-600x300-1.png",600,263,false],"cheerup-slider-alt":["https:\/\/www.familinparis.fr\/wp-content\/uploads\/2024\/08\/course-solidaire-memorun-600x300-1.png",600,263,false],"cheerup-slider-trendy":["https:\/\/www.familinparis.fr\/wp-content\/uploads\/2024\/08\/course-solidaire-memorun-600x300-1.png",600,263,false],"cheerup-slider-stylish":["https:\/\/www.familinparis.fr\/wp-content\/uploads\/2024\/08\/course-solidaire-memorun-600x300-1.png",600,263,false],"cheerup-slider-grid":["https:\/\/www.familinparis.fr\/wp-content\/uploads\/2024\/08\/course-solidaire-memorun-600x300-1.png",600,263,false],"cheerup-slider-grid-sm":["https:\/\/www.familinparis.fr\/wp-content\/uploads\/2024\/08\/course-solidaire-memorun-600x300-1-300x263.png",300,263,true],"cheerup-slider-carousel":["https:\/\/www.familinparis.fr\/wp-content\/uploads\/2024\/08\/course-solidaire-memorun-600x300-1-370x263.png",370,263,true],"cheerup-slider-grid-b":["https:\/\/www.familinparis.fr\/wp-content\/uploads\/2024\/08\/course-solidaire-memorun-600x300-1-554x263.png",554,263,true],"cheerup-slider-grid-b-sm":["https:\/\/www.familinparis.fr\/wp-content\/uploads\/2024\/08\/course-solidaire-memorun-600x300-1-306x263.png",306,263,true],"cheerup-slider-bold-sm":["https:\/\/www.familinparis.fr\/wp-content\/uploads\/2024\/08\/course-solidaire-memorun-600x300-1-150x150.png",150,150,true],"cheerup-grid":["https:\/\/www.familinparis.fr\/wp-content\/uploads\/2024\/08\/course-solidaire-memorun-600x300-1-370x263.png",370,263,true],"cheerup-carousel":["https:\/\/www.familinparis.fr\/wp-content\/uploads\/2024\/08\/course-solidaire-memorun-600x300-1-270x180.png",270,180,true],"cheerup-carousel-b":["https:\/\/www.familinparis.fr\/wp-content\/uploads\/2024\/08\/course-solidaire-memorun-600x300-1-370x263.png",370,263,true],"cheerup-list":["https:\/\/www.familinparis.fr\/wp-content\/uploads\/2024\/08\/course-solidaire-memorun-600x300-1-260x200.png",260,200,true],"cheerup-list-b":["https:\/\/www.familinparis.fr\/wp-content\/uploads\/2024\/08\/course-solidaire-memorun-600x300-1-370x263.png",370,263,true],"cheerup-thumb":["https:\/\/www.familinparis.fr\/wp-content\/uploads\/2024\/08\/course-solidaire-memorun-600x300-1-87x67.png",87,67,true],"cheerup-thumb-alt":["https:\/\/www.familinparis.fr\/wp-content\/uploads\/2024\/08\/course-solidaire-memorun-600x300-1-150x150.png",150,150,true]},"uagb_author_info":{"display_name":"olivia","author_link":"https:\/\/www.familinparis.fr\/en\/author\/olivia\/"},"uagb_comment_info":0,"uagb_excerpt":"October 12, 2024","_links":{"self":[{"href":"https:\/\/www.familinparis.fr\/en\/wp-json\/wp\/v2\/posts\/134127","targetHints":{"allow":["GET"]}}],"collection":[{"href":"https:\/\/www.familinparis.fr\/en\/wp-json\/wp\/v2\/posts"}],"about":[{"href":"https:\/\/www.familinparis.fr\/en\/wp-json\/wp\/v2\/types\/post"}],"author":[{"embeddable":true,"href":"https:\/\/www.familinparis.fr\/en\/wp-json\/wp\/v2\/users\/5"}],"replies":[{"embeddable":true,"href":"https:\/\/www.familinparis.fr\/en\/wp-json\/wp\/v2\/comments?post=134127"}],"version-history":[{"count":0,"href":"https:\/\/www.familinparis.fr\/en\/wp-json\/wp\/v2\/posts\/134127\/revisions"}],"wp:featuredmedia":[{"embeddable":true,"href":"https:\/\/www.familinparis.fr\/en\/wp-json\/wp\/v2\/media\/146497"}],"wp:attachment":[{"href":"https:\/\/www.familinparis.fr\/en\/wp-json\/wp\/v2\/media?parent=134127"}],"wp:term":[{"taxonomy":"category","embeddable":true,"href":"https:\/\/www.familinparis.fr\/en\/wp-json\/wp\/v2\/categories?post=134127"},{"taxonomy":"post_tag","embeddable":true,"href":"https:\/\/www.familinparis.fr\/en\/wp-json\/wp\/v2\/tags?post=134127"}],"curies":[{"name":"wp","href":"https:\/\/api.w.org\/{rel}","templated":true}]}}