{"id":134125,"date":"2025-08-28T11:25:00","date_gmt":"2025-08-28T09:25:00","guid":{"rendered":"https:\/\/www.familinparis.fr\/jazz-a-la-villette-for-kids\/"},"modified":"2025-07-13T12:30:53","modified_gmt":"2025-07-13T10:30:53","slug":"jazz-a-la-villette-for-kids","status":"publish","type":"post","link":"https:\/\/www.familinparis.fr\/en\/jazz-a-la-villette-for-kids\/","title":{"rendered":"Jazz \u00e0 la Villette for kids"},"content":{"rendered":"<div class=\"lazyblock-baseline-LS1om wp-block-lazyblock-baseline\"><div class=\"baseline\">August 30 to September 9, 2025<\/div><\/div>\n<div class=\"wp-block-buttons is-content-justification-center is-layout-flex wp-container-core-buttons-is-layout-16018d1d wp-block-buttons-is-layout-flex\">\n<div class=\"wp-block-button\"><a class=\"wp-block-button__link has-white-color has-vivid-red-background-color has-text-color has-background has-link-color wp-element-button\" href=\"https:\/\/www.lavillette.com\/manifestations\/jazz-a-la-villette-2025-kids\/\" target=\"_blank\" rel=\" noreferrer noopener nofollow\">BOOK A CONCERT<\/a><\/div>\n<\/div>\n\n<div style=\"height:20px\" aria-hidden=\"true\" class=\"wp-block-spacer\"><\/div>\n<div class=\"wp-block-image\">\n<figure class=\"aligncenter size-full\"><img decoding=\"async\" width=\"730\" height=\"488\" src=\"https:\/\/www.familinparis.fr\/wp-content\/uploads\/2024\/06\/Jazz-for-kids-La-Villette-2024.jpg\" alt=\"\" class=\"wp-image-120607\" srcset=\"https:\/\/www.familinparis.fr\/wp-content\/uploads\/2024\/06\/Jazz-for-kids-La-Villette-2024.jpg 730w, https:\/\/www.familinparis.fr\/wp-content\/uploads\/2024\/06\/Jazz-for-kids-La-Villette-2024-300x201.jpg 300w, https:\/\/www.familinparis.fr\/wp-content\/uploads\/2024\/06\/Jazz-for-kids-La-Villette-2024-18x12.jpg 18w, https:\/\/www.familinparis.fr\/wp-content\/uploads\/2024\/06\/Jazz-for-kids-La-Villette-2024-270x180.jpg 270w\" sizes=\"(max-width: 730px) 100vw, 730px\" \/><\/figure>\n<\/div>\n<div style=\"height:20px\" aria-hidden=\"true\" class=\"wp-block-spacer\"><\/div>\n\n<div class=\"wp-block-columns is-layout-flex wp-container-core-columns-is-layout-9d6595d7 wp-block-columns-is-layout-flex\">\n<div class=\"wp-block-column is-layout-flow wp-block-column-is-layout-flow\">\n<section class=\"wp-block-uagb-section uagb-section__wrap uagb-section__background-none uagb-block-f1f1b467\"><div class=\"uagb-section__overlay\"><\/div><div class=\"uagb-section__inner-wrap\">\n<h2 class=\"wp-block-heading has-x-large-font-size\">Jazz \u00e0 la Villette for Kids<\/h2>\n\n\n\n<p><strong>A Jazz festival just for children!<\/strong> A fun program to <strong>discover Jazz with the family<\/strong>. With participatory concerts, film-concerts, workshops, tales&#8230; For this 2025 season, 4 concerts are offered to families.  <\/p>\n\n\n\n<ul class=\"wp-block-list\">\n<li><strong>Age<\/strong> : from 3 years old<\/li>\n\n\n\n<li><strong>Where<\/strong> : at La Villette and <a href=\"https:\/\/www.familinparis.fr\/en\/the-museum-of-music\/\">the Cit\u00e9 de la Musique<\/a><\/li>\n\n\n\n<li><strong>What<\/strong> : 4 events: concerts, shows, cine-concert<\/li>\n\n\n\n<li><strong>Price <\/strong>: children: \u20ac12 \/ adults: \u20ac15<\/li>\n<\/ul>\n<\/div><\/section>\n<\/div>\n\n\n\n<div class=\"wp-block-column is-layout-flow wp-block-column-is-layout-flow\">\n<section class=\"wp-block-uagb-section uagb-section__wrap uagb-section__background-none uagb-block-467e7a5e\"><div class=\"uagb-section__overlay\"><\/div><div class=\"uagb-section__inner-wrap\">\n<h2 class=\"wp-block-heading has-x-large-font-size\">The program for the 2025 season<\/h2>\n\n\n\n<ul class=\"wp-block-list\">\n<li><strong>August 30, 2025 &#8211; 11 a.m. and 4 p.m.<\/strong> &#8211; <strong>Living Cartoon Duet<\/strong> &#8211; Cin\u00e9 Concert &#8211; Dubbing, sound effects and music are recreated live in this cine-concert in the form of a meeting between generations <strong>(from 6 years old)<\/strong><\/li>\n\n\n\n<li><strong>Sunday, August 31 at 11 a.m. and 4 p.m. \u2013 Le Studio \u2013 Philharmonie<\/strong> &#8211; A jubilant, zany and poetic musical ballet, without words but all magic outside, which triggers a huge party in the heads <strong>(from 6 years old)<\/strong><\/li>\n\n\n\n<li><strong>Saturday, September 6 at 11 a.m. and 4 p.m. \u2013 Le Studio \u2013 Philharmonie<\/strong> &#8211; Animal and instinctive big band, Surnatural Orchestra resonates today&#8217;s jazz, energetic and affordable <strong>(from 7 years old)<\/strong><\/li>\n\n\n\n<li><strong>Sunday, September 7 \u2013 11 a.m. and 4 p.m. \u2013 Amphitheater \u2013 Cit\u00e9 de la musique<\/strong> &#8211; A cine-concert composed of 5 short films that feature great and giant girls (from 3 years old)<\/li>\n<\/ul>\n<\/div><\/section>\n<\/div>\n<\/div>\n\n<div style=\"height:31px\" aria-hidden=\"true\" class=\"wp-block-spacer\"><\/div>\n<div class=\"lazyblock-grids-1bsTy1 wp-block-lazyblock-grids\"><div class=\"row new-grids grids-style-2\">\n        <div class=\"col-12 grid-title\">\n        <h2 class=\"c-blue\">Family concerts<\/h2>\n\n            <\/div>\n        \n    <div class=\"col-12 grids columns-4\">\n        \n\n<div class=\"grid\">\n\t<a href=\"https:\/\/www.familinparis.fr\/en\/a-family-concert-at-the-opera-comique\/\" target=\"_self\">\n\t    <div class=\"image\" style=\"background-image:url('https:\/\/www.familinparis.fr\/wp-content\/uploads\/Spectacles\/MUSICAL\/En-famille-opera-comique-564x282.jpg')\">\n\t    \t\t    \t<div class=\"dateOnImg\">29 mars &#8211; 14 juin<\/div>\n\t    \t\t\t\t\t    <\/div>\n\t    <div class=\"texte\">\n\t        <h5>Op\u00e9ra Comique (Paris 2e)<\/h5>\n\t        <h3>Op\u00e9ra Comique: family workshops &#8220;Voices in sharing&#8221;<\/h3>\n\t        <div class=\"tags\">\n\t        \t\t        \t\t<span>D\u00e8s 6 ans<\/span>\n\t        \t\t        \t<span>1 heure<\/span>\n\t        <\/div>\n\t        <div class=\"bas\">\n        \t\t<div class=\"prix\">\n        \t\t\t\t        \t\t\t<span>From<\/span>\n\t        \t\t\t<span class=\"\">12\u20ac<\/span>\n\t        \t\t\t\t        \t\t        \t\t<\/div>\n            \t<div class=\"review-stars\" data-productId=\"72\">\n            \t<\/div>\n\t        <\/div>\n\t    <\/div>\n\t<\/a>\n<\/div>\n\n<div class=\"grid\">\n\t<a href=\"https:\/\/www.familinparis.fr\/en\/candlelight-concert-in-paris\/\" target=\"_self\">\n\t    <div class=\"image\" style=\"background-image:url('https:\/\/www.familinparis.fr\/wp-content\/uploads\/2026\/01\/les-concerts-candelight-564x282.jpg')\">\n\t    \t\t    \t<div class=\"dateOnImg\">Nombreuses dates<\/div>\n\t    \t\t\t\t\t\t\t\t<div class=\"rond-blanc-age\"><span>For all<\/span><\/div>\n\t\t\t\t    <\/div>\n\t    <div class=\"texte\">\n\t        <h5>A Paris<\/h5>\n\t        <h3>Les concerts Candlelight<\/h3>\n\t        <div class=\"tags\">\n\t        \t\t        \t\t<span>CONCERTS ATYPIQUES<\/span>\n\t        \t\t        \t<span>1h<\/span>\n\t        <\/div>\n\t        <div class=\"bas\">\n        \t\t<div class=\"prix\">\n        \t\t\t\t        \t\t\t<span>From<\/span>\n\t        \t\t\t<span class=\"\">25\u20ac<\/span>\n\t        \t\t\t\t        \t\t        \t\t<\/div>\n            \t<div class=\"review-stars\" data-productId=\"\">\n            \t<\/div>\n\t        <\/div>\n\t    <\/div>\n\t<\/a>\n<\/div>\n\n<div class=\"grid\">\n\t<a href=\"https:\/\/www.familinparis.fr\/en\/concerts-for-young-audiences-at-the-theatre-des-champs-elysees\/\" target=\"_self\">\n\t    <div class=\"image\" style=\"background-image:url('https:\/\/www.familinparis.fr\/wp-content\/uploads\/Spectacles\/concerts\/theatre-des-champs-elysees-564x282.jpg')\">\n\t    \t\t\t\t\t    <\/div>\n\t    <div class=\"texte\">\n\t        <h5><\/h5>\n\t        <h3>Concerts for young audiences at the Th\u00e9\u00e2tre des Champs-Elys\u00e9es<\/h3>\n\t        <div class=\"tags\">\n\t        \t\t        \t<span><\/span>\n\t        <\/div>\n\t        <div class=\"bas\">\n        \t\t<div class=\"prix\">\n        \t\t\t        \t\t<\/div>\n            \t<div class=\"review-stars\" data-productId=\"\">\n            \t<\/div>\n\t        <\/div>\n\t    <\/div>\n\t<\/a>\n<\/div>\n\n<div class=\"grid\">\n\t<a href=\"https:\/\/www.familinparis.fr\/en\/luminiscence-paris-immersive-show\/\" target=\"_self\">\n\t    <div class=\"image\" style=\"background-image:url('https:\/\/www.familinparis.fr\/wp-content\/uploads\/2024\/03\/luminiscence-saint-eustache-paris-1er-\u00a9Mikhail-Sytenkov-564x282.jpg')\">\n\t    \t\t    \t<div class=\"dateOnImg\">30% OFF<\/div>\n\t    \t\t\t\t\t    <\/div>\n\t    <div class=\"texte\">\n\t        <h5>At the Saint-Eustache church<\/h5>\n\t        <h3>Luminiscence Paris: Immersive show<\/h3>\n\t        <div class=\"tags\">\n\t        \t\t        \t\t<span>From 6 years old<\/span>\n\t        \t\t        \t<span>40mn<\/span>\n\t        <\/div>\n\t        <div class=\"bas\">\n        \t\t<div class=\"prix\">\n        \t\t\t        \t\t<\/div>\n            \t<div class=\"review-stars\" data-productId=\"\">\n            \t<\/div>\n\t        <\/div>\n\t    <\/div>\n\t<\/a>\n<\/div>    <\/div>\n\n            <div class=\"col-12 t-center m-b-20\">\n            <div class=\"labels__fam\">\n                                    <a href=\"https:\/\/www.familinparis.fr\/concerts-enfant-paris\/\" class=\"labels__fam-color-secondary labels__fam-radius-rounded\">\n                        SEE THE CONCERTS WITH THE FAMILY                    <\/a>\n                            <\/div>\n        <\/div>\n    \n    \n\n<\/div>\n<\/div><div class=\"lazyblock-grids-10Mk37 wp-block-lazyblock-grids\"><div class=\"row new-grids grids-style-2\">\n        <div class=\"col-12 grid-title\">\n        <h2 class=\"c-blue\">What to do in the Villette district?<\/h2>\n\n            <\/div>\n        \n    <div class=\"col-12 grids columns-4\">\n        \n\n<div class=\"grid\">\n\t<a href=\"https:\/\/www.familinparis.fr\/en\/the-city-of-children-cite-des-sciences-in-paris\/\" target=\"_self\">\n\t    <div class=\"image\" style=\"background-image:url('https:\/\/www.familinparis.fr\/wp-content\/uploads\/2022\/08\/la-cite-des-enfants-600x300-1-452x282.png')\">\n\t    \t\t\t\t\t    <\/div>\n\t    <div class=\"texte\">\n\t        <h5><\/h5>\n\t        <h3>The City of Children: Cit\u00e9 des Sciences in Paris<\/h3>\n\t        <div class=\"tags\">\n\t        \t\t        \t<span><\/span>\n\t        <\/div>\n\t        <div class=\"bas\">\n        \t\t<div class=\"prix\">\n        \t\t\t        \t\t<\/div>\n            \t<div class=\"review-stars\" data-productId=\"\">\n            \t<\/div>\n\t        <\/div>\n\t    <\/div>\n\t<\/a>\n<\/div>\n\n<div class=\"grid\">\n\t<a href=\"https:\/\/www.familinparis.fr\/en\/titanic-immersive-exhibition-grande-halle-de-la-villette-75019\/\" target=\"_self\">\n\t    <div class=\"image\" style=\"background-image:url('https:\/\/www.familinparis.fr\/wp-content\/uploads\/2026\/04\/La-Legende-Du-Titanic-exposition-ultime-exposition-immersive-grande-halle-la-villette-2026-564x282.jpg')\">\n\t    \t\t    \t<div class=\"dateOnImg\">jusqu&#8217;au 31 ao\u00fbt 2026<\/div>\n\t    \t\t\t\t\t\t\t\t<div class=\"rond-blanc-age\"><span>For all<\/span><\/div>\n\t\t\t\t    <\/div>\n\t    <div class=\"texte\">\n\t        <h5>La Grande Halle de La Villette <\/h5>\n\t        <h3>The Legend of the Titanic: The Ultimate Exhibition<\/h3>\n\t        <div class=\"tags\">\n\t        \t\t        \t\t<span>exposition immersive<\/span>\n\t        \t\t        \t<span>1h30<\/span>\n\t        <\/div>\n\t        <div class=\"bas\">\n        \t\t<div class=\"prix\">\n        \t\t\t        \t\t<\/div>\n            \t<div class=\"review-stars\" data-productId=\"\">\n            \t<\/div>\n\t        <\/div>\n\t    <\/div>\n\t<\/a>\n<\/div>\n\n<div class=\"grid\">\n\t<a href=\"https:\/\/www.familinparis.fr\/en\/the-childrens-philharmonic\/\" target=\"_self\">\n\t    <div class=\"image\" style=\"background-image:url('https:\/\/www.familinparis.fr\/wp-content\/uploads\/Mus\u00e9es\/Philharmonie-des-enfants\/PDE-explore-la-musique-564x282.jpg')\">\n\t    \t\t    \t<div class=\"dateOnImg\">Reopening on September 21<\/div>\n\t    \t\t\t\t\t    <\/div>\n\t    <div class=\"texte\">\n\t        <h5>Philharmonie de Paris (Paris 19th)<\/h5>\n\t        <h3>The Children&#8217;s Philharmonic<\/h3>\n\t        <div class=\"tags\">\n\t        \t\t        \t\t<span>4 to 10 years<\/span>\n\t        \t\t        \t<span>1h15<\/span>\n\t        <\/div>\n\t        <div class=\"bas\">\n        \t\t<div class=\"prix\">\n        \t\t\t        \t\t<\/div>\n            \t<div class=\"review-stars\" data-productId=\"\">\n            \t<\/div>\n\t        <\/div>\n\t    <\/div>\n\t<\/a>\n<\/div>\n\n<div class=\"grid\">\n\t<a href=\"https:\/\/www.familinparis.fr\/en\/the-philharmonie-de-paris-with-the-family\/\" target=\"_self\">\n\t    <div class=\"image\" style=\"background-image:url('https:\/\/www.familinparis.fr\/wp-content\/uploads\/Spectacles\/concerts\/la-philharmonie-de-paris-564x282.jpg')\">\n\t    \t\t\t\t\t    <\/div>\n\t    <div class=\"texte\">\n\t        <h5><\/h5>\n\t        <h3>The Philharmonie de Paris with the family<\/h3>\n\t        <div class=\"tags\">\n\t        \t\t        \t<span><\/span>\n\t        <\/div>\n\t        <div class=\"bas\">\n        \t\t<div class=\"prix\">\n        \t\t\t        \t\t<\/div>\n            \t<div class=\"review-stars\" data-productId=\"\">\n            \t<\/div>\n\t        <\/div>\n\t    <\/div>\n\t<\/a>\n<\/div>\n\n<div class=\"grid\">\n\t<a href=\"https:\/\/www.familinparis.fr\/en\/batman-escape-game-paris\/\" target=\"_self\">\n\t    <div class=\"image\" style=\"background-image:url('https:\/\/www.familinparis.fr\/wp-content\/uploads\/2024\/07\/batman-escape-game-paris-la-villette-564x282.jpg')\">\n\t    \t\t    \t<div class=\"dateOnImg\">Every day<\/div>\n\t    \t\t\t\t\t    <\/div>\n\t    <div class=\"texte\">\n\t        <h5>In La Vilette (19th)<\/h5>\n\t        <h3>Batman Escape Game Paris<\/h3>\n\t        <div class=\"tags\">\n\t        \t\t        \t\t<span>From 7 years old<\/span>\n\t        \t\t        \t<span>70mn<\/span>\n\t        <\/div>\n\t        <div class=\"bas\">\n        \t\t<div class=\"prix\">\n        \t\t\t        \t\t<\/div>\n            \t<div class=\"review-stars\" data-productId=\"304\">\n            \t<\/div>\n\t        <\/div>\n\t    <\/div>\n\t<\/a>\n<\/div>\n\n<div class=\"grid\">\n\t<a href=\"https:\/\/www.familinparis.fr\/en\/dogs-and-cats-exhibition-cite-des-sciences\/\" target=\"_self\">\n\t    <div class=\"image\" style=\"background-image:url('https:\/\/www.familinparis.fr\/wp-content\/uploads\/2025\/01\/chiens-et-chats-expo-cite-des-sciences-la-villette-2025-2026-564x282.jpg')\">\n\t    \t\t    \t<div class=\"dateOnImg\">Jusqu&#8217;au 28 juin 2026<\/div>\n\t    \t\t\t\t\t    <\/div>\n\t    <div class=\"texte\">\n\t        <h5>A La Cit\u00e9 des Sciences et de l&#8217;Industrie<\/h5>\n\t        <h3>Dogs and cats, at the Cit\u00e9 des Sciences<\/h3>\n\t        <div class=\"tags\">\n\t        \t\t        \t\t<span>A partir de 6 ans <\/span>\n\t        \t\t        \t<span>1h<\/span>\n\t        <\/div>\n\t        <div class=\"bas\">\n        \t\t<div class=\"prix\">\n        \t\t\t        \t\t<\/div>\n            \t<div class=\"review-stars\" data-productId=\"\">\n            \t<\/div>\n\t        <\/div>\n\t    <\/div>\n\t<\/a>\n<\/div>\n\n<div class=\"grid\">\n\t<a href=\"https:\/\/www.familinparis.fr\/en\/the-cite-des-bebe-lab\/\" target=\"_self\">\n\t    <div class=\"image\" style=\"background-image:url('https:\/\/www.familinparis.fr\/wp-content\/uploads\/2022\/02\/la-cite-des-bebes-442x282.png')\">\n\t    \t\t\t\t\t    <\/div>\n\t    <div class=\"texte\">\n\t        <h5><\/h5>\n\t        <h3>The Cit\u00e9 des B\u00e9b\u00e9 Lab<\/h3>\n\t        <div class=\"tags\">\n\t        \t\t        \t<span><\/span>\n\t        <\/div>\n\t        <div class=\"bas\">\n        \t\t<div class=\"prix\">\n        \t\t\t        \t\t<\/div>\n            \t<div class=\"review-stars\" data-productId=\"\">\n            \t<\/div>\n\t        <\/div>\n\t    <\/div>\n\t<\/a>\n<\/div>\n\n<div class=\"grid\">\n\t<a href=\"https:\/\/www.familinparis.fr\/en\/ifly-paris-free-fall-wind-tunnel-simulator\/\" target=\"_self\">\n\t    <div class=\"image\" style=\"background-image:url('https:\/\/www.familinparis.fr\/wp-content\/uploads\/2024\/11\/ifly_paris-525x282.jpg')\">\n\t    \t\t    \t<div class=\"dateOnImg\">Every day <\/div>\n\t    \t\t\t\t\t    <\/div>\n\t    <div class=\"texte\">\n\t        <h5>Ifly Paris at Vill&#8217;Up<\/h5>\n\t        <h3>iFly Paris: Free Fall Simulator in the Wind Tunnel<\/h3>\n\t        <div class=\"tags\">\n\t        \t\t        \t\t<span>From 5 years old  <\/span>\n\t        \t\t        \t<span>1h<\/span>\n\t        <\/div>\n\t        <div class=\"bas\">\n        \t\t<div class=\"prix\">\n        \t\t\t        \t\t<\/div>\n            \t<div class=\"review-stars\" data-productId=\"\">\n            \t<\/div>\n\t        <\/div>\n\t    <\/div>\n\t<\/a>\n<\/div>    <\/div>\n\n            <div class=\"col-12 t-center m-b-20\">\n            <div class=\"labels__fam\">\n                                    <a href=\"\/le-bassin-de-la-villette\/\" class=\"labels__fam-color-secondary labels__fam-radius-rounded\">\n                        ACTIVITIES NEAR LA VILLETTE                    <\/a>\n                            <\/div>\n        <\/div>\n    \n    \n\n<\/div>\n<\/div>\n<hr class=\"wp-block-separator has-alpha-channel-opacity\"\/>\n\n<div class=\"wp-block-columns m-b-30 is-layout-flex wp-container-core-columns-is-layout-9d6595d7 wp-block-columns-is-layout-flex\">\n<div class=\"wp-block-column is-layout-flow wp-block-column-is-layout-flow\">\n<div class=\"wp-block-getwid-banner m-b-20 has-animation-style4 has-text-animation-opacity-bottom has-foreground-40\"><a href=\"https:\/\/www.familinparis.fr\/en\/must-see-museum-in-paris\/\" class=\"wp-block-getwid-banner__link\"><div class=\"wp-block-getwid-banner__wrapper\"><img decoding=\"async\" src=\"https:\/\/www.familinparis.fr\/wp-content\/uploads\/photos-familinparis-2021\/mus%C3%A9e\/musee-d-orsay\/periode-nabis-musee-orsay-%C2%A9FamilinParis-1249x960-1.jpg\" alt=\"\" class=\"wp-block-getwid-banner__image wp-block-getwid-banner__source wp-image-52319\"><div class=\"wp-block-getwid-banner__caption\" style=\"min-height:200px\"><div class=\"wp-block-getwid-banner__caption-wrapper\"><span class=\"wp-block-getwid-banner__title\">Museums<\/span><p class=\"wp-block-getwid-banner__text\">#culture<\/p><\/div><\/div><\/div><\/a><\/div>\n\n\n\n<div class=\"wp-block-getwid-banner m-b-20 has-animation-style4 has-text-animation-opacity-bottom has-foreground-40\"><a href=\"https:\/\/www.familinparis.fr\/en\/paris-monuments\/\" class=\"wp-block-getwid-banner__link\"><div class=\"wp-block-getwid-banner__wrapper\"><img decoding=\"async\" width=\"1920\" height=\"1280\" src=\"https:\/\/www.familinparis.fr\/wp-content\/uploads\/Monuments\/arc-de-trimphe\/arc-de-triomphe-PLD.jpg\" alt=\"\" class=\"wp-block-getwid-banner__image wp-block-getwid-banner__source wp-image-73140\" srcset=\"https:\/\/www.familinparis.fr\/wp-content\/uploads\/Monuments\/arc-de-trimphe\/arc-de-triomphe-PLD.jpg 1920w, https:\/\/www.familinparis.fr\/wp-content\/uploads\/Monuments\/arc-de-trimphe\/arc-de-triomphe-PLD-300x200.jpg 300w, https:\/\/www.familinparis.fr\/wp-content\/uploads\/Monuments\/arc-de-trimphe\/arc-de-triomphe-PLD-1024x683.jpg 1024w, https:\/\/www.familinparis.fr\/wp-content\/uploads\/Monuments\/arc-de-trimphe\/arc-de-triomphe-PLD-768x512.jpg 768w, https:\/\/www.familinparis.fr\/wp-content\/uploads\/Monuments\/arc-de-trimphe\/arc-de-triomphe-PLD-1536x1024.jpg 1536w, https:\/\/www.familinparis.fr\/wp-content\/uploads\/Monuments\/arc-de-trimphe\/arc-de-triomphe-PLD-18x12.jpg 18w, https:\/\/www.familinparis.fr\/wp-content\/uploads\/Monuments\/arc-de-trimphe\/arc-de-triomphe-PLD-730x487.jpg 730w, https:\/\/www.familinparis.fr\/wp-content\/uploads\/Monuments\/arc-de-trimphe\/arc-de-triomphe-PLD-270x180.jpg 270w\" sizes=\"(max-width: 1920px) 100vw, 1920px\" \/><div class=\"wp-block-getwid-banner__caption\" style=\"min-height:200px\"><div class=\"wp-block-getwid-banner__caption-wrapper\"><span class=\"wp-block-getwid-banner__title\">The monuments<\/span><p class=\"wp-block-getwid-banner__text\">#culture<\/p><\/div><\/div><\/div><\/a><\/div>\n<\/div>\n\n\n\n<div class=\"wp-block-column is-layout-flow wp-block-column-is-layout-flow\">\n<div class=\"wp-block-getwid-banner m-b-20 has-animation-style4 has-text-animation-opacity-bottom has-foreground-40\"><a href=\"https:\/\/www.familinparis.fr\/en\/where-to-see-animals-in-paris-and-ile-de-france\/\" class=\"wp-block-getwid-banner__link\"><div class=\"wp-block-getwid-banner__wrapper\"><img decoding=\"async\" src=\"https:\/\/www.familinparis.fr\/wp-content\/uploads\/Animaux\/ferme\/moutons.jpg\" alt=\"\" class=\"wp-block-getwid-banner__image wp-block-getwid-banner__source wp-image-43620\"><div class=\"wp-block-getwid-banner__caption\" style=\"min-height:200px\"><div class=\"wp-block-getwid-banner__caption-wrapper\"><span class=\"wp-block-getwid-banner__title\">Animals<\/span><p class=\"wp-block-getwid-banner__text\">#loisir<\/p><\/div><\/div><\/div><\/a><\/div>\n\n\n\n<div class=\"wp-block-getwid-banner m-b-20 has-animation-style4 has-text-animation-opacity-bottom\"><a href=\"https:\/\/www.familinparis.fr\/en\/must-see-family-exhibitions-in-paris\/\" class=\"wp-block-getwid-banner__link\"><div class=\"wp-block-getwid-banner__wrapper\"><img decoding=\"async\" width=\"768\" height=\"1024\" src=\"https:\/\/www.familinparis.fr\/wp-content\/uploads\/Expos\/2022\/Machu-picchu\/parure.jpg\" alt=\"\" class=\"wp-block-getwid-banner__image wp-block-getwid-banner__source wp-image-69427\" srcset=\"https:\/\/www.familinparis.fr\/wp-content\/uploads\/Expos\/2022\/Machu-picchu\/parure.jpg 768w, https:\/\/www.familinparis.fr\/wp-content\/uploads\/Expos\/2022\/Machu-picchu\/parure-225x300.jpg 225w, https:\/\/www.familinparis.fr\/wp-content\/uploads\/Expos\/2022\/Machu-picchu\/parure-9x12.jpg 9w, https:\/\/www.familinparis.fr\/wp-content\/uploads\/Expos\/2022\/Machu-picchu\/parure-548x730.jpg 548w\" sizes=\"(max-width: 768px) 100vw, 768px\" \/><div class=\"wp-block-getwid-banner__caption\" style=\"min-height:200px\"><div class=\"wp-block-getwid-banner__caption-wrapper\"><span class=\"wp-block-getwid-banner__title\">Exhibitions<\/span><p class=\"wp-block-getwid-banner__text\">#culture<\/p><\/div><\/div><\/div><\/a><\/div>\n<\/div>\n\n\n\n<div class=\"wp-block-column is-layout-flow wp-block-column-is-layout-flow\">\n<div class=\"wp-block-getwid-banner m-b-20 has-animation-style4 has-text-animation-opacity-bottom has-foreground-40\"><a href=\"https:\/\/www.familinparis.fr\/en\/theme-and-leisure-parks\/\" class=\"wp-block-getwid-banner__link\"><div class=\"wp-block-getwid-banner__wrapper\"><img decoding=\"async\" width=\"1920\" height=\"1440\" src=\"https:\/\/www.familinparis.fr\/wp-content\/uploads\/Parc-attractions\/disneyland\/parc-attraction-disneyland-paris-PLD.jpg\" alt=\"\" class=\"wp-block-getwid-banner__image wp-block-getwid-banner__source wp-image-73192\" srcset=\"https:\/\/www.familinparis.fr\/wp-content\/uploads\/Parc-attractions\/disneyland\/parc-attraction-disneyland-paris-PLD.jpg 1920w, https:\/\/www.familinparis.fr\/wp-content\/uploads\/Parc-attractions\/disneyland\/parc-attraction-disneyland-paris-PLD-300x225.jpg 300w, https:\/\/www.familinparis.fr\/wp-content\/uploads\/Parc-attractions\/disneyland\/parc-attraction-disneyland-paris-PLD-1024x768.jpg 1024w, https:\/\/www.familinparis.fr\/wp-content\/uploads\/Parc-attractions\/disneyland\/parc-attraction-disneyland-paris-PLD-768x576.jpg 768w, https:\/\/www.familinparis.fr\/wp-content\/uploads\/Parc-attractions\/disneyland\/parc-attraction-disneyland-paris-PLD-1536x1152.jpg 1536w, https:\/\/www.familinparis.fr\/wp-content\/uploads\/Parc-attractions\/disneyland\/parc-attraction-disneyland-paris-PLD-16x12.jpg 16w, https:\/\/www.familinparis.fr\/wp-content\/uploads\/Parc-attractions\/disneyland\/parc-attraction-disneyland-paris-PLD-730x548.jpg 730w, https:\/\/www.familinparis.fr\/wp-content\/uploads\/Parc-attractions\/disneyland\/parc-attraction-disneyland-paris-PLD-800x600.jpg 800w\" sizes=\"(max-width: 1920px) 100vw, 1920px\" \/><div class=\"wp-block-getwid-banner__caption\" style=\"min-height:200px\"><div class=\"wp-block-getwid-banner__caption-wrapper\"><span class=\"wp-block-getwid-banner__title\">Amusement parks  <\/span><p class=\"wp-block-getwid-banner__text\">#loisir<\/p><\/div><\/div><\/div><\/a><\/div>\n\n\n\n<div class=\"wp-block-getwid-banner m-b-20 has-animation-style4 has-text-animation-opacity-bottom has-foreground-40\"><a href=\"https:\/\/www.familinparis.fr\/en\/castles-around-paris\/\" class=\"wp-block-getwid-banner__link\"><div class=\"wp-block-getwid-banner__wrapper\"><img decoding=\"async\" src=\"https:\/\/www.familinparis.fr\/wp-content\/uploads\/photos-familinparis-2021\/monument\/la-galerie-des-glaces-chateau-de-versailles-%C2%A9FamilinParis.jpg\" alt=\"\" class=\"wp-block-getwid-banner__image wp-block-getwid-banner__source wp-image-50817\"><div class=\"wp-block-getwid-banner__caption\" style=\"min-height:200px\"><div class=\"wp-block-getwid-banner__caption-wrapper\"><span class=\"wp-block-getwid-banner__title\">The castles<\/span><p class=\"wp-block-getwid-banner__text\">#culture<\/p><\/div><\/div><\/div><\/a><\/div>\n<\/div>\n\n\n\n<div class=\"wp-block-column is-layout-flow wp-block-column-is-layout-flow\">\n<div class=\"wp-block-getwid-banner m-b-20 has-animation-style4 has-text-animation-opacity-bottom has-foreground-40\"><a href=\"https:\/\/www.familinparis.fr\/en\/shows-for-children-and-teenagers-in-paris\/\" class=\"wp-block-getwid-banner__link\"><div class=\"wp-block-getwid-banner__wrapper\"><img decoding=\"async\" width=\"1000\" height=\"667\" src=\"https:\/\/www.familinparis.fr\/wp-content\/uploads\/Spectacles\/theatre-sh_262527686.jpg\" alt=\"\" class=\"wp-block-getwid-banner__image wp-block-getwid-banner__source wp-image-77925\" srcset=\"https:\/\/www.familinparis.fr\/wp-content\/uploads\/Spectacles\/theatre-sh_262527686.jpg 1000w, https:\/\/www.familinparis.fr\/wp-content\/uploads\/Spectacles\/theatre-sh_262527686-300x200.jpg 300w, https:\/\/www.familinparis.fr\/wp-content\/uploads\/Spectacles\/theatre-sh_262527686-768x512.jpg 768w, https:\/\/www.familinparis.fr\/wp-content\/uploads\/Spectacles\/theatre-sh_262527686-18x12.jpg 18w, https:\/\/www.familinparis.fr\/wp-content\/uploads\/Spectacles\/theatre-sh_262527686-730x487.jpg 730w, https:\/\/www.familinparis.fr\/wp-content\/uploads\/Spectacles\/theatre-sh_262527686-270x180.jpg 270w\" sizes=\"(max-width: 1000px) 100vw, 1000px\" \/><div class=\"wp-block-getwid-banner__caption\" style=\"min-height:200px\"><div class=\"wp-block-getwid-banner__caption-wrapper\"><span class=\"wp-block-getwid-banner__title\">The shows<\/span><p class=\"wp-block-getwid-banner__text\">#sortie<\/p><\/div><\/div><\/div><\/a><\/div>\n\n\n\n<div class=\"wp-block-getwid-banner m-b-20 has-animation-style4 has-text-animation-opacity-bottom has-foreground-40\"><a href=\"https:\/\/www.familinparis.fr\/en\/the-most-beautiful-parks-and-gardens-in-paris\/\" class=\"wp-block-getwid-banner__link\"><div class=\"wp-block-getwid-banner__wrapper\"><img decoding=\"async\" src=\"https:\/\/www.familinparis.fr\/wp-content\/uploads\/photos-familinparis-2021\/parc\/jardin-albert-khan-%C2%A9FamilinParis.jpg\" alt=\"\" class=\"wp-block-getwid-banner__image wp-block-getwid-banner__source wp-image-50843\"><div class=\"wp-block-getwid-banner__caption\" style=\"min-height:200px\"><div class=\"wp-block-getwid-banner__caption-wrapper\"><span class=\"wp-block-getwid-banner__title\">Parks and gardens<\/span><p class=\"wp-block-getwid-banner__text\">#loisir<\/p><\/div><\/div><\/div><\/a><\/div>\n<\/div>\n<\/div>\n","protected":false},"excerpt":{"rendered":"<p>From August 29 to September 8, 2024<\/p>\n","protected":false},"author":6,"featured_media":146439,"comment_status":"open","ping_status":"open","sticky":false,"template":"","format":"standard","meta":{"_uag_custom_page_level_css":"","footnotes":""},"categories":[1035],"tags":[1254,1397,1399],"class_list":{"0":"post-134125","1":"post","2":"type-post","3":"status-publish","4":"format-standard","5":"has-post-thumbnail","7":"category-archives","8":"tag-august-archive","9":"tag-september-archive","10":"tag-shows-archives"},"yoast_head":"<!-- This site is optimized with the Yoast SEO plugin v27.2 - https:\/\/yoast.com\/product\/yoast-seo-wordpress\/ -->\n<title>Jazz \u00e0 la Villette for Kids (from 3 years old) | 2025 Season<\/title>\n<meta name=\"description\" content=\"From August 30 to September 9, 2025 - Jazz \u00e0 la Villette for children, from 3 years old - Participatory concerts, cine-concerts\" \/>\n<meta name=\"robots\" content=\"index, follow, max-snippet:-1, max-image-preview:large, max-video-preview:-1\" \/>\n<link rel=\"canonical\" href=\"https:\/\/www.familinparis.fr\/en\/jazz-a-la-villette-for-kids\/\" \/>\n<meta property=\"og:locale\" content=\"en_US\" \/>\n<meta property=\"og:type\" content=\"article\" \/>\n<meta property=\"og:title\" content=\"Jazz \u00e0 la Villette for Kids (from 3 years old) | 2025 Season\" \/>\n<meta property=\"og:description\" content=\"From August 30 to September 9, 2025 - Jazz \u00e0 la Villette for children, from 3 years old - Participatory concerts, cine-concerts\" \/>\n<meta property=\"og:url\" content=\"https:\/\/www.familinparis.fr\/en\/jazz-a-la-villette-for-kids\/\" \/>\n<meta property=\"og:site_name\" content=\"Familin&#039;Paris\" \/>\n<meta property=\"article:published_time\" content=\"2025-08-28T09:25:00+00:00\" \/>\n<meta name=\"author\" content=\"Agn\u00e8s\" \/>\n<meta name=\"twitter:card\" content=\"summary_large_image\" \/>\n<meta name=\"twitter:label1\" content=\"Written by\" \/>\n\t<meta name=\"twitter:data1\" content=\"Agn\u00e8s\" \/>\n\t<meta name=\"twitter:label2\" content=\"Est. reading time\" \/>\n\t<meta name=\"twitter:data2\" content=\"1 minute\" \/>\n<script type=\"application\/ld+json\" class=\"yoast-schema-graph\">{\"@context\":\"https:\/\/schema.org\",\"@graph\":[{\"@type\":\"Article\",\"@id\":\"https:\/\/www.familinparis.fr\/en\/jazz-a-la-villette-for-kids\/#article\",\"isPartOf\":{\"@id\":\"https:\/\/www.familinparis.fr\/en\/jazz-a-la-villette-for-kids\/\"},\"author\":{\"name\":\"Agn\u00e8s\",\"@id\":\"https:\/\/www.familinparis.fr\/en\/#\/schema\/person\/20deb9130cb58f76b535d316fe0aa31f\"},\"headline\":\"Jazz \u00e0 la Villette for kids\",\"datePublished\":\"2025-08-28T09:25:00+00:00\",\"mainEntityOfPage\":{\"@id\":\"https:\/\/www.familinparis.fr\/en\/jazz-a-la-villette-for-kids\/\"},\"wordCount\":221,\"commentCount\":0,\"image\":{\"@id\":\"https:\/\/www.familinparis.fr\/en\/jazz-a-la-villette-for-kids\/#primaryimage\"},\"thumbnailUrl\":\"https:\/\/www.familinparis.fr\/wp-content\/uploads\/2025\/06\/fauto.avif\",\"keywords\":[\"August Archive\",\"September Archive\",\"Shows archives\"],\"articleSection\":[\"Archives\"],\"inLanguage\":\"en-US\",\"potentialAction\":[{\"@type\":\"CommentAction\",\"name\":\"Comment\",\"target\":[\"https:\/\/www.familinparis.fr\/en\/jazz-a-la-villette-for-kids\/#respond\"]}]},{\"@type\":\"WebPage\",\"@id\":\"https:\/\/www.familinparis.fr\/en\/jazz-a-la-villette-for-kids\/\",\"url\":\"https:\/\/www.familinparis.fr\/en\/jazz-a-la-villette-for-kids\/\",\"name\":\"Jazz \u00e0 la Villette for Kids (from 3 years old) | 2025 Season\",\"isPartOf\":{\"@id\":\"https:\/\/www.familinparis.fr\/en\/#website\"},\"primaryImageOfPage\":{\"@id\":\"https:\/\/www.familinparis.fr\/en\/jazz-a-la-villette-for-kids\/#primaryimage\"},\"image\":{\"@id\":\"https:\/\/www.familinparis.fr\/en\/jazz-a-la-villette-for-kids\/#primaryimage\"},\"thumbnailUrl\":\"https:\/\/www.familinparis.fr\/wp-content\/uploads\/2025\/06\/fauto.avif\",\"datePublished\":\"2025-08-28T09:25:00+00:00\",\"author\":{\"@id\":\"https:\/\/www.familinparis.fr\/en\/#\/schema\/person\/20deb9130cb58f76b535d316fe0aa31f\"},\"description\":\"From August 30 to September 9, 2025 - Jazz \u00e0 la Villette for children, from 3 years old - Participatory concerts, cine-concerts\",\"breadcrumb\":{\"@id\":\"https:\/\/www.familinparis.fr\/en\/jazz-a-la-villette-for-kids\/#breadcrumb\"},\"inLanguage\":\"en-US\",\"potentialAction\":[{\"@type\":\"ReadAction\",\"target\":[\"https:\/\/www.familinparis.fr\/en\/jazz-a-la-villette-for-kids\/\"]}]},{\"@type\":\"ImageObject\",\"inLanguage\":\"en-US\",\"@id\":\"https:\/\/www.familinparis.fr\/en\/jazz-a-la-villette-for-kids\/#primaryimage\",\"url\":\"https:\/\/www.familinparis.fr\/wp-content\/uploads\/2025\/06\/fauto.avif\",\"contentUrl\":\"https:\/\/www.familinparis.fr\/wp-content\/uploads\/2025\/06\/fauto.avif\",\"caption\":\"Jazz \u00e0 la Villette for kids 2025\"},{\"@type\":\"BreadcrumbList\",\"@id\":\"https:\/\/www.familinparis.fr\/en\/jazz-a-la-villette-for-kids\/#breadcrumb\",\"itemListElement\":[{\"@type\":\"ListItem\",\"position\":1,\"name\":\"Home\",\"item\":\"https:\/\/www.familinparis.fr\/en\/\"},{\"@type\":\"ListItem\",\"position\":2,\"name\":\"Archives\",\"item\":\"https:\/\/www.familinparis.fr\/en\/categorie\/archives-en\/\"},{\"@type\":\"ListItem\",\"position\":3,\"name\":\"Jazz \u00e0 la Villette for kids\"}]},{\"@type\":\"WebSite\",\"@id\":\"https:\/\/www.familinparis.fr\/en\/#website\",\"url\":\"https:\/\/www.familinparis.fr\/en\/\",\"name\":\"Familin&#039;Paris\",\"description\":\"Visiter le meilleur de Paris avec des enfants : sorties, spectacles, adresses de restaurants, shopping, bons plans...\",\"potentialAction\":[{\"@type\":\"SearchAction\",\"target\":{\"@type\":\"EntryPoint\",\"urlTemplate\":\"https:\/\/www.familinparis.fr\/en\/?s={search_term_string}\"},\"query-input\":{\"@type\":\"PropertyValueSpecification\",\"valueRequired\":true,\"valueName\":\"search_term_string\"}}],\"inLanguage\":\"en-US\"},{\"@type\":\"Person\",\"@id\":\"https:\/\/www.familinparis.fr\/en\/#\/schema\/person\/20deb9130cb58f76b535d316fe0aa31f\",\"name\":\"Agn\u00e8s\",\"image\":{\"@type\":\"ImageObject\",\"inLanguage\":\"en-US\",\"@id\":\"https:\/\/secure.gravatar.com\/avatar\/0ff338e2776ca662585d438b3bc140cbe7b54659207d3329065be97ffb37fa5a?s=96&d=identicon&r=g\",\"url\":\"https:\/\/secure.gravatar.com\/avatar\/0ff338e2776ca662585d438b3bc140cbe7b54659207d3329065be97ffb37fa5a?s=96&d=identicon&r=g\",\"contentUrl\":\"https:\/\/secure.gravatar.com\/avatar\/0ff338e2776ca662585d438b3bc140cbe7b54659207d3329065be97ffb37fa5a?s=96&d=identicon&r=g\",\"caption\":\"Agn\u00e8s\"}}]}<\/script>\n<!-- \/ Yoast SEO plugin. -->","yoast_head_json":{"title":"Jazz \u00e0 la Villette for Kids (from 3 years old) | 2025 Season","description":"From August 30 to September 9, 2025 - Jazz \u00e0 la Villette for children, from 3 years old - Participatory concerts, cine-concerts","robots":{"index":"index","follow":"follow","max-snippet":"max-snippet:-1","max-image-preview":"max-image-preview:large","max-video-preview":"max-video-preview:-1"},"canonical":"https:\/\/www.familinparis.fr\/en\/jazz-a-la-villette-for-kids\/","og_locale":"en_US","og_type":"article","og_title":"Jazz \u00e0 la Villette for Kids (from 3 years old) | 2025 Season","og_description":"From August 30 to September 9, 2025 - Jazz \u00e0 la Villette for children, from 3 years old - Participatory concerts, cine-concerts","og_url":"https:\/\/www.familinparis.fr\/en\/jazz-a-la-villette-for-kids\/","og_site_name":"Familin&#039;Paris","article_published_time":"2025-08-28T09:25:00+00:00","author":"Agn\u00e8s","twitter_card":"summary_large_image","twitter_misc":{"Written by":"Agn\u00e8s","Est. reading time":"1 minute"},"schema":{"@context":"https:\/\/schema.org","@graph":[{"@type":"Article","@id":"https:\/\/www.familinparis.fr\/en\/jazz-a-la-villette-for-kids\/#article","isPartOf":{"@id":"https:\/\/www.familinparis.fr\/en\/jazz-a-la-villette-for-kids\/"},"author":{"name":"Agn\u00e8s","@id":"https:\/\/www.familinparis.fr\/en\/#\/schema\/person\/20deb9130cb58f76b535d316fe0aa31f"},"headline":"Jazz \u00e0 la Villette for kids","datePublished":"2025-08-28T09:25:00+00:00","mainEntityOfPage":{"@id":"https:\/\/www.familinparis.fr\/en\/jazz-a-la-villette-for-kids\/"},"wordCount":221,"commentCount":0,"image":{"@id":"https:\/\/www.familinparis.fr\/en\/jazz-a-la-villette-for-kids\/#primaryimage"},"thumbnailUrl":"https:\/\/www.familinparis.fr\/wp-content\/uploads\/2025\/06\/fauto.avif","keywords":["August Archive","September Archive","Shows archives"],"articleSection":["Archives"],"inLanguage":"en-US","potentialAction":[{"@type":"CommentAction","name":"Comment","target":["https:\/\/www.familinparis.fr\/en\/jazz-a-la-villette-for-kids\/#respond"]}]},{"@type":"WebPage","@id":"https:\/\/www.familinparis.fr\/en\/jazz-a-la-villette-for-kids\/","url":"https:\/\/www.familinparis.fr\/en\/jazz-a-la-villette-for-kids\/","name":"Jazz \u00e0 la Villette for Kids (from 3 years old) | 2025 Season","isPartOf":{"@id":"https:\/\/www.familinparis.fr\/en\/#website"},"primaryImageOfPage":{"@id":"https:\/\/www.familinparis.fr\/en\/jazz-a-la-villette-for-kids\/#primaryimage"},"image":{"@id":"https:\/\/www.familinparis.fr\/en\/jazz-a-la-villette-for-kids\/#primaryimage"},"thumbnailUrl":"https:\/\/www.familinparis.fr\/wp-content\/uploads\/2025\/06\/fauto.avif","datePublished":"2025-08-28T09:25:00+00:00","author":{"@id":"https:\/\/www.familinparis.fr\/en\/#\/schema\/person\/20deb9130cb58f76b535d316fe0aa31f"},"description":"From August 30 to September 9, 2025 - Jazz \u00e0 la Villette for children, from 3 years old - Participatory concerts, cine-concerts","breadcrumb":{"@id":"https:\/\/www.familinparis.fr\/en\/jazz-a-la-villette-for-kids\/#breadcrumb"},"inLanguage":"en-US","potentialAction":[{"@type":"ReadAction","target":["https:\/\/www.familinparis.fr\/en\/jazz-a-la-villette-for-kids\/"]}]},{"@type":"ImageObject","inLanguage":"en-US","@id":"https:\/\/www.familinparis.fr\/en\/jazz-a-la-villette-for-kids\/#primaryimage","url":"https:\/\/www.familinparis.fr\/wp-content\/uploads\/2025\/06\/fauto.avif","contentUrl":"https:\/\/www.familinparis.fr\/wp-content\/uploads\/2025\/06\/fauto.avif","caption":"Jazz \u00e0 la Villette for kids 2025"},{"@type":"BreadcrumbList","@id":"https:\/\/www.familinparis.fr\/en\/jazz-a-la-villette-for-kids\/#breadcrumb","itemListElement":[{"@type":"ListItem","position":1,"name":"Home","item":"https:\/\/www.familinparis.fr\/en\/"},{"@type":"ListItem","position":2,"name":"Archives","item":"https:\/\/www.familinparis.fr\/en\/categorie\/archives-en\/"},{"@type":"ListItem","position":3,"name":"Jazz \u00e0 la Villette for kids"}]},{"@type":"WebSite","@id":"https:\/\/www.familinparis.fr\/en\/#website","url":"https:\/\/www.familinparis.fr\/en\/","name":"Familin&#039;Paris","description":"Visiter le meilleur de Paris avec des enfants : sorties, spectacles, adresses de restaurants, shopping, bons plans...","potentialAction":[{"@type":"SearchAction","target":{"@type":"EntryPoint","urlTemplate":"https:\/\/www.familinparis.fr\/en\/?s={search_term_string}"},"query-input":{"@type":"PropertyValueSpecification","valueRequired":true,"valueName":"search_term_string"}}],"inLanguage":"en-US"},{"@type":"Person","@id":"https:\/\/www.familinparis.fr\/en\/#\/schema\/person\/20deb9130cb58f76b535d316fe0aa31f","name":"Agn\u00e8s","image":{"@type":"ImageObject","inLanguage":"en-US","@id":"https:\/\/secure.gravatar.com\/avatar\/0ff338e2776ca662585d438b3bc140cbe7b54659207d3329065be97ffb37fa5a?s=96&d=identicon&r=g","url":"https:\/\/secure.gravatar.com\/avatar\/0ff338e2776ca662585d438b3bc140cbe7b54659207d3329065be97ffb37fa5a?s=96&d=identicon&r=g","contentUrl":"https:\/\/secure.gravatar.com\/avatar\/0ff338e2776ca662585d438b3bc140cbe7b54659207d3329065be97ffb37fa5a?s=96&d=identicon&r=g","caption":"Agn\u00e8s"}}]}},"uagb_featured_image_src":{"full":["https:\/\/www.familinparis.fr\/wp-content\/uploads\/2025\/06\/fauto.avif",0,0,false],"thumbnail":["https:\/\/www.familinparis.fr\/wp-content\/uploads\/2025\/06\/fauto.avif",1,1,false],"medium":["https:\/\/www.familinparis.fr\/wp-content\/uploads\/2025\/06\/fauto.avif",1,1,false],"medium_large":["https:\/\/www.familinparis.fr\/wp-content\/uploads\/2025\/06\/fauto.avif",1,1,false],"large":["https:\/\/www.familinparis.fr\/wp-content\/uploads\/2025\/06\/fauto.avif",1,1,false],"1536x1536":["https:\/\/www.familinparis.fr\/wp-content\/uploads\/2025\/06\/fauto.avif",1,1,false],"2048x2048":["https:\/\/www.familinparis.fr\/wp-content\/uploads\/2025\/06\/fauto.avif",1,1,false],"home-thumb":["https:\/\/www.familinparis.fr\/wp-content\/uploads\/2025\/06\/fauto.avif",1,1,false],"home-slider":["https:\/\/www.familinparis.fr\/wp-content\/uploads\/2025\/06\/fauto.avif",1,1,false],"lightbox-slider-size":["https:\/\/www.familinparis.fr\/wp-content\/uploads\/2025\/06\/fauto.avif",1,1,false],"post-thumbnail":["https:\/\/www.familinparis.fr\/wp-content\/uploads\/2025\/06\/fauto.avif",1,1,false],"cheerup-main":["https:\/\/www.familinparis.fr\/wp-content\/uploads\/2025\/06\/fauto.avif",1,1,false],"cheerup-main-full":["https:\/\/www.familinparis.fr\/wp-content\/uploads\/2025\/06\/fauto.avif",1,1,false],"cheerup-slider-alt":["https:\/\/www.familinparis.fr\/wp-content\/uploads\/2025\/06\/fauto.avif",1,1,false],"cheerup-slider-trendy":["https:\/\/www.familinparis.fr\/wp-content\/uploads\/2025\/06\/fauto.avif",1,1,false],"cheerup-slider-stylish":["https:\/\/www.familinparis.fr\/wp-content\/uploads\/2025\/06\/fauto.avif",1,1,false],"cheerup-slider-grid":["https:\/\/www.familinparis.fr\/wp-content\/uploads\/2025\/06\/fauto.avif",1,1,false],"cheerup-slider-grid-sm":["https:\/\/www.familinparis.fr\/wp-content\/uploads\/2025\/06\/fauto.avif",1,1,false],"cheerup-slider-carousel":["https:\/\/www.familinparis.fr\/wp-content\/uploads\/2025\/06\/fauto.avif",1,1,false],"cheerup-slider-grid-b":["https:\/\/www.familinparis.fr\/wp-content\/uploads\/2025\/06\/fauto.avif",1,1,false],"cheerup-slider-grid-b-sm":["https:\/\/www.familinparis.fr\/wp-content\/uploads\/2025\/06\/fauto.avif",1,1,false],"cheerup-slider-bold-sm":["https:\/\/www.familinparis.fr\/wp-content\/uploads\/2025\/06\/fauto.avif",1,1,false],"cheerup-grid":["https:\/\/www.familinparis.fr\/wp-content\/uploads\/2025\/06\/fauto.avif",1,1,false],"cheerup-carousel":["https:\/\/www.familinparis.fr\/wp-content\/uploads\/2025\/06\/fauto.avif",1,1,false],"cheerup-carousel-b":["https:\/\/www.familinparis.fr\/wp-content\/uploads\/2025\/06\/fauto.avif",1,1,false],"cheerup-list":["https:\/\/www.familinparis.fr\/wp-content\/uploads\/2025\/06\/fauto.avif",1,1,false],"cheerup-list-b":["https:\/\/www.familinparis.fr\/wp-content\/uploads\/2025\/06\/fauto.avif",1,1,false],"cheerup-thumb":["https:\/\/www.familinparis.fr\/wp-content\/uploads\/2025\/06\/fauto.avif",1,1,false],"cheerup-thumb-alt":["https:\/\/www.familinparis.fr\/wp-content\/uploads\/2025\/06\/fauto.avif",1,1,false]},"uagb_author_info":{"display_name":"Agn\u00e8s","author_link":"https:\/\/www.familinparis.fr\/en\/author\/agnes\/"},"uagb_comment_info":0,"uagb_excerpt":"From August 29 to September 8, 2024","_links":{"self":[{"href":"https:\/\/www.familinparis.fr\/en\/wp-json\/wp\/v2\/posts\/134125","targetHints":{"allow":["GET"]}}],"collection":[{"href":"https:\/\/www.familinparis.fr\/en\/wp-json\/wp\/v2\/posts"}],"about":[{"href":"https:\/\/www.familinparis.fr\/en\/wp-json\/wp\/v2\/types\/post"}],"author":[{"embeddable":true,"href":"https:\/\/www.familinparis.fr\/en\/wp-json\/wp\/v2\/users\/6"}],"replies":[{"embeddable":true,"href":"https:\/\/www.familinparis.fr\/en\/wp-json\/wp\/v2\/comments?post=134125"}],"version-history":[{"count":0,"href":"https:\/\/www.familinparis.fr\/en\/wp-json\/wp\/v2\/posts\/134125\/revisions"}],"wp:featuredmedia":[{"embeddable":true,"href":"https:\/\/www.familinparis.fr\/en\/wp-json\/wp\/v2\/media\/146439"}],"wp:attachment":[{"href":"https:\/\/www.familinparis.fr\/en\/wp-json\/wp\/v2\/media?parent=134125"}],"wp:term":[{"taxonomy":"category","embeddable":true,"href":"https:\/\/www.familinparis.fr\/en\/wp-json\/wp\/v2\/categories?post=134125"},{"taxonomy":"post_tag","embeddable":true,"href":"https:\/\/www.familinparis.fr\/en\/wp-json\/wp\/v2\/tags?post=134125"}],"curies":[{"name":"wp","href":"https:\/\/api.w.org\/{rel}","templated":true}]}}