{"id":134116,"date":"2025-09-17T16:24:00","date_gmt":"2025-09-17T14:24:00","guid":{"rendered":"https:\/\/www.familinparis.fr\/the-20kids-of-paris\/"},"modified":"2025-09-16T15:32:51","modified_gmt":"2025-09-16T13:32:51","slug":"the-20kids-of-paris","status":"publish","type":"post","link":"https:\/\/www.familinparis.fr\/en\/the-20kids-of-paris\/","title":{"rendered":"The 20kids of Paris"},"content":{"rendered":"<div class=\"lazyblock-baseline-Z2nSU8r wp-block-lazyblock-baseline\"><div class=\"baseline\">La course pour les 6 \u00e0 13 ans<br \/>Le 11 octobre 2025 <br \/>Au Champ de Mars (Paris 15e)<\/div><\/div>\n<div style=\"height:29px\" aria-hidden=\"true\" class=\"wp-block-spacer\"><\/div>\n\n<div class=\"wp-block-buttons is-content-justification-center is-layout-flex wp-container-core-buttons-is-layout-16018d1d wp-block-buttons-is-layout-flex\">\n<div class=\"wp-block-button\"><a class=\"wp-block-button__link has-white-color has-luminous-vivid-orange-background-color has-text-color has-background has-link-color wp-element-button\" href=\"https:\/\/www.njuko.net\/20kmparis25\/register\/123226\" target=\"_blank\" rel=\"noreferrer noopener nofollow\">J&#8217;inscris mon kid !<\/a><\/div>\n<\/div>\n\n<div style=\"height:11px\" aria-hidden=\"true\" class=\"wp-block-spacer\"><\/div>\n<div class=\"wp-block-image\">\n<figure class=\"aligncenter size-full\"><img decoding=\"async\" width=\"900\" height=\"556\" src=\"https:\/\/www.familinparis.fr\/wp-content\/uploads\/actualites\/octobre\/Vredenstein-affiche-2025.jpg\" alt=\"course &#xE0; pied &#xE0; Paris pour les kids Vrendenstein\" class=\"wp-image-146656\" srcset=\"https:\/\/www.familinparis.fr\/wp-content\/uploads\/actualites\/octobre\/Vredenstein-affiche-2025.jpg 900w, https:\/\/www.familinparis.fr\/wp-content\/uploads\/actualites\/octobre\/Vredenstein-affiche-2025-300x185.jpg 300w, https:\/\/www.familinparis.fr\/wp-content\/uploads\/actualites\/octobre\/Vredenstein-affiche-2025-768x474.jpg 768w, https:\/\/www.familinparis.fr\/wp-content\/uploads\/actualites\/octobre\/Vredenstein-affiche-2025-730x451.jpg 730w\" sizes=\"(max-width: 900px) 100vw, 900px\" \/><\/figure>\n<\/div>\n<div style=\"height:40px\" aria-hidden=\"true\" class=\"wp-block-spacer\"><\/div>\n<div class=\"lazyblock-section-1Lo2R5 wp-block-lazyblock-section\">\n  <div class=\"uagb-section__overlay\"><\/div>\n\t<div class=\"lazyblock-inner-blocks\">\n\n<h3 class=\"wp-block-heading has-text-align-center\">INFORMATIONS G\u00c9N\u00c9RALES<\/h3>\n\n\n\n<ul class=\"wp-block-list has-white-background-color has-background\">\n<li><strong>We like<\/strong> : the race for <strong>children looking for a challenge<\/strong>, on the occasion of the 20 kms of Paris<\/li>\n\n\n\n<li><strong>\u00c2ge<\/strong> :\u00a0de 6 \u00e0 13 ans <\/li>\n\n\n\n<li><strong>Quand<\/strong> :\u00a0\u00a0le 11 octobre, apr\u00e8s-midi<\/li>\n\n\n\n<li><strong>Location<\/strong> : at the Champs de Mars (Paris 15th)<\/li>\n\n\n\n<li><strong>Price<\/strong> : \u20ac15 to participate in the race (including \u20ac3 donated to the &#8220;Petits Princes&#8221; association)<\/li>\n\n\n\n<li class=\"has-luminous-vivid-orange-color has-text-color has-link-color wp-elements-589f108ccf1e573c26826973b228035a\"><strong>Savoir<\/strong> : \n<ul class=\"wp-block-list\">\n<li><strong>une autorisation parentale<\/strong> est n\u00e9cessaire pour permettre aux enfants de courir &#8211; (mod\u00e8le en ligne sur le site internet des 20kids)<\/li>\n\n\n\n<li>A<strong>ucun certificat m\u00e9dical n&#8217;est demand\u00e9 <\/strong><\/li>\n<\/ul>\n<\/li>\n<\/ul>\n\n<\/div>\n<\/div>\n<div style=\"height:40px\" aria-hidden=\"true\" class=\"wp-block-spacer\"><\/div>\n<div class=\"lazyblock-bodered-box-ZUm14A wp-block-lazyblock-bodered-box\"><div class=\"bordered-box ts-row cf\">\n    <h2 class=\"box-title\">Les 20kids 2025 \u2014 le challenge sportif et solidaire pour les enfants de 6 \u00e0 13 ans<\/h2>\n    <div>\n        \n\n<ul class=\"wp-block-list\">\n<li>8\u00e8me \u00e9dition des 20Kids de Paris<\/li>\n\n\n\n<li>2 courses according to age.<\/li>\n\n\n\n<li><strong>La course pour les 6-9 ans :  1.000m<\/strong> ; d\u00e9part \u00e0 14h<\/li>\n\n\n\n<li><strong>La course pour les 10-13 ans :  2.024m<\/strong> ; d\u00e9part \u00e0 14h45<\/li>\n\n\n\n<li><strong>ravitaillement<\/strong> : compote, biscuit <\/li>\n<\/ul>\n\n\n\n<h2 class=\"wp-block-heading\">La course des 20kids <\/h2>\n\n\n\n<ul class=\"wp-block-list\">\n<li>The two courses are located at the village of the 20km de Paris race (Stade Emile Anthoine, 2 avenue de Suffren 75015 Paris)<\/li>\n\n\n\n<li>Le tarif\u00a0 pour participer aux 20kids 2025 est de 15\u20ac dont 3\u20ac revers\u00e9s \u00e0 l\u2019association &#8220;Petits Princes&#8221; qui a pour but de r\u00e9aliser les r\u00eaves d\u2019enfants malades. Depuis 1987, ce sont 9000 r\u00eaves qui ont \u00e9t\u00e9 exauc\u00e9s<\/li>\n\n\n\n<li>Each year, thanks to the Vredestein 20km de Paris, \u20ac3000 is donated to a solidarity association working for children. The association Club des 20km de Paris wishes to make children aware of these values of solidarity and hope through these events <\/li>\n\n\n\n<li>And as for the adults, the children will be rewarded with a medal at the finish.<\/li>\n\n\n\n<li>Le retrait des dossards aura lieu le vendredi 10 octobre \u00e0 partir de 12h ou bien le samedi 11 octobre \u00e0 12h au Village des kids<\/li>\n\n\n\n<li>A la fin de la course, une m\u00e9daille, un t-shirt et un dipl\u00f4me de finisher num\u00e9rique  pour un souvenir inoubliable <\/li>\n<\/ul>\n\n\n    <\/div>\n    <p><\/p>\n<\/div><\/div>\n<div style=\"height:50px\" aria-hidden=\"true\" class=\"wp-block-spacer\"><\/div>\n<div class=\"lazyblock-grids-1Kmxry wp-block-lazyblock-grids\"><div class=\"row new-grids grids-style-2\">\n        <div class=\"col-12 grid-title\">\n        <h2 class=\"c-blue\">What to do in Paris in October?<\/h2>\n\n            <\/div>\n        \n    <div class=\"col-12 grids columns-4\">\n        \n\n<div class=\"grid\">\n\t<a href=\"https:\/\/www.familinparis.fr\/en\/les-grandes-eaux-musicales\/\" target=\"_self\">\n\t    <div class=\"image\" style=\"background-image:url('https:\/\/www.familinparis.fr\/wp-content\/uploads\/Chateaux\/Versailles\/Versailles-fontaines-PLD-564x282.jpg')\">\n\t    \t\t    \t<div class=\"dateOnImg\">Until November 1, 2026<\/div>\n\t    \t\t\t\t\t    <\/div>\n\t    <div class=\"texte\">\n\t        <h5>Palace of Versailles Park (78)<\/h5>\n\t        <h3>The Musical Fountains Show<\/h3>\n\t        <div class=\"tags\">\n\t        \t\t        \t\t<span>Park<\/span>\n\t        \t\t        \t<span>Min 2 hours<\/span>\n\t        <\/div>\n\t        <div class=\"bas\">\n        \t\t<div class=\"prix\">\n        \t\t\t        \t\t<\/div>\n            \t<div class=\"review-stars\" data-productId=\"\">\n            \t<\/div>\n\t        <\/div>\n\t    <\/div>\n\t<\/a>\n<\/div>\n\n<div class=\"grid\">\n\t<a href=\"https:\/\/www.familinparis.fr\/en\/science-experiences-at-bercy-village\/\" target=\"_self\">\n\t    <div class=\"image\" style=\"background-image:url('https:\/\/www.familinparis.fr\/wp-content\/uploads\/photos-partenaires\/Science-experiences\/Volcan-1-564x282.jpg')\">\n\t    \t\t    \t<div class=\"dateOnImg\">7 days a week<\/div>\n\t    \t\t\t\t\t    <\/div>\n\t    <div class=\"texte\">\n\t        <h5>Bercy (Paris 12th)<\/h5>\n\t        <h3>Science Experiences at Bercy Village<\/h3>\n\t        <div class=\"tags\">\n\t        \t\t        \t\t<span>From 5 years old<\/span>\n\t        \t\t        \t<span>Promo : 5%<\/span>\n\t        <\/div>\n\t        <div class=\"bas\">\n        \t\t<div class=\"prix\">\n        \t\t\t        \t\t<\/div>\n            \t<div class=\"review-stars\" data-productId=\"\">\n            \t<\/div>\n\t        <\/div>\n\t    <\/div>\n\t<\/a>\n<\/div>\n\n<div class=\"grid\">\n\t<a href=\"https:\/\/www.familinparis.fr\/en\/we-call-it-ballet-sleeping-beauty-paris\/\" target=\"_self\">\n\t    <div class=\"image\" style=\"background-image:url('https:\/\/www.familinparis.fr\/wp-content\/uploads\/2026\/01\/ballet-of-light-la-belle-au-bois-dormant-564x282.jpg')\">\n\t    \t\t    \t<div class=\"dateOnImg\">19 et 20 f\u00e9v., 1er et 7 mars<\/div>\n\t    \t\t\t\t\t\t\t\t<div class=\"rond-blanc-age\"><span>from <span class=\"age-number\">5<\/span> yo<\/span><\/div>\n\t\t\t\t    <\/div>\n\t    <div class=\"texte\">\n\t        <h5>MPAA\/Saint-Germain-des-Pr\u00e9s<\/h5>\n\t        <h3>We call it Ballet: Sleeping Beauty<\/h3>\n\t        <div class=\"tags\">\n\t        \t\t        \t\t<span>DANSE<\/span>\n\t        \t\t        \t<span>60mn<\/span>\n\t        <\/div>\n\t        <div class=\"bas\">\n        \t\t<div class=\"prix\">\n        \t\t\t        \t\t<\/div>\n            \t<div class=\"review-stars\" data-productId=\"\">\n            \t<\/div>\n\t        <\/div>\n\t    <\/div>\n\t<\/a>\n<\/div>\n\n<div class=\"grid\">\n\t<a href=\"https:\/\/www.familinparis.fr\/en\/educational-farm-in-paris-noahs-world-for-children\/\" target=\"_self\">\n\t    <div class=\"image\" style=\"background-image:url('https:\/\/www.familinparis.fr\/wp-content\/uploads\/Animaux\/Monde-de-Noe\/Monde-de-noe--564x282.jpg')\">\n\t    \t\t    \t<div class=\"dateOnImg\">7j\/7<\/div>\n\t    \t\t\t\t\t\t\t\t<div class=\"rond-blanc-age\"><span>from <span class=\"age-number\">1<\/span> yo<\/span><\/div>\n\t\t\t\t    <\/div>\n\t    <div class=\"texte\">\n\t        <h5>Dans le 14\u00e8me et le 16\u00e8me <\/h5>\n\t        <h3>Finding Noah, the immersive experience on the animal world<\/h3>\n\t        <div class=\"tags\">\n\t        \t\t        \t\t<span>Ferme p\u00e9dadogique<\/span>\n\t        \t\t        \t<span>1h environ<\/span>\n\t        <\/div>\n\t        <div class=\"bas\">\n        \t\t<div class=\"prix\">\n        \t\t\t        \t\t<\/div>\n            \t<div class=\"review-stars\" data-productId=\"\">\n            \t<\/div>\n\t        <\/div>\n\t    <\/div>\n\t<\/a>\n<\/div>    <\/div>\n\n            <div class=\"col-12 t-center m-b-20\">\n            <div class=\"labels__fam\">\n                                    <a href=\"\/quoi-faire-en-octobre\/\" class=\"labels__fam-color-secondary labels__fam-radius-rounded\">\n                        Paris in October                    <\/a>\n                            <\/div>\n        <\/div>\n    \n    \n\n<\/div>\n<\/div><div class=\"lazyblock-grids-20prIO wp-block-lazyblock-grids\"><div class=\"row new-grids grids-style-2\">\n        <div class=\"col-12 grid-title\">\n        <h2 class=\"c-blue\">Pour les sportifs \u00e0 Paris<\/h2>\n\n            <\/div>\n        \n    <div class=\"col-12 grids columns-4\">\n        \n\n<div class=\"grid\">\n\t<a href=\"https:\/\/www.familinparis.fr\/en\/guided-electric-scooter-ride\/\" target=\"_self\">\n\t    <div class=\"image\" style=\"background-image:url('https:\/\/www.familinparis.fr\/wp-content\/uploads\/2025\/05\/trottinette-electrqiue-tour-dans-paris-564x282.jpg')\">\n\t    \t\t    \t<div class=\"dateOnImg\">EVERY DAY<\/div>\n\t    \t\t\t\t\t    <\/div>\n\t    <div class=\"texte\">\n\t        <h5>Paris, 8th<\/h5>\n\t        <h3>Electric scooter: a fun and touristic ride<\/h3>\n\t        <div class=\"tags\">\n\t        \t\t        \t\t<span>Guided tour<\/span>\n\t        \t\t        \t<span>2 hours<\/span>\n\t        <\/div>\n\t        <div class=\"bas\">\n        \t\t<div class=\"prix\">\n        \t\t\t\t        \t\t\t<span>From<\/span>\n\t        \t\t\t<span class=\"chiffre-barre\">45\u20ac<\/span>\n\t        \t\t\t<span class=\"chiffre\">42\u20ac<\/span>\t        \t\t        \t\t<\/div>\n            \t<div class=\"review-stars\" data-productId=\"16\">\n            \t<\/div>\n\t        <\/div>\n\t    <\/div>\n\t<\/a>\n<\/div>\n\n<div class=\"grid\">\n\t<a href=\"https:\/\/www.familinparis.fr\/en\/balade-dans-paris-en-hoverkart\/\" target=\"_self\">\n\t    <div class=\"image\" style=\"background-image:url('https:\/\/www.familinparis.fr\/wp-content\/uploads\/photos-partenaires\/insolites-collection-quai-de-seine-hoverkart-564x282.jpg')\">\n\t    \t\t\t\t\t    <\/div>\n\t    <div class=\"texte\">\n\t        <h5>Pont Alexandre III Paris 7th<\/h5>\n\t        <h3>Hoverkart: an original ride in Paris<\/h3>\n\t        <div class=\"tags\">\n\t        \t\t        \t\t<span>From 8 years old<\/span>\n\t        \t\t        \t<span>1h30<\/span>\n\t        <\/div>\n\t        <div class=\"bas\">\n        \t\t<div class=\"prix\">\n        \t\t\t\t        \t\t\t<span>From<\/span>\n\t        \t\t\t<span class=\"\">42\u20ac<\/span>\n\t        \t\t\t\t        \t\t        \t\t<\/div>\n            \t<div class=\"review-stars\" data-productId=\"386\">\n            \t<\/div>\n\t        <\/div>\n\t    <\/div>\n\t<\/a>\n<\/div>\n\n<div class=\"grid\">\n\t<a href=\"https:\/\/www.familinparis.fr\/en\/guided-hoverboard-tour-of-paris\/\" target=\"_self\">\n\t    <div class=\"image\" style=\"background-image:url('https:\/\/www.familinparis.fr\/wp-content\/uploads\/photos-partenaires\/balade-paris-en-hoverboard-564x282.jpg')\">\n\t    \t\t    \t<div class=\"dateOnImg\">7 days a week<\/div>\n\t    \t\t\t\t\t    <\/div>\n\t    <div class=\"texte\">\n\t        <h5>Pont Alexandre III &#8211; Paris 7th<\/h5>\n\t        <h3>Hoverboard: fun and original ride on the banks of the Seine<\/h3>\n\t        <div class=\"tags\">\n\t        \t\t        \t\t<span>Guided walk<\/span>\n\t        \t\t        \t<span>1h30<\/span>\n\t        <\/div>\n\t        <div class=\"bas\">\n        \t\t<div class=\"prix\">\n        \t\t\t\t        \t\t\t<span>From<\/span>\n\t        \t\t\t<span class=\"\"> 40\u20ac<\/span>\n\t        \t\t\t\t        \t\t        \t\t<\/div>\n            \t<div class=\"review-stars\" data-productId=\"9\">\n            \t<\/div>\n\t        <\/div>\n\t    <\/div>\n\t<\/a>\n<\/div>\n\n<div class=\"grid\">\n\t<a href=\"https:\/\/www.familinparis.fr\/en\/rental-of-electric-scooter-paris\/\" target=\"_self\">\n\t    <div class=\"image\" style=\"background-image:url('https:\/\/www.familinparis.fr\/wp-content\/uploads\/photos-partenaires\/insolite-collection-trottinettes-et-casques-564x282.jpg')\">\n\t    \t\t    \t<div class=\"dateOnImg\">7 days a week<\/div>\n\t    \t\t\t\t\t    <\/div>\n\t    <div class=\"texte\">\n\t        <h5>Paris 8th<\/h5>\n\t        <h3>Electric scooter rental<\/h3>\n\t        <div class=\"tags\">\n\t        \t\t        \t\t<span>JAUNT<\/span>\n\t        \t\t        \t<span>4h<\/span>\n\t        <\/div>\n\t        <div class=\"bas\">\n        \t\t<div class=\"prix\">\n        \t\t\t\t        \t\t\t<span>From<\/span>\n\t        \t\t\t<span class=\"\">24\u20ac<\/span>\n\t        \t\t\t\t        \t\t        \t\t<\/div>\n            \t<div class=\"review-stars\" data-productId=\"\">\n            \t<\/div>\n\t        <\/div>\n\t    <\/div>\n\t<\/a>\n<\/div>    <\/div>\n\n    \n    \n\n<\/div>\n<\/div>\n<div style=\"height:55px\" aria-hidden=\"true\" class=\"wp-block-spacer\"><\/div>\n\n<div class=\"wp-block-buttons is-horizontal is-content-justification-center is-layout-flex wp-container-core-buttons-is-layout-499968f5 wp-block-buttons-is-layout-flex\">\n<div class=\"wp-block-button\"><a class=\"wp-block-button__link has-white-color has-text-color has-background wp-element-button\" href=\"https:\/\/www.familinparis.fr\/en\/what-to-do-in-paris-this-weekend\/\" style=\"border-radius:1px;background-color:#00809b\">Ideas for this weekend<\/a><\/div>\n\n\n\n<div class=\"wp-block-button\"><a class=\"wp-block-button__link has-white-color has-text-color has-background wp-element-button\" href=\"https:\/\/www.familinparis.fr\/en\/all-saints-day-holidays-2024-in-paris\/\" style=\"border-radius:1px;background-color:#00809b\">All Saints&#8217; Day in Paris<\/a><\/div>\n\n\n\n<div class=\"wp-block-button\"><a class=\"wp-block-button__link has-white-color has-text-color has-background wp-element-button\" href=\"https:\/\/www.familinparis.fr\/en\/what-to-do-for-halloween-in-paris\/\" style=\"border-radius:1px;background-color:#00809b\">Halloween in Paris<\/a><\/div>\n<\/div>\n\n<div style=\"height:55px\" aria-hidden=\"true\" class=\"wp-block-spacer\"><\/div>\n","protected":false},"excerpt":{"rendered":"<p>October 12, 2024<\/p>\n","protected":false},"author":5,"featured_media":146654,"comment_status":"closed","ping_status":"closed","sticky":false,"template":"","format":"standard","meta":{"_uag_custom_page_level_css":"","footnotes":""},"categories":[1252],"tags":[1381],"class_list":{"0":"post-134116","1":"post","2":"type-post","3":"status-publish","4":"format-standard","5":"has-post-thumbnail","7":"category-archives-en","8":"tag-october-archive"},"yoast_head":"<!-- This site is optimized with the Yoast SEO plugin v27.2 - https:\/\/yoast.com\/product\/yoast-seo-wordpress\/ -->\n<title>The 20kids 2024 in Paris | At the Champs de Mars, October 14, 2024<\/title>\n<meta name=\"description\" content=\"The sporting challenge for 6 to 13 year olds. The 20kids 2024 are 2 races of more than 1 km for children. &gt;&gt; Find out all the info\" \/>\n<meta name=\"robots\" content=\"index, follow, max-snippet:-1, max-image-preview:large, max-video-preview:-1\" \/>\n<link rel=\"canonical\" href=\"https:\/\/www.familinparis.fr\/en\/the-20kids-of-paris\/\" \/>\n<meta property=\"og:locale\" content=\"en_US\" \/>\n<meta property=\"og:type\" content=\"article\" \/>\n<meta property=\"og:title\" content=\"The 20kids 2024 in Paris | At the Champs de Mars, October 14, 2024\" \/>\n<meta property=\"og:description\" content=\"The sporting challenge for 6 to 13 year olds. The 20kids 2024 are 2 races of more than 1 km for children. &gt;&gt; Find out all the info\" \/>\n<meta property=\"og:url\" content=\"https:\/\/www.familinparis.fr\/en\/the-20kids-of-paris\/\" \/>\n<meta property=\"og:site_name\" content=\"Familin&#039;Paris\" \/>\n<meta property=\"article:published_time\" content=\"2025-09-17T14:24:00+00:00\" \/>\n<meta property=\"og:image\" content=\"https:\/\/www.familinparis.fr\/wp-content\/uploads\/actualites\/octobre\/20-kms-paris-vredenstein-affiche.jpg\" \/>\n\t<meta property=\"og:image:width\" content=\"600\" \/>\n\t<meta property=\"og:image:height\" content=\"849\" \/>\n\t<meta property=\"og:image:type\" content=\"image\/jpeg\" \/>\n<meta name=\"author\" content=\"olivia\" \/>\n<meta name=\"twitter:card\" content=\"summary_large_image\" \/>\n<meta name=\"twitter:label1\" content=\"Written by\" \/>\n\t<meta name=\"twitter:data1\" content=\"olivia\" \/>\n\t<meta name=\"twitter:label2\" content=\"Est. reading time\" \/>\n\t<meta name=\"twitter:data2\" content=\"1 minute\" \/>\n<script type=\"application\/ld+json\" class=\"yoast-schema-graph\">{\"@context\":\"https:\/\/schema.org\",\"@graph\":[{\"@type\":\"Article\",\"@id\":\"https:\/\/www.familinparis.fr\/en\/the-20kids-of-paris\/#article\",\"isPartOf\":{\"@id\":\"https:\/\/www.familinparis.fr\/en\/the-20kids-of-paris\/\"},\"author\":{\"name\":\"olivia\",\"@id\":\"https:\/\/www.familinparis.fr\/en\/#\/schema\/person\/a87467bb417cd0c77d0a7bb5d1d78ac5\"},\"headline\":\"The 20kids of Paris\",\"datePublished\":\"2025-09-17T14:24:00+00:00\",\"mainEntityOfPage\":{\"@id\":\"https:\/\/www.familinparis.fr\/en\/the-20kids-of-paris\/\"},\"wordCount\":299,\"image\":{\"@id\":\"https:\/\/www.familinparis.fr\/en\/the-20kids-of-paris\/#primaryimage\"},\"thumbnailUrl\":\"https:\/\/www.familinparis.fr\/wp-content\/uploads\/actualites\/octobre\/20-kms-paris-vredenstein-affiche.jpg\",\"keywords\":[\"October Archive\"],\"articleSection\":[\"Archives\"],\"inLanguage\":\"en-US\"},{\"@type\":\"WebPage\",\"@id\":\"https:\/\/www.familinparis.fr\/en\/the-20kids-of-paris\/\",\"url\":\"https:\/\/www.familinparis.fr\/en\/the-20kids-of-paris\/\",\"name\":\"The 20kids 2024 in Paris | At the Champs de Mars, October 14, 2024\",\"isPartOf\":{\"@id\":\"https:\/\/www.familinparis.fr\/en\/#website\"},\"primaryImageOfPage\":{\"@id\":\"https:\/\/www.familinparis.fr\/en\/the-20kids-of-paris\/#primaryimage\"},\"image\":{\"@id\":\"https:\/\/www.familinparis.fr\/en\/the-20kids-of-paris\/#primaryimage\"},\"thumbnailUrl\":\"https:\/\/www.familinparis.fr\/wp-content\/uploads\/actualites\/octobre\/20-kms-paris-vredenstein-affiche.jpg\",\"datePublished\":\"2025-09-17T14:24:00+00:00\",\"author\":{\"@id\":\"https:\/\/www.familinparis.fr\/en\/#\/schema\/person\/a87467bb417cd0c77d0a7bb5d1d78ac5\"},\"description\":\"The sporting challenge for 6 to 13 year olds. The 20kids 2024 are 2 races of more than 1 km for children. >> Find out all the info\",\"breadcrumb\":{\"@id\":\"https:\/\/www.familinparis.fr\/en\/the-20kids-of-paris\/#breadcrumb\"},\"inLanguage\":\"en-US\",\"potentialAction\":[{\"@type\":\"ReadAction\",\"target\":[\"https:\/\/www.familinparis.fr\/en\/the-20kids-of-paris\/\"]}]},{\"@type\":\"ImageObject\",\"inLanguage\":\"en-US\",\"@id\":\"https:\/\/www.familinparis.fr\/en\/the-20kids-of-paris\/#primaryimage\",\"url\":\"https:\/\/www.familinparis.fr\/wp-content\/uploads\/actualites\/octobre\/20-kms-paris-vredenstein-affiche.jpg\",\"contentUrl\":\"https:\/\/www.familinparis.fr\/wp-content\/uploads\/actualites\/octobre\/20-kms-paris-vredenstein-affiche.jpg\",\"width\":600,\"height\":849,\"caption\":\"Course \u00e0 Paris pour les Kids Vredenstein\"},{\"@type\":\"BreadcrumbList\",\"@id\":\"https:\/\/www.familinparis.fr\/en\/the-20kids-of-paris\/#breadcrumb\",\"itemListElement\":[{\"@type\":\"ListItem\",\"position\":1,\"name\":\"Home\",\"item\":\"https:\/\/www.familinparis.fr\/en\/\"},{\"@type\":\"ListItem\",\"position\":2,\"name\":\"Archives\",\"item\":\"https:\/\/www.familinparis.fr\/en\/categorie\/archives-en\/\"},{\"@type\":\"ListItem\",\"position\":3,\"name\":\"The 20kids of Paris\"}]},{\"@type\":\"WebSite\",\"@id\":\"https:\/\/www.familinparis.fr\/en\/#website\",\"url\":\"https:\/\/www.familinparis.fr\/en\/\",\"name\":\"Familin&#039;Paris\",\"description\":\"Visiter le meilleur de Paris avec des enfants : sorties, spectacles, adresses de restaurants, shopping, bons plans...\",\"potentialAction\":[{\"@type\":\"SearchAction\",\"target\":{\"@type\":\"EntryPoint\",\"urlTemplate\":\"https:\/\/www.familinparis.fr\/en\/?s={search_term_string}\"},\"query-input\":{\"@type\":\"PropertyValueSpecification\",\"valueRequired\":true,\"valueName\":\"search_term_string\"}}],\"inLanguage\":\"en-US\"},{\"@type\":\"Person\",\"@id\":\"https:\/\/www.familinparis.fr\/en\/#\/schema\/person\/a87467bb417cd0c77d0a7bb5d1d78ac5\",\"name\":\"olivia\",\"image\":{\"@type\":\"ImageObject\",\"inLanguage\":\"en-US\",\"@id\":\"https:\/\/secure.gravatar.com\/avatar\/cbca07f1dfea20f457a666a1b84ed5cf1364773d1378c6f10fd36c354eef1ef8?s=96&d=identicon&r=g\",\"url\":\"https:\/\/secure.gravatar.com\/avatar\/cbca07f1dfea20f457a666a1b84ed5cf1364773d1378c6f10fd36c354eef1ef8?s=96&d=identicon&r=g\",\"contentUrl\":\"https:\/\/secure.gravatar.com\/avatar\/cbca07f1dfea20f457a666a1b84ed5cf1364773d1378c6f10fd36c354eef1ef8?s=96&d=identicon&r=g\",\"caption\":\"olivia\"}}]}<\/script>\n<!-- \/ Yoast SEO plugin. -->","yoast_head_json":{"title":"The 20kids 2024 in Paris | At the Champs de Mars, October 14, 2024","description":"The sporting challenge for 6 to 13 year olds. The 20kids 2024 are 2 races of more than 1 km for children. >> Find out all the info","robots":{"index":"index","follow":"follow","max-snippet":"max-snippet:-1","max-image-preview":"max-image-preview:large","max-video-preview":"max-video-preview:-1"},"canonical":"https:\/\/www.familinparis.fr\/en\/the-20kids-of-paris\/","og_locale":"en_US","og_type":"article","og_title":"The 20kids 2024 in Paris | At the Champs de Mars, October 14, 2024","og_description":"The sporting challenge for 6 to 13 year olds. The 20kids 2024 are 2 races of more than 1 km for children. >> Find out all the info","og_url":"https:\/\/www.familinparis.fr\/en\/the-20kids-of-paris\/","og_site_name":"Familin&#039;Paris","article_published_time":"2025-09-17T14:24:00+00:00","og_image":[{"width":600,"height":849,"url":"https:\/\/www.familinparis.fr\/wp-content\/uploads\/actualites\/octobre\/20-kms-paris-vredenstein-affiche.jpg","type":"image\/jpeg"}],"author":"olivia","twitter_card":"summary_large_image","twitter_misc":{"Written by":"olivia","Est. reading time":"1 minute"},"schema":{"@context":"https:\/\/schema.org","@graph":[{"@type":"Article","@id":"https:\/\/www.familinparis.fr\/en\/the-20kids-of-paris\/#article","isPartOf":{"@id":"https:\/\/www.familinparis.fr\/en\/the-20kids-of-paris\/"},"author":{"name":"olivia","@id":"https:\/\/www.familinparis.fr\/en\/#\/schema\/person\/a87467bb417cd0c77d0a7bb5d1d78ac5"},"headline":"The 20kids of Paris","datePublished":"2025-09-17T14:24:00+00:00","mainEntityOfPage":{"@id":"https:\/\/www.familinparis.fr\/en\/the-20kids-of-paris\/"},"wordCount":299,"image":{"@id":"https:\/\/www.familinparis.fr\/en\/the-20kids-of-paris\/#primaryimage"},"thumbnailUrl":"https:\/\/www.familinparis.fr\/wp-content\/uploads\/actualites\/octobre\/20-kms-paris-vredenstein-affiche.jpg","keywords":["October Archive"],"articleSection":["Archives"],"inLanguage":"en-US"},{"@type":"WebPage","@id":"https:\/\/www.familinparis.fr\/en\/the-20kids-of-paris\/","url":"https:\/\/www.familinparis.fr\/en\/the-20kids-of-paris\/","name":"The 20kids 2024 in Paris | At the Champs de Mars, October 14, 2024","isPartOf":{"@id":"https:\/\/www.familinparis.fr\/en\/#website"},"primaryImageOfPage":{"@id":"https:\/\/www.familinparis.fr\/en\/the-20kids-of-paris\/#primaryimage"},"image":{"@id":"https:\/\/www.familinparis.fr\/en\/the-20kids-of-paris\/#primaryimage"},"thumbnailUrl":"https:\/\/www.familinparis.fr\/wp-content\/uploads\/actualites\/octobre\/20-kms-paris-vredenstein-affiche.jpg","datePublished":"2025-09-17T14:24:00+00:00","author":{"@id":"https:\/\/www.familinparis.fr\/en\/#\/schema\/person\/a87467bb417cd0c77d0a7bb5d1d78ac5"},"description":"The sporting challenge for 6 to 13 year olds. The 20kids 2024 are 2 races of more than 1 km for children. >> Find out all the info","breadcrumb":{"@id":"https:\/\/www.familinparis.fr\/en\/the-20kids-of-paris\/#breadcrumb"},"inLanguage":"en-US","potentialAction":[{"@type":"ReadAction","target":["https:\/\/www.familinparis.fr\/en\/the-20kids-of-paris\/"]}]},{"@type":"ImageObject","inLanguage":"en-US","@id":"https:\/\/www.familinparis.fr\/en\/the-20kids-of-paris\/#primaryimage","url":"https:\/\/www.familinparis.fr\/wp-content\/uploads\/actualites\/octobre\/20-kms-paris-vredenstein-affiche.jpg","contentUrl":"https:\/\/www.familinparis.fr\/wp-content\/uploads\/actualites\/octobre\/20-kms-paris-vredenstein-affiche.jpg","width":600,"height":849,"caption":"Course \u00e0 Paris pour les Kids Vredenstein"},{"@type":"BreadcrumbList","@id":"https:\/\/www.familinparis.fr\/en\/the-20kids-of-paris\/#breadcrumb","itemListElement":[{"@type":"ListItem","position":1,"name":"Home","item":"https:\/\/www.familinparis.fr\/en\/"},{"@type":"ListItem","position":2,"name":"Archives","item":"https:\/\/www.familinparis.fr\/en\/categorie\/archives-en\/"},{"@type":"ListItem","position":3,"name":"The 20kids of Paris"}]},{"@type":"WebSite","@id":"https:\/\/www.familinparis.fr\/en\/#website","url":"https:\/\/www.familinparis.fr\/en\/","name":"Familin&#039;Paris","description":"Visiter le meilleur de Paris avec des enfants : sorties, spectacles, adresses de restaurants, shopping, bons plans...","potentialAction":[{"@type":"SearchAction","target":{"@type":"EntryPoint","urlTemplate":"https:\/\/www.familinparis.fr\/en\/?s={search_term_string}"},"query-input":{"@type":"PropertyValueSpecification","valueRequired":true,"valueName":"search_term_string"}}],"inLanguage":"en-US"},{"@type":"Person","@id":"https:\/\/www.familinparis.fr\/en\/#\/schema\/person\/a87467bb417cd0c77d0a7bb5d1d78ac5","name":"olivia","image":{"@type":"ImageObject","inLanguage":"en-US","@id":"https:\/\/secure.gravatar.com\/avatar\/cbca07f1dfea20f457a666a1b84ed5cf1364773d1378c6f10fd36c354eef1ef8?s=96&d=identicon&r=g","url":"https:\/\/secure.gravatar.com\/avatar\/cbca07f1dfea20f457a666a1b84ed5cf1364773d1378c6f10fd36c354eef1ef8?s=96&d=identicon&r=g","contentUrl":"https:\/\/secure.gravatar.com\/avatar\/cbca07f1dfea20f457a666a1b84ed5cf1364773d1378c6f10fd36c354eef1ef8?s=96&d=identicon&r=g","caption":"olivia"}}]}},"uagb_featured_image_src":{"full":["https:\/\/www.familinparis.fr\/wp-content\/uploads\/actualites\/octobre\/20-kms-paris-vredenstein-affiche.jpg",600,849,false],"thumbnail":["https:\/\/www.familinparis.fr\/wp-content\/uploads\/actualites\/octobre\/20-kms-paris-vredenstein-affiche-150x150.jpg",150,150,true],"medium":["https:\/\/www.familinparis.fr\/wp-content\/uploads\/actualites\/octobre\/20-kms-paris-vredenstein-affiche-212x300.jpg",212,300,true],"medium_large":["https:\/\/www.familinparis.fr\/wp-content\/uploads\/actualites\/octobre\/20-kms-paris-vredenstein-affiche.jpg",600,849,false],"large":["https:\/\/www.familinparis.fr\/wp-content\/uploads\/actualites\/octobre\/20-kms-paris-vredenstein-affiche.jpg",600,849,false],"1536x1536":["https:\/\/www.familinparis.fr\/wp-content\/uploads\/actualites\/octobre\/20-kms-paris-vredenstein-affiche.jpg",600,849,false],"2048x2048":["https:\/\/www.familinparis.fr\/wp-content\/uploads\/actualites\/octobre\/20-kms-paris-vredenstein-affiche.jpg",600,849,false],"home-thumb":["https:\/\/www.familinparis.fr\/wp-content\/uploads\/actualites\/octobre\/20-kms-paris-vredenstein-affiche-516x730.jpg",516,730,true],"home-slider":["https:\/\/www.familinparis.fr\/wp-content\/uploads\/actualites\/octobre\/20-kms-paris-vredenstein-affiche-600x600.jpg",600,600,true],"lightbox-slider-size":["https:\/\/www.familinparis.fr\/wp-content\/uploads\/actualites\/octobre\/20-kms-paris-vredenstein-affiche-564x282.jpg",564,282,true],"post-thumbnail":["https:\/\/www.familinparis.fr\/wp-content\/uploads\/actualites\/octobre\/20-kms-paris-vredenstein-affiche-270x180.jpg",270,180,true],"cheerup-main":["https:\/\/www.familinparis.fr\/wp-content\/uploads\/actualites\/octobre\/20-kms-paris-vredenstein-affiche-600x400.jpg",600,400,true],"cheerup-main-full":["https:\/\/www.familinparis.fr\/wp-content\/uploads\/actualites\/octobre\/20-kms-paris-vredenstein-affiche-600x508.jpg",600,508,true],"cheerup-slider-alt":["https:\/\/www.familinparis.fr\/wp-content\/uploads\/actualites\/octobre\/20-kms-paris-vredenstein-affiche-600x508.jpg",600,508,true],"cheerup-slider-trendy":["https:\/\/www.familinparis.fr\/wp-content\/uploads\/actualites\/octobre\/20-kms-paris-vredenstein-affiche-600x508.jpg",600,508,true],"cheerup-slider-stylish":["https:\/\/www.familinparis.fr\/wp-content\/uploads\/actualites\/octobre\/20-kms-paris-vredenstein-affiche-600x515.jpg",600,515,true],"cheerup-slider-grid":["https:\/\/www.familinparis.fr\/wp-content\/uploads\/actualites\/octobre\/20-kms-paris-vredenstein-affiche-600x600.jpg",600,600,true],"cheerup-slider-grid-sm":["https:\/\/www.familinparis.fr\/wp-content\/uploads\/actualites\/octobre\/20-kms-paris-vredenstein-affiche-300x300.jpg",300,300,true],"cheerup-slider-carousel":["https:\/\/www.familinparis.fr\/wp-content\/uploads\/actualites\/octobre\/20-kms-paris-vredenstein-affiche-370x370.jpg",370,370,true],"cheerup-slider-grid-b":["https:\/\/www.familinparis.fr\/wp-content\/uploads\/actualites\/octobre\/20-kms-paris-vredenstein-affiche-554x466.jpg",554,466,true],"cheerup-slider-grid-b-sm":["https:\/\/www.familinparis.fr\/wp-content\/uploads\/actualites\/octobre\/20-kms-paris-vredenstein-affiche-306x466.jpg",306,466,true],"cheerup-slider-bold-sm":["https:\/\/www.familinparis.fr\/wp-content\/uploads\/actualites\/octobre\/20-kms-paris-vredenstein-affiche-150x150.jpg",150,150,true],"cheerup-grid":["https:\/\/www.familinparis.fr\/wp-content\/uploads\/actualites\/octobre\/20-kms-paris-vredenstein-affiche-370x285.jpg",370,285,true],"cheerup-carousel":["https:\/\/www.familinparis.fr\/wp-content\/uploads\/actualites\/octobre\/20-kms-paris-vredenstein-affiche-270x180.jpg",270,180,true],"cheerup-carousel-b":["https:\/\/www.familinparis.fr\/wp-content\/uploads\/actualites\/octobre\/20-kms-paris-vredenstein-affiche-370x285.jpg",370,285,true],"cheerup-list":["https:\/\/www.familinparis.fr\/wp-content\/uploads\/actualites\/octobre\/20-kms-paris-vredenstein-affiche-260x200.jpg",260,200,true],"cheerup-list-b":["https:\/\/www.familinparis.fr\/wp-content\/uploads\/actualites\/octobre\/20-kms-paris-vredenstein-affiche-370x305.jpg",370,305,true],"cheerup-thumb":["https:\/\/www.familinparis.fr\/wp-content\/uploads\/actualites\/octobre\/20-kms-paris-vredenstein-affiche-87x67.jpg",87,67,true],"cheerup-thumb-alt":["https:\/\/www.familinparis.fr\/wp-content\/uploads\/actualites\/octobre\/20-kms-paris-vredenstein-affiche-150x150.jpg",150,150,true]},"uagb_author_info":{"display_name":"olivia","author_link":"https:\/\/www.familinparis.fr\/en\/author\/olivia\/"},"uagb_comment_info":0,"uagb_excerpt":"October 12, 2024","_links":{"self":[{"href":"https:\/\/www.familinparis.fr\/en\/wp-json\/wp\/v2\/posts\/134116","targetHints":{"allow":["GET"]}}],"collection":[{"href":"https:\/\/www.familinparis.fr\/en\/wp-json\/wp\/v2\/posts"}],"about":[{"href":"https:\/\/www.familinparis.fr\/en\/wp-json\/wp\/v2\/types\/post"}],"author":[{"embeddable":true,"href":"https:\/\/www.familinparis.fr\/en\/wp-json\/wp\/v2\/users\/5"}],"replies":[{"embeddable":true,"href":"https:\/\/www.familinparis.fr\/en\/wp-json\/wp\/v2\/comments?post=134116"}],"version-history":[{"count":0,"href":"https:\/\/www.familinparis.fr\/en\/wp-json\/wp\/v2\/posts\/134116\/revisions"}],"wp:featuredmedia":[{"embeddable":true,"href":"https:\/\/www.familinparis.fr\/en\/wp-json\/wp\/v2\/media\/146654"}],"wp:attachment":[{"href":"https:\/\/www.familinparis.fr\/en\/wp-json\/wp\/v2\/media?parent=134116"}],"wp:term":[{"taxonomy":"category","embeddable":true,"href":"https:\/\/www.familinparis.fr\/en\/wp-json\/wp\/v2\/categories?post=134116"},{"taxonomy":"post_tag","embeddable":true,"href":"https:\/\/www.familinparis.fr\/en\/wp-json\/wp\/v2\/tags?post=134116"}],"curies":[{"name":"wp","href":"https:\/\/api.w.org\/{rel}","templated":true}]}}